{"id":9810,"date":"2014-01-20T14:11:04","date_gmt":"2014-01-20T20:11:04","guid":{"rendered":"http:\/\/www.kalot.com.mx\/?p=9810"},"modified":"2014-01-20T14:11:04","modified_gmt":"2014-01-20T20:11:04","slug":"charla-con-mark-zuckerberg","status":"publish","type":"post","link":"https:\/\/kalot.com.mx\/site\/2014\/01\/20\/charla-con-mark-zuckerberg\/","title":{"rendered":"Charla con Mark Zuckerberg"},"content":{"rendered":"<p style=\"text-align: justify\">Mark Zuckerberg piensa que Facebook innov\u00f3 al crear un lugar donde la gente puede compartir lo que no fue compartido antes. En una charla de bajo perfil en Stanford junto con las discusiones sobre la NSA y las deficiencias de capital de riesgo.<\/p>\n<p style=\"text-align: justify\"><strong>La NSA y \u00a0VC<\/strong><br \/>\nMark habl\u00f3 largamente sobre tres nuevas metas de Facebook despu\u00e9s de llegar a 1 bill\u00f3n de usuarios: conectar el resto del mundo a Internet, entender el mundo a trav\u00e9s de una inteligencia artificial, y fomentar la econom\u00eda del conocimiento para que el mundo pueda prosperar. Zuckerberg se\u00f1al\u00f3 c\u00f3mo los capitalistas de riesgo de Silicon Valley no son necesariamente equipados para financiar soluciones a estos problemas:<\/p>\n<blockquote>\n<p style=\"text-align: justify\">&#8220;Sabes que hay aqu\u00ed un sistema de gran capital de riesgo para invertir en problemas que requieren tal como uno a 10 millones de d\u00f3lares para comenzar a resolver. Pero realmente hay un mont\u00f3n de lugares del mundo donde usted puede resolver problemas que requieren de, digamos, 1 bill\u00f3n de d\u00f3lares o 3 billones de d\u00f3lares de inversi\u00f3n por adelantado antes de que usted realmente puede hacer una enorme cantidad de progreso&#8221;<\/p>\n<p style=\"text-align: justify\">&#8220;Y creo que algunos de estos problemas realmente vale la pena resolver como Internet para todos en el mundo, tratando de construir este modelo unificado y una especie de AI temprano o tratando de resolver algunos de estos asuntos en torno a la econom\u00eda del conocimiento&#8230; y hay s\u00f3lo un pu\u00f1ado de empresas y un pu\u00f1ado de gobiernos en el mundo que est\u00e1n realmente en condiciones de hacer ese tipo de inversiones y quiero asegurarme de poner un mont\u00f3n de nuestros esfuerzos para hacer grandes cosas &#8220;.<\/p>\n<\/blockquote>\n<p style=\"text-align: justify\">Esto significa que habr\u00e1 que esperar a ver a Facebook contin\u00faando con programas como Internet.org y su nueva iniciativa de inteligencia artificial.<\/p>\n<p style=\"text-align: justify\">En cuanto al impacto de las relaciones de la NSA de la voluntad del usuario promedio de Facebook para compartir, Zuckerberg se\u00f1al\u00f3 que &#8220;yo no lo he visto en todo lo que se mide.&#8221; Sin embargo, dijo que Estados Unidos ha sido un defensor de la libertad de expresi\u00f3n como la pol\u00edtica de la derecha, pero que nuestra insistencia en la vigilancia podr\u00eda hacer que el mundo perdiera la fe en este ideal.<\/p>\n<p style=\"text-align: justify\"><strong>Snapchat como un nuevo lugar para compartir<\/strong><br \/>\nLa parte m\u00e1s fascinante de la charla fue donde Zuckerberg dijo que Facebook piensa sobre la privacidad muy diferente que lo que la mayor\u00eda espera, insinuando que el mundo cree que la compa\u00f1\u00eda est\u00e1 contra \u00e9l. Despu\u00e9s de todo, el \u00faltimo videojuego Grand Theft Auto, parodia a Facebook nombrando a su red social en el mundo &#8220;LifeInvader.&#8221; Zuckerberg explic\u00f3 que antes de Facebook, hubo mensajer\u00eda instant\u00e1nea para comunicarse con otra persona o un grupo peque\u00f1o y hab\u00eda blogs para compartir p\u00fablicamente, pero no hab\u00eda nada en el medio. Zuckerberg dijo:<\/p>\n<blockquote>\n<p style=\"text-align: justify\">\n&#8220;No hab\u00eda ninguna infraestructura de privacidad para comunicarse con su comunidad o simplemente un grupo de amigos a la vez, y debido a la falta de eso, b\u00e1sicamente si la gente quer\u00eda comunicar algo ten\u00edan que elegir comunicarse con una audiencia muy peque\u00f1a o comunicar p\u00fablicamente. Muchas veces no es c\u00f3modo comunicarla p\u00fablicamente y tal vez no son digno de comunicarla a un peque\u00f1o grupo o eso no es todo el potencial de lo que quieres comunicar as\u00ed que simplemente no lo haces. As\u00ed que creo que este tipo de innovaci\u00f3n fue fundamental, que llev\u00f3 a Facebook a crear este espacio. Que es una realidad, es un espacio privado que no exist\u00eda antes. Eso no era ninguna herramienta para poder comunicarse en ese espacio y por eso abriendo y permitiendo a la gente, llenar ese espacio que abri\u00f3 un enorme potencial en t\u00e9rminos de poder comunicar ideas y aprender sobre lo que est\u00e1 pasando a su alrededor&#8221;.<\/p>\n<\/blockquote>\n<p style=\"text-align: justify\">Y sin embargo, Zuckerberg parece ver un poco de la innovaci\u00f3n de Facebook en Snapchat. \u00c9l continu\u00f3 su discusi\u00f3n de c\u00f3mo Facebook ha creado un hogar para el contenido anteriormente no compartido, diciendo:<\/p>\n<blockquote>\n<p style=\"text-align: justify\">&#8220;Creo Snapchat es un fen\u00f3meno muy interesante por la privacidad, ya que crea un nuevo tipo de espacio para comunicar lo que hace, para que las cosas que la gente que antes no habr\u00edan sido capaces de compartir, ahora sientan como si tuviera lugar para hacerlo&#8221;<\/p>\n<p style=\"text-align: justify\">\n&#8220;Y creo que eso es muy importante y eso es un gran tipo de innovaci\u00f3n que vamos a seguir peleando y seguir tratando de hacer m\u00e1s \u00a0y creo que muchas otras empresas tambi\u00e9n lo har\u00e1n&#8221;<\/p>\n<\/blockquote>\n<p style=\"text-align: justify\">Fuente: <a title=\"techcrunch\" href=\"http:\/\/techcrunch.com\/2014\/01\/14\/snapchat-privacy-zuckerberg\/\" target=\"_blank\">TechCrunch<\/a><\/p>\n","protected":false},"excerpt":{"rendered":"Mark Zuckerberg piensa que Facebook innov\u00f3 al crear un lugar donde la gente puede compartir lo que no&hellip;\n","protected":false},"author":33,"featured_media":9812,"comment_status":"open","ping_status":"open","sticky":false,"template":"","format":"standard","meta":{"jetpack_post_was_ever_published":false,"_jetpack_newsletter_access":"","_jetpack_dont_email_post_to_subs":false,"_jetpack_newsletter_tier_id":0,"_jetpack_memberships_contains_paywalled_content":false,"_jetpack_memberships_contains_paid_content":false,"footnotes":"","jetpack_publicize_message":"","jetpack_publicize_feature_enabled":true,"jetpack_social_post_already_shared":true,"jetpack_social_options":{"image_generator_settings":{"template":"highway","default_image_id":0,"font":"","enabled":false},"version":2}},"categories":[],"tags":[],"class_list":{"0":"post-9810","1":"post","2":"type-post","3":"status-publish","4":"format-standard","5":"has-post-thumbnail","7":"cs-entry","8":"cs-video-wrap"},"yoast_head":"<!-- This site is optimized with the Yoast SEO plugin v27.5 - https:\/\/yoast.com\/product\/yoast-seo-wordpress\/ -->\n<title>Charla con Mark Zuckerberg  - Kalot<\/title>\n<meta name=\"description\" content=\"Mark Zuckerberg piensa que Facebook innov\u00f3 al crear un lugar donde la gente puede compartir lo que no fue compartido antes. En una charla de bajo perfil\" \/>\n<meta name=\"robots\" content=\"index, follow, max-snippet:-1, max-image-preview:large, max-video-preview:-1\" \/>\n<link rel=\"canonical\" href=\"https:\/\/kalot.com.mx\/site\/2014\/01\/20\/charla-con-mark-zuckerberg\/\" \/>\n<meta property=\"og:locale\" content=\"es_MX\" \/>\n<meta property=\"og:type\" content=\"article\" \/>\n<meta property=\"og:title\" content=\"Charla con Mark Zuckerberg  - Kalot\" \/>\n<meta property=\"og:description\" content=\"Mark Zuckerberg piensa que Facebook innov\u00f3 al crear un lugar donde la gente puede compartir lo que no fue compartido antes. En una charla de bajo perfil\" \/>\n<meta property=\"og:url\" content=\"https:\/\/kalot.com.mx\/site\/2014\/01\/20\/charla-con-mark-zuckerberg\/\" \/>\n<meta property=\"og:site_name\" content=\"Kalot\" \/>\n<meta property=\"article:publisher\" content=\"http:\/\/facebook.com\/mxkalot\" \/>\n<meta property=\"article:published_time\" content=\"2014-01-20T20:11:04+00:00\" \/>\n<meta property=\"og:image\" content=\"https:\/\/i0.wp.com\/kalot.com.mx\/site\/wp-content\/uploads\/2014\/01\/org_4552057-3418413-scaled.jpg?fit=2560%2C1513&ssl=1\" \/>\n\t<meta property=\"og:image:width\" content=\"2560\" \/>\n\t<meta property=\"og:image:height\" content=\"1513\" \/>\n\t<meta property=\"og:image:type\" content=\"image\/jpeg\" \/>\n<meta name=\"author\" content=\"Samuel Arriaga\" \/>\n<meta name=\"twitter:card\" content=\"summary_large_image\" \/>\n<meta name=\"twitter:creator\" content=\"@kalotmx\" \/>\n<meta name=\"twitter:site\" content=\"@kalotmx\" \/>\n<meta name=\"twitter:label1\" content=\"Escrito por\" \/>\n\t<meta name=\"twitter:data1\" content=\"Samuel Arriaga\" \/>\n\t<meta name=\"twitter:label2\" content=\"Tiempo de lectura\" \/>\n\t<meta name=\"twitter:data2\" content=\"4 minutos\" \/>\n<!-- \/ Yoast SEO plugin. -->","yoast_head_json":{"title":"Charla con Mark Zuckerberg  - Kalot","description":"Mark Zuckerberg piensa que Facebook innov\u00f3 al crear un lugar donde la gente puede compartir lo que no fue compartido antes. En una charla de bajo perfil","robots":{"index":"index","follow":"follow","max-snippet":"max-snippet:-1","max-image-preview":"max-image-preview:large","max-video-preview":"max-video-preview:-1"},"canonical":"https:\/\/kalot.com.mx\/site\/2014\/01\/20\/charla-con-mark-zuckerberg\/","og_locale":"es_MX","og_type":"article","og_title":"Charla con Mark Zuckerberg  - Kalot","og_description":"Mark Zuckerberg piensa que Facebook innov\u00f3 al crear un lugar donde la gente puede compartir lo que no fue compartido antes. En una charla de bajo perfil","og_url":"https:\/\/kalot.com.mx\/site\/2014\/01\/20\/charla-con-mark-zuckerberg\/","og_site_name":"Kalot","article_publisher":"http:\/\/facebook.com\/mxkalot","article_published_time":"2014-01-20T20:11:04+00:00","og_image":[{"width":2560,"height":1513,"url":"https:\/\/i0.wp.com\/kalot.com.mx\/site\/wp-content\/uploads\/2014\/01\/org_4552057-3418413-scaled.jpg?fit=2560%2C1513&ssl=1","type":"image\/jpeg"}],"author":"Samuel Arriaga","twitter_card":"summary_large_image","twitter_creator":"@kalotmx","twitter_site":"@kalotmx","twitter_misc":{"Escrito por":"Samuel Arriaga","Tiempo de lectura":"4 minutos"},"schema":{"@context":"https:\/\/schema.org","@graph":[{"@type":"Article","@id":"https:\/\/kalot.com.mx\/site\/2014\/01\/20\/charla-con-mark-zuckerberg\/#article","isPartOf":{"@id":"https:\/\/kalot.com.mx\/site\/2014\/01\/20\/charla-con-mark-zuckerberg\/"},"author":{"name":"Samuel Arriaga","@id":"https:\/\/kalot.com.mx\/site\/#\/schema\/person\/dd5c05682cc5c2f90e15b43f4876bb07"},"headline":"Charla con Mark Zuckerberg","datePublished":"2014-01-20T20:11:04+00:00","mainEntityOfPage":{"@id":"https:\/\/kalot.com.mx\/site\/2014\/01\/20\/charla-con-mark-zuckerberg\/"},"wordCount":790,"commentCount":0,"publisher":{"@id":"https:\/\/kalot.com.mx\/site\/#organization"},"image":{"@id":"https:\/\/kalot.com.mx\/site\/2014\/01\/20\/charla-con-mark-zuckerberg\/#primaryimage"},"thumbnailUrl":"https:\/\/i0.wp.com\/kalot.com.mx\/site\/wp-content\/uploads\/2014\/01\/org_4552057-3418413-scaled.jpg?fit=2560%2C1513&ssl=1","inLanguage":"es","potentialAction":[{"@type":"CommentAction","name":"Comment","target":["https:\/\/kalot.com.mx\/site\/2014\/01\/20\/charla-con-mark-zuckerberg\/#respond"]}]},{"@type":"WebPage","@id":"https:\/\/kalot.com.mx\/site\/2014\/01\/20\/charla-con-mark-zuckerberg\/","url":"https:\/\/kalot.com.mx\/site\/2014\/01\/20\/charla-con-mark-zuckerberg\/","name":"Charla con Mark Zuckerberg - Kalot","isPartOf":{"@id":"https:\/\/kalot.com.mx\/site\/#website"},"primaryImageOfPage":{"@id":"https:\/\/kalot.com.mx\/site\/2014\/01\/20\/charla-con-mark-zuckerberg\/#primaryimage"},"image":{"@id":"https:\/\/kalot.com.mx\/site\/2014\/01\/20\/charla-con-mark-zuckerberg\/#primaryimage"},"thumbnailUrl":"https:\/\/i0.wp.com\/kalot.com.mx\/site\/wp-content\/uploads\/2014\/01\/org_4552057-3418413-scaled.jpg?fit=2560%2C1513&ssl=1","datePublished":"2014-01-20T20:11:04+00:00","description":"Mark Zuckerberg piensa que Facebook innov\u00f3 al crear un lugar donde la gente puede compartir lo que no fue compartido antes. En una charla de bajo perfil","breadcrumb":{"@id":"https:\/\/kalot.com.mx\/site\/2014\/01\/20\/charla-con-mark-zuckerberg\/#breadcrumb"},"inLanguage":"es","potentialAction":[{"@type":"ReadAction","target":["https:\/\/kalot.com.mx\/site\/2014\/01\/20\/charla-con-mark-zuckerberg\/"]}]},{"@type":"ImageObject","inLanguage":"es","@id":"https:\/\/kalot.com.mx\/site\/2014\/01\/20\/charla-con-mark-zuckerberg\/#primaryimage","url":"https:\/\/i0.wp.com\/kalot.com.mx\/site\/wp-content\/uploads\/2014\/01\/org_4552057-3418413-scaled.jpg?fit=2560%2C1513&ssl=1","contentUrl":"https:\/\/i0.wp.com\/kalot.com.mx\/site\/wp-content\/uploads\/2014\/01\/org_4552057-3418413-scaled.jpg?fit=2560%2C1513&ssl=1","width":2560,"height":1513},{"@type":"BreadcrumbList","@id":"https:\/\/kalot.com.mx\/site\/2014\/01\/20\/charla-con-mark-zuckerberg\/#breadcrumb","itemListElement":[{"@type":"ListItem","position":1,"name":"Home","item":"https:\/\/kalot.com.mx\/site\/"},{"@type":"ListItem","position":2,"name":"Charla con Mark Zuckerberg"}]},{"@type":"WebSite","@id":"https:\/\/kalot.com.mx\/site\/#website","url":"https:\/\/kalot.com.mx\/site\/","name":"Kalot","description":"Conoce Todo Sobre Todo","publisher":{"@id":"https:\/\/kalot.com.mx\/site\/#organization"},"potentialAction":[{"@type":"SearchAction","target":{"@type":"EntryPoint","urlTemplate":"https:\/\/kalot.com.mx\/site\/?s={search_term_string}"},"query-input":{"@type":"PropertyValueSpecification","valueRequired":true,"valueName":"search_term_string"}}],"inLanguage":"es"},{"@type":"Organization","@id":"https:\/\/kalot.com.mx\/site\/#organization","name":"Kalot","url":"https:\/\/kalot.com.mx\/site\/","logo":{"@type":"ImageObject","inLanguage":"es","@id":"https:\/\/kalot.com.mx\/site\/#\/schema\/logo\/image\/","url":"https:\/\/i0.wp.com\/kalot.com.mx\/site\/wp-content\/uploads\/2020\/04\/Kalot-logo-sin-tagline.png?fit=1707%2C1014&ssl=1","contentUrl":"https:\/\/i0.wp.com\/kalot.com.mx\/site\/wp-content\/uploads\/2020\/04\/Kalot-logo-sin-tagline.png?fit=1707%2C1014&ssl=1","width":1707,"height":1014,"caption":"Kalot"},"image":{"@id":"https:\/\/kalot.com.mx\/site\/#\/schema\/logo\/image\/"},"sameAs":["http:\/\/facebook.com\/mxkalot","https:\/\/x.com\/kalotmx","http:\/\/instagram.com\/kalotmx","http:\/\/pinterest.com\/jorgeerana\/kalot"]},{"@type":"Person","@id":"https:\/\/kalot.com.mx\/site\/#\/schema\/person\/dd5c05682cc5c2f90e15b43f4876bb07","name":"Samuel Arriaga","image":{"@type":"ImageObject","inLanguage":"es","@id":"https:\/\/secure.gravatar.com\/avatar\/4d903cda45bbc366a5fa7bd20f9ef978480e7ed6a0507effb654eb82065720c7?s=96&d=mm&r=g","url":"https:\/\/secure.gravatar.com\/avatar\/4d903cda45bbc366a5fa7bd20f9ef978480e7ed6a0507effb654eb82065720c7?s=96&d=mm&r=g","contentUrl":"https:\/\/secure.gravatar.com\/avatar\/4d903cda45bbc366a5fa7bd20f9ef978480e7ed6a0507effb654eb82065720c7?s=96&d=mm&r=g","caption":"Samuel Arriaga"},"url":"https:\/\/kalot.com.mx\/site\/author\/mario\/"}]}},"jetpack_publicize_connections":[],"jetpack_featured_media_url":"https:\/\/i0.wp.com\/kalot.com.mx\/site\/wp-content\/uploads\/2014\/01\/org_4552057-3418413-scaled.jpg?fit=2560%2C1513&ssl=1","jetpack_shortlink":"https:\/\/wp.me\/p6IHEI-2ye","jetpack-related-posts":[{"id":11096,"url":"https:\/\/kalot.com.mx\/site\/2014\/02\/04\/15-cosas-que-no-sabias-de-facebook\/","url_meta":{"origin":9810,"position":0},"title":"15 cosas que no sab\u00edas de Facebook","author":"Rom\u00e1n Salgado","date":"4 febrero, 2014","format":false,"excerpt":"La red social m\u00e1s popular del mundo cumple 10 a\u00f1os en Internet y tambi\u00e9n tiene sus secretos. Aqu\u00ed te decimos algunos. S\u00ed, no por ser la red social m\u00e1s popular del mundo\u00a0quiere decir que \u00e9sta no tiene cosas que esconder. De hecho existen datos, secretos y estad\u00edsticas que envuelven tanto\u2026","rel":"","context":"Con 1 comentario","block_context":{"text":"Con 1 comentario","link":"https:\/\/kalot.com.mx\/site\/2014\/02\/04\/15-cosas-que-no-sabias-de-facebook\/#comments"},"img":{"alt_text":"15 cosas que no sab\u00edas de Facebook","src":"https:\/\/i0.wp.com\/kalot.com.mx\/site\/wp-content\/uploads\/2014\/02\/face.jpg?fit=500%2C303&ssl=1&resize=350%2C200","width":350,"height":200},"classes":[]},{"id":12044,"url":"https:\/\/kalot.com.mx\/site\/2014\/02\/20\/whatsapp\/","url_meta":{"origin":9810,"position":1},"title":"\u00bfWhatsApp?","author":"Samuel Arriaga","date":"20 febrero, 2014","format":false,"excerpt":"La tarde de ayer recibimos una noticia que nadie hubiera esperado que sucediera; Mark Zuckerberg anunciaba atravez de su cuenta oficial de Facebook que comprar\u00eda al servicio de mensajer\u00eda instant\u00e1nea mas grande del mundo, si me refiero a WhatsApp. A partir de ahora, los que eramos usuarios de WhatsApp pasaremos\u2026","rel":"","context":"Entrada similar ","block_context":{"text":"Entrada similar ","link":""},"img":{"alt_text":"","src":"https:\/\/i0.wp.com\/kalot.com.mx\/site\/wp-content\/uploads\/2014\/02\/facebook-whatsapp-tilt.png?fit=738%2C554&ssl=1&resize=350%2C200","width":350,"height":200,"srcset":"https:\/\/i0.wp.com\/kalot.com.mx\/site\/wp-content\/uploads\/2014\/02\/facebook-whatsapp-tilt.png?fit=738%2C554&ssl=1&resize=350%2C200 1x, https:\/\/i0.wp.com\/kalot.com.mx\/site\/wp-content\/uploads\/2014\/02\/facebook-whatsapp-tilt.png?fit=738%2C554&ssl=1&resize=525%2C300 1.5x, https:\/\/i0.wp.com\/kalot.com.mx\/site\/wp-content\/uploads\/2014\/02\/facebook-whatsapp-tilt.png?fit=738%2C554&ssl=1&resize=700%2C400 2x"},"classes":[]},{"id":9618,"url":"https:\/\/kalot.com.mx\/site\/2014\/01\/16\/mark-zuckerberg-facebook-la-estrella-del-mwc-2014\/","url_meta":{"origin":9810,"position":2},"title":"Mark Zuckerberg (Facebook) la estrella del MWC 2014","author":"Samuel Arriaga","date":"16 enero, 2014","format":false,"excerpt":"El fundador de la red social Facebook, Mark Zuckerberg, poco dado a asistir a ferias, ser\u00e1 el gran protagonista entre los 240 ponentes del Mobile World Congress que se realizar\u00e1 del 24 y el 27 de febrero en Fira de Barcelona. Tambi\u00e9n asistir\u00e1n el fundador de la aplicaci\u00f3n de mensajes\u2026","rel":"","context":"Entrada similar ","block_context":{"text":"Entrada similar ","link":""},"img":{"alt_text":"","src":"https:\/\/i0.wp.com\/kalot.com.mx\/site\/wp-content\/uploads\/2014\/01\/Mark-Zuckerberg_5.jpeg?fit=1200%2C935&ssl=1&resize=350%2C200","width":350,"height":200,"srcset":"https:\/\/i0.wp.com\/kalot.com.mx\/site\/wp-content\/uploads\/2014\/01\/Mark-Zuckerberg_5.jpeg?fit=1200%2C935&ssl=1&resize=350%2C200 1x, https:\/\/i0.wp.com\/kalot.com.mx\/site\/wp-content\/uploads\/2014\/01\/Mark-Zuckerberg_5.jpeg?fit=1200%2C935&ssl=1&resize=525%2C300 1.5x, https:\/\/i0.wp.com\/kalot.com.mx\/site\/wp-content\/uploads\/2014\/01\/Mark-Zuckerberg_5.jpeg?fit=1200%2C935&ssl=1&resize=700%2C400 2x, https:\/\/i0.wp.com\/kalot.com.mx\/site\/wp-content\/uploads\/2014\/01\/Mark-Zuckerberg_5.jpeg?fit=1200%2C935&ssl=1&resize=1050%2C600 3x"},"classes":[]},{"id":13976,"url":"https:\/\/kalot.com.mx\/site\/2014\/03\/26\/facebook-sigue-de-compras-y-ahora-adquiere-al-oculus-vr\/","url_meta":{"origin":9810,"position":3},"title":"Facebook sigue de compras y ahora adquiere al Oculus VR.","author":"Gustavo Elizarrar\u00e1s","date":"26 marzo, 2014","format":false,"excerpt":"Cuando cre\u00edamos que la compra del a\u00f1o era la de Whatsapp, Facebook nos sorprende una vez m\u00e1s con una nueva adquisici\u00f3n completamente inesperada. La compa\u00f1\u00eda de Zuckerberg acaba de comprar Oculus VR, la joven empresa responsable del visor de realidad virtual Oculus Rift, por una cifra de 2.000 millones de\u2026","rel":"","context":"En &quot;Sin categor\u00eda&quot;","block_context":{"text":"Sin categor\u00eda","link":"https:\/\/kalot.com.mx\/site\/category\/sin-categoria\/"},"img":{"alt_text":"","src":"https:\/\/i0.wp.com\/kalot.com.mx\/site\/wp-content\/uploads\/2014\/03\/jsoszdqpkpoj0oilqs16.jpg?fit=636%2C424&ssl=1&resize=350%2C200","width":350,"height":200,"srcset":"https:\/\/i0.wp.com\/kalot.com.mx\/site\/wp-content\/uploads\/2014\/03\/jsoszdqpkpoj0oilqs16.jpg?fit=636%2C424&ssl=1&resize=350%2C200 1x, https:\/\/i0.wp.com\/kalot.com.mx\/site\/wp-content\/uploads\/2014\/03\/jsoszdqpkpoj0oilqs16.jpg?fit=636%2C424&ssl=1&resize=525%2C300 1.5x"},"classes":[]},{"id":13076,"url":"https:\/\/kalot.com.mx\/site\/2014\/03\/07\/fotos-y-videos-de-whatsapp-en-facebook\/","url_meta":{"origin":9810,"position":4},"title":"Fotos y Videos de Whatsapp&#8230; \u00bfEN FACEBOOK?","author":"Daniel Cacho","date":"7 marzo, 2014","format":false,"excerpt":"Se manejaba en muchos medios que despu\u00e9s de que Zuckerberg adquiriera la red de mensajer\u00eda, revel\u00f3 a la revista Time que a partir del 1 de abril todas las im\u00e1genes y clips que sean enviados o recibidos porWhatsApp\u00a0se guardar\u00e1n en un \u00e1lbum de tu perfil de\u00a0Facebook. Cabe mencionar que dicho\u2026","rel":"","context":"Entrada similar ","block_context":{"text":"Entrada similar ","link":""},"img":{"alt_text":"","src":"https:\/\/i0.wp.com\/kalot.com.mx\/site\/wp-content\/uploads\/2014\/03\/crop.png?fit=580%2C295&ssl=1&resize=350%2C200","width":350,"height":200,"srcset":"https:\/\/i0.wp.com\/kalot.com.mx\/site\/wp-content\/uploads\/2014\/03\/crop.png?fit=580%2C295&ssl=1&resize=350%2C200 1x, https:\/\/i0.wp.com\/kalot.com.mx\/site\/wp-content\/uploads\/2014\/03\/crop.png?fit=580%2C295&ssl=1&resize=525%2C300 1.5x"},"classes":[]},{"id":12540,"url":"https:\/\/kalot.com.mx\/site\/2014\/02\/25\/facebook-news-feed\/","url_meta":{"origin":9810,"position":5},"title":"Facebook presenta actualizaci\u00f3n a la secci\u00f3n de noticias","author":"Jorge Era\u00f1a","date":"25 febrero, 2014","format":false,"excerpt":"Facebook ha estado haciendo cosas muy grandes en lo que va del a\u00f1o, con grandes lanzamientos, propuestas, compras millonarias y visiones de lo que pretende alcanzar en un futuro no muy lejano. Recientemente habl\u00f3 Mark Zuckerberg en el Mobile World Congress en Barelona en una entrevista donde aclar\u00f3 dudas acerca\u2026","rel":"","context":"Entrada similar ","block_context":{"text":"Entrada similar ","link":""},"img":{"alt_text":"","src":"https:\/\/i0.wp.com\/kalot.com.mx\/site\/wp-content\/uploads\/2014\/02\/20140225-225919.jpg?fit=1024%2C576&ssl=1&resize=350%2C200","width":350,"height":200,"srcset":"https:\/\/i0.wp.com\/kalot.com.mx\/site\/wp-content\/uploads\/2014\/02\/20140225-225919.jpg?fit=1024%2C576&ssl=1&resize=350%2C200 1x, https:\/\/i0.wp.com\/kalot.com.mx\/site\/wp-content\/uploads\/2014\/02\/20140225-225919.jpg?fit=1024%2C576&ssl=1&resize=525%2C300 1.5x, https:\/\/i0.wp.com\/kalot.com.mx\/site\/wp-content\/uploads\/2014\/02\/20140225-225919.jpg?fit=1024%2C576&ssl=1&resize=700%2C400 2x"},"classes":[]}],"jetpack_sharing_enabled":true,"_links":{"self":[{"href":"https:\/\/kalot.com.mx\/site\/wp-json\/wp\/v2\/posts\/9810","targetHints":{"allow":["GET"]}}],"collection":[{"href":"https:\/\/kalot.com.mx\/site\/wp-json\/wp\/v2\/posts"}],"about":[{"href":"https:\/\/kalot.com.mx\/site\/wp-json\/wp\/v2\/types\/post"}],"author":[{"embeddable":true,"href":"https:\/\/kalot.com.mx\/site\/wp-json\/wp\/v2\/users\/33"}],"replies":[{"embeddable":true,"href":"https:\/\/kalot.com.mx\/site\/wp-json\/wp\/v2\/comments?post=9810"}],"version-history":[{"count":0,"href":"https:\/\/kalot.com.mx\/site\/wp-json\/wp\/v2\/posts\/9810\/revisions"}],"wp:featuredmedia":[{"embeddable":true,"href":"https:\/\/kalot.com.mx\/site\/wp-json\/wp\/v2\/media\/9812"}],"wp:attachment":[{"href":"https:\/\/kalot.com.mx\/site\/wp-json\/wp\/v2\/media?parent=9810"}],"wp:term":[{"taxonomy":"category","embeddable":true,"href":"https:\/\/kalot.com.mx\/site\/wp-json\/wp\/v2\/categories?post=9810"},{"taxonomy":"post_tag","embeddable":true,"href":"https:\/\/kalot.com.mx\/site\/wp-json\/wp\/v2\/tags?post=9810"}],"curies":[{"name":"wp","href":"https:\/\/api.w.org\/{rel}","templated":true}]}}