{"id":9579,"date":"2014-01-15T22:23:44","date_gmt":"2014-01-16T04:23:44","guid":{"rendered":"http:\/\/www.kalot.com.mx\/?p=9579"},"modified":"2014-01-15T22:28:10","modified_gmt":"2014-01-16T04:28:10","slug":"tengo-que-ponerme","status":"publish","type":"post","link":"https:\/\/kalot.com.mx\/site\/2014\/01\/15\/tengo-que-ponerme\/","title":{"rendered":"No tengo que ponerme!!!!!!"},"content":{"rendered":"<p>&nbsp;<\/p>\n<p>&nbsp;<\/p>\n<p>&nbsp;<\/p>\n<p><em>\u2026 y despu\u00e9s de esa noche imagin\u00e9 mi vida sin \u00e9l, ahora ya no exist\u00eda ni la remota posibilidad, se hab\u00eda esfumado como la brisa del verano que pasamos juntos, y de repente vino a mi mente una descabellada y absurda idea<\/em><\/p>\n<p><em>-\u00bfY si asisto a su boda?-<\/em><\/p>\n<p>&nbsp;<\/p>\n<p>No tengo que ponerme!!!!!!!<\/p>\n<p>En alg\u00fan momento de su vida han pronunciado esta frase y es que a todos nos pasa, si vamos a ir a una boda, al cine, caf\u00e9, plaza, en si el lugar no es el problema, si no la(s) persona (s) que nos acompa\u00f1a por eso les traigo las tendencias para la temporada primavera-verano, p\u00f3nganse bien truchas y comiencen a renovar su guardarropa.<\/p>\n<p>Para las chicas en los vestidos de fiesta continua el &#8220;falso largo&#8221; compuestos de largos de gasa y transparencias, como los largos asim\u00e9tricos, que ser\u00eda la falda corta debajo de una transparencia que llega hasta el piso. Una de las marcas m\u00e1s conocidas con esta tendencia es Gaultier.<\/p>\n<p>El encaje seguir\u00e1 pisando fuerte, las pr\u00f3ximas prendas de encaje veraniegas mostrar\u00e1n un <a href=\"http:\/\/www.vistamagazine.com\/1595684-como-lograr-un-estilo-hippie-chic\" target=\"_blank\">estilo hippie<\/a> muy placentero al ojo.<\/p>\n<p>Los volantes \u00a0no se quedan atr\u00e1s ya sea en faldas de tubo o en las mangas, como los famosos volantes de Balenciaga.<\/p>\n<p>El negro se col\u00f3 y ser\u00e1 participe de la temporada combin\u00e1ndolo con tonos muy suaves.<\/p>\n<p>Los &#8220;crop tops&#8221; son mis favoritos, durante este verano el ombligo es el centro de atenci\u00f3n y hablando de prendas c\u00f3modas para el verano\u00a0 se llevar\u00e1 mucho los enterizos. Algunos m\u00e1s sueltos y c\u00f3modos y otros mucho m\u00e1s ce\u00f1idos y elegantes pero de cualquier manera ser\u00e1 tendencia. Los accesorios, como sombreros y cinturones, definir\u00e1n el estilo masculino que tambi\u00e9n viene arrasando.<\/p>\n<p>El cabello no se queda atr\u00e1s los lisos relajados ser\u00e1n la onda, entre m\u00e1s natural luzca mejor (adi\u00f3s cepillo), las trenzas contin\u00faan y el fleco llegar\u00e1 con todo. Los colores pastel (verde, azul, coral) al igual que los colores \u201cnude\u201d ser\u00e1n b\u00e1sicos.<\/p>\n<p>Si ustedes saben de m\u00e1s tendencias para la temporada primavera-verano, com\u00e9ntenoslo y no crean que me olvide de los chicos, mi pr\u00f3ximo art\u00edculo va para ellos.<\/p>\n<p>Saludos<\/p>\n<p>(=<\/p>\n","protected":false},"excerpt":{"rendered":"&nbsp; &nbsp; &nbsp; \u2026 y despu\u00e9s de esa noche imagin\u00e9 mi vida sin \u00e9l, ahora ya no exist\u00eda&hellip;\n","protected":false},"author":71,"featured_media":9582,"comment_status":"open","ping_status":"open","sticky":false,"template":"","format":"standard","meta":{"jetpack_post_was_ever_published":false,"_jetpack_newsletter_access":"","_jetpack_dont_email_post_to_subs":false,"_jetpack_newsletter_tier_id":0,"_jetpack_memberships_contains_paywalled_content":false,"_jetpack_memberships_contains_paid_content":false,"footnotes":"","jetpack_publicize_message":"","jetpack_publicize_feature_enabled":true,"jetpack_social_post_already_shared":true,"jetpack_social_options":{"image_generator_settings":{"template":"highway","default_image_id":0,"font":"","enabled":false},"version":2}},"categories":[],"tags":[],"class_list":{"0":"post-9579","1":"post","2":"type-post","3":"status-publish","4":"format-standard","5":"has-post-thumbnail","7":"cs-entry","8":"cs-video-wrap"},"yoast_head":"<!-- This site is optimized with the Yoast SEO plugin v27.5 - https:\/\/yoast.com\/product\/yoast-seo-wordpress\/ -->\n<title>No tengo que ponerme!!!!!! - Kalot<\/title>\n<meta name=\"description\" content=\"&nbsp; &nbsp; &nbsp; \u2026 y despu\u00e9s de esa noche imagin\u00e9 mi vida sin \u00e9l, ahora ya no exist\u00eda ni la remota posibilidad, se hab\u00eda esfumado como la brisa del\" \/>\n<meta name=\"robots\" content=\"index, follow, max-snippet:-1, max-image-preview:large, max-video-preview:-1\" \/>\n<link rel=\"canonical\" href=\"https:\/\/kalot.com.mx\/site\/2014\/01\/15\/tengo-que-ponerme\/\" \/>\n<meta property=\"og:locale\" content=\"es_MX\" \/>\n<meta property=\"og:type\" content=\"article\" \/>\n<meta property=\"og:title\" content=\"No tengo que ponerme!!!!!! - Kalot\" \/>\n<meta property=\"og:description\" content=\"&nbsp; &nbsp; &nbsp; \u2026 y despu\u00e9s de esa noche imagin\u00e9 mi vida sin \u00e9l, ahora ya no exist\u00eda ni la remota posibilidad, se hab\u00eda esfumado como la brisa del\" \/>\n<meta property=\"og:url\" content=\"https:\/\/kalot.com.mx\/site\/2014\/01\/15\/tengo-que-ponerme\/\" \/>\n<meta property=\"og:site_name\" content=\"Kalot\" \/>\n<meta property=\"article:publisher\" content=\"http:\/\/facebook.com\/mxkalot\" \/>\n<meta property=\"article:author\" content=\"https:\/\/www.facebook.com\/\" \/>\n<meta property=\"article:published_time\" content=\"2014-01-16T04:23:44+00:00\" \/>\n<meta property=\"article:modified_time\" content=\"2014-01-16T04:28:10+00:00\" \/>\n<meta property=\"og:image\" content=\"https:\/\/i0.wp.com\/kalot.com.mx\/site\/wp-content\/uploads\/2014\/01\/544836_519668184735501_1098053071_n.png?fit=626%2C480&ssl=1\" \/>\n\t<meta property=\"og:image:width\" content=\"626\" \/>\n\t<meta property=\"og:image:height\" content=\"480\" \/>\n\t<meta property=\"og:image:type\" content=\"image\/png\" \/>\n<meta name=\"author\" content=\"Jessica Fuentes\" \/>\n<meta name=\"twitter:card\" content=\"summary_large_image\" \/>\n<meta name=\"twitter:creator\" content=\"@J3Fuentes\" \/>\n<meta name=\"twitter:site\" content=\"@kalotmx\" \/>\n<meta name=\"twitter:label1\" content=\"Escrito por\" \/>\n\t<meta name=\"twitter:data1\" content=\"Jessica Fuentes\" \/>\n\t<meta name=\"twitter:label2\" content=\"Tiempo de lectura\" \/>\n\t<meta name=\"twitter:data2\" content=\"2 minutos\" \/>\n<!-- \/ Yoast SEO plugin. -->","yoast_head_json":{"title":"No tengo que ponerme!!!!!! - Kalot","description":"&nbsp; &nbsp; &nbsp; \u2026 y despu\u00e9s de esa noche imagin\u00e9 mi vida sin \u00e9l, ahora ya no exist\u00eda ni la remota posibilidad, se hab\u00eda esfumado como la brisa del","robots":{"index":"index","follow":"follow","max-snippet":"max-snippet:-1","max-image-preview":"max-image-preview:large","max-video-preview":"max-video-preview:-1"},"canonical":"https:\/\/kalot.com.mx\/site\/2014\/01\/15\/tengo-que-ponerme\/","og_locale":"es_MX","og_type":"article","og_title":"No tengo que ponerme!!!!!! - Kalot","og_description":"&nbsp; &nbsp; &nbsp; \u2026 y despu\u00e9s de esa noche imagin\u00e9 mi vida sin \u00e9l, ahora ya no exist\u00eda ni la remota posibilidad, se hab\u00eda esfumado como la brisa del","og_url":"https:\/\/kalot.com.mx\/site\/2014\/01\/15\/tengo-que-ponerme\/","og_site_name":"Kalot","article_publisher":"http:\/\/facebook.com\/mxkalot","article_author":"https:\/\/www.facebook.com\/","article_published_time":"2014-01-16T04:23:44+00:00","article_modified_time":"2014-01-16T04:28:10+00:00","og_image":[{"width":626,"height":480,"url":"https:\/\/i0.wp.com\/kalot.com.mx\/site\/wp-content\/uploads\/2014\/01\/544836_519668184735501_1098053071_n.png?fit=626%2C480&ssl=1","type":"image\/png"}],"author":"Jessica Fuentes","twitter_card":"summary_large_image","twitter_creator":"@J3Fuentes","twitter_site":"@kalotmx","twitter_misc":{"Escrito por":"Jessica Fuentes","Tiempo de lectura":"2 minutos"},"schema":{"@context":"https:\/\/schema.org","@graph":[{"@type":"Article","@id":"https:\/\/kalot.com.mx\/site\/2014\/01\/15\/tengo-que-ponerme\/#article","isPartOf":{"@id":"https:\/\/kalot.com.mx\/site\/2014\/01\/15\/tengo-que-ponerme\/"},"author":{"name":"Jessica Fuentes","@id":"https:\/\/kalot.com.mx\/site\/#\/schema\/person\/843feafea9b094c7862010a5aff1cdb6"},"headline":"No tengo que ponerme!!!!!!","datePublished":"2014-01-16T04:23:44+00:00","dateModified":"2014-01-16T04:28:10+00:00","mainEntityOfPage":{"@id":"https:\/\/kalot.com.mx\/site\/2014\/01\/15\/tengo-que-ponerme\/"},"wordCount":391,"commentCount":0,"publisher":{"@id":"https:\/\/kalot.com.mx\/site\/#organization"},"image":{"@id":"https:\/\/kalot.com.mx\/site\/2014\/01\/15\/tengo-que-ponerme\/#primaryimage"},"thumbnailUrl":"https:\/\/i0.wp.com\/kalot.com.mx\/site\/wp-content\/uploads\/2014\/01\/544836_519668184735501_1098053071_n.png?fit=626%2C480&ssl=1","inLanguage":"es","potentialAction":[{"@type":"CommentAction","name":"Comment","target":["https:\/\/kalot.com.mx\/site\/2014\/01\/15\/tengo-que-ponerme\/#respond"]}]},{"@type":"WebPage","@id":"https:\/\/kalot.com.mx\/site\/2014\/01\/15\/tengo-que-ponerme\/","url":"https:\/\/kalot.com.mx\/site\/2014\/01\/15\/tengo-que-ponerme\/","name":"No tengo que ponerme!!!!!! - Kalot","isPartOf":{"@id":"https:\/\/kalot.com.mx\/site\/#website"},"primaryImageOfPage":{"@id":"https:\/\/kalot.com.mx\/site\/2014\/01\/15\/tengo-que-ponerme\/#primaryimage"},"image":{"@id":"https:\/\/kalot.com.mx\/site\/2014\/01\/15\/tengo-que-ponerme\/#primaryimage"},"thumbnailUrl":"https:\/\/i0.wp.com\/kalot.com.mx\/site\/wp-content\/uploads\/2014\/01\/544836_519668184735501_1098053071_n.png?fit=626%2C480&ssl=1","datePublished":"2014-01-16T04:23:44+00:00","dateModified":"2014-01-16T04:28:10+00:00","description":"&nbsp; &nbsp; &nbsp; \u2026 y despu\u00e9s de esa noche imagin\u00e9 mi vida sin \u00e9l, ahora ya no exist\u00eda ni la remota posibilidad, se hab\u00eda esfumado como la brisa del","breadcrumb":{"@id":"https:\/\/kalot.com.mx\/site\/2014\/01\/15\/tengo-que-ponerme\/#breadcrumb"},"inLanguage":"es","potentialAction":[{"@type":"ReadAction","target":["https:\/\/kalot.com.mx\/site\/2014\/01\/15\/tengo-que-ponerme\/"]}]},{"@type":"ImageObject","inLanguage":"es","@id":"https:\/\/kalot.com.mx\/site\/2014\/01\/15\/tengo-que-ponerme\/#primaryimage","url":"https:\/\/i0.wp.com\/kalot.com.mx\/site\/wp-content\/uploads\/2014\/01\/544836_519668184735501_1098053071_n.png?fit=626%2C480&ssl=1","contentUrl":"https:\/\/i0.wp.com\/kalot.com.mx\/site\/wp-content\/uploads\/2014\/01\/544836_519668184735501_1098053071_n.png?fit=626%2C480&ssl=1","width":626,"height":480},{"@type":"BreadcrumbList","@id":"https:\/\/kalot.com.mx\/site\/2014\/01\/15\/tengo-que-ponerme\/#breadcrumb","itemListElement":[{"@type":"ListItem","position":1,"name":"Home","item":"https:\/\/kalot.com.mx\/site\/"},{"@type":"ListItem","position":2,"name":"No tengo que ponerme!!!!!!"}]},{"@type":"WebSite","@id":"https:\/\/kalot.com.mx\/site\/#website","url":"https:\/\/kalot.com.mx\/site\/","name":"Kalot","description":"Conoce Todo Sobre Todo","publisher":{"@id":"https:\/\/kalot.com.mx\/site\/#organization"},"potentialAction":[{"@type":"SearchAction","target":{"@type":"EntryPoint","urlTemplate":"https:\/\/kalot.com.mx\/site\/?s={search_term_string}"},"query-input":{"@type":"PropertyValueSpecification","valueRequired":true,"valueName":"search_term_string"}}],"inLanguage":"es"},{"@type":"Organization","@id":"https:\/\/kalot.com.mx\/site\/#organization","name":"Kalot","url":"https:\/\/kalot.com.mx\/site\/","logo":{"@type":"ImageObject","inLanguage":"es","@id":"https:\/\/kalot.com.mx\/site\/#\/schema\/logo\/image\/","url":"https:\/\/i0.wp.com\/kalot.com.mx\/site\/wp-content\/uploads\/2020\/04\/Kalot-logo-sin-tagline.png?fit=1707%2C1014&ssl=1","contentUrl":"https:\/\/i0.wp.com\/kalot.com.mx\/site\/wp-content\/uploads\/2020\/04\/Kalot-logo-sin-tagline.png?fit=1707%2C1014&ssl=1","width":1707,"height":1014,"caption":"Kalot"},"image":{"@id":"https:\/\/kalot.com.mx\/site\/#\/schema\/logo\/image\/"},"sameAs":["http:\/\/facebook.com\/mxkalot","https:\/\/x.com\/kalotmx","http:\/\/instagram.com\/kalotmx","http:\/\/pinterest.com\/jorgeerana\/kalot"]},{"@type":"Person","@id":"https:\/\/kalot.com.mx\/site\/#\/schema\/person\/843feafea9b094c7862010a5aff1cdb6","name":"Jessica Fuentes","image":{"@type":"ImageObject","inLanguage":"es","@id":"https:\/\/secure.gravatar.com\/avatar\/817946879af6afbd241449d0c177aa93b547bdf148318bf038064a3e6013ea82?s=96&d=mm&r=g","url":"https:\/\/secure.gravatar.com\/avatar\/817946879af6afbd241449d0c177aa93b547bdf148318bf038064a3e6013ea82?s=96&d=mm&r=g","contentUrl":"https:\/\/secure.gravatar.com\/avatar\/817946879af6afbd241449d0c177aa93b547bdf148318bf038064a3e6013ea82?s=96&d=mm&r=g","caption":"Jessica Fuentes"},"description":"Nacida en la ciudad de San Luis Potos\u00ed, el d\u00eda 28 de Febrero de 1991, inicio sus estudio profesionales en la UASLP en la carrera de Ciencias de la Comunicaci\u00f3n haciendo un semestre en Santiago de Chile, concluyo sus estudi\u00f3 en 2013. Jessica Fuentes fue reconocida por .... (la historia est\u00e1 por escribirse)","sameAs":["https:\/\/www.facebook.com\/","https:\/\/x.com\/@J3Fuentes"],"url":"https:\/\/kalot.com.mx\/site\/author\/jessica\/"}]}},"jetpack_publicize_connections":[],"jetpack_featured_media_url":"https:\/\/i0.wp.com\/kalot.com.mx\/site\/wp-content\/uploads\/2014\/01\/544836_519668184735501_1098053071_n.png?fit=626%2C480&ssl=1","jetpack_shortlink":"https:\/\/wp.me\/p6IHEI-2uv","jetpack-related-posts":[{"id":17445,"url":"https:\/\/kalot.com.mx\/site\/2014\/08\/01\/la-vida-es-de-color-rosa-la-vida-es-felicidad\/","url_meta":{"origin":9579,"position":0},"title":"La vida es de color rosa, la vida es felicidad.","author":"Mar\u00eda Alvarado","date":"1 agosto, 2014","format":false,"excerpt":"Hola mis queridos lectores, antes que nada quisiera pedir una disculpa por mi ausencia en este tan bello f\u00f3rum (o s\u00e9ase Kalot), ya aclarado lo anterior solo me queda proceder con mi cometido. El tema a tratar en este espacio ser\u00e1 el siguiente: la vida es de color rosa. As\u00ed\u2026","rel":"","context":"En &quot;Sin categor\u00eda&quot;","block_context":{"text":"Sin categor\u00eda","link":"https:\/\/kalot.com.mx\/site\/category\/sin-categoria\/"},"img":{"alt_text":"","src":"https:\/\/i0.wp.com\/kalot.com.mx\/site\/wp-content\/uploads\/2014\/07\/vida1.jpg?fit=1200%2C720&ssl=1&resize=350%2C200","width":350,"height":200,"srcset":"https:\/\/i0.wp.com\/kalot.com.mx\/site\/wp-content\/uploads\/2014\/07\/vida1.jpg?fit=1200%2C720&ssl=1&resize=350%2C200 1x, https:\/\/i0.wp.com\/kalot.com.mx\/site\/wp-content\/uploads\/2014\/07\/vida1.jpg?fit=1200%2C720&ssl=1&resize=525%2C300 1.5x, https:\/\/i0.wp.com\/kalot.com.mx\/site\/wp-content\/uploads\/2014\/07\/vida1.jpg?fit=1200%2C720&ssl=1&resize=700%2C400 2x, https:\/\/i0.wp.com\/kalot.com.mx\/site\/wp-content\/uploads\/2014\/07\/vida1.jpg?fit=1200%2C720&ssl=1&resize=1050%2C600 3x"},"classes":[]},{"id":21320,"url":"https:\/\/kalot.com.mx\/site\/2015\/04\/27\/planificar-una-boda-mientras-trabajas-y-no-morir-en-el-intento\/","url_meta":{"origin":9579,"position":1},"title":"Planificar una boda mientras trabajas y no morir en el intento","author":"Fernanda Rocha","date":"27 abril, 2015","format":false,"excerpt":"Si bien organizar una boda puede llenar a una mujer de ilusiones y hermosos sentimientos tambi\u00e9n puede causar una total revoluci\u00f3n, sobre todo cuando la planeaci\u00f3n debe combinarse con el trabajo. Creanme chicas aunque tengan \u201cwedding planner\u201d siempre es necesario supervisar y estar al tanto de la organizaci\u00f3n. A continuaci\u00f3n\u2026","rel":"","context":"Entrada similar ","block_context":{"text":"Entrada similar ","link":""},"img":{"alt_text":"","src":"https:\/\/i0.wp.com\/kalot.com.mx\/site\/wp-content\/uploads\/2015\/04\/Boda.jpg?fit=1200%2C800&ssl=1&resize=350%2C200","width":350,"height":200,"srcset":"https:\/\/i0.wp.com\/kalot.com.mx\/site\/wp-content\/uploads\/2015\/04\/Boda.jpg?fit=1200%2C800&ssl=1&resize=350%2C200 1x, https:\/\/i0.wp.com\/kalot.com.mx\/site\/wp-content\/uploads\/2015\/04\/Boda.jpg?fit=1200%2C800&ssl=1&resize=525%2C300 1.5x, https:\/\/i0.wp.com\/kalot.com.mx\/site\/wp-content\/uploads\/2015\/04\/Boda.jpg?fit=1200%2C800&ssl=1&resize=700%2C400 2x, https:\/\/i0.wp.com\/kalot.com.mx\/site\/wp-content\/uploads\/2015\/04\/Boda.jpg?fit=1200%2C800&ssl=1&resize=1050%2C600 3x"},"classes":[]},{"id":25943,"url":"https:\/\/kalot.com.mx\/site\/2016\/09\/03\/laresena-mike-dave-los-busca-novias\/","url_meta":{"origin":9579,"position":2},"title":"#LaRese\u00f1a: Mike y Dave: Los Busca Novias","author":"yash","date":"3 septiembre, 2016","format":false,"excerpt":"Una comedia que se pierde y nunca hay una coherencia entre los actos. M\u00e1s pena que gloria. La comedia es una g\u00e9nero dif\u00edcil y en los \u00faltimos a\u00f1os producciones como \"\u00bfQu\u00e9 Pas\u00f3 Ayer?\" han marcado una tendencia sobre las situaciones y los \"chistes\" que se deben aplicar para lograr una\u2026","rel":"","context":"En &quot;Cine&quot;","block_context":{"text":"Cine","link":"https:\/\/kalot.com.mx\/site\/category\/cine\/"},"img":{"alt_text":"","src":"https:\/\/i0.wp.com\/kalot.com.mx\/site\/wp-content\/uploads\/2016\/09\/Mike-and-Dave-Need-Wedding-Dates.jpg?fit=1200%2C675&ssl=1&resize=350%2C200","width":350,"height":200,"srcset":"https:\/\/i0.wp.com\/kalot.com.mx\/site\/wp-content\/uploads\/2016\/09\/Mike-and-Dave-Need-Wedding-Dates.jpg?fit=1200%2C675&ssl=1&resize=350%2C200 1x, https:\/\/i0.wp.com\/kalot.com.mx\/site\/wp-content\/uploads\/2016\/09\/Mike-and-Dave-Need-Wedding-Dates.jpg?fit=1200%2C675&ssl=1&resize=525%2C300 1.5x, https:\/\/i0.wp.com\/kalot.com.mx\/site\/wp-content\/uploads\/2016\/09\/Mike-and-Dave-Need-Wedding-Dates.jpg?fit=1200%2C675&ssl=1&resize=700%2C400 2x, https:\/\/i0.wp.com\/kalot.com.mx\/site\/wp-content\/uploads\/2016\/09\/Mike-and-Dave-Need-Wedding-Dates.jpg?fit=1200%2C675&ssl=1&resize=1050%2C600 3x"},"classes":[]},{"id":8556,"url":"https:\/\/kalot.com.mx\/site\/2013\/12\/29\/el-ctrlz-deshacer\/","url_meta":{"origin":9579,"position":3},"title":"El CTRL+Z, deshacer&#8230;","author":"Saul Alonso","date":"29 diciembre, 2013","format":false,"excerpt":"En estos tiempos han surgido varias invenciones que han hecho la vida mucho mas c\u00f3moda para nuestra vida a diario, no solucionan grandes problemas, pero si algunas cosas. Uno de estos inventos es uno que lo hemos usado y mucho, al trabajar en la computadora, que hayamos hecho algo que\u2026","rel":"","context":"Entrada similar ","block_context":{"text":"Entrada similar ","link":""},"img":{"alt_text":"","src":"https:\/\/i0.wp.com\/kalot.com.mx\/site\/wp-content\/uploads\/2013\/12\/descarga3.jpg?fit=994%2C768&ssl=1&resize=350%2C200","width":350,"height":200,"srcset":"https:\/\/i0.wp.com\/kalot.com.mx\/site\/wp-content\/uploads\/2013\/12\/descarga3.jpg?fit=994%2C768&ssl=1&resize=350%2C200 1x, https:\/\/i0.wp.com\/kalot.com.mx\/site\/wp-content\/uploads\/2013\/12\/descarga3.jpg?fit=994%2C768&ssl=1&resize=525%2C300 1.5x, https:\/\/i0.wp.com\/kalot.com.mx\/site\/wp-content\/uploads\/2013\/12\/descarga3.jpg?fit=994%2C768&ssl=1&resize=700%2C400 2x"},"classes":[]},{"id":2527,"url":"https:\/\/kalot.com.mx\/site\/2013\/09\/29\/se-que-ponerme-en-cc13\/","url_meta":{"origin":9579,"position":4},"title":"Atuendos para #CC13 by @DulceMireles","author":"Dulce Mireles","date":"29 septiembre, 2013","format":false,"excerpt":"Hola amigas (os) de Kalot, gracias por entrar a este post y a todos los de esta p\u00e1gina, es grato para mi saber que nos leen y nos dan retroalimentaci\u00f3n. Publicaciones atr\u00e1s, hablaba sobre moda y el \"prejuicio\" que se tiene hacia este mundo y mi parte favorita es la\u2026","rel":"","context":"Entrada similar ","block_context":{"text":"Entrada similar ","link":""},"img":{"alt_text":"","src":"https:\/\/i0.wp.com\/kalot.com.mx\/site\/wp-content\/uploads\/2013\/09\/da8f62f65c0c23be643dbb6f5a000b38.jpg?resize=350%2C200","width":350,"height":200},"classes":[]},{"id":6154,"url":"https:\/\/kalot.com.mx\/site\/2013\/11\/10\/fashion-business-2013\/","url_meta":{"origin":9579,"position":5},"title":"Fashion Business 2013","author":"Alba Gonz\u00e1lez","date":"10 noviembre, 2013","format":false,"excerpt":"\"Esto se pone de moda, y yo me pongo de modo\" -Mi patrona, 2013. Trabajo en el fashion business, lo cual es muy divertido, y algo estresante, pero sabemos que No pain, no gain... La cosa es que el 2013 ha sido un a\u00f1o muy marcado por la moda: los\u2026","rel":"","context":"Entrada similar ","block_context":{"text":"Entrada similar ","link":""},"img":{"alt_text":"","src":"https:\/\/i0.wp.com\/kalot.com.mx\/site\/wp-content\/uploads\/2013\/11\/fall-winter.jpg?fit=600%2C750&ssl=1&resize=350%2C200","width":350,"height":200,"srcset":"https:\/\/i0.wp.com\/kalot.com.mx\/site\/wp-content\/uploads\/2013\/11\/fall-winter.jpg?fit=600%2C750&ssl=1&resize=350%2C200 1x, https:\/\/i0.wp.com\/kalot.com.mx\/site\/wp-content\/uploads\/2013\/11\/fall-winter.jpg?fit=600%2C750&ssl=1&resize=525%2C300 1.5x"},"classes":[]}],"jetpack_sharing_enabled":true,"_links":{"self":[{"href":"https:\/\/kalot.com.mx\/site\/wp-json\/wp\/v2\/posts\/9579","targetHints":{"allow":["GET"]}}],"collection":[{"href":"https:\/\/kalot.com.mx\/site\/wp-json\/wp\/v2\/posts"}],"about":[{"href":"https:\/\/kalot.com.mx\/site\/wp-json\/wp\/v2\/types\/post"}],"author":[{"embeddable":true,"href":"https:\/\/kalot.com.mx\/site\/wp-json\/wp\/v2\/users\/71"}],"replies":[{"embeddable":true,"href":"https:\/\/kalot.com.mx\/site\/wp-json\/wp\/v2\/comments?post=9579"}],"version-history":[{"count":0,"href":"https:\/\/kalot.com.mx\/site\/wp-json\/wp\/v2\/posts\/9579\/revisions"}],"wp:featuredmedia":[{"embeddable":true,"href":"https:\/\/kalot.com.mx\/site\/wp-json\/wp\/v2\/media\/9582"}],"wp:attachment":[{"href":"https:\/\/kalot.com.mx\/site\/wp-json\/wp\/v2\/media?parent=9579"}],"wp:term":[{"taxonomy":"category","embeddable":true,"href":"https:\/\/kalot.com.mx\/site\/wp-json\/wp\/v2\/categories?post=9579"},{"taxonomy":"post_tag","embeddable":true,"href":"https:\/\/kalot.com.mx\/site\/wp-json\/wp\/v2\/tags?post=9579"}],"curies":[{"name":"wp","href":"https:\/\/api.w.org\/{rel}","templated":true}]}}