{"id":9565,"date":"2014-01-15T15:18:05","date_gmt":"2014-01-15T21:18:05","guid":{"rendered":"http:\/\/www.kalot.com.mx\/?p=9565"},"modified":"2017-12-20T15:54:08","modified_gmt":"2017-12-20T21:54:08","slug":"nuevo-diseno-web-para-twitter","status":"publish","type":"post","link":"https:\/\/kalot.com.mx\/site\/2014\/01\/15\/nuevo-diseno-web-para-twitter\/","title":{"rendered":"Nuevo dise\u00f1o web para Twitter"},"content":{"rendered":"<p style=\"text-align: justify\">As\u00ed es Kalochos la red social creada por Jack Dorsey:<span style=\"color: #0000ff\"><strong>\u00a0Twitter<\/strong> <\/span>prepara una actualizaci\u00f3n de su interfaz en la web. Ahora lucir\u00e1 m\u00e1s similar a sus versiones para iOS y\u00a0Android de esta manera, la red social alinear\u00e1 la experiencia m\u00f3vil con todos los dispositivos de escritorio. Quienes utilicen el servicio de Twitter a trav\u00e9s de la p\u00e1gina web estar\u00e1n contentos de saber que la empresa acaba de iniciar la actualizaci\u00f3n del sitio para todos sus usuarios.<\/p>\n<p style=\"text-align: justify\">Twitter algunos d\u00edas atras anunci\u00f3 el cambio en sus cuentas oficiales mediante el siguiente tweet con la siguiente imagen:<\/p>\n<blockquote><p><em>Estamos rodando un renovado http:\/\/twitter.com reflejando el look &amp; sentimiento de nuestras aplicaciones de iOS y Android.<\/em><\/p><\/blockquote>\n<p><a href=\"https:\/\/i0.wp.com\/www.kalot.com.mx\/wp-content\/uploads\/2014\/01\/TWITTER.jpg\"><img fetchpriority=\"high\" decoding=\"async\" data-attachment-id=\"9566\" data-permalink=\"https:\/\/kalot.com.mx\/site\/2014\/01\/15\/nuevo-diseno-web-para-twitter\/twitter-5\/\" data-orig-file=\"https:\/\/i0.wp.com\/kalot.com.mx\/site\/wp-content\/uploads\/2014\/01\/TWITTER.jpg?fit=599%2C477&amp;ssl=1\" data-orig-size=\"599,477\" data-comments-opened=\"1\" data-image-meta=\"{&quot;aperture&quot;:&quot;0&quot;,&quot;credit&quot;:&quot;&quot;,&quot;camera&quot;:&quot;&quot;,&quot;caption&quot;:&quot;&quot;,&quot;created_timestamp&quot;:&quot;0&quot;,&quot;copyright&quot;:&quot;&quot;,&quot;focal_length&quot;:&quot;0&quot;,&quot;iso&quot;:&quot;0&quot;,&quot;shutter_speed&quot;:&quot;0&quot;,&quot;title&quot;:&quot;&quot;,&quot;orientation&quot;:&quot;0&quot;}\" data-image-title=\"TWITTER\" data-image-description=\"\" data-image-caption=\"\" data-large-file=\"https:\/\/i0.wp.com\/kalot.com.mx\/site\/wp-content\/uploads\/2014\/01\/TWITTER.jpg?fit=599%2C477&amp;ssl=1\" class=\"alignnone size-full wp-image-9566 aligncenter\" alt=\"TWITTER\" src=\"https:\/\/i0.wp.com\/kalot.com.mx\/site\/wp-content\/uploads\/2013\/08\/blogging-for-a-company2.jpg?fit=1698%2C1131&#038;ssl=1\" width=\"1698\" height=\"1131\" \/><\/a><\/p>\n<p>El cambio supone una mejora en la experiencia de uso del servicio. Modific\u00f3 la acostumbrada barra negra que se presentaba en la parte superior del dise\u00f1o, adem\u00e1s de mostrar de manera m\u00e1s din\u00e1mica y sin relieves o degradados los iconos de<strong> <span style=\"color: #0000ff\">Inicio<\/span><\/strong>, <strong><span style=\"color: #0000ff\">Descubre<\/span><\/strong>, <strong><span style=\"color: #0000ff\">Conecta<\/span><\/strong> y <strong><span style=\"color: #0000ff\">Cuenta<\/span><\/strong>, <strong>inici\u00f3 la actualizaci\u00f3n a su imagen, con una interfaz m\u00e1s sobria y minimalista, en tonos blancos y ligeras modificaciones en sus iconos, tipograf\u00eda y herramientas<\/strong>.\u00a0Tambi\u00e9n se introducir\u00e1n los iconos de la versi\u00f3n m\u00f3vil en la plataforma de acceso web.\u00a0<strong>Uno de los cambios m\u00e1s significativos corresponde a la columna izquierda. \u00a0En ella se ver\u00e1n m\u00e1s detalles del perfil del usuario, como lo es la foto de fondo de la cabecera.<\/strong><\/p>\n<p style=\"text-align: center\"><span style=\"color: #0000ff\">LA ACTUALIZACI\u00d3N SE ENCUENTRA EN PROCESO Y SE ESPERA QUE EST\u00c9 DISPONIBLE PARA TODOS LOS USUARIOS EN LOS PR\u00d3XIMOS D\u00cdAS.\u00a0<\/span><\/p>\n<p style=\"text-align: justify\"><strong>Las diferentes redes sociales han ido cambiando aspectos de su dise\u00f1o tanto en versiones de escritorio como en las de m\u00f3viles.\u00a0En la cuenta oficial del sitio que permite enviar y publicar mensajes breves y fotograf\u00edas \u00a0precisa que la actualizaci\u00f3n busca reflejar la apariencia de las aplicaciones para las plataformas de Apple y de Google.\u00a0<\/strong><\/p>\n<p style=\"text-align: justify\">Que opinan kalochos \u00bf<strong>Est\u00e1n contentos de que este nuevo dise\u00f1o llegue al sitio web o se quedan con su antiguo dise\u00f1o<\/strong>? sus opiniones son muy importantes (:<\/p>\n<p style=\"text-align: justify\">Para mi en lo personal este dise\u00f1o me gusta m\u00e1s, no por los colores, si no por que estoy mas acostumbrada a la versi\u00f3n de IOS y es muy raro que yo conecte con el sitio web, pero realmente me gusta el cambio y <strong>esperemos que pronto este listo para usarlo<\/strong> (: Les mando muchos saludos.<\/p>\n<p style=\"text-align: justify\">@Cecidc_mat<\/p>\n","protected":false},"excerpt":{"rendered":"As\u00ed es Kalochos la red social creada por Jack Dorsey:\u00a0Twitter prepara una actualizaci\u00f3n de su interfaz en la&hellip;\n","protected":false},"author":57,"featured_media":9570,"comment_status":"open","ping_status":"open","sticky":false,"template":"","format":"standard","meta":{"jetpack_post_was_ever_published":false,"_jetpack_newsletter_access":"","_jetpack_dont_email_post_to_subs":false,"_jetpack_newsletter_tier_id":0,"_jetpack_memberships_contains_paywalled_content":false,"_jetpack_memberships_contains_paid_content":false,"footnotes":"","jetpack_publicize_message":"","jetpack_publicize_feature_enabled":true,"jetpack_social_post_already_shared":true,"jetpack_social_options":{"image_generator_settings":{"template":"highway","default_image_id":0,"font":"","enabled":false},"version":2}},"categories":[1],"tags":[],"class_list":{"0":"post-9565","1":"post","2":"type-post","3":"status-publish","4":"format-standard","5":"has-post-thumbnail","7":"category-sin-categoria","8":"cs-entry","9":"cs-video-wrap"},"yoast_head":"<!-- This site is optimized with the Yoast SEO plugin v27.5 - https:\/\/yoast.com\/product\/yoast-seo-wordpress\/ -->\n<title>Nuevo dise\u00f1o web para Twitter - Kalot<\/title>\n<meta name=\"description\" content=\"As\u00ed es Kalochos la red social creada por Jack Dorsey:\u00a0Twitter prepara una actualizaci\u00f3n de su interfaz en la web. Ahora lucir\u00e1 m\u00e1s similar a sus versiones\" \/>\n<meta name=\"robots\" content=\"index, follow, max-snippet:-1, max-image-preview:large, max-video-preview:-1\" \/>\n<link rel=\"canonical\" href=\"https:\/\/kalot.com.mx\/site\/2014\/01\/15\/nuevo-diseno-web-para-twitter\/\" \/>\n<meta property=\"og:locale\" content=\"es_MX\" \/>\n<meta property=\"og:type\" content=\"article\" \/>\n<meta property=\"og:title\" content=\"Nuevo dise\u00f1o web para Twitter - Kalot\" \/>\n<meta property=\"og:description\" content=\"As\u00ed es Kalochos la red social creada por Jack Dorsey:\u00a0Twitter prepara una actualizaci\u00f3n de su interfaz en la web. Ahora lucir\u00e1 m\u00e1s similar a sus versiones\" \/>\n<meta property=\"og:url\" content=\"https:\/\/kalot.com.mx\/site\/2014\/01\/15\/nuevo-diseno-web-para-twitter\/\" \/>\n<meta property=\"og:site_name\" content=\"Kalot\" \/>\n<meta property=\"article:publisher\" content=\"http:\/\/facebook.com\/mxkalot\" \/>\n<meta property=\"article:author\" content=\"https:\/\/www.facebook.com\/ceciMat\" \/>\n<meta property=\"article:published_time\" content=\"2014-01-15T21:18:05+00:00\" \/>\n<meta property=\"article:modified_time\" content=\"2017-12-20T21:54:08+00:00\" \/>\n<meta property=\"og:image\" content=\"https:\/\/i2.wp.com\/kalot.com.mx\/site\/wp-content\/uploads\/2014\/01\/Twitter2-600x400.jpg?fit=600%2C300&ssl=1\" \/>\n\t<meta property=\"og:image:width\" content=\"600\" \/>\n\t<meta property=\"og:image:height\" content=\"300\" \/>\n\t<meta property=\"og:image:type\" content=\"image\/jpeg\" \/>\n<meta name=\"author\" content=\"Cecilia Mata\" \/>\n<meta name=\"twitter:card\" content=\"summary_large_image\" \/>\n<meta name=\"twitter:creator\" content=\"@Cecidc_Mat\" \/>\n<meta name=\"twitter:site\" content=\"@kalotmx\" \/>\n<meta name=\"twitter:label1\" content=\"Escrito por\" \/>\n\t<meta name=\"twitter:data1\" content=\"Cecilia Mata\" \/>\n\t<meta name=\"twitter:label2\" content=\"Tiempo de lectura\" \/>\n\t<meta name=\"twitter:data2\" content=\"2 minutos\" \/>\n<!-- \/ Yoast SEO plugin. -->","yoast_head_json":{"title":"Nuevo dise\u00f1o web para Twitter - Kalot","description":"As\u00ed es Kalochos la red social creada por Jack Dorsey:\u00a0Twitter prepara una actualizaci\u00f3n de su interfaz en la web. Ahora lucir\u00e1 m\u00e1s similar a sus versiones","robots":{"index":"index","follow":"follow","max-snippet":"max-snippet:-1","max-image-preview":"max-image-preview:large","max-video-preview":"max-video-preview:-1"},"canonical":"https:\/\/kalot.com.mx\/site\/2014\/01\/15\/nuevo-diseno-web-para-twitter\/","og_locale":"es_MX","og_type":"article","og_title":"Nuevo dise\u00f1o web para Twitter - Kalot","og_description":"As\u00ed es Kalochos la red social creada por Jack Dorsey:\u00a0Twitter prepara una actualizaci\u00f3n de su interfaz en la web. Ahora lucir\u00e1 m\u00e1s similar a sus versiones","og_url":"https:\/\/kalot.com.mx\/site\/2014\/01\/15\/nuevo-diseno-web-para-twitter\/","og_site_name":"Kalot","article_publisher":"http:\/\/facebook.com\/mxkalot","article_author":"https:\/\/www.facebook.com\/ceciMat","article_published_time":"2014-01-15T21:18:05+00:00","article_modified_time":"2017-12-20T21:54:08+00:00","og_image":[{"width":600,"height":300,"url":"https:\/\/i2.wp.com\/kalot.com.mx\/site\/wp-content\/uploads\/2014\/01\/Twitter2-600x400.jpg?fit=600%2C300&ssl=1","type":"image\/jpeg"}],"author":"Cecilia Mata","twitter_card":"summary_large_image","twitter_creator":"@Cecidc_Mat","twitter_site":"@kalotmx","twitter_misc":{"Escrito por":"Cecilia Mata","Tiempo de lectura":"2 minutos"},"schema":{"@context":"https:\/\/schema.org","@graph":[{"@type":"Article","@id":"https:\/\/kalot.com.mx\/site\/2014\/01\/15\/nuevo-diseno-web-para-twitter\/#article","isPartOf":{"@id":"https:\/\/kalot.com.mx\/site\/2014\/01\/15\/nuevo-diseno-web-para-twitter\/"},"author":{"name":"Cecilia Mata","@id":"https:\/\/kalot.com.mx\/site\/#\/schema\/person\/451d1f280e69ef0abc9b72e87e137ccd"},"headline":"Nuevo dise\u00f1o web para Twitter","datePublished":"2014-01-15T21:18:05+00:00","dateModified":"2017-12-20T21:54:08+00:00","mainEntityOfPage":{"@id":"https:\/\/kalot.com.mx\/site\/2014\/01\/15\/nuevo-diseno-web-para-twitter\/"},"wordCount":431,"commentCount":0,"publisher":{"@id":"https:\/\/kalot.com.mx\/site\/#organization"},"image":{"@id":"https:\/\/kalot.com.mx\/site\/2014\/01\/15\/nuevo-diseno-web-para-twitter\/#primaryimage"},"thumbnailUrl":"https:\/\/i0.wp.com\/kalot.com.mx\/site\/wp-content\/uploads\/2014\/01\/Twitter2-600x400.jpg?fit=600%2C300&ssl=1","inLanguage":"es","potentialAction":[{"@type":"CommentAction","name":"Comment","target":["https:\/\/kalot.com.mx\/site\/2014\/01\/15\/nuevo-diseno-web-para-twitter\/#respond"]}]},{"@type":"WebPage","@id":"https:\/\/kalot.com.mx\/site\/2014\/01\/15\/nuevo-diseno-web-para-twitter\/","url":"https:\/\/kalot.com.mx\/site\/2014\/01\/15\/nuevo-diseno-web-para-twitter\/","name":"Nuevo dise\u00f1o web para Twitter - Kalot","isPartOf":{"@id":"https:\/\/kalot.com.mx\/site\/#website"},"primaryImageOfPage":{"@id":"https:\/\/kalot.com.mx\/site\/2014\/01\/15\/nuevo-diseno-web-para-twitter\/#primaryimage"},"image":{"@id":"https:\/\/kalot.com.mx\/site\/2014\/01\/15\/nuevo-diseno-web-para-twitter\/#primaryimage"},"thumbnailUrl":"https:\/\/i0.wp.com\/kalot.com.mx\/site\/wp-content\/uploads\/2014\/01\/Twitter2-600x400.jpg?fit=600%2C300&ssl=1","datePublished":"2014-01-15T21:18:05+00:00","dateModified":"2017-12-20T21:54:08+00:00","description":"As\u00ed es Kalochos la red social creada por Jack Dorsey:\u00a0Twitter prepara una actualizaci\u00f3n de su interfaz en la web. Ahora lucir\u00e1 m\u00e1s similar a sus versiones","breadcrumb":{"@id":"https:\/\/kalot.com.mx\/site\/2014\/01\/15\/nuevo-diseno-web-para-twitter\/#breadcrumb"},"inLanguage":"es","potentialAction":[{"@type":"ReadAction","target":["https:\/\/kalot.com.mx\/site\/2014\/01\/15\/nuevo-diseno-web-para-twitter\/"]}]},{"@type":"ImageObject","inLanguage":"es","@id":"https:\/\/kalot.com.mx\/site\/2014\/01\/15\/nuevo-diseno-web-para-twitter\/#primaryimage","url":"https:\/\/i0.wp.com\/kalot.com.mx\/site\/wp-content\/uploads\/2014\/01\/Twitter2-600x400.jpg?fit=600%2C300&ssl=1","contentUrl":"https:\/\/i0.wp.com\/kalot.com.mx\/site\/wp-content\/uploads\/2014\/01\/Twitter2-600x400.jpg?fit=600%2C300&ssl=1","width":600,"height":300},{"@type":"BreadcrumbList","@id":"https:\/\/kalot.com.mx\/site\/2014\/01\/15\/nuevo-diseno-web-para-twitter\/#breadcrumb","itemListElement":[{"@type":"ListItem","position":1,"name":"Home","item":"https:\/\/kalot.com.mx\/site\/"},{"@type":"ListItem","position":2,"name":"Nuevo dise\u00f1o web para Twitter"}]},{"@type":"WebSite","@id":"https:\/\/kalot.com.mx\/site\/#website","url":"https:\/\/kalot.com.mx\/site\/","name":"Kalot","description":"Conoce Todo Sobre Todo","publisher":{"@id":"https:\/\/kalot.com.mx\/site\/#organization"},"potentialAction":[{"@type":"SearchAction","target":{"@type":"EntryPoint","urlTemplate":"https:\/\/kalot.com.mx\/site\/?s={search_term_string}"},"query-input":{"@type":"PropertyValueSpecification","valueRequired":true,"valueName":"search_term_string"}}],"inLanguage":"es"},{"@type":"Organization","@id":"https:\/\/kalot.com.mx\/site\/#organization","name":"Kalot","url":"https:\/\/kalot.com.mx\/site\/","logo":{"@type":"ImageObject","inLanguage":"es","@id":"https:\/\/kalot.com.mx\/site\/#\/schema\/logo\/image\/","url":"https:\/\/i0.wp.com\/kalot.com.mx\/site\/wp-content\/uploads\/2020\/04\/Kalot-logo-sin-tagline.png?fit=1707%2C1014&ssl=1","contentUrl":"https:\/\/i0.wp.com\/kalot.com.mx\/site\/wp-content\/uploads\/2020\/04\/Kalot-logo-sin-tagline.png?fit=1707%2C1014&ssl=1","width":1707,"height":1014,"caption":"Kalot"},"image":{"@id":"https:\/\/kalot.com.mx\/site\/#\/schema\/logo\/image\/"},"sameAs":["http:\/\/facebook.com\/mxkalot","https:\/\/x.com\/kalotmx","http:\/\/instagram.com\/kalotmx","http:\/\/pinterest.com\/jorgeerana\/kalot"]},{"@type":"Person","@id":"https:\/\/kalot.com.mx\/site\/#\/schema\/person\/451d1f280e69ef0abc9b72e87e137ccd","name":"Cecilia Mata","image":{"@type":"ImageObject","inLanguage":"es","@id":"https:\/\/secure.gravatar.com\/avatar\/d537382201aa9a7e5477a07abbac65d123036652265c4569e812aae85d7be2df?s=96&d=mm&r=g","url":"https:\/\/secure.gravatar.com\/avatar\/d537382201aa9a7e5477a07abbac65d123036652265c4569e812aae85d7be2df?s=96&d=mm&r=g","contentUrl":"https:\/\/secure.gravatar.com\/avatar\/d537382201aa9a7e5477a07abbac65d123036652265c4569e812aae85d7be2df?s=96&d=mm&r=g","caption":"Cecilia Mata"},"description":"Estudiante de Ingenier\u00eda industrial. Un toque de geek. Me agrada conocer y aprender cosas nuevas.","sameAs":["https:\/\/www.facebook.com\/ceciMat","https:\/\/x.com\/Cecidc_Mat"],"url":"https:\/\/kalot.com.mx\/site\/author\/cecilia\/"}]}},"jetpack_publicize_connections":[],"jetpack_featured_media_url":"https:\/\/i0.wp.com\/kalot.com.mx\/site\/wp-content\/uploads\/2014\/01\/Twitter2-600x400.jpg?fit=600%2C300&ssl=1","jetpack_shortlink":"https:\/\/wp.me\/p6IHEI-2uh","jetpack-related-posts":[{"id":7716,"url":"https:\/\/kalot.com.mx\/site\/2013\/12\/11\/twitter-6-0-la-reciente-actualizacion-para-ios\/","url_meta":{"origin":9565,"position":0},"title":"Twitter 6.0 La reciente actualizaci\u00f3n para iOS","author":"Cecilia Mata","date":"11 diciembre, 2013","format":false,"excerpt":"Twitter ha lanzado su mas reciente actualizaci\u00f3n para iOS \u00a0la cual esta en su\u00a0versi\u00f3n\u00a06.0 con la que se incluye un redise\u00f1o de la interfaz para el\u00a0usuario. Con nueva apariencia la App de Twitter para iOS, tiene como novedad la opci\u00f3n de mandar fotograf\u00edas a trav\u00e9s de mensajes directos (DM). Algo\u2026","rel":"","context":"En &quot;Sin categor\u00eda&quot;","block_context":{"text":"Sin categor\u00eda","link":"https:\/\/kalot.com.mx\/site\/category\/sin-categoria\/"},"img":{"alt_text":"","src":"https:\/\/i0.wp.com\/kalot.com.mx\/site\/wp-content\/uploads\/2013\/12\/iphone-twitter-ios6.jpg?fit=600%2C600&ssl=1&resize=350%2C200","width":350,"height":200,"srcset":"https:\/\/i0.wp.com\/kalot.com.mx\/site\/wp-content\/uploads\/2013\/12\/iphone-twitter-ios6.jpg?fit=600%2C600&ssl=1&resize=350%2C200 1x, https:\/\/i0.wp.com\/kalot.com.mx\/site\/wp-content\/uploads\/2013\/12\/iphone-twitter-ios6.jpg?fit=600%2C600&ssl=1&resize=525%2C300 1.5x"},"classes":[]},{"id":16819,"url":"https:\/\/kalot.com.mx\/site\/2014\/06\/18\/twitter-ya-permite-usar-gifs-en-web-y-apps-oficiales\/","url_meta":{"origin":9565,"position":1},"title":"Twitter ya permite usar GIFS en web y apps oficiales","author":"Jorge Era\u00f1a","date":"18 junio, 2014","format":false,"excerpt":"As\u00ed es, Twitter ya permite ver GIFS directamente en sus apps m\u00f3viles para iOS y Android as\u00ed como para la web y aplicaciones oficiales como Tweetdeck. A partir de hoy ya podr\u00e1s ver todos tus GIFS favoritos dentro cuando utilices Twitter siempre y cuando lo hagas desde sus apps oficiales\u2026","rel":"","context":"Entrada similar ","block_context":{"text":"Entrada similar ","link":""},"img":{"alt_text":"twitter gifs","src":"https:\/\/i0.wp.com\/kalot.com.mx\/site\/wp-content\/uploads\/2014\/06\/45_dribbble-twitter.gif?fit=800%2C600&ssl=1&resize=350%2C200","width":350,"height":200,"srcset":"https:\/\/i0.wp.com\/kalot.com.mx\/site\/wp-content\/uploads\/2014\/06\/45_dribbble-twitter.gif?fit=800%2C600&ssl=1&resize=350%2C200 1x, https:\/\/i0.wp.com\/kalot.com.mx\/site\/wp-content\/uploads\/2014\/06\/45_dribbble-twitter.gif?fit=800%2C600&ssl=1&resize=525%2C300 1.5x, https:\/\/i0.wp.com\/kalot.com.mx\/site\/wp-content\/uploads\/2014\/06\/45_dribbble-twitter.gif?fit=800%2C600&ssl=1&resize=700%2C400 2x"},"classes":[]},{"id":14584,"url":"https:\/\/kalot.com.mx\/site\/2014\/04\/08\/nuevo-diseno-twitter\/","url_meta":{"origin":9565,"position":2},"title":"Nuevo dise\u00f1o de Twitter, otra vez","author":"Jorge Era\u00f1a","date":"8 abril, 2014","format":false,"excerpt":"Al parecer Twitter sigue insistiendo en cambiar y cambiar cada vez m\u00e1s y es por eso que hoy nos presenta un nuevo dise\u00f1o que desafortunadamente para muchos se parece cada vez m\u00e1s a lo que viene haciendo Facebook desde hace mucho tiempo. Probablemente se trate de una tendencia en dise\u00f1o\u2026","rel":"","context":"En &quot;Sin categor\u00eda&quot;","block_context":{"text":"Sin categor\u00eda","link":"https:\/\/kalot.com.mx\/site\/category\/sin-categoria\/"},"img":{"alt_text":"","src":"https:\/\/i0.wp.com\/kalot.com.mx\/site\/wp-content\/uploads\/2014\/04\/Twitter-dise%C3%B1o.jpg?fit=800%2C400&ssl=1&resize=350%2C200","width":350,"height":200,"srcset":"https:\/\/i0.wp.com\/kalot.com.mx\/site\/wp-content\/uploads\/2014\/04\/Twitter-dise%C3%B1o.jpg?fit=800%2C400&ssl=1&resize=350%2C200 1x, https:\/\/i0.wp.com\/kalot.com.mx\/site\/wp-content\/uploads\/2014\/04\/Twitter-dise%C3%B1o.jpg?fit=800%2C400&ssl=1&resize=525%2C300 1.5x, https:\/\/i0.wp.com\/kalot.com.mx\/site\/wp-content\/uploads\/2014\/04\/Twitter-dise%C3%B1o.jpg?fit=800%2C400&ssl=1&resize=700%2C400 2x"},"classes":[]},{"id":1459,"url":"https:\/\/kalot.com.mx\/site\/2013\/09\/12\/meetandtweet-busca-conocer-todos-sus-seguidores-en-twitter-te-animas\/","url_meta":{"origin":9565,"position":3},"title":"#MeetAndTweet busca conocer a todos sus seguidores en Twitter, \u00bfTe animas?","author":"Jorge Era\u00f1a","date":"12 septiembre, 2013","format":false,"excerpt":"La nueva tarea y objetivo principal de Declan Dineen\u00a0es poder conocer en \"persona\" a todos sus seguidores en su red social Twitter. Por ello, se di\u00f3 a la tarea de conocer a todos sus seguidores en persona, los que sean locales; y por via Skype, a todos los internacionales. El\u2026","rel":"","context":"En &quot;Sin categor\u00eda&quot;","block_context":{"text":"Sin categor\u00eda","link":"https:\/\/kalot.com.mx\/site\/category\/sin-categoria\/"},"img":{"alt_text":"","src":"https:\/\/i0.wp.com\/kalot.com.mx\/site\/wp-content\/uploads\/2013\/09\/declan-dineen-twitter-followers-meeting.jpg?fit=650%2C389&ssl=1&resize=350%2C200","width":350,"height":200,"srcset":"https:\/\/i0.wp.com\/kalot.com.mx\/site\/wp-content\/uploads\/2013\/09\/declan-dineen-twitter-followers-meeting.jpg?fit=650%2C389&ssl=1&resize=350%2C200 1x, https:\/\/i0.wp.com\/kalot.com.mx\/site\/wp-content\/uploads\/2013\/09\/declan-dineen-twitter-followers-meeting.jpg?fit=650%2C389&ssl=1&resize=525%2C300 1.5x"},"classes":[]},{"id":1932,"url":"https:\/\/kalot.com.mx\/site\/2013\/09\/18\/twitter-ya-lista-para-iniciar-actividades-en-la-bolsa-de-valores\/","url_meta":{"origin":9565,"position":4},"title":"Twitter ya lista para iniciar actividades en la Bolsa de Valores","author":"Jorge Era\u00f1a","date":"18 septiembre, 2013","format":false,"excerpt":"We\u2019ve confidentially submitted an S-1 to the SEC for a planned IPO. This Tweet does not constitute an offer of any securities for sale. \u2014 Twitter (@twitter) September 12, 2013 Pues al parecer la red de microblogging tiene todo listo para entrara la bolsa de valores de los Estados Unidos,\u2026","rel":"","context":"Entrada similar ","block_context":{"text":"Entrada similar ","link":""},"img":{"alt_text":"","src":"https:\/\/i0.wp.com\/kalot.com.mx\/site\/wp-content\/uploads\/2013\/09\/Twitter-cotiza-bolsa.jpg?fit=800%2C314&ssl=1&resize=350%2C200","width":350,"height":200,"srcset":"https:\/\/i0.wp.com\/kalot.com.mx\/site\/wp-content\/uploads\/2013\/09\/Twitter-cotiza-bolsa.jpg?fit=800%2C314&ssl=1&resize=350%2C200 1x, https:\/\/i0.wp.com\/kalot.com.mx\/site\/wp-content\/uploads\/2013\/09\/Twitter-cotiza-bolsa.jpg?fit=800%2C314&ssl=1&resize=525%2C300 1.5x, https:\/\/i0.wp.com\/kalot.com.mx\/site\/wp-content\/uploads\/2013\/09\/Twitter-cotiza-bolsa.jpg?fit=800%2C314&ssl=1&resize=700%2C400 2x"},"classes":[]},{"id":7536,"url":"https:\/\/kalot.com.mx\/site\/2013\/12\/03\/la-evolucion-de-un-grande-adios-a-la-ballena-de-twitter\/","url_meta":{"origin":9565,"position":5},"title":"La evoluci\u00f3n de un grande, Adi\u00f3s a la Ballena de Twitter","author":"Edgar Villanueva","date":"3 diciembre, 2013","format":false,"excerpt":"Muchos de los usuarios de Twitter (por no decir que todos) se encontraron por lo menos en una ocasi\u00f3n con la inconfundible \u201cFail Whale\u201d que aparec\u00eda cada vez que el flujo de tuits sobrepasaba la capacidad que tenia el servidor de la \u00a0red social. Fue una idea\u00a0 muy inteligente por\u2026","rel":"","context":"En &quot;Sin categor\u00eda&quot;","block_context":{"text":"Sin categor\u00eda","link":"https:\/\/kalot.com.mx\/site\/category\/sin-categoria\/"},"img":{"alt_text":"","src":"https:\/\/i0.wp.com\/kalot.com.mx\/site\/wp-content\/uploads\/2013\/12\/failwhale.gif?fit=800%2C432&ssl=1&resize=350%2C200","width":350,"height":200,"srcset":"https:\/\/i0.wp.com\/kalot.com.mx\/site\/wp-content\/uploads\/2013\/12\/failwhale.gif?fit=800%2C432&ssl=1&resize=350%2C200 1x, https:\/\/i0.wp.com\/kalot.com.mx\/site\/wp-content\/uploads\/2013\/12\/failwhale.gif?fit=800%2C432&ssl=1&resize=525%2C300 1.5x, https:\/\/i0.wp.com\/kalot.com.mx\/site\/wp-content\/uploads\/2013\/12\/failwhale.gif?fit=800%2C432&ssl=1&resize=700%2C400 2x"},"classes":[]}],"jetpack_sharing_enabled":true,"_links":{"self":[{"href":"https:\/\/kalot.com.mx\/site\/wp-json\/wp\/v2\/posts\/9565","targetHints":{"allow":["GET"]}}],"collection":[{"href":"https:\/\/kalot.com.mx\/site\/wp-json\/wp\/v2\/posts"}],"about":[{"href":"https:\/\/kalot.com.mx\/site\/wp-json\/wp\/v2\/types\/post"}],"author":[{"embeddable":true,"href":"https:\/\/kalot.com.mx\/site\/wp-json\/wp\/v2\/users\/57"}],"replies":[{"embeddable":true,"href":"https:\/\/kalot.com.mx\/site\/wp-json\/wp\/v2\/comments?post=9565"}],"version-history":[{"count":15,"href":"https:\/\/kalot.com.mx\/site\/wp-json\/wp\/v2\/posts\/9565\/revisions"}],"predecessor-version":[{"id":29853,"href":"https:\/\/kalot.com.mx\/site\/wp-json\/wp\/v2\/posts\/9565\/revisions\/29853"}],"wp:featuredmedia":[{"embeddable":true,"href":"https:\/\/kalot.com.mx\/site\/wp-json\/wp\/v2\/media\/9570"}],"wp:attachment":[{"href":"https:\/\/kalot.com.mx\/site\/wp-json\/wp\/v2\/media?parent=9565"}],"wp:term":[{"taxonomy":"category","embeddable":true,"href":"https:\/\/kalot.com.mx\/site\/wp-json\/wp\/v2\/categories?post=9565"},{"taxonomy":"post_tag","embeddable":true,"href":"https:\/\/kalot.com.mx\/site\/wp-json\/wp\/v2\/tags?post=9565"}],"curies":[{"name":"wp","href":"https:\/\/api.w.org\/{rel}","templated":true}]}}