{"id":949,"date":"2013-09-07T09:26:46","date_gmt":"2013-09-07T14:26:46","guid":{"rendered":"http:\/\/www.kalot.com.mx\/?p=949"},"modified":"2017-12-20T15:53:59","modified_gmt":"2017-12-20T21:53:59","slug":"de-verguenza-termina-la-era-chepo","status":"publish","type":"post","link":"https:\/\/kalot.com.mx\/site\/2013\/09\/07\/de-verguenza-termina-la-era-chepo\/","title":{"rendered":"De verg\u00fcenza. Termina la era Chepo."},"content":{"rendered":"<p><a href=\"https:\/\/i0.wp.com\/www.kalot.com.mx\/wp-content\/uploads\/2013\/09\/jose-manuel-de-la-torre_22-615x400.jpg\"><img fetchpriority=\"high\" decoding=\"async\" data-attachment-id=\"950\" data-permalink=\"https:\/\/kalot.com.mx\/site\/2013\/09\/07\/de-verguenza-termina-la-era-chepo\/jose-manuel-de-la-torre_22-615x400\/\" data-orig-file=\"https:\/\/i0.wp.com\/kalot.com.mx\/site\/wp-content\/uploads\/2013\/09\/jose-manuel-de-la-torre_22-615x400.jpg?fit=615%2C400&amp;ssl=1\" data-orig-size=\"615,400\" data-comments-opened=\"1\" data-image-meta=\"{&quot;aperture&quot;:&quot;0&quot;,&quot;credit&quot;:&quot;&quot;,&quot;camera&quot;:&quot;&quot;,&quot;caption&quot;:&quot;&quot;,&quot;created_timestamp&quot;:&quot;0&quot;,&quot;copyright&quot;:&quot;&quot;,&quot;focal_length&quot;:&quot;0&quot;,&quot;iso&quot;:&quot;0&quot;,&quot;shutter_speed&quot;:&quot;0&quot;,&quot;title&quot;:&quot;&quot;}\" data-image-title=\"jose-manuel-de-la-torre_22-615&amp;#215;400\" data-image-description=\"\" data-image-caption=\"\" data-large-file=\"https:\/\/i0.wp.com\/kalot.com.mx\/site\/wp-content\/uploads\/2013\/09\/jose-manuel-de-la-torre_22-615x400.jpg?fit=615%2C400&amp;ssl=1\" class=\"alignnone size-medium wp-image-950\" alt=\"jose-manuel-de-la-torre_22-615x400\" src=\"https:\/\/i0.wp.com\/kalot.com.mx\/site\/wp-content\/uploads\/2013\/08\/blogging-for-a-company2.jpg?fit=300%2C200&#038;ssl=1\" width=\"300\" height=\"200\" \/><\/a><\/p>\n<p>El ciclo de Jos\u00e9 Manuel de la Torre al frente de la Selecci\u00f3n Nacional termin\u00f3. La paciencia de los directivos que iban a \u201cmuerte\u201d con el Chepo en su camino hacia el mundial, se agot\u00f3. El \u201cAztecazo\u201d conseguido anoche por el cuadro hondure\u00f1o fue la bomba que hizo entrar en raz\u00f3n a la FEMEXFUT que la madrugada de este s\u00e1bado decidi\u00f3 destituirlo.<\/p>\n<p>A tres d\u00edas para el compromiso contra Estados Unidos, Luis Fernando Tena va a ser el encargado de encarrilar al TRI, que el d\u00eda de hoy se encuentra en la gris zona de repechaje y con las visitas a Estados Unidos y Costa Rica pendientes.<\/p>\n<p>M\u00e1s vale tarde que nunca, pero en este caso los focos rojos estaban prendidos desde hace 8 meses. Tras pasar &#8220;caminando&#8221; la fase previa al Hexagonal, los empates en el Azteca con Jamaica y Estados Unidos, los fracasos en Copa Confederaciones y Copa Oro, jugadores declinando formar parte del seleccionado, m\u00e1s la falta de un planteamiento que no fuera tan predecible, nos dejaban ver que si no se hac\u00eda algo a tiempo, nos ver\u00edamos en los mismos apuros que hace cuatro a\u00f1os.<\/p>\n<p>Para detectar todas estas situaciones y tomar decisiones correctivas existe gente que &#8220;sabe&#8221; de f\u00fatbol. \u00bfEra necesario llegar a este extremo? En toda la afici\u00f3n cala hondo el hecho de que la hist\u00f3rica casa del TRI, el temido coloso inquebrantable, en el que por muy mal que viniera jugando la selecci\u00f3n, siempre se crec\u00eda y sacaba la casta para seguir siendo intocable de local, se pierda. Esa ambici\u00f3n que mostr\u00f3 Honduras por querer llevarse la victoria, es la que desde hace ya casi un a\u00f1o perdi\u00f3 la selecci\u00f3n mexicana. Pocos d\u00edas para cambiar, pocos juegos para mejorar, pero lo que se necesita est\u00e1 claro: compromiso y ganas de &#8220;partirsela&#8221; por parte de jugadores, cuerpo t\u00e9cnico y directivos.<\/p>\n<p>47 juegos, 27 triunfos, 12 empates, 8 derrotas, un equipo al que nadie respeta en el Azteca y la clasificaci\u00f3n al mundial pendiendo de un hilo, el legado del Chepo.<\/p>\n<p>Tu turno, Tena, s\u00e1lvanos de este suplicio.<\/p>\n","protected":false},"excerpt":{"rendered":"El ciclo de Jos\u00e9 Manuel de la Torre al frente de la Selecci\u00f3n Nacional termin\u00f3. La paciencia de&hellip;\n","protected":false},"author":17,"featured_media":950,"comment_status":"open","ping_status":"open","sticky":false,"template":"","format":"standard","meta":{"jetpack_post_was_ever_published":false,"_jetpack_newsletter_access":"","_jetpack_dont_email_post_to_subs":false,"_jetpack_newsletter_tier_id":0,"_jetpack_memberships_contains_paywalled_content":false,"_jetpack_memberships_contains_paid_content":false,"footnotes":"","jetpack_publicize_message":"","jetpack_publicize_feature_enabled":true,"jetpack_social_post_already_shared":true,"jetpack_social_options":{"image_generator_settings":{"template":"highway","default_image_id":0,"font":"","enabled":false},"version":2}},"categories":[1],"tags":[],"class_list":{"0":"post-949","1":"post","2":"type-post","3":"status-publish","4":"format-standard","5":"has-post-thumbnail","7":"category-sin-categoria","8":"cs-entry","9":"cs-video-wrap"},"yoast_head":"<!-- This site is optimized with the Yoast SEO plugin v27.4 - https:\/\/yoast.com\/product\/yoast-seo-wordpress\/ -->\n<title>De verg\u00fcenza. Termina la era Chepo. - Kalot<\/title>\n<meta name=\"description\" content=\"El ciclo de Jos\u00e9 Manuel de la Torre al frente de la Selecci\u00f3n Nacional termin\u00f3. La paciencia de los directivos que iban a \u201cmuerte\u201d con el Chepo en su\" \/>\n<meta name=\"robots\" content=\"index, follow, max-snippet:-1, max-image-preview:large, max-video-preview:-1\" \/>\n<link rel=\"canonical\" href=\"https:\/\/kalot.com.mx\/site\/2013\/09\/07\/de-verguenza-termina-la-era-chepo\/\" \/>\n<meta property=\"og:locale\" content=\"es_MX\" \/>\n<meta property=\"og:type\" content=\"article\" \/>\n<meta property=\"og:title\" content=\"De verg\u00fcenza. Termina la era Chepo. - Kalot\" \/>\n<meta property=\"og:description\" content=\"El ciclo de Jos\u00e9 Manuel de la Torre al frente de la Selecci\u00f3n Nacional termin\u00f3. La paciencia de los directivos que iban a \u201cmuerte\u201d con el Chepo en su\" \/>\n<meta property=\"og:url\" content=\"https:\/\/kalot.com.mx\/site\/2013\/09\/07\/de-verguenza-termina-la-era-chepo\/\" \/>\n<meta property=\"og:site_name\" content=\"Kalot\" \/>\n<meta property=\"article:publisher\" content=\"http:\/\/facebook.com\/mxkalot\" \/>\n<meta property=\"article:published_time\" content=\"2013-09-07T14:26:46+00:00\" \/>\n<meta property=\"article:modified_time\" content=\"2017-12-20T21:53:59+00:00\" \/>\n<meta property=\"og:image\" content=\"https:\/\/i2.wp.com\/kalot.com.mx\/site\/wp-content\/uploads\/2013\/09\/jose-manuel-de-la-torre_22-615x400.jpg?fit=615%2C400&ssl=1\" \/>\n\t<meta property=\"og:image:width\" content=\"615\" \/>\n\t<meta property=\"og:image:height\" content=\"400\" \/>\n\t<meta property=\"og:image:type\" content=\"image\/jpeg\" \/>\n<meta name=\"author\" content=\"Daniel Mar\" \/>\n<meta name=\"twitter:card\" content=\"summary_large_image\" \/>\n<meta name=\"twitter:creator\" content=\"@kalotmx\" \/>\n<meta name=\"twitter:site\" content=\"@kalotmx\" \/>\n<meta name=\"twitter:label1\" content=\"Escrito por\" \/>\n\t<meta name=\"twitter:data1\" content=\"Daniel Mar\" \/>\n\t<meta name=\"twitter:label2\" content=\"Tiempo de lectura\" \/>\n\t<meta name=\"twitter:data2\" content=\"2 minutos\" \/>\n<!-- \/ Yoast SEO plugin. -->","yoast_head_json":{"title":"De verg\u00fcenza. Termina la era Chepo. - Kalot","description":"El ciclo de Jos\u00e9 Manuel de la Torre al frente de la Selecci\u00f3n Nacional termin\u00f3. La paciencia de los directivos que iban a \u201cmuerte\u201d con el Chepo en su","robots":{"index":"index","follow":"follow","max-snippet":"max-snippet:-1","max-image-preview":"max-image-preview:large","max-video-preview":"max-video-preview:-1"},"canonical":"https:\/\/kalot.com.mx\/site\/2013\/09\/07\/de-verguenza-termina-la-era-chepo\/","og_locale":"es_MX","og_type":"article","og_title":"De verg\u00fcenza. Termina la era Chepo. - Kalot","og_description":"El ciclo de Jos\u00e9 Manuel de la Torre al frente de la Selecci\u00f3n Nacional termin\u00f3. La paciencia de los directivos que iban a \u201cmuerte\u201d con el Chepo en su","og_url":"https:\/\/kalot.com.mx\/site\/2013\/09\/07\/de-verguenza-termina-la-era-chepo\/","og_site_name":"Kalot","article_publisher":"http:\/\/facebook.com\/mxkalot","article_published_time":"2013-09-07T14:26:46+00:00","article_modified_time":"2017-12-20T21:53:59+00:00","og_image":[{"width":615,"height":400,"url":"https:\/\/i2.wp.com\/kalot.com.mx\/site\/wp-content\/uploads\/2013\/09\/jose-manuel-de-la-torre_22-615x400.jpg?fit=615%2C400&ssl=1","type":"image\/jpeg"}],"author":"Daniel Mar","twitter_card":"summary_large_image","twitter_creator":"@kalotmx","twitter_site":"@kalotmx","twitter_misc":{"Escrito por":"Daniel Mar","Tiempo de lectura":"2 minutos"},"schema":{"@context":"https:\/\/schema.org","@graph":[{"@type":"Article","@id":"https:\/\/kalot.com.mx\/site\/2013\/09\/07\/de-verguenza-termina-la-era-chepo\/#article","isPartOf":{"@id":"https:\/\/kalot.com.mx\/site\/2013\/09\/07\/de-verguenza-termina-la-era-chepo\/"},"author":{"name":"Daniel Mar","@id":"https:\/\/kalot.com.mx\/site\/#\/schema\/person\/399e73ddfb9746a689b42f37346a4d1a"},"headline":"De verg\u00fcenza. Termina la era Chepo.","datePublished":"2013-09-07T14:26:46+00:00","dateModified":"2017-12-20T21:53:59+00:00","mainEntityOfPage":{"@id":"https:\/\/kalot.com.mx\/site\/2013\/09\/07\/de-verguenza-termina-la-era-chepo\/"},"wordCount":368,"commentCount":0,"publisher":{"@id":"https:\/\/kalot.com.mx\/site\/#organization"},"image":{"@id":"https:\/\/kalot.com.mx\/site\/2013\/09\/07\/de-verguenza-termina-la-era-chepo\/#primaryimage"},"thumbnailUrl":"https:\/\/i0.wp.com\/kalot.com.mx\/site\/wp-content\/uploads\/2013\/09\/jose-manuel-de-la-torre_22-615x400.jpg?fit=615%2C400&ssl=1","inLanguage":"es","potentialAction":[{"@type":"CommentAction","name":"Comment","target":["https:\/\/kalot.com.mx\/site\/2013\/09\/07\/de-verguenza-termina-la-era-chepo\/#respond"]}]},{"@type":"WebPage","@id":"https:\/\/kalot.com.mx\/site\/2013\/09\/07\/de-verguenza-termina-la-era-chepo\/","url":"https:\/\/kalot.com.mx\/site\/2013\/09\/07\/de-verguenza-termina-la-era-chepo\/","name":"De verg\u00fcenza. Termina la era Chepo. - Kalot","isPartOf":{"@id":"https:\/\/kalot.com.mx\/site\/#website"},"primaryImageOfPage":{"@id":"https:\/\/kalot.com.mx\/site\/2013\/09\/07\/de-verguenza-termina-la-era-chepo\/#primaryimage"},"image":{"@id":"https:\/\/kalot.com.mx\/site\/2013\/09\/07\/de-verguenza-termina-la-era-chepo\/#primaryimage"},"thumbnailUrl":"https:\/\/i0.wp.com\/kalot.com.mx\/site\/wp-content\/uploads\/2013\/09\/jose-manuel-de-la-torre_22-615x400.jpg?fit=615%2C400&ssl=1","datePublished":"2013-09-07T14:26:46+00:00","dateModified":"2017-12-20T21:53:59+00:00","description":"El ciclo de Jos\u00e9 Manuel de la Torre al frente de la Selecci\u00f3n Nacional termin\u00f3. La paciencia de los directivos que iban a \u201cmuerte\u201d con el Chepo en su","breadcrumb":{"@id":"https:\/\/kalot.com.mx\/site\/2013\/09\/07\/de-verguenza-termina-la-era-chepo\/#breadcrumb"},"inLanguage":"es","potentialAction":[{"@type":"ReadAction","target":["https:\/\/kalot.com.mx\/site\/2013\/09\/07\/de-verguenza-termina-la-era-chepo\/"]}]},{"@type":"ImageObject","inLanguage":"es","@id":"https:\/\/kalot.com.mx\/site\/2013\/09\/07\/de-verguenza-termina-la-era-chepo\/#primaryimage","url":"https:\/\/i0.wp.com\/kalot.com.mx\/site\/wp-content\/uploads\/2013\/09\/jose-manuel-de-la-torre_22-615x400.jpg?fit=615%2C400&ssl=1","contentUrl":"https:\/\/i0.wp.com\/kalot.com.mx\/site\/wp-content\/uploads\/2013\/09\/jose-manuel-de-la-torre_22-615x400.jpg?fit=615%2C400&ssl=1","width":615,"height":400},{"@type":"BreadcrumbList","@id":"https:\/\/kalot.com.mx\/site\/2013\/09\/07\/de-verguenza-termina-la-era-chepo\/#breadcrumb","itemListElement":[{"@type":"ListItem","position":1,"name":"Home","item":"https:\/\/kalot.com.mx\/site\/"},{"@type":"ListItem","position":2,"name":"De verg\u00fcenza. Termina la era Chepo."}]},{"@type":"WebSite","@id":"https:\/\/kalot.com.mx\/site\/#website","url":"https:\/\/kalot.com.mx\/site\/","name":"Kalot","description":"Conoce Todo Sobre Todo","publisher":{"@id":"https:\/\/kalot.com.mx\/site\/#organization"},"potentialAction":[{"@type":"SearchAction","target":{"@type":"EntryPoint","urlTemplate":"https:\/\/kalot.com.mx\/site\/?s={search_term_string}"},"query-input":{"@type":"PropertyValueSpecification","valueRequired":true,"valueName":"search_term_string"}}],"inLanguage":"es"},{"@type":"Organization","@id":"https:\/\/kalot.com.mx\/site\/#organization","name":"Kalot","url":"https:\/\/kalot.com.mx\/site\/","logo":{"@type":"ImageObject","inLanguage":"es","@id":"https:\/\/kalot.com.mx\/site\/#\/schema\/logo\/image\/","url":"https:\/\/i0.wp.com\/kalot.com.mx\/site\/wp-content\/uploads\/2020\/04\/Kalot-logo-sin-tagline.png?fit=1707%2C1014&ssl=1","contentUrl":"https:\/\/i0.wp.com\/kalot.com.mx\/site\/wp-content\/uploads\/2020\/04\/Kalot-logo-sin-tagline.png?fit=1707%2C1014&ssl=1","width":1707,"height":1014,"caption":"Kalot"},"image":{"@id":"https:\/\/kalot.com.mx\/site\/#\/schema\/logo\/image\/"},"sameAs":["http:\/\/facebook.com\/mxkalot","https:\/\/x.com\/kalotmx","http:\/\/instagram.com\/kalotmx","http:\/\/pinterest.com\/jorgeerana\/kalot"]},{"@type":"Person","@id":"https:\/\/kalot.com.mx\/site\/#\/schema\/person\/399e73ddfb9746a689b42f37346a4d1a","name":"Daniel Mar","image":{"@type":"ImageObject","inLanguage":"es","@id":"https:\/\/secure.gravatar.com\/avatar\/46fb1154a3483490cc0a9f48d95f23077ece02aab760045dd43b260f89061725?s=96&d=mm&r=g","url":"https:\/\/secure.gravatar.com\/avatar\/46fb1154a3483490cc0a9f48d95f23077ece02aab760045dd43b260f89061725?s=96&d=mm&r=g","contentUrl":"https:\/\/secure.gravatar.com\/avatar\/46fb1154a3483490cc0a9f48d95f23077ece02aab760045dd43b260f89061725?s=96&d=mm&r=g","caption":"Daniel Mar"},"sameAs":["https:\/\/twitter.com\/DaniielMar"],"url":"https:\/\/kalot.com.mx\/site\/author\/daniel\/"}]}},"jetpack_publicize_connections":[],"jetpack_featured_media_url":"https:\/\/i0.wp.com\/kalot.com.mx\/site\/wp-content\/uploads\/2013\/09\/jose-manuel-de-la-torre_22-615x400.jpg?fit=615%2C400&ssl=1","jetpack_shortlink":"https:\/\/wp.me\/p6IHEI-fj","jetpack-related-posts":[{"id":1294,"url":"https:\/\/kalot.com.mx\/site\/2013\/09\/10\/y-bueno-amigos-mexicanos-lo-importante-es-que-tenemos-salud\/","url_meta":{"origin":949,"position":0},"title":"Y bueno amigos mexicanos, lo importante es que tenemos salud.","author":"Nancy Huerta","date":"10 septiembre, 2013","format":false,"excerpt":"Despu\u00e9s del encuentro que tuvo hace unos momentos la selecci\u00f3n Mexicana contra Estados Unidos, no queda nada m\u00e1s que decir, un partido que comenz\u00f3 bien, buenos remates, suficientes intentos para el gol, pero en la vida no bastan los intentos, todos sabemos que no ha sido el mejor a\u00f1o para\u2026","rel":"","context":"Entrada similar ","block_context":{"text":"Entrada similar ","link":""},"img":{"alt_text":"","src":"https:\/\/i0.wp.com\/kalot.com.mx\/site\/wp-content\/uploads\/2013\/09\/562599-N.jpg?fit=710%2C485&ssl=1&resize=350%2C200","width":350,"height":200,"srcset":"https:\/\/i0.wp.com\/kalot.com.mx\/site\/wp-content\/uploads\/2013\/09\/562599-N.jpg?fit=710%2C485&ssl=1&resize=350%2C200 1x, https:\/\/i0.wp.com\/kalot.com.mx\/site\/wp-content\/uploads\/2013\/09\/562599-N.jpg?fit=710%2C485&ssl=1&resize=525%2C300 1.5x, https:\/\/i0.wp.com\/kalot.com.mx\/site\/wp-content\/uploads\/2013\/09\/562599-N.jpg?fit=710%2C485&ssl=1&resize=700%2C400 2x"},"classes":[]},{"id":896,"url":"https:\/\/kalot.com.mx\/site\/2013\/09\/06\/con-o-sin-leguminosa\/","url_meta":{"origin":949,"position":1},"title":"\u00bfCon o sin leguminosa?","author":"Daniel Mar","date":"6 septiembre, 2013","format":false,"excerpt":"Faltan unas horas para que\u00a0la selecci\u00f3n mexicana\u00a0comience a escalar su particular cuesta de septiembre. El entrenador, Jos\u00e9 Manuel \u201cChepo\u201d de la Torre, se juega m\u00e1s que tres puntos. Su equipo necesita no s\u00f3lo ganar sino convencer con el fin de poder disipar las dudas generadas en los \u00faltimos meses. Dudas\u2026","rel":"","context":"Entrada similar ","block_context":{"text":"Entrada similar ","link":""},"img":{"alt_text":"","src":"https:\/\/i0.wp.com\/kalot.com.mx\/site\/wp-content\/uploads\/2013\/09\/ch1.jpg?fit=665%2C296&ssl=1&resize=350%2C200","width":350,"height":200,"srcset":"https:\/\/i0.wp.com\/kalot.com.mx\/site\/wp-content\/uploads\/2013\/09\/ch1.jpg?fit=665%2C296&ssl=1&resize=350%2C200 1x, https:\/\/i0.wp.com\/kalot.com.mx\/site\/wp-content\/uploads\/2013\/09\/ch1.jpg?fit=665%2C296&ssl=1&resize=525%2C300 1.5x"},"classes":[]},{"id":9292,"url":"https:\/\/kalot.com.mx\/site\/2014\/01\/10\/los-juegos-del-hambre-en-llamas-se-convierte-en-la-pelicula-mas-taquillera-del-2013-en-estados-unidos\/","url_meta":{"origin":949,"position":2},"title":"Los juegos del hambre: En Llamas se convierte en la pel\u00edcula m\u00e1s taquillera del 2013 en Estados Unidos.","author":"Ivan Mendez","date":"10 enero, 2014","format":false,"excerpt":"El 22 de noviembre ya parece lejano, ese d\u00eda en que se estren\u00f3 a nivel mundial la segunda parte de la trilog\u00eda de los juegos del hambre sin embargo sus triunfos siguen alcanz\u00e1ndonos aun este joven a\u00f1o. En los recientes a\u00f1os y despu\u00e9s de la saga Harry Potter se han\u2026","rel":"","context":"Entrada similar ","block_context":{"text":"Entrada similar ","link":""},"img":{"alt_text":"","src":"https:\/\/i0.wp.com\/kalot.com.mx\/site\/wp-content\/uploads\/2014\/01\/The-Hunger-Games-Catching-Fire-soundtrack-608x608.jpg?fit=608%2C608&ssl=1&resize=350%2C200","width":350,"height":200,"srcset":"https:\/\/i0.wp.com\/kalot.com.mx\/site\/wp-content\/uploads\/2014\/01\/The-Hunger-Games-Catching-Fire-soundtrack-608x608.jpg?fit=608%2C608&ssl=1&resize=350%2C200 1x, https:\/\/i0.wp.com\/kalot.com.mx\/site\/wp-content\/uploads\/2014\/01\/The-Hunger-Games-Catching-Fire-soundtrack-608x608.jpg?fit=608%2C608&ssl=1&resize=525%2C300 1.5x"},"classes":[]},{"id":450,"url":"https:\/\/kalot.com.mx\/site\/2013\/09\/03\/eugenio-derbez-un-exito-en-estados-unidos\/","url_meta":{"origin":949,"position":3},"title":"Eugenio Derbez, un \u00e9xito en Estados Unidos","author":"Jorge Era\u00f1a","date":"3 septiembre, 2013","format":false,"excerpt":"Eugenio Derbez est\u00e1 debutado en Estados Unidos con su nueva pel\u00edcula Instructions Not Included (No se aceptan devoluciones), una\u00a0comedia que trata de un mujeriego, Valent\u00edn, en el puerto tur\u00edstico de Acapulco. Un d\u00eda lo visita de sorpresa una de sus tantas parejas y la hija de \u00e9sta, que tambi\u00e9n es\u2026","rel":"","context":"Entrada similar ","block_context":{"text":"Entrada similar ","link":""},"img":{"alt_text":"","src":"https:\/\/i0.wp.com\/kalot.com.mx\/site\/wp-content\/uploads\/2013\/09\/Instructions-Not-Included-poster.jpg?fit=853%2C480&ssl=1&resize=350%2C200","width":350,"height":200,"srcset":"https:\/\/i0.wp.com\/kalot.com.mx\/site\/wp-content\/uploads\/2013\/09\/Instructions-Not-Included-poster.jpg?fit=853%2C480&ssl=1&resize=350%2C200 1x, https:\/\/i0.wp.com\/kalot.com.mx\/site\/wp-content\/uploads\/2013\/09\/Instructions-Not-Included-poster.jpg?fit=853%2C480&ssl=1&resize=525%2C300 1.5x, https:\/\/i0.wp.com\/kalot.com.mx\/site\/wp-content\/uploads\/2013\/09\/Instructions-Not-Included-poster.jpg?fit=853%2C480&ssl=1&resize=700%2C400 2x"},"classes":[]},{"id":6883,"url":"https:\/\/kalot.com.mx\/site\/2013\/11\/21\/se-vende-la-primera-xbox-one-en-el-mundo\/","url_meta":{"origin":949,"position":4},"title":"Se vende la primera Xbox One en el mundo.","author":"Omar Herrera","date":"21 noviembre, 2013","format":false,"excerpt":"Nueva Zelanda tal vez no consigui\u00f3 su pase al mundial Brasil 2014 pero s\u00ed podr\u00e1n presumir que tienen al primer propietario de una consola Xbox One en el mundo. \"Felicidades a Dan Livingstone, el orgulloso propietario de la primera #XboxOne\u00a0\u00a0en el mundo,\" Microsoft escribi\u00f3 en Instagram. Si te preguntabas porqu\u00e9\u00a0Nueva\u2026","rel":"","context":"Entrada similar ","block_context":{"text":"Entrada similar ","link":""},"img":{"alt_text":"","src":"https:\/\/i0.wp.com\/kalot.com.mx\/site\/wp-content\/uploads\/2013\/11\/Image-1-Xbox-NZ.jpg?fit=1200%2C800&ssl=1&resize=350%2C200","width":350,"height":200,"srcset":"https:\/\/i0.wp.com\/kalot.com.mx\/site\/wp-content\/uploads\/2013\/11\/Image-1-Xbox-NZ.jpg?fit=1200%2C800&ssl=1&resize=350%2C200 1x, https:\/\/i0.wp.com\/kalot.com.mx\/site\/wp-content\/uploads\/2013\/11\/Image-1-Xbox-NZ.jpg?fit=1200%2C800&ssl=1&resize=525%2C300 1.5x, https:\/\/i0.wp.com\/kalot.com.mx\/site\/wp-content\/uploads\/2013\/11\/Image-1-Xbox-NZ.jpg?fit=1200%2C800&ssl=1&resize=700%2C400 2x, https:\/\/i0.wp.com\/kalot.com.mx\/site\/wp-content\/uploads\/2013\/11\/Image-1-Xbox-NZ.jpg?fit=1200%2C800&ssl=1&resize=1050%2C600 3x"},"classes":[]},{"id":25574,"url":"https:\/\/kalot.com.mx\/site\/2016\/06\/16\/alicia-a-traves-del-espejo-roto\/","url_meta":{"origin":949,"position":5},"title":"Alicia a trav\u00e9s del espejo roto","author":"Doctor Caligari","date":"16 junio, 2016","format":false,"excerpt":"Parece ser que lo que Alicia encontr\u00f3 en ese espejo, fue un mundo lleno de magia, surrealismo y un leitmotiv tan indispensable como el tiempo \u00bfvale la pena invertir nuestro espacio temporal en esta pel\u00edcula? El largometraje no es que sea malo, pero no cumple con los est\u00e1ndares como lo\u2026","rel":"","context":"En &quot;Cine&quot;","block_context":{"text":"Cine","link":"https:\/\/kalot.com.mx\/site\/category\/cine\/"},"img":{"alt_text":"","src":"https:\/\/i0.wp.com\/kalot.com.mx\/site\/wp-content\/uploads\/2016\/06\/zvdd769gzdiikvuoczvn.jpg?fit=800%2C401&ssl=1&resize=350%2C200","width":350,"height":200,"srcset":"https:\/\/i0.wp.com\/kalot.com.mx\/site\/wp-content\/uploads\/2016\/06\/zvdd769gzdiikvuoczvn.jpg?fit=800%2C401&ssl=1&resize=350%2C200 1x, https:\/\/i0.wp.com\/kalot.com.mx\/site\/wp-content\/uploads\/2016\/06\/zvdd769gzdiikvuoczvn.jpg?fit=800%2C401&ssl=1&resize=525%2C300 1.5x, https:\/\/i0.wp.com\/kalot.com.mx\/site\/wp-content\/uploads\/2016\/06\/zvdd769gzdiikvuoczvn.jpg?fit=800%2C401&ssl=1&resize=700%2C400 2x"},"classes":[]}],"jetpack_sharing_enabled":true,"_links":{"self":[{"href":"https:\/\/kalot.com.mx\/site\/wp-json\/wp\/v2\/posts\/949","targetHints":{"allow":["GET"]}}],"collection":[{"href":"https:\/\/kalot.com.mx\/site\/wp-json\/wp\/v2\/posts"}],"about":[{"href":"https:\/\/kalot.com.mx\/site\/wp-json\/wp\/v2\/types\/post"}],"author":[{"embeddable":true,"href":"https:\/\/kalot.com.mx\/site\/wp-json\/wp\/v2\/users\/17"}],"replies":[{"embeddable":true,"href":"https:\/\/kalot.com.mx\/site\/wp-json\/wp\/v2\/comments?post=949"}],"version-history":[{"count":13,"href":"https:\/\/kalot.com.mx\/site\/wp-json\/wp\/v2\/posts\/949\/revisions"}],"predecessor-version":[{"id":29830,"href":"https:\/\/kalot.com.mx\/site\/wp-json\/wp\/v2\/posts\/949\/revisions\/29830"}],"wp:featuredmedia":[{"embeddable":true,"href":"https:\/\/kalot.com.mx\/site\/wp-json\/wp\/v2\/media\/950"}],"wp:attachment":[{"href":"https:\/\/kalot.com.mx\/site\/wp-json\/wp\/v2\/media?parent=949"}],"wp:term":[{"taxonomy":"category","embeddable":true,"href":"https:\/\/kalot.com.mx\/site\/wp-json\/wp\/v2\/categories?post=949"},{"taxonomy":"post_tag","embeddable":true,"href":"https:\/\/kalot.com.mx\/site\/wp-json\/wp\/v2\/tags?post=949"}],"curies":[{"name":"wp","href":"https:\/\/api.w.org\/{rel}","templated":true}]}}