{"id":9488,"date":"2014-01-13T20:10:11","date_gmt":"2014-01-14T02:10:11","guid":{"rendered":"http:\/\/www.kalot.com.mx\/?p=9488"},"modified":"2017-12-20T15:54:07","modified_gmt":"2017-12-20T21:54:07","slug":"reacciones-del-balon-de-oro","status":"publish","type":"post","link":"https:\/\/kalot.com.mx\/site\/2014\/01\/13\/reacciones-del-balon-de-oro\/","title":{"rendered":"Reacciones del &#8220;Bal\u00f3n de Oro&#8221;"},"content":{"rendered":"<p>Cuando Pel\u00e9 anunci\u00f3 el nombre de Cristiano Ronaldo\u00a0como ganador del premio FIFA Ballon d\u2019Or, el astro portugu\u00e9s dio un beso a su novia y subi\u00f3 al escenario del Kongresshaus, en Z\u00farich, para recibir de manos del genial brasile\u00f1o la distinci\u00f3n que lo acreditaba como mejor futbolista del planeta de 2013.<\/p>\n<p>La estrella lusa se emocion\u00f3, y todo el mundo quiso rendirle homenaje.\u00a0<strong>FIFA.com<\/strong>\u00a0ha recopilado algunas de las reacciones.<\/p>\n<p>\u201cQuiero felicitar a Cristiano, porque ha sido un justo vencedor. No tengo nada m\u00e1s que decir. Fue un a\u00f1o bueno para los tres [Ronaldo, Messi y Rib\u00e9ry], y por eso est\u00e1bamos aqu\u00ed. No tengo que reclamar ni disculparme por nada\u201d, Lionel Messi<strong>, delantero argentino del Barcelona y segundo clasificado en la votaci\u00f3n del Bal\u00f3n de Oro.<\/strong><\/p>\n<p>\u201cTodos los futbolistas saben lo dif\u00edcil que es ganar premios, y principalmente un premio importante como este. Yo iba con Messi, pero ha sido justo. Tambi\u00e9n es un \u00eddolo para m\u00ed. Felicidades a Ronaldo\u201d, Neymar<strong>, jugador del Barcelona y de la selecci\u00f3n brasile\u00f1a.<\/strong><\/p>\n<p>\u201cEs una sensaci\u00f3n de gran satisfacci\u00f3n, porque, en el fondo, se ha hecho justicia a un a\u00f1o extraordinario de un jugador extraordinario y de gran talento. Solo as\u00ed es posible ganar un premio como este. Como portugu\u00e9s y seleccionador, estoy muy contento. \u00c9l es una persona aut\u00e9ntica y se ha emocionado, lo que es natural\u201d,<strong>Paulo Bento, seleccionador de Portugal.<\/strong><\/p>\n<p>\u201cMe parece muy justo. No solo por este a\u00f1o, sino por la suma de todo el trabajo de Cristiano Ronaldo\u00a0de muchos a\u00f1os. Es un jugador que ha hecho un esfuerzo por mejorar cada a\u00f1o. Espectacular\u201d,\u00a0<strong>Luiz Felipe Scolari, seleccionador de Brasil.<\/strong><\/p>\n<p>\u201cEs el primer portugu\u00e9s que recibe dos veces esta distinci\u00f3n. Este galard\u00f3n es el reconocimiento de su excepcional nivel deportivo, del empe\u00f1o y de la dedicaci\u00f3n que ha puesto en toda su trayectoria como futbolista. Lleva los colores nacionales y el orgullo portugu\u00e9s a todas las partes del mundo\u201d,\u00a0<strong>Cavaco Silva, Presidente de la Rep\u00fablica Portuguesa.<\/strong><\/p>\n<p>\u201cEs una gran alegr\u00eda. Tenemos que estar todos muy orgullosos, porque Ronaldo ha sido el mejor jugador del mundo en la temporada\u201d,\u00a0<strong>Fernando Santos, seleccionador de Grecia.<\/strong><\/p>\n<p>\u201cRonaldo hizo exhibiciones fant\u00e1sticas al servicio del Real Madrid y de la selecci\u00f3n en 2013. Hubo varios momentos de ansiedad y, por eso, no ha conseguido contener la emoci\u00f3n. Para nosotros, los portugueses, es un orgullo ver a uno de nuestros jugadores recibir el Bal\u00f3n de Oro. Se ha hecho justicia a todo lo que hizo en 2013\u201d,\u00a0<strong>Fernando Gomes, Presidente de la Asociaci\u00f3n Portuguesa de F\u00fatbol.<\/strong><\/p>\n<p>\u201cLo \u00fanico que voy a decir es que el Bal\u00f3n de Oro de Cristiano Ronaldo\u00a0es totalmente justo. Es el reconocimiento del trabajo, el talento y la voluntad de ganar\u201d,\u00a0<strong>Florentino P\u00e9rez, Presidente del Real Madrid.<\/strong><\/p>\n<p>\u201cEstoy desilusionado por Rib\u00e9ry, aunque reconozco que Ronaldo es un justo ganador del Bal\u00f3n de Oro\u201d,<strong>Michel Platini, Presidente de la UEFA.<\/strong><\/p>\n<p>\u201cHay que saber ganar y perder. Hoy es el d\u00eda de Cristiano y hay que felicitarlo\u201d, Dani Alves<strong>, jugador del Barcelona y de la seleccionador brasile\u00f1a.<\/strong><\/p>\n<p style=\"text-align: center\"><a href=\"https:\/\/i0.wp.com\/www.kalot.com.mx\/wp-content\/uploads\/2014\/01\/Bd4c4zKIgAA52Zi.jpg-large.jpg\"><img fetchpriority=\"high\" decoding=\"async\" data-attachment-id=\"9490\" data-permalink=\"https:\/\/kalot.com.mx\/site\/2014\/01\/13\/reacciones-del-balon-de-oro\/bd4c4zkigaa52zi-jpg-large\/\" data-orig-file=\"https:\/\/i0.wp.com\/kalot.com.mx\/site\/wp-content\/uploads\/2014\/01\/Bd4c4zKIgAA52Zi.jpg-large.jpg?fit=850%2C399&amp;ssl=1\" data-orig-size=\"850,399\" data-comments-opened=\"1\" data-image-meta=\"{&quot;aperture&quot;:&quot;0&quot;,&quot;credit&quot;:&quot;&quot;,&quot;camera&quot;:&quot;&quot;,&quot;caption&quot;:&quot;&quot;,&quot;created_timestamp&quot;:&quot;0&quot;,&quot;copyright&quot;:&quot;&quot;,&quot;focal_length&quot;:&quot;0&quot;,&quot;iso&quot;:&quot;0&quot;,&quot;shutter_speed&quot;:&quot;0&quot;,&quot;title&quot;:&quot;&quot;,&quot;orientation&quot;:&quot;0&quot;}\" data-image-title=\"BDO\" data-image-description=\"\" data-image-caption=\"\" data-large-file=\"https:\/\/i0.wp.com\/kalot.com.mx\/site\/wp-content\/uploads\/2014\/01\/Bd4c4zKIgAA52Zi.jpg-large.jpg?fit=850%2C399&amp;ssl=1\" class=\"alignnone size-medium wp-image-9490\" alt=\"BDO\" src=\"https:\/\/i0.wp.com\/kalot.com.mx\/site\/wp-content\/uploads\/2013\/08\/blogging-for-a-company2.jpg?fit=300%2C200&#038;ssl=1\" width=\"300\" height=\"200\" \/><\/a><\/p>\n","protected":false},"excerpt":{"rendered":"Cuando Pel\u00e9 anunci\u00f3 el nombre de Cristiano Ronaldo\u00a0como ganador del premio FIFA Ballon d\u2019Or, el astro portugu\u00e9s dio&hellip;\n","protected":false},"author":59,"featured_media":9489,"comment_status":"open","ping_status":"open","sticky":false,"template":"","format":"standard","meta":{"jetpack_post_was_ever_published":false,"_jetpack_newsletter_access":"","_jetpack_dont_email_post_to_subs":false,"_jetpack_newsletter_tier_id":0,"_jetpack_memberships_contains_paywalled_content":false,"_jetpack_memberships_contains_paid_content":false,"footnotes":"","jetpack_publicize_message":"","jetpack_publicize_feature_enabled":true,"jetpack_social_post_already_shared":true,"jetpack_social_options":{"image_generator_settings":{"template":"highway","default_image_id":0,"font":"","enabled":false},"version":2}},"categories":[1],"tags":[],"class_list":{"0":"post-9488","1":"post","2":"type-post","3":"status-publish","4":"format-standard","5":"has-post-thumbnail","7":"category-sin-categoria","8":"cs-entry","9":"cs-video-wrap"},"yoast_head":"<!-- This site is optimized with the Yoast SEO plugin v27.4 - https:\/\/yoast.com\/product\/yoast-seo-wordpress\/ -->\n<title>Reacciones del &quot;Bal\u00f3n de Oro&quot; - Kalot<\/title>\n<meta name=\"description\" content=\"Cuando Pel\u00e9 anunci\u00f3 el nombre de Cristiano Ronaldo\u00a0como ganador del premio FIFA Ballon d\u2019Or, el astro portugu\u00e9s dio un beso a su novia y subi\u00f3 al\" \/>\n<meta name=\"robots\" content=\"index, follow, max-snippet:-1, max-image-preview:large, max-video-preview:-1\" \/>\n<link rel=\"canonical\" href=\"https:\/\/kalot.com.mx\/site\/2014\/01\/13\/reacciones-del-balon-de-oro\/\" \/>\n<meta property=\"og:locale\" content=\"es_MX\" \/>\n<meta property=\"og:type\" content=\"article\" \/>\n<meta property=\"og:title\" content=\"Reacciones del &quot;Bal\u00f3n de Oro&quot; - Kalot\" \/>\n<meta property=\"og:description\" content=\"Cuando Pel\u00e9 anunci\u00f3 el nombre de Cristiano Ronaldo\u00a0como ganador del premio FIFA Ballon d\u2019Or, el astro portugu\u00e9s dio un beso a su novia y subi\u00f3 al\" \/>\n<meta property=\"og:url\" content=\"https:\/\/kalot.com.mx\/site\/2014\/01\/13\/reacciones-del-balon-de-oro\/\" \/>\n<meta property=\"og:site_name\" content=\"Kalot\" \/>\n<meta property=\"article:publisher\" content=\"http:\/\/facebook.com\/mxkalot\" \/>\n<meta property=\"article:author\" content=\"https:\/\/www.facebook.com\/cacho.gomez\" \/>\n<meta property=\"article:published_time\" content=\"2014-01-14T02:10:11+00:00\" \/>\n<meta property=\"article:modified_time\" content=\"2017-12-20T21:54:07+00:00\" \/>\n<meta property=\"og:image\" content=\"https:\/\/i0.wp.com\/kalot.com.mx\/site\/wp-content\/uploads\/2014\/01\/2260598_FULL-LND.jpg?fit=652%2C366&ssl=1\" \/>\n\t<meta property=\"og:image:width\" content=\"652\" \/>\n\t<meta property=\"og:image:height\" content=\"366\" \/>\n\t<meta property=\"og:image:type\" content=\"image\/jpeg\" \/>\n<meta name=\"author\" content=\"Daniel Cacho\" \/>\n<meta name=\"twitter:card\" content=\"summary_large_image\" \/>\n<meta name=\"twitter:creator\" content=\"@GregoryCachouse\" \/>\n<meta name=\"twitter:site\" content=\"@kalotmx\" \/>\n<meta name=\"twitter:label1\" content=\"Escrito por\" \/>\n\t<meta name=\"twitter:data1\" content=\"Daniel Cacho\" \/>\n\t<meta name=\"twitter:label2\" content=\"Tiempo de lectura\" \/>\n\t<meta name=\"twitter:data2\" content=\"3 minutos\" \/>\n<!-- \/ Yoast SEO plugin. -->","yoast_head_json":{"title":"Reacciones del \"Bal\u00f3n de Oro\" - Kalot","description":"Cuando Pel\u00e9 anunci\u00f3 el nombre de Cristiano Ronaldo\u00a0como ganador del premio FIFA Ballon d\u2019Or, el astro portugu\u00e9s dio un beso a su novia y subi\u00f3 al","robots":{"index":"index","follow":"follow","max-snippet":"max-snippet:-1","max-image-preview":"max-image-preview:large","max-video-preview":"max-video-preview:-1"},"canonical":"https:\/\/kalot.com.mx\/site\/2014\/01\/13\/reacciones-del-balon-de-oro\/","og_locale":"es_MX","og_type":"article","og_title":"Reacciones del \"Bal\u00f3n de Oro\" - Kalot","og_description":"Cuando Pel\u00e9 anunci\u00f3 el nombre de Cristiano Ronaldo\u00a0como ganador del premio FIFA Ballon d\u2019Or, el astro portugu\u00e9s dio un beso a su novia y subi\u00f3 al","og_url":"https:\/\/kalot.com.mx\/site\/2014\/01\/13\/reacciones-del-balon-de-oro\/","og_site_name":"Kalot","article_publisher":"http:\/\/facebook.com\/mxkalot","article_author":"https:\/\/www.facebook.com\/cacho.gomez","article_published_time":"2014-01-14T02:10:11+00:00","article_modified_time":"2017-12-20T21:54:07+00:00","og_image":[{"width":652,"height":366,"url":"https:\/\/i0.wp.com\/kalot.com.mx\/site\/wp-content\/uploads\/2014\/01\/2260598_FULL-LND.jpg?fit=652%2C366&ssl=1","type":"image\/jpeg"}],"author":"Daniel Cacho","twitter_card":"summary_large_image","twitter_creator":"@GregoryCachouse","twitter_site":"@kalotmx","twitter_misc":{"Escrito por":"Daniel Cacho","Tiempo de lectura":"3 minutos"},"schema":{"@context":"https:\/\/schema.org","@graph":[{"@type":"Article","@id":"https:\/\/kalot.com.mx\/site\/2014\/01\/13\/reacciones-del-balon-de-oro\/#article","isPartOf":{"@id":"https:\/\/kalot.com.mx\/site\/2014\/01\/13\/reacciones-del-balon-de-oro\/"},"author":{"name":"Daniel Cacho","@id":"https:\/\/kalot.com.mx\/site\/#\/schema\/person\/c26df3c01429d14997e98a226f7d58d8"},"headline":"Reacciones del &#8220;Bal\u00f3n de Oro&#8221;","datePublished":"2014-01-14T02:10:11+00:00","dateModified":"2017-12-20T21:54:07+00:00","mainEntityOfPage":{"@id":"https:\/\/kalot.com.mx\/site\/2014\/01\/13\/reacciones-del-balon-de-oro\/"},"wordCount":552,"commentCount":0,"publisher":{"@id":"https:\/\/kalot.com.mx\/site\/#organization"},"image":{"@id":"https:\/\/kalot.com.mx\/site\/2014\/01\/13\/reacciones-del-balon-de-oro\/#primaryimage"},"thumbnailUrl":"https:\/\/i0.wp.com\/kalot.com.mx\/site\/wp-content\/uploads\/2014\/01\/2260598_FULL-LND.jpg?fit=652%2C366&ssl=1","inLanguage":"es","potentialAction":[{"@type":"CommentAction","name":"Comment","target":["https:\/\/kalot.com.mx\/site\/2014\/01\/13\/reacciones-del-balon-de-oro\/#respond"]}]},{"@type":"WebPage","@id":"https:\/\/kalot.com.mx\/site\/2014\/01\/13\/reacciones-del-balon-de-oro\/","url":"https:\/\/kalot.com.mx\/site\/2014\/01\/13\/reacciones-del-balon-de-oro\/","name":"Reacciones del \"Bal\u00f3n de Oro\" - Kalot","isPartOf":{"@id":"https:\/\/kalot.com.mx\/site\/#website"},"primaryImageOfPage":{"@id":"https:\/\/kalot.com.mx\/site\/2014\/01\/13\/reacciones-del-balon-de-oro\/#primaryimage"},"image":{"@id":"https:\/\/kalot.com.mx\/site\/2014\/01\/13\/reacciones-del-balon-de-oro\/#primaryimage"},"thumbnailUrl":"https:\/\/i0.wp.com\/kalot.com.mx\/site\/wp-content\/uploads\/2014\/01\/2260598_FULL-LND.jpg?fit=652%2C366&ssl=1","datePublished":"2014-01-14T02:10:11+00:00","dateModified":"2017-12-20T21:54:07+00:00","description":"Cuando Pel\u00e9 anunci\u00f3 el nombre de Cristiano Ronaldo\u00a0como ganador del premio FIFA Ballon d\u2019Or, el astro portugu\u00e9s dio un beso a su novia y subi\u00f3 al","breadcrumb":{"@id":"https:\/\/kalot.com.mx\/site\/2014\/01\/13\/reacciones-del-balon-de-oro\/#breadcrumb"},"inLanguage":"es","potentialAction":[{"@type":"ReadAction","target":["https:\/\/kalot.com.mx\/site\/2014\/01\/13\/reacciones-del-balon-de-oro\/"]}]},{"@type":"ImageObject","inLanguage":"es","@id":"https:\/\/kalot.com.mx\/site\/2014\/01\/13\/reacciones-del-balon-de-oro\/#primaryimage","url":"https:\/\/i0.wp.com\/kalot.com.mx\/site\/wp-content\/uploads\/2014\/01\/2260598_FULL-LND.jpg?fit=652%2C366&ssl=1","contentUrl":"https:\/\/i0.wp.com\/kalot.com.mx\/site\/wp-content\/uploads\/2014\/01\/2260598_FULL-LND.jpg?fit=652%2C366&ssl=1","width":652,"height":366},{"@type":"BreadcrumbList","@id":"https:\/\/kalot.com.mx\/site\/2014\/01\/13\/reacciones-del-balon-de-oro\/#breadcrumb","itemListElement":[{"@type":"ListItem","position":1,"name":"Home","item":"https:\/\/kalot.com.mx\/site\/"},{"@type":"ListItem","position":2,"name":"Reacciones del &#8220;Bal\u00f3n de Oro&#8221;"}]},{"@type":"WebSite","@id":"https:\/\/kalot.com.mx\/site\/#website","url":"https:\/\/kalot.com.mx\/site\/","name":"Kalot","description":"Conoce Todo Sobre Todo","publisher":{"@id":"https:\/\/kalot.com.mx\/site\/#organization"},"potentialAction":[{"@type":"SearchAction","target":{"@type":"EntryPoint","urlTemplate":"https:\/\/kalot.com.mx\/site\/?s={search_term_string}"},"query-input":{"@type":"PropertyValueSpecification","valueRequired":true,"valueName":"search_term_string"}}],"inLanguage":"es"},{"@type":"Organization","@id":"https:\/\/kalot.com.mx\/site\/#organization","name":"Kalot","url":"https:\/\/kalot.com.mx\/site\/","logo":{"@type":"ImageObject","inLanguage":"es","@id":"https:\/\/kalot.com.mx\/site\/#\/schema\/logo\/image\/","url":"https:\/\/i0.wp.com\/kalot.com.mx\/site\/wp-content\/uploads\/2020\/04\/Kalot-logo-sin-tagline.png?fit=1707%2C1014&ssl=1","contentUrl":"https:\/\/i0.wp.com\/kalot.com.mx\/site\/wp-content\/uploads\/2020\/04\/Kalot-logo-sin-tagline.png?fit=1707%2C1014&ssl=1","width":1707,"height":1014,"caption":"Kalot"},"image":{"@id":"https:\/\/kalot.com.mx\/site\/#\/schema\/logo\/image\/"},"sameAs":["http:\/\/facebook.com\/mxkalot","https:\/\/x.com\/kalotmx","http:\/\/instagram.com\/kalotmx","http:\/\/pinterest.com\/jorgeerana\/kalot"]},{"@type":"Person","@id":"https:\/\/kalot.com.mx\/site\/#\/schema\/person\/c26df3c01429d14997e98a226f7d58d8","name":"Daniel Cacho","image":{"@type":"ImageObject","inLanguage":"es","@id":"https:\/\/secure.gravatar.com\/avatar\/1661921ce77f80f0e6ad041ac81c22f71348f4a5d588bf4fc698c4d8200cd67c?s=96&d=mm&r=g","url":"https:\/\/secure.gravatar.com\/avatar\/1661921ce77f80f0e6ad041ac81c22f71348f4a5d588bf4fc698c4d8200cd67c?s=96&d=mm&r=g","contentUrl":"https:\/\/secure.gravatar.com\/avatar\/1661921ce77f80f0e6ad041ac81c22f71348f4a5d588bf4fc698c4d8200cd67c?s=96&d=mm&r=g","caption":"Daniel Cacho"},"description":"Comentarista Deportivo frustrado, con destellos de gamer mon\u00f3tono, porci\u00f3n m\u00ednima de geek y programador en potencia.","sameAs":["https:\/\/www.facebook.com\/cacho.gomez","https:\/\/x.com\/GregoryCachouse"],"url":"https:\/\/kalot.com.mx\/site\/author\/cacho\/"}]}},"jetpack_publicize_connections":[],"jetpack_featured_media_url":"https:\/\/i0.wp.com\/kalot.com.mx\/site\/wp-content\/uploads\/2014\/01\/2260598_FULL-LND.jpg?fit=652%2C366&ssl=1","jetpack_shortlink":"https:\/\/wp.me\/p6IHEI-2t2","jetpack-related-posts":[{"id":9518,"url":"https:\/\/kalot.com.mx\/site\/2014\/01\/14\/merecido-reconocimiento\/","url_meta":{"origin":9488,"position":0},"title":"Merecido Reconocimiento: Bal\u00f3n de Oro","author":"Daniel Cacho","date":"14 enero, 2014","format":false,"excerpt":"El premio para un t\u00edtulo es el trofeo que levantas y la medalla que te cuelgas al cuello. El Bal\u00f3n de Oro es algo distinto, es un reconocimiento individual y por eso Cristiano Ronaldo es un merecido ganador\u00a0(As\u00ed como Heynckes e Ibrahimovic\u00a0deb\u00edan ganar en sus categor\u00edas). Franck Ribery, ganador de\u2026","rel":"","context":"En &quot;Sin categor\u00eda&quot;","block_context":{"text":"Sin categor\u00eda","link":"https:\/\/kalot.com.mx\/site\/category\/sin-categoria\/"},"img":{"alt_text":"","src":"https:\/\/i0.wp.com\/kalot.com.mx\/site\/wp-content\/uploads\/2014\/01\/balon-oro-649x330x80xX.jpg?fit=649%2C330&ssl=1&resize=350%2C200","width":350,"height":200,"srcset":"https:\/\/i0.wp.com\/kalot.com.mx\/site\/wp-content\/uploads\/2014\/01\/balon-oro-649x330x80xX.jpg?fit=649%2C330&ssl=1&resize=350%2C200 1x, https:\/\/i0.wp.com\/kalot.com.mx\/site\/wp-content\/uploads\/2014\/01\/balon-oro-649x330x80xX.jpg?fit=649%2C330&ssl=1&resize=525%2C300 1.5x"},"classes":[]},{"id":7672,"url":"https:\/\/kalot.com.mx\/site\/2013\/12\/09\/nuevo-episodio-de-balon-de-oro\/","url_meta":{"origin":9488,"position":1},"title":"Nuevo Episodio de Bal\u00f3n de Oro","author":"Daniel Cacho","date":"9 diciembre, 2013","format":false,"excerpt":"El argentino Lionel Messi (FC Barcelona), el franc\u00e9s Frank Rib\u00e9ry (Bayern Munich) y el portugu\u00e9s Cristiano Ronaldo (Real Madrid) son los tres finalistas oficiales a alzarse el pr\u00f3ximo 13 de enero con el Bal\u00f3n de Oro de la FIFA 2013, anunci\u00f3 este lunes la revista \"France Football\". Messi ha ganado\u2026","rel":"","context":"En &quot;Sin categor\u00eda&quot;","block_context":{"text":"Sin categor\u00eda","link":"https:\/\/kalot.com.mx\/site\/category\/sin-categoria\/"},"img":{"alt_text":"","src":"https:\/\/i0.wp.com\/kalot.com.mx\/site\/wp-content\/uploads\/2013\/12\/web_v111101089_big_tp.jpg?fit=600%2C400&ssl=1&resize=350%2C200","width":350,"height":200,"srcset":"https:\/\/i0.wp.com\/kalot.com.mx\/site\/wp-content\/uploads\/2013\/12\/web_v111101089_big_tp.jpg?fit=600%2C400&ssl=1&resize=350%2C200 1x, https:\/\/i0.wp.com\/kalot.com.mx\/site\/wp-content\/uploads\/2013\/12\/web_v111101089_big_tp.jpg?fit=600%2C400&ssl=1&resize=525%2C300 1.5x"},"classes":[]},{"id":9547,"url":"https:\/\/kalot.com.mx\/site\/2014\/01\/15\/los-grandes-olvidados-del-ideal\/","url_meta":{"origin":9488,"position":2},"title":"Los Grandes Olvidados del &#8220;Once Ideal&#8221;","author":"Daniel Cacho","date":"15 enero, 2014","format":false,"excerpt":"Manuel Neuer, Philipp Lahm, Sergio Ramos, Thiago Silva, Daniel Alves, Xavi, Andr\u00e9s Iniesta, Franck Ribery, Cristiano Ronaldo, Zlatan Ibrahimovic y Lionel Messi. Este fue el once ideal del a\u00f1o de la FIFA \/ FIFPro que se descubri\u00f3 hace apenas unas horas durante la gala del Bal\u00f3n de Oro. Once jugadores\u2026","rel":"","context":"Entrada similar ","block_context":{"text":"Entrada similar ","link":""},"img":{"alt_text":"","src":"https:\/\/i0.wp.com\/kalot.com.mx\/site\/wp-content\/uploads\/2014\/01\/FIFA-Portero.png?fit=678%2C386&ssl=1&resize=350%2C200","width":350,"height":200,"srcset":"https:\/\/i0.wp.com\/kalot.com.mx\/site\/wp-content\/uploads\/2014\/01\/FIFA-Portero.png?fit=678%2C386&ssl=1&resize=350%2C200 1x, https:\/\/i0.wp.com\/kalot.com.mx\/site\/wp-content\/uploads\/2014\/01\/FIFA-Portero.png?fit=678%2C386&ssl=1&resize=525%2C300 1.5x"},"classes":[]},{"id":2742,"url":"https:\/\/kalot.com.mx\/site\/2013\/09\/30\/messi-vs-cristiano-una-rivalidad-entre-marcas\/","url_meta":{"origin":9488,"position":3},"title":"Messi vs Cristiano, una rivalidad entre marcas.","author":"Pepe M\u00e9ndez","date":"30 septiembre, 2013","format":false,"excerpt":"Los jugadores Lionel Messi, futbolista del Barcelona, y Cristiano Ronaldo, futbolista del Real Madrid, son por muchas personas considerados como los mejores jugadores de f\u00fatbol en el mundo y son ellos los protagonistas de una batalla no solo por ser parte de equipos rivales, sino por ser las im\u00e1genes de\u2026","rel":"","context":"Entrada similar ","block_context":{"text":"Entrada similar ","link":""},"img":{"alt_text":"","src":"https:\/\/i0.wp.com\/kalot.com.mx\/site\/wp-content\/uploads\/2013\/09\/ronaldo_messi_800_811830.jpg?fit=800%2C600&ssl=1&resize=350%2C200","width":350,"height":200,"srcset":"https:\/\/i0.wp.com\/kalot.com.mx\/site\/wp-content\/uploads\/2013\/09\/ronaldo_messi_800_811830.jpg?fit=800%2C600&ssl=1&resize=350%2C200 1x, https:\/\/i0.wp.com\/kalot.com.mx\/site\/wp-content\/uploads\/2013\/09\/ronaldo_messi_800_811830.jpg?fit=800%2C600&ssl=1&resize=525%2C300 1.5x, https:\/\/i0.wp.com\/kalot.com.mx\/site\/wp-content\/uploads\/2013\/09\/ronaldo_messi_800_811830.jpg?fit=800%2C600&ssl=1&resize=700%2C400 2x"},"classes":[]},{"id":21460,"url":"https:\/\/kalot.com.mx\/site\/2015\/05\/08\/real-madrid-el-mas-valioso-del-mundo-forbes\/","url_meta":{"origin":9488,"position":4},"title":"Real Madrid; el m\u00e1s valioso del mundo: Forbes","author":"Alain O\u00f1ate","date":"8 mayo, 2015","format":false,"excerpt":"El Real Madrid es catalogado como el cuadro m\u00e1s valioso del mundo, esta valuado en 3,260 millones de d\u00f3lares, seguido de el Barcelona con 3,160 mdd seg\u00fan Forbes. En este momento se encuentran en semifinales de la Champions League y es muy probable que los clubes mejor valuados del mundo\u2026","rel":"","context":"Entrada similar ","block_context":{"text":"Entrada similar ","link":""},"img":{"alt_text":"","src":"https:\/\/i0.wp.com\/kalot.com.mx\/site\/wp-content\/uploads\/2015\/05\/Real-Madrid-Logo-.jpg?fit=1200%2C960&ssl=1&resize=350%2C200","width":350,"height":200,"srcset":"https:\/\/i0.wp.com\/kalot.com.mx\/site\/wp-content\/uploads\/2015\/05\/Real-Madrid-Logo-.jpg?fit=1200%2C960&ssl=1&resize=350%2C200 1x, https:\/\/i0.wp.com\/kalot.com.mx\/site\/wp-content\/uploads\/2015\/05\/Real-Madrid-Logo-.jpg?fit=1200%2C960&ssl=1&resize=525%2C300 1.5x, https:\/\/i0.wp.com\/kalot.com.mx\/site\/wp-content\/uploads\/2015\/05\/Real-Madrid-Logo-.jpg?fit=1200%2C960&ssl=1&resize=700%2C400 2x, https:\/\/i0.wp.com\/kalot.com.mx\/site\/wp-content\/uploads\/2015\/05\/Real-Madrid-Logo-.jpg?fit=1200%2C960&ssl=1&resize=1050%2C600 3x"},"classes":[]},{"id":15761,"url":"https:\/\/kalot.com.mx\/site\/2014\/05\/05\/nike-winnerstays\/","url_meta":{"origin":9488,"position":5},"title":"Nike reune a CR7, Neymar, Rooney, Ibrahimovic y muchos m\u00e1s #WinnerStays","author":"Jorge Era\u00f1a","date":"5 mayo, 2014","format":false,"excerpt":"\"Winner Stays\" as\u00ed lo llam\u00f3 Nike en su nueva campa\u00f1a lista para llegar al mundial de Brasil con el cual presenta un tipo cortometraje lleno de los futbolistas m\u00e1s importantes en la actualidad y que llegar\u00e1n en las mejores condiciones de lleno al mundial, adem\u00e1s de contar con la participaci\u00f3n\u2026","rel":"","context":"En &quot;Sin categor\u00eda&quot;","block_context":{"text":"Sin categor\u00eda","link":"https:\/\/kalot.com.mx\/site\/category\/sin-categoria\/"},"img":{"alt_text":"","src":"https:\/\/i0.wp.com\/kalot.com.mx\/site\/wp-content\/uploads\/2014\/05\/Winner-Stays-1.jpg?fit=564%2C423&ssl=1&resize=350%2C200","width":350,"height":200,"srcset":"https:\/\/i0.wp.com\/kalot.com.mx\/site\/wp-content\/uploads\/2014\/05\/Winner-Stays-1.jpg?fit=564%2C423&ssl=1&resize=350%2C200 1x, https:\/\/i0.wp.com\/kalot.com.mx\/site\/wp-content\/uploads\/2014\/05\/Winner-Stays-1.jpg?fit=564%2C423&ssl=1&resize=525%2C300 1.5x"},"classes":[]}],"jetpack_sharing_enabled":true,"_links":{"self":[{"href":"https:\/\/kalot.com.mx\/site\/wp-json\/wp\/v2\/posts\/9488","targetHints":{"allow":["GET"]}}],"collection":[{"href":"https:\/\/kalot.com.mx\/site\/wp-json\/wp\/v2\/posts"}],"about":[{"href":"https:\/\/kalot.com.mx\/site\/wp-json\/wp\/v2\/types\/post"}],"author":[{"embeddable":true,"href":"https:\/\/kalot.com.mx\/site\/wp-json\/wp\/v2\/users\/59"}],"replies":[{"embeddable":true,"href":"https:\/\/kalot.com.mx\/site\/wp-json\/wp\/v2\/comments?post=9488"}],"version-history":[{"count":5,"href":"https:\/\/kalot.com.mx\/site\/wp-json\/wp\/v2\/posts\/9488\/revisions"}],"predecessor-version":[{"id":29850,"href":"https:\/\/kalot.com.mx\/site\/wp-json\/wp\/v2\/posts\/9488\/revisions\/29850"}],"wp:featuredmedia":[{"embeddable":true,"href":"https:\/\/kalot.com.mx\/site\/wp-json\/wp\/v2\/media\/9489"}],"wp:attachment":[{"href":"https:\/\/kalot.com.mx\/site\/wp-json\/wp\/v2\/media?parent=9488"}],"wp:term":[{"taxonomy":"category","embeddable":true,"href":"https:\/\/kalot.com.mx\/site\/wp-json\/wp\/v2\/categories?post=9488"},{"taxonomy":"post_tag","embeddable":true,"href":"https:\/\/kalot.com.mx\/site\/wp-json\/wp\/v2\/tags?post=9488"}],"curies":[{"name":"wp","href":"https:\/\/api.w.org\/{rel}","templated":true}]}}