{"id":9465,"date":"2014-01-13T12:57:27","date_gmt":"2014-01-13T18:57:27","guid":{"rendered":"http:\/\/www.kalot.com.mx\/?p=9465"},"modified":"2017-12-20T15:54:06","modified_gmt":"2017-12-20T21:54:06","slug":"al-anden-sin-pantalon","status":"publish","type":"post","link":"https:\/\/kalot.com.mx\/site\/2014\/01\/13\/al-anden-sin-pantalon\/","title":{"rendered":"Al and\u00e9n sin pantal\u00f3n"},"content":{"rendered":"<p style=\"text-align: justify\">Para todos los que a\u00fan no saben que es un \u00a0flasmob, empecemos por aclarar este punto. Los flashmob son acciones colectivas, organizadas en las redes sociales u otro medio electr\u00f3nico, donde un grupo de personas realizan actividades fuera de lo com\u00fan en un lugar p\u00fablico, para despu\u00e9s dispersarse r\u00e1pidamente entre la multitud.<\/p>\n<p style=\"text-align: justify\">Actualmente el viaje en metro sin pantalones se realiza en\u00a0 m\u00e1s de 50 ciudades alrededor del mundo. Siendo New York y M\u00e9xico las que cuentas con un mayor n\u00famero de participantes. Esta es una iniciativa de Global No Pants Subway Ride de Improv Everywhere. En M\u00e9xico es organizado desde hace 4 a\u00f1os por Flashmob M\u00e9xico.<\/p>\n<p style=\"text-align: justify\">Y el pasado domingo 12 de enero fueron alrededor de mil 800 capitalinos, divididos en 17 grupos de 108 personas los que se sumaron al Flashmob.. Cabe mencionar que este Flashmob fue simult\u00e1neo en varias ciudades del mundo, como Alemania, B\u00e9lgica, Rep\u00fablica Checa, Bulgaria, Estados Unidos y China<b>,<\/b> sorprendiendo al resto de los pasajeros.<\/p>\n<p style=\"text-align: justify\">\u00a0\u00bfC\u00f3mo se realiza?<\/p>\n<p style=\"text-align: justify\">Bueno la cosa es bien simple. Llegas a la estaci\u00f3n o punto de partida acordado, y con pantalones, falda, short etc. El punto es que tus calzones a\u00fan no est\u00e9n a la vista. Pagas tu entrada y una vez que hayas abordado y tengas tu playlist en acci\u00f3n. Es momento de empezar, quitar\u00e1s tu prenda dejando a la vista tu ropa interior, es importante que si vas a participar est\u00e9s preparado para actuar con naturalidad. Pues es un viaje com\u00fan, un poquito m\u00e1s relajado<\/p>\n<figure id=\"attachment_9466\" aria-describedby=\"caption-attachment-9466\" style=\"width: 300px\" class=\"wp-caption alignnone\"><a href=\"https:\/\/i0.wp.com\/www.kalot.com.mx\/wp-content\/uploads\/2014\/01\/Sof%C3%ADa-Bulgar%C3%ADa.jpg\"><img fetchpriority=\"high\" decoding=\"async\" data-attachment-id=\"9466\" data-permalink=\"https:\/\/kalot.com.mx\/site\/2014\/01\/13\/al-anden-sin-pantalon\/sofia-bulgaria\/\" data-orig-file=\"https:\/\/i0.wp.com\/kalot.com.mx\/site\/wp-content\/uploads\/2014\/01\/Sof%C3%ADa-Bulgar%C3%ADa.jpg?fit=1000%2C612&amp;ssl=1\" data-orig-size=\"1000,612\" data-comments-opened=\"1\" data-image-meta=\"{&quot;aperture&quot;:&quot;0&quot;,&quot;credit&quot;:&quot;&quot;,&quot;camera&quot;:&quot;&quot;,&quot;caption&quot;:&quot;&quot;,&quot;created_timestamp&quot;:&quot;0&quot;,&quot;copyright&quot;:&quot;&quot;,&quot;focal_length&quot;:&quot;0&quot;,&quot;iso&quot;:&quot;0&quot;,&quot;shutter_speed&quot;:&quot;0&quot;,&quot;title&quot;:&quot;&quot;,&quot;orientation&quot;:&quot;0&quot;}\" data-image-title=\"Sof\u00eda, Bulgar\u00eda\" data-image-description=\"\" data-image-caption=\"\" data-large-file=\"https:\/\/i0.wp.com\/kalot.com.mx\/site\/wp-content\/uploads\/2014\/01\/Sof%C3%ADa-Bulgar%C3%ADa.jpg?fit=1000%2C612&amp;ssl=1\" class=\"size-medium wp-image-9466\" alt=\"Sof\u00eda, Bulgar\u00eda\" src=\"https:\/\/i0.wp.com\/kalot.com.mx\/site\/wp-content\/uploads\/2013\/08\/blogging-for-a-company2.jpg?fit=300%2C200&#038;ssl=1\" width=\"300\" height=\"200\" \/><\/a><figcaption id=\"caption-attachment-9466\" class=\"wp-caption-text\">Dos j\u00f3venes sorprend\u00eda a una se\u00f1ora en Sof\u00eda, Bulgaria.<\/figcaption><\/figure>\n<figure id=\"attachment_9467\" aria-describedby=\"caption-attachment-9467\" style=\"width: 300px\" class=\"wp-caption alignnone\"><a href=\"https:\/\/i0.wp.com\/www.kalot.com.mx\/wp-content\/uploads\/2014\/01\/viaje_metro_sin_pantalones_6.jpg\"><img decoding=\"async\" data-attachment-id=\"9467\" data-permalink=\"https:\/\/kalot.com.mx\/site\/2014\/01\/13\/al-anden-sin-pantalon\/viaje_metro_sin_pantalones_6\/\" data-orig-file=\"https:\/\/i0.wp.com\/kalot.com.mx\/site\/wp-content\/uploads\/2014\/01\/viaje_metro_sin_pantalones_6.jpg?fit=620%2C396&amp;ssl=1\" data-orig-size=\"620,396\" data-comments-opened=\"1\" data-image-meta=\"{&quot;aperture&quot;:&quot;0&quot;,&quot;credit&quot;:&quot;&quot;,&quot;camera&quot;:&quot;&quot;,&quot;caption&quot;:&quot;&quot;,&quot;created_timestamp&quot;:&quot;0&quot;,&quot;copyright&quot;:&quot;&quot;,&quot;focal_length&quot;:&quot;0&quot;,&quot;iso&quot;:&quot;0&quot;,&quot;shutter_speed&quot;:&quot;0&quot;,&quot;title&quot;:&quot;&quot;,&quot;orientation&quot;:&quot;0&quot;}\" data-image-title=\"viaje_metro_sin_pantalones_6\" data-image-description=\"\" data-image-caption=\"&lt;p&gt;As\u00ed esperaban en M\u00e9xico&lt;\/p&gt;\n\" data-large-file=\"https:\/\/i0.wp.com\/kalot.com.mx\/site\/wp-content\/uploads\/2014\/01\/viaje_metro_sin_pantalones_6.jpg?fit=620%2C396&amp;ssl=1\" class=\"size-medium wp-image-9467\" alt=\"As\u00ed esperaban en M\u00e9xico\" src=\"https:\/\/i0.wp.com\/kalot.com.mx\/site\/wp-content\/uploads\/2013\/08\/blogging-for-a-company2.jpg?fit=300%2C200&#038;ssl=1\" width=\"300\" height=\"200\" \/><\/a><figcaption id=\"caption-attachment-9467\" class=\"wp-caption-text\">As\u00ed esperaban en M\u00e9xico<\/figcaption><\/figure>\n<figure id=\"attachment_9470\" aria-describedby=\"caption-attachment-9470\" style=\"width: 300px\" class=\"wp-caption alignnone\"><a href=\"https:\/\/i0.wp.com\/www.kalot.com.mx\/wp-content\/uploads\/2014\/01\/Berl%C3%ADn.jpg\"><img decoding=\"async\" data-attachment-id=\"9470\" data-permalink=\"https:\/\/kalot.com.mx\/site\/2014\/01\/13\/al-anden-sin-pantalon\/berlin\/\" data-orig-file=\"https:\/\/i0.wp.com\/kalot.com.mx\/site\/wp-content\/uploads\/2014\/01\/Berl%C3%ADn.jpg?fit=1000%2C667&amp;ssl=1\" data-orig-size=\"1000,667\" data-comments-opened=\"1\" data-image-meta=\"{&quot;aperture&quot;:&quot;0&quot;,&quot;credit&quot;:&quot;&quot;,&quot;camera&quot;:&quot;&quot;,&quot;caption&quot;:&quot;&quot;,&quot;created_timestamp&quot;:&quot;0&quot;,&quot;copyright&quot;:&quot;&quot;,&quot;focal_length&quot;:&quot;0&quot;,&quot;iso&quot;:&quot;0&quot;,&quot;shutter_speed&quot;:&quot;0&quot;,&quot;title&quot;:&quot;&quot;,&quot;orientation&quot;:&quot;0&quot;}\" data-image-title=\"Berl\u00edn\" data-image-description=\"\" data-image-caption=\"&lt;p&gt;Esperando su and\u00e9n en Sof\u00eda, Bulgaria.&lt;\/p&gt;\n\" data-large-file=\"https:\/\/i0.wp.com\/kalot.com.mx\/site\/wp-content\/uploads\/2014\/01\/Berl%C3%ADn.jpg?fit=1000%2C667&amp;ssl=1\" class=\"size-medium wp-image-9470\" alt=\"Esperando su and\u00e9n en Sof\u00eda, Bulgaria.\" src=\"https:\/\/i0.wp.com\/kalot.com.mx\/site\/wp-content\/uploads\/2013\/08\/blogging-for-a-company2.jpg?fit=300%2C200&#038;ssl=1\" width=\"300\" height=\"200\" \/><\/a><figcaption id=\"caption-attachment-9470\" class=\"wp-caption-text\">Esperando su and\u00e9n en Sof\u00eda, Bulgaria.<\/figcaption><\/figure>\n<figure id=\"attachment_9471\" aria-describedby=\"caption-attachment-9471\" style=\"width: 300px\" class=\"wp-caption alignnone\"><a href=\"https:\/\/i0.wp.com\/www.kalot.com.mx\/wp-content\/uploads\/2014\/01\/berl%C3%ADn3.jpg\"><img loading=\"lazy\" decoding=\"async\" data-attachment-id=\"9471\" data-permalink=\"https:\/\/kalot.com.mx\/site\/2014\/01\/13\/al-anden-sin-pantalon\/berlin3\/\" data-orig-file=\"https:\/\/i0.wp.com\/kalot.com.mx\/site\/wp-content\/uploads\/2014\/01\/berl%C3%ADn3.jpg?fit=1000%2C721&amp;ssl=1\" data-orig-size=\"1000,721\" data-comments-opened=\"1\" data-image-meta=\"{&quot;aperture&quot;:&quot;0&quot;,&quot;credit&quot;:&quot;&quot;,&quot;camera&quot;:&quot;&quot;,&quot;caption&quot;:&quot;&quot;,&quot;created_timestamp&quot;:&quot;0&quot;,&quot;copyright&quot;:&quot;&quot;,&quot;focal_length&quot;:&quot;0&quot;,&quot;iso&quot;:&quot;0&quot;,&quot;shutter_speed&quot;:&quot;0&quot;,&quot;title&quot;:&quot;&quot;,&quot;orientation&quot;:&quot;0&quot;}\" data-image-title=\"berl\u00edn3\" data-image-description=\"\" data-image-caption=\"&lt;p&gt;As\u00ed fue como los grupos de amigos se congregaban, en Berl\u00edn Alemania.&lt;\/p&gt;\n\" data-large-file=\"https:\/\/i0.wp.com\/kalot.com.mx\/site\/wp-content\/uploads\/2014\/01\/berl%C3%ADn3.jpg?fit=1000%2C721&amp;ssl=1\" class=\"size-medium wp-image-9471\" alt=\"As\u00ed fue como los grupos de amigos se congregaban, en Berl\u00edn Alemania.\" src=\"https:\/\/i0.wp.com\/kalot.com.mx\/site\/wp-content\/uploads\/2013\/08\/blogging-for-a-company2.jpg?fit=300%2C200&#038;ssl=1\" width=\"300\" height=\"200\" \/><\/a><figcaption id=\"caption-attachment-9471\" class=\"wp-caption-text\">As\u00ed fue como los grupos de amigos se congregaban, en Berl\u00edn Alemania.<\/figcaption><\/figure>\n<figure id=\"attachment_9472\" aria-describedby=\"caption-attachment-9472\" style=\"width: 300px\" class=\"wp-caption alignnone\"><a href=\"https:\/\/i0.wp.com\/www.kalot.com.mx\/wp-content\/uploads\/2014\/01\/Rep%C3%BAblica-Checa.jpg\"><img loading=\"lazy\" decoding=\"async\" data-attachment-id=\"9472\" data-permalink=\"https:\/\/kalot.com.mx\/site\/2014\/01\/13\/al-anden-sin-pantalon\/republica-checa\/\" data-orig-file=\"https:\/\/i0.wp.com\/kalot.com.mx\/site\/wp-content\/uploads\/2014\/01\/Rep%C3%BAblica-Checa.jpg?fit=1000%2C716&amp;ssl=1\" data-orig-size=\"1000,716\" data-comments-opened=\"1\" data-image-meta=\"{&quot;aperture&quot;:&quot;0&quot;,&quot;credit&quot;:&quot;&quot;,&quot;camera&quot;:&quot;&quot;,&quot;caption&quot;:&quot;&quot;,&quot;created_timestamp&quot;:&quot;0&quot;,&quot;copyright&quot;:&quot;&quot;,&quot;focal_length&quot;:&quot;0&quot;,&quot;iso&quot;:&quot;0&quot;,&quot;shutter_speed&quot;:&quot;0&quot;,&quot;title&quot;:&quot;&quot;,&quot;orientation&quot;:&quot;0&quot;}\" data-image-title=\"Rep\u00fablica Checa\" data-image-description=\"\" data-image-caption=\"&lt;p&gt;En Praga este hombre formal, sorprend\u00eda a otros pasajeros.&lt;\/p&gt;\n\" data-large-file=\"https:\/\/i0.wp.com\/kalot.com.mx\/site\/wp-content\/uploads\/2014\/01\/Rep%C3%BAblica-Checa.jpg?fit=1000%2C716&amp;ssl=1\" class=\"size-medium wp-image-9472\" alt=\"En Praga este hombre formal, sorprend\u00eda a otros pasajeros.\" src=\"https:\/\/i0.wp.com\/kalot.com.mx\/site\/wp-content\/uploads\/2013\/08\/blogging-for-a-company2.jpg?fit=300%2C200&#038;ssl=1\" width=\"300\" height=\"200\" \/><\/a><figcaption id=\"caption-attachment-9472\" class=\"wp-caption-text\">En Praga este hombre formal, sorprend\u00eda a otros pasajeros.<\/figcaption><\/figure>\n<figure id=\"attachment_9474\" aria-describedby=\"caption-attachment-9474\" style=\"width: 300px\" class=\"wp-caption alignnone\"><a href=\"https:\/\/i0.wp.com\/www.kalot.com.mx\/wp-content\/uploads\/2014\/01\/flashmobsinpantalonesmetro1212014gale.jpg\"><img loading=\"lazy\" decoding=\"async\" data-attachment-id=\"9474\" data-permalink=\"https:\/\/kalot.com.mx\/site\/2014\/01\/13\/al-anden-sin-pantalon\/flashmobsinpantalonesmetro1212014gale\/\" data-orig-file=\"https:\/\/i0.wp.com\/kalot.com.mx\/site\/wp-content\/uploads\/2014\/01\/flashmobsinpantalonesmetro1212014gale.jpg?fit=1000%2C744&amp;ssl=1\" data-orig-size=\"1000,744\" data-comments-opened=\"1\" data-image-meta=\"{&quot;aperture&quot;:&quot;0&quot;,&quot;credit&quot;:&quot;&quot;,&quot;camera&quot;:&quot;&quot;,&quot;caption&quot;:&quot;&quot;,&quot;created_timestamp&quot;:&quot;0&quot;,&quot;copyright&quot;:&quot;&quot;,&quot;focal_length&quot;:&quot;0&quot;,&quot;iso&quot;:&quot;0&quot;,&quot;shutter_speed&quot;:&quot;0&quot;,&quot;title&quot;:&quot;&quot;,&quot;orientation&quot;:&quot;0&quot;}\" data-image-title=\"flashmobsinpantalonesmetro1212014gale\" data-image-description=\"\" data-image-caption=\"&lt;p&gt;Mientr\u00e1s tanto en Hong Kong una se\u00f1ora ten\u00eda que aplicar la vieja t\u00e9cnica de &amp;#8220;Si te ignoro no existes&amp;#8221;&lt;\/p&gt;\n\" data-large-file=\"https:\/\/i0.wp.com\/kalot.com.mx\/site\/wp-content\/uploads\/2014\/01\/flashmobsinpantalonesmetro1212014gale.jpg?fit=1000%2C744&amp;ssl=1\" class=\"size-medium wp-image-9474\" alt=\"Mientr\u00e1s tanto en Hong Kong una se\u00f1ora ten\u00eda que aplicar la vieja t\u00e9cnica de &quot;Si te ignoro no existes&quot;\" src=\"https:\/\/i0.wp.com\/kalot.com.mx\/site\/wp-content\/uploads\/2013\/08\/blogging-for-a-company2.jpg?fit=300%2C200&#038;ssl=1\" width=\"300\" height=\"200\" \/><\/a><figcaption id=\"caption-attachment-9474\" class=\"wp-caption-text\">Mientr\u00e1s tanto en Hong Kong una se\u00f1ora ten\u00eda que aplicar la vieja t\u00e9cnica de &#8220;Si te ignoro no existes&#8221;<\/figcaption><\/figure>\n<figure id=\"attachment_9475\" aria-describedby=\"caption-attachment-9475\" style=\"width: 300px\" class=\"wp-caption alignnone\"><a href=\"https:\/\/i0.wp.com\/www.kalot.com.mx\/wp-content\/uploads\/2014\/01\/viaje2013-470x2601.png\"><img loading=\"lazy\" decoding=\"async\" data-attachment-id=\"9475\" data-permalink=\"https:\/\/kalot.com.mx\/site\/2014\/01\/13\/al-anden-sin-pantalon\/viaje2013-470x260-2\/\" data-orig-file=\"https:\/\/i0.wp.com\/kalot.com.mx\/site\/wp-content\/uploads\/2014\/01\/viaje2013-470x2601.png?fit=470%2C260&amp;ssl=1\" data-orig-size=\"470,260\" data-comments-opened=\"1\" data-image-meta=\"{&quot;aperture&quot;:&quot;0&quot;,&quot;credit&quot;:&quot;&quot;,&quot;camera&quot;:&quot;&quot;,&quot;caption&quot;:&quot;&quot;,&quot;created_timestamp&quot;:&quot;0&quot;,&quot;copyright&quot;:&quot;&quot;,&quot;focal_length&quot;:&quot;0&quot;,&quot;iso&quot;:&quot;0&quot;,&quot;shutter_speed&quot;:&quot;0&quot;,&quot;title&quot;:&quot;&quot;,&quot;orientation&quot;:&quot;0&quot;}\" data-image-title=\"viaje2013-470&amp;#215;260\" data-image-description=\"\" data-image-caption=\"&lt;p&gt;Fotograf\u00eda captada en a edici\u00f3n 2013 del Flashmob. (Era inevitable no subirla)&lt;\/p&gt;\n\" data-large-file=\"https:\/\/i0.wp.com\/kalot.com.mx\/site\/wp-content\/uploads\/2014\/01\/viaje2013-470x2601.png?fit=470%2C260&amp;ssl=1\" class=\"size-medium wp-image-9475\" alt=\"Fotograf\u00eda captada en a edici\u00f3n 2013 del Flashmob. (Era inevitable no subirla)\" src=\"https:\/\/i0.wp.com\/kalot.com.mx\/site\/wp-content\/uploads\/2013\/08\/blogging-for-a-company2.jpg?fit=300%2C200&#038;ssl=1\" width=\"300\" height=\"200\" \/><\/a><figcaption id=\"caption-attachment-9475\" class=\"wp-caption-text\">Fotograf\u00eda captada en a edici\u00f3n 2013 del Flashmob. (Era inevitable no subirla)<\/figcaption><\/figure>\n<p>&nbsp;<\/p>\n<p>Fotos obtenidas de Excelsior M\u00e9xico y Flasmob M\u00e9xico.<\/p>\n","protected":false},"excerpt":{"rendered":"Para todos los que a\u00fan no saben que es un \u00a0flasmob, empecemos por aclarar este punto. Los flashmob&hellip;\n","protected":false},"author":41,"featured_media":9477,"comment_status":"open","ping_status":"open","sticky":false,"template":"","format":"standard","meta":{"jetpack_post_was_ever_published":false,"_jetpack_newsletter_access":"","_jetpack_dont_email_post_to_subs":false,"_jetpack_newsletter_tier_id":0,"_jetpack_memberships_contains_paywalled_content":false,"_jetpack_memberships_contains_paid_content":false,"footnotes":"","jetpack_publicize_message":"","jetpack_publicize_feature_enabled":true,"jetpack_social_post_already_shared":true,"jetpack_social_options":{"image_generator_settings":{"template":"highway","default_image_id":0,"font":"","enabled":false},"version":2}},"categories":[1],"tags":[],"class_list":{"0":"post-9465","1":"post","2":"type-post","3":"status-publish","4":"format-standard","5":"has-post-thumbnail","7":"category-sin-categoria","8":"cs-entry","9":"cs-video-wrap"},"yoast_head":"<!-- This site is optimized with the Yoast SEO plugin v27.4 - https:\/\/yoast.com\/product\/yoast-seo-wordpress\/ -->\n<title>Al and\u00e9n sin pantal\u00f3n - Kalot<\/title>\n<meta name=\"description\" content=\"Para todos los que a\u00fan no saben que es un \u00a0flasmob, empecemos por aclarar este punto. Los flashmob son acciones colectivas, organizadas en las redes\" \/>\n<meta name=\"robots\" content=\"index, follow, max-snippet:-1, max-image-preview:large, max-video-preview:-1\" \/>\n<link rel=\"canonical\" href=\"https:\/\/kalot.com.mx\/site\/2014\/01\/13\/al-anden-sin-pantalon\/\" \/>\n<meta property=\"og:locale\" content=\"es_MX\" \/>\n<meta property=\"og:type\" content=\"article\" \/>\n<meta property=\"og:title\" content=\"Al and\u00e9n sin pantal\u00f3n - Kalot\" \/>\n<meta property=\"og:description\" content=\"Para todos los que a\u00fan no saben que es un \u00a0flasmob, empecemos por aclarar este punto. Los flashmob son acciones colectivas, organizadas en las redes\" \/>\n<meta property=\"og:url\" content=\"https:\/\/kalot.com.mx\/site\/2014\/01\/13\/al-anden-sin-pantalon\/\" \/>\n<meta property=\"og:site_name\" content=\"Kalot\" \/>\n<meta property=\"article:publisher\" content=\"http:\/\/facebook.com\/mxkalot\" \/>\n<meta property=\"article:published_time\" content=\"2014-01-13T18:57:27+00:00\" \/>\n<meta property=\"article:modified_time\" content=\"2017-12-20T21:54:06+00:00\" \/>\n<meta property=\"og:image\" content=\"https:\/\/i2.wp.com\/kalot.com.mx\/site\/wp-content\/uploads\/2014\/01\/Berl\u00edn-Alemania21.jpg?fit=1000%2C624&ssl=1\" \/>\n\t<meta property=\"og:image:width\" content=\"1000\" \/>\n\t<meta property=\"og:image:height\" content=\"624\" \/>\n\t<meta property=\"og:image:type\" content=\"image\/jpeg\" \/>\n<meta name=\"author\" content=\"Ilse Canela\" \/>\n<meta name=\"twitter:card\" content=\"summary_large_image\" \/>\n<meta name=\"twitter:creator\" content=\"@kalotmx\" \/>\n<meta name=\"twitter:site\" content=\"@kalotmx\" \/>\n<meta name=\"twitter:label1\" content=\"Escrito por\" \/>\n\t<meta name=\"twitter:data1\" content=\"Ilse Canela\" \/>\n\t<meta name=\"twitter:label2\" content=\"Tiempo de lectura\" \/>\n\t<meta name=\"twitter:data2\" content=\"2 minutos\" \/>\n<!-- \/ Yoast SEO plugin. -->","yoast_head_json":{"title":"Al and\u00e9n sin pantal\u00f3n - Kalot","description":"Para todos los que a\u00fan no saben que es un \u00a0flasmob, empecemos por aclarar este punto. Los flashmob son acciones colectivas, organizadas en las redes","robots":{"index":"index","follow":"follow","max-snippet":"max-snippet:-1","max-image-preview":"max-image-preview:large","max-video-preview":"max-video-preview:-1"},"canonical":"https:\/\/kalot.com.mx\/site\/2014\/01\/13\/al-anden-sin-pantalon\/","og_locale":"es_MX","og_type":"article","og_title":"Al and\u00e9n sin pantal\u00f3n - Kalot","og_description":"Para todos los que a\u00fan no saben que es un \u00a0flasmob, empecemos por aclarar este punto. Los flashmob son acciones colectivas, organizadas en las redes","og_url":"https:\/\/kalot.com.mx\/site\/2014\/01\/13\/al-anden-sin-pantalon\/","og_site_name":"Kalot","article_publisher":"http:\/\/facebook.com\/mxkalot","article_published_time":"2014-01-13T18:57:27+00:00","article_modified_time":"2017-12-20T21:54:06+00:00","og_image":[{"width":1000,"height":624,"url":"https:\/\/i2.wp.com\/kalot.com.mx\/site\/wp-content\/uploads\/2014\/01\/Berl\u00edn-Alemania21.jpg?fit=1000%2C624&ssl=1","type":"image\/jpeg"}],"author":"Ilse Canela","twitter_card":"summary_large_image","twitter_creator":"@kalotmx","twitter_site":"@kalotmx","twitter_misc":{"Escrito por":"Ilse Canela","Tiempo de lectura":"2 minutos"},"schema":{"@context":"https:\/\/schema.org","@graph":[{"@type":"Article","@id":"https:\/\/kalot.com.mx\/site\/2014\/01\/13\/al-anden-sin-pantalon\/#article","isPartOf":{"@id":"https:\/\/kalot.com.mx\/site\/2014\/01\/13\/al-anden-sin-pantalon\/"},"author":{"name":"Ilse Canela","@id":"https:\/\/kalot.com.mx\/site\/#\/schema\/person\/9a43e9bc443a2d90dd6c21248bb444fb"},"headline":"Al and\u00e9n sin pantal\u00f3n","datePublished":"2014-01-13T18:57:27+00:00","dateModified":"2017-12-20T21:54:06+00:00","mainEntityOfPage":{"@id":"https:\/\/kalot.com.mx\/site\/2014\/01\/13\/al-anden-sin-pantalon\/"},"wordCount":417,"commentCount":0,"publisher":{"@id":"https:\/\/kalot.com.mx\/site\/#organization"},"image":{"@id":"https:\/\/kalot.com.mx\/site\/2014\/01\/13\/al-anden-sin-pantalon\/#primaryimage"},"thumbnailUrl":"https:\/\/i0.wp.com\/kalot.com.mx\/site\/wp-content\/uploads\/2014\/01\/Berl%C3%ADn-Alemania21.jpg?fit=1000%2C624&ssl=1","inLanguage":"es","potentialAction":[{"@type":"CommentAction","name":"Comment","target":["https:\/\/kalot.com.mx\/site\/2014\/01\/13\/al-anden-sin-pantalon\/#respond"]}]},{"@type":"WebPage","@id":"https:\/\/kalot.com.mx\/site\/2014\/01\/13\/al-anden-sin-pantalon\/","url":"https:\/\/kalot.com.mx\/site\/2014\/01\/13\/al-anden-sin-pantalon\/","name":"Al and\u00e9n sin pantal\u00f3n - Kalot","isPartOf":{"@id":"https:\/\/kalot.com.mx\/site\/#website"},"primaryImageOfPage":{"@id":"https:\/\/kalot.com.mx\/site\/2014\/01\/13\/al-anden-sin-pantalon\/#primaryimage"},"image":{"@id":"https:\/\/kalot.com.mx\/site\/2014\/01\/13\/al-anden-sin-pantalon\/#primaryimage"},"thumbnailUrl":"https:\/\/i0.wp.com\/kalot.com.mx\/site\/wp-content\/uploads\/2014\/01\/Berl%C3%ADn-Alemania21.jpg?fit=1000%2C624&ssl=1","datePublished":"2014-01-13T18:57:27+00:00","dateModified":"2017-12-20T21:54:06+00:00","description":"Para todos los que a\u00fan no saben que es un \u00a0flasmob, empecemos por aclarar este punto. Los flashmob son acciones colectivas, organizadas en las redes","breadcrumb":{"@id":"https:\/\/kalot.com.mx\/site\/2014\/01\/13\/al-anden-sin-pantalon\/#breadcrumb"},"inLanguage":"es","potentialAction":[{"@type":"ReadAction","target":["https:\/\/kalot.com.mx\/site\/2014\/01\/13\/al-anden-sin-pantalon\/"]}]},{"@type":"ImageObject","inLanguage":"es","@id":"https:\/\/kalot.com.mx\/site\/2014\/01\/13\/al-anden-sin-pantalon\/#primaryimage","url":"https:\/\/i0.wp.com\/kalot.com.mx\/site\/wp-content\/uploads\/2014\/01\/Berl%C3%ADn-Alemania21.jpg?fit=1000%2C624&ssl=1","contentUrl":"https:\/\/i0.wp.com\/kalot.com.mx\/site\/wp-content\/uploads\/2014\/01\/Berl%C3%ADn-Alemania21.jpg?fit=1000%2C624&ssl=1","width":1000,"height":624},{"@type":"BreadcrumbList","@id":"https:\/\/kalot.com.mx\/site\/2014\/01\/13\/al-anden-sin-pantalon\/#breadcrumb","itemListElement":[{"@type":"ListItem","position":1,"name":"Home","item":"https:\/\/kalot.com.mx\/site\/"},{"@type":"ListItem","position":2,"name":"Al and\u00e9n sin pantal\u00f3n"}]},{"@type":"WebSite","@id":"https:\/\/kalot.com.mx\/site\/#website","url":"https:\/\/kalot.com.mx\/site\/","name":"Kalot","description":"Conoce Todo Sobre Todo","publisher":{"@id":"https:\/\/kalot.com.mx\/site\/#organization"},"potentialAction":[{"@type":"SearchAction","target":{"@type":"EntryPoint","urlTemplate":"https:\/\/kalot.com.mx\/site\/?s={search_term_string}"},"query-input":{"@type":"PropertyValueSpecification","valueRequired":true,"valueName":"search_term_string"}}],"inLanguage":"es"},{"@type":"Organization","@id":"https:\/\/kalot.com.mx\/site\/#organization","name":"Kalot","url":"https:\/\/kalot.com.mx\/site\/","logo":{"@type":"ImageObject","inLanguage":"es","@id":"https:\/\/kalot.com.mx\/site\/#\/schema\/logo\/image\/","url":"https:\/\/i0.wp.com\/kalot.com.mx\/site\/wp-content\/uploads\/2020\/04\/Kalot-logo-sin-tagline.png?fit=1707%2C1014&ssl=1","contentUrl":"https:\/\/i0.wp.com\/kalot.com.mx\/site\/wp-content\/uploads\/2020\/04\/Kalot-logo-sin-tagline.png?fit=1707%2C1014&ssl=1","width":1707,"height":1014,"caption":"Kalot"},"image":{"@id":"https:\/\/kalot.com.mx\/site\/#\/schema\/logo\/image\/"},"sameAs":["http:\/\/facebook.com\/mxkalot","https:\/\/x.com\/kalotmx","http:\/\/instagram.com\/kalotmx","http:\/\/pinterest.com\/jorgeerana\/kalot"]},{"@type":"Person","@id":"https:\/\/kalot.com.mx\/site\/#\/schema\/person\/9a43e9bc443a2d90dd6c21248bb444fb","name":"Ilse Canela","image":{"@type":"ImageObject","inLanguage":"es","@id":"https:\/\/secure.gravatar.com\/avatar\/5fca3581aec022ae0e2a3afceb0feebde2da13d9f84d6d7a40605edf07ba09ba?s=96&d=mm&r=g","url":"https:\/\/secure.gravatar.com\/avatar\/5fca3581aec022ae0e2a3afceb0feebde2da13d9f84d6d7a40605edf07ba09ba?s=96&d=mm&r=g","contentUrl":"https:\/\/secure.gravatar.com\/avatar\/5fca3581aec022ae0e2a3afceb0feebde2da13d9f84d6d7a40605edf07ba09ba?s=96&d=mm&r=g","caption":"Ilse Canela"},"description":"Aprendiz de mkt y locuci\u00f3n, fan\u00e1tica de la vida y los colores, creo que el elixir de la juventud eterna es la creatividad. Directora creativa de mi vida","url":"https:\/\/kalot.com.mx\/site\/author\/ilse\/"}]}},"jetpack_publicize_connections":[],"jetpack_featured_media_url":"https:\/\/i0.wp.com\/kalot.com.mx\/site\/wp-content\/uploads\/2014\/01\/Berl%C3%ADn-Alemania21.jpg?fit=1000%2C624&ssl=1","jetpack_shortlink":"https:\/\/wp.me\/p6IHEI-2sF","jetpack-related-posts":[{"id":15090,"url":"https:\/\/kalot.com.mx\/site\/2014\/04\/20\/flashmobcuerna\/","url_meta":{"origin":9465,"position":0},"title":"FlashMOB Cuerna!","author":"Ceci Cuevas","date":"20 abril, 2014","format":false,"excerpt":"por Ceci Cuevas FlashMOB Cuerna!\u00a0 Me encontr\u00e9 con este excelente proyecto que hice hace un par de a\u00f1os en Cuernavaca, Morelos. Estar\u00eda padre rehacerlo en cada ciudad con ideas y prop\u00f3sitos diferentes. Puede ser para promocionar alguna empresa, promover alguna causa social o como en el caso de este, reactivar\u2026","rel":"","context":"Con 1 comentario","block_context":{"text":"Con 1 comentario","link":"https:\/\/kalot.com.mx\/site\/2014\/04\/20\/flashmobcuerna\/#comments"},"img":{"alt_text":"","src":"https:\/\/i0.wp.com\/kalot.com.mx\/site\/wp-content\/uploads\/2014\/04\/pla.jpg?fit=600%2C478&ssl=1&resize=350%2C200","width":350,"height":200,"srcset":"https:\/\/i0.wp.com\/kalot.com.mx\/site\/wp-content\/uploads\/2014\/04\/pla.jpg?fit=600%2C478&ssl=1&resize=350%2C200 1x, https:\/\/i0.wp.com\/kalot.com.mx\/site\/wp-content\/uploads\/2014\/04\/pla.jpg?fit=600%2C478&ssl=1&resize=525%2C300 1.5x"},"classes":[]},{"id":5394,"url":"https:\/\/kalot.com.mx\/site\/2013\/10\/31\/y-colorin-colorado-el-flashmob-ha-terminado\/","url_meta":{"origin":9465,"position":1},"title":"Y color\u00edn colorado, el Flashmob ha terminado","author":"Ilse Canela","date":"31 octubre, 2013","format":false,"excerpt":"\u00bfImaginas c\u00f3mo ser\u00eda ahora un creativo\u00a0 publicitario,\u00a0 si su infancia hubiera sido influenciada por miles de anuncios, campa\u00f1as BTL, flashmob \u00a0y muchos otros impactos publicitarios que parecen salidos de pel\u00edcula? Si, te entiendo, si eres apasionado del Marketing y la publicidad como yo, seguramente habr\u00edas quedado loquito. Para muchos de\u2026","rel":"","context":"Entrada similar ","block_context":{"text":"Entrada similar ","link":""},"img":{"alt_text":"","src":"https:\/\/i0.wp.com\/kalot.com.mx\/site\/wp-content\/uploads\/2013\/10\/color%C3%ADnfashmob.png?fit=808%2C404&ssl=1&resize=350%2C200","width":350,"height":200,"srcset":"https:\/\/i0.wp.com\/kalot.com.mx\/site\/wp-content\/uploads\/2013\/10\/color%C3%ADnfashmob.png?fit=808%2C404&ssl=1&resize=350%2C200 1x, https:\/\/i0.wp.com\/kalot.com.mx\/site\/wp-content\/uploads\/2013\/10\/color%C3%ADnfashmob.png?fit=808%2C404&ssl=1&resize=525%2C300 1.5x, https:\/\/i0.wp.com\/kalot.com.mx\/site\/wp-content\/uploads\/2013\/10\/color%C3%ADnfashmob.png?fit=808%2C404&ssl=1&resize=700%2C400 2x"},"classes":[]},{"id":12839,"url":"https:\/\/kalot.com.mx\/site\/2014\/03\/02\/informacion-aplicacion-transformacion\/","url_meta":{"origin":9465,"position":2},"title":"Informaci\u00f3n + aplicaci\u00f3n = TRANSFORMACI\u00d3N","author":"Ceci Cuevas","date":"2 marzo, 2014","format":false,"excerpt":"por Ceci Cuevas Este fin de semana viaj\u00e9 a la ciudad de M\u00e9xico para estar presente en el Seminario de Liderazgo de Market America, empresa de representaci\u00f3n e intermediaci\u00f3n comercial especializada en las compras sociales y ventas por internet. La filosof\u00eda de esta empresa es que a pesar de que\u2026","rel":"","context":"Entrada similar ","block_context":{"text":"Entrada similar ","link":""},"img":{"alt_text":"","src":"https:\/\/i0.wp.com\/kalot.com.mx\/site\/wp-content\/uploads\/2014\/03\/20140302-060907-p.m..jpg?fit=1024%2C1024&ssl=1&resize=350%2C200","width":350,"height":200,"srcset":"https:\/\/i0.wp.com\/kalot.com.mx\/site\/wp-content\/uploads\/2014\/03\/20140302-060907-p.m..jpg?fit=1024%2C1024&ssl=1&resize=350%2C200 1x, https:\/\/i0.wp.com\/kalot.com.mx\/site\/wp-content\/uploads\/2014\/03\/20140302-060907-p.m..jpg?fit=1024%2C1024&ssl=1&resize=525%2C300 1.5x, https:\/\/i0.wp.com\/kalot.com.mx\/site\/wp-content\/uploads\/2014\/03\/20140302-060907-p.m..jpg?fit=1024%2C1024&ssl=1&resize=700%2C400 2x"},"classes":[]},{"id":18222,"url":"https:\/\/kalot.com.mx\/site\/2014\/09\/19\/red-lte-4g-con-movistar-mexico-vasavolar\/","url_meta":{"origin":9465,"position":3},"title":"Red LTE 4G con Movistar M\u00e9xico #VasAVolar","author":"Adrian Aldana","date":"19 septiembre, 2014","format":false,"excerpt":"\u00a1Hola a Todos! El d\u00eda de hoy 19 de Septiembre y 20 de septiembre se llevar\u00e1 a cabo un evento en el Parque M\u00e9xico (Ubicado en la Colonia Condesa del DF) en d\u00f3nde Movistar M\u00e9xico. Con el #VasAVolar Movistar prepara el lanzamiento de la RED LTE 4G en M\u00e9xico, esto\u2026","rel":"","context":"Entrada similar ","block_context":{"text":"Entrada similar ","link":""},"img":{"alt_text":"","src":"https:\/\/i0.wp.com\/kalot.com.mx\/site\/wp-content\/uploads\/2014\/09\/Vas-A-Volar-3.png?fit=1200%2C674&ssl=1&resize=350%2C200","width":350,"height":200,"srcset":"https:\/\/i0.wp.com\/kalot.com.mx\/site\/wp-content\/uploads\/2014\/09\/Vas-A-Volar-3.png?fit=1200%2C674&ssl=1&resize=350%2C200 1x, https:\/\/i0.wp.com\/kalot.com.mx\/site\/wp-content\/uploads\/2014\/09\/Vas-A-Volar-3.png?fit=1200%2C674&ssl=1&resize=525%2C300 1.5x, https:\/\/i0.wp.com\/kalot.com.mx\/site\/wp-content\/uploads\/2014\/09\/Vas-A-Volar-3.png?fit=1200%2C674&ssl=1&resize=700%2C400 2x, https:\/\/i0.wp.com\/kalot.com.mx\/site\/wp-content\/uploads\/2014\/09\/Vas-A-Volar-3.png?fit=1200%2C674&ssl=1&resize=1050%2C600 3x"},"classes":[]},{"id":7001,"url":"https:\/\/kalot.com.mx\/site\/2013\/11\/23\/turismo-rosa-en-mexico\/","url_meta":{"origin":9465,"position":4},"title":"Turismo Rosa en M\u00e9xico.","author":"Shirley Falcon","date":"23 noviembre, 2013","format":false,"excerpt":"El gobierno mexicano se dio a la tarea de promover el turismo gay por medio de redes sociales. La secretar\u00eda detect\u00f3 que el turismo gay en M\u00e9xico est\u00e1 creciendo, y decidieron iniciar este plan de informaci\u00f3n y promoci\u00f3n a trav\u00e9s de las redes sociales de la dependencia. Detectando que Puerto\u2026","rel":"","context":"Entrada similar ","block_context":{"text":"Entrada similar ","link":""},"img":{"alt_text":"","src":"https:\/\/i0.wp.com\/kalot.com.mx\/site\/wp-content\/uploads\/2013\/11\/gaypride.jpg?fit=680%2C510&ssl=1&resize=350%2C200","width":350,"height":200,"srcset":"https:\/\/i0.wp.com\/kalot.com.mx\/site\/wp-content\/uploads\/2013\/11\/gaypride.jpg?fit=680%2C510&ssl=1&resize=350%2C200 1x, https:\/\/i0.wp.com\/kalot.com.mx\/site\/wp-content\/uploads\/2013\/11\/gaypride.jpg?fit=680%2C510&ssl=1&resize=525%2C300 1.5x"},"classes":[]},{"id":1513,"url":"https:\/\/kalot.com.mx\/site\/2013\/09\/12\/y-tu-cuanto-piensas-gastar-este-15-de-septiembre\/","url_meta":{"origin":9465,"position":5},"title":"\u00bfY tu? \u00bfCuanto piensas gastar este 15 de Septiembre?","author":"Jorge Era\u00f1a","date":"12 septiembre, 2013","format":false,"excerpt":"\u00bfCuanto gastamos como mexicanos? \u00bfRealmente cuantas personas saben comprar? . Nosotros por cultura gastamos en cosas que no necesitamos ademas de que gastamos mas del salario que percibimos y aun mas si se trata de celebrar \"Algo\". En estas fiestas patrias sin duda se viene una derrama econ\u00f3mica importante para\u2026","rel":"","context":"En &quot;Sin categor\u00eda&quot;","block_context":{"text":"Sin categor\u00eda","link":"https:\/\/kalot.com.mx\/site\/category\/sin-categoria\/"},"img":{"alt_text":"","src":"https:\/\/i0.wp.com\/kalot.com.mx\/site\/wp-content\/uploads\/2013\/09\/Festejo-15-de-Septiembre.jpg?fit=990%2C618&ssl=1&resize=350%2C200","width":350,"height":200,"srcset":"https:\/\/i0.wp.com\/kalot.com.mx\/site\/wp-content\/uploads\/2013\/09\/Festejo-15-de-Septiembre.jpg?fit=990%2C618&ssl=1&resize=350%2C200 1x, https:\/\/i0.wp.com\/kalot.com.mx\/site\/wp-content\/uploads\/2013\/09\/Festejo-15-de-Septiembre.jpg?fit=990%2C618&ssl=1&resize=525%2C300 1.5x, https:\/\/i0.wp.com\/kalot.com.mx\/site\/wp-content\/uploads\/2013\/09\/Festejo-15-de-Septiembre.jpg?fit=990%2C618&ssl=1&resize=700%2C400 2x"},"classes":[]}],"jetpack_sharing_enabled":true,"_links":{"self":[{"href":"https:\/\/kalot.com.mx\/site\/wp-json\/wp\/v2\/posts\/9465","targetHints":{"allow":["GET"]}}],"collection":[{"href":"https:\/\/kalot.com.mx\/site\/wp-json\/wp\/v2\/posts"}],"about":[{"href":"https:\/\/kalot.com.mx\/site\/wp-json\/wp\/v2\/types\/post"}],"author":[{"embeddable":true,"href":"https:\/\/kalot.com.mx\/site\/wp-json\/wp\/v2\/users\/41"}],"replies":[{"embeddable":true,"href":"https:\/\/kalot.com.mx\/site\/wp-json\/wp\/v2\/comments?post=9465"}],"version-history":[{"count":17,"href":"https:\/\/kalot.com.mx\/site\/wp-json\/wp\/v2\/posts\/9465\/revisions"}],"predecessor-version":[{"id":29849,"href":"https:\/\/kalot.com.mx\/site\/wp-json\/wp\/v2\/posts\/9465\/revisions\/29849"}],"wp:featuredmedia":[{"embeddable":true,"href":"https:\/\/kalot.com.mx\/site\/wp-json\/wp\/v2\/media\/9477"}],"wp:attachment":[{"href":"https:\/\/kalot.com.mx\/site\/wp-json\/wp\/v2\/media?parent=9465"}],"wp:term":[{"taxonomy":"category","embeddable":true,"href":"https:\/\/kalot.com.mx\/site\/wp-json\/wp\/v2\/categories?post=9465"},{"taxonomy":"post_tag","embeddable":true,"href":"https:\/\/kalot.com.mx\/site\/wp-json\/wp\/v2\/tags?post=9465"}],"curies":[{"name":"wp","href":"https:\/\/api.w.org\/{rel}","templated":true}]}}