{"id":9331,"date":"2014-01-11T15:22:47","date_gmt":"2014-01-11T21:22:47","guid":{"rendered":"http:\/\/www.kalot.com.mx\/?p=9331"},"modified":"2017-12-20T15:54:04","modified_gmt":"2017-12-20T21:54:04","slug":"lo-que-nos-deja-la-ces-2014","status":"publish","type":"post","link":"https:\/\/kalot.com.mx\/site\/2014\/01\/11\/lo-que-nos-deja-la-ces-2014\/","title":{"rendered":"Lo que nos deja la CES 2014"},"content":{"rendered":"<p style=\"text-align: justify\">El d\u00eda de ayer 10 de Enero del 2014 se dio por concluida la\u00a0Consumer Electronic Show (CES) 2014 la feria de tecnolog\u00eda mas importante del a\u00f1o que\u00a0convulsion\u00f3 al mundo de la tecnolog\u00eda por unos d\u00edas con su ola de anuncios y novedades. \u00a0En esta edici\u00f3n que deja la feria, se pueden destacar las promesas de tecnolog\u00edas \u00fatiles para el futuro.<\/p>\n<p style=\"text-align: justify\">En este post les traigo un repaso de lo mas destacado que nos dejo LA CES 2014<\/p>\n<p style=\"text-align: center\"><strong><span style=\"color: #0000ff\">Un concepto importante y expandido en muchas de las presentaciones de las distintas marcas fue el denominado <span style=\"color: #000000\">&#8220;Internet de las cosas &#8220;<\/span>: se trata de objetos de uso cotidiano que pueden almacenar informaci\u00f3n, conectarse entre s\u00ed y convertirse de esta manera en &#8220;inteligentes&#8221;.<\/span><\/strong><\/p>\n<p style=\"text-align: justify\">Durante los cuatro d\u00edas de la feria, un lugar relevante lo ocup\u00f3 la nueva gama de televisores hogare\u00f1os curvos y con gran definici\u00f3n, presentados por distintos fabricantes.<strong> En Super pantallas\u00a0la incorporaci\u00f3n de la tecnolog\u00eda 4K en los televisores hogare\u00f1os (con una resoluci\u00f3n de 4096 x 2160 p\u00edxeles tiene una calidad 4 veces superior a las Full HD)<\/strong>, la novedad que promocionaron algunas empresas fue la implementaci\u00f3n de pantallas curvas y de gran tama\u00f1o.\u00a0Una de las preguntas sobre la tecnolog\u00eda 4K recae sobre la definici\u00f3n que tienen los contenidos. <strong>Hasta el momento, Youtube confirm\u00f3 que su plataforma de videos soportar\u00e1 esa resoluci\u00f3n. Netflix tambi\u00e9n. Y durante la CES, Sony anunci\u00f3 que grabar\u00e1 el pr\u00f3ximo Mundial de F\u00fatbol en calidad 4K.<\/strong><\/p>\n<p><a href=\"https:\/\/i0.wp.com\/www.kalot.com.mx\/wp-content\/uploads\/2014\/01\/52d06038ca52b_510x340.jpg\"><img fetchpriority=\"high\" decoding=\"async\" data-attachment-id=\"9332\" data-permalink=\"https:\/\/kalot.com.mx\/site\/2014\/01\/11\/lo-que-nos-deja-la-ces-2014\/52d06038ca52b_510x340\/\" data-orig-file=\"https:\/\/i0.wp.com\/kalot.com.mx\/site\/wp-content\/uploads\/2014\/01\/52d06038ca52b_510x340.jpg?fit=510%2C340&amp;ssl=1\" data-orig-size=\"510,340\" data-comments-opened=\"1\" data-image-meta=\"{&quot;aperture&quot;:&quot;0&quot;,&quot;credit&quot;:&quot;&quot;,&quot;camera&quot;:&quot;&quot;,&quot;caption&quot;:&quot;&quot;,&quot;created_timestamp&quot;:&quot;0&quot;,&quot;copyright&quot;:&quot;&quot;,&quot;focal_length&quot;:&quot;0&quot;,&quot;iso&quot;:&quot;0&quot;,&quot;shutter_speed&quot;:&quot;0&quot;,&quot;title&quot;:&quot;&quot;,&quot;orientation&quot;:&quot;0&quot;}\" data-image-title=\"52d06038ca52b_510x340\" data-image-description=\"\" data-image-caption=\"\" data-large-file=\"https:\/\/i0.wp.com\/kalot.com.mx\/site\/wp-content\/uploads\/2014\/01\/52d06038ca52b_510x340.jpg?fit=510%2C340&amp;ssl=1\" class=\"size-full wp-image-9332 aligncenter\" alt=\"52d06038ca52b_510x340\" src=\"https:\/\/i0.wp.com\/kalot.com.mx\/site\/wp-content\/uploads\/2013\/08\/blogging-for-a-company2.jpg?fit=1698%2C1131&#038;ssl=1\" width=\"1698\" height=\"1131\" \/><\/a><\/p>\n<ul>\n<li style=\"text-align: justify\">\u00a0<strong>Samsung present\u00f3 un televisor de &#8220;ultra alta&#8221; definici\u00f3n de 105 pulgadas, curvo y con una resoluci\u00f3n de 5120 x 2160<\/strong>. Durante la conferencia de prensa, la compa\u00f1\u00eda surcoreana tambi\u00e9n<strong> mostr\u00f3 otro modelo, de 85 pulgadas, cuya cualidad reside en curvar la pantalla al presionar un bot\u00f3n<\/strong>. Pero \u00e9ste \u00faltimo era s\u00f3lo un prototipo y se desconoce si llegar\u00e1 al mercado.<\/li>\n<\/ul>\n<ul style=\"text-align: justify\">\n<li>A tono con la tendencia, <strong>LG exhibi\u00f3 un televisor con pantalla OLED de 77 pulgadas, flexible<\/strong>. La curvatura queda a gusto del usuario y puede ser regulada con un control remoto.<\/li>\n<\/ul>\n<ul>\n<li style=\"text-align: justify\">En esta l\u00ednea de productos, una de las sorpresas <strong>fue el regreso de Polaroid<\/strong>, la compa\u00f1\u00eda que populariz\u00f3 su c\u00e1mara fotogr\u00e1fica &#8220;instant\u00e1nea&#8221; hace algunas d\u00e9cadas. Anunci\u00f3 un televisor 4K de 50 pulgadas y a un precio bastante bueno.<\/li>\n<\/ul>\n<p><strong>La industria automotriz tambi\u00e9n se dio presente en la feria y dio a conocer su visi\u00f3n a futuro en relaci\u00f3n a la incorporaci\u00f3n de tecnolog\u00eda. <\/strong><\/p>\n<ul>\n<li style=\"text-align: justify\">Chevrolet, anuncio conectividad 4G en sus modelos (para Estados Unidos y Canad\u00e1, en una primera instancia) y hasta su propia tienda de aplicaciones.<\/li>\n<\/ul>\n<p><a href=\"https:\/\/i0.wp.com\/www.kalot.com.mx\/wp-content\/uploads\/2014\/01\/portachevy.jpg\"><img decoding=\"async\" data-attachment-id=\"9336\" data-permalink=\"https:\/\/kalot.com.mx\/site\/2014\/01\/11\/lo-que-nos-deja-la-ces-2014\/chevrolet-speeds-up-with-onstar-4g-lte\/\" data-orig-file=\"https:\/\/i0.wp.com\/kalot.com.mx\/site\/wp-content\/uploads\/2014\/01\/portachevy.jpg?fit=840%2C480&amp;ssl=1\" data-orig-size=\"840,480\" data-comments-opened=\"1\" data-image-meta=\"{&quot;aperture&quot;:&quot;0&quot;,&quot;credit&quot;:&quot;&quot;,&quot;camera&quot;:&quot;&quot;,&quot;caption&quot;:&quot;Chevrolet drivers will be enjoying high-speed data - made possible by a new OnStar 4G LTE connection in the vehicle. The 2015 Chevrolet Corvette, Impala, Malibu, and Volt will be the first General Motors\\u2019 vehicles to come equipped with OnStar 4G LTE.&quot;,&quot;created_timestamp&quot;:&quot;0&quot;,&quot;copyright&quot;:&quot;&quot;,&quot;focal_length&quot;:&quot;0&quot;,&quot;iso&quot;:&quot;0&quot;,&quot;shutter_speed&quot;:&quot;0&quot;,&quot;title&quot;:&quot;Chevrolet Speeds Up With OnStar 4G LTE&quot;,&quot;orientation&quot;:&quot;1&quot;}\" data-image-title=\"Chevrolet  4G \" data-image-description=\"&lt;p&gt;Chevrolet drivers will be enjoying high-speed data &amp;#8211; made possible by a new OnStar 4G LTE connection in the vehicle. The 2015 Chevrolet Corvette, Impala, Malibu, and Volt will be the first General Motors\u2019 vehicles to come equipped with OnStar 4G LTE.&lt;\/p&gt;\n\" data-image-caption=\"\" data-large-file=\"https:\/\/i0.wp.com\/kalot.com.mx\/site\/wp-content\/uploads\/2014\/01\/portachevy.jpg?fit=840%2C480&amp;ssl=1\" class=\"alignnone size-full wp-image-9336 aligncenter\" alt=\"Chevrolet  4G \" src=\"https:\/\/i0.wp.com\/kalot.com.mx\/site\/wp-content\/uploads\/2013\/08\/blogging-for-a-company2.jpg?fit=1698%2C1131&#038;ssl=1\" width=\"1698\" height=\"1131\" \/><\/a><\/p>\n<ul>\n<li style=\"text-align: justify\">Toyota mostr\u00f3 un modelo que funciona a hidr\u00f3geno. Un veh\u00edculo que s\u00f3lo posee emisiones de vapor de agua, se recarga en pocos minutos y se espera que salga al mercado en 2015.<\/li>\n<\/ul>\n<p><a href=\"https:\/\/i0.wp.com\/www.kalot.com.mx\/wp-content\/uploads\/2014\/01\/ene14-ces-toyota.jpg\"><img decoding=\"async\" data-attachment-id=\"9349\" data-permalink=\"https:\/\/kalot.com.mx\/site\/2014\/01\/11\/lo-que-nos-deja-la-ces-2014\/ene14-ces-toyota\/\" data-orig-file=\"https:\/\/i0.wp.com\/kalot.com.mx\/site\/wp-content\/uploads\/2014\/01\/ene14-ces-toyota.jpg?fit=657%2C369&amp;ssl=1\" data-orig-size=\"657,369\" data-comments-opened=\"1\" data-image-meta=\"{&quot;aperture&quot;:&quot;0&quot;,&quot;credit&quot;:&quot;&quot;,&quot;camera&quot;:&quot;&quot;,&quot;caption&quot;:&quot;&quot;,&quot;created_timestamp&quot;:&quot;0&quot;,&quot;copyright&quot;:&quot;&quot;,&quot;focal_length&quot;:&quot;0&quot;,&quot;iso&quot;:&quot;0&quot;,&quot;shutter_speed&quot;:&quot;0&quot;,&quot;title&quot;:&quot;&quot;,&quot;orientation&quot;:&quot;0&quot;}\" data-image-title=\"ene14-ces-toyota\" data-image-description=\"\" data-image-caption=\"\" data-large-file=\"https:\/\/i0.wp.com\/kalot.com.mx\/site\/wp-content\/uploads\/2014\/01\/ene14-ces-toyota.jpg?fit=657%2C369&amp;ssl=1\" class=\"size-full wp-image-9349 aligncenter\" alt=\"ene14-ces-toyota\" src=\"https:\/\/i0.wp.com\/kalot.com.mx\/site\/wp-content\/uploads\/2013\/08\/blogging-for-a-company2.jpg?fit=1698%2C1131&#038;ssl=1\" width=\"1698\" height=\"1131\" \/><\/a><\/p>\n<ul>\n<li style=\"text-align: justify\">Intel potenci\u00f3 el nuevo modelo el\u00e9ctrico de BMW (el i3) para que el computador a bordo no s\u00f3lo entregue informaci\u00f3n mec\u00e1nica y de ruta, sino que tambi\u00e9n agregue conexi\u00f3n a internet o redes sociales, sin distraer al conductor.<\/li>\n<\/ul>\n<p><a href=\"https:\/\/i0.wp.com\/www.kalot.com.mx\/wp-content\/uploads\/2014\/01\/auto%2Belectrico%2Bbmw.jpg\"><img loading=\"lazy\" decoding=\"async\" data-attachment-id=\"9338\" data-permalink=\"https:\/\/kalot.com.mx\/site\/2014\/01\/11\/lo-que-nos-deja-la-ces-2014\/autoelectricobmw\/\" data-orig-file=\"https:\/\/i0.wp.com\/kalot.com.mx\/site\/wp-content\/uploads\/2014\/01\/auto%2Belectrico%2Bbmw.jpg?fit=1024%2C768&amp;ssl=1\" data-orig-size=\"1024,768\" data-comments-opened=\"1\" data-image-meta=\"{&quot;aperture&quot;:&quot;0&quot;,&quot;credit&quot;:&quot;&quot;,&quot;camera&quot;:&quot;&quot;,&quot;caption&quot;:&quot;&quot;,&quot;created_timestamp&quot;:&quot;0&quot;,&quot;copyright&quot;:&quot;&quot;,&quot;focal_length&quot;:&quot;0&quot;,&quot;iso&quot;:&quot;0&quot;,&quot;shutter_speed&quot;:&quot;0&quot;,&quot;title&quot;:&quot;&quot;,&quot;orientation&quot;:&quot;0&quot;}\" data-image-title=\"auto+electrico+bmw\" data-image-description=\"\" data-image-caption=\"\" data-large-file=\"https:\/\/i0.wp.com\/kalot.com.mx\/site\/wp-content\/uploads\/2014\/01\/auto%2Belectrico%2Bbmw.jpg?fit=1024%2C768&amp;ssl=1\" class=\"alignnone size-full wp-image-9338\" alt=\"auto+electrico+bmw\" src=\"https:\/\/i0.wp.com\/kalot.com.mx\/site\/wp-content\/uploads\/2013\/08\/blogging-for-a-company2.jpg?fit=1698%2C1131&#038;ssl=1\" width=\"1698\" height=\"1131\" \/><\/a><\/p>\n<ul>\n<li style=\"text-align: justify\">El proyecto de Google -Audi y Nvidia-para introducir Android en el coche. Un plan en el que finalmente no est\u00e1n solos. Hyundai, Honda y General Motors forman tambi\u00e9n la Open Automotive Alliance. En el cada vez m\u00e1s com\u00fan <strong>\u2018internet de las cosas\u2019 no pod\u00eda faltar el coche conectado.<\/strong><\/li>\n<\/ul>\n<p><a href=\"https:\/\/i0.wp.com\/www.kalot.com.mx\/wp-content\/uploads\/2014\/01\/audi_google_maps.jpg\"><img loading=\"lazy\" decoding=\"async\" data-attachment-id=\"9339\" data-permalink=\"https:\/\/kalot.com.mx\/site\/2014\/01\/11\/lo-que-nos-deja-la-ces-2014\/audi_google_maps\/\" data-orig-file=\"https:\/\/i0.wp.com\/kalot.com.mx\/site\/wp-content\/uploads\/2014\/01\/audi_google_maps.jpg?fit=624%2C352&amp;ssl=1\" data-orig-size=\"624,352\" data-comments-opened=\"1\" data-image-meta=\"{&quot;aperture&quot;:&quot;0&quot;,&quot;credit&quot;:&quot;&quot;,&quot;camera&quot;:&quot;&quot;,&quot;caption&quot;:&quot;&quot;,&quot;created_timestamp&quot;:&quot;0&quot;,&quot;copyright&quot;:&quot;&quot;,&quot;focal_length&quot;:&quot;0&quot;,&quot;iso&quot;:&quot;0&quot;,&quot;shutter_speed&quot;:&quot;0&quot;,&quot;title&quot;:&quot;&quot;,&quot;orientation&quot;:&quot;0&quot;}\" data-image-title=\"audi_google_maps\" data-image-description=\"\" data-image-caption=\"\" data-large-file=\"https:\/\/i0.wp.com\/kalot.com.mx\/site\/wp-content\/uploads\/2014\/01\/audi_google_maps.jpg?fit=624%2C352&amp;ssl=1\" class=\"size-full wp-image-9339 aligncenter\" alt=\"audi_google_maps\" src=\"https:\/\/i0.wp.com\/kalot.com.mx\/site\/wp-content\/uploads\/2013\/08\/blogging-for-a-company2.jpg?fit=1698%2C1131&#038;ssl=1\" width=\"1698\" height=\"1131\" \/><\/a><\/p>\n<p>&nbsp;<\/p>\n<p><strong>La impresi\u00f3n 3D:<\/strong><\/p>\n<ul>\n<li style=\"text-align: justify\">Otra de las tendencias eque ha tenido espacio entre los pasillos de la CES y se han mostrado nuevas aplicaciones de esta tecnolog\u00eda. M\u00e1s all\u00e1 de las interesantes posibilidades en el campo de la medicina hay otros campos para ser creativos, por ejemplo en reposter\u00eda, con la impresi\u00f3n objetos de chocolate o az\u00facar fundido. De momento, las impresoras en tres dimensiones no han hecho su irrupci\u00f3n definitiva en el mercado, entre otros motivos por su elevado precio. Los fabricantes est\u00e1n intentando romper esa barrera y no parece muy lejana.<\/li>\n<\/ul>\n<p><a href=\"https:\/\/i0.wp.com\/www.kalot.com.mx\/wp-content\/uploads\/2014\/01\/193178-09_01_2014_18_03_00_537515757.jpg\"><img loading=\"lazy\" decoding=\"async\" data-attachment-id=\"9341\" data-permalink=\"https:\/\/kalot.com.mx\/site\/2014\/01\/11\/lo-que-nos-deja-la-ces-2014\/193178-09_01_2014_18_03_00_537515757\/\" data-orig-file=\"https:\/\/i0.wp.com\/kalot.com.mx\/site\/wp-content\/uploads\/2014\/01\/193178-09_01_2014_18_03_00_537515757.jpg?fit=500%2C280&amp;ssl=1\" data-orig-size=\"500,280\" data-comments-opened=\"1\" data-image-meta=\"{&quot;aperture&quot;:&quot;0&quot;,&quot;credit&quot;:&quot;&quot;,&quot;camera&quot;:&quot;&quot;,&quot;caption&quot;:&quot;&quot;,&quot;created_timestamp&quot;:&quot;0&quot;,&quot;copyright&quot;:&quot;&quot;,&quot;focal_length&quot;:&quot;0&quot;,&quot;iso&quot;:&quot;0&quot;,&quot;shutter_speed&quot;:&quot;0&quot;,&quot;title&quot;:&quot;&quot;,&quot;orientation&quot;:&quot;0&quot;}\" data-image-title=\"3D\" data-image-description=\"\" data-image-caption=\"\" data-large-file=\"https:\/\/i0.wp.com\/kalot.com.mx\/site\/wp-content\/uploads\/2014\/01\/193178-09_01_2014_18_03_00_537515757.jpg?fit=500%2C280&amp;ssl=1\" class=\"size-full wp-image-9341 aligncenter\" alt=\"3D\" src=\"https:\/\/i0.wp.com\/kalot.com.mx\/site\/wp-content\/uploads\/2013\/08\/blogging-for-a-company2.jpg?fit=1698%2C1131&#038;ssl=1\" width=\"1698\" height=\"1131\" \/><\/a><\/p>\n<p><em> Como ya tambi\u00e9n les hab\u00eda comentado en mi pasado post &#8221; <span style=\"color: #0000ff\">LAS SORPRESAS DE LA CES 2014 &#8216;<\/span>&#8216;\u00a0la llamada &#8220;tecnolog\u00eda wearable &#8221; (la tecnolog\u00eda que se viste), acapararon buena parte de la atenci\u00f3n en el evento, cuyos productos cobran cada vez mayor relevancia en el mercado.\u00a0LG present\u00f3 su &#8220;Lifeband Touch&#8221; y Sony su modelo &#8220;Core&#8221;. Ambas son pulseras que registran, almacenan y cuantifican la actividad f\u00edsica del usuario a la vez que alertan al recibir un correo electr\u00f3nico o una llamada telef\u00f3nica, sus funcionalidades var\u00edan de acuerdo al modelo y la marca. \u00a0<a title=\"http:\/\/wp.me\/p3RC3h-2oQ\" href=\"http:\/\/t.co\/f3KQNuuYDg\" target=\"_blank\" rel=\"nofollow\">wp.me\/p3RC3h-2oQ\u00a0<\/a><\/em><\/p>\n<p><strong>Nuevos productos capaces de medir y cuantificar la actividad de sus usuarios&#8230; <\/strong><\/p>\n<ul>\n<li style=\"text-align: justify\"><strong>Intel<\/strong> \u00a0fue una de las compa\u00f1\u00edas que present\u00f3 una gran avance en este sentido al dar a conocer un nuevo chip llamado &#8220;Edison&#8221;, con capacidades de una computadora pero del tama\u00f1o de una tarjeta SD. La idea, seg\u00fan se anunci\u00f3, es estimular a los fabricantes a desarrollar &#8220;ropa tecnol\u00f3gica&#8221; u otros objetos, como un aud\u00edfono que almacena datos biom\u00e9tricos, de actividad y ritmo card\u00edaco de su portador.<\/li>\n<\/ul>\n<p><a href=\"https:\/\/i0.wp.com\/www.kalot.com.mx\/wp-content\/uploads\/2014\/01\/52d06038a76a9_510x340.jpg\"><img loading=\"lazy\" decoding=\"async\" data-attachment-id=\"9334\" data-permalink=\"https:\/\/kalot.com.mx\/site\/2014\/01\/11\/lo-que-nos-deja-la-ces-2014\/52d06038a76a9_510x340\/\" data-orig-file=\"https:\/\/i0.wp.com\/kalot.com.mx\/site\/wp-content\/uploads\/2014\/01\/52d06038a76a9_510x340.jpg?fit=510%2C340&amp;ssl=1\" data-orig-size=\"510,340\" data-comments-opened=\"1\" data-image-meta=\"{&quot;aperture&quot;:&quot;0&quot;,&quot;credit&quot;:&quot;&quot;,&quot;camera&quot;:&quot;&quot;,&quot;caption&quot;:&quot;&quot;,&quot;created_timestamp&quot;:&quot;0&quot;,&quot;copyright&quot;:&quot;&quot;,&quot;focal_length&quot;:&quot;0&quot;,&quot;iso&quot;:&quot;0&quot;,&quot;shutter_speed&quot;:&quot;0&quot;,&quot;title&quot;:&quot;&quot;,&quot;orientation&quot;:&quot;0&quot;}\" data-image-title=\"INTEL\" data-image-description=\"\" data-image-caption=\"\" data-large-file=\"https:\/\/i0.wp.com\/kalot.com.mx\/site\/wp-content\/uploads\/2014\/01\/52d06038a76a9_510x340.jpg?fit=510%2C340&amp;ssl=1\" class=\"size-full wp-image-9334 aligncenter\" alt=\"INTEL\" src=\"https:\/\/i0.wp.com\/kalot.com.mx\/site\/wp-content\/uploads\/2013\/08\/blogging-for-a-company2.jpg?fit=1698%2C1131&#038;ssl=1\" width=\"1698\" height=\"1131\" \/><\/a><\/p>\n<p><strong> No pod\u00eda faltar en la CES novedades en lo referente a videojuegos. Sin ser una feria especializada ha habido anuncios importantes. <\/strong><\/p>\n<ul>\n<li style=\"text-align: justify\"><strong>Sony<\/strong>, La compa\u00f1\u00eda japonesa ha presentado su plataforma de videojuegos en streaming: <strong><span style=\"color: #0000ff\">Playstation Now<\/span><\/strong> posibilitar\u00e1 jugar desde diferentes dispositivos y sin que sea necesario comprar los juegos, bastar\u00e1 con alquilarlos por horas o pagar una suscripci\u00f3n.<\/li>\n<\/ul>\n<p><a href=\"https:\/\/i0.wp.com\/www.kalot.com.mx\/wp-content\/uploads\/2014\/01\/playstation-now-devices_1269.jpg\"><img loading=\"lazy\" decoding=\"async\" data-attachment-id=\"9342\" data-permalink=\"https:\/\/kalot.com.mx\/site\/2014\/01\/11\/lo-que-nos-deja-la-ces-2014\/playstation-now-devices_1269\/\" data-orig-file=\"https:\/\/i0.wp.com\/kalot.com.mx\/site\/wp-content\/uploads\/2014\/01\/playstation-now-devices_1269.jpg?fit=1269%2C655&amp;ssl=1\" data-orig-size=\"1269,655\" data-comments-opened=\"1\" data-image-meta=\"{&quot;aperture&quot;:&quot;0&quot;,&quot;credit&quot;:&quot;brian d. crecente&quot;,&quot;camera&quot;:&quot;&quot;,&quot;caption&quot;:&quot;&quot;,&quot;created_timestamp&quot;:&quot;1389098591&quot;,&quot;copyright&quot;:&quot;&quot;,&quot;focal_length&quot;:&quot;0&quot;,&quot;iso&quot;:&quot;0&quot;,&quot;shutter_speed&quot;:&quot;0&quot;,&quot;title&quot;:&quot;&quot;,&quot;orientation&quot;:&quot;0&quot;}\" data-image-title=\"playstation-now\" data-image-description=\"\" data-image-caption=\"\" data-large-file=\"https:\/\/i0.wp.com\/kalot.com.mx\/site\/wp-content\/uploads\/2014\/01\/playstation-now-devices_1269.jpg?fit=1024%2C529&amp;ssl=1\" class=\"alignnone size-full wp-image-9342\" alt=\"playstation-now\" src=\"https:\/\/i0.wp.com\/kalot.com.mx\/site\/wp-content\/uploads\/2013\/08\/blogging-for-a-company2.jpg?fit=1698%2C1131&#038;ssl=1\" width=\"1698\" height=\"1131\" \/><\/a><\/p>\n<ul>\n<li>\u00a0El sector de las consolas no se qued\u00f3 atr\u00e1s en la feria y tuvo un gran anuncio por parte de <strong>Valve<\/strong> con el descubrimiento de las <strong>&#8220;Steam Machines&#8221;<\/strong>. Las consolas poseen diferentes capacidades de procesamiento,\u00a0el gigante norteamericano especializado en videojuegos para PC, ha llevado a Las Vegas la primera generaci\u00f3n de estos ordenadores dise\u00f1ados espec\u00edficamente para jugar.<\/li>\n<\/ul>\n<p><a href=\"https:\/\/i0.wp.com\/www.kalot.com.mx\/wp-content\/uploads\/2014\/01\/52d06038c1e54_800x533.jpg\"><img loading=\"lazy\" decoding=\"async\" data-attachment-id=\"9343\" data-permalink=\"https:\/\/kalot.com.mx\/site\/2014\/01\/11\/lo-que-nos-deja-la-ces-2014\/52d06038c1e54_800x533\/\" data-orig-file=\"https:\/\/i0.wp.com\/kalot.com.mx\/site\/wp-content\/uploads\/2014\/01\/52d06038c1e54_800x533.jpg?fit=800%2C533&amp;ssl=1\" data-orig-size=\"800,533\" data-comments-opened=\"1\" data-image-meta=\"{&quot;aperture&quot;:&quot;0&quot;,&quot;credit&quot;:&quot;&quot;,&quot;camera&quot;:&quot;&quot;,&quot;caption&quot;:&quot;&quot;,&quot;created_timestamp&quot;:&quot;0&quot;,&quot;copyright&quot;:&quot;&quot;,&quot;focal_length&quot;:&quot;0&quot;,&quot;iso&quot;:&quot;0&quot;,&quot;shutter_speed&quot;:&quot;0&quot;,&quot;title&quot;:&quot;&quot;,&quot;orientation&quot;:&quot;0&quot;}\" data-image-title=\"Steam Machines\" data-image-description=\"\" data-image-caption=\"\" data-large-file=\"https:\/\/i0.wp.com\/kalot.com.mx\/site\/wp-content\/uploads\/2014\/01\/52d06038c1e54_800x533.jpg?fit=800%2C533&amp;ssl=1\" class=\"size-full wp-image-9343 aligncenter\" alt=\"Steam Machines\" src=\"https:\/\/i0.wp.com\/kalot.com.mx\/site\/wp-content\/uploads\/2013\/08\/blogging-for-a-company2.jpg?fit=1698%2C1131&#038;ssl=1\" width=\"1698\" height=\"1131\" \/><\/a><\/p>\n<p>La CES contin\u00faa siendo una feria de tendencias. Sirve para conocer la direcci\u00f3n de la industria. La mayor\u00eda de los productos presentados no tienen como objetivo llegar al consumidor promedio durante el mismo a\u00f1o, algo que ser\u00eda imposible con los precios que ostentan. Pero lo positivo del evento este a\u00f1o es que promete un futuro m\u00e1s que interesante, que responde a demandas de los consumidores, donde los protagonistas no son solo los grandes de siempre.<\/p>\n<p style=\"text-align: justify\"><em>Hay muchos deseos que nos deja a futuro:\u00a0<\/em><\/p>\n<p style=\"text-align: justify\">Desde los televisores 4K que siguen siendo una apuesta muy a futuro pero ya hay modelos m\u00e1s \u201cecon\u00f3micos\u201d \u00a0y no es la \u00fanica innovaci\u00f3n en el campo de los televisores. <strong>Particularmente resalta la promesa de una mayor calidad de color, contraste y brillo prometida por Dolby Vision.<\/strong><\/p>\n<p style=\"text-align: justify\"><strong>El <span style=\"color: #0000ff\">\u201cInternet de las cosas\u201d<\/span> fue el mayor protagonista de esta\u00a0edici\u00f3n\u00a0de la CES 2014, y lo que promete parece realmente \u00fatil. La\u00a0mayor\u00eda de los dispositivos del hogar, las cosas que vestimos y los autos, no sufrieron cambios muy importantes en las \u00faltimas cinco d\u00e9cadas. Integrar conectividad a Internet en todo, con todas las ventajas que esto produce, puede ser el mayor avance de todos estos rubros en 50 a\u00f1os.<\/strong><\/p>\n<p style=\"text-align: justify\"><strong>Queridos Kalochos \u00bf Que tal les parecen estas nuevas tecnolog\u00edas ?<\/strong> A mi la verdad aun sigo sorprendida con la\u00a0tecnolog\u00eda wearable y el concepto de internet de la cosas, Esta edicion de la CES 2014 dio mucho de que hablar, ahora a esperar los lanzamientos al mercado de estas tecnolog\u00edas e incre\u00edbles productos.<\/p>\n<p style=\"text-align: justify\">Les mando muchos saludos<\/p>\n<p style=\"text-align: justify\">@cecidc_mat<\/p>\n","protected":false},"excerpt":{"rendered":"El d\u00eda de ayer 10 de Enero del 2014 se dio por concluida la\u00a0Consumer Electronic Show (CES) 2014&hellip;\n","protected":false},"author":57,"featured_media":9347,"comment_status":"open","ping_status":"open","sticky":false,"template":"","format":"standard","meta":{"jetpack_post_was_ever_published":false,"_jetpack_newsletter_access":"","_jetpack_dont_email_post_to_subs":false,"_jetpack_newsletter_tier_id":0,"_jetpack_memberships_contains_paywalled_content":false,"_jetpack_memberships_contains_paid_content":false,"footnotes":"","jetpack_publicize_message":"","jetpack_publicize_feature_enabled":true,"jetpack_social_post_already_shared":true,"jetpack_social_options":{"image_generator_settings":{"template":"highway","default_image_id":0,"font":"","enabled":false},"version":2}},"categories":[1],"tags":[],"class_list":{"0":"post-9331","1":"post","2":"type-post","3":"status-publish","4":"format-standard","5":"has-post-thumbnail","7":"category-sin-categoria","8":"cs-entry","9":"cs-video-wrap"},"yoast_head":"<!-- This site is optimized with the Yoast SEO plugin v27.5 - https:\/\/yoast.com\/product\/yoast-seo-wordpress\/ -->\n<title>Lo que nos deja la CES 2014 - Kalot<\/title>\n<meta name=\"description\" content=\"El d\u00eda de ayer 10 de Enero del 2014 se dio por concluida la\u00a0Consumer Electronic Show (CES) 2014 la feria de tecnolog\u00eda mas importante del a\u00f1o\" \/>\n<meta name=\"robots\" content=\"index, follow, max-snippet:-1, max-image-preview:large, max-video-preview:-1\" \/>\n<link rel=\"canonical\" href=\"https:\/\/kalot.com.mx\/site\/2014\/01\/11\/lo-que-nos-deja-la-ces-2014\/\" \/>\n<meta property=\"og:locale\" content=\"es_MX\" \/>\n<meta property=\"og:type\" content=\"article\" \/>\n<meta property=\"og:title\" content=\"Lo que nos deja la CES 2014 - Kalot\" \/>\n<meta property=\"og:description\" content=\"El d\u00eda de ayer 10 de Enero del 2014 se dio por concluida la\u00a0Consumer Electronic Show (CES) 2014 la feria de tecnolog\u00eda mas importante del a\u00f1o\" \/>\n<meta property=\"og:url\" content=\"https:\/\/kalot.com.mx\/site\/2014\/01\/11\/lo-que-nos-deja-la-ces-2014\/\" \/>\n<meta property=\"og:site_name\" content=\"Kalot\" \/>\n<meta property=\"article:publisher\" content=\"http:\/\/facebook.com\/mxkalot\" \/>\n<meta property=\"article:author\" content=\"https:\/\/www.facebook.com\/ceciMat\" \/>\n<meta property=\"article:published_time\" content=\"2014-01-11T21:22:47+00:00\" \/>\n<meta property=\"article:modified_time\" content=\"2017-12-20T21:54:04+00:00\" \/>\n<meta property=\"og:image\" content=\"https:\/\/i2.wp.com\/kalot.com.mx\/site\/wp-content\/uploads\/2014\/01\/ceslogostreet.jpg?fit=1024%2C768&ssl=1\" \/>\n\t<meta property=\"og:image:width\" content=\"1024\" \/>\n\t<meta property=\"og:image:height\" content=\"768\" \/>\n\t<meta property=\"og:image:type\" content=\"image\/jpeg\" \/>\n<meta name=\"author\" content=\"Cecilia Mata\" \/>\n<meta name=\"twitter:card\" content=\"summary_large_image\" \/>\n<meta name=\"twitter:creator\" content=\"@Cecidc_Mat\" \/>\n<meta name=\"twitter:site\" content=\"@kalotmx\" \/>\n<meta name=\"twitter:label1\" content=\"Escrito por\" \/>\n\t<meta name=\"twitter:data1\" content=\"Cecilia Mata\" \/>\n\t<meta name=\"twitter:label2\" content=\"Tiempo de lectura\" \/>\n\t<meta name=\"twitter:data2\" content=\"6 minutos\" \/>\n<!-- \/ Yoast SEO plugin. -->","yoast_head_json":{"title":"Lo que nos deja la CES 2014 - Kalot","description":"El d\u00eda de ayer 10 de Enero del 2014 se dio por concluida la\u00a0Consumer Electronic Show (CES) 2014 la feria de tecnolog\u00eda mas importante del a\u00f1o","robots":{"index":"index","follow":"follow","max-snippet":"max-snippet:-1","max-image-preview":"max-image-preview:large","max-video-preview":"max-video-preview:-1"},"canonical":"https:\/\/kalot.com.mx\/site\/2014\/01\/11\/lo-que-nos-deja-la-ces-2014\/","og_locale":"es_MX","og_type":"article","og_title":"Lo que nos deja la CES 2014 - Kalot","og_description":"El d\u00eda de ayer 10 de Enero del 2014 se dio por concluida la\u00a0Consumer Electronic Show (CES) 2014 la feria de tecnolog\u00eda mas importante del a\u00f1o","og_url":"https:\/\/kalot.com.mx\/site\/2014\/01\/11\/lo-que-nos-deja-la-ces-2014\/","og_site_name":"Kalot","article_publisher":"http:\/\/facebook.com\/mxkalot","article_author":"https:\/\/www.facebook.com\/ceciMat","article_published_time":"2014-01-11T21:22:47+00:00","article_modified_time":"2017-12-20T21:54:04+00:00","og_image":[{"width":1024,"height":768,"url":"https:\/\/i2.wp.com\/kalot.com.mx\/site\/wp-content\/uploads\/2014\/01\/ceslogostreet.jpg?fit=1024%2C768&ssl=1","type":"image\/jpeg"}],"author":"Cecilia Mata","twitter_card":"summary_large_image","twitter_creator":"@Cecidc_Mat","twitter_site":"@kalotmx","twitter_misc":{"Escrito por":"Cecilia Mata","Tiempo de lectura":"6 minutos"},"schema":{"@context":"https:\/\/schema.org","@graph":[{"@type":"Article","@id":"https:\/\/kalot.com.mx\/site\/2014\/01\/11\/lo-que-nos-deja-la-ces-2014\/#article","isPartOf":{"@id":"https:\/\/kalot.com.mx\/site\/2014\/01\/11\/lo-que-nos-deja-la-ces-2014\/"},"author":{"name":"Cecilia Mata","@id":"https:\/\/kalot.com.mx\/site\/#\/schema\/person\/451d1f280e69ef0abc9b72e87e137ccd"},"headline":"Lo que nos deja la CES 2014","datePublished":"2014-01-11T21:22:47+00:00","dateModified":"2017-12-20T21:54:04+00:00","mainEntityOfPage":{"@id":"https:\/\/kalot.com.mx\/site\/2014\/01\/11\/lo-que-nos-deja-la-ces-2014\/"},"wordCount":1273,"commentCount":1,"publisher":{"@id":"https:\/\/kalot.com.mx\/site\/#organization"},"image":{"@id":"https:\/\/kalot.com.mx\/site\/2014\/01\/11\/lo-que-nos-deja-la-ces-2014\/#primaryimage"},"thumbnailUrl":"https:\/\/i0.wp.com\/kalot.com.mx\/site\/wp-content\/uploads\/2014\/01\/ceslogostreet.jpg?fit=1024%2C768&ssl=1","inLanguage":"es","potentialAction":[{"@type":"CommentAction","name":"Comment","target":["https:\/\/kalot.com.mx\/site\/2014\/01\/11\/lo-que-nos-deja-la-ces-2014\/#respond"]}]},{"@type":"WebPage","@id":"https:\/\/kalot.com.mx\/site\/2014\/01\/11\/lo-que-nos-deja-la-ces-2014\/","url":"https:\/\/kalot.com.mx\/site\/2014\/01\/11\/lo-que-nos-deja-la-ces-2014\/","name":"Lo que nos deja la CES 2014 - Kalot","isPartOf":{"@id":"https:\/\/kalot.com.mx\/site\/#website"},"primaryImageOfPage":{"@id":"https:\/\/kalot.com.mx\/site\/2014\/01\/11\/lo-que-nos-deja-la-ces-2014\/#primaryimage"},"image":{"@id":"https:\/\/kalot.com.mx\/site\/2014\/01\/11\/lo-que-nos-deja-la-ces-2014\/#primaryimage"},"thumbnailUrl":"https:\/\/i0.wp.com\/kalot.com.mx\/site\/wp-content\/uploads\/2014\/01\/ceslogostreet.jpg?fit=1024%2C768&ssl=1","datePublished":"2014-01-11T21:22:47+00:00","dateModified":"2017-12-20T21:54:04+00:00","description":"El d\u00eda de ayer 10 de Enero del 2014 se dio por concluida la\u00a0Consumer Electronic Show (CES) 2014 la feria de tecnolog\u00eda mas importante del a\u00f1o","breadcrumb":{"@id":"https:\/\/kalot.com.mx\/site\/2014\/01\/11\/lo-que-nos-deja-la-ces-2014\/#breadcrumb"},"inLanguage":"es","potentialAction":[{"@type":"ReadAction","target":["https:\/\/kalot.com.mx\/site\/2014\/01\/11\/lo-que-nos-deja-la-ces-2014\/"]}]},{"@type":"ImageObject","inLanguage":"es","@id":"https:\/\/kalot.com.mx\/site\/2014\/01\/11\/lo-que-nos-deja-la-ces-2014\/#primaryimage","url":"https:\/\/i0.wp.com\/kalot.com.mx\/site\/wp-content\/uploads\/2014\/01\/ceslogostreet.jpg?fit=1024%2C768&ssl=1","contentUrl":"https:\/\/i0.wp.com\/kalot.com.mx\/site\/wp-content\/uploads\/2014\/01\/ceslogostreet.jpg?fit=1024%2C768&ssl=1","width":1024,"height":768},{"@type":"BreadcrumbList","@id":"https:\/\/kalot.com.mx\/site\/2014\/01\/11\/lo-que-nos-deja-la-ces-2014\/#breadcrumb","itemListElement":[{"@type":"ListItem","position":1,"name":"Home","item":"https:\/\/kalot.com.mx\/site\/"},{"@type":"ListItem","position":2,"name":"Lo que nos deja la CES 2014"}]},{"@type":"WebSite","@id":"https:\/\/kalot.com.mx\/site\/#website","url":"https:\/\/kalot.com.mx\/site\/","name":"Kalot","description":"Conoce Todo Sobre Todo","publisher":{"@id":"https:\/\/kalot.com.mx\/site\/#organization"},"potentialAction":[{"@type":"SearchAction","target":{"@type":"EntryPoint","urlTemplate":"https:\/\/kalot.com.mx\/site\/?s={search_term_string}"},"query-input":{"@type":"PropertyValueSpecification","valueRequired":true,"valueName":"search_term_string"}}],"inLanguage":"es"},{"@type":"Organization","@id":"https:\/\/kalot.com.mx\/site\/#organization","name":"Kalot","url":"https:\/\/kalot.com.mx\/site\/","logo":{"@type":"ImageObject","inLanguage":"es","@id":"https:\/\/kalot.com.mx\/site\/#\/schema\/logo\/image\/","url":"https:\/\/i0.wp.com\/kalot.com.mx\/site\/wp-content\/uploads\/2020\/04\/Kalot-logo-sin-tagline.png?fit=1707%2C1014&ssl=1","contentUrl":"https:\/\/i0.wp.com\/kalot.com.mx\/site\/wp-content\/uploads\/2020\/04\/Kalot-logo-sin-tagline.png?fit=1707%2C1014&ssl=1","width":1707,"height":1014,"caption":"Kalot"},"image":{"@id":"https:\/\/kalot.com.mx\/site\/#\/schema\/logo\/image\/"},"sameAs":["http:\/\/facebook.com\/mxkalot","https:\/\/x.com\/kalotmx","http:\/\/instagram.com\/kalotmx","http:\/\/pinterest.com\/jorgeerana\/kalot"]},{"@type":"Person","@id":"https:\/\/kalot.com.mx\/site\/#\/schema\/person\/451d1f280e69ef0abc9b72e87e137ccd","name":"Cecilia Mata","image":{"@type":"ImageObject","inLanguage":"es","@id":"https:\/\/secure.gravatar.com\/avatar\/d537382201aa9a7e5477a07abbac65d123036652265c4569e812aae85d7be2df?s=96&d=mm&r=g","url":"https:\/\/secure.gravatar.com\/avatar\/d537382201aa9a7e5477a07abbac65d123036652265c4569e812aae85d7be2df?s=96&d=mm&r=g","contentUrl":"https:\/\/secure.gravatar.com\/avatar\/d537382201aa9a7e5477a07abbac65d123036652265c4569e812aae85d7be2df?s=96&d=mm&r=g","caption":"Cecilia Mata"},"description":"Estudiante de Ingenier\u00eda industrial. Un toque de geek. Me agrada conocer y aprender cosas nuevas.","sameAs":["https:\/\/www.facebook.com\/ceciMat","https:\/\/x.com\/Cecidc_Mat"],"url":"https:\/\/kalot.com.mx\/site\/author\/cecilia\/"}]}},"jetpack_publicize_connections":[],"jetpack_featured_media_url":"https:\/\/i0.wp.com\/kalot.com.mx\/site\/wp-content\/uploads\/2014\/01\/ceslogostreet.jpg?fit=1024%2C768&ssl=1","jetpack_shortlink":"https:\/\/wp.me\/p6IHEI-2qv","jetpack-related-posts":[{"id":9228,"url":"https:\/\/kalot.com.mx\/site\/2014\/01\/08\/las-sorpresas-de-la-ces-2014\/","url_meta":{"origin":9331,"position":0},"title":"Las sorpresas de la CES 2014 @intlCES","author":"Cecilia Mata","date":"8 enero, 2014","format":false,"excerpt":"La feria m\u00e1s importante del mundo del sector de la electr\u00f3nica, en la que este a\u00f1o participan m\u00e1s de 3.000 expositores y hay m\u00e1s de 20.000 productos nuevos, se exhiben a los 152.000 comerciantes de tecnolog\u00eda que asisten a la CES 2014, que empez\u00f3 este martes 7 de enero en\u2026","rel":"","context":"En &quot;Sin categor\u00eda&quot;","block_context":{"text":"Sin categor\u00eda","link":"https:\/\/kalot.com.mx\/site\/category\/sin-categoria\/"},"img":{"alt_text":"","src":"https:\/\/i0.wp.com\/kalot.com.mx\/site\/wp-content\/uploads\/2014\/01\/CES2014_GooglePlus_Box.jpg?fit=1000%2C562&ssl=1&resize=350%2C200","width":350,"height":200,"srcset":"https:\/\/i0.wp.com\/kalot.com.mx\/site\/wp-content\/uploads\/2014\/01\/CES2014_GooglePlus_Box.jpg?fit=1000%2C562&ssl=1&resize=350%2C200 1x, https:\/\/i0.wp.com\/kalot.com.mx\/site\/wp-content\/uploads\/2014\/01\/CES2014_GooglePlus_Box.jpg?fit=1000%2C562&ssl=1&resize=525%2C300 1.5x, https:\/\/i0.wp.com\/kalot.com.mx\/site\/wp-content\/uploads\/2014\/01\/CES2014_GooglePlus_Box.jpg?fit=1000%2C562&ssl=1&resize=700%2C400 2x"},"classes":[]},{"id":20293,"url":"https:\/\/kalot.com.mx\/site\/2015\/02\/03\/alguna-vez-te-preguntaste-que-son-las-siglas-ces\/","url_meta":{"origin":9331,"position":1},"title":"Alguna vez te preguntaste, \u00bfQu\u00e9 son las siglas CES?","author":"Liz Matehuala","date":"3 febrero, 2015","format":false,"excerpt":"CES Consumer Electronics Show, es una feria organizada por el corporativo CEA (Consumer Electronics Association),\u00a0cada a\u00f1o en la ciudad de Las Vegas, Nevada en EUA, en el mes de Enero con el objetivo de dar a conocer\u00a0lo m\u00e1s novedoso en tecnolog\u00eda, para que fabricantes e importadores obtengan contactos comerciales, y\u2026","rel":"","context":"Entrada similar ","block_context":{"text":"Entrada similar ","link":""},"img":{"alt_text":"","src":"https:\/\/i0.wp.com\/kalot.com.mx\/site\/wp-content\/uploads\/2015\/02\/ces-2015.jpg?fit=1024%2C768&ssl=1&resize=350%2C200","width":350,"height":200,"srcset":"https:\/\/i0.wp.com\/kalot.com.mx\/site\/wp-content\/uploads\/2015\/02\/ces-2015.jpg?fit=1024%2C768&ssl=1&resize=350%2C200 1x, https:\/\/i0.wp.com\/kalot.com.mx\/site\/wp-content\/uploads\/2015\/02\/ces-2015.jpg?fit=1024%2C768&ssl=1&resize=525%2C300 1.5x, https:\/\/i0.wp.com\/kalot.com.mx\/site\/wp-content\/uploads\/2015\/02\/ces-2015.jpg?fit=1024%2C768&ssl=1&resize=700%2C400 2x"},"classes":[]},{"id":12482,"url":"https:\/\/kalot.com.mx\/site\/2014\/02\/25\/novedades-de-la-mwc\/","url_meta":{"origin":9331,"position":2},"title":"Novedades de la MWC 2014 (Mobile World Congress)","author":"Cecilia Mata","date":"25 febrero, 2014","format":false,"excerpt":"El lunes se abrieron las puertas de la feria m\u00e1s importante de la industria de la movilidad a nivel mundial y si estoy hablando de la\u00a0 Mobile World Congress (MWC) que este a\u00f1o recibio a m\u00e1s de 80.000 visitantes profesionales y en la que se presentar\u00e1n los \u00faltimos smartphones que\u2026","rel":"","context":"En &quot;Sin categor\u00eda&quot;","block_context":{"text":"Sin categor\u00eda","link":"https:\/\/kalot.com.mx\/site\/category\/sin-categoria\/"},"img":{"alt_text":"","src":"https:\/\/i0.wp.com\/kalot.com.mx\/site\/wp-content\/uploads\/2014\/02\/Mobile-World-Congress-MWC-Preview.jpg?fit=1200%2C800&ssl=1&resize=350%2C200","width":350,"height":200,"srcset":"https:\/\/i0.wp.com\/kalot.com.mx\/site\/wp-content\/uploads\/2014\/02\/Mobile-World-Congress-MWC-Preview.jpg?fit=1200%2C800&ssl=1&resize=350%2C200 1x, https:\/\/i0.wp.com\/kalot.com.mx\/site\/wp-content\/uploads\/2014\/02\/Mobile-World-Congress-MWC-Preview.jpg?fit=1200%2C800&ssl=1&resize=525%2C300 1.5x, https:\/\/i0.wp.com\/kalot.com.mx\/site\/wp-content\/uploads\/2014\/02\/Mobile-World-Congress-MWC-Preview.jpg?fit=1200%2C800&ssl=1&resize=700%2C400 2x, https:\/\/i0.wp.com\/kalot.com.mx\/site\/wp-content\/uploads\/2014\/02\/Mobile-World-Congress-MWC-Preview.jpg?fit=1200%2C800&ssl=1&resize=1050%2C600 3x"},"classes":[]},{"id":23811,"url":"https:\/\/kalot.com.mx\/site\/2015\/10\/09\/la-feria-del-huipil-viernesde-breviario-cultural\/","url_meta":{"origin":9331,"position":3},"title":"La feria del Huipil. #Viernesde breviario cultural.","author":"Brenda A","date":"9 octubre, 2015","format":false,"excerpt":"Chiquillos y chiquillas, pensar\u00e1n por qu\u00e9 una feria en nuestro breviario, pues porque todas las expresiones art\u00edsticas de una sociedad son considerados como cultura material, de modo que conocer las tradiciones que ocurren en los diversos lugares del pa\u00eds es importante. \u00a0Un HUIPIL o g\u00fcipil\u00a0es una blusa o vestido sin\u2026","rel":"","context":"En &quot;Cultura&quot;","block_context":{"text":"Cultura","link":"https:\/\/kalot.com.mx\/site\/category\/cultura\/"},"img":{"alt_text":"","src":"https:\/\/i0.wp.com\/kalot.com.mx\/site\/wp-content\/uploads\/2015\/10\/4reina_cuetzalan.jpg?fit=730%2C500&ssl=1&resize=350%2C200","width":350,"height":200,"srcset":"https:\/\/i0.wp.com\/kalot.com.mx\/site\/wp-content\/uploads\/2015\/10\/4reina_cuetzalan.jpg?fit=730%2C500&ssl=1&resize=350%2C200 1x, https:\/\/i0.wp.com\/kalot.com.mx\/site\/wp-content\/uploads\/2015\/10\/4reina_cuetzalan.jpg?fit=730%2C500&ssl=1&resize=525%2C300 1.5x, https:\/\/i0.wp.com\/kalot.com.mx\/site\/wp-content\/uploads\/2015\/10\/4reina_cuetzalan.jpg?fit=730%2C500&ssl=1&resize=700%2C400 2x"},"classes":[]},{"id":17882,"url":"https:\/\/kalot.com.mx\/site\/2014\/09\/03\/samsung-en-ifa-2014\/","url_meta":{"origin":9331,"position":4},"title":"Samsung en IFA 2014","author":"Cecilia Mata","date":"3 septiembre, 2014","format":false,"excerpt":"Samsung es una de las grandes compa\u00f1\u00edas que acuden a la feria tecnol\u00f3gica IFA, que se celebra del 5 al 10 de septiembre en Berl\u00edn (Alemania). Aunque durante d\u00edas de la feria se lleva a cabo presentaciones ante las firmas escogidas que mostrar\u00e1n en sus respectivas presentaciones sus nuevos dispositivos.\u2026","rel":"","context":"En &quot;Sin categor\u00eda&quot;","block_context":{"text":"Sin categor\u00eda","link":"https:\/\/kalot.com.mx\/site\/category\/sin-categoria\/"},"img":{"alt_text":"","src":"https:\/\/i0.wp.com\/kalot.com.mx\/site\/wp-content\/uploads\/2014\/09\/Samsung_IFA_Berlin_2008-660x350.jpg?fit=660%2C350&ssl=1&resize=350%2C200","width":350,"height":200,"srcset":"https:\/\/i0.wp.com\/kalot.com.mx\/site\/wp-content\/uploads\/2014\/09\/Samsung_IFA_Berlin_2008-660x350.jpg?fit=660%2C350&ssl=1&resize=350%2C200 1x, https:\/\/i0.wp.com\/kalot.com.mx\/site\/wp-content\/uploads\/2014\/09\/Samsung_IFA_Berlin_2008-660x350.jpg?fit=660%2C350&ssl=1&resize=525%2C300 1.5x"},"classes":[]},{"id":6166,"url":"https:\/\/kalot.com.mx\/site\/2013\/11\/10\/amor-propio-tu\/","url_meta":{"origin":9331,"position":5},"title":"\u00bfCu\u00e1l amor es m\u00e1s importante? #T\u00fa por @KareGo22","author":"Karenina Gonzalez","date":"10 noviembre, 2013","format":false,"excerpt":"Y es que la vida y el amor van de la mano, y los mexicanos somos muy amorosos. Queremos demostrar nuestro cari\u00f1o a diestra y siniestra... pero... \u00bfQu\u00e9 pasa cuando viene el rechazo? Pff.. son d\u00edas de una tristeza y un vac\u00edo enorme, no me dejar\u00e1n mentir... y es que\u2026","rel":"","context":"En &quot;Sin categor\u00eda&quot;","block_context":{"text":"Sin categor\u00eda","link":"https:\/\/kalot.com.mx\/site\/category\/sin-categoria\/"},"img":{"alt_text":"\u00bfCu\u00e1l es el amor m\u00e1s impotante? #T\u00fa","src":"https:\/\/i0.wp.com\/kalot.com.mx\/site\/wp-content\/uploads\/2013\/11\/iloveme.jpg?fit=500%2C462&ssl=1&resize=350%2C200","width":350,"height":200},"classes":[]}],"jetpack_sharing_enabled":true,"_links":{"self":[{"href":"https:\/\/kalot.com.mx\/site\/wp-json\/wp\/v2\/posts\/9331","targetHints":{"allow":["GET"]}}],"collection":[{"href":"https:\/\/kalot.com.mx\/site\/wp-json\/wp\/v2\/posts"}],"about":[{"href":"https:\/\/kalot.com.mx\/site\/wp-json\/wp\/v2\/types\/post"}],"author":[{"embeddable":true,"href":"https:\/\/kalot.com.mx\/site\/wp-json\/wp\/v2\/users\/57"}],"replies":[{"embeddable":true,"href":"https:\/\/kalot.com.mx\/site\/wp-json\/wp\/v2\/comments?post=9331"}],"version-history":[{"count":21,"href":"https:\/\/kalot.com.mx\/site\/wp-json\/wp\/v2\/posts\/9331\/revisions"}],"predecessor-version":[{"id":29841,"href":"https:\/\/kalot.com.mx\/site\/wp-json\/wp\/v2\/posts\/9331\/revisions\/29841"}],"wp:featuredmedia":[{"embeddable":true,"href":"https:\/\/kalot.com.mx\/site\/wp-json\/wp\/v2\/media\/9347"}],"wp:attachment":[{"href":"https:\/\/kalot.com.mx\/site\/wp-json\/wp\/v2\/media?parent=9331"}],"wp:term":[{"taxonomy":"category","embeddable":true,"href":"https:\/\/kalot.com.mx\/site\/wp-json\/wp\/v2\/categories?post=9331"},{"taxonomy":"post_tag","embeddable":true,"href":"https:\/\/kalot.com.mx\/site\/wp-json\/wp\/v2\/tags?post=9331"}],"curies":[{"name":"wp","href":"https:\/\/api.w.org\/{rel}","templated":true}]}}