{"id":9275,"date":"2014-01-09T15:30:12","date_gmt":"2014-01-09T21:30:12","guid":{"rendered":"http:\/\/www.kalot.com.mx\/?p=9275"},"modified":"2014-01-09T15:30:12","modified_gmt":"2014-01-09T21:30:12","slug":"cortometraje-quiero-volver-solito","status":"publish","type":"post","link":"https:\/\/kalot.com.mx\/site\/2014\/01\/09\/cortometraje-quiero-volver-solito\/","title":{"rendered":"Cortometraje: No quiero volver solito."},"content":{"rendered":"<p style=\"text-align: justify\">Los cortometrajes suelen tener buena fama y no solo porque en su mayor\u00eda son realizados por directores y cineastas que los QUIEREN hacer, sino porque al ser historias tan cortas tienen ese toque y esa rapidez de los acontecimientos que en la mayor\u00eda de los casos se convierten en una buena historia.<\/p>\n<p style=\"text-align: justify\">En esta ocasi\u00f3n te vengo a recomendar un cortometraje Brasile\u00f1o lanzado en el 2010 y ganador de varios premios internacionales: No quiero volver solito (<i>Eu N\u00e3o Quero Voltar Sozinho) <\/i>que en sus poco mas de 17 minutos de duraci\u00f3n nos cuentan una historia de amor, de esas que pasan en la preparatoria, de esa que te hacen desear ir a la escuela, ya saben, esas an\u00e9cdotas que te acompa\u00f1aran durante tu vida.<\/p>\n<p style=\"text-align: justify\">Fuera de estereotipos, lejos de una historia con tintes de novela y sobre todo real este cortometraje refleja un avance en la mentalidad de la sociedad latinoamericana.<\/p>\n<p style=\"text-align: justify\">Casi sientes como si estuvieras en el sal\u00f3n de clase, en un cuarto, caminando por la calle del brazo de esa persona que te acompa\u00f1a, esperando que ese camino se mas largo y la espera mas corta.<\/p>\n<p style=\"text-align: justify\">No adelanto mas de este tema, pero es una historia que te har\u00e1 preguntarte como en realidad el amor si es ciego.<\/p>\n<p style=\"text-align: justify\">No tengo que decir que lo amo, creo que es bastante obvio.<\/p>\n<p><span class=\"embed-youtube\" style=\"text-align:center; display: block;\"><iframe class=\"youtube-player\" width=\"1200\" height=\"675\" src=\"https:\/\/www.youtube.com\/embed\/eBnmdlznXmU?version=3&#038;rel=1&#038;showsearch=0&#038;showinfo=1&#038;iv_load_policy=1&#038;fs=1&#038;hl=es-MX&#038;autohide=2&#038;wmode=transparent\" allowfullscreen=\"true\" style=\"border:0;\" sandbox=\"allow-scripts allow-same-origin allow-popups allow-presentation allow-popups-to-escape-sandbox\"><\/iframe><\/span><\/p>\n","protected":false},"excerpt":{"rendered":"Los cortometrajes suelen tener buena fama y no solo porque en su mayor\u00eda son realizados por directores y&hellip;\n","protected":false},"author":51,"featured_media":9277,"comment_status":"open","ping_status":"open","sticky":false,"template":"","format":"standard","meta":{"jetpack_post_was_ever_published":false,"_jetpack_newsletter_access":"","_jetpack_dont_email_post_to_subs":false,"_jetpack_newsletter_tier_id":0,"_jetpack_memberships_contains_paywalled_content":false,"_jetpack_memberships_contains_paid_content":false,"footnotes":"","jetpack_publicize_message":"","jetpack_publicize_feature_enabled":true,"jetpack_social_post_already_shared":true,"jetpack_social_options":{"image_generator_settings":{"template":"highway","default_image_id":0,"font":"","enabled":false},"version":2}},"categories":[],"tags":[],"class_list":{"0":"post-9275","1":"post","2":"type-post","3":"status-publish","4":"format-standard","5":"has-post-thumbnail","7":"cs-entry","8":"cs-video-wrap"},"yoast_head":"<!-- This site is optimized with the Yoast SEO plugin v27.5 - https:\/\/yoast.com\/product\/yoast-seo-wordpress\/ -->\n<title>Cortometraje: No quiero volver solito.  - Kalot<\/title>\n<meta name=\"description\" content=\"Los cortometrajes suelen tener buena fama y no solo porque en su mayor\u00eda son realizados por directores y cineastas que los QUIEREN hacer, sino porque al\" \/>\n<meta name=\"robots\" content=\"index, follow, max-snippet:-1, max-image-preview:large, max-video-preview:-1\" \/>\n<link rel=\"canonical\" href=\"https:\/\/kalot.com.mx\/site\/2014\/01\/09\/cortometraje-quiero-volver-solito\/\" \/>\n<meta property=\"og:locale\" content=\"es_MX\" \/>\n<meta property=\"og:type\" content=\"article\" \/>\n<meta property=\"og:title\" content=\"Cortometraje: No quiero volver solito.  - Kalot\" \/>\n<meta property=\"og:description\" content=\"Los cortometrajes suelen tener buena fama y no solo porque en su mayor\u00eda son realizados por directores y cineastas que los QUIEREN hacer, sino porque al\" \/>\n<meta property=\"og:url\" content=\"https:\/\/kalot.com.mx\/site\/2014\/01\/09\/cortometraje-quiero-volver-solito\/\" \/>\n<meta property=\"og:site_name\" content=\"Kalot\" \/>\n<meta property=\"article:publisher\" content=\"http:\/\/facebook.com\/mxkalot\" \/>\n<meta property=\"article:published_time\" content=\"2014-01-09T21:30:12+00:00\" \/>\n<meta property=\"og:image\" content=\"https:\/\/i2.wp.com\/kalot.com.mx\/site\/wp-content\/uploads\/2014\/01\/600full-eu-nao-quero-voltar-sozinho-screenshot.jpg?fit=500%2C334&ssl=1\" \/>\n\t<meta property=\"og:image:width\" content=\"500\" \/>\n\t<meta property=\"og:image:height\" content=\"334\" \/>\n\t<meta property=\"og:image:type\" content=\"image\/jpeg\" \/>\n<meta name=\"author\" content=\"Ivan Mendez\" \/>\n<meta name=\"twitter:card\" content=\"summary_large_image\" \/>\n<meta name=\"twitter:creator\" content=\"@kalotmx\" \/>\n<meta name=\"twitter:site\" content=\"@kalotmx\" \/>\n<meta name=\"twitter:label1\" content=\"Escrito por\" \/>\n\t<meta name=\"twitter:data1\" content=\"Ivan Mendez\" \/>\n\t<meta name=\"twitter:label2\" content=\"Tiempo de lectura\" \/>\n\t<meta name=\"twitter:data2\" content=\"1 minuto\" \/>\n<!-- \/ Yoast SEO plugin. -->","yoast_head_json":{"title":"Cortometraje: No quiero volver solito.  - Kalot","description":"Los cortometrajes suelen tener buena fama y no solo porque en su mayor\u00eda son realizados por directores y cineastas que los QUIEREN hacer, sino porque al","robots":{"index":"index","follow":"follow","max-snippet":"max-snippet:-1","max-image-preview":"max-image-preview:large","max-video-preview":"max-video-preview:-1"},"canonical":"https:\/\/kalot.com.mx\/site\/2014\/01\/09\/cortometraje-quiero-volver-solito\/","og_locale":"es_MX","og_type":"article","og_title":"Cortometraje: No quiero volver solito.  - Kalot","og_description":"Los cortometrajes suelen tener buena fama y no solo porque en su mayor\u00eda son realizados por directores y cineastas que los QUIEREN hacer, sino porque al","og_url":"https:\/\/kalot.com.mx\/site\/2014\/01\/09\/cortometraje-quiero-volver-solito\/","og_site_name":"Kalot","article_publisher":"http:\/\/facebook.com\/mxkalot","article_published_time":"2014-01-09T21:30:12+00:00","og_image":[{"width":500,"height":334,"url":"https:\/\/i2.wp.com\/kalot.com.mx\/site\/wp-content\/uploads\/2014\/01\/600full-eu-nao-quero-voltar-sozinho-screenshot.jpg?fit=500%2C334&ssl=1","type":"image\/jpeg"}],"author":"Ivan Mendez","twitter_card":"summary_large_image","twitter_creator":"@kalotmx","twitter_site":"@kalotmx","twitter_misc":{"Escrito por":"Ivan Mendez","Tiempo de lectura":"1 minuto"},"schema":{"@context":"https:\/\/schema.org","@graph":[{"@type":"Article","@id":"https:\/\/kalot.com.mx\/site\/2014\/01\/09\/cortometraje-quiero-volver-solito\/#article","isPartOf":{"@id":"https:\/\/kalot.com.mx\/site\/2014\/01\/09\/cortometraje-quiero-volver-solito\/"},"author":{"name":"Ivan Mendez","@id":"https:\/\/kalot.com.mx\/site\/#\/schema\/person\/444a91ecc3b075ab573ff515d7f6d6e3"},"headline":"Cortometraje: No quiero volver solito.","datePublished":"2014-01-09T21:30:12+00:00","mainEntityOfPage":{"@id":"https:\/\/kalot.com.mx\/site\/2014\/01\/09\/cortometraje-quiero-volver-solito\/"},"wordCount":242,"commentCount":1,"publisher":{"@id":"https:\/\/kalot.com.mx\/site\/#organization"},"image":{"@id":"https:\/\/kalot.com.mx\/site\/2014\/01\/09\/cortometraje-quiero-volver-solito\/#primaryimage"},"thumbnailUrl":"https:\/\/i0.wp.com\/kalot.com.mx\/site\/wp-content\/uploads\/2014\/01\/600full-eu-nao-quero-voltar-sozinho-screenshot.jpg?fit=500%2C334&ssl=1","inLanguage":"es","potentialAction":[{"@type":"CommentAction","name":"Comment","target":["https:\/\/kalot.com.mx\/site\/2014\/01\/09\/cortometraje-quiero-volver-solito\/#respond"]}]},{"@type":"WebPage","@id":"https:\/\/kalot.com.mx\/site\/2014\/01\/09\/cortometraje-quiero-volver-solito\/","url":"https:\/\/kalot.com.mx\/site\/2014\/01\/09\/cortometraje-quiero-volver-solito\/","name":"Cortometraje: No quiero volver solito. - Kalot","isPartOf":{"@id":"https:\/\/kalot.com.mx\/site\/#website"},"primaryImageOfPage":{"@id":"https:\/\/kalot.com.mx\/site\/2014\/01\/09\/cortometraje-quiero-volver-solito\/#primaryimage"},"image":{"@id":"https:\/\/kalot.com.mx\/site\/2014\/01\/09\/cortometraje-quiero-volver-solito\/#primaryimage"},"thumbnailUrl":"https:\/\/i0.wp.com\/kalot.com.mx\/site\/wp-content\/uploads\/2014\/01\/600full-eu-nao-quero-voltar-sozinho-screenshot.jpg?fit=500%2C334&ssl=1","datePublished":"2014-01-09T21:30:12+00:00","description":"Los cortometrajes suelen tener buena fama y no solo porque en su mayor\u00eda son realizados por directores y cineastas que los QUIEREN hacer, sino porque al","breadcrumb":{"@id":"https:\/\/kalot.com.mx\/site\/2014\/01\/09\/cortometraje-quiero-volver-solito\/#breadcrumb"},"inLanguage":"es","potentialAction":[{"@type":"ReadAction","target":["https:\/\/kalot.com.mx\/site\/2014\/01\/09\/cortometraje-quiero-volver-solito\/"]}]},{"@type":"ImageObject","inLanguage":"es","@id":"https:\/\/kalot.com.mx\/site\/2014\/01\/09\/cortometraje-quiero-volver-solito\/#primaryimage","url":"https:\/\/i0.wp.com\/kalot.com.mx\/site\/wp-content\/uploads\/2014\/01\/600full-eu-nao-quero-voltar-sozinho-screenshot.jpg?fit=500%2C334&ssl=1","contentUrl":"https:\/\/i0.wp.com\/kalot.com.mx\/site\/wp-content\/uploads\/2014\/01\/600full-eu-nao-quero-voltar-sozinho-screenshot.jpg?fit=500%2C334&ssl=1","width":500,"height":334},{"@type":"BreadcrumbList","@id":"https:\/\/kalot.com.mx\/site\/2014\/01\/09\/cortometraje-quiero-volver-solito\/#breadcrumb","itemListElement":[{"@type":"ListItem","position":1,"name":"Home","item":"https:\/\/kalot.com.mx\/site\/"},{"@type":"ListItem","position":2,"name":"Cortometraje: No quiero volver solito."}]},{"@type":"WebSite","@id":"https:\/\/kalot.com.mx\/site\/#website","url":"https:\/\/kalot.com.mx\/site\/","name":"Kalot","description":"Conoce Todo Sobre Todo","publisher":{"@id":"https:\/\/kalot.com.mx\/site\/#organization"},"potentialAction":[{"@type":"SearchAction","target":{"@type":"EntryPoint","urlTemplate":"https:\/\/kalot.com.mx\/site\/?s={search_term_string}"},"query-input":{"@type":"PropertyValueSpecification","valueRequired":true,"valueName":"search_term_string"}}],"inLanguage":"es"},{"@type":"Organization","@id":"https:\/\/kalot.com.mx\/site\/#organization","name":"Kalot","url":"https:\/\/kalot.com.mx\/site\/","logo":{"@type":"ImageObject","inLanguage":"es","@id":"https:\/\/kalot.com.mx\/site\/#\/schema\/logo\/image\/","url":"https:\/\/i0.wp.com\/kalot.com.mx\/site\/wp-content\/uploads\/2020\/04\/Kalot-logo-sin-tagline.png?fit=1707%2C1014&ssl=1","contentUrl":"https:\/\/i0.wp.com\/kalot.com.mx\/site\/wp-content\/uploads\/2020\/04\/Kalot-logo-sin-tagline.png?fit=1707%2C1014&ssl=1","width":1707,"height":1014,"caption":"Kalot"},"image":{"@id":"https:\/\/kalot.com.mx\/site\/#\/schema\/logo\/image\/"},"sameAs":["http:\/\/facebook.com\/mxkalot","https:\/\/x.com\/kalotmx","http:\/\/instagram.com\/kalotmx","http:\/\/pinterest.com\/jorgeerana\/kalot"]},{"@type":"Person","@id":"https:\/\/kalot.com.mx\/site\/#\/schema\/person\/444a91ecc3b075ab573ff515d7f6d6e3","name":"Ivan Mendez","image":{"@type":"ImageObject","inLanguage":"es","@id":"https:\/\/secure.gravatar.com\/avatar\/d3590cbb14ecd120bf7a8d9b0ab9a1dae9b2aab34a41a577b5288298a4d08e36?s=96&d=mm&r=g","url":"https:\/\/secure.gravatar.com\/avatar\/d3590cbb14ecd120bf7a8d9b0ab9a1dae9b2aab34a41a577b5288298a4d08e36?s=96&d=mm&r=g","contentUrl":"https:\/\/secure.gravatar.com\/avatar\/d3590cbb14ecd120bf7a8d9b0ab9a1dae9b2aab34a41a577b5288298a4d08e36?s=96&d=mm&r=g","caption":"Ivan Mendez"},"url":"https:\/\/kalot.com.mx\/site\/author\/ivan\/"}]}},"jetpack_publicize_connections":[],"jetpack_featured_media_url":"https:\/\/i0.wp.com\/kalot.com.mx\/site\/wp-content\/uploads\/2014\/01\/600full-eu-nao-quero-voltar-sozinho-screenshot.jpg?fit=500%2C334&ssl=1","jetpack_shortlink":"https:\/\/wp.me\/p6IHEI-2pB","jetpack-related-posts":[{"id":14883,"url":"https:\/\/kalot.com.mx\/site\/2014\/04\/14\/elefante-cortometraje\/","url_meta":{"origin":9275,"position":0},"title":"Elefante [Cortometraje] #Cine #T\u00fa","author":"Carlos Ru\u00edz Mtz","date":"14 abril, 2014","format":false,"excerpt":"Elefante es un cortometraje espa\u00f1ol dirigido por Pablo Larcuen y estrenado en 2012. Cuenta la historia de Manuel, un padre de familia, trabajador como muchos otros. Sin embargo, Manuel no es feliz: su esposa e hija son distantes, odia su trabajo y sin embargo lo necesita para vivir y ni\u2026","rel":"","context":"Entrada similar ","block_context":{"text":"Entrada similar ","link":""},"img":{"alt_text":"","src":"https:\/\/i0.wp.com\/kalot.com.mx\/site\/wp-content\/uploads\/2014\/04\/Elefante.jpg?fit=640%2C345&ssl=1&resize=350%2C200","width":350,"height":200,"srcset":"https:\/\/i0.wp.com\/kalot.com.mx\/site\/wp-content\/uploads\/2014\/04\/Elefante.jpg?fit=640%2C345&ssl=1&resize=350%2C200 1x, https:\/\/i0.wp.com\/kalot.com.mx\/site\/wp-content\/uploads\/2014\/04\/Elefante.jpg?fit=640%2C345&ssl=1&resize=525%2C300 1.5x"},"classes":[]},{"id":25818,"url":"https:\/\/kalot.com.mx\/site\/2016\/08\/19\/ultimo-bastion-corto-animado-overwatch\/","url_meta":{"origin":9275,"position":1},"title":"El Ultimo Bastion (corto animado overwatch)","author":"Eduardo","date":"19 agosto, 2016","format":false,"excerpt":"El d\u00eda de ayer, jueves 18 de agosto, durante la Gamescom 2016\u00a0Blizzard Entertainment revelo el 5\u00b0 cortometraje animado del m\u00e1s reciente de sus juegos: Overwatch. En este corto se muestra parte de la historia de Basti\u00f3n\u00a0un robot de guerra el cual tras la Crisis \u00d3mnica queda desactivado por m\u00e1s de\u2026","rel":"","context":"En &quot;Gamers&quot;","block_context":{"text":"Gamers","link":"https:\/\/kalot.com.mx\/site\/category\/gamers\/"},"img":{"alt_text":"","src":"https:\/\/i0.wp.com\/kalot.com.mx\/site\/wp-content\/uploads\/2016\/08\/Overwatch-Wallpapers-HD.jpg?fit=1200%2C675&ssl=1&resize=350%2C200","width":350,"height":200,"srcset":"https:\/\/i0.wp.com\/kalot.com.mx\/site\/wp-content\/uploads\/2016\/08\/Overwatch-Wallpapers-HD.jpg?fit=1200%2C675&ssl=1&resize=350%2C200 1x, https:\/\/i0.wp.com\/kalot.com.mx\/site\/wp-content\/uploads\/2016\/08\/Overwatch-Wallpapers-HD.jpg?fit=1200%2C675&ssl=1&resize=525%2C300 1.5x, https:\/\/i0.wp.com\/kalot.com.mx\/site\/wp-content\/uploads\/2016\/08\/Overwatch-Wallpapers-HD.jpg?fit=1200%2C675&ssl=1&resize=700%2C400 2x, https:\/\/i0.wp.com\/kalot.com.mx\/site\/wp-content\/uploads\/2016\/08\/Overwatch-Wallpapers-HD.jpg?fit=1200%2C675&ssl=1&resize=1050%2C600 3x"},"classes":[]},{"id":14232,"url":"https:\/\/kalot.com.mx\/site\/2014\/03\/30\/psicosis-suspenso-la-hitchcock-elmanuelgamez\/","url_meta":{"origin":9275,"position":2},"title":"Psicosis; Suspenso a la Hitchcock &#8211; (@ElManuelGamez)","author":"Manuel Gamez","date":"30 marzo, 2014","format":false,"excerpt":"Hoy es el turno de escribir sobre una de las pel\u00edculas m\u00e1s representativas del famoso director Alfred Hitchcock, as\u00ed es Psycho o en espa\u00f1ol Psicosis, hablar de esta pel\u00edcula es como hablar de un comercial de televisi\u00f3n basado en un cortometraje, puede que muchos reconozcan escenas \u00e9picas por el comercial,\u2026","rel":"","context":"En &quot;Sin categor\u00eda&quot;","block_context":{"text":"Sin categor\u00eda","link":"https:\/\/kalot.com.mx\/site\/category\/sin-categoria\/"},"img":{"alt_text":"","src":"https:\/\/i0.wp.com\/kalot.com.mx\/site\/wp-content\/uploads\/2014\/03\/PsycHo-Wallpaper.jpg?fit=1024%2C768&ssl=1&resize=350%2C200","width":350,"height":200,"srcset":"https:\/\/i0.wp.com\/kalot.com.mx\/site\/wp-content\/uploads\/2014\/03\/PsycHo-Wallpaper.jpg?fit=1024%2C768&ssl=1&resize=350%2C200 1x, https:\/\/i0.wp.com\/kalot.com.mx\/site\/wp-content\/uploads\/2014\/03\/PsycHo-Wallpaper.jpg?fit=1024%2C768&ssl=1&resize=525%2C300 1.5x, https:\/\/i0.wp.com\/kalot.com.mx\/site\/wp-content\/uploads\/2014\/03\/PsycHo-Wallpaper.jpg?fit=1024%2C768&ssl=1&resize=700%2C400 2x"},"classes":[]},{"id":21863,"url":"https:\/\/kalot.com.mx\/site\/2015\/06\/22\/ciclo-chavos-pendejos-y-garotos-en-cineteca-alameda\/","url_meta":{"origin":9275,"position":3},"title":"Ciclo &#8220;Chavos, Pendejos y Garotos&#8221; en Cineteca Alameda","author":"Omar Herrera","date":"22 junio, 2015","format":false,"excerpt":"Cineteca Alameda ofrece una mirada actual al cine juvenil y latinoamericano con el ciclo Chavos, Pendejos y Garotos, ciclo que desde su nombre hace referencia a la forma de dirigirse a la juventud en los tres pa\u00edses que forman parte de esta selecci\u00f3n: M\u00e9xico, Argentina y Brasil. Del 22 al\u2026","rel":"","context":"Entrada similar ","block_context":{"text":"Entrada similar ","link":""},"img":{"alt_text":"Chavos, pendejos y garotos","src":"https:\/\/i0.wp.com\/www.kalot.com.mx\/wp-content\/uploads\/2015\/06\/Chavos-pendejos-y-garotos.png?resize=350%2C200","width":350,"height":200,"srcset":"https:\/\/i0.wp.com\/www.kalot.com.mx\/wp-content\/uploads\/2015\/06\/Chavos-pendejos-y-garotos.png?resize=350%2C200 1x, https:\/\/i0.wp.com\/www.kalot.com.mx\/wp-content\/uploads\/2015\/06\/Chavos-pendejos-y-garotos.png?resize=525%2C300 1.5x"},"classes":[]},{"id":4897,"url":"https:\/\/kalot.com.mx\/site\/2013\/10\/25\/8-9festival-internacional-de-cortometraje\/","url_meta":{"origin":9275,"position":4},"title":"8.9\tFestival Internacional de Cortometraje, el cine a las calles&#8230; Caminos de Plata. Por @nancitaflaquita","author":"Nancy Huerta","date":"25 octubre, 2013","format":false,"excerpt":"\u00a1Que tal Kalochos! Esta vez le hablar\u00e9 de un festival de cortometrajes, en el cu\u00e1l tambi\u00e9n ando de mitotera. El Festival Internacional de cortometraje, el cine a las calles, es un proyecto que pertenece y desarrolla ACAENCORTO Producciones, A.C. es una alternativa para la difusi\u00f3n, exhibici\u00f3n y divulgaci\u00f3n de trabajos\u2026","rel":"","context":"Entrada similar ","block_context":{"text":"Entrada similar ","link":""},"img":{"alt_text":"","src":"https:\/\/i0.wp.com\/kalot.com.mx\/site\/wp-content\/uploads\/2013\/10\/547583_651078858240561_1053527315_n.jpg?fit=960%2C355&ssl=1&resize=350%2C200","width":350,"height":200,"srcset":"https:\/\/i0.wp.com\/kalot.com.mx\/site\/wp-content\/uploads\/2013\/10\/547583_651078858240561_1053527315_n.jpg?fit=960%2C355&ssl=1&resize=350%2C200 1x, https:\/\/i0.wp.com\/kalot.com.mx\/site\/wp-content\/uploads\/2013\/10\/547583_651078858240561_1053527315_n.jpg?fit=960%2C355&ssl=1&resize=525%2C300 1.5x, https:\/\/i0.wp.com\/kalot.com.mx\/site\/wp-content\/uploads\/2013\/10\/547583_651078858240561_1053527315_n.jpg?fit=960%2C355&ssl=1&resize=700%2C400 2x"},"classes":[]},{"id":16177,"url":"https:\/\/kalot.com.mx\/site\/2014\/05\/20\/corto-animado-steadfast-stanley-en-busca-de-su-amo\/","url_meta":{"origin":9275,"position":5},"title":"Corto Animado:  Steadfast Stanley en busca de su amo.","author":"Gustavo Elizarrar\u00e1s","date":"20 mayo, 2014","format":false,"excerpt":"Steadfast Stanley, un perro que vive en un apocalipsis zombie y termina separado de su joven amo, el \u00fanico recuerdo que tiene de \u00e9l es un zapato que dej\u00f3 antes de partir. Un cortometraje lleno de peque\u00f1as emociones mezclado con esa pisca de humor que nos hace reflexionar como nuestras\u2026","rel":"","context":"Entrada similar ","block_context":{"text":"Entrada similar ","link":""},"img":{"alt_text":"","src":"https:\/\/i0.wp.com\/kalot.com.mx\/site\/wp-content\/uploads\/2014\/05\/Steadfast-Stanley.jpg?fit=640%2C360&ssl=1&resize=350%2C200","width":350,"height":200,"srcset":"https:\/\/i0.wp.com\/kalot.com.mx\/site\/wp-content\/uploads\/2014\/05\/Steadfast-Stanley.jpg?fit=640%2C360&ssl=1&resize=350%2C200 1x, https:\/\/i0.wp.com\/kalot.com.mx\/site\/wp-content\/uploads\/2014\/05\/Steadfast-Stanley.jpg?fit=640%2C360&ssl=1&resize=525%2C300 1.5x"},"classes":[]}],"jetpack_sharing_enabled":true,"_links":{"self":[{"href":"https:\/\/kalot.com.mx\/site\/wp-json\/wp\/v2\/posts\/9275","targetHints":{"allow":["GET"]}}],"collection":[{"href":"https:\/\/kalot.com.mx\/site\/wp-json\/wp\/v2\/posts"}],"about":[{"href":"https:\/\/kalot.com.mx\/site\/wp-json\/wp\/v2\/types\/post"}],"author":[{"embeddable":true,"href":"https:\/\/kalot.com.mx\/site\/wp-json\/wp\/v2\/users\/51"}],"replies":[{"embeddable":true,"href":"https:\/\/kalot.com.mx\/site\/wp-json\/wp\/v2\/comments?post=9275"}],"version-history":[{"count":0,"href":"https:\/\/kalot.com.mx\/site\/wp-json\/wp\/v2\/posts\/9275\/revisions"}],"wp:featuredmedia":[{"embeddable":true,"href":"https:\/\/kalot.com.mx\/site\/wp-json\/wp\/v2\/media\/9277"}],"wp:attachment":[{"href":"https:\/\/kalot.com.mx\/site\/wp-json\/wp\/v2\/media?parent=9275"}],"wp:term":[{"taxonomy":"category","embeddable":true,"href":"https:\/\/kalot.com.mx\/site\/wp-json\/wp\/v2\/categories?post=9275"},{"taxonomy":"post_tag","embeddable":true,"href":"https:\/\/kalot.com.mx\/site\/wp-json\/wp\/v2\/tags?post=9275"}],"curies":[{"name":"wp","href":"https:\/\/api.w.org\/{rel}","templated":true}]}}