{"id":9271,"date":"2014-01-09T16:21:57","date_gmt":"2014-01-09T22:21:57","guid":{"rendered":"http:\/\/www.kalot.com.mx\/?p=9271"},"modified":"2014-01-09T16:28:32","modified_gmt":"2014-01-09T22:28:32","slug":"entra-luz","status":"publish","type":"post","link":"https:\/\/kalot.com.mx\/site\/2014\/01\/09\/entra-luz\/","title":{"rendered":"Entra luz."},"content":{"rendered":"[dropcap size=small]D[\/dropcap]urante todas nuestras vidas van a ir y venir personas que tal vez nos dejen cosas buenas o malas, pero cada una de esas personas tendr\u00e1 o tiene ya un prop\u00f3sito en nuestras vidas.<\/p>\n<p style=\"text-align: justify\">Desde dejarnos la mejor sensaci\u00f3n del mundo hasta una peque\u00f1a o muy grande cicatriz, todos y cada uno de ellos nos han dejado de todo y esa es una muy buena excusa para no guardar rencores ni corajes. Personalmente me cost\u00f3 trabajo entender esto, \u00bfc\u00f3mo era posible que muchas personas se alejaran de mi vida sin raz\u00f3n alguna? S\u00ed, es dif\u00edcil sentir que muchas personas se acercan y sin decir nada se van de nuestras vidas.<\/p>\n<p style=\"text-align: justify\">En alg\u00fan punto de mi vida me llegue a preguntar una y otra vez si hab\u00eda sido mi culpa, si yo hubiera podido hacer algo para evitar la partida de \u00e9stas personas o hasta, si acaso; se pudiera haber hecho esas partidas menos notorias.<\/p>\n<p style=\"text-align: justify\">Pero la verdad es que no se puede, por m\u00e1s que lo intentemos no podemos hacer que alguien se quede en nuestras vidas, y hasta no se puede evitar el salir lastimados de estos encuentros, cada peque\u00f1a cortada o moret\u00f3n que nos dejen estas acciones de la vida en nuestras almas, son experiencias y nos van a ayudar a que en un futuro no nos pase lo mismo. Nos ayudan a ser las personas que somos y hasta a forjar el <b>qui\u00e9nes<\/b> seremos en un futuro, formar\u00e1n parte de nuestro car\u00e1cter y nos recordar\u00e1n que su existencia la tenemos que atesorar, aferrarnos a \u00e9stas y a seguir adelante con nuestras vidas.<\/p>\n<p style=\"text-align: justify\"><img data-recalc-dims=\"1\" decoding=\"async\" alt=\"gif 1k mine quote Black and White s3 water skins mygif bw kaya scodelario effy g2 Skins UK effy stonem skins gif elizabeth stonem \" src=\"https:\/\/i0.wp.com\/25.media.tumblr.com\/tumblr_mdjqw8wdv51r8g94jo1_500.gif?w=1200\" \/><\/p>\n<p style=\"text-align: justify\">No es sano para nadie quedarse estancado pensando en los que ya se fueron, es dif\u00edcil pero hay que seguir adelante, y como ya dije; aferrarse a lo que nos dejaron sin dejarnos ganar por el enorme peso del recuerdo, hay que pensar que las memorias y los recuerdos (tanto buenos como malos) nos hacen quienes somos.<\/p>\n<blockquote>\n<p style=\"text-align: justify\"><span style=\"color: #800080\">\u201c\u00bfQuieres decir que prefiere imaginarse a s\u00ed misma relacion\u00e1ndose con alguien ausente que formar relaciones con los que la rodean?\u201d<\/span><\/p>\n<\/blockquote>\n<p style=\"text-align: justify\">Esto aplica en todas las \u00e1reas, rom\u00e1ntica, personal y hasta laboral. En mi caso, como muchas personas; me llegu\u00e9 a preguntar el por qu\u00e9 entraban tantas personas a mi vida y justo cuando ya me hac\u00eda a la idea de que se iban a quedar, se iban.<\/p>\n<p style=\"text-align: justify\">\u00bfC\u00f3mo le explicamos al coraz\u00f3n todo eso? No es como que podamos decir: <span style=\"color: #800080\">\u201cHola coraz\u00f3n, oye; esas <span style=\"text-decoration: underline\">\u00a0 \u00a0 \u00a0<\/span>\u00a0(inserte n\u00famero) personas que llegaron en los a\u00f1os pasados ya se fueron, no quisieron nada con nosotros y nos va a doler eso.\u201d<\/span>. Es posible que otras partes de nuestro ser si lo comprendan y es algo que cala mucho y nos da unas sensaci\u00f3n: nuestra vulnerabilidad, que al haber entregado todo; hace que sintamos m\u00e1s aquel \u201crechazo\u201d, nos sentimos tan abatidos que muchas veces si se nos presentara la opci\u00f3n de rendirnos, sin ninguna duda; la tomar\u00edamos.<\/p>\n<p style=\"text-align: justify\">Y debido a nuestra vulnerabilidad como seres humanos, llegamos a sentirnos mal o culpables por algo que simplemente no estaba destinado a ser. Si ya van \u201cX\u201d n\u00famero de personas que entran a nuestra vida dando la ilusi\u00f3n que se quedaran, no es nuestra culpa si ese \u201calgo\u201d no pasa. Hace poco habl\u00e9 con una amiga y le cont\u00e9 que, siendo honestas; a veces me ganaba ese sentimiento de tama\u00f1o beb\u00e9 (o chiquito) de culpa al darme cuenta de que ninguna de las personas que me hab\u00edan hecho creer la ilusi\u00f3n de que me quer\u00edan, se hab\u00edan quedado en mi vida como para lograr hacer eso una realidad.<\/p>\n<p style=\"text-align: justify\"><img data-recalc-dims=\"1\" decoding=\"async\" alt=\"everything relate reason happens my-teen-quote text post and image \" src=\"https:\/\/i0.wp.com\/24.media.tumblr.com\/tumblr_mb148djRqV1qfdwsio1_500.jpg?w=1200\" \/><\/p>\n<p style=\"text-align: justify\">Ella me dijo algo que yo ya sab\u00eda, pero es de esas cosas que tienen que, a veces; tienen que hac\u00e9rtelas recordar:<\/p>\n<blockquote>\n<p style=\"text-align: justify\"><em><span style=\"color: #800080\">\u201cTodas las personas entran en nuestras vidas por una raz\u00f3n, no es necesario que se queden en nuestras vidas para que la experiencia valga la pena. Todos y cada uno de ellos tocan nuestras vidas de cierta forma que, nos guste o no; nos har\u00e1 crecer de cierta forma.\u201d<\/span><\/em><\/p>\n<\/blockquote>\n<p style=\"text-align: justify\">Wow, honestamente me hizo recordar y recapacitar esa cosita tan cierta, no tenemos que recriminarnos algo que nunca pas\u00f3.<\/p>\n<p style=\"text-align: justify\">Y me tom\u00f3 tiempo darme cuenta de cu\u00e1nto hab\u00edan dejado estas personas en mi vida, hayan sido cosas buenas o malas, todas esas cosas que me llegaron a hacer sentir triste y hasta sentir que hab\u00eda grietas en mi coraz\u00f3n, me hizo aplicar algo que escuch\u00e9 una vez:<\/p>\n<blockquote>\n<p style=\"text-align: justify\"><em><span style=\"color: #800080\">\u201c\u2026 mediante las grietas que sentimos en nuestro coraz\u00f3n, entra luz.\u201d<\/span><\/em><\/p>\n<\/blockquote>\n<p style=\"text-align: justify\">Y para m\u00ed esa luz la interpret\u00e9 como el momento en el que me di cuenta que no, nunca cambiar\u00eda por nada aquellos momentos que viv\u00ed, los golpes que recib\u00ed y las grietas que se formaron en mi coraz\u00f3n, porque gracias a ellas he podido <strong>enriquecer<\/strong> mi vida con cada recuerdo, mala jugada y hasta cada palabra que entro o no a mis o\u00eddos, me han ayudado a ser quien soy el d\u00eda de hoy.<\/p>\n<p style=\"text-align: justify\">Ahora s\u00e9 que el que no haya llegado a formalizar algo con ciertas personas no tiene que hacerme sentir mal, en cambio; me hace creer que hay cosas mejores aun por venir. Es m\u00e1s cuando una puerta se cierra, dos m\u00e1s se abren.<\/p>\n<p style=\"text-align: justify\">Solo me puedo arrepentir de una cosa, no haber recordado antes que no era mi culpa, que yo no ten\u00eda responsabilidad sobre lo que pas\u00f3 o lo que no. No ser\u00eda nuestro tiempo, tal vez cuando este pase, podr\u00e1n pasar las cosas.<\/p>\n<p style=\"text-align: justify\">Y m\u00e1s bien hay que pensar m\u00e1s como \u00e9sta frase de mi pel\u00edcula favorita:<\/p>\n<blockquote><p><em><span style=\"color: #800080\">\u201cAm\u00e9lie se niega a ponerse triste por un chico que se pasa la vida comiendo sopa de col con esa tonta gorra.\u201d<\/span><\/em><\/p><\/blockquote>\n<p style=\"text-align: left\"><img data-recalc-dims=\"1\" decoding=\"async\" alt=\"\" src=\"https:\/\/i0.wp.com\/24.media.tumblr.com\/tumblr_m94ryl3XYX1rawh8ro1_500.gif?w=1200\" \/><\/p>\n<p style=\"text-align: justify\">Hay que apreciar los recuerdos, pero aun m\u00e1s, saber vivir con los recuerdos sin encapricharnos con algo que ya pas\u00f3. Es m\u00e1s f\u00e1cil decirlo que hacerlo pero la pr\u00e1ctica hace al maestro.<\/p>\n<p style=\"text-align: justify\">Vivamos nuestras vidas, somos los escritores \u00a0y estoy segura que cada quien puede darle un toque m\u00e1gico a sus guiones, aprovechar sus escenas y dirigir \u00e9sta \u00a0vida que va a generar una majestuosa pel\u00edcula, de la cual cada uno es protagonista.<\/p>\n<p style=\"text-align: justify\">Y&#8230; \u00a1Corte!<\/p>\n","protected":false},"excerpt":{"rendered":"[dropcap size=small]D[\/dropcap]urante todas nuestras vidas van a ir y venir personas que tal vez nos dejen cosas buenas&hellip;\n","protected":false},"author":61,"featured_media":9272,"comment_status":"open","ping_status":"open","sticky":false,"template":"","format":"standard","meta":{"jetpack_post_was_ever_published":false,"_jetpack_newsletter_access":"","_jetpack_dont_email_post_to_subs":false,"_jetpack_newsletter_tier_id":0,"_jetpack_memberships_contains_paywalled_content":false,"_jetpack_memberships_contains_paid_content":false,"footnotes":"","jetpack_publicize_message":"","jetpack_publicize_feature_enabled":true,"jetpack_social_post_already_shared":true,"jetpack_social_options":{"image_generator_settings":{"template":"highway","default_image_id":0,"font":"","enabled":false},"version":2}},"categories":[],"tags":[],"class_list":{"0":"post-9271","1":"post","2":"type-post","3":"status-publish","4":"format-standard","5":"has-post-thumbnail","7":"cs-entry","8":"cs-video-wrap"},"yoast_head":"<!-- This site is optimized with the Yoast SEO plugin v27.5 - https:\/\/yoast.com\/product\/yoast-seo-wordpress\/ -->\n<title>Entra luz. - Kalot<\/title>\n<meta name=\"description\" content=\"Durante todas nuestras vidas van a ir y venir personas que tal vez nos dejen cosas buenas o malas, pero cada una de esas personas tendr\u00e1 o tiene ya un\" \/>\n<meta name=\"robots\" content=\"index, follow, max-snippet:-1, max-image-preview:large, max-video-preview:-1\" \/>\n<link rel=\"canonical\" href=\"https:\/\/kalot.com.mx\/site\/2014\/01\/09\/entra-luz\/\" \/>\n<meta property=\"og:locale\" content=\"es_MX\" \/>\n<meta property=\"og:type\" content=\"article\" \/>\n<meta property=\"og:title\" content=\"Entra luz. - Kalot\" \/>\n<meta property=\"og:description\" content=\"Durante todas nuestras vidas van a ir y venir personas que tal vez nos dejen cosas buenas o malas, pero cada una de esas personas tendr\u00e1 o tiene ya un\" \/>\n<meta property=\"og:url\" content=\"https:\/\/kalot.com.mx\/site\/2014\/01\/09\/entra-luz\/\" \/>\n<meta property=\"og:site_name\" content=\"Kalot\" \/>\n<meta property=\"article:publisher\" content=\"http:\/\/facebook.com\/mxkalot\" \/>\n<meta property=\"article:author\" content=\"https:\/\/www.facebook.com\/elie.alvarado1\" \/>\n<meta property=\"article:published_time\" content=\"2014-01-09T22:21:57+00:00\" \/>\n<meta property=\"article:modified_time\" content=\"2014-01-09T22:28:32+00:00\" \/>\n<meta property=\"og:image\" content=\"https:\/\/i1.wp.com\/kalot.com.mx\/site\/wp-content\/uploads\/2014\/01\/memories.jpg?fit=700%2C501&ssl=1\" \/>\n\t<meta property=\"og:image:width\" content=\"700\" \/>\n\t<meta property=\"og:image:height\" content=\"501\" \/>\n\t<meta property=\"og:image:type\" content=\"image\/jpeg\" \/>\n<meta name=\"author\" content=\"Mar\u00eda Alvarado\" \/>\n<meta name=\"twitter:card\" content=\"summary_large_image\" \/>\n<meta name=\"twitter:creator\" content=\"@Me_elieA\" \/>\n<meta name=\"twitter:site\" content=\"@kalotmx\" \/>\n<meta name=\"twitter:label1\" content=\"Escrito por\" \/>\n\t<meta name=\"twitter:data1\" content=\"Mar\u00eda Alvarado\" \/>\n\t<meta name=\"twitter:label2\" content=\"Tiempo de lectura\" \/>\n\t<meta name=\"twitter:data2\" content=\"5 minutos\" \/>\n<!-- \/ Yoast SEO plugin. -->","yoast_head_json":{"title":"Entra luz. - Kalot","description":"Durante todas nuestras vidas van a ir y venir personas que tal vez nos dejen cosas buenas o malas, pero cada una de esas personas tendr\u00e1 o tiene ya un","robots":{"index":"index","follow":"follow","max-snippet":"max-snippet:-1","max-image-preview":"max-image-preview:large","max-video-preview":"max-video-preview:-1"},"canonical":"https:\/\/kalot.com.mx\/site\/2014\/01\/09\/entra-luz\/","og_locale":"es_MX","og_type":"article","og_title":"Entra luz. - Kalot","og_description":"Durante todas nuestras vidas van a ir y venir personas que tal vez nos dejen cosas buenas o malas, pero cada una de esas personas tendr\u00e1 o tiene ya un","og_url":"https:\/\/kalot.com.mx\/site\/2014\/01\/09\/entra-luz\/","og_site_name":"Kalot","article_publisher":"http:\/\/facebook.com\/mxkalot","article_author":"https:\/\/www.facebook.com\/elie.alvarado1","article_published_time":"2014-01-09T22:21:57+00:00","article_modified_time":"2014-01-09T22:28:32+00:00","og_image":[{"width":700,"height":501,"url":"https:\/\/i1.wp.com\/kalot.com.mx\/site\/wp-content\/uploads\/2014\/01\/memories.jpg?fit=700%2C501&ssl=1","type":"image\/jpeg"}],"author":"Mar\u00eda Alvarado","twitter_card":"summary_large_image","twitter_creator":"@Me_elieA","twitter_site":"@kalotmx","twitter_misc":{"Escrito por":"Mar\u00eda Alvarado","Tiempo de lectura":"5 minutos"},"schema":{"@context":"https:\/\/schema.org","@graph":[{"@type":"Article","@id":"https:\/\/kalot.com.mx\/site\/2014\/01\/09\/entra-luz\/#article","isPartOf":{"@id":"https:\/\/kalot.com.mx\/site\/2014\/01\/09\/entra-luz\/"},"author":{"name":"Mar\u00eda Alvarado","@id":"https:\/\/kalot.com.mx\/site\/#\/schema\/person\/2364e48efea2244b0799211aeff4847e"},"headline":"Entra luz.","datePublished":"2014-01-09T22:21:57+00:00","dateModified":"2014-01-09T22:28:32+00:00","mainEntityOfPage":{"@id":"https:\/\/kalot.com.mx\/site\/2014\/01\/09\/entra-luz\/"},"wordCount":1080,"commentCount":0,"publisher":{"@id":"https:\/\/kalot.com.mx\/site\/#organization"},"image":{"@id":"https:\/\/kalot.com.mx\/site\/2014\/01\/09\/entra-luz\/#primaryimage"},"thumbnailUrl":"https:\/\/i0.wp.com\/kalot.com.mx\/site\/wp-content\/uploads\/2014\/01\/memories.jpg?fit=700%2C501&ssl=1","inLanguage":"es","potentialAction":[{"@type":"CommentAction","name":"Comment","target":["https:\/\/kalot.com.mx\/site\/2014\/01\/09\/entra-luz\/#respond"]}]},{"@type":"WebPage","@id":"https:\/\/kalot.com.mx\/site\/2014\/01\/09\/entra-luz\/","url":"https:\/\/kalot.com.mx\/site\/2014\/01\/09\/entra-luz\/","name":"Entra luz. - Kalot","isPartOf":{"@id":"https:\/\/kalot.com.mx\/site\/#website"},"primaryImageOfPage":{"@id":"https:\/\/kalot.com.mx\/site\/2014\/01\/09\/entra-luz\/#primaryimage"},"image":{"@id":"https:\/\/kalot.com.mx\/site\/2014\/01\/09\/entra-luz\/#primaryimage"},"thumbnailUrl":"https:\/\/i0.wp.com\/kalot.com.mx\/site\/wp-content\/uploads\/2014\/01\/memories.jpg?fit=700%2C501&ssl=1","datePublished":"2014-01-09T22:21:57+00:00","dateModified":"2014-01-09T22:28:32+00:00","description":"Durante todas nuestras vidas van a ir y venir personas que tal vez nos dejen cosas buenas o malas, pero cada una de esas personas tendr\u00e1 o tiene ya un","breadcrumb":{"@id":"https:\/\/kalot.com.mx\/site\/2014\/01\/09\/entra-luz\/#breadcrumb"},"inLanguage":"es","potentialAction":[{"@type":"ReadAction","target":["https:\/\/kalot.com.mx\/site\/2014\/01\/09\/entra-luz\/"]}]},{"@type":"ImageObject","inLanguage":"es","@id":"https:\/\/kalot.com.mx\/site\/2014\/01\/09\/entra-luz\/#primaryimage","url":"https:\/\/i0.wp.com\/kalot.com.mx\/site\/wp-content\/uploads\/2014\/01\/memories.jpg?fit=700%2C501&ssl=1","contentUrl":"https:\/\/i0.wp.com\/kalot.com.mx\/site\/wp-content\/uploads\/2014\/01\/memories.jpg?fit=700%2C501&ssl=1","width":700,"height":501},{"@type":"BreadcrumbList","@id":"https:\/\/kalot.com.mx\/site\/2014\/01\/09\/entra-luz\/#breadcrumb","itemListElement":[{"@type":"ListItem","position":1,"name":"Home","item":"https:\/\/kalot.com.mx\/site\/"},{"@type":"ListItem","position":2,"name":"Entra luz."}]},{"@type":"WebSite","@id":"https:\/\/kalot.com.mx\/site\/#website","url":"https:\/\/kalot.com.mx\/site\/","name":"Kalot","description":"Conoce Todo Sobre Todo","publisher":{"@id":"https:\/\/kalot.com.mx\/site\/#organization"},"potentialAction":[{"@type":"SearchAction","target":{"@type":"EntryPoint","urlTemplate":"https:\/\/kalot.com.mx\/site\/?s={search_term_string}"},"query-input":{"@type":"PropertyValueSpecification","valueRequired":true,"valueName":"search_term_string"}}],"inLanguage":"es"},{"@type":"Organization","@id":"https:\/\/kalot.com.mx\/site\/#organization","name":"Kalot","url":"https:\/\/kalot.com.mx\/site\/","logo":{"@type":"ImageObject","inLanguage":"es","@id":"https:\/\/kalot.com.mx\/site\/#\/schema\/logo\/image\/","url":"https:\/\/i0.wp.com\/kalot.com.mx\/site\/wp-content\/uploads\/2020\/04\/Kalot-logo-sin-tagline.png?fit=1707%2C1014&ssl=1","contentUrl":"https:\/\/i0.wp.com\/kalot.com.mx\/site\/wp-content\/uploads\/2020\/04\/Kalot-logo-sin-tagline.png?fit=1707%2C1014&ssl=1","width":1707,"height":1014,"caption":"Kalot"},"image":{"@id":"https:\/\/kalot.com.mx\/site\/#\/schema\/logo\/image\/"},"sameAs":["http:\/\/facebook.com\/mxkalot","https:\/\/x.com\/kalotmx","http:\/\/instagram.com\/kalotmx","http:\/\/pinterest.com\/jorgeerana\/kalot"]},{"@type":"Person","@id":"https:\/\/kalot.com.mx\/site\/#\/schema\/person\/2364e48efea2244b0799211aeff4847e","name":"Mar\u00eda Alvarado","image":{"@type":"ImageObject","inLanguage":"es","@id":"https:\/\/secure.gravatar.com\/avatar\/2a5c53655315c4a72bc8b3127daca732f3ccab828ef0de13ec26f266fc855c6b?s=96&d=mm&r=g","url":"https:\/\/secure.gravatar.com\/avatar\/2a5c53655315c4a72bc8b3127daca732f3ccab828ef0de13ec26f266fc855c6b?s=96&d=mm&r=g","contentUrl":"https:\/\/secure.gravatar.com\/avatar\/2a5c53655315c4a72bc8b3127daca732f3ccab828ef0de13ec26f266fc855c6b?s=96&d=mm&r=g","caption":"Mar\u00eda Alvarado"},"description":"El perfecto ejemplo de una rom\u00e1ntica so\u00f1adora, drama queen y devoradora de libros. Una parlanchina innata que goza de los peque\u00f1os placeres que ofrece esta vida y fan\u00e1tica de las sonrisas.","sameAs":["https:\/\/www.facebook.com\/elie.alvarado1","https:\/\/x.com\/Me_elieA"],"url":"https:\/\/kalot.com.mx\/site\/author\/elisa\/"}]}},"jetpack_publicize_connections":[],"jetpack_featured_media_url":"https:\/\/i0.wp.com\/kalot.com.mx\/site\/wp-content\/uploads\/2014\/01\/memories.jpg?fit=700%2C501&ssl=1","jetpack_shortlink":"https:\/\/wp.me\/p6IHEI-2px","jetpack-related-posts":[{"id":17564,"url":"https:\/\/kalot.com.mx\/site\/2014\/08\/10\/el-primer-dia-del-resto-de-tu-vida\/","url_meta":{"origin":9271,"position":0},"title":"El primer d\u00eda del resto de tu vida.","author":"Mar\u00eda Alvarado","date":"10 agosto, 2014","format":false,"excerpt":"Muchas veces llegamos a pensar en el n\u00famero infinito de posibilidades a las cuales nos enfrentamos d\u00eda con d\u00eda, de alguna manera u otra sabemos perfectamente cada acci\u00f3n que realicemos tendr\u00e1 una repercusi\u00f3n en nuestro futuro y en el de los dem\u00e1s\u2026 es un poco dif\u00edcil concentrarnos en lo que\u2026","rel":"","context":"Entrada similar ","block_context":{"text":"Entrada similar ","link":""},"img":{"alt_text":"","src":"https:\/\/i0.wp.com\/kalot.com.mx\/site\/wp-content\/uploads\/2014\/08\/best_day_ever___tangled_by_courtoonxiii-d48jteh.jpg?fit=900%2C573&ssl=1&resize=350%2C200","width":350,"height":200,"srcset":"https:\/\/i0.wp.com\/kalot.com.mx\/site\/wp-content\/uploads\/2014\/08\/best_day_ever___tangled_by_courtoonxiii-d48jteh.jpg?fit=900%2C573&ssl=1&resize=350%2C200 1x, https:\/\/i0.wp.com\/kalot.com.mx\/site\/wp-content\/uploads\/2014\/08\/best_day_ever___tangled_by_courtoonxiii-d48jteh.jpg?fit=900%2C573&ssl=1&resize=525%2C300 1.5x, https:\/\/i0.wp.com\/kalot.com.mx\/site\/wp-content\/uploads\/2014\/08\/best_day_ever___tangled_by_courtoonxiii-d48jteh.jpg?fit=900%2C573&ssl=1&resize=700%2C400 2x"},"classes":[]},{"id":11163,"url":"https:\/\/kalot.com.mx\/site\/2014\/02\/06\/estupidos-y-sensuales-crushes\/","url_meta":{"origin":9271,"position":1},"title":"Est\u00fapidos y sensuales crushes.","author":"Mar\u00eda Alvarado","date":"6 febrero, 2014","format":false,"excerpt":"Este mundo est\u00e1 lleno de personas que consideramos hermosas, que logran llamar nuestra atenci\u00f3n y nos hacen sentir esas est\u00fapidas y sensuales mariposas en el est\u00f3mago. Estas personas pueden ser desde simples conocidos hasta el actor que descubrimos en una pel\u00edcula que vimos la semana pasada, y aunque hay niveles\u2026","rel":"","context":"En &quot;Sin categor\u00eda&quot;","block_context":{"text":"Sin categor\u00eda","link":"https:\/\/kalot.com.mx\/site\/category\/sin-categoria\/"},"img":{"alt_text":"","src":"https:\/\/i0.wp.com\/kalot.com.mx\/site\/wp-content\/uploads\/2014\/02\/crushes.jpg?fit=500%2C439&ssl=1&resize=350%2C200","width":350,"height":200},"classes":[]},{"id":8895,"url":"https:\/\/kalot.com.mx\/site\/2014\/01\/02\/dramatico-drama\/","url_meta":{"origin":9271,"position":2},"title":"Dram\u00e1tico drama.","author":"Mar\u00eda Alvarado","date":"2 enero, 2014","format":false,"excerpt":"[dropcap size=small]S[\/dropcap]oy una persona dram\u00e1tica por naturaleza, por ende los dram\u00e1ticos tendemos a exagerar las cosas, s\u00f3lo a veces; no hay nada de malo en eso. Por nuestra vida pasan muchas personas dram\u00e1ticas y a veces ellas son las que le ponen las especias para que la vida no sea\u2026","rel":"","context":"Entrada similar ","block_context":{"text":"Entrada similar ","link":""},"img":{"alt_text":"","src":"https:\/\/i0.wp.com\/kalot.com.mx\/site\/wp-content\/uploads\/2014\/01\/woman-crying-21.jpg?fit=499%2C435&ssl=1&resize=350%2C200","width":350,"height":200},"classes":[]},{"id":22480,"url":"https:\/\/kalot.com.mx\/site\/2015\/07\/23\/recordar\/","url_meta":{"origin":9271,"position":3},"title":"Recordar.","author":"Mar\u00eda Alvarado","date":"23 julio, 2015","format":false,"excerpt":"El pasado no es algo que podamos dejas atr\u00e1s tan f\u00e1cil como creemos, y esto es aplicable a muchos aspectos de nuestra vida incluyendo a las relaciones que podemos llegar a tener con diferentes individuos a lo largo de nuestra estad\u00eda en este bello planeta. \u00bfPor qu\u00e9 deber\u00edamos recordar lo\u2026","rel":"","context":"Con 1 comentario","block_context":{"text":"Con 1 comentario","link":"https:\/\/kalot.com.mx\/site\/2015\/07\/23\/recordar\/#comments"},"img":{"alt_text":"","src":"https:\/\/i0.wp.com\/kalot.com.mx\/site\/wp-content\/uploads\/2015\/07\/rememb.jpg?fit=1024%2C559&ssl=1&resize=350%2C200","width":350,"height":200,"srcset":"https:\/\/i0.wp.com\/kalot.com.mx\/site\/wp-content\/uploads\/2015\/07\/rememb.jpg?fit=1024%2C559&ssl=1&resize=350%2C200 1x, https:\/\/i0.wp.com\/kalot.com.mx\/site\/wp-content\/uploads\/2015\/07\/rememb.jpg?fit=1024%2C559&ssl=1&resize=525%2C300 1.5x, https:\/\/i0.wp.com\/kalot.com.mx\/site\/wp-content\/uploads\/2015\/07\/rememb.jpg?fit=1024%2C559&ssl=1&resize=700%2C400 2x"},"classes":[]},{"id":8450,"url":"https:\/\/kalot.com.mx\/site\/2013\/12\/26\/hubiera\/","url_meta":{"origin":9271,"position":4},"title":"Hubiera.","author":"Mar\u00eda Alvarado","date":"26 diciembre, 2013","format":false,"excerpt":"[dropcap size=small]H[\/dropcap]ace unos d\u00edas me qued\u00e9 pensando en si algo se hubiera dado con, llam\u00e9moslo sujeto X; si hubiera actuado de una manera diferente, si hubiera ignorado el orgullo que se interpon\u00eda entre los dos, y a mi mente vinieron dos posibles escenarios. En el primero me imagin\u00e9 que si\u2026","rel":"","context":"En &quot;Sin categor\u00eda&quot;","block_context":{"text":"Sin categor\u00eda","link":"https:\/\/kalot.com.mx\/site\/category\/sin-categoria\/"},"img":{"alt_text":"","src":"https:\/\/i0.wp.com\/kalot.com.mx\/site\/wp-content\/uploads\/2013\/12\/What-if_1.jpg?fit=768%2C576&ssl=1&resize=350%2C200","width":350,"height":200,"srcset":"https:\/\/i0.wp.com\/kalot.com.mx\/site\/wp-content\/uploads\/2013\/12\/What-if_1.jpg?fit=768%2C576&ssl=1&resize=350%2C200 1x, https:\/\/i0.wp.com\/kalot.com.mx\/site\/wp-content\/uploads\/2013\/12\/What-if_1.jpg?fit=768%2C576&ssl=1&resize=525%2C300 1.5x, https:\/\/i0.wp.com\/kalot.com.mx\/site\/wp-content\/uploads\/2013\/12\/What-if_1.jpg?fit=768%2C576&ssl=1&resize=700%2C400 2x"},"classes":[]},{"id":9952,"url":"https:\/\/kalot.com.mx\/site\/2014\/01\/23\/estoy-enamorada\/","url_meta":{"origin":9271,"position":5},"title":"Estoy enamorada.","author":"Mar\u00eda Alvarado","date":"23 enero, 2014","format":false,"excerpt":"Hace no mucho le\u00ed un art\u00edculo que hablaba de los \u201cneo-solteros\u201d, que son un grupo de personas que dicen estar solteros por decisi\u00f3n, no por circunstancias; y al leerlo me puse a pensar en que yo tambi\u00e9n soy soltera por elecci\u00f3n, aunque llegue a pensar que ha sido por circunstancia,\u2026","rel":"","context":"Con 1 comentario","block_context":{"text":"Con 1 comentario","link":"https:\/\/kalot.com.mx\/site\/2014\/01\/23\/estoy-enamorada\/#comments"},"img":{"alt_text":"","src":"https:\/\/i0.wp.com\/kalot.com.mx\/site\/wp-content\/uploads\/2014\/01\/in-love.jpg?fit=600%2C600&ssl=1&resize=350%2C200","width":350,"height":200,"srcset":"https:\/\/i0.wp.com\/kalot.com.mx\/site\/wp-content\/uploads\/2014\/01\/in-love.jpg?fit=600%2C600&ssl=1&resize=350%2C200 1x, https:\/\/i0.wp.com\/kalot.com.mx\/site\/wp-content\/uploads\/2014\/01\/in-love.jpg?fit=600%2C600&ssl=1&resize=525%2C300 1.5x"},"classes":[]}],"jetpack_sharing_enabled":true,"_links":{"self":[{"href":"https:\/\/kalot.com.mx\/site\/wp-json\/wp\/v2\/posts\/9271","targetHints":{"allow":["GET"]}}],"collection":[{"href":"https:\/\/kalot.com.mx\/site\/wp-json\/wp\/v2\/posts"}],"about":[{"href":"https:\/\/kalot.com.mx\/site\/wp-json\/wp\/v2\/types\/post"}],"author":[{"embeddable":true,"href":"https:\/\/kalot.com.mx\/site\/wp-json\/wp\/v2\/users\/61"}],"replies":[{"embeddable":true,"href":"https:\/\/kalot.com.mx\/site\/wp-json\/wp\/v2\/comments?post=9271"}],"version-history":[{"count":0,"href":"https:\/\/kalot.com.mx\/site\/wp-json\/wp\/v2\/posts\/9271\/revisions"}],"wp:featuredmedia":[{"embeddable":true,"href":"https:\/\/kalot.com.mx\/site\/wp-json\/wp\/v2\/media\/9272"}],"wp:attachment":[{"href":"https:\/\/kalot.com.mx\/site\/wp-json\/wp\/v2\/media?parent=9271"}],"wp:term":[{"taxonomy":"category","embeddable":true,"href":"https:\/\/kalot.com.mx\/site\/wp-json\/wp\/v2\/categories?post=9271"},{"taxonomy":"post_tag","embeddable":true,"href":"https:\/\/kalot.com.mx\/site\/wp-json\/wp\/v2\/tags?post=9271"}],"curies":[{"name":"wp","href":"https:\/\/api.w.org\/{rel}","templated":true}]}}