{"id":9228,"date":"2014-01-08T17:42:23","date_gmt":"2014-01-08T23:42:23","guid":{"rendered":"http:\/\/www.kalot.com.mx\/?p=9228"},"modified":"2017-12-20T15:54:03","modified_gmt":"2017-12-20T21:54:03","slug":"las-sorpresas-de-la-ces-2014","status":"publish","type":"post","link":"https:\/\/kalot.com.mx\/site\/2014\/01\/08\/las-sorpresas-de-la-ces-2014\/","title":{"rendered":"Las sorpresas de la CES 2014 @intlCES"},"content":{"rendered":"<p style=\"text-align: justify\"><span style=\"color: #800000\"><strong>La feria m\u00e1s importante del mundo del sector de la electr\u00f3nica<\/strong><\/span>, en la que este a\u00f1o participan m\u00e1s de 3.000 expositores y hay m\u00e1s de 20.000 productos nuevos, se exhiben a los 152.000 comerciantes de tecnolog\u00eda que asisten a la CES 2014, que empez\u00f3 este martes 7 de enero en \u00a0las Vegas, Nevada, donde compa\u00f1\u00edas grandes y peque\u00f1as mostraran un adelanto de las innovaciones que mostrar\u00e1n a lo largo de la semana en la CES 2014 entre las que predominan gadgets vestibles, tecnolog\u00eda para hacer m\u00e1s inteligente el hogar, novedades automotrices y muchos productos m\u00e1s.<\/p>\n<p>Queridos Kalochos que mejor manera de iniciar el 2014 con nuevas novedades tecnol\u00f3gicas.<\/p>\n<p style=\"text-align: justify\">En la feria durante el 7 y 8 de enero en la CES se mostr\u00f3 lo siguiente desde pulseras electr\u00f3nicas, un celular flexible, cerraduras con Wi-Fi, un collar inteligente para mascotas y una singular olla Son algunas de las sorpresas m\u00e1s llamativas del evento que se realiza esta semana en Las Vegas.<\/p>\n<p style=\"text-align: justify\">\u00c9chenle un vistazo a esto productos mas relevantes \u00a0de todo lo que lleva la feria en sus d\u00edas 7 y 8 de enero:<\/p>\n<p><strong><span style=\"text-decoration: underline\">Corvette:<\/span><\/strong><\/p>\n<p style=\"text-align: justify\">Catalogado como uno de los CES con m\u00e1s presencia automotriz, la marca estuvo presente con un flamante modelo 2014 el <strong>cual tiene un sistema de alta precisi\u00f3n de GPS y una c\u00e1mara de 720p que graba autom\u00e1ticamente todos los movimientos del auto: su velocidad, trayectoria y hasta punto de balance del auto. Este video es almacenado en una memoria SD<\/strong> por lo que lo podr\u00e1s compartir con tus amigos y que sientan, al menos por unos segundos, lo que es manejar un s\u00faper auto.<\/p>\n<p><a href=\"https:\/\/i0.wp.com\/www.kalot.com.mx\/wp-content\/uploads\/2014\/01\/corvette-ces-2014-1.jpg\"><img fetchpriority=\"high\" decoding=\"async\" data-attachment-id=\"9229\" data-permalink=\"https:\/\/kalot.com.mx\/site\/2014\/01\/08\/las-sorpresas-de-la-ces-2014\/corvette-ces-2014-1\/\" data-orig-file=\"https:\/\/i0.wp.com\/kalot.com.mx\/site\/wp-content\/uploads\/2014\/01\/corvette-ces-2014-1.jpg?fit=850%2C478&ssl=1\" data-orig-size=\"850,478\" data-comments-opened=\"1\" data-image-meta=\"{&quot;aperture&quot;:&quot;0&quot;,&quot;credit&quot;:&quot;&quot;,&quot;camera&quot;:&quot;&quot;,&quot;caption&quot;:&quot;&quot;,&quot;created_timestamp&quot;:&quot;0&quot;,&quot;copyright&quot;:&quot;&quot;,&quot;focal_length&quot;:&quot;0&quot;,&quot;iso&quot;:&quot;0&quot;,&quot;shutter_speed&quot;:&quot;0&quot;,&quot;title&quot;:&quot;&quot;,&quot;orientation&quot;:&quot;0&quot;}\" data-image-title=\"corvette-ces-2014-\" data-image-description=\"\" data-image-caption=\"\" data-large-file=\"https:\/\/i0.wp.com\/kalot.com.mx\/site\/wp-content\/uploads\/2014\/01\/corvette-ces-2014-1.jpg?fit=850%2C478&ssl=1\" class=\"alignnone size-full wp-image-9229\" alt=\"corvette-ces-2014-\" src=\"https:\/\/i0.wp.com\/kalot.com.mx\/site\/wp-content\/uploads\/2013\/08\/blogging-for-a-company2.jpg?fit=1698%2C1131&ssl=1\" width=\"1698\" height=\"1131\" \/><\/a> <b><span style=\"text-decoration: underline\"><span style=\"color: #000000\">Lifeband Touch<\/span><\/span><\/b><\/p>\n<p style=\"text-align: justify\">LG present\u00f3 su monitor de actividad f\u00edsica pulsera inteligente que se <strong>sincroniza tanto con dispositivos con Android como con iOS a trav\u00e9s una conexi\u00f3n Bluetooth 4.0 y permite ver notificaciones, la hora y diferentes par\u00e1metros relativos a la actividad f\u00edsica del usuario, como ritmo card\u00edaco, cantidad de pasos dados o kil\u00f3metros recorridos. Adem\u00e1s, es resistente al agua y su pantalla t\u00e1ctil permite controlar la m\u00fasica sin necesidad de tocar el reproductor de mp3.<\/strong><\/p>\n<p><a href=\"https:\/\/i0.wp.com\/www.kalot.com.mx\/wp-content\/uploads\/2014\/01\/novapulseira-lgces.jpg\"><img decoding=\"async\" data-attachment-id=\"9230\" data-permalink=\"https:\/\/kalot.com.mx\/site\/2014\/01\/08\/las-sorpresas-de-la-ces-2014\/novapulseira-lgces\/\" data-orig-file=\"https:\/\/i0.wp.com\/kalot.com.mx\/site\/wp-content\/uploads\/2014\/01\/novapulseira-lgces.jpg?fit=619%2C464&ssl=1\" data-orig-size=\"619,464\" data-comments-opened=\"1\" data-image-meta=\"{&quot;aperture&quot;:&quot;0&quot;,&quot;credit&quot;:&quot;&quot;,&quot;camera&quot;:&quot;&quot;,&quot;caption&quot;:&quot;&quot;,&quot;created_timestamp&quot;:&quot;0&quot;,&quot;copyright&quot;:&quot;&quot;,&quot;focal_length&quot;:&quot;0&quot;,&quot;iso&quot;:&quot;0&quot;,&quot;shutter_speed&quot;:&quot;0&quot;,&quot;title&quot;:&quot;&quot;,&quot;orientation&quot;:&quot;0&quot;}\" data-image-title=\"novapulseira\" data-image-description=\"\" data-image-caption=\"\" data-large-file=\"https:\/\/i0.wp.com\/kalot.com.mx\/site\/wp-content\/uploads\/2014\/01\/novapulseira-lgces.jpg?fit=619%2C464&ssl=1\" class=\"alignnone size-full wp-image-9230\" alt=\"novapulseira\" src=\"https:\/\/i0.wp.com\/kalot.com.mx\/site\/wp-content\/uploads\/2013\/08\/blogging-for-a-company2.jpg?fit=1698%2C1131&ssl=1\" width=\"1698\" height=\"1131\" \/><\/a> <span style=\"text-decoration: underline\"><strong>smartphone LG Flex<\/strong><\/span><\/p>\n<p style=\"text-align: justify\">Tambi\u00e9n LG muestra su un smartphone con una <strong>pantalla flexible curvada de 6 pulgadas, Este equipo contara con una principal ventaja de cara al usuario: es mucho m\u00e1s barato de fabricar y m\u00e1s ligero que los m\u00f3viles convencionales<\/strong>, dos excelentes noticias para los consumidores.<\/p>\n<p><a href=\"https:\/\/i0.wp.com\/www.kalot.com.mx\/wp-content\/uploads\/2014\/01\/lg-g-flex-smartphone-curvo.jpg\"><img decoding=\"async\" data-attachment-id=\"9231\" data-permalink=\"https:\/\/kalot.com.mx\/site\/2014\/01\/08\/las-sorpresas-de-la-ces-2014\/lg-g-flex-smartphone-curvo\/\" data-orig-file=\"https:\/\/i0.wp.com\/kalot.com.mx\/site\/wp-content\/uploads\/2014\/01\/lg-g-flex-smartphone-curvo.jpg?fit=624%2C351&ssl=1\" data-orig-size=\"624,351\" data-comments-opened=\"1\" data-image-meta=\"{&quot;aperture&quot;:&quot;0&quot;,&quot;credit&quot;:&quot;&quot;,&quot;camera&quot;:&quot;&quot;,&quot;caption&quot;:&quot;&quot;,&quot;created_timestamp&quot;:&quot;0&quot;,&quot;copyright&quot;:&quot;&quot;,&quot;focal_length&quot;:&quot;0&quot;,&quot;iso&quot;:&quot;0&quot;,&quot;shutter_speed&quot;:&quot;0&quot;,&quot;title&quot;:&quot;&quot;,&quot;orientation&quot;:&quot;0&quot;}\" data-image-title=\"lg-g-flex-smartphone-curvo\" data-image-description=\"\" data-image-caption=\"\" data-large-file=\"https:\/\/i0.wp.com\/kalot.com.mx\/site\/wp-content\/uploads\/2014\/01\/lg-g-flex-smartphone-curvo.jpg?fit=624%2C351&ssl=1\" class=\"alignnone size-full wp-image-9231\" alt=\"lg-g-flex-smartphone-curvo\" src=\"https:\/\/i0.wp.com\/kalot.com.mx\/site\/wp-content\/uploads\/2013\/08\/blogging-for-a-company2.jpg?fit=1698%2C1131&ssl=1\" width=\"1698\" height=\"1131\" \/><\/a> <span style=\"text-decoration: underline;color: #000000\"><strong>Smartband para registrar toda tu vida\u00a0<\/strong><\/span><\/p>\n<p style=\"text-align: justify\">Sony tambi\u00e9n lanzo su propio dispositivo\u00a0pensado en la captura de los movimientos y el registro diario. Se trata de la <strong>tecnolog\u00eda Sony Core incluida en la pulsera Smartband, que har\u00e1 una medici\u00f3n de la actividad f\u00edsica del usuario desde la mu\u00f1eca, a trav\u00e9s de un aparato minimalista y discreto que cuenta con autonom\u00eda de cinco d\u00edas, resistencia al agua y aunque no posee pantalla ni motor de vibraci\u00f3n, s\u00ed cuenta con tres peque\u00f1os LED y un \u00fanico bot\u00f3n. Podremos controlar la reproducci\u00f3n de canciones, medir la actividad durante el sue\u00f1o, los pasos que demos durante el d\u00eda y otros. Ser\u00e1 sincronizable con una aplicaci\u00f3n que relacionar\u00e1 fotograf\u00edas, estado del tiempo y hasta el \u00e1nimo del usuario, aunque no se entregaron muchos detalles.<\/strong> La idea de Sony es integrar esta tecnolog\u00eda en varios gadgets, dentro de una familia que ser\u00e1 conocida como Sony SmartWear.<\/p>\n<p><a href=\"https:\/\/i0.wp.com\/www.kalot.com.mx\/wp-content\/uploads\/2014\/01\/04cesprodutosap.jpg\"><img loading=\"lazy\" decoding=\"async\" data-attachment-id=\"9232\" data-permalink=\"https:\/\/kalot.com.mx\/site\/2014\/01\/08\/las-sorpresas-de-la-ces-2014\/04cesprodutosap\/\" data-orig-file=\"https:\/\/i0.wp.com\/kalot.com.mx\/site\/wp-content\/uploads\/2014\/01\/04cesprodutosap.jpg?fit=619%2C464&ssl=1\" data-orig-size=\"619,464\" data-comments-opened=\"1\" data-image-meta=\"{&quot;aperture&quot;:&quot;0&quot;,&quot;credit&quot;:&quot;&quot;,&quot;camera&quot;:&quot;&quot;,&quot;caption&quot;:&quot;&quot;,&quot;created_timestamp&quot;:&quot;0&quot;,&quot;copyright&quot;:&quot;&quot;,&quot;focal_length&quot;:&quot;0&quot;,&quot;iso&quot;:&quot;0&quot;,&quot;shutter_speed&quot;:&quot;0&quot;,&quot;title&quot;:&quot;&quot;,&quot;orientation&quot;:&quot;0&quot;}\" data-image-title=\"corse\" data-image-description=\"\" data-image-caption=\"\" data-large-file=\"https:\/\/i0.wp.com\/kalot.com.mx\/site\/wp-content\/uploads\/2014\/01\/04cesprodutosap.jpg?fit=619%2C464&ssl=1\" class=\"alignnone size-full wp-image-9232\" alt=\"corse\" src=\"https:\/\/i0.wp.com\/kalot.com.mx\/site\/wp-content\/uploads\/2013\/08\/blogging-for-a-company2.jpg?fit=1698%2C1131&ssl=1\" width=\"1698\" height=\"1131\" \/><\/a> <span style=\"text-decoration: underline\"><strong>Xperia Z Compact<\/strong><\/span><\/p>\n<p style=\"text-align: justify\">A si es Sony tambien lanz\u00f3 el Smartphone Xperia Z Compact <strong>con las mismas\u00a0 configuraciones de hardware que el dispositivo de alta gama de la marca, pero ofreciendo al usuario\u00a04.3 pulgadas con resoluci\u00f3n 720p<\/strong>. Hoy en d\u00eda es una resoluci\u00f3n que da una densidad de p\u00edxeles (342 ppp)<b>\u00a0<\/b>La c\u00e1mara incorpora tecnolog\u00eda Bionz, as\u00ed como lentes de la serie G de Sony y un bot\u00f3n f\u00edsico para el disparo. La c\u00e1mara secundaria, de 2 MP, tambi\u00e9n presume de sensor Xmor<\/p>\n<p><a href=\"https:\/\/i0.wp.com\/www.kalot.com.mx\/wp-content\/uploads\/2014\/01\/El-vicepresidente-de-Sony-y-CE_54398870484_54028874188_960_639.jpg\"><img loading=\"lazy\" decoding=\"async\" data-attachment-id=\"9234\" data-permalink=\"https:\/\/kalot.com.mx\/site\/2014\/01\/08\/las-sorpresas-de-la-ces-2014\/el-vicepresidente-de-sony-y-ce_54398870484_54028874188_960_639\/\" data-orig-file=\"https:\/\/i0.wp.com\/kalot.com.mx\/site\/wp-content\/uploads\/2014\/01\/El-vicepresidente-de-Sony-y-CE_54398870484_54028874188_960_639.jpg?fit=960%2C639&ssl=1\" data-orig-size=\"960,639\" data-comments-opened=\"1\" data-image-meta=\"{&quot;aperture&quot;:&quot;0&quot;,&quot;credit&quot;:&quot;&quot;,&quot;camera&quot;:&quot;&quot;,&quot;caption&quot;:&quot;&quot;,&quot;created_timestamp&quot;:&quot;0&quot;,&quot;copyright&quot;:&quot;&quot;,&quot;focal_length&quot;:&quot;0&quot;,&quot;iso&quot;:&quot;0&quot;,&quot;shutter_speed&quot;:&quot;0&quot;,&quot;title&quot;:&quot;&quot;,&quot;orientation&quot;:&quot;0&quot;}\" data-image-title=\"El-vicepresidente-de-Sony-y-CE_54398870484_54028874188_960_639\" data-image-description=\"\" data-image-caption=\"\" data-large-file=\"https:\/\/i0.wp.com\/kalot.com.mx\/site\/wp-content\/uploads\/2014\/01\/El-vicepresidente-de-Sony-y-CE_54398870484_54028874188_960_639.jpg?fit=960%2C639&ssl=1\" class=\"alignnone size-full wp-image-9234\" alt=\"El-vicepresidente-de-Sony-y-CE_54398870484_54028874188_960_639\" src=\"https:\/\/i0.wp.com\/kalot.com.mx\/site\/wp-content\/uploads\/2013\/08\/blogging-for-a-company2.jpg?fit=1698%2C1131&ssl=1\" width=\"1698\" height=\"1131\" \/><\/a> <span style=\"color: #000000\"><b><span style=\"text-decoration: underline\"><a href=\"http:\/\/www.mydogsvoyce.com\/#!\/voyce\" target=\"_blank\"><span style=\"color: #000000;text-decoration: underline\">Voyce<\/span><\/a><\/span><\/b><\/span><\/p>\n<p style=\"text-align: justify\"><b><\/b>un collar pensado en tu perro y desarrollado por ingenieros, bi\u00f3logos y especialistas en animales. <strong>este gadget monitorea la salud y comportamiento diario de tu mascota, registrando su actividad, ciclos de sue\u00f1o, calor\u00edas, frecuencia card\u00edaca y respiratoria, enviando la informaci\u00f3n al smartphone y con la posibilidad de enviar los datos a un veterinario o compartirlos en las redes sociales.<\/strong><\/p>\n<p style=\"text-align: justify\"><a href=\"https:\/\/i0.wp.com\/www.kalot.com.mx\/wp-content\/uploads\/2014\/01\/1878857.jpg\"><img loading=\"lazy\" decoding=\"async\" data-attachment-id=\"9247\" data-permalink=\"https:\/\/kalot.com.mx\/site\/2014\/01\/08\/las-sorpresas-de-la-ces-2014\/attachment\/1878857\/\" data-orig-file=\"https:\/\/i0.wp.com\/kalot.com.mx\/site\/wp-content\/uploads\/2014\/01\/1878857.jpg?fit=620%2C375&ssl=1\" data-orig-size=\"620,375\" data-comments-opened=\"1\" data-image-meta=\"{&quot;aperture&quot;:&quot;0&quot;,&quot;credit&quot;:&quot;&quot;,&quot;camera&quot;:&quot;&quot;,&quot;caption&quot;:&quot;&quot;,&quot;created_timestamp&quot;:&quot;0&quot;,&quot;copyright&quot;:&quot;&quot;,&quot;focal_length&quot;:&quot;0&quot;,&quot;iso&quot;:&quot;0&quot;,&quot;shutter_speed&quot;:&quot;0&quot;,&quot;title&quot;:&quot;&quot;,&quot;orientation&quot;:&quot;0&quot;}\" data-image-title=\"1878857\" data-image-description=\"\" data-image-caption=\"\" data-large-file=\"https:\/\/i0.wp.com\/kalot.com.mx\/site\/wp-content\/uploads\/2014\/01\/1878857.jpg?fit=620%2C375&ssl=1\" class=\"alignnone size-full wp-image-9247\" alt=\"1878857\" src=\"https:\/\/i0.wp.com\/kalot.com.mx\/site\/wp-content\/uploads\/2013\/08\/blogging-for-a-company2.jpg?fit=1698%2C1131&ssl=1\" width=\"1698\" height=\"1131\" \/><\/a><\/p>\n<p><span style=\"text-decoration: underline;color: #000000\"><strong>Belkin, y la olla inteligente:<\/strong><\/span><\/p>\n<p style=\"text-align: justify\">Para esas personas que no saben en que momento deben de estar o cuanto tiempo les falta a los frijoles y no se les quemen, <strong>Belkin present\u00f3 una innovadora olla inteligente, que se conecta al smartphone para enviar recordatorios, modificar el tiempo de cocci\u00f3n, ajustar la temperatura o chequear el estado del plato. As\u00ed, si olvidaste algo y sales al supermercado, ya no tendr\u00e1s que preocuparte. <\/strong><\/p>\n<p><a href=\"https:\/\/i0.wp.com\/www.kalot.com.mx\/wp-content\/uploads\/2014\/01\/1878859.jpg\"><img loading=\"lazy\" decoding=\"async\" data-attachment-id=\"9236\" data-permalink=\"https:\/\/kalot.com.mx\/site\/2014\/01\/08\/las-sorpresas-de-la-ces-2014\/attachment\/1878859\/\" data-orig-file=\"https:\/\/i0.wp.com\/kalot.com.mx\/site\/wp-content\/uploads\/2014\/01\/1878859.jpg?fit=620%2C375&ssl=1\" data-orig-size=\"620,375\" data-comments-opened=\"1\" data-image-meta=\"{&quot;aperture&quot;:&quot;0&quot;,&quot;credit&quot;:&quot;&quot;,&quot;camera&quot;:&quot;&quot;,&quot;caption&quot;:&quot;&quot;,&quot;created_timestamp&quot;:&quot;0&quot;,&quot;copyright&quot;:&quot;&quot;,&quot;focal_length&quot;:&quot;0&quot;,&quot;iso&quot;:&quot;0&quot;,&quot;shutter_speed&quot;:&quot;0&quot;,&quot;title&quot;:&quot;&quot;,&quot;orientation&quot;:&quot;0&quot;}\" data-image-title=\"1878859\" data-image-description=\"\" data-image-caption=\"\" data-large-file=\"https:\/\/i0.wp.com\/kalot.com.mx\/site\/wp-content\/uploads\/2014\/01\/1878859.jpg?fit=620%2C375&ssl=1\" class=\"alignnone size-full wp-image-9236\" alt=\"1878859\" src=\"https:\/\/i0.wp.com\/kalot.com.mx\/site\/wp-content\/uploads\/2013\/08\/blogging-for-a-company2.jpg?fit=1698%2C1131&ssl=1\" width=\"1698\" height=\"1131\" \/><\/a> <strong><span style=\"text-decoration: underline\">Goji Smart Lock, la cerradura inteligente<\/span><\/strong><\/p>\n<p style=\"text-align: justify\">El mundo de las cerraduras de puerta tambi\u00e9n tiene sus exponentes en el evento. En este caso hablamos de Goji Smart Lock, <strong>un aparato que esconde una peque\u00f1a c\u00e1mara y un display delante de la cerradura. Al golpear, la c\u00e1mara se activa, saca una foto del visitante y la env\u00eda a tu smartphone dejando un registro diario mientras no est\u00e1s en casa. Para ingresar, utilizaremos el m\u00f3vil y si lo extraviamos, podremos avisar para que el sistema se bloquee hasta vincular un nuevo aparato<\/strong> (tambi\u00e9n se incluye un juego de llaves). Adem\u00e1s, es posible denegar el acceso por un tiempo establecido y sabremos qu\u00e9 miembros de la familia ingresan en cualquier momento del d\u00eda.<\/p>\n<p><a href=\"https:\/\/i0.wp.com\/www.kalot.com.mx\/wp-content\/uploads\/2014\/01\/07cesprodutosrts.jpg\"><img loading=\"lazy\" decoding=\"async\" data-attachment-id=\"9244\" data-permalink=\"https:\/\/kalot.com.mx\/site\/2014\/01\/08\/las-sorpresas-de-la-ces-2014\/07cesprodutosrts\/\" data-orig-file=\"https:\/\/i0.wp.com\/kalot.com.mx\/site\/wp-content\/uploads\/2014\/01\/07cesprodutosrts.jpg?fit=619%2C464&ssl=1\" data-orig-size=\"619,464\" data-comments-opened=\"1\" data-image-meta=\"{&quot;aperture&quot;:&quot;0&quot;,&quot;credit&quot;:&quot;&quot;,&quot;camera&quot;:&quot;&quot;,&quot;caption&quot;:&quot;&quot;,&quot;created_timestamp&quot;:&quot;0&quot;,&quot;copyright&quot;:&quot;&quot;,&quot;focal_length&quot;:&quot;0&quot;,&quot;iso&quot;:&quot;0&quot;,&quot;shutter_speed&quot;:&quot;0&quot;,&quot;title&quot;:&quot;&quot;,&quot;orientation&quot;:&quot;0&quot;}\" data-image-title=\"logi\" data-image-description=\"\" data-image-caption=\"\" data-large-file=\"https:\/\/i0.wp.com\/kalot.com.mx\/site\/wp-content\/uploads\/2014\/01\/07cesprodutosrts.jpg?fit=619%2C464&ssl=1\" class=\"alignnone size-full wp-image-9244\" alt=\"logi\" src=\"https:\/\/i0.wp.com\/kalot.com.mx\/site\/wp-content\/uploads\/2013\/08\/blogging-for-a-company2.jpg?fit=1698%2C1131&ssl=1\" width=\"1698\" height=\"1131\" \/><\/a> \u00a0 <strong><span style=\"text-decoration: underline\"><span style=\"color: #000000;text-decoration: underline\">La Panasonic Toughpad 4K:<\/span><\/span><\/strong><\/p>\n<p style=\"text-align: justify\">Panasonic anunci\u00f3 la tableta Toughpad que contar\u00e1 con una <strong>resoluci\u00f3n de pantalla de 3840\u00d72560 p\u00edxeles, lo que fue denominado por la industria como resoluci\u00f3n 4K o Ultra HD. La pantalla de 20 pulgadas soportar\u00e1 multi-touch en 10 puntos al mismo tiempo. En su interior incluir\u00e1 un procesador Intel Core i5, 8 GB de memoria RAM y un SSD de 256 GB. El procesamiento gr\u00e1fico ser\u00e1 manejado por la GPU NVIDIA GeForce 745M.<\/strong> Todo esto acompa\u00f1ado del sistema operativo Windows 8.1 de Microsoft.\u00a0El panel es un LCD IPS-Alpha, tecnolog\u00eda propiedad de la compa\u00f1\u00eda japonesa, que tiene como objetivo lograr unos mejores contraste y posibilitar que la imagen ofrecida no vari\u00e9 seg\u00fan el \u00e1ngulo desde la que se la observa.<\/p>\n<p><a href=\"https:\/\/i0.wp.com\/www.kalot.com.mx\/wp-content\/uploads\/2014\/01\/panasonic-toughpad-4k-20-inch.jpg\"><img loading=\"lazy\" decoding=\"async\" data-attachment-id=\"9238\" data-permalink=\"https:\/\/kalot.com.mx\/site\/2014\/01\/08\/las-sorpresas-de-la-ces-2014\/panasonic-toughpad-4k-20-inch\/\" data-orig-file=\"https:\/\/i0.wp.com\/kalot.com.mx\/site\/wp-content\/uploads\/2014\/01\/panasonic-toughpad-4k-20-inch.jpg?fit=1024%2C681&ssl=1\" data-orig-size=\"1024,681\" data-comments-opened=\"1\" data-image-meta=\"{&quot;aperture&quot;:&quot;0&quot;,&quot;credit&quot;:&quot;&quot;,&quot;camera&quot;:&quot;&quot;,&quot;caption&quot;:&quot;&quot;,&quot;created_timestamp&quot;:&quot;0&quot;,&quot;copyright&quot;:&quot;&quot;,&quot;focal_length&quot;:&quot;0&quot;,&quot;iso&quot;:&quot;0&quot;,&quot;shutter_speed&quot;:&quot;0&quot;,&quot;title&quot;:&quot;&quot;,&quot;orientation&quot;:&quot;0&quot;}\" data-image-title=\"panasonic-toughpad-4k-20-inch\" data-image-description=\"\" data-image-caption=\"\" data-large-file=\"https:\/\/i0.wp.com\/kalot.com.mx\/site\/wp-content\/uploads\/2014\/01\/panasonic-toughpad-4k-20-inch.jpg?fit=1024%2C681&ssl=1\" class=\"alignnone size-full wp-image-9238\" alt=\"panasonic-toughpad-4k-20-inch\" src=\"https:\/\/i0.wp.com\/kalot.com.mx\/site\/wp-content\/uploads\/2013\/08\/blogging-for-a-company2.jpg?fit=1698%2C1131&ssl=1\" width=\"1698\" height=\"1131\" \/><\/a> <span style=\"text-decoration: underline;color: #000000\"><strong>Panasonic muestra la tableta de 7 pulgadas Toughpad:<\/strong><\/span><\/p>\n<p style=\"text-align: justify\">Dentro de la CES, Panasonic tambi\u00e9n present\u00f3 <strong>su nueva tablet ultraresistente Toughpad FZ-M1, con pantalla de 7 pulgadas y con tan s\u00f3lo 1.77 cent\u00edmetros de grosor, lo que la convierte en un equipo que combina delgadez y resistencia. El sistema operativo de esta tablet es Windows 8.1 Pro y cuenta con un procesador Intel i5 de cuarta generaci\u00f3n, as\u00ed como una memoria RAM de 8GB y una bater\u00eda con duraci\u00f3n de ocho horas, con opci\u00f3n a instalar una m\u00e1s potente de 16 horas. El dispositivo es a prueba de agua, golpes, humedad y temperaturas extremas.<\/strong>\u00a0Su lanzamiento se espera para la primavera de este a\u00f1o.<\/p>\n<p style=\"text-align: justify\"><a href=\"https:\/\/i0.wp.com\/www.kalot.com.mx\/wp-content\/uploads\/2014\/01\/07cesprodutosdia2afp.jpg\"><img loading=\"lazy\" decoding=\"async\" data-attachment-id=\"9248\" data-permalink=\"https:\/\/kalot.com.mx\/site\/2014\/01\/08\/las-sorpresas-de-la-ces-2014\/07cesprodutosdia2afp\/\" data-orig-file=\"https:\/\/i0.wp.com\/kalot.com.mx\/site\/wp-content\/uploads\/2014\/01\/07cesprodutosdia2afp.jpg?fit=619%2C464&ssl=1\" data-orig-size=\"619,464\" data-comments-opened=\"1\" data-image-meta=\"{&quot;aperture&quot;:&quot;0&quot;,&quot;credit&quot;:&quot;&quot;,&quot;camera&quot;:&quot;&quot;,&quot;caption&quot;:&quot;&quot;,&quot;created_timestamp&quot;:&quot;0&quot;,&quot;copyright&quot;:&quot;&quot;,&quot;focal_length&quot;:&quot;0&quot;,&quot;iso&quot;:&quot;0&quot;,&quot;shutter_speed&quot;:&quot;0&quot;,&quot;title&quot;:&quot;&quot;,&quot;orientation&quot;:&quot;0&quot;}\" data-image-title=\"07cesprodutosdia2afp\" data-image-description=\"\" data-image-caption=\"\" data-large-file=\"https:\/\/i0.wp.com\/kalot.com.mx\/site\/wp-content\/uploads\/2014\/01\/07cesprodutosdia2afp.jpg?fit=619%2C464&ssl=1\" class=\"alignnone size-full wp-image-9248\" alt=\"07cesprodutosdia2afp\" src=\"https:\/\/i0.wp.com\/kalot.com.mx\/site\/wp-content\/uploads\/2013\/08\/blogging-for-a-company2.jpg?fit=1698%2C1131&ssl=1\" width=\"1698\" height=\"1131\" \/><\/a><\/p>\n<p><span style=\"text-decoration: underline\"><strong>Samsung tambi\u00e9n anunci\u00f3 una nueva l\u00ednea de tabletas, Galaxy Tab Pro:<\/strong><\/span><\/p>\n<p style=\"text-align: justify\">Las nuevas \u201ctablets\u201d de Samsung vienen en 2 modelos: <strong>la Galaxy Note PRO (que viene solamente con una pantalla de 12.2\u201d pulgadas)<\/strong> y <strong>la Galaxy Tab PRO (que viene con pantallas de 12.2\u201d pulgadas, 10.1\u201d pulgadas y 8.4\u201d pulgadas).<\/strong> Tanto la Galaxy Note PRO 12.2\u201d como la Galaxy Tab PRO 12.2\u201d incluyen una pantalla t\u00e1ctil \u201cS\u00faper CLear LCD\u201d que mide 12.2\u201d pulgadas con una resoluci\u00f3n de 2560 x 1600. Al igual que en el resto de los modelos, Samsung dise\u00f1\u00f3 una nueva interfaz llamada \u201cMagazine UX\u201d el cual permite que organices todo tu contenido en m\u00faltiples ventanas que asimilan una revista. Esto hace que veas tu informaci\u00f3n de forma r\u00e1pida y sencilla. Perfecto para \u201cmultitasking\u201d.<\/p>\n<p style=\"text-align: justify\"><a href=\"https:\/\/i0.wp.com\/www.kalot.com.mx\/wp-content\/uploads\/2014\/01\/galaxy-note-pro12.2.jpg\"><img loading=\"lazy\" decoding=\"async\" data-attachment-id=\"9240\" data-permalink=\"https:\/\/kalot.com.mx\/site\/2014\/01\/08\/las-sorpresas-de-la-ces-2014\/galaxy-note-pro12-2\/\" data-orig-file=\"https:\/\/i0.wp.com\/kalot.com.mx\/site\/wp-content\/uploads\/2014\/01\/galaxy-note-pro12.2.jpg?fit=555%2C369&ssl=1\" data-orig-size=\"555,369\" data-comments-opened=\"1\" data-image-meta=\"{&quot;aperture&quot;:&quot;0&quot;,&quot;credit&quot;:&quot;&quot;,&quot;camera&quot;:&quot;&quot;,&quot;caption&quot;:&quot;&quot;,&quot;created_timestamp&quot;:&quot;0&quot;,&quot;copyright&quot;:&quot;&quot;,&quot;focal_length&quot;:&quot;0&quot;,&quot;iso&quot;:&quot;0&quot;,&quot;shutter_speed&quot;:&quot;0&quot;,&quot;title&quot;:&quot;&quot;,&quot;orientation&quot;:&quot;0&quot;}\" data-image-title=\"galaxy-note-pro12.2\" data-image-description=\"\" data-image-caption=\"\" data-large-file=\"https:\/\/i0.wp.com\/kalot.com.mx\/site\/wp-content\/uploads\/2014\/01\/galaxy-note-pro12.2.jpg?fit=555%2C369&ssl=1\" class=\"alignnone size-full wp-image-9240\" alt=\"galaxy-note-pro12.2\" src=\"https:\/\/i0.wp.com\/kalot.com.mx\/site\/wp-content\/uploads\/2013\/08\/blogging-for-a-company2.jpg?fit=1698%2C1131&ssl=1\" width=\"1698\" height=\"1131\" \/><span style=\"text-decoration: underline\"><span style=\"color: #0000ff;text-decoration: underline\"><strong>Galaxy Note PRO<\/strong><\/span><\/span><\/a><span style=\"text-decoration: underline\"><span style=\"color: #0000ff;text-decoration: underline\">\u00a0<strong>12.2<\/strong><\/span><\/span><\/p>\n<p style=\"text-align: justify\">\u00a0<a href=\"https:\/\/i0.wp.com\/www.kalot.com.mx\/wp-content\/uploads\/2014\/01\/glaxy-tab-pro-10.jpg\"><img loading=\"lazy\" decoding=\"async\" data-attachment-id=\"9241\" data-permalink=\"https:\/\/kalot.com.mx\/site\/2014\/01\/08\/las-sorpresas-de-la-ces-2014\/glaxy-tab-pro-10\/\" data-orig-file=\"https:\/\/i0.wp.com\/kalot.com.mx\/site\/wp-content\/uploads\/2014\/01\/glaxy-tab-pro-10.jpg?fit=555%2C369&ssl=1\" data-orig-size=\"555,369\" data-comments-opened=\"1\" data-image-meta=\"{&quot;aperture&quot;:&quot;0&quot;,&quot;credit&quot;:&quot;&quot;,&quot;camera&quot;:&quot;&quot;,&quot;caption&quot;:&quot;&quot;,&quot;created_timestamp&quot;:&quot;0&quot;,&quot;copyright&quot;:&quot;&quot;,&quot;focal_length&quot;:&quot;0&quot;,&quot;iso&quot;:&quot;0&quot;,&quot;shutter_speed&quot;:&quot;0&quot;,&quot;title&quot;:&quot;&quot;,&quot;orientation&quot;:&quot;0&quot;}\" data-image-title=\"glaxy-tab-pro 10\" data-image-description=\"\" data-image-caption=\"\" data-large-file=\"https:\/\/i0.wp.com\/kalot.com.mx\/site\/wp-content\/uploads\/2014\/01\/glaxy-tab-pro-10.jpg?fit=555%2C369&ssl=1\" class=\"alignnone size-full wp-image-9241\" alt=\"glaxy-tab-pro 10\" src=\"https:\/\/i0.wp.com\/kalot.com.mx\/site\/wp-content\/uploads\/2013\/08\/blogging-for-a-company2.jpg?fit=1698%2C1131&ssl=1\" width=\"1698\" height=\"1131\" \/><strong><span style=\"text-decoration: underline\"><span style=\"color: #0000ff;text-decoration: underline\">Galaxy Tab PRO<\/span><\/span><\/strong><\/a><strong><span style=\"text-decoration: underline\"><span style=\"color: #0000ff;text-decoration: underline\">\u00a010.1<\/span><\/span><\/strong><\/p>\n<p><span style=\"text-decoration: underline;color: #000000\"><strong>Samsung mostr\u00f3 su primer televisor de ultradefinici\u00f3n y pantalla curva de 105 pulgadas:<\/strong><\/span> <a href=\"https:\/\/i0.wp.com\/www.kalot.com.mx\/wp-content\/uploads\/2014\/01\/02cesprodutosap.jpg\"><img loading=\"lazy\" decoding=\"async\" data-attachment-id=\"9242\" data-permalink=\"https:\/\/kalot.com.mx\/site\/2014\/01\/08\/las-sorpresas-de-la-ces-2014\/02cesprodutosap\/\" data-orig-file=\"https:\/\/i0.wp.com\/kalot.com.mx\/site\/wp-content\/uploads\/2014\/01\/02cesprodutosap.jpg?fit=619%2C464&ssl=1\" data-orig-size=\"619,464\" data-comments-opened=\"1\" data-image-meta=\"{&quot;aperture&quot;:&quot;0&quot;,&quot;credit&quot;:&quot;&quot;,&quot;camera&quot;:&quot;&quot;,&quot;caption&quot;:&quot;&quot;,&quot;created_timestamp&quot;:&quot;0&quot;,&quot;copyright&quot;:&quot;&quot;,&quot;focal_length&quot;:&quot;0&quot;,&quot;iso&quot;:&quot;0&quot;,&quot;shutter_speed&quot;:&quot;0&quot;,&quot;title&quot;:&quot;&quot;,&quot;orientation&quot;:&quot;0&quot;}\" data-image-title=\"02cesprodutosap\" data-image-description=\"\" data-image-caption=\"\" data-large-file=\"https:\/\/i0.wp.com\/kalot.com.mx\/site\/wp-content\/uploads\/2014\/01\/02cesprodutosap.jpg?fit=619%2C464&ssl=1\" class=\"alignnone size-full wp-image-9242\" alt=\"02cesprodutosap\" src=\"https:\/\/i0.wp.com\/kalot.com.mx\/site\/wp-content\/uploads\/2013\/08\/blogging-for-a-company2.jpg?fit=1698%2C1131&ssl=1\" width=\"1698\" height=\"1131\" \/><\/a> http:\/\/www.youtube.com\/watch?v=yoZQETewBjs \u00a0 Kalochos estos son algunos de los gadgets y tecnolog\u00edas que en estos dos d\u00edas de la CES me han llamado la atenci\u00f3n y han tenido de que hablar, para cuando termine la CES ( viernes 10 de enero ) les tendr\u00e9 otro post con las tecnolog\u00edas de los \u00faltimos dos d\u00edas (: MUCHOS SALUDOS<\/p>\n","protected":false},"excerpt":{"rendered":"La feria m\u00e1s importante del mundo del sector de la electr\u00f3nica, en la que este a\u00f1o participan m\u00e1s&hellip;\n","protected":false},"author":57,"featured_media":9251,"comment_status":"open","ping_status":"open","sticky":false,"template":"","format":"standard","meta":{"jetpack_post_was_ever_published":false,"_jetpack_newsletter_access":"","_jetpack_dont_email_post_to_subs":false,"_jetpack_newsletter_tier_id":0,"_jetpack_memberships_contains_paywalled_content":false,"_jetpack_memberships_contains_paid_content":false,"footnotes":"","jetpack_publicize_message":"","jetpack_publicize_feature_enabled":true,"jetpack_social_post_already_shared":true,"jetpack_social_options":{"image_generator_settings":{"template":"highway","default_image_id":0,"font":"","enabled":false},"version":2}},"categories":[1],"tags":[],"class_list":{"0":"post-9228","1":"post","2":"type-post","3":"status-publish","4":"format-standard","5":"has-post-thumbnail","7":"category-sin-categoria","8":"cs-entry","9":"cs-video-wrap"},"yoast_head":"<!-- This site is optimized with the Yoast SEO plugin v27.5 - https:\/\/yoast.com\/product\/yoast-seo-wordpress\/ -->\n<title>Las sorpresas de la CES 2014 @intlCES - Kalot<\/title>\n<meta name=\"description\" content=\"La feria m\u00e1s importante del mundo del sector de la electr\u00f3nica, en la que este a\u00f1o participan m\u00e1s de 3.000 expositores y hay m\u00e1s de 20.000 productos\" \/>\n<meta name=\"robots\" content=\"index, follow, max-snippet:-1, max-image-preview:large, max-video-preview:-1\" \/>\n<link rel=\"canonical\" href=\"https:\/\/kalot.com.mx\/site\/2014\/01\/08\/las-sorpresas-de-la-ces-2014\/\" \/>\n<meta property=\"og:locale\" content=\"es_MX\" \/>\n<meta property=\"og:type\" content=\"article\" \/>\n<meta property=\"og:title\" content=\"Las sorpresas de la CES 2014 @intlCES - Kalot\" \/>\n<meta property=\"og:description\" content=\"La feria m\u00e1s importante del mundo del sector de la electr\u00f3nica, en la que este a\u00f1o participan m\u00e1s de 3.000 expositores y hay m\u00e1s de 20.000 productos\" \/>\n<meta property=\"og:url\" content=\"https:\/\/kalot.com.mx\/site\/2014\/01\/08\/las-sorpresas-de-la-ces-2014\/\" \/>\n<meta property=\"og:site_name\" content=\"Kalot\" \/>\n<meta property=\"article:publisher\" content=\"http:\/\/facebook.com\/mxkalot\" \/>\n<meta property=\"article:author\" content=\"https:\/\/www.facebook.com\/ceciMat\" \/>\n<meta property=\"article:published_time\" content=\"2014-01-08T23:42:23+00:00\" \/>\n<meta property=\"article:modified_time\" content=\"2017-12-20T21:54:03+00:00\" \/>\n<meta property=\"og:image\" content=\"https:\/\/i1.wp.com\/kalot.com.mx\/site\/wp-content\/uploads\/2014\/01\/CES2014_GooglePlus_Box.jpg?fit=1000%2C562&ssl=1\" \/>\n\t<meta property=\"og:image:width\" content=\"1000\" \/>\n\t<meta property=\"og:image:height\" content=\"562\" \/>\n\t<meta property=\"og:image:type\" content=\"image\/jpeg\" \/>\n<meta name=\"author\" content=\"Cecilia Mata\" \/>\n<meta name=\"twitter:card\" content=\"summary_large_image\" \/>\n<meta name=\"twitter:creator\" content=\"@Cecidc_Mat\" \/>\n<meta name=\"twitter:site\" content=\"@kalotmx\" \/>\n<meta name=\"twitter:label1\" content=\"Escrito por\" \/>\n\t<meta name=\"twitter:data1\" content=\"Cecilia Mata\" \/>\n\t<meta name=\"twitter:label2\" content=\"Tiempo de lectura\" \/>\n\t<meta name=\"twitter:data2\" content=\"7 minutos\" \/>\n<!-- \/ Yoast SEO plugin. -->","yoast_head_json":{"title":"Las sorpresas de la CES 2014 @intlCES - Kalot","description":"La feria m\u00e1s importante del mundo del sector de la electr\u00f3nica, en la que este a\u00f1o participan m\u00e1s de 3.000 expositores y hay m\u00e1s de 20.000 productos","robots":{"index":"index","follow":"follow","max-snippet":"max-snippet:-1","max-image-preview":"max-image-preview:large","max-video-preview":"max-video-preview:-1"},"canonical":"https:\/\/kalot.com.mx\/site\/2014\/01\/08\/las-sorpresas-de-la-ces-2014\/","og_locale":"es_MX","og_type":"article","og_title":"Las sorpresas de la CES 2014 @intlCES - Kalot","og_description":"La feria m\u00e1s importante del mundo del sector de la electr\u00f3nica, en la que este a\u00f1o participan m\u00e1s de 3.000 expositores y hay m\u00e1s de 20.000 productos","og_url":"https:\/\/kalot.com.mx\/site\/2014\/01\/08\/las-sorpresas-de-la-ces-2014\/","og_site_name":"Kalot","article_publisher":"http:\/\/facebook.com\/mxkalot","article_author":"https:\/\/www.facebook.com\/ceciMat","article_published_time":"2014-01-08T23:42:23+00:00","article_modified_time":"2017-12-20T21:54:03+00:00","og_image":[{"width":1000,"height":562,"url":"https:\/\/i1.wp.com\/kalot.com.mx\/site\/wp-content\/uploads\/2014\/01\/CES2014_GooglePlus_Box.jpg?fit=1000%2C562&ssl=1","type":"image\/jpeg"}],"author":"Cecilia Mata","twitter_card":"summary_large_image","twitter_creator":"@Cecidc_Mat","twitter_site":"@kalotmx","twitter_misc":{"Escrito por":"Cecilia Mata","Tiempo de lectura":"7 minutos"},"schema":{"@context":"https:\/\/schema.org","@graph":[{"@type":"Article","@id":"https:\/\/kalot.com.mx\/site\/2014\/01\/08\/las-sorpresas-de-la-ces-2014\/#article","isPartOf":{"@id":"https:\/\/kalot.com.mx\/site\/2014\/01\/08\/las-sorpresas-de-la-ces-2014\/"},"author":{"name":"Cecilia Mata","@id":"https:\/\/kalot.com.mx\/site\/#\/schema\/person\/451d1f280e69ef0abc9b72e87e137ccd"},"headline":"Las sorpresas de la CES 2014 @intlCES","datePublished":"2014-01-08T23:42:23+00:00","dateModified":"2017-12-20T21:54:03+00:00","mainEntityOfPage":{"@id":"https:\/\/kalot.com.mx\/site\/2014\/01\/08\/las-sorpresas-de-la-ces-2014\/"},"wordCount":1392,"commentCount":1,"publisher":{"@id":"https:\/\/kalot.com.mx\/site\/#organization"},"image":{"@id":"https:\/\/kalot.com.mx\/site\/2014\/01\/08\/las-sorpresas-de-la-ces-2014\/#primaryimage"},"thumbnailUrl":"https:\/\/i0.wp.com\/kalot.com.mx\/site\/wp-content\/uploads\/2014\/01\/CES2014_GooglePlus_Box.jpg?fit=1000%2C562&ssl=1","inLanguage":"es","potentialAction":[{"@type":"CommentAction","name":"Comment","target":["https:\/\/kalot.com.mx\/site\/2014\/01\/08\/las-sorpresas-de-la-ces-2014\/#respond"]}]},{"@type":"WebPage","@id":"https:\/\/kalot.com.mx\/site\/2014\/01\/08\/las-sorpresas-de-la-ces-2014\/","url":"https:\/\/kalot.com.mx\/site\/2014\/01\/08\/las-sorpresas-de-la-ces-2014\/","name":"Las sorpresas de la CES 2014 @intlCES - Kalot","isPartOf":{"@id":"https:\/\/kalot.com.mx\/site\/#website"},"primaryImageOfPage":{"@id":"https:\/\/kalot.com.mx\/site\/2014\/01\/08\/las-sorpresas-de-la-ces-2014\/#primaryimage"},"image":{"@id":"https:\/\/kalot.com.mx\/site\/2014\/01\/08\/las-sorpresas-de-la-ces-2014\/#primaryimage"},"thumbnailUrl":"https:\/\/i0.wp.com\/kalot.com.mx\/site\/wp-content\/uploads\/2014\/01\/CES2014_GooglePlus_Box.jpg?fit=1000%2C562&ssl=1","datePublished":"2014-01-08T23:42:23+00:00","dateModified":"2017-12-20T21:54:03+00:00","description":"La feria m\u00e1s importante del mundo del sector de la electr\u00f3nica, en la que este a\u00f1o participan m\u00e1s de 3.000 expositores y hay m\u00e1s de 20.000 productos","breadcrumb":{"@id":"https:\/\/kalot.com.mx\/site\/2014\/01\/08\/las-sorpresas-de-la-ces-2014\/#breadcrumb"},"inLanguage":"es","potentialAction":[{"@type":"ReadAction","target":["https:\/\/kalot.com.mx\/site\/2014\/01\/08\/las-sorpresas-de-la-ces-2014\/"]}]},{"@type":"ImageObject","inLanguage":"es","@id":"https:\/\/kalot.com.mx\/site\/2014\/01\/08\/las-sorpresas-de-la-ces-2014\/#primaryimage","url":"https:\/\/i0.wp.com\/kalot.com.mx\/site\/wp-content\/uploads\/2014\/01\/CES2014_GooglePlus_Box.jpg?fit=1000%2C562&ssl=1","contentUrl":"https:\/\/i0.wp.com\/kalot.com.mx\/site\/wp-content\/uploads\/2014\/01\/CES2014_GooglePlus_Box.jpg?fit=1000%2C562&ssl=1","width":1000,"height":562},{"@type":"BreadcrumbList","@id":"https:\/\/kalot.com.mx\/site\/2014\/01\/08\/las-sorpresas-de-la-ces-2014\/#breadcrumb","itemListElement":[{"@type":"ListItem","position":1,"name":"Home","item":"https:\/\/kalot.com.mx\/site\/"},{"@type":"ListItem","position":2,"name":"Las sorpresas de la CES 2014 @intlCES"}]},{"@type":"WebSite","@id":"https:\/\/kalot.com.mx\/site\/#website","url":"https:\/\/kalot.com.mx\/site\/","name":"Kalot","description":"Conoce Todo Sobre Todo","publisher":{"@id":"https:\/\/kalot.com.mx\/site\/#organization"},"potentialAction":[{"@type":"SearchAction","target":{"@type":"EntryPoint","urlTemplate":"https:\/\/kalot.com.mx\/site\/?s={search_term_string}"},"query-input":{"@type":"PropertyValueSpecification","valueRequired":true,"valueName":"search_term_string"}}],"inLanguage":"es"},{"@type":"Organization","@id":"https:\/\/kalot.com.mx\/site\/#organization","name":"Kalot","url":"https:\/\/kalot.com.mx\/site\/","logo":{"@type":"ImageObject","inLanguage":"es","@id":"https:\/\/kalot.com.mx\/site\/#\/schema\/logo\/image\/","url":"https:\/\/i0.wp.com\/kalot.com.mx\/site\/wp-content\/uploads\/2020\/04\/Kalot-logo-sin-tagline.png?fit=1707%2C1014&ssl=1","contentUrl":"https:\/\/i0.wp.com\/kalot.com.mx\/site\/wp-content\/uploads\/2020\/04\/Kalot-logo-sin-tagline.png?fit=1707%2C1014&ssl=1","width":1707,"height":1014,"caption":"Kalot"},"image":{"@id":"https:\/\/kalot.com.mx\/site\/#\/schema\/logo\/image\/"},"sameAs":["http:\/\/facebook.com\/mxkalot","https:\/\/x.com\/kalotmx","http:\/\/instagram.com\/kalotmx","http:\/\/pinterest.com\/jorgeerana\/kalot"]},{"@type":"Person","@id":"https:\/\/kalot.com.mx\/site\/#\/schema\/person\/451d1f280e69ef0abc9b72e87e137ccd","name":"Cecilia Mata","image":{"@type":"ImageObject","inLanguage":"es","@id":"https:\/\/secure.gravatar.com\/avatar\/d537382201aa9a7e5477a07abbac65d123036652265c4569e812aae85d7be2df?s=96&d=mm&r=g","url":"https:\/\/secure.gravatar.com\/avatar\/d537382201aa9a7e5477a07abbac65d123036652265c4569e812aae85d7be2df?s=96&d=mm&r=g","contentUrl":"https:\/\/secure.gravatar.com\/avatar\/d537382201aa9a7e5477a07abbac65d123036652265c4569e812aae85d7be2df?s=96&d=mm&r=g","caption":"Cecilia Mata"},"description":"Estudiante de Ingenier\u00eda industrial. Un toque de geek. Me agrada conocer y aprender cosas nuevas.","sameAs":["https:\/\/www.facebook.com\/ceciMat","https:\/\/x.com\/Cecidc_Mat"],"url":"https:\/\/kalot.com.mx\/site\/author\/cecilia\/"}]}},"jetpack_publicize_connections":[],"jetpack_featured_media_url":"https:\/\/i0.wp.com\/kalot.com.mx\/site\/wp-content\/uploads\/2014\/01\/CES2014_GooglePlus_Box.jpg?fit=1000%2C562&ssl=1","jetpack_shortlink":"https:\/\/wp.me\/p6IHEI-2oQ","jetpack-related-posts":[{"id":9331,"url":"https:\/\/kalot.com.mx\/site\/2014\/01\/11\/lo-que-nos-deja-la-ces-2014\/","url_meta":{"origin":9228,"position":0},"title":"Lo que nos deja la CES 2014","author":"Cecilia Mata","date":"11 enero, 2014","format":false,"excerpt":"El d\u00eda de ayer 10 de Enero del 2014 se dio por concluida la\u00a0Consumer Electronic Show (CES) 2014 la feria de tecnolog\u00eda mas importante del a\u00f1o que\u00a0convulsion\u00f3 al mundo de la tecnolog\u00eda por unos d\u00edas con su ola de anuncios y novedades. \u00a0En esta edici\u00f3n que deja la feria, se\u2026","rel":"","context":"En &quot;Sin categor\u00eda&quot;","block_context":{"text":"Sin categor\u00eda","link":"https:\/\/kalot.com.mx\/site\/category\/sin-categoria\/"},"img":{"alt_text":"","src":"https:\/\/i0.wp.com\/kalot.com.mx\/site\/wp-content\/uploads\/2014\/01\/ceslogostreet.jpg?fit=1024%2C768&ssl=1&resize=350%2C200","width":350,"height":200,"srcset":"https:\/\/i0.wp.com\/kalot.com.mx\/site\/wp-content\/uploads\/2014\/01\/ceslogostreet.jpg?fit=1024%2C768&ssl=1&resize=350%2C200 1x, https:\/\/i0.wp.com\/kalot.com.mx\/site\/wp-content\/uploads\/2014\/01\/ceslogostreet.jpg?fit=1024%2C768&ssl=1&resize=525%2C300 1.5x, https:\/\/i0.wp.com\/kalot.com.mx\/site\/wp-content\/uploads\/2014\/01\/ceslogostreet.jpg?fit=1024%2C768&ssl=1&resize=700%2C400 2x"},"classes":[]},{"id":12482,"url":"https:\/\/kalot.com.mx\/site\/2014\/02\/25\/novedades-de-la-mwc\/","url_meta":{"origin":9228,"position":1},"title":"Novedades de la MWC 2014 (Mobile World Congress)","author":"Cecilia Mata","date":"25 febrero, 2014","format":false,"excerpt":"El lunes se abrieron las puertas de la feria m\u00e1s importante de la industria de la movilidad a nivel mundial y si estoy hablando de la\u00a0 Mobile World Congress (MWC) que este a\u00f1o recibio a m\u00e1s de 80.000 visitantes profesionales y en la que se presentar\u00e1n los \u00faltimos smartphones que\u2026","rel":"","context":"En &quot;Sin categor\u00eda&quot;","block_context":{"text":"Sin categor\u00eda","link":"https:\/\/kalot.com.mx\/site\/category\/sin-categoria\/"},"img":{"alt_text":"","src":"https:\/\/i0.wp.com\/kalot.com.mx\/site\/wp-content\/uploads\/2014\/02\/Mobile-World-Congress-MWC-Preview.jpg?fit=1200%2C800&ssl=1&resize=350%2C200","width":350,"height":200,"srcset":"https:\/\/i0.wp.com\/kalot.com.mx\/site\/wp-content\/uploads\/2014\/02\/Mobile-World-Congress-MWC-Preview.jpg?fit=1200%2C800&ssl=1&resize=350%2C200 1x, https:\/\/i0.wp.com\/kalot.com.mx\/site\/wp-content\/uploads\/2014\/02\/Mobile-World-Congress-MWC-Preview.jpg?fit=1200%2C800&ssl=1&resize=525%2C300 1.5x, https:\/\/i0.wp.com\/kalot.com.mx\/site\/wp-content\/uploads\/2014\/02\/Mobile-World-Congress-MWC-Preview.jpg?fit=1200%2C800&ssl=1&resize=700%2C400 2x, https:\/\/i0.wp.com\/kalot.com.mx\/site\/wp-content\/uploads\/2014\/02\/Mobile-World-Congress-MWC-Preview.jpg?fit=1200%2C800&ssl=1&resize=1050%2C600 3x"},"classes":[]},{"id":20293,"url":"https:\/\/kalot.com.mx\/site\/2015\/02\/03\/alguna-vez-te-preguntaste-que-son-las-siglas-ces\/","url_meta":{"origin":9228,"position":2},"title":"Alguna vez te preguntaste, \u00bfQu\u00e9 son las siglas CES?","author":"Liz Matehuala","date":"3 febrero, 2015","format":false,"excerpt":"CES Consumer Electronics Show, es una feria organizada por el corporativo CEA (Consumer Electronics Association),\u00a0cada a\u00f1o en la ciudad de Las Vegas, Nevada en EUA, en el mes de Enero con el objetivo de dar a conocer\u00a0lo m\u00e1s novedoso en tecnolog\u00eda, para que fabricantes e importadores obtengan contactos comerciales, y\u2026","rel":"","context":"Entrada similar ","block_context":{"text":"Entrada similar ","link":""},"img":{"alt_text":"","src":"https:\/\/i0.wp.com\/kalot.com.mx\/site\/wp-content\/uploads\/2015\/02\/ces-2015.jpg?fit=1024%2C768&ssl=1&resize=350%2C200","width":350,"height":200,"srcset":"https:\/\/i0.wp.com\/kalot.com.mx\/site\/wp-content\/uploads\/2015\/02\/ces-2015.jpg?fit=1024%2C768&ssl=1&resize=350%2C200 1x, https:\/\/i0.wp.com\/kalot.com.mx\/site\/wp-content\/uploads\/2015\/02\/ces-2015.jpg?fit=1024%2C768&ssl=1&resize=525%2C300 1.5x, https:\/\/i0.wp.com\/kalot.com.mx\/site\/wp-content\/uploads\/2015\/02\/ces-2015.jpg?fit=1024%2C768&ssl=1&resize=700%2C400 2x"},"classes":[]},{"id":17882,"url":"https:\/\/kalot.com.mx\/site\/2014\/09\/03\/samsung-en-ifa-2014\/","url_meta":{"origin":9228,"position":3},"title":"Samsung en IFA 2014","author":"Cecilia Mata","date":"3 septiembre, 2014","format":false,"excerpt":"Samsung es una de las grandes compa\u00f1\u00edas que acuden a la feria tecnol\u00f3gica IFA, que se celebra del 5 al 10 de septiembre en Berl\u00edn (Alemania). Aunque durante d\u00edas de la feria se lleva a cabo presentaciones ante las firmas escogidas que mostrar\u00e1n en sus respectivas presentaciones sus nuevos dispositivos.\u2026","rel":"","context":"En &quot;Sin categor\u00eda&quot;","block_context":{"text":"Sin categor\u00eda","link":"https:\/\/kalot.com.mx\/site\/category\/sin-categoria\/"},"img":{"alt_text":"","src":"https:\/\/i0.wp.com\/kalot.com.mx\/site\/wp-content\/uploads\/2014\/09\/Samsung_IFA_Berlin_2008-660x350.jpg?fit=660%2C350&ssl=1&resize=350%2C200","width":350,"height":200,"srcset":"https:\/\/i0.wp.com\/kalot.com.mx\/site\/wp-content\/uploads\/2014\/09\/Samsung_IFA_Berlin_2008-660x350.jpg?fit=660%2C350&ssl=1&resize=350%2C200 1x, https:\/\/i0.wp.com\/kalot.com.mx\/site\/wp-content\/uploads\/2014\/09\/Samsung_IFA_Berlin_2008-660x350.jpg?fit=660%2C350&ssl=1&resize=525%2C300 1.5x"},"classes":[]},{"id":16973,"url":"https:\/\/kalot.com.mx\/site\/2014\/06\/25\/novedades-de-google-io-2014\/","url_meta":{"origin":9228,"position":4},"title":"Las Novedades de Google I\/O 2014","author":"Cecilia Mata","date":"25 junio, 2014","format":false,"excerpt":"Finalizo la conferencia de Google I\/O el evento para desarrolladores y que con muchas de las novedades que nos mostraron no afectar\u00e1 a la mayor\u00eda de usuarios de inmediato. Nos permitieron conocer de las herramientas y visualizar qu\u00e9 es lo que nos depara el futuro con la compa\u00f1\u00eda de este\u2026","rel":"","context":"Con 1 comentario","block_context":{"text":"Con 1 comentario","link":"https:\/\/kalot.com.mx\/site\/2014\/06\/25\/novedades-de-google-io-2014\/#comments"},"img":{"alt_text":"","src":"https:\/\/i0.wp.com\/kalot.com.mx\/site\/wp-content\/uploads\/2014\/06\/2013-05-14-0458-820x420.jpg?fit=820%2C420&ssl=1&resize=350%2C200","width":350,"height":200,"srcset":"https:\/\/i0.wp.com\/kalot.com.mx\/site\/wp-content\/uploads\/2014\/06\/2013-05-14-0458-820x420.jpg?fit=820%2C420&ssl=1&resize=350%2C200 1x, https:\/\/i0.wp.com\/kalot.com.mx\/site\/wp-content\/uploads\/2014\/06\/2013-05-14-0458-820x420.jpg?fit=820%2C420&ssl=1&resize=525%2C300 1.5x, https:\/\/i0.wp.com\/kalot.com.mx\/site\/wp-content\/uploads\/2014\/06\/2013-05-14-0458-820x420.jpg?fit=820%2C420&ssl=1&resize=700%2C400 2x"},"classes":[]},{"id":10320,"url":"https:\/\/kalot.com.mx\/site\/2014\/01\/25\/axe-las-buenas-intenciones-son-mas-faciles-de-recordar\/","url_meta":{"origin":9228,"position":5},"title":"AXE:  Las buenas intenciones son m\u00e1s f\u00e1ciles de recordar","author":"Edgar Villanueva","date":"25 enero, 2014","format":false,"excerpt":"Una de las marcas del ejercito Unilever que m\u00e1s impacto tienen es AXE, ya que se caracteriza por manejar una comunicaci\u00f3n clara y bien dirigida a su mercado meta. En esta ocasi\u00f3n la firma dedicada a la comercializaci\u00f3n de productos para el cuidado personal masculino, cambi\u00f3 su l\u00ednea de comunicaci\u00f3n\u2026","rel":"","context":"En &quot;Sin categor\u00eda&quot;","block_context":{"text":"Sin categor\u00eda","link":"https:\/\/kalot.com.mx\/site\/category\/sin-categoria\/"},"img":{"alt_text":"","src":"https:\/\/i0.wp.com\/kalot.com.mx\/site\/wp-content\/uploads\/2014\/01\/hqdefault2.jpg?fit=480%2C360&ssl=1&resize=350%2C200","width":350,"height":200},"classes":[]}],"jetpack_sharing_enabled":true,"_links":{"self":[{"href":"https:\/\/kalot.com.mx\/site\/wp-json\/wp\/v2\/posts\/9228","targetHints":{"allow":["GET"]}}],"collection":[{"href":"https:\/\/kalot.com.mx\/site\/wp-json\/wp\/v2\/posts"}],"about":[{"href":"https:\/\/kalot.com.mx\/site\/wp-json\/wp\/v2\/types\/post"}],"author":[{"embeddable":true,"href":"https:\/\/kalot.com.mx\/site\/wp-json\/wp\/v2\/users\/57"}],"replies":[{"embeddable":true,"href":"https:\/\/kalot.com.mx\/site\/wp-json\/wp\/v2\/comments?post=9228"}],"version-history":[{"count":39,"href":"https:\/\/kalot.com.mx\/site\/wp-json\/wp\/v2\/posts\/9228\/revisions"}],"predecessor-version":[{"id":29839,"href":"https:\/\/kalot.com.mx\/site\/wp-json\/wp\/v2\/posts\/9228\/revisions\/29839"}],"wp:featuredmedia":[{"embeddable":true,"href":"https:\/\/kalot.com.mx\/site\/wp-json\/wp\/v2\/media\/9251"}],"wp:attachment":[{"href":"https:\/\/kalot.com.mx\/site\/wp-json\/wp\/v2\/media?parent=9228"}],"wp:term":[{"taxonomy":"category","embeddable":true,"href":"https:\/\/kalot.com.mx\/site\/wp-json\/wp\/v2\/categories?post=9228"},{"taxonomy":"post_tag","embeddable":true,"href":"https:\/\/kalot.com.mx\/site\/wp-json\/wp\/v2\/tags?post=9228"}],"curies":[{"name":"wp","href":"https:\/\/api.w.org\/{rel}","templated":true}]}}