{"id":9185,"date":"2014-01-08T09:15:50","date_gmt":"2014-01-08T15:15:50","guid":{"rendered":"http:\/\/www.kalot.com.mx\/?p=9185"},"modified":"2014-01-08T09:15:50","modified_gmt":"2014-01-08T15:15:50","slug":"simon","status":"publish","type":"post","link":"https:\/\/kalot.com.mx\/site\/2014\/01\/08\/simon\/","title":{"rendered":"Sim\u00f3n"},"content":{"rendered":"<p>por Ceci Cuevas<\/p>\n<p>Ahora que soy grande, que ya tengo 12 a\u00f1os, tengo nombre fijo y me gusta: me llamo Sim\u00f3n. Cuando era chiquito me dec\u00edan de muchas maneras. Mis hermanos y yo viv\u00edamos en la calle. Nacimos cerca de las Lagunas de Zempoala; es un lugar muy bonito, hab\u00eda mucha agua y nos met\u00edamos a nadar, hasta que un d\u00eda mi mam\u00e1 ya no regres\u00f3, no supimos por qu\u00e9. Nos cost\u00f3 trabajo seguir juntos y cada quien tom\u00f3 caminos diferentes.<\/p>\n<p>Yo llegu\u00e9 caminando a Huitzilac y ah\u00ed conoc\u00ed a don Teodoro, que se dedicaba a sacar el aguamiel de los magueyes para hacer pulque; era bueno conmigo y nunca me faltaba comida. Me llevaba a todos lados con \u00e9l.<\/p>\n<p>Despu\u00e9s llegu\u00e9 a Santa Mar\u00eda y ah\u00ed viv\u00eda cerca del mercado; las personas de los puestos a veces me daban algo de comer, mientras yo no molestara. Do\u00f1a Elo me daba todos los d\u00edas las tortillas que no vend\u00eda.<\/p>\n<p>Luego me fui al centro de Cuernavaca. Llegu\u00e9 por donde est\u00e1 el mercado de La Carolina; siempre buscaba estos lugares porque no faltan las personas buenas que a veces te dan algo de comer.<br \/>\nEl clima de Cuernavaca es lo mejor mientras vives en la calle porque las noches cualquier rinc\u00f3n de un parque es bueno para dormir sin que te mueras de fr\u00edo.<br \/>\nLlegu\u00e9 a conocer el centro muy bien. Ya sab\u00eda afuera de cual restaurante me dar\u00edan la comida que les quedaba, o en qu\u00e9 casa una buena se\u00f1ora me ofrec\u00eda agua.<br \/>\nConoc\u00ed muy bien Acapatzingo, Amanalco, Tepetates, el mercado L\u00f3pez Mateos y la Catedral, enfrente de la cual est\u00e1 el Jard\u00edn Borda al que a veces me pod\u00eda meter sin que me dijeron nada y disfrutaba pasear alrededor de largo y por los jardines.<br \/>\nMe gusta mucho la m\u00fasica porque cuando viv\u00eda en el centro de Cuernavaca escuchaba a los mariachis que se ponen frente al Palacio de Cort\u00e9s y que cantan cuando las personas les piden alguna canci\u00f3n. Me toc\u00f3 una que otra serenata que me sentaba a disfrutar.<br \/>\nTambi\u00e9n me gustaba ir al parque de las fuentes danzarinas, en la calle de Atlacomulco, porque la m\u00fasica que ponen es mucho m\u00e1s serena y me gustaba escucharla.<\/p>\n<p>Un d\u00eda cre\u00ed que me mor\u00eda porque no alcanc\u00e9 a atravesar hasta el otro lado de la calle; sent\u00ed un golpe muy fuerte que me avent\u00f3 sin que pudiera hacer nada. Creo que estuve inconsciente alg\u00fan tiempo porque cuando me atropellaron hab\u00eda luz y me despert\u00e9 en medio de la oscuridad de la noche. Primero me di cuenta que poco a poco me pod\u00eda mover; me dol\u00eda todo el cuerpo pero logr\u00e9 pararme. Las heridas sanan con el tiempo y eso fue lo que me pas\u00f3 a mi; al pasar los d\u00edas pude caminar mejor y me fui curando.<\/p>\n<p>Ya me hab\u00eda acostumbrado a vivir en la calle; como era lo \u00fanico que conoc\u00eda, no sab\u00eda que hubiera otra opci\u00f3n, hasta que un d\u00eda una se\u00f1ora me vi\u00f3. Yo creo que le ca\u00ed bien desde el primer momento porque todos los d\u00edas pasaba por el mismo lugar busc\u00e1ndome. Un d\u00eda se baj\u00f3 de su coche, abri\u00f3 la portezuela de atr\u00e1s y me dijo: si quieres puedes venir conmigo, yo te voy a cuidar y a querer.<br \/>\nSin pensarlo dos veces me trep\u00e9 en el coche; sin moverme, esper\u00e9 a que la se\u00f1ora cerrara mi puerta y se subiera a manejar pidiendo que no se arrepintiera.<\/p>\n<p>Desde entonces tengo casa, comida y, sobretodo, cari\u00f1o. Ella fue la que me puso Sim\u00f3n y me gusta.<\/p>\n<p>Tuve varios nombres desde chiquito pero ninguno me gust\u00f3 tanto como el que tengo ahora. Por lo regular me dec\u00edan Sacatedeaqui o Solovino. Ahora en lugar de sobras me dan croquetas y si me enfermo me llevan al veterinario!<\/p>\n<p>Mi ama me saca a pasear con correa pues ella no sabe que, aunque no me pusiera collar y correa, yo nunca me ir\u00eda a ning\u00fan lado. De todo lo que conoc\u00ed, vivir con ella es lo mejor que me ha podido pasar.<br \/>\nSim\u00f3n<\/p>\n<p>Cuento escrito por Beatriz Santamar\u00eda (mi mam\u00e1).<br \/>\nPublicado en la revista Sendero de Palabras, Publicaciones Manojo de Sue\u00f1os.<br \/>\nEn Cuernavaca, Morelos. M\u00e9xico.<\/p>\n<p>compartido por Ceci Cuevas para Kalot M\u00e9xico<\/p>\n","protected":false},"excerpt":{"rendered":"por Ceci Cuevas Ahora que soy grande, que ya tengo 12 a\u00f1os, tengo nombre fijo y me gusta:&hellip;\n","protected":false},"author":42,"featured_media":9184,"comment_status":"open","ping_status":"open","sticky":false,"template":"","format":"standard","meta":{"jetpack_post_was_ever_published":false,"_jetpack_newsletter_access":"","_jetpack_dont_email_post_to_subs":false,"_jetpack_newsletter_tier_id":0,"_jetpack_memberships_contains_paywalled_content":false,"_jetpack_memberships_contains_paid_content":false,"footnotes":"","jetpack_publicize_message":"","jetpack_publicize_feature_enabled":true,"jetpack_social_post_already_shared":true,"jetpack_social_options":{"image_generator_settings":{"template":"highway","default_image_id":0,"font":"","enabled":false},"version":2}},"categories":[],"tags":[],"class_list":{"0":"post-9185","1":"post","2":"type-post","3":"status-publish","4":"format-standard","5":"has-post-thumbnail","7":"cs-entry","8":"cs-video-wrap"},"yoast_head":"<!-- This site is optimized with the Yoast SEO plugin v27.5 - https:\/\/yoast.com\/product\/yoast-seo-wordpress\/ -->\n<title>Sim\u00f3n - Kalot<\/title>\n<meta name=\"description\" content=\"por Ceci Cuevas Ahora que soy grande, que ya tengo 12 a\u00f1os, tengo nombre fijo y me gusta: me llamo Sim\u00f3n. Cuando era chiquito me dec\u00edan de muchas maneras.\" \/>\n<meta name=\"robots\" content=\"index, follow, max-snippet:-1, max-image-preview:large, max-video-preview:-1\" \/>\n<link rel=\"canonical\" href=\"https:\/\/kalot.com.mx\/site\/2014\/01\/08\/simon\/\" \/>\n<meta property=\"og:locale\" content=\"es_MX\" \/>\n<meta property=\"og:type\" content=\"article\" \/>\n<meta property=\"og:title\" content=\"Sim\u00f3n - Kalot\" \/>\n<meta property=\"og:description\" content=\"por Ceci Cuevas Ahora que soy grande, que ya tengo 12 a\u00f1os, tengo nombre fijo y me gusta: me llamo Sim\u00f3n. Cuando era chiquito me dec\u00edan de muchas maneras.\" \/>\n<meta property=\"og:url\" content=\"https:\/\/kalot.com.mx\/site\/2014\/01\/08\/simon\/\" \/>\n<meta property=\"og:site_name\" content=\"Kalot\" \/>\n<meta property=\"article:publisher\" content=\"http:\/\/facebook.com\/mxkalot\" \/>\n<meta property=\"article:author\" content=\"www.facebook.com\/ccnetworkmarketing\" \/>\n<meta property=\"article:published_time\" content=\"2014-01-08T15:15:50+00:00\" \/>\n<meta property=\"og:image\" content=\"https:\/\/i2.wp.com\/kalot.com.mx\/site\/wp-content\/uploads\/2014\/01\/20140108-091020-a.m..jpg?fit=1024%2C578&ssl=1\" \/>\n\t<meta property=\"og:image:width\" content=\"1024\" \/>\n\t<meta property=\"og:image:height\" content=\"578\" \/>\n\t<meta property=\"og:image:type\" content=\"image\/jpeg\" \/>\n<meta name=\"author\" content=\"Ceci Cuevas\" \/>\n<meta name=\"twitter:card\" content=\"summary_large_image\" \/>\n<meta name=\"twitter:creator\" content=\"@cecicue\" \/>\n<meta name=\"twitter:site\" content=\"@kalotmx\" \/>\n<meta name=\"twitter:label1\" content=\"Escrito por\" \/>\n\t<meta name=\"twitter:data1\" content=\"Ceci Cuevas\" \/>\n\t<meta name=\"twitter:label2\" content=\"Tiempo de lectura\" \/>\n\t<meta name=\"twitter:data2\" content=\"4 minutos\" \/>\n<!-- \/ Yoast SEO plugin. -->","yoast_head_json":{"title":"Sim\u00f3n - Kalot","description":"por Ceci Cuevas Ahora que soy grande, que ya tengo 12 a\u00f1os, tengo nombre fijo y me gusta: me llamo Sim\u00f3n. Cuando era chiquito me dec\u00edan de muchas maneras.","robots":{"index":"index","follow":"follow","max-snippet":"max-snippet:-1","max-image-preview":"max-image-preview:large","max-video-preview":"max-video-preview:-1"},"canonical":"https:\/\/kalot.com.mx\/site\/2014\/01\/08\/simon\/","og_locale":"es_MX","og_type":"article","og_title":"Sim\u00f3n - Kalot","og_description":"por Ceci Cuevas Ahora que soy grande, que ya tengo 12 a\u00f1os, tengo nombre fijo y me gusta: me llamo Sim\u00f3n. Cuando era chiquito me dec\u00edan de muchas maneras.","og_url":"https:\/\/kalot.com.mx\/site\/2014\/01\/08\/simon\/","og_site_name":"Kalot","article_publisher":"http:\/\/facebook.com\/mxkalot","article_author":"www.facebook.com\/ccnetworkmarketing","article_published_time":"2014-01-08T15:15:50+00:00","og_image":[{"width":1024,"height":578,"url":"https:\/\/i2.wp.com\/kalot.com.mx\/site\/wp-content\/uploads\/2014\/01\/20140108-091020-a.m..jpg?fit=1024%2C578&ssl=1","type":"image\/jpeg"}],"author":"Ceci Cuevas","twitter_card":"summary_large_image","twitter_creator":"@cecicue","twitter_site":"@kalotmx","twitter_misc":{"Escrito por":"Ceci Cuevas","Tiempo de lectura":"4 minutos"},"schema":{"@context":"https:\/\/schema.org","@graph":[{"@type":"Article","@id":"https:\/\/kalot.com.mx\/site\/2014\/01\/08\/simon\/#article","isPartOf":{"@id":"https:\/\/kalot.com.mx\/site\/2014\/01\/08\/simon\/"},"author":{"name":"Ceci Cuevas","@id":"https:\/\/kalot.com.mx\/site\/#\/schema\/person\/5d7625a40d327534687b4ed7a14cc45f"},"headline":"Sim\u00f3n","datePublished":"2014-01-08T15:15:50+00:00","mainEntityOfPage":{"@id":"https:\/\/kalot.com.mx\/site\/2014\/01\/08\/simon\/"},"wordCount":763,"commentCount":0,"publisher":{"@id":"https:\/\/kalot.com.mx\/site\/#organization"},"image":{"@id":"https:\/\/kalot.com.mx\/site\/2014\/01\/08\/simon\/#primaryimage"},"thumbnailUrl":"https:\/\/i0.wp.com\/kalot.com.mx\/site\/wp-content\/uploads\/2014\/01\/20140108-091020-a.m..jpg?fit=1024%2C578&ssl=1","inLanguage":"es","potentialAction":[{"@type":"CommentAction","name":"Comment","target":["https:\/\/kalot.com.mx\/site\/2014\/01\/08\/simon\/#respond"]}]},{"@type":"WebPage","@id":"https:\/\/kalot.com.mx\/site\/2014\/01\/08\/simon\/","url":"https:\/\/kalot.com.mx\/site\/2014\/01\/08\/simon\/","name":"Sim\u00f3n - Kalot","isPartOf":{"@id":"https:\/\/kalot.com.mx\/site\/#website"},"primaryImageOfPage":{"@id":"https:\/\/kalot.com.mx\/site\/2014\/01\/08\/simon\/#primaryimage"},"image":{"@id":"https:\/\/kalot.com.mx\/site\/2014\/01\/08\/simon\/#primaryimage"},"thumbnailUrl":"https:\/\/i0.wp.com\/kalot.com.mx\/site\/wp-content\/uploads\/2014\/01\/20140108-091020-a.m..jpg?fit=1024%2C578&ssl=1","datePublished":"2014-01-08T15:15:50+00:00","description":"por Ceci Cuevas Ahora que soy grande, que ya tengo 12 a\u00f1os, tengo nombre fijo y me gusta: me llamo Sim\u00f3n. Cuando era chiquito me dec\u00edan de muchas maneras.","breadcrumb":{"@id":"https:\/\/kalot.com.mx\/site\/2014\/01\/08\/simon\/#breadcrumb"},"inLanguage":"es","potentialAction":[{"@type":"ReadAction","target":["https:\/\/kalot.com.mx\/site\/2014\/01\/08\/simon\/"]}]},{"@type":"ImageObject","inLanguage":"es","@id":"https:\/\/kalot.com.mx\/site\/2014\/01\/08\/simon\/#primaryimage","url":"https:\/\/i0.wp.com\/kalot.com.mx\/site\/wp-content\/uploads\/2014\/01\/20140108-091020-a.m..jpg?fit=1024%2C578&ssl=1","contentUrl":"https:\/\/i0.wp.com\/kalot.com.mx\/site\/wp-content\/uploads\/2014\/01\/20140108-091020-a.m..jpg?fit=1024%2C578&ssl=1","width":1024,"height":578},{"@type":"BreadcrumbList","@id":"https:\/\/kalot.com.mx\/site\/2014\/01\/08\/simon\/#breadcrumb","itemListElement":[{"@type":"ListItem","position":1,"name":"Home","item":"https:\/\/kalot.com.mx\/site\/"},{"@type":"ListItem","position":2,"name":"Sim\u00f3n"}]},{"@type":"WebSite","@id":"https:\/\/kalot.com.mx\/site\/#website","url":"https:\/\/kalot.com.mx\/site\/","name":"Kalot","description":"Conoce Todo Sobre Todo","publisher":{"@id":"https:\/\/kalot.com.mx\/site\/#organization"},"potentialAction":[{"@type":"SearchAction","target":{"@type":"EntryPoint","urlTemplate":"https:\/\/kalot.com.mx\/site\/?s={search_term_string}"},"query-input":{"@type":"PropertyValueSpecification","valueRequired":true,"valueName":"search_term_string"}}],"inLanguage":"es"},{"@type":"Organization","@id":"https:\/\/kalot.com.mx\/site\/#organization","name":"Kalot","url":"https:\/\/kalot.com.mx\/site\/","logo":{"@type":"ImageObject","inLanguage":"es","@id":"https:\/\/kalot.com.mx\/site\/#\/schema\/logo\/image\/","url":"https:\/\/i0.wp.com\/kalot.com.mx\/site\/wp-content\/uploads\/2020\/04\/Kalot-logo-sin-tagline.png?fit=1707%2C1014&ssl=1","contentUrl":"https:\/\/i0.wp.com\/kalot.com.mx\/site\/wp-content\/uploads\/2020\/04\/Kalot-logo-sin-tagline.png?fit=1707%2C1014&ssl=1","width":1707,"height":1014,"caption":"Kalot"},"image":{"@id":"https:\/\/kalot.com.mx\/site\/#\/schema\/logo\/image\/"},"sameAs":["http:\/\/facebook.com\/mxkalot","https:\/\/x.com\/kalotmx","http:\/\/instagram.com\/kalotmx","http:\/\/pinterest.com\/jorgeerana\/kalot"]},{"@type":"Person","@id":"https:\/\/kalot.com.mx\/site\/#\/schema\/person\/5d7625a40d327534687b4ed7a14cc45f","name":"Ceci Cuevas","image":{"@type":"ImageObject","inLanguage":"es","@id":"https:\/\/secure.gravatar.com\/avatar\/eb67283f0955fdcbe348e756175633a09db0e985178f12294cc5a313011d7d77?s=96&d=mm&r=g","url":"https:\/\/secure.gravatar.com\/avatar\/eb67283f0955fdcbe348e756175633a09db0e985178f12294cc5a313011d7d77?s=96&d=mm&r=g","contentUrl":"https:\/\/secure.gravatar.com\/avatar\/eb67283f0955fdcbe348e756175633a09db0e985178f12294cc5a313011d7d77?s=96&d=mm&r=g","caption":"Ceci Cuevas"},"description":"Pasi\u00f3n por la vida, por los amigos. Amo la vida en Cancun! Desarrollo mi negocio por internet a trav\u00e9s de redes sociales. Pet lover. Activista ambiental. Lee mas de mi en www.CeciCuevas.com","sameAs":["http:\/\/www.cecicuevas.com","www.facebook.com\/ccnetworkmarketing","https:\/\/x.com\/cecicue"],"url":"https:\/\/kalot.com.mx\/site\/author\/ceci\/"}]}},"jetpack_publicize_connections":[],"jetpack_featured_media_url":"https:\/\/i0.wp.com\/kalot.com.mx\/site\/wp-content\/uploads\/2014\/01\/20140108-091020-a.m..jpg?fit=1024%2C578&ssl=1","jetpack_shortlink":"https:\/\/wp.me\/s6IHEI-simon","jetpack-related-posts":[{"id":24213,"url":"https:\/\/kalot.com.mx\/site\/2015\/11\/11\/single-life-soltero-toda-la-vida\/","url_meta":{"origin":9185,"position":0},"title":"Single Life \u201cSoltero toda la vida\u201d","author":"Fabiia Rivera","date":"11 noviembre, 2015","format":false,"excerpt":"Mis queridos kaloteros ya ten\u00edan mucho que no sab\u00edan de m\u00ed, \u00bfpues qu\u00e9 creen? Llegue a arruinarles el d\u00eda, pr\u00e1cticamente llegue a arruinarles toda la semana, y las que se vienen, as\u00ed que prep\u00e1rense porque hoy les tengo una muy buena y una muy mala noticia. Los a\u00f1os pasan y\u2026","rel":"","context":"En &quot;Novedades&quot;","block_context":{"text":"Novedades","link":"https:\/\/kalot.com.mx\/site\/category\/novedades\/"},"img":{"alt_text":"","src":"https:\/\/i0.wp.com\/kalot.com.mx\/site\/wp-content\/uploads\/2015\/11\/game-over-soltero.jpg?fit=763%2C463&ssl=1&resize=350%2C200","width":350,"height":200,"srcset":"https:\/\/i0.wp.com\/kalot.com.mx\/site\/wp-content\/uploads\/2015\/11\/game-over-soltero.jpg?fit=763%2C463&ssl=1&resize=350%2C200 1x, https:\/\/i0.wp.com\/kalot.com.mx\/site\/wp-content\/uploads\/2015\/11\/game-over-soltero.jpg?fit=763%2C463&ssl=1&resize=525%2C300 1.5x, https:\/\/i0.wp.com\/kalot.com.mx\/site\/wp-content\/uploads\/2015\/11\/game-over-soltero.jpg?fit=763%2C463&ssl=1&resize=700%2C400 2x"},"classes":[]},{"id":5220,"url":"https:\/\/kalot.com.mx\/site\/2013\/10\/30\/como-nacieron-los-marketerosnocturnos-por-nancitaflaquita\/","url_meta":{"origin":9185,"position":1},"title":"\u00bfC\u00f3mo nacieron los #MarketerosNocturnos? por @nancitaflaquita","author":"Nancy Huerta","date":"30 octubre, 2013","format":false,"excerpt":"\u00a1Hola comunidad Kalochera! Bueno, creo que algunos de ustedes ya se han dado cuenta que ando en la organizaci\u00f3n del 2do Congreso de los Marketeros Nocturnos, pero tambi\u00e9n muchos de ustedes seguro se preguntan, \u00bfQui\u00e9nes son estos famosos Marketeros? \u00bfA qu\u00e9 se dedican? \u00bfPor qu\u00e9 hacen un congreso? \u00a1Tranquilos kalochos!\u2026","rel":"","context":"Entrada similar ","block_context":{"text":"Entrada similar ","link":""},"img":{"alt_text":"","src":"https:\/\/i0.wp.com\/kalot.com.mx\/site\/wp-content\/uploads\/2013\/10\/1070001_528982890484079_1492626261_n.jpg?fit=805%2C311&ssl=1&resize=350%2C200","width":350,"height":200,"srcset":"https:\/\/i0.wp.com\/kalot.com.mx\/site\/wp-content\/uploads\/2013\/10\/1070001_528982890484079_1492626261_n.jpg?fit=805%2C311&ssl=1&resize=350%2C200 1x, https:\/\/i0.wp.com\/kalot.com.mx\/site\/wp-content\/uploads\/2013\/10\/1070001_528982890484079_1492626261_n.jpg?fit=805%2C311&ssl=1&resize=525%2C300 1.5x, https:\/\/i0.wp.com\/kalot.com.mx\/site\/wp-content\/uploads\/2013\/10\/1070001_528982890484079_1492626261_n.jpg?fit=805%2C311&ssl=1&resize=700%2C400 2x"},"classes":[]},{"id":15775,"url":"https:\/\/kalot.com.mx\/site\/2014\/05\/05\/adictos-al-internet\/","url_meta":{"origin":9185,"position":2},"title":"Adictos al Internet","author":"Samuel Arriaga","date":"5 mayo, 2014","format":false,"excerpt":"La era digital ya nos ha alcanzado desde hace ya un buen rato y hoy en d\u00eda nadie esta a salvo de estar conectado a Internet o del uso de los celulares. Les tengo que confesar que yo soy uno de los usuarios mas adictos al internet que puede existir;\u2026","rel":"","context":"Con 1 comentario","block_context":{"text":"Con 1 comentario","link":"https:\/\/kalot.com.mx\/site\/2014\/05\/05\/adictos-al-internet\/#comments"},"img":{"alt_text":"","src":"https:\/\/i0.wp.com\/kalot.com.mx\/site\/wp-content\/uploads\/2014\/05\/adictos.jpg?fit=612%2C340&ssl=1&resize=350%2C200","width":350,"height":200,"srcset":"https:\/\/i0.wp.com\/kalot.com.mx\/site\/wp-content\/uploads\/2014\/05\/adictos.jpg?fit=612%2C340&ssl=1&resize=350%2C200 1x, https:\/\/i0.wp.com\/kalot.com.mx\/site\/wp-content\/uploads\/2014\/05\/adictos.jpg?fit=612%2C340&ssl=1&resize=525%2C300 1.5x"},"classes":[]},{"id":17445,"url":"https:\/\/kalot.com.mx\/site\/2014\/08\/01\/la-vida-es-de-color-rosa-la-vida-es-felicidad\/","url_meta":{"origin":9185,"position":3},"title":"La vida es de color rosa, la vida es felicidad.","author":"Mar\u00eda Alvarado","date":"1 agosto, 2014","format":false,"excerpt":"Hola mis queridos lectores, antes que nada quisiera pedir una disculpa por mi ausencia en este tan bello f\u00f3rum (o s\u00e9ase Kalot), ya aclarado lo anterior solo me queda proceder con mi cometido. El tema a tratar en este espacio ser\u00e1 el siguiente: la vida es de color rosa. As\u00ed\u2026","rel":"","context":"En &quot;Sin categor\u00eda&quot;","block_context":{"text":"Sin categor\u00eda","link":"https:\/\/kalot.com.mx\/site\/category\/sin-categoria\/"},"img":{"alt_text":"","src":"https:\/\/i0.wp.com\/kalot.com.mx\/site\/wp-content\/uploads\/2014\/07\/vida1.jpg?fit=1200%2C720&ssl=1&resize=350%2C200","width":350,"height":200,"srcset":"https:\/\/i0.wp.com\/kalot.com.mx\/site\/wp-content\/uploads\/2014\/07\/vida1.jpg?fit=1200%2C720&ssl=1&resize=350%2C200 1x, https:\/\/i0.wp.com\/kalot.com.mx\/site\/wp-content\/uploads\/2014\/07\/vida1.jpg?fit=1200%2C720&ssl=1&resize=525%2C300 1.5x, https:\/\/i0.wp.com\/kalot.com.mx\/site\/wp-content\/uploads\/2014\/07\/vida1.jpg?fit=1200%2C720&ssl=1&resize=700%2C400 2x, https:\/\/i0.wp.com\/kalot.com.mx\/site\/wp-content\/uploads\/2014\/07\/vida1.jpg?fit=1200%2C720&ssl=1&resize=1050%2C600 3x"},"classes":[]},{"id":9640,"url":"https:\/\/kalot.com.mx\/site\/2014\/01\/17\/accion-po-egotica-amores-extranos\/","url_meta":{"origin":9185,"position":4},"title":"Acci\u00f3n Po-Egotica: Amores Extra\u00f1os.","author":"Ivan Mendez","date":"17 enero, 2014","format":false,"excerpt":"Si, esa palabra no existe, pero ya saben, una tonta combinaci\u00f3n entre po\u00e9tica y ego, da: Po-Egotica. Esta idea me surgi\u00f3 en parte a una parodia para relajarme \u00a0de las frases pretenciosas que aparecen en mi Facebook y una necesidad de escribir lo que yo sent\u00eda de algunos temas, y\u2026","rel":"","context":"Entrada similar ","block_context":{"text":"Entrada similar ","link":""},"img":{"alt_text":"","src":"https:\/\/i0.wp.com\/kalot.com.mx\/site\/wp-content\/uploads\/2014\/01\/m%C3%A1scara3.jpg?fit=500%2C331&ssl=1&resize=350%2C200","width":350,"height":200},"classes":[]},{"id":13389,"url":"https:\/\/kalot.com.mx\/site\/2014\/03\/13\/infancia\/","url_meta":{"origin":9185,"position":5},"title":"Infancia","author":"K. Max","date":"13 marzo, 2014","format":false,"excerpt":"Admit\u00e1moslo, muchos de nosotros llegamos a romper algo con la resortera que nos compraban el domingo por la ma\u00f1ana en los mercaditos. Hace poco platicaba con Lil\u2019 K (que viene siendo mi hermano, 16 a\u00f1os), y me top\u00e9 con la sorpresa que el pobre vatito nunca ha jugado canicas, choyita,\u2026","rel":"","context":"En &quot;Random Stuff&quot;","block_context":{"text":"Random Stuff","link":"https:\/\/kalot.com.mx\/site\/category\/random-stuff\/"},"img":{"alt_text":"","src":"https:\/\/i0.wp.com\/kalot.com.mx\/site\/wp-content\/uploads\/2014\/03\/infancia-1.jpg?fit=1200%2C933&ssl=1&resize=350%2C200","width":350,"height":200,"srcset":"https:\/\/i0.wp.com\/kalot.com.mx\/site\/wp-content\/uploads\/2014\/03\/infancia-1.jpg?fit=1200%2C933&ssl=1&resize=350%2C200 1x, https:\/\/i0.wp.com\/kalot.com.mx\/site\/wp-content\/uploads\/2014\/03\/infancia-1.jpg?fit=1200%2C933&ssl=1&resize=525%2C300 1.5x, https:\/\/i0.wp.com\/kalot.com.mx\/site\/wp-content\/uploads\/2014\/03\/infancia-1.jpg?fit=1200%2C933&ssl=1&resize=700%2C400 2x, https:\/\/i0.wp.com\/kalot.com.mx\/site\/wp-content\/uploads\/2014\/03\/infancia-1.jpg?fit=1200%2C933&ssl=1&resize=1050%2C600 3x"},"classes":[]}],"jetpack_sharing_enabled":true,"_links":{"self":[{"href":"https:\/\/kalot.com.mx\/site\/wp-json\/wp\/v2\/posts\/9185","targetHints":{"allow":["GET"]}}],"collection":[{"href":"https:\/\/kalot.com.mx\/site\/wp-json\/wp\/v2\/posts"}],"about":[{"href":"https:\/\/kalot.com.mx\/site\/wp-json\/wp\/v2\/types\/post"}],"author":[{"embeddable":true,"href":"https:\/\/kalot.com.mx\/site\/wp-json\/wp\/v2\/users\/42"}],"replies":[{"embeddable":true,"href":"https:\/\/kalot.com.mx\/site\/wp-json\/wp\/v2\/comments?post=9185"}],"version-history":[{"count":0,"href":"https:\/\/kalot.com.mx\/site\/wp-json\/wp\/v2\/posts\/9185\/revisions"}],"wp:featuredmedia":[{"embeddable":true,"href":"https:\/\/kalot.com.mx\/site\/wp-json\/wp\/v2\/media\/9184"}],"wp:attachment":[{"href":"https:\/\/kalot.com.mx\/site\/wp-json\/wp\/v2\/media?parent=9185"}],"wp:term":[{"taxonomy":"category","embeddable":true,"href":"https:\/\/kalot.com.mx\/site\/wp-json\/wp\/v2\/categories?post=9185"},{"taxonomy":"post_tag","embeddable":true,"href":"https:\/\/kalot.com.mx\/site\/wp-json\/wp\/v2\/tags?post=9185"}],"curies":[{"name":"wp","href":"https:\/\/api.w.org\/{rel}","templated":true}]}}