{"id":9092,"date":"2014-01-06T14:06:54","date_gmt":"2014-01-06T20:06:54","guid":{"rendered":"http:\/\/www.kalot.com.mx\/?p=9092"},"modified":"2014-01-06T14:07:34","modified_gmt":"2014-01-06T20:07:34","slug":"autos-que-enamoran-lucra-l148","status":"publish","type":"post","link":"https:\/\/kalot.com.mx\/site\/2014\/01\/06\/autos-que-enamoran-lucra-l148\/","title":{"rendered":"Autos que enamoran: LUCRA L148"},"content":{"rendered":"<p><strong>Se renueva el sue\u00f1o americano y esta vez es mucho m\u00e1s veloz.<\/strong><\/p>\n<p>El nuevo superauto tienen nombre y motor , es un Drag Racing incre\u00edble. Con ustedes en Autos que enamoran: LUCRA L148 #MyRide<\/p>\n<div class=\"tiled-gallery type-rectangular tiled-gallery-unresized\" data-original-width=\"1200\" data-carousel-extra='{&quot;blog_id&quot;:1,&quot;permalink&quot;:&quot;https:\\\/\\\/kalot.com.mx\\\/site\\\/2014\\\/01\\\/06\\\/autos-que-enamoran-lucra-l148\\\/&quot;,&quot;likes_blog_id&quot;:99312264}' itemscope itemtype=\"http:\/\/schema.org\/ImageGallery\" > <div class=\"gallery-row\" style=\"width: 1200px; height: 246px;\" data-original-width=\"1200\" data-original-height=\"246\" > <div class=\"gallery-group images-1\" style=\"width: 405px; height: 246px;\" data-original-width=\"405\" data-original-height=\"246\" > <div class=\"tiled-gallery-item tiled-gallery-item-large\" itemprop=\"associatedMedia\" itemscope itemtype=\"http:\/\/schema.org\/ImageObject\"> <a href=\"https:\/\/kalot.com.mx\/site\/2014\/01\/06\/autos-que-enamoran-lucra-l148\/1-12\/\" border=\"0\" itemprop=\"url\"> <meta itemprop=\"width\" content=\"401\"> <meta itemprop=\"height\" content=\"242\"> <img loading=\"lazy\" decoding=\"async\" class=\"\" data-attachment-id=\"9093\" data-orig-file=\"https:\/\/kalot.com.mx\/site\/wp-content\/uploads\/2014\/01\/1.jpg\" data-orig-size=\"690,417\" data-comments-opened=\"1\" data-image-meta=\"{&quot;aperture&quot;:&quot;0&quot;,&quot;credit&quot;:&quot;&quot;,&quot;camera&quot;:&quot;&quot;,&quot;caption&quot;:&quot;&quot;,&quot;created_timestamp&quot;:&quot;0&quot;,&quot;copyright&quot;:&quot;&quot;,&quot;focal_length&quot;:&quot;0&quot;,&quot;iso&quot;:&quot;0&quot;,&quot;shutter_speed&quot;:&quot;0&quot;,&quot;title&quot;:&quot;&quot;,&quot;orientation&quot;:&quot;0&quot;}\" data-image-title=\"1\" data-image-description=\"\" data-medium-file=\"https:\/\/i0.wp.com\/kalot.com.mx\/site\/wp-content\/uploads\/2014\/01\/1.jpg?fit=300%2C181&#038;ssl=1\" data-large-file=\"https:\/\/i0.wp.com\/kalot.com.mx\/site\/wp-content\/uploads\/2014\/01\/1.jpg?fit=690%2C417&#038;ssl=1\" src=\"https:\/\/i0.wp.com\/kalot.com.mx\/site\/wp-content\/uploads\/2014\/01\/1.jpg?w=401&#038;h=242&#038;ssl=1\" srcset=\"https:\/\/i0.wp.com\/kalot.com.mx\/site\/wp-content\/uploads\/2014\/01\/1.jpg?w=690&amp;ssl=1 690w, https:\/\/i0.wp.com\/kalot.com.mx\/site\/wp-content\/uploads\/2014\/01\/1.jpg?resize=380%2C230&amp;ssl=1 380w, https:\/\/i0.wp.com\/kalot.com.mx\/site\/wp-content\/uploads\/2014\/01\/1.jpg?resize=300%2C181&amp;ssl=1 300w\" width=\"401\" height=\"242\" loading=\"lazy\" data-original-width=\"401\" data-original-height=\"242\" itemprop=\"http:\/\/schema.org\/image\" title=\"1\" alt=\"Lucra Cars fue fundada con el concepto que se pod\u00eda construir un auto que tuviera ligereza extrema y la potencia de un V8\" style=\"width: 401px; height: 242px;\" \/> <\/a> <div class=\"tiled-gallery-caption\" itemprop=\"caption description\"> Lucra Cars fue fundada con el concepto que se pod\u00eda construir un auto que tuviera ligereza extrema y la potencia de un V8 <\/div> <\/div> <\/div> <!-- close group --> <div class=\"gallery-group images-1\" style=\"width: 404px; height: 246px;\" data-original-width=\"404\" data-original-height=\"246\" > <div class=\"tiled-gallery-item tiled-gallery-item-large\" itemprop=\"associatedMedia\" itemscope itemtype=\"http:\/\/schema.org\/ImageObject\"> <a href=\"https:\/\/kalot.com.mx\/site\/2014\/01\/06\/autos-que-enamoran-lucra-l148\/2-9\/\" border=\"0\" itemprop=\"url\"> <meta itemprop=\"width\" content=\"400\"> <meta itemprop=\"height\" content=\"242\"> <img loading=\"lazy\" decoding=\"async\" class=\"\" data-attachment-id=\"9094\" data-orig-file=\"https:\/\/kalot.com.mx\/site\/wp-content\/uploads\/2014\/01\/21.jpg\" data-orig-size=\"690,417\" data-comments-opened=\"1\" data-image-meta=\"{&quot;aperture&quot;:&quot;0&quot;,&quot;credit&quot;:&quot;&quot;,&quot;camera&quot;:&quot;&quot;,&quot;caption&quot;:&quot;&quot;,&quot;created_timestamp&quot;:&quot;0&quot;,&quot;copyright&quot;:&quot;&quot;,&quot;focal_length&quot;:&quot;0&quot;,&quot;iso&quot;:&quot;0&quot;,&quot;shutter_speed&quot;:&quot;0&quot;,&quot;title&quot;:&quot;&quot;,&quot;orientation&quot;:&quot;0&quot;}\" data-image-title=\"2\" data-image-description=\"\" data-medium-file=\"https:\/\/i0.wp.com\/kalot.com.mx\/site\/wp-content\/uploads\/2014\/01\/21.jpg?fit=300%2C181&#038;ssl=1\" data-large-file=\"https:\/\/i0.wp.com\/kalot.com.mx\/site\/wp-content\/uploads\/2014\/01\/21.jpg?fit=690%2C417&#038;ssl=1\" src=\"https:\/\/i0.wp.com\/kalot.com.mx\/site\/wp-content\/uploads\/2014\/01\/21.jpg?w=400&#038;h=242&#038;ssl=1\" srcset=\"https:\/\/i0.wp.com\/kalot.com.mx\/site\/wp-content\/uploads\/2014\/01\/21.jpg?w=690&amp;ssl=1 690w, https:\/\/i0.wp.com\/kalot.com.mx\/site\/wp-content\/uploads\/2014\/01\/21.jpg?resize=380%2C230&amp;ssl=1 380w, https:\/\/i0.wp.com\/kalot.com.mx\/site\/wp-content\/uploads\/2014\/01\/21.jpg?resize=300%2C181&amp;ssl=1 300w\" width=\"400\" height=\"242\" loading=\"lazy\" data-original-width=\"400\" data-original-height=\"242\" itemprop=\"http:\/\/schema.org\/image\" title=\"2\" alt=\"Lucra Cars es un fabricante estadounidense de peque\u00f1os deportivos de corte artesanal\" style=\"width: 400px; height: 242px;\" \/> <\/a> <div class=\"tiled-gallery-caption\" itemprop=\"caption description\"> Lucra Cars es un fabricante estadounidense de peque\u00f1os deportivos de corte artesanal <\/div> <\/div> <\/div> <!-- close group --> <div class=\"gallery-group images-1\" style=\"width: 391px; height: 246px;\" data-original-width=\"391\" data-original-height=\"246\" > <div class=\"tiled-gallery-item tiled-gallery-item-large\" itemprop=\"associatedMedia\" itemscope itemtype=\"http:\/\/schema.org\/ImageObject\"> <a href=\"https:\/\/kalot.com.mx\/site\/2014\/01\/06\/autos-que-enamoran-lucra-l148\/3-8\/\" border=\"0\" itemprop=\"url\"> <meta itemprop=\"width\" content=\"387\"> <meta itemprop=\"height\" content=\"242\"> <img loading=\"lazy\" decoding=\"async\" class=\"\" data-attachment-id=\"9095\" data-orig-file=\"https:\/\/kalot.com.mx\/site\/wp-content\/uploads\/2014\/01\/31.jpg\" data-orig-size=\"690,431\" data-comments-opened=\"1\" data-image-meta=\"{&quot;aperture&quot;:&quot;0&quot;,&quot;credit&quot;:&quot;&quot;,&quot;camera&quot;:&quot;&quot;,&quot;caption&quot;:&quot;&quot;,&quot;created_timestamp&quot;:&quot;0&quot;,&quot;copyright&quot;:&quot;&quot;,&quot;focal_length&quot;:&quot;0&quot;,&quot;iso&quot;:&quot;0&quot;,&quot;shutter_speed&quot;:&quot;0&quot;,&quot;title&quot;:&quot;&quot;,&quot;orientation&quot;:&quot;0&quot;}\" data-image-title=\"3\" data-image-description=\"\" data-medium-file=\"https:\/\/i0.wp.com\/kalot.com.mx\/site\/wp-content\/uploads\/2014\/01\/31.jpg?fit=300%2C187&#038;ssl=1\" data-large-file=\"https:\/\/i0.wp.com\/kalot.com.mx\/site\/wp-content\/uploads\/2014\/01\/31.jpg?fit=690%2C431&#038;ssl=1\" src=\"https:\/\/i0.wp.com\/kalot.com.mx\/site\/wp-content\/uploads\/2014\/01\/31.jpg?w=387&#038;h=242&#038;ssl=1\" srcset=\"https:\/\/i0.wp.com\/kalot.com.mx\/site\/wp-content\/uploads\/2014\/01\/31.jpg?w=690&amp;ssl=1 690w, https:\/\/i0.wp.com\/kalot.com.mx\/site\/wp-content\/uploads\/2014\/01\/31.jpg?resize=380%2C237&amp;ssl=1 380w, https:\/\/i0.wp.com\/kalot.com.mx\/site\/wp-content\/uploads\/2014\/01\/31.jpg?resize=300%2C187&amp;ssl=1 300w\" width=\"387\" height=\"242\" loading=\"lazy\" data-original-width=\"387\" data-original-height=\"242\" itemprop=\"http:\/\/schema.org\/image\" title=\"3\" alt=\"Luke Richards, fundador de Lucra Cars, empez\u00f3 a trabajar en el L148 a comienzos de este a\u00f1o y espera entregar la primera unidad a mediados del pr\u00f3ximo\" style=\"width: 387px; height: 242px;\" \/> <\/a> <div class=\"tiled-gallery-caption\" itemprop=\"caption description\"> Luke Richards, fundador de Lucra Cars, empez\u00f3 a trabajar en el L148 a comienzos de este a\u00f1o y espera entregar la primera unidad a mediados del pr\u00f3ximo <\/div> <\/div> <\/div> <!-- close group --> <\/div> <!-- close row --> <div class=\"gallery-row\" style=\"width: 1200px; height: 526px;\" data-original-width=\"1200\" data-original-height=\"526\" > <div class=\"gallery-group images-1\" style=\"width: 801px; height: 526px;\" data-original-width=\"801\" data-original-height=\"526\" > <div class=\"tiled-gallery-item tiled-gallery-item-large\" itemprop=\"associatedMedia\" itemscope itemtype=\"http:\/\/schema.org\/ImageObject\"> <a href=\"https:\/\/kalot.com.mx\/site\/2014\/01\/06\/autos-que-enamoran-lucra-l148\/4-7\/\" border=\"0\" itemprop=\"url\"> <meta itemprop=\"width\" content=\"797\"> <meta itemprop=\"height\" content=\"522\"> <img loading=\"lazy\" decoding=\"async\" class=\"\" data-attachment-id=\"9096\" data-orig-file=\"https:\/\/kalot.com.mx\/site\/wp-content\/uploads\/2014\/01\/4.jpg\" data-orig-size=\"690,452\" data-comments-opened=\"1\" data-image-meta=\"{&quot;aperture&quot;:&quot;0&quot;,&quot;credit&quot;:&quot;&quot;,&quot;camera&quot;:&quot;&quot;,&quot;caption&quot;:&quot;&quot;,&quot;created_timestamp&quot;:&quot;0&quot;,&quot;copyright&quot;:&quot;&quot;,&quot;focal_length&quot;:&quot;0&quot;,&quot;iso&quot;:&quot;0&quot;,&quot;shutter_speed&quot;:&quot;0&quot;,&quot;title&quot;:&quot;&quot;,&quot;orientation&quot;:&quot;0&quot;}\" data-image-title=\"4\" data-image-description=\"\" data-medium-file=\"https:\/\/i0.wp.com\/kalot.com.mx\/site\/wp-content\/uploads\/2014\/01\/4.jpg?fit=300%2C197&#038;ssl=1\" data-large-file=\"https:\/\/i0.wp.com\/kalot.com.mx\/site\/wp-content\/uploads\/2014\/01\/4.jpg?fit=690%2C452&#038;ssl=1\" src=\"https:\/\/i0.wp.com\/kalot.com.mx\/site\/wp-content\/uploads\/2014\/01\/4.jpg?w=797&#038;h=522&#038;ssl=1\" srcset=\"https:\/\/i0.wp.com\/kalot.com.mx\/site\/wp-content\/uploads\/2014\/01\/4.jpg?w=690&amp;ssl=1 690w, https:\/\/i0.wp.com\/kalot.com.mx\/site\/wp-content\/uploads\/2014\/01\/4.jpg?resize=380%2C249&amp;ssl=1 380w, https:\/\/i0.wp.com\/kalot.com.mx\/site\/wp-content\/uploads\/2014\/01\/4.jpg?resize=300%2C197&amp;ssl=1 300w\" width=\"797\" height=\"522\" loading=\"lazy\" data-original-width=\"797\" data-original-height=\"522\" itemprop=\"http:\/\/schema.org\/image\" title=\"4\" alt=\"Ligereza, dise\u00f1o aerodin\u00e1mico y una potencia en torno a unos 700 CV\" style=\"width: 797px; height: 522px;\" \/> <\/a> <div class=\"tiled-gallery-caption\" itemprop=\"caption description\"> Ligereza, dise\u00f1o aerodin\u00e1mico y una potencia en torno a unos 700 CV <\/div> <\/div> <\/div> <!-- close group --> <div class=\"gallery-group images-2\" style=\"width: 399px; height: 526px;\" data-original-width=\"399\" data-original-height=\"526\" > <div class=\"tiled-gallery-item tiled-gallery-item-large\" itemprop=\"associatedMedia\" itemscope itemtype=\"http:\/\/schema.org\/ImageObject\"> <a href=\"https:\/\/kalot.com.mx\/site\/2014\/01\/06\/autos-que-enamoran-lucra-l148\/5-5\/\" border=\"0\" itemprop=\"url\"> <meta itemprop=\"width\" content=\"395\"> <meta itemprop=\"height\" content=\"222\"> <img loading=\"lazy\" decoding=\"async\" class=\"\" data-attachment-id=\"9097\" data-orig-file=\"https:\/\/kalot.com.mx\/site\/wp-content\/uploads\/2014\/01\/51.jpg\" data-orig-size=\"690,388\" data-comments-opened=\"1\" data-image-meta=\"{&quot;aperture&quot;:&quot;0&quot;,&quot;credit&quot;:&quot;&quot;,&quot;camera&quot;:&quot;&quot;,&quot;caption&quot;:&quot;&quot;,&quot;created_timestamp&quot;:&quot;0&quot;,&quot;copyright&quot;:&quot;&quot;,&quot;focal_length&quot;:&quot;0&quot;,&quot;iso&quot;:&quot;0&quot;,&quot;shutter_speed&quot;:&quot;0&quot;,&quot;title&quot;:&quot;&quot;,&quot;orientation&quot;:&quot;0&quot;}\" data-image-title=\"5\" data-image-description=\"\" data-medium-file=\"https:\/\/i0.wp.com\/kalot.com.mx\/site\/wp-content\/uploads\/2014\/01\/51.jpg?fit=300%2C169&#038;ssl=1\" data-large-file=\"https:\/\/i0.wp.com\/kalot.com.mx\/site\/wp-content\/uploads\/2014\/01\/51.jpg?fit=690%2C388&#038;ssl=1\" src=\"https:\/\/i0.wp.com\/kalot.com.mx\/site\/wp-content\/uploads\/2014\/01\/51.jpg?w=395&#038;h=222&#038;ssl=1\" srcset=\"https:\/\/i0.wp.com\/kalot.com.mx\/site\/wp-content\/uploads\/2014\/01\/51.jpg?w=690&amp;ssl=1 690w, https:\/\/i0.wp.com\/kalot.com.mx\/site\/wp-content\/uploads\/2014\/01\/51.jpg?resize=380%2C214&amp;ssl=1 380w, https:\/\/i0.wp.com\/kalot.com.mx\/site\/wp-content\/uploads\/2014\/01\/51.jpg?resize=300%2C169&amp;ssl=1 300w\" width=\"395\" height=\"222\" loading=\"lazy\" data-original-width=\"395\" data-original-height=\"222\" itemprop=\"http:\/\/schema.org\/image\" title=\"5\" alt=\"Los primeros datos hablan de un motor central delantero de origen General Motors, concretamente un LS7\" style=\"width: 395px; height: 222px;\" \/> <\/a> <div class=\"tiled-gallery-caption\" itemprop=\"caption description\"> Los primeros datos hablan de un motor central delantero de origen General Motors, concretamente un LS7 <\/div> <\/div> <div class=\"tiled-gallery-item tiled-gallery-item-large\" itemprop=\"associatedMedia\" itemscope itemtype=\"http:\/\/schema.org\/ImageObject\"> <a href=\"https:\/\/kalot.com.mx\/site\/2014\/01\/06\/autos-que-enamoran-lucra-l148\/6-4\/\" border=\"0\" itemprop=\"url\"> <meta itemprop=\"width\" content=\"395\"> <meta itemprop=\"height\" content=\"296\"> <img loading=\"lazy\" decoding=\"async\" class=\"\" data-attachment-id=\"9098\" data-orig-file=\"https:\/\/kalot.com.mx\/site\/wp-content\/uploads\/2014\/01\/6.jpg\" data-orig-size=\"690,516\" data-comments-opened=\"1\" data-image-meta=\"{&quot;aperture&quot;:&quot;0&quot;,&quot;credit&quot;:&quot;&quot;,&quot;camera&quot;:&quot;&quot;,&quot;caption&quot;:&quot;&quot;,&quot;created_timestamp&quot;:&quot;0&quot;,&quot;copyright&quot;:&quot;&quot;,&quot;focal_length&quot;:&quot;0&quot;,&quot;iso&quot;:&quot;0&quot;,&quot;shutter_speed&quot;:&quot;0&quot;,&quot;title&quot;:&quot;&quot;,&quot;orientation&quot;:&quot;0&quot;}\" data-image-title=\"6\" data-image-description=\"\" data-medium-file=\"https:\/\/i0.wp.com\/kalot.com.mx\/site\/wp-content\/uploads\/2014\/01\/6.jpg?fit=300%2C224&#038;ssl=1\" data-large-file=\"https:\/\/i0.wp.com\/kalot.com.mx\/site\/wp-content\/uploads\/2014\/01\/6.jpg?fit=690%2C516&#038;ssl=1\" src=\"https:\/\/i0.wp.com\/kalot.com.mx\/site\/wp-content\/uploads\/2014\/01\/6.jpg?w=395&#038;h=296&#038;ssl=1\" srcset=\"https:\/\/i0.wp.com\/kalot.com.mx\/site\/wp-content\/uploads\/2014\/01\/6.jpg?w=690&amp;ssl=1 690w, https:\/\/i0.wp.com\/kalot.com.mx\/site\/wp-content\/uploads\/2014\/01\/6.jpg?resize=300%2C224&amp;ssl=1 300w, https:\/\/i0.wp.com\/kalot.com.mx\/site\/wp-content\/uploads\/2014\/01\/6.jpg?resize=200%2C150&amp;ssl=1 200w, https:\/\/i0.wp.com\/kalot.com.mx\/site\/wp-content\/uploads\/2014\/01\/6.jpg?resize=260%2C195&amp;ssl=1 260w, https:\/\/i0.wp.com\/kalot.com.mx\/site\/wp-content\/uploads\/2014\/01\/6.jpg?resize=380%2C284&amp;ssl=1 380w\" width=\"395\" height=\"296\" loading=\"lazy\" data-original-width=\"395\" data-original-height=\"296\" itemprop=\"http:\/\/schema.org\/image\" title=\"6\" alt=\"El L148 contar\u00e1 con aire acondicionado, radio satelital y navegaci\u00f3n GPS entre otras caracter\u00edsticas\" style=\"width: 395px; height: 296px;\" \/> <\/a> <div class=\"tiled-gallery-caption\" itemprop=\"caption description\"> El L148 contar\u00e1 con aire acondicionado, radio satelital y navegaci\u00f3n GPS entre otras caracter\u00edsticas <\/div> <\/div> <\/div> <!-- close group --> <\/div> <!-- close row --> <div class=\"gallery-row\" style=\"width: 1200px; height: 218px;\" data-original-width=\"1200\" data-original-height=\"218\" > <div class=\"gallery-group images-1\" style=\"width: 297px; height: 218px;\" data-original-width=\"297\" data-original-height=\"218\" > <div class=\"tiled-gallery-item tiled-gallery-item-large\" itemprop=\"associatedMedia\" itemscope itemtype=\"http:\/\/schema.org\/ImageObject\"> <a href=\"https:\/\/kalot.com.mx\/site\/2014\/01\/06\/autos-que-enamoran-lucra-l148\/7-6\/\" border=\"0\" itemprop=\"url\"> <meta itemprop=\"width\" content=\"293\"> <meta itemprop=\"height\" content=\"214\"> <img loading=\"lazy\" decoding=\"async\" class=\"\" data-attachment-id=\"9099\" data-orig-file=\"https:\/\/kalot.com.mx\/site\/wp-content\/uploads\/2014\/01\/7.jpg\" data-orig-size=\"690,503\" data-comments-opened=\"1\" data-image-meta=\"{&quot;aperture&quot;:&quot;0&quot;,&quot;credit&quot;:&quot;&quot;,&quot;camera&quot;:&quot;&quot;,&quot;caption&quot;:&quot;&quot;,&quot;created_timestamp&quot;:&quot;0&quot;,&quot;copyright&quot;:&quot;&quot;,&quot;focal_length&quot;:&quot;0&quot;,&quot;iso&quot;:&quot;0&quot;,&quot;shutter_speed&quot;:&quot;0&quot;,&quot;title&quot;:&quot;&quot;,&quot;orientation&quot;:&quot;0&quot;}\" data-image-title=\"7\" data-image-description=\"\" data-medium-file=\"https:\/\/i0.wp.com\/kalot.com.mx\/site\/wp-content\/uploads\/2014\/01\/7.jpg?fit=300%2C219&#038;ssl=1\" data-large-file=\"https:\/\/i0.wp.com\/kalot.com.mx\/site\/wp-content\/uploads\/2014\/01\/7.jpg?fit=690%2C503&#038;ssl=1\" src=\"https:\/\/i0.wp.com\/kalot.com.mx\/site\/wp-content\/uploads\/2014\/01\/7.jpg?w=293&#038;h=214&#038;ssl=1\" srcset=\"https:\/\/i0.wp.com\/kalot.com.mx\/site\/wp-content\/uploads\/2014\/01\/7.jpg?w=690&amp;ssl=1 690w, https:\/\/i0.wp.com\/kalot.com.mx\/site\/wp-content\/uploads\/2014\/01\/7.jpg?resize=600%2C440&amp;ssl=1 600w, https:\/\/i0.wp.com\/kalot.com.mx\/site\/wp-content\/uploads\/2014\/01\/7.jpg?resize=380%2C277&amp;ssl=1 380w, https:\/\/i0.wp.com\/kalot.com.mx\/site\/wp-content\/uploads\/2014\/01\/7.jpg?resize=300%2C219&amp;ssl=1 300w\" width=\"293\" height=\"214\" loading=\"lazy\" data-original-width=\"293\" data-original-height=\"214\" itemprop=\"http:\/\/schema.org\/image\" title=\"7\" alt=\"A\u00fan no se sabe la fecha exacta de lanzamiento del modelo pero se estima que tendr\u00e1 un precio cercano a los US$ 250 000.\" style=\"width: 293px; height: 214px;\" \/> <\/a> <div class=\"tiled-gallery-caption\" itemprop=\"caption description\"> A\u00fan no se sabe la fecha exacta de lanzamiento del modelo pero se estima que tendr\u00e1 un precio cercano a los US$ 250 000. <\/div> <\/div> <\/div> <!-- close group --> <div class=\"gallery-group images-1\" style=\"width: 289px; height: 218px;\" data-original-width=\"289\" data-original-height=\"218\" > <div class=\"tiled-gallery-item tiled-gallery-item-large\" itemprop=\"associatedMedia\" itemscope itemtype=\"http:\/\/schema.org\/ImageObject\"> <a href=\"https:\/\/kalot.com.mx\/site\/2014\/01\/06\/autos-que-enamoran-lucra-l148\/8-4\/\" border=\"0\" itemprop=\"url\"> <meta itemprop=\"width\" content=\"285\"> <meta itemprop=\"height\" content=\"214\"> <img loading=\"lazy\" decoding=\"async\" class=\"\" data-attachment-id=\"9100\" data-orig-file=\"https:\/\/kalot.com.mx\/site\/wp-content\/uploads\/2014\/01\/8.jpg\" data-orig-size=\"690,518\" data-comments-opened=\"1\" data-image-meta=\"{&quot;aperture&quot;:&quot;0&quot;,&quot;credit&quot;:&quot;&quot;,&quot;camera&quot;:&quot;&quot;,&quot;caption&quot;:&quot;&quot;,&quot;created_timestamp&quot;:&quot;0&quot;,&quot;copyright&quot;:&quot;&quot;,&quot;focal_length&quot;:&quot;0&quot;,&quot;iso&quot;:&quot;0&quot;,&quot;shutter_speed&quot;:&quot;0&quot;,&quot;title&quot;:&quot;&quot;,&quot;orientation&quot;:&quot;0&quot;}\" data-image-title=\"8\" data-image-description=\"\" data-medium-file=\"https:\/\/i0.wp.com\/kalot.com.mx\/site\/wp-content\/uploads\/2014\/01\/8.jpg?fit=300%2C225&#038;ssl=1\" data-large-file=\"https:\/\/i0.wp.com\/kalot.com.mx\/site\/wp-content\/uploads\/2014\/01\/8.jpg?fit=690%2C518&#038;ssl=1\" src=\"https:\/\/i0.wp.com\/kalot.com.mx\/site\/wp-content\/uploads\/2014\/01\/8.jpg?w=285&#038;h=214&#038;ssl=1\" srcset=\"https:\/\/i0.wp.com\/kalot.com.mx\/site\/wp-content\/uploads\/2014\/01\/8.jpg?w=690&amp;ssl=1 690w, https:\/\/i0.wp.com\/kalot.com.mx\/site\/wp-content\/uploads\/2014\/01\/8.jpg?resize=300%2C225&amp;ssl=1 300w, https:\/\/i0.wp.com\/kalot.com.mx\/site\/wp-content\/uploads\/2014\/01\/8.jpg?resize=200%2C150&amp;ssl=1 200w, https:\/\/i0.wp.com\/kalot.com.mx\/site\/wp-content\/uploads\/2014\/01\/8.jpg?resize=260%2C195&amp;ssl=1 260w, https:\/\/i0.wp.com\/kalot.com.mx\/site\/wp-content\/uploads\/2014\/01\/8.jpg?resize=380%2C285&amp;ssl=1 380w\" width=\"285\" height=\"214\" loading=\"lazy\" data-original-width=\"285\" data-original-height=\"214\" itemprop=\"http:\/\/schema.org\/image\" title=\"8\" alt=\"El auto tiene como base un chasis tubular de acero cromol y, un material que combina equilibradamente resistencia y ligereza.\" style=\"width: 285px; height: 214px;\" \/> <\/a> <div class=\"tiled-gallery-caption\" itemprop=\"caption description\"> El auto tiene como base un chasis tubular de acero cromol y, un material que combina equilibradamente resistencia y ligereza. <\/div> <\/div> <\/div> <!-- close group --> <div class=\"gallery-group images-1\" style=\"width: 290px; height: 218px;\" data-original-width=\"290\" data-original-height=\"218\" > <div class=\"tiled-gallery-item tiled-gallery-item-large\" itemprop=\"associatedMedia\" itemscope itemtype=\"http:\/\/schema.org\/ImageObject\"> <a href=\"https:\/\/kalot.com.mx\/site\/2014\/01\/06\/autos-que-enamoran-lucra-l148\/9-4\/\" border=\"0\" itemprop=\"url\"> <meta itemprop=\"width\" content=\"286\"> <meta itemprop=\"height\" content=\"214\"> <img loading=\"lazy\" decoding=\"async\" class=\"\" data-attachment-id=\"9101\" data-orig-file=\"https:\/\/kalot.com.mx\/site\/wp-content\/uploads\/2014\/01\/9.jpg\" data-orig-size=\"690,515\" data-comments-opened=\"1\" data-image-meta=\"{&quot;aperture&quot;:&quot;0&quot;,&quot;credit&quot;:&quot;&quot;,&quot;camera&quot;:&quot;&quot;,&quot;caption&quot;:&quot;&quot;,&quot;created_timestamp&quot;:&quot;0&quot;,&quot;copyright&quot;:&quot;&quot;,&quot;focal_length&quot;:&quot;0&quot;,&quot;iso&quot;:&quot;0&quot;,&quot;shutter_speed&quot;:&quot;0&quot;,&quot;title&quot;:&quot;&quot;,&quot;orientation&quot;:&quot;0&quot;}\" data-image-title=\"9\" data-image-description=\"\" data-medium-file=\"https:\/\/i0.wp.com\/kalot.com.mx\/site\/wp-content\/uploads\/2014\/01\/9.jpg?fit=300%2C224&#038;ssl=1\" data-large-file=\"https:\/\/i0.wp.com\/kalot.com.mx\/site\/wp-content\/uploads\/2014\/01\/9.jpg?fit=690%2C515&#038;ssl=1\" src=\"https:\/\/i0.wp.com\/kalot.com.mx\/site\/wp-content\/uploads\/2014\/01\/9.jpg?w=286&#038;h=214&#038;ssl=1\" srcset=\"https:\/\/i0.wp.com\/kalot.com.mx\/site\/wp-content\/uploads\/2014\/01\/9.jpg?w=690&amp;ssl=1 690w, https:\/\/i0.wp.com\/kalot.com.mx\/site\/wp-content\/uploads\/2014\/01\/9.jpg?resize=300%2C224&amp;ssl=1 300w, https:\/\/i0.wp.com\/kalot.com.mx\/site\/wp-content\/uploads\/2014\/01\/9.jpg?resize=200%2C150&amp;ssl=1 200w, https:\/\/i0.wp.com\/kalot.com.mx\/site\/wp-content\/uploads\/2014\/01\/9.jpg?resize=260%2C195&amp;ssl=1 260w, https:\/\/i0.wp.com\/kalot.com.mx\/site\/wp-content\/uploads\/2014\/01\/9.jpg?resize=380%2C284&amp;ssl=1 380w\" width=\"286\" height=\"214\" loading=\"lazy\" data-original-width=\"286\" data-original-height=\"214\" itemprop=\"http:\/\/schema.org\/image\" title=\"9\" alt=\"La gente comienza a mencionar que este veh\u00edculo ser\u00e1 el nuevo sue\u00f1o americano\" style=\"width: 286px; height: 214px;\" \/> <\/a> <div class=\"tiled-gallery-caption\" itemprop=\"caption description\"> La gente comienza a mencionar que este veh\u00edculo ser\u00e1 el nuevo sue\u00f1o americano <\/div> <\/div> <\/div> <!-- close group --> <div class=\"gallery-group images-1\" style=\"width: 324px; height: 218px;\" data-original-width=\"324\" data-original-height=\"218\" > <div class=\"tiled-gallery-item tiled-gallery-item-large\" itemprop=\"associatedMedia\" itemscope itemtype=\"http:\/\/schema.org\/ImageObject\"> <a href=\"https:\/\/kalot.com.mx\/site\/2014\/01\/06\/autos-que-enamoran-lucra-l148\/10-6\/\" border=\"0\" itemprop=\"url\"> <meta itemprop=\"width\" content=\"320\"> <meta itemprop=\"height\" content=\"214\"> <img loading=\"lazy\" decoding=\"async\" class=\"\" data-attachment-id=\"9102\" data-orig-file=\"https:\/\/kalot.com.mx\/site\/wp-content\/uploads\/2014\/01\/10.png\" data-orig-size=\"630,420\" data-comments-opened=\"1\" data-image-meta=\"{&quot;aperture&quot;:&quot;0&quot;,&quot;credit&quot;:&quot;&quot;,&quot;camera&quot;:&quot;&quot;,&quot;caption&quot;:&quot;&quot;,&quot;created_timestamp&quot;:&quot;0&quot;,&quot;copyright&quot;:&quot;&quot;,&quot;focal_length&quot;:&quot;0&quot;,&quot;iso&quot;:&quot;0&quot;,&quot;shutter_speed&quot;:&quot;0&quot;,&quot;title&quot;:&quot;&quot;,&quot;orientation&quot;:&quot;0&quot;}\" data-image-title=\"10\" data-image-description=\"\" data-medium-file=\"https:\/\/i0.wp.com\/kalot.com.mx\/site\/wp-content\/uploads\/2014\/01\/10.png?fit=300%2C200&#038;ssl=1\" data-large-file=\"https:\/\/i0.wp.com\/kalot.com.mx\/site\/wp-content\/uploads\/2014\/01\/10.png?fit=630%2C420&#038;ssl=1\" src=\"https:\/\/i0.wp.com\/kalot.com.mx\/site\/wp-content\/uploads\/2014\/01\/10.png?w=320&#038;h=214&#038;ssl=1\" srcset=\"https:\/\/i0.wp.com\/kalot.com.mx\/site\/wp-content\/uploads\/2014\/01\/10.png?w=630&amp;ssl=1 630w, https:\/\/i0.wp.com\/kalot.com.mx\/site\/wp-content\/uploads\/2014\/01\/10.png?resize=380%2C253&amp;ssl=1 380w, https:\/\/i0.wp.com\/kalot.com.mx\/site\/wp-content\/uploads\/2014\/01\/10.png?resize=300%2C200&amp;ssl=1 300w, https:\/\/i0.wp.com\/kalot.com.mx\/site\/wp-content\/uploads\/2014\/01\/10.png?resize=450%2C300&amp;ssl=1 450w\" width=\"320\" height=\"214\" loading=\"lazy\" data-original-width=\"320\" data-original-height=\"214\" itemprop=\"http:\/\/schema.org\/image\" title=\"10\" alt=\"Lucra Cars estima que el L148 estar\u00e1 totalmente listo para mediados de 2014.\" style=\"width: 320px; height: 214px;\" \/> <\/a> <div class=\"tiled-gallery-caption\" itemprop=\"caption description\"> Lucra Cars estima que el L148 estar\u00e1 totalmente listo para mediados de 2014. <\/div> <\/div> <\/div> <!-- close group --> <\/div> <!-- close row --> <\/div>\n<p>EnREDate conmigo en mis cuentas sociales:<\/p>\n<ul>\n<li><a title=\"Facebook\" href=\"https:\/\/www.facebook.com\/roman.yeah\" target=\"_blank\">Facebook<\/a><\/li>\n<li><a title=\"Twitter\" href=\"https:\/\/twitter.com\/RomanYeah\" target=\"_blank\">Twitter<\/a><\/li>\n<li><a title=\"Instagram\" href=\"http:\/\/instagram.com\/romanyeah\" target=\"_blank\">Instagram<\/a><\/li>\n<\/ul>\n","protected":false},"excerpt":{"rendered":"Se renueva el sue\u00f1o americano y esta vez es mucho m\u00e1s veloz. El nuevo superauto tienen nombre y&hellip;\n","protected":false},"author":39,"featured_media":9108,"comment_status":"open","ping_status":"open","sticky":false,"template":"","format":"standard","meta":{"jetpack_post_was_ever_published":false,"_jetpack_newsletter_access":"","_jetpack_dont_email_post_to_subs":false,"_jetpack_newsletter_tier_id":0,"_jetpack_memberships_contains_paywalled_content":false,"_jetpack_memberships_contains_paid_content":false,"footnotes":"","jetpack_publicize_message":"","jetpack_publicize_feature_enabled":true,"jetpack_social_post_already_shared":true,"jetpack_social_options":{"image_generator_settings":{"template":"highway","default_image_id":0,"font":"","enabled":false},"version":2}},"categories":[],"tags":[],"class_list":{"0":"post-9092","1":"post","2":"type-post","3":"status-publish","4":"format-standard","5":"has-post-thumbnail","7":"cs-entry","8":"cs-video-wrap"},"yoast_head":"<!-- This site is optimized with the Yoast SEO plugin v27.4 - https:\/\/yoast.com\/product\/yoast-seo-wordpress\/ -->\n<title>LUCRA L148<\/title>\n<meta name=\"description\" content=\"El nuevo superauto tienen nombre y motor , es un Drag Racing incre\u00edble. Con ustedes en Autos que enamoran: LUCRA L148 #MyRide\" \/>\n<meta name=\"robots\" content=\"index, follow, max-snippet:-1, max-image-preview:large, max-video-preview:-1\" \/>\n<link rel=\"canonical\" href=\"https:\/\/kalot.com.mx\/site\/2014\/01\/06\/autos-que-enamoran-lucra-l148\/\" \/>\n<meta property=\"og:locale\" content=\"es_MX\" \/>\n<meta property=\"og:type\" content=\"article\" \/>\n<meta property=\"og:title\" content=\"LUCRA L148\" \/>\n<meta property=\"og:description\" content=\"El nuevo superauto tienen nombre y motor , es un Drag Racing incre\u00edble. Con ustedes en Autos que enamoran: LUCRA L148 #MyRide\" \/>\n<meta property=\"og:url\" content=\"https:\/\/kalot.com.mx\/site\/2014\/01\/06\/autos-que-enamoran-lucra-l148\/\" \/>\n<meta property=\"og:site_name\" content=\"Kalot\" \/>\n<meta property=\"article:publisher\" content=\"http:\/\/facebook.com\/mxkalot\" \/>\n<meta property=\"article:author\" content=\"https:\/\/www.facebook.com\/roman.yeah\" \/>\n<meta property=\"article:published_time\" content=\"2014-01-06T20:06:54+00:00\" \/>\n<meta property=\"article:modified_time\" content=\"2014-01-06T20:07:34+00:00\" \/>\n<meta property=\"og:image\" content=\"https:\/\/i2.wp.com\/kalot.com.mx\/site\/wp-content\/uploads\/2014\/01\/11.jpg?fit=690%2C417&ssl=1\" \/>\n\t<meta property=\"og:image:width\" content=\"690\" \/>\n\t<meta property=\"og:image:height\" content=\"417\" \/>\n\t<meta property=\"og:image:type\" content=\"image\/jpeg\" \/>\n<meta name=\"author\" content=\"Rom\u00e1n Salgado\" \/>\n<meta name=\"twitter:card\" content=\"summary_large_image\" \/>\n<meta name=\"twitter:creator\" content=\"@RomanYeah\" \/>\n<meta name=\"twitter:site\" content=\"@kalotmx\" \/>\n<meta name=\"twitter:label1\" content=\"Escrito por\" \/>\n\t<meta name=\"twitter:data1\" content=\"Rom\u00e1n Salgado\" \/>\n<!-- \/ Yoast SEO plugin. -->","yoast_head_json":{"title":"LUCRA L148","description":"El nuevo superauto tienen nombre y motor , es un Drag Racing incre\u00edble. Con ustedes en Autos que enamoran: LUCRA L148 #MyRide","robots":{"index":"index","follow":"follow","max-snippet":"max-snippet:-1","max-image-preview":"max-image-preview:large","max-video-preview":"max-video-preview:-1"},"canonical":"https:\/\/kalot.com.mx\/site\/2014\/01\/06\/autos-que-enamoran-lucra-l148\/","og_locale":"es_MX","og_type":"article","og_title":"LUCRA L148","og_description":"El nuevo superauto tienen nombre y motor , es un Drag Racing incre\u00edble. Con ustedes en Autos que enamoran: LUCRA L148 #MyRide","og_url":"https:\/\/kalot.com.mx\/site\/2014\/01\/06\/autos-que-enamoran-lucra-l148\/","og_site_name":"Kalot","article_publisher":"http:\/\/facebook.com\/mxkalot","article_author":"https:\/\/www.facebook.com\/roman.yeah","article_published_time":"2014-01-06T20:06:54+00:00","article_modified_time":"2014-01-06T20:07:34+00:00","og_image":[{"width":690,"height":417,"url":"https:\/\/i2.wp.com\/kalot.com.mx\/site\/wp-content\/uploads\/2014\/01\/11.jpg?fit=690%2C417&ssl=1","type":"image\/jpeg"}],"author":"Rom\u00e1n Salgado","twitter_card":"summary_large_image","twitter_creator":"@RomanYeah","twitter_site":"@kalotmx","twitter_misc":{"Escrito por":"Rom\u00e1n Salgado"},"schema":{"@context":"https:\/\/schema.org","@graph":[{"@type":"Article","@id":"https:\/\/kalot.com.mx\/site\/2014\/01\/06\/autos-que-enamoran-lucra-l148\/#article","isPartOf":{"@id":"https:\/\/kalot.com.mx\/site\/2014\/01\/06\/autos-que-enamoran-lucra-l148\/"},"author":{"name":"Rom\u00e1n Salgado","@id":"https:\/\/kalot.com.mx\/site\/#\/schema\/person\/a983c70d55dd89958c0d12d8eacf6d45"},"headline":"Autos que enamoran: LUCRA L148","datePublished":"2014-01-06T20:06:54+00:00","dateModified":"2014-01-06T20:07:34+00:00","mainEntityOfPage":{"@id":"https:\/\/kalot.com.mx\/site\/2014\/01\/06\/autos-que-enamoran-lucra-l148\/"},"wordCount":54,"commentCount":0,"publisher":{"@id":"https:\/\/kalot.com.mx\/site\/#organization"},"image":{"@id":"https:\/\/kalot.com.mx\/site\/2014\/01\/06\/autos-que-enamoran-lucra-l148\/#primaryimage"},"thumbnailUrl":"https:\/\/i0.wp.com\/kalot.com.mx\/site\/wp-content\/uploads\/2014\/01\/11.jpg?fit=690%2C417&ssl=1","inLanguage":"es","potentialAction":[{"@type":"CommentAction","name":"Comment","target":["https:\/\/kalot.com.mx\/site\/2014\/01\/06\/autos-que-enamoran-lucra-l148\/#respond"]}]},{"@type":"WebPage","@id":"https:\/\/kalot.com.mx\/site\/2014\/01\/06\/autos-que-enamoran-lucra-l148\/","url":"https:\/\/kalot.com.mx\/site\/2014\/01\/06\/autos-que-enamoran-lucra-l148\/","name":"LUCRA L148","isPartOf":{"@id":"https:\/\/kalot.com.mx\/site\/#website"},"primaryImageOfPage":{"@id":"https:\/\/kalot.com.mx\/site\/2014\/01\/06\/autos-que-enamoran-lucra-l148\/#primaryimage"},"image":{"@id":"https:\/\/kalot.com.mx\/site\/2014\/01\/06\/autos-que-enamoran-lucra-l148\/#primaryimage"},"thumbnailUrl":"https:\/\/i0.wp.com\/kalot.com.mx\/site\/wp-content\/uploads\/2014\/01\/11.jpg?fit=690%2C417&ssl=1","datePublished":"2014-01-06T20:06:54+00:00","dateModified":"2014-01-06T20:07:34+00:00","description":"El nuevo superauto tienen nombre y motor , es un Drag Racing incre\u00edble. Con ustedes en Autos que enamoran: LUCRA L148 #MyRide","breadcrumb":{"@id":"https:\/\/kalot.com.mx\/site\/2014\/01\/06\/autos-que-enamoran-lucra-l148\/#breadcrumb"},"inLanguage":"es","potentialAction":[{"@type":"ReadAction","target":["https:\/\/kalot.com.mx\/site\/2014\/01\/06\/autos-que-enamoran-lucra-l148\/"]}]},{"@type":"ImageObject","inLanguage":"es","@id":"https:\/\/kalot.com.mx\/site\/2014\/01\/06\/autos-que-enamoran-lucra-l148\/#primaryimage","url":"https:\/\/i0.wp.com\/kalot.com.mx\/site\/wp-content\/uploads\/2014\/01\/11.jpg?fit=690%2C417&ssl=1","contentUrl":"https:\/\/i0.wp.com\/kalot.com.mx\/site\/wp-content\/uploads\/2014\/01\/11.jpg?fit=690%2C417&ssl=1","width":690,"height":417},{"@type":"BreadcrumbList","@id":"https:\/\/kalot.com.mx\/site\/2014\/01\/06\/autos-que-enamoran-lucra-l148\/#breadcrumb","itemListElement":[{"@type":"ListItem","position":1,"name":"Home","item":"https:\/\/kalot.com.mx\/site\/"},{"@type":"ListItem","position":2,"name":"Autos que enamoran: LUCRA L148"}]},{"@type":"WebSite","@id":"https:\/\/kalot.com.mx\/site\/#website","url":"https:\/\/kalot.com.mx\/site\/","name":"Kalot","description":"Conoce Todo Sobre Todo","publisher":{"@id":"https:\/\/kalot.com.mx\/site\/#organization"},"potentialAction":[{"@type":"SearchAction","target":{"@type":"EntryPoint","urlTemplate":"https:\/\/kalot.com.mx\/site\/?s={search_term_string}"},"query-input":{"@type":"PropertyValueSpecification","valueRequired":true,"valueName":"search_term_string"}}],"inLanguage":"es"},{"@type":"Organization","@id":"https:\/\/kalot.com.mx\/site\/#organization","name":"Kalot","url":"https:\/\/kalot.com.mx\/site\/","logo":{"@type":"ImageObject","inLanguage":"es","@id":"https:\/\/kalot.com.mx\/site\/#\/schema\/logo\/image\/","url":"https:\/\/i0.wp.com\/kalot.com.mx\/site\/wp-content\/uploads\/2020\/04\/Kalot-logo-sin-tagline.png?fit=1707%2C1014&ssl=1","contentUrl":"https:\/\/i0.wp.com\/kalot.com.mx\/site\/wp-content\/uploads\/2020\/04\/Kalot-logo-sin-tagline.png?fit=1707%2C1014&ssl=1","width":1707,"height":1014,"caption":"Kalot"},"image":{"@id":"https:\/\/kalot.com.mx\/site\/#\/schema\/logo\/image\/"},"sameAs":["http:\/\/facebook.com\/mxkalot","https:\/\/x.com\/kalotmx","http:\/\/instagram.com\/kalotmx","http:\/\/pinterest.com\/jorgeerana\/kalot"]},{"@type":"Person","@id":"https:\/\/kalot.com.mx\/site\/#\/schema\/person\/a983c70d55dd89958c0d12d8eacf6d45","name":"Rom\u00e1n Salgado","image":{"@type":"ImageObject","inLanguage":"es","@id":"https:\/\/secure.gravatar.com\/avatar\/c4f0fd869ed7f91716a8f15965fc28c034d41f2d0fd899fedc2f2e4f0e0e0f88?s=96&d=mm&r=g","url":"https:\/\/secure.gravatar.com\/avatar\/c4f0fd869ed7f91716a8f15965fc28c034d41f2d0fd899fedc2f2e4f0e0e0f88?s=96&d=mm&r=g","contentUrl":"https:\/\/secure.gravatar.com\/avatar\/c4f0fd869ed7f91716a8f15965fc28c034d41f2d0fd899fedc2f2e4f0e0e0f88?s=96&d=mm&r=g","caption":"Rom\u00e1n Salgado"},"description":"Lic. en Mercadotecnia. Social Media Manager - Community Manager Futbolero, Divertido, Irreverente, Cool, Geek, Amante de la tecnolog\u00eda, Sociable por convicci\u00f3n, Ir\u00f3nico y mucho m\u00e1s.","sameAs":["http:\/\/www.priceless.com","https:\/\/www.facebook.com\/roman.yeah","https:\/\/x.com\/RomanYeah"],"url":"https:\/\/kalot.com.mx\/site\/author\/roman\/"}]}},"jetpack_publicize_connections":[],"jetpack_featured_media_url":"https:\/\/i0.wp.com\/kalot.com.mx\/site\/wp-content\/uploads\/2014\/01\/11.jpg?fit=690%2C417&ssl=1","jetpack_shortlink":"https:\/\/wp.me\/p6IHEI-2mE","jetpack-related-posts":[{"id":11141,"url":"https:\/\/kalot.com.mx\/site\/2014\/02\/05\/autos-que-enamoran-shelby-cobra-289-fia\/","url_meta":{"origin":9092,"position":0},"title":"Autos que enamoran: Shelby Cobra 289 FIA","author":"Rom\u00e1n Salgado","date":"5 febrero, 2014","format":false,"excerpt":"Uno de los autos m\u00e1s so\u00f1ados por coleccionistas cumple su 50 aniversario y lo celebra con un modelo espectacular. Este no es solo un auto, es la envidia de todo hombre. \u00a0Autos que enamoran: Shelby Cobra 289 FIA EnREDate conmigo en mis cuentas sociales: Facebook Twitter Instagram","rel":"","context":"Con 2 comentarios","block_context":{"text":"Con 2 comentarios","link":"https:\/\/kalot.com.mx\/site\/2014\/02\/05\/autos-que-enamoran-shelby-cobra-289-fia\/#comments"},"img":{"alt_text":"","src":"https:\/\/i0.wp.com\/kalot.com.mx\/site\/wp-content\/uploads\/2014\/02\/1-Shelby-Cobra.jpg?fit=930%2C619&ssl=1&resize=350%2C200","width":350,"height":200,"srcset":"https:\/\/i0.wp.com\/kalot.com.mx\/site\/wp-content\/uploads\/2014\/02\/1-Shelby-Cobra.jpg?fit=930%2C619&ssl=1&resize=350%2C200 1x, https:\/\/i0.wp.com\/kalot.com.mx\/site\/wp-content\/uploads\/2014\/02\/1-Shelby-Cobra.jpg?fit=930%2C619&ssl=1&resize=525%2C300 1.5x, https:\/\/i0.wp.com\/kalot.com.mx\/site\/wp-content\/uploads\/2014\/02\/1-Shelby-Cobra.jpg?fit=930%2C619&ssl=1&resize=700%2C400 2x"},"classes":[]},{"id":8280,"url":"https:\/\/kalot.com.mx\/site\/2013\/12\/23\/lamborghin%e2%80%8bi-huracan\/","url_meta":{"origin":9092,"position":1},"title":"Autos que enamoran: Lamborghin\u200bi Hurac\u00e1n","author":"Rom\u00e1n Salgado","date":"23 diciembre, 2013","format":false,"excerpt":"Autos que enamoran:\u00a0\u00a0Lamborghin\u200bi Hurac\u00e1n \u00a0#MyRide Termina una era de cuatro ruedas, pero comienza una leyenda para la marca italiana. \u00a0 EnREDate conmigo en mis cuentas sociales: Facebook Twitter Instagram \u00a0","rel":"","context":"Entrada similar ","block_context":{"text":"Entrada similar ","link":""},"img":{"alt_text":"","src":"https:\/\/i0.wp.com\/kalot.com.mx\/site\/wp-content\/uploads\/2013\/12\/110.jpg?fit=800%2C600&ssl=1&resize=350%2C200","width":350,"height":200,"srcset":"https:\/\/i0.wp.com\/kalot.com.mx\/site\/wp-content\/uploads\/2013\/12\/110.jpg?fit=800%2C600&ssl=1&resize=350%2C200 1x, https:\/\/i0.wp.com\/kalot.com.mx\/site\/wp-content\/uploads\/2013\/12\/110.jpg?fit=800%2C600&ssl=1&resize=525%2C300 1.5x, https:\/\/i0.wp.com\/kalot.com.mx\/site\/wp-content\/uploads\/2013\/12\/110.jpg?fit=800%2C600&ssl=1&resize=700%2C400 2x"},"classes":[]},{"id":23786,"url":"https:\/\/kalot.com.mx\/site\/2015\/10\/06\/semana-de-cine-pasante-de-moda\/","url_meta":{"origin":9092,"position":2},"title":"Semana de Cine: Pasante de Moda","author":"Fabiia Rivera","date":"6 octubre, 2015","format":false,"excerpt":"Hola, mis queridos lectores... Excelente semana, y que mas que nada que martes de cine, martes de 2 x 1 \u00f3 \u00a0martes de god\u00ednez, que tal si se dan una escapadita al cine, para ver una de las pel\u00edculas encantadoras y de tragi - comedia, y lo llam\u00f3 as\u00ed porque\u2026","rel":"","context":"En &quot;Cine&quot;","block_context":{"text":"Cine","link":"https:\/\/kalot.com.mx\/site\/category\/cine\/"},"img":{"alt_text":"","src":"https:\/\/i0.wp.com\/kalot.com.mx\/site\/wp-content\/uploads\/2015\/10\/pasante-de-moda.jpg?fit=800%2C450&ssl=1&resize=350%2C200","width":350,"height":200,"srcset":"https:\/\/i0.wp.com\/kalot.com.mx\/site\/wp-content\/uploads\/2015\/10\/pasante-de-moda.jpg?fit=800%2C450&ssl=1&resize=350%2C200 1x, https:\/\/i0.wp.com\/kalot.com.mx\/site\/wp-content\/uploads\/2015\/10\/pasante-de-moda.jpg?fit=800%2C450&ssl=1&resize=525%2C300 1.5x, https:\/\/i0.wp.com\/kalot.com.mx\/site\/wp-content\/uploads\/2015\/10\/pasante-de-moda.jpg?fit=800%2C450&ssl=1&resize=700%2C400 2x"},"classes":[]},{"id":3874,"url":"https:\/\/kalot.com.mx\/site\/2013\/10\/13\/las-marcas-de-autos-favoritas-en-mexico\/","url_meta":{"origin":9092,"position":3},"title":"Las marcas de autos favoritas en M\u00e9xico","author":"Samuel Arriaga","date":"13 octubre, 2013","format":false,"excerpt":"\u00a1Hola! Amig@s Kaloch@s hoy les traigo un estudio sobre las mejores marcas de autos seg\u00fan el estudio VOSS. Los autom\u00f3viles siempre han sido una forma \u00fatil de poder trasladarnos a distancias largas, pues nos reducen el tiempo de recorrido. Un estudio realizado por VOSS en donde los propietarios de los\u2026","rel":"","context":"Con 2 comentarios","block_context":{"text":"Con 2 comentarios","link":"https:\/\/kalot.com.mx\/site\/2013\/10\/13\/las-marcas-de-autos-favoritas-en-mexico\/#comments"},"img":{"alt_text":"","src":"https:\/\/i0.wp.com\/kalot.com.mx\/site\/wp-content\/uploads\/2013\/10\/car-logos.jpg?fit=1201%2C751&ssl=1&resize=350%2C200","width":350,"height":200,"srcset":"https:\/\/i0.wp.com\/kalot.com.mx\/site\/wp-content\/uploads\/2013\/10\/car-logos.jpg?fit=1201%2C751&ssl=1&resize=350%2C200 1x, https:\/\/i0.wp.com\/kalot.com.mx\/site\/wp-content\/uploads\/2013\/10\/car-logos.jpg?fit=1201%2C751&ssl=1&resize=525%2C300 1.5x, https:\/\/i0.wp.com\/kalot.com.mx\/site\/wp-content\/uploads\/2013\/10\/car-logos.jpg?fit=1201%2C751&ssl=1&resize=700%2C400 2x, https:\/\/i0.wp.com\/kalot.com.mx\/site\/wp-content\/uploads\/2013\/10\/car-logos.jpg?fit=1201%2C751&ssl=1&resize=1050%2C600 3x"},"classes":[]},{"id":1969,"url":"https:\/\/kalot.com.mx\/site\/2013\/09\/19\/gran\/","url_meta":{"origin":9092,"position":4},"title":"Gran Premio Hist\u00f3rico en la CD de Mexico. #automoviles","author":"Anastacio S\u00e1nchez","date":"19 septiembre, 2013","format":false,"excerpt":"El GP Hist\u00f3rico\u00a0es el gran evento que re\u00fane a los m\u00e1s hermosos\u00a0autos de colecci\u00f3n y deportivos especiales\u00a0en una emocionante\u00a0competencia\u00a0desarrollada en el hist\u00f3rico circuito del\u00a0Aut\u00f3dromo Hermanos Rodr\u00edguez\u00a0el cual festejara a su vez sus 50 a\u00f1os. No se le permite el acceso a la pista a los autom\u00f3viles que presenten alteraciones, que\u2026","rel":"","context":"Entrada similar ","block_context":{"text":"Entrada similar ","link":""},"img":{"alt_text":"","src":"https:\/\/i0.wp.com\/kalot.com.mx\/site\/wp-content\/uploads\/2013\/09\/logo-GP-HISTORICO-2012-nueva-forma-OK-01.jpg?fit=1200%2C624&ssl=1&resize=350%2C200","width":350,"height":200,"srcset":"https:\/\/i0.wp.com\/kalot.com.mx\/site\/wp-content\/uploads\/2013\/09\/logo-GP-HISTORICO-2012-nueva-forma-OK-01.jpg?fit=1200%2C624&ssl=1&resize=350%2C200 1x, https:\/\/i0.wp.com\/kalot.com.mx\/site\/wp-content\/uploads\/2013\/09\/logo-GP-HISTORICO-2012-nueva-forma-OK-01.jpg?fit=1200%2C624&ssl=1&resize=525%2C300 1.5x, https:\/\/i0.wp.com\/kalot.com.mx\/site\/wp-content\/uploads\/2013\/09\/logo-GP-HISTORICO-2012-nueva-forma-OK-01.jpg?fit=1200%2C624&ssl=1&resize=700%2C400 2x, https:\/\/i0.wp.com\/kalot.com.mx\/site\/wp-content\/uploads\/2013\/09\/logo-GP-HISTORICO-2012-nueva-forma-OK-01.jpg?fit=1200%2C624&ssl=1&resize=1050%2C600 3x"},"classes":[]},{"id":25017,"url":"https:\/\/kalot.com.mx\/site\/2016\/02\/27\/25017\/","url_meta":{"origin":9092,"position":5},"title":"\u00bfNo tienes que hacer? Ve \u201cLOVE\u201d de Netflix \u00a1Pero ya!","author":"Christian Flores","date":"27 febrero, 2016","format":false,"excerpt":"Haaaaa 2016 esta maravillosa \u00e9poca que nos toco vivir en donde si bien los coches no vuelan , contrario a lo que\u00a0los escritores de volver al futuro pensaron , contamos con maravillas tecnol\u00f3gicas geniales como Netflix, donde podemos ver lo que se nos hinche la gana a la hora que\u2026","rel":"","context":"En &quot;Novedades&quot;","block_context":{"text":"Novedades","link":"https:\/\/kalot.com.mx\/site\/category\/novedades\/"},"img":{"alt_text":"","src":"https:\/\/i0.wp.com\/kalot.com.mx\/site\/wp-content\/uploads\/2016\/02\/maxresdefault.jpg?fit=1200%2C675&ssl=1&resize=350%2C200","width":350,"height":200,"srcset":"https:\/\/i0.wp.com\/kalot.com.mx\/site\/wp-content\/uploads\/2016\/02\/maxresdefault.jpg?fit=1200%2C675&ssl=1&resize=350%2C200 1x, https:\/\/i0.wp.com\/kalot.com.mx\/site\/wp-content\/uploads\/2016\/02\/maxresdefault.jpg?fit=1200%2C675&ssl=1&resize=525%2C300 1.5x, https:\/\/i0.wp.com\/kalot.com.mx\/site\/wp-content\/uploads\/2016\/02\/maxresdefault.jpg?fit=1200%2C675&ssl=1&resize=700%2C400 2x, https:\/\/i0.wp.com\/kalot.com.mx\/site\/wp-content\/uploads\/2016\/02\/maxresdefault.jpg?fit=1200%2C675&ssl=1&resize=1050%2C600 3x"},"classes":[]}],"jetpack_sharing_enabled":true,"_links":{"self":[{"href":"https:\/\/kalot.com.mx\/site\/wp-json\/wp\/v2\/posts\/9092","targetHints":{"allow":["GET"]}}],"collection":[{"href":"https:\/\/kalot.com.mx\/site\/wp-json\/wp\/v2\/posts"}],"about":[{"href":"https:\/\/kalot.com.mx\/site\/wp-json\/wp\/v2\/types\/post"}],"author":[{"embeddable":true,"href":"https:\/\/kalot.com.mx\/site\/wp-json\/wp\/v2\/users\/39"}],"replies":[{"embeddable":true,"href":"https:\/\/kalot.com.mx\/site\/wp-json\/wp\/v2\/comments?post=9092"}],"version-history":[{"count":0,"href":"https:\/\/kalot.com.mx\/site\/wp-json\/wp\/v2\/posts\/9092\/revisions"}],"wp:featuredmedia":[{"embeddable":true,"href":"https:\/\/kalot.com.mx\/site\/wp-json\/wp\/v2\/media\/9108"}],"wp:attachment":[{"href":"https:\/\/kalot.com.mx\/site\/wp-json\/wp\/v2\/media?parent=9092"}],"wp:term":[{"taxonomy":"category","embeddable":true,"href":"https:\/\/kalot.com.mx\/site\/wp-json\/wp\/v2\/categories?post=9092"},{"taxonomy":"post_tag","embeddable":true,"href":"https:\/\/kalot.com.mx\/site\/wp-json\/wp\/v2\/tags?post=9092"}],"curies":[{"name":"wp","href":"https:\/\/api.w.org\/{rel}","templated":true}]}}