{"id":8895,"date":"2014-01-02T14:24:46","date_gmt":"2014-01-02T20:24:46","guid":{"rendered":"http:\/\/www.kalot.com.mx\/?p=8895"},"modified":"2014-01-02T14:27:09","modified_gmt":"2014-01-02T20:27:09","slug":"dramatico-drama","status":"publish","type":"post","link":"https:\/\/kalot.com.mx\/site\/2014\/01\/02\/dramatico-drama\/","title":{"rendered":"Dram\u00e1tico drama."},"content":{"rendered":"[dropcap size=small]S[\/dropcap]oy una persona dram\u00e1tica por naturaleza, por ende los dram\u00e1ticos tendemos a exagerar las cosas, s\u00f3lo a veces; no hay nada de malo en eso. Por nuestra vida pasan muchas personas dram\u00e1ticas y a veces ellas son las que le ponen las especias para que la vida no sea tan aburrida, desde la forma en la que cuentan historias hasta la manera en la que se comportan.<\/p>\n<p style=\"text-align: justify\">No es que los dramas se basen en hacer berrinches o estar enojado con la vida, simplemente es una caracter\u00edstica que algunas personas tenemos y me incluyo.<\/p>\n<p style=\"text-align: justify\"><img data-recalc-dims=\"1\" decoding=\"async\" alt=\"\" src=\"https:\/\/i0.wp.com\/24.media.tumblr.com\/e1bd4894f0300586d45ee3d274b1b642\/tumblr_mj7tmuCzWR1s7zsk4o1_500.gif?w=1200\" \/><\/p>\n<p style=\"text-align: justify\">Hace poco volv\u00ed a ver a una amiga que hac\u00eda mucho no ve\u00eda, aparte de la emoci\u00f3n de verla nos pusimos al corriente sobre lo que hab\u00eda pasado en nuestras vidas, me cont\u00f3 su vida y cuando lleg\u00f3 mi turno de contarle estuvo un poco chistoso. Me dijo que era incre\u00edble c\u00f3mo era que yo pod\u00eda hacer que sintiera cosas mientras le contaba mis historias \u201crom\u00e1nticas\u201d, cuando le contaba que yo me pon\u00eda nerviosa ella sent\u00eda nervios, cuando me emocionaba ella igual y hasta cuando le platicaba que me enojaba ella se enojaba y estaba pendiente de cada palabra que sal\u00eda de mi boca creando una emoci\u00f3n diferente para ella.<\/p>\n<p style=\"text-align: justify\">Al final de nuestra pl\u00e1tica me dijo \u201cNo cabe duda que eres una persona dram\u00e1tica\u201d eso no es ninguna novedad para mi, drama queen; pero me dijo algo que me dej\u00f3 pensando:<\/p>\n<blockquote>\n<p style=\"text-align: justify\">\u00bfPor qu\u00e9 te gusta el drama, lo necesitas? No me contestes s\u00f3lo pi\u00e9nsalo.<\/p>\n<\/blockquote>\n<p style=\"text-align: justify\">Y la verdad es que si le pens\u00e9, \u00bfpor qu\u00e9 sentimos que necesitamos el drama?<\/p>\n<p style=\"text-align: justify\">Esto ya es parte de mi persona, como de muchos m\u00e1s; pero la verdad es que si es una muy buena pregunta. Vivimos ya en un mundo en el que el drama es casi necesario, todo a nuestro alrededor es dram\u00e1tico; desde la forma en la que se reacciona ante una mala o buena noticia hasta como reaccionamos con las personas que se encuentran a nuestro alrededor. Si te habla hay drama y si no te habla hay drama, si te lo compraste hay drama y si no hay m\u00e1s drama todav\u00eda.<\/p>\n<p style=\"text-align: justify\"><img data-recalc-dims=\"1\" decoding=\"async\" alt=\"\" src=\"https:\/\/i0.wp.com\/media.tumblr.com\/c3d2660046c3a669311917558b7db5e2\/tumblr_inline_mmy876v72Q1qz4rgp.gif?w=1200\" \/><\/p>\n<p style=\"text-align: justify\">Desde mi punto de vista ser un poco dram\u00e1tico no est\u00e1 mal, y forma parte de las personalidades de todas las personas aunque a diferentes escalas, pero hay personas que simplemente tienen un nivel dram\u00e1tico diferente y esto hace que lo consideren innecesario. Al pueblo pan y circo.<\/p>\n<p style=\"text-align: justify\">Claro que hay personas m\u00e1s dram\u00e1ticas que otras, pero en todos hay una pizca de drama. Es como si tuvi\u00e9ramos a tres personas a las cuales les gusta la misma banda y les decimos que va a venir su banda favorita y que tienen boletos, las tres van a reaccionar de diferentes maneras pero es casi seguro que una llore de la emoci\u00f3n y grite con euforia que ir\u00e1 al concierto de su banda favorita, otra se emocionar\u00e1 pero no armar\u00e1 tanto alboroto como la persona anterior y la \u00faltima diga \u201cah gracias\u201d y no tenga ninguna reacci\u00f3n notoria como las anteriores.<\/p>\n<p style=\"text-align: justify\">En lo personal confieso que consider\u00e9 como prop\u00f3sito de a\u00f1o nuevo dejar de ser tan dram\u00e1tica, pero me di cuenta que es casi imposible que cambie mi manera de ser. No est\u00e1 de m\u00e1s tratar de disminuir la cantidad de drama que le damos a lo entra y sale de nuestras vidas, no es mandatorio que lo erradiquemos por completo, pero si nos ayuda a manejar de una mejor manera las situaciones que se nos presentan y de alguna forma salvaguardar nuestra esencia.<\/p>\n<p style=\"text-align: justify\"><img data-recalc-dims=\"1\" decoding=\"async\" alt=\"zooey deschanel university life gif\" src=\"https:\/\/i0.wp.com\/media.tumblr.com\/2ce335508a2d3cc670f494bb7d25d7ba\/tumblr_inline_mhqkaxWsId1qz4rgp.gif?w=1200\" \/><\/p>\n<p style=\"text-align: justify\">Sin drama la vida ser\u00eda por siempre aburrida, no habr\u00eda emociones que hagan nuestros d\u00edas diferentes y s\u00ed, s\u00ed me gusta el drama. No pretendo llenar mi vida de drama pero si lo necesito porque es parte de la vida, es lo que le da toques de emoci\u00f3n a nuestras vidas, exagerar estar\u00e1 de m\u00e1s pero el drama nunca se ir\u00e1, as\u00ed que hay que dejar entrar los pedacitos de drama necesarios en nuestro pan y circo de cada d\u00eda.<\/p>\n<p style=\"text-align: justify\">Y\u2026 \u00a1Corte!<\/p>\n","protected":false},"excerpt":{"rendered":"[dropcap size=small]S[\/dropcap]oy una persona dram\u00e1tica por naturaleza, por ende los dram\u00e1ticos tendemos a exagerar las cosas, s\u00f3lo a&hellip;\n","protected":false},"author":61,"featured_media":8903,"comment_status":"open","ping_status":"open","sticky":false,"template":"","format":"standard","meta":{"jetpack_post_was_ever_published":false,"_jetpack_newsletter_access":"","_jetpack_dont_email_post_to_subs":false,"_jetpack_newsletter_tier_id":0,"_jetpack_memberships_contains_paywalled_content":false,"_jetpack_memberships_contains_paid_content":false,"footnotes":"","jetpack_publicize_message":"","jetpack_publicize_feature_enabled":true,"jetpack_social_post_already_shared":true,"jetpack_social_options":{"image_generator_settings":{"template":"highway","default_image_id":0,"font":"","enabled":false},"version":2}},"categories":[],"tags":[],"class_list":{"0":"post-8895","1":"post","2":"type-post","3":"status-publish","4":"format-standard","5":"has-post-thumbnail","7":"cs-entry","8":"cs-video-wrap"},"yoast_head":"<!-- This site is optimized with the Yoast SEO plugin v27.5 - https:\/\/yoast.com\/product\/yoast-seo-wordpress\/ -->\n<title>Drama<\/title>\n<meta name=\"description\" content=\"Soy una persona dram\u00e1tica por naturaleza, por ende los dram\u00e1ticos tendemos a exagerar las cosas, s\u00f3lo a veces; no hay nada de malo en eso. Por nuestra\" \/>\n<meta name=\"robots\" content=\"index, follow, max-snippet:-1, max-image-preview:large, max-video-preview:-1\" \/>\n<link rel=\"canonical\" href=\"https:\/\/kalot.com.mx\/site\/2014\/01\/02\/dramatico-drama\/\" \/>\n<meta property=\"og:locale\" content=\"es_MX\" \/>\n<meta property=\"og:type\" content=\"article\" \/>\n<meta property=\"og:title\" content=\"Drama\" \/>\n<meta property=\"og:description\" content=\"Soy una persona dram\u00e1tica por naturaleza, por ende los dram\u00e1ticos tendemos a exagerar las cosas, s\u00f3lo a veces; no hay nada de malo en eso. Por nuestra\" \/>\n<meta property=\"og:url\" content=\"https:\/\/kalot.com.mx\/site\/2014\/01\/02\/dramatico-drama\/\" \/>\n<meta property=\"og:site_name\" content=\"Kalot\" \/>\n<meta property=\"article:publisher\" content=\"http:\/\/facebook.com\/mxkalot\" \/>\n<meta property=\"article:author\" content=\"https:\/\/www.facebook.com\/elie.alvarado1\" \/>\n<meta property=\"article:published_time\" content=\"2014-01-02T20:24:46+00:00\" \/>\n<meta property=\"article:modified_time\" content=\"2014-01-02T20:27:09+00:00\" \/>\n<meta property=\"og:image\" content=\"https:\/\/i1.wp.com\/kalot.com.mx\/site\/wp-content\/uploads\/2014\/01\/woman-crying-21.jpg?fit=499%2C435&ssl=1\" \/>\n\t<meta property=\"og:image:width\" content=\"499\" \/>\n\t<meta property=\"og:image:height\" content=\"435\" \/>\n\t<meta property=\"og:image:type\" content=\"image\/jpeg\" \/>\n<meta name=\"author\" content=\"Mar\u00eda Alvarado\" \/>\n<meta name=\"twitter:card\" content=\"summary_large_image\" \/>\n<meta name=\"twitter:creator\" content=\"@Me_elieA\" \/>\n<meta name=\"twitter:site\" content=\"@kalotmx\" \/>\n<meta name=\"twitter:label1\" content=\"Escrito por\" \/>\n\t<meta name=\"twitter:data1\" content=\"Mar\u00eda Alvarado\" \/>\n\t<meta name=\"twitter:label2\" content=\"Tiempo de lectura\" \/>\n\t<meta name=\"twitter:data2\" content=\"4 minutos\" \/>\n<!-- \/ Yoast SEO plugin. -->","yoast_head_json":{"title":"Drama","description":"Soy una persona dram\u00e1tica por naturaleza, por ende los dram\u00e1ticos tendemos a exagerar las cosas, s\u00f3lo a veces; no hay nada de malo en eso. Por nuestra","robots":{"index":"index","follow":"follow","max-snippet":"max-snippet:-1","max-image-preview":"max-image-preview:large","max-video-preview":"max-video-preview:-1"},"canonical":"https:\/\/kalot.com.mx\/site\/2014\/01\/02\/dramatico-drama\/","og_locale":"es_MX","og_type":"article","og_title":"Drama","og_description":"Soy una persona dram\u00e1tica por naturaleza, por ende los dram\u00e1ticos tendemos a exagerar las cosas, s\u00f3lo a veces; no hay nada de malo en eso. Por nuestra","og_url":"https:\/\/kalot.com.mx\/site\/2014\/01\/02\/dramatico-drama\/","og_site_name":"Kalot","article_publisher":"http:\/\/facebook.com\/mxkalot","article_author":"https:\/\/www.facebook.com\/elie.alvarado1","article_published_time":"2014-01-02T20:24:46+00:00","article_modified_time":"2014-01-02T20:27:09+00:00","og_image":[{"width":499,"height":435,"url":"https:\/\/i1.wp.com\/kalot.com.mx\/site\/wp-content\/uploads\/2014\/01\/woman-crying-21.jpg?fit=499%2C435&ssl=1","type":"image\/jpeg"}],"author":"Mar\u00eda Alvarado","twitter_card":"summary_large_image","twitter_creator":"@Me_elieA","twitter_site":"@kalotmx","twitter_misc":{"Escrito por":"Mar\u00eda Alvarado","Tiempo de lectura":"4 minutos"},"schema":{"@context":"https:\/\/schema.org","@graph":[{"@type":"Article","@id":"https:\/\/kalot.com.mx\/site\/2014\/01\/02\/dramatico-drama\/#article","isPartOf":{"@id":"https:\/\/kalot.com.mx\/site\/2014\/01\/02\/dramatico-drama\/"},"author":{"name":"Mar\u00eda Alvarado","@id":"https:\/\/kalot.com.mx\/site\/#\/schema\/person\/2364e48efea2244b0799211aeff4847e"},"headline":"Dram\u00e1tico drama.","datePublished":"2014-01-02T20:24:46+00:00","dateModified":"2014-01-02T20:27:09+00:00","mainEntityOfPage":{"@id":"https:\/\/kalot.com.mx\/site\/2014\/01\/02\/dramatico-drama\/"},"wordCount":721,"commentCount":0,"publisher":{"@id":"https:\/\/kalot.com.mx\/site\/#organization"},"image":{"@id":"https:\/\/kalot.com.mx\/site\/2014\/01\/02\/dramatico-drama\/#primaryimage"},"thumbnailUrl":"https:\/\/i0.wp.com\/kalot.com.mx\/site\/wp-content\/uploads\/2014\/01\/woman-crying-21.jpg?fit=499%2C435&ssl=1","inLanguage":"es","potentialAction":[{"@type":"CommentAction","name":"Comment","target":["https:\/\/kalot.com.mx\/site\/2014\/01\/02\/dramatico-drama\/#respond"]}]},{"@type":"WebPage","@id":"https:\/\/kalot.com.mx\/site\/2014\/01\/02\/dramatico-drama\/","url":"https:\/\/kalot.com.mx\/site\/2014\/01\/02\/dramatico-drama\/","name":"Drama","isPartOf":{"@id":"https:\/\/kalot.com.mx\/site\/#website"},"primaryImageOfPage":{"@id":"https:\/\/kalot.com.mx\/site\/2014\/01\/02\/dramatico-drama\/#primaryimage"},"image":{"@id":"https:\/\/kalot.com.mx\/site\/2014\/01\/02\/dramatico-drama\/#primaryimage"},"thumbnailUrl":"https:\/\/i0.wp.com\/kalot.com.mx\/site\/wp-content\/uploads\/2014\/01\/woman-crying-21.jpg?fit=499%2C435&ssl=1","datePublished":"2014-01-02T20:24:46+00:00","dateModified":"2014-01-02T20:27:09+00:00","description":"Soy una persona dram\u00e1tica por naturaleza, por ende los dram\u00e1ticos tendemos a exagerar las cosas, s\u00f3lo a veces; no hay nada de malo en eso. Por nuestra","breadcrumb":{"@id":"https:\/\/kalot.com.mx\/site\/2014\/01\/02\/dramatico-drama\/#breadcrumb"},"inLanguage":"es","potentialAction":[{"@type":"ReadAction","target":["https:\/\/kalot.com.mx\/site\/2014\/01\/02\/dramatico-drama\/"]}]},{"@type":"ImageObject","inLanguage":"es","@id":"https:\/\/kalot.com.mx\/site\/2014\/01\/02\/dramatico-drama\/#primaryimage","url":"https:\/\/i0.wp.com\/kalot.com.mx\/site\/wp-content\/uploads\/2014\/01\/woman-crying-21.jpg?fit=499%2C435&ssl=1","contentUrl":"https:\/\/i0.wp.com\/kalot.com.mx\/site\/wp-content\/uploads\/2014\/01\/woman-crying-21.jpg?fit=499%2C435&ssl=1","width":499,"height":435},{"@type":"BreadcrumbList","@id":"https:\/\/kalot.com.mx\/site\/2014\/01\/02\/dramatico-drama\/#breadcrumb","itemListElement":[{"@type":"ListItem","position":1,"name":"Home","item":"https:\/\/kalot.com.mx\/site\/"},{"@type":"ListItem","position":2,"name":"Dram\u00e1tico drama."}]},{"@type":"WebSite","@id":"https:\/\/kalot.com.mx\/site\/#website","url":"https:\/\/kalot.com.mx\/site\/","name":"Kalot","description":"Conoce Todo Sobre Todo","publisher":{"@id":"https:\/\/kalot.com.mx\/site\/#organization"},"potentialAction":[{"@type":"SearchAction","target":{"@type":"EntryPoint","urlTemplate":"https:\/\/kalot.com.mx\/site\/?s={search_term_string}"},"query-input":{"@type":"PropertyValueSpecification","valueRequired":true,"valueName":"search_term_string"}}],"inLanguage":"es"},{"@type":"Organization","@id":"https:\/\/kalot.com.mx\/site\/#organization","name":"Kalot","url":"https:\/\/kalot.com.mx\/site\/","logo":{"@type":"ImageObject","inLanguage":"es","@id":"https:\/\/kalot.com.mx\/site\/#\/schema\/logo\/image\/","url":"https:\/\/i0.wp.com\/kalot.com.mx\/site\/wp-content\/uploads\/2020\/04\/Kalot-logo-sin-tagline.png?fit=1707%2C1014&ssl=1","contentUrl":"https:\/\/i0.wp.com\/kalot.com.mx\/site\/wp-content\/uploads\/2020\/04\/Kalot-logo-sin-tagline.png?fit=1707%2C1014&ssl=1","width":1707,"height":1014,"caption":"Kalot"},"image":{"@id":"https:\/\/kalot.com.mx\/site\/#\/schema\/logo\/image\/"},"sameAs":["http:\/\/facebook.com\/mxkalot","https:\/\/x.com\/kalotmx","http:\/\/instagram.com\/kalotmx","http:\/\/pinterest.com\/jorgeerana\/kalot"]},{"@type":"Person","@id":"https:\/\/kalot.com.mx\/site\/#\/schema\/person\/2364e48efea2244b0799211aeff4847e","name":"Mar\u00eda Alvarado","image":{"@type":"ImageObject","inLanguage":"es","@id":"https:\/\/secure.gravatar.com\/avatar\/2a5c53655315c4a72bc8b3127daca732f3ccab828ef0de13ec26f266fc855c6b?s=96&d=mm&r=g","url":"https:\/\/secure.gravatar.com\/avatar\/2a5c53655315c4a72bc8b3127daca732f3ccab828ef0de13ec26f266fc855c6b?s=96&d=mm&r=g","contentUrl":"https:\/\/secure.gravatar.com\/avatar\/2a5c53655315c4a72bc8b3127daca732f3ccab828ef0de13ec26f266fc855c6b?s=96&d=mm&r=g","caption":"Mar\u00eda Alvarado"},"description":"El perfecto ejemplo de una rom\u00e1ntica so\u00f1adora, drama queen y devoradora de libros. Una parlanchina innata que goza de los peque\u00f1os placeres que ofrece esta vida y fan\u00e1tica de las sonrisas.","sameAs":["https:\/\/www.facebook.com\/elie.alvarado1","https:\/\/x.com\/Me_elieA"],"url":"https:\/\/kalot.com.mx\/site\/author\/elisa\/"}]}},"jetpack_publicize_connections":[],"jetpack_featured_media_url":"https:\/\/i0.wp.com\/kalot.com.mx\/site\/wp-content\/uploads\/2014\/01\/woman-crying-21.jpg?fit=499%2C435&ssl=1","jetpack_shortlink":"https:\/\/wp.me\/p6IHEI-2jt","jetpack-related-posts":[{"id":9271,"url":"https:\/\/kalot.com.mx\/site\/2014\/01\/09\/entra-luz\/","url_meta":{"origin":8895,"position":0},"title":"Entra luz.","author":"Mar\u00eda Alvarado","date":"9 enero, 2014","format":false,"excerpt":"[dropcap size=small]D[\/dropcap]urante todas nuestras vidas van a ir y venir personas que tal vez nos dejen cosas buenas o malas, pero cada una de esas personas tendr\u00e1 o tiene ya un prop\u00f3sito en nuestras vidas. Desde dejarnos la mejor sensaci\u00f3n del mundo hasta una peque\u00f1a o muy grande cicatriz, todos\u2026","rel":"","context":"Entrada similar ","block_context":{"text":"Entrada similar ","link":""},"img":{"alt_text":"","src":"https:\/\/i0.wp.com\/kalot.com.mx\/site\/wp-content\/uploads\/2014\/01\/memories.jpg?fit=700%2C501&ssl=1&resize=350%2C200","width":350,"height":200,"srcset":"https:\/\/i0.wp.com\/kalot.com.mx\/site\/wp-content\/uploads\/2014\/01\/memories.jpg?fit=700%2C501&ssl=1&resize=350%2C200 1x, https:\/\/i0.wp.com\/kalot.com.mx\/site\/wp-content\/uploads\/2014\/01\/memories.jpg?fit=700%2C501&ssl=1&resize=525%2C300 1.5x, https:\/\/i0.wp.com\/kalot.com.mx\/site\/wp-content\/uploads\/2014\/01\/memories.jpg?fit=700%2C501&ssl=1&resize=700%2C400 2x"},"classes":[]},{"id":16157,"url":"https:\/\/kalot.com.mx\/site\/2014\/05\/21\/momentos-motivos-y-miedos\/","url_meta":{"origin":8895,"position":1},"title":"MOMENTOS, MOTIVOS Y MIEDOS.","author":"Sebasti\u00e1n Mart\u00ednez","date":"21 mayo, 2014","format":false,"excerpt":"En la vida hay un momento en el que te sientes deca\u00eddo, sin motivos, que est\u00e1s hasta la coronilla, que sientes que te lleva la que te trajo, de esas veces que andas bien tristecillo. Y no quieres contarle a nadie porque sabes que te echar\u00e1n sus pl\u00e1ticas est\u00fapidas \"motivacionales\"\u2026","rel":"","context":"Entrada similar ","block_context":{"text":"Entrada similar ","link":""},"img":{"alt_text":"","src":"https:\/\/i0.wp.com\/kalot.com.mx\/site\/wp-content\/uploads\/2014\/05\/SoledadKalot.jpg?fit=1024%2C681&ssl=1&resize=350%2C200","width":350,"height":200,"srcset":"https:\/\/i0.wp.com\/kalot.com.mx\/site\/wp-content\/uploads\/2014\/05\/SoledadKalot.jpg?fit=1024%2C681&ssl=1&resize=350%2C200 1x, https:\/\/i0.wp.com\/kalot.com.mx\/site\/wp-content\/uploads\/2014\/05\/SoledadKalot.jpg?fit=1024%2C681&ssl=1&resize=525%2C300 1.5x, https:\/\/i0.wp.com\/kalot.com.mx\/site\/wp-content\/uploads\/2014\/05\/SoledadKalot.jpg?fit=1024%2C681&ssl=1&resize=700%2C400 2x"},"classes":[]},{"id":11453,"url":"https:\/\/kalot.com.mx\/site\/2014\/02\/13\/lo-que-quiero-hacer\/","url_meta":{"origin":8895,"position":2},"title":"Lo que quiero hacer&#8230;","author":"Santiago Herrera","date":"13 febrero, 2014","format":false,"excerpt":"Siempre me pregunte qu\u00e9 ser\u00eda lo que har\u00eda para ganarme la vida. Creo que todas las personas se lo preguntan en alg\u00fan momento de su vida de j\u00f3venes. Algunos lo saben de inmediato. Otros a\u00fan no lo saben. Mi problema era que yo no ten\u00eda idea fija, solo sab\u00eda que\u2026","rel":"","context":"Con 1 comentario","block_context":{"text":"Con 1 comentario","link":"https:\/\/kalot.com.mx\/site\/2014\/02\/13\/lo-que-quiero-hacer\/#comments"},"img":{"alt_text":"","src":"https:\/\/i0.wp.com\/kalot.com.mx\/site\/wp-content\/uploads\/2014\/02\/man-of-steel-cover-2.jpg?fit=640%2C339&ssl=1&resize=350%2C200","width":350,"height":200,"srcset":"https:\/\/i0.wp.com\/kalot.com.mx\/site\/wp-content\/uploads\/2014\/02\/man-of-steel-cover-2.jpg?fit=640%2C339&ssl=1&resize=350%2C200 1x, https:\/\/i0.wp.com\/kalot.com.mx\/site\/wp-content\/uploads\/2014\/02\/man-of-steel-cover-2.jpg?fit=640%2C339&ssl=1&resize=525%2C300 1.5x"},"classes":[]},{"id":23517,"url":"https:\/\/kalot.com.mx\/site\/2015\/09\/18\/muerta-en-vida\/","url_meta":{"origin":8895,"position":3},"title":"Muerta en Vida","author":"Fabiia Rivera","date":"18 septiembre, 2015","format":false,"excerpt":"Hola, mis queridos kaloteros, muy buena semanita de lluvia rica y no tan rica ya que vivimos en una venecia muy molesta, con prisas, compromisos etc. , y con estas lluvias nos impide hacer nuestra labores y cumplir con nuestros compromisos. El estar muerta en vida no es m\u00e1s que\u2026","rel":"","context":"En &quot;Novedades&quot;","block_context":{"text":"Novedades","link":"https:\/\/kalot.com.mx\/site\/category\/novedades\/"},"img":{"alt_text":"","src":"https:\/\/i0.wp.com\/kalot.com.mx\/site\/wp-content\/uploads\/2015\/09\/MUERTA-EN-VIDA.jpg?fit=900%2C462&ssl=1&resize=350%2C200","width":350,"height":200,"srcset":"https:\/\/i0.wp.com\/kalot.com.mx\/site\/wp-content\/uploads\/2015\/09\/MUERTA-EN-VIDA.jpg?fit=900%2C462&ssl=1&resize=350%2C200 1x, https:\/\/i0.wp.com\/kalot.com.mx\/site\/wp-content\/uploads\/2015\/09\/MUERTA-EN-VIDA.jpg?fit=900%2C462&ssl=1&resize=525%2C300 1.5x, https:\/\/i0.wp.com\/kalot.com.mx\/site\/wp-content\/uploads\/2015\/09\/MUERTA-EN-VIDA.jpg?fit=900%2C462&ssl=1&resize=700%2C400 2x"},"classes":[]},{"id":6352,"url":"https:\/\/kalot.com.mx\/site\/2013\/11\/12\/jack-kerouac\/","url_meta":{"origin":8895,"position":4},"title":"Jack Kerouac y una rica sopa de coditos","author":"Dulce Mireles","date":"12 noviembre, 2013","format":false,"excerpt":"Todos nos hemos sentido alguna vez extranjeros del mundo, con ansiedad de buscar, buscar y buscar. Yo creo que en el mundo hay muchas almas como las m\u00edas, ansiosas de ver todos los d\u00edas cosas nuevas, de ver imagenes, de comerse al mundo con los ojos. A mi lo que\u2026","rel":"","context":"En &quot;Sin categor\u00eda&quot;","block_context":{"text":"Sin categor\u00eda","link":"https:\/\/kalot.com.mx\/site\/category\/sin-categoria\/"},"img":{"alt_text":"","src":"https:\/\/i0.wp.com\/kalot.com.mx\/site\/wp-content\/uploads\/2013\/11\/agagaga.jpg?fit=600%2C600&ssl=1&resize=350%2C200","width":350,"height":200,"srcset":"https:\/\/i0.wp.com\/kalot.com.mx\/site\/wp-content\/uploads\/2013\/11\/agagaga.jpg?fit=600%2C600&ssl=1&resize=350%2C200 1x, https:\/\/i0.wp.com\/kalot.com.mx\/site\/wp-content\/uploads\/2013\/11\/agagaga.jpg?fit=600%2C600&ssl=1&resize=525%2C300 1.5x"},"classes":[]},{"id":3845,"url":"https:\/\/kalot.com.mx\/site\/2013\/10\/13\/just-tu\/","url_meta":{"origin":8895,"position":5},"title":"JUST DO IT #TU","author":"Leticia SanMiguel","date":"13 octubre, 2013","format":false,"excerpt":"\u00bfSientes que no estas avanzando en tu vida?, \u00bfSientes que ya no tienes control sobre las cosas y que ya no tienes elecci\u00f3n?, \u00bfTe vuelves victima de tu propia vida ? \u00bfNo sabes a d\u00f3nde carajos vas? \u00a0 No mas preocupaciones chuladas, aqu\u00ed les dejo unos consejos que a mi\u2026","rel":"","context":"Entrada similar ","block_context":{"text":"Entrada similar ","link":""},"img":{"alt_text":"tristeza_0","src":"https:\/\/i0.wp.com\/www.kalot.com.mx\/wp-content\/uploads\/2013\/10\/tristeza_0-300x200.jpg?resize=350%2C200","width":350,"height":200},"classes":[]}],"jetpack_sharing_enabled":true,"_links":{"self":[{"href":"https:\/\/kalot.com.mx\/site\/wp-json\/wp\/v2\/posts\/8895","targetHints":{"allow":["GET"]}}],"collection":[{"href":"https:\/\/kalot.com.mx\/site\/wp-json\/wp\/v2\/posts"}],"about":[{"href":"https:\/\/kalot.com.mx\/site\/wp-json\/wp\/v2\/types\/post"}],"author":[{"embeddable":true,"href":"https:\/\/kalot.com.mx\/site\/wp-json\/wp\/v2\/users\/61"}],"replies":[{"embeddable":true,"href":"https:\/\/kalot.com.mx\/site\/wp-json\/wp\/v2\/comments?post=8895"}],"version-history":[{"count":0,"href":"https:\/\/kalot.com.mx\/site\/wp-json\/wp\/v2\/posts\/8895\/revisions"}],"wp:featuredmedia":[{"embeddable":true,"href":"https:\/\/kalot.com.mx\/site\/wp-json\/wp\/v2\/media\/8903"}],"wp:attachment":[{"href":"https:\/\/kalot.com.mx\/site\/wp-json\/wp\/v2\/media?parent=8895"}],"wp:term":[{"taxonomy":"category","embeddable":true,"href":"https:\/\/kalot.com.mx\/site\/wp-json\/wp\/v2\/categories?post=8895"},{"taxonomy":"post_tag","embeddable":true,"href":"https:\/\/kalot.com.mx\/site\/wp-json\/wp\/v2\/tags?post=8895"}],"curies":[{"name":"wp","href":"https:\/\/api.w.org\/{rel}","templated":true}]}}