{"id":8889,"date":"2014-01-02T12:00:44","date_gmt":"2014-01-02T18:00:44","guid":{"rendered":"http:\/\/www.kalot.com.mx\/?p=8889"},"modified":"2017-12-20T11:38:59","modified_gmt":"2017-12-20T17:38:59","slug":"the-amazing-spider-man-2","status":"publish","type":"post","link":"https:\/\/kalot.com.mx\/site\/2014\/01\/02\/the-amazing-spider-man-2\/","title":{"rendered":"Nuevo avance de The Amazing Spider-Man 2"},"content":{"rendered":"<p style=\"text-align: justify;\">\u00bfQu\u00e9 podr\u00eda ser mejor para proyectar un cierre de a\u00f1o en el <strong>Times Square<\/strong>?<\/p>\n<p style=\"text-align: justify;\"><a href=\"http:\/\/www.kalot.com.mx\/2014\/01\/02\/the-amazing-spider-man-2\/spiderman2poster\/\" rel=\"attachment wp-att-8890\"><img fetchpriority=\"high\" decoding=\"async\" data-attachment-id=\"8890\" data-permalink=\"https:\/\/kalot.com.mx\/site\/2014\/01\/02\/the-amazing-spider-man-2\/spiderman2poster\/\" data-orig-file=\"https:\/\/i0.wp.com\/kalot.com.mx\/site\/wp-content\/uploads\/2014\/01\/spiderman2poster.jpg?fit=640%2C948&ssl=1\" data-orig-size=\"640,948\" data-comments-opened=\"1\" data-image-meta=\"{&quot;aperture&quot;:&quot;0&quot;,&quot;credit&quot;:&quot;&quot;,&quot;camera&quot;:&quot;&quot;,&quot;caption&quot;:&quot;&quot;,&quot;created_timestamp&quot;:&quot;0&quot;,&quot;copyright&quot;:&quot;&quot;,&quot;focal_length&quot;:&quot;0&quot;,&quot;iso&quot;:&quot;0&quot;,&quot;shutter_speed&quot;:&quot;0&quot;,&quot;title&quot;:&quot;&quot;,&quot;orientation&quot;:&quot;0&quot;}\" data-image-title=\"spiderman2poster\" data-image-description=\"\" data-image-caption=\"\" data-large-file=\"https:\/\/i0.wp.com\/kalot.com.mx\/site\/wp-content\/uploads\/2014\/01\/spiderman2poster.jpg?fit=640%2C948&ssl=1\" class=\"aligncenter size-full wp-image-8890\" alt=\"spiderman2poster\" src=\"https:\/\/i1.wp.com\/kalot.com.mx\/site\/wp-content\/uploads\/2014\/01\/spiderman2poster.jpg?fit=640%2C948&ssl=1\" width=\"640\" height=\"948\" srcset=\"https:\/\/i0.wp.com\/kalot.com.mx\/site\/wp-content\/uploads\/2014\/01\/spiderman2poster.jpg?w=640&ssl=1 640w, https:\/\/i0.wp.com\/kalot.com.mx\/site\/wp-content\/uploads\/2014\/01\/spiderman2poster.jpg?resize=380%2C563&ssl=1 380w, https:\/\/i0.wp.com\/kalot.com.mx\/site\/wp-content\/uploads\/2014\/01\/spiderman2poster.jpg?resize=203%2C300&ssl=1 203w, https:\/\/i0.wp.com\/kalot.com.mx\/site\/wp-content\/uploads\/2014\/01\/spiderman2poster.jpg?resize=300%2C444&ssl=1 300w\" sizes=\"(max-width: 640px) 100vw, 640px\" \/><\/a><\/p>\n<p style=\"text-align: justify;\">Este a\u00f1o aparte de las celebraciones normales en Nueva York para despedir al a\u00f1o 2013, se opt\u00f3 por proyectar el nuevo <strong>avance<\/strong> que Stan Lee ten\u00eda para todos los fans del famoso superh\u00e9roe Neoyorquino.<\/p>\n<p style=\"text-align: justify;\">El avance es presentado por Stan Lee, el creador del c\u00f3mic y lo presenta con una efusi\u00f3n como si estuviera \u00e9l mismo columpi\u00e1ndose por los rascacielos de NY.<\/p>\n<p style=\"text-align: justify;\">El avance muestra un parte de la pelea entre <strong>Spider-Man<\/strong> y Electro que es interpretado por Jamie Foxx. La pel\u00edcula est\u00e1 pronto a estrenarse a nivel mundial, la fecha es en mayo de este a\u00f1o as\u00ed que necesitas estar al pendiente de Kalot para confirmarte la fecha que se estrenar\u00e1 en nuestro pa\u00eds.<\/p>\n<p style=\"text-align: justify;\"><strong>Aqu\u00ed est\u00e1 el avance que se proyect\u00f3 en Times Square, \u00bfte hubiera gustado estar ah\u00ed?<\/strong><\/p>\n[embedvideo id=\u201dPFjZa0wnQUM\u201d website=\u201dyoutube\u201d]\n<p>\u00a0<\/p>\n","protected":false},"excerpt":{"rendered":"\u00bfQu\u00e9 podr\u00eda ser mejor para proyectar un cierre de a\u00f1o en el Times Square? Este a\u00f1o aparte de&hellip;\n","protected":false},"author":1,"featured_media":8890,"comment_status":"open","ping_status":"open","sticky":false,"template":"","format":"standard","meta":{"jetpack_post_was_ever_published":false,"_jetpack_newsletter_access":"","_jetpack_dont_email_post_to_subs":false,"_jetpack_newsletter_tier_id":0,"_jetpack_memberships_contains_paywalled_content":false,"_jetpack_memberships_contains_paid_content":false,"footnotes":"","jetpack_publicize_message":"","jetpack_publicize_feature_enabled":true,"jetpack_social_post_already_shared":true,"jetpack_social_options":{"image_generator_settings":{"template":"highway","default_image_id":0,"font":"","enabled":false},"version":2}},"categories":[1],"tags":[],"class_list":{"0":"post-8889","1":"post","2":"type-post","3":"status-publish","4":"format-standard","5":"has-post-thumbnail","7":"category-sin-categoria","8":"cs-entry","9":"cs-video-wrap"},"yoast_head":"<!-- This site is optimized with the Yoast SEO plugin v27.5 - https:\/\/yoast.com\/product\/yoast-seo-wordpress\/ -->\n<title>Nuevo avance de The Amazing Spider-Man 2 - Kalot<\/title>\n<meta name=\"description\" content=\"\u00bfQu\u00e9 podr\u00eda ser mejor para proyectar un cierre de a\u00f1o en el Times Square? Este a\u00f1o aparte de las celebraciones normales en Nueva York para despedir al a\u00f1o\" \/>\n<meta name=\"robots\" content=\"index, follow, max-snippet:-1, max-image-preview:large, max-video-preview:-1\" \/>\n<link rel=\"canonical\" href=\"https:\/\/kalot.com.mx\/site\/2014\/01\/02\/the-amazing-spider-man-2\/\" \/>\n<meta property=\"og:locale\" content=\"es_MX\" \/>\n<meta property=\"og:type\" content=\"article\" \/>\n<meta property=\"og:title\" content=\"Nuevo avance de The Amazing Spider-Man 2 - Kalot\" \/>\n<meta property=\"og:description\" content=\"\u00bfQu\u00e9 podr\u00eda ser mejor para proyectar un cierre de a\u00f1o en el Times Square? Este a\u00f1o aparte de las celebraciones normales en Nueva York para despedir al a\u00f1o\" \/>\n<meta property=\"og:url\" content=\"https:\/\/kalot.com.mx\/site\/2014\/01\/02\/the-amazing-spider-man-2\/\" \/>\n<meta property=\"og:site_name\" content=\"Kalot\" \/>\n<meta property=\"article:publisher\" content=\"http:\/\/facebook.com\/mxkalot\" \/>\n<meta property=\"article:author\" content=\"http:\/\/www.facebook.com\/jorgeerana\" \/>\n<meta property=\"article:published_time\" content=\"2014-01-02T18:00:44+00:00\" \/>\n<meta property=\"article:modified_time\" content=\"2017-12-20T17:38:59+00:00\" \/>\n<meta property=\"og:image\" content=\"https:\/\/i2.wp.com\/kalot.com.mx\/site\/wp-content\/uploads\/2014\/01\/spiderman2poster.jpg?fit=640%2C948&ssl=1\" \/>\n\t<meta property=\"og:image:width\" content=\"640\" \/>\n\t<meta property=\"og:image:height\" content=\"948\" \/>\n\t<meta property=\"og:image:type\" content=\"image\/jpeg\" \/>\n<meta name=\"author\" content=\"Jorge Era\u00f1a\" \/>\n<meta name=\"twitter:card\" content=\"summary_large_image\" \/>\n<meta name=\"twitter:creator\" content=\"@jorge_erana\" \/>\n<meta name=\"twitter:site\" content=\"@kalotmx\" \/>\n<meta name=\"twitter:label1\" content=\"Escrito por\" \/>\n\t<meta name=\"twitter:data1\" content=\"Jorge Era\u00f1a\" \/>\n\t<meta name=\"twitter:label2\" content=\"Tiempo de lectura\" \/>\n\t<meta name=\"twitter:data2\" content=\"1 minuto\" \/>\n<!-- \/ Yoast SEO plugin. -->","yoast_head_json":{"title":"Nuevo avance de The Amazing Spider-Man 2 - Kalot","description":"\u00bfQu\u00e9 podr\u00eda ser mejor para proyectar un cierre de a\u00f1o en el Times Square? Este a\u00f1o aparte de las celebraciones normales en Nueva York para despedir al a\u00f1o","robots":{"index":"index","follow":"follow","max-snippet":"max-snippet:-1","max-image-preview":"max-image-preview:large","max-video-preview":"max-video-preview:-1"},"canonical":"https:\/\/kalot.com.mx\/site\/2014\/01\/02\/the-amazing-spider-man-2\/","og_locale":"es_MX","og_type":"article","og_title":"Nuevo avance de The Amazing Spider-Man 2 - Kalot","og_description":"\u00bfQu\u00e9 podr\u00eda ser mejor para proyectar un cierre de a\u00f1o en el Times Square? Este a\u00f1o aparte de las celebraciones normales en Nueva York para despedir al a\u00f1o","og_url":"https:\/\/kalot.com.mx\/site\/2014\/01\/02\/the-amazing-spider-man-2\/","og_site_name":"Kalot","article_publisher":"http:\/\/facebook.com\/mxkalot","article_author":"http:\/\/www.facebook.com\/jorgeerana","article_published_time":"2014-01-02T18:00:44+00:00","article_modified_time":"2017-12-20T17:38:59+00:00","og_image":[{"width":640,"height":948,"url":"https:\/\/i2.wp.com\/kalot.com.mx\/site\/wp-content\/uploads\/2014\/01\/spiderman2poster.jpg?fit=640%2C948&ssl=1","type":"image\/jpeg"}],"author":"Jorge Era\u00f1a","twitter_card":"summary_large_image","twitter_creator":"@jorge_erana","twitter_site":"@kalotmx","twitter_misc":{"Escrito por":"Jorge Era\u00f1a","Tiempo de lectura":"1 minuto"},"schema":{"@context":"https:\/\/schema.org","@graph":[{"@type":"Article","@id":"https:\/\/kalot.com.mx\/site\/2014\/01\/02\/the-amazing-spider-man-2\/#article","isPartOf":{"@id":"https:\/\/kalot.com.mx\/site\/2014\/01\/02\/the-amazing-spider-man-2\/"},"author":{"name":"Jorge Era\u00f1a","@id":"https:\/\/kalot.com.mx\/site\/#\/schema\/person\/439e32b5ce86d9bc80cf42ab58e1c6e0"},"headline":"Nuevo avance de The Amazing Spider-Man 2","datePublished":"2014-01-02T18:00:44+00:00","dateModified":"2017-12-20T17:38:59+00:00","mainEntityOfPage":{"@id":"https:\/\/kalot.com.mx\/site\/2014\/01\/02\/the-amazing-spider-man-2\/"},"wordCount":168,"commentCount":0,"publisher":{"@id":"https:\/\/kalot.com.mx\/site\/#organization"},"image":{"@id":"https:\/\/kalot.com.mx\/site\/2014\/01\/02\/the-amazing-spider-man-2\/#primaryimage"},"thumbnailUrl":"https:\/\/i0.wp.com\/kalot.com.mx\/site\/wp-content\/uploads\/2014\/01\/spiderman2poster.jpg?fit=640%2C948&ssl=1","inLanguage":"es","potentialAction":[{"@type":"CommentAction","name":"Comment","target":["https:\/\/kalot.com.mx\/site\/2014\/01\/02\/the-amazing-spider-man-2\/#respond"]}]},{"@type":"WebPage","@id":"https:\/\/kalot.com.mx\/site\/2014\/01\/02\/the-amazing-spider-man-2\/","url":"https:\/\/kalot.com.mx\/site\/2014\/01\/02\/the-amazing-spider-man-2\/","name":"Nuevo avance de The Amazing Spider-Man 2 - Kalot","isPartOf":{"@id":"https:\/\/kalot.com.mx\/site\/#website"},"primaryImageOfPage":{"@id":"https:\/\/kalot.com.mx\/site\/2014\/01\/02\/the-amazing-spider-man-2\/#primaryimage"},"image":{"@id":"https:\/\/kalot.com.mx\/site\/2014\/01\/02\/the-amazing-spider-man-2\/#primaryimage"},"thumbnailUrl":"https:\/\/i0.wp.com\/kalot.com.mx\/site\/wp-content\/uploads\/2014\/01\/spiderman2poster.jpg?fit=640%2C948&ssl=1","datePublished":"2014-01-02T18:00:44+00:00","dateModified":"2017-12-20T17:38:59+00:00","description":"\u00bfQu\u00e9 podr\u00eda ser mejor para proyectar un cierre de a\u00f1o en el Times Square? Este a\u00f1o aparte de las celebraciones normales en Nueva York para despedir al a\u00f1o","breadcrumb":{"@id":"https:\/\/kalot.com.mx\/site\/2014\/01\/02\/the-amazing-spider-man-2\/#breadcrumb"},"inLanguage":"es","potentialAction":[{"@type":"ReadAction","target":["https:\/\/kalot.com.mx\/site\/2014\/01\/02\/the-amazing-spider-man-2\/"]}]},{"@type":"ImageObject","inLanguage":"es","@id":"https:\/\/kalot.com.mx\/site\/2014\/01\/02\/the-amazing-spider-man-2\/#primaryimage","url":"https:\/\/i0.wp.com\/kalot.com.mx\/site\/wp-content\/uploads\/2014\/01\/spiderman2poster.jpg?fit=640%2C948&ssl=1","contentUrl":"https:\/\/i0.wp.com\/kalot.com.mx\/site\/wp-content\/uploads\/2014\/01\/spiderman2poster.jpg?fit=640%2C948&ssl=1","width":640,"height":948},{"@type":"BreadcrumbList","@id":"https:\/\/kalot.com.mx\/site\/2014\/01\/02\/the-amazing-spider-man-2\/#breadcrumb","itemListElement":[{"@type":"ListItem","position":1,"name":"Home","item":"https:\/\/kalot.com.mx\/site\/"},{"@type":"ListItem","position":2,"name":"Nuevo avance de The Amazing Spider-Man 2"}]},{"@type":"WebSite","@id":"https:\/\/kalot.com.mx\/site\/#website","url":"https:\/\/kalot.com.mx\/site\/","name":"Kalot","description":"Conoce Todo Sobre Todo","publisher":{"@id":"https:\/\/kalot.com.mx\/site\/#organization"},"potentialAction":[{"@type":"SearchAction","target":{"@type":"EntryPoint","urlTemplate":"https:\/\/kalot.com.mx\/site\/?s={search_term_string}"},"query-input":{"@type":"PropertyValueSpecification","valueRequired":true,"valueName":"search_term_string"}}],"inLanguage":"es"},{"@type":"Organization","@id":"https:\/\/kalot.com.mx\/site\/#organization","name":"Kalot","url":"https:\/\/kalot.com.mx\/site\/","logo":{"@type":"ImageObject","inLanguage":"es","@id":"https:\/\/kalot.com.mx\/site\/#\/schema\/logo\/image\/","url":"https:\/\/i0.wp.com\/kalot.com.mx\/site\/wp-content\/uploads\/2020\/04\/Kalot-logo-sin-tagline.png?fit=1707%2C1014&ssl=1","contentUrl":"https:\/\/i0.wp.com\/kalot.com.mx\/site\/wp-content\/uploads\/2020\/04\/Kalot-logo-sin-tagline.png?fit=1707%2C1014&ssl=1","width":1707,"height":1014,"caption":"Kalot"},"image":{"@id":"https:\/\/kalot.com.mx\/site\/#\/schema\/logo\/image\/"},"sameAs":["http:\/\/facebook.com\/mxkalot","https:\/\/x.com\/kalotmx","http:\/\/instagram.com\/kalotmx","http:\/\/pinterest.com\/jorgeerana\/kalot"]},{"@type":"Person","@id":"https:\/\/kalot.com.mx\/site\/#\/schema\/person\/439e32b5ce86d9bc80cf42ab58e1c6e0","name":"Jorge Era\u00f1a","image":{"@type":"ImageObject","inLanguage":"es","@id":"https:\/\/secure.gravatar.com\/avatar\/212c04a1057d7abed0b82aaef6a7ff59168e10f70fcde39376c565ea83c43a85?s=96&d=mm&r=g","url":"https:\/\/secure.gravatar.com\/avatar\/212c04a1057d7abed0b82aaef6a7ff59168e10f70fcde39376c565ea83c43a85?s=96&d=mm&r=g","contentUrl":"https:\/\/secure.gravatar.com\/avatar\/212c04a1057d7abed0b82aaef6a7ff59168e10f70fcde39376c565ea83c43a85?s=96&d=mm&r=g","caption":"Jorge Era\u00f1a"},"description":"Fundador de @KalotMx Mercad\u00f3logo, amante de la tecnolog\u00eda, #Geekazo, #socialmedia, #MarketingDigital, tv-shows, movies y de la vida. Admin","sameAs":["http:\/\/www.kalot.com.mx","http:\/\/www.facebook.com\/jorgeerana","https:\/\/x.com\/jorge_erana"],"url":"https:\/\/kalot.com.mx\/site\/author\/admin\/"}]}},"jetpack_publicize_connections":[],"jetpack_featured_media_url":"https:\/\/i0.wp.com\/kalot.com.mx\/site\/wp-content\/uploads\/2014\/01\/spiderman2poster.jpg?fit=640%2C948&ssl=1","jetpack_shortlink":"https:\/\/wp.me\/p6IHEI-2jn","jetpack-related-posts":[{"id":13066,"url":"https:\/\/kalot.com.mx\/site\/2014\/03\/06\/nuevo-avance-de-capitan-america-winter-soldier\/","url_meta":{"origin":8889,"position":0},"title":"Nuevo avance de Capit\u00e1n Am\u00e9rica: Winter Soldier","author":"Jorge Era\u00f1a","date":"6 marzo, 2014","format":false,"excerpt":"La combinaci\u00f3n perfecta se ve en este nuevo avance de Capit\u00e1n Am\u00e9rica: Winter Soldier donde podremos ver de regreso a uno de los superh\u00e9roes favoritos de Marvel y sobre todo a la bell\u00edsima Scarlett Johansson que pronto ser\u00e1 mam\u00e1. 4 minutos de acci\u00f3n y efectos especiales que nos aseguran que\u2026","rel":"","context":"Entrada similar ","block_context":{"text":"Entrada similar ","link":""},"img":{"alt_text":"capitan america winter soldier","src":"https:\/\/i0.wp.com\/kalot.com.mx\/site\/wp-content\/uploads\/2014\/03\/Screen-Shot-2014-03-06-at-1.59.11-PM.png?fit=634%2C261&ssl=1&resize=350%2C200","width":350,"height":200,"srcset":"https:\/\/i0.wp.com\/kalot.com.mx\/site\/wp-content\/uploads\/2014\/03\/Screen-Shot-2014-03-06-at-1.59.11-PM.png?fit=634%2C261&ssl=1&resize=350%2C200 1x, https:\/\/i0.wp.com\/kalot.com.mx\/site\/wp-content\/uploads\/2014\/03\/Screen-Shot-2014-03-06-at-1.59.11-PM.png?fit=634%2C261&ssl=1&resize=525%2C300 1.5x"},"classes":[]},{"id":30901,"url":"https:\/\/kalot.com.mx\/site\/2019\/01\/06\/vaya-sorpresa-la-de-spiderman-un-nuevo-universo\/","url_meta":{"origin":8889,"position":1},"title":"\u00a1\u00a1\u00a1Vaya sorpresa la de SPIDERMAN UN NUEVO UNIVERSO!!!","author":"HM_MKT007","date":"6 enero, 2019","format":false,"excerpt":"Hace apenas unas semanas, se estren\u00f3 la m\u00e1s reciente pel\u00edcula de SPIDERMAN, y a diferencia del MCU, esta pel\u00edcula es versi\u00f3n animada y pese a ello, es una de las m\u00e1s grandes sorpresas que dej\u00f3 el 2018. Cuando anunciaron esta pel\u00edcula de SPIDERMAN, a todos nos tom\u00f3 por sorpresa, porque\u2026","rel":"","context":"En &quot;Cine&quot;","block_context":{"text":"Cine","link":"https:\/\/kalot.com.mx\/site\/category\/cine\/"},"img":{"alt_text":"","src":"https:\/\/i0.wp.com\/kalot.com.mx\/site\/wp-content\/uploads\/2019\/01\/spidermanfotocontenido-97ef3452ea2083f1f66443115511d20a-1200x600.jpg?fit=1200%2C600&ssl=1&resize=350%2C200","width":350,"height":200,"srcset":"https:\/\/i0.wp.com\/kalot.com.mx\/site\/wp-content\/uploads\/2019\/01\/spidermanfotocontenido-97ef3452ea2083f1f66443115511d20a-1200x600.jpg?fit=1200%2C600&ssl=1&resize=350%2C200 1x, https:\/\/i0.wp.com\/kalot.com.mx\/site\/wp-content\/uploads\/2019\/01\/spidermanfotocontenido-97ef3452ea2083f1f66443115511d20a-1200x600.jpg?fit=1200%2C600&ssl=1&resize=525%2C300 1.5x, https:\/\/i0.wp.com\/kalot.com.mx\/site\/wp-content\/uploads\/2019\/01\/spidermanfotocontenido-97ef3452ea2083f1f66443115511d20a-1200x600.jpg?fit=1200%2C600&ssl=1&resize=700%2C400 2x, https:\/\/i0.wp.com\/kalot.com.mx\/site\/wp-content\/uploads\/2019\/01\/spidermanfotocontenido-97ef3452ea2083f1f66443115511d20a-1200x600.jpg?fit=1200%2C600&ssl=1&resize=1050%2C600 3x"},"classes":[]},{"id":26577,"url":"https:\/\/kalot.com.mx\/site\/2016\/10\/23\/spider-man-blue-comprendiendo-la-esencia-del-trepamuros\/","url_meta":{"origin":8889,"position":2},"title":"Spider-Man: Blue. Comprendiendo la esencia del trepamuros.","author":"Aldo L\u00f3pez","date":"23 octubre, 2016","format":false,"excerpt":"Por d\u00e9cadas, el hombre ara\u00f1a ha sido el personaje m\u00e1s querido y admirado por muchos lectores de la compa\u00f1\u00eda Marvel comics. Surgido en 1962 de las mentes de los geniales Stan Lee y Steve Ditko, en recientes a\u00f1os se ha vuelto un personaje de alcance masivo gracias a medios como\u2026","rel":"","context":"En &quot;Cultura&quot;","block_context":{"text":"Cultura","link":"https:\/\/kalot.com.mx\/site\/category\/cultura\/"},"img":{"alt_text":"","src":"https:\/\/i0.wp.com\/kalot.com.mx\/site\/wp-content\/uploads\/2016\/10\/spiderman-blue-cover.png?fit=466%2C478&ssl=1&resize=350%2C200","width":350,"height":200},"classes":[]},{"id":25963,"url":"https:\/\/kalot.com.mx\/site\/2016\/09\/02\/nuevo-avance-exorcista-legendario-soundtrack\/","url_meta":{"origin":8889,"position":3},"title":"Nuevo avance de &#8220;El Exorcista&#8221; con el legendario soundtrack.","author":"yash","date":"2 septiembre, 2016","format":false,"excerpt":"La serie producida por FX llegar\u00e1 el pr\u00f3ximo 23 de Septiembre. Estamos a unas semanas de que FX estrena su tan esperada serie basada en la pel\u00edcula de \"El Exorcista\". Ser\u00e1 el pr\u00f3ximo 23 de Septiembre cuando veamos esta nueva adaptaci\u00f3n en la pantalla chica. En este nuevo avance podemos\u2026","rel":"","context":"En &quot;Cine&quot;","block_context":{"text":"Cine","link":"https:\/\/kalot.com.mx\/site\/category\/cine\/"},"img":{"alt_text":"","src":"https:\/\/i0.wp.com\/kalot.com.mx\/site\/wp-content\/uploads\/2016\/08\/The-Exorcist-FOX-Fotos.jpg?fit=1200%2C675&ssl=1&resize=350%2C200","width":350,"height":200,"srcset":"https:\/\/i0.wp.com\/kalot.com.mx\/site\/wp-content\/uploads\/2016\/08\/The-Exorcist-FOX-Fotos.jpg?fit=1200%2C675&ssl=1&resize=350%2C200 1x, https:\/\/i0.wp.com\/kalot.com.mx\/site\/wp-content\/uploads\/2016\/08\/The-Exorcist-FOX-Fotos.jpg?fit=1200%2C675&ssl=1&resize=525%2C300 1.5x, https:\/\/i0.wp.com\/kalot.com.mx\/site\/wp-content\/uploads\/2016\/08\/The-Exorcist-FOX-Fotos.jpg?fit=1200%2C675&ssl=1&resize=700%2C400 2x, https:\/\/i0.wp.com\/kalot.com.mx\/site\/wp-content\/uploads\/2016\/08\/The-Exorcist-FOX-Fotos.jpg?fit=1200%2C675&ssl=1&resize=1050%2C600 3x"},"classes":[]},{"id":24745,"url":"https:\/\/kalot.com.mx\/site\/2016\/01\/12\/elbosquesiniestro-presenta-nuevo-avance\/","url_meta":{"origin":8889,"position":4},"title":"#ElBosqueSiniestro presenta nuevo avance","author":"yash","date":"12 enero, 2016","format":false,"excerpt":"El Bosque Siniestro muestra un nuevo avance en el que se observan los oscuros secretos que oculta\u00a0el famoso bosque de Aokigahara, en Jap\u00f3n. \u00a0 Sinopsis: \u201cUna chica estadounidense, Sara (Dormer), viaja hasta Jap\u00f3n en busca de su hermana gemela, que ha desaparecido misteriosamente. Sara entra en el bosque de Aokigahara\u2026","rel":"","context":"En &quot;Cine&quot;","block_context":{"text":"Cine","link":"https:\/\/kalot.com.mx\/site\/category\/cine\/"},"img":{"alt_text":"","src":"https:\/\/i0.wp.com\/kalot.com.mx\/site\/wp-content\/uploads\/2016\/01\/Bosque2.jpg?fit=1200%2C675&ssl=1&resize=350%2C200","width":350,"height":200,"srcset":"https:\/\/i0.wp.com\/kalot.com.mx\/site\/wp-content\/uploads\/2016\/01\/Bosque2.jpg?fit=1200%2C675&ssl=1&resize=350%2C200 1x, https:\/\/i0.wp.com\/kalot.com.mx\/site\/wp-content\/uploads\/2016\/01\/Bosque2.jpg?fit=1200%2C675&ssl=1&resize=525%2C300 1.5x, https:\/\/i0.wp.com\/kalot.com.mx\/site\/wp-content\/uploads\/2016\/01\/Bosque2.jpg?fit=1200%2C675&ssl=1&resize=700%2C400 2x, https:\/\/i0.wp.com\/kalot.com.mx\/site\/wp-content\/uploads\/2016\/01\/Bosque2.jpg?fit=1200%2C675&ssl=1&resize=1050%2C600 3x"},"classes":[]},{"id":7824,"url":"https:\/\/kalot.com.mx\/site\/2013\/12\/14\/primer-avance-para-interstellar-de-christopher-nolan-trailer\/","url_meta":{"origin":8889,"position":5},"title":"Primer avance para Interstellar de Christopher Nolan [TR\u00c1ILER]","author":"Omar Herrera","date":"14 diciembre, 2013","format":false,"excerpt":"Interstellar es una pr\u00f3xima pel\u00edcula de ciencia ficci\u00f3n dirigida por Christopher Nolan y escrita por \u00e9l y su hermano Jonathan Nolan. La producci\u00f3n correr\u00e1 a manos de la Warner Bros. y Paramount Pictures, a trav\u00e9s de Syncopy Inc. de Nolan y Emma Thomas. La trama contar\u00e1 la historia de un\u2026","rel":"","context":"Entrada similar ","block_context":{"text":"Entrada similar ","link":""},"img":{"alt_text":"","src":"https:\/\/i0.wp.com\/kalot.com.mx\/site\/wp-content\/uploads\/2013\/12\/994959_739569272737432_1744330160_n.jpg?fit=851%2C315&ssl=1&resize=350%2C200","width":350,"height":200,"srcset":"https:\/\/i0.wp.com\/kalot.com.mx\/site\/wp-content\/uploads\/2013\/12\/994959_739569272737432_1744330160_n.jpg?fit=851%2C315&ssl=1&resize=350%2C200 1x, https:\/\/i0.wp.com\/kalot.com.mx\/site\/wp-content\/uploads\/2013\/12\/994959_739569272737432_1744330160_n.jpg?fit=851%2C315&ssl=1&resize=525%2C300 1.5x, https:\/\/i0.wp.com\/kalot.com.mx\/site\/wp-content\/uploads\/2013\/12\/994959_739569272737432_1744330160_n.jpg?fit=851%2C315&ssl=1&resize=700%2C400 2x"},"classes":[]}],"jetpack_sharing_enabled":true,"_links":{"self":[{"href":"https:\/\/kalot.com.mx\/site\/wp-json\/wp\/v2\/posts\/8889","targetHints":{"allow":["GET"]}}],"collection":[{"href":"https:\/\/kalot.com.mx\/site\/wp-json\/wp\/v2\/posts"}],"about":[{"href":"https:\/\/kalot.com.mx\/site\/wp-json\/wp\/v2\/types\/post"}],"author":[{"embeddable":true,"href":"https:\/\/kalot.com.mx\/site\/wp-json\/wp\/v2\/users\/1"}],"replies":[{"embeddable":true,"href":"https:\/\/kalot.com.mx\/site\/wp-json\/wp\/v2\/comments?post=8889"}],"version-history":[{"count":1,"href":"https:\/\/kalot.com.mx\/site\/wp-json\/wp\/v2\/posts\/8889\/revisions"}],"predecessor-version":[{"id":28373,"href":"https:\/\/kalot.com.mx\/site\/wp-json\/wp\/v2\/posts\/8889\/revisions\/28373"}],"wp:featuredmedia":[{"embeddable":true,"href":"https:\/\/kalot.com.mx\/site\/wp-json\/wp\/v2\/media\/8890"}],"wp:attachment":[{"href":"https:\/\/kalot.com.mx\/site\/wp-json\/wp\/v2\/media?parent=8889"}],"wp:term":[{"taxonomy":"category","embeddable":true,"href":"https:\/\/kalot.com.mx\/site\/wp-json\/wp\/v2\/categories?post=8889"},{"taxonomy":"post_tag","embeddable":true,"href":"https:\/\/kalot.com.mx\/site\/wp-json\/wp\/v2\/tags?post=8889"}],"curies":[{"name":"wp","href":"https:\/\/api.w.org\/{rel}","templated":true}]}}