{"id":8821,"date":"2013-12-31T19:44:57","date_gmt":"2014-01-01T01:44:57","guid":{"rendered":"http:\/\/www.kalot.com.mx\/?p=8821"},"modified":"2017-12-20T11:36:12","modified_gmt":"2017-12-20T17:36:12","slug":"la-hermosa-humanidad","status":"publish","type":"post","link":"https:\/\/kalot.com.mx\/site\/2013\/12\/31\/la-hermosa-humanidad\/","title":{"rendered":"La hermosa humanidad."},"content":{"rendered":"[dropcap size=big]S[\/dropcap]olo unas cuantas horas para que este 2013 termine, y con el se van nuestras experiencias, nuestros aprendizajes, vivencias adquiridas, fracasos, logros, aventuras, fuertes decisiones, grandes amistades, hermosos momentos, tristes situaciones una monta\u00f1a rusa de emociones de esta loca comedia llamada vida, por lo cual me trae a la mente todas esas situaciones alrededor del mundo las cuales con la magia de la fotograf\u00eda nos hacen sentir un momento de felicidad extra, un pensamiento de que aun la humanidad existe en muchas personas, todo ese sentimiento que corre por los nervios de ver que tan hermosa raza somos. Les presento una breve compilaci\u00f3n de estas muestras a flor de piel de como podemos seguir creciendo como personas y a\u00a0pesar de nuestras diferencias, darnos la mano unos a otros.<\/p>\n<p style=\"text-align: center\"><a href=\"https:\/\/i0.wp.com\/www.kalot.com.mx\/wp-content\/uploads\/2013\/12\/enhanced-buzz-wide-25774-1386203752-20.jpg\"><img fetchpriority=\"high\" decoding=\"async\" data-attachment-id=\"8823\" data-permalink=\"https:\/\/kalot.com.mx\/site\/2013\/12\/31\/la-hermosa-humanidad\/enhanced-buzz-wide-25774-1386203752-20\/\" data-orig-file=\"https:\/\/i0.wp.com\/kalot.com.mx\/site\/wp-content\/uploads\/2013\/12\/enhanced-buzz-wide-25774-1386203752-20.jpg?fit=990%2C683&amp;ssl=1\" data-orig-size=\"990,683\" data-comments-opened=\"1\" data-image-meta=\"{&quot;aperture&quot;:&quot;0&quot;,&quot;credit&quot;:&quot;&quot;,&quot;camera&quot;:&quot;&quot;,&quot;caption&quot;:&quot;&quot;,&quot;created_timestamp&quot;:&quot;0&quot;,&quot;copyright&quot;:&quot;&quot;,&quot;focal_length&quot;:&quot;0&quot;,&quot;iso&quot;:&quot;0&quot;,&quot;shutter_speed&quot;:&quot;0&quot;,&quot;title&quot;:&quot;&quot;,&quot;orientation&quot;:&quot;0&quot;}\" data-image-title=\"enhanced-buzz-wide-25774-1386203752-20\" data-image-description=\"\" data-image-caption=\"\" data-large-file=\"https:\/\/i0.wp.com\/kalot.com.mx\/site\/wp-content\/uploads\/2013\/12\/enhanced-buzz-wide-25774-1386203752-20.jpg?fit=990%2C683&amp;ssl=1\" class=\"size-medium wp-image-8823 aligncenter\" alt=\"enhanced-buzz-wide-25774-1386203752-20\" src=\"https:\/\/i2.wp.com\/kalot.com.mx\/site\/wp-content\/uploads\/2013\/12\/enhanced-buzz-wide-25774-1386203752-20.jpg?fit=300%2C207&#038;ssl=1\" width=\"300\" height=\"207\" srcset=\"https:\/\/i0.wp.com\/kalot.com.mx\/site\/wp-content\/uploads\/2013\/12\/enhanced-buzz-wide-25774-1386203752-20.jpg?w=990&amp;ssl=1 990w, https:\/\/i0.wp.com\/kalot.com.mx\/site\/wp-content\/uploads\/2013\/12\/enhanced-buzz-wide-25774-1386203752-20.jpg?resize=768%2C530&amp;ssl=1 768w, https:\/\/i0.wp.com\/kalot.com.mx\/site\/wp-content\/uploads\/2013\/12\/enhanced-buzz-wide-25774-1386203752-20.jpg?resize=380%2C262&amp;ssl=1 380w, https:\/\/i0.wp.com\/kalot.com.mx\/site\/wp-content\/uploads\/2013\/12\/enhanced-buzz-wide-25774-1386203752-20.jpg?resize=800%2C552&amp;ssl=1 800w, https:\/\/i0.wp.com\/kalot.com.mx\/site\/wp-content\/uploads\/2013\/12\/enhanced-buzz-wide-25774-1386203752-20.jpg?resize=300%2C207&amp;ssl=1 300w, https:\/\/i0.wp.com\/kalot.com.mx\/site\/wp-content\/uploads\/2013\/12\/enhanced-buzz-wide-25774-1386203752-20.jpg?resize=810%2C559&amp;ssl=1 810w, https:\/\/i0.wp.com\/kalot.com.mx\/site\/wp-content\/uploads\/2013\/12\/enhanced-buzz-wide-25774-1386203752-20.jpg?resize=145%2C100&amp;ssl=1 145w\" sizes=\"(max-width: 300px) 100vw, 300px\" \/><\/a>Un ni\u00f1o lleva su perro a trav\u00e9s de las aguas tra\u00eddas por la lluvia del monz\u00f3n en Manila, Filipinas.<\/p>\n<p style=\"text-align: center\"><a href=\"https:\/\/i0.wp.com\/www.kalot.com.mx\/wp-content\/uploads\/2013\/12\/pb-111026-hug2-rs.photoblog900.jpg\"><img decoding=\"async\" data-attachment-id=\"8824\" data-permalink=\"https:\/\/kalot.com.mx\/site\/2013\/12\/31\/la-hermosa-humanidad\/pb-111026-hug2-rs-photoblog900\/\" data-orig-file=\"https:\/\/i0.wp.com\/kalot.com.mx\/site\/wp-content\/uploads\/2013\/12\/pb-111026-hug2-rs.photoblog900.jpg?fit=641%2C900&amp;ssl=1\" data-orig-size=\"641,900\" data-comments-opened=\"1\" data-image-meta=\"{&quot;aperture&quot;:&quot;0&quot;,&quot;credit&quot;:&quot;&quot;,&quot;camera&quot;:&quot;&quot;,&quot;caption&quot;:&quot;&quot;,&quot;created_timestamp&quot;:&quot;0&quot;,&quot;copyright&quot;:&quot;&quot;,&quot;focal_length&quot;:&quot;0&quot;,&quot;iso&quot;:&quot;0&quot;,&quot;shutter_speed&quot;:&quot;0&quot;,&quot;title&quot;:&quot;&quot;,&quot;orientation&quot;:&quot;0&quot;}\" data-image-title=\"pb-111026-hug2-rs.photoblog900\" data-image-description=\"\" data-image-caption=\"\" data-large-file=\"https:\/\/i0.wp.com\/kalot.com.mx\/site\/wp-content\/uploads\/2013\/12\/pb-111026-hug2-rs.photoblog900.jpg?fit=641%2C900&amp;ssl=1\" class=\"size-medium wp-image-8824 aligncenter\" alt=\"pb-111026-hug2-rs.photoblog900\" src=\"https:\/\/i0.wp.com\/kalot.com.mx\/site\/wp-content\/uploads\/2013\/12\/pb-111026-hug2-rs.photoblog900.jpg?fit=214%2C300&#038;ssl=1\" width=\"214\" height=\"300\" srcset=\"https:\/\/i0.wp.com\/kalot.com.mx\/site\/wp-content\/uploads\/2013\/12\/pb-111026-hug2-rs.photoblog900.jpg?w=641&amp;ssl=1 641w, https:\/\/i0.wp.com\/kalot.com.mx\/site\/wp-content\/uploads\/2013\/12\/pb-111026-hug2-rs.photoblog900.jpg?resize=380%2C534&amp;ssl=1 380w, https:\/\/i0.wp.com\/kalot.com.mx\/site\/wp-content\/uploads\/2013\/12\/pb-111026-hug2-rs.photoblog900.jpg?resize=214%2C300&amp;ssl=1 214w, https:\/\/i0.wp.com\/kalot.com.mx\/site\/wp-content\/uploads\/2013\/12\/pb-111026-hug2-rs.photoblog900.jpg?resize=300%2C421&amp;ssl=1 300w\" sizes=\"(max-width: 214px) 100vw, 214px\" \/><\/a>Una estudiante protestando por reformas de la educaci\u00f3n se inclina para besar a un polic\u00eda anti disturbios. Bogot\u00e1, Colombia.<\/p>\n<p style=\"text-align: center\"><a href=\"https:\/\/i0.wp.com\/www.kalot.com.mx\/wp-content\/uploads\/2013\/12\/enhanced-buzz-wide-19353-1386265984-25.jpg\"><img decoding=\"async\" data-attachment-id=\"8826\" data-permalink=\"https:\/\/kalot.com.mx\/site\/2013\/12\/31\/la-hermosa-humanidad\/enhanced-buzz-wide-19353-1386265984-25\/\" data-orig-file=\"https:\/\/i0.wp.com\/kalot.com.mx\/site\/wp-content\/uploads\/2013\/12\/enhanced-buzz-wide-19353-1386265984-25.jpg?fit=990%2C712&amp;ssl=1\" data-orig-size=\"990,712\" data-comments-opened=\"1\" data-image-meta=\"{&quot;aperture&quot;:&quot;0&quot;,&quot;credit&quot;:&quot;&quot;,&quot;camera&quot;:&quot;&quot;,&quot;caption&quot;:&quot;&quot;,&quot;created_timestamp&quot;:&quot;0&quot;,&quot;copyright&quot;:&quot;&quot;,&quot;focal_length&quot;:&quot;0&quot;,&quot;iso&quot;:&quot;0&quot;,&quot;shutter_speed&quot;:&quot;0&quot;,&quot;title&quot;:&quot;&quot;,&quot;orientation&quot;:&quot;0&quot;}\" data-image-title=\"enhanced-buzz-wide-19353-1386265984-25\" data-image-description=\"\" data-image-caption=\"\" data-large-file=\"https:\/\/i0.wp.com\/kalot.com.mx\/site\/wp-content\/uploads\/2013\/12\/enhanced-buzz-wide-19353-1386265984-25.jpg?fit=990%2C712&amp;ssl=1\" class=\"size-medium wp-image-8826 aligncenter\" alt=\"enhanced-buzz-wide-19353-1386265984-25\" src=\"https:\/\/i0.wp.com\/kalot.com.mx\/site\/wp-content\/uploads\/2013\/12\/enhanced-buzz-wide-19353-1386265984-25.jpg?fit=300%2C216&#038;ssl=1\" width=\"300\" height=\"216\" srcset=\"https:\/\/i0.wp.com\/kalot.com.mx\/site\/wp-content\/uploads\/2013\/12\/enhanced-buzz-wide-19353-1386265984-25.jpg?w=990&amp;ssl=1 990w, https:\/\/i0.wp.com\/kalot.com.mx\/site\/wp-content\/uploads\/2013\/12\/enhanced-buzz-wide-19353-1386265984-25.jpg?resize=768%2C552&amp;ssl=1 768w, https:\/\/i0.wp.com\/kalot.com.mx\/site\/wp-content\/uploads\/2013\/12\/enhanced-buzz-wide-19353-1386265984-25.jpg?resize=380%2C273&amp;ssl=1 380w, https:\/\/i0.wp.com\/kalot.com.mx\/site\/wp-content\/uploads\/2013\/12\/enhanced-buzz-wide-19353-1386265984-25.jpg?resize=800%2C575&amp;ssl=1 800w, https:\/\/i0.wp.com\/kalot.com.mx\/site\/wp-content\/uploads\/2013\/12\/enhanced-buzz-wide-19353-1386265984-25.jpg?resize=300%2C216&amp;ssl=1 300w, https:\/\/i0.wp.com\/kalot.com.mx\/site\/wp-content\/uploads\/2013\/12\/enhanced-buzz-wide-19353-1386265984-25.jpg?resize=810%2C583&amp;ssl=1 810w\" sizes=\"(max-width: 300px) 100vw, 300px\" \/><\/a><\/p>\n<p>Un hombre vestido como Superman sonr\u00ede paciente Joao Bertola y su padre en el Hospital Infantil Sabara en Sao Paulo, Brasil.<\/p>\n<p style=\"text-align: center\"><a href=\"https:\/\/i0.wp.com\/www.kalot.com.mx\/wp-content\/uploads\/2013\/12\/enhanced-buzz-wide-11127-1386262436-47.jpg\"><img loading=\"lazy\" decoding=\"async\" data-attachment-id=\"8827\" data-permalink=\"https:\/\/kalot.com.mx\/site\/2013\/12\/31\/la-hermosa-humanidad\/enhanced-buzz-wide-11127-1386262436-47\/\" data-orig-file=\"https:\/\/i0.wp.com\/kalot.com.mx\/site\/wp-content\/uploads\/2013\/12\/enhanced-buzz-wide-11127-1386262436-47.jpg?fit=990%2C743&amp;ssl=1\" data-orig-size=\"990,743\" data-comments-opened=\"1\" data-image-meta=\"{&quot;aperture&quot;:&quot;0&quot;,&quot;credit&quot;:&quot;&quot;,&quot;camera&quot;:&quot;&quot;,&quot;caption&quot;:&quot;&quot;,&quot;created_timestamp&quot;:&quot;0&quot;,&quot;copyright&quot;:&quot;&quot;,&quot;focal_length&quot;:&quot;0&quot;,&quot;iso&quot;:&quot;0&quot;,&quot;shutter_speed&quot;:&quot;0&quot;,&quot;title&quot;:&quot;&quot;,&quot;orientation&quot;:&quot;0&quot;}\" data-image-title=\"enhanced-buzz-wide-11127-1386262436-47\" data-image-description=\"\" data-image-caption=\"\" data-large-file=\"https:\/\/i0.wp.com\/kalot.com.mx\/site\/wp-content\/uploads\/2013\/12\/enhanced-buzz-wide-11127-1386262436-47.jpg?fit=990%2C743&amp;ssl=1\" class=\"size-medium wp-image-8827 aligncenter\" alt=\"enhanced-buzz-wide-11127-1386262436-47\" src=\"https:\/\/i1.wp.com\/kalot.com.mx\/site\/wp-content\/uploads\/2013\/12\/enhanced-buzz-wide-11127-1386262436-47.jpg?fit=300%2C225&#038;ssl=1\" width=\"300\" height=\"225\" srcset=\"https:\/\/i0.wp.com\/kalot.com.mx\/site\/wp-content\/uploads\/2013\/12\/enhanced-buzz-wide-11127-1386262436-47.jpg?w=990&amp;ssl=1 990w, https:\/\/i0.wp.com\/kalot.com.mx\/site\/wp-content\/uploads\/2013\/12\/enhanced-buzz-wide-11127-1386262436-47.jpg?resize=768%2C576&amp;ssl=1 768w, https:\/\/i0.wp.com\/kalot.com.mx\/site\/wp-content\/uploads\/2013\/12\/enhanced-buzz-wide-11127-1386262436-47.jpg?resize=300%2C225&amp;ssl=1 300w, https:\/\/i0.wp.com\/kalot.com.mx\/site\/wp-content\/uploads\/2013\/12\/enhanced-buzz-wide-11127-1386262436-47.jpg?resize=200%2C150&amp;ssl=1 200w, https:\/\/i0.wp.com\/kalot.com.mx\/site\/wp-content\/uploads\/2013\/12\/enhanced-buzz-wide-11127-1386262436-47.jpg?resize=260%2C195&amp;ssl=1 260w, https:\/\/i0.wp.com\/kalot.com.mx\/site\/wp-content\/uploads\/2013\/12\/enhanced-buzz-wide-11127-1386262436-47.jpg?resize=380%2C285&amp;ssl=1 380w, https:\/\/i0.wp.com\/kalot.com.mx\/site\/wp-content\/uploads\/2013\/12\/enhanced-buzz-wide-11127-1386262436-47.jpg?resize=800%2C600&amp;ssl=1 800w, https:\/\/i0.wp.com\/kalot.com.mx\/site\/wp-content\/uploads\/2013\/12\/enhanced-buzz-wide-11127-1386262436-47.jpg?resize=810%2C608&amp;ssl=1 810w\" sizes=\"(max-width: 300px) 100vw, 300px\" \/><\/a><\/p>\n<p>Miles, ni\u00f1o que sufre de leucemia se viste como &#8220;Batkid&#8221; como parte de un d\u00eda organizado por la Fundaci\u00f3n Make-A-Wish en San Francisco el 15 de noviembre.<\/p>\n<p style=\"text-align: center\"><a href=\"https:\/\/i0.wp.com\/www.kalot.com.mx\/wp-content\/uploads\/2013\/12\/pJVKu.jpg\"><img loading=\"lazy\" decoding=\"async\" data-attachment-id=\"8828\" data-permalink=\"https:\/\/kalot.com.mx\/site\/2013\/12\/31\/la-hermosa-humanidad\/pjvku\/\" data-orig-file=\"https:\/\/i0.wp.com\/kalot.com.mx\/site\/wp-content\/uploads\/2013\/12\/pJVKu.jpg?fit=700%2C949&amp;ssl=1\" data-orig-size=\"700,949\" data-comments-opened=\"1\" data-image-meta=\"{&quot;aperture&quot;:&quot;0&quot;,&quot;credit&quot;:&quot;&quot;,&quot;camera&quot;:&quot;&quot;,&quot;caption&quot;:&quot;&quot;,&quot;created_timestamp&quot;:&quot;0&quot;,&quot;copyright&quot;:&quot;&quot;,&quot;focal_length&quot;:&quot;0&quot;,&quot;iso&quot;:&quot;0&quot;,&quot;shutter_speed&quot;:&quot;0&quot;,&quot;title&quot;:&quot;&quot;,&quot;orientation&quot;:&quot;0&quot;}\" data-image-title=\"pJVKu\" data-image-description=\"\" data-image-caption=\"\" data-large-file=\"https:\/\/i0.wp.com\/kalot.com.mx\/site\/wp-content\/uploads\/2013\/12\/pJVKu.jpg?fit=700%2C949&amp;ssl=1\" class=\"size-medium wp-image-8828 aligncenter\" alt=\"pJVKu\" src=\"https:\/\/i1.wp.com\/kalot.com.mx\/site\/wp-content\/uploads\/2013\/12\/pJVKu.jpg?fit=221%2C300&#038;ssl=1\" width=\"221\" height=\"300\" srcset=\"https:\/\/i0.wp.com\/kalot.com.mx\/site\/wp-content\/uploads\/2013\/12\/pJVKu.jpg?w=700&amp;ssl=1 700w, https:\/\/i0.wp.com\/kalot.com.mx\/site\/wp-content\/uploads\/2013\/12\/pJVKu.jpg?resize=380%2C515&amp;ssl=1 380w, https:\/\/i0.wp.com\/kalot.com.mx\/site\/wp-content\/uploads\/2013\/12\/pJVKu.jpg?resize=221%2C300&amp;ssl=1 221w, https:\/\/i0.wp.com\/kalot.com.mx\/site\/wp-content\/uploads\/2013\/12\/pJVKu.jpg?resize=300%2C407&amp;ssl=1 300w\" sizes=\"(max-width: 221px) 100vw, 221px\" \/><\/a><\/p>\n<p>Un ni\u00f1o le ofrece un globo con forma de coraz\u00f3n a polic\u00eda. Bucarest, Rumania.<\/p>\n<p style=\"text-align: center\"><a href=\"https:\/\/i0.wp.com\/www.kalot.com.mx\/wp-content\/uploads\/2013\/12\/NlxZVCs.jpg\"><img loading=\"lazy\" decoding=\"async\" data-attachment-id=\"8829\" data-permalink=\"https:\/\/kalot.com.mx\/site\/2013\/12\/31\/la-hermosa-humanidad\/nlxzvcs\/\" data-orig-file=\"https:\/\/i0.wp.com\/kalot.com.mx\/site\/wp-content\/uploads\/2013\/12\/NlxZVCs.jpg?fit=605%2C839&amp;ssl=1\" data-orig-size=\"605,839\" data-comments-opened=\"1\" data-image-meta=\"{&quot;aperture&quot;:&quot;0&quot;,&quot;credit&quot;:&quot;&quot;,&quot;camera&quot;:&quot;&quot;,&quot;caption&quot;:&quot;&quot;,&quot;created_timestamp&quot;:&quot;0&quot;,&quot;copyright&quot;:&quot;&quot;,&quot;focal_length&quot;:&quot;0&quot;,&quot;iso&quot;:&quot;0&quot;,&quot;shutter_speed&quot;:&quot;0&quot;,&quot;title&quot;:&quot;&quot;,&quot;orientation&quot;:&quot;0&quot;}\" data-image-title=\"NlxZVCs\" data-image-description=\"\" data-image-caption=\"\" data-large-file=\"https:\/\/i0.wp.com\/kalot.com.mx\/site\/wp-content\/uploads\/2013\/12\/NlxZVCs.jpg?fit=605%2C839&amp;ssl=1\" class=\"size-medium wp-image-8829 aligncenter\" alt=\"NlxZVCs\" src=\"https:\/\/i1.wp.com\/kalot.com.mx\/site\/wp-content\/uploads\/2013\/12\/NlxZVCs.jpg?fit=216%2C300&#038;ssl=1\" width=\"216\" height=\"300\" srcset=\"https:\/\/i0.wp.com\/kalot.com.mx\/site\/wp-content\/uploads\/2013\/12\/NlxZVCs.jpg?w=605&amp;ssl=1 605w, https:\/\/i0.wp.com\/kalot.com.mx\/site\/wp-content\/uploads\/2013\/12\/NlxZVCs.jpg?resize=380%2C527&amp;ssl=1 380w, https:\/\/i0.wp.com\/kalot.com.mx\/site\/wp-content\/uploads\/2013\/12\/NlxZVCs.jpg?resize=216%2C300&amp;ssl=1 216w, https:\/\/i0.wp.com\/kalot.com.mx\/site\/wp-content\/uploads\/2013\/12\/NlxZVCs.jpg?resize=300%2C416&amp;ssl=1 300w\" sizes=\"(max-width: 216px) 100vw, 216px\" \/><\/a><\/p>\n<p>Manifestante en Brasil le entrega un pastel a un oficial \u00a0en su cumplea\u00f1os siendo unos totales desconocidos<\/p>\n<p style=\"text-align: center\"><a href=\"https:\/\/i0.wp.com\/www.kalot.com.mx\/wp-content\/uploads\/2013\/12\/Protesters-helping-a-dog-affected-by-tear-gas-Imgur1.jpg\"><img loading=\"lazy\" decoding=\"async\" data-attachment-id=\"8832\" data-permalink=\"https:\/\/kalot.com.mx\/site\/2013\/12\/31\/la-hermosa-humanidad\/protesters-helping-a-dog-affected-by-tear-gas-imgur-2\/\" data-orig-file=\"https:\/\/i0.wp.com\/kalot.com.mx\/site\/wp-content\/uploads\/2013\/12\/Protesters-helping-a-dog-affected-by-tear-gas-Imgur1.jpg?fit=500%2C667&amp;ssl=1\" data-orig-size=\"500,667\" data-comments-opened=\"1\" data-image-meta=\"{&quot;aperture&quot;:&quot;0&quot;,&quot;credit&quot;:&quot;&quot;,&quot;camera&quot;:&quot;&quot;,&quot;caption&quot;:&quot;&quot;,&quot;created_timestamp&quot;:&quot;0&quot;,&quot;copyright&quot;:&quot;&quot;,&quot;focal_length&quot;:&quot;0&quot;,&quot;iso&quot;:&quot;0&quot;,&quot;shutter_speed&quot;:&quot;0&quot;,&quot;title&quot;:&quot;&quot;,&quot;orientation&quot;:&quot;0&quot;}\" data-image-title=\"Protesters helping a dog affected by tear gas &amp;#8211; Imgur\" data-image-description=\"\" data-image-caption=\"\" data-large-file=\"https:\/\/i0.wp.com\/kalot.com.mx\/site\/wp-content\/uploads\/2013\/12\/Protesters-helping-a-dog-affected-by-tear-gas-Imgur1.jpg?fit=500%2C667&amp;ssl=1\" class=\"size-medium wp-image-8832 aligncenter\" alt=\"Protesters helping a dog affected by tear gas - Imgur\" src=\"https:\/\/i1.wp.com\/kalot.com.mx\/site\/wp-content\/uploads\/2013\/12\/Protesters-helping-a-dog-affected-by-tear-gas-Imgur1.jpg?fit=225%2C300&#038;ssl=1\" width=\"225\" height=\"300\" srcset=\"https:\/\/i0.wp.com\/kalot.com.mx\/site\/wp-content\/uploads\/2013\/12\/Protesters-helping-a-dog-affected-by-tear-gas-Imgur1.jpg?w=500&amp;ssl=1 500w, https:\/\/i0.wp.com\/kalot.com.mx\/site\/wp-content\/uploads\/2013\/12\/Protesters-helping-a-dog-affected-by-tear-gas-Imgur1.jpg?resize=380%2C507&amp;ssl=1 380w, https:\/\/i0.wp.com\/kalot.com.mx\/site\/wp-content\/uploads\/2013\/12\/Protesters-helping-a-dog-affected-by-tear-gas-Imgur1.jpg?resize=225%2C300&amp;ssl=1 225w, https:\/\/i0.wp.com\/kalot.com.mx\/site\/wp-content\/uploads\/2013\/12\/Protesters-helping-a-dog-affected-by-tear-gas-Imgur1.jpg?resize=300%2C400&amp;ssl=1 300w\" sizes=\"(max-width: 225px) 100vw, 225px\" \/><\/a><\/p>\n<p>Protestantes ayudan a limpiar gas impregnado en los ojos de este bello animal.<\/p>\n<p style=\"text-align: center\"><a href=\"https:\/\/i0.wp.com\/www.kalot.com.mx\/wp-content\/uploads\/2013\/12\/EC4.jpg\"><img loading=\"lazy\" decoding=\"async\" data-attachment-id=\"8833\" data-permalink=\"https:\/\/kalot.com.mx\/site\/2013\/12\/31\/la-hermosa-humanidad\/ec4\/\" data-orig-file=\"https:\/\/i0.wp.com\/kalot.com.mx\/site\/wp-content\/uploads\/2013\/12\/EC4.jpg?fit=1000%2C649&amp;ssl=1\" data-orig-size=\"1000,649\" data-comments-opened=\"1\" data-image-meta=\"{&quot;aperture&quot;:&quot;0&quot;,&quot;credit&quot;:&quot;&quot;,&quot;camera&quot;:&quot;&quot;,&quot;caption&quot;:&quot;&quot;,&quot;created_timestamp&quot;:&quot;0&quot;,&quot;copyright&quot;:&quot;&quot;,&quot;focal_length&quot;:&quot;0&quot;,&quot;iso&quot;:&quot;0&quot;,&quot;shutter_speed&quot;:&quot;0&quot;,&quot;title&quot;:&quot;&quot;,&quot;orientation&quot;:&quot;0&quot;}\" data-image-title=\"EC4\" data-image-description=\"\" data-image-caption=\"\" data-large-file=\"https:\/\/i0.wp.com\/kalot.com.mx\/site\/wp-content\/uploads\/2013\/12\/EC4.jpg?fit=1000%2C649&amp;ssl=1\" class=\"size-medium wp-image-8833 aligncenter\" alt=\"EC4\" src=\"https:\/\/i2.wp.com\/kalot.com.mx\/site\/wp-content\/uploads\/2013\/12\/EC4.jpg?fit=300%2C195&#038;ssl=1\" width=\"300\" height=\"195\" srcset=\"https:\/\/i0.wp.com\/kalot.com.mx\/site\/wp-content\/uploads\/2013\/12\/EC4.jpg?w=1000&amp;ssl=1 1000w, https:\/\/i0.wp.com\/kalot.com.mx\/site\/wp-content\/uploads\/2013\/12\/EC4.jpg?resize=768%2C498&amp;ssl=1 768w, https:\/\/i0.wp.com\/kalot.com.mx\/site\/wp-content\/uploads\/2013\/12\/EC4.jpg?resize=380%2C247&amp;ssl=1 380w, https:\/\/i0.wp.com\/kalot.com.mx\/site\/wp-content\/uploads\/2013\/12\/EC4.jpg?resize=800%2C519&amp;ssl=1 800w, https:\/\/i0.wp.com\/kalot.com.mx\/site\/wp-content\/uploads\/2013\/12\/EC4.jpg?resize=300%2C195&amp;ssl=1 300w, https:\/\/i0.wp.com\/kalot.com.mx\/site\/wp-content\/uploads\/2013\/12\/EC4.jpg?resize=810%2C526&amp;ssl=1 810w\" sizes=\"(max-width: 300px) 100vw, 300px\" \/><\/a><\/p>\n<p>La Habana, Cuba. En La Habana, en julio y agosto, meses brutalmente calientes. Las lluvias cortas pero fuertes son muy comunes y es un gran alivio para la poblaci\u00f3n local, especialmente para los ni\u00f1os.<\/p>\n<p><strong>Llevando la navidad a d\u00f3nde nunca hab\u00eda llegado.<\/strong><\/p>\n<p><span class=\"embed-youtube\" style=\"text-align:center; display: block;\"><iframe class=\"youtube-player\" width=\"1200\" height=\"675\" src=\"https:\/\/www.youtube.com\/embed\/E2Fkqsqr1AU?version=3&#038;rel=1&#038;showsearch=0&#038;showinfo=1&#038;iv_load_policy=1&#038;fs=1&#038;hl=es-MX&#038;autohide=2&#038;start=12&#038;wmode=transparent\" allowfullscreen=\"true\" style=\"border:0;\" sandbox=\"allow-scripts allow-same-origin allow-popups allow-presentation allow-popups-to-escape-sandbox\"><\/iframe><\/span><\/p>\n<p><strong>La moneda mejor gastada.<\/strong><br \/>\n<span class=\"embed-youtube\" style=\"text-align:center; display: block;\"><iframe class=\"youtube-player\" width=\"1200\" height=\"675\" src=\"https:\/\/www.youtube.com\/embed\/GBaHPND2QJg?version=3&#038;rel=1&#038;showsearch=0&#038;showinfo=1&#038;iv_load_policy=1&#038;fs=1&#038;hl=es-MX&#038;autohide=2&#038;wmode=transparent\" allowfullscreen=\"true\" style=\"border:0;\" sandbox=\"allow-scripts allow-same-origin allow-popups allow-presentation allow-popups-to-escape-sandbox\"><\/iframe><\/span><\/p>\n<p>&nbsp;<\/p>\n<p>Aun tenemos mucho por lo cual sonre\u00edr y tomar este a\u00f1o con mas fuerza y determinaci\u00f3n aunque el mundo se ponga algo extremoso siempre habr\u00e1 una raz\u00f3n por lo cual ser felices. Este es mi \u00faltimo post del a\u00f1o estimados lectores, mis mejores deseos y feliz a\u00f1o nuevo nos leemos pronto.<\/p>\n","protected":false},"excerpt":{"rendered":"[dropcap size=big]S[\/dropcap]olo unas cuantas horas para que este 2013 termine, y con el se van nuestras experiencias, nuestros&hellip;\n","protected":false},"author":70,"featured_media":8839,"comment_status":"open","ping_status":"open","sticky":false,"template":"","format":"standard","meta":{"jetpack_post_was_ever_published":false,"_jetpack_newsletter_access":"","_jetpack_dont_email_post_to_subs":false,"_jetpack_newsletter_tier_id":0,"_jetpack_memberships_contains_paywalled_content":false,"_jetpack_memberships_contains_paid_content":false,"footnotes":"","jetpack_publicize_message":"","jetpack_publicize_feature_enabled":true,"jetpack_social_post_already_shared":true,"jetpack_social_options":{"image_generator_settings":{"template":"highway","default_image_id":0,"font":"","enabled":false},"version":2}},"categories":[1],"tags":[],"class_list":{"0":"post-8821","1":"post","2":"type-post","3":"status-publish","4":"format-standard","5":"has-post-thumbnail","7":"category-sin-categoria","8":"cs-entry","9":"cs-video-wrap"},"yoast_head":"<!-- This site is optimized with the Yoast SEO plugin v27.4 - https:\/\/yoast.com\/product\/yoast-seo-wordpress\/ -->\n<title>La hermosa humanidad. - Kalot<\/title>\n<meta name=\"description\" content=\"Solo unas cuantas horas para que este 2013 termine, y con el se van nuestras experiencias, nuestros aprendizajes, vivencias adquiridas, fracasos, logros,\" \/>\n<meta name=\"robots\" content=\"index, follow, max-snippet:-1, max-image-preview:large, max-video-preview:-1\" \/>\n<link rel=\"canonical\" href=\"https:\/\/kalot.com.mx\/site\/2013\/12\/31\/la-hermosa-humanidad\/\" \/>\n<meta property=\"og:locale\" content=\"es_MX\" \/>\n<meta property=\"og:type\" content=\"article\" \/>\n<meta property=\"og:title\" content=\"La hermosa humanidad. - Kalot\" \/>\n<meta property=\"og:description\" content=\"Solo unas cuantas horas para que este 2013 termine, y con el se van nuestras experiencias, nuestros aprendizajes, vivencias adquiridas, fracasos, logros,\" \/>\n<meta property=\"og:url\" content=\"https:\/\/kalot.com.mx\/site\/2013\/12\/31\/la-hermosa-humanidad\/\" \/>\n<meta property=\"og:site_name\" content=\"Kalot\" \/>\n<meta property=\"article:publisher\" content=\"http:\/\/facebook.com\/mxkalot\" \/>\n<meta property=\"article:published_time\" content=\"2014-01-01T01:44:57+00:00\" \/>\n<meta property=\"article:modified_time\" content=\"2017-12-20T17:36:12+00:00\" \/>\n<meta property=\"og:image\" content=\"https:\/\/i0.wp.com\/kalot.com.mx\/site\/wp-content\/uploads\/2013\/12\/pareja-interrracial-fd1.jpg?fit=450%2C301&ssl=1\" \/>\n\t<meta property=\"og:image:width\" content=\"450\" \/>\n\t<meta property=\"og:image:height\" content=\"301\" \/>\n\t<meta property=\"og:image:type\" content=\"image\/jpeg\" \/>\n<meta name=\"author\" content=\"Gustavo Elizarrar\u00e1s\" \/>\n<meta name=\"twitter:card\" content=\"summary_large_image\" \/>\n<meta name=\"twitter:creator\" content=\"@kalotmx\" \/>\n<meta name=\"twitter:site\" content=\"@kalotmx\" \/>\n<meta name=\"twitter:label1\" content=\"Escrito por\" \/>\n\t<meta name=\"twitter:data1\" content=\"Gustavo Elizarrar\u00e1s\" \/>\n\t<meta name=\"twitter:label2\" content=\"Tiempo de lectura\" \/>\n\t<meta name=\"twitter:data2\" content=\"2 minutos\" \/>\n<!-- \/ Yoast SEO plugin. -->","yoast_head_json":{"title":"La hermosa humanidad. - Kalot","description":"Solo unas cuantas horas para que este 2013 termine, y con el se van nuestras experiencias, nuestros aprendizajes, vivencias adquiridas, fracasos, logros,","robots":{"index":"index","follow":"follow","max-snippet":"max-snippet:-1","max-image-preview":"max-image-preview:large","max-video-preview":"max-video-preview:-1"},"canonical":"https:\/\/kalot.com.mx\/site\/2013\/12\/31\/la-hermosa-humanidad\/","og_locale":"es_MX","og_type":"article","og_title":"La hermosa humanidad. - Kalot","og_description":"Solo unas cuantas horas para que este 2013 termine, y con el se van nuestras experiencias, nuestros aprendizajes, vivencias adquiridas, fracasos, logros,","og_url":"https:\/\/kalot.com.mx\/site\/2013\/12\/31\/la-hermosa-humanidad\/","og_site_name":"Kalot","article_publisher":"http:\/\/facebook.com\/mxkalot","article_published_time":"2014-01-01T01:44:57+00:00","article_modified_time":"2017-12-20T17:36:12+00:00","og_image":[{"width":450,"height":301,"url":"https:\/\/i0.wp.com\/kalot.com.mx\/site\/wp-content\/uploads\/2013\/12\/pareja-interrracial-fd1.jpg?fit=450%2C301&ssl=1","type":"image\/jpeg"}],"author":"Gustavo Elizarrar\u00e1s","twitter_card":"summary_large_image","twitter_creator":"@kalotmx","twitter_site":"@kalotmx","twitter_misc":{"Escrito por":"Gustavo Elizarrar\u00e1s","Tiempo de lectura":"2 minutos"},"schema":{"@context":"https:\/\/schema.org","@graph":[{"@type":"Article","@id":"https:\/\/kalot.com.mx\/site\/2013\/12\/31\/la-hermosa-humanidad\/#article","isPartOf":{"@id":"https:\/\/kalot.com.mx\/site\/2013\/12\/31\/la-hermosa-humanidad\/"},"author":{"name":"Gustavo Elizarrar\u00e1s","@id":"https:\/\/kalot.com.mx\/site\/#\/schema\/person\/56c4d534e0ada7114c02c36890471963"},"headline":"La hermosa humanidad.","datePublished":"2014-01-01T01:44:57+00:00","dateModified":"2017-12-20T17:36:12+00:00","mainEntityOfPage":{"@id":"https:\/\/kalot.com.mx\/site\/2013\/12\/31\/la-hermosa-humanidad\/"},"wordCount":408,"commentCount":1,"publisher":{"@id":"https:\/\/kalot.com.mx\/site\/#organization"},"image":{"@id":"https:\/\/kalot.com.mx\/site\/2013\/12\/31\/la-hermosa-humanidad\/#primaryimage"},"thumbnailUrl":"https:\/\/i0.wp.com\/kalot.com.mx\/site\/wp-content\/uploads\/2013\/12\/pareja-interrracial-fd1.jpg?fit=450%2C301&ssl=1","inLanguage":"es","potentialAction":[{"@type":"CommentAction","name":"Comment","target":["https:\/\/kalot.com.mx\/site\/2013\/12\/31\/la-hermosa-humanidad\/#respond"]}]},{"@type":"WebPage","@id":"https:\/\/kalot.com.mx\/site\/2013\/12\/31\/la-hermosa-humanidad\/","url":"https:\/\/kalot.com.mx\/site\/2013\/12\/31\/la-hermosa-humanidad\/","name":"La hermosa humanidad. - Kalot","isPartOf":{"@id":"https:\/\/kalot.com.mx\/site\/#website"},"primaryImageOfPage":{"@id":"https:\/\/kalot.com.mx\/site\/2013\/12\/31\/la-hermosa-humanidad\/#primaryimage"},"image":{"@id":"https:\/\/kalot.com.mx\/site\/2013\/12\/31\/la-hermosa-humanidad\/#primaryimage"},"thumbnailUrl":"https:\/\/i0.wp.com\/kalot.com.mx\/site\/wp-content\/uploads\/2013\/12\/pareja-interrracial-fd1.jpg?fit=450%2C301&ssl=1","datePublished":"2014-01-01T01:44:57+00:00","dateModified":"2017-12-20T17:36:12+00:00","description":"Solo unas cuantas horas para que este 2013 termine, y con el se van nuestras experiencias, nuestros aprendizajes, vivencias adquiridas, fracasos, logros,","breadcrumb":{"@id":"https:\/\/kalot.com.mx\/site\/2013\/12\/31\/la-hermosa-humanidad\/#breadcrumb"},"inLanguage":"es","potentialAction":[{"@type":"ReadAction","target":["https:\/\/kalot.com.mx\/site\/2013\/12\/31\/la-hermosa-humanidad\/"]}]},{"@type":"ImageObject","inLanguage":"es","@id":"https:\/\/kalot.com.mx\/site\/2013\/12\/31\/la-hermosa-humanidad\/#primaryimage","url":"https:\/\/i0.wp.com\/kalot.com.mx\/site\/wp-content\/uploads\/2013\/12\/pareja-interrracial-fd1.jpg?fit=450%2C301&ssl=1","contentUrl":"https:\/\/i0.wp.com\/kalot.com.mx\/site\/wp-content\/uploads\/2013\/12\/pareja-interrracial-fd1.jpg?fit=450%2C301&ssl=1","width":450,"height":301},{"@type":"BreadcrumbList","@id":"https:\/\/kalot.com.mx\/site\/2013\/12\/31\/la-hermosa-humanidad\/#breadcrumb","itemListElement":[{"@type":"ListItem","position":1,"name":"Home","item":"https:\/\/kalot.com.mx\/site\/"},{"@type":"ListItem","position":2,"name":"La hermosa humanidad."}]},{"@type":"WebSite","@id":"https:\/\/kalot.com.mx\/site\/#website","url":"https:\/\/kalot.com.mx\/site\/","name":"Kalot","description":"Conoce Todo Sobre Todo","publisher":{"@id":"https:\/\/kalot.com.mx\/site\/#organization"},"potentialAction":[{"@type":"SearchAction","target":{"@type":"EntryPoint","urlTemplate":"https:\/\/kalot.com.mx\/site\/?s={search_term_string}"},"query-input":{"@type":"PropertyValueSpecification","valueRequired":true,"valueName":"search_term_string"}}],"inLanguage":"es"},{"@type":"Organization","@id":"https:\/\/kalot.com.mx\/site\/#organization","name":"Kalot","url":"https:\/\/kalot.com.mx\/site\/","logo":{"@type":"ImageObject","inLanguage":"es","@id":"https:\/\/kalot.com.mx\/site\/#\/schema\/logo\/image\/","url":"https:\/\/i0.wp.com\/kalot.com.mx\/site\/wp-content\/uploads\/2020\/04\/Kalot-logo-sin-tagline.png?fit=1707%2C1014&ssl=1","contentUrl":"https:\/\/i0.wp.com\/kalot.com.mx\/site\/wp-content\/uploads\/2020\/04\/Kalot-logo-sin-tagline.png?fit=1707%2C1014&ssl=1","width":1707,"height":1014,"caption":"Kalot"},"image":{"@id":"https:\/\/kalot.com.mx\/site\/#\/schema\/logo\/image\/"},"sameAs":["http:\/\/facebook.com\/mxkalot","https:\/\/x.com\/kalotmx","http:\/\/instagram.com\/kalotmx","http:\/\/pinterest.com\/jorgeerana\/kalot"]},{"@type":"Person","@id":"https:\/\/kalot.com.mx\/site\/#\/schema\/person\/56c4d534e0ada7114c02c36890471963","name":"Gustavo Elizarrar\u00e1s","image":{"@type":"ImageObject","inLanguage":"es","@id":"https:\/\/secure.gravatar.com\/avatar\/d76e26ab4b33f0d06de52fd87121253e411643bbbff0a8e2a39cde1c3c7d8b34?s=96&d=mm&r=g","url":"https:\/\/secure.gravatar.com\/avatar\/d76e26ab4b33f0d06de52fd87121253e411643bbbff0a8e2a39cde1c3c7d8b34?s=96&d=mm&r=g","contentUrl":"https:\/\/secure.gravatar.com\/avatar\/d76e26ab4b33f0d06de52fd87121253e411643bbbff0a8e2a39cde1c3c7d8b34?s=96&d=mm&r=g","caption":"Gustavo Elizarrar\u00e1s"},"description":"Soy un tipo sencillo, amante del buen cine, la buena m\u00fasica creo fervientemente en el karma, el Coco y los campos de fresa por siempre, odio las etiquetas de la ropa, gamer noventero y estudiante de Ingenier\u00eda Industrial.","url":"https:\/\/kalot.com.mx\/site\/author\/gustavo\/"}]}},"jetpack_publicize_connections":[],"jetpack_featured_media_url":"https:\/\/i0.wp.com\/kalot.com.mx\/site\/wp-content\/uploads\/2013\/12\/pareja-interrracial-fd1.jpg?fit=450%2C301&ssl=1","jetpack_shortlink":"https:\/\/wp.me\/p6IHEI-2ih","jetpack-related-posts":[{"id":15274,"url":"https:\/\/kalot.com.mx\/site\/2014\/04\/24\/bella-y-hermosa-felicidad\/","url_meta":{"origin":8821,"position":0},"title":"Bella y Hermosa Felicidad.","author":"Mar\u00eda Alvarado","date":"24 abril, 2014","format":false,"excerpt":"[dropcap size=big]F[\/dropcap]elicidad: eso que todos a\u00f1oramos pero que solo unos cuantos pueden conseguir durante todas sus vidas, el problema es que todos tenemos derecho a ella y es demasiado accesible para todos y cada uno de nosotros. El problema ah\u00ed es que \u2013como los seres humanos que somos- nos ponemos\u2026","rel":"","context":"Entrada similar ","block_context":{"text":"Entrada similar ","link":""},"img":{"alt_text":"","src":"https:\/\/i0.wp.com\/kalot.com.mx\/site\/wp-content\/uploads\/2014\/04\/felicidad.jpg?fit=960%2C640&ssl=1&resize=350%2C200","width":350,"height":200,"srcset":"https:\/\/i0.wp.com\/kalot.com.mx\/site\/wp-content\/uploads\/2014\/04\/felicidad.jpg?fit=960%2C640&ssl=1&resize=350%2C200 1x, https:\/\/i0.wp.com\/kalot.com.mx\/site\/wp-content\/uploads\/2014\/04\/felicidad.jpg?fit=960%2C640&ssl=1&resize=525%2C300 1.5x, https:\/\/i0.wp.com\/kalot.com.mx\/site\/wp-content\/uploads\/2014\/04\/felicidad.jpg?fit=960%2C640&ssl=1&resize=700%2C400 2x"},"classes":[]},{"id":8450,"url":"https:\/\/kalot.com.mx\/site\/2013\/12\/26\/hubiera\/","url_meta":{"origin":8821,"position":1},"title":"Hubiera.","author":"Mar\u00eda Alvarado","date":"26 diciembre, 2013","format":false,"excerpt":"[dropcap size=small]H[\/dropcap]ace unos d\u00edas me qued\u00e9 pensando en si algo se hubiera dado con, llam\u00e9moslo sujeto X; si hubiera actuado de una manera diferente, si hubiera ignorado el orgullo que se interpon\u00eda entre los dos, y a mi mente vinieron dos posibles escenarios. En el primero me imagin\u00e9 que si\u2026","rel":"","context":"En &quot;Sin categor\u00eda&quot;","block_context":{"text":"Sin categor\u00eda","link":"https:\/\/kalot.com.mx\/site\/category\/sin-categoria\/"},"img":{"alt_text":"","src":"https:\/\/i0.wp.com\/kalot.com.mx\/site\/wp-content\/uploads\/2013\/12\/What-if_1.jpg?fit=768%2C576&ssl=1&resize=350%2C200","width":350,"height":200,"srcset":"https:\/\/i0.wp.com\/kalot.com.mx\/site\/wp-content\/uploads\/2013\/12\/What-if_1.jpg?fit=768%2C576&ssl=1&resize=350%2C200 1x, https:\/\/i0.wp.com\/kalot.com.mx\/site\/wp-content\/uploads\/2013\/12\/What-if_1.jpg?fit=768%2C576&ssl=1&resize=525%2C300 1.5x, https:\/\/i0.wp.com\/kalot.com.mx\/site\/wp-content\/uploads\/2013\/12\/What-if_1.jpg?fit=768%2C576&ssl=1&resize=700%2C400 2x"},"classes":[]},{"id":11113,"url":"https:\/\/kalot.com.mx\/site\/2014\/02\/04\/cumbia-peruana-bereznianka-y-el-silencio-sostenido-por-nuestras-miradas\/","url_meta":{"origin":8821,"position":2},"title":"Cumbia peruana, bereznianka y el silencio sostenido por nuestras miradas.","author":"Pipe Gutierrez","date":"4 febrero, 2014","format":false,"excerpt":"\u00a0 A\u00fan no me explico c\u00f3mo llegu\u00e9 aqu\u00ed. Lo \u00faltimo que recuerdo antes de despertar fue que acababa de tener, probablemente, el peor sexo de mi vida con mi promiscua amiga Laura, la de por el vecindario. Su curvil\u00edneo cuerpo y sus grandes y jugosos pechos no hac\u00edan pareja con\u2026","rel":"","context":"Entrada similar ","block_context":{"text":"Entrada similar ","link":""},"img":{"alt_text":"","src":"https:\/\/i0.wp.com\/kalot.com.mx\/site\/wp-content\/uploads\/2014\/02\/68662_10151472021346647_1328270340_n.jpg?fit=624%2C624&ssl=1&resize=350%2C200","width":350,"height":200,"srcset":"https:\/\/i0.wp.com\/kalot.com.mx\/site\/wp-content\/uploads\/2014\/02\/68662_10151472021346647_1328270340_n.jpg?fit=624%2C624&ssl=1&resize=350%2C200 1x, https:\/\/i0.wp.com\/kalot.com.mx\/site\/wp-content\/uploads\/2014\/02\/68662_10151472021346647_1328270340_n.jpg?fit=624%2C624&ssl=1&resize=525%2C300 1.5x"},"classes":[]},{"id":16500,"url":"https:\/\/kalot.com.mx\/site\/2014\/05\/29\/lo-que-dice-el-silencio\/","url_meta":{"origin":8821,"position":3},"title":"Lo Que Dice El Silencio.","author":"Mar\u00eda Alvarado","date":"29 mayo, 2014","format":false,"excerpt":"Los silencios son parte de nuestra vida diaria, no siempre notamos que est\u00e1n ah\u00ed pero es algo que no se puede evitar. Podemos verlos como algo inevitable en nuestras vidas, no siempre podemos estar rodeados de ruido, las distracciones llega un punto en el que se evaporan y es cuando\u2026","rel":"","context":"Entrada similar ","block_context":{"text":"Entrada similar ","link":""},"img":{"alt_text":"","src":"https:\/\/i0.wp.com\/kalot.com.mx\/site\/wp-content\/uploads\/2014\/05\/silence.jpg?fit=800%2C533&ssl=1&resize=350%2C200","width":350,"height":200,"srcset":"https:\/\/i0.wp.com\/kalot.com.mx\/site\/wp-content\/uploads\/2014\/05\/silence.jpg?fit=800%2C533&ssl=1&resize=350%2C200 1x, https:\/\/i0.wp.com\/kalot.com.mx\/site\/wp-content\/uploads\/2014\/05\/silence.jpg?fit=800%2C533&ssl=1&resize=525%2C300 1.5x, https:\/\/i0.wp.com\/kalot.com.mx\/site\/wp-content\/uploads\/2014\/05\/silence.jpg?fit=800%2C533&ssl=1&resize=700%2C400 2x"},"classes":[]},{"id":8895,"url":"https:\/\/kalot.com.mx\/site\/2014\/01\/02\/dramatico-drama\/","url_meta":{"origin":8821,"position":4},"title":"Dram\u00e1tico drama.","author":"Mar\u00eda Alvarado","date":"2 enero, 2014","format":false,"excerpt":"[dropcap size=small]S[\/dropcap]oy una persona dram\u00e1tica por naturaleza, por ende los dram\u00e1ticos tendemos a exagerar las cosas, s\u00f3lo a veces; no hay nada de malo en eso. Por nuestra vida pasan muchas personas dram\u00e1ticas y a veces ellas son las que le ponen las especias para que la vida no sea\u2026","rel":"","context":"Entrada similar ","block_context":{"text":"Entrada similar ","link":""},"img":{"alt_text":"","src":"https:\/\/i0.wp.com\/kalot.com.mx\/site\/wp-content\/uploads\/2014\/01\/woman-crying-21.jpg?fit=499%2C435&ssl=1&resize=350%2C200","width":350,"height":200},"classes":[]},{"id":6543,"url":"https:\/\/kalot.com.mx\/site\/2013\/11\/16\/infinitos-paisajes-infinitas-posibilidades\/","url_meta":{"origin":8821,"position":5},"title":"Infinitos paisajes,  infinitas posibilidades","author":"Ilse Canela","date":"16 noviembre, 2013","format":false,"excerpt":"El d\u00eda de hoy te presento una campa\u00f1a de marketing tur\u00edstico creada por el gobierno de Colombia. Ya tiene un par de meses esta campa\u00f1a, sin embargo cada que escucho la canci\u00f3n me pone de buenas y me entran unas ganas tremendas de visitar Bogot\u00e1. \u00a0Y es que desde que\u2026","rel":"","context":"Entrada similar ","block_context":{"text":"Entrada similar ","link":""},"img":{"alt_text":"","src":"https:\/\/i0.wp.com\/kalot.com.mx\/site\/wp-content\/uploads\/2013\/11\/0.jpg?fit=480%2C360&ssl=1&resize=350%2C200","width":350,"height":200},"classes":[]}],"jetpack_sharing_enabled":true,"_links":{"self":[{"href":"https:\/\/kalot.com.mx\/site\/wp-json\/wp\/v2\/posts\/8821","targetHints":{"allow":["GET"]}}],"collection":[{"href":"https:\/\/kalot.com.mx\/site\/wp-json\/wp\/v2\/posts"}],"about":[{"href":"https:\/\/kalot.com.mx\/site\/wp-json\/wp\/v2\/types\/post"}],"author":[{"embeddable":true,"href":"https:\/\/kalot.com.mx\/site\/wp-json\/wp\/v2\/users\/70"}],"replies":[{"embeddable":true,"href":"https:\/\/kalot.com.mx\/site\/wp-json\/wp\/v2\/comments?post=8821"}],"version-history":[{"count":8,"href":"https:\/\/kalot.com.mx\/site\/wp-json\/wp\/v2\/posts\/8821\/revisions"}],"predecessor-version":[{"id":28820,"href":"https:\/\/kalot.com.mx\/site\/wp-json\/wp\/v2\/posts\/8821\/revisions\/28820"}],"wp:featuredmedia":[{"embeddable":true,"href":"https:\/\/kalot.com.mx\/site\/wp-json\/wp\/v2\/media\/8839"}],"wp:attachment":[{"href":"https:\/\/kalot.com.mx\/site\/wp-json\/wp\/v2\/media?parent=8821"}],"wp:term":[{"taxonomy":"category","embeddable":true,"href":"https:\/\/kalot.com.mx\/site\/wp-json\/wp\/v2\/categories?post=8821"},{"taxonomy":"post_tag","embeddable":true,"href":"https:\/\/kalot.com.mx\/site\/wp-json\/wp\/v2\/tags?post=8821"}],"curies":[{"name":"wp","href":"https:\/\/api.w.org\/{rel}","templated":true}]}}