{"id":8795,"date":"2013-12-31T09:58:04","date_gmt":"2013-12-31T15:58:04","guid":{"rendered":"http:\/\/www.kalot.com.mx\/?p=8795"},"modified":"2013-12-31T09:58:04","modified_gmt":"2013-12-31T15:58:04","slug":"y-si-compartimos-este-video-para-acabar-con-el-bullying-chuleta-de-cerdo","status":"publish","type":"post","link":"https:\/\/kalot.com.mx\/site\/2013\/12\/31\/y-si-compartimos-este-video-para-acabar-con-el-bullying-chuleta-de-cerdo\/","title":{"rendered":"\u00bfY si compartimos este video para acabar con el Bullying? &#8220;Chuleta de Cerdo&#8221;"},"content":{"rendered":"<p>\u00a1Hey guys! Recientemente navegaba por internet y me encontr\u00e9 con esta joya, <a title=\"Shane Koyczan\" href=\"https:\/\/www.facebook.com\/ShaneKoyczanPoetry?fref=ts\" target=\"_blank\">Shane Koyczan<\/a>, autor de este video, inspir\u00f3 este proyecto en su vida propia. Una historia donde el bullying form\u00f3 parte fuerte en su infancia, que busca desprenderse de si mismo al crear este video. No quiero describirlo m\u00e1s, mejor disfrutalo y comp\u00e1rtelo con tus amigos.<\/p>\n<h1 id=\"watch-headline-title\"><span id=\"\"><\/span><\/h1>\n<p><span class=\"embed-youtube\" style=\"text-align:center; display: block;\"><iframe class=\"youtube-player\" width=\"1200\" height=\"675\" src=\"https:\/\/www.youtube.com\/embed\/ltun92DfnPY?version=3&rel=1&showsearch=0&showinfo=1&iv_load_policy=1&fs=1&hl=es-MX&autohide=2&wmode=transparent\" allowfullscreen=\"true\" style=\"border:0;\" sandbox=\"allow-scripts allow-same-origin allow-popups allow-presentation allow-popups-to-escape-sandbox\"><\/iframe><\/span><\/p>\n<p>\u00a0<\/p>\n<p>\u00bfque te ha parecido? \u00bfCuantos ni\u00f1os que hoy son adultos vivir\u00e1n con algo similar a lo que vivi\u00f3\/vive Shane? Toma consciencia. Comparte.<\/p>\n","protected":false},"excerpt":{"rendered":"\u00a1Hey guys! Recientemente navegaba por internet y me encontr\u00e9 con esta joya, Shane Koyczan, autor de este video,&hellip;\n","protected":false},"author":8,"featured_media":8797,"comment_status":"open","ping_status":"open","sticky":false,"template":"","format":"standard","meta":{"jetpack_post_was_ever_published":false,"_jetpack_newsletter_access":"","_jetpack_dont_email_post_to_subs":false,"_jetpack_newsletter_tier_id":0,"_jetpack_memberships_contains_paywalled_content":false,"_jetpack_memberships_contains_paid_content":false,"footnotes":"","jetpack_publicize_message":"","jetpack_publicize_feature_enabled":true,"jetpack_social_post_already_shared":true,"jetpack_social_options":{"image_generator_settings":{"template":"highway","default_image_id":0,"font":"","enabled":false},"version":2}},"categories":[],"tags":[],"class_list":{"0":"post-8795","1":"post","2":"type-post","3":"status-publish","4":"format-standard","5":"has-post-thumbnail","7":"cs-entry","8":"cs-video-wrap"},"yoast_head":"<!-- This site is optimized with the Yoast SEO plugin v27.5 - https:\/\/yoast.com\/product\/yoast-seo-wordpress\/ -->\n<title>\u00bfY si compartimos este video para acabar con el bullying?<\/title>\n<meta name=\"description\" content=\"\u00a1Hey guys! Recientemente navegaba por internet y me encontr\u00e9 con esta joya, Shane Koyczan, autor de este video, inspir\u00f3 este proyecto en su vida propia.\" \/>\n<meta name=\"robots\" content=\"index, follow, max-snippet:-1, max-image-preview:large, max-video-preview:-1\" \/>\n<link rel=\"canonical\" href=\"https:\/\/kalot.com.mx\/site\/2013\/12\/31\/y-si-compartimos-este-video-para-acabar-con-el-bullying-chuleta-de-cerdo\/\" \/>\n<meta property=\"og:locale\" content=\"es_MX\" \/>\n<meta property=\"og:type\" content=\"article\" \/>\n<meta property=\"og:title\" content=\"\u00bfY si compartimos este video para acabar con el bullying?\" \/>\n<meta property=\"og:description\" content=\"\u00a1Hey guys! Recientemente navegaba por internet y me encontr\u00e9 con esta joya, Shane Koyczan, autor de este video, inspir\u00f3 este proyecto en su vida propia.\" \/>\n<meta property=\"og:url\" content=\"https:\/\/kalot.com.mx\/site\/2013\/12\/31\/y-si-compartimos-este-video-para-acabar-con-el-bullying-chuleta-de-cerdo\/\" \/>\n<meta property=\"og:site_name\" content=\"Kalot\" \/>\n<meta property=\"article:publisher\" content=\"http:\/\/facebook.com\/mxkalot\" \/>\n<meta property=\"article:published_time\" content=\"2013-12-31T15:58:04+00:00\" \/>\n<meta property=\"og:image\" content=\"https:\/\/i1.wp.com\/kalot.com.mx\/site\/wp-content\/uploads\/2013\/12\/ToThisDayProject-Kalot.jpg?fit=560%2C310&ssl=1\" \/>\n\t<meta property=\"og:image:width\" content=\"560\" \/>\n\t<meta property=\"og:image:height\" content=\"310\" \/>\n\t<meta property=\"og:image:type\" content=\"image\/jpeg\" \/>\n<meta name=\"author\" content=\"Rudy Marin\" \/>\n<meta name=\"twitter:card\" content=\"summary_large_image\" \/>\n<meta name=\"twitter:creator\" content=\"@kalotmx\" \/>\n<meta name=\"twitter:site\" content=\"@kalotmx\" \/>\n<meta name=\"twitter:label1\" content=\"Escrito por\" \/>\n\t<meta name=\"twitter:data1\" content=\"Rudy Marin\" \/>\n<!-- \/ Yoast SEO plugin. -->","yoast_head_json":{"title":"\u00bfY si compartimos este video para acabar con el bullying?","description":"\u00a1Hey guys! Recientemente navegaba por internet y me encontr\u00e9 con esta joya, Shane Koyczan, autor de este video, inspir\u00f3 este proyecto en su vida propia.","robots":{"index":"index","follow":"follow","max-snippet":"max-snippet:-1","max-image-preview":"max-image-preview:large","max-video-preview":"max-video-preview:-1"},"canonical":"https:\/\/kalot.com.mx\/site\/2013\/12\/31\/y-si-compartimos-este-video-para-acabar-con-el-bullying-chuleta-de-cerdo\/","og_locale":"es_MX","og_type":"article","og_title":"\u00bfY si compartimos este video para acabar con el bullying?","og_description":"\u00a1Hey guys! Recientemente navegaba por internet y me encontr\u00e9 con esta joya, Shane Koyczan, autor de este video, inspir\u00f3 este proyecto en su vida propia.","og_url":"https:\/\/kalot.com.mx\/site\/2013\/12\/31\/y-si-compartimos-este-video-para-acabar-con-el-bullying-chuleta-de-cerdo\/","og_site_name":"Kalot","article_publisher":"http:\/\/facebook.com\/mxkalot","article_published_time":"2013-12-31T15:58:04+00:00","og_image":[{"width":560,"height":310,"url":"https:\/\/i1.wp.com\/kalot.com.mx\/site\/wp-content\/uploads\/2013\/12\/ToThisDayProject-Kalot.jpg?fit=560%2C310&ssl=1","type":"image\/jpeg"}],"author":"Rudy Marin","twitter_card":"summary_large_image","twitter_creator":"@kalotmx","twitter_site":"@kalotmx","twitter_misc":{"Escrito por":"Rudy Marin"},"schema":{"@context":"https:\/\/schema.org","@graph":[{"@type":"Article","@id":"https:\/\/kalot.com.mx\/site\/2013\/12\/31\/y-si-compartimos-este-video-para-acabar-con-el-bullying-chuleta-de-cerdo\/#article","isPartOf":{"@id":"https:\/\/kalot.com.mx\/site\/2013\/12\/31\/y-si-compartimos-este-video-para-acabar-con-el-bullying-chuleta-de-cerdo\/"},"author":{"name":"Rudy Marin","@id":"https:\/\/kalot.com.mx\/site\/#\/schema\/person\/c92e0faf7c6131124c9e7afdaaf4c22c"},"headline":"\u00bfY si compartimos este video para acabar con el Bullying? &#8220;Chuleta de Cerdo&#8221;","datePublished":"2013-12-31T15:58:04+00:00","mainEntityOfPage":{"@id":"https:\/\/kalot.com.mx\/site\/2013\/12\/31\/y-si-compartimos-este-video-para-acabar-con-el-bullying-chuleta-de-cerdo\/"},"wordCount":103,"commentCount":1,"publisher":{"@id":"https:\/\/kalot.com.mx\/site\/#organization"},"image":{"@id":"https:\/\/kalot.com.mx\/site\/2013\/12\/31\/y-si-compartimos-este-video-para-acabar-con-el-bullying-chuleta-de-cerdo\/#primaryimage"},"thumbnailUrl":"https:\/\/i0.wp.com\/kalot.com.mx\/site\/wp-content\/uploads\/2013\/12\/ToThisDayProject-Kalot.jpg?fit=560%2C310&ssl=1","inLanguage":"es","potentialAction":[{"@type":"CommentAction","name":"Comment","target":["https:\/\/kalot.com.mx\/site\/2013\/12\/31\/y-si-compartimos-este-video-para-acabar-con-el-bullying-chuleta-de-cerdo\/#respond"]}]},{"@type":"WebPage","@id":"https:\/\/kalot.com.mx\/site\/2013\/12\/31\/y-si-compartimos-este-video-para-acabar-con-el-bullying-chuleta-de-cerdo\/","url":"https:\/\/kalot.com.mx\/site\/2013\/12\/31\/y-si-compartimos-este-video-para-acabar-con-el-bullying-chuleta-de-cerdo\/","name":"\u00bfY si compartimos este video para acabar con el bullying?","isPartOf":{"@id":"https:\/\/kalot.com.mx\/site\/#website"},"primaryImageOfPage":{"@id":"https:\/\/kalot.com.mx\/site\/2013\/12\/31\/y-si-compartimos-este-video-para-acabar-con-el-bullying-chuleta-de-cerdo\/#primaryimage"},"image":{"@id":"https:\/\/kalot.com.mx\/site\/2013\/12\/31\/y-si-compartimos-este-video-para-acabar-con-el-bullying-chuleta-de-cerdo\/#primaryimage"},"thumbnailUrl":"https:\/\/i0.wp.com\/kalot.com.mx\/site\/wp-content\/uploads\/2013\/12\/ToThisDayProject-Kalot.jpg?fit=560%2C310&ssl=1","datePublished":"2013-12-31T15:58:04+00:00","description":"\u00a1Hey guys! Recientemente navegaba por internet y me encontr\u00e9 con esta joya, Shane Koyczan, autor de este video, inspir\u00f3 este proyecto en su vida propia.","breadcrumb":{"@id":"https:\/\/kalot.com.mx\/site\/2013\/12\/31\/y-si-compartimos-este-video-para-acabar-con-el-bullying-chuleta-de-cerdo\/#breadcrumb"},"inLanguage":"es","potentialAction":[{"@type":"ReadAction","target":["https:\/\/kalot.com.mx\/site\/2013\/12\/31\/y-si-compartimos-este-video-para-acabar-con-el-bullying-chuleta-de-cerdo\/"]}]},{"@type":"ImageObject","inLanguage":"es","@id":"https:\/\/kalot.com.mx\/site\/2013\/12\/31\/y-si-compartimos-este-video-para-acabar-con-el-bullying-chuleta-de-cerdo\/#primaryimage","url":"https:\/\/i0.wp.com\/kalot.com.mx\/site\/wp-content\/uploads\/2013\/12\/ToThisDayProject-Kalot.jpg?fit=560%2C310&ssl=1","contentUrl":"https:\/\/i0.wp.com\/kalot.com.mx\/site\/wp-content\/uploads\/2013\/12\/ToThisDayProject-Kalot.jpg?fit=560%2C310&ssl=1","width":560,"height":310},{"@type":"BreadcrumbList","@id":"https:\/\/kalot.com.mx\/site\/2013\/12\/31\/y-si-compartimos-este-video-para-acabar-con-el-bullying-chuleta-de-cerdo\/#breadcrumb","itemListElement":[{"@type":"ListItem","position":1,"name":"Home","item":"https:\/\/kalot.com.mx\/site\/"},{"@type":"ListItem","position":2,"name":"\u00bfY si compartimos este video para acabar con el Bullying? &#8220;Chuleta de Cerdo&#8221;"}]},{"@type":"WebSite","@id":"https:\/\/kalot.com.mx\/site\/#website","url":"https:\/\/kalot.com.mx\/site\/","name":"Kalot","description":"Conoce Todo Sobre Todo","publisher":{"@id":"https:\/\/kalot.com.mx\/site\/#organization"},"potentialAction":[{"@type":"SearchAction","target":{"@type":"EntryPoint","urlTemplate":"https:\/\/kalot.com.mx\/site\/?s={search_term_string}"},"query-input":{"@type":"PropertyValueSpecification","valueRequired":true,"valueName":"search_term_string"}}],"inLanguage":"es"},{"@type":"Organization","@id":"https:\/\/kalot.com.mx\/site\/#organization","name":"Kalot","url":"https:\/\/kalot.com.mx\/site\/","logo":{"@type":"ImageObject","inLanguage":"es","@id":"https:\/\/kalot.com.mx\/site\/#\/schema\/logo\/image\/","url":"https:\/\/i0.wp.com\/kalot.com.mx\/site\/wp-content\/uploads\/2020\/04\/Kalot-logo-sin-tagline.png?fit=1707%2C1014&ssl=1","contentUrl":"https:\/\/i0.wp.com\/kalot.com.mx\/site\/wp-content\/uploads\/2020\/04\/Kalot-logo-sin-tagline.png?fit=1707%2C1014&ssl=1","width":1707,"height":1014,"caption":"Kalot"},"image":{"@id":"https:\/\/kalot.com.mx\/site\/#\/schema\/logo\/image\/"},"sameAs":["http:\/\/facebook.com\/mxkalot","https:\/\/x.com\/kalotmx","http:\/\/instagram.com\/kalotmx","http:\/\/pinterest.com\/jorgeerana\/kalot"]},{"@type":"Person","@id":"https:\/\/kalot.com.mx\/site\/#\/schema\/person\/c92e0faf7c6131124c9e7afdaaf4c22c","name":"Rudy Marin","image":{"@type":"ImageObject","inLanguage":"es","@id":"https:\/\/secure.gravatar.com\/avatar\/9d602f834cae9211ebf2bb652f47ee964d637614b9e543cda340daea773bb3d5?s=96&d=mm&r=g","url":"https:\/\/secure.gravatar.com\/avatar\/9d602f834cae9211ebf2bb652f47ee964d637614b9e543cda340daea773bb3d5?s=96&d=mm&r=g","contentUrl":"https:\/\/secure.gravatar.com\/avatar\/9d602f834cae9211ebf2bb652f47ee964d637614b9e543cda340daea773bb3d5?s=96&d=mm&r=g","caption":"Rudy Marin"},"description":"Mercad\u00f3logo. Emprendedor por Internet. Amante de la Nutella.","url":"https:\/\/kalot.com.mx\/site\/author\/rudymarin\/"}]}},"jetpack_publicize_connections":[],"jetpack_featured_media_url":"https:\/\/i0.wp.com\/kalot.com.mx\/site\/wp-content\/uploads\/2013\/12\/ToThisDayProject-Kalot.jpg?fit=560%2C310&ssl=1","jetpack_shortlink":"https:\/\/wp.me\/p6IHEI-2hR","jetpack-related-posts":[{"id":7602,"url":"https:\/\/kalot.com.mx\/site\/2013\/12\/05\/parar-el-bullying\/","url_meta":{"origin":8795,"position":0},"title":"Parar el bullying??","author":"Ceci Cuevas","date":"5 diciembre, 2013","format":false,"excerpt":"por Ceci Cuevas Todos queremos que pare el bullying. Que ya no sean molestados los ni\u00f1os, estudiantes o personas en las escuelas, oficinas, cualquier lugar. Todos hemos sufrido de bullying. Bullying es recibir agresi\u00f3n verbal o f\u00edsica de una o mas personas. No existe la causa, simplemente los cinco minutos\u2026","rel":"","context":"Con 1 comentario","block_context":{"text":"Con 1 comentario","link":"https:\/\/kalot.com.mx\/site\/2013\/12\/05\/parar-el-bullying\/#comments"},"img":{"alt_text":"","src":"https:\/\/i0.wp.com\/kalot.com.mx\/site\/wp-content\/uploads\/2013\/12\/20131205-114127-p.m..jpg?fit=1024%2C720&ssl=1&resize=350%2C200","width":350,"height":200,"srcset":"https:\/\/i0.wp.com\/kalot.com.mx\/site\/wp-content\/uploads\/2013\/12\/20131205-114127-p.m..jpg?fit=1024%2C720&ssl=1&resize=350%2C200 1x, https:\/\/i0.wp.com\/kalot.com.mx\/site\/wp-content\/uploads\/2013\/12\/20131205-114127-p.m..jpg?fit=1024%2C720&ssl=1&resize=525%2C300 1.5x, https:\/\/i0.wp.com\/kalot.com.mx\/site\/wp-content\/uploads\/2013\/12\/20131205-114127-p.m..jpg?fit=1024%2C720&ssl=1&resize=700%2C400 2x"},"classes":[]},{"id":3831,"url":"https:\/\/kalot.com.mx\/site\/2013\/10\/11\/lo-que-comunica-el-bullying-escolar\/","url_meta":{"origin":8795,"position":1},"title":"Lo que comunica el Bullying escolar","author":"Dal\u00ed Flores","date":"11 octubre, 2013","format":false,"excerpt":"El bullying es f\u00e1cil que suceda en las escuelas en chicos adolescentes, con miedo, baja autoestima, inseguridad, enojo, ira, estos sentimientos son mal canalizados, esto repercute en su desarrollo social y compa\u00f1erismo en la escuela, de tal forma que hasta ellos mismos pueden distorsionar la forma de relacionarse socialmente con\u2026","rel":"","context":"Entrada similar ","block_context":{"text":"Entrada similar ","link":""},"img":{"alt_text":"","src":"https:\/\/i0.wp.com\/kalot.com.mx\/site\/wp-content\/uploads\/2013\/10\/Bullying_4.jpg?fit=700%2C467&ssl=1&resize=350%2C200","width":350,"height":200,"srcset":"https:\/\/i0.wp.com\/kalot.com.mx\/site\/wp-content\/uploads\/2013\/10\/Bullying_4.jpg?fit=700%2C467&ssl=1&resize=350%2C200 1x, https:\/\/i0.wp.com\/kalot.com.mx\/site\/wp-content\/uploads\/2013\/10\/Bullying_4.jpg?fit=700%2C467&ssl=1&resize=525%2C300 1.5x, https:\/\/i0.wp.com\/kalot.com.mx\/site\/wp-content\/uploads\/2013\/10\/Bullying_4.jpg?fit=700%2C467&ssl=1&resize=700%2C400 2x"},"classes":[]},{"id":24384,"url":"https:\/\/kalot.com.mx\/site\/2015\/12\/01\/el-guion-de-depredador-ya-esta-listo\/","url_meta":{"origin":8795,"position":2},"title":"\u00a1El gui\u00f3n de Depredador ya est\u00e1 listo!","author":"yash","date":"1 diciembre, 2015","format":false,"excerpt":"Anteriormente se hab\u00eda dado a conocer que\u00a020th Century Fox estaba buscando a Shane Black (Iron Man 3), \u00a0para dirigir y escribir un reboot de Depredador. Finalmente fue as\u00ed y ahora junto a\u00a0Fredd Dekker se ha entregado el gui\u00f3n a la FOX para que decida cuando se mandar\u00e1 \u00a0a pre-producci\u00f3n. En\u2026","rel":"","context":"En &quot;Cine&quot;","block_context":{"text":"Cine","link":"https:\/\/kalot.com.mx\/site\/category\/cine\/"},"img":{"alt_text":"","src":"https:\/\/i0.wp.com\/kalot.com.mx\/site\/wp-content\/uploads\/2015\/12\/Depredador.jpg?fit=1200%2C645&ssl=1&resize=350%2C200","width":350,"height":200,"srcset":"https:\/\/i0.wp.com\/kalot.com.mx\/site\/wp-content\/uploads\/2015\/12\/Depredador.jpg?fit=1200%2C645&ssl=1&resize=350%2C200 1x, https:\/\/i0.wp.com\/kalot.com.mx\/site\/wp-content\/uploads\/2015\/12\/Depredador.jpg?fit=1200%2C645&ssl=1&resize=525%2C300 1.5x, https:\/\/i0.wp.com\/kalot.com.mx\/site\/wp-content\/uploads\/2015\/12\/Depredador.jpg?fit=1200%2C645&ssl=1&resize=700%2C400 2x, https:\/\/i0.wp.com\/kalot.com.mx\/site\/wp-content\/uploads\/2015\/12\/Depredador.jpg?fit=1200%2C645&ssl=1&resize=1050%2C600 3x"},"classes":[]},{"id":16995,"url":"https:\/\/kalot.com.mx\/site\/2014\/06\/25\/guerra-tanques-y-mucha-accion-en-el-nuevo-trailer-de-fury-con-brad-pitt\/","url_meta":{"origin":8795,"position":3},"title":"Guerra, tanques y mucha acci\u00f3n en el nuevo tr\u00e1iler de Fury con Brad Pitt","author":"Jorge Era\u00f1a","date":"25 junio, 2014","format":false,"excerpt":"Lo m\u00e1s reciente de Brad Pitt es Fury y aqu\u00ed tiene su tr\u00e1iler reci\u00e9n salidito [embedvideo id=\"q94n3eWOWXM\" website=\"youtube\"] No hay nada que me guste m\u00e1s que las pel\u00edculas de guerra, definitivamente mi amor comenz\u00f3 cuando descubr\u00ed Pelot\u00f3n, una movie que ayud\u00f3 a que mi afici\u00f3n por este tipo de producciones\u2026","rel":"","context":"Entrada similar ","block_context":{"text":"Entrada similar ","link":""},"img":{"alt_text":"tr\u00e1iler fury","src":"https:\/\/i0.wp.com\/kalot.com.mx\/site\/wp-content\/uploads\/2014\/06\/Fury-Movie-Set-Picture-1.jpg?fit=1024%2C769&ssl=1&resize=350%2C200","width":350,"height":200,"srcset":"https:\/\/i0.wp.com\/kalot.com.mx\/site\/wp-content\/uploads\/2014\/06\/Fury-Movie-Set-Picture-1.jpg?fit=1024%2C769&ssl=1&resize=350%2C200 1x, https:\/\/i0.wp.com\/kalot.com.mx\/site\/wp-content\/uploads\/2014\/06\/Fury-Movie-Set-Picture-1.jpg?fit=1024%2C769&ssl=1&resize=525%2C300 1.5x, https:\/\/i0.wp.com\/kalot.com.mx\/site\/wp-content\/uploads\/2014\/06\/Fury-Movie-Set-Picture-1.jpg?fit=1024%2C769&ssl=1&resize=700%2C400 2x"},"classes":[]},{"id":4575,"url":"https:\/\/kalot.com.mx\/site\/2013\/10\/21\/review-quarterback-2\/","url_meta":{"origin":8795,"position":4},"title":"Review: \u201cThe Quarterback\u201d","author":"Cristian Patl\u00e1n","date":"21 octubre, 2013","format":false,"excerpt":"La semana pasada fue transmitido por el canal Fox Estados Unidos el episodio de la serie Glee dedicado a Cory Monteith, actor fallecido el 13 de julio de este a\u00f1o debido a una sobredosis por mezcla de alcohol\/hero\u00edna. En Contexto: Glee es una comedia dram\u00e1tica musical que toca temas como\u2026","rel":"","context":"Con 1 comentario","block_context":{"text":"Con 1 comentario","link":"https:\/\/kalot.com.mx\/site\/2013\/10\/21\/review-quarterback-2\/#comments"},"img":{"alt_text":"","src":"https:\/\/i0.wp.com\/kalot.com.mx\/site\/wp-content\/uploads\/2013\/10\/ustv-glee-the-quarterback-2.jpg?fit=618%2C412&ssl=1&resize=350%2C200","width":350,"height":200,"srcset":"https:\/\/i0.wp.com\/kalot.com.mx\/site\/wp-content\/uploads\/2013\/10\/ustv-glee-the-quarterback-2.jpg?fit=618%2C412&ssl=1&resize=350%2C200 1x, https:\/\/i0.wp.com\/kalot.com.mx\/site\/wp-content\/uploads\/2013\/10\/ustv-glee-the-quarterback-2.jpg?fit=618%2C412&ssl=1&resize=525%2C300 1.5x"},"classes":[]},{"id":8228,"url":"https:\/\/kalot.com.mx\/site\/2013\/12\/21\/people-are-awesome-2013\/","url_meta":{"origin":8795,"position":5},"title":"People are awesome 2013","author":"Ceci Cuevas","date":"21 diciembre, 2013","format":false,"excerpt":"por Ceci Cuevas Qu\u00e9 te atrever\u00edas a hacer si no tuvieras miedo? Si supieras que no puedes fallar? Si fueras invencible? Si fueras inmortal? Desde donde saltar\u00edas? Hasta donde llegar\u00edas? A qui\u00e9n llevar\u00edas y por que lo har\u00edas? Este video me encant\u00f3 por todas las cosas que hacen, que se\u2026","rel":"","context":"Entrada similar ","block_context":{"text":"Entrada similar ","link":""},"img":{"alt_text":"","src":"https:\/\/i0.wp.com\/kalot.com.mx\/site\/wp-content\/uploads\/2013\/12\/20131221-042710-p.m..jpg?fit=1024%2C694&ssl=1&resize=350%2C200","width":350,"height":200,"srcset":"https:\/\/i0.wp.com\/kalot.com.mx\/site\/wp-content\/uploads\/2013\/12\/20131221-042710-p.m..jpg?fit=1024%2C694&ssl=1&resize=350%2C200 1x, https:\/\/i0.wp.com\/kalot.com.mx\/site\/wp-content\/uploads\/2013\/12\/20131221-042710-p.m..jpg?fit=1024%2C694&ssl=1&resize=525%2C300 1.5x, https:\/\/i0.wp.com\/kalot.com.mx\/site\/wp-content\/uploads\/2013\/12\/20131221-042710-p.m..jpg?fit=1024%2C694&ssl=1&resize=700%2C400 2x"},"classes":[]}],"jetpack_sharing_enabled":true,"_links":{"self":[{"href":"https:\/\/kalot.com.mx\/site\/wp-json\/wp\/v2\/posts\/8795","targetHints":{"allow":["GET"]}}],"collection":[{"href":"https:\/\/kalot.com.mx\/site\/wp-json\/wp\/v2\/posts"}],"about":[{"href":"https:\/\/kalot.com.mx\/site\/wp-json\/wp\/v2\/types\/post"}],"author":[{"embeddable":true,"href":"https:\/\/kalot.com.mx\/site\/wp-json\/wp\/v2\/users\/8"}],"replies":[{"embeddable":true,"href":"https:\/\/kalot.com.mx\/site\/wp-json\/wp\/v2\/comments?post=8795"}],"version-history":[{"count":0,"href":"https:\/\/kalot.com.mx\/site\/wp-json\/wp\/v2\/posts\/8795\/revisions"}],"wp:featuredmedia":[{"embeddable":true,"href":"https:\/\/kalot.com.mx\/site\/wp-json\/wp\/v2\/media\/8797"}],"wp:attachment":[{"href":"https:\/\/kalot.com.mx\/site\/wp-json\/wp\/v2\/media?parent=8795"}],"wp:term":[{"taxonomy":"category","embeddable":true,"href":"https:\/\/kalot.com.mx\/site\/wp-json\/wp\/v2\/categories?post=8795"},{"taxonomy":"post_tag","embeddable":true,"href":"https:\/\/kalot.com.mx\/site\/wp-json\/wp\/v2\/tags?post=8795"}],"curies":[{"name":"wp","href":"https:\/\/api.w.org\/{rel}","templated":true}]}}