{"id":841,"date":"2013-09-06T00:06:26","date_gmt":"2013-09-06T05:06:26","guid":{"rendered":"http:\/\/www.kalot.com.mx\/?p=841"},"modified":"2013-09-06T00:16:07","modified_gmt":"2013-09-06T05:16:07","slug":"psicologo-ir-o-no-ir-esa-es-la-cuestion","status":"publish","type":"post","link":"https:\/\/kalot.com.mx\/site\/2013\/09\/06\/psicologo-ir-o-no-ir-esa-es-la-cuestion\/","title":{"rendered":"Psic\u00f3logo, ir o no ir, esa es la cuestion."},"content":{"rendered":"<p>La psicolog\u00eda ha tomado un auge extraordinario y ha llegado a despertar inter\u00e9s en las personas, aunque ciertas veces genera prejuicios hablar del tema.<br \/>\nLas creencias son que ir al psic\u00f3logo es porque estas loco!!!<br \/>\n-O apoco vas al psic\u00f3logo?<br \/>\n-Estas enfermo?&#8230;<br \/>\nAsistir al psic\u00f3logo no quiere decir que est\u00e9s loco, ni significa que se ha perdido todo.<br \/>\nLa psicolog\u00eda cura y nos ayuda a llevar acabo la vida diaria con \u00e9xito.<br \/>\nAhora:<br \/>\nEs la psicolog\u00eda la respuesta a todo?<br \/>\nTodos los problemas los puedo resolver sin ayuda?<br \/>\nQue se siente ir al psic\u00f3logo?<\/p>\n<p>Si haz pensado en ir al psic\u00f3logo toma en cuenta estos datos:<\/p>\n<p>Un 64% de la poblaci\u00f3n piensa que a la gente le da pena ir al psic\u00f3logo.<br \/>\nUn 62% dice que a ellos no les dar\u00eda pena ir al psic\u00f3logo.<br \/>\n16% de las personas admiten que han ido al psic\u00f3logo.<br \/>\nEn M\u00e9xico seg\u00fan la Jornada el 30% de los mexicanos padece alg\u00fan trastorno mental y solo un 2.5% se atiende.<\/p>\n<p><a href=\"https:\/\/i0.wp.com\/www.kalot.com.mx\/wp-content\/uploads\/2013\/09\/20130906-000412.jpg\"><img data-recalc-dims=\"1\" decoding=\"async\" class=\"alignnone size-full\" alt=\"20130906-000412.jpg\" src=\"https:\/\/i0.wp.com\/www.kalot.com.mx\/wp-content\/uploads\/2013\/09\/20130906-000412.jpg?w=1200\" \/><\/a><\/p>\n","protected":false},"excerpt":{"rendered":"La psicolog\u00eda ha tomado un auge extraordinario y ha llegado a despertar inter\u00e9s en las personas, aunque ciertas&hellip;\n","protected":false},"author":5,"featured_media":847,"comment_status":"open","ping_status":"open","sticky":false,"template":"","format":"standard","meta":{"jetpack_post_was_ever_published":false,"_jetpack_newsletter_access":"","_jetpack_dont_email_post_to_subs":false,"_jetpack_newsletter_tier_id":0,"_jetpack_memberships_contains_paywalled_content":false,"_jetpack_memberships_contains_paid_content":false,"footnotes":"","jetpack_publicize_message":"","jetpack_publicize_feature_enabled":true,"jetpack_social_post_already_shared":true,"jetpack_social_options":{"image_generator_settings":{"template":"highway","default_image_id":0,"font":"","enabled":false},"version":2}},"categories":[],"tags":[],"class_list":{"0":"post-841","1":"post","2":"type-post","3":"status-publish","4":"format-standard","5":"has-post-thumbnail","7":"cs-entry","8":"cs-video-wrap"},"yoast_head":"<!-- This site is optimized with the Yoast SEO plugin v27.4 - https:\/\/yoast.com\/product\/yoast-seo-wordpress\/ -->\n<title>Psic\u00f3logo, ir o no ir, esa es la cuestion. - Kalot<\/title>\n<meta name=\"description\" content=\"La psicolog\u00eda ha tomado un auge extraordinario y ha llegado a despertar inter\u00e9s en las personas, aunque ciertas veces genera prejuicios hablar del tema.\" \/>\n<meta name=\"robots\" content=\"index, follow, max-snippet:-1, max-image-preview:large, max-video-preview:-1\" \/>\n<link rel=\"canonical\" href=\"https:\/\/kalot.com.mx\/site\/2013\/09\/06\/psicologo-ir-o-no-ir-esa-es-la-cuestion\/\" \/>\n<meta property=\"og:locale\" content=\"es_MX\" \/>\n<meta property=\"og:type\" content=\"article\" \/>\n<meta property=\"og:title\" content=\"Psic\u00f3logo, ir o no ir, esa es la cuestion. - Kalot\" \/>\n<meta property=\"og:description\" content=\"La psicolog\u00eda ha tomado un auge extraordinario y ha llegado a despertar inter\u00e9s en las personas, aunque ciertas veces genera prejuicios hablar del tema.\" \/>\n<meta property=\"og:url\" content=\"https:\/\/kalot.com.mx\/site\/2013\/09\/06\/psicologo-ir-o-no-ir-esa-es-la-cuestion\/\" \/>\n<meta property=\"og:site_name\" content=\"Kalot\" \/>\n<meta property=\"article:publisher\" content=\"http:\/\/facebook.com\/mxkalot\" \/>\n<meta property=\"article:published_time\" content=\"2013-09-06T05:06:26+00:00\" \/>\n<meta property=\"article:modified_time\" content=\"2013-09-06T05:16:07+00:00\" \/>\n<meta property=\"og:image\" content=\"https:\/\/i2.wp.com\/kalot.com.mx\/site\/wp-content\/uploads\/2013\/09\/Psicolog\u00eda_2.jpg?fit=472%2C365&ssl=1\" \/>\n\t<meta property=\"og:image:width\" content=\"472\" \/>\n\t<meta property=\"og:image:height\" content=\"365\" \/>\n\t<meta property=\"og:image:type\" content=\"image\/jpeg\" \/>\n<meta name=\"author\" content=\"Dal\u00ed Flores\" \/>\n<meta name=\"twitter:card\" content=\"summary_large_image\" \/>\n<meta name=\"twitter:creator\" content=\"@kalotmx\" \/>\n<meta name=\"twitter:site\" content=\"@kalotmx\" \/>\n<meta name=\"twitter:label1\" content=\"Escrito por\" \/>\n\t<meta name=\"twitter:data1\" content=\"Dal\u00ed Flores\" \/>\n\t<meta name=\"twitter:label2\" content=\"Tiempo de lectura\" \/>\n\t<meta name=\"twitter:data2\" content=\"1 minuto\" \/>\n<!-- \/ Yoast SEO plugin. -->","yoast_head_json":{"title":"Psic\u00f3logo, ir o no ir, esa es la cuestion. - Kalot","description":"La psicolog\u00eda ha tomado un auge extraordinario y ha llegado a despertar inter\u00e9s en las personas, aunque ciertas veces genera prejuicios hablar del tema.","robots":{"index":"index","follow":"follow","max-snippet":"max-snippet:-1","max-image-preview":"max-image-preview:large","max-video-preview":"max-video-preview:-1"},"canonical":"https:\/\/kalot.com.mx\/site\/2013\/09\/06\/psicologo-ir-o-no-ir-esa-es-la-cuestion\/","og_locale":"es_MX","og_type":"article","og_title":"Psic\u00f3logo, ir o no ir, esa es la cuestion. - Kalot","og_description":"La psicolog\u00eda ha tomado un auge extraordinario y ha llegado a despertar inter\u00e9s en las personas, aunque ciertas veces genera prejuicios hablar del tema.","og_url":"https:\/\/kalot.com.mx\/site\/2013\/09\/06\/psicologo-ir-o-no-ir-esa-es-la-cuestion\/","og_site_name":"Kalot","article_publisher":"http:\/\/facebook.com\/mxkalot","article_published_time":"2013-09-06T05:06:26+00:00","article_modified_time":"2013-09-06T05:16:07+00:00","og_image":[{"width":472,"height":365,"url":"https:\/\/i2.wp.com\/kalot.com.mx\/site\/wp-content\/uploads\/2013\/09\/Psicolog\u00eda_2.jpg?fit=472%2C365&ssl=1","type":"image\/jpeg"}],"author":"Dal\u00ed Flores","twitter_card":"summary_large_image","twitter_creator":"@kalotmx","twitter_site":"@kalotmx","twitter_misc":{"Escrito por":"Dal\u00ed Flores","Tiempo de lectura":"1 minuto"},"schema":{"@context":"https:\/\/schema.org","@graph":[{"@type":"Article","@id":"https:\/\/kalot.com.mx\/site\/2013\/09\/06\/psicologo-ir-o-no-ir-esa-es-la-cuestion\/#article","isPartOf":{"@id":"https:\/\/kalot.com.mx\/site\/2013\/09\/06\/psicologo-ir-o-no-ir-esa-es-la-cuestion\/"},"author":{"name":"Dal\u00ed Flores","@id":"https:\/\/kalot.com.mx\/site\/#\/schema\/person\/a51538aa98d8595cac7a5c6c09a9b59c"},"headline":"Psic\u00f3logo, ir o no ir, esa es la cuestion.","datePublished":"2013-09-06T05:06:26+00:00","dateModified":"2013-09-06T05:16:07+00:00","mainEntityOfPage":{"@id":"https:\/\/kalot.com.mx\/site\/2013\/09\/06\/psicologo-ir-o-no-ir-esa-es-la-cuestion\/"},"wordCount":188,"commentCount":1,"publisher":{"@id":"https:\/\/kalot.com.mx\/site\/#organization"},"image":{"@id":"https:\/\/kalot.com.mx\/site\/2013\/09\/06\/psicologo-ir-o-no-ir-esa-es-la-cuestion\/#primaryimage"},"thumbnailUrl":"https:\/\/i0.wp.com\/kalot.com.mx\/site\/wp-content\/uploads\/2013\/09\/Psicolog%C3%ADa_2.jpg?fit=472%2C365&ssl=1","inLanguage":"es","potentialAction":[{"@type":"CommentAction","name":"Comment","target":["https:\/\/kalot.com.mx\/site\/2013\/09\/06\/psicologo-ir-o-no-ir-esa-es-la-cuestion\/#respond"]}]},{"@type":"WebPage","@id":"https:\/\/kalot.com.mx\/site\/2013\/09\/06\/psicologo-ir-o-no-ir-esa-es-la-cuestion\/","url":"https:\/\/kalot.com.mx\/site\/2013\/09\/06\/psicologo-ir-o-no-ir-esa-es-la-cuestion\/","name":"Psic\u00f3logo, ir o no ir, esa es la cuestion. - Kalot","isPartOf":{"@id":"https:\/\/kalot.com.mx\/site\/#website"},"primaryImageOfPage":{"@id":"https:\/\/kalot.com.mx\/site\/2013\/09\/06\/psicologo-ir-o-no-ir-esa-es-la-cuestion\/#primaryimage"},"image":{"@id":"https:\/\/kalot.com.mx\/site\/2013\/09\/06\/psicologo-ir-o-no-ir-esa-es-la-cuestion\/#primaryimage"},"thumbnailUrl":"https:\/\/i0.wp.com\/kalot.com.mx\/site\/wp-content\/uploads\/2013\/09\/Psicolog%C3%ADa_2.jpg?fit=472%2C365&ssl=1","datePublished":"2013-09-06T05:06:26+00:00","dateModified":"2013-09-06T05:16:07+00:00","description":"La psicolog\u00eda ha tomado un auge extraordinario y ha llegado a despertar inter\u00e9s en las personas, aunque ciertas veces genera prejuicios hablar del tema.","breadcrumb":{"@id":"https:\/\/kalot.com.mx\/site\/2013\/09\/06\/psicologo-ir-o-no-ir-esa-es-la-cuestion\/#breadcrumb"},"inLanguage":"es","potentialAction":[{"@type":"ReadAction","target":["https:\/\/kalot.com.mx\/site\/2013\/09\/06\/psicologo-ir-o-no-ir-esa-es-la-cuestion\/"]}]},{"@type":"ImageObject","inLanguage":"es","@id":"https:\/\/kalot.com.mx\/site\/2013\/09\/06\/psicologo-ir-o-no-ir-esa-es-la-cuestion\/#primaryimage","url":"https:\/\/i0.wp.com\/kalot.com.mx\/site\/wp-content\/uploads\/2013\/09\/Psicolog%C3%ADa_2.jpg?fit=472%2C365&ssl=1","contentUrl":"https:\/\/i0.wp.com\/kalot.com.mx\/site\/wp-content\/uploads\/2013\/09\/Psicolog%C3%ADa_2.jpg?fit=472%2C365&ssl=1","width":472,"height":365},{"@type":"BreadcrumbList","@id":"https:\/\/kalot.com.mx\/site\/2013\/09\/06\/psicologo-ir-o-no-ir-esa-es-la-cuestion\/#breadcrumb","itemListElement":[{"@type":"ListItem","position":1,"name":"Home","item":"https:\/\/kalot.com.mx\/site\/"},{"@type":"ListItem","position":2,"name":"Psic\u00f3logo, ir o no ir, esa es la cuestion."}]},{"@type":"WebSite","@id":"https:\/\/kalot.com.mx\/site\/#website","url":"https:\/\/kalot.com.mx\/site\/","name":"Kalot","description":"Conoce Todo Sobre Todo","publisher":{"@id":"https:\/\/kalot.com.mx\/site\/#organization"},"potentialAction":[{"@type":"SearchAction","target":{"@type":"EntryPoint","urlTemplate":"https:\/\/kalot.com.mx\/site\/?s={search_term_string}"},"query-input":{"@type":"PropertyValueSpecification","valueRequired":true,"valueName":"search_term_string"}}],"inLanguage":"es"},{"@type":"Organization","@id":"https:\/\/kalot.com.mx\/site\/#organization","name":"Kalot","url":"https:\/\/kalot.com.mx\/site\/","logo":{"@type":"ImageObject","inLanguage":"es","@id":"https:\/\/kalot.com.mx\/site\/#\/schema\/logo\/image\/","url":"https:\/\/i0.wp.com\/kalot.com.mx\/site\/wp-content\/uploads\/2020\/04\/Kalot-logo-sin-tagline.png?fit=1707%2C1014&ssl=1","contentUrl":"https:\/\/i0.wp.com\/kalot.com.mx\/site\/wp-content\/uploads\/2020\/04\/Kalot-logo-sin-tagline.png?fit=1707%2C1014&ssl=1","width":1707,"height":1014,"caption":"Kalot"},"image":{"@id":"https:\/\/kalot.com.mx\/site\/#\/schema\/logo\/image\/"},"sameAs":["http:\/\/facebook.com\/mxkalot","https:\/\/x.com\/kalotmx","http:\/\/instagram.com\/kalotmx","http:\/\/pinterest.com\/jorgeerana\/kalot"]},{"@type":"Person","@id":"https:\/\/kalot.com.mx\/site\/#\/schema\/person\/a51538aa98d8595cac7a5c6c09a9b59c","name":"Dal\u00ed Flores","image":{"@type":"ImageObject","inLanguage":"es","@id":"https:\/\/secure.gravatar.com\/avatar\/bd3311521ca1e9853db24b65b93dc4e5e7a312ee2ac46eca4bfa318b6a82bd23?s=96&d=mm&r=g","url":"https:\/\/secure.gravatar.com\/avatar\/bd3311521ca1e9853db24b65b93dc4e5e7a312ee2ac46eca4bfa318b6a82bd23?s=96&d=mm&r=g","contentUrl":"https:\/\/secure.gravatar.com\/avatar\/bd3311521ca1e9853db24b65b93dc4e5e7a312ee2ac46eca4bfa318b6a82bd23?s=96&d=mm&r=g","caption":"Dal\u00ed Flores"},"url":"https:\/\/kalot.com.mx\/site\/author\/dalii8\/"}]}},"jetpack_publicize_connections":[],"jetpack_featured_media_url":"https:\/\/i0.wp.com\/kalot.com.mx\/site\/wp-content\/uploads\/2013\/09\/Psicolog%C3%ADa_2.jpg?fit=472%2C365&ssl=1","jetpack_shortlink":"https:\/\/wp.me\/p6IHEI-dz","jetpack-related-posts":[{"id":20390,"url":"https:\/\/kalot.com.mx\/site\/2015\/02\/13\/llega-el-trailer-de-regresion-con-emma-watson\/","url_meta":{"origin":841,"position":0},"title":"Llega el trailer de Regresi\u00f3n con Emma Watson","author":"Ivan Mendez","date":"13 febrero, 2015","format":false,"excerpt":"Emma watson est\u00e1 buscando por todos los medios deshacerse de la inteligente Hermione y parece que va en camino correcto. De los tres amigos, la chica es la que ha logrado mas reconocimiento en cuanto a su elecci\u00f3n de roles y cintas en las que participar\u00e1. Hace unas semanas se\u2026","rel":"","context":"Entrada similar ","block_context":{"text":"Entrada similar ","link":""},"img":{"alt_text":"","src":"https:\/\/i0.wp.com\/kalot.com.mx\/site\/wp-content\/uploads\/2015\/02\/screen-shot-2015-02-12-at-1-29-02-pm-emma-watson-s-back-and-her-new-movie-trailer-looks-amazing.png?fit=952%2C594&ssl=1&resize=350%2C200","width":350,"height":200,"srcset":"https:\/\/i0.wp.com\/kalot.com.mx\/site\/wp-content\/uploads\/2015\/02\/screen-shot-2015-02-12-at-1-29-02-pm-emma-watson-s-back-and-her-new-movie-trailer-looks-amazing.png?fit=952%2C594&ssl=1&resize=350%2C200 1x, https:\/\/i0.wp.com\/kalot.com.mx\/site\/wp-content\/uploads\/2015\/02\/screen-shot-2015-02-12-at-1-29-02-pm-emma-watson-s-back-and-her-new-movie-trailer-looks-amazing.png?fit=952%2C594&ssl=1&resize=525%2C300 1.5x, https:\/\/i0.wp.com\/kalot.com.mx\/site\/wp-content\/uploads\/2015\/02\/screen-shot-2015-02-12-at-1-29-02-pm-emma-watson-s-back-and-her-new-movie-trailer-looks-amazing.png?fit=952%2C594&ssl=1&resize=700%2C400 2x"},"classes":[]},{"id":10577,"url":"https:\/\/kalot.com.mx\/site\/2014\/01\/28\/de-chile-mole-y-pozole-p-e-r-s-o-n-l-d-d\/","url_meta":{"origin":841,"position":1},"title":"DE CHILE, MOLE Y POZOLE (PERSONALIDAD)","author":"Memo Manzano","date":"28 enero, 2014","format":false,"excerpt":"\u00bfQui\u00e9n de nosotros (hombres y mujeres por igual) no ha sucumbido a contestar alg\u00fan test de personalidad? Ya sea de alguna revista \u201cX\u201d, de alg\u00fan sitio de Internet y\/o en el mejor de los casos, de alg\u00fan libro de Psicolog\u00eda. En mi clase de \u201cDesarrollo Profesional\u201d (curso el octavo semestre\u2026","rel":"","context":"En &quot;Sin categor\u00eda&quot;","block_context":{"text":"Sin categor\u00eda","link":"https:\/\/kalot.com.mx\/site\/category\/sin-categoria\/"},"img":{"alt_text":"","src":"https:\/\/i0.wp.com\/kalot.com.mx\/site\/wp-content\/uploads\/2014\/01\/grande12.jpg?fit=1200%2C675&ssl=1&resize=350%2C200","width":350,"height":200,"srcset":"https:\/\/i0.wp.com\/kalot.com.mx\/site\/wp-content\/uploads\/2014\/01\/grande12.jpg?fit=1200%2C675&ssl=1&resize=350%2C200 1x, https:\/\/i0.wp.com\/kalot.com.mx\/site\/wp-content\/uploads\/2014\/01\/grande12.jpg?fit=1200%2C675&ssl=1&resize=525%2C300 1.5x, https:\/\/i0.wp.com\/kalot.com.mx\/site\/wp-content\/uploads\/2014\/01\/grande12.jpg?fit=1200%2C675&ssl=1&resize=700%2C400 2x, https:\/\/i0.wp.com\/kalot.com.mx\/site\/wp-content\/uploads\/2014\/01\/grande12.jpg?fit=1200%2C675&ssl=1&resize=1050%2C600 3x"},"classes":[]},{"id":16457,"url":"https:\/\/kalot.com.mx\/site\/2014\/05\/28\/bukowski-y-como-jugar-con-la-desgracia-de-tu-vida\/","url_meta":{"origin":841,"position":2},"title":"Bukowski y como jugar con la desgracia de tu vida","author":"Alex Mart\u00ednez","date":"28 mayo, 2014","format":false,"excerpt":"\"Si vas a intentarlo, adelante. Si no, no empieces. Esto puede significar perder novias, esposas, familia, trabajo. Y quiz\u00e1s la cabeza. Puede significar no comer durante tres d\u00edas. Puede significar congelarse en un parque. Puede significar c\u00e1rcel. Puede significar burla, soledad. La soledad es el regalo. El resto es una\u2026","rel":"","context":"Entrada similar ","block_context":{"text":"Entrada similar ","link":""},"img":{"alt_text":"","src":"https:\/\/i0.wp.com\/kalot.com.mx\/site\/wp-content\/uploads\/2014\/05\/CharlesBukowski.jpg?fit=550%2C300&ssl=1&resize=350%2C200","width":350,"height":200,"srcset":"https:\/\/i0.wp.com\/kalot.com.mx\/site\/wp-content\/uploads\/2014\/05\/CharlesBukowski.jpg?fit=550%2C300&ssl=1&resize=350%2C200 1x, https:\/\/i0.wp.com\/kalot.com.mx\/site\/wp-content\/uploads\/2014\/05\/CharlesBukowski.jpg?fit=550%2C300&ssl=1&resize=525%2C300 1.5x"},"classes":[]},{"id":9650,"url":"https:\/\/kalot.com.mx\/site\/2014\/01\/17\/sell-pen-wolf-wall-street\/","url_meta":{"origin":841,"position":3},"title":"&#8220;Sell me this pen&#8221;  (The Wolf Of Wall Street)","author":"Dulce Mireles","date":"17 enero, 2014","format":false,"excerpt":"The Wolf of Wall Street (2013) del director Martin Scorsese es una de las pel\u00edculas que agregar\u00eda en la lista de \"obligadas a ver\", fue puntuada por IMDb con 8.7 y nominada para llevarse el premio a mejor pel\u00edcula en los premios de la academia. Para ser sinceros, esta no\u2026","rel":"","context":"Entrada similar ","block_context":{"text":"Entrada similar ","link":""},"img":{"alt_text":"","src":"https:\/\/i0.wp.com\/kalot.com.mx\/site\/wp-content\/uploads\/2014\/01\/wolf-of-wall-street04.jpg?fit=1200%2C800&ssl=1&resize=350%2C200","width":350,"height":200,"srcset":"https:\/\/i0.wp.com\/kalot.com.mx\/site\/wp-content\/uploads\/2014\/01\/wolf-of-wall-street04.jpg?fit=1200%2C800&ssl=1&resize=350%2C200 1x, https:\/\/i0.wp.com\/kalot.com.mx\/site\/wp-content\/uploads\/2014\/01\/wolf-of-wall-street04.jpg?fit=1200%2C800&ssl=1&resize=525%2C300 1.5x, https:\/\/i0.wp.com\/kalot.com.mx\/site\/wp-content\/uploads\/2014\/01\/wolf-of-wall-street04.jpg?fit=1200%2C800&ssl=1&resize=700%2C400 2x, https:\/\/i0.wp.com\/kalot.com.mx\/site\/wp-content\/uploads\/2014\/01\/wolf-of-wall-street04.jpg?fit=1200%2C800&ssl=1&resize=1050%2C600 3x"},"classes":[]},{"id":16314,"url":"https:\/\/kalot.com.mx\/site\/2014\/05\/22\/esa-tremenda-soledad\/","url_meta":{"origin":841,"position":4},"title":"Esa Tremenda Soledad&#8230;","author":"Mar\u00eda Alvarado","date":"22 mayo, 2014","format":false,"excerpt":"[dropcap size=small]M[\/dropcap]uchas veces algunos de nosotros tendemos a querer tener \u201ctiempo a solas\u201d, lo cual no tiene nada de malo pero a veces no es muy bien percibido en la sociedad, es algo que muchos practicantes consideran de gran provecho. Muchas personas llegan a ser vistas como \u201cintrovertidos\u201d siendo que\u2026","rel":"","context":"Entrada similar ","block_context":{"text":"Entrada similar ","link":""},"img":{"alt_text":"","src":"https:\/\/i0.wp.com\/kalot.com.mx\/site\/wp-content\/uploads\/2014\/05\/loneliness.jpg?fit=1200%2C750&ssl=1&resize=350%2C200","width":350,"height":200,"srcset":"https:\/\/i0.wp.com\/kalot.com.mx\/site\/wp-content\/uploads\/2014\/05\/loneliness.jpg?fit=1200%2C750&ssl=1&resize=350%2C200 1x, https:\/\/i0.wp.com\/kalot.com.mx\/site\/wp-content\/uploads\/2014\/05\/loneliness.jpg?fit=1200%2C750&ssl=1&resize=525%2C300 1.5x, https:\/\/i0.wp.com\/kalot.com.mx\/site\/wp-content\/uploads\/2014\/05\/loneliness.jpg?fit=1200%2C750&ssl=1&resize=700%2C400 2x, https:\/\/i0.wp.com\/kalot.com.mx\/site\/wp-content\/uploads\/2014\/05\/loneliness.jpg?fit=1200%2C750&ssl=1&resize=1050%2C600 3x"},"classes":[]},{"id":22415,"url":"https:\/\/kalot.com.mx\/site\/2015\/07\/21\/ciclo-8-fantasticas-cine-sci-fi-en-cineteca-alameda-boletos-gratis\/","url_meta":{"origin":841,"position":5},"title":"Ciclo 8 Fant\u00e1sticas Cine Sci-Fi en Cineteca Alameda (+Boletos gratis)","author":"Omar Herrera","date":"21 julio, 2015","format":false,"excerpt":"Desde el 19 y hasta el 25 de julio la Cineteca Alameda (Av. Universidad #575) estar\u00e1 proyectando un ciclo que desde hace ya un tiempo los cin\u00e9filos potosinos estaban pidiendo con ansias. La ciencia ficci\u00f3n resulta ser uno de los g\u00e9neros m\u00e1s queridos por la audiencia; esto sea quiz\u00e1s por\u2026","rel":"","context":"Con 16 comentarios","block_context":{"text":"Con 16 comentarios","link":"https:\/\/kalot.com.mx\/site\/2015\/07\/21\/ciclo-8-fantasticas-cine-sci-fi-en-cineteca-alameda-boletos-gratis\/#comments"},"img":{"alt_text":"","src":"https:\/\/i0.wp.com\/kalot.com.mx\/site\/wp-content\/uploads\/2015\/07\/11227534_841106705965206_8947656212761361688_o.jpg?fit=1200%2C599&ssl=1&resize=350%2C200","width":350,"height":200,"srcset":"https:\/\/i0.wp.com\/kalot.com.mx\/site\/wp-content\/uploads\/2015\/07\/11227534_841106705965206_8947656212761361688_o.jpg?fit=1200%2C599&ssl=1&resize=350%2C200 1x, https:\/\/i0.wp.com\/kalot.com.mx\/site\/wp-content\/uploads\/2015\/07\/11227534_841106705965206_8947656212761361688_o.jpg?fit=1200%2C599&ssl=1&resize=525%2C300 1.5x, https:\/\/i0.wp.com\/kalot.com.mx\/site\/wp-content\/uploads\/2015\/07\/11227534_841106705965206_8947656212761361688_o.jpg?fit=1200%2C599&ssl=1&resize=700%2C400 2x, https:\/\/i0.wp.com\/kalot.com.mx\/site\/wp-content\/uploads\/2015\/07\/11227534_841106705965206_8947656212761361688_o.jpg?fit=1200%2C599&ssl=1&resize=1050%2C600 3x"},"classes":[]}],"jetpack_sharing_enabled":true,"_links":{"self":[{"href":"https:\/\/kalot.com.mx\/site\/wp-json\/wp\/v2\/posts\/841","targetHints":{"allow":["GET"]}}],"collection":[{"href":"https:\/\/kalot.com.mx\/site\/wp-json\/wp\/v2\/posts"}],"about":[{"href":"https:\/\/kalot.com.mx\/site\/wp-json\/wp\/v2\/types\/post"}],"author":[{"embeddable":true,"href":"https:\/\/kalot.com.mx\/site\/wp-json\/wp\/v2\/users\/5"}],"replies":[{"embeddable":true,"href":"https:\/\/kalot.com.mx\/site\/wp-json\/wp\/v2\/comments?post=841"}],"version-history":[{"count":0,"href":"https:\/\/kalot.com.mx\/site\/wp-json\/wp\/v2\/posts\/841\/revisions"}],"wp:featuredmedia":[{"embeddable":true,"href":"https:\/\/kalot.com.mx\/site\/wp-json\/wp\/v2\/media\/847"}],"wp:attachment":[{"href":"https:\/\/kalot.com.mx\/site\/wp-json\/wp\/v2\/media?parent=841"}],"wp:term":[{"taxonomy":"category","embeddable":true,"href":"https:\/\/kalot.com.mx\/site\/wp-json\/wp\/v2\/categories?post=841"},{"taxonomy":"post_tag","embeddable":true,"href":"https:\/\/kalot.com.mx\/site\/wp-json\/wp\/v2\/tags?post=841"}],"curies":[{"name":"wp","href":"https:\/\/api.w.org\/{rel}","templated":true}]}}