{"id":8400,"date":"2013-12-26T21:30:01","date_gmt":"2013-12-27T03:30:01","guid":{"rendered":"http:\/\/www.kalot.com.mx\/?p=8400"},"modified":"2013-12-26T00:07:52","modified_gmt":"2013-12-26T06:07:52","slug":"motorola-combinando-lo-tradicional-con-la-tecnologia","status":"publish","type":"post","link":"https:\/\/kalot.com.mx\/site\/2013\/12\/26\/motorola-combinando-lo-tradicional-con-la-tecnologia\/","title":{"rendered":"Motorola: Combinando lo tradicional con la tecnolog\u00eda"},"content":{"rendered":"<p style=\"text-align: justify;\"><span style=\"line-height: 1.5em;\">En los \u00faltimos a\u00f1os, la lucha de opiniones en relaci\u00f3n con los medios tradicionales y no tradicionales, ha aumentado; muchas personas han dicho que los medios impresos van a desaparecer en un fututo, y por otra parte, otros siguen con la idea de que estos medios jam\u00e1s ser\u00e1n sustituidos a pesar de el surgimiento de nuevas alternativas de comunicaci\u00f3n.<\/span><\/p>\n<p style=\"text-align: justify;\">Para un celular por ejemplo, se podr\u00eda llegar a pensar que es complicado colocar publicidad en papel que sea efectiva, debido a que la naturaleza del producto exige una comunicaci\u00f3n con el usuario de una manera m\u00e1s din\u00e1mica (una de las ventajas de la tecnolog\u00eda es ese dinamismo e interacci\u00f3n que se logra con los clientes).<\/p>\n<p style=\"text-align: justify;\">Motorola en su \u00faltima campa\u00f1a nos demuestra que se pueden combinar ambas opciones, ya que utiliza un medio impreso como lo es una revista para dar a conocer a sus clientes su nuevo tel\u00e9fono \u201cMoto X\u201d ; en una p\u00e1gina los lectores pueden cambiar el color del celular al presionar los distintos c\u00edrculos con los colores del dispositivo, de esta forma la publicidad se vuelve m\u00e1s atractiva e interactiva.<\/p>\n<p><span class=\"embed-youtube\" style=\"text-align:center; display: block;\"><iframe class=\"youtube-player\" width=\"1200\" height=\"675\" src=\"https:\/\/www.youtube.com\/embed\/iMrZmSPpIRw?version=3&#038;rel=1&#038;showsearch=0&#038;showinfo=1&#038;iv_load_policy=1&#038;fs=1&#038;hl=es-MX&#038;autohide=2&#038;wmode=transparent\" allowfullscreen=\"true\" style=\"border:0;\" sandbox=\"allow-scripts allow-same-origin allow-popups allow-presentation allow-popups-to-escape-sandbox\"><\/iframe><\/span><\/p>\n<p style=\"text-align: justify;\">Como podemos ver la empresa no solo apuesta por el medio impreso, sino que sube un video en Youtube para tambi\u00e9n dar a conocer el producto por medios digitales.<\/p>\n<p style=\"text-align: justify;\">A continuaci\u00f3n comparto el link donde viene la informaci\u00f3n t\u00e9cnica m\u00e1s \u00a0a detalle, as\u00ed como una descripci\u00f3n de los medios utilizados anteriormente por la empresa para dar a conocer su mas reciente producto.<\/p>\n<p style=\"text-align: justify;\">Link: <a href=\"http:\/\/www.marketingdirecto.com\/actualidad\/digital\/motorola-recurre-a-la-alta-tecnologia-para-promocionar-su-moto-x\/\">Marketing Directo<\/a><\/p>\n","protected":false},"excerpt":{"rendered":"En los \u00faltimos a\u00f1os, la lucha de opiniones en relaci\u00f3n con los medios tradicionales y no tradicionales, ha&hellip;\n","protected":false},"author":7,"featured_media":8401,"comment_status":"open","ping_status":"open","sticky":false,"template":"","format":"standard","meta":{"jetpack_post_was_ever_published":false,"_jetpack_newsletter_access":"","_jetpack_dont_email_post_to_subs":false,"_jetpack_newsletter_tier_id":0,"_jetpack_memberships_contains_paywalled_content":false,"_jetpack_memberships_contains_paid_content":false,"footnotes":"","jetpack_publicize_message":"","jetpack_publicize_feature_enabled":true,"jetpack_social_post_already_shared":true,"jetpack_social_options":{"image_generator_settings":{"template":"highway","default_image_id":0,"font":"","enabled":false},"version":2}},"categories":[],"tags":[],"class_list":{"0":"post-8400","1":"post","2":"type-post","3":"status-publish","4":"format-standard","5":"has-post-thumbnail","7":"cs-entry","8":"cs-video-wrap"},"yoast_head":"<!-- This site is optimized with the Yoast SEO plugin v27.5 - https:\/\/yoast.com\/product\/yoast-seo-wordpress\/ -->\n<title>Motorola: Combinando lo tradicional con la tecnolog\u00eda - Kalot<\/title>\n<meta name=\"description\" content=\"En los \u00faltimos a\u00f1os, la lucha de opiniones en relaci\u00f3n con los medios tradicionales y no tradicionales, ha aumentado; muchas personas han dicho que los\" \/>\n<meta name=\"robots\" content=\"index, follow, max-snippet:-1, max-image-preview:large, max-video-preview:-1\" \/>\n<link rel=\"canonical\" href=\"https:\/\/kalot.com.mx\/site\/2013\/12\/26\/motorola-combinando-lo-tradicional-con-la-tecnologia\/\" \/>\n<meta property=\"og:locale\" content=\"es_MX\" \/>\n<meta property=\"og:type\" content=\"article\" \/>\n<meta property=\"og:title\" content=\"Motorola: Combinando lo tradicional con la tecnolog\u00eda - Kalot\" \/>\n<meta property=\"og:description\" content=\"En los \u00faltimos a\u00f1os, la lucha de opiniones en relaci\u00f3n con los medios tradicionales y no tradicionales, ha aumentado; muchas personas han dicho que los\" \/>\n<meta property=\"og:url\" content=\"https:\/\/kalot.com.mx\/site\/2013\/12\/26\/motorola-combinando-lo-tradicional-con-la-tecnologia\/\" \/>\n<meta property=\"og:site_name\" content=\"Kalot\" \/>\n<meta property=\"article:publisher\" content=\"http:\/\/facebook.com\/mxkalot\" \/>\n<meta property=\"article:author\" content=\"https:\/\/www.facebook.com\/edgar.villanueva.rdz\" \/>\n<meta property=\"article:published_time\" content=\"2013-12-27T03:30:01+00:00\" \/>\n<meta property=\"og:image\" content=\"https:\/\/i0.wp.com\/kalot.com.mx\/site\/wp-content\/uploads\/2013\/12\/Moto-X-que-cambia-de-color-es-impreso-en-una-revista.jpg?fit=840%2C481&ssl=1\" \/>\n\t<meta property=\"og:image:width\" content=\"840\" \/>\n\t<meta property=\"og:image:height\" content=\"481\" \/>\n\t<meta property=\"og:image:type\" content=\"image\/jpeg\" \/>\n<meta name=\"author\" content=\"Edgar Villanueva\" \/>\n<meta name=\"twitter:card\" content=\"summary_large_image\" \/>\n<meta name=\"twitter:creator\" content=\"@VRedgarIvan\" \/>\n<meta name=\"twitter:site\" content=\"@kalotmx\" \/>\n<meta name=\"twitter:label1\" content=\"Escrito por\" \/>\n\t<meta name=\"twitter:data1\" content=\"Edgar Villanueva\" \/>\n\t<meta name=\"twitter:label2\" content=\"Tiempo de lectura\" \/>\n\t<meta name=\"twitter:data2\" content=\"1 minuto\" \/>\n<!-- \/ Yoast SEO plugin. -->","yoast_head_json":{"title":"Motorola: Combinando lo tradicional con la tecnolog\u00eda - Kalot","description":"En los \u00faltimos a\u00f1os, la lucha de opiniones en relaci\u00f3n con los medios tradicionales y no tradicionales, ha aumentado; muchas personas han dicho que los","robots":{"index":"index","follow":"follow","max-snippet":"max-snippet:-1","max-image-preview":"max-image-preview:large","max-video-preview":"max-video-preview:-1"},"canonical":"https:\/\/kalot.com.mx\/site\/2013\/12\/26\/motorola-combinando-lo-tradicional-con-la-tecnologia\/","og_locale":"es_MX","og_type":"article","og_title":"Motorola: Combinando lo tradicional con la tecnolog\u00eda - Kalot","og_description":"En los \u00faltimos a\u00f1os, la lucha de opiniones en relaci\u00f3n con los medios tradicionales y no tradicionales, ha aumentado; muchas personas han dicho que los","og_url":"https:\/\/kalot.com.mx\/site\/2013\/12\/26\/motorola-combinando-lo-tradicional-con-la-tecnologia\/","og_site_name":"Kalot","article_publisher":"http:\/\/facebook.com\/mxkalot","article_author":"https:\/\/www.facebook.com\/edgar.villanueva.rdz","article_published_time":"2013-12-27T03:30:01+00:00","og_image":[{"width":840,"height":481,"url":"https:\/\/i0.wp.com\/kalot.com.mx\/site\/wp-content\/uploads\/2013\/12\/Moto-X-que-cambia-de-color-es-impreso-en-una-revista.jpg?fit=840%2C481&ssl=1","type":"image\/jpeg"}],"author":"Edgar Villanueva","twitter_card":"summary_large_image","twitter_creator":"@VRedgarIvan","twitter_site":"@kalotmx","twitter_misc":{"Escrito por":"Edgar Villanueva","Tiempo de lectura":"1 minuto"},"schema":{"@context":"https:\/\/schema.org","@graph":[{"@type":"Article","@id":"https:\/\/kalot.com.mx\/site\/2013\/12\/26\/motorola-combinando-lo-tradicional-con-la-tecnologia\/#article","isPartOf":{"@id":"https:\/\/kalot.com.mx\/site\/2013\/12\/26\/motorola-combinando-lo-tradicional-con-la-tecnologia\/"},"author":{"name":"Edgar Villanueva","@id":"https:\/\/kalot.com.mx\/site\/#\/schema\/person\/2a950859b779871682d568e483d6daf1"},"headline":"Motorola: Combinando lo tradicional con la tecnolog\u00eda","datePublished":"2013-12-27T03:30:01+00:00","mainEntityOfPage":{"@id":"https:\/\/kalot.com.mx\/site\/2013\/12\/26\/motorola-combinando-lo-tradicional-con-la-tecnologia\/"},"wordCount":282,"commentCount":0,"publisher":{"@id":"https:\/\/kalot.com.mx\/site\/#organization"},"image":{"@id":"https:\/\/kalot.com.mx\/site\/2013\/12\/26\/motorola-combinando-lo-tradicional-con-la-tecnologia\/#primaryimage"},"thumbnailUrl":"https:\/\/i0.wp.com\/kalot.com.mx\/site\/wp-content\/uploads\/2013\/12\/Moto-X-que-cambia-de-color-es-impreso-en-una-revista.jpg?fit=840%2C481&ssl=1","inLanguage":"es","potentialAction":[{"@type":"CommentAction","name":"Comment","target":["https:\/\/kalot.com.mx\/site\/2013\/12\/26\/motorola-combinando-lo-tradicional-con-la-tecnologia\/#respond"]}]},{"@type":"WebPage","@id":"https:\/\/kalot.com.mx\/site\/2013\/12\/26\/motorola-combinando-lo-tradicional-con-la-tecnologia\/","url":"https:\/\/kalot.com.mx\/site\/2013\/12\/26\/motorola-combinando-lo-tradicional-con-la-tecnologia\/","name":"Motorola: Combinando lo tradicional con la tecnolog\u00eda - Kalot","isPartOf":{"@id":"https:\/\/kalot.com.mx\/site\/#website"},"primaryImageOfPage":{"@id":"https:\/\/kalot.com.mx\/site\/2013\/12\/26\/motorola-combinando-lo-tradicional-con-la-tecnologia\/#primaryimage"},"image":{"@id":"https:\/\/kalot.com.mx\/site\/2013\/12\/26\/motorola-combinando-lo-tradicional-con-la-tecnologia\/#primaryimage"},"thumbnailUrl":"https:\/\/i0.wp.com\/kalot.com.mx\/site\/wp-content\/uploads\/2013\/12\/Moto-X-que-cambia-de-color-es-impreso-en-una-revista.jpg?fit=840%2C481&ssl=1","datePublished":"2013-12-27T03:30:01+00:00","description":"En los \u00faltimos a\u00f1os, la lucha de opiniones en relaci\u00f3n con los medios tradicionales y no tradicionales, ha aumentado; muchas personas han dicho que los","breadcrumb":{"@id":"https:\/\/kalot.com.mx\/site\/2013\/12\/26\/motorola-combinando-lo-tradicional-con-la-tecnologia\/#breadcrumb"},"inLanguage":"es","potentialAction":[{"@type":"ReadAction","target":["https:\/\/kalot.com.mx\/site\/2013\/12\/26\/motorola-combinando-lo-tradicional-con-la-tecnologia\/"]}]},{"@type":"ImageObject","inLanguage":"es","@id":"https:\/\/kalot.com.mx\/site\/2013\/12\/26\/motorola-combinando-lo-tradicional-con-la-tecnologia\/#primaryimage","url":"https:\/\/i0.wp.com\/kalot.com.mx\/site\/wp-content\/uploads\/2013\/12\/Moto-X-que-cambia-de-color-es-impreso-en-una-revista.jpg?fit=840%2C481&ssl=1","contentUrl":"https:\/\/i0.wp.com\/kalot.com.mx\/site\/wp-content\/uploads\/2013\/12\/Moto-X-que-cambia-de-color-es-impreso-en-una-revista.jpg?fit=840%2C481&ssl=1","width":840,"height":481},{"@type":"BreadcrumbList","@id":"https:\/\/kalot.com.mx\/site\/2013\/12\/26\/motorola-combinando-lo-tradicional-con-la-tecnologia\/#breadcrumb","itemListElement":[{"@type":"ListItem","position":1,"name":"Home","item":"https:\/\/kalot.com.mx\/site\/"},{"@type":"ListItem","position":2,"name":"Motorola: Combinando lo tradicional con la tecnolog\u00eda"}]},{"@type":"WebSite","@id":"https:\/\/kalot.com.mx\/site\/#website","url":"https:\/\/kalot.com.mx\/site\/","name":"Kalot","description":"Conoce Todo Sobre Todo","publisher":{"@id":"https:\/\/kalot.com.mx\/site\/#organization"},"potentialAction":[{"@type":"SearchAction","target":{"@type":"EntryPoint","urlTemplate":"https:\/\/kalot.com.mx\/site\/?s={search_term_string}"},"query-input":{"@type":"PropertyValueSpecification","valueRequired":true,"valueName":"search_term_string"}}],"inLanguage":"es"},{"@type":"Organization","@id":"https:\/\/kalot.com.mx\/site\/#organization","name":"Kalot","url":"https:\/\/kalot.com.mx\/site\/","logo":{"@type":"ImageObject","inLanguage":"es","@id":"https:\/\/kalot.com.mx\/site\/#\/schema\/logo\/image\/","url":"https:\/\/i0.wp.com\/kalot.com.mx\/site\/wp-content\/uploads\/2020\/04\/Kalot-logo-sin-tagline.png?fit=1707%2C1014&ssl=1","contentUrl":"https:\/\/i0.wp.com\/kalot.com.mx\/site\/wp-content\/uploads\/2020\/04\/Kalot-logo-sin-tagline.png?fit=1707%2C1014&ssl=1","width":1707,"height":1014,"caption":"Kalot"},"image":{"@id":"https:\/\/kalot.com.mx\/site\/#\/schema\/logo\/image\/"},"sameAs":["http:\/\/facebook.com\/mxkalot","https:\/\/x.com\/kalotmx","http:\/\/instagram.com\/kalotmx","http:\/\/pinterest.com\/jorgeerana\/kalot"]},{"@type":"Person","@id":"https:\/\/kalot.com.mx\/site\/#\/schema\/person\/2a950859b779871682d568e483d6daf1","name":"Edgar Villanueva","image":{"@type":"ImageObject","inLanguage":"es","@id":"https:\/\/secure.gravatar.com\/avatar\/63550c9e1cbf01c9670d3ff383179c0fbffa30342fc5d8f1967132498e9add09?s=96&d=mm&r=g","url":"https:\/\/secure.gravatar.com\/avatar\/63550c9e1cbf01c9670d3ff383179c0fbffa30342fc5d8f1967132498e9add09?s=96&d=mm&r=g","contentUrl":"https:\/\/secure.gravatar.com\/avatar\/63550c9e1cbf01c9670d3ff383179c0fbffa30342fc5d8f1967132498e9add09?s=96&d=mm&r=g","caption":"Edgar Villanueva"},"description":"Estudiante de Mercadotecnia Internacional en la UPSLP La m\u00fasica, la lectura y la mercadotecnia son las pasiones que marcan mis d\u00edas.","sameAs":["https:\/\/www.facebook.com\/edgar.villanueva.rdz","https:\/\/x.com\/VRedgarIvan"],"url":"https:\/\/kalot.com.mx\/site\/author\/edgarivan\/"}]}},"jetpack_publicize_connections":[],"jetpack_featured_media_url":"https:\/\/i0.wp.com\/kalot.com.mx\/site\/wp-content\/uploads\/2013\/12\/Moto-X-que-cambia-de-color-es-impreso-en-una-revista.jpg?fit=840%2C481&ssl=1","jetpack_shortlink":"https:\/\/wp.me\/p6IHEI-2bu","jetpack-related-posts":[{"id":9893,"url":"https:\/\/kalot.com.mx\/site\/2014\/01\/22\/amazon-apuesta-por-la-tv-online\/","url_meta":{"origin":8400,"position":0},"title":"Amazon apuesta por la TV Online","author":"Samuel Arriaga","date":"22 enero, 2014","format":false,"excerpt":"Amazon.com Inc. se ha acercado a las grandes compa\u00f1\u00edas de entretenimiento para la autorizaci\u00f3n de sus cadenas de televisi\u00f3n para un posible nuevo servicio de televisi\u00f3n de pago en l\u00ednea, en lo que ser\u00eda una importante expansi\u00f3n de los esfuerzos de v\u00eddeo en l\u00ednea de la compa\u00f1\u00eda. El nuevo servicio\u2026","rel":"","context":"Entrada similar ","block_context":{"text":"Entrada similar ","link":""},"img":{"alt_text":"","src":"https:\/\/i0.wp.com\/kalot.com.mx\/site\/wp-content\/uploads\/2014\/01\/amazon-studios.jpg?fit=640%2C400&ssl=1&resize=350%2C200","width":350,"height":200,"srcset":"https:\/\/i0.wp.com\/kalot.com.mx\/site\/wp-content\/uploads\/2014\/01\/amazon-studios.jpg?fit=640%2C400&ssl=1&resize=350%2C200 1x, https:\/\/i0.wp.com\/kalot.com.mx\/site\/wp-content\/uploads\/2014\/01\/amazon-studios.jpg?fit=640%2C400&ssl=1&resize=525%2C300 1.5x"},"classes":[]},{"id":11504,"url":"https:\/\/kalot.com.mx\/site\/2014\/02\/11\/forbes-busca-community-manager\/","url_meta":{"origin":8400,"position":1},"title":"Forbes busca Community Manager","author":"Samuel Arriaga","date":"11 febrero, 2014","format":false,"excerpt":"La prestigiada revista Forbes esta buscando un Community Manager muy completo. Forbes est\u00e1 buscando una motivada, organizada y proactiva\u00a0Social Media y Community Manager.\u00a0Esta persona tendr\u00e1 la tarea de desarrollar estrategias de crecimiento y de compromiso, as\u00ed como la gesti\u00f3n d\u00eda a d\u00eda de los medios sociales a trav\u00e9s de todos\u2026","rel":"","context":"Entrada similar ","block_context":{"text":"Entrada similar ","link":""},"img":{"alt_text":"","src":"https:\/\/i0.wp.com\/kalot.com.mx\/site\/wp-content\/uploads\/2014\/02\/Forbes.gif?fit=940%2C653&ssl=1&resize=350%2C200","width":350,"height":200,"srcset":"https:\/\/i0.wp.com\/kalot.com.mx\/site\/wp-content\/uploads\/2014\/02\/Forbes.gif?fit=940%2C653&ssl=1&resize=350%2C200 1x, https:\/\/i0.wp.com\/kalot.com.mx\/site\/wp-content\/uploads\/2014\/02\/Forbes.gif?fit=940%2C653&ssl=1&resize=525%2C300 1.5x, https:\/\/i0.wp.com\/kalot.com.mx\/site\/wp-content\/uploads\/2014\/02\/Forbes.gif?fit=940%2C653&ssl=1&resize=700%2C400 2x"},"classes":[]},{"id":13705,"url":"https:\/\/kalot.com.mx\/site\/2014\/03\/20\/youtube-segmenta-y-venceras\/","url_meta":{"origin":8400,"position":2},"title":"Youtube: Segmenta y vencer\u00e1s","author":"Edgar Villanueva","date":"20 marzo, 2014","format":false,"excerpt":"En los \u00faltimos d\u00edas he escuchado bastantes opiniones divididas sobre la llegada de los medios digitales y sus impacto en Mercadotecnia;\u00a0 algunos opinan que el Marketing tradicional es totalmente obsoleto y no tiene caso aplicar sus estrategias para estos medios, por otra parte otros se resisten al cambio y argumentan\u2026","rel":"","context":"Con 1 comentario","block_context":{"text":"Con 1 comentario","link":"https:\/\/kalot.com.mx\/site\/2014\/03\/20\/youtube-segmenta-y-venceras\/#comments"},"img":{"alt_text":"","src":"https:\/\/i0.wp.com\/kalot.com.mx\/site\/wp-content\/uploads\/2014\/03\/cabeza7.jpg?fit=1200%2C848&ssl=1&resize=350%2C200","width":350,"height":200,"srcset":"https:\/\/i0.wp.com\/kalot.com.mx\/site\/wp-content\/uploads\/2014\/03\/cabeza7.jpg?fit=1200%2C848&ssl=1&resize=350%2C200 1x, https:\/\/i0.wp.com\/kalot.com.mx\/site\/wp-content\/uploads\/2014\/03\/cabeza7.jpg?fit=1200%2C848&ssl=1&resize=525%2C300 1.5x, https:\/\/i0.wp.com\/kalot.com.mx\/site\/wp-content\/uploads\/2014\/03\/cabeza7.jpg?fit=1200%2C848&ssl=1&resize=700%2C400 2x, https:\/\/i0.wp.com\/kalot.com.mx\/site\/wp-content\/uploads\/2014\/03\/cabeza7.jpg?fit=1200%2C848&ssl=1&resize=1050%2C600 3x"},"classes":[]},{"id":2170,"url":"https:\/\/kalot.com.mx\/site\/2013\/09\/23\/la-creatividad-como-medio-motorola-y-los-lazy-phone-motorola_mx\/","url_meta":{"origin":8400,"position":3},"title":"La creatividad como medio, Motorola y los \u201clazy phone\u201d @Motorola_MX","author":"Edgar Villanueva","date":"23 septiembre, 2013","format":false,"excerpt":"Si te preguntaran \u00bfDe qu\u00e9 manera puedes demostrar que tu producto es superior?, las posibles respuestas serian: resaltando los beneficios, caracter\u00edsticas y\/o valor agregado del producto, o en otros casos hablar las deficiencias que tiene competencia para demostrar superioridad. Motorola en lugar de hacer eso, opto por comunicar el mensaje\u2026","rel":"","context":"Entrada similar ","block_context":{"text":"Entrada similar ","link":""},"img":{"alt_text":"","src":"https:\/\/i0.wp.com\/kalot.com.mx\/site\/wp-content\/uploads\/2013\/09\/df.jpg?fit=1200%2C675&ssl=1&resize=350%2C200","width":350,"height":200,"srcset":"https:\/\/i0.wp.com\/kalot.com.mx\/site\/wp-content\/uploads\/2013\/09\/df.jpg?fit=1200%2C675&ssl=1&resize=350%2C200 1x, https:\/\/i0.wp.com\/kalot.com.mx\/site\/wp-content\/uploads\/2013\/09\/df.jpg?fit=1200%2C675&ssl=1&resize=525%2C300 1.5x, https:\/\/i0.wp.com\/kalot.com.mx\/site\/wp-content\/uploads\/2013\/09\/df.jpg?fit=1200%2C675&ssl=1&resize=700%2C400 2x, https:\/\/i0.wp.com\/kalot.com.mx\/site\/wp-content\/uploads\/2013\/09\/df.jpg?fit=1200%2C675&ssl=1&resize=1050%2C600 3x"},"classes":[]},{"id":15234,"url":"https:\/\/kalot.com.mx\/site\/2014\/04\/23\/los-selfies-causan-inseguridades-entre-usuarios\/","url_meta":{"origin":8400,"position":4},"title":"Los \u00abselfies\u00bb causan inseguridades entre usuarios","author":"Samuel Arriaga","date":"23 abril, 2014","format":false,"excerpt":"La proliferaci\u00f3n de demasiados \u00abselfies\u00bb podr\u00eda estar siendo nociva para otros contactos en redes sociales. As\u00ed lo establecen investigadores de lasuniversidades de Strathclyde, Ohio y Iowa, quienes han alertado sobre los problemas de autoestima entre usuarias de redes sociales que se ven expuestas a gran cantidad de im\u00e1genes de sus\u2026","rel":"","context":"Entrada similar ","block_context":{"text":"Entrada similar ","link":""},"img":{"alt_text":"","src":"https:\/\/i0.wp.com\/kalot.com.mx\/site\/wp-content\/uploads\/2014\/04\/o-SELFIE-facebook.jpg?fit=1200%2C600&ssl=1&resize=350%2C200","width":350,"height":200,"srcset":"https:\/\/i0.wp.com\/kalot.com.mx\/site\/wp-content\/uploads\/2014\/04\/o-SELFIE-facebook.jpg?fit=1200%2C600&ssl=1&resize=350%2C200 1x, https:\/\/i0.wp.com\/kalot.com.mx\/site\/wp-content\/uploads\/2014\/04\/o-SELFIE-facebook.jpg?fit=1200%2C600&ssl=1&resize=525%2C300 1.5x, https:\/\/i0.wp.com\/kalot.com.mx\/site\/wp-content\/uploads\/2014\/04\/o-SELFIE-facebook.jpg?fit=1200%2C600&ssl=1&resize=700%2C400 2x, https:\/\/i0.wp.com\/kalot.com.mx\/site\/wp-content\/uploads\/2014\/04\/o-SELFIE-facebook.jpg?fit=1200%2C600&ssl=1&resize=1050%2C600 3x"},"classes":[]},{"id":5237,"url":"https:\/\/kalot.com.mx\/site\/2013\/10\/30\/proyecto-ara-los-smartphones-tu-medida\/","url_meta":{"origin":8400,"position":5},"title":"Proyecto Ara: Los SmartPhones a tu medida","author":"Samuel Arriaga","date":"30 octubre, 2013","format":false,"excerpt":"Amigos Kaloch@s les traigo la noticia de los smartphones que podr\u00edan cambiar lo que conocemos hasta hoy en d\u00eda. Motorola se encuentra desarrollando una plataforma que viene a cambiar el mundo de los smartphones, esta plataforma se conoce como Proyecto Ara. Buscando usar la idea de lego para armar tu\u2026","rel":"","context":"Entrada similar ","block_context":{"text":"Entrada similar ","link":""},"img":{"alt_text":"","src":"https:\/\/i0.wp.com\/kalot.com.mx\/site\/wp-content\/uploads\/2013\/10\/ara2blogpost.png?fit=640%2C427&ssl=1&resize=350%2C200","width":350,"height":200,"srcset":"https:\/\/i0.wp.com\/kalot.com.mx\/site\/wp-content\/uploads\/2013\/10\/ara2blogpost.png?fit=640%2C427&ssl=1&resize=350%2C200 1x, https:\/\/i0.wp.com\/kalot.com.mx\/site\/wp-content\/uploads\/2013\/10\/ara2blogpost.png?fit=640%2C427&ssl=1&resize=525%2C300 1.5x"},"classes":[]}],"jetpack_sharing_enabled":true,"_links":{"self":[{"href":"https:\/\/kalot.com.mx\/site\/wp-json\/wp\/v2\/posts\/8400","targetHints":{"allow":["GET"]}}],"collection":[{"href":"https:\/\/kalot.com.mx\/site\/wp-json\/wp\/v2\/posts"}],"about":[{"href":"https:\/\/kalot.com.mx\/site\/wp-json\/wp\/v2\/types\/post"}],"author":[{"embeddable":true,"href":"https:\/\/kalot.com.mx\/site\/wp-json\/wp\/v2\/users\/7"}],"replies":[{"embeddable":true,"href":"https:\/\/kalot.com.mx\/site\/wp-json\/wp\/v2\/comments?post=8400"}],"version-history":[{"count":0,"href":"https:\/\/kalot.com.mx\/site\/wp-json\/wp\/v2\/posts\/8400\/revisions"}],"wp:featuredmedia":[{"embeddable":true,"href":"https:\/\/kalot.com.mx\/site\/wp-json\/wp\/v2\/media\/8401"}],"wp:attachment":[{"href":"https:\/\/kalot.com.mx\/site\/wp-json\/wp\/v2\/media?parent=8400"}],"wp:term":[{"taxonomy":"category","embeddable":true,"href":"https:\/\/kalot.com.mx\/site\/wp-json\/wp\/v2\/categories?post=8400"},{"taxonomy":"post_tag","embeddable":true,"href":"https:\/\/kalot.com.mx\/site\/wp-json\/wp\/v2\/tags?post=8400"}],"curies":[{"name":"wp","href":"https:\/\/api.w.org\/{rel}","templated":true}]}}