{"id":8306,"date":"2013-12-23T12:55:46","date_gmt":"2013-12-23T18:55:46","guid":{"rendered":"http:\/\/www.kalot.com.mx\/?p=8306"},"modified":"2017-12-20T11:14:26","modified_gmt":"2017-12-20T17:14:26","slug":"cuando-el-futuro-ya-nos-alcanzo-casco-para-bicicletas-invisible","status":"publish","type":"post","link":"https:\/\/kalot.com.mx\/site\/2013\/12\/23\/cuando-el-futuro-ya-nos-alcanzo-casco-para-bicicletas-invisible\/","title":{"rendered":"Cuando el futuro ya nos alcanz\u00f3: Casco para bicicletas invisible."},"content":{"rendered":"<p><strong>H\u00f6vding Helmet.<\/strong><\/p>\n<p>Algunos pueden decir que el casco de bicicleta es inc\u00f3modo o que no siempre nos va a salvar la vida, pero es innegable que la mayor\u00eda no lo utiliza por una cuesti\u00f3n est\u00e9tica, pues los cascos son feos y te hacen ver \u201cmal\u201d. Dos estudiantes de dise\u00f1o presentaron un\u00a0<b>casco para bicicletas invisible<\/b>, con aspecto de bufanda y funcionalidad de airbag que acaba de salir al mercado.<\/p>\n<p>La bicicleta sigue demostrando ser la alternativa m\u00e1s eficiente a la hora de transportarnos en la ciudad. As\u00ed como tiene la particularidad de ser barata, pr\u00e1ctica, ecol\u00f3gica y f\u00e1cil de reparar, la bicicleta tambi\u00e9n implica un riesgo para quien la conduce, pues los accidentes est\u00e1n a la orden del d\u00eda y en \u00faltima instancia somos personas sentadas arriba de una estructura met\u00e1lica muy fr\u00e1gil. Los cascos para bicicletas reducen mucho las muertes o las heridas de alta gravedad en la cabeza de los ciclistas, pero hay una negaci\u00f3n bastante superficial a utilizarlos que dos estudiantes suecas est\u00e1n dispuestas a solucionar con algo que llaman el\u00a0<b>casco invisible para bicicletas<\/b>.<\/p>\n<p><iframe title=\"The Invisible Bicycle Helmet | Fredrik Gertten\" src=\"https:\/\/player.vimeo.com\/video\/43038579?dnt=1&app_id=122963\" width=\"1200\" height=\"675\" frameborder=\"0\" allow=\"autoplay; fullscreen; picture-in-picture; clipboard-write\"><\/iframe><\/p>\n<p>La propuestas de las suecas era construir un casco que pudiera levantar la reputaci\u00f3n de los mismos, ya que no se usan debido a cuestiones est\u00e9ticas, como la conservaci\u00f3n del peinado o lo \u201crid\u00edculo\u201d que uno se ve con una especie de hongo pl\u00e1stico en la cabeza. Poniendo la cabeza a trabajar y haciendo un poco de pensamiento lateral, las dise\u00f1adoras Anna y Terese presentaron un modelo inaudito. El concepto del casco no est\u00e1 basado en pinturas que no reflejan la luz ni nada por el estilo, sino en algo mucho m\u00e1s pr\u00e1ctico y reconocido funcionamiento en la industria de los autom\u00f3viles: el airbag. Utilizando a profesores y especialistas en traumas de cr\u00e1neo, se llevaron estudios de todo tipo sobre las lesiones m\u00e1s comunes en los accidentes con bicicletas. Se analiz\u00f3 la forma en la que se podr\u00eda prevenir y la respuesta fue el\u00a0<b>H\u00f6vding Helmet<\/b>, un\u00a0<b>airbag que sale desde una bufanda<\/b>. O m\u00e1s interesante,\u00a0<b>un casco invisible para bicicletas<\/b>. En lo personal un perfecta uni\u00f3n entre en dise\u00f1o y la ingenier\u00eda un trabajo en equipo que tuvo su tiempo de cocci\u00f3n para poder ayudarnos a evitar da\u00f1os al momento de un accidente. Me despido queridos lectores y de nuevo gracias por leernos.<\/p>\n<p><a href=\"https:\/\/i0.wp.com\/www.kalot.com.mx\/wp-content\/uploads\/2013\/12\/Hovding-Invisible-Bike-Helmet-13.jpg\"><img fetchpriority=\"high\" decoding=\"async\" data-attachment-id=\"8307\" data-permalink=\"https:\/\/kalot.com.mx\/site\/2013\/12\/23\/cuando-el-futuro-ya-nos-alcanzo-casco-para-bicicletas-invisible\/hovding-invisible-bike-helmet-13\/\" data-orig-file=\"https:\/\/i0.wp.com\/kalot.com.mx\/site\/wp-content\/uploads\/2013\/12\/Hovding-Invisible-Bike-Helmet-13.jpg?fit=500%2C362&ssl=1\" data-orig-size=\"500,362\" data-comments-opened=\"1\" data-image-meta=\"{&quot;aperture&quot;:&quot;0&quot;,&quot;credit&quot;:&quot;&quot;,&quot;camera&quot;:&quot;&quot;,&quot;caption&quot;:&quot;&quot;,&quot;created_timestamp&quot;:&quot;0&quot;,&quot;copyright&quot;:&quot;&quot;,&quot;focal_length&quot;:&quot;0&quot;,&quot;iso&quot;:&quot;0&quot;,&quot;shutter_speed&quot;:&quot;0&quot;,&quot;title&quot;:&quot;&quot;,&quot;orientation&quot;:&quot;1&quot;}\" data-image-title=\"Hovding-Invisible-Bike-Helmet-13\" data-image-description=\"\" data-image-caption=\"\" data-large-file=\"https:\/\/i0.wp.com\/kalot.com.mx\/site\/wp-content\/uploads\/2013\/12\/Hovding-Invisible-Bike-Helmet-13.jpg?fit=500%2C362&ssl=1\" class=\"alignnone size-medium wp-image-8307\" alt=\"Hovding-Invisible-Bike-Helmet-13\" src=\"https:\/\/i2.wp.com\/kalot.com.mx\/site\/wp-content\/uploads\/2013\/12\/Hovding-Invisible-Bike-Helmet-13.jpg?fit=300%2C217&ssl=1\" width=\"300\" height=\"217\" srcset=\"https:\/\/i0.wp.com\/kalot.com.mx\/site\/wp-content\/uploads\/2013\/12\/Hovding-Invisible-Bike-Helmet-13.jpg?w=500&ssl=1 500w, https:\/\/i0.wp.com\/kalot.com.mx\/site\/wp-content\/uploads\/2013\/12\/Hovding-Invisible-Bike-Helmet-13.jpg?resize=380%2C275&ssl=1 380w, https:\/\/i0.wp.com\/kalot.com.mx\/site\/wp-content\/uploads\/2013\/12\/Hovding-Invisible-Bike-Helmet-13.jpg?resize=300%2C217&ssl=1 300w\" sizes=\"(max-width: 300px) 100vw, 300px\" \/><\/a><\/p>\n<p>\u00a0<\/p>\n<p>\u00a0<\/p>\n","protected":false},"excerpt":{"rendered":"H\u00f6vding Helmet. Algunos pueden decir que el casco de bicicleta es inc\u00f3modo o que no siempre nos va&hellip;\n","protected":false},"author":70,"featured_media":8310,"comment_status":"open","ping_status":"open","sticky":false,"template":"","format":"standard","meta":{"jetpack_post_was_ever_published":false,"_jetpack_newsletter_access":"","_jetpack_dont_email_post_to_subs":false,"_jetpack_newsletter_tier_id":0,"_jetpack_memberships_contains_paywalled_content":false,"_jetpack_memberships_contains_paid_content":false,"footnotes":"","jetpack_publicize_message":"","jetpack_publicize_feature_enabled":true,"jetpack_social_post_already_shared":true,"jetpack_social_options":{"image_generator_settings":{"template":"highway","default_image_id":0,"font":"","enabled":false},"version":2}},"categories":[1],"tags":[],"class_list":{"0":"post-8306","1":"post","2":"type-post","3":"status-publish","4":"format-standard","5":"has-post-thumbnail","7":"category-sin-categoria","8":"cs-entry","9":"cs-video-wrap"},"yoast_head":"<!-- This site is optimized with the Yoast SEO plugin v27.5 - https:\/\/yoast.com\/product\/yoast-seo-wordpress\/ -->\n<title>Cuando el futuro ya nos alcanz\u00f3: Casco para bicicletas invisible. - Kalot<\/title>\n<meta name=\"description\" content=\"H\u00f6vding Helmet. Algunos pueden decir que el casco de bicicleta es inc\u00f3modo o que no siempre nos va a salvar la vida, pero es innegable que la mayor\u00eda no\" \/>\n<meta name=\"robots\" content=\"index, follow, max-snippet:-1, max-image-preview:large, max-video-preview:-1\" \/>\n<link rel=\"canonical\" href=\"https:\/\/kalot.com.mx\/site\/2013\/12\/23\/cuando-el-futuro-ya-nos-alcanzo-casco-para-bicicletas-invisible\/\" \/>\n<meta property=\"og:locale\" content=\"es_MX\" \/>\n<meta property=\"og:type\" content=\"article\" \/>\n<meta property=\"og:title\" content=\"Cuando el futuro ya nos alcanz\u00f3: Casco para bicicletas invisible. - Kalot\" \/>\n<meta property=\"og:description\" content=\"H\u00f6vding Helmet. Algunos pueden decir que el casco de bicicleta es inc\u00f3modo o que no siempre nos va a salvar la vida, pero es innegable que la mayor\u00eda no\" \/>\n<meta property=\"og:url\" content=\"https:\/\/kalot.com.mx\/site\/2013\/12\/23\/cuando-el-futuro-ya-nos-alcanzo-casco-para-bicicletas-invisible\/\" \/>\n<meta property=\"og:site_name\" content=\"Kalot\" \/>\n<meta property=\"article:publisher\" content=\"http:\/\/facebook.com\/mxkalot\" \/>\n<meta property=\"article:published_time\" content=\"2013-12-23T18:55:46+00:00\" \/>\n<meta property=\"article:modified_time\" content=\"2017-12-20T17:14:26+00:00\" \/>\n<meta property=\"og:image\" content=\"https:\/\/i2.wp.com\/kalot.com.mx\/site\/wp-content\/uploads\/2013\/12\/cascoinvisible.jpeg?fit=721%2C421&ssl=1\" \/>\n\t<meta property=\"og:image:width\" content=\"721\" \/>\n\t<meta property=\"og:image:height\" content=\"421\" \/>\n\t<meta property=\"og:image:type\" content=\"image\/jpeg\" \/>\n<meta name=\"author\" content=\"Gustavo Elizarrar\u00e1s\" \/>\n<meta name=\"twitter:card\" content=\"summary_large_image\" \/>\n<meta name=\"twitter:creator\" content=\"@kalotmx\" \/>\n<meta name=\"twitter:site\" content=\"@kalotmx\" \/>\n<meta name=\"twitter:label1\" content=\"Escrito por\" \/>\n\t<meta name=\"twitter:data1\" content=\"Gustavo Elizarrar\u00e1s\" \/>\n\t<meta name=\"twitter:label2\" content=\"Tiempo de lectura\" \/>\n\t<meta name=\"twitter:data2\" content=\"2 minutos\" \/>\n<!-- \/ Yoast SEO plugin. -->","yoast_head_json":{"title":"Cuando el futuro ya nos alcanz\u00f3: Casco para bicicletas invisible. - Kalot","description":"H\u00f6vding Helmet. Algunos pueden decir que el casco de bicicleta es inc\u00f3modo o que no siempre nos va a salvar la vida, pero es innegable que la mayor\u00eda no","robots":{"index":"index","follow":"follow","max-snippet":"max-snippet:-1","max-image-preview":"max-image-preview:large","max-video-preview":"max-video-preview:-1"},"canonical":"https:\/\/kalot.com.mx\/site\/2013\/12\/23\/cuando-el-futuro-ya-nos-alcanzo-casco-para-bicicletas-invisible\/","og_locale":"es_MX","og_type":"article","og_title":"Cuando el futuro ya nos alcanz\u00f3: Casco para bicicletas invisible. - Kalot","og_description":"H\u00f6vding Helmet. Algunos pueden decir que el casco de bicicleta es inc\u00f3modo o que no siempre nos va a salvar la vida, pero es innegable que la mayor\u00eda no","og_url":"https:\/\/kalot.com.mx\/site\/2013\/12\/23\/cuando-el-futuro-ya-nos-alcanzo-casco-para-bicicletas-invisible\/","og_site_name":"Kalot","article_publisher":"http:\/\/facebook.com\/mxkalot","article_published_time":"2013-12-23T18:55:46+00:00","article_modified_time":"2017-12-20T17:14:26+00:00","og_image":[{"width":721,"height":421,"url":"https:\/\/i2.wp.com\/kalot.com.mx\/site\/wp-content\/uploads\/2013\/12\/cascoinvisible.jpeg?fit=721%2C421&ssl=1","type":"image\/jpeg"}],"author":"Gustavo Elizarrar\u00e1s","twitter_card":"summary_large_image","twitter_creator":"@kalotmx","twitter_site":"@kalotmx","twitter_misc":{"Escrito por":"Gustavo Elizarrar\u00e1s","Tiempo de lectura":"2 minutos"},"schema":{"@context":"https:\/\/schema.org","@graph":[{"@type":"Article","@id":"https:\/\/kalot.com.mx\/site\/2013\/12\/23\/cuando-el-futuro-ya-nos-alcanzo-casco-para-bicicletas-invisible\/#article","isPartOf":{"@id":"https:\/\/kalot.com.mx\/site\/2013\/12\/23\/cuando-el-futuro-ya-nos-alcanzo-casco-para-bicicletas-invisible\/"},"author":{"name":"Gustavo Elizarrar\u00e1s","@id":"https:\/\/kalot.com.mx\/site\/#\/schema\/person\/56c4d534e0ada7114c02c36890471963"},"headline":"Cuando el futuro ya nos alcanz\u00f3: Casco para bicicletas invisible.","datePublished":"2013-12-23T18:55:46+00:00","dateModified":"2017-12-20T17:14:26+00:00","mainEntityOfPage":{"@id":"https:\/\/kalot.com.mx\/site\/2013\/12\/23\/cuando-el-futuro-ya-nos-alcanzo-casco-para-bicicletas-invisible\/"},"wordCount":433,"commentCount":1,"publisher":{"@id":"https:\/\/kalot.com.mx\/site\/#organization"},"image":{"@id":"https:\/\/kalot.com.mx\/site\/2013\/12\/23\/cuando-el-futuro-ya-nos-alcanzo-casco-para-bicicletas-invisible\/#primaryimage"},"thumbnailUrl":"https:\/\/i0.wp.com\/kalot.com.mx\/site\/wp-content\/uploads\/2013\/12\/cascoinvisible.jpeg?fit=721%2C421&ssl=1","inLanguage":"es","potentialAction":[{"@type":"CommentAction","name":"Comment","target":["https:\/\/kalot.com.mx\/site\/2013\/12\/23\/cuando-el-futuro-ya-nos-alcanzo-casco-para-bicicletas-invisible\/#respond"]}]},{"@type":"WebPage","@id":"https:\/\/kalot.com.mx\/site\/2013\/12\/23\/cuando-el-futuro-ya-nos-alcanzo-casco-para-bicicletas-invisible\/","url":"https:\/\/kalot.com.mx\/site\/2013\/12\/23\/cuando-el-futuro-ya-nos-alcanzo-casco-para-bicicletas-invisible\/","name":"Cuando el futuro ya nos alcanz\u00f3: Casco para bicicletas invisible. - Kalot","isPartOf":{"@id":"https:\/\/kalot.com.mx\/site\/#website"},"primaryImageOfPage":{"@id":"https:\/\/kalot.com.mx\/site\/2013\/12\/23\/cuando-el-futuro-ya-nos-alcanzo-casco-para-bicicletas-invisible\/#primaryimage"},"image":{"@id":"https:\/\/kalot.com.mx\/site\/2013\/12\/23\/cuando-el-futuro-ya-nos-alcanzo-casco-para-bicicletas-invisible\/#primaryimage"},"thumbnailUrl":"https:\/\/i0.wp.com\/kalot.com.mx\/site\/wp-content\/uploads\/2013\/12\/cascoinvisible.jpeg?fit=721%2C421&ssl=1","datePublished":"2013-12-23T18:55:46+00:00","dateModified":"2017-12-20T17:14:26+00:00","description":"H\u00f6vding Helmet. Algunos pueden decir que el casco de bicicleta es inc\u00f3modo o que no siempre nos va a salvar la vida, pero es innegable que la mayor\u00eda no","breadcrumb":{"@id":"https:\/\/kalot.com.mx\/site\/2013\/12\/23\/cuando-el-futuro-ya-nos-alcanzo-casco-para-bicicletas-invisible\/#breadcrumb"},"inLanguage":"es","potentialAction":[{"@type":"ReadAction","target":["https:\/\/kalot.com.mx\/site\/2013\/12\/23\/cuando-el-futuro-ya-nos-alcanzo-casco-para-bicicletas-invisible\/"]}]},{"@type":"ImageObject","inLanguage":"es","@id":"https:\/\/kalot.com.mx\/site\/2013\/12\/23\/cuando-el-futuro-ya-nos-alcanzo-casco-para-bicicletas-invisible\/#primaryimage","url":"https:\/\/i0.wp.com\/kalot.com.mx\/site\/wp-content\/uploads\/2013\/12\/cascoinvisible.jpeg?fit=721%2C421&ssl=1","contentUrl":"https:\/\/i0.wp.com\/kalot.com.mx\/site\/wp-content\/uploads\/2013\/12\/cascoinvisible.jpeg?fit=721%2C421&ssl=1","width":721,"height":421},{"@type":"BreadcrumbList","@id":"https:\/\/kalot.com.mx\/site\/2013\/12\/23\/cuando-el-futuro-ya-nos-alcanzo-casco-para-bicicletas-invisible\/#breadcrumb","itemListElement":[{"@type":"ListItem","position":1,"name":"Home","item":"https:\/\/kalot.com.mx\/site\/"},{"@type":"ListItem","position":2,"name":"Cuando el futuro ya nos alcanz\u00f3: Casco para bicicletas invisible."}]},{"@type":"WebSite","@id":"https:\/\/kalot.com.mx\/site\/#website","url":"https:\/\/kalot.com.mx\/site\/","name":"Kalot","description":"Conoce Todo Sobre Todo","publisher":{"@id":"https:\/\/kalot.com.mx\/site\/#organization"},"potentialAction":[{"@type":"SearchAction","target":{"@type":"EntryPoint","urlTemplate":"https:\/\/kalot.com.mx\/site\/?s={search_term_string}"},"query-input":{"@type":"PropertyValueSpecification","valueRequired":true,"valueName":"search_term_string"}}],"inLanguage":"es"},{"@type":"Organization","@id":"https:\/\/kalot.com.mx\/site\/#organization","name":"Kalot","url":"https:\/\/kalot.com.mx\/site\/","logo":{"@type":"ImageObject","inLanguage":"es","@id":"https:\/\/kalot.com.mx\/site\/#\/schema\/logo\/image\/","url":"https:\/\/i0.wp.com\/kalot.com.mx\/site\/wp-content\/uploads\/2020\/04\/Kalot-logo-sin-tagline.png?fit=1707%2C1014&ssl=1","contentUrl":"https:\/\/i0.wp.com\/kalot.com.mx\/site\/wp-content\/uploads\/2020\/04\/Kalot-logo-sin-tagline.png?fit=1707%2C1014&ssl=1","width":1707,"height":1014,"caption":"Kalot"},"image":{"@id":"https:\/\/kalot.com.mx\/site\/#\/schema\/logo\/image\/"},"sameAs":["http:\/\/facebook.com\/mxkalot","https:\/\/x.com\/kalotmx","http:\/\/instagram.com\/kalotmx","http:\/\/pinterest.com\/jorgeerana\/kalot"]},{"@type":"Person","@id":"https:\/\/kalot.com.mx\/site\/#\/schema\/person\/56c4d534e0ada7114c02c36890471963","name":"Gustavo Elizarrar\u00e1s","image":{"@type":"ImageObject","inLanguage":"es","@id":"https:\/\/secure.gravatar.com\/avatar\/d76e26ab4b33f0d06de52fd87121253e411643bbbff0a8e2a39cde1c3c7d8b34?s=96&d=mm&r=g","url":"https:\/\/secure.gravatar.com\/avatar\/d76e26ab4b33f0d06de52fd87121253e411643bbbff0a8e2a39cde1c3c7d8b34?s=96&d=mm&r=g","contentUrl":"https:\/\/secure.gravatar.com\/avatar\/d76e26ab4b33f0d06de52fd87121253e411643bbbff0a8e2a39cde1c3c7d8b34?s=96&d=mm&r=g","caption":"Gustavo Elizarrar\u00e1s"},"description":"Soy un tipo sencillo, amante del buen cine, la buena m\u00fasica creo fervientemente en el karma, el Coco y los campos de fresa por siempre, odio las etiquetas de la ropa, gamer noventero y estudiante de Ingenier\u00eda Industrial.","url":"https:\/\/kalot.com.mx\/site\/author\/gustavo\/"}]}},"jetpack_publicize_connections":[],"jetpack_featured_media_url":"https:\/\/i0.wp.com\/kalot.com.mx\/site\/wp-content\/uploads\/2013\/12\/cascoinvisible.jpeg?fit=721%2C421&ssl=1","jetpack_shortlink":"https:\/\/wp.me\/p6IHEI-29Y","jetpack-related-posts":[{"id":6427,"url":"https:\/\/kalot.com.mx\/site\/2013\/11\/13\/casco-invisible-para-ciclistas\/","url_meta":{"origin":8306,"position":0},"title":"Casco Invisible para Ciclistas!","author":"Ceci Cuevas","date":"13 noviembre, 2013","format":false,"excerpt":"por Ceci Cuevas Si has andado en bici como debes hacerlo (usando casco) sabes lo inc\u00f3modo que esto es, aparte que si eres muy fashion te despeina, si no te gusta sudar bueno obvio te hace sudar mas y no te deja disfrutar de la sensaci\u00f3n del viento. Por estas\u2026","rel":"","context":"Entrada similar ","block_context":{"text":"Entrada similar ","link":""},"img":{"alt_text":"","src":"https:\/\/i0.wp.com\/kalot.com.mx\/site\/wp-content\/uploads\/2013\/11\/20131113-030455-p.m..jpg?fit=640%2C360&ssl=1&resize=350%2C200","width":350,"height":200,"srcset":"https:\/\/i0.wp.com\/kalot.com.mx\/site\/wp-content\/uploads\/2013\/11\/20131113-030455-p.m..jpg?fit=640%2C360&ssl=1&resize=350%2C200 1x, https:\/\/i0.wp.com\/kalot.com.mx\/site\/wp-content\/uploads\/2013\/11\/20131113-030455-p.m..jpg?fit=640%2C360&ssl=1&resize=525%2C300 1.5x"},"classes":[]},{"id":9930,"url":"https:\/\/kalot.com.mx\/site\/2014\/01\/22\/laserligth-el-laser-para-bicicleta\/","url_meta":{"origin":8306,"position":1},"title":"Laserligth, el l\u00e1ser para bicicleta.","author":"Gustavo Elizarrar\u00e1s","date":"22 enero, 2014","format":false,"excerpt":"Se llama\u00a0Blaze Laserlight\u00a0y es un aparato del tama\u00f1o de una peque\u00f1a linterna que se ajusta al manubrio de la bicicleta. Es resistente al agua y tiene doble funci\u00f3n: sirve de luz LED frontal y adem\u00e1s proyecta con l\u00e1ser en la carretera un s\u00edmbolo de una bicicleta a unos 5-6 metros\u2026","rel":"","context":"En &quot;Sin categor\u00eda&quot;","block_context":{"text":"Sin categor\u00eda","link":"https:\/\/kalot.com.mx\/site\/category\/sin-categoria\/"},"img":{"alt_text":"","src":"https:\/\/i0.wp.com\/kalot.com.mx\/site\/wp-content\/uploads\/2014\/01\/ku-xlarge2.jpg?fit=640%2C341&ssl=1&resize=350%2C200","width":350,"height":200,"srcset":"https:\/\/i0.wp.com\/kalot.com.mx\/site\/wp-content\/uploads\/2014\/01\/ku-xlarge2.jpg?fit=640%2C341&ssl=1&resize=350%2C200 1x, https:\/\/i0.wp.com\/kalot.com.mx\/site\/wp-content\/uploads\/2014\/01\/ku-xlarge2.jpg?fit=640%2C341&ssl=1&resize=525%2C300 1.5x"},"classes":[]},{"id":2829,"url":"https:\/\/kalot.com.mx\/site\/2013\/10\/01\/ambush-marketing-underarmour\/","url_meta":{"origin":8306,"position":2},"title":"El poder del Ambush Marketing, caso @UnderArmour","author":"Karenina Gonzalez","date":"1 octubre, 2013","format":false,"excerpt":"\u00a1Hola Kalochas y Kalochos! Ahora platicaremos, sobre el Ambush Marketing y el poder que representa, tomando como ejemplo el caso de la compa\u00f1\u00eda deportiva Under Armour. En los eventos siempre hay un patrocinador oficial, con el ambush marketing, otras marcas buscan \"colarse\" de alguna manera en ese evento. Aprovechar la\u2026","rel":"","context":"Entrada similar ","block_context":{"text":"Entrada similar ","link":""},"img":{"alt_text":"","src":"https:\/\/i0.wp.com\/kalot.com.mx\/site\/wp-content\/uploads\/2013\/10\/under-armour-inc-logo.gif?fit=576%2C401&ssl=1&resize=350%2C200","width":350,"height":200,"srcset":"https:\/\/i0.wp.com\/kalot.com.mx\/site\/wp-content\/uploads\/2013\/10\/under-armour-inc-logo.gif?fit=576%2C401&ssl=1&resize=350%2C200 1x, https:\/\/i0.wp.com\/kalot.com.mx\/site\/wp-content\/uploads\/2013\/10\/under-armour-inc-logo.gif?fit=576%2C401&ssl=1&resize=525%2C300 1.5x"},"classes":[]},{"id":8107,"url":"https:\/\/kalot.com.mx\/site\/2013\/12\/20\/pipe-gutierrez-el-nuevo-colaborador-de-kalot\/","url_meta":{"origin":8306,"position":3},"title":"Pipe Guti\u00e9rrez, el nuevo colaborador de Kalot","author":"Pipe Gutierrez","date":"20 diciembre, 2013","format":false,"excerpt":"Despert\u00f3. Se dirigi\u00f3 a la ventana, mir\u00f3 hacia afuera y vio todo\u00a0cubierto de nieve. Era la primer nevada del a\u00f1o. Sonri\u00f3 y pens\u00f3 \u2013Parece que un mont\u00f3n de merengue cayera del cielo durante la noche.\u2013\u00a0Se dirigi\u00f3 nuevamente a la cama, su fiel compa\u00f1era durante las largas noches de insomnio y\u2026","rel":"","context":"Con 1 comentario","block_context":{"text":"Con 1 comentario","link":"https:\/\/kalot.com.mx\/site\/2013\/12\/20\/pipe-gutierrez-el-nuevo-colaborador-de-kalot\/#comments"},"img":{"alt_text":"","src":"https:\/\/i0.wp.com\/kalot.com.mx\/site\/wp-content\/uploads\/2013\/12\/Foto-del-d%C3%ADa-02-07-13-a-las-15.16-2.jpg?fit=1000%2C666&ssl=1&resize=350%2C200","width":350,"height":200,"srcset":"https:\/\/i0.wp.com\/kalot.com.mx\/site\/wp-content\/uploads\/2013\/12\/Foto-del-d%C3%ADa-02-07-13-a-las-15.16-2.jpg?fit=1000%2C666&ssl=1&resize=350%2C200 1x, https:\/\/i0.wp.com\/kalot.com.mx\/site\/wp-content\/uploads\/2013\/12\/Foto-del-d%C3%ADa-02-07-13-a-las-15.16-2.jpg?fit=1000%2C666&ssl=1&resize=525%2C300 1.5x, https:\/\/i0.wp.com\/kalot.com.mx\/site\/wp-content\/uploads\/2013\/12\/Foto-del-d%C3%ADa-02-07-13-a-las-15.16-2.jpg?fit=1000%2C666&ssl=1&resize=700%2C400 2x"},"classes":[]},{"id":17398,"url":"https:\/\/kalot.com.mx\/site\/2014\/07\/28\/bike-bag\/","url_meta":{"origin":8306,"position":4},"title":"It&#8217;s a bike in a bag.","author":"Gustavo Elizarrar\u00e1s","date":"28 julio, 2014","format":false,"excerpt":"Cada d\u00eda veo m\u00e1s personas en mi cuidad usar medios alternativos para poder transportarse a sus trabajos, hogares, centros de estudio o esparcimiento. La movilidad en las ciudades es un tema interesante, y cuando se trata de trasportes alternativos como la patineta, patines o bicicleta lo primero que debemos resolver\u2026","rel":"","context":"En &quot;Sin categor\u00eda&quot;","block_context":{"text":"Sin categor\u00eda","link":"https:\/\/kalot.com.mx\/site\/category\/sin-categoria\/"},"img":{"alt_text":"","src":"https:\/\/i0.wp.com\/kalot.com.mx\/site\/wp-content\/uploads\/2014\/07\/Kit-Bike-by-Lucid-Design_alternopolis-11.jpg?fit=468%2C325&ssl=1&resize=350%2C200","width":350,"height":200},"classes":[]},{"id":16419,"url":"https:\/\/kalot.com.mx\/site\/2014\/05\/26\/el-longboard-electrico-mas-ligero-y-avanzado\/","url_meta":{"origin":8306,"position":5},"title":"El longboard el\u00e9ctrico m\u00e1s ligero y avanzado.","author":"Gustavo Elizarrar\u00e1s","date":"26 mayo, 2014","format":false,"excerpt":"Marbel es un longboard el\u00e9ctrico que busca financiaci\u00f3n en Kickstarter con una autonom\u00eda de 16 kil\u00f3metros y un peso de tan solo 4,3 Kg, lo que le convierte en el m\u00e1s r\u00e1pido y ligero de su clase. Este longboard fue dise\u00f1ado para ser ligero y r\u00e1pido con una velocidad m\u00e1xima\u2026","rel":"","context":"Entrada similar ","block_context":{"text":"Entrada similar ","link":""},"img":{"alt_text":"tumblr_inline_n35no3BQ1i1qf4y8s","src":"https:\/\/i0.wp.com\/www.kalot.com.mx\/wp-content\/uploads\/2014\/05\/tumblr_inline_n35no3BQ1i1qf4y8s-300x199.jpg?resize=350%2C200","width":350,"height":200},"classes":[]}],"jetpack_sharing_enabled":true,"_links":{"self":[{"href":"https:\/\/kalot.com.mx\/site\/wp-json\/wp\/v2\/posts\/8306","targetHints":{"allow":["GET"]}}],"collection":[{"href":"https:\/\/kalot.com.mx\/site\/wp-json\/wp\/v2\/posts"}],"about":[{"href":"https:\/\/kalot.com.mx\/site\/wp-json\/wp\/v2\/types\/post"}],"author":[{"embeddable":true,"href":"https:\/\/kalot.com.mx\/site\/wp-json\/wp\/v2\/users\/70"}],"replies":[{"embeddable":true,"href":"https:\/\/kalot.com.mx\/site\/wp-json\/wp\/v2\/comments?post=8306"}],"version-history":[{"count":1,"href":"https:\/\/kalot.com.mx\/site\/wp-json\/wp\/v2\/posts\/8306\/revisions"}],"predecessor-version":[{"id":28755,"href":"https:\/\/kalot.com.mx\/site\/wp-json\/wp\/v2\/posts\/8306\/revisions\/28755"}],"wp:featuredmedia":[{"embeddable":true,"href":"https:\/\/kalot.com.mx\/site\/wp-json\/wp\/v2\/media\/8310"}],"wp:attachment":[{"href":"https:\/\/kalot.com.mx\/site\/wp-json\/wp\/v2\/media?parent=8306"}],"wp:term":[{"taxonomy":"category","embeddable":true,"href":"https:\/\/kalot.com.mx\/site\/wp-json\/wp\/v2\/categories?post=8306"},{"taxonomy":"post_tag","embeddable":true,"href":"https:\/\/kalot.com.mx\/site\/wp-json\/wp\/v2\/tags?post=8306"}],"curies":[{"name":"wp","href":"https:\/\/api.w.org\/{rel}","templated":true}]}}