{"id":8254,"date":"2013-12-22T17:00:28","date_gmt":"2013-12-22T23:00:28","guid":{"rendered":"http:\/\/www.kalot.com.mx\/?p=8254"},"modified":"2017-12-20T11:13:17","modified_gmt":"2017-12-20T17:13:17","slug":"somos-mas-grandes-que-el-tiempo","status":"publish","type":"post","link":"https:\/\/kalot.com.mx\/site\/2013\/12\/22\/somos-mas-grandes-que-el-tiempo\/","title":{"rendered":"Somos m\u00e1s grandes que el tiempo"},"content":{"rendered":"<p style=\"text-align: justify\">Les comparto una historia: Hace unos a\u00f1os conoc\u00ed a una persona, y al principio me ca\u00eda tan mal que me irritaba incluso compartir hasta el ox\u00edgeno presente en el ambiente con \u00e9l. Viv\u00eda una vida demasiado relajada, donde nada ten\u00eda importancia m\u00e1s que la m\u00fasica, donde las cosas relevantes pasaban a \u00faltimo plano, y donde todo era una broma; y aun as\u00ed, viv\u00eda una vida demasiado feliz. \u00bfC\u00f3mo era posible que vali\u00e9ndole muy poco todo le saliera bien? \u00bfPor qu\u00e9 se regocijaba incluso en las cosas que lo perjudicaban? \u00bfC\u00f3mo le hac\u00eda para tener todo bajo control y a la vez nada claro?<\/p>\n<p style=\"text-align: justify\">Simplemente me perturbaba su existencia.<\/p>\n<p style=\"text-align: justify\">Y no tengo la menor idea de que pas\u00f3, pero llegamos a un punto en el que nos empezamos a llevar bien; muy bien. Descubr\u00ed una perspectiva diferente de \u00e9l, una en la que nuestras diferencias, en lugar de distanciarnos, se aliaron con nuestras similitudes y nos sincronizaron. Y son ese tipo de momentos en los que s\u00f3lo sabes que esa persona est\u00e1 destinada a marcar tu vida de una manera importante. No sabes c\u00f3mo, cu\u00e1ndo, de qu\u00e9 forma o por qu\u00e9; Lo sientes.<\/p>\n<p style=\"text-align: justify\">Para cuando me di cuenta de eso, el destino se encarg\u00f3 de separar nuestros caminos. Cada quien sigui\u00f3 con su vida y construy\u00f3 su mundo, sabiendo que en alg\u00fan momento esos caminos se volver\u00edan a cruzar, porque hab\u00eda todav\u00eda mucha historia adelante. Y eventualmente nos encontramos; cada quien viviendo en distintas dimensiones, con caminos salpicados de experiencias diferentes. Ten\u00edamos diferentes an\u00e9cdotas por contar. En el momento en el que nos reencontramos, hab\u00eda tanto que decir, y a la vez tan poco, que con un simple abrazo ese sentimiento de pertenencia regres\u00f3 a m\u00ed.<\/p>\n<p style=\"text-align: justify\">Las circunstancias nos hab\u00edan unido pero cada quien deb\u00eda arreglar los enredos de sus propios mundos primero para poder continuar esa historia; as\u00ed, aunque \u00e9ramos las personas correctas en el mismo camino, el timing segu\u00eda siendo el err\u00f3neo.<\/p>\n<p style=\"text-align: justify\">Mientras mi mundo era una bola imposible de nudos, la persona fue m\u00e1s h\u00e1bil y desenred\u00f3 los suyos primero, y tuvo la paciencia y la empat\u00eda para entender lo que representaban mis problemas y para esperar tranquilamente hasta que terminara de desenredarme. Esos enredos sacaron lo mejor y lo peor de m\u00ed, y yo descargu\u00e9 mi frustraci\u00f3n y mi confusi\u00f3n injustamente en la persona, y en respuesta no hizo algo m\u00e1s que darme mi espacio y no perder la convicci\u00f3n.<\/p>\n<p style=\"text-align: justify\">Finalmente lo logr\u00e9, desenred\u00e9 mi mundo y estaba lista para continuar con la historia, sin darme cuenta de que nunca existi\u00f3 una pausa en ella, y que todo lo que hab\u00eda pasado la hab\u00eda moldeado hasta convertirse en lo que era ahora. Pero en el camino del desenredo, la vida me abri\u00f3 una gran puerta, y tras ella se encontraba la oportunidad de cumplir uno de mis sue\u00f1os m\u00e1s anhelados; la cosa era que esa puerta conduc\u00eda a un lugar lejano y a una vida nueva.<\/p>\n<p style=\"text-align: justify\">Entonces me sal\u00ed de mis casillas y pens\u00e9 que era una mala broma que la vida me estaba jugando. \u00bfPor qu\u00e9 me tuve que tardar tanto tiempo resolviendo mis problemas? Ahora que ya estaba lista para seguir el camino a su lado, el trayecto unido llegaba a su fin y la bifurcaci\u00f3n se encontraba a unos cuantos d\u00edas de distancia.<\/p>\n<p style=\"text-align: justify\">Estaba en una encrucijada, en la que viv\u00eda muchos momentos incre\u00edbles, pero el tiempo no dejaba de escurrirse como se deslizan los granos en los relojes de arena.<\/p>\n<p style=\"text-align: justify\">Cada vez que conviv\u00eda con la persona, con cada momento que compart\u00edamos, yo me sent\u00eda libre, sent\u00eda que pertenec\u00eda a ese lugar; Deseaba parar el tiempo y quedarme ah\u00ed por siempre, y a la vez ansiaba el momento de mi transici\u00f3n, porque sab\u00eda que mis sue\u00f1os me esperaban.<\/p>\n<p style=\"text-align: justify\">Sucede que estar enamorado representa vivir en el mundo que creamos junto con la otra persona, un mundo tan perfecto que es imposible de abandonar; nos gustar\u00eda poder vivir por siempre ah\u00ed porque somos genuinamente felices.<\/p>\n<p style=\"text-align: justify\">En la vida existe algo llamado \u201ctiming\u201d; Podemos encontrar a la persona indicada, en el momento err\u00f3neo, a la persona equivocada en el momento correcto, a la persona correcta en el momento indicado, o viceversa; la vida nos pone sobre la mesa un sinf\u00edn de posibilidades.<\/p>\n<p style=\"text-align: justify\">Las posibilidades se me hab\u00edan presentado, y yo ten\u00eda miedo; miedo porque sab\u00eda que si me retiraba de la jugada, estaba a tiempo de no sufrir tanto como lo har\u00eda si luchaba hasta el final, pero tambi\u00e9n estaba cometiendo el error de dejar ir momentos y personas invaluables.<\/p>\n<p style=\"text-align: justify\">Y fue hasta que me percat\u00e9 de todos los peque\u00f1os detalles que formaban cada momento que cre\u00e1bamos juntos, que me di cuenta de lo que en realidad sent\u00eda y pude tomar una decisi\u00f3n.<\/p>\n<p style=\"text-align: justify\"><span style=\"color: #666699\">Estar con esa persona sacaba mi lado m\u00e1s genuino, y cada momento era aut\u00e9ntico y tan real, que el resto del mundo se convert\u00eda en una visi\u00f3n borrosa e irreal. Lo dem\u00e1s estaba de m\u00e1s.<\/span><\/p>\n<p style=\"text-align: justify\"><span style=\"color: #666699\">Ten\u00eda la capacidad de desesperarme y de hacerme enojar, pero aun cuando esos sentimientos son negativos, eran gozables; tambi\u00e9n pod\u00eda sacarme una sonrisa en el momento m\u00e1s oscuro y a veces sin necesidad de palabras. Incluso me infund\u00eda un sentimiento de confianza que me permit\u00eda llorar sin medida y sentirme desahogada al hacerlo.<\/span><\/p>\n<p style=\"text-align: justify\"><span style=\"color: #666699\">Estando junto a esa persona el tiempo no exist\u00eda, e incluso perder el tiempo era la acci\u00f3n m\u00e1s productiva que exist\u00eda, porque la compart\u00edamos.<\/span><\/p>\n<p style=\"text-align: justify\"><span style=\"color: #666699\">Los silencios eran igual de c\u00f3modos que las palabras. Eran s\u00edmbolo de tranquilidad.<\/span><\/p>\n<p style=\"text-align: justify\"><span style=\"color: #666699\">Incluso nuestros ritmos cardiacos se sincronizaban cuando nos tom\u00e1bamos de la mano (que aunque probablemente es lo m\u00e1s cursi que alguna vez me haya pasado, s\u00ed es posible).<\/span><\/p>\n<p style=\"text-align: justify\"><span style=\"color: #666699\">Las barreras de la prudencia, los l\u00edmites de la pena y las paredes de la timidez no exist\u00edan, no porque no importara si lo ofend\u00eda o no, sino porque no eran necesarias.<\/span><\/p>\n<p style=\"text-align: justify\"><span style=\"color: #666699\">No hab\u00eda un d\u00eda que no aprendiera algo nuevo sobre la vida; era la mejor persona que hab\u00eda conocido. Tan \u00fanica y tan sab\u00eda, y al mismo tiempo tan joven y tan ingenuo. Lo admiraba.<\/span><\/p>\n<p style=\"text-align: justify\"><span style=\"color: #666699\">Era el paraca\u00eddas que requer\u00eda para saltar al vac\u00edo; no evitaba que lo hiciera, y no me exentaba del peligro, pero me acompa\u00f1aba durante el trayecto y me manten\u00eda a flote.<\/span><\/p>\n<p style=\"text-align: justify\"><span style=\"color: #666699\">Era la mejor versi\u00f3n de mi misma, y no requer\u00eda esfuerzo alguno para serlo, porque se daba con naturalidad.<\/span><\/p>\n<p style=\"text-align: justify\"><span style=\"color: #666699\">Era libre.<\/span><\/p>\n<p style=\"text-align: justify\">\u00a0Definitivamente era la persona correcta. Y fueron todos estos detalles, peque\u00f1os pero de gran importancia, los que me hicieron comprender que incluso si el amor es en realidad un instante, es un instante eterno; a pesar de que me molest\u00f3 darme cuenta de que nuestros caminos se hab\u00edan cruzado solamente por unos instantes para despu\u00e9s separarse de nuevo, comprend\u00ed que el lapso entre el desenredo de mi mundo y mi transici\u00f3n a la puerta era el timing indicado; Corto, pero correcto. Lo que quedaba por hacer era disfrutar al m\u00e1ximo cada momento que comparti\u00e9ramos, ocup\u00e1ndonos del presente y desentendi\u00e9ndonos de la futura e inevitable despedida.<\/p>\n<p style=\"text-align: justify\">Todo en la vida tiene su tiempo de inicio y tambi\u00e9n su final. El tiempo, que nos sirve como medida para controlar esos periodos, a veces nos asusta, y nos puede llegar a privar de disfrutar de momentos incre\u00edbles e inolvidables, de oportunidades de crecimiento y de personas que son maestros y que nos transmiten su sabidur\u00eda.<\/p>\n<p style=\"text-align: justify\">Podemos hacer de cualquier instante algo eterno, solo es necesario tener el valor de hacerlo, y confiar en que somos m\u00e1s grandes que el tiempo. Al final, lo que sucedi\u00f3 antes o lo que suceda despu\u00e9s sale sobrando.<\/p>\n<p style=\"text-align: justify\">Tambi\u00e9n, una vida en la que los caminos sean rectos y sin giros ni senderos alternos que tomar ser\u00eda como un \u00e1rbol sin ramas; No crecer\u00edamos ni llegar\u00edamos lejos.<\/p>\n<p style=\"text-align: justify\">Y las personas correctas no se cruzan con tanta frecuencia ni por mucho tiempo en los senderos de la vida, porque les basta con compartir breves instantes para formar sus caminos y ser felices.<\/p>\n<p style=\"text-align: justify\">Dejo a su criterio lo que sucedi\u00f3 al final.<\/p>\n<p style=\"text-align: justify\"><a href=\"https:\/\/i0.wp.com\/www.kalot.com.mx\/wp-content\/uploads\/2013\/12\/kalot-firedrich.jpg\"><img fetchpriority=\"high\" decoding=\"async\" data-attachment-id=\"8256\" data-permalink=\"https:\/\/kalot.com.mx\/site\/2013\/12\/22\/somos-mas-grandes-que-el-tiempo\/kalot-firedrich\/\" data-orig-file=\"https:\/\/i0.wp.com\/kalot.com.mx\/site\/wp-content\/uploads\/2013\/12\/kalot-firedrich.jpg?fit=749%2C1000&ssl=1\" data-orig-size=\"749,1000\" data-comments-opened=\"1\" data-image-meta=\"{&quot;aperture&quot;:&quot;0&quot;,&quot;credit&quot;:&quot;&quot;,&quot;camera&quot;:&quot;&quot;,&quot;caption&quot;:&quot;&quot;,&quot;created_timestamp&quot;:&quot;0&quot;,&quot;copyright&quot;:&quot;&quot;,&quot;focal_length&quot;:&quot;0&quot;,&quot;iso&quot;:&quot;0&quot;,&quot;shutter_speed&quot;:&quot;0&quot;,&quot;title&quot;:&quot;&quot;,&quot;orientation&quot;:&quot;0&quot;}\" data-image-title=\"kalot firedrich\" data-image-description=\"\" data-image-caption=\"\" data-large-file=\"https:\/\/i0.wp.com\/kalot.com.mx\/site\/wp-content\/uploads\/2013\/12\/kalot-firedrich.jpg?fit=749%2C1000&ssl=1\" class=\"alignnone size-medium wp-image-8256\" alt=\"kalot firedrich\" src=\"https:\/\/i2.wp.com\/kalot.com.mx\/site\/wp-content\/uploads\/2013\/12\/kalot-firedrich.jpg?fit=225%2C300&ssl=1\" width=\"225\" height=\"300\" srcset=\"https:\/\/i0.wp.com\/kalot.com.mx\/site\/wp-content\/uploads\/2013\/12\/kalot-firedrich.jpg?w=749&ssl=1 749w, https:\/\/i0.wp.com\/kalot.com.mx\/site\/wp-content\/uploads\/2013\/12\/kalot-firedrich.jpg?resize=380%2C507&ssl=1 380w, https:\/\/i0.wp.com\/kalot.com.mx\/site\/wp-content\/uploads\/2013\/12\/kalot-firedrich.jpg?resize=225%2C300&ssl=1 225w, https:\/\/i0.wp.com\/kalot.com.mx\/site\/wp-content\/uploads\/2013\/12\/kalot-firedrich.jpg?resize=300%2C401&ssl=1 300w\" sizes=\"(max-width: 225px) 100vw, 225px\" \/><\/a><\/p>\n<p style=\"text-align: justify\">\n<p style=\"text-align: justify\">Cambio y fuera.<\/p>\n","protected":false},"excerpt":{"rendered":"Les comparto una historia: Hace unos a\u00f1os conoc\u00ed a una persona, y al principio me ca\u00eda tan mal&hellip;\n","protected":false},"author":26,"featured_media":8255,"comment_status":"open","ping_status":"open","sticky":false,"template":"","format":"standard","meta":{"jetpack_post_was_ever_published":false,"_jetpack_newsletter_access":"","_jetpack_dont_email_post_to_subs":false,"_jetpack_newsletter_tier_id":0,"_jetpack_memberships_contains_paywalled_content":false,"_jetpack_memberships_contains_paid_content":false,"footnotes":"","jetpack_publicize_message":"","jetpack_publicize_feature_enabled":true,"jetpack_social_post_already_shared":true,"jetpack_social_options":{"image_generator_settings":{"template":"highway","default_image_id":0,"font":"","enabled":false},"version":2}},"categories":[1],"tags":[],"class_list":{"0":"post-8254","1":"post","2":"type-post","3":"status-publish","4":"format-standard","5":"has-post-thumbnail","7":"category-sin-categoria","8":"cs-entry","9":"cs-video-wrap"},"yoast_head":"<!-- This site is optimized with the Yoast SEO plugin v27.5 - https:\/\/yoast.com\/product\/yoast-seo-wordpress\/ -->\n<title>Somos m\u00e1s grandes que el tiempo - Kalot<\/title>\n<meta name=\"description\" content=\"Les comparto una historia: Hace unos a\u00f1os conoc\u00ed a una persona, y al principio me ca\u00eda tan mal que me irritaba incluso compartir hasta el ox\u00edgeno presente\" \/>\n<meta name=\"robots\" content=\"index, follow, max-snippet:-1, max-image-preview:large, max-video-preview:-1\" \/>\n<link rel=\"canonical\" href=\"https:\/\/kalot.com.mx\/site\/2013\/12\/22\/somos-mas-grandes-que-el-tiempo\/\" \/>\n<meta property=\"og:locale\" content=\"es_MX\" \/>\n<meta property=\"og:type\" content=\"article\" \/>\n<meta property=\"og:title\" content=\"Somos m\u00e1s grandes que el tiempo - Kalot\" \/>\n<meta property=\"og:description\" content=\"Les comparto una historia: Hace unos a\u00f1os conoc\u00ed a una persona, y al principio me ca\u00eda tan mal que me irritaba incluso compartir hasta el ox\u00edgeno presente\" \/>\n<meta property=\"og:url\" content=\"https:\/\/kalot.com.mx\/site\/2013\/12\/22\/somos-mas-grandes-que-el-tiempo\/\" \/>\n<meta property=\"og:site_name\" content=\"Kalot\" \/>\n<meta property=\"article:publisher\" content=\"http:\/\/facebook.com\/mxkalot\" \/>\n<meta property=\"article:published_time\" content=\"2013-12-22T23:00:28+00:00\" \/>\n<meta property=\"article:modified_time\" content=\"2017-12-20T17:13:17+00:00\" \/>\n<meta property=\"og:image\" content=\"https:\/\/i1.wp.com\/kalot.com.mx\/site\/wp-content\/uploads\/2013\/12\/kalot-dali.jpg?fit=755%2C547&ssl=1\" \/>\n\t<meta property=\"og:image:width\" content=\"755\" \/>\n\t<meta property=\"og:image:height\" content=\"547\" \/>\n\t<meta property=\"og:image:type\" content=\"image\/jpeg\" \/>\n<meta name=\"author\" content=\"Fernanda S\u00e1nchez\" \/>\n<meta name=\"twitter:card\" content=\"summary_large_image\" \/>\n<meta name=\"twitter:creator\" content=\"@fer_ssm\" \/>\n<meta name=\"twitter:site\" content=\"@kalotmx\" \/>\n<meta name=\"twitter:label1\" content=\"Escrito por\" \/>\n\t<meta name=\"twitter:data1\" content=\"Fernanda S\u00e1nchez\" \/>\n\t<meta name=\"twitter:label2\" content=\"Tiempo de lectura\" \/>\n\t<meta name=\"twitter:data2\" content=\"7 minutos\" \/>\n<!-- \/ Yoast SEO plugin. -->","yoast_head_json":{"title":"Somos m\u00e1s grandes que el tiempo - Kalot","description":"Les comparto una historia: Hace unos a\u00f1os conoc\u00ed a una persona, y al principio me ca\u00eda tan mal que me irritaba incluso compartir hasta el ox\u00edgeno presente","robots":{"index":"index","follow":"follow","max-snippet":"max-snippet:-1","max-image-preview":"max-image-preview:large","max-video-preview":"max-video-preview:-1"},"canonical":"https:\/\/kalot.com.mx\/site\/2013\/12\/22\/somos-mas-grandes-que-el-tiempo\/","og_locale":"es_MX","og_type":"article","og_title":"Somos m\u00e1s grandes que el tiempo - Kalot","og_description":"Les comparto una historia: Hace unos a\u00f1os conoc\u00ed a una persona, y al principio me ca\u00eda tan mal que me irritaba incluso compartir hasta el ox\u00edgeno presente","og_url":"https:\/\/kalot.com.mx\/site\/2013\/12\/22\/somos-mas-grandes-que-el-tiempo\/","og_site_name":"Kalot","article_publisher":"http:\/\/facebook.com\/mxkalot","article_published_time":"2013-12-22T23:00:28+00:00","article_modified_time":"2017-12-20T17:13:17+00:00","og_image":[{"width":755,"height":547,"url":"https:\/\/i1.wp.com\/kalot.com.mx\/site\/wp-content\/uploads\/2013\/12\/kalot-dali.jpg?fit=755%2C547&ssl=1","type":"image\/jpeg"}],"author":"Fernanda S\u00e1nchez","twitter_card":"summary_large_image","twitter_creator":"@fer_ssm","twitter_site":"@kalotmx","twitter_misc":{"Escrito por":"Fernanda S\u00e1nchez","Tiempo de lectura":"7 minutos"},"schema":{"@context":"https:\/\/schema.org","@graph":[{"@type":"Article","@id":"https:\/\/kalot.com.mx\/site\/2013\/12\/22\/somos-mas-grandes-que-el-tiempo\/#article","isPartOf":{"@id":"https:\/\/kalot.com.mx\/site\/2013\/12\/22\/somos-mas-grandes-que-el-tiempo\/"},"author":{"name":"Fernanda S\u00e1nchez","@id":"https:\/\/kalot.com.mx\/site\/#\/schema\/person\/197a15ab8435e01dcf11e7cfe5ac7258"},"headline":"Somos m\u00e1s grandes que el tiempo","datePublished":"2013-12-22T23:00:28+00:00","dateModified":"2017-12-20T17:13:17+00:00","mainEntityOfPage":{"@id":"https:\/\/kalot.com.mx\/site\/2013\/12\/22\/somos-mas-grandes-que-el-tiempo\/"},"wordCount":1456,"commentCount":0,"publisher":{"@id":"https:\/\/kalot.com.mx\/site\/#organization"},"image":{"@id":"https:\/\/kalot.com.mx\/site\/2013\/12\/22\/somos-mas-grandes-que-el-tiempo\/#primaryimage"},"thumbnailUrl":"https:\/\/i0.wp.com\/kalot.com.mx\/site\/wp-content\/uploads\/2013\/12\/kalot-dali.jpg?fit=755%2C547&ssl=1","inLanguage":"es","potentialAction":[{"@type":"CommentAction","name":"Comment","target":["https:\/\/kalot.com.mx\/site\/2013\/12\/22\/somos-mas-grandes-que-el-tiempo\/#respond"]}]},{"@type":"WebPage","@id":"https:\/\/kalot.com.mx\/site\/2013\/12\/22\/somos-mas-grandes-que-el-tiempo\/","url":"https:\/\/kalot.com.mx\/site\/2013\/12\/22\/somos-mas-grandes-que-el-tiempo\/","name":"Somos m\u00e1s grandes que el tiempo - Kalot","isPartOf":{"@id":"https:\/\/kalot.com.mx\/site\/#website"},"primaryImageOfPage":{"@id":"https:\/\/kalot.com.mx\/site\/2013\/12\/22\/somos-mas-grandes-que-el-tiempo\/#primaryimage"},"image":{"@id":"https:\/\/kalot.com.mx\/site\/2013\/12\/22\/somos-mas-grandes-que-el-tiempo\/#primaryimage"},"thumbnailUrl":"https:\/\/i0.wp.com\/kalot.com.mx\/site\/wp-content\/uploads\/2013\/12\/kalot-dali.jpg?fit=755%2C547&ssl=1","datePublished":"2013-12-22T23:00:28+00:00","dateModified":"2017-12-20T17:13:17+00:00","description":"Les comparto una historia: Hace unos a\u00f1os conoc\u00ed a una persona, y al principio me ca\u00eda tan mal que me irritaba incluso compartir hasta el ox\u00edgeno presente","breadcrumb":{"@id":"https:\/\/kalot.com.mx\/site\/2013\/12\/22\/somos-mas-grandes-que-el-tiempo\/#breadcrumb"},"inLanguage":"es","potentialAction":[{"@type":"ReadAction","target":["https:\/\/kalot.com.mx\/site\/2013\/12\/22\/somos-mas-grandes-que-el-tiempo\/"]}]},{"@type":"ImageObject","inLanguage":"es","@id":"https:\/\/kalot.com.mx\/site\/2013\/12\/22\/somos-mas-grandes-que-el-tiempo\/#primaryimage","url":"https:\/\/i0.wp.com\/kalot.com.mx\/site\/wp-content\/uploads\/2013\/12\/kalot-dali.jpg?fit=755%2C547&ssl=1","contentUrl":"https:\/\/i0.wp.com\/kalot.com.mx\/site\/wp-content\/uploads\/2013\/12\/kalot-dali.jpg?fit=755%2C547&ssl=1","width":755,"height":547},{"@type":"BreadcrumbList","@id":"https:\/\/kalot.com.mx\/site\/2013\/12\/22\/somos-mas-grandes-que-el-tiempo\/#breadcrumb","itemListElement":[{"@type":"ListItem","position":1,"name":"Home","item":"https:\/\/kalot.com.mx\/site\/"},{"@type":"ListItem","position":2,"name":"Somos m\u00e1s grandes que el tiempo"}]},{"@type":"WebSite","@id":"https:\/\/kalot.com.mx\/site\/#website","url":"https:\/\/kalot.com.mx\/site\/","name":"Kalot","description":"Conoce Todo Sobre Todo","publisher":{"@id":"https:\/\/kalot.com.mx\/site\/#organization"},"potentialAction":[{"@type":"SearchAction","target":{"@type":"EntryPoint","urlTemplate":"https:\/\/kalot.com.mx\/site\/?s={search_term_string}"},"query-input":{"@type":"PropertyValueSpecification","valueRequired":true,"valueName":"search_term_string"}}],"inLanguage":"es"},{"@type":"Organization","@id":"https:\/\/kalot.com.mx\/site\/#organization","name":"Kalot","url":"https:\/\/kalot.com.mx\/site\/","logo":{"@type":"ImageObject","inLanguage":"es","@id":"https:\/\/kalot.com.mx\/site\/#\/schema\/logo\/image\/","url":"https:\/\/i0.wp.com\/kalot.com.mx\/site\/wp-content\/uploads\/2020\/04\/Kalot-logo-sin-tagline.png?fit=1707%2C1014&ssl=1","contentUrl":"https:\/\/i0.wp.com\/kalot.com.mx\/site\/wp-content\/uploads\/2020\/04\/Kalot-logo-sin-tagline.png?fit=1707%2C1014&ssl=1","width":1707,"height":1014,"caption":"Kalot"},"image":{"@id":"https:\/\/kalot.com.mx\/site\/#\/schema\/logo\/image\/"},"sameAs":["http:\/\/facebook.com\/mxkalot","https:\/\/x.com\/kalotmx","http:\/\/instagram.com\/kalotmx","http:\/\/pinterest.com\/jorgeerana\/kalot"]},{"@type":"Person","@id":"https:\/\/kalot.com.mx\/site\/#\/schema\/person\/197a15ab8435e01dcf11e7cfe5ac7258","name":"Fernanda S\u00e1nchez","image":{"@type":"ImageObject","inLanguage":"es","@id":"https:\/\/secure.gravatar.com\/avatar\/2ce17b9d3c1fd99e3718a164b16b51eacb5d80cb13712355c9052d3739993ea5?s=96&d=mm&r=g","url":"https:\/\/secure.gravatar.com\/avatar\/2ce17b9d3c1fd99e3718a164b16b51eacb5d80cb13712355c9052d3739993ea5?s=96&d=mm&r=g","contentUrl":"https:\/\/secure.gravatar.com\/avatar\/2ce17b9d3c1fd99e3718a164b16b51eacb5d80cb13712355c9052d3739993ea5?s=96&d=mm&r=g","caption":"Fernanda S\u00e1nchez"},"description":"Escritora en proceso, amante de la comida, apasionada de la lectura y famosa chorera. Rata mental dando vueltas a 1000 por hora. Moto: El que persevera, alcanza.","sameAs":["https:\/\/x.com\/@fer_ssm"],"url":"https:\/\/kalot.com.mx\/site\/author\/fer\/"}]}},"jetpack_publicize_connections":[],"jetpack_featured_media_url":"https:\/\/i0.wp.com\/kalot.com.mx\/site\/wp-content\/uploads\/2013\/12\/kalot-dali.jpg?fit=755%2C547&ssl=1","jetpack_shortlink":"https:\/\/wp.me\/p6IHEI-298","jetpack-related-posts":[{"id":8378,"url":"https:\/\/kalot.com.mx\/site\/2013\/12\/24\/transmetropolitan-un-comic-que-manda-la-mierda-al-mundo-entero\/","url_meta":{"origin":8254,"position":0},"title":"Transmetropolitan, Un Comic Que Manda a la Mierda al Mundo Entero (@ElManuelGamez)","author":"Manuel Gamez","date":"24 diciembre, 2013","format":false,"excerpt":"Exacto, as\u00ed como lo leyeron un comic que no se anda con juegos y manda a la mierda al mundo, como debe de ser, bueno posiblemente nada m\u00e1s sea mi perspectiva, por los gustos que yo tengo al leer o ver una buena historia, puesto a que he adquirido una\u2026","rel":"","context":"En &quot;Sin categor\u00eda&quot;","block_context":{"text":"Sin categor\u00eda","link":"https:\/\/kalot.com.mx\/site\/category\/sin-categoria\/"},"img":{"alt_text":"","src":"https:\/\/i0.wp.com\/kalot.com.mx\/site\/wp-content\/uploads\/2013\/12\/transmetropolitanjerusalem.jpg?fit=1000%2C625&ssl=1&resize=350%2C200","width":350,"height":200,"srcset":"https:\/\/i0.wp.com\/kalot.com.mx\/site\/wp-content\/uploads\/2013\/12\/transmetropolitanjerusalem.jpg?fit=1000%2C625&ssl=1&resize=350%2C200 1x, https:\/\/i0.wp.com\/kalot.com.mx\/site\/wp-content\/uploads\/2013\/12\/transmetropolitanjerusalem.jpg?fit=1000%2C625&ssl=1&resize=525%2C300 1.5x, https:\/\/i0.wp.com\/kalot.com.mx\/site\/wp-content\/uploads\/2013\/12\/transmetropolitanjerusalem.jpg?fit=1000%2C625&ssl=1&resize=700%2C400 2x"},"classes":[]},{"id":13433,"url":"https:\/\/kalot.com.mx\/site\/2014\/03\/14\/los-marcianos-han-llegado-la-guerra-de-los-mundos-elmanuelgamez\/","url_meta":{"origin":8254,"position":1},"title":"Los Marcianos Han Llegado; La Guerra de los Mundos (@ElManuelGamez)","author":"Manuel Gamez","date":"14 marzo, 2014","format":false,"excerpt":"Los extraterrestres, la vida en otros lugares del universo, la simple incertidumbre de pensar que hay alguna otra clase de especie igual o m\u00e1s inteligente que nosotros haya afuera, siempre ha sido uno de los temas favorito a la hora de hablar en una reuni\u00f3n de amigos, en la televisi\u00f3n,\u2026","rel":"","context":"En &quot;Sin categor\u00eda&quot;","block_context":{"text":"Sin categor\u00eda","link":"https:\/\/kalot.com.mx\/site\/category\/sin-categoria\/"},"img":{"alt_text":"","src":"https:\/\/i0.wp.com\/kalot.com.mx\/site\/wp-content\/uploads\/2014\/03\/Portada1.jpg?fit=500%2C451&ssl=1&resize=350%2C200","width":350,"height":200},"classes":[]},{"id":20376,"url":"https:\/\/kalot.com.mx\/site\/2015\/02\/11\/hitman-agente-47-muestra-su-explosivo-trailer\/","url_meta":{"origin":8254,"position":2},"title":"HITMAN AGENTE 47, muestra su explosivo trailer.","author":"HM_MKT007","date":"11 febrero, 2015","format":false,"excerpt":"Ahhh, el cine de videojuegos, esa rara tem\u00e1tica en las pel\u00edculas que a unos fascina, y otros repudian hasta niveles inh\u00f3spitos, un g\u00e9nero que ha generado tanta pol\u00e9mica, pero que en los \u00faltimos a\u00f1os, a retomado un auge impresionante, con futuras adaptaciones, como lo son ASSASSINS CREED, THE LAST OF\u2026","rel":"","context":"Entrada similar ","block_context":{"text":"Entrada similar ","link":""},"img":{"alt_text":"","src":"https:\/\/i0.wp.com\/kalot.com.mx\/site\/wp-content\/uploads\/2015\/02\/wallpaper_hitman_absolution_08_1920x1080.jpg?fit=1200%2C675&ssl=1&resize=350%2C200","width":350,"height":200,"srcset":"https:\/\/i0.wp.com\/kalot.com.mx\/site\/wp-content\/uploads\/2015\/02\/wallpaper_hitman_absolution_08_1920x1080.jpg?fit=1200%2C675&ssl=1&resize=350%2C200 1x, https:\/\/i0.wp.com\/kalot.com.mx\/site\/wp-content\/uploads\/2015\/02\/wallpaper_hitman_absolution_08_1920x1080.jpg?fit=1200%2C675&ssl=1&resize=525%2C300 1.5x, https:\/\/i0.wp.com\/kalot.com.mx\/site\/wp-content\/uploads\/2015\/02\/wallpaper_hitman_absolution_08_1920x1080.jpg?fit=1200%2C675&ssl=1&resize=700%2C400 2x, https:\/\/i0.wp.com\/kalot.com.mx\/site\/wp-content\/uploads\/2015\/02\/wallpaper_hitman_absolution_08_1920x1080.jpg?fit=1200%2C675&ssl=1&resize=1050%2C600 3x"},"classes":[]},{"id":23517,"url":"https:\/\/kalot.com.mx\/site\/2015\/09\/18\/muerta-en-vida\/","url_meta":{"origin":8254,"position":3},"title":"Muerta en Vida","author":"Fabiia Rivera","date":"18 septiembre, 2015","format":false,"excerpt":"Hola, mis queridos kaloteros, muy buena semanita de lluvia rica y no tan rica ya que vivimos en una venecia muy molesta, con prisas, compromisos etc. , y con estas lluvias nos impide hacer nuestra labores y cumplir con nuestros compromisos. El estar muerta en vida no es m\u00e1s que\u2026","rel":"","context":"En &quot;Novedades&quot;","block_context":{"text":"Novedades","link":"https:\/\/kalot.com.mx\/site\/category\/novedades\/"},"img":{"alt_text":"","src":"https:\/\/i0.wp.com\/kalot.com.mx\/site\/wp-content\/uploads\/2015\/09\/MUERTA-EN-VIDA.jpg?fit=900%2C462&ssl=1&resize=350%2C200","width":350,"height":200,"srcset":"https:\/\/i0.wp.com\/kalot.com.mx\/site\/wp-content\/uploads\/2015\/09\/MUERTA-EN-VIDA.jpg?fit=900%2C462&ssl=1&resize=350%2C200 1x, https:\/\/i0.wp.com\/kalot.com.mx\/site\/wp-content\/uploads\/2015\/09\/MUERTA-EN-VIDA.jpg?fit=900%2C462&ssl=1&resize=525%2C300 1.5x, https:\/\/i0.wp.com\/kalot.com.mx\/site\/wp-content\/uploads\/2015\/09\/MUERTA-EN-VIDA.jpg?fit=900%2C462&ssl=1&resize=700%2C400 2x"},"classes":[]},{"id":20613,"url":"https:\/\/kalot.com.mx\/site\/2015\/03\/03\/mi-cambio-de-piel\/","url_meta":{"origin":8254,"position":4},"title":"Mi cambio de piel.","author":"Mar\u00eda Alvarado","date":"3 marzo, 2015","format":false,"excerpt":"No muchos lo saben, pero sentirse c\u00f3modos en su propia piel es una de las cosas m\u00e1s dif\u00edciles del mundo. Hay cosas que no nos gustan y en realidad nos hacen sentir inc\u00f3modos, no hay nada m\u00e1s feo que sentir que no pertenecemos ni a nuestro propio cuerpo; es lo\u2026","rel":"","context":"Entrada similar ","block_context":{"text":"Entrada similar ","link":""},"img":{"alt_text":"","src":"https:\/\/i0.wp.com\/kalot.com.mx\/site\/wp-content\/uploads\/2015\/03\/ave.jpg?fit=600%2C467&ssl=1&resize=350%2C200","width":350,"height":200,"srcset":"https:\/\/i0.wp.com\/kalot.com.mx\/site\/wp-content\/uploads\/2015\/03\/ave.jpg?fit=600%2C467&ssl=1&resize=350%2C200 1x, https:\/\/i0.wp.com\/kalot.com.mx\/site\/wp-content\/uploads\/2015\/03\/ave.jpg?fit=600%2C467&ssl=1&resize=525%2C300 1.5x"},"classes":[]},{"id":20973,"url":"https:\/\/kalot.com.mx\/site\/2015\/04\/04\/no-todas-sonamos-con-ser-madres-algunas-sonamos-con-otras-cosas\/","url_meta":{"origin":8254,"position":5},"title":"No todas so\u00f1amos con ser madres, algunas so\u00f1amos con otras cosas.","author":"Jounne Gallardox","date":"4 abril, 2015","format":false,"excerpt":"Cuando era ni\u00f1a ten\u00eda dos grandes sue\u00f1os, vivir sola y ser universitaria, ahora que lo pienso era muy nerd (y lo sigo siendo) para desear eso a los 8 a\u00f1os. Recuerdo que cuando le cont\u00e9 a pap\u00e1 ese sue\u00f1o de ser independiente, tener un departamento y vivir sola, \u00e9l me\u2026","rel":"","context":"En &quot;Reflexi\u00f3n&quot;","block_context":{"text":"Reflexi\u00f3n","link":"https:\/\/kalot.com.mx\/site\/category\/reflexion\/"},"img":{"alt_text":"","src":"https:\/\/i0.wp.com\/kalot.com.mx\/site\/wp-content\/uploads\/2015\/04\/linda2.png?fit=570%2C436&ssl=1&resize=350%2C200","width":350,"height":200,"srcset":"https:\/\/i0.wp.com\/kalot.com.mx\/site\/wp-content\/uploads\/2015\/04\/linda2.png?fit=570%2C436&ssl=1&resize=350%2C200 1x, https:\/\/i0.wp.com\/kalot.com.mx\/site\/wp-content\/uploads\/2015\/04\/linda2.png?fit=570%2C436&ssl=1&resize=525%2C300 1.5x"},"classes":[]}],"jetpack_sharing_enabled":true,"_links":{"self":[{"href":"https:\/\/kalot.com.mx\/site\/wp-json\/wp\/v2\/posts\/8254","targetHints":{"allow":["GET"]}}],"collection":[{"href":"https:\/\/kalot.com.mx\/site\/wp-json\/wp\/v2\/posts"}],"about":[{"href":"https:\/\/kalot.com.mx\/site\/wp-json\/wp\/v2\/types\/post"}],"author":[{"embeddable":true,"href":"https:\/\/kalot.com.mx\/site\/wp-json\/wp\/v2\/users\/26"}],"replies":[{"embeddable":true,"href":"https:\/\/kalot.com.mx\/site\/wp-json\/wp\/v2\/comments?post=8254"}],"version-history":[{"count":1,"href":"https:\/\/kalot.com.mx\/site\/wp-json\/wp\/v2\/posts\/8254\/revisions"}],"predecessor-version":[{"id":28754,"href":"https:\/\/kalot.com.mx\/site\/wp-json\/wp\/v2\/posts\/8254\/revisions\/28754"}],"wp:featuredmedia":[{"embeddable":true,"href":"https:\/\/kalot.com.mx\/site\/wp-json\/wp\/v2\/media\/8255"}],"wp:attachment":[{"href":"https:\/\/kalot.com.mx\/site\/wp-json\/wp\/v2\/media?parent=8254"}],"wp:term":[{"taxonomy":"category","embeddable":true,"href":"https:\/\/kalot.com.mx\/site\/wp-json\/wp\/v2\/categories?post=8254"},{"taxonomy":"post_tag","embeddable":true,"href":"https:\/\/kalot.com.mx\/site\/wp-json\/wp\/v2\/tags?post=8254"}],"curies":[{"name":"wp","href":"https:\/\/api.w.org\/{rel}","templated":true}]}}