{"id":8172,"date":"2013-12-20T16:30:08","date_gmt":"2013-12-20T22:30:08","guid":{"rendered":"http:\/\/www.kalot.com.mx\/?p=8172"},"modified":"2013-12-20T16:30:08","modified_gmt":"2013-12-20T22:30:08","slug":"el-senor-burnett-y-yo","status":"publish","type":"post","link":"https:\/\/kalot.com.mx\/site\/2013\/12\/20\/el-senor-burnett-y-yo\/","title":{"rendered":"El Se\u00f1or Burnett y yo"},"content":{"rendered":"<p>Y all\u00ed estaba yo, sentado en la recepci\u00f3n, impaciente por entrar a su oficina y charlar con \u00e9l. El reloj tictaqueaba sigilosamente, despu\u00e9s de unos minutos, su secretaria me llam\u00f3: \u2014Puede pasar\u2014 me dijo \u2014lo est\u00e1 esperando\u2014 Tom\u00e9 mi peque\u00f1a libreta y revis\u00e9 que la c\u00e1mara fotogr\u00e1fica tuviera suficiente bater\u00eda, estaba a punto de vivir un momento hist\u00f3rico e importante y quer\u00eda inmortalizarlo.<\/p>\n<p>Ah\u00ed estaba \u00e9l, sentado en su escritorio, con sus lentes y un paquete de cigarrillos al lado; imposible no reconocerlo. En su mano derecha sosten\u00eda un peculiar objeto: Un l\u00e1piz. Pero no era un l\u00e1piz com\u00fan y corriente, era un l\u00e1piz sin borrador. Me llam\u00f3 la atenci\u00f3n y decid\u00ed romper el hielo con un comentario:<\/p>\n<p>\u2014Se\u00f1or Burnett, he notado que su l\u00e1piz no tiene borrador.<\/p>\n<p>\u2014As\u00ed es \u2014me respondi\u00f3\u2014 Es un l\u00e1piz sin goma porque no tiene miedo a equivocarse, sabe que no hay ideas malas, que cada idea tiene su momento y que el borrador, ese que se esconde bajo el disfraz de \u201ccorrector de errores\u201d, no es m\u00e1s que un vil asesino de ideas.<\/p>\n<p>Ese comentario dio inicio a lo que ser\u00eda una gran serie de preguntas y respuestas con el se\u00f1or Burnett:<\/p>\n<p>PG: \u00bfHa pensado que el verdadero asesino de ideas no sea el l\u00e1piz, sino sus miedos?<\/p>\n<p>LB: Buen planteamiento. D\u00e9jame explicarte algo: Ese miedo al fracaso, del que hablas y que todos sentimos en alg\u00fan momento, nos ha privado de muchos beneficios. Debemos ignorar ese miedo y pensar positivamente, \u201ctirarle a lo grande\u201d, tratar de alcanzar las estrellas; cuando lo intentas, tal vez no obtengas ninguna, pero tampoco te llevaras un pu\u00f1ado de lodo \u00bfMe entiendes?<\/p>\n<p>PG: \u00bfQuiere decir que debemos perseguir nuestros sue\u00f1os y defender nuestras ideas?<\/p>\n<p>LB: \u00a1Exacto! Las ideas no se vuelven grandes si no son acompa\u00f1adas de valor; valor para defenderlas. Toda gran idea nace de un gran l\u00e1piz, he aqu\u00ed ese gran l\u00e1piz (alza su mano derecha) \u00e9sta es mi principal arma, con \u00e9l defiendo mis ideas.<\/p>\n<p>PG: Y d\u00edgame, se\u00f1or Burnett, \u00bfC\u00f3mo es que un periodista -tengo entendido que estudi\u00f3 periodismo en Michigan- lleg\u00f3 al mundo de la publicidad?<\/p>\n<p>LB: (esboza una sonrisa) \u00bfSabes? Con frecuencia me preguntan c\u00f3mo llegu\u00e9 a este negocio, pero la realidad es que no lo hice, el negocio lleg\u00f3 a m\u00ed. Soy una persona que le gusta pensar mucho, disfruto haci\u00e9ndolo, y este negocio se basa en eso, en pensar, en poner a correr a la ardilla que tenemos en el cerebro, y al correr genera fricci\u00f3n, y la fricci\u00f3n saca chispas, y las chispas provocan grandes explosiones creativas.<\/p>\n<p>PG: Entonces, \u00bfCualquier persona puede ser publicista?<\/p>\n<p>LB: Cualquier persona que le guste pensar puede serlo, es aqu\u00ed donde entra el talento; Cualquier tonto puede escribir un mal anuncio pero se necesita ser un verdadero genio para deshacerse de uno bueno. Escribir un copy no es tan sencillo, tiene su arte. Cuando escribas, hazlo sencillo, hazlo memorable, tienes que hacer que se antoje verlo y que sea divertido leerlo. Por \u00faltimo, lee mucho, escribe m\u00e1s; divi\u00e9rtete haciendo lo que haces pero lo m\u00e1s importante, vive la vida, \u00e9sta terminar\u00e1 inspir\u00e1ndote.<\/p>\n<p>Justo cuando la pl\u00e1tica se pon\u00eda a\u00fan m\u00e1s interesante son\u00f3 mi despertador.<\/p>\n<p>No he vuelto a saber nada de \u00e9l. Todas las noches me voy a la cama con el deseo de continuar esa charla con el se\u00f1or de las grandes ideas, los l\u00e1pices sin borrador y los cigarrillos Marlboro.<\/p>\n<p>El se\u00f1or Leo Burnett.<\/p>\n","protected":false},"excerpt":{"rendered":"Y all\u00ed estaba yo, sentado en la recepci\u00f3n, impaciente por entrar a su oficina y charlar con \u00e9l.&hellip;\n","protected":false},"author":69,"featured_media":8174,"comment_status":"open","ping_status":"open","sticky":false,"template":"","format":"standard","meta":{"jetpack_post_was_ever_published":false,"_jetpack_newsletter_access":"","_jetpack_dont_email_post_to_subs":false,"_jetpack_newsletter_tier_id":0,"_jetpack_memberships_contains_paywalled_content":false,"_jetpack_memberships_contains_paid_content":false,"footnotes":"","jetpack_publicize_message":"","jetpack_publicize_feature_enabled":true,"jetpack_social_post_already_shared":true,"jetpack_social_options":{"image_generator_settings":{"template":"highway","default_image_id":0,"font":"","enabled":false},"version":2}},"categories":[],"tags":[],"class_list":{"0":"post-8172","1":"post","2":"type-post","3":"status-publish","4":"format-standard","5":"has-post-thumbnail","7":"cs-entry","8":"cs-video-wrap"},"yoast_head":"<!-- This site is optimized with the Yoast SEO plugin v27.5 - https:\/\/yoast.com\/product\/yoast-seo-wordpress\/ -->\n<title>El Se\u00f1or Burnett y yo - Kalot<\/title>\n<meta name=\"description\" content=\"Y all\u00ed estaba yo, sentado en la recepci\u00f3n, impaciente por entrar a su oficina y charlar con \u00e9l. El reloj tictaqueaba sigilosamente, despu\u00e9s de unos\" \/>\n<meta name=\"robots\" content=\"index, follow, max-snippet:-1, max-image-preview:large, max-video-preview:-1\" \/>\n<link rel=\"canonical\" href=\"https:\/\/kalot.com.mx\/site\/2013\/12\/20\/el-senor-burnett-y-yo\/\" \/>\n<meta property=\"og:locale\" content=\"es_MX\" \/>\n<meta property=\"og:type\" content=\"article\" \/>\n<meta property=\"og:title\" content=\"El Se\u00f1or Burnett y yo - Kalot\" \/>\n<meta property=\"og:description\" content=\"Y all\u00ed estaba yo, sentado en la recepci\u00f3n, impaciente por entrar a su oficina y charlar con \u00e9l. El reloj tictaqueaba sigilosamente, despu\u00e9s de unos\" \/>\n<meta property=\"og:url\" content=\"https:\/\/kalot.com.mx\/site\/2013\/12\/20\/el-senor-burnett-y-yo\/\" \/>\n<meta property=\"og:site_name\" content=\"Kalot\" \/>\n<meta property=\"article:publisher\" content=\"http:\/\/facebook.com\/mxkalot\" \/>\n<meta property=\"article:published_time\" content=\"2013-12-20T22:30:08+00:00\" \/>\n<meta property=\"og:image\" content=\"https:\/\/i1.wp.com\/kalot.com.mx\/site\/wp-content\/uploads\/2013\/12\/b16739b9ede54363384c14f751296444d821240c_m.jpg?fit=450%2C450&ssl=1\" \/>\n\t<meta property=\"og:image:width\" content=\"450\" \/>\n\t<meta property=\"og:image:height\" content=\"450\" \/>\n\t<meta property=\"og:image:type\" content=\"image\/jpeg\" \/>\n<meta name=\"author\" content=\"Pipe Gutierrez\" \/>\n<meta name=\"twitter:card\" content=\"summary_large_image\" \/>\n<meta name=\"twitter:creator\" content=\"@kalotmx\" \/>\n<meta name=\"twitter:site\" content=\"@kalotmx\" \/>\n<meta name=\"twitter:label1\" content=\"Escrito por\" \/>\n\t<meta name=\"twitter:data1\" content=\"Pipe Gutierrez\" \/>\n\t<meta name=\"twitter:label2\" content=\"Tiempo de lectura\" \/>\n\t<meta name=\"twitter:data2\" content=\"3 minutos\" \/>\n<!-- \/ Yoast SEO plugin. -->","yoast_head_json":{"title":"El Se\u00f1or Burnett y yo - Kalot","description":"Y all\u00ed estaba yo, sentado en la recepci\u00f3n, impaciente por entrar a su oficina y charlar con \u00e9l. El reloj tictaqueaba sigilosamente, despu\u00e9s de unos","robots":{"index":"index","follow":"follow","max-snippet":"max-snippet:-1","max-image-preview":"max-image-preview:large","max-video-preview":"max-video-preview:-1"},"canonical":"https:\/\/kalot.com.mx\/site\/2013\/12\/20\/el-senor-burnett-y-yo\/","og_locale":"es_MX","og_type":"article","og_title":"El Se\u00f1or Burnett y yo - Kalot","og_description":"Y all\u00ed estaba yo, sentado en la recepci\u00f3n, impaciente por entrar a su oficina y charlar con \u00e9l. El reloj tictaqueaba sigilosamente, despu\u00e9s de unos","og_url":"https:\/\/kalot.com.mx\/site\/2013\/12\/20\/el-senor-burnett-y-yo\/","og_site_name":"Kalot","article_publisher":"http:\/\/facebook.com\/mxkalot","article_published_time":"2013-12-20T22:30:08+00:00","og_image":[{"width":450,"height":450,"url":"https:\/\/i1.wp.com\/kalot.com.mx\/site\/wp-content\/uploads\/2013\/12\/b16739b9ede54363384c14f751296444d821240c_m.jpg?fit=450%2C450&ssl=1","type":"image\/jpeg"}],"author":"Pipe Gutierrez","twitter_card":"summary_large_image","twitter_creator":"@kalotmx","twitter_site":"@kalotmx","twitter_misc":{"Escrito por":"Pipe Gutierrez","Tiempo de lectura":"3 minutos"},"schema":{"@context":"https:\/\/schema.org","@graph":[{"@type":"Article","@id":"https:\/\/kalot.com.mx\/site\/2013\/12\/20\/el-senor-burnett-y-yo\/#article","isPartOf":{"@id":"https:\/\/kalot.com.mx\/site\/2013\/12\/20\/el-senor-burnett-y-yo\/"},"author":{"name":"Pipe Gutierrez","@id":"https:\/\/kalot.com.mx\/site\/#\/schema\/person\/fd7808a0b4366ec245dd4778ca5f4775"},"headline":"El Se\u00f1or Burnett y yo","datePublished":"2013-12-20T22:30:08+00:00","mainEntityOfPage":{"@id":"https:\/\/kalot.com.mx\/site\/2013\/12\/20\/el-senor-burnett-y-yo\/"},"wordCount":624,"commentCount":1,"publisher":{"@id":"https:\/\/kalot.com.mx\/site\/#organization"},"image":{"@id":"https:\/\/kalot.com.mx\/site\/2013\/12\/20\/el-senor-burnett-y-yo\/#primaryimage"},"thumbnailUrl":"https:\/\/i0.wp.com\/kalot.com.mx\/site\/wp-content\/uploads\/2013\/12\/b16739b9ede54363384c14f751296444d821240c_m.jpg?fit=450%2C450&ssl=1","inLanguage":"es","potentialAction":[{"@type":"CommentAction","name":"Comment","target":["https:\/\/kalot.com.mx\/site\/2013\/12\/20\/el-senor-burnett-y-yo\/#respond"]}]},{"@type":"WebPage","@id":"https:\/\/kalot.com.mx\/site\/2013\/12\/20\/el-senor-burnett-y-yo\/","url":"https:\/\/kalot.com.mx\/site\/2013\/12\/20\/el-senor-burnett-y-yo\/","name":"El Se\u00f1or Burnett y yo - Kalot","isPartOf":{"@id":"https:\/\/kalot.com.mx\/site\/#website"},"primaryImageOfPage":{"@id":"https:\/\/kalot.com.mx\/site\/2013\/12\/20\/el-senor-burnett-y-yo\/#primaryimage"},"image":{"@id":"https:\/\/kalot.com.mx\/site\/2013\/12\/20\/el-senor-burnett-y-yo\/#primaryimage"},"thumbnailUrl":"https:\/\/i0.wp.com\/kalot.com.mx\/site\/wp-content\/uploads\/2013\/12\/b16739b9ede54363384c14f751296444d821240c_m.jpg?fit=450%2C450&ssl=1","datePublished":"2013-12-20T22:30:08+00:00","description":"Y all\u00ed estaba yo, sentado en la recepci\u00f3n, impaciente por entrar a su oficina y charlar con \u00e9l. El reloj tictaqueaba sigilosamente, despu\u00e9s de unos","breadcrumb":{"@id":"https:\/\/kalot.com.mx\/site\/2013\/12\/20\/el-senor-burnett-y-yo\/#breadcrumb"},"inLanguage":"es","potentialAction":[{"@type":"ReadAction","target":["https:\/\/kalot.com.mx\/site\/2013\/12\/20\/el-senor-burnett-y-yo\/"]}]},{"@type":"ImageObject","inLanguage":"es","@id":"https:\/\/kalot.com.mx\/site\/2013\/12\/20\/el-senor-burnett-y-yo\/#primaryimage","url":"https:\/\/i0.wp.com\/kalot.com.mx\/site\/wp-content\/uploads\/2013\/12\/b16739b9ede54363384c14f751296444d821240c_m.jpg?fit=450%2C450&ssl=1","contentUrl":"https:\/\/i0.wp.com\/kalot.com.mx\/site\/wp-content\/uploads\/2013\/12\/b16739b9ede54363384c14f751296444d821240c_m.jpg?fit=450%2C450&ssl=1","width":450,"height":450},{"@type":"BreadcrumbList","@id":"https:\/\/kalot.com.mx\/site\/2013\/12\/20\/el-senor-burnett-y-yo\/#breadcrumb","itemListElement":[{"@type":"ListItem","position":1,"name":"Home","item":"https:\/\/kalot.com.mx\/site\/"},{"@type":"ListItem","position":2,"name":"El Se\u00f1or Burnett y yo"}]},{"@type":"WebSite","@id":"https:\/\/kalot.com.mx\/site\/#website","url":"https:\/\/kalot.com.mx\/site\/","name":"Kalot","description":"Conoce Todo Sobre Todo","publisher":{"@id":"https:\/\/kalot.com.mx\/site\/#organization"},"potentialAction":[{"@type":"SearchAction","target":{"@type":"EntryPoint","urlTemplate":"https:\/\/kalot.com.mx\/site\/?s={search_term_string}"},"query-input":{"@type":"PropertyValueSpecification","valueRequired":true,"valueName":"search_term_string"}}],"inLanguage":"es"},{"@type":"Organization","@id":"https:\/\/kalot.com.mx\/site\/#organization","name":"Kalot","url":"https:\/\/kalot.com.mx\/site\/","logo":{"@type":"ImageObject","inLanguage":"es","@id":"https:\/\/kalot.com.mx\/site\/#\/schema\/logo\/image\/","url":"https:\/\/i0.wp.com\/kalot.com.mx\/site\/wp-content\/uploads\/2020\/04\/Kalot-logo-sin-tagline.png?fit=1707%2C1014&ssl=1","contentUrl":"https:\/\/i0.wp.com\/kalot.com.mx\/site\/wp-content\/uploads\/2020\/04\/Kalot-logo-sin-tagline.png?fit=1707%2C1014&ssl=1","width":1707,"height":1014,"caption":"Kalot"},"image":{"@id":"https:\/\/kalot.com.mx\/site\/#\/schema\/logo\/image\/"},"sameAs":["http:\/\/facebook.com\/mxkalot","https:\/\/x.com\/kalotmx","http:\/\/instagram.com\/kalotmx","http:\/\/pinterest.com\/jorgeerana\/kalot"]},{"@type":"Person","@id":"https:\/\/kalot.com.mx\/site\/#\/schema\/person\/fd7808a0b4366ec245dd4778ca5f4775","name":"Pipe Gutierrez","image":{"@type":"ImageObject","inLanguage":"es","@id":"https:\/\/secure.gravatar.com\/avatar\/22882adaa42a4ce2474c367530b4849212e59e4218e810ab0457d11a45a036f8?s=96&d=mm&r=g","url":"https:\/\/secure.gravatar.com\/avatar\/22882adaa42a4ce2474c367530b4849212e59e4218e810ab0457d11a45a036f8?s=96&d=mm&r=g","contentUrl":"https:\/\/secure.gravatar.com\/avatar\/22882adaa42a4ce2474c367530b4849212e59e4218e810ab0457d11a45a036f8?s=96&d=mm&r=g","caption":"Pipe Gutierrez"},"description":"Pipe Guti\u00e9rrez es un joven amante de las letras. Un chico al que le gusta traer la barba de tres d\u00edas y que sol\u00eda ser fotog\u00e9nico hasta que se enamor\u00f3, ahora en todas las fotos sale con cara de pendejo.","url":"https:\/\/kalot.com.mx\/site\/author\/pipe\/"}]}},"jetpack_publicize_connections":[],"jetpack_featured_media_url":"https:\/\/i0.wp.com\/kalot.com.mx\/site\/wp-content\/uploads\/2013\/12\/b16739b9ede54363384c14f751296444d821240c_m.jpg?fit=450%2C450&ssl=1","jetpack_shortlink":"https:\/\/wp.me\/p6IHEI-27O","jetpack-related-posts":[{"id":7205,"url":"https:\/\/kalot.com.mx\/site\/2013\/11\/26\/cosas-de-la-vida\/","url_meta":{"origin":8172,"position":0},"title":"Cosas de la vida.","author":"Mar\u00eda Alvarado","date":"26 noviembre, 2013","format":false,"excerpt":"\u00a1Hola mundo! Mi nombre es Elisa, nueva en el mundo de la escritura pero vieja amiga de las letras. En este primer post voy a presentarme. Tengo 19 a\u00f1os y muchos ya me han dicho que ya soy grande, pero de hecho hace poco conoc\u00ed a un se\u00f1or que me\u2026","rel":"","context":"Con 1 comentario","block_context":{"text":"Con 1 comentario","link":"https:\/\/kalot.com.mx\/site\/2013\/11\/26\/cosas-de-la-vida\/#comments"},"img":{"alt_text":"","src":"https:\/\/i0.wp.com\/kalot.com.mx\/site\/wp-content\/uploads\/2013\/11\/buscas-la-felicidad.jpg?fit=884%2C540&ssl=1&resize=350%2C200","width":350,"height":200,"srcset":"https:\/\/i0.wp.com\/kalot.com.mx\/site\/wp-content\/uploads\/2013\/11\/buscas-la-felicidad.jpg?fit=884%2C540&ssl=1&resize=350%2C200 1x, https:\/\/i0.wp.com\/kalot.com.mx\/site\/wp-content\/uploads\/2013\/11\/buscas-la-felicidad.jpg?fit=884%2C540&ssl=1&resize=525%2C300 1.5x, https:\/\/i0.wp.com\/kalot.com.mx\/site\/wp-content\/uploads\/2013\/11\/buscas-la-felicidad.jpg?fit=884%2C540&ssl=1&resize=700%2C400 2x"},"classes":[]},{"id":17811,"url":"https:\/\/kalot.com.mx\/site\/2014\/08\/28\/yo-en-la-web\/","url_meta":{"origin":8172,"position":1},"title":"Yo en la web","author":"Samuel Arriaga","date":"28 agosto, 2014","format":false,"excerpt":"Te has preguntado \u00bfAparezco en Internet? \u00bfMe buscaran en Internet? \u00bfComo aparezco en Internet? Esta pregunta se la hacen muchas personas que est\u00e1n relacionadas con actividades como Marketing, Publicidad, etc, y si yo tambi\u00e9n me lo he preguntado muchas veces, pero he logrado solucionar este cuestionamiento. Me On The Web\u2026","rel":"","context":"Entrada similar ","block_context":{"text":"Entrada similar ","link":""},"img":{"alt_text":"","src":"https:\/\/i0.wp.com\/kalot.com.mx\/site\/wp-content\/uploads\/2014\/08\/Me-on-the-web.jpg?fit=776%2C304&ssl=1&resize=350%2C200","width":350,"height":200,"srcset":"https:\/\/i0.wp.com\/kalot.com.mx\/site\/wp-content\/uploads\/2014\/08\/Me-on-the-web.jpg?fit=776%2C304&ssl=1&resize=350%2C200 1x, https:\/\/i0.wp.com\/kalot.com.mx\/site\/wp-content\/uploads\/2014\/08\/Me-on-the-web.jpg?fit=776%2C304&ssl=1&resize=525%2C300 1.5x, https:\/\/i0.wp.com\/kalot.com.mx\/site\/wp-content\/uploads\/2014\/08\/Me-on-the-web.jpg?fit=776%2C304&ssl=1&resize=700%2C400 2x"},"classes":[]},{"id":16928,"url":"https:\/\/kalot.com.mx\/site\/2014\/06\/21\/es-homofobico-el-grito-de-eeehhh\/","url_meta":{"origin":8172,"position":2},"title":"\u00bfes homof\u00f3bico el grito de &#8220;eeehhh&#8230;&#8230;..","author":"Ruth V\u00e1zquez","date":"21 junio, 2014","format":false,"excerpt":"Muchos conocen la m\u00e1s reciente pol\u00e9mica creada por los aficionados mexicanos que han asistido a los partidos de la selecci\u00f3n nacional en Brasil 2014. S\u00ed, me refiero a la expresi\u00f3n \u201ceehh puto\u201d, que ya es tradicional desde hace unos a\u00f1os aqu\u00ed en M\u00e9xico cada que va despejar el portero rival,\u2026","rel":"","context":"Entrada similar ","block_context":{"text":"Entrada similar ","link":""},"img":{"alt_text":"","src":"https:\/\/i0.wp.com\/kalot.com.mx\/site\/wp-content\/uploads\/2014\/06\/puto-800x450.jpg?fit=800%2C450&ssl=1&resize=350%2C200","width":350,"height":200,"srcset":"https:\/\/i0.wp.com\/kalot.com.mx\/site\/wp-content\/uploads\/2014\/06\/puto-800x450.jpg?fit=800%2C450&ssl=1&resize=350%2C200 1x, https:\/\/i0.wp.com\/kalot.com.mx\/site\/wp-content\/uploads\/2014\/06\/puto-800x450.jpg?fit=800%2C450&ssl=1&resize=525%2C300 1.5x, https:\/\/i0.wp.com\/kalot.com.mx\/site\/wp-content\/uploads\/2014\/06\/puto-800x450.jpg?fit=800%2C450&ssl=1&resize=700%2C400 2x"},"classes":[]},{"id":152,"url":"https:\/\/kalot.com.mx\/site\/2013\/09\/03\/johnny-ive-detras-del-diseno-de-apple\/","url_meta":{"origin":8172,"position":3},"title":"Johnny Ive, detr\u00e1s del dise\u00f1o de Apple","author":"Galore","date":"3 septiembre, 2013","format":false,"excerpt":"Si bien actualmente el tema de Apple como compa\u00f1\u00eda y sus productos tales como iPad, iPhone, Mac o iPod son muy sonados, cabe destacar una parte muy importante que todos estos dispositivos tienen en com\u00fan y no siempre es abordada de tal manera que ofrezca un motivo mas, y es\u2026","rel":"","context":"Entrada similar ","block_context":{"text":"Entrada similar ","link":""},"img":{"alt_text":"","src":"https:\/\/i0.wp.com\/kalot.com.mx\/site\/wp-content\/uploads\/2013\/09\/jonyive090122.png?fit=596%2C335&ssl=1&resize=350%2C200","width":350,"height":200,"srcset":"https:\/\/i0.wp.com\/kalot.com.mx\/site\/wp-content\/uploads\/2013\/09\/jonyive090122.png?fit=596%2C335&ssl=1&resize=350%2C200 1x, https:\/\/i0.wp.com\/kalot.com.mx\/site\/wp-content\/uploads\/2013\/09\/jonyive090122.png?fit=596%2C335&ssl=1&resize=525%2C300 1.5x"},"classes":[]},{"id":16165,"url":"https:\/\/kalot.com.mx\/site\/2014\/05\/20\/es-oficial-la-surface-pro-3-de-microsoft\/","url_meta":{"origin":8172,"position":4},"title":"Es oficial la Surface Pro 3 de @Microsoft","author":"Cecilia Mata","date":"20 mayo, 2014","format":false,"excerpt":"El d\u00eda de hoy Microsoft present\u00f3 la Surface Pro 3, el \u00faltimo intento de la empresa para hacer que los consumidores acojan su concepto h\u00edbrido de PC y tableta. La compa\u00f1\u00eda ha dise\u00f1ado el dispositivo que los consumidores necesitan tanto para consumir multimedia y para realizar tareas de productividad. La\u2026","rel":"","context":"Entrada similar ","block_context":{"text":"Entrada similar ","link":""},"img":{"alt_text":"","src":"https:\/\/i0.wp.com\/kalot.com.mx\/site\/wp-content\/uploads\/2014\/05\/surface-pro-3-side.jpg?fit=800%2C401&ssl=1&resize=350%2C200","width":350,"height":200,"srcset":"https:\/\/i0.wp.com\/kalot.com.mx\/site\/wp-content\/uploads\/2014\/05\/surface-pro-3-side.jpg?fit=800%2C401&ssl=1&resize=350%2C200 1x, https:\/\/i0.wp.com\/kalot.com.mx\/site\/wp-content\/uploads\/2014\/05\/surface-pro-3-side.jpg?fit=800%2C401&ssl=1&resize=525%2C300 1.5x, https:\/\/i0.wp.com\/kalot.com.mx\/site\/wp-content\/uploads\/2014\/05\/surface-pro-3-side.jpg?fit=800%2C401&ssl=1&resize=700%2C400 2x"},"classes":[]},{"id":17149,"url":"https:\/\/kalot.com.mx\/site\/2014\/07\/07\/transformers-la-era-de-la-extincion-una-opinion\/","url_meta":{"origin":8172,"position":5},"title":"Transformers: La Era de la Extinci\u00f3n. Una opini\u00f3n.","author":"Esteban Cort\u00e9s","date":"7 julio, 2014","format":false,"excerpt":"En un arranque de soberbia, Michael Bay nos brinda una cuarta entrega de Transformers, y digo soberbia porque mediocridad fue demasiado usado desde la entrega anterior. El se\u00f1or Bay ha tenido (ya durante muchos a\u00f1os) los medios para hacer la m\u00e1s grande y \u00e9pica de las pel\u00edculas, y (me lo\u2026","rel":"","context":"En &quot;Sin categor\u00eda&quot;","block_context":{"text":"Sin categor\u00eda","link":"https:\/\/kalot.com.mx\/site\/category\/sin-categoria\/"},"img":{"alt_text":"","src":"https:\/\/i0.wp.com\/kalot.com.mx\/site\/wp-content\/uploads\/2014\/07\/Transformers-Age-of-Extinction-Poster-Optimus-and-Grimlock.jpg?fit=822%2C1200&ssl=1&resize=350%2C200","width":350,"height":200,"srcset":"https:\/\/i0.wp.com\/kalot.com.mx\/site\/wp-content\/uploads\/2014\/07\/Transformers-Age-of-Extinction-Poster-Optimus-and-Grimlock.jpg?fit=822%2C1200&ssl=1&resize=350%2C200 1x, https:\/\/i0.wp.com\/kalot.com.mx\/site\/wp-content\/uploads\/2014\/07\/Transformers-Age-of-Extinction-Poster-Optimus-and-Grimlock.jpg?fit=822%2C1200&ssl=1&resize=525%2C300 1.5x, https:\/\/i0.wp.com\/kalot.com.mx\/site\/wp-content\/uploads\/2014\/07\/Transformers-Age-of-Extinction-Poster-Optimus-and-Grimlock.jpg?fit=822%2C1200&ssl=1&resize=700%2C400 2x"},"classes":[]}],"jetpack_sharing_enabled":true,"_links":{"self":[{"href":"https:\/\/kalot.com.mx\/site\/wp-json\/wp\/v2\/posts\/8172","targetHints":{"allow":["GET"]}}],"collection":[{"href":"https:\/\/kalot.com.mx\/site\/wp-json\/wp\/v2\/posts"}],"about":[{"href":"https:\/\/kalot.com.mx\/site\/wp-json\/wp\/v2\/types\/post"}],"author":[{"embeddable":true,"href":"https:\/\/kalot.com.mx\/site\/wp-json\/wp\/v2\/users\/69"}],"replies":[{"embeddable":true,"href":"https:\/\/kalot.com.mx\/site\/wp-json\/wp\/v2\/comments?post=8172"}],"version-history":[{"count":0,"href":"https:\/\/kalot.com.mx\/site\/wp-json\/wp\/v2\/posts\/8172\/revisions"}],"wp:featuredmedia":[{"embeddable":true,"href":"https:\/\/kalot.com.mx\/site\/wp-json\/wp\/v2\/media\/8174"}],"wp:attachment":[{"href":"https:\/\/kalot.com.mx\/site\/wp-json\/wp\/v2\/media?parent=8172"}],"wp:term":[{"taxonomy":"category","embeddable":true,"href":"https:\/\/kalot.com.mx\/site\/wp-json\/wp\/v2\/categories?post=8172"},{"taxonomy":"post_tag","embeddable":true,"href":"https:\/\/kalot.com.mx\/site\/wp-json\/wp\/v2\/tags?post=8172"}],"curies":[{"name":"wp","href":"https:\/\/api.w.org\/{rel}","templated":true}]}}