{"id":8036,"date":"2013-12-18T18:43:42","date_gmt":"2013-12-19T00:43:42","guid":{"rendered":"http:\/\/www.kalot.com.mx\/?p=8036"},"modified":"2017-12-20T11:06:31","modified_gmt":"2017-12-20T17:06:31","slug":"barcelona-el-mejor-club-del-mundo","status":"publish","type":"post","link":"https:\/\/kalot.com.mx\/site\/2013\/12\/18\/barcelona-el-mejor-club-del-mundo\/","title":{"rendered":"Barcelona \u00bfel mejor club del mundo?"},"content":{"rendered":"<p style=\"text-align: justify\">Todos son conscientes de la actualidad del F\u00fatbol Club Barcelona, que si bien ya no es el gigante que derrumbaba a cualquier rival que se le pon\u00eda enfrente, sigue siendo uno de los mejores clubes del mundo en la actualidad, en lo deportivo. \u00bfQue sucede en otros aspectos? Recientemente el Barcelona se ha visto envuelto en numerosos esc\u00e1ndalos, que si bien nada tienen que ver con lo deportivo, dejan al club mal parado en cuanto a imagen y prestigio.<\/p>\n<p style=\"text-align: justify\"><strong>LA CONSTRUCCI\u00d3N DE LA MAS\u00cdA:<\/strong><\/p>\n<p style=\"text-align: justify\"><a href=\"https:\/\/i0.wp.com\/www.kalot.com.mx\/wp-content\/uploads\/2013\/12\/132585.jpg\"><img decoding=\"async\" data-attachment-id=\"8038\" data-permalink=\"https:\/\/kalot.com.mx\/site\/2013\/12\/18\/barcelona-el-mejor-club-del-mundo\/attachment\/132585\/\" data-orig-file=\"https:\/\/i0.wp.com\/kalot.com.mx\/site\/wp-content\/uploads\/2013\/12\/132585.jpg?fit=630%2C340&amp;ssl=1\" data-orig-size=\"630,340\" data-comments-opened=\"1\" data-image-meta=\"{&quot;aperture&quot;:&quot;5.6&quot;,&quot;credit&quot;:&quot;&quot;,&quot;camera&quot;:&quot;Canon PowerShot S40&quot;,&quot;caption&quot;:&quot;&quot;,&quot;created_timestamp&quot;:&quot;1112542214&quot;,&quot;copyright&quot;:&quot;&quot;,&quot;focal_length&quot;:&quot;7.09375&quot;,&quot;iso&quot;:&quot;0&quot;,&quot;shutter_speed&quot;:&quot;0.003125&quot;,&quot;title&quot;:&quot;&quot;,&quot;orientation&quot;:&quot;1&quot;}\" data-image-title=\"masia\" data-image-description=\"\" data-image-caption=\"\" data-large-file=\"https:\/\/i0.wp.com\/kalot.com.mx\/site\/wp-content\/uploads\/2013\/12\/132585.jpg?fit=630%2C340&amp;ssl=1\" class=\"alignnone size-medium wp-image-8038\" alt=\"masia\" src=\"https:\/\/i2.wp.com\/kalot.com.mx\/site\/wp-content\/uploads\/2013\/12\/132585.jpg?fit=300%2C162&#038;ssl=1\" width=\"300\" height=\"162\" srcset=\"https:\/\/i0.wp.com\/kalot.com.mx\/site\/wp-content\/uploads\/2013\/12\/132585.jpg?w=630&amp;ssl=1 630w, https:\/\/i0.wp.com\/kalot.com.mx\/site\/wp-content\/uploads\/2013\/12\/132585.jpg?resize=380%2C205&amp;ssl=1 380w, https:\/\/i0.wp.com\/kalot.com.mx\/site\/wp-content\/uploads\/2013\/12\/132585.jpg?resize=300%2C162&amp;ssl=1 300w\" sizes=\"(max-width: 300px) 100vw, 300px\" \/><\/a><\/p>\n<p style=\"text-align: justify\">Lo dicho anteriormente es debido a que el juzgado de instancia n\u00famero 2 de Barcelona admiti\u00f3 a tr\u00e1mite una demanda contra el FC Barcelona por impago de la \u00faltima factura en la construcci\u00f3n de la Mas\u00eda, inform\u00f3 a Efe la parte demandante, la empresa MCM.<\/p>\n<div style=\"text-align: justify\"><\/div>\n<div style=\"text-align: justify\">Lo que se ha puesto en marcha es un procedimiento de juicio monitorio, figura reservada para deudas econ\u00f3micas vencidas y exigibles no superiores a 250 mil euros y, en el caso de que el Barcelona presentase alegaciones, el caso ir\u00eda entonces a juicio.<\/div>\n<div style=\"text-align: justify\"><\/div>\n<div style=\"text-align: justify\">MCM reclama al Barcelona 200 mil euros, que corresponde al \u00faltimo pago que qued\u00f3 vencido en julio del 2011 para liquidar la construcci\u00f3n de la Mas\u00eda, cuyo importe total fue de unos nueve millones de euros.<\/div>\n<div style=\"text-align: justify\"><\/div>\n<div style=\"text-align: justify\">Esta cantidad reclamada corresponde al dinero retenido por el Bar\u00e7a, junto a avales bancarios, a la espera de que se firmase el acta de recepci\u00f3n final de la obra (La Mas\u00eda), y que as\u00ed se procedi\u00f3 por las partes el 6 de julio del 2011.<\/div>\n<div style=\"text-align: justify\"><\/div>\n<div style=\"text-align: justify\">La empresa MCM fue la encargada de la construcci\u00f3n de la instalaci\u00f3n, y tambi\u00e9n de la explotaci\u00f3n de la publicidad en el edificio que alberga a j\u00f3venes valores, aunque las desavenencias entre las partes ha motivado que este contrato de explotaci\u00f3n de la publicidad est\u00e9 tambi\u00e9n en los juzgados, donde existe una demanda de 100 millones de euros contra el Bar\u00e7a.<\/div>\n<div style=\"text-align: justify\"><\/div>\n<div style=\"text-align: justify\">Tras la ejecuci\u00f3n de la obra, y transcurrido un tiempo legal, el Barcelona deb\u00eda de haber revuelto los avales bancarios y el dinero depositado por MCM en concepto de garant\u00eda por si surg\u00eda alg\u00fan problema con la obra.<\/div>\n<div style=\"text-align: justify\"><\/div>\n<div style=\"text-align: justify\">No obstante, a pesar de haberse librado y haber pasado ya un tiempo, los avales fueron devueltos, no as\u00ed el montante de 200 mil euros, seg\u00fan desvela la empresa MCM.<\/div>\n<div style=\"text-align: justify\"><\/div>\n<div style=\"text-align: justify\">Para los responsables de esta empresa constructora y publicitaria, el Barcelona &#8220;ha vuelto a incumplir un contrato&#8221;, apunt\u00f3 el Presidente de esta firma, Antonio Garc\u00eda Valdecasas, quien subray\u00f3: &#8220;El Barcelona podr\u00eda estar dando la imagen de que no paga sus facturas, y adem\u00e1s sin dar ninguna explicaci\u00f3n, como es el caso de la factura que tenemos pendiente de cobrar&#8221;.<\/div>\n<div style=\"text-align: justify\"><\/div>\n<div style=\"text-align: justify\">Igual que hizo hace meses la empresa MCM cuando present\u00f3 una demanda de cien millones de euros por incumplimiento de contrato contra el Bar\u00e7a, en esta ocasi\u00f3n un notario ha entregado a todos los directivos la copia del nuevo procedimiento contra el club.<\/div>\n<div style=\"text-align: justify\"><\/div>\n<div style=\"text-align: justify\"><strong>EL CASO NEYMAR:<\/strong><\/div>\n<div style=\"text-align: justify\"><a href=\"https:\/\/i0.wp.com\/www.kalot.com.mx\/wp-content\/uploads\/2013\/12\/G_Neymar_demanda_576x324_050913.jpg\"><img fetchpriority=\"high\" decoding=\"async\" data-attachment-id=\"8039\" data-permalink=\"https:\/\/kalot.com.mx\/site\/2013\/12\/18\/barcelona-el-mejor-club-del-mundo\/g_neymar_demanda_576x324_050913\/\" data-orig-file=\"https:\/\/i0.wp.com\/kalot.com.mx\/site\/wp-content\/uploads\/2013\/12\/G_Neymar_demanda_576x324_050913.jpg?fit=576%2C324&amp;ssl=1\" data-orig-size=\"576,324\" data-comments-opened=\"1\" data-image-meta=\"{&quot;aperture&quot;:&quot;0&quot;,&quot;credit&quot;:&quot;&quot;,&quot;camera&quot;:&quot;&quot;,&quot;caption&quot;:&quot;&quot;,&quot;created_timestamp&quot;:&quot;0&quot;,&quot;copyright&quot;:&quot;2013 Getty Images&quot;,&quot;focal_length&quot;:&quot;0&quot;,&quot;iso&quot;:&quot;0&quot;,&quot;shutter_speed&quot;:&quot;0&quot;,&quot;title&quot;:&quot;&quot;,&quot;orientation&quot;:&quot;0&quot;}\" data-image-title=\"neymar\" data-image-description=\"\" data-image-caption=\"\" data-large-file=\"https:\/\/i0.wp.com\/kalot.com.mx\/site\/wp-content\/uploads\/2013\/12\/G_Neymar_demanda_576x324_050913.jpg?fit=576%2C324&amp;ssl=1\" class=\"alignnone size-medium wp-image-8039\" alt=\"neymar\" src=\"https:\/\/i1.wp.com\/kalot.com.mx\/site\/wp-content\/uploads\/2013\/12\/G_Neymar_demanda_576x324_050913.jpg?fit=300%2C169&#038;ssl=1\" width=\"300\" height=\"169\" srcset=\"https:\/\/i0.wp.com\/kalot.com.mx\/site\/wp-content\/uploads\/2013\/12\/G_Neymar_demanda_576x324_050913.jpg?w=576&amp;ssl=1 576w, https:\/\/i0.wp.com\/kalot.com.mx\/site\/wp-content\/uploads\/2013\/12\/G_Neymar_demanda_576x324_050913.jpg?resize=380%2C214&amp;ssl=1 380w, https:\/\/i0.wp.com\/kalot.com.mx\/site\/wp-content\/uploads\/2013\/12\/G_Neymar_demanda_576x324_050913.jpg?resize=300%2C169&amp;ssl=1 300w\" sizes=\"(max-width: 300px) 100vw, 300px\" \/><\/a><\/div>\n<div style=\"text-align: justify\"><\/div>\n<div style=\"text-align: justify\">Y por si eso no fuera suficiente, el monto del traspaso de Neymar desde el Santos al FC Barcelona sigue envuelto en la pol\u00e9mica y, tal como avanz\u00f3 en su momento\u00a0<b>ESPN<\/b>, ha dado un nuevo paso al admitir el presidente del grupo Sonda que tiene la intenci\u00f3n de presentar una demanda en la que exigir\u00e1 un pago extra de 16 millones de euros (21 millones de d\u00f3lares).El dirigente, adem\u00e1s, reconoci\u00f3 que en 2011 el Real Madrid present\u00f3 una oferta de 65 millones de euros (85.2 mdd) por el jugador, que fue rechazada. Fuentes pr\u00f3ximas al Santos no negaron la existencia de esa oferta a ESPN, si bien declinaron profundizar en el tema.Jos\u00e9 Barral, m\u00e1ximo representante de Sonda, que pose\u00eda 40 por ciento de los derechos del futbolista brasile\u00f1o, hizo p\u00fablica la decisi\u00f3n en unas declaraciones concedidas a la &#8216;Cadena Ser&#8217; en las que adelant\u00f3 que &#8220;estamos preparando la documentaci\u00f3n para presentar la denuncia&#8221;, afirmando que su empresa cobr\u00f3 6.8 millones de euros (8.9 mdd) cuando debi\u00f3 haber ingresado &#8220;otros 16 (21 mdd)&#8221;.<\/p>\n<p>El Bar\u00e7a anunci\u00f3 un pago de 57 millones de euros (74.8 mdd) por el traspaso, si bien el Santos solamente ingres\u00f3 17 (22.3 mdd) y es la parte proporcional de esta cifra la que cobr\u00f3 el grupo Sonda, cuyos abogados preparan una demanda conjunta contra el club azulgrana, el Santos y el padre de Neymar por entender que se les ha ocultado la diferencia.<\/p>\n<p>&#8220;Nuestro grupo ten\u00eda el 40 por ciento de los derechos de Neymar pero no hemos cobrado ese porcentaje de los 57 millones, sino s\u00f3lo de los 17. Nos faltan por cobrar otros 16 millones&#8221;, asever\u00f3 Barral, quien agreg\u00f3 que esa &#8220;es la raz\u00f3n de la denuncia que vamos a presentar&#8221;.<\/p>\n<p>ESPN inform\u00f3 hace varias semanas del escrito que el Santos remiti\u00f3 al FC Barcelona en el que solicitaba que se rompiera la cl\u00e1usula de confidencialidad que se incluy\u00f3 en el contrato del traspaso, un hecho que el club catal\u00e1n no ha aceptado ampar\u00e1ndose en que deber\u00edan ser &#8220;todas las partes&#8221; las que estuvieran de acuerdo en ello. Lo que no ha sucedido.<\/p>\n<p>En sus declaraciones a la Cadena Ser, Jos\u00e9 Barral afirm\u00f3 tambi\u00e9n que en 2011 el Real Madrid present\u00f3 una oferta &#8220;de 85.2 millones de d\u00f3lares por el fichaje de Neymar. Este a\u00f1o no hubo ning\u00fan contacto con el Real Madrid, pero s\u00ed hablamos en 2011&#8221;, desvel\u00f3 el directivo del grupo Sonda, quien no explic\u00f3 la raz\u00f3n por la que el Santos rechaz\u00f3 entonces un traspaso que habr\u00eda sido m\u00e1s lucrativo que el que cerraron con el FC Barcelona.<\/p>\n<\/div>\n<div style=\"text-align: justify\"><\/div>\n<div style=\"text-align: justify\">En fin, una cantidad de situaciones que el Barcelona deber\u00eda atender de manera inmediata, antes de que las mismas se consoliden y representen un problema mayor para la instituci\u00f3n.<\/div>\n","protected":false},"excerpt":{"rendered":"Todos son conscientes de la actualidad del F\u00fatbol Club Barcelona, que si bien ya no es el gigante&hellip;\n","protected":false},"author":59,"featured_media":8040,"comment_status":"open","ping_status":"open","sticky":false,"template":"","format":"standard","meta":{"jetpack_post_was_ever_published":false,"_jetpack_newsletter_access":"","_jetpack_dont_email_post_to_subs":false,"_jetpack_newsletter_tier_id":0,"_jetpack_memberships_contains_paywalled_content":false,"_jetpack_memberships_contains_paid_content":false,"footnotes":"","jetpack_publicize_message":"","jetpack_publicize_feature_enabled":true,"jetpack_social_post_already_shared":true,"jetpack_social_options":{"image_generator_settings":{"template":"highway","default_image_id":0,"font":"","enabled":false},"version":2}},"categories":[1],"tags":[],"class_list":{"0":"post-8036","1":"post","2":"type-post","3":"status-publish","4":"format-standard","5":"has-post-thumbnail","7":"category-sin-categoria","8":"cs-entry","9":"cs-video-wrap"},"yoast_head":"<!-- This site is optimized with the Yoast SEO plugin v27.5 - https:\/\/yoast.com\/product\/yoast-seo-wordpress\/ -->\n<title>Barcelona \u00bfel mejor club del mundo? - Kalot<\/title>\n<meta name=\"description\" content=\"Todos son conscientes de la actualidad del F\u00fatbol Club Barcelona, que si bien ya no es el gigante que derrumbaba a cualquier rival que se le pon\u00eda\" \/>\n<meta name=\"robots\" content=\"index, follow, max-snippet:-1, max-image-preview:large, max-video-preview:-1\" \/>\n<link rel=\"canonical\" href=\"https:\/\/kalot.com.mx\/site\/2013\/12\/18\/barcelona-el-mejor-club-del-mundo\/\" \/>\n<meta property=\"og:locale\" content=\"es_MX\" \/>\n<meta property=\"og:type\" content=\"article\" \/>\n<meta property=\"og:title\" content=\"Barcelona \u00bfel mejor club del mundo? - Kalot\" \/>\n<meta property=\"og:description\" content=\"Todos son conscientes de la actualidad del F\u00fatbol Club Barcelona, que si bien ya no es el gigante que derrumbaba a cualquier rival que se le pon\u00eda\" \/>\n<meta property=\"og:url\" content=\"https:\/\/kalot.com.mx\/site\/2013\/12\/18\/barcelona-el-mejor-club-del-mundo\/\" \/>\n<meta property=\"og:site_name\" content=\"Kalot\" \/>\n<meta property=\"article:publisher\" content=\"http:\/\/facebook.com\/mxkalot\" \/>\n<meta property=\"article:author\" content=\"https:\/\/www.facebook.com\/cacho.gomez\" \/>\n<meta property=\"article:published_time\" content=\"2013-12-19T00:43:42+00:00\" \/>\n<meta property=\"article:modified_time\" content=\"2017-12-20T17:06:31+00:00\" \/>\n<meta property=\"og:image\" content=\"https:\/\/i1.wp.com\/kalot.com.mx\/site\/wp-content\/uploads\/2013\/12\/fc-barcelona-0v.jpg?fit=1000%2C750&ssl=1\" \/>\n\t<meta property=\"og:image:width\" content=\"1000\" \/>\n\t<meta property=\"og:image:height\" content=\"750\" \/>\n\t<meta property=\"og:image:type\" content=\"image\/jpeg\" \/>\n<meta name=\"author\" content=\"Daniel Cacho\" \/>\n<meta name=\"twitter:card\" content=\"summary_large_image\" \/>\n<meta name=\"twitter:creator\" content=\"@GregoryCachouse\" \/>\n<meta name=\"twitter:site\" content=\"@kalotmx\" \/>\n<meta name=\"twitter:label1\" content=\"Escrito por\" \/>\n\t<meta name=\"twitter:data1\" content=\"Daniel Cacho\" \/>\n\t<meta name=\"twitter:label2\" content=\"Tiempo de lectura\" \/>\n\t<meta name=\"twitter:data2\" content=\"5 minutos\" \/>\n<!-- \/ Yoast SEO plugin. -->","yoast_head_json":{"title":"Barcelona \u00bfel mejor club del mundo? - Kalot","description":"Todos son conscientes de la actualidad del F\u00fatbol Club Barcelona, que si bien ya no es el gigante que derrumbaba a cualquier rival que se le pon\u00eda","robots":{"index":"index","follow":"follow","max-snippet":"max-snippet:-1","max-image-preview":"max-image-preview:large","max-video-preview":"max-video-preview:-1"},"canonical":"https:\/\/kalot.com.mx\/site\/2013\/12\/18\/barcelona-el-mejor-club-del-mundo\/","og_locale":"es_MX","og_type":"article","og_title":"Barcelona \u00bfel mejor club del mundo? - Kalot","og_description":"Todos son conscientes de la actualidad del F\u00fatbol Club Barcelona, que si bien ya no es el gigante que derrumbaba a cualquier rival que se le pon\u00eda","og_url":"https:\/\/kalot.com.mx\/site\/2013\/12\/18\/barcelona-el-mejor-club-del-mundo\/","og_site_name":"Kalot","article_publisher":"http:\/\/facebook.com\/mxkalot","article_author":"https:\/\/www.facebook.com\/cacho.gomez","article_published_time":"2013-12-19T00:43:42+00:00","article_modified_time":"2017-12-20T17:06:31+00:00","og_image":[{"width":1000,"height":750,"url":"https:\/\/i1.wp.com\/kalot.com.mx\/site\/wp-content\/uploads\/2013\/12\/fc-barcelona-0v.jpg?fit=1000%2C750&ssl=1","type":"image\/jpeg"}],"author":"Daniel Cacho","twitter_card":"summary_large_image","twitter_creator":"@GregoryCachouse","twitter_site":"@kalotmx","twitter_misc":{"Escrito por":"Daniel Cacho","Tiempo de lectura":"5 minutos"},"schema":{"@context":"https:\/\/schema.org","@graph":[{"@type":"Article","@id":"https:\/\/kalot.com.mx\/site\/2013\/12\/18\/barcelona-el-mejor-club-del-mundo\/#article","isPartOf":{"@id":"https:\/\/kalot.com.mx\/site\/2013\/12\/18\/barcelona-el-mejor-club-del-mundo\/"},"author":{"name":"Daniel Cacho","@id":"https:\/\/kalot.com.mx\/site\/#\/schema\/person\/c26df3c01429d14997e98a226f7d58d8"},"headline":"Barcelona \u00bfel mejor club del mundo?","datePublished":"2013-12-19T00:43:42+00:00","dateModified":"2017-12-20T17:06:31+00:00","mainEntityOfPage":{"@id":"https:\/\/kalot.com.mx\/site\/2013\/12\/18\/barcelona-el-mejor-club-del-mundo\/"},"wordCount":986,"commentCount":0,"publisher":{"@id":"https:\/\/kalot.com.mx\/site\/#organization"},"image":{"@id":"https:\/\/kalot.com.mx\/site\/2013\/12\/18\/barcelona-el-mejor-club-del-mundo\/#primaryimage"},"thumbnailUrl":"https:\/\/i0.wp.com\/kalot.com.mx\/site\/wp-content\/uploads\/2013\/12\/fc-barcelona-0v.jpg?fit=1000%2C750&ssl=1","inLanguage":"es","potentialAction":[{"@type":"CommentAction","name":"Comment","target":["https:\/\/kalot.com.mx\/site\/2013\/12\/18\/barcelona-el-mejor-club-del-mundo\/#respond"]}]},{"@type":"WebPage","@id":"https:\/\/kalot.com.mx\/site\/2013\/12\/18\/barcelona-el-mejor-club-del-mundo\/","url":"https:\/\/kalot.com.mx\/site\/2013\/12\/18\/barcelona-el-mejor-club-del-mundo\/","name":"Barcelona \u00bfel mejor club del mundo? - Kalot","isPartOf":{"@id":"https:\/\/kalot.com.mx\/site\/#website"},"primaryImageOfPage":{"@id":"https:\/\/kalot.com.mx\/site\/2013\/12\/18\/barcelona-el-mejor-club-del-mundo\/#primaryimage"},"image":{"@id":"https:\/\/kalot.com.mx\/site\/2013\/12\/18\/barcelona-el-mejor-club-del-mundo\/#primaryimage"},"thumbnailUrl":"https:\/\/i0.wp.com\/kalot.com.mx\/site\/wp-content\/uploads\/2013\/12\/fc-barcelona-0v.jpg?fit=1000%2C750&ssl=1","datePublished":"2013-12-19T00:43:42+00:00","dateModified":"2017-12-20T17:06:31+00:00","description":"Todos son conscientes de la actualidad del F\u00fatbol Club Barcelona, que si bien ya no es el gigante que derrumbaba a cualquier rival que se le pon\u00eda","breadcrumb":{"@id":"https:\/\/kalot.com.mx\/site\/2013\/12\/18\/barcelona-el-mejor-club-del-mundo\/#breadcrumb"},"inLanguage":"es","potentialAction":[{"@type":"ReadAction","target":["https:\/\/kalot.com.mx\/site\/2013\/12\/18\/barcelona-el-mejor-club-del-mundo\/"]}]},{"@type":"ImageObject","inLanguage":"es","@id":"https:\/\/kalot.com.mx\/site\/2013\/12\/18\/barcelona-el-mejor-club-del-mundo\/#primaryimage","url":"https:\/\/i0.wp.com\/kalot.com.mx\/site\/wp-content\/uploads\/2013\/12\/fc-barcelona-0v.jpg?fit=1000%2C750&ssl=1","contentUrl":"https:\/\/i0.wp.com\/kalot.com.mx\/site\/wp-content\/uploads\/2013\/12\/fc-barcelona-0v.jpg?fit=1000%2C750&ssl=1","width":1000,"height":750},{"@type":"BreadcrumbList","@id":"https:\/\/kalot.com.mx\/site\/2013\/12\/18\/barcelona-el-mejor-club-del-mundo\/#breadcrumb","itemListElement":[{"@type":"ListItem","position":1,"name":"Home","item":"https:\/\/kalot.com.mx\/site\/"},{"@type":"ListItem","position":2,"name":"Barcelona \u00bfel mejor club del mundo?"}]},{"@type":"WebSite","@id":"https:\/\/kalot.com.mx\/site\/#website","url":"https:\/\/kalot.com.mx\/site\/","name":"Kalot","description":"Conoce Todo Sobre Todo","publisher":{"@id":"https:\/\/kalot.com.mx\/site\/#organization"},"potentialAction":[{"@type":"SearchAction","target":{"@type":"EntryPoint","urlTemplate":"https:\/\/kalot.com.mx\/site\/?s={search_term_string}"},"query-input":{"@type":"PropertyValueSpecification","valueRequired":true,"valueName":"search_term_string"}}],"inLanguage":"es"},{"@type":"Organization","@id":"https:\/\/kalot.com.mx\/site\/#organization","name":"Kalot","url":"https:\/\/kalot.com.mx\/site\/","logo":{"@type":"ImageObject","inLanguage":"es","@id":"https:\/\/kalot.com.mx\/site\/#\/schema\/logo\/image\/","url":"https:\/\/i0.wp.com\/kalot.com.mx\/site\/wp-content\/uploads\/2020\/04\/Kalot-logo-sin-tagline.png?fit=1707%2C1014&ssl=1","contentUrl":"https:\/\/i0.wp.com\/kalot.com.mx\/site\/wp-content\/uploads\/2020\/04\/Kalot-logo-sin-tagline.png?fit=1707%2C1014&ssl=1","width":1707,"height":1014,"caption":"Kalot"},"image":{"@id":"https:\/\/kalot.com.mx\/site\/#\/schema\/logo\/image\/"},"sameAs":["http:\/\/facebook.com\/mxkalot","https:\/\/x.com\/kalotmx","http:\/\/instagram.com\/kalotmx","http:\/\/pinterest.com\/jorgeerana\/kalot"]},{"@type":"Person","@id":"https:\/\/kalot.com.mx\/site\/#\/schema\/person\/c26df3c01429d14997e98a226f7d58d8","name":"Daniel Cacho","image":{"@type":"ImageObject","inLanguage":"es","@id":"https:\/\/secure.gravatar.com\/avatar\/1661921ce77f80f0e6ad041ac81c22f71348f4a5d588bf4fc698c4d8200cd67c?s=96&d=mm&r=g","url":"https:\/\/secure.gravatar.com\/avatar\/1661921ce77f80f0e6ad041ac81c22f71348f4a5d588bf4fc698c4d8200cd67c?s=96&d=mm&r=g","contentUrl":"https:\/\/secure.gravatar.com\/avatar\/1661921ce77f80f0e6ad041ac81c22f71348f4a5d588bf4fc698c4d8200cd67c?s=96&d=mm&r=g","caption":"Daniel Cacho"},"description":"Comentarista Deportivo frustrado, con destellos de gamer mon\u00f3tono, porci\u00f3n m\u00ednima de geek y programador en potencia.","sameAs":["https:\/\/www.facebook.com\/cacho.gomez","https:\/\/x.com\/GregoryCachouse"],"url":"https:\/\/kalot.com.mx\/site\/author\/cacho\/"}]}},"jetpack_publicize_connections":[],"jetpack_featured_media_url":"https:\/\/i0.wp.com\/kalot.com.mx\/site\/wp-content\/uploads\/2013\/12\/fc-barcelona-0v.jpg?fit=1000%2C750&ssl=1","jetpack_shortlink":"https:\/\/wp.me\/p6IHEI-25C","jetpack-related-posts":[{"id":906,"url":"https:\/\/kalot.com.mx\/site\/2013\/09\/06\/de-las-infantiles-del-real-a-la-primera-con-barcelona-su-rival\/","url_meta":{"origin":8036,"position":0},"title":"De las infantiles del Real a la primera con Barcelona su Rival","author":"Anastacio S\u00e1nchez","date":"6 septiembre, 2013","format":false,"excerpt":"El d\u00eda 26 de marzo de 2006 el Real Madrid gan\u00f3 4-0 al Deportivo. Ese d\u00eda en el palco hab\u00eda un brasile\u00f1o de 14 a\u00f1os que era parte de las b\u00e1sicas del Real Madrid ese ni\u00f1o era Neymar da Silva Santos Junior, hoy jugador del Barcelona. Pensar que en el\u2026","rel":"","context":"En &quot;Sin categor\u00eda&quot;","block_context":{"text":"Sin categor\u00eda","link":"https:\/\/kalot.com.mx\/site\/category\/sin-categoria\/"},"img":{"alt_text":"","src":"https:\/\/i0.wp.com\/kalot.com.mx\/site\/wp-content\/uploads\/2013\/09\/madrid-vs-barca.jpg?fit=500%2C255&ssl=1&resize=350%2C200","width":350,"height":200},"classes":[]},{"id":10153,"url":"https:\/\/kalot.com.mx\/site\/2014\/01\/24\/sandro-rosell-dimite\/","url_meta":{"origin":8036,"position":1},"title":"Sandro Rosell Dimite como presidente del FC Barcelona","author":"Daniel Cacho","date":"24 enero, 2014","format":false,"excerpt":"El FC Barcelona se qued\u00f3 sin autoridad ante sus socios. Alexandre Sandro Rosell i Feliu (Barcelona, 6 de marzo de 1964) hab\u00eda sido elegido presidente el 1 de julio de 2010 con el mayor apoyo social de la historia (64,1% del electorado), pero ha dimitido de su cargo apenas 3\u2026","rel":"","context":"Entrada similar ","block_context":{"text":"Entrada similar ","link":""},"img":{"alt_text":"","src":"https:\/\/i0.wp.com\/kalot.com.mx\/site\/wp-content\/uploads\/2014\/01\/2012-06-26_SANDRO_ROSELL_15.v1348913981.v1351650644.v1355945978.jpeg?fit=640%2C360&ssl=1&resize=350%2C200","width":350,"height":200,"srcset":"https:\/\/i0.wp.com\/kalot.com.mx\/site\/wp-content\/uploads\/2014\/01\/2012-06-26_SANDRO_ROSELL_15.v1348913981.v1351650644.v1355945978.jpeg?fit=640%2C360&ssl=1&resize=350%2C200 1x, https:\/\/i0.wp.com\/kalot.com.mx\/site\/wp-content\/uploads\/2014\/01\/2012-06-26_SANDRO_ROSELL_15.v1348913981.v1351650644.v1355945978.jpeg?fit=640%2C360&ssl=1&resize=525%2C300 1.5x"},"classes":[]},{"id":17388,"url":"https:\/\/kalot.com.mx\/site\/2014\/07\/26\/el-mito-de-barcelona-lo-gano-todo-en-1-ano\/","url_meta":{"origin":8036,"position":2},"title":"El Mito de &#8216;Barcelona lo gan\u00f3 todo en 1 a\u00f1o&#8221;","author":"Daniel Cacho","date":"26 julio, 2014","format":false,"excerpt":"Todos los amantes del f\u00fatbol sabemos, o al menos deber\u00edamos saber de una de las mayores mentiras que se han dicho: \"El Barcelona marc\u00f3 \u00e9poca al ganarlo TODO EN UN A\u00d1O\". De entrada todo aquel fan\u00e1tico del f\u00fatbol que tenga un criterio imparcial, debe saber que aquella final de Champions\u2026","rel":"","context":"Entrada similar ","block_context":{"text":"Entrada similar ","link":""},"img":{"alt_text":"","src":"https:\/\/i0.wp.com\/kalot.com.mx\/site\/wp-content\/uploads\/2014\/07\/Barcelona-Wallpaper-10.jpg?fit=1200%2C750&ssl=1&resize=350%2C200","width":350,"height":200,"srcset":"https:\/\/i0.wp.com\/kalot.com.mx\/site\/wp-content\/uploads\/2014\/07\/Barcelona-Wallpaper-10.jpg?fit=1200%2C750&ssl=1&resize=350%2C200 1x, https:\/\/i0.wp.com\/kalot.com.mx\/site\/wp-content\/uploads\/2014\/07\/Barcelona-Wallpaper-10.jpg?fit=1200%2C750&ssl=1&resize=525%2C300 1.5x, https:\/\/i0.wp.com\/kalot.com.mx\/site\/wp-content\/uploads\/2014\/07\/Barcelona-Wallpaper-10.jpg?fit=1200%2C750&ssl=1&resize=700%2C400 2x, https:\/\/i0.wp.com\/kalot.com.mx\/site\/wp-content\/uploads\/2014\/07\/Barcelona-Wallpaper-10.jpg?fit=1200%2C750&ssl=1&resize=1050%2C600 3x"},"classes":[]},{"id":16067,"url":"https:\/\/kalot.com.mx\/site\/2014\/05\/16\/acuerdo-de-lionel-messi-con-el-barcelona\/","url_meta":{"origin":8036,"position":3},"title":"Acuerdo de Lionel Messi con el Barcelona","author":"Daniel Cacho","date":"16 mayo, 2014","format":false,"excerpt":"El F\u00fatbol Club Barcelona ha anunciado en un comunicado oficial el acuerdo con Leo Messi para \"la adecuaci\u00f3n contractual\" con el jugador argentino. La firma est\u00e1 prevista para los pr\u00f3ximos d\u00edas. El diario MARCA ya avanzaba en su edici\u00f3n de hoy que el Bar\u00e7a y Leo Messi hab\u00edan llegado a\u2026","rel":"","context":"Entrada similar ","block_context":{"text":"Entrada similar ","link":""},"img":{"alt_text":"","src":"https:\/\/i0.wp.com\/kalot.com.mx\/site\/wp-content\/uploads\/2014\/05\/10371482_10152562643369305_4067129111577392420_n.jpg?fit=960%2C529&ssl=1&resize=350%2C200","width":350,"height":200,"srcset":"https:\/\/i0.wp.com\/kalot.com.mx\/site\/wp-content\/uploads\/2014\/05\/10371482_10152562643369305_4067129111577392420_n.jpg?fit=960%2C529&ssl=1&resize=350%2C200 1x, https:\/\/i0.wp.com\/kalot.com.mx\/site\/wp-content\/uploads\/2014\/05\/10371482_10152562643369305_4067129111577392420_n.jpg?fit=960%2C529&ssl=1&resize=525%2C300 1.5x, https:\/\/i0.wp.com\/kalot.com.mx\/site\/wp-content\/uploads\/2014\/05\/10371482_10152562643369305_4067129111577392420_n.jpg?fit=960%2C529&ssl=1&resize=700%2C400 2x"},"classes":[]},{"id":15372,"url":"https:\/\/kalot.com.mx\/site\/2014\/04\/25\/confirma-fc-barcelona-muerte-de-tito-vilanova\/","url_meta":{"origin":8036,"position":4},"title":"Confirma FC Barcelona muerte de &#8216;Tito&#8217; Vilanova","author":"Daniel Cacho","date":"25 abril, 2014","format":false,"excerpt":"El Barcelona ha recibido este viernes la peor y m\u00e1s dolorosa de las noticias: el\u00a0fallecimiento\u00a0de\u00a0Tito Vilanova\u00a0tras ser ingresado ayer de urgencia despu\u00e9s de que su estado se agravara aceleradamente. La familia ha anunciado el\u00a0triste desenlace. El ex entrenador del\u00a0Bar\u00e7a\u00a0hab\u00eda acudido al\u00a0Hospital Quir\u00f3n\u00a0el jueves por la ma\u00f1ana, donde fue ingresado tras\u2026","rel":"","context":"Entrada similar ","block_context":{"text":"Entrada similar ","link":""},"img":{"alt_text":"","src":"https:\/\/i0.wp.com\/kalot.com.mx\/site\/wp-content\/uploads\/2014\/04\/Tito-Vilanova-en-una-rueda-de-_54375030367_54028874188_960_639.jpg?fit=960%2C639&ssl=1&resize=350%2C200","width":350,"height":200,"srcset":"https:\/\/i0.wp.com\/kalot.com.mx\/site\/wp-content\/uploads\/2014\/04\/Tito-Vilanova-en-una-rueda-de-_54375030367_54028874188_960_639.jpg?fit=960%2C639&ssl=1&resize=350%2C200 1x, https:\/\/i0.wp.com\/kalot.com.mx\/site\/wp-content\/uploads\/2014\/04\/Tito-Vilanova-en-una-rueda-de-_54375030367_54028874188_960_639.jpg?fit=960%2C639&ssl=1&resize=525%2C300 1.5x, https:\/\/i0.wp.com\/kalot.com.mx\/site\/wp-content\/uploads\/2014\/04\/Tito-Vilanova-en-una-rueda-de-_54375030367_54028874188_960_639.jpg?fit=960%2C639&ssl=1&resize=700%2C400 2x"},"classes":[]},{"id":1834,"url":"https:\/\/kalot.com.mx\/site\/2013\/09\/17\/messi-13-anos-con-el-barcelona-deportes\/","url_meta":{"origin":8036,"position":5},"title":"Messi 13 a\u00f1os con el Barcelona #Deportes","author":"Anastacio S\u00e1nchez","date":"17 septiembre, 2013","format":false,"excerpt":"Un d\u00eda como hoy pero de el 2000, un Extraordinario jugador llego con su padre a Barcelona para someterse a las pruebas f\u00edsicas que con problemas supero por su forma f\u00edsica. Ese Joven era Leonel Messi el Mejor jugador del mundo Titulo que muchos peri\u00f3dicos y personas le han dado\u2026","rel":"","context":"Entrada similar ","block_context":{"text":"Entrada similar ","link":""},"img":{"alt_text":"","src":"https:\/\/i0.wp.com\/kalot.com.mx\/site\/wp-content\/uploads\/2013\/09\/leo-messi-3.955.375.c.jpg?fit=955%2C375&ssl=1&resize=350%2C200","width":350,"height":200,"srcset":"https:\/\/i0.wp.com\/kalot.com.mx\/site\/wp-content\/uploads\/2013\/09\/leo-messi-3.955.375.c.jpg?fit=955%2C375&ssl=1&resize=350%2C200 1x, https:\/\/i0.wp.com\/kalot.com.mx\/site\/wp-content\/uploads\/2013\/09\/leo-messi-3.955.375.c.jpg?fit=955%2C375&ssl=1&resize=525%2C300 1.5x, https:\/\/i0.wp.com\/kalot.com.mx\/site\/wp-content\/uploads\/2013\/09\/leo-messi-3.955.375.c.jpg?fit=955%2C375&ssl=1&resize=700%2C400 2x"},"classes":[]}],"jetpack_sharing_enabled":true,"_links":{"self":[{"href":"https:\/\/kalot.com.mx\/site\/wp-json\/wp\/v2\/posts\/8036","targetHints":{"allow":["GET"]}}],"collection":[{"href":"https:\/\/kalot.com.mx\/site\/wp-json\/wp\/v2\/posts"}],"about":[{"href":"https:\/\/kalot.com.mx\/site\/wp-json\/wp\/v2\/types\/post"}],"author":[{"embeddable":true,"href":"https:\/\/kalot.com.mx\/site\/wp-json\/wp\/v2\/users\/59"}],"replies":[{"embeddable":true,"href":"https:\/\/kalot.com.mx\/site\/wp-json\/wp\/v2\/comments?post=8036"}],"version-history":[{"count":2,"href":"https:\/\/kalot.com.mx\/site\/wp-json\/wp\/v2\/posts\/8036\/revisions"}],"predecessor-version":[{"id":28726,"href":"https:\/\/kalot.com.mx\/site\/wp-json\/wp\/v2\/posts\/8036\/revisions\/28726"}],"wp:featuredmedia":[{"embeddable":true,"href":"https:\/\/kalot.com.mx\/site\/wp-json\/wp\/v2\/media\/8040"}],"wp:attachment":[{"href":"https:\/\/kalot.com.mx\/site\/wp-json\/wp\/v2\/media?parent=8036"}],"wp:term":[{"taxonomy":"category","embeddable":true,"href":"https:\/\/kalot.com.mx\/site\/wp-json\/wp\/v2\/categories?post=8036"},{"taxonomy":"post_tag","embeddable":true,"href":"https:\/\/kalot.com.mx\/site\/wp-json\/wp\/v2\/tags?post=8036"}],"curies":[{"name":"wp","href":"https:\/\/api.w.org\/{rel}","templated":true}]}}