{"id":7992,"date":"2013-12-18T10:18:29","date_gmt":"2013-12-18T16:18:29","guid":{"rendered":"http:\/\/www.kalot.com.mx\/?p=7992"},"modified":"2014-02-03T22:14:18","modified_gmt":"2014-02-04T04:14:18","slug":"first-world-problems","status":"publish","type":"post","link":"https:\/\/kalot.com.mx\/site\/2013\/12\/18\/first-world-problems\/","title":{"rendered":"First World Problems?"},"content":{"rendered":"<p>por Ceci Cuevas<\/p>\n<p>Lo que a veces puede parecer el problema m\u00e1s grave en tu vida&#8230; mira <a href=\"http:\/\/elitedaily.com\/news\/world\/kids-third-world-countries-read-first-world-problems-suddenly-dont-feel-like-problems-video\/\">este video<\/a>.<\/p>\n<p>Odio cuando el cargador de mi tel\u00e9fono no alcanza a llegar a la cama #FirstWorldProblems<\/p>\n<p>Odio cuando voy al ba\u00f1o y se me olvida mi celular #FirstWorldProblems<\/p>\n<p>Odio el olor de la ropa cuando la dejo mucho tiempo en la lavadora #FirstWorldProblems<\/p>\n<p>Odio que mi casa sea tan grande que necesito otro router para tener internet #FirstWorldProblems<\/p>\n<p>Odio que el chicle de menta haga que el agua con hielos sepa demasiado fr\u00eda #FirstWorldProblems<\/p>\n<p>Odio cuando tengo que hacerle un cheque a la persona que hace la limpieza en mi casa y no me acuerdo de su apellido #FirstWorldProblems<\/p>\n<p>Odio que no puedo caminar y mandar un mensaje de mi celular al mismo tiempo #FirstWorldProblems<\/p>\n<p>Odio cuando dejo el cargador del celular en el piso de abajo #FirstWorldProblems<\/p>\n<p>Odio que los vecinos le pongan contrase\u00f1a a su Wi-Fi #FirstWorldProblems<\/p>\n<p>Odio cuando les digo que no quiero pepinillos y a\u00fan as\u00ed le ponen pepinillos #FirstWorldProblems<\/p>\n<p>&#8212;<\/p>\n<p>Este v\u00eddeo promueve una organizaci\u00f3n donde puedes donar para que llegue agua potable a comunidades sin este recurso\/servicio.<\/p>\n<p>Que l\u00e1stima? que feo? que gacho? Es hora de tomar acci\u00f3n. <\/p>\n<p>Aqu\u00ed en nuestro pa\u00eds tambi\u00e9n puedes ayudar. Te comparto un proyecto genial que propone una familia de Puebla, M\u00e9xico.<br \/>\nEsta actividad se llevar\u00e1 a cabo para Navidad. Carta de la organizadora:<\/p>\n<p><em>&#8220;Dios y  la vida nos ha dado tanto que debemos regresarle un poquitito de tantas bendiciones y cosas buenas que tenemos. Por eso quiero invitarlos a participar.<br \/>\nLa idea es regalar Pollos Rostizados a las personas mas necesitadas, para por lo menos darles un cari\u00f1ito de amor y  puedan disfrutarlo con su familia.<br \/>\nSe van a entregar en el Hospital del Ni\u00f1o Poblano, a los pap\u00e1s y familiares de ni\u00f1os internados, ellos est\u00e1n afuera del hospital pendientes de sus hijos, muchos duermen ah\u00ed, todos son personas de bajos recursos, les mandar\u00e9 fotos para que vean que la entrega se realiz\u00f3. [estas fotos ser\u00e1n publicadas en Facebook]\nCada pollo cuesta <strong>120 pesos <\/strong> incluye frijoles, arroz, tortillas, salsas, 1 refresco de tres litros y un pollo entero. <\/p>\n<p>&#8230;pueden apoyar con la cantidad de dinero que quieran. Tambi\u00e9n si alguien quiere acompa\u00f1arnos ese d\u00eda a la entrega puede hacerlo con todo el gusto!!&#8221;<\/em><\/p>\n<p><strong>El verdadero reto es el siguiente: <\/strong><\/p>\n<p>Se necesita antes del <strong>20 de Diciembre<\/strong> para la log\u00edstica, organizaci\u00f3n y entrega.<br \/>\nCrees que puedes cooperar con $20, $30, $50, $120 pesos?<br \/>\nCrees que puedes compartir este post en tus redes sociales para llegar a m\u00e1s personas y ayudar lo m\u00e1s posible??<br \/>\nContacta a la organizadora en el siguiente email <strong>antovic@hotmail.com<\/strong><\/p>\n<p><em>&#8220;Gracias por su tiempo y apoyo!&#8221;<\/em><\/p>\n<p>Por una Feliz Navidad para mas personas.<\/p>\n<p>Comparte este post.<\/p>\n<p>Ceci Cuevas para Kalot M\u00e9xico.<\/p>\n<p><a href=\"https:\/\/i0.wp.com\/www.kalot.com.mx\/wp-content\/uploads\/2013\/12\/20131218-102141-a.m..jpg\"><img data-recalc-dims=\"1\" decoding=\"async\" src=\"https:\/\/i0.wp.com\/www.kalot.com.mx\/wp-content\/uploads\/2013\/12\/20131218-102141-a.m..jpg?w=1200\" alt=\"20131218-102141 a.m..jpg\" class=\"alignnone size-full\" \/><\/a><\/p>\n","protected":false},"excerpt":{"rendered":"por Ceci Cuevas Lo que a veces puede parecer el problema m\u00e1s grave en tu vida&#8230; mira este&hellip;\n","protected":false},"author":42,"featured_media":7984,"comment_status":"open","ping_status":"open","sticky":false,"template":"","format":"standard","meta":{"jetpack_post_was_ever_published":false,"_jetpack_newsletter_access":"","_jetpack_dont_email_post_to_subs":false,"_jetpack_newsletter_tier_id":0,"_jetpack_memberships_contains_paywalled_content":false,"_jetpack_memberships_contains_paid_content":false,"footnotes":"","jetpack_publicize_message":"","jetpack_publicize_feature_enabled":true,"jetpack_social_post_already_shared":true,"jetpack_social_options":{"image_generator_settings":{"template":"highway","default_image_id":0,"font":"","enabled":false},"version":2}},"categories":[],"tags":[],"class_list":{"0":"post-7992","1":"post","2":"type-post","3":"status-publish","4":"format-standard","5":"has-post-thumbnail","7":"cs-entry","8":"cs-video-wrap"},"yoast_head":"<!-- This site is optimized with the Yoast SEO plugin v27.5 - https:\/\/yoast.com\/product\/yoast-seo-wordpress\/ -->\n<title>First World Problems? - Kalot<\/title>\n<meta name=\"description\" content=\"por Ceci Cuevas Lo que a veces puede parecer el problema m\u00e1s grave en tu vida... mira este video. Odio cuando el cargador de mi tel\u00e9fono no alcanza a\" \/>\n<meta name=\"robots\" content=\"index, follow, max-snippet:-1, max-image-preview:large, max-video-preview:-1\" \/>\n<link rel=\"canonical\" href=\"https:\/\/kalot.com.mx\/site\/2013\/12\/18\/first-world-problems\/\" \/>\n<meta property=\"og:locale\" content=\"es_MX\" \/>\n<meta property=\"og:type\" content=\"article\" \/>\n<meta property=\"og:title\" content=\"First World Problems? - Kalot\" \/>\n<meta property=\"og:description\" content=\"por Ceci Cuevas Lo que a veces puede parecer el problema m\u00e1s grave en tu vida... mira este video. Odio cuando el cargador de mi tel\u00e9fono no alcanza a\" \/>\n<meta property=\"og:url\" content=\"https:\/\/kalot.com.mx\/site\/2013\/12\/18\/first-world-problems\/\" \/>\n<meta property=\"og:site_name\" content=\"Kalot\" \/>\n<meta property=\"article:publisher\" content=\"http:\/\/facebook.com\/mxkalot\" \/>\n<meta property=\"article:author\" content=\"www.facebook.com\/ccnetworkmarketing\" \/>\n<meta property=\"article:published_time\" content=\"2013-12-18T16:18:29+00:00\" \/>\n<meta property=\"article:modified_time\" content=\"2014-02-04T04:14:18+00:00\" \/>\n<meta property=\"og:image\" content=\"https:\/\/i2.wp.com\/kalot.com.mx\/site\/wp-content\/uploads\/2013\/12\/20131218-012726-a.m..jpg?fit=1000%2C1000&ssl=1\" \/>\n\t<meta property=\"og:image:width\" content=\"1000\" \/>\n\t<meta property=\"og:image:height\" content=\"1000\" \/>\n\t<meta property=\"og:image:type\" content=\"image\/jpeg\" \/>\n<meta name=\"author\" content=\"Ceci Cuevas\" \/>\n<meta name=\"twitter:card\" content=\"summary_large_image\" \/>\n<meta name=\"twitter:creator\" content=\"@cecicue\" \/>\n<meta name=\"twitter:site\" content=\"@kalotmx\" \/>\n<meta name=\"twitter:label1\" content=\"Escrito por\" \/>\n\t<meta name=\"twitter:data1\" content=\"Ceci Cuevas\" \/>\n\t<meta name=\"twitter:label2\" content=\"Tiempo de lectura\" \/>\n\t<meta name=\"twitter:data2\" content=\"2 minutos\" \/>\n<!-- \/ Yoast SEO plugin. -->","yoast_head_json":{"title":"First World Problems? - Kalot","description":"por Ceci Cuevas Lo que a veces puede parecer el problema m\u00e1s grave en tu vida... mira este video. Odio cuando el cargador de mi tel\u00e9fono no alcanza a","robots":{"index":"index","follow":"follow","max-snippet":"max-snippet:-1","max-image-preview":"max-image-preview:large","max-video-preview":"max-video-preview:-1"},"canonical":"https:\/\/kalot.com.mx\/site\/2013\/12\/18\/first-world-problems\/","og_locale":"es_MX","og_type":"article","og_title":"First World Problems? - Kalot","og_description":"por Ceci Cuevas Lo que a veces puede parecer el problema m\u00e1s grave en tu vida... mira este video. Odio cuando el cargador de mi tel\u00e9fono no alcanza a","og_url":"https:\/\/kalot.com.mx\/site\/2013\/12\/18\/first-world-problems\/","og_site_name":"Kalot","article_publisher":"http:\/\/facebook.com\/mxkalot","article_author":"www.facebook.com\/ccnetworkmarketing","article_published_time":"2013-12-18T16:18:29+00:00","article_modified_time":"2014-02-04T04:14:18+00:00","og_image":[{"width":1000,"height":1000,"url":"https:\/\/i2.wp.com\/kalot.com.mx\/site\/wp-content\/uploads\/2013\/12\/20131218-012726-a.m..jpg?fit=1000%2C1000&ssl=1","type":"image\/jpeg"}],"author":"Ceci Cuevas","twitter_card":"summary_large_image","twitter_creator":"@cecicue","twitter_site":"@kalotmx","twitter_misc":{"Escrito por":"Ceci Cuevas","Tiempo de lectura":"2 minutos"},"schema":{"@context":"https:\/\/schema.org","@graph":[{"@type":"Article","@id":"https:\/\/kalot.com.mx\/site\/2013\/12\/18\/first-world-problems\/#article","isPartOf":{"@id":"https:\/\/kalot.com.mx\/site\/2013\/12\/18\/first-world-problems\/"},"author":{"name":"Ceci Cuevas","@id":"https:\/\/kalot.com.mx\/site\/#\/schema\/person\/5d7625a40d327534687b4ed7a14cc45f"},"headline":"First World Problems?","datePublished":"2013-12-18T16:18:29+00:00","dateModified":"2014-02-04T04:14:18+00:00","mainEntityOfPage":{"@id":"https:\/\/kalot.com.mx\/site\/2013\/12\/18\/first-world-problems\/"},"wordCount":488,"commentCount":1,"publisher":{"@id":"https:\/\/kalot.com.mx\/site\/#organization"},"image":{"@id":"https:\/\/kalot.com.mx\/site\/2013\/12\/18\/first-world-problems\/#primaryimage"},"thumbnailUrl":"https:\/\/i0.wp.com\/kalot.com.mx\/site\/wp-content\/uploads\/2013\/12\/20131218-012726-a.m..jpg?fit=1000%2C1000&ssl=1","inLanguage":"es","potentialAction":[{"@type":"CommentAction","name":"Comment","target":["https:\/\/kalot.com.mx\/site\/2013\/12\/18\/first-world-problems\/#respond"]}]},{"@type":"WebPage","@id":"https:\/\/kalot.com.mx\/site\/2013\/12\/18\/first-world-problems\/","url":"https:\/\/kalot.com.mx\/site\/2013\/12\/18\/first-world-problems\/","name":"First World Problems? - Kalot","isPartOf":{"@id":"https:\/\/kalot.com.mx\/site\/#website"},"primaryImageOfPage":{"@id":"https:\/\/kalot.com.mx\/site\/2013\/12\/18\/first-world-problems\/#primaryimage"},"image":{"@id":"https:\/\/kalot.com.mx\/site\/2013\/12\/18\/first-world-problems\/#primaryimage"},"thumbnailUrl":"https:\/\/i0.wp.com\/kalot.com.mx\/site\/wp-content\/uploads\/2013\/12\/20131218-012726-a.m..jpg?fit=1000%2C1000&ssl=1","datePublished":"2013-12-18T16:18:29+00:00","dateModified":"2014-02-04T04:14:18+00:00","description":"por Ceci Cuevas Lo que a veces puede parecer el problema m\u00e1s grave en tu vida... mira este video. Odio cuando el cargador de mi tel\u00e9fono no alcanza a","breadcrumb":{"@id":"https:\/\/kalot.com.mx\/site\/2013\/12\/18\/first-world-problems\/#breadcrumb"},"inLanguage":"es","potentialAction":[{"@type":"ReadAction","target":["https:\/\/kalot.com.mx\/site\/2013\/12\/18\/first-world-problems\/"]}]},{"@type":"ImageObject","inLanguage":"es","@id":"https:\/\/kalot.com.mx\/site\/2013\/12\/18\/first-world-problems\/#primaryimage","url":"https:\/\/i0.wp.com\/kalot.com.mx\/site\/wp-content\/uploads\/2013\/12\/20131218-012726-a.m..jpg?fit=1000%2C1000&ssl=1","contentUrl":"https:\/\/i0.wp.com\/kalot.com.mx\/site\/wp-content\/uploads\/2013\/12\/20131218-012726-a.m..jpg?fit=1000%2C1000&ssl=1","width":1000,"height":1000},{"@type":"BreadcrumbList","@id":"https:\/\/kalot.com.mx\/site\/2013\/12\/18\/first-world-problems\/#breadcrumb","itemListElement":[{"@type":"ListItem","position":1,"name":"Home","item":"https:\/\/kalot.com.mx\/site\/"},{"@type":"ListItem","position":2,"name":"First World Problems?"}]},{"@type":"WebSite","@id":"https:\/\/kalot.com.mx\/site\/#website","url":"https:\/\/kalot.com.mx\/site\/","name":"Kalot","description":"Conoce Todo Sobre Todo","publisher":{"@id":"https:\/\/kalot.com.mx\/site\/#organization"},"potentialAction":[{"@type":"SearchAction","target":{"@type":"EntryPoint","urlTemplate":"https:\/\/kalot.com.mx\/site\/?s={search_term_string}"},"query-input":{"@type":"PropertyValueSpecification","valueRequired":true,"valueName":"search_term_string"}}],"inLanguage":"es"},{"@type":"Organization","@id":"https:\/\/kalot.com.mx\/site\/#organization","name":"Kalot","url":"https:\/\/kalot.com.mx\/site\/","logo":{"@type":"ImageObject","inLanguage":"es","@id":"https:\/\/kalot.com.mx\/site\/#\/schema\/logo\/image\/","url":"https:\/\/i0.wp.com\/kalot.com.mx\/site\/wp-content\/uploads\/2020\/04\/Kalot-logo-sin-tagline.png?fit=1707%2C1014&ssl=1","contentUrl":"https:\/\/i0.wp.com\/kalot.com.mx\/site\/wp-content\/uploads\/2020\/04\/Kalot-logo-sin-tagline.png?fit=1707%2C1014&ssl=1","width":1707,"height":1014,"caption":"Kalot"},"image":{"@id":"https:\/\/kalot.com.mx\/site\/#\/schema\/logo\/image\/"},"sameAs":["http:\/\/facebook.com\/mxkalot","https:\/\/x.com\/kalotmx","http:\/\/instagram.com\/kalotmx","http:\/\/pinterest.com\/jorgeerana\/kalot"]},{"@type":"Person","@id":"https:\/\/kalot.com.mx\/site\/#\/schema\/person\/5d7625a40d327534687b4ed7a14cc45f","name":"Ceci Cuevas","image":{"@type":"ImageObject","inLanguage":"es","@id":"https:\/\/secure.gravatar.com\/avatar\/eb67283f0955fdcbe348e756175633a09db0e985178f12294cc5a313011d7d77?s=96&d=mm&r=g","url":"https:\/\/secure.gravatar.com\/avatar\/eb67283f0955fdcbe348e756175633a09db0e985178f12294cc5a313011d7d77?s=96&d=mm&r=g","contentUrl":"https:\/\/secure.gravatar.com\/avatar\/eb67283f0955fdcbe348e756175633a09db0e985178f12294cc5a313011d7d77?s=96&d=mm&r=g","caption":"Ceci Cuevas"},"description":"Pasi\u00f3n por la vida, por los amigos. Amo la vida en Cancun! Desarrollo mi negocio por internet a trav\u00e9s de redes sociales. Pet lover. Activista ambiental. Lee mas de mi en www.CeciCuevas.com","sameAs":["http:\/\/www.cecicuevas.com","www.facebook.com\/ccnetworkmarketing","https:\/\/x.com\/cecicue"],"url":"https:\/\/kalot.com.mx\/site\/author\/ceci\/"}]}},"jetpack_publicize_connections":[],"jetpack_featured_media_url":"https:\/\/i0.wp.com\/kalot.com.mx\/site\/wp-content\/uploads\/2013\/12\/20131218-012726-a.m..jpg?fit=1000%2C1000&ssl=1","jetpack_shortlink":"https:\/\/wp.me\/p6IHEI-24U","jetpack-related-posts":[{"id":3397,"url":"https:\/\/kalot.com.mx\/site\/2013\/10\/08\/mi-casa-pues-el-mundo-el-mundo-entero-te-odio-henry-miller\/","url_meta":{"origin":7992,"position":0},"title":"&#8220;\u00bfMI casa? Pues, el mundo\u2026. El mundo entero&#8221;. Te odio Henry Miller","author":"Dulce Mireles","date":"8 octubre, 2013","format":false,"excerpt":"Henry Miller bien podr\u00eda ser amigo de cualquiera, es uno de esos compas que te dicen la verdad cruda y de una manera c\u00ednica, es aquel amigo que preferir\u00edas no escuchar pero no puedes evitar hacerlo, es aquel amigo inc\u00f3modo que puedes odiar pero lo adoras en el fondo \u00a0por\u2026","rel":"","context":"Entrada similar ","block_context":{"text":"Entrada similar ","link":""},"img":{"alt_text":"","src":"https:\/\/i0.wp.com\/kalot.com.mx\/site\/wp-content\/uploads\/2013\/10\/miller2.jpg?fit=500%2C500&ssl=1&resize=350%2C200","width":350,"height":200},"classes":[]},{"id":16140,"url":"https:\/\/kalot.com.mx\/site\/2014\/05\/18\/opinion-los-x-men-son-los-mejores-superheroes\/","url_meta":{"origin":7992,"position":1},"title":"Opini\u00f3n: Los X-Men son los mejores superh\u00e9roes","author":"Ivan Mendez","date":"18 mayo, 2014","format":false,"excerpt":"Marvel es una empresa con millones de seguidores en todo el mundo, desde los temporales, aquellos que solo ven sus pel\u00edculas cuando las exhiben en las salas de cine, hasta los de hueso colorado que viven, respiran, leen y ven cada nueva adaptaci\u00f3n esper\u00e1ndola desde a\u00f1os antes. Yo podr\u00eda clasificarme\u2026","rel":"","context":"Entrada similar ","block_context":{"text":"Entrada similar ","link":""},"img":{"alt_text":"","src":"https:\/\/i0.wp.com\/kalot.com.mx\/site\/wp-content\/uploads\/2014\/05\/x-men-logo.jpg?fit=1200%2C1200&ssl=1&resize=350%2C200","width":350,"height":200,"srcset":"https:\/\/i0.wp.com\/kalot.com.mx\/site\/wp-content\/uploads\/2014\/05\/x-men-logo.jpg?fit=1200%2C1200&ssl=1&resize=350%2C200 1x, https:\/\/i0.wp.com\/kalot.com.mx\/site\/wp-content\/uploads\/2014\/05\/x-men-logo.jpg?fit=1200%2C1200&ssl=1&resize=525%2C300 1.5x, https:\/\/i0.wp.com\/kalot.com.mx\/site\/wp-content\/uploads\/2014\/05\/x-men-logo.jpg?fit=1200%2C1200&ssl=1&resize=700%2C400 2x, https:\/\/i0.wp.com\/kalot.com.mx\/site\/wp-content\/uploads\/2014\/05\/x-men-logo.jpg?fit=1200%2C1200&ssl=1&resize=1050%2C600 3x"},"classes":[]},{"id":7627,"url":"https:\/\/kalot.com.mx\/site\/2013\/12\/07\/un-app-para-odiar-tus-amigos\/","url_meta":{"origin":7992,"position":2},"title":"Una App para odiar a tus amigos","author":"Cecilia Mata","date":"7 diciembre, 2013","format":false,"excerpt":"Una aplicaci\u00f3n que permite expresar libremente el odio hacia un amigo de Facebook y Puedes descubrir si la otra persona siente el mismo rechazo por ti. Una nueva aplicaci\u00f3n para Facebook llamada Hate With Friends permite al usuario manifestar el odio que siente por sus \"amigos\" dentro de esta red\u2026","rel":"","context":"En &quot;Sin categor\u00eda&quot;","block_context":{"text":"Sin categor\u00eda","link":"https:\/\/kalot.com.mx\/site\/category\/sin-categoria\/"},"img":{"alt_text":"","src":"https:\/\/i0.wp.com\/kalot.com.mx\/site\/wp-content\/uploads\/2013\/12\/31.jpg?fit=644%2C351&ssl=1&resize=350%2C200","width":350,"height":200,"srcset":"https:\/\/i0.wp.com\/kalot.com.mx\/site\/wp-content\/uploads\/2013\/12\/31.jpg?fit=644%2C351&ssl=1&resize=350%2C200 1x, https:\/\/i0.wp.com\/kalot.com.mx\/site\/wp-content\/uploads\/2013\/12\/31.jpg?fit=644%2C351&ssl=1&resize=525%2C300 1.5x"},"classes":[]},{"id":11800,"url":"https:\/\/kalot.com.mx\/site\/2014\/02\/16\/sin_celular\/","url_meta":{"origin":7992,"position":3},"title":"\u00bfSin celular? pero lo necesito.","author":"Nora Salas","date":"16 febrero, 2014","format":false,"excerpt":"La gran mayor\u00eda de nosotros a tenido esa experiencia de haber olvidado el celular, y el momento en que se nos esta por terminar la bater\u00eda es muy triste algunos como yo llevamos el cargador de nuestro m\u00f3vil, pero de que nos sirve si dejamos nuestro smartphone en casa. El\u2026","rel":"","context":"Entrada similar ","block_context":{"text":"Entrada similar ","link":""},"img":{"alt_text":"","src":"https:\/\/i0.wp.com\/kalot.com.mx\/site\/wp-content\/uploads\/2014\/02\/nomofobia.jpg?fit=600%2C400&ssl=1&resize=350%2C200","width":350,"height":200,"srcset":"https:\/\/i0.wp.com\/kalot.com.mx\/site\/wp-content\/uploads\/2014\/02\/nomofobia.jpg?fit=600%2C400&ssl=1&resize=350%2C200 1x, https:\/\/i0.wp.com\/kalot.com.mx\/site\/wp-content\/uploads\/2014\/02\/nomofobia.jpg?fit=600%2C400&ssl=1&resize=525%2C300 1.5x"},"classes":[]},{"id":22926,"url":"https:\/\/kalot.com.mx\/site\/2015\/08\/12\/el-perdon-tiene-un-proceso-conocelo\/","url_meta":{"origin":7992,"position":4},"title":"El perd\u00f3n tiene un proceso, con\u00f3celo&#8230;","author":"Clara Torres","date":"12 agosto, 2015","format":false,"excerpt":"Perdonar nos permite vivir en un mejor futuro, dejar atr\u00e1s esas ataduras del pasado que tanto nos lastiman. En el siguiente art\u00edculo se describir\u00e1 cu\u00e1les son los factores para poder pasar al perd\u00f3n y as\u00ed hacer m\u00e1s llevadero el duelo por haber sido lastimados. Ruben Castrat se\u00f1ala que los antiguos\u2026","rel":"","context":"Entrada similar ","block_context":{"text":"Entrada similar ","link":""},"img":{"alt_text":"","src":"https:\/\/i0.wp.com\/kalot.com.mx\/site\/wp-content\/uploads\/2015\/08\/4cdc59c1cda20999cfbd6f6e9d951fe7.jpg?fit=366%2C480&ssl=1&resize=350%2C200","width":350,"height":200},"classes":[]},{"id":12242,"url":"https:\/\/kalot.com.mx\/site\/2014\/02\/23\/resena-lo-que-sabes-de-mi-amor\/","url_meta":{"origin":7992,"position":5},"title":"Rese\u00f1a: Lo que no sabes de mi amor","author":"Ivan Mendez","date":"23 febrero, 2014","format":false,"excerpt":"Cuando vi este libro a finales del a\u00f1o pasado casi hace que no comprara otro por el que fui expresamente a la librer\u00eda. Y es que esta obra la compre m\u00e1s por la autora Delphine Bertholon una francesa que forma parte de los nuevos autores reconocidos. Su libro \u201cNunca olvides\u2026","rel":"","context":"Entrada similar ","block_context":{"text":"Entrada similar ","link":""},"img":{"alt_text":"","src":"https:\/\/i0.wp.com\/kalot.com.mx\/site\/wp-content\/uploads\/2014\/02\/loquenosabes.jpg?fit=650%2C507&ssl=1&resize=350%2C200","width":350,"height":200,"srcset":"https:\/\/i0.wp.com\/kalot.com.mx\/site\/wp-content\/uploads\/2014\/02\/loquenosabes.jpg?fit=650%2C507&ssl=1&resize=350%2C200 1x, https:\/\/i0.wp.com\/kalot.com.mx\/site\/wp-content\/uploads\/2014\/02\/loquenosabes.jpg?fit=650%2C507&ssl=1&resize=525%2C300 1.5x"},"classes":[]}],"jetpack_sharing_enabled":true,"_links":{"self":[{"href":"https:\/\/kalot.com.mx\/site\/wp-json\/wp\/v2\/posts\/7992","targetHints":{"allow":["GET"]}}],"collection":[{"href":"https:\/\/kalot.com.mx\/site\/wp-json\/wp\/v2\/posts"}],"about":[{"href":"https:\/\/kalot.com.mx\/site\/wp-json\/wp\/v2\/types\/post"}],"author":[{"embeddable":true,"href":"https:\/\/kalot.com.mx\/site\/wp-json\/wp\/v2\/users\/42"}],"replies":[{"embeddable":true,"href":"https:\/\/kalot.com.mx\/site\/wp-json\/wp\/v2\/comments?post=7992"}],"version-history":[{"count":0,"href":"https:\/\/kalot.com.mx\/site\/wp-json\/wp\/v2\/posts\/7992\/revisions"}],"wp:featuredmedia":[{"embeddable":true,"href":"https:\/\/kalot.com.mx\/site\/wp-json\/wp\/v2\/media\/7984"}],"wp:attachment":[{"href":"https:\/\/kalot.com.mx\/site\/wp-json\/wp\/v2\/media?parent=7992"}],"wp:term":[{"taxonomy":"category","embeddable":true,"href":"https:\/\/kalot.com.mx\/site\/wp-json\/wp\/v2\/categories?post=7992"},{"taxonomy":"post_tag","embeddable":true,"href":"https:\/\/kalot.com.mx\/site\/wp-json\/wp\/v2\/tags?post=7992"}],"curies":[{"name":"wp","href":"https:\/\/api.w.org\/{rel}","templated":true}]}}