{"id":7857,"date":"2013-12-15T19:03:44","date_gmt":"2013-12-16T01:03:44","guid":{"rendered":"http:\/\/www.kalot.com.mx\/?p=7857"},"modified":"2017-12-20T11:03:41","modified_gmt":"2017-12-20T17:03:41","slug":"ilse-koch-la-bruja-de-buchenwald","status":"publish","type":"post","link":"https:\/\/kalot.com.mx\/site\/2013\/12\/15\/ilse-koch-la-bruja-de-buchenwald\/","title":{"rendered":"Ilse koch: La bruja de Buchenwald"},"content":{"rendered":"<p style=\"text-align: justify\"><a href=\"https:\/\/i0.wp.com\/www.kalot.com.mx\/wp-content\/uploads\/2013\/12\/250px-Ilse_Koch.png\"><img data-recalc-dims=\"1\" fetchpriority=\"high\" decoding=\"async\" data-attachment-id=\"7863\" data-permalink=\"https:\/\/kalot.com.mx\/site\/2013\/12\/15\/ilse-koch-la-bruja-de-buchenwald\/250px-ilse_koch\/\" data-orig-file=\"https:\/\/i0.wp.com\/kalot.com.mx\/site\/wp-content\/uploads\/2013\/12\/250px-Ilse_Koch.png?fit=250%2C360&amp;ssl=1\" data-orig-size=\"250,360\" data-comments-opened=\"1\" data-image-meta=\"{&quot;aperture&quot;:&quot;0&quot;,&quot;credit&quot;:&quot;&quot;,&quot;camera&quot;:&quot;&quot;,&quot;caption&quot;:&quot;&quot;,&quot;created_timestamp&quot;:&quot;0&quot;,&quot;copyright&quot;:&quot;&quot;,&quot;focal_length&quot;:&quot;0&quot;,&quot;iso&quot;:&quot;0&quot;,&quot;shutter_speed&quot;:&quot;0&quot;,&quot;title&quot;:&quot;&quot;,&quot;orientation&quot;:&quot;0&quot;}\" data-image-title=\"250px-Ilse_Koch\" data-image-description=\"\" data-image-caption=\"\" data-large-file=\"https:\/\/i0.wp.com\/kalot.com.mx\/site\/wp-content\/uploads\/2013\/12\/250px-Ilse_Koch.png?fit=250%2C360&amp;ssl=1\" class=\" wp-image-7863 alignleft\" alt=\"250px-Ilse_Koch\" src=\"https:\/\/i0.wp.com\/www.kalot.com.mx\/wp-content\/uploads\/2013\/12\/250px-Ilse_Koch.png?resize=200%2C288\" width=\"200\" height=\"288\" srcset=\"https:\/\/i0.wp.com\/kalot.com.mx\/site\/wp-content\/uploads\/2013\/12\/250px-Ilse_Koch.png?w=250&amp;ssl=1 250w, https:\/\/i0.wp.com\/kalot.com.mx\/site\/wp-content\/uploads\/2013\/12\/250px-Ilse_Koch.png?resize=208%2C300&amp;ssl=1 208w\" sizes=\"(max-width: 200px) 100vw, 200px\" \/><\/a>Cuando hablamos del holocausto y las muertes de aquellos fat\u00eddicos a\u00f1os tendemos a recordar a Hitler o las horrendas im\u00e1genes que hemos visto en la televisi\u00f3n, fotograf\u00edas o recreadas por algunos cineastas, sin embargo es muy poco conocida la historia de Ilse koch, la s\u00e1dica mujer que disfrutaba cortando pedazos de piel humana y hasta llegar a realizar l\u00e1mparas con este material.<\/p>\n<p style=\"text-align: justify\">Fue esposa de Karl Koch\u00a0un comandante del campo de concentraci\u00f3n de Buchenwald\u00a0desde 1937 hasta 1941 y Majdanek\u00a0desde 1941 hasta 1943.<\/p>\n<p style=\"text-align: justify\">Esta mujer llego en un principio al ser secretaria de este partido que gobern\u00f3 Alemania, su matrimonio antes mencionado fue arreglado de antemano, pr\u00e1ctica com\u00fan durante el r\u00e9gimen de Hitler para conservar la \u201cpureza\u201d de la sangre Aria.<\/p>\n<p style=\"text-align: justify\">Se le conoce muy especialmente porque cuando su esposo fue ascendido a dirigir el campo de concentraci\u00f3n de Buchenwald de los m\u00e1s conocidos del r\u00e9gimen ella libero todos los s\u00e1dicos impulsos que \u00a0la habitaban.<\/p>\n<p style=\"text-align: justify\"><a href=\"https:\/\/i0.wp.com\/www.kalot.com.mx\/wp-content\/uploads\/2013\/12\/imgres.jpg\"><img decoding=\"async\" data-attachment-id=\"7864\" data-permalink=\"https:\/\/kalot.com.mx\/site\/2013\/12\/15\/ilse-koch-la-bruja-de-buchenwald\/imgres-2\/\" data-orig-file=\"https:\/\/i0.wp.com\/kalot.com.mx\/site\/wp-content\/uploads\/2013\/12\/imgres.jpg?fit=252%2C200&amp;ssl=1\" data-orig-size=\"252,200\" data-comments-opened=\"1\" data-image-meta=\"{&quot;aperture&quot;:&quot;0&quot;,&quot;credit&quot;:&quot;&quot;,&quot;camera&quot;:&quot;&quot;,&quot;caption&quot;:&quot;&quot;,&quot;created_timestamp&quot;:&quot;0&quot;,&quot;copyright&quot;:&quot;&quot;,&quot;focal_length&quot;:&quot;0&quot;,&quot;iso&quot;:&quot;0&quot;,&quot;shutter_speed&quot;:&quot;0&quot;,&quot;title&quot;:&quot;&quot;,&quot;orientation&quot;:&quot;0&quot;}\" data-image-title=\"imgres\" data-image-description=\"\" data-image-caption=\"\" data-large-file=\"https:\/\/i0.wp.com\/kalot.com.mx\/site\/wp-content\/uploads\/2013\/12\/imgres.jpg?fit=252%2C200&amp;ssl=1\" class=\"size-full wp-image-7864 alignright\" alt=\"imgres\" src=\"https:\/\/i2.wp.com\/kalot.com.mx\/site\/wp-content\/uploads\/2013\/12\/imgres.jpg?fit=252%2C200&#038;ssl=1\" width=\"252\" height=\"200\" \/><\/a>Al estar tan cerca del campo y al ser esposa del encargado ten\u00eda un acceso ilimitado a donde los prisioneros estaban asignados, Cuentan que cuando sent\u00ed en la \u201cnecesidad\u201d de torturar bajaba as\u00eda estos prisioneros, los hacia desnudar y cuando Ilse ve\u00eda si alguno de estos ten\u00edan alg\u00fan particular tatuaje que le gustaba mandaba a que lo mataran para cortar exactamente el trozo de piel que ten\u00eda el mencionado tatuaje.<\/p>\n<p style=\"text-align: justify\">Con estas partes humanas podr\u00eda pintar, dibujar y hasta tejer, era su malvada obsesi\u00f3n, pero consum\u00f3 esta diab\u00f3lica actividad llegando al l\u00edmite de hacer grandes l\u00e1mparas con piel humana, adem\u00e1s de coleccionar \u00f3rganos en frascos de cristal.<\/p>\n<p style=\"text-align: justify\">Sus pr\u00e1cticas llegaron a su fin el mismo 1945 en el que Alemania fue derrotada por los aliados, huyo durante dos a\u00f1os hasta que fue capturada y juzgada por sus cr\u00edmenes y aunque fue liberada despu\u00e9s no pudo disfrutar de la libertad ya que la condenaron a cadena perpetua.<\/p>\n<p style=\"text-align: justify\"><a href=\"https:\/\/i0.wp.com\/www.kalot.com.mx\/wp-content\/uploads\/2013\/12\/SNF05SPDKOCH-380_1157866a.jpg\"><img data-recalc-dims=\"1\" decoding=\"async\" data-attachment-id=\"7858\" data-permalink=\"https:\/\/kalot.com.mx\/site\/2013\/12\/15\/ilse-koch-la-bruja-de-buchenwald\/snf05spdkoch-380_1157866a\/\" data-orig-file=\"https:\/\/i0.wp.com\/kalot.com.mx\/site\/wp-content\/uploads\/2013\/12\/SNF05SPDKOCH-380_1157866a.jpg?fit=380%2C539&amp;ssl=1\" data-orig-size=\"380,539\" data-comments-opened=\"1\" data-image-meta=\"{&quot;aperture&quot;:&quot;0&quot;,&quot;credit&quot;:&quot;&quot;,&quot;camera&quot;:&quot;&quot;,&quot;caption&quot;:&quot;&quot;,&quot;created_timestamp&quot;:&quot;0&quot;,&quot;copyright&quot;:&quot;&quot;,&quot;focal_length&quot;:&quot;0&quot;,&quot;iso&quot;:&quot;0&quot;,&quot;shutter_speed&quot;:&quot;0&quot;,&quot;title&quot;:&quot;&quot;,&quot;orientation&quot;:&quot;0&quot;}\" data-image-title=\"SNF05SPDKOCH&amp;#8211;380_1157866a\" data-image-description=\"\" data-image-caption=\"\" data-large-file=\"https:\/\/i0.wp.com\/kalot.com.mx\/site\/wp-content\/uploads\/2013\/12\/SNF05SPDKOCH-380_1157866a.jpg?fit=380%2C539&amp;ssl=1\" class=\" wp-image-7858 alignleft\" alt=\"SNF05SPDKOCH--380_1157866a\" src=\"https:\/\/i0.wp.com\/www.kalot.com.mx\/wp-content\/uploads\/2013\/12\/SNF05SPDKOCH-380_1157866a.jpg?resize=228%2C323\" width=\"228\" height=\"323\" srcset=\"https:\/\/i0.wp.com\/kalot.com.mx\/site\/wp-content\/uploads\/2013\/12\/SNF05SPDKOCH-380_1157866a.jpg?w=380&amp;ssl=1 380w, https:\/\/i0.wp.com\/kalot.com.mx\/site\/wp-content\/uploads\/2013\/12\/SNF05SPDKOCH-380_1157866a.jpg?resize=212%2C300&amp;ssl=1 212w, https:\/\/i0.wp.com\/kalot.com.mx\/site\/wp-content\/uploads\/2013\/12\/SNF05SPDKOCH-380_1157866a.jpg?resize=300%2C426&amp;ssl=1 300w\" sizes=\"(max-width: 228px) 100vw, 228px\" \/><\/a>Algunos a\u00f1os despu\u00e9s de aquello escribi\u00f3 una carta a su hijo donde no se arrepent\u00eda de nada de lo que hab\u00eda hecho, su vida llego a su fin cuando se suicid\u00f3 en su encierro.<\/p>\n<p style=\"text-align: justify\">Sus \u00faltimas palabras fueron:<\/p>\n<p>No hay otra salida para m\u00ed, la muerte es la \u00fanica liberaci\u00f3n.<\/p>\n<p>&nbsp;<\/p>\n","protected":false},"excerpt":{"rendered":"Cuando hablamos del holocausto y las muertes de aquellos fat\u00eddicos a\u00f1os tendemos a recordar a Hitler o las&hellip;\n","protected":false},"author":51,"featured_media":7868,"comment_status":"open","ping_status":"open","sticky":false,"template":"","format":"standard","meta":{"jetpack_post_was_ever_published":false,"_jetpack_newsletter_access":"","_jetpack_dont_email_post_to_subs":false,"_jetpack_newsletter_tier_id":0,"_jetpack_memberships_contains_paywalled_content":false,"_jetpack_memberships_contains_paid_content":false,"footnotes":"","jetpack_publicize_message":"","jetpack_publicize_feature_enabled":true,"jetpack_social_post_already_shared":true,"jetpack_social_options":{"image_generator_settings":{"template":"highway","default_image_id":0,"font":"","enabled":false},"version":2}},"categories":[1],"tags":[],"class_list":{"0":"post-7857","1":"post","2":"type-post","3":"status-publish","4":"format-standard","5":"has-post-thumbnail","7":"category-sin-categoria","8":"cs-entry","9":"cs-video-wrap"},"yoast_head":"<!-- This site is optimized with the Yoast SEO plugin v27.4 - https:\/\/yoast.com\/product\/yoast-seo-wordpress\/ -->\n<title>Ilse koch: La bruja de Buchenwald - Kalot<\/title>\n<meta name=\"description\" content=\"Cuando hablamos del holocausto y las muertes de aquellos fat\u00eddicos a\u00f1os tendemos a recordar a Hitler o las horrendas im\u00e1genes que hemos visto en la\" \/>\n<meta name=\"robots\" content=\"index, follow, max-snippet:-1, max-image-preview:large, max-video-preview:-1\" \/>\n<link rel=\"canonical\" href=\"https:\/\/kalot.com.mx\/site\/2013\/12\/15\/ilse-koch-la-bruja-de-buchenwald\/\" \/>\n<meta property=\"og:locale\" content=\"es_MX\" \/>\n<meta property=\"og:type\" content=\"article\" \/>\n<meta property=\"og:title\" content=\"Ilse koch: La bruja de Buchenwald - Kalot\" \/>\n<meta property=\"og:description\" content=\"Cuando hablamos del holocausto y las muertes de aquellos fat\u00eddicos a\u00f1os tendemos a recordar a Hitler o las horrendas im\u00e1genes que hemos visto en la\" \/>\n<meta property=\"og:url\" content=\"https:\/\/kalot.com.mx\/site\/2013\/12\/15\/ilse-koch-la-bruja-de-buchenwald\/\" \/>\n<meta property=\"og:site_name\" content=\"Kalot\" \/>\n<meta property=\"article:publisher\" content=\"http:\/\/facebook.com\/mxkalot\" \/>\n<meta property=\"article:published_time\" content=\"2013-12-16T01:03:44+00:00\" \/>\n<meta property=\"article:modified_time\" content=\"2017-12-20T17:03:41+00:00\" \/>\n<meta property=\"og:image\" content=\"https:\/\/i2.wp.com\/kalot.com.mx\/site\/wp-content\/uploads\/2013\/12\/trial_large1.jpg?fit=1000%2C653&ssl=1\" \/>\n\t<meta property=\"og:image:width\" content=\"1000\" \/>\n\t<meta property=\"og:image:height\" content=\"653\" \/>\n\t<meta property=\"og:image:type\" content=\"image\/jpeg\" \/>\n<meta name=\"author\" content=\"Ivan Mendez\" \/>\n<meta name=\"twitter:card\" content=\"summary_large_image\" \/>\n<meta name=\"twitter:creator\" content=\"@kalotmx\" \/>\n<meta name=\"twitter:site\" content=\"@kalotmx\" \/>\n<meta name=\"twitter:label1\" content=\"Escrito por\" \/>\n\t<meta name=\"twitter:data1\" content=\"Ivan Mendez\" \/>\n\t<meta name=\"twitter:label2\" content=\"Tiempo de lectura\" \/>\n\t<meta name=\"twitter:data2\" content=\"2 minutos\" \/>\n<!-- \/ Yoast SEO plugin. -->","yoast_head_json":{"title":"Ilse koch: La bruja de Buchenwald - Kalot","description":"Cuando hablamos del holocausto y las muertes de aquellos fat\u00eddicos a\u00f1os tendemos a recordar a Hitler o las horrendas im\u00e1genes que hemos visto en la","robots":{"index":"index","follow":"follow","max-snippet":"max-snippet:-1","max-image-preview":"max-image-preview:large","max-video-preview":"max-video-preview:-1"},"canonical":"https:\/\/kalot.com.mx\/site\/2013\/12\/15\/ilse-koch-la-bruja-de-buchenwald\/","og_locale":"es_MX","og_type":"article","og_title":"Ilse koch: La bruja de Buchenwald - Kalot","og_description":"Cuando hablamos del holocausto y las muertes de aquellos fat\u00eddicos a\u00f1os tendemos a recordar a Hitler o las horrendas im\u00e1genes que hemos visto en la","og_url":"https:\/\/kalot.com.mx\/site\/2013\/12\/15\/ilse-koch-la-bruja-de-buchenwald\/","og_site_name":"Kalot","article_publisher":"http:\/\/facebook.com\/mxkalot","article_published_time":"2013-12-16T01:03:44+00:00","article_modified_time":"2017-12-20T17:03:41+00:00","og_image":[{"width":1000,"height":653,"url":"https:\/\/i2.wp.com\/kalot.com.mx\/site\/wp-content\/uploads\/2013\/12\/trial_large1.jpg?fit=1000%2C653&ssl=1","type":"image\/jpeg"}],"author":"Ivan Mendez","twitter_card":"summary_large_image","twitter_creator":"@kalotmx","twitter_site":"@kalotmx","twitter_misc":{"Escrito por":"Ivan Mendez","Tiempo de lectura":"2 minutos"},"schema":{"@context":"https:\/\/schema.org","@graph":[{"@type":"Article","@id":"https:\/\/kalot.com.mx\/site\/2013\/12\/15\/ilse-koch-la-bruja-de-buchenwald\/#article","isPartOf":{"@id":"https:\/\/kalot.com.mx\/site\/2013\/12\/15\/ilse-koch-la-bruja-de-buchenwald\/"},"author":{"name":"Ivan Mendez","@id":"https:\/\/kalot.com.mx\/site\/#\/schema\/person\/444a91ecc3b075ab573ff515d7f6d6e3"},"headline":"Ilse koch: La bruja de Buchenwald","datePublished":"2013-12-16T01:03:44+00:00","dateModified":"2017-12-20T17:03:41+00:00","mainEntityOfPage":{"@id":"https:\/\/kalot.com.mx\/site\/2013\/12\/15\/ilse-koch-la-bruja-de-buchenwald\/"},"wordCount":401,"commentCount":0,"publisher":{"@id":"https:\/\/kalot.com.mx\/site\/#organization"},"image":{"@id":"https:\/\/kalot.com.mx\/site\/2013\/12\/15\/ilse-koch-la-bruja-de-buchenwald\/#primaryimage"},"thumbnailUrl":"https:\/\/i0.wp.com\/kalot.com.mx\/site\/wp-content\/uploads\/2013\/12\/trial_large1.jpg?fit=1000%2C653&ssl=1","inLanguage":"es","potentialAction":[{"@type":"CommentAction","name":"Comment","target":["https:\/\/kalot.com.mx\/site\/2013\/12\/15\/ilse-koch-la-bruja-de-buchenwald\/#respond"]}]},{"@type":"WebPage","@id":"https:\/\/kalot.com.mx\/site\/2013\/12\/15\/ilse-koch-la-bruja-de-buchenwald\/","url":"https:\/\/kalot.com.mx\/site\/2013\/12\/15\/ilse-koch-la-bruja-de-buchenwald\/","name":"Ilse koch: La bruja de Buchenwald - Kalot","isPartOf":{"@id":"https:\/\/kalot.com.mx\/site\/#website"},"primaryImageOfPage":{"@id":"https:\/\/kalot.com.mx\/site\/2013\/12\/15\/ilse-koch-la-bruja-de-buchenwald\/#primaryimage"},"image":{"@id":"https:\/\/kalot.com.mx\/site\/2013\/12\/15\/ilse-koch-la-bruja-de-buchenwald\/#primaryimage"},"thumbnailUrl":"https:\/\/i0.wp.com\/kalot.com.mx\/site\/wp-content\/uploads\/2013\/12\/trial_large1.jpg?fit=1000%2C653&ssl=1","datePublished":"2013-12-16T01:03:44+00:00","dateModified":"2017-12-20T17:03:41+00:00","description":"Cuando hablamos del holocausto y las muertes de aquellos fat\u00eddicos a\u00f1os tendemos a recordar a Hitler o las horrendas im\u00e1genes que hemos visto en la","breadcrumb":{"@id":"https:\/\/kalot.com.mx\/site\/2013\/12\/15\/ilse-koch-la-bruja-de-buchenwald\/#breadcrumb"},"inLanguage":"es","potentialAction":[{"@type":"ReadAction","target":["https:\/\/kalot.com.mx\/site\/2013\/12\/15\/ilse-koch-la-bruja-de-buchenwald\/"]}]},{"@type":"ImageObject","inLanguage":"es","@id":"https:\/\/kalot.com.mx\/site\/2013\/12\/15\/ilse-koch-la-bruja-de-buchenwald\/#primaryimage","url":"https:\/\/i0.wp.com\/kalot.com.mx\/site\/wp-content\/uploads\/2013\/12\/trial_large1.jpg?fit=1000%2C653&ssl=1","contentUrl":"https:\/\/i0.wp.com\/kalot.com.mx\/site\/wp-content\/uploads\/2013\/12\/trial_large1.jpg?fit=1000%2C653&ssl=1","width":1000,"height":653},{"@type":"BreadcrumbList","@id":"https:\/\/kalot.com.mx\/site\/2013\/12\/15\/ilse-koch-la-bruja-de-buchenwald\/#breadcrumb","itemListElement":[{"@type":"ListItem","position":1,"name":"Home","item":"https:\/\/kalot.com.mx\/site\/"},{"@type":"ListItem","position":2,"name":"Ilse koch: La bruja de Buchenwald"}]},{"@type":"WebSite","@id":"https:\/\/kalot.com.mx\/site\/#website","url":"https:\/\/kalot.com.mx\/site\/","name":"Kalot","description":"Conoce Todo Sobre Todo","publisher":{"@id":"https:\/\/kalot.com.mx\/site\/#organization"},"potentialAction":[{"@type":"SearchAction","target":{"@type":"EntryPoint","urlTemplate":"https:\/\/kalot.com.mx\/site\/?s={search_term_string}"},"query-input":{"@type":"PropertyValueSpecification","valueRequired":true,"valueName":"search_term_string"}}],"inLanguage":"es"},{"@type":"Organization","@id":"https:\/\/kalot.com.mx\/site\/#organization","name":"Kalot","url":"https:\/\/kalot.com.mx\/site\/","logo":{"@type":"ImageObject","inLanguage":"es","@id":"https:\/\/kalot.com.mx\/site\/#\/schema\/logo\/image\/","url":"https:\/\/i0.wp.com\/kalot.com.mx\/site\/wp-content\/uploads\/2020\/04\/Kalot-logo-sin-tagline.png?fit=1707%2C1014&ssl=1","contentUrl":"https:\/\/i0.wp.com\/kalot.com.mx\/site\/wp-content\/uploads\/2020\/04\/Kalot-logo-sin-tagline.png?fit=1707%2C1014&ssl=1","width":1707,"height":1014,"caption":"Kalot"},"image":{"@id":"https:\/\/kalot.com.mx\/site\/#\/schema\/logo\/image\/"},"sameAs":["http:\/\/facebook.com\/mxkalot","https:\/\/x.com\/kalotmx","http:\/\/instagram.com\/kalotmx","http:\/\/pinterest.com\/jorgeerana\/kalot"]},{"@type":"Person","@id":"https:\/\/kalot.com.mx\/site\/#\/schema\/person\/444a91ecc3b075ab573ff515d7f6d6e3","name":"Ivan Mendez","image":{"@type":"ImageObject","inLanguage":"es","@id":"https:\/\/secure.gravatar.com\/avatar\/d3590cbb14ecd120bf7a8d9b0ab9a1dae9b2aab34a41a577b5288298a4d08e36?s=96&d=mm&r=g","url":"https:\/\/secure.gravatar.com\/avatar\/d3590cbb14ecd120bf7a8d9b0ab9a1dae9b2aab34a41a577b5288298a4d08e36?s=96&d=mm&r=g","contentUrl":"https:\/\/secure.gravatar.com\/avatar\/d3590cbb14ecd120bf7a8d9b0ab9a1dae9b2aab34a41a577b5288298a4d08e36?s=96&d=mm&r=g","caption":"Ivan Mendez"},"url":"https:\/\/kalot.com.mx\/site\/author\/ivan\/"}]}},"jetpack_publicize_connections":[],"jetpack_featured_media_url":"https:\/\/i0.wp.com\/kalot.com.mx\/site\/wp-content\/uploads\/2013\/12\/trial_large1.jpg?fit=1000%2C653&ssl=1","jetpack_shortlink":"https:\/\/wp.me\/p6IHEI-22J","jetpack-related-posts":[{"id":9465,"url":"https:\/\/kalot.com.mx\/site\/2014\/01\/13\/al-anden-sin-pantalon\/","url_meta":{"origin":7857,"position":0},"title":"Al and\u00e9n sin pantal\u00f3n","author":"Ilse Canela","date":"13 enero, 2014","format":false,"excerpt":"Para todos los que a\u00fan no saben que es un \u00a0flasmob, empecemos por aclarar este punto. Los flashmob son acciones colectivas, organizadas en las redes sociales u otro medio electr\u00f3nico, donde un grupo de personas realizan actividades fuera de lo com\u00fan en un lugar p\u00fablico, para despu\u00e9s dispersarse r\u00e1pidamente entre\u2026","rel":"","context":"En &quot;Sin categor\u00eda&quot;","block_context":{"text":"Sin categor\u00eda","link":"https:\/\/kalot.com.mx\/site\/category\/sin-categoria\/"},"img":{"alt_text":"","src":"https:\/\/i0.wp.com\/kalot.com.mx\/site\/wp-content\/uploads\/2014\/01\/Berl%C3%ADn-Alemania21.jpg?fit=1000%2C624&ssl=1&resize=350%2C200","width":350,"height":200,"srcset":"https:\/\/i0.wp.com\/kalot.com.mx\/site\/wp-content\/uploads\/2014\/01\/Berl%C3%ADn-Alemania21.jpg?fit=1000%2C624&ssl=1&resize=350%2C200 1x, https:\/\/i0.wp.com\/kalot.com.mx\/site\/wp-content\/uploads\/2014\/01\/Berl%C3%ADn-Alemania21.jpg?fit=1000%2C624&ssl=1&resize=525%2C300 1.5x, https:\/\/i0.wp.com\/kalot.com.mx\/site\/wp-content\/uploads\/2014\/01\/Berl%C3%ADn-Alemania21.jpg?fit=1000%2C624&ssl=1&resize=700%2C400 2x"},"classes":[]},{"id":5683,"url":"https:\/\/kalot.com.mx\/site\/2013\/11\/03\/nuevos-estilos-de-vida-nuevos-comerciales\/","url_meta":{"origin":7857,"position":1},"title":"Nuevos estilos de vida, nuevos comerciales","author":"Ilse Canela","date":"3 noviembre, 2013","format":false,"excerpt":"Afortunadamente en muchas sociedades hemos evolucionado,\u00a0 aunque este cambio no ha sido muy f\u00e1cil. A unos pa\u00edses les ha costado \u00a0m\u00e1s que a otros, pero nos mantenemos necios en quitar algunos tab\u00fas, y aceptar que somos diferentes. Las marcas \u00a0por su parte cada d\u00eda entienden que las diferencias entre las\u2026","rel":"","context":"Entrada similar ","block_context":{"text":"Entrada similar ","link":""},"img":{"alt_text":"","src":"https:\/\/i0.wp.com\/kalot.com.mx\/site\/wp-content\/uploads\/2013\/11\/ikea.jpg?fit=1000%2C400&ssl=1&resize=350%2C200","width":350,"height":200,"srcset":"https:\/\/i0.wp.com\/kalot.com.mx\/site\/wp-content\/uploads\/2013\/11\/ikea.jpg?fit=1000%2C400&ssl=1&resize=350%2C200 1x, https:\/\/i0.wp.com\/kalot.com.mx\/site\/wp-content\/uploads\/2013\/11\/ikea.jpg?fit=1000%2C400&ssl=1&resize=525%2C300 1.5x, https:\/\/i0.wp.com\/kalot.com.mx\/site\/wp-content\/uploads\/2013\/11\/ikea.jpg?fit=1000%2C400&ssl=1&resize=700%2C400 2x"},"classes":[]},{"id":7236,"url":"https:\/\/kalot.com.mx\/site\/2013\/11\/29\/mas-libros-mas-orgasmos\/","url_meta":{"origin":7857,"position":2},"title":"M\u00e1s libros, m\u00e1s orgasmos","author":"Ilse Canela","date":"29 noviembre, 2013","format":false,"excerpt":"Este post naci\u00f3 en una cabina de radio hace dos d\u00edas mientras comentaba con mi compa\u00f1ero \u00a0como un libro puede cambiar la forma de pensar de las f\u00e9minas, concretamente nos refer\u00edamos a \u201cLas 50 Sombras de Grey\u201d, creo que no es necesario que te explique, que hace pocos meses era\u2026","rel":"","context":"Entrada similar ","block_context":{"text":"Entrada similar ","link":""},"img":{"alt_text":"","src":"https:\/\/i0.wp.com\/kalot.com.mx\/site\/wp-content\/uploads\/2013\/11\/hystlitwallpaper-gumroad-thmb-a.jpg?fit=670%2C250&ssl=1&resize=350%2C200","width":350,"height":200,"srcset":"https:\/\/i0.wp.com\/kalot.com.mx\/site\/wp-content\/uploads\/2013\/11\/hystlitwallpaper-gumroad-thmb-a.jpg?fit=670%2C250&ssl=1&resize=350%2C200 1x, https:\/\/i0.wp.com\/kalot.com.mx\/site\/wp-content\/uploads\/2013\/11\/hystlitwallpaper-gumroad-thmb-a.jpg?fit=670%2C250&ssl=1&resize=525%2C300 1.5x"},"classes":[]},{"id":6543,"url":"https:\/\/kalot.com.mx\/site\/2013\/11\/16\/infinitos-paisajes-infinitas-posibilidades\/","url_meta":{"origin":7857,"position":3},"title":"Infinitos paisajes,  infinitas posibilidades","author":"Ilse Canela","date":"16 noviembre, 2013","format":false,"excerpt":"El d\u00eda de hoy te presento una campa\u00f1a de marketing tur\u00edstico creada por el gobierno de Colombia. Ya tiene un par de meses esta campa\u00f1a, sin embargo cada que escucho la canci\u00f3n me pone de buenas y me entran unas ganas tremendas de visitar Bogot\u00e1. \u00a0Y es que desde que\u2026","rel":"","context":"Entrada similar ","block_context":{"text":"Entrada similar ","link":""},"img":{"alt_text":"","src":"https:\/\/i0.wp.com\/kalot.com.mx\/site\/wp-content\/uploads\/2013\/11\/0.jpg?fit=480%2C360&ssl=1&resize=350%2C200","width":350,"height":200},"classes":[]},{"id":9137,"url":"https:\/\/kalot.com.mx\/site\/2014\/01\/07\/delicias-sobre-ruedas-food-trucks-en-mexico\/","url_meta":{"origin":7857,"position":4},"title":"Delicias sobre ruedas, Food Trucks en M\u00e9xico","author":"Ilse Canela","date":"7 enero, 2014","format":false,"excerpt":"Empezar\u00e9 por explicar que es un Food Truck, resulta que son estos restaurantes sobre ruedas, que ofrecen\u00a0 alimentos m\u00e1s variados, gourmet o extra\u00f1as y deliciosas mezclas entre la cocina mexicana y la oriental, por ejemplo.Adem\u00e1s de no mantenerse en un lugar fijo, sino rodar sobre la ciudad, modalidad ya muy\u2026","rel":"","context":"En &quot;Sin categor\u00eda&quot;","block_context":{"text":"Sin categor\u00eda","link":"https:\/\/kalot.com.mx\/site\/category\/sin-categoria\/"},"img":{"alt_text":"","src":"https:\/\/i0.wp.com\/kalot.com.mx\/site\/wp-content\/uploads\/2014\/01\/1456526_583000878419728_687343923_n.jpg?fit=640%2C640&ssl=1&resize=350%2C200","width":350,"height":200,"srcset":"https:\/\/i0.wp.com\/kalot.com.mx\/site\/wp-content\/uploads\/2014\/01\/1456526_583000878419728_687343923_n.jpg?fit=640%2C640&ssl=1&resize=350%2C200 1x, https:\/\/i0.wp.com\/kalot.com.mx\/site\/wp-content\/uploads\/2014\/01\/1456526_583000878419728_687343923_n.jpg?fit=640%2C640&ssl=1&resize=525%2C300 1.5x"},"classes":[]},{"id":7629,"url":"https:\/\/kalot.com.mx\/site\/2013\/12\/07\/la-otra-cara-de-chanel\/","url_meta":{"origin":7857,"position":5},"title":"LA OTRA CARA DE CHANEL","author":"Ivan Mendez","date":"7 diciembre, 2013","format":false,"excerpt":"\"La moda pasa, el estilo permanece.\" Nacida en 1883, hija de un vendedor ambulante y su madre ama de casa, Gabrielle Bonheur, mejor conocida como Coco Chanel puede ser por muchas personas reconocida solo por su apellido sin embargo esa gran visionaria de la moda tuvo una vida marcada por\u2026","rel":"","context":"Entrada similar ","block_context":{"text":"Entrada similar ","link":""},"img":{"alt_text":"","src":"https:\/\/i0.wp.com\/kalot.com.mx\/site\/wp-content\/uploads\/2013\/12\/coco-chanel-closeup.jpg?fit=773%2C819&ssl=1&resize=350%2C200","width":350,"height":200,"srcset":"https:\/\/i0.wp.com\/kalot.com.mx\/site\/wp-content\/uploads\/2013\/12\/coco-chanel-closeup.jpg?fit=773%2C819&ssl=1&resize=350%2C200 1x, https:\/\/i0.wp.com\/kalot.com.mx\/site\/wp-content\/uploads\/2013\/12\/coco-chanel-closeup.jpg?fit=773%2C819&ssl=1&resize=525%2C300 1.5x, https:\/\/i0.wp.com\/kalot.com.mx\/site\/wp-content\/uploads\/2013\/12\/coco-chanel-closeup.jpg?fit=773%2C819&ssl=1&resize=700%2C400 2x"},"classes":[]}],"jetpack_sharing_enabled":true,"_links":{"self":[{"href":"https:\/\/kalot.com.mx\/site\/wp-json\/wp\/v2\/posts\/7857","targetHints":{"allow":["GET"]}}],"collection":[{"href":"https:\/\/kalot.com.mx\/site\/wp-json\/wp\/v2\/posts"}],"about":[{"href":"https:\/\/kalot.com.mx\/site\/wp-json\/wp\/v2\/types\/post"}],"author":[{"embeddable":true,"href":"https:\/\/kalot.com.mx\/site\/wp-json\/wp\/v2\/users\/51"}],"replies":[{"embeddable":true,"href":"https:\/\/kalot.com.mx\/site\/wp-json\/wp\/v2\/comments?post=7857"}],"version-history":[{"count":2,"href":"https:\/\/kalot.com.mx\/site\/wp-json\/wp\/v2\/posts\/7857\/revisions"}],"predecessor-version":[{"id":28715,"href":"https:\/\/kalot.com.mx\/site\/wp-json\/wp\/v2\/posts\/7857\/revisions\/28715"}],"wp:featuredmedia":[{"embeddable":true,"href":"https:\/\/kalot.com.mx\/site\/wp-json\/wp\/v2\/media\/7868"}],"wp:attachment":[{"href":"https:\/\/kalot.com.mx\/site\/wp-json\/wp\/v2\/media?parent=7857"}],"wp:term":[{"taxonomy":"category","embeddable":true,"href":"https:\/\/kalot.com.mx\/site\/wp-json\/wp\/v2\/categories?post=7857"},{"taxonomy":"post_tag","embeddable":true,"href":"https:\/\/kalot.com.mx\/site\/wp-json\/wp\/v2\/tags?post=7857"}],"curies":[{"name":"wp","href":"https:\/\/api.w.org\/{rel}","templated":true}]}}