{"id":7844,"date":"2013-12-16T00:27:01","date_gmt":"2013-12-16T06:27:01","guid":{"rendered":"http:\/\/www.kalot.com.mx\/?p=7844"},"modified":"2017-12-20T11:03:27","modified_gmt":"2017-12-20T17:03:27","slug":"omararroyo","status":"publish","type":"post","link":"https:\/\/kalot.com.mx\/site\/2013\/12\/16\/omararroyo\/","title":{"rendered":"Hola  a todos!! Soy Omar."},"content":{"rendered":"<p>&gt;Omar Alejandro Arroyo Reyes<\/p>\n<p style=\"text-align: justify\">\u00a1Hola a todos! Mi nombre es Omar Alejandro, soy del Distrito Federal y tengo 22 a\u00f1os, y actualmente vivo en la ciudad de San Luis Potos\u00ed.<\/p>\n<p style=\"text-align: justify\">Tengo viviendo aqu\u00ed ya bastante tiempo, pero nunca olvido mi ra\u00edces chilangas, sin embargo en San Luis fue donde encontr\u00e9 uno de mis grandes amores en la vida, el tenis. Empec\u00e9 a jugar este maravilloso deporte a la edad de 8 a\u00f1os y hasta la fecha lo sigo practicando, y les puedo jurar que me dio muchos de los momentos m\u00e1s felices de mi vida; conoc\u00ed personas que hasta la fechas siguen siendo mis hermanos dentro y fuera de la cancha.<br \/>\nEn general soy amante del deporte, he jugado en equipos de f\u00fatbol, basquetbol y voleibol.<\/p>\n<p style=\"text-align: justify\"><img fetchpriority=\"high\" decoding=\"async\" data-attachment-id=\"7845\" data-permalink=\"https:\/\/kalot.com.mx\/site\/2013\/12\/16\/omararroyo\/la-foto-2\/\" data-orig-file=\"https:\/\/i0.wp.com\/kalot.com.mx\/site\/wp-content\/uploads\/2013\/12\/la-foto-2.jpg?fit=1000%2C750&amp;ssl=1\" data-orig-size=\"1000,750\" data-comments-opened=\"1\" data-image-meta=\"{&quot;aperture&quot;:&quot;0&quot;,&quot;credit&quot;:&quot;&quot;,&quot;camera&quot;:&quot;&quot;,&quot;caption&quot;:&quot;&quot;,&quot;created_timestamp&quot;:&quot;0&quot;,&quot;copyright&quot;:&quot;&quot;,&quot;focal_length&quot;:&quot;0&quot;,&quot;iso&quot;:&quot;0&quot;,&quot;shutter_speed&quot;:&quot;0&quot;,&quot;title&quot;:&quot;&quot;,&quot;orientation&quot;:&quot;0&quot;}\" data-image-title=\"Guitarra\" data-image-description=\"\" data-image-caption=\"\" data-large-file=\"https:\/\/i0.wp.com\/kalot.com.mx\/site\/wp-content\/uploads\/2013\/12\/la-foto-2.jpg?fit=1000%2C750&amp;ssl=1\" class=\"size-medium wp-image-7845 alignleft\" style=\"line-height: 1.5em\" alt=\"Guitarra\" src=\"https:\/\/i0.wp.com\/kalot.com.mx\/site\/wp-content\/uploads\/2013\/12\/la-foto-2.jpg?fit=300%2C225&#038;ssl=1\" width=\"300\" height=\"225\" srcset=\"https:\/\/i0.wp.com\/kalot.com.mx\/site\/wp-content\/uploads\/2013\/12\/la-foto-2.jpg?w=1000&amp;ssl=1 1000w, https:\/\/i0.wp.com\/kalot.com.mx\/site\/wp-content\/uploads\/2013\/12\/la-foto-2.jpg?resize=768%2C576&amp;ssl=1 768w, https:\/\/i0.wp.com\/kalot.com.mx\/site\/wp-content\/uploads\/2013\/12\/la-foto-2.jpg?resize=300%2C225&amp;ssl=1 300w, https:\/\/i0.wp.com\/kalot.com.mx\/site\/wp-content\/uploads\/2013\/12\/la-foto-2.jpg?resize=200%2C150&amp;ssl=1 200w, https:\/\/i0.wp.com\/kalot.com.mx\/site\/wp-content\/uploads\/2013\/12\/la-foto-2.jpg?resize=260%2C195&amp;ssl=1 260w, https:\/\/i0.wp.com\/kalot.com.mx\/site\/wp-content\/uploads\/2013\/12\/la-foto-2.jpg?resize=380%2C285&amp;ssl=1 380w, https:\/\/i0.wp.com\/kalot.com.mx\/site\/wp-content\/uploads\/2013\/12\/la-foto-2.jpg?resize=800%2C600&amp;ssl=1 800w, https:\/\/i0.wp.com\/kalot.com.mx\/site\/wp-content\/uploads\/2013\/12\/la-foto-2.jpg?resize=810%2C608&amp;ssl=1 810w\" sizes=\"(max-width: 300px) 100vw, 300px\" \/><\/p>\n<p>\u00bfQu\u00e9 m\u00e1s les puedo contar de m\u00ed? Me encanta tocar la guitarra (cosa que no hago desde hace varios a\u00f1os) y escuchar m\u00fasica. Soy fan\u00e1tico del rock en espa\u00f1ol y en ingl\u00e9s, desde Bon Jovi hasta Molotov, desde Kiss hasta Mago de Oz.<\/p>\n<p>Yendo a la parte profesional, me da mucho gusto compartirles que este a\u00f1o fue mi \u00faltimo semestre como universitario, en la Licenciatura de Mercadotecnia Internacional. Actualmente elaboro mi residencia profesional en el \u00e1rea de investigaci\u00f3n de mercados en la empresa Desarrolladora de Marcas de M\u00e9xico.<\/p>\n<p>&nbsp;<\/p>\n<p>Otra cosa que me fascina de la vida son los animales y la naturaleza. Mis animales favoritos son los perros. He tenido caninos toda mi vida y as\u00ed seguir\u00e1 siendo, no tengo preferencias en cuanto a razas, aunque ahora estoy enamorado de mis actuales pitbulls: Rex y G\u00fcero.<\/p>\n<p><a href=\"https:\/\/i0.wp.com\/www.kalot.com.mx\/wp-content\/uploads\/2013\/12\/IMG_0153.jpg\"><img decoding=\"async\" data-attachment-id=\"7848\" data-permalink=\"https:\/\/kalot.com.mx\/site\/2013\/12\/16\/omararroyo\/img_0153\/\" data-orig-file=\"https:\/\/i0.wp.com\/kalot.com.mx\/site\/wp-content\/uploads\/2013\/12\/IMG_0153.jpg?fit=612%2C612&amp;ssl=1\" data-orig-size=\"612,612\" data-comments-opened=\"1\" data-image-meta=\"{&quot;aperture&quot;:&quot;0&quot;,&quot;credit&quot;:&quot;&quot;,&quot;camera&quot;:&quot;&quot;,&quot;caption&quot;:&quot;&quot;,&quot;created_timestamp&quot;:&quot;0&quot;,&quot;copyright&quot;:&quot;&quot;,&quot;focal_length&quot;:&quot;0&quot;,&quot;iso&quot;:&quot;0&quot;,&quot;shutter_speed&quot;:&quot;0&quot;,&quot;title&quot;:&quot;&quot;,&quot;orientation&quot;:&quot;1&quot;}\" data-image-title=\"rex\" data-image-description=\"\" data-image-caption=\"\" data-large-file=\"https:\/\/i0.wp.com\/kalot.com.mx\/site\/wp-content\/uploads\/2013\/12\/IMG_0153.jpg?fit=612%2C612&amp;ssl=1\" class=\"size-medium wp-image-7848 alignright\" alt=\"rex\" src=\"https:\/\/i2.wp.com\/kalot.com.mx\/site\/wp-content\/uploads\/2013\/12\/IMG_0153.jpg?fit=300%2C300&#038;ssl=1\" width=\"300\" height=\"300\" srcset=\"https:\/\/i0.wp.com\/kalot.com.mx\/site\/wp-content\/uploads\/2013\/12\/IMG_0153.jpg?w=612&amp;ssl=1 612w, https:\/\/i0.wp.com\/kalot.com.mx\/site\/wp-content\/uploads\/2013\/12\/IMG_0153.jpg?resize=80%2C80&amp;ssl=1 80w, https:\/\/i0.wp.com\/kalot.com.mx\/site\/wp-content\/uploads\/2013\/12\/IMG_0153.jpg?resize=110%2C110&amp;ssl=1 110w, https:\/\/i0.wp.com\/kalot.com.mx\/site\/wp-content\/uploads\/2013\/12\/IMG_0153.jpg?resize=380%2C380&amp;ssl=1 380w, https:\/\/i0.wp.com\/kalot.com.mx\/site\/wp-content\/uploads\/2013\/12\/IMG_0153.jpg?resize=150%2C150&amp;ssl=1 150w, https:\/\/i0.wp.com\/kalot.com.mx\/site\/wp-content\/uploads\/2013\/12\/IMG_0153.jpg?resize=300%2C300&amp;ssl=1 300w, https:\/\/i0.wp.com\/kalot.com.mx\/site\/wp-content\/uploads\/2013\/12\/IMG_0153.jpg?resize=65%2C65&amp;ssl=1 65w, https:\/\/i0.wp.com\/kalot.com.mx\/site\/wp-content\/uploads\/2013\/12\/IMG_0153.jpg?resize=50%2C50&amp;ssl=1 50w\" sizes=\"(max-width: 300px) 100vw, 300px\" \/><\/a><\/p>\n<p style=\"text-align: justify\">Otra de las grandes pasiones que encontr\u00e9 apenas unos a\u00f1os atr\u00e1s fue el deleite de la lectura. He sido un adicto a los videojuegos desde que tengo memoria, pero ahora invierto m\u00e1s tiempo leyendo novelas de diversos g\u00e9neros como suspenso, fantas\u00eda, ciencia ficci\u00f3n y de vez en cuando, algo de pol\u00edtica o biograf\u00edas de grandes personajes de la historia de M\u00e9xico.<\/p>\n<p style=\"text-align: justify\">Considero que la lealtad y la tolerancia son los valores que describen lo m\u00e1s caracter\u00edstico de m\u00ed. Soy una persona so\u00f1adora, alegre y un poco introvertida al principio; pero conforme el tiempo nos permita conocernos, ver\u00e1s que pasaremos muchos momentos divertidos.<\/p>\n<p style=\"text-align: justify\">Estoy muy contento de pertenecer a Kalot, muchas gracias por aceptarme en este gran proyecto. Estoy seguro que la pasaremos bien.<\/p>\n","protected":false},"excerpt":{"rendered":"&gt;Omar Alejandro Arroyo Reyes \u00a1Hola a todos! Mi nombre es Omar Alejandro, soy del Distrito Federal y tengo&hellip;\n","protected":false},"author":66,"featured_media":7840,"comment_status":"open","ping_status":"open","sticky":false,"template":"","format":"standard","meta":{"jetpack_post_was_ever_published":false,"_jetpack_newsletter_access":"","_jetpack_dont_email_post_to_subs":false,"_jetpack_newsletter_tier_id":0,"_jetpack_memberships_contains_paywalled_content":false,"_jetpack_memberships_contains_paid_content":false,"footnotes":"","jetpack_publicize_message":"","jetpack_publicize_feature_enabled":true,"jetpack_social_post_already_shared":true,"jetpack_social_options":{"image_generator_settings":{"template":"highway","default_image_id":0,"font":"","enabled":false},"version":2}},"categories":[1],"tags":[],"class_list":{"0":"post-7844","1":"post","2":"type-post","3":"status-publish","4":"format-standard","5":"has-post-thumbnail","7":"category-sin-categoria","8":"cs-entry","9":"cs-video-wrap"},"yoast_head":"<!-- This site is optimized with the Yoast SEO plugin v27.5 - https:\/\/yoast.com\/product\/yoast-seo-wordpress\/ -->\n<title>Hola a todos!! Soy Omar. - Kalot<\/title>\n<meta name=\"description\" content=\"&gt;Omar Alejandro Arroyo Reyes \u00a1Hola a todos! Mi nombre es Omar Alejandro, soy del Distrito Federal y tengo 22 a\u00f1os, y actualmente vivo en la ciudad de\" \/>\n<meta name=\"robots\" content=\"index, follow, max-snippet:-1, max-image-preview:large, max-video-preview:-1\" \/>\n<link rel=\"canonical\" href=\"https:\/\/kalot.com.mx\/site\/2013\/12\/16\/omararroyo\/\" \/>\n<meta property=\"og:locale\" content=\"es_MX\" \/>\n<meta property=\"og:type\" content=\"article\" \/>\n<meta property=\"og:title\" content=\"Hola a todos!! Soy Omar. - Kalot\" \/>\n<meta property=\"og:description\" content=\"&gt;Omar Alejandro Arroyo Reyes \u00a1Hola a todos! Mi nombre es Omar Alejandro, soy del Distrito Federal y tengo 22 a\u00f1os, y actualmente vivo en la ciudad de\" \/>\n<meta property=\"og:url\" content=\"https:\/\/kalot.com.mx\/site\/2013\/12\/16\/omararroyo\/\" \/>\n<meta property=\"og:site_name\" content=\"Kalot\" \/>\n<meta property=\"article:publisher\" content=\"http:\/\/facebook.com\/mxkalot\" \/>\n<meta property=\"article:author\" content=\"omar.a.reyes.773@facebook.com\" \/>\n<meta property=\"article:published_time\" content=\"2013-12-16T06:27:01+00:00\" \/>\n<meta property=\"article:modified_time\" content=\"2017-12-20T17:03:27+00:00\" \/>\n<meta property=\"og:image\" content=\"https:\/\/i1.wp.com\/kalot.com.mx\/site\/wp-content\/uploads\/2013\/12\/la-foto-1-1.jpg?fit=750%2C1000&ssl=1\" \/>\n\t<meta property=\"og:image:width\" content=\"750\" \/>\n\t<meta property=\"og:image:height\" content=\"1000\" \/>\n\t<meta property=\"og:image:type\" content=\"image\/jpeg\" \/>\n<meta name=\"author\" content=\"Omar Arroyo\" \/>\n<meta name=\"twitter:card\" content=\"summary_large_image\" \/>\n<meta name=\"twitter:creator\" content=\"@omarpichi\" \/>\n<meta name=\"twitter:site\" content=\"@kalotmx\" \/>\n<meta name=\"twitter:label1\" content=\"Escrito por\" \/>\n\t<meta name=\"twitter:data1\" content=\"Omar Arroyo\" \/>\n\t<meta name=\"twitter:label2\" content=\"Tiempo de lectura\" \/>\n\t<meta name=\"twitter:data2\" content=\"2 minutos\" \/>\n<!-- \/ Yoast SEO plugin. -->","yoast_head_json":{"title":"Hola a todos!! Soy Omar. - Kalot","description":"&gt;Omar Alejandro Arroyo Reyes \u00a1Hola a todos! Mi nombre es Omar Alejandro, soy del Distrito Federal y tengo 22 a\u00f1os, y actualmente vivo en la ciudad de","robots":{"index":"index","follow":"follow","max-snippet":"max-snippet:-1","max-image-preview":"max-image-preview:large","max-video-preview":"max-video-preview:-1"},"canonical":"https:\/\/kalot.com.mx\/site\/2013\/12\/16\/omararroyo\/","og_locale":"es_MX","og_type":"article","og_title":"Hola a todos!! Soy Omar. - Kalot","og_description":"&gt;Omar Alejandro Arroyo Reyes \u00a1Hola a todos! Mi nombre es Omar Alejandro, soy del Distrito Federal y tengo 22 a\u00f1os, y actualmente vivo en la ciudad de","og_url":"https:\/\/kalot.com.mx\/site\/2013\/12\/16\/omararroyo\/","og_site_name":"Kalot","article_publisher":"http:\/\/facebook.com\/mxkalot","article_author":"omar.a.reyes.773@facebook.com","article_published_time":"2013-12-16T06:27:01+00:00","article_modified_time":"2017-12-20T17:03:27+00:00","og_image":[{"width":750,"height":1000,"url":"https:\/\/i1.wp.com\/kalot.com.mx\/site\/wp-content\/uploads\/2013\/12\/la-foto-1-1.jpg?fit=750%2C1000&ssl=1","type":"image\/jpeg"}],"author":"Omar Arroyo","twitter_card":"summary_large_image","twitter_creator":"@omarpichi","twitter_site":"@kalotmx","twitter_misc":{"Escrito por":"Omar Arroyo","Tiempo de lectura":"2 minutos"},"schema":{"@context":"https:\/\/schema.org","@graph":[{"@type":"Article","@id":"https:\/\/kalot.com.mx\/site\/2013\/12\/16\/omararroyo\/#article","isPartOf":{"@id":"https:\/\/kalot.com.mx\/site\/2013\/12\/16\/omararroyo\/"},"author":{"name":"Omar Arroyo","@id":"https:\/\/kalot.com.mx\/site\/#\/schema\/person\/8e2ca9e244244efaebdf107a1b1ccf60"},"headline":"Hola a todos!! Soy Omar.","datePublished":"2013-12-16T06:27:01+00:00","dateModified":"2017-12-20T17:03:27+00:00","mainEntityOfPage":{"@id":"https:\/\/kalot.com.mx\/site\/2013\/12\/16\/omararroyo\/"},"wordCount":418,"commentCount":0,"publisher":{"@id":"https:\/\/kalot.com.mx\/site\/#organization"},"image":{"@id":"https:\/\/kalot.com.mx\/site\/2013\/12\/16\/omararroyo\/#primaryimage"},"thumbnailUrl":"https:\/\/i0.wp.com\/kalot.com.mx\/site\/wp-content\/uploads\/2013\/12\/la-foto-1-1.jpg?fit=750%2C1000&ssl=1","inLanguage":"es","potentialAction":[{"@type":"CommentAction","name":"Comment","target":["https:\/\/kalot.com.mx\/site\/2013\/12\/16\/omararroyo\/#respond"]}]},{"@type":"WebPage","@id":"https:\/\/kalot.com.mx\/site\/2013\/12\/16\/omararroyo\/","url":"https:\/\/kalot.com.mx\/site\/2013\/12\/16\/omararroyo\/","name":"Hola a todos!! Soy Omar. - Kalot","isPartOf":{"@id":"https:\/\/kalot.com.mx\/site\/#website"},"primaryImageOfPage":{"@id":"https:\/\/kalot.com.mx\/site\/2013\/12\/16\/omararroyo\/#primaryimage"},"image":{"@id":"https:\/\/kalot.com.mx\/site\/2013\/12\/16\/omararroyo\/#primaryimage"},"thumbnailUrl":"https:\/\/i0.wp.com\/kalot.com.mx\/site\/wp-content\/uploads\/2013\/12\/la-foto-1-1.jpg?fit=750%2C1000&ssl=1","datePublished":"2013-12-16T06:27:01+00:00","dateModified":"2017-12-20T17:03:27+00:00","description":"&gt;Omar Alejandro Arroyo Reyes \u00a1Hola a todos! Mi nombre es Omar Alejandro, soy del Distrito Federal y tengo 22 a\u00f1os, y actualmente vivo en la ciudad de","breadcrumb":{"@id":"https:\/\/kalot.com.mx\/site\/2013\/12\/16\/omararroyo\/#breadcrumb"},"inLanguage":"es","potentialAction":[{"@type":"ReadAction","target":["https:\/\/kalot.com.mx\/site\/2013\/12\/16\/omararroyo\/"]}]},{"@type":"ImageObject","inLanguage":"es","@id":"https:\/\/kalot.com.mx\/site\/2013\/12\/16\/omararroyo\/#primaryimage","url":"https:\/\/i0.wp.com\/kalot.com.mx\/site\/wp-content\/uploads\/2013\/12\/la-foto-1-1.jpg?fit=750%2C1000&ssl=1","contentUrl":"https:\/\/i0.wp.com\/kalot.com.mx\/site\/wp-content\/uploads\/2013\/12\/la-foto-1-1.jpg?fit=750%2C1000&ssl=1","width":750,"height":1000},{"@type":"BreadcrumbList","@id":"https:\/\/kalot.com.mx\/site\/2013\/12\/16\/omararroyo\/#breadcrumb","itemListElement":[{"@type":"ListItem","position":1,"name":"Home","item":"https:\/\/kalot.com.mx\/site\/"},{"@type":"ListItem","position":2,"name":"Hola a todos!! Soy Omar."}]},{"@type":"WebSite","@id":"https:\/\/kalot.com.mx\/site\/#website","url":"https:\/\/kalot.com.mx\/site\/","name":"Kalot","description":"Conoce Todo Sobre Todo","publisher":{"@id":"https:\/\/kalot.com.mx\/site\/#organization"},"potentialAction":[{"@type":"SearchAction","target":{"@type":"EntryPoint","urlTemplate":"https:\/\/kalot.com.mx\/site\/?s={search_term_string}"},"query-input":{"@type":"PropertyValueSpecification","valueRequired":true,"valueName":"search_term_string"}}],"inLanguage":"es"},{"@type":"Organization","@id":"https:\/\/kalot.com.mx\/site\/#organization","name":"Kalot","url":"https:\/\/kalot.com.mx\/site\/","logo":{"@type":"ImageObject","inLanguage":"es","@id":"https:\/\/kalot.com.mx\/site\/#\/schema\/logo\/image\/","url":"https:\/\/i0.wp.com\/kalot.com.mx\/site\/wp-content\/uploads\/2020\/04\/Kalot-logo-sin-tagline.png?fit=1707%2C1014&ssl=1","contentUrl":"https:\/\/i0.wp.com\/kalot.com.mx\/site\/wp-content\/uploads\/2020\/04\/Kalot-logo-sin-tagline.png?fit=1707%2C1014&ssl=1","width":1707,"height":1014,"caption":"Kalot"},"image":{"@id":"https:\/\/kalot.com.mx\/site\/#\/schema\/logo\/image\/"},"sameAs":["http:\/\/facebook.com\/mxkalot","https:\/\/x.com\/kalotmx","http:\/\/instagram.com\/kalotmx","http:\/\/pinterest.com\/jorgeerana\/kalot"]},{"@type":"Person","@id":"https:\/\/kalot.com.mx\/site\/#\/schema\/person\/8e2ca9e244244efaebdf107a1b1ccf60","name":"Omar Arroyo","image":{"@type":"ImageObject","inLanguage":"es","@id":"https:\/\/secure.gravatar.com\/avatar\/0de4b937e579d4014fbe2133926f9526a0c29dc12950b91db195c35ca1cee4a0?s=96&d=mm&r=g","url":"https:\/\/secure.gravatar.com\/avatar\/0de4b937e579d4014fbe2133926f9526a0c29dc12950b91db195c35ca1cee4a0?s=96&d=mm&r=g","contentUrl":"https:\/\/secure.gravatar.com\/avatar\/0de4b937e579d4014fbe2133926f9526a0c29dc12950b91db195c35ca1cee4a0?s=96&d=mm&r=g","caption":"Omar Arroyo"},"description":"Chilango, mercadologo, rockero, deportista.. y muchas cosas m\u00e1s.","sameAs":["omar.a.reyes.773@facebook.com","https:\/\/x.com\/@omarpichi"],"url":"https:\/\/kalot.com.mx\/site\/author\/omar\/"}]}},"jetpack_publicize_connections":[],"jetpack_featured_media_url":"https:\/\/i0.wp.com\/kalot.com.mx\/site\/wp-content\/uploads\/2013\/12\/la-foto-1-1.jpg?fit=750%2C1000&ssl=1","jetpack_shortlink":"https:\/\/wp.me\/p6IHEI-22w","jetpack-related-posts":[{"id":553,"url":"https:\/\/kalot.com.mx\/site\/2013\/09\/04\/padawan\/","url_meta":{"origin":7844,"position":0},"title":"Padawan","author":"Omar Herrera","date":"4 septiembre, 2013","format":false,"excerpt":"Como todo lo que hago y al parecer se ha vuelto una costumbre: CASI llego tarde. Pero ayer fue un buen d\u00eda porque gracias a este blog me di cuenta de que hay gente de mi ciudad y de mi edad que comparte mis pasiones y hobbies en una manera\u2026","rel":"","context":"Con 7 comentarios","block_context":{"text":"Con 7 comentarios","link":"https:\/\/kalot.com.mx\/site\/2013\/09\/04\/padawan\/#comments"},"img":{"alt_text":"","src":"https:\/\/i0.wp.com\/kalot.com.mx\/site\/wp-content\/uploads\/2013\/09\/woody-allen-2.jpg?fit=873%2C1200&ssl=1&resize=350%2C200","width":350,"height":200,"srcset":"https:\/\/i0.wp.com\/kalot.com.mx\/site\/wp-content\/uploads\/2013\/09\/woody-allen-2.jpg?fit=873%2C1200&ssl=1&resize=350%2C200 1x, https:\/\/i0.wp.com\/kalot.com.mx\/site\/wp-content\/uploads\/2013\/09\/woody-allen-2.jpg?fit=873%2C1200&ssl=1&resize=525%2C300 1.5x, https:\/\/i0.wp.com\/kalot.com.mx\/site\/wp-content\/uploads\/2013\/09\/woody-allen-2.jpg?fit=873%2C1200&ssl=1&resize=700%2C400 2x"},"classes":[]},{"id":2466,"url":"https:\/\/kalot.com.mx\/site\/2013\/09\/27\/normalmente-extrano\/","url_meta":{"origin":7844,"position":1},"title":"Normalmente extra\u00f1o","author":"Pepe M\u00e9ndez","date":"27 septiembre, 2013","format":false,"excerpt":"\u00bfUstedes se imaginan una combinaci\u00f3n de un apasionado por el marketing,\u00a0 fan\u00e1tico de las pel\u00edculas de s\u00faper h\u00e9roes (Marvel),\u00a0 amante del futbol, gamer, emprendedor y en proceso de ser de los mejores empresarios que van a existir? \u00bfNo?, \u00bfNo se lo imaginan?, pronto lo ir\u00e1n descubriendo conforme vaya publicando en\u2026","rel":"","context":"Entrada similar ","block_context":{"text":"Entrada similar ","link":""},"img":{"alt_text":"","src":"https:\/\/i0.wp.com\/kalot.com.mx\/site\/wp-content\/uploads\/2013\/09\/Iron-Man-3-Busto-y-Figura-por-Hot-Toys.jpg?fit=1024%2C683&ssl=1&resize=350%2C200","width":350,"height":200,"srcset":"https:\/\/i0.wp.com\/kalot.com.mx\/site\/wp-content\/uploads\/2013\/09\/Iron-Man-3-Busto-y-Figura-por-Hot-Toys.jpg?fit=1024%2C683&ssl=1&resize=350%2C200 1x, https:\/\/i0.wp.com\/kalot.com.mx\/site\/wp-content\/uploads\/2013\/09\/Iron-Man-3-Busto-y-Figura-por-Hot-Toys.jpg?fit=1024%2C683&ssl=1&resize=525%2C300 1.5x, https:\/\/i0.wp.com\/kalot.com.mx\/site\/wp-content\/uploads\/2013\/09\/Iron-Man-3-Busto-y-Figura-por-Hot-Toys.jpg?fit=1024%2C683&ssl=1&resize=700%2C400 2x"},"classes":[]},{"id":9886,"url":"https:\/\/kalot.com.mx\/site\/2014\/01\/22\/hola-soy-luisndestroy-y-soy-fotografo\/","url_meta":{"origin":7844,"position":2},"title":"\u00a1Hola! Soy Luisndestroy y soy fot\u00f3grafo","author":"Luisndestroy","date":"22 enero, 2014","format":false,"excerpt":"No s\u00e9, ni tengo la m\u00e1s m\u00ednima idea de como soy pero mi mam\u00e1 dice que siempre he tenido problemas de atenci\u00f3n y que soy de mente muy vol\u00e1til,\u00a0mi nombre es Luis Rivera Vel\u00e1zquez pero en la web soy Luisndestroy y en el mes de enero del 2014 tengo 25\u2026","rel":"","context":"Entrada similar ","block_context":{"text":"Entrada similar ","link":""},"img":{"alt_text":"","src":"https:\/\/i0.wp.com\/kalot.com.mx\/site\/wp-content\/uploads\/2014\/01\/arquitectonica-5.jpg?fit=1162%2C778&ssl=1&resize=350%2C200","width":350,"height":200,"srcset":"https:\/\/i0.wp.com\/kalot.com.mx\/site\/wp-content\/uploads\/2014\/01\/arquitectonica-5.jpg?fit=1162%2C778&ssl=1&resize=350%2C200 1x, https:\/\/i0.wp.com\/kalot.com.mx\/site\/wp-content\/uploads\/2014\/01\/arquitectonica-5.jpg?fit=1162%2C778&ssl=1&resize=525%2C300 1.5x, https:\/\/i0.wp.com\/kalot.com.mx\/site\/wp-content\/uploads\/2014\/01\/arquitectonica-5.jpg?fit=1162%2C778&ssl=1&resize=700%2C400 2x, https:\/\/i0.wp.com\/kalot.com.mx\/site\/wp-content\/uploads\/2014\/01\/arquitectonica-5.jpg?fit=1162%2C778&ssl=1&resize=1050%2C600 3x"},"classes":[]},{"id":5516,"url":"https:\/\/kalot.com.mx\/site\/2013\/11\/01\/hola-soy-tania-la-nueva\/","url_meta":{"origin":7844,"position":3},"title":"Hola, soy Tania","author":"Tania Aguirre","date":"1 noviembre, 2013","format":false,"excerpt":"Primero que nada \u00a1Mucho Gusto! \u00a1Gracias por leerme! Empezando bien noviembre, decid\u00ed unirme a Kalot, con todo el entusiasmo posible. Para ser sincera fui persuadida por mis #MarketerasTequileras, pues dos de ellas ya escriben para Kalot (Nancy y Alba) y Sandy que tambi\u00e9n se integra pronto, me encant\u00f3 la idea\u2026","rel":"","context":"Con 2 comentarios","block_context":{"text":"Con 2 comentarios","link":"https:\/\/kalot.com.mx\/site\/2013\/11\/01\/hola-soy-tania-la-nueva\/#comments"},"img":{"alt_text":"","src":"https:\/\/i0.wp.com\/kalot.com.mx\/site\/wp-content\/uploads\/2013\/11\/1450150_10151959105491405_361894809_n.jpg?fit=720%2C960&ssl=1&resize=350%2C200","width":350,"height":200,"srcset":"https:\/\/i0.wp.com\/kalot.com.mx\/site\/wp-content\/uploads\/2013\/11\/1450150_10151959105491405_361894809_n.jpg?fit=720%2C960&ssl=1&resize=350%2C200 1x, https:\/\/i0.wp.com\/kalot.com.mx\/site\/wp-content\/uploads\/2013\/11\/1450150_10151959105491405_361894809_n.jpg?fit=720%2C960&ssl=1&resize=525%2C300 1.5x, https:\/\/i0.wp.com\/kalot.com.mx\/site\/wp-content\/uploads\/2013\/11\/1450150_10151959105491405_361894809_n.jpg?fit=720%2C960&ssl=1&resize=700%2C400 2x"},"classes":[]},{"id":9865,"url":"https:\/\/kalot.com.mx\/site\/2014\/01\/22\/memo-manzano-mira-ven-tengo-dulces\/","url_meta":{"origin":7844,"position":4},"title":"Memo Manzano (mira VEN, tengo dulces).","author":"Memo Manzano","date":"22 enero, 2014","format":false,"excerpt":"La pregunta es: \u00bfc\u00f3mo puedo lograr captar su atenci\u00f3n para que terminen de leer mi autodescripci\u00f3n? Intentar\u00e9 lograrlo (al fin y al cabo, no hay peor lucha que la que no se hace) y para eso les recordar\u00e9 un fragmento de \u201cEl Principito\u201d de Antoine de Saint-Exup\u00e9ry: << A los\u2026","rel":"","context":"En &quot;Sin categor\u00eda&quot;","block_context":{"text":"Sin categor\u00eda","link":"https:\/\/kalot.com.mx\/site\/category\/sin-categoria\/"},"img":{"alt_text":"","src":"https:\/\/i0.wp.com\/kalot.com.mx\/site\/wp-content\/uploads\/2014\/01\/13_birds3.jpg?fit=720%2C405&ssl=1&resize=350%2C200","width":350,"height":200,"srcset":"https:\/\/i0.wp.com\/kalot.com.mx\/site\/wp-content\/uploads\/2014\/01\/13_birds3.jpg?fit=720%2C405&ssl=1&resize=350%2C200 1x, https:\/\/i0.wp.com\/kalot.com.mx\/site\/wp-content\/uploads\/2014\/01\/13_birds3.jpg?fit=720%2C405&ssl=1&resize=525%2C300 1.5x, https:\/\/i0.wp.com\/kalot.com.mx\/site\/wp-content\/uploads\/2014\/01\/13_birds3.jpg?fit=720%2C405&ssl=1&resize=700%2C400 2x"},"classes":[]},{"id":7205,"url":"https:\/\/kalot.com.mx\/site\/2013\/11\/26\/cosas-de-la-vida\/","url_meta":{"origin":7844,"position":5},"title":"Cosas de la vida.","author":"Mar\u00eda Alvarado","date":"26 noviembre, 2013","format":false,"excerpt":"\u00a1Hola mundo! Mi nombre es Elisa, nueva en el mundo de la escritura pero vieja amiga de las letras. En este primer post voy a presentarme. Tengo 19 a\u00f1os y muchos ya me han dicho que ya soy grande, pero de hecho hace poco conoc\u00ed a un se\u00f1or que me\u2026","rel":"","context":"Con 1 comentario","block_context":{"text":"Con 1 comentario","link":"https:\/\/kalot.com.mx\/site\/2013\/11\/26\/cosas-de-la-vida\/#comments"},"img":{"alt_text":"","src":"https:\/\/i0.wp.com\/kalot.com.mx\/site\/wp-content\/uploads\/2013\/11\/buscas-la-felicidad.jpg?fit=884%2C540&ssl=1&resize=350%2C200","width":350,"height":200,"srcset":"https:\/\/i0.wp.com\/kalot.com.mx\/site\/wp-content\/uploads\/2013\/11\/buscas-la-felicidad.jpg?fit=884%2C540&ssl=1&resize=350%2C200 1x, https:\/\/i0.wp.com\/kalot.com.mx\/site\/wp-content\/uploads\/2013\/11\/buscas-la-felicidad.jpg?fit=884%2C540&ssl=1&resize=525%2C300 1.5x, https:\/\/i0.wp.com\/kalot.com.mx\/site\/wp-content\/uploads\/2013\/11\/buscas-la-felicidad.jpg?fit=884%2C540&ssl=1&resize=700%2C400 2x"},"classes":[]}],"jetpack_sharing_enabled":true,"_links":{"self":[{"href":"https:\/\/kalot.com.mx\/site\/wp-json\/wp\/v2\/posts\/7844","targetHints":{"allow":["GET"]}}],"collection":[{"href":"https:\/\/kalot.com.mx\/site\/wp-json\/wp\/v2\/posts"}],"about":[{"href":"https:\/\/kalot.com.mx\/site\/wp-json\/wp\/v2\/types\/post"}],"author":[{"embeddable":true,"href":"https:\/\/kalot.com.mx\/site\/wp-json\/wp\/v2\/users\/66"}],"replies":[{"embeddable":true,"href":"https:\/\/kalot.com.mx\/site\/wp-json\/wp\/v2\/comments?post=7844"}],"version-history":[{"count":2,"href":"https:\/\/kalot.com.mx\/site\/wp-json\/wp\/v2\/posts\/7844\/revisions"}],"predecessor-version":[{"id":28713,"href":"https:\/\/kalot.com.mx\/site\/wp-json\/wp\/v2\/posts\/7844\/revisions\/28713"}],"wp:featuredmedia":[{"embeddable":true,"href":"https:\/\/kalot.com.mx\/site\/wp-json\/wp\/v2\/media\/7840"}],"wp:attachment":[{"href":"https:\/\/kalot.com.mx\/site\/wp-json\/wp\/v2\/media?parent=7844"}],"wp:term":[{"taxonomy":"category","embeddable":true,"href":"https:\/\/kalot.com.mx\/site\/wp-json\/wp\/v2\/categories?post=7844"},{"taxonomy":"post_tag","embeddable":true,"href":"https:\/\/kalot.com.mx\/site\/wp-json\/wp\/v2\/tags?post=7844"}],"curies":[{"name":"wp","href":"https:\/\/api.w.org\/{rel}","templated":true}]}}