{"id":7629,"date":"2013-12-07T16:00:23","date_gmt":"2013-12-07T22:00:23","guid":{"rendered":"http:\/\/www.kalot.com.mx\/?p=7629"},"modified":"2013-12-07T14:01:32","modified_gmt":"2013-12-07T20:01:32","slug":"la-otra-cara-de-chanel","status":"publish","type":"post","link":"https:\/\/kalot.com.mx\/site\/2013\/12\/07\/la-otra-cara-de-chanel\/","title":{"rendered":"LA OTRA CARA DE CHANEL"},"content":{"rendered":"<p>&#8220;La moda pasa, el estilo permanece.&#8221;<\/p>\n<p>Nacida en 1883, hija de un vendedor ambulante y su madre ama de casa, Gabrielle Bonheur, mejor conocida como Coco Chanel puede ser por muchas personas reconocida solo por su apellido sin embargo esa gran visionaria de la moda tuvo una vida marcada por las sombras: Capaz de hacer cualquier cosa para cumplir sus objetivos, desde trabajar a un cabaret hasta m\u00faltiples amantes que le permitieran abrir sus tiendas.<\/p>\n<p>Alej\u00e1ndome de los juicios morales, fue una genio en lo que hac\u00eda, desafiando a la moda de su tiempo, caracterizada por grandes sombreros, largas capas de pieles, sobre carga de maquillaje, una \u00e9poca en donde m\u00e1s era lo ideal, pero ella vino a cambiar todo eso.<\/p>\n<p>Para coco, menos es m\u00e1s, y era reconocida por dise\u00f1ar ropa sencilla y con cortes rectos esos que dan forma al cuerpo femenino y logra siempre tener algo de lo que a ella le sobraba: clase.<\/p>\n<p>Como mencione arriba y dejando lo que ella hiciese en su vida personal, hubo un verdadero esc\u00e1ndalo que hasta hoy en d\u00eda la casa Chanel niega constantemente y con raz\u00f3n ya que simples juegos que las personas pueden llegar a hacer, a quien amar, a quien enga\u00f1ar, se puede decir que son simples con lo que muchos historiadores dicen que hizo.<\/p>\n<p>Durante la segunda guerra mundial y con todos los horrores que esta significo para la econom\u00eda mundial pero sobre todo para las poblaciones jud\u00edas del mundo que se vieron inmersos en una ola de odio.<\/p>\n<p>Se cuenta que coco fue una gran antisemita y que incluso fue amante de un alto mando Nazi y que incluso ayudo en varias operaciones y montajes para ayudar en la causa de Hitler, por supuesto que la declararon inocente m\u00e1s esa historia la acompa\u00f1o hasta el final de sus d\u00edas.<\/p>\n<p>Se dice que al final de sus d\u00edas se convirti\u00f3 en una se\u00f1ora insolente y arrogante, lo que nunca se podr\u00e1 negar es que cambio la industria de la moda, teniendo visi\u00f3n para encontrar como una mujer puede cambiarlo todo con su sencillez\u2026 por lo menos en su ropa.<\/p>\n<p><span class=\"embed-youtube\" style=\"text-align:center; display: block;\"><iframe class=\"youtube-player\" width=\"1200\" height=\"675\" src=\"https:\/\/www.youtube.com\/embed\/45XJPtRpoDQ?version=3&#038;rel=1&#038;showsearch=0&#038;showinfo=1&#038;iv_load_policy=1&#038;fs=1&#038;hl=es-MX&#038;autohide=2&#038;wmode=transparent\" allowfullscreen=\"true\" style=\"border:0;\" sandbox=\"allow-scripts allow-same-origin allow-popups allow-presentation allow-popups-to-escape-sandbox\"><\/iframe><\/span><\/p>\n<p style=\"text-align: justify\">\n<p style=\"text-align: justify\">\n<p>&nbsp;<\/p>\n","protected":false},"excerpt":{"rendered":"&#8220;La moda pasa, el estilo permanece.&#8221; Nacida en 1883, hija de un vendedor ambulante y su madre ama&hellip;\n","protected":false},"author":51,"featured_media":7630,"comment_status":"open","ping_status":"open","sticky":false,"template":"","format":"standard","meta":{"jetpack_post_was_ever_published":false,"_jetpack_newsletter_access":"","_jetpack_dont_email_post_to_subs":false,"_jetpack_newsletter_tier_id":0,"_jetpack_memberships_contains_paywalled_content":false,"_jetpack_memberships_contains_paid_content":false,"footnotes":"","jetpack_publicize_message":"","jetpack_publicize_feature_enabled":true,"jetpack_social_post_already_shared":true,"jetpack_social_options":{"image_generator_settings":{"template":"highway","default_image_id":0,"font":"","enabled":false},"version":2}},"categories":[],"tags":[],"class_list":{"0":"post-7629","1":"post","2":"type-post","3":"status-publish","4":"format-standard","5":"has-post-thumbnail","7":"cs-entry","8":"cs-video-wrap"},"yoast_head":"<!-- This site is optimized with the Yoast SEO plugin v27.5 - https:\/\/yoast.com\/product\/yoast-seo-wordpress\/ -->\n<title>LA OTRA CARA DE CHANEL - Kalot<\/title>\n<meta name=\"description\" content=\"&quot;La moda pasa, el estilo permanece.&quot; Nacida en 1883, hija de un vendedor ambulante y su madre ama de casa, Gabrielle Bonheur, mejor conocida como Coco\" \/>\n<meta name=\"robots\" content=\"index, follow, max-snippet:-1, max-image-preview:large, max-video-preview:-1\" \/>\n<link rel=\"canonical\" href=\"https:\/\/kalot.com.mx\/site\/2013\/12\/07\/la-otra-cara-de-chanel\/\" \/>\n<meta property=\"og:locale\" content=\"es_MX\" \/>\n<meta property=\"og:type\" content=\"article\" \/>\n<meta property=\"og:title\" content=\"LA OTRA CARA DE CHANEL - Kalot\" \/>\n<meta property=\"og:description\" content=\"&quot;La moda pasa, el estilo permanece.&quot; Nacida en 1883, hija de un vendedor ambulante y su madre ama de casa, Gabrielle Bonheur, mejor conocida como Coco\" \/>\n<meta property=\"og:url\" content=\"https:\/\/kalot.com.mx\/site\/2013\/12\/07\/la-otra-cara-de-chanel\/\" \/>\n<meta property=\"og:site_name\" content=\"Kalot\" \/>\n<meta property=\"article:publisher\" content=\"http:\/\/facebook.com\/mxkalot\" \/>\n<meta property=\"article:published_time\" content=\"2013-12-07T22:00:23+00:00\" \/>\n<meta property=\"og:image\" content=\"https:\/\/i1.wp.com\/kalot.com.mx\/site\/wp-content\/uploads\/2013\/12\/coco-chanel-closeup.jpg?fit=773%2C819&ssl=1\" \/>\n\t<meta property=\"og:image:width\" content=\"773\" \/>\n\t<meta property=\"og:image:height\" content=\"819\" \/>\n\t<meta property=\"og:image:type\" content=\"image\/jpeg\" \/>\n<meta name=\"author\" content=\"Ivan Mendez\" \/>\n<meta name=\"twitter:card\" content=\"summary_large_image\" \/>\n<meta name=\"twitter:creator\" content=\"@kalotmx\" \/>\n<meta name=\"twitter:site\" content=\"@kalotmx\" \/>\n<meta name=\"twitter:label1\" content=\"Escrito por\" \/>\n\t<meta name=\"twitter:data1\" content=\"Ivan Mendez\" \/>\n\t<meta name=\"twitter:label2\" content=\"Tiempo de lectura\" \/>\n\t<meta name=\"twitter:data2\" content=\"2 minutos\" \/>\n<!-- \/ Yoast SEO plugin. -->","yoast_head_json":{"title":"LA OTRA CARA DE CHANEL - Kalot","description":"\"La moda pasa, el estilo permanece.\" Nacida en 1883, hija de un vendedor ambulante y su madre ama de casa, Gabrielle Bonheur, mejor conocida como Coco","robots":{"index":"index","follow":"follow","max-snippet":"max-snippet:-1","max-image-preview":"max-image-preview:large","max-video-preview":"max-video-preview:-1"},"canonical":"https:\/\/kalot.com.mx\/site\/2013\/12\/07\/la-otra-cara-de-chanel\/","og_locale":"es_MX","og_type":"article","og_title":"LA OTRA CARA DE CHANEL - Kalot","og_description":"\"La moda pasa, el estilo permanece.\" Nacida en 1883, hija de un vendedor ambulante y su madre ama de casa, Gabrielle Bonheur, mejor conocida como Coco","og_url":"https:\/\/kalot.com.mx\/site\/2013\/12\/07\/la-otra-cara-de-chanel\/","og_site_name":"Kalot","article_publisher":"http:\/\/facebook.com\/mxkalot","article_published_time":"2013-12-07T22:00:23+00:00","og_image":[{"width":773,"height":819,"url":"https:\/\/i1.wp.com\/kalot.com.mx\/site\/wp-content\/uploads\/2013\/12\/coco-chanel-closeup.jpg?fit=773%2C819&ssl=1","type":"image\/jpeg"}],"author":"Ivan Mendez","twitter_card":"summary_large_image","twitter_creator":"@kalotmx","twitter_site":"@kalotmx","twitter_misc":{"Escrito por":"Ivan Mendez","Tiempo de lectura":"2 minutos"},"schema":{"@context":"https:\/\/schema.org","@graph":[{"@type":"Article","@id":"https:\/\/kalot.com.mx\/site\/2013\/12\/07\/la-otra-cara-de-chanel\/#article","isPartOf":{"@id":"https:\/\/kalot.com.mx\/site\/2013\/12\/07\/la-otra-cara-de-chanel\/"},"author":{"name":"Ivan Mendez","@id":"https:\/\/kalot.com.mx\/site\/#\/schema\/person\/444a91ecc3b075ab573ff515d7f6d6e3"},"headline":"LA OTRA CARA DE CHANEL","datePublished":"2013-12-07T22:00:23+00:00","mainEntityOfPage":{"@id":"https:\/\/kalot.com.mx\/site\/2013\/12\/07\/la-otra-cara-de-chanel\/"},"wordCount":383,"commentCount":0,"publisher":{"@id":"https:\/\/kalot.com.mx\/site\/#organization"},"image":{"@id":"https:\/\/kalot.com.mx\/site\/2013\/12\/07\/la-otra-cara-de-chanel\/#primaryimage"},"thumbnailUrl":"https:\/\/i0.wp.com\/kalot.com.mx\/site\/wp-content\/uploads\/2013\/12\/coco-chanel-closeup.jpg?fit=773%2C819&ssl=1","inLanguage":"es","potentialAction":[{"@type":"CommentAction","name":"Comment","target":["https:\/\/kalot.com.mx\/site\/2013\/12\/07\/la-otra-cara-de-chanel\/#respond"]}]},{"@type":"WebPage","@id":"https:\/\/kalot.com.mx\/site\/2013\/12\/07\/la-otra-cara-de-chanel\/","url":"https:\/\/kalot.com.mx\/site\/2013\/12\/07\/la-otra-cara-de-chanel\/","name":"LA OTRA CARA DE CHANEL - Kalot","isPartOf":{"@id":"https:\/\/kalot.com.mx\/site\/#website"},"primaryImageOfPage":{"@id":"https:\/\/kalot.com.mx\/site\/2013\/12\/07\/la-otra-cara-de-chanel\/#primaryimage"},"image":{"@id":"https:\/\/kalot.com.mx\/site\/2013\/12\/07\/la-otra-cara-de-chanel\/#primaryimage"},"thumbnailUrl":"https:\/\/i0.wp.com\/kalot.com.mx\/site\/wp-content\/uploads\/2013\/12\/coco-chanel-closeup.jpg?fit=773%2C819&ssl=1","datePublished":"2013-12-07T22:00:23+00:00","description":"\"La moda pasa, el estilo permanece.\" Nacida en 1883, hija de un vendedor ambulante y su madre ama de casa, Gabrielle Bonheur, mejor conocida como Coco","breadcrumb":{"@id":"https:\/\/kalot.com.mx\/site\/2013\/12\/07\/la-otra-cara-de-chanel\/#breadcrumb"},"inLanguage":"es","potentialAction":[{"@type":"ReadAction","target":["https:\/\/kalot.com.mx\/site\/2013\/12\/07\/la-otra-cara-de-chanel\/"]}]},{"@type":"ImageObject","inLanguage":"es","@id":"https:\/\/kalot.com.mx\/site\/2013\/12\/07\/la-otra-cara-de-chanel\/#primaryimage","url":"https:\/\/i0.wp.com\/kalot.com.mx\/site\/wp-content\/uploads\/2013\/12\/coco-chanel-closeup.jpg?fit=773%2C819&ssl=1","contentUrl":"https:\/\/i0.wp.com\/kalot.com.mx\/site\/wp-content\/uploads\/2013\/12\/coco-chanel-closeup.jpg?fit=773%2C819&ssl=1","width":773,"height":819},{"@type":"BreadcrumbList","@id":"https:\/\/kalot.com.mx\/site\/2013\/12\/07\/la-otra-cara-de-chanel\/#breadcrumb","itemListElement":[{"@type":"ListItem","position":1,"name":"Home","item":"https:\/\/kalot.com.mx\/site\/"},{"@type":"ListItem","position":2,"name":"LA OTRA CARA DE CHANEL"}]},{"@type":"WebSite","@id":"https:\/\/kalot.com.mx\/site\/#website","url":"https:\/\/kalot.com.mx\/site\/","name":"Kalot","description":"Conoce Todo Sobre Todo","publisher":{"@id":"https:\/\/kalot.com.mx\/site\/#organization"},"potentialAction":[{"@type":"SearchAction","target":{"@type":"EntryPoint","urlTemplate":"https:\/\/kalot.com.mx\/site\/?s={search_term_string}"},"query-input":{"@type":"PropertyValueSpecification","valueRequired":true,"valueName":"search_term_string"}}],"inLanguage":"es"},{"@type":"Organization","@id":"https:\/\/kalot.com.mx\/site\/#organization","name":"Kalot","url":"https:\/\/kalot.com.mx\/site\/","logo":{"@type":"ImageObject","inLanguage":"es","@id":"https:\/\/kalot.com.mx\/site\/#\/schema\/logo\/image\/","url":"https:\/\/i0.wp.com\/kalot.com.mx\/site\/wp-content\/uploads\/2020\/04\/Kalot-logo-sin-tagline.png?fit=1707%2C1014&ssl=1","contentUrl":"https:\/\/i0.wp.com\/kalot.com.mx\/site\/wp-content\/uploads\/2020\/04\/Kalot-logo-sin-tagline.png?fit=1707%2C1014&ssl=1","width":1707,"height":1014,"caption":"Kalot"},"image":{"@id":"https:\/\/kalot.com.mx\/site\/#\/schema\/logo\/image\/"},"sameAs":["http:\/\/facebook.com\/mxkalot","https:\/\/x.com\/kalotmx","http:\/\/instagram.com\/kalotmx","http:\/\/pinterest.com\/jorgeerana\/kalot"]},{"@type":"Person","@id":"https:\/\/kalot.com.mx\/site\/#\/schema\/person\/444a91ecc3b075ab573ff515d7f6d6e3","name":"Ivan Mendez","image":{"@type":"ImageObject","inLanguage":"es","@id":"https:\/\/secure.gravatar.com\/avatar\/d3590cbb14ecd120bf7a8d9b0ab9a1dae9b2aab34a41a577b5288298a4d08e36?s=96&d=mm&r=g","url":"https:\/\/secure.gravatar.com\/avatar\/d3590cbb14ecd120bf7a8d9b0ab9a1dae9b2aab34a41a577b5288298a4d08e36?s=96&d=mm&r=g","contentUrl":"https:\/\/secure.gravatar.com\/avatar\/d3590cbb14ecd120bf7a8d9b0ab9a1dae9b2aab34a41a577b5288298a4d08e36?s=96&d=mm&r=g","caption":"Ivan Mendez"},"url":"https:\/\/kalot.com.mx\/site\/author\/ivan\/"}]}},"jetpack_publicize_connections":[],"jetpack_featured_media_url":"https:\/\/i0.wp.com\/kalot.com.mx\/site\/wp-content\/uploads\/2013\/12\/coco-chanel-closeup.jpg?fit=773%2C819&ssl=1","jetpack_shortlink":"https:\/\/wp.me\/p6IHEI-1Z3","jetpack-related-posts":[{"id":7368,"url":"https:\/\/kalot.com.mx\/site\/2013\/11\/30\/el-estilo-de-coco-chanel\/","url_meta":{"origin":7629,"position":0},"title":"El estilo de Coco Chanel","author":"Alba Gonz\u00e1lez","date":"30 noviembre, 2013","format":false,"excerpt":"Mi \u00faltimo post fue dedicado a Simone de Beauvoir, hoy le toca a Coco Chanel, \u00bfpor qu\u00e9? Porque se lo merece, porque quiero, y porque puedo. Bueno, tambi\u00e9n porque fue una mujer que demostr\u00f3 que el trabajo, el esfuerzo y la dedicaci\u00f3n pueden lograr la formaci\u00f3n de un imperio, y\u2026","rel":"","context":"Entrada similar ","block_context":{"text":"Entrada similar ","link":""},"img":{"alt_text":"","src":"https:\/\/i0.wp.com\/kalot.com.mx\/site\/wp-content\/uploads\/2013\/11\/chanellogo.jpg?fit=648%2C413&ssl=1&resize=350%2C200","width":350,"height":200,"srcset":"https:\/\/i0.wp.com\/kalot.com.mx\/site\/wp-content\/uploads\/2013\/11\/chanellogo.jpg?fit=648%2C413&ssl=1&resize=350%2C200 1x, https:\/\/i0.wp.com\/kalot.com.mx\/site\/wp-content\/uploads\/2013\/11\/chanellogo.jpg?fit=648%2C413&ssl=1&resize=525%2C300 1.5x"},"classes":[]},{"id":785,"url":"https:\/\/kalot.com.mx\/site\/2013\/09\/05\/785\/","url_meta":{"origin":7629,"position":1},"title":"La moda insoportable","author":"Dulce Mireles","date":"5 septiembre, 2013","format":false,"excerpt":"\u00a0 Navegando por la web (frases del abuelo) me encontr\u00e9 con esta imagen, primero solt\u00e9 una carcajada (frase tan noventera) y despu\u00e9s pens\u00e9: \u00bfQu\u00e9 opinar\u00edan los expertos de moda sobre esta imagen? Tal vez Coco muera de nuevo o simplemente regresar\u00eda para recordarnos una de sus frases famosas\"Todo lo que\u2026","rel":"","context":"Entrada similar ","block_context":{"text":"Entrada similar ","link":""},"img":{"alt_text":"","src":"https:\/\/i0.wp.com\/kalot.com.mx\/site\/wp-content\/uploads\/2013\/09\/1236801_10151547539641292_1574893388_n.png?fit=488%2C559&ssl=1&resize=350%2C200","width":350,"height":200},"classes":[]},{"id":16563,"url":"https:\/\/kalot.com.mx\/site\/2014\/05\/31\/la-moda-masculina-y-verde\/","url_meta":{"origin":7629,"position":2},"title":"La moda masculina verde","author":"Ivan Mendez","date":"31 mayo, 2014","format":false,"excerpt":"No puede llamarse moda el ayudar porque eso significar\u00eda que un d\u00eda simplemente ya no est\u00e1 en el top y por consiguiente se dejar\u00eda de usar, por lo que esto debiera llamarse m\u00e1s bien: Un nuevo estilo de vida. Y es que esto de lo verde ya no es nuevo,\u2026","rel":"","context":"Entrada similar ","block_context":{"text":"Entrada similar ","link":""},"img":{"alt_text":"","src":"https:\/\/i0.wp.com\/kalot.com.mx\/site\/wp-content\/uploads\/2014\/05\/Paul-and-WIlliams.jpg?fit=940%2C600&ssl=1&resize=350%2C200","width":350,"height":200,"srcset":"https:\/\/i0.wp.com\/kalot.com.mx\/site\/wp-content\/uploads\/2014\/05\/Paul-and-WIlliams.jpg?fit=940%2C600&ssl=1&resize=350%2C200 1x, https:\/\/i0.wp.com\/kalot.com.mx\/site\/wp-content\/uploads\/2014\/05\/Paul-and-WIlliams.jpg?fit=940%2C600&ssl=1&resize=525%2C300 1.5x, https:\/\/i0.wp.com\/kalot.com.mx\/site\/wp-content\/uploads\/2014\/05\/Paul-and-WIlliams.jpg?fit=940%2C600&ssl=1&resize=700%2C400 2x"},"classes":[]},{"id":21298,"url":"https:\/\/kalot.com.mx\/site\/2015\/04\/27\/la-perfecta-fashionista\/","url_meta":{"origin":7629,"position":3},"title":"La perfecta fashionista","author":"Monica Villalba","date":"27 abril, 2015","format":false,"excerpt":"A pesar de que no soy dise\u00f1adora de modas, tampoco visto con marcas de grandes dise\u00f1adores (aunque los admiro y me encantan sus creaciones), no poseo mi propia marca de ropa o he organizado las pasarelas m\u00e1s espectaculares; puedo decir que soy una fiel amante de la moda, el estilo\u2026","rel":"","context":"Con 1 comentario","block_context":{"text":"Con 1 comentario","link":"https:\/\/kalot.com.mx\/site\/2015\/04\/27\/la-perfecta-fashionista\/#comments"},"img":{"alt_text":"","src":"https:\/\/i0.wp.com\/kalot.com.mx\/site\/wp-content\/uploads\/2015\/04\/Fashionista_blog_moda.jpg?fit=600%2C600&ssl=1&resize=350%2C200","width":350,"height":200,"srcset":"https:\/\/i0.wp.com\/kalot.com.mx\/site\/wp-content\/uploads\/2015\/04\/Fashionista_blog_moda.jpg?fit=600%2C600&ssl=1&resize=350%2C200 1x, https:\/\/i0.wp.com\/kalot.com.mx\/site\/wp-content\/uploads\/2015\/04\/Fashionista_blog_moda.jpg?fit=600%2C600&ssl=1&resize=525%2C300 1.5x"},"classes":[]},{"id":16326,"url":"https:\/\/kalot.com.mx\/site\/2014\/05\/28\/predecir-tendencias-en-moda\/","url_meta":{"origin":7629,"position":4},"title":"\u00bfC\u00f3mo se predicen las tendencias en moda?","author":"Dulce Mireles","date":"28 mayo, 2014","format":false,"excerpt":"Por Dulce Mireles \u00a1Hola Kaloch@s! El boss ya me rega\u00f1\u00f3 un poco por dejar de escribir por casi 3 semanas pero ya estoy de regreso. Bien, pues en esta entrada les voy a contar sobre un tema del cual no suelo hablar mucho pero que siempre ha tenido mi curiosidad.\u2026","rel":"","context":"Entrada similar ","block_context":{"text":"Entrada similar ","link":""},"img":{"alt_text":"","src":"https:\/\/i0.wp.com\/kalot.com.mx\/site\/wp-content\/uploads\/2014\/05\/annaykarl.jpg?fit=736%2C490&ssl=1&resize=350%2C200","width":350,"height":200,"srcset":"https:\/\/i0.wp.com\/kalot.com.mx\/site\/wp-content\/uploads\/2014\/05\/annaykarl.jpg?fit=736%2C490&ssl=1&resize=350%2C200 1x, https:\/\/i0.wp.com\/kalot.com.mx\/site\/wp-content\/uploads\/2014\/05\/annaykarl.jpg?fit=736%2C490&ssl=1&resize=525%2C300 1.5x, https:\/\/i0.wp.com\/kalot.com.mx\/site\/wp-content\/uploads\/2014\/05\/annaykarl.jpg?fit=736%2C490&ssl=1&resize=700%2C400 2x"},"classes":[]},{"id":11637,"url":"https:\/\/kalot.com.mx\/site\/2014\/02\/13\/chris-pine-la-nueva-cara-de-armani\/","url_meta":{"origin":7629,"position":5},"title":"Chris Pine la nueva cara de Armani","author":"Ivan Mendez","date":"13 febrero, 2014","format":false,"excerpt":"Armani la compa\u00f1\u00eda de moda italiana m\u00e1s famosa de la tierra fundada en 1975 tiene un nuevo rostro para sus pr\u00f3ximas campa\u00f1as de uno de sus perfumes m\u00e1s famosos \u00a0y el actor elegido es Chris Pine. El actor estadounidense de treinta y tres a\u00f1os mejor conocido por su papel en\u2026","rel":"","context":"Entrada similar ","block_context":{"text":"Entrada similar ","link":""},"img":{"alt_text":"","src":"https:\/\/i0.wp.com\/kalot.com.mx\/site\/wp-content\/uploads\/2014\/02\/tumblr_n0wqfnjq6e1qlc8fao1_1280.jpg?fit=697%2C592&ssl=1&resize=350%2C200","width":350,"height":200,"srcset":"https:\/\/i0.wp.com\/kalot.com.mx\/site\/wp-content\/uploads\/2014\/02\/tumblr_n0wqfnjq6e1qlc8fao1_1280.jpg?fit=697%2C592&ssl=1&resize=350%2C200 1x, https:\/\/i0.wp.com\/kalot.com.mx\/site\/wp-content\/uploads\/2014\/02\/tumblr_n0wqfnjq6e1qlc8fao1_1280.jpg?fit=697%2C592&ssl=1&resize=525%2C300 1.5x"},"classes":[]}],"jetpack_sharing_enabled":true,"_links":{"self":[{"href":"https:\/\/kalot.com.mx\/site\/wp-json\/wp\/v2\/posts\/7629","targetHints":{"allow":["GET"]}}],"collection":[{"href":"https:\/\/kalot.com.mx\/site\/wp-json\/wp\/v2\/posts"}],"about":[{"href":"https:\/\/kalot.com.mx\/site\/wp-json\/wp\/v2\/types\/post"}],"author":[{"embeddable":true,"href":"https:\/\/kalot.com.mx\/site\/wp-json\/wp\/v2\/users\/51"}],"replies":[{"embeddable":true,"href":"https:\/\/kalot.com.mx\/site\/wp-json\/wp\/v2\/comments?post=7629"}],"version-history":[{"count":0,"href":"https:\/\/kalot.com.mx\/site\/wp-json\/wp\/v2\/posts\/7629\/revisions"}],"wp:featuredmedia":[{"embeddable":true,"href":"https:\/\/kalot.com.mx\/site\/wp-json\/wp\/v2\/media\/7630"}],"wp:attachment":[{"href":"https:\/\/kalot.com.mx\/site\/wp-json\/wp\/v2\/media?parent=7629"}],"wp:term":[{"taxonomy":"category","embeddable":true,"href":"https:\/\/kalot.com.mx\/site\/wp-json\/wp\/v2\/categories?post=7629"},{"taxonomy":"post_tag","embeddable":true,"href":"https:\/\/kalot.com.mx\/site\/wp-json\/wp\/v2\/tags?post=7629"}],"curies":[{"name":"wp","href":"https:\/\/api.w.org\/{rel}","templated":true}]}}