{"id":7621,"date":"2013-12-07T00:35:18","date_gmt":"2013-12-07T06:35:18","guid":{"rendered":"http:\/\/www.kalot.com.mx\/?p=7621"},"modified":"2013-12-07T00:35:18","modified_gmt":"2013-12-07T06:35:18","slug":"filosofia-personal-estamos-hechos-de-emociones","status":"publish","type":"post","link":"https:\/\/kalot.com.mx\/site\/2013\/12\/07\/filosofia-personal-estamos-hechos-de-emociones\/","title":{"rendered":"[Filosof\u00eda personal]: Estamos hechos de emociones"},"content":{"rendered":"<p style=\"text-align: justify;\">Hace algunos d\u00edas, escrib\u00ed la entrada <a title=\"Ser fiel a uno mismo\" href=\"http:\/\/www.kalot.com.mx\/2013\/11\/29\/filosofia-personal-ser-fiel-uno-mismo\/\" target=\"_blank\">Ser fiel a uno mismo<\/a> con el fin de resaltar la importancia de estar en armon\u00eda con nuestros ideales sin importar los escenarios que se nos presenten y en los cu\u00e1les podemos poner en riesgo nuestra integridad. Ser congruentes. Porque al final del d\u00eda el principal activo que tenemos como seres humanos es tenernos a nosotros mismos.<\/p>\n<p style=\"text-align: justify;\">En esta entrada quisiera compartirte lo que sucedi\u00f3 despu\u00e9s de esa ocasi\u00f3n en la que escrib\u00ed la publicaci\u00f3n que te mencion\u00e9. Resulta que un amigo m\u00edo me invit\u00f3 a un curso con la garant\u00eda de que no me iba a arrepentir. \u00c9l me dec\u00eda que pod\u00eda, en el curso, encontrarme a mi mismo, conocerme a detalle, y reconocer los momentos que fueron formando mi personalidad con la gran posibilidad de corregirme si yo deseaba. Muy tentador. Cabe se\u00f1alar que me invit\u00f3 con 3 semanas de anticipaci\u00f3n. Acept\u00e9 con gusto pero sinceramente cre\u00ed que no lo necesitar\u00eda tanto como result\u00f3. Escrib\u00ed <a title=\"Ser fiel a uno mismo\" href=\"http:\/\/www.kalot.com.mx\/2013\/11\/29\/filosofia-personal-ser-fiel-uno-mismo\/\" target=\"_blank\">Ser fiel a uno mismo<\/a>\u00a0 prescisamente porque esa semana me llov\u00edo. Me ca\u00ed. Toqu\u00e9 fondo.<\/p>\n<p style=\"text-align: justify;\">El curso se llama &#8220;<strong>Dec\u00eddete y act\u00faa<\/strong>&#8221; de una empresa que se llama <strong>Proyecta<\/strong>, sin duda fue una de las mejores experiencias de mi vida. poder notar con claridad que, a pesar de que me considero una persona con una inteligencia emocional destacable, estoy hecho de emociones. Positivas y negativas. M\u00e1s positivas que negativas afortunadamente. Este curso me ayud\u00f3 a conocerme como nunca pens\u00e9 que soy. Pero lo mejor fue que me ayud\u00f3 a perdonar lo que hab\u00eda que perdonar en mi interior, y b\u00e1sicamente sacar emociones negativas de mi alma. Es un curso que se lo recomiendo a cualquier persona que tenga inter\u00e9s en ayudarse a si mismo. En Febrero habr\u00e1 otro curso.<\/p>\n<p style=\"text-align: justify;\">Cuando tenemos que tomar decisiones, siempre he cre\u00eddo que\u00a0en la vida hay decisiones cruciales y decisiones rutinarias. En las primeras no se sabe con exactitud si se tom\u00f3 la decisi\u00f3n adecuada, a diferencia de las segundas, que son obvias, sencillas, frecuentes, por eso son rutinarias. Con las que son cruciales hay algo interesante: suelen ser las que marcan nuestro rumbo. Cuando la decisi\u00f3n crucial es arriesgada se debe ser firme, el tiempo explicar\u00e1 si fue correcta, de lo contrario se deben asumir las responsabilidades correspondientes. Independientemente del resultado creo que no hay mejor placer que asumir con entusiasmo el control de tus decisiones y por ende el control de tu vida. Dice Freud que es en la melancol\u00eda donde las personas se pueden observar mejor a si mismas, lo mejor que podemos hacer es prestar atenci\u00f3n a esos momentos, ah\u00ed esta la clave. Despu\u00e9s de esto, las aguas se calmar\u00e1n, y ver\u00e1s claramente el panorama.<\/p>\n<p style=\"text-align: justify;\">Lo que te quiero decir es que para poder <strong>Ser fiel a ti mismo<\/strong> debes conocer como son tus emociones, canalizar las que son negativas en energ\u00eda positiva. Una vez que logras conocerlas, ser\u00e1 m\u00e1s f\u00e1cil ser congruente con tus principios. He decidido tomar una decisi\u00f3n fundamentada en mis principios con un claro entendimiento de mis emociones, ahora se qu\u00e9 es lo que quiero y qu\u00e9 es lo mejor para mi, como lo coment\u00e9 en mi entrada anterior, podr\u00e9 perderme de algunas cosas o ganarme la desaprobaci\u00f3n de unas personas, pero no encuentro mejor camino que seguir confiando en mi mismo, y en mis principios.<\/p>\n<p style=\"text-align: justify;\"><span style=\"line-height: 1.5em;\">Es natural que te invada el temor o la alegr\u00eda. El mejor consejo que te puedo dar es que sigas lo que a ti te mueva. Queda prohibido no escribir tu propia historia. No es f\u00e1cil, aclaro, pero no conozco a\u00fan mejor placer que conquistarse a s\u00ed mismo.<\/span><\/p>\n<p style=\"text-align: justify;\">Rudy Mar\u00edn<\/p>\n","protected":false},"excerpt":{"rendered":"Hace algunos d\u00edas, escrib\u00ed la entrada Ser fiel a uno mismo con el fin de resaltar la importancia&hellip;\n","protected":false},"author":8,"featured_media":7622,"comment_status":"open","ping_status":"open","sticky":false,"template":"","format":"standard","meta":{"jetpack_post_was_ever_published":false,"_jetpack_newsletter_access":"","_jetpack_dont_email_post_to_subs":false,"_jetpack_newsletter_tier_id":0,"_jetpack_memberships_contains_paywalled_content":false,"_jetpack_memberships_contains_paid_content":false,"footnotes":"","jetpack_publicize_message":"","jetpack_publicize_feature_enabled":true,"jetpack_social_post_already_shared":true,"jetpack_social_options":{"image_generator_settings":{"template":"highway","default_image_id":0,"font":"","enabled":false},"version":2}},"categories":[],"tags":[],"class_list":{"0":"post-7621","1":"post","2":"type-post","3":"status-publish","4":"format-standard","5":"has-post-thumbnail","7":"cs-entry","8":"cs-video-wrap"},"yoast_head":"<!-- This site is optimized with the Yoast SEO plugin v27.5 - https:\/\/yoast.com\/product\/yoast-seo-wordpress\/ -->\n<title>[Filosof\u00eda personal]: Estamos hechos de emociones - Kalot<\/title>\n<meta name=\"description\" content=\"Hace algunos d\u00edas, escrib\u00ed la entrada Ser fiel a uno mismo con el fin de resaltar la importancia de estar en armon\u00eda con nuestros ideales sin importar los\" \/>\n<meta name=\"robots\" content=\"index, follow, max-snippet:-1, max-image-preview:large, max-video-preview:-1\" \/>\n<link rel=\"canonical\" href=\"https:\/\/kalot.com.mx\/site\/2013\/12\/07\/filosofia-personal-estamos-hechos-de-emociones\/\" \/>\n<meta property=\"og:locale\" content=\"es_MX\" \/>\n<meta property=\"og:type\" content=\"article\" \/>\n<meta property=\"og:title\" content=\"[Filosof\u00eda personal]: Estamos hechos de emociones - Kalot\" \/>\n<meta property=\"og:description\" content=\"Hace algunos d\u00edas, escrib\u00ed la entrada Ser fiel a uno mismo con el fin de resaltar la importancia de estar en armon\u00eda con nuestros ideales sin importar los\" \/>\n<meta property=\"og:url\" content=\"https:\/\/kalot.com.mx\/site\/2013\/12\/07\/filosofia-personal-estamos-hechos-de-emociones\/\" \/>\n<meta property=\"og:site_name\" content=\"Kalot\" \/>\n<meta property=\"article:publisher\" content=\"http:\/\/facebook.com\/mxkalot\" \/>\n<meta property=\"article:published_time\" content=\"2013-12-07T06:35:18+00:00\" \/>\n<meta property=\"og:image\" content=\"https:\/\/i2.wp.com\/kalot.com.mx\/site\/wp-content\/uploads\/2013\/12\/emociones-kalot.jpeg?fit=970%2C706&ssl=1\" \/>\n\t<meta property=\"og:image:width\" content=\"970\" \/>\n\t<meta property=\"og:image:height\" content=\"706\" \/>\n\t<meta property=\"og:image:type\" content=\"image\/jpeg\" \/>\n<meta name=\"author\" content=\"Rudy Marin\" \/>\n<meta name=\"twitter:card\" content=\"summary_large_image\" \/>\n<meta name=\"twitter:creator\" content=\"@kalotmx\" \/>\n<meta name=\"twitter:site\" content=\"@kalotmx\" \/>\n<meta name=\"twitter:label1\" content=\"Escrito por\" \/>\n\t<meta name=\"twitter:data1\" content=\"Rudy Marin\" \/>\n\t<meta name=\"twitter:label2\" content=\"Tiempo de lectura\" \/>\n\t<meta name=\"twitter:data2\" content=\"3 minutos\" \/>\n<!-- \/ Yoast SEO plugin. -->","yoast_head_json":{"title":"[Filosof\u00eda personal]: Estamos hechos de emociones - Kalot","description":"Hace algunos d\u00edas, escrib\u00ed la entrada Ser fiel a uno mismo con el fin de resaltar la importancia de estar en armon\u00eda con nuestros ideales sin importar los","robots":{"index":"index","follow":"follow","max-snippet":"max-snippet:-1","max-image-preview":"max-image-preview:large","max-video-preview":"max-video-preview:-1"},"canonical":"https:\/\/kalot.com.mx\/site\/2013\/12\/07\/filosofia-personal-estamos-hechos-de-emociones\/","og_locale":"es_MX","og_type":"article","og_title":"[Filosof\u00eda personal]: Estamos hechos de emociones - Kalot","og_description":"Hace algunos d\u00edas, escrib\u00ed la entrada Ser fiel a uno mismo con el fin de resaltar la importancia de estar en armon\u00eda con nuestros ideales sin importar los","og_url":"https:\/\/kalot.com.mx\/site\/2013\/12\/07\/filosofia-personal-estamos-hechos-de-emociones\/","og_site_name":"Kalot","article_publisher":"http:\/\/facebook.com\/mxkalot","article_published_time":"2013-12-07T06:35:18+00:00","og_image":[{"width":970,"height":706,"url":"https:\/\/i2.wp.com\/kalot.com.mx\/site\/wp-content\/uploads\/2013\/12\/emociones-kalot.jpeg?fit=970%2C706&ssl=1","type":"image\/jpeg"}],"author":"Rudy Marin","twitter_card":"summary_large_image","twitter_creator":"@kalotmx","twitter_site":"@kalotmx","twitter_misc":{"Escrito por":"Rudy Marin","Tiempo de lectura":"3 minutos"},"schema":{"@context":"https:\/\/schema.org","@graph":[{"@type":"Article","@id":"https:\/\/kalot.com.mx\/site\/2013\/12\/07\/filosofia-personal-estamos-hechos-de-emociones\/#article","isPartOf":{"@id":"https:\/\/kalot.com.mx\/site\/2013\/12\/07\/filosofia-personal-estamos-hechos-de-emociones\/"},"author":{"name":"Rudy Marin","@id":"https:\/\/kalot.com.mx\/site\/#\/schema\/person\/c92e0faf7c6131124c9e7afdaaf4c22c"},"headline":"[Filosof\u00eda personal]: Estamos hechos de emociones","datePublished":"2013-12-07T06:35:18+00:00","mainEntityOfPage":{"@id":"https:\/\/kalot.com.mx\/site\/2013\/12\/07\/filosofia-personal-estamos-hechos-de-emociones\/"},"wordCount":647,"commentCount":0,"publisher":{"@id":"https:\/\/kalot.com.mx\/site\/#organization"},"image":{"@id":"https:\/\/kalot.com.mx\/site\/2013\/12\/07\/filosofia-personal-estamos-hechos-de-emociones\/#primaryimage"},"thumbnailUrl":"https:\/\/i0.wp.com\/kalot.com.mx\/site\/wp-content\/uploads\/2013\/12\/emociones-kalot.jpeg?fit=970%2C706&ssl=1","inLanguage":"es","potentialAction":[{"@type":"CommentAction","name":"Comment","target":["https:\/\/kalot.com.mx\/site\/2013\/12\/07\/filosofia-personal-estamos-hechos-de-emociones\/#respond"]}]},{"@type":"WebPage","@id":"https:\/\/kalot.com.mx\/site\/2013\/12\/07\/filosofia-personal-estamos-hechos-de-emociones\/","url":"https:\/\/kalot.com.mx\/site\/2013\/12\/07\/filosofia-personal-estamos-hechos-de-emociones\/","name":"[Filosof\u00eda personal]: Estamos hechos de emociones - Kalot","isPartOf":{"@id":"https:\/\/kalot.com.mx\/site\/#website"},"primaryImageOfPage":{"@id":"https:\/\/kalot.com.mx\/site\/2013\/12\/07\/filosofia-personal-estamos-hechos-de-emociones\/#primaryimage"},"image":{"@id":"https:\/\/kalot.com.mx\/site\/2013\/12\/07\/filosofia-personal-estamos-hechos-de-emociones\/#primaryimage"},"thumbnailUrl":"https:\/\/i0.wp.com\/kalot.com.mx\/site\/wp-content\/uploads\/2013\/12\/emociones-kalot.jpeg?fit=970%2C706&ssl=1","datePublished":"2013-12-07T06:35:18+00:00","description":"Hace algunos d\u00edas, escrib\u00ed la entrada Ser fiel a uno mismo con el fin de resaltar la importancia de estar en armon\u00eda con nuestros ideales sin importar los","breadcrumb":{"@id":"https:\/\/kalot.com.mx\/site\/2013\/12\/07\/filosofia-personal-estamos-hechos-de-emociones\/#breadcrumb"},"inLanguage":"es","potentialAction":[{"@type":"ReadAction","target":["https:\/\/kalot.com.mx\/site\/2013\/12\/07\/filosofia-personal-estamos-hechos-de-emociones\/"]}]},{"@type":"ImageObject","inLanguage":"es","@id":"https:\/\/kalot.com.mx\/site\/2013\/12\/07\/filosofia-personal-estamos-hechos-de-emociones\/#primaryimage","url":"https:\/\/i0.wp.com\/kalot.com.mx\/site\/wp-content\/uploads\/2013\/12\/emociones-kalot.jpeg?fit=970%2C706&ssl=1","contentUrl":"https:\/\/i0.wp.com\/kalot.com.mx\/site\/wp-content\/uploads\/2013\/12\/emociones-kalot.jpeg?fit=970%2C706&ssl=1","width":970,"height":706},{"@type":"BreadcrumbList","@id":"https:\/\/kalot.com.mx\/site\/2013\/12\/07\/filosofia-personal-estamos-hechos-de-emociones\/#breadcrumb","itemListElement":[{"@type":"ListItem","position":1,"name":"Home","item":"https:\/\/kalot.com.mx\/site\/"},{"@type":"ListItem","position":2,"name":"[Filosof\u00eda personal]: Estamos hechos de emociones"}]},{"@type":"WebSite","@id":"https:\/\/kalot.com.mx\/site\/#website","url":"https:\/\/kalot.com.mx\/site\/","name":"Kalot","description":"Conoce Todo Sobre Todo","publisher":{"@id":"https:\/\/kalot.com.mx\/site\/#organization"},"potentialAction":[{"@type":"SearchAction","target":{"@type":"EntryPoint","urlTemplate":"https:\/\/kalot.com.mx\/site\/?s={search_term_string}"},"query-input":{"@type":"PropertyValueSpecification","valueRequired":true,"valueName":"search_term_string"}}],"inLanguage":"es"},{"@type":"Organization","@id":"https:\/\/kalot.com.mx\/site\/#organization","name":"Kalot","url":"https:\/\/kalot.com.mx\/site\/","logo":{"@type":"ImageObject","inLanguage":"es","@id":"https:\/\/kalot.com.mx\/site\/#\/schema\/logo\/image\/","url":"https:\/\/i0.wp.com\/kalot.com.mx\/site\/wp-content\/uploads\/2020\/04\/Kalot-logo-sin-tagline.png?fit=1707%2C1014&ssl=1","contentUrl":"https:\/\/i0.wp.com\/kalot.com.mx\/site\/wp-content\/uploads\/2020\/04\/Kalot-logo-sin-tagline.png?fit=1707%2C1014&ssl=1","width":1707,"height":1014,"caption":"Kalot"},"image":{"@id":"https:\/\/kalot.com.mx\/site\/#\/schema\/logo\/image\/"},"sameAs":["http:\/\/facebook.com\/mxkalot","https:\/\/x.com\/kalotmx","http:\/\/instagram.com\/kalotmx","http:\/\/pinterest.com\/jorgeerana\/kalot"]},{"@type":"Person","@id":"https:\/\/kalot.com.mx\/site\/#\/schema\/person\/c92e0faf7c6131124c9e7afdaaf4c22c","name":"Rudy Marin","image":{"@type":"ImageObject","inLanguage":"es","@id":"https:\/\/secure.gravatar.com\/avatar\/9d602f834cae9211ebf2bb652f47ee964d637614b9e543cda340daea773bb3d5?s=96&d=mm&r=g","url":"https:\/\/secure.gravatar.com\/avatar\/9d602f834cae9211ebf2bb652f47ee964d637614b9e543cda340daea773bb3d5?s=96&d=mm&r=g","contentUrl":"https:\/\/secure.gravatar.com\/avatar\/9d602f834cae9211ebf2bb652f47ee964d637614b9e543cda340daea773bb3d5?s=96&d=mm&r=g","caption":"Rudy Marin"},"description":"Mercad\u00f3logo. Emprendedor por Internet. Amante de la Nutella.","url":"https:\/\/kalot.com.mx\/site\/author\/rudymarin\/"}]}},"jetpack_publicize_connections":[],"jetpack_featured_media_url":"https:\/\/i0.wp.com\/kalot.com.mx\/site\/wp-content\/uploads\/2013\/12\/emociones-kalot.jpeg?fit=970%2C706&ssl=1","jetpack_shortlink":"https:\/\/wp.me\/p6IHEI-1YV","jetpack-related-posts":[{"id":6077,"url":"https:\/\/kalot.com.mx\/site\/2013\/11\/10\/procrastinacion-el-arte-de-dejar-lo-mas-importante-hasta-el-ultimo-momento-cultura\/","url_meta":{"origin":7621,"position":0},"title":"Procrastinaci\u00f3n; el arte de dejar lo m\u00e1s importante hasta el \u00faltimo momento #Cultura","author":"Rudy Marin","date":"10 noviembre, 2013","format":false,"excerpt":"\u00bfHas sentido alguna vez que sueles hacer las cosas m\u00e1s importantes hasta el \u00faltimo? O que es muy f\u00e1cil distraerte cuando est\u00e1s a punto de hacer o terminar una tarea importante, \u00bfNo? La procrastinacion es un defecto que en general tenemos los latinos con mayor frecuencia en relaci\u00f3n a otras\u2026","rel":"","context":"En &quot;Sin categor\u00eda&quot;","block_context":{"text":"Sin categor\u00eda","link":"https:\/\/kalot.com.mx\/site\/category\/sin-categoria\/"},"img":{"alt_text":"","src":"https:\/\/i0.wp.com\/kalot.com.mx\/site\/wp-content\/uploads\/2013\/11\/procrastinar.jpg?fit=640%2C421&ssl=1&resize=350%2C200","width":350,"height":200,"srcset":"https:\/\/i0.wp.com\/kalot.com.mx\/site\/wp-content\/uploads\/2013\/11\/procrastinar.jpg?fit=640%2C421&ssl=1&resize=350%2C200 1x, https:\/\/i0.wp.com\/kalot.com.mx\/site\/wp-content\/uploads\/2013\/11\/procrastinar.jpg?fit=640%2C421&ssl=1&resize=525%2C300 1.5x"},"classes":[]},{"id":14516,"url":"https:\/\/kalot.com.mx\/site\/2014\/04\/11\/como-carajos-presento\/","url_meta":{"origin":7621,"position":1},"title":"\u00bfC\u00f3mo carajos me presento?","author":"Alex Mart\u00ednez","date":"11 abril, 2014","format":false,"excerpt":"Las presentaciones y el hablar de uno mismo siempre es un paso dif\u00edcil para m\u00ed. Cuando nos preguntan quienes somos, solemos definirnos por un nombre, como \"soy \u00c1lex\" y creemos que eso dice mucho sobre nosotros como si ese nombre tuviera impl\u00edcito todo el contenido que guarda nuestro cerebro sobre\u2026","rel":"","context":"Entrada similar ","block_context":{"text":"Entrada similar ","link":""},"img":{"alt_text":"","src":"https:\/\/i0.wp.com\/kalot.com.mx\/site\/wp-content\/uploads\/2014\/04\/heres-the-trailer-for-the-new-cosmos-series-that-debuts-tomorrow.jpg?fit=1188%2C594&ssl=1&resize=350%2C200","width":350,"height":200,"srcset":"https:\/\/i0.wp.com\/kalot.com.mx\/site\/wp-content\/uploads\/2014\/04\/heres-the-trailer-for-the-new-cosmos-series-that-debuts-tomorrow.jpg?fit=1188%2C594&ssl=1&resize=350%2C200 1x, https:\/\/i0.wp.com\/kalot.com.mx\/site\/wp-content\/uploads\/2014\/04\/heres-the-trailer-for-the-new-cosmos-series-that-debuts-tomorrow.jpg?fit=1188%2C594&ssl=1&resize=525%2C300 1.5x, https:\/\/i0.wp.com\/kalot.com.mx\/site\/wp-content\/uploads\/2014\/04\/heres-the-trailer-for-the-new-cosmos-series-that-debuts-tomorrow.jpg?fit=1188%2C594&ssl=1&resize=700%2C400 2x, https:\/\/i0.wp.com\/kalot.com.mx\/site\/wp-content\/uploads\/2014\/04\/heres-the-trailer-for-the-new-cosmos-series-that-debuts-tomorrow.jpg?fit=1188%2C594&ssl=1&resize=1050%2C600 3x"},"classes":[]},{"id":4746,"url":"https:\/\/kalot.com.mx\/site\/2013\/10\/23\/bye-relaciones-enfermas-lleve-las-poperas-de-desapego\/","url_meta":{"origin":7621,"position":2},"title":"Bye relaciones enfermas, aqu\u00ed las poperas de desapego","author":"Christian Flores","date":"23 octubre, 2013","format":false,"excerpt":"En alg\u00fan post pasado escrib\u00ed sobre las canciones para dedicar cuando una relaci\u00f3n llega a su fin de una terrible manera. Mi intenci\u00f3n no era mal aconsejarlos pues ya me top\u00e9 con dos o tres quejas relacionadas con aquella publicaci\u00f3n, tratando de compensarlo de alguna manera con mis asiduos lectores\u2026","rel":"","context":"Entrada similar ","block_context":{"text":"Entrada similar ","link":""},"img":{"alt_text":"","src":"https:\/\/i0.wp.com\/kalot.com.mx\/site\/wp-content\/uploads\/2013\/10\/tumblr_mko16dYPz41qcnn8do1_500.jpg?fit=500%2C512&ssl=1&resize=350%2C200","width":350,"height":200},"classes":[]},{"id":21197,"url":"https:\/\/kalot.com.mx\/site\/2015\/04\/22\/asi-vivimos-el-xv-festival-de-san-luis\/","url_meta":{"origin":7621,"position":3},"title":"As\u00ed vivimos el XV Festival de San Luis","author":"Jounne Gallardox","date":"22 abril, 2015","format":false,"excerpt":"Hace una semana y media se clausur\u00f3 el XV Festival de San Luis, mi agenda a veces me hace dif\u00edcil las cosas, pero no iba a dejar de compartir con ustedes como lo vivimos. Como todo evento es natural que cuente con fallas t\u00e9cnicas, en este caso es bien sabido\u2026","rel":"","context":"Entrada similar ","block_context":{"text":"Entrada similar ","link":""},"img":{"alt_text":"","src":"https:\/\/i0.wp.com\/kalot.com.mx\/site\/wp-content\/uploads\/2015\/04\/IMG_29831.jpg?fit=1200%2C800&ssl=1&resize=350%2C200","width":350,"height":200,"srcset":"https:\/\/i0.wp.com\/kalot.com.mx\/site\/wp-content\/uploads\/2015\/04\/IMG_29831.jpg?fit=1200%2C800&ssl=1&resize=350%2C200 1x, https:\/\/i0.wp.com\/kalot.com.mx\/site\/wp-content\/uploads\/2015\/04\/IMG_29831.jpg?fit=1200%2C800&ssl=1&resize=525%2C300 1.5x, https:\/\/i0.wp.com\/kalot.com.mx\/site\/wp-content\/uploads\/2015\/04\/IMG_29831.jpg?fit=1200%2C800&ssl=1&resize=700%2C400 2x, https:\/\/i0.wp.com\/kalot.com.mx\/site\/wp-content\/uploads\/2015\/04\/IMG_29831.jpg?fit=1200%2C800&ssl=1&resize=1050%2C600 3x"},"classes":[]},{"id":3457,"url":"https:\/\/kalot.com.mx\/site\/2013\/10\/08\/tips-creatividad\/","url_meta":{"origin":7621,"position":4},"title":"#Tips para elevar tu creatividad","author":"Karenina Gonzalez","date":"8 octubre, 2013","format":false,"excerpt":"Hola, pensando en qu\u00e9 contenido era bueno para compartirles, atraves\u00e9 por un \"bloqueo creativo\". \u00bfLes ha pasado? ... \u00a1Es terrible! :-( Entonces record\u00e9 que alguna vez hab\u00eda le\u00eddo y escrito un post con tips para elevar tu creatividad. As\u00ed que decid\u00ed que antes que otra cosa, se los quiero compartir\u2026","rel":"","context":"Entrada similar ","block_context":{"text":"Entrada similar ","link":""},"img":{"alt_text":"Tips para ser creativo","src":"https:\/\/i0.wp.com\/kalot.com.mx\/site\/wp-content\/uploads\/2013\/10\/idea.jpg?fit=568%2C458&ssl=1&resize=350%2C200","width":350,"height":200,"srcset":"https:\/\/i0.wp.com\/kalot.com.mx\/site\/wp-content\/uploads\/2013\/10\/idea.jpg?fit=568%2C458&ssl=1&resize=350%2C200 1x, https:\/\/i0.wp.com\/kalot.com.mx\/site\/wp-content\/uploads\/2013\/10\/idea.jpg?fit=568%2C458&ssl=1&resize=525%2C300 1.5x"},"classes":[]},{"id":17628,"url":"https:\/\/kalot.com.mx\/site\/2014\/08\/16\/cinco-razones-para-ver-cronica-de-castas\/","url_meta":{"origin":7621,"position":5},"title":"Cinco Razones Para Ver &#8220;Cr\u00f3nica de Castas&#8221;","author":"Ivan Mendez","date":"16 agosto, 2014","format":false,"excerpt":"siempre lo he dicho y lo puedo seguir repitiendo muchas veces. Me encantan las series reales y actuales. De las que hablan de las sociedad mexicana o de la extranjera, no hay porblema en eso. Recordando que hice una entrada mas o menos igual sobre \"Orange Is The New Black\".\u2026","rel":"","context":"Entrada similar ","block_context":{"text":"Entrada similar ","link":""},"img":{"alt_text":"","src":"https:\/\/i0.wp.com\/kalot.com.mx\/site\/wp-content\/uploads\/2014\/08\/wallpaper_grande5.jpg?fit=1200%2C675&ssl=1&resize=350%2C200","width":350,"height":200,"srcset":"https:\/\/i0.wp.com\/kalot.com.mx\/site\/wp-content\/uploads\/2014\/08\/wallpaper_grande5.jpg?fit=1200%2C675&ssl=1&resize=350%2C200 1x, https:\/\/i0.wp.com\/kalot.com.mx\/site\/wp-content\/uploads\/2014\/08\/wallpaper_grande5.jpg?fit=1200%2C675&ssl=1&resize=525%2C300 1.5x, https:\/\/i0.wp.com\/kalot.com.mx\/site\/wp-content\/uploads\/2014\/08\/wallpaper_grande5.jpg?fit=1200%2C675&ssl=1&resize=700%2C400 2x, https:\/\/i0.wp.com\/kalot.com.mx\/site\/wp-content\/uploads\/2014\/08\/wallpaper_grande5.jpg?fit=1200%2C675&ssl=1&resize=1050%2C600 3x"},"classes":[]}],"jetpack_sharing_enabled":true,"_links":{"self":[{"href":"https:\/\/kalot.com.mx\/site\/wp-json\/wp\/v2\/posts\/7621","targetHints":{"allow":["GET"]}}],"collection":[{"href":"https:\/\/kalot.com.mx\/site\/wp-json\/wp\/v2\/posts"}],"about":[{"href":"https:\/\/kalot.com.mx\/site\/wp-json\/wp\/v2\/types\/post"}],"author":[{"embeddable":true,"href":"https:\/\/kalot.com.mx\/site\/wp-json\/wp\/v2\/users\/8"}],"replies":[{"embeddable":true,"href":"https:\/\/kalot.com.mx\/site\/wp-json\/wp\/v2\/comments?post=7621"}],"version-history":[{"count":0,"href":"https:\/\/kalot.com.mx\/site\/wp-json\/wp\/v2\/posts\/7621\/revisions"}],"wp:featuredmedia":[{"embeddable":true,"href":"https:\/\/kalot.com.mx\/site\/wp-json\/wp\/v2\/media\/7622"}],"wp:attachment":[{"href":"https:\/\/kalot.com.mx\/site\/wp-json\/wp\/v2\/media?parent=7621"}],"wp:term":[{"taxonomy":"category","embeddable":true,"href":"https:\/\/kalot.com.mx\/site\/wp-json\/wp\/v2\/categories?post=7621"},{"taxonomy":"post_tag","embeddable":true,"href":"https:\/\/kalot.com.mx\/site\/wp-json\/wp\/v2\/tags?post=7621"}],"curies":[{"name":"wp","href":"https:\/\/api.w.org\/{rel}","templated":true}]}}