{"id":7604,"date":"2013-12-06T00:16:05","date_gmt":"2013-12-06T06:16:05","guid":{"rendered":"http:\/\/www.kalot.com.mx\/?p=7604"},"modified":"2013-12-06T00:16:05","modified_gmt":"2013-12-06T06:16:05","slug":"hola-soy-miguel","status":"publish","type":"post","link":"https:\/\/kalot.com.mx\/site\/2013\/12\/06\/hola-soy-miguel\/","title":{"rendered":"\u00a1Hola!, soy Miguel"},"content":{"rendered":"<p>\u00a1Qu\u00e9 tal mundo!, estoy contento por encontrar un espacio para compartir ideas como lo es Kalot. Mi nombre es Miguel \u00c1ngel Jasso Mej\u00eda, soy Lic. en Comunicaci\u00f3n por la Facultad de Estudios Superiores Acatl\u00e1n, UNAM; actualmente curso un diplomado de dise\u00f1o web y hago trabajo freelance. Vivo en el municipio de Naucalpan.<\/p>\n<p>Tambi\u00e9n tengo estudios en m\u00fasica cl\u00e1sica por la Escuela de Bellas Artes de Naucalpan, me especialic\u00e9 en guitarra cl\u00e1sica; amo la m\u00fasica, toco en una banda de rock original (Silencio Interno); me gusta cantar, hacer arreglos, coros, caminar, platicar y viajar. En especial conocer los pueblos m\u00e1gicos que hay en nuestro pa\u00eds.<\/p>\n<p>Espero que tengamos muchas conversaciones textuales enriquecedoras por este medio y -por qu\u00e9 no- tambi\u00e9n offline. Nuevamente les doy las gracias por recibirme en este espacio.<\/p>\n<p>&nbsp;<\/p>\n","protected":false},"excerpt":{"rendered":"\u00a1Qu\u00e9 tal mundo!, estoy contento por encontrar un espacio para compartir ideas como lo es Kalot. Mi nombre&hellip;\n","protected":false},"author":64,"featured_media":0,"comment_status":"open","ping_status":"open","sticky":false,"template":"","format":"standard","meta":{"jetpack_post_was_ever_published":false,"_jetpack_newsletter_access":"","_jetpack_dont_email_post_to_subs":false,"_jetpack_newsletter_tier_id":0,"_jetpack_memberships_contains_paywalled_content":false,"_jetpack_memberships_contains_paid_content":false,"footnotes":"","jetpack_publicize_message":"","jetpack_publicize_feature_enabled":true,"jetpack_social_post_already_shared":true,"jetpack_social_options":{"image_generator_settings":{"template":"highway","default_image_id":0,"font":"","enabled":false},"version":2}},"categories":[],"tags":[],"class_list":{"0":"post-7604","1":"post","2":"type-post","3":"status-publish","4":"format-standard","6":"cs-entry","7":"cs-video-wrap"},"yoast_head":"<!-- This site is optimized with the Yoast SEO plugin v27.5 - https:\/\/yoast.com\/product\/yoast-seo-wordpress\/ -->\n<title>\u00a1Hola!, soy Miguel - Kalot<\/title>\n<meta name=\"description\" content=\"\u00a1Qu\u00e9 tal mundo!, estoy contento por encontrar un espacio para compartir ideas como lo es Kalot. Mi nombre es Miguel \u00c1ngel Jasso Mej\u00eda, soy Lic. en\" \/>\n<meta name=\"robots\" content=\"index, follow, max-snippet:-1, max-image-preview:large, max-video-preview:-1\" \/>\n<link rel=\"canonical\" href=\"https:\/\/kalot.com.mx\/site\/2013\/12\/06\/hola-soy-miguel\/\" \/>\n<meta property=\"og:locale\" content=\"es_MX\" \/>\n<meta property=\"og:type\" content=\"article\" \/>\n<meta property=\"og:title\" content=\"\u00a1Hola!, soy Miguel - Kalot\" \/>\n<meta property=\"og:description\" content=\"\u00a1Qu\u00e9 tal mundo!, estoy contento por encontrar un espacio para compartir ideas como lo es Kalot. Mi nombre es Miguel \u00c1ngel Jasso Mej\u00eda, soy Lic. en\" \/>\n<meta property=\"og:url\" content=\"https:\/\/kalot.com.mx\/site\/2013\/12\/06\/hola-soy-miguel\/\" \/>\n<meta property=\"og:site_name\" content=\"Kalot\" \/>\n<meta property=\"article:publisher\" content=\"http:\/\/facebook.com\/mxkalot\" \/>\n<meta property=\"article:published_time\" content=\"2013-12-06T06:16:05+00:00\" \/>\n<meta property=\"og:image\" content=\"https:\/\/i0.wp.com\/kalot.com.mx\/site\/wp-content\/uploads\/2014\/12\/kalot-logo-big.png?fit=600%2C356&ssl=1\" \/>\n\t<meta property=\"og:image:width\" content=\"600\" \/>\n\t<meta property=\"og:image:height\" content=\"356\" \/>\n\t<meta property=\"og:image:type\" content=\"image\/png\" \/>\n<meta name=\"author\" content=\"Miguel Jasso\" \/>\n<meta name=\"twitter:card\" content=\"summary_large_image\" \/>\n<meta name=\"twitter:creator\" content=\"@kalotmx\" \/>\n<meta name=\"twitter:site\" content=\"@kalotmx\" \/>\n<meta name=\"twitter:label1\" content=\"Escrito por\" \/>\n\t<meta name=\"twitter:data1\" content=\"Miguel Jasso\" \/>\n\t<meta name=\"twitter:label2\" content=\"Tiempo de lectura\" \/>\n\t<meta name=\"twitter:data2\" content=\"1 minuto\" \/>\n<!-- \/ Yoast SEO plugin. -->","yoast_head_json":{"title":"\u00a1Hola!, soy Miguel - Kalot","description":"\u00a1Qu\u00e9 tal mundo!, estoy contento por encontrar un espacio para compartir ideas como lo es Kalot. Mi nombre es Miguel \u00c1ngel Jasso Mej\u00eda, soy Lic. en","robots":{"index":"index","follow":"follow","max-snippet":"max-snippet:-1","max-image-preview":"max-image-preview:large","max-video-preview":"max-video-preview:-1"},"canonical":"https:\/\/kalot.com.mx\/site\/2013\/12\/06\/hola-soy-miguel\/","og_locale":"es_MX","og_type":"article","og_title":"\u00a1Hola!, soy Miguel - Kalot","og_description":"\u00a1Qu\u00e9 tal mundo!, estoy contento por encontrar un espacio para compartir ideas como lo es Kalot. Mi nombre es Miguel \u00c1ngel Jasso Mej\u00eda, soy Lic. en","og_url":"https:\/\/kalot.com.mx\/site\/2013\/12\/06\/hola-soy-miguel\/","og_site_name":"Kalot","article_publisher":"http:\/\/facebook.com\/mxkalot","article_published_time":"2013-12-06T06:16:05+00:00","og_image":[{"width":600,"height":356,"url":"https:\/\/i0.wp.com\/kalot.com.mx\/site\/wp-content\/uploads\/2014\/12\/kalot-logo-big.png?fit=600%2C356&ssl=1","type":"image\/png"}],"author":"Miguel Jasso","twitter_card":"summary_large_image","twitter_creator":"@kalotmx","twitter_site":"@kalotmx","twitter_misc":{"Escrito por":"Miguel Jasso","Tiempo de lectura":"1 minuto"},"schema":{"@context":"https:\/\/schema.org","@graph":[{"@type":"Article","@id":"https:\/\/kalot.com.mx\/site\/2013\/12\/06\/hola-soy-miguel\/#article","isPartOf":{"@id":"https:\/\/kalot.com.mx\/site\/2013\/12\/06\/hola-soy-miguel\/"},"author":{"name":"Miguel Jasso","@id":"https:\/\/kalot.com.mx\/site\/#\/schema\/person\/6e4947efaa0948be4e626fce853f0b59"},"headline":"\u00a1Hola!, soy Miguel","datePublished":"2013-12-06T06:16:05+00:00","mainEntityOfPage":{"@id":"https:\/\/kalot.com.mx\/site\/2013\/12\/06\/hola-soy-miguel\/"},"wordCount":146,"commentCount":0,"publisher":{"@id":"https:\/\/kalot.com.mx\/site\/#organization"},"inLanguage":"es","potentialAction":[{"@type":"CommentAction","name":"Comment","target":["https:\/\/kalot.com.mx\/site\/2013\/12\/06\/hola-soy-miguel\/#respond"]}]},{"@type":"WebPage","@id":"https:\/\/kalot.com.mx\/site\/2013\/12\/06\/hola-soy-miguel\/","url":"https:\/\/kalot.com.mx\/site\/2013\/12\/06\/hola-soy-miguel\/","name":"\u00a1Hola!, soy Miguel - Kalot","isPartOf":{"@id":"https:\/\/kalot.com.mx\/site\/#website"},"datePublished":"2013-12-06T06:16:05+00:00","description":"\u00a1Qu\u00e9 tal mundo!, estoy contento por encontrar un espacio para compartir ideas como lo es Kalot. Mi nombre es Miguel \u00c1ngel Jasso Mej\u00eda, soy Lic. en","breadcrumb":{"@id":"https:\/\/kalot.com.mx\/site\/2013\/12\/06\/hola-soy-miguel\/#breadcrumb"},"inLanguage":"es","potentialAction":[{"@type":"ReadAction","target":["https:\/\/kalot.com.mx\/site\/2013\/12\/06\/hola-soy-miguel\/"]}]},{"@type":"BreadcrumbList","@id":"https:\/\/kalot.com.mx\/site\/2013\/12\/06\/hola-soy-miguel\/#breadcrumb","itemListElement":[{"@type":"ListItem","position":1,"name":"Home","item":"https:\/\/kalot.com.mx\/site\/"},{"@type":"ListItem","position":2,"name":"\u00a1Hola!, soy Miguel"}]},{"@type":"WebSite","@id":"https:\/\/kalot.com.mx\/site\/#website","url":"https:\/\/kalot.com.mx\/site\/","name":"Kalot","description":"Conoce Todo Sobre Todo","publisher":{"@id":"https:\/\/kalot.com.mx\/site\/#organization"},"potentialAction":[{"@type":"SearchAction","target":{"@type":"EntryPoint","urlTemplate":"https:\/\/kalot.com.mx\/site\/?s={search_term_string}"},"query-input":{"@type":"PropertyValueSpecification","valueRequired":true,"valueName":"search_term_string"}}],"inLanguage":"es"},{"@type":"Organization","@id":"https:\/\/kalot.com.mx\/site\/#organization","name":"Kalot","url":"https:\/\/kalot.com.mx\/site\/","logo":{"@type":"ImageObject","inLanguage":"es","@id":"https:\/\/kalot.com.mx\/site\/#\/schema\/logo\/image\/","url":"https:\/\/i0.wp.com\/kalot.com.mx\/site\/wp-content\/uploads\/2020\/04\/Kalot-logo-sin-tagline.png?fit=1707%2C1014&ssl=1","contentUrl":"https:\/\/i0.wp.com\/kalot.com.mx\/site\/wp-content\/uploads\/2020\/04\/Kalot-logo-sin-tagline.png?fit=1707%2C1014&ssl=1","width":1707,"height":1014,"caption":"Kalot"},"image":{"@id":"https:\/\/kalot.com.mx\/site\/#\/schema\/logo\/image\/"},"sameAs":["http:\/\/facebook.com\/mxkalot","https:\/\/x.com\/kalotmx","http:\/\/instagram.com\/kalotmx","http:\/\/pinterest.com\/jorgeerana\/kalot"]},{"@type":"Person","@id":"https:\/\/kalot.com.mx\/site\/#\/schema\/person\/6e4947efaa0948be4e626fce853f0b59","name":"Miguel Jasso","image":{"@type":"ImageObject","inLanguage":"es","@id":"https:\/\/secure.gravatar.com\/avatar\/7640e3b08fab263f2846dac4e06b272bb224989ecdf79688f2ab3fec848c6841?s=96&d=mm&r=g","url":"https:\/\/secure.gravatar.com\/avatar\/7640e3b08fab263f2846dac4e06b272bb224989ecdf79688f2ab3fec848c6841?s=96&d=mm&r=g","contentUrl":"https:\/\/secure.gravatar.com\/avatar\/7640e3b08fab263f2846dac4e06b272bb224989ecdf79688f2ab3fec848c6841?s=96&d=mm&r=g","caption":"Miguel Jasso"},"description":"Lic. en Comunicaci\u00f3n por la @FES_ACATLAN UNAM | Investigador Social | Autodidacta | Amo cantar | Aprendiz de Social Media | Naucalpan, Estado de M\u00e9xico","url":"https:\/\/kalot.com.mx\/site\/author\/miguel\/"}]}},"jetpack_publicize_connections":[],"jetpack_featured_media_url":"","jetpack_shortlink":"https:\/\/wp.me\/p6IHEI-1YE","jetpack-related-posts":[{"id":25845,"url":"https:\/\/kalot.com.mx\/site\/2016\/08\/23\/la-serie-clasica-batman-tendra-pelicula-animada\/","url_meta":{"origin":7604,"position":0},"title":"La serie cl\u00e1sica de Batman tendr\u00e1 pel\u00edcula animada","author":"yash","date":"23 agosto, 2016","format":false,"excerpt":"El hombre murci\u00e9lago de 1966 volver\u00e1 una vez m\u00e1s a la pantalla y en esta ocasi\u00f3n lo hace de una forma especial: Una pel\u00edcula animada. Bruno D\u00edaz y Ricardo Tapia est\u00e1n de regreso, las capas y los trajes ajustados tambi\u00e9n, la m\u00fasica de los 60 vuelve recargada para ofrecernos un\u2026","rel":"","context":"En &quot;Cine&quot;","block_context":{"text":"Cine","link":"https:\/\/kalot.com.mx\/site\/category\/cine\/"},"img":{"alt_text":"","src":"https:\/\/i0.wp.com\/kalot.com.mx\/site\/wp-content\/uploads\/2016\/08\/BatmanCapedCrusaders.png?fit=1200%2C674&ssl=1&resize=350%2C200","width":350,"height":200,"srcset":"https:\/\/i0.wp.com\/kalot.com.mx\/site\/wp-content\/uploads\/2016\/08\/BatmanCapedCrusaders.png?fit=1200%2C674&ssl=1&resize=350%2C200 1x, https:\/\/i0.wp.com\/kalot.com.mx\/site\/wp-content\/uploads\/2016\/08\/BatmanCapedCrusaders.png?fit=1200%2C674&ssl=1&resize=525%2C300 1.5x, https:\/\/i0.wp.com\/kalot.com.mx\/site\/wp-content\/uploads\/2016\/08\/BatmanCapedCrusaders.png?fit=1200%2C674&ssl=1&resize=700%2C400 2x, https:\/\/i0.wp.com\/kalot.com.mx\/site\/wp-content\/uploads\/2016\/08\/BatmanCapedCrusaders.png?fit=1200%2C674&ssl=1&resize=1050%2C600 3x"},"classes":[]},{"id":7030,"url":"https:\/\/kalot.com.mx\/site\/2013\/11\/24\/marvel-redisenando-la-grandeza\/","url_meta":{"origin":7604,"position":1},"title":"MARVEL: Redise\u00f1ando la grandeza","author":"Edgar Villanueva","date":"24 noviembre, 2013","format":false,"excerpt":"Despu\u00e9s de 11 a\u00f1os de la creaci\u00f3n del logotipo de la firma estadounidense (mostrado por primera vez para la pel\u00edcula de Spiderman) se ha decidido hacer un redise\u00f1o de su imagen aprovechando que en \u00a0su ultima pel\u00edcula (Thor: El mundo oscuro) ya no se muestran los logotipos de estudios o\u2026","rel":"","context":"Con 1 comentario","block_context":{"text":"Con 1 comentario","link":"https:\/\/kalot.com.mx\/site\/2013\/11\/24\/marvel-redisenando-la-grandeza\/#comments"},"img":{"alt_text":"","src":"https:\/\/i0.wp.com\/kalot.com.mx\/site\/wp-content\/uploads\/2013\/11\/marvel_studios_logo.jpg?fit=575%2C323&ssl=1&resize=350%2C200","width":350,"height":200,"srcset":"https:\/\/i0.wp.com\/kalot.com.mx\/site\/wp-content\/uploads\/2013\/11\/marvel_studios_logo.jpg?fit=575%2C323&ssl=1&resize=350%2C200 1x, https:\/\/i0.wp.com\/kalot.com.mx\/site\/wp-content\/uploads\/2013\/11\/marvel_studios_logo.jpg?fit=575%2C323&ssl=1&resize=525%2C300 1.5x"},"classes":[]},{"id":553,"url":"https:\/\/kalot.com.mx\/site\/2013\/09\/04\/padawan\/","url_meta":{"origin":7604,"position":2},"title":"Padawan","author":"Omar Herrera","date":"4 septiembre, 2013","format":false,"excerpt":"Como todo lo que hago y al parecer se ha vuelto una costumbre: CASI llego tarde. Pero ayer fue un buen d\u00eda porque gracias a este blog me di cuenta de que hay gente de mi ciudad y de mi edad que comparte mis pasiones y hobbies en una manera\u2026","rel":"","context":"Con 7 comentarios","block_context":{"text":"Con 7 comentarios","link":"https:\/\/kalot.com.mx\/site\/2013\/09\/04\/padawan\/#comments"},"img":{"alt_text":"","src":"https:\/\/i0.wp.com\/kalot.com.mx\/site\/wp-content\/uploads\/2013\/09\/woody-allen-2.jpg?fit=873%2C1200&ssl=1&resize=350%2C200","width":350,"height":200,"srcset":"https:\/\/i0.wp.com\/kalot.com.mx\/site\/wp-content\/uploads\/2013\/09\/woody-allen-2.jpg?fit=873%2C1200&ssl=1&resize=350%2C200 1x, https:\/\/i0.wp.com\/kalot.com.mx\/site\/wp-content\/uploads\/2013\/09\/woody-allen-2.jpg?fit=873%2C1200&ssl=1&resize=525%2C300 1.5x, https:\/\/i0.wp.com\/kalot.com.mx\/site\/wp-content\/uploads\/2013\/09\/woody-allen-2.jpg?fit=873%2C1200&ssl=1&resize=700%2C400 2x"},"classes":[]},{"id":18665,"url":"https:\/\/kalot.com.mx\/site\/2014\/10\/26\/hola-seguidores-de-kalot-2\/","url_meta":{"origin":7604,"position":3},"title":"Hola seguidores de Kalot.","author":"Aldo L\u00f3pez","date":"26 octubre, 2014","format":false,"excerpt":"Mi nombre es Aldo L\u00f3pez, hoy decid\u00ed unirme al grupo de editores. Acerca de mi persona les cuento que soy un apasionado de varios temas de investigaci\u00f3n y entretenimiento, me fascina todo tipo de literatura que vaya desde los comics hasta las novelas de diferentes g\u00e9neros. Me gusta encontrar arte,\u2026","rel":"","context":"En &quot;Sin categor\u00eda&quot;","block_context":{"text":"Sin categor\u00eda","link":"https:\/\/kalot.com.mx\/site\/category\/sin-categoria\/"},"img":{"alt_text":"","src":"https:\/\/i0.wp.com\/kalot.com.mx\/site\/wp-content\/uploads\/2014\/10\/grav2.jpg?fit=453%2C604&ssl=1&resize=350%2C200","width":350,"height":200},"classes":[]},{"id":23476,"url":"https:\/\/kalot.com.mx\/site\/2015\/09\/15\/the-beatles-1\/","url_meta":{"origin":7604,"position":4},"title":"The Beatles 1","author":"Armando Ortiz","date":"15 septiembre, 2015","format":false,"excerpt":"Para los amantes de los FabFour, les tenemos una excelente noticia.\u00a0Llega la colecci\u00f3n de n\u00fameros 1 de The Beatles en video, vendr\u00e1 en formato DVD y Blu-Ray, acompa\u00f1ados de la ya cl\u00e1sica versi\u00f3n de lujo que incluye un libro de 124 p\u00e1ginas completamente ilustradas. La m\u00fasica est\u00e1 remasterizada en un\u2026","rel":"","context":"En &quot;M\u00fasica&quot;","block_context":{"text":"M\u00fasica","link":"https:\/\/kalot.com.mx\/site\/category\/musica\/"},"img":{"alt_text":"","src":"https:\/\/i0.wp.com\/kalot.com.mx\/site\/wp-content\/uploads\/2015\/09\/1beatle.jpg?fit=400%2C359&ssl=1&resize=350%2C200","width":350,"height":200},"classes":[]},{"id":30795,"url":"https:\/\/kalot.com.mx\/site\/2018\/12\/09\/canciones-en-espanol-para-decirle-adios-de-una-vez-por-todas-a-ese-pasado\/","url_meta":{"origin":7604,"position":5},"title":"Canciones en espa\u00f1ol para decirle adi\u00f3s de una vez por todas a ese pasado","author":"Nelly Gonz\u00e1lez Tapia","date":"9 diciembre, 2018","format":false,"excerpt":"Himnos para superar la ruptura cantados por mujeres Ya no est\u00e1 m\u00e1s, se fue. Se termin\u00f3 el cuento de hadas, pr\u00edncipes y felicidad eterna o cual sea tu idea de amor rom\u00e1ntico que so\u00f1aste alguna vez.Por salud mental, emocional y hasta f\u00edsica es preciso decir adi\u00f3s, dejar el pasado donde\u2026","rel":"","context":"En &quot;M\u00fasica&quot;","block_context":{"text":"M\u00fasica","link":"https:\/\/kalot.com.mx\/site\/category\/musica\/"},"img":{"alt_text":"","src":"https:\/\/i0.wp.com\/kalot.com.mx\/site\/wp-content\/uploads\/2018\/12\/daniela-spalla.jpg?fit=1120%2C581&ssl=1&resize=350%2C200","width":350,"height":200,"srcset":"https:\/\/i0.wp.com\/kalot.com.mx\/site\/wp-content\/uploads\/2018\/12\/daniela-spalla.jpg?fit=1120%2C581&ssl=1&resize=350%2C200 1x, https:\/\/i0.wp.com\/kalot.com.mx\/site\/wp-content\/uploads\/2018\/12\/daniela-spalla.jpg?fit=1120%2C581&ssl=1&resize=525%2C300 1.5x, https:\/\/i0.wp.com\/kalot.com.mx\/site\/wp-content\/uploads\/2018\/12\/daniela-spalla.jpg?fit=1120%2C581&ssl=1&resize=700%2C400 2x, https:\/\/i0.wp.com\/kalot.com.mx\/site\/wp-content\/uploads\/2018\/12\/daniela-spalla.jpg?fit=1120%2C581&ssl=1&resize=1050%2C600 3x"},"classes":[]}],"jetpack_sharing_enabled":true,"_links":{"self":[{"href":"https:\/\/kalot.com.mx\/site\/wp-json\/wp\/v2\/posts\/7604","targetHints":{"allow":["GET"]}}],"collection":[{"href":"https:\/\/kalot.com.mx\/site\/wp-json\/wp\/v2\/posts"}],"about":[{"href":"https:\/\/kalot.com.mx\/site\/wp-json\/wp\/v2\/types\/post"}],"author":[{"embeddable":true,"href":"https:\/\/kalot.com.mx\/site\/wp-json\/wp\/v2\/users\/64"}],"replies":[{"embeddable":true,"href":"https:\/\/kalot.com.mx\/site\/wp-json\/wp\/v2\/comments?post=7604"}],"version-history":[{"count":0,"href":"https:\/\/kalot.com.mx\/site\/wp-json\/wp\/v2\/posts\/7604\/revisions"}],"wp:attachment":[{"href":"https:\/\/kalot.com.mx\/site\/wp-json\/wp\/v2\/media?parent=7604"}],"wp:term":[{"taxonomy":"category","embeddable":true,"href":"https:\/\/kalot.com.mx\/site\/wp-json\/wp\/v2\/categories?post=7604"},{"taxonomy":"post_tag","embeddable":true,"href":"https:\/\/kalot.com.mx\/site\/wp-json\/wp\/v2\/tags?post=7604"}],"curies":[{"name":"wp","href":"https:\/\/api.w.org\/{rel}","templated":true}]}}