{"id":7481,"date":"2013-12-03T16:31:47","date_gmt":"2013-12-03T22:31:47","guid":{"rendered":"http:\/\/www.kalot.com.mx\/?p=7481"},"modified":"2017-12-20T10:57:29","modified_gmt":"2017-12-20T16:57:29","slug":"distorsion","status":"publish","type":"post","link":"https:\/\/kalot.com.mx\/site\/2013\/12\/03\/distorsion\/","title":{"rendered":"Distorsi\u00f3n"},"content":{"rendered":"<p style=\"text-align: justify\"><span style=\"color: #800080\">[dropcap size=big]H[\/dropcap]<\/span>ola soy Mar\u00eda Elisa, para algunos Mar\u00eda y para otros Elisa; tengo 19 a\u00f1os, mido 1.64, peso 51 kilos y no \u00a0me gusta mi nariz, ni mis dientes, mucho menos mis manos y ni se me olvidan mis pies, mis piernas son muy flacas y arqueadas, ni mencionar mis ojos que son chiquititos, mis pesta\u00f1as son microsc\u00f3picas, tengo mucho cabello, y se me esponja mucho; mis cachetes son muy grandes, mis brazos demasiado flacos y chuecos, mi abdomen podr\u00eda ser m\u00e1s plano ojal\u00e1 lo que me sobra en el abdomen se fuera a mis pompis, en mi cuerpo hay estr\u00edas y lunares que no me gustan\u2026<\/p>\n<p style=\"text-align: justify\">\u00bfCu\u00e1ntas \u00a0veces no hemos escuchado estas palabras de una persona? Actualmente 9 de cada 10 personas que presentan des\u00f3rdenes alimenticios en Am\u00e9rica Latina son mujeres, y M\u00e9xico, con m\u00e1s de un mill\u00f3n de casos conocidos; encabeza la lista de los pa\u00edses Latino Americanos con m\u00e1s trastornos alimenticios, ya sean anorexia, bulimia o trastornos por atranc\u00f3n. Latino Am\u00e9rica ya dej\u00f3 atr\u00e1s a pa\u00edses como Estados Unidos y Canad\u00e1, y lo que m\u00e1s tristeza da me da es que afecta desde ni\u00f1as a adolescentes y mujeres menores de 24 a\u00f1os.<\/p>\n<p style=\"text-align: justify\">Las cifras son espeluznantes, preocupantes y adem\u00e1s del hecho de que una de cada cinco personas que padece y sufre a causa de anorexia o bulimia puede morir, adem\u00e1s los y las que padecen de cualquiera de \u00e9stos problemas (ya se anorexia o bulimia) pueden padecer de problemas cardiacos o renales, pueden presentar osteoporosis, producci\u00f3n excesiva de vello y hasta la p\u00e9rdida de la menstruaci\u00f3n.<\/p>\n<p style=\"text-align: justify\">Su calidad de vida disminuye, pueden hasta surgir problemas familiares, o peor a\u00fan; no se quieren, les aborrece la idea de verse al espejo, de tener que vivir otro d\u00eda m\u00e1s en ese cuerpo que tanto aborrecen y que las hace sentirse inc\u00f3modas, tristes, desoladas.<\/p>\n<p style=\"text-align: justify\">Comer para ellas es un tormento, a veces un m\u00e9todo de escape, una obligaci\u00f3n. No les gusta. No entienden por qu\u00e9 les pasa eso.<\/p>\n<p style=\"text-align: justify\">Tienen que ir al doctor, tienen miedo y saben bien qu\u00e9 es lo que sigue, las van a pesar; pero no importa porque saben c\u00f3mo pueden disfrazar esos kilos (que a ellas no les parece ni siquiera gramos) que perdieron, saben hasta que blusa ponerse, d\u00f3nde colocar las pesitas, o hasta tomar un litro de agua y con eso pegarle a dos p\u00e1jaros de un tiro: pesan m\u00e1s y se ven un poco m\u00e1s rellenas.<\/p>\n<p style=\"text-align: justify\">Por el momento ya le ganaron al doctor, se sienten ganadoras por haber logrado enga\u00f1arlo, pobre iluso, se dicen a s\u00ed mismas. Pero saben que la sensaci\u00f3n no va a durarles mucho, el momento en el que lleguen a casa saben que van a volver a sentir el vac\u00edo, van a querer romper todos los espejos, las ventanas y los lugares donde puedan verse reflejadas. Al final s\u00f3lo est\u00e1n ellas, ellas y estos demonios que las atormentan. Tratan y tratan pero saben que al final son sus demonios los que ganan, siempre lo hacen; as\u00ed que se rinden, sucumben ante la presi\u00f3n, y empiezan a sentir de nuevo como sus d\u00e9biles y fr\u00e1giles cuerpos comienzan a decaer, a derrumbarse.<\/p>\n<p style=\"text-align: justify\">Ya tocaron fondo pero no saben si van a poder salir de esa.<\/p>\n<p style=\"text-align: justify\">\u00bfPor qu\u00e9 no las ayuda alguien?, \u00bfpor qu\u00e9 no pueden salir?<\/p>\n<p style=\"text-align: justify\">No se dan cuenta de que casa cabello, cada marca y hasta cada gordito o lonjita que sus cuerpos tienen en sus cuerpos son bellos, \u00fanicos.<\/p>\n<figure id=\"attachment_7498\" aria-describedby=\"caption-attachment-7498\" style=\"width: 300px\" class=\"wp-caption alignnone\"><a href=\"https:\/\/i0.wp.com\/www.kalot.com.mx\/wp-content\/uploads\/2013\/12\/thinspo.jpg\"><img decoding=\"async\" data-attachment-id=\"7498\" data-permalink=\"https:\/\/kalot.com.mx\/site\/2013\/12\/03\/distorsion\/thinspo\/\" data-orig-file=\"https:\/\/i0.wp.com\/kalot.com.mx\/site\/wp-content\/uploads\/2013\/12\/thinspo.jpg?fit=640%2C310&amp;ssl=1\" data-orig-size=\"640,310\" data-comments-opened=\"1\" data-image-meta=\"{&quot;aperture&quot;:&quot;0&quot;,&quot;credit&quot;:&quot;&quot;,&quot;camera&quot;:&quot;&quot;,&quot;caption&quot;:&quot;&quot;,&quot;created_timestamp&quot;:&quot;0&quot;,&quot;copyright&quot;:&quot;&quot;,&quot;focal_length&quot;:&quot;0&quot;,&quot;iso&quot;:&quot;0&quot;,&quot;shutter_speed&quot;:&quot;0&quot;,&quot;title&quot;:&quot;&quot;,&quot;orientation&quot;:&quot;0&quot;}\" data-image-title=\"thinspo\" data-image-description=\"\" data-image-caption=\"&lt;p&gt;El 57% de los adolescentes pueden llegar a tener una vida normal con tratamiento m\u00e9dico, el 40% presenta una curaci\u00f3n total, mientras que el 3% de los adolescentes fallecen antes de empezar alg\u00fan tipo de tratamiento. &lt;\/p&gt;\n\" data-large-file=\"https:\/\/i0.wp.com\/kalot.com.mx\/site\/wp-content\/uploads\/2013\/12\/thinspo.jpg?fit=640%2C310&amp;ssl=1\" class=\"size-medium wp-image-7498\" alt=\"El 57% de los adolescentes pueden llegar a tener una vida normal con tratamiento m\u00e9dico, el 40% presenta una curaci\u00f3n total, mientras que el 3% de los adolescentes fallecen antes de empezar alg\u00fan tipo de tratamiento. \" src=\"https:\/\/i1.wp.com\/kalot.com.mx\/site\/wp-content\/uploads\/2013\/12\/thinspo.jpg?fit=300%2C145&#038;ssl=1\" width=\"300\" height=\"145\" srcset=\"https:\/\/i0.wp.com\/kalot.com.mx\/site\/wp-content\/uploads\/2013\/12\/thinspo.jpg?w=640&amp;ssl=1 640w, https:\/\/i0.wp.com\/kalot.com.mx\/site\/wp-content\/uploads\/2013\/12\/thinspo.jpg?resize=380%2C184&amp;ssl=1 380w, https:\/\/i0.wp.com\/kalot.com.mx\/site\/wp-content\/uploads\/2013\/12\/thinspo.jpg?resize=300%2C145&amp;ssl=1 300w\" sizes=\"(max-width: 300px) 100vw, 300px\" \/><\/a><figcaption id=\"caption-attachment-7498\" class=\"wp-caption-text\">El 57% de los adolescentes pueden llegar a tener una vida normal con tratamiento m\u00e9dico, el 40% presenta una curaci\u00f3n total, mientras que el 3% de los adolescentes fallecen antes de empezar alg\u00fan tipo de tratamiento.<\/figcaption><\/figure>\n<p style=\"text-align: justify\">Cada uno de esos kilitos que sent\u00eda tener de m\u00e1s significa que est\u00e1 viva, que es algo hermoso; una prueba de que la naturaleza es perfecta hasta en sus imperfecciones.<\/p>\n<p style=\"text-align: justify\">Me duele saber que tengan tan deformadas sus im\u00e1genes, y que sea tal la distorsi\u00f3n que cada que ven sus reflejos en un espejo vean monstruos y se sientan inc\u00f3modas hasta\u00a0 en su propia piel. Esas fotos que ven de mujeres en las revistas que tanto leen, no son im\u00e1genes reales, que son fotos retocadas por las editoriales y que son ellos quienes han creado im\u00e1genes falsas como est\u00e1ndares de belleza, estereotipos de perfecci\u00f3n asociados con belleza. Son mentiras.<\/p>\n<p style=\"text-align: justify\">La perfecci\u00f3n si existe y est\u00e1 en cada una de las c\u00e9lulas de sus cuerpos, est\u00e1 en su ADN, en cada palpitar de sus corazones, en cada bocanada de aire que respiran, en cada conexi\u00f3n y s\u00edntesis que se lleva a cabo en sus neuronas.<\/p>\n<p style=\"text-align: justify\">Eso es perfecci\u00f3n, cada falla est\u00e9tica que ven en sus rostros es historia, es herencia de sus antepasados, de una historia llena de batallas que a veces fueron triunfos o derrotas de las que aprendieron algo.<\/p>\n<p style=\"text-align: justify\">Sus imperfecciones no son imperfectas, por el contrario; son lo que las hace \u00fanicas e irrepetibles, eso es perfecci\u00f3n.<\/p>\n<p style=\"text-align: justify\">Hay que sacarnos de la cabeza esas tontas ideas, somos obras maestras, somos PERFECCI\u00d3N.<\/p>\n<p style=\"text-align: justify\">Somos un perfecto dise\u00f1o, somos sobreviviente, la historia de los que estuvieron antes de nosotros, somos nuestro pasado, presente y futuro as\u00ed como de muchas personas, somos alegr\u00edas y tristezas, victorias y derrotas, errores y aciertos, somos belleza, amor.<\/p>\n<p style=\"text-align: justify\">Debemos aprender a querernos, s\u00f3lo as\u00ed se logra la felicidad, y con aceptaci\u00f3n, paciencia y amor logramos darnos cuenta de que la perfecci\u00f3n existe y est\u00e1 en \u00a0cada uno de nosotros. Esa distorsi\u00f3n no es nada ni nadie para poder derrotarnos, nosotros somos nuestro \u00fanico enemigo y h\u00e9roe, y eso lo demostramos d\u00eda a d\u00eda ante las pruebas que nos manda esta vida.<\/p>\n<p style=\"text-align: justify\">Y\u2026 \u00a1Corte!<\/p>\n","protected":false},"excerpt":{"rendered":"[dropcap size=big]H[\/dropcap]ola soy Mar\u00eda Elisa, para algunos Mar\u00eda y para otros Elisa; tengo 19 a\u00f1os, mido 1.64, peso&hellip;\n","protected":false},"author":61,"featured_media":7501,"comment_status":"open","ping_status":"open","sticky":false,"template":"","format":"standard","meta":{"jetpack_post_was_ever_published":false,"_jetpack_newsletter_access":"","_jetpack_dont_email_post_to_subs":false,"_jetpack_newsletter_tier_id":0,"_jetpack_memberships_contains_paywalled_content":false,"_jetpack_memberships_contains_paid_content":false,"footnotes":"","jetpack_publicize_message":"","jetpack_publicize_feature_enabled":true,"jetpack_social_post_already_shared":true,"jetpack_social_options":{"image_generator_settings":{"template":"highway","default_image_id":0,"font":"","enabled":false},"version":2}},"categories":[1],"tags":[],"class_list":{"0":"post-7481","1":"post","2":"type-post","3":"status-publish","4":"format-standard","5":"has-post-thumbnail","7":"category-sin-categoria","8":"cs-entry","9":"cs-video-wrap"},"yoast_head":"<!-- This site is optimized with the Yoast SEO plugin v27.4 - https:\/\/yoast.com\/product\/yoast-seo-wordpress\/ -->\n<title>Distorsi\u00f3n - Kalot<\/title>\n<meta name=\"description\" content=\"Hola soy Mar\u00eda Elisa, para algunos Mar\u00eda y para otros Elisa; tengo 19 a\u00f1os, mido 1.64, peso 51 kilos y no \u00a0me gusta mi nariz, ni mis dientes, mucho menos\" \/>\n<meta name=\"robots\" content=\"index, follow, max-snippet:-1, max-image-preview:large, max-video-preview:-1\" \/>\n<link rel=\"canonical\" href=\"https:\/\/kalot.com.mx\/site\/2013\/12\/03\/distorsion\/\" \/>\n<meta property=\"og:locale\" content=\"es_MX\" \/>\n<meta property=\"og:type\" content=\"article\" \/>\n<meta property=\"og:title\" content=\"Distorsi\u00f3n - Kalot\" \/>\n<meta property=\"og:description\" content=\"Hola soy Mar\u00eda Elisa, para algunos Mar\u00eda y para otros Elisa; tengo 19 a\u00f1os, mido 1.64, peso 51 kilos y no \u00a0me gusta mi nariz, ni mis dientes, mucho menos\" \/>\n<meta property=\"og:url\" content=\"https:\/\/kalot.com.mx\/site\/2013\/12\/03\/distorsion\/\" \/>\n<meta property=\"og:site_name\" content=\"Kalot\" \/>\n<meta property=\"article:publisher\" content=\"http:\/\/facebook.com\/mxkalot\" \/>\n<meta property=\"article:author\" content=\"https:\/\/www.facebook.com\/elie.alvarado1\" \/>\n<meta property=\"article:published_time\" content=\"2013-12-03T22:31:47+00:00\" \/>\n<meta property=\"article:modified_time\" content=\"2017-12-20T16:57:29+00:00\" \/>\n<meta property=\"og:image\" content=\"https:\/\/i0.wp.com\/kalot.com.mx\/site\/wp-content\/uploads\/2013\/12\/campaign-against-anorexia-set-them-free-small-86039.jpg?fit=600%2C421&ssl=1\" \/>\n\t<meta property=\"og:image:width\" content=\"600\" \/>\n\t<meta property=\"og:image:height\" content=\"421\" \/>\n\t<meta property=\"og:image:type\" content=\"image\/jpeg\" \/>\n<meta name=\"author\" content=\"Mar\u00eda Alvarado\" \/>\n<meta name=\"twitter:card\" content=\"summary_large_image\" \/>\n<meta name=\"twitter:creator\" content=\"@Me_elieA\" \/>\n<meta name=\"twitter:site\" content=\"@kalotmx\" \/>\n<meta name=\"twitter:label1\" content=\"Escrito por\" \/>\n\t<meta name=\"twitter:data1\" content=\"Mar\u00eda Alvarado\" \/>\n\t<meta name=\"twitter:label2\" content=\"Tiempo de lectura\" \/>\n\t<meta name=\"twitter:data2\" content=\"5 minutos\" \/>\n<!-- \/ Yoast SEO plugin. -->","yoast_head_json":{"title":"Distorsi\u00f3n - Kalot","description":"Hola soy Mar\u00eda Elisa, para algunos Mar\u00eda y para otros Elisa; tengo 19 a\u00f1os, mido 1.64, peso 51 kilos y no \u00a0me gusta mi nariz, ni mis dientes, mucho menos","robots":{"index":"index","follow":"follow","max-snippet":"max-snippet:-1","max-image-preview":"max-image-preview:large","max-video-preview":"max-video-preview:-1"},"canonical":"https:\/\/kalot.com.mx\/site\/2013\/12\/03\/distorsion\/","og_locale":"es_MX","og_type":"article","og_title":"Distorsi\u00f3n - Kalot","og_description":"Hola soy Mar\u00eda Elisa, para algunos Mar\u00eda y para otros Elisa; tengo 19 a\u00f1os, mido 1.64, peso 51 kilos y no \u00a0me gusta mi nariz, ni mis dientes, mucho menos","og_url":"https:\/\/kalot.com.mx\/site\/2013\/12\/03\/distorsion\/","og_site_name":"Kalot","article_publisher":"http:\/\/facebook.com\/mxkalot","article_author":"https:\/\/www.facebook.com\/elie.alvarado1","article_published_time":"2013-12-03T22:31:47+00:00","article_modified_time":"2017-12-20T16:57:29+00:00","og_image":[{"width":600,"height":421,"url":"https:\/\/i0.wp.com\/kalot.com.mx\/site\/wp-content\/uploads\/2013\/12\/campaign-against-anorexia-set-them-free-small-86039.jpg?fit=600%2C421&ssl=1","type":"image\/jpeg"}],"author":"Mar\u00eda Alvarado","twitter_card":"summary_large_image","twitter_creator":"@Me_elieA","twitter_site":"@kalotmx","twitter_misc":{"Escrito por":"Mar\u00eda Alvarado","Tiempo de lectura":"5 minutos"},"schema":{"@context":"https:\/\/schema.org","@graph":[{"@type":"Article","@id":"https:\/\/kalot.com.mx\/site\/2013\/12\/03\/distorsion\/#article","isPartOf":{"@id":"https:\/\/kalot.com.mx\/site\/2013\/12\/03\/distorsion\/"},"author":{"name":"Mar\u00eda Alvarado","@id":"https:\/\/kalot.com.mx\/site\/#\/schema\/person\/2364e48efea2244b0799211aeff4847e"},"headline":"Distorsi\u00f3n","datePublished":"2013-12-03T22:31:47+00:00","dateModified":"2017-12-20T16:57:29+00:00","mainEntityOfPage":{"@id":"https:\/\/kalot.com.mx\/site\/2013\/12\/03\/distorsion\/"},"wordCount":1016,"commentCount":0,"publisher":{"@id":"https:\/\/kalot.com.mx\/site\/#organization"},"image":{"@id":"https:\/\/kalot.com.mx\/site\/2013\/12\/03\/distorsion\/#primaryimage"},"thumbnailUrl":"https:\/\/i0.wp.com\/kalot.com.mx\/site\/wp-content\/uploads\/2013\/12\/campaign-against-anorexia-set-them-free-small-86039.jpg?fit=600%2C421&ssl=1","inLanguage":"es","potentialAction":[{"@type":"CommentAction","name":"Comment","target":["https:\/\/kalot.com.mx\/site\/2013\/12\/03\/distorsion\/#respond"]}]},{"@type":"WebPage","@id":"https:\/\/kalot.com.mx\/site\/2013\/12\/03\/distorsion\/","url":"https:\/\/kalot.com.mx\/site\/2013\/12\/03\/distorsion\/","name":"Distorsi\u00f3n - Kalot","isPartOf":{"@id":"https:\/\/kalot.com.mx\/site\/#website"},"primaryImageOfPage":{"@id":"https:\/\/kalot.com.mx\/site\/2013\/12\/03\/distorsion\/#primaryimage"},"image":{"@id":"https:\/\/kalot.com.mx\/site\/2013\/12\/03\/distorsion\/#primaryimage"},"thumbnailUrl":"https:\/\/i0.wp.com\/kalot.com.mx\/site\/wp-content\/uploads\/2013\/12\/campaign-against-anorexia-set-them-free-small-86039.jpg?fit=600%2C421&ssl=1","datePublished":"2013-12-03T22:31:47+00:00","dateModified":"2017-12-20T16:57:29+00:00","description":"Hola soy Mar\u00eda Elisa, para algunos Mar\u00eda y para otros Elisa; tengo 19 a\u00f1os, mido 1.64, peso 51 kilos y no \u00a0me gusta mi nariz, ni mis dientes, mucho menos","breadcrumb":{"@id":"https:\/\/kalot.com.mx\/site\/2013\/12\/03\/distorsion\/#breadcrumb"},"inLanguage":"es","potentialAction":[{"@type":"ReadAction","target":["https:\/\/kalot.com.mx\/site\/2013\/12\/03\/distorsion\/"]}]},{"@type":"ImageObject","inLanguage":"es","@id":"https:\/\/kalot.com.mx\/site\/2013\/12\/03\/distorsion\/#primaryimage","url":"https:\/\/i0.wp.com\/kalot.com.mx\/site\/wp-content\/uploads\/2013\/12\/campaign-against-anorexia-set-them-free-small-86039.jpg?fit=600%2C421&ssl=1","contentUrl":"https:\/\/i0.wp.com\/kalot.com.mx\/site\/wp-content\/uploads\/2013\/12\/campaign-against-anorexia-set-them-free-small-86039.jpg?fit=600%2C421&ssl=1","width":600,"height":421},{"@type":"BreadcrumbList","@id":"https:\/\/kalot.com.mx\/site\/2013\/12\/03\/distorsion\/#breadcrumb","itemListElement":[{"@type":"ListItem","position":1,"name":"Home","item":"https:\/\/kalot.com.mx\/site\/"},{"@type":"ListItem","position":2,"name":"Distorsi\u00f3n"}]},{"@type":"WebSite","@id":"https:\/\/kalot.com.mx\/site\/#website","url":"https:\/\/kalot.com.mx\/site\/","name":"Kalot","description":"Conoce Todo Sobre Todo","publisher":{"@id":"https:\/\/kalot.com.mx\/site\/#organization"},"potentialAction":[{"@type":"SearchAction","target":{"@type":"EntryPoint","urlTemplate":"https:\/\/kalot.com.mx\/site\/?s={search_term_string}"},"query-input":{"@type":"PropertyValueSpecification","valueRequired":true,"valueName":"search_term_string"}}],"inLanguage":"es"},{"@type":"Organization","@id":"https:\/\/kalot.com.mx\/site\/#organization","name":"Kalot","url":"https:\/\/kalot.com.mx\/site\/","logo":{"@type":"ImageObject","inLanguage":"es","@id":"https:\/\/kalot.com.mx\/site\/#\/schema\/logo\/image\/","url":"https:\/\/i0.wp.com\/kalot.com.mx\/site\/wp-content\/uploads\/2020\/04\/Kalot-logo-sin-tagline.png?fit=1707%2C1014&ssl=1","contentUrl":"https:\/\/i0.wp.com\/kalot.com.mx\/site\/wp-content\/uploads\/2020\/04\/Kalot-logo-sin-tagline.png?fit=1707%2C1014&ssl=1","width":1707,"height":1014,"caption":"Kalot"},"image":{"@id":"https:\/\/kalot.com.mx\/site\/#\/schema\/logo\/image\/"},"sameAs":["http:\/\/facebook.com\/mxkalot","https:\/\/x.com\/kalotmx","http:\/\/instagram.com\/kalotmx","http:\/\/pinterest.com\/jorgeerana\/kalot"]},{"@type":"Person","@id":"https:\/\/kalot.com.mx\/site\/#\/schema\/person\/2364e48efea2244b0799211aeff4847e","name":"Mar\u00eda Alvarado","image":{"@type":"ImageObject","inLanguage":"es","@id":"https:\/\/secure.gravatar.com\/avatar\/2a5c53655315c4a72bc8b3127daca732f3ccab828ef0de13ec26f266fc855c6b?s=96&d=mm&r=g","url":"https:\/\/secure.gravatar.com\/avatar\/2a5c53655315c4a72bc8b3127daca732f3ccab828ef0de13ec26f266fc855c6b?s=96&d=mm&r=g","contentUrl":"https:\/\/secure.gravatar.com\/avatar\/2a5c53655315c4a72bc8b3127daca732f3ccab828ef0de13ec26f266fc855c6b?s=96&d=mm&r=g","caption":"Mar\u00eda Alvarado"},"description":"El perfecto ejemplo de una rom\u00e1ntica so\u00f1adora, drama queen y devoradora de libros. Una parlanchina innata que goza de los peque\u00f1os placeres que ofrece esta vida y fan\u00e1tica de las sonrisas.","sameAs":["https:\/\/www.facebook.com\/elie.alvarado1","https:\/\/x.com\/Me_elieA"],"url":"https:\/\/kalot.com.mx\/site\/author\/elisa\/"}]}},"jetpack_publicize_connections":[],"jetpack_featured_media_url":"https:\/\/i0.wp.com\/kalot.com.mx\/site\/wp-content\/uploads\/2013\/12\/campaign-against-anorexia-set-them-free-small-86039.jpg?fit=600%2C421&ssl=1","jetpack_shortlink":"https:\/\/wp.me\/p6IHEI-1WF","jetpack-related-posts":[{"id":7844,"url":"https:\/\/kalot.com.mx\/site\/2013\/12\/16\/omararroyo\/","url_meta":{"origin":7481,"position":0},"title":"Hola  a todos!! Soy Omar.","author":"Omar Arroyo","date":"16 diciembre, 2013","format":false,"excerpt":">Omar Alejandro Arroyo Reyes \u00a1Hola a todos! Mi nombre es Omar Alejandro, soy del Distrito Federal y tengo 22 a\u00f1os, y actualmente vivo en la ciudad de San Luis Potos\u00ed. Tengo viviendo aqu\u00ed ya bastante tiempo, pero nunca olvido mi ra\u00edces chilangas, sin embargo en San Luis fue donde encontr\u00e9\u2026","rel":"","context":"En &quot;Sin categor\u00eda&quot;","block_context":{"text":"Sin categor\u00eda","link":"https:\/\/kalot.com.mx\/site\/category\/sin-categoria\/"},"img":{"alt_text":"","src":"https:\/\/i0.wp.com\/kalot.com.mx\/site\/wp-content\/uploads\/2013\/12\/la-foto-1-1.jpg?fit=750%2C1000&ssl=1&resize=350%2C200","width":350,"height":200,"srcset":"https:\/\/i0.wp.com\/kalot.com.mx\/site\/wp-content\/uploads\/2013\/12\/la-foto-1-1.jpg?fit=750%2C1000&ssl=1&resize=350%2C200 1x, https:\/\/i0.wp.com\/kalot.com.mx\/site\/wp-content\/uploads\/2013\/12\/la-foto-1-1.jpg?fit=750%2C1000&ssl=1&resize=525%2C300 1.5x, https:\/\/i0.wp.com\/kalot.com.mx\/site\/wp-content\/uploads\/2013\/12\/la-foto-1-1.jpg?fit=750%2C1000&ssl=1&resize=700%2C400 2x"},"classes":[]},{"id":16159,"url":"https:\/\/kalot.com.mx\/site\/2014\/05\/20\/dos-de-mis-mas-esperados\/","url_meta":{"origin":7481,"position":1},"title":"Dos De Mis M\u00e1s Esperados&#8230;","author":"Mar\u00eda Alvarado","date":"20 mayo, 2014","format":false,"excerpt":"Como es de esperarse, bajo el completo uso de mi consciencia muero porque salgan algunos que otros discos\u2026 no lo digo como una completa fan\u00e1tica, bueno la verdad s\u00ed. Este a\u00f1o se estrenar\u00e1n y se han estrenado algunos discos de mis artistas favoritos y hoy les dejar\u00e9 dos de ellos\u2026","rel":"","context":"Entrada similar ","block_context":{"text":"Entrada similar ","link":""},"img":{"alt_text":"","src":"https:\/\/i0.wp.com\/kalot.com.mx\/site\/wp-content\/uploads\/2014\/05\/ed-sheeran-x.jpg?fit=620%2C620&ssl=1&resize=350%2C200","width":350,"height":200,"srcset":"https:\/\/i0.wp.com\/kalot.com.mx\/site\/wp-content\/uploads\/2014\/05\/ed-sheeran-x.jpg?fit=620%2C620&ssl=1&resize=350%2C200 1x, https:\/\/i0.wp.com\/kalot.com.mx\/site\/wp-content\/uploads\/2014\/05\/ed-sheeran-x.jpg?fit=620%2C620&ssl=1&resize=525%2C300 1.5x"},"classes":[]},{"id":5724,"url":"https:\/\/kalot.com.mx\/site\/2013\/11\/06\/vintage-el-poder-de-lo-viejo\/","url_meta":{"origin":7481,"position":2},"title":"Vintage, el poder de lo viejo","author":"Adriana Baranda","date":"6 noviembre, 2013","format":false,"excerpt":"Vintage, escuchamos, cada vez m\u00e1s seguido, que lo vintage se est\u00e1 poniendo de moda, pero \u00bfqu\u00e9 es vintage? y \u00bfpor qu\u00e9 se est\u00e1 poniendo de moda? Vintage es un t\u00e9rmino que generalmente se aplica a la ropa, y gen\u00e9ricamente se refiere a prendas de segunda mano. Pero la idea no\u2026","rel":"","context":"Entrada similar ","block_context":{"text":"Entrada similar ","link":""},"img":{"alt_text":"","src":"https:\/\/i0.wp.com\/kalot.com.mx\/site\/wp-content\/uploads\/2013\/11\/20131105-223233.jpg?fit=531%2C615&ssl=1&resize=350%2C200","width":350,"height":200,"srcset":"https:\/\/i0.wp.com\/kalot.com.mx\/site\/wp-content\/uploads\/2013\/11\/20131105-223233.jpg?fit=531%2C615&ssl=1&resize=350%2C200 1x, https:\/\/i0.wp.com\/kalot.com.mx\/site\/wp-content\/uploads\/2013\/11\/20131105-223233.jpg?fit=531%2C615&ssl=1&resize=525%2C300 1.5x"},"classes":[]},{"id":21788,"url":"https:\/\/kalot.com.mx\/site\/2015\/06\/15\/las-favoritas-de-sam-smith\/","url_meta":{"origin":7481,"position":3},"title":"Las Favoritas de Sam Smith.","author":"Mar\u00eda Alvarado","date":"15 junio, 2015","format":false,"excerpt":"Hola mis kalochos de amor, esta semana les quiero contar la peculiar historia de cuando me dio un ataque de legalidad. Hace ya tiempo que mi mam\u00e1 compra tarjetas de iTunes y as\u00ed ya compra su m\u00fasica y todo el rollo as\u00ed que ten\u00eda unas tarjetas en la casa y\u2026","rel":"","context":"Con 1 comentario","block_context":{"text":"Con 1 comentario","link":"https:\/\/kalot.com.mx\/site\/2015\/06\/15\/las-favoritas-de-sam-smith\/#comments"},"img":{"alt_text":"","src":"https:\/\/i0.wp.com\/kalot.com.mx\/site\/wp-content\/uploads\/2015\/06\/sam-smith.jpg?fit=1200%2C800&ssl=1&resize=350%2C200","width":350,"height":200,"srcset":"https:\/\/i0.wp.com\/kalot.com.mx\/site\/wp-content\/uploads\/2015\/06\/sam-smith.jpg?fit=1200%2C800&ssl=1&resize=350%2C200 1x, https:\/\/i0.wp.com\/kalot.com.mx\/site\/wp-content\/uploads\/2015\/06\/sam-smith.jpg?fit=1200%2C800&ssl=1&resize=525%2C300 1.5x, https:\/\/i0.wp.com\/kalot.com.mx\/site\/wp-content\/uploads\/2015\/06\/sam-smith.jpg?fit=1200%2C800&ssl=1&resize=700%2C400 2x, https:\/\/i0.wp.com\/kalot.com.mx\/site\/wp-content\/uploads\/2015\/06\/sam-smith.jpg?fit=1200%2C800&ssl=1&resize=1050%2C600 3x"},"classes":[]},{"id":20416,"url":"https:\/\/kalot.com.mx\/site\/2015\/02\/16\/historias-contadas-la-mexicana-los-muertos-vivientes\/","url_meta":{"origin":7481,"position":4},"title":"Historias contadas a la Mexicana: &#8220;Los Muertos Vivientes&#8221;","author":"HM_MKT007","date":"16 febrero, 2015","format":false,"excerpt":"Hoy me eh despertado por la ma\u00f1ana, pero... \u00bfSe me ha hecho tarde para ir a trabajar? \u00bfSigo en la escuela? \u00bfEstoy de vacaciones? No entiendo que sucede, me despierto totalmente crudo por la parranda que eh tenido el d\u00eda de ayer \u00a1S\u00cd, que siga la party papaloy!, a\u00fan conservo\u2026","rel":"","context":"Entrada similar ","block_context":{"text":"Entrada similar ","link":""},"img":{"alt_text":"","src":"https:\/\/i0.wp.com\/kalot.com.mx\/site\/wp-content\/uploads\/2015\/02\/a08n1esp-1.jpg?fit=500%2C329&ssl=1&resize=350%2C200","width":350,"height":200},"classes":[]},{"id":5711,"url":"https:\/\/kalot.com.mx\/site\/2013\/11\/04\/dicen-serge\/","url_meta":{"origin":7481,"position":5},"title":"\u00a1Me dicen Serge!","author":"Serge Ruiz","date":"4 noviembre, 2013","format":false,"excerpt":"Hola Kalochos y Kalochas, es un gusto poder platicar con ustedes y honor que lean mis p\u00e1rrafos, que no son poes\u00edas, versos ni c\u00e1nticos gregorianos, pero son post hechos con mucha dedicaci\u00f3n, relevancia y m\u00e1s importante con mucho amor al arte para ustedes. Me llamo Sergio Adri\u00e1n Ruiz Cruz, para\u2026","rel":"","context":"Entrada similar ","block_context":{"text":"Entrada similar ","link":""},"img":{"alt_text":"","src":"https:\/\/i0.wp.com\/kalot.com.mx\/site\/wp-content\/uploads\/2013\/11\/1715_10201044171525845_1338246520_n-e1383548640641.jpg?fit=676%2C782&ssl=1&resize=350%2C200","width":350,"height":200,"srcset":"https:\/\/i0.wp.com\/kalot.com.mx\/site\/wp-content\/uploads\/2013\/11\/1715_10201044171525845_1338246520_n-e1383548640641.jpg?fit=676%2C782&ssl=1&resize=350%2C200 1x, https:\/\/i0.wp.com\/kalot.com.mx\/site\/wp-content\/uploads\/2013\/11\/1715_10201044171525845_1338246520_n-e1383548640641.jpg?fit=676%2C782&ssl=1&resize=525%2C300 1.5x"},"classes":[]}],"jetpack_sharing_enabled":true,"_links":{"self":[{"href":"https:\/\/kalot.com.mx\/site\/wp-json\/wp\/v2\/posts\/7481","targetHints":{"allow":["GET"]}}],"collection":[{"href":"https:\/\/kalot.com.mx\/site\/wp-json\/wp\/v2\/posts"}],"about":[{"href":"https:\/\/kalot.com.mx\/site\/wp-json\/wp\/v2\/types\/post"}],"author":[{"embeddable":true,"href":"https:\/\/kalot.com.mx\/site\/wp-json\/wp\/v2\/users\/61"}],"replies":[{"embeddable":true,"href":"https:\/\/kalot.com.mx\/site\/wp-json\/wp\/v2\/comments?post=7481"}],"version-history":[{"count":1,"href":"https:\/\/kalot.com.mx\/site\/wp-json\/wp\/v2\/posts\/7481\/revisions"}],"predecessor-version":[{"id":28694,"href":"https:\/\/kalot.com.mx\/site\/wp-json\/wp\/v2\/posts\/7481\/revisions\/28694"}],"wp:featuredmedia":[{"embeddable":true,"href":"https:\/\/kalot.com.mx\/site\/wp-json\/wp\/v2\/media\/7501"}],"wp:attachment":[{"href":"https:\/\/kalot.com.mx\/site\/wp-json\/wp\/v2\/media?parent=7481"}],"wp:term":[{"taxonomy":"category","embeddable":true,"href":"https:\/\/kalot.com.mx\/site\/wp-json\/wp\/v2\/categories?post=7481"},{"taxonomy":"post_tag","embeddable":true,"href":"https:\/\/kalot.com.mx\/site\/wp-json\/wp\/v2\/tags?post=7481"}],"curies":[{"name":"wp","href":"https:\/\/api.w.org\/{rel}","templated":true}]}}