{"id":7395,"date":"2013-12-01T02:06:09","date_gmt":"2013-12-01T08:06:09","guid":{"rendered":"http:\/\/www.kalot.com.mx\/?p=7395"},"modified":"2014-02-03T22:16:16","modified_gmt":"2014-02-04T04:16:16","slug":"the-games-mexico","status":"publish","type":"post","link":"https:\/\/kalot.com.mx\/site\/2013\/12\/01\/the-games-mexico\/","title":{"rendered":"The Games M\u00e9xico"},"content":{"rendered":"<p>por Ceci Cuevas<br \/>\nAtletas de todo el pa\u00eds fueron convocados para asistir este fin de semana a la primera edici\u00f3n de The Games M\u00e9xico.<br \/>\nUn evento deportivo enfocado a la fortaleza y habilidades haciendo diferentes pruebas de diferentes disciplinas como crossfit y nataci\u00f3n.<br \/>\nEste evento se lleva a cabo en Cancun, en el gimnasio Sport Dreams.<br \/>\nCon seis diferentes categor\u00edas, incluyendo equipos de mujeres, se llevaron a cabo hoy las eliminatorias, empezando a las 9.30 am y acabando a las 4.30 pm<\/p>\n<p>Ma\u00f1ana domingo ser\u00e1n las finales. Teniendo concursantes de diferentes ciudades es un orgullo que se haya llevado a cabo este gran evento en Cancun. Cada vez es m\u00e1s grande la comunidad atl\u00e9tica y saludable.<\/p>\n<p>Con eventos as\u00ed ayudamos a fortalecer v\u00ednculos comerciales, generar competencia deportiva sana y no nada m\u00e1s pensar en Cancun como un lugar de spring breakers.<br \/>\nLa comunidad deportiva cada vez es mas grande y crecen las oportunidades de desarrollar diferentes espacios y proyectos enfocados al deporte.<\/p>\n<p>The Games M\u00e9xico tiene la intensi\u00f3n de llevar a cabo dos ediciones al a\u00f1o, ambas en Cancun. Quiero dar un enorme reconocimiento a la log\u00edstica y organizaci\u00f3n, teniendo personal capacitado en todas las instalaciones, personal orientando a los visitantes y el lugar impecable, muy limpio tanto \u00e1reas comunes como ba\u00f1os, vestidores y estacionamiento. <\/p>\n<p>En esta ocasi\u00f3n me siento muy orgullosa de haber tenido presencia de mi empresa en el evento, siendo uno de los 13 patrocinadores y as\u00ed como las dem\u00e1s marcas, ofrecer a los atletas y visitantes la oportunidad de conocernos.<br \/>\nSe llevaron a cabo diferentes din\u00e1micas y hubo interacci\u00f3n entre marcas y p\u00fablico para que fuera mas personalizado el acercamiento.<br \/>\nNosotros presentamos nuestros suplementos alimenticios Isotonix y la marca de cosm\u00e9ticos Motives.<br \/>\nEstuvo presente en el evento Horacio Llamas, ex jugador de la NBA, sencillo, buena onda y siempre atento con las personas que nos acercamos a tomarnos una foto \ud83d\ude09<\/p>\n<p>Pueden seguir los resultados del evento <a href=\"https:\/\/www.facebook.com\/thegamesmexico?ref=ts&amp;fref=ts\">Aqui<\/a>.<\/p>\n<p>Ceci Cuevas para Kalot M\u00e9xico.<\/p>\n<p><a href=\"https:\/\/i0.wp.com\/www.kalot.com.mx\/wp-content\/uploads\/2013\/12\/20131201-020449-a.m..jpg\"><img data-recalc-dims=\"1\" decoding=\"async\" src=\"https:\/\/i0.wp.com\/www.kalot.com.mx\/wp-content\/uploads\/2013\/12\/20131201-020449-a.m..jpg?w=1200\" alt=\"20131201-020449 a.m..jpg\" class=\"alignnone size-full\" \/><\/a><\/p>\n<p><a href=\"https:\/\/i0.wp.com\/www.kalot.com.mx\/wp-content\/uploads\/2013\/12\/20131201-015309-a.m..jpg\"><img data-recalc-dims=\"1\" decoding=\"async\" src=\"https:\/\/i0.wp.com\/www.kalot.com.mx\/wp-content\/uploads\/2013\/12\/20131201-015309-a.m..jpg?w=1200\" alt=\"20131201-015309 a.m..jpg\" class=\"alignnone size-full\" \/><\/a><\/p>\n<p><a href=\"https:\/\/i0.wp.com\/www.kalot.com.mx\/wp-content\/uploads\/2013\/12\/20131201-015233-a.m..jpg\"><img data-recalc-dims=\"1\" decoding=\"async\" src=\"https:\/\/i0.wp.com\/www.kalot.com.mx\/wp-content\/uploads\/2013\/12\/20131201-015233-a.m..jpg?w=1200\" alt=\"20131201-015233 a.m..jpg\" class=\"alignnone size-full\" \/><\/a><\/p>\n<p><a href=\"https:\/\/i0.wp.com\/www.kalot.com.mx\/wp-content\/uploads\/2013\/12\/20131201-015217-a.m..jpg\"><img data-recalc-dims=\"1\" decoding=\"async\" src=\"https:\/\/i0.wp.com\/www.kalot.com.mx\/wp-content\/uploads\/2013\/12\/20131201-015217-a.m..jpg?w=1200\" alt=\"20131201-015217 a.m..jpg\" class=\"alignnone size-full\" \/><\/a><\/p>\n<p><a href=\"https:\/\/i0.wp.com\/www.kalot.com.mx\/wp-content\/uploads\/2013\/12\/20131201-015152-a.m..jpg\"><img data-recalc-dims=\"1\" decoding=\"async\" src=\"https:\/\/i0.wp.com\/www.kalot.com.mx\/wp-content\/uploads\/2013\/12\/20131201-015152-a.m..jpg?w=1200\" alt=\"20131201-015152 a.m..jpg\" class=\"alignnone size-full\" \/><\/a><\/p>\n<p><a href=\"https:\/\/i0.wp.com\/www.kalot.com.mx\/wp-content\/uploads\/2013\/12\/20131201-015104-a.m..jpg\"><img data-recalc-dims=\"1\" decoding=\"async\" src=\"https:\/\/i0.wp.com\/www.kalot.com.mx\/wp-content\/uploads\/2013\/12\/20131201-015104-a.m..jpg?w=1200\" alt=\"20131201-015104 a.m..jpg\" class=\"alignnone size-full\" \/><\/a><\/p>\n","protected":false},"excerpt":{"rendered":"por Ceci Cuevas Atletas de todo el pa\u00eds fueron convocados para asistir este fin de semana a la&hellip;\n","protected":false},"author":42,"featured_media":7393,"comment_status":"open","ping_status":"open","sticky":false,"template":"","format":"standard","meta":{"jetpack_post_was_ever_published":false,"_jetpack_newsletter_access":"","_jetpack_dont_email_post_to_subs":false,"_jetpack_newsletter_tier_id":0,"_jetpack_memberships_contains_paywalled_content":false,"_jetpack_memberships_contains_paid_content":false,"footnotes":"","jetpack_publicize_message":"","jetpack_publicize_feature_enabled":true,"jetpack_social_post_already_shared":true,"jetpack_social_options":{"image_generator_settings":{"template":"highway","default_image_id":0,"font":"","enabled":false},"version":2}},"categories":[],"tags":[],"class_list":{"0":"post-7395","1":"post","2":"type-post","3":"status-publish","4":"format-standard","5":"has-post-thumbnail","7":"cs-entry","8":"cs-video-wrap"},"yoast_head":"<!-- This site is optimized with the Yoast SEO plugin v27.5 - https:\/\/yoast.com\/product\/yoast-seo-wordpress\/ -->\n<title>The Games M\u00e9xico - Kalot<\/title>\n<meta name=\"description\" content=\"por Ceci Cuevas Atletas de todo el pa\u00eds fueron convocados para asistir este fin de semana a la primera edici\u00f3n de The Games M\u00e9xico. Un evento deportivo\" \/>\n<meta name=\"robots\" content=\"index, follow, max-snippet:-1, max-image-preview:large, max-video-preview:-1\" \/>\n<link rel=\"canonical\" href=\"https:\/\/kalot.com.mx\/site\/2013\/12\/01\/the-games-mexico\/\" \/>\n<meta property=\"og:locale\" content=\"es_MX\" \/>\n<meta property=\"og:type\" content=\"article\" \/>\n<meta property=\"og:title\" content=\"The Games M\u00e9xico - Kalot\" \/>\n<meta property=\"og:description\" content=\"por Ceci Cuevas Atletas de todo el pa\u00eds fueron convocados para asistir este fin de semana a la primera edici\u00f3n de The Games M\u00e9xico. Un evento deportivo\" \/>\n<meta property=\"og:url\" content=\"https:\/\/kalot.com.mx\/site\/2013\/12\/01\/the-games-mexico\/\" \/>\n<meta property=\"og:site_name\" content=\"Kalot\" \/>\n<meta property=\"article:publisher\" content=\"http:\/\/facebook.com\/mxkalot\" \/>\n<meta property=\"article:author\" content=\"www.facebook.com\/ccnetworkmarketing\" \/>\n<meta property=\"article:published_time\" content=\"2013-12-01T08:06:09+00:00\" \/>\n<meta property=\"article:modified_time\" content=\"2014-02-04T04:16:16+00:00\" \/>\n<meta property=\"og:image\" content=\"https:\/\/i2.wp.com\/kalot.com.mx\/site\/wp-content\/uploads\/2013\/12\/20131201-015720-a.m..jpg?fit=441%2C328&ssl=1\" \/>\n\t<meta property=\"og:image:width\" content=\"441\" \/>\n\t<meta property=\"og:image:height\" content=\"328\" \/>\n\t<meta property=\"og:image:type\" content=\"image\/jpeg\" \/>\n<meta name=\"author\" content=\"Ceci Cuevas\" \/>\n<meta name=\"twitter:card\" content=\"summary_large_image\" \/>\n<meta name=\"twitter:creator\" content=\"@cecicue\" \/>\n<meta name=\"twitter:site\" content=\"@kalotmx\" \/>\n<meta name=\"twitter:label1\" content=\"Escrito por\" \/>\n\t<meta name=\"twitter:data1\" content=\"Ceci Cuevas\" \/>\n\t<meta name=\"twitter:label2\" content=\"Tiempo de lectura\" \/>\n\t<meta name=\"twitter:data2\" content=\"2 minutos\" \/>\n<!-- \/ Yoast SEO plugin. -->","yoast_head_json":{"title":"The Games M\u00e9xico - Kalot","description":"por Ceci Cuevas Atletas de todo el pa\u00eds fueron convocados para asistir este fin de semana a la primera edici\u00f3n de The Games M\u00e9xico. Un evento deportivo","robots":{"index":"index","follow":"follow","max-snippet":"max-snippet:-1","max-image-preview":"max-image-preview:large","max-video-preview":"max-video-preview:-1"},"canonical":"https:\/\/kalot.com.mx\/site\/2013\/12\/01\/the-games-mexico\/","og_locale":"es_MX","og_type":"article","og_title":"The Games M\u00e9xico - Kalot","og_description":"por Ceci Cuevas Atletas de todo el pa\u00eds fueron convocados para asistir este fin de semana a la primera edici\u00f3n de The Games M\u00e9xico. Un evento deportivo","og_url":"https:\/\/kalot.com.mx\/site\/2013\/12\/01\/the-games-mexico\/","og_site_name":"Kalot","article_publisher":"http:\/\/facebook.com\/mxkalot","article_author":"www.facebook.com\/ccnetworkmarketing","article_published_time":"2013-12-01T08:06:09+00:00","article_modified_time":"2014-02-04T04:16:16+00:00","og_image":[{"width":441,"height":328,"url":"https:\/\/i2.wp.com\/kalot.com.mx\/site\/wp-content\/uploads\/2013\/12\/20131201-015720-a.m..jpg?fit=441%2C328&ssl=1","type":"image\/jpeg"}],"author":"Ceci Cuevas","twitter_card":"summary_large_image","twitter_creator":"@cecicue","twitter_site":"@kalotmx","twitter_misc":{"Escrito por":"Ceci Cuevas","Tiempo de lectura":"2 minutos"},"schema":{"@context":"https:\/\/schema.org","@graph":[{"@type":"Article","@id":"https:\/\/kalot.com.mx\/site\/2013\/12\/01\/the-games-mexico\/#article","isPartOf":{"@id":"https:\/\/kalot.com.mx\/site\/2013\/12\/01\/the-games-mexico\/"},"author":{"name":"Ceci Cuevas","@id":"https:\/\/kalot.com.mx\/site\/#\/schema\/person\/5d7625a40d327534687b4ed7a14cc45f"},"headline":"The Games M\u00e9xico","datePublished":"2013-12-01T08:06:09+00:00","dateModified":"2014-02-04T04:16:16+00:00","mainEntityOfPage":{"@id":"https:\/\/kalot.com.mx\/site\/2013\/12\/01\/the-games-mexico\/"},"wordCount":351,"commentCount":0,"publisher":{"@id":"https:\/\/kalot.com.mx\/site\/#organization"},"image":{"@id":"https:\/\/kalot.com.mx\/site\/2013\/12\/01\/the-games-mexico\/#primaryimage"},"thumbnailUrl":"https:\/\/i0.wp.com\/kalot.com.mx\/site\/wp-content\/uploads\/2013\/12\/20131201-015720-a.m..jpg?fit=441%2C328&ssl=1","inLanguage":"es","potentialAction":[{"@type":"CommentAction","name":"Comment","target":["https:\/\/kalot.com.mx\/site\/2013\/12\/01\/the-games-mexico\/#respond"]}]},{"@type":"WebPage","@id":"https:\/\/kalot.com.mx\/site\/2013\/12\/01\/the-games-mexico\/","url":"https:\/\/kalot.com.mx\/site\/2013\/12\/01\/the-games-mexico\/","name":"The Games M\u00e9xico - Kalot","isPartOf":{"@id":"https:\/\/kalot.com.mx\/site\/#website"},"primaryImageOfPage":{"@id":"https:\/\/kalot.com.mx\/site\/2013\/12\/01\/the-games-mexico\/#primaryimage"},"image":{"@id":"https:\/\/kalot.com.mx\/site\/2013\/12\/01\/the-games-mexico\/#primaryimage"},"thumbnailUrl":"https:\/\/i0.wp.com\/kalot.com.mx\/site\/wp-content\/uploads\/2013\/12\/20131201-015720-a.m..jpg?fit=441%2C328&ssl=1","datePublished":"2013-12-01T08:06:09+00:00","dateModified":"2014-02-04T04:16:16+00:00","description":"por Ceci Cuevas Atletas de todo el pa\u00eds fueron convocados para asistir este fin de semana a la primera edici\u00f3n de The Games M\u00e9xico. Un evento deportivo","breadcrumb":{"@id":"https:\/\/kalot.com.mx\/site\/2013\/12\/01\/the-games-mexico\/#breadcrumb"},"inLanguage":"es","potentialAction":[{"@type":"ReadAction","target":["https:\/\/kalot.com.mx\/site\/2013\/12\/01\/the-games-mexico\/"]}]},{"@type":"ImageObject","inLanguage":"es","@id":"https:\/\/kalot.com.mx\/site\/2013\/12\/01\/the-games-mexico\/#primaryimage","url":"https:\/\/i0.wp.com\/kalot.com.mx\/site\/wp-content\/uploads\/2013\/12\/20131201-015720-a.m..jpg?fit=441%2C328&ssl=1","contentUrl":"https:\/\/i0.wp.com\/kalot.com.mx\/site\/wp-content\/uploads\/2013\/12\/20131201-015720-a.m..jpg?fit=441%2C328&ssl=1","width":441,"height":328},{"@type":"BreadcrumbList","@id":"https:\/\/kalot.com.mx\/site\/2013\/12\/01\/the-games-mexico\/#breadcrumb","itemListElement":[{"@type":"ListItem","position":1,"name":"Home","item":"https:\/\/kalot.com.mx\/site\/"},{"@type":"ListItem","position":2,"name":"The Games M\u00e9xico"}]},{"@type":"WebSite","@id":"https:\/\/kalot.com.mx\/site\/#website","url":"https:\/\/kalot.com.mx\/site\/","name":"Kalot","description":"Conoce Todo Sobre Todo","publisher":{"@id":"https:\/\/kalot.com.mx\/site\/#organization"},"potentialAction":[{"@type":"SearchAction","target":{"@type":"EntryPoint","urlTemplate":"https:\/\/kalot.com.mx\/site\/?s={search_term_string}"},"query-input":{"@type":"PropertyValueSpecification","valueRequired":true,"valueName":"search_term_string"}}],"inLanguage":"es"},{"@type":"Organization","@id":"https:\/\/kalot.com.mx\/site\/#organization","name":"Kalot","url":"https:\/\/kalot.com.mx\/site\/","logo":{"@type":"ImageObject","inLanguage":"es","@id":"https:\/\/kalot.com.mx\/site\/#\/schema\/logo\/image\/","url":"https:\/\/i0.wp.com\/kalot.com.mx\/site\/wp-content\/uploads\/2020\/04\/Kalot-logo-sin-tagline.png?fit=1707%2C1014&ssl=1","contentUrl":"https:\/\/i0.wp.com\/kalot.com.mx\/site\/wp-content\/uploads\/2020\/04\/Kalot-logo-sin-tagline.png?fit=1707%2C1014&ssl=1","width":1707,"height":1014,"caption":"Kalot"},"image":{"@id":"https:\/\/kalot.com.mx\/site\/#\/schema\/logo\/image\/"},"sameAs":["http:\/\/facebook.com\/mxkalot","https:\/\/x.com\/kalotmx","http:\/\/instagram.com\/kalotmx","http:\/\/pinterest.com\/jorgeerana\/kalot"]},{"@type":"Person","@id":"https:\/\/kalot.com.mx\/site\/#\/schema\/person\/5d7625a40d327534687b4ed7a14cc45f","name":"Ceci Cuevas","image":{"@type":"ImageObject","inLanguage":"es","@id":"https:\/\/secure.gravatar.com\/avatar\/eb67283f0955fdcbe348e756175633a09db0e985178f12294cc5a313011d7d77?s=96&d=mm&r=g","url":"https:\/\/secure.gravatar.com\/avatar\/eb67283f0955fdcbe348e756175633a09db0e985178f12294cc5a313011d7d77?s=96&d=mm&r=g","contentUrl":"https:\/\/secure.gravatar.com\/avatar\/eb67283f0955fdcbe348e756175633a09db0e985178f12294cc5a313011d7d77?s=96&d=mm&r=g","caption":"Ceci Cuevas"},"description":"Pasi\u00f3n por la vida, por los amigos. Amo la vida en Cancun! Desarrollo mi negocio por internet a trav\u00e9s de redes sociales. Pet lover. Activista ambiental. Lee mas de mi en www.CeciCuevas.com","sameAs":["http:\/\/www.cecicuevas.com","www.facebook.com\/ccnetworkmarketing","https:\/\/x.com\/cecicue"],"url":"https:\/\/kalot.com.mx\/site\/author\/ceci\/"}]}},"jetpack_publicize_connections":[],"jetpack_featured_media_url":"https:\/\/i0.wp.com\/kalot.com.mx\/site\/wp-content\/uploads\/2013\/12\/20131201-015720-a.m..jpg?fit=441%2C328&ssl=1","jetpack_shortlink":"https:\/\/wp.me\/p6IHEI-1Vh","jetpack-related-posts":[{"id":2082,"url":"https:\/\/kalot.com.mx\/site\/2013\/09\/20\/octubre-mes-del-rodandofilmfestival\/","url_meta":{"origin":7395,"position":0},"title":"Octubre, mes del #RodandoFilmFestival","author":"Misael Gallegos","date":"20 septiembre, 2013","format":false,"excerpt":"Regresa uno de los festivales m\u00e1s importantes de cine en la ciudad de San Luis Potos\u00ed en su tercera edici\u00f3n y se llevar\u00e1 a cabo del d\u00eda 18 al 26 de octubre en diferentes sedes de la ciudad y como principal la ic\u00f3nica \u201cCineteca alameda\u201d. Rodando Film Festival aparte de\u2026","rel":"","context":"Con 1 comentario","block_context":{"text":"Con 1 comentario","link":"https:\/\/kalot.com.mx\/site\/2013\/09\/20\/octubre-mes-del-rodandofilmfestival\/#comments"},"img":{"alt_text":"","src":"https:\/\/i0.wp.com\/kalot.com.mx\/site\/wp-content\/uploads\/2013\/09\/1185261_603953849656424_490516882_n.jpg?fit=960%2C357&ssl=1&resize=350%2C200","width":350,"height":200,"srcset":"https:\/\/i0.wp.com\/kalot.com.mx\/site\/wp-content\/uploads\/2013\/09\/1185261_603953849656424_490516882_n.jpg?fit=960%2C357&ssl=1&resize=350%2C200 1x, https:\/\/i0.wp.com\/kalot.com.mx\/site\/wp-content\/uploads\/2013\/09\/1185261_603953849656424_490516882_n.jpg?fit=960%2C357&ssl=1&resize=525%2C300 1.5x, https:\/\/i0.wp.com\/kalot.com.mx\/site\/wp-content\/uploads\/2013\/09\/1185261_603953849656424_490516882_n.jpg?fit=960%2C357&ssl=1&resize=700%2C400 2x"},"classes":[]},{"id":2814,"url":"https:\/\/kalot.com.mx\/site\/2013\/10\/01\/ya-esta-aqui-el-festival-del-globo-2013-encuentra-toda-la-info-aqui-figleon\/","url_meta":{"origin":7395,"position":1},"title":"Ya est\u00e1 aqu\u00ed el Festival del Globo 2013, encuentra toda la info aqu\u00ed @FIGLeon","author":"Jorge Era\u00f1a","date":"1 octubre, 2013","format":false,"excerpt":"As\u00ed es, ya est\u00e1 todo listo para que comience el Festival del Globo 2013 que se llevar\u00e1 a cabo del 15 al 18 de Noviembre en el lugar de siempre, el Parque Ecol\u00f3gico Metropolitano de Le\u00f3n, Guanajuato. Como ya saben \u00e9ste festival inicio desde 2002 y tiene ya 11 ediciones\u2026","rel":"","context":"Entrada similar ","block_context":{"text":"Entrada similar ","link":""},"img":{"alt_text":"","src":"https:\/\/i0.wp.com\/kalot.com.mx\/site\/wp-content\/uploads\/2013\/10\/537469_10151361550932825_1118911026_n.png?fit=960%2C355&ssl=1&resize=350%2C200","width":350,"height":200,"srcset":"https:\/\/i0.wp.com\/kalot.com.mx\/site\/wp-content\/uploads\/2013\/10\/537469_10151361550932825_1118911026_n.png?fit=960%2C355&ssl=1&resize=350%2C200 1x, https:\/\/i0.wp.com\/kalot.com.mx\/site\/wp-content\/uploads\/2013\/10\/537469_10151361550932825_1118911026_n.png?fit=960%2C355&ssl=1&resize=525%2C300 1.5x, https:\/\/i0.wp.com\/kalot.com.mx\/site\/wp-content\/uploads\/2013\/10\/537469_10151361550932825_1118911026_n.png?fit=960%2C355&ssl=1&resize=700%2C400 2x"},"classes":[]},{"id":7008,"url":"https:\/\/kalot.com.mx\/site\/2013\/11\/24\/holbox-paraiso-tropical\/","url_meta":{"origin":7395,"position":2},"title":"Holbox, para\u00edso tropical!","author":"Ceci Cuevas","date":"24 noviembre, 2013","format":false,"excerpt":"por Ceci Cuevas Por fin me di el tiempo de ir a conocer la isla de Holbox. Situada al norte de la pen\u00ednsula de Yucat\u00e1n, puedes llegar a la isla primero por v\u00eda terrestre al puerto de Chiquil\u00e1 (tres horas y media desde Canc\u00fan en cami\u00f3n ) y de ah\u00ed\u2026","rel":"","context":"Con 2 comentarios","block_context":{"text":"Con 2 comentarios","link":"https:\/\/kalot.com.mx\/site\/2013\/11\/24\/holbox-paraiso-tropical\/#comments"},"img":{"alt_text":"","src":"https:\/\/i0.wp.com\/kalot.com.mx\/site\/wp-content\/uploads\/2013\/11\/20131124-015928-a.m..jpg?fit=1024%2C589&ssl=1&resize=350%2C200","width":350,"height":200,"srcset":"https:\/\/i0.wp.com\/kalot.com.mx\/site\/wp-content\/uploads\/2013\/11\/20131124-015928-a.m..jpg?fit=1024%2C589&ssl=1&resize=350%2C200 1x, https:\/\/i0.wp.com\/kalot.com.mx\/site\/wp-content\/uploads\/2013\/11\/20131124-015928-a.m..jpg?fit=1024%2C589&ssl=1&resize=525%2C300 1.5x, https:\/\/i0.wp.com\/kalot.com.mx\/site\/wp-content\/uploads\/2013\/11\/20131124-015928-a.m..jpg?fit=1024%2C589&ssl=1&resize=700%2C400 2x"},"classes":[]},{"id":6125,"url":"https:\/\/kalot.com.mx\/site\/2013\/11\/09\/hhh-fest\/","url_meta":{"origin":7395,"position":3},"title":"The HHH Fest","author":"Rom\u00e1n Salgado","date":"9 noviembre, 2013","format":false,"excerpt":"La fiesta de los DJ\u00b4s comienza por fin en M\u00e9xico La m\u00fasica electr\u00f3nica ha aumentado sus niveles de tendencia en los \u00faltimos a\u00f1os, no solo en el mundo, sino tambi\u00e9n en M\u00e9xico y es que con tan grandes exponentes visitando cada vez m\u00e1s seguido el pa\u00eds, la calidad de los\u2026","rel":"","context":"Entrada similar ","block_context":{"text":"Entrada similar ","link":""},"img":{"alt_text":"","src":"https:\/\/i0.wp.com\/kalot.com.mx\/site\/wp-content\/uploads\/2013\/11\/hhh.jpg?fit=555%2C416&ssl=1&resize=350%2C200","width":350,"height":200,"srcset":"https:\/\/i0.wp.com\/kalot.com.mx\/site\/wp-content\/uploads\/2013\/11\/hhh.jpg?fit=555%2C416&ssl=1&resize=350%2C200 1x, https:\/\/i0.wp.com\/kalot.com.mx\/site\/wp-content\/uploads\/2013\/11\/hhh.jpg?fit=555%2C416&ssl=1&resize=525%2C300 1.5x"},"classes":[]},{"id":19097,"url":"https:\/\/kalot.com.mx\/site\/2014\/11\/06\/juegos-centroamericanos-y-del-caribe-veracruz-2014\/","url_meta":{"origin":7395,"position":4},"title":"Juegos Centroamericanos y del Caribe Veracruz 2014","author":"Samuel Arriaga","date":"6 noviembre, 2014","format":false,"excerpt":"Faltan d\u00edas para que Veracruz inaugure los Juegos Centroamericanos y del Caribe, donde se vivir\u00e1 un ambiente lleno de alegr\u00eda como solo los jarochos sabemos hacerlo. Los Juegos Centroamericanos y del Caribe son un evento deportivo que se realiza cada 4 a\u00f1os en la regi\u00f3n de Centroam\u00e9rica y el caribe,\u2026","rel":"","context":"Entrada similar ","block_context":{"text":"Entrada similar ","link":""},"img":{"alt_text":"","src":"https:\/\/i0.wp.com\/kalot.com.mx\/site\/wp-content\/uploads\/2014\/11\/veracruz.jpg?fit=700%2C325&ssl=1&resize=350%2C200","width":350,"height":200,"srcset":"https:\/\/i0.wp.com\/kalot.com.mx\/site\/wp-content\/uploads\/2014\/11\/veracruz.jpg?fit=700%2C325&ssl=1&resize=350%2C200 1x, https:\/\/i0.wp.com\/kalot.com.mx\/site\/wp-content\/uploads\/2014\/11\/veracruz.jpg?fit=700%2C325&ssl=1&resize=525%2C300 1.5x, https:\/\/i0.wp.com\/kalot.com.mx\/site\/wp-content\/uploads\/2014\/11\/veracruz.jpg?fit=700%2C325&ssl=1&resize=700%2C400 2x"},"classes":[]},{"id":13818,"url":"https:\/\/kalot.com.mx\/site\/2014\/03\/23\/13818\/","url_meta":{"origin":7395,"position":5},"title":"Cinema Planeta","author":"Ceci Cuevas","date":"23 marzo, 2014","format":false,"excerpt":"por Ceci Cuevas En el estado de Morelos,\u00a0a 40 minutos de la ciudad de Cuernavaca,\u00a0el pasado viernes 21 de marzo se llev\u00f3 a cabo\u00a0\u00a0la inauguraci\u00f3n de\u00a0la sexta edici\u00f3n del festival internacional de cine y medio ambiente de M\u00e9xico\u00a0Cinema Planeta. Con la presencia de mas de 4,500 personas, se hizo la\u2026","rel":"","context":"Entrada similar ","block_context":{"text":"Entrada similar ","link":""},"img":{"alt_text":"","src":"https:\/\/i0.wp.com\/kalot.com.mx\/site\/wp-content\/uploads\/2014\/03\/cinema-planeta.png?fit=680%2C444&ssl=1&resize=350%2C200","width":350,"height":200,"srcset":"https:\/\/i0.wp.com\/kalot.com.mx\/site\/wp-content\/uploads\/2014\/03\/cinema-planeta.png?fit=680%2C444&ssl=1&resize=350%2C200 1x, https:\/\/i0.wp.com\/kalot.com.mx\/site\/wp-content\/uploads\/2014\/03\/cinema-planeta.png?fit=680%2C444&ssl=1&resize=525%2C300 1.5x"},"classes":[]}],"jetpack_sharing_enabled":true,"_links":{"self":[{"href":"https:\/\/kalot.com.mx\/site\/wp-json\/wp\/v2\/posts\/7395","targetHints":{"allow":["GET"]}}],"collection":[{"href":"https:\/\/kalot.com.mx\/site\/wp-json\/wp\/v2\/posts"}],"about":[{"href":"https:\/\/kalot.com.mx\/site\/wp-json\/wp\/v2\/types\/post"}],"author":[{"embeddable":true,"href":"https:\/\/kalot.com.mx\/site\/wp-json\/wp\/v2\/users\/42"}],"replies":[{"embeddable":true,"href":"https:\/\/kalot.com.mx\/site\/wp-json\/wp\/v2\/comments?post=7395"}],"version-history":[{"count":0,"href":"https:\/\/kalot.com.mx\/site\/wp-json\/wp\/v2\/posts\/7395\/revisions"}],"wp:featuredmedia":[{"embeddable":true,"href":"https:\/\/kalot.com.mx\/site\/wp-json\/wp\/v2\/media\/7393"}],"wp:attachment":[{"href":"https:\/\/kalot.com.mx\/site\/wp-json\/wp\/v2\/media?parent=7395"}],"wp:term":[{"taxonomy":"category","embeddable":true,"href":"https:\/\/kalot.com.mx\/site\/wp-json\/wp\/v2\/categories?post=7395"},{"taxonomy":"post_tag","embeddable":true,"href":"https:\/\/kalot.com.mx\/site\/wp-json\/wp\/v2\/tags?post=7395"}],"curies":[{"name":"wp","href":"https:\/\/api.w.org\/{rel}","templated":true}]}}