{"id":7374,"date":"2013-11-30T23:52:59","date_gmt":"2013-12-01T05:52:59","guid":{"rendered":"http:\/\/www.kalot.com.mx\/?p=7374"},"modified":"2013-11-30T23:52:59","modified_gmt":"2013-12-01T05:52:59","slug":"aunque-el-candidato-se-vista-de-seda-el-curriculum-es-lo-que-cuenta","status":"publish","type":"post","link":"https:\/\/kalot.com.mx\/site\/2013\/11\/30\/aunque-el-candidato-se-vista-de-seda-el-curriculum-es-lo-que-cuenta\/","title":{"rendered":"Aunque el candidato se vista de seda, el curr\u00edculum es lo  que cuenta."},"content":{"rendered":"<p style=\"text-align: justify\">Y aunque parezca broma mis estimados kalochos, el desarrollo de un efectivo CV es el que puede llevarte, como m\u00ednimo, a ser considerado como candidato de entrevista para un puesto de trabajo. Y suena algo dram\u00e1tico o algo similar, pero casi todas las empresas (sean del sector industrial, comercial o de servicios) se basan en un modelo similar.<\/p>\n<p style=\"text-align: justify\">Hace unas semanas, un servidor tuvo que efectuar labores de reclutamiento y selecci\u00f3n en la empresa donde laboro, se lanz\u00f3 la convocatoria y se recibieron gran cantidad de CV; por desgracia, debido a la mala estructura, orden y cantidad de informaci\u00f3n mostrada por los candidatos, solo 7 fueron seleccionados para entrevista para los dos puestos disponibles. El jefe y la encargada de selecci\u00f3n me apoyaron en discriminar CV por m\u00faltiples factores, tales como n\u00famero de hojas, fotograf\u00eda, tipograf\u00eda, uso de colores, entre otras. Adem\u00e1s, me brindaron ciertos puntos que se deben de considerar y que, sin importar el tipo de trabajo o puesto al que se pretenda ocupar, se deben de considerar al momento de formular un CV.<\/p>\n<p style=\"text-align: justify\"><span style=\"line-height: 1.5em\">Esperando que sea de utilidad para ustedes kalochos, les comparto algunos puntos y, al mismo tiempo, se evidencian algunos errores comunes y que pueden causar una mala impresi\u00f3n de ti sin necesidad de conocerte.<\/span><\/p>\n<p style=\"text-align: justify\"><span style=\"line-height: 1.5em\">Los elementos que debe integrar un CV son los siguientes:<\/span><\/p>\n<ul style=\"text-align: justify\">\n<li><b>Tu nombre:<\/b> Siempre es lo que debe de ir como encabezado del Curr\u00edculum. Debe de sobresalir de los dem\u00e1s elementos, ya sea con un mayor tama\u00f1o o alg\u00fan formato que le d\u00e9 \u00e9nfasis (como por ejemplo, el efecto negritas). Esto mostrar\u00e1 que tienes confianza en ti mismo. Un error com\u00fan es que ponemos como encabezado \u201cCurr\u00edculum vitae\u201d, o bien, \u201cTal profesi\u00f3n\u201d. Ambas son err\u00f3neas. El primero debido a que el reclutador conoce que es y como es el documento, y no hay necesidad de \u201creafirmarlo\u201d por as\u00ed decirlo; el segundo es porque te predispones a ser rechazado, puesto que puedes cumplir con el perfil que esta solicitando, pero al no cumplir con la profesi\u00f3n o la carrera, quitas al reclutador la oportunidad de leer m\u00e1s all\u00e1 sobre ti; para escribir sobre tu profesi\u00f3n, esta la secci\u00f3n \u201cformaci\u00f3n acad\u00e9mica\u201d.<\/li>\n<li><b>Tus datos generales:<\/b> Despu\u00e9s de tu nombre, debes de colocar aquellos datos generales relevantes, tales como edad, direcci\u00f3n, tel\u00e9fono de casa principalmente, de celular, y un correo electr\u00f3nico. Estos datos deben de ir alineados hacia la derecha de la p\u00e1gina. Errores que puede presentar esta parte es que escribas tu fecha de nacimiento, tu CURP, tu n\u00famero de IFE y hasta tu \u201cmote\u201d o red social. Estar\u00e1s dando exceso de informaci\u00f3n que al reclutador le puede parecer irrelevante, y por lo tanto, poco interesante.<\/li>\n<li><b>Tu fotograf\u00eda:<\/b> Este es uno de los factores por el cual, se discrimina a muchos candidatos. Y no es para menos, hay candidatos que emplean la fotograf\u00eda del Facebook, o del WhatsApp. Algunos con pose de gal\u00e1n y algunas chavas con pose de modelo, inclusive se han presentado las t\u00edpicas fotos que se toman frente al espejo del ba\u00f1o, aquellas con un fondo nocturno o hasta de cuerpo completo. Lo que refleja esta tipo de cosas es falta de seriedad ante lo solicitado. Lo recomendable es que, en la medida de lo posible, se coloque una fotograf\u00eda con ropa civil, camisa o blusa respectivamente, con un fondo blanco, ya sea tomada por ustedes mismos o bien, de un estudio. El tama\u00f1o de preferencia que sea infantil o para credencial, y no de tama\u00f1o postal. Esta fotograf\u00eda debe de ir alineada a la derecha, paralela a tus datos generales.<\/li>\n<li><b>Objetivo profesional: <\/b>Es la primer secci\u00f3n del CV posterior a los datos generales. El objetivo debe ser redactado, de forma que pueda entenderse lo que t\u00fa quieres como profesionista, y a la vez, lo que puedes aportar a beneficio de la organizaci\u00f3n. El error m\u00e1s com\u00fan es que se redacta el objetivo profesional como lo que nosotros queremos o esperamos, pero no lo que podemos brindar hacia la instituci\u00f3n. Este objetivo no debe de ser de m\u00e1s de 5 renglones.<\/li>\n<li><b>Experiencia laboral:<\/b> En caso de tener la experiencia laboral, esta es la segunda secci\u00f3n de tu CV. Esta parte incluye todos los trabajos (incluido el servicio social, pr\u00e1cticas profesionales y residencia o estad\u00eda), en los que has laborado. Va del m\u00e1s reciente hacia el m\u00e1s antiguo. En caso de tener mucha experiencia laboral, se deben escribir los \u00faltimos 3 \u00f3 4 trabajos anteriores. Se redacta colocando el nombre de la instituci\u00f3n, el periodo en que laboraste, el puesto desempe\u00f1ado, y escribir las 5 actividades m\u00e1s importantes o relevantes del puesto. En esta parte, los errores m\u00e1s comunes que se tienen es que la experiencia laboral la manejan en desorden cronol\u00f3gico, sin por ning\u00fan lado. A la vez, describen todas y cada una de las actividades desarrolladas, lo que hace que el curr\u00edculum se extienda demasiado. Otro error es escribir toda la trayectoria laboral, inclusive trabajos que tuvieron siendo apenas unos ni\u00f1os. Finalmente, las actividades escolares no deben de ser incluidas en la experiencia laboral, para eso se encuentra la secci\u00f3n Experiencia Acad\u00e9mica, a menos que sean parte de la residencia o estad\u00eda.<\/li>\n<li><b>Formaci\u00f3n acad\u00e9mica:<\/b> Es la tercer secci\u00f3n en caso de tener experiencia laboral, o la segunda en caso de no tenerla. Al igual que la experiencia laboral, se debe redactar de la m\u00e1s reciente hasta la m\u00e1s antigua. Se debe de escribir \u00fanicamente las formaciones profesionales como carreras t\u00e9cnicas, bachilleratos, universidades, maestr\u00eda y doctorado. El error com\u00fan en esta parte es que se suele escribir desde el jard\u00edn de ni\u00f1os, la primaria y la secundaria. Al igual que se mencion\u00f3, es \u201cpaja\u201d dentro de la informaci\u00f3n relevante, puesto que si ya est\u00e1s en un estudio profesional, se sobreentiende que ya cursaste los niveles b\u00e1sicos de educaci\u00f3n.<\/li>\n<li><b>Experiencia acad\u00e9mica: <\/b>En esta secci\u00f3n se deben de redactar todos aquellos trabajos, seminarios, cursos y eventos a los que asististe, y que contribuyeron a tu formaci\u00f3n acad\u00e9mica.<\/li>\n<li><b>Paqueter\u00edas, idiomas y otros conocimientos: <\/b>Finalmente, la \u00faltima secci\u00f3n del CV es aquella que incluye todas las paqueter\u00edas computacionales que dominas, los idiomas que hablas, y algunos conocimientos adicionales que no son directamente relacionados con tu formaci\u00f3n acad\u00e9mica, pero que posees. Un error com\u00fan que se puede incluir es que, al momento de redactar el idioma, se coloca un porcentaje. De preferencia, se recomienda colocar las palabras B\u00e1sico, Intermedio, Intermedio-Avanzado y Avanzado.<\/li>\n<\/ul>\n<p style=\"text-align: justify\">\u00a0Adicionalmente a lo ya descrito, existen otras recomendaciones:<\/p>\n<ul style=\"text-align: justify\">\n<li>Omite a toda costa el uso de diferentes colores y tipograf\u00edas en la redacci\u00f3n de un CV; aunque parezca que se ve llamativo y diferente, lo que puede indicar es falta de seriedad ante un trabajo. Generalmente la tipograf\u00eda puede ser Arial, Times New Roman o Calibri, con un tama\u00f1o de 11 o 12 puntos para la informaci\u00f3n, y con un tama\u00f1o de 14 o 16 puntos para las secciones mencionados. Los efectos que se pueden emplear es subrayado, it\u00e1licas y negritas.<\/li>\n<li>Rompe el mito de que el CV debe de ser en una sola p\u00e1gina; si tu experiencia laboral, formaci\u00f3n o experiencia acad\u00e9mica son amplios, es posible emplear hasta dos hojas.<\/li>\n<li>No acumules mucha informaci\u00f3n en una sola p\u00e1gina. Va relacionado con el anterior, queremos incluir toda la informaci\u00f3n en una sola p\u00e1gina que se hace un desorden y acumulaci\u00f3n de informaci\u00f3n, que se pierden las secciones a simple vista. Es uno de los principales factores por los cuales un CV no es le\u00eddo.<\/li>\n<li>No enumeres las p\u00e1ginas en un CV, dado que no es una extensi\u00f3n muy grande para enumerar las p\u00e1ginas.<\/li>\n<li>No establezcas m\u00e1rgenes en los CV, en el \u00e1mbito de la personalidad, puede indicar que t\u00fa mismo te estableces l\u00edmites.<\/li>\n<li>El CV siempre debe de ir justificado, exceptuando la parte inicial de los datos generales.<\/li>\n<li>No brindes informaci\u00f3n que pueda auto-etiquetarte o mal interpretarse. Un ejemplo que recuerdo mucho por su frecuencia es que manejaban la palabra \u201cHobbies\u201d para todo aquello que les interesa, y algunos colocaron Redes Sociales. La palabra Hobbies es similar a Pasatiempos, y al colocar Redes Sociales como Hobbie, la primera actividad que se viene a la mente es el uso del chat. De este ejemplo hay muchos, que permiten que seas un candidato desechado.<\/li>\n<li>En caso de que el CV sea entregado de forma f\u00edsica, aseg\u00farate de imprimirlo en una hoja de color blanca o color marfil m\u00e1s gruesa que las hojas comunes. Un buen ejemplo es la opalina.<\/li>\n<li>En caso de enviarse electr\u00f3nicamente, aseg\u00farate de enviarlo en formato PDF, sin ning\u00fan fondo de p\u00e1gina, y con la ortograf\u00eda correspondiente.<\/li>\n<\/ul>\n<p style=\"text-align: justify\"><span style=\"line-height: 1.5em\">As\u00ed que mis estimados lectores, esto es lo que me compartieron, que si bien algunos puntos pueden ser exagerados, tal vez sean tambi\u00e9n de los puntos en que muchos cometemos errores. Hasta el pr\u00f3ximo art\u00edculo.<\/span><\/p>\n<p style=\"text-align: justify\"><span style=\"line-height: 1.5em\">See ya. \u00a0\u00a0<\/span><\/p>\n<p>&nbsp;<\/p>\n<p>&nbsp;<\/p>\n","protected":false},"excerpt":{"rendered":"Y aunque parezca broma mis estimados kalochos, el desarrollo de un efectivo CV es el que puede llevarte,&hellip;\n","protected":false},"author":25,"featured_media":7380,"comment_status":"open","ping_status":"open","sticky":false,"template":"","format":"standard","meta":{"jetpack_post_was_ever_published":false,"_jetpack_newsletter_access":"","_jetpack_dont_email_post_to_subs":false,"_jetpack_newsletter_tier_id":0,"_jetpack_memberships_contains_paywalled_content":false,"_jetpack_memberships_contains_paid_content":false,"footnotes":"","jetpack_publicize_message":"","jetpack_publicize_feature_enabled":true,"jetpack_social_post_already_shared":true,"jetpack_social_options":{"image_generator_settings":{"template":"highway","default_image_id":0,"font":"","enabled":false},"version":2}},"categories":[],"tags":[],"class_list":{"0":"post-7374","1":"post","2":"type-post","3":"status-publish","4":"format-standard","5":"has-post-thumbnail","7":"cs-entry","8":"cs-video-wrap"},"yoast_head":"<!-- This site is optimized with the Yoast SEO plugin v27.5 - https:\/\/yoast.com\/product\/yoast-seo-wordpress\/ -->\n<title>Aunque el candidato se vista de seda, el curr\u00edculum es lo que cuenta. - Kalot<\/title>\n<meta name=\"description\" content=\"Y aunque parezca broma mis estimados kalochos, el desarrollo de un efectivo CV es el que puede llevarte, como m\u00ednimo, a ser considerado como candidato de\" \/>\n<meta name=\"robots\" content=\"index, follow, max-snippet:-1, max-image-preview:large, max-video-preview:-1\" \/>\n<link rel=\"canonical\" href=\"https:\/\/kalot.com.mx\/site\/2013\/11\/30\/aunque-el-candidato-se-vista-de-seda-el-curriculum-es-lo-que-cuenta\/\" \/>\n<meta property=\"og:locale\" content=\"es_MX\" \/>\n<meta property=\"og:type\" content=\"article\" \/>\n<meta property=\"og:title\" content=\"Aunque el candidato se vista de seda, el curr\u00edculum es lo que cuenta. - Kalot\" \/>\n<meta property=\"og:description\" content=\"Y aunque parezca broma mis estimados kalochos, el desarrollo de un efectivo CV es el que puede llevarte, como m\u00ednimo, a ser considerado como candidato de\" \/>\n<meta property=\"og:url\" content=\"https:\/\/kalot.com.mx\/site\/2013\/11\/30\/aunque-el-candidato-se-vista-de-seda-el-curriculum-es-lo-que-cuenta\/\" \/>\n<meta property=\"og:site_name\" content=\"Kalot\" \/>\n<meta property=\"article:publisher\" content=\"http:\/\/facebook.com\/mxkalot\" \/>\n<meta property=\"article:published_time\" content=\"2013-12-01T05:52:59+00:00\" \/>\n<meta property=\"og:image\" content=\"https:\/\/i2.wp.com\/kalot.com.mx\/site\/wp-content\/uploads\/2013\/11\/CV-KALOT.jpg?fit=480%2C620&ssl=1\" \/>\n\t<meta property=\"og:image:width\" content=\"480\" \/>\n\t<meta property=\"og:image:height\" content=\"620\" \/>\n\t<meta property=\"og:image:type\" content=\"image\/jpeg\" \/>\n<meta name=\"author\" content=\"Saul Alonso\" \/>\n<meta name=\"twitter:card\" content=\"summary_large_image\" \/>\n<meta name=\"twitter:creator\" content=\"@kalotmx\" \/>\n<meta name=\"twitter:site\" content=\"@kalotmx\" \/>\n<meta name=\"twitter:label1\" content=\"Escrito por\" \/>\n\t<meta name=\"twitter:data1\" content=\"Saul Alonso\" \/>\n\t<meta name=\"twitter:label2\" content=\"Tiempo de lectura\" \/>\n\t<meta name=\"twitter:data2\" content=\"8 minutos\" \/>\n<!-- \/ Yoast SEO plugin. -->","yoast_head_json":{"title":"Aunque el candidato se vista de seda, el curr\u00edculum es lo que cuenta. - Kalot","description":"Y aunque parezca broma mis estimados kalochos, el desarrollo de un efectivo CV es el que puede llevarte, como m\u00ednimo, a ser considerado como candidato de","robots":{"index":"index","follow":"follow","max-snippet":"max-snippet:-1","max-image-preview":"max-image-preview:large","max-video-preview":"max-video-preview:-1"},"canonical":"https:\/\/kalot.com.mx\/site\/2013\/11\/30\/aunque-el-candidato-se-vista-de-seda-el-curriculum-es-lo-que-cuenta\/","og_locale":"es_MX","og_type":"article","og_title":"Aunque el candidato se vista de seda, el curr\u00edculum es lo que cuenta. - Kalot","og_description":"Y aunque parezca broma mis estimados kalochos, el desarrollo de un efectivo CV es el que puede llevarte, como m\u00ednimo, a ser considerado como candidato de","og_url":"https:\/\/kalot.com.mx\/site\/2013\/11\/30\/aunque-el-candidato-se-vista-de-seda-el-curriculum-es-lo-que-cuenta\/","og_site_name":"Kalot","article_publisher":"http:\/\/facebook.com\/mxkalot","article_published_time":"2013-12-01T05:52:59+00:00","og_image":[{"width":480,"height":620,"url":"https:\/\/i2.wp.com\/kalot.com.mx\/site\/wp-content\/uploads\/2013\/11\/CV-KALOT.jpg?fit=480%2C620&ssl=1","type":"image\/jpeg"}],"author":"Saul Alonso","twitter_card":"summary_large_image","twitter_creator":"@kalotmx","twitter_site":"@kalotmx","twitter_misc":{"Escrito por":"Saul Alonso","Tiempo de lectura":"8 minutos"},"schema":{"@context":"https:\/\/schema.org","@graph":[{"@type":"Article","@id":"https:\/\/kalot.com.mx\/site\/2013\/11\/30\/aunque-el-candidato-se-vista-de-seda-el-curriculum-es-lo-que-cuenta\/#article","isPartOf":{"@id":"https:\/\/kalot.com.mx\/site\/2013\/11\/30\/aunque-el-candidato-se-vista-de-seda-el-curriculum-es-lo-que-cuenta\/"},"author":{"name":"Saul Alonso","@id":"https:\/\/kalot.com.mx\/site\/#\/schema\/person\/0af7e4a35e97d3b642a1427204342da1"},"headline":"Aunque el candidato se vista de seda, el curr\u00edculum es lo que cuenta.","datePublished":"2013-12-01T05:52:59+00:00","mainEntityOfPage":{"@id":"https:\/\/kalot.com.mx\/site\/2013\/11\/30\/aunque-el-candidato-se-vista-de-seda-el-curriculum-es-lo-que-cuenta\/"},"wordCount":1579,"commentCount":1,"publisher":{"@id":"https:\/\/kalot.com.mx\/site\/#organization"},"image":{"@id":"https:\/\/kalot.com.mx\/site\/2013\/11\/30\/aunque-el-candidato-se-vista-de-seda-el-curriculum-es-lo-que-cuenta\/#primaryimage"},"thumbnailUrl":"https:\/\/i0.wp.com\/kalot.com.mx\/site\/wp-content\/uploads\/2013\/11\/CV-KALOT.jpg?fit=480%2C620&ssl=1","inLanguage":"es","potentialAction":[{"@type":"CommentAction","name":"Comment","target":["https:\/\/kalot.com.mx\/site\/2013\/11\/30\/aunque-el-candidato-se-vista-de-seda-el-curriculum-es-lo-que-cuenta\/#respond"]}]},{"@type":"WebPage","@id":"https:\/\/kalot.com.mx\/site\/2013\/11\/30\/aunque-el-candidato-se-vista-de-seda-el-curriculum-es-lo-que-cuenta\/","url":"https:\/\/kalot.com.mx\/site\/2013\/11\/30\/aunque-el-candidato-se-vista-de-seda-el-curriculum-es-lo-que-cuenta\/","name":"Aunque el candidato se vista de seda, el curr\u00edculum es lo que cuenta. - Kalot","isPartOf":{"@id":"https:\/\/kalot.com.mx\/site\/#website"},"primaryImageOfPage":{"@id":"https:\/\/kalot.com.mx\/site\/2013\/11\/30\/aunque-el-candidato-se-vista-de-seda-el-curriculum-es-lo-que-cuenta\/#primaryimage"},"image":{"@id":"https:\/\/kalot.com.mx\/site\/2013\/11\/30\/aunque-el-candidato-se-vista-de-seda-el-curriculum-es-lo-que-cuenta\/#primaryimage"},"thumbnailUrl":"https:\/\/i0.wp.com\/kalot.com.mx\/site\/wp-content\/uploads\/2013\/11\/CV-KALOT.jpg?fit=480%2C620&ssl=1","datePublished":"2013-12-01T05:52:59+00:00","description":"Y aunque parezca broma mis estimados kalochos, el desarrollo de un efectivo CV es el que puede llevarte, como m\u00ednimo, a ser considerado como candidato de","breadcrumb":{"@id":"https:\/\/kalot.com.mx\/site\/2013\/11\/30\/aunque-el-candidato-se-vista-de-seda-el-curriculum-es-lo-que-cuenta\/#breadcrumb"},"inLanguage":"es","potentialAction":[{"@type":"ReadAction","target":["https:\/\/kalot.com.mx\/site\/2013\/11\/30\/aunque-el-candidato-se-vista-de-seda-el-curriculum-es-lo-que-cuenta\/"]}]},{"@type":"ImageObject","inLanguage":"es","@id":"https:\/\/kalot.com.mx\/site\/2013\/11\/30\/aunque-el-candidato-se-vista-de-seda-el-curriculum-es-lo-que-cuenta\/#primaryimage","url":"https:\/\/i0.wp.com\/kalot.com.mx\/site\/wp-content\/uploads\/2013\/11\/CV-KALOT.jpg?fit=480%2C620&ssl=1","contentUrl":"https:\/\/i0.wp.com\/kalot.com.mx\/site\/wp-content\/uploads\/2013\/11\/CV-KALOT.jpg?fit=480%2C620&ssl=1","width":480,"height":620},{"@type":"BreadcrumbList","@id":"https:\/\/kalot.com.mx\/site\/2013\/11\/30\/aunque-el-candidato-se-vista-de-seda-el-curriculum-es-lo-que-cuenta\/#breadcrumb","itemListElement":[{"@type":"ListItem","position":1,"name":"Home","item":"https:\/\/kalot.com.mx\/site\/"},{"@type":"ListItem","position":2,"name":"Aunque el candidato se vista de seda, el curr\u00edculum es lo que cuenta."}]},{"@type":"WebSite","@id":"https:\/\/kalot.com.mx\/site\/#website","url":"https:\/\/kalot.com.mx\/site\/","name":"Kalot","description":"Conoce Todo Sobre Todo","publisher":{"@id":"https:\/\/kalot.com.mx\/site\/#organization"},"potentialAction":[{"@type":"SearchAction","target":{"@type":"EntryPoint","urlTemplate":"https:\/\/kalot.com.mx\/site\/?s={search_term_string}"},"query-input":{"@type":"PropertyValueSpecification","valueRequired":true,"valueName":"search_term_string"}}],"inLanguage":"es"},{"@type":"Organization","@id":"https:\/\/kalot.com.mx\/site\/#organization","name":"Kalot","url":"https:\/\/kalot.com.mx\/site\/","logo":{"@type":"ImageObject","inLanguage":"es","@id":"https:\/\/kalot.com.mx\/site\/#\/schema\/logo\/image\/","url":"https:\/\/i0.wp.com\/kalot.com.mx\/site\/wp-content\/uploads\/2020\/04\/Kalot-logo-sin-tagline.png?fit=1707%2C1014&ssl=1","contentUrl":"https:\/\/i0.wp.com\/kalot.com.mx\/site\/wp-content\/uploads\/2020\/04\/Kalot-logo-sin-tagline.png?fit=1707%2C1014&ssl=1","width":1707,"height":1014,"caption":"Kalot"},"image":{"@id":"https:\/\/kalot.com.mx\/site\/#\/schema\/logo\/image\/"},"sameAs":["http:\/\/facebook.com\/mxkalot","https:\/\/x.com\/kalotmx","http:\/\/instagram.com\/kalotmx","http:\/\/pinterest.com\/jorgeerana\/kalot"]},{"@type":"Person","@id":"https:\/\/kalot.com.mx\/site\/#\/schema\/person\/0af7e4a35e97d3b642a1427204342da1","name":"Saul Alonso","image":{"@type":"ImageObject","inLanguage":"es","@id":"https:\/\/secure.gravatar.com\/avatar\/567d81852bbebfd1de3d0230b17b0030cb90aacd14e0f6c3e0d25e45c92e3109?s=96&d=mm&r=g","url":"https:\/\/secure.gravatar.com\/avatar\/567d81852bbebfd1de3d0230b17b0030cb90aacd14e0f6c3e0d25e45c92e3109?s=96&d=mm&r=g","contentUrl":"https:\/\/secure.gravatar.com\/avatar\/567d81852bbebfd1de3d0230b17b0030cb90aacd14e0f6c3e0d25e45c92e3109?s=96&d=mm&r=g","caption":"Saul Alonso"},"description":"Licenciado en Administraci\u00f3n por parte de la Universidad Polit\u00e9cnica de San Luis Potos\u00ed. Trabaja en la Direcci\u00f3n de Control en Grupo Bimbo. Galardonado por la Fundaci\u00f3n Trayectoria de \u00c9xito en el certamen \"Medalla Estudiantes Ejemplares\" en su edici\u00f3n 2013. Amante de la lectura y escritura. En proceso de redacci\u00f3n del libro \"Crossed Destinies\".","url":"https:\/\/kalot.com.mx\/site\/author\/saul\/"}]}},"jetpack_publicize_connections":[],"jetpack_featured_media_url":"https:\/\/i0.wp.com\/kalot.com.mx\/site\/wp-content\/uploads\/2013\/11\/CV-KALOT.jpg?fit=480%2C620&ssl=1","jetpack_shortlink":"https:\/\/wp.me\/p6IHEI-1UW","jetpack-related-posts":[{"id":4664,"url":"https:\/\/kalot.com.mx\/site\/2013\/10\/22\/curriculum-vitae-la-tendencia-de-demostrar-tus-habildades-de-manera-diferente\/","url_meta":{"origin":7374,"position":0},"title":"Curriculum Vitae: la tendencia de demostrar tus habildades de manera diferente","author":"Edgar Villanueva","date":"22 octubre, 2013","format":false,"excerpt":"El curriculum vitae es una herramienta de gran utilidad que le da a los reclutadores la posibilidad de conocer las habilidades de las personas interesadas en\u00a0 postularse para un puesto de trabajo. Es de suma importancia diferenciarse de las dem\u00e1s personas que est\u00e1n buscando el mismo puesto, ya que si\u2026","rel":"","context":"Entrada similar ","block_context":{"text":"Entrada similar ","link":""},"img":{"alt_text":"","src":"https:\/\/i0.wp.com\/kalot.com.mx\/site\/wp-content\/uploads\/2013\/10\/cv_01.jpg?fit=600%2C423&ssl=1&resize=350%2C200","width":350,"height":200,"srcset":"https:\/\/i0.wp.com\/kalot.com.mx\/site\/wp-content\/uploads\/2013\/10\/cv_01.jpg?fit=600%2C423&ssl=1&resize=350%2C200 1x, https:\/\/i0.wp.com\/kalot.com.mx\/site\/wp-content\/uploads\/2013\/10\/cv_01.jpg?fit=600%2C423&ssl=1&resize=525%2C300 1.5x"},"classes":[]},{"id":17007,"url":"https:\/\/kalot.com.mx\/site\/2014\/06\/26\/otro-post-mundialista\/","url_meta":{"origin":7374,"position":1},"title":"OTRO Post Mundialista","author":"K. Max","date":"26 junio, 2014","format":false,"excerpt":"Ah, El Mundial de Futbol\u2026 ese bonito evento de la FIFA que cada 4 a\u00f1os esperamos para que nos bombardeen con comerciales donde aparezca la jeta del DT de la selecci\u00f3n, con los jugadores estrella de los equipos nacionales, para que cada a\u00f1o la selecci\u00f3n haga su agosto y salga\u2026","rel":"","context":"Entrada similar ","block_context":{"text":"Entrada similar ","link":""},"img":{"alt_text":"","src":"https:\/\/i0.wp.com\/kalot.com.mx\/site\/wp-content\/uploads\/2014\/06\/La-Seleccion.jpg?fit=800%2C532&ssl=1&resize=350%2C200","width":350,"height":200,"srcset":"https:\/\/i0.wp.com\/kalot.com.mx\/site\/wp-content\/uploads\/2014\/06\/La-Seleccion.jpg?fit=800%2C532&ssl=1&resize=350%2C200 1x, https:\/\/i0.wp.com\/kalot.com.mx\/site\/wp-content\/uploads\/2014\/06\/La-Seleccion.jpg?fit=800%2C532&ssl=1&resize=525%2C300 1.5x, https:\/\/i0.wp.com\/kalot.com.mx\/site\/wp-content\/uploads\/2014\/06\/La-Seleccion.jpg?fit=800%2C532&ssl=1&resize=700%2C400 2x"},"classes":[]},{"id":10748,"url":"https:\/\/kalot.com.mx\/site\/2014\/01\/30\/y-si-mexico-hubiese-ido-al-mundial\/","url_meta":{"origin":7374,"position":2},"title":"\u00bfY si M\u00e9xico no hubiese ido al mundial?","author":"Martha Navarro","date":"30 enero, 2014","format":false,"excerpt":"Que onda kalochos y kalochas, ya casi estamos en fin de semana y como es bien sabido por los futboleros de hueso colorado la selecci\u00f3n mexicana jug\u00f3 ayer ante su similar de Corea del Sur ganando con ventaja amplia 4-0 pero que ser\u00eda si M\u00e9xico, \u00bfNo hubiera ido al mundial?\u2026","rel":"","context":"En &quot;Sin categor\u00eda&quot;","block_context":{"text":"Sin categor\u00eda","link":"https:\/\/kalot.com.mx\/site\/category\/sin-categoria\/"},"img":{"alt_text":"","src":"https:\/\/i0.wp.com\/kalot.com.mx\/site\/wp-content\/uploads\/2014\/01\/seleccion-mexicana.png?fit=500%2C500&ssl=1&resize=350%2C200","width":350,"height":200},"classes":[]},{"id":16928,"url":"https:\/\/kalot.com.mx\/site\/2014\/06\/21\/es-homofobico-el-grito-de-eeehhh\/","url_meta":{"origin":7374,"position":3},"title":"\u00bfes homof\u00f3bico el grito de &#8220;eeehhh&#8230;&#8230;..","author":"Ruth V\u00e1zquez","date":"21 junio, 2014","format":false,"excerpt":"Muchos conocen la m\u00e1s reciente pol\u00e9mica creada por los aficionados mexicanos que han asistido a los partidos de la selecci\u00f3n nacional en Brasil 2014. S\u00ed, me refiero a la expresi\u00f3n \u201ceehh puto\u201d, que ya es tradicional desde hace unos a\u00f1os aqu\u00ed en M\u00e9xico cada que va despejar el portero rival,\u2026","rel":"","context":"Entrada similar ","block_context":{"text":"Entrada similar ","link":""},"img":{"alt_text":"","src":"https:\/\/i0.wp.com\/kalot.com.mx\/site\/wp-content\/uploads\/2014\/06\/puto-800x450.jpg?fit=800%2C450&ssl=1&resize=350%2C200","width":350,"height":200,"srcset":"https:\/\/i0.wp.com\/kalot.com.mx\/site\/wp-content\/uploads\/2014\/06\/puto-800x450.jpg?fit=800%2C450&ssl=1&resize=350%2C200 1x, https:\/\/i0.wp.com\/kalot.com.mx\/site\/wp-content\/uploads\/2014\/06\/puto-800x450.jpg?fit=800%2C450&ssl=1&resize=525%2C300 1.5x, https:\/\/i0.wp.com\/kalot.com.mx\/site\/wp-content\/uploads\/2014\/06\/puto-800x450.jpg?fit=800%2C450&ssl=1&resize=700%2C400 2x"},"classes":[]},{"id":20227,"url":"https:\/\/kalot.com.mx\/site\/2015\/01\/29\/el-tri-blanco-y-negro\/","url_meta":{"origin":7374,"position":4},"title":"El TRI a BLANCO y NEGRO","author":"HM_MKT007","date":"29 enero, 2015","format":false,"excerpt":"Uno de los temas que m\u00e1s controversia generan en el mundo del deporte, sea el equipo que sea, del deporte que sea, del pa\u00eds que sea, de la ciudad que sea, de la divisi\u00f3n o liga que sea, son sus uniformes, esa indumentaria con la que defienden unos jugadores a\u2026","rel":"","context":"Entrada similar ","block_context":{"text":"Entrada similar ","link":""},"img":{"alt_text":"","src":"https:\/\/i0.wp.com\/kalot.com.mx\/site\/wp-content\/uploads\/2015\/01\/image-1.jpg?fit=922%2C340&ssl=1&resize=350%2C200","width":350,"height":200,"srcset":"https:\/\/i0.wp.com\/kalot.com.mx\/site\/wp-content\/uploads\/2015\/01\/image-1.jpg?fit=922%2C340&ssl=1&resize=350%2C200 1x, https:\/\/i0.wp.com\/kalot.com.mx\/site\/wp-content\/uploads\/2015\/01\/image-1.jpg?fit=922%2C340&ssl=1&resize=525%2C300 1.5x, https:\/\/i0.wp.com\/kalot.com.mx\/site\/wp-content\/uploads\/2015\/01\/image-1.jpg?fit=922%2C340&ssl=1&resize=700%2C400 2x"},"classes":[]},{"id":22366,"url":"https:\/\/kalot.com.mx\/site\/2015\/07\/19\/copa-ori-2015-sufriss-y-polemica-victoria-del-tri-mex-1-0-crc\/","url_meta":{"origin":7374,"position":5},"title":"Copa Oro  2015: Sufrida y polemica victoria del Tri. MEX 1-0 CRC","author":"Andres Bautista","date":"19 julio, 2015","format":false,"excerpt":"Victoria sufrida de la Selecci\u00f3n Mexicana, con penal dudoso incluido, ante su similar de Costa Rica en los 4tos de final de la Copa Oro, en la que ha sido la mejor versi\u00f3n futbolistica del equipo de Herrera. Un primer tiempo con una buena exhibici\u00f3n por parte de ambas selecciones.\u2026","rel":"","context":"Entrada similar ","block_context":{"text":"Entrada similar ","link":""},"img":{"alt_text":"","src":"https:\/\/i0.wp.com\/kalot.com.mx\/site\/wp-content\/uploads\/2015\/07\/NO_ERA_PENAL_mexico_costa_rica.jpg?fit=820%2C547&ssl=1&resize=350%2C200","width":350,"height":200,"srcset":"https:\/\/i0.wp.com\/kalot.com.mx\/site\/wp-content\/uploads\/2015\/07\/NO_ERA_PENAL_mexico_costa_rica.jpg?fit=820%2C547&ssl=1&resize=350%2C200 1x, https:\/\/i0.wp.com\/kalot.com.mx\/site\/wp-content\/uploads\/2015\/07\/NO_ERA_PENAL_mexico_costa_rica.jpg?fit=820%2C547&ssl=1&resize=525%2C300 1.5x, https:\/\/i0.wp.com\/kalot.com.mx\/site\/wp-content\/uploads\/2015\/07\/NO_ERA_PENAL_mexico_costa_rica.jpg?fit=820%2C547&ssl=1&resize=700%2C400 2x"},"classes":[]}],"jetpack_sharing_enabled":true,"_links":{"self":[{"href":"https:\/\/kalot.com.mx\/site\/wp-json\/wp\/v2\/posts\/7374","targetHints":{"allow":["GET"]}}],"collection":[{"href":"https:\/\/kalot.com.mx\/site\/wp-json\/wp\/v2\/posts"}],"about":[{"href":"https:\/\/kalot.com.mx\/site\/wp-json\/wp\/v2\/types\/post"}],"author":[{"embeddable":true,"href":"https:\/\/kalot.com.mx\/site\/wp-json\/wp\/v2\/users\/25"}],"replies":[{"embeddable":true,"href":"https:\/\/kalot.com.mx\/site\/wp-json\/wp\/v2\/comments?post=7374"}],"version-history":[{"count":0,"href":"https:\/\/kalot.com.mx\/site\/wp-json\/wp\/v2\/posts\/7374\/revisions"}],"wp:featuredmedia":[{"embeddable":true,"href":"https:\/\/kalot.com.mx\/site\/wp-json\/wp\/v2\/media\/7380"}],"wp:attachment":[{"href":"https:\/\/kalot.com.mx\/site\/wp-json\/wp\/v2\/media?parent=7374"}],"wp:term":[{"taxonomy":"category","embeddable":true,"href":"https:\/\/kalot.com.mx\/site\/wp-json\/wp\/v2\/categories?post=7374"},{"taxonomy":"post_tag","embeddable":true,"href":"https:\/\/kalot.com.mx\/site\/wp-json\/wp\/v2\/tags?post=7374"}],"curies":[{"name":"wp","href":"https:\/\/api.w.org\/{rel}","templated":true}]}}