{"id":7266,"date":"2013-11-28T15:00:12","date_gmt":"2013-11-28T21:00:12","guid":{"rendered":"http:\/\/www.kalot.com.mx\/?p=7266"},"modified":"2013-11-28T12:01:24","modified_gmt":"2013-11-28T18:01:24","slug":"laves-tus-jeans","status":"publish","type":"post","link":"https:\/\/kalot.com.mx\/site\/2013\/11\/28\/laves-tus-jeans\/","title":{"rendered":"\u00a1NO LAVES TUS JEANS!"},"content":{"rendered":"<p style=\"text-align: justify\">Los pantalones de mezclilla son nuestro uniforme de las masas, eso lo sabemos todos, existen un sinf\u00edn de variedades y hasta hace no tanto el color no variaba mucho, el t\u00edpico azul y tal vez un caf\u00e9 o negro, pero \u00faltimamente tanto en hombres como en mujeres est\u00e1 de moda usar colores chillantes que aunque no son muy recomendados se ven bien, no as\u00ed los colores tierra como vino, o verde olivo pueden ser muy agradables para vestir.<\/p>\n<p style=\"text-align: justify\">Son una prenda sexy aceptemoslo y siempre y cuando uses de tu corte adecuado, ya sea que tengas un cuerpo escultural o unos kilos de m\u00e1s siempre abra unos que te beneficien al momento de vestirlos.<\/p>\n<p style=\"text-align: justify\">Tambi\u00e9n desde un tiempo para hoy el corte en general cambio ya que lo de hoy lo que encanta, lo que se vende, el corte entubado o recto (prefiero este \u00faltimo) ese que se ajusta un poco m\u00e1s sin apretar demasiado en los muslos y que al mismo tiempo tambi\u00e9n queda a la medida en las pantorrillas, me encanta este corte, se ve bien tanto en hombres como en mujeres, pero recuerden, menos es m\u00e1s, nunca muy ajustados.<\/p>\n<p style=\"text-align: justify\">Pero algo que acompa\u00f1a a todas las prendas y no solo a esta, es el lavado, pero \u00a1Cuidado! Por mucho que te puedan decir, y las leyendas que surjan de vez en cuando, los pantalones y en general la ropa de mezclilla se lava (m\u00e1ximo) una vez mas mes, as\u00ed es y no es por descuido o falta de higiene, es porque este tipo de tela as\u00ed lo requiere, o mejor dicho no lo requiere, con su ba\u00f1ito al mes y sec\u00e1ndolo al aire libre volteando la tela ser\u00e1 m\u00e1s que suficiente.<\/p>\n<p style=\"text-align: justify\">Claro que no habr\u00e1s de ir presumiendo por ah\u00ed que no los lavas tan seguido, pero si quieres que te duren m\u00e1s esos jeans que tan bien te quedan y que tantas personas voltean a ver, despu\u00e9s de usarlos d\u00f3blalos bien, acom\u00f3dalos y vu\u00e9lvelos a usar otras dos o tres veces sin sentirte mal, es por el bien de tu ropa y tu bolsillo.<\/p>\n<p style=\"text-align: justify\">\n","protected":false},"excerpt":{"rendered":"Los pantalones de mezclilla son nuestro uniforme de las masas, eso lo sabemos todos, existen un sinf\u00edn de&hellip;\n","protected":false},"author":51,"featured_media":7268,"comment_status":"open","ping_status":"open","sticky":false,"template":"","format":"standard","meta":{"jetpack_post_was_ever_published":false,"_jetpack_newsletter_access":"","_jetpack_dont_email_post_to_subs":false,"_jetpack_newsletter_tier_id":0,"_jetpack_memberships_contains_paywalled_content":false,"_jetpack_memberships_contains_paid_content":false,"footnotes":"","jetpack_publicize_message":"","jetpack_publicize_feature_enabled":true,"jetpack_social_post_already_shared":true,"jetpack_social_options":{"image_generator_settings":{"template":"highway","default_image_id":0,"font":"","enabled":false},"version":2}},"categories":[],"tags":[],"class_list":{"0":"post-7266","1":"post","2":"type-post","3":"status-publish","4":"format-standard","5":"has-post-thumbnail","7":"cs-entry","8":"cs-video-wrap"},"yoast_head":"<!-- This site is optimized with the Yoast SEO plugin v27.4 - https:\/\/yoast.com\/product\/yoast-seo-wordpress\/ -->\n<title>\u00a1NO LAVES TUS JEANS! - Kalot<\/title>\n<meta name=\"description\" content=\"Los pantalones de mezclilla son nuestro uniforme de las masas, eso lo sabemos todos, existen un sinf\u00edn de variedades y hasta hace no tanto el color no\" \/>\n<meta name=\"robots\" content=\"index, follow, max-snippet:-1, max-image-preview:large, max-video-preview:-1\" \/>\n<link rel=\"canonical\" href=\"https:\/\/kalot.com.mx\/site\/2013\/11\/28\/laves-tus-jeans\/\" \/>\n<meta property=\"og:locale\" content=\"es_MX\" \/>\n<meta property=\"og:type\" content=\"article\" \/>\n<meta property=\"og:title\" content=\"\u00a1NO LAVES TUS JEANS! - Kalot\" \/>\n<meta property=\"og:description\" content=\"Los pantalones de mezclilla son nuestro uniforme de las masas, eso lo sabemos todos, existen un sinf\u00edn de variedades y hasta hace no tanto el color no\" \/>\n<meta property=\"og:url\" content=\"https:\/\/kalot.com.mx\/site\/2013\/11\/28\/laves-tus-jeans\/\" \/>\n<meta property=\"og:site_name\" content=\"Kalot\" \/>\n<meta property=\"article:publisher\" content=\"http:\/\/facebook.com\/mxkalot\" \/>\n<meta property=\"article:published_time\" content=\"2013-11-28T21:00:12+00:00\" \/>\n<meta property=\"og:image\" content=\"https:\/\/i0.wp.com\/kalot.com.mx\/site\/wp-content\/uploads\/2013\/11\/tangodeal.com-Refocus-Men-Gents-Jeans-Slim-Fit-Lycra-TD-100257-387.jpg?fit=500%2C500&ssl=1\" \/>\n\t<meta property=\"og:image:width\" content=\"500\" \/>\n\t<meta property=\"og:image:height\" content=\"500\" \/>\n\t<meta property=\"og:image:type\" content=\"image\/jpeg\" \/>\n<meta name=\"author\" content=\"Ivan Mendez\" \/>\n<meta name=\"twitter:card\" content=\"summary_large_image\" \/>\n<meta name=\"twitter:creator\" content=\"@kalotmx\" \/>\n<meta name=\"twitter:site\" content=\"@kalotmx\" \/>\n<meta name=\"twitter:label1\" content=\"Escrito por\" \/>\n\t<meta name=\"twitter:data1\" content=\"Ivan Mendez\" \/>\n\t<meta name=\"twitter:label2\" content=\"Tiempo de lectura\" \/>\n\t<meta name=\"twitter:data2\" content=\"2 minutos\" \/>\n<!-- \/ Yoast SEO plugin. -->","yoast_head_json":{"title":"\u00a1NO LAVES TUS JEANS! - Kalot","description":"Los pantalones de mezclilla son nuestro uniforme de las masas, eso lo sabemos todos, existen un sinf\u00edn de variedades y hasta hace no tanto el color no","robots":{"index":"index","follow":"follow","max-snippet":"max-snippet:-1","max-image-preview":"max-image-preview:large","max-video-preview":"max-video-preview:-1"},"canonical":"https:\/\/kalot.com.mx\/site\/2013\/11\/28\/laves-tus-jeans\/","og_locale":"es_MX","og_type":"article","og_title":"\u00a1NO LAVES TUS JEANS! - Kalot","og_description":"Los pantalones de mezclilla son nuestro uniforme de las masas, eso lo sabemos todos, existen un sinf\u00edn de variedades y hasta hace no tanto el color no","og_url":"https:\/\/kalot.com.mx\/site\/2013\/11\/28\/laves-tus-jeans\/","og_site_name":"Kalot","article_publisher":"http:\/\/facebook.com\/mxkalot","article_published_time":"2013-11-28T21:00:12+00:00","og_image":[{"width":500,"height":500,"url":"https:\/\/i0.wp.com\/kalot.com.mx\/site\/wp-content\/uploads\/2013\/11\/tangodeal.com-Refocus-Men-Gents-Jeans-Slim-Fit-Lycra-TD-100257-387.jpg?fit=500%2C500&ssl=1","type":"image\/jpeg"}],"author":"Ivan Mendez","twitter_card":"summary_large_image","twitter_creator":"@kalotmx","twitter_site":"@kalotmx","twitter_misc":{"Escrito por":"Ivan Mendez","Tiempo de lectura":"2 minutos"},"schema":{"@context":"https:\/\/schema.org","@graph":[{"@type":"Article","@id":"https:\/\/kalot.com.mx\/site\/2013\/11\/28\/laves-tus-jeans\/#article","isPartOf":{"@id":"https:\/\/kalot.com.mx\/site\/2013\/11\/28\/laves-tus-jeans\/"},"author":{"name":"Ivan Mendez","@id":"https:\/\/kalot.com.mx\/site\/#\/schema\/person\/444a91ecc3b075ab573ff515d7f6d6e3"},"headline":"\u00a1NO LAVES TUS JEANS!","datePublished":"2013-11-28T21:00:12+00:00","mainEntityOfPage":{"@id":"https:\/\/kalot.com.mx\/site\/2013\/11\/28\/laves-tus-jeans\/"},"wordCount":370,"commentCount":0,"publisher":{"@id":"https:\/\/kalot.com.mx\/site\/#organization"},"image":{"@id":"https:\/\/kalot.com.mx\/site\/2013\/11\/28\/laves-tus-jeans\/#primaryimage"},"thumbnailUrl":"https:\/\/i0.wp.com\/kalot.com.mx\/site\/wp-content\/uploads\/2013\/11\/tangodeal.com-Refocus-Men-Gents-Jeans-Slim-Fit-Lycra-TD-100257-387.jpg?fit=500%2C500&ssl=1","inLanguage":"es","potentialAction":[{"@type":"CommentAction","name":"Comment","target":["https:\/\/kalot.com.mx\/site\/2013\/11\/28\/laves-tus-jeans\/#respond"]}]},{"@type":"WebPage","@id":"https:\/\/kalot.com.mx\/site\/2013\/11\/28\/laves-tus-jeans\/","url":"https:\/\/kalot.com.mx\/site\/2013\/11\/28\/laves-tus-jeans\/","name":"\u00a1NO LAVES TUS JEANS! - Kalot","isPartOf":{"@id":"https:\/\/kalot.com.mx\/site\/#website"},"primaryImageOfPage":{"@id":"https:\/\/kalot.com.mx\/site\/2013\/11\/28\/laves-tus-jeans\/#primaryimage"},"image":{"@id":"https:\/\/kalot.com.mx\/site\/2013\/11\/28\/laves-tus-jeans\/#primaryimage"},"thumbnailUrl":"https:\/\/i0.wp.com\/kalot.com.mx\/site\/wp-content\/uploads\/2013\/11\/tangodeal.com-Refocus-Men-Gents-Jeans-Slim-Fit-Lycra-TD-100257-387.jpg?fit=500%2C500&ssl=1","datePublished":"2013-11-28T21:00:12+00:00","description":"Los pantalones de mezclilla son nuestro uniforme de las masas, eso lo sabemos todos, existen un sinf\u00edn de variedades y hasta hace no tanto el color no","breadcrumb":{"@id":"https:\/\/kalot.com.mx\/site\/2013\/11\/28\/laves-tus-jeans\/#breadcrumb"},"inLanguage":"es","potentialAction":[{"@type":"ReadAction","target":["https:\/\/kalot.com.mx\/site\/2013\/11\/28\/laves-tus-jeans\/"]}]},{"@type":"ImageObject","inLanguage":"es","@id":"https:\/\/kalot.com.mx\/site\/2013\/11\/28\/laves-tus-jeans\/#primaryimage","url":"https:\/\/i0.wp.com\/kalot.com.mx\/site\/wp-content\/uploads\/2013\/11\/tangodeal.com-Refocus-Men-Gents-Jeans-Slim-Fit-Lycra-TD-100257-387.jpg?fit=500%2C500&ssl=1","contentUrl":"https:\/\/i0.wp.com\/kalot.com.mx\/site\/wp-content\/uploads\/2013\/11\/tangodeal.com-Refocus-Men-Gents-Jeans-Slim-Fit-Lycra-TD-100257-387.jpg?fit=500%2C500&ssl=1","width":500,"height":500},{"@type":"BreadcrumbList","@id":"https:\/\/kalot.com.mx\/site\/2013\/11\/28\/laves-tus-jeans\/#breadcrumb","itemListElement":[{"@type":"ListItem","position":1,"name":"Home","item":"https:\/\/kalot.com.mx\/site\/"},{"@type":"ListItem","position":2,"name":"\u00a1NO LAVES TUS JEANS!"}]},{"@type":"WebSite","@id":"https:\/\/kalot.com.mx\/site\/#website","url":"https:\/\/kalot.com.mx\/site\/","name":"Kalot","description":"Conoce Todo Sobre Todo","publisher":{"@id":"https:\/\/kalot.com.mx\/site\/#organization"},"potentialAction":[{"@type":"SearchAction","target":{"@type":"EntryPoint","urlTemplate":"https:\/\/kalot.com.mx\/site\/?s={search_term_string}"},"query-input":{"@type":"PropertyValueSpecification","valueRequired":true,"valueName":"search_term_string"}}],"inLanguage":"es"},{"@type":"Organization","@id":"https:\/\/kalot.com.mx\/site\/#organization","name":"Kalot","url":"https:\/\/kalot.com.mx\/site\/","logo":{"@type":"ImageObject","inLanguage":"es","@id":"https:\/\/kalot.com.mx\/site\/#\/schema\/logo\/image\/","url":"https:\/\/i0.wp.com\/kalot.com.mx\/site\/wp-content\/uploads\/2020\/04\/Kalot-logo-sin-tagline.png?fit=1707%2C1014&ssl=1","contentUrl":"https:\/\/i0.wp.com\/kalot.com.mx\/site\/wp-content\/uploads\/2020\/04\/Kalot-logo-sin-tagline.png?fit=1707%2C1014&ssl=1","width":1707,"height":1014,"caption":"Kalot"},"image":{"@id":"https:\/\/kalot.com.mx\/site\/#\/schema\/logo\/image\/"},"sameAs":["http:\/\/facebook.com\/mxkalot","https:\/\/x.com\/kalotmx","http:\/\/instagram.com\/kalotmx","http:\/\/pinterest.com\/jorgeerana\/kalot"]},{"@type":"Person","@id":"https:\/\/kalot.com.mx\/site\/#\/schema\/person\/444a91ecc3b075ab573ff515d7f6d6e3","name":"Ivan Mendez","image":{"@type":"ImageObject","inLanguage":"es","@id":"https:\/\/secure.gravatar.com\/avatar\/d3590cbb14ecd120bf7a8d9b0ab9a1dae9b2aab34a41a577b5288298a4d08e36?s=96&d=mm&r=g","url":"https:\/\/secure.gravatar.com\/avatar\/d3590cbb14ecd120bf7a8d9b0ab9a1dae9b2aab34a41a577b5288298a4d08e36?s=96&d=mm&r=g","contentUrl":"https:\/\/secure.gravatar.com\/avatar\/d3590cbb14ecd120bf7a8d9b0ab9a1dae9b2aab34a41a577b5288298a4d08e36?s=96&d=mm&r=g","caption":"Ivan Mendez"},"url":"https:\/\/kalot.com.mx\/site\/author\/ivan\/"}]}},"jetpack_publicize_connections":[],"jetpack_featured_media_url":"https:\/\/i0.wp.com\/kalot.com.mx\/site\/wp-content\/uploads\/2013\/11\/tangodeal.com-Refocus-Men-Gents-Jeans-Slim-Fit-Lycra-TD-100257-387.jpg?fit=500%2C500&ssl=1","jetpack_shortlink":"https:\/\/wp.me\/p6IHEI-1Tc","jetpack-related-posts":[{"id":16159,"url":"https:\/\/kalot.com.mx\/site\/2014\/05\/20\/dos-de-mis-mas-esperados\/","url_meta":{"origin":7266,"position":0},"title":"Dos De Mis M\u00e1s Esperados&#8230;","author":"Mar\u00eda Alvarado","date":"20 mayo, 2014","format":false,"excerpt":"Como es de esperarse, bajo el completo uso de mi consciencia muero porque salgan algunos que otros discos\u2026 no lo digo como una completa fan\u00e1tica, bueno la verdad s\u00ed. Este a\u00f1o se estrenar\u00e1n y se han estrenado algunos discos de mis artistas favoritos y hoy les dejar\u00e9 dos de ellos\u2026","rel":"","context":"Entrada similar ","block_context":{"text":"Entrada similar ","link":""},"img":{"alt_text":"","src":"https:\/\/i0.wp.com\/kalot.com.mx\/site\/wp-content\/uploads\/2014\/05\/ed-sheeran-x.jpg?fit=620%2C620&ssl=1&resize=350%2C200","width":350,"height":200,"srcset":"https:\/\/i0.wp.com\/kalot.com.mx\/site\/wp-content\/uploads\/2014\/05\/ed-sheeran-x.jpg?fit=620%2C620&ssl=1&resize=350%2C200 1x, https:\/\/i0.wp.com\/kalot.com.mx\/site\/wp-content\/uploads\/2014\/05\/ed-sheeran-x.jpg?fit=620%2C620&ssl=1&resize=525%2C300 1.5x"},"classes":[]},{"id":2694,"url":"https:\/\/kalot.com.mx\/site\/2013\/09\/30\/colores-en-tendencia-para-este-otono-invierno-2013-imagen\/","url_meta":{"origin":7266,"position":1},"title":"Colores en tendencia para este oto\u00f1o-invierno 2013 #Imagen","author":"Jesica Zubiri","date":"30 septiembre, 2013","format":false,"excerpt":"En este post\u00a0les voy hablar\u00a0sobre los colores que est\u00e1n en tendencia para este oto\u00f1o-invierno 2013, quiero complementar y hacer m\u00e1s rica esta informaci\u00f3n mencion\u00e1ndoles el efecto psicol\u00f3gico que les dar\u00e1 al vestir con estos colores. Algo encantador de los colores en tendencia para este oto\u00f1o, es que son muy alegres\u2026","rel":"","context":"En &quot;Sin categor\u00eda&quot;","block_context":{"text":"Sin categor\u00eda","link":"https:\/\/kalot.com.mx\/site\/category\/sin-categoria\/"},"img":{"alt_text":"","src":"https:\/\/i0.wp.com\/kalot.com.mx\/site\/wp-content\/uploads\/2013\/09\/72a85d157f174f12a2ece6969d60bb99.jpg?fit=550%2C504&ssl=1&resize=350%2C200","width":350,"height":200,"srcset":"https:\/\/i0.wp.com\/kalot.com.mx\/site\/wp-content\/uploads\/2013\/09\/72a85d157f174f12a2ece6969d60bb99.jpg?fit=550%2C504&ssl=1&resize=350%2C200 1x, https:\/\/i0.wp.com\/kalot.com.mx\/site\/wp-content\/uploads\/2013\/09\/72a85d157f174f12a2ece6969d60bb99.jpg?fit=550%2C504&ssl=1&resize=525%2C300 1.5x"},"classes":[]},{"id":10869,"url":"https:\/\/kalot.com.mx\/site\/2014\/01\/31\/mls-simbolo-de-innovacion-en-diseno-de-uniformes-mls-mls\/","url_meta":{"origin":7266,"position":2},"title":"MLS s\u00edmbolo de innovaci\u00f3n en dise\u00f1o de uniformes @MLS #MLS","author":"HM_MKT007","date":"31 enero, 2014","format":false,"excerpt":"Actualmente las marcas deportivas son un verdadero rey en cuanto a la mercadotecnia de equipos de f\u00fatbol, y dem\u00e1s deportes, las ganancias son enormes, y m\u00e1s cuando hablamos de marcas de renombre como NIKE, PUMA, o la recientemente exponencial UNDER ARMOR. Pero no cabe duda de la Alemana ADIDAS es\u2026","rel":"","context":"En &quot;Sin categor\u00eda&quot;","block_context":{"text":"Sin categor\u00eda","link":"https:\/\/kalot.com.mx\/site\/category\/sin-categoria\/"},"img":{"alt_text":"","src":"https:\/\/i0.wp.com\/kalot.com.mx\/site\/wp-content\/uploads\/2014\/01\/estadounidense-mls-escudos-5556.jpg?fit=1200%2C900&ssl=1&resize=350%2C200","width":350,"height":200,"srcset":"https:\/\/i0.wp.com\/kalot.com.mx\/site\/wp-content\/uploads\/2014\/01\/estadounidense-mls-escudos-5556.jpg?fit=1200%2C900&ssl=1&resize=350%2C200 1x, https:\/\/i0.wp.com\/kalot.com.mx\/site\/wp-content\/uploads\/2014\/01\/estadounidense-mls-escudos-5556.jpg?fit=1200%2C900&ssl=1&resize=525%2C300 1.5x, https:\/\/i0.wp.com\/kalot.com.mx\/site\/wp-content\/uploads\/2014\/01\/estadounidense-mls-escudos-5556.jpg?fit=1200%2C900&ssl=1&resize=700%2C400 2x, https:\/\/i0.wp.com\/kalot.com.mx\/site\/wp-content\/uploads\/2014\/01\/estadounidense-mls-escudos-5556.jpg?fit=1200%2C900&ssl=1&resize=1050%2C600 3x"},"classes":[]},{"id":9374,"url":"https:\/\/kalot.com.mx\/site\/2014\/01\/12\/la-derrota-del-adios\/","url_meta":{"origin":7266,"position":3},"title":"La derrota del adi\u00f3s","author":"Fernanda S\u00e1nchez","date":"12 enero, 2014","format":false,"excerpt":"Los seres humanos han sido n\u00f3madas desde el principio de los tiempos; iban de un lado a otro, recorriendo horizontes desconocidos, despertando d\u00eda tras d\u00eda con hermosos y cambiantes amaneceres buscando un lugar donde establecerse, y para poder considerarlo como indicado, dicho lugar deb\u00eda satisfacer todas sus necesidades. Cuando lo\u2026","rel":"","context":"En &quot;Sin categor\u00eda&quot;","block_context":{"text":"Sin categor\u00eda","link":"https:\/\/kalot.com.mx\/site\/category\/sin-categoria\/"},"img":{"alt_text":"","src":"https:\/\/i0.wp.com\/kalot.com.mx\/site\/wp-content\/uploads\/2014\/01\/kalot-cerro.jpg?fit=800%2C600&ssl=1&resize=350%2C200","width":350,"height":200,"srcset":"https:\/\/i0.wp.com\/kalot.com.mx\/site\/wp-content\/uploads\/2014\/01\/kalot-cerro.jpg?fit=800%2C600&ssl=1&resize=350%2C200 1x, https:\/\/i0.wp.com\/kalot.com.mx\/site\/wp-content\/uploads\/2014\/01\/kalot-cerro.jpg?fit=800%2C600&ssl=1&resize=525%2C300 1.5x, https:\/\/i0.wp.com\/kalot.com.mx\/site\/wp-content\/uploads\/2014\/01\/kalot-cerro.jpg?fit=800%2C600&ssl=1&resize=700%2C400 2x"},"classes":[]},{"id":12070,"url":"https:\/\/kalot.com.mx\/site\/2014\/02\/21\/mis-personas\/","url_meta":{"origin":7266,"position":4},"title":"Mis personas.","author":"Mar\u00eda Alvarado","date":"21 febrero, 2014","format":false,"excerpt":"\u00bfQu\u00e9 es un amigo? \u00bfC\u00f3mo es un amigo? Son preguntas v\u00e1lidas y honestamente cuesta trabajo encontrarle respuestas a estas preguntas, de cierto modo es divertido porque nos damos cuenta hasta donde podemos dejar volar nuestra imaginaci\u00f3n, y m\u00e1s que nada, ver el peso que tienen en nuestras vidas estas personas.\u2026","rel":"","context":"Entrada similar ","block_context":{"text":"Entrada similar ","link":""},"img":{"alt_text":"","src":"https:\/\/i0.wp.com\/kalot.com.mx\/site\/wp-content\/uploads\/2014\/02\/friendship_day_quotes_13.jpg?fit=1086%2C816&ssl=1&resize=350%2C200","width":350,"height":200,"srcset":"https:\/\/i0.wp.com\/kalot.com.mx\/site\/wp-content\/uploads\/2014\/02\/friendship_day_quotes_13.jpg?fit=1086%2C816&ssl=1&resize=350%2C200 1x, https:\/\/i0.wp.com\/kalot.com.mx\/site\/wp-content\/uploads\/2014\/02\/friendship_day_quotes_13.jpg?fit=1086%2C816&ssl=1&resize=525%2C300 1.5x, https:\/\/i0.wp.com\/kalot.com.mx\/site\/wp-content\/uploads\/2014\/02\/friendship_day_quotes_13.jpg?fit=1086%2C816&ssl=1&resize=700%2C400 2x, https:\/\/i0.wp.com\/kalot.com.mx\/site\/wp-content\/uploads\/2014\/02\/friendship_day_quotes_13.jpg?fit=1086%2C816&ssl=1&resize=1050%2C600 3x"},"classes":[]},{"id":15868,"url":"https:\/\/kalot.com.mx\/site\/2014\/05\/08\/no-son-errores\/","url_meta":{"origin":7266,"position":5},"title":"No Son Errores.","author":"Mar\u00eda Alvarado","date":"8 mayo, 2014","format":false,"excerpt":"[dropcap size=small]N[\/dropcap]o s\u00e9 c\u00f3mo lo vean ustedes, pero yo soy una fiel partidaria de la idea de \u201ctodo pasa por algo\u201d. Experiencias, pruebas dif\u00edciles, momentos de insatisfacci\u00f3n personal, alegr\u00edas descomunales; son algunas de las cosas que nos pueden pasar a todos y cada uno de nosotros como personas pero m\u00e1s\u2026","rel":"","context":"Entrada similar ","block_context":{"text":"Entrada similar ","link":""},"img":{"alt_text":"","src":"https:\/\/i0.wp.com\/kalot.com.mx\/site\/wp-content\/uploads\/2014\/05\/for_big_mistakes_by_xspelax-d46a9y7.jpg?fit=900%2C600&ssl=1&resize=350%2C200","width":350,"height":200,"srcset":"https:\/\/i0.wp.com\/kalot.com.mx\/site\/wp-content\/uploads\/2014\/05\/for_big_mistakes_by_xspelax-d46a9y7.jpg?fit=900%2C600&ssl=1&resize=350%2C200 1x, https:\/\/i0.wp.com\/kalot.com.mx\/site\/wp-content\/uploads\/2014\/05\/for_big_mistakes_by_xspelax-d46a9y7.jpg?fit=900%2C600&ssl=1&resize=525%2C300 1.5x, https:\/\/i0.wp.com\/kalot.com.mx\/site\/wp-content\/uploads\/2014\/05\/for_big_mistakes_by_xspelax-d46a9y7.jpg?fit=900%2C600&ssl=1&resize=700%2C400 2x"},"classes":[]}],"jetpack_sharing_enabled":true,"_links":{"self":[{"href":"https:\/\/kalot.com.mx\/site\/wp-json\/wp\/v2\/posts\/7266","targetHints":{"allow":["GET"]}}],"collection":[{"href":"https:\/\/kalot.com.mx\/site\/wp-json\/wp\/v2\/posts"}],"about":[{"href":"https:\/\/kalot.com.mx\/site\/wp-json\/wp\/v2\/types\/post"}],"author":[{"embeddable":true,"href":"https:\/\/kalot.com.mx\/site\/wp-json\/wp\/v2\/users\/51"}],"replies":[{"embeddable":true,"href":"https:\/\/kalot.com.mx\/site\/wp-json\/wp\/v2\/comments?post=7266"}],"version-history":[{"count":0,"href":"https:\/\/kalot.com.mx\/site\/wp-json\/wp\/v2\/posts\/7266\/revisions"}],"wp:featuredmedia":[{"embeddable":true,"href":"https:\/\/kalot.com.mx\/site\/wp-json\/wp\/v2\/media\/7268"}],"wp:attachment":[{"href":"https:\/\/kalot.com.mx\/site\/wp-json\/wp\/v2\/media?parent=7266"}],"wp:term":[{"taxonomy":"category","embeddable":true,"href":"https:\/\/kalot.com.mx\/site\/wp-json\/wp\/v2\/categories?post=7266"},{"taxonomy":"post_tag","embeddable":true,"href":"https:\/\/kalot.com.mx\/site\/wp-json\/wp\/v2\/tags?post=7266"}],"curies":[{"name":"wp","href":"https:\/\/api.w.org\/{rel}","templated":true}]}}