{"id":7179,"date":"2013-11-25T23:42:50","date_gmt":"2013-11-26T05:42:50","guid":{"rendered":"http:\/\/www.kalot.com.mx\/?p=7179"},"modified":"2014-03-27T00:06:37","modified_gmt":"2014-03-27T06:06:37","slug":"magneto-el-posible-culpable-en-el-asesinato-de-jfk","status":"publish","type":"post","link":"https:\/\/kalot.com.mx\/site\/2013\/11\/25\/magneto-el-posible-culpable-en-el-asesinato-de-jfk\/","title":{"rendered":"Magneto el posible culpable en el asesinato de JFK"},"content":{"rendered":"<p style=\"text-align: justify\"><em>\u201cHace medio siglo, Magneto fue implicado en el complot mutante para asesinar al presidente John F. Kennedy. Los acontecimientos de aquel fat\u00eddico d\u00eda en noviembre han sido un punto de contenci\u00f3n entre los humanos y los mutantes desde entonces.&#8221;<\/em><\/p>\n<p style=\"text-align: justify\">La nueva campa\u00f1a viral para la pr\u00f3xima pel\u00edcula<strong> X-Men: Days Of Future Past<\/strong> toma como referencia el asesinato de <strong>John F. Kennedy<\/strong> a manos de <strong>Erick Lensherr<\/strong>, mejor conocido como <strong>Magneto<\/strong>.\u00a0Supuestamente, el poderoso mutante, qui\u00e9n tiene la habilidad de <strong>crear, manipular <\/strong>y<strong> controlar<\/strong> campos magn\u00e9ticos a placer es vinculado dentro de la<strong> escena del crimen<\/strong> de los hechos sucedidos el \u00a0<strong>22 de noviembre de 1963<\/strong> en la calle Elm en Dallas, Texas.<\/p>\n<p><span class=\"embed-youtube\" style=\"text-align:center; display: block;\"><iframe class=\"youtube-player\" width=\"1200\" height=\"675\" src=\"https:\/\/www.youtube.com\/embed\/ByCY2UYLHG8?version=3&#038;rel=1&#038;showsearch=0&#038;showinfo=1&#038;iv_load_policy=1&#038;fs=1&#038;hl=es-MX&#038;autohide=2&#038;wmode=transparent\" allowfullscreen=\"true\" style=\"border:0;\" sandbox=\"allow-scripts allow-same-origin allow-popups allow-presentation allow-popups-to-escape-sandbox\"><\/iframe><\/span><\/p>\n<p style=\"text-align: justify\">El ficticio documental <strong>The Bent Bullet<\/strong> ser\u00e1 el encargado de dar a conocer <strong>m\u00e1s pistas<\/strong> a trav\u00e9s de su p\u00e1gina web\u00a0<a href=\"http:\/\/www.thebentbullet.com\/#!\/home\">www.thebentbullet.com<\/a>.<\/p>\n<p style=\"text-align: justify\">Esta nueva campa\u00f1a de <strong>marketing<\/strong> atraer\u00e1 la atenci\u00f3n de muchos al hacer uso del <strong>50 aniversario luctuoso<\/strong> del presidente norteamericano, ya que la tragedia es tal vez un punto muy sensible para<strong> comercializar<\/strong> una pel\u00edcula.<\/p>\n<p style=\"text-align: justify\"><strong>X-Men: Days Of Future Past<\/strong> estrena el <strong>23 de mayo de 2014<\/strong> en los Estados Unidos y el resto del mundo.<\/p>\n","protected":false},"excerpt":{"rendered":"\u201cHace medio siglo, Magneto fue implicado en el complot mutante para asesinar al presidente John F. Kennedy. Los&hellip;\n","protected":false},"author":18,"featured_media":13999,"comment_status":"open","ping_status":"open","sticky":false,"template":"","format":"standard","meta":{"jetpack_post_was_ever_published":false,"_jetpack_newsletter_access":"","_jetpack_dont_email_post_to_subs":false,"_jetpack_newsletter_tier_id":0,"_jetpack_memberships_contains_paywalled_content":false,"_jetpack_memberships_contains_paid_content":false,"footnotes":"","jetpack_publicize_message":"","jetpack_publicize_feature_enabled":true,"jetpack_social_post_already_shared":true,"jetpack_social_options":{"image_generator_settings":{"template":"highway","default_image_id":0,"font":"","enabled":false},"version":2}},"categories":[],"tags":[],"class_list":{"0":"post-7179","1":"post","2":"type-post","3":"status-publish","4":"format-standard","5":"has-post-thumbnail","7":"cs-entry","8":"cs-video-wrap"},"yoast_head":"<!-- This site is optimized with the Yoast SEO plugin v27.4 - https:\/\/yoast.com\/product\/yoast-seo-wordpress\/ -->\n<title>Magneto el posible culpable en el asesinato de JFK - Kalot<\/title>\n<meta name=\"description\" content=\"\u201cHace medio siglo, Magneto fue implicado en el complot mutante para asesinar al presidente John F. Kennedy. Los acontecimientos de aquel fat\u00eddico d\u00eda en\" \/>\n<meta name=\"robots\" content=\"index, follow, max-snippet:-1, max-image-preview:large, max-video-preview:-1\" \/>\n<link rel=\"canonical\" href=\"https:\/\/kalot.com.mx\/site\/2013\/11\/25\/magneto-el-posible-culpable-en-el-asesinato-de-jfk\/\" \/>\n<meta property=\"og:locale\" content=\"es_MX\" \/>\n<meta property=\"og:type\" content=\"article\" \/>\n<meta property=\"og:title\" content=\"Magneto el posible culpable en el asesinato de JFK - Kalot\" \/>\n<meta property=\"og:description\" content=\"\u201cHace medio siglo, Magneto fue implicado en el complot mutante para asesinar al presidente John F. Kennedy. Los acontecimientos de aquel fat\u00eddico d\u00eda en\" \/>\n<meta property=\"og:url\" content=\"https:\/\/kalot.com.mx\/site\/2013\/11\/25\/magneto-el-posible-culpable-en-el-asesinato-de-jfk\/\" \/>\n<meta property=\"og:site_name\" content=\"Kalot\" \/>\n<meta property=\"article:publisher\" content=\"http:\/\/facebook.com\/mxkalot\" \/>\n<meta property=\"article:author\" content=\"https:\/\/www.facebook.com\/don.capu\" \/>\n<meta property=\"article:published_time\" content=\"2013-11-26T05:42:50+00:00\" \/>\n<meta property=\"article:modified_time\" content=\"2014-03-27T06:06:37+00:00\" \/>\n<meta property=\"og:image\" content=\"https:\/\/i1.wp.com\/kalot.com.mx\/site\/wp-content\/uploads\/2013\/11\/xmencapa.jpg?fit=1000%2C517&ssl=1\" \/>\n\t<meta property=\"og:image:width\" content=\"1000\" \/>\n\t<meta property=\"og:image:height\" content=\"517\" \/>\n\t<meta property=\"og:image:type\" content=\"image\/jpeg\" \/>\n<meta name=\"author\" content=\"Omar Herrera\" \/>\n<meta name=\"twitter:card\" content=\"summary_large_image\" \/>\n<meta name=\"twitter:creator\" content=\"@thedoncapu\" \/>\n<meta name=\"twitter:site\" content=\"@kalotmx\" \/>\n<meta name=\"twitter:label1\" content=\"Escrito por\" \/>\n\t<meta name=\"twitter:data1\" content=\"Omar Herrera\" \/>\n\t<meta name=\"twitter:label2\" content=\"Tiempo de lectura\" \/>\n\t<meta name=\"twitter:data2\" content=\"1 minuto\" \/>\n<!-- \/ Yoast SEO plugin. -->","yoast_head_json":{"title":"Magneto el posible culpable en el asesinato de JFK - Kalot","description":"\u201cHace medio siglo, Magneto fue implicado en el complot mutante para asesinar al presidente John F. Kennedy. Los acontecimientos de aquel fat\u00eddico d\u00eda en","robots":{"index":"index","follow":"follow","max-snippet":"max-snippet:-1","max-image-preview":"max-image-preview:large","max-video-preview":"max-video-preview:-1"},"canonical":"https:\/\/kalot.com.mx\/site\/2013\/11\/25\/magneto-el-posible-culpable-en-el-asesinato-de-jfk\/","og_locale":"es_MX","og_type":"article","og_title":"Magneto el posible culpable en el asesinato de JFK - Kalot","og_description":"\u201cHace medio siglo, Magneto fue implicado en el complot mutante para asesinar al presidente John F. Kennedy. Los acontecimientos de aquel fat\u00eddico d\u00eda en","og_url":"https:\/\/kalot.com.mx\/site\/2013\/11\/25\/magneto-el-posible-culpable-en-el-asesinato-de-jfk\/","og_site_name":"Kalot","article_publisher":"http:\/\/facebook.com\/mxkalot","article_author":"https:\/\/www.facebook.com\/don.capu","article_published_time":"2013-11-26T05:42:50+00:00","article_modified_time":"2014-03-27T06:06:37+00:00","og_image":[{"width":1000,"height":517,"url":"https:\/\/i1.wp.com\/kalot.com.mx\/site\/wp-content\/uploads\/2013\/11\/xmencapa.jpg?fit=1000%2C517&ssl=1","type":"image\/jpeg"}],"author":"Omar Herrera","twitter_card":"summary_large_image","twitter_creator":"@thedoncapu","twitter_site":"@kalotmx","twitter_misc":{"Escrito por":"Omar Herrera","Tiempo de lectura":"1 minuto"},"schema":{"@context":"https:\/\/schema.org","@graph":[{"@type":"Article","@id":"https:\/\/kalot.com.mx\/site\/2013\/11\/25\/magneto-el-posible-culpable-en-el-asesinato-de-jfk\/#article","isPartOf":{"@id":"https:\/\/kalot.com.mx\/site\/2013\/11\/25\/magneto-el-posible-culpable-en-el-asesinato-de-jfk\/"},"author":{"name":"Omar Herrera","@id":"https:\/\/kalot.com.mx\/site\/#\/schema\/person\/1bf32c47ee15104d1e824350c07ac220"},"headline":"Magneto el posible culpable en el asesinato de JFK","datePublished":"2013-11-26T05:42:50+00:00","dateModified":"2014-03-27T06:06:37+00:00","mainEntityOfPage":{"@id":"https:\/\/kalot.com.mx\/site\/2013\/11\/25\/magneto-el-posible-culpable-en-el-asesinato-de-jfk\/"},"wordCount":218,"commentCount":0,"publisher":{"@id":"https:\/\/kalot.com.mx\/site\/#organization"},"image":{"@id":"https:\/\/kalot.com.mx\/site\/2013\/11\/25\/magneto-el-posible-culpable-en-el-asesinato-de-jfk\/#primaryimage"},"thumbnailUrl":"https:\/\/i0.wp.com\/kalot.com.mx\/site\/wp-content\/uploads\/2013\/11\/xmencapa.jpg?fit=1000%2C517&ssl=1","inLanguage":"es","potentialAction":[{"@type":"CommentAction","name":"Comment","target":["https:\/\/kalot.com.mx\/site\/2013\/11\/25\/magneto-el-posible-culpable-en-el-asesinato-de-jfk\/#respond"]}]},{"@type":"WebPage","@id":"https:\/\/kalot.com.mx\/site\/2013\/11\/25\/magneto-el-posible-culpable-en-el-asesinato-de-jfk\/","url":"https:\/\/kalot.com.mx\/site\/2013\/11\/25\/magneto-el-posible-culpable-en-el-asesinato-de-jfk\/","name":"Magneto el posible culpable en el asesinato de JFK - Kalot","isPartOf":{"@id":"https:\/\/kalot.com.mx\/site\/#website"},"primaryImageOfPage":{"@id":"https:\/\/kalot.com.mx\/site\/2013\/11\/25\/magneto-el-posible-culpable-en-el-asesinato-de-jfk\/#primaryimage"},"image":{"@id":"https:\/\/kalot.com.mx\/site\/2013\/11\/25\/magneto-el-posible-culpable-en-el-asesinato-de-jfk\/#primaryimage"},"thumbnailUrl":"https:\/\/i0.wp.com\/kalot.com.mx\/site\/wp-content\/uploads\/2013\/11\/xmencapa.jpg?fit=1000%2C517&ssl=1","datePublished":"2013-11-26T05:42:50+00:00","dateModified":"2014-03-27T06:06:37+00:00","description":"\u201cHace medio siglo, Magneto fue implicado en el complot mutante para asesinar al presidente John F. Kennedy. Los acontecimientos de aquel fat\u00eddico d\u00eda en","breadcrumb":{"@id":"https:\/\/kalot.com.mx\/site\/2013\/11\/25\/magneto-el-posible-culpable-en-el-asesinato-de-jfk\/#breadcrumb"},"inLanguage":"es","potentialAction":[{"@type":"ReadAction","target":["https:\/\/kalot.com.mx\/site\/2013\/11\/25\/magneto-el-posible-culpable-en-el-asesinato-de-jfk\/"]}]},{"@type":"ImageObject","inLanguage":"es","@id":"https:\/\/kalot.com.mx\/site\/2013\/11\/25\/magneto-el-posible-culpable-en-el-asesinato-de-jfk\/#primaryimage","url":"https:\/\/i0.wp.com\/kalot.com.mx\/site\/wp-content\/uploads\/2013\/11\/xmencapa.jpg?fit=1000%2C517&ssl=1","contentUrl":"https:\/\/i0.wp.com\/kalot.com.mx\/site\/wp-content\/uploads\/2013\/11\/xmencapa.jpg?fit=1000%2C517&ssl=1","width":1000,"height":517},{"@type":"BreadcrumbList","@id":"https:\/\/kalot.com.mx\/site\/2013\/11\/25\/magneto-el-posible-culpable-en-el-asesinato-de-jfk\/#breadcrumb","itemListElement":[{"@type":"ListItem","position":1,"name":"Home","item":"https:\/\/kalot.com.mx\/site\/"},{"@type":"ListItem","position":2,"name":"Magneto el posible culpable en el asesinato de JFK"}]},{"@type":"WebSite","@id":"https:\/\/kalot.com.mx\/site\/#website","url":"https:\/\/kalot.com.mx\/site\/","name":"Kalot","description":"Conoce Todo Sobre Todo","publisher":{"@id":"https:\/\/kalot.com.mx\/site\/#organization"},"potentialAction":[{"@type":"SearchAction","target":{"@type":"EntryPoint","urlTemplate":"https:\/\/kalot.com.mx\/site\/?s={search_term_string}"},"query-input":{"@type":"PropertyValueSpecification","valueRequired":true,"valueName":"search_term_string"}}],"inLanguage":"es"},{"@type":"Organization","@id":"https:\/\/kalot.com.mx\/site\/#organization","name":"Kalot","url":"https:\/\/kalot.com.mx\/site\/","logo":{"@type":"ImageObject","inLanguage":"es","@id":"https:\/\/kalot.com.mx\/site\/#\/schema\/logo\/image\/","url":"https:\/\/i0.wp.com\/kalot.com.mx\/site\/wp-content\/uploads\/2020\/04\/Kalot-logo-sin-tagline.png?fit=1707%2C1014&ssl=1","contentUrl":"https:\/\/i0.wp.com\/kalot.com.mx\/site\/wp-content\/uploads\/2020\/04\/Kalot-logo-sin-tagline.png?fit=1707%2C1014&ssl=1","width":1707,"height":1014,"caption":"Kalot"},"image":{"@id":"https:\/\/kalot.com.mx\/site\/#\/schema\/logo\/image\/"},"sameAs":["http:\/\/facebook.com\/mxkalot","https:\/\/x.com\/kalotmx","http:\/\/instagram.com\/kalotmx","http:\/\/pinterest.com\/jorgeerana\/kalot"]},{"@type":"Person","@id":"https:\/\/kalot.com.mx\/site\/#\/schema\/person\/1bf32c47ee15104d1e824350c07ac220","name":"Omar Herrera","image":{"@type":"ImageObject","inLanguage":"es","@id":"https:\/\/secure.gravatar.com\/avatar\/ae84de016d43d093bed40799c6d19430bc23d65401e1d68c9afab71da0688278?s=96&d=mm&r=g","url":"https:\/\/secure.gravatar.com\/avatar\/ae84de016d43d093bed40799c6d19430bc23d65401e1d68c9afab71da0688278?s=96&d=mm&r=g","contentUrl":"https:\/\/secure.gravatar.com\/avatar\/ae84de016d43d093bed40799c6d19430bc23d65401e1d68c9afab71da0688278?s=96&d=mm&r=g","caption":"Omar Herrera"},"description":"Si mi vida se resumiera en una pel\u00edcula, ser\u00eda en una dirigida por Woody Allen. Licenciado en Ciencias y T\u00e9cnicas de la Comunicaci\u00f3n.","sameAs":["http:\/\/www.linkedin.com\/pub\/omar-vargas-herrera\/8a\/792\/288","https:\/\/www.facebook.com\/don.capu","https:\/\/x.com\/thedoncapu"],"url":"https:\/\/kalot.com.mx\/site\/author\/doncapu\/"}]}},"jetpack_publicize_connections":[],"jetpack_featured_media_url":"https:\/\/i0.wp.com\/kalot.com.mx\/site\/wp-content\/uploads\/2013\/11\/xmencapa.jpg?fit=1000%2C517&ssl=1","jetpack_shortlink":"https:\/\/wp.me\/p6IHEI-1RN","jetpack-related-posts":[{"id":24515,"url":"https:\/\/kalot.com.mx\/site\/2015\/12\/11\/primer-trailer-oficial-de-xmen-apocalypse\/","url_meta":{"origin":7179,"position":0},"title":"Primer tr\u00e1iler oficial de XMEN APOCALYPSE","author":"HM_MKT007","date":"11 diciembre, 2015","format":false,"excerpt":"El cierre de a\u00f1o esta resultando espectacular, y solo nos deja con muchas ansias de estar ya en el 2016, porque cada vez mejores pel\u00edculas se acercan, y uno de ellos es sin duda esta, el cierre de la trilog\u00eda de XMEN empezada en FIRST CLASS, y por lo que\u2026","rel":"","context":"En &quot;Cine&quot;","block_context":{"text":"Cine","link":"https:\/\/kalot.com.mx\/site\/category\/cine\/"},"img":{"alt_text":"","src":"https:\/\/i0.wp.com\/kalot.com.mx\/site\/wp-content\/uploads\/2015\/12\/ew-cover-1373-xmen_612x380-1.jpg?fit=640%2C397&ssl=1&resize=350%2C200","width":350,"height":200,"srcset":"https:\/\/i0.wp.com\/kalot.com.mx\/site\/wp-content\/uploads\/2015\/12\/ew-cover-1373-xmen_612x380-1.jpg?fit=640%2C397&ssl=1&resize=350%2C200 1x, https:\/\/i0.wp.com\/kalot.com.mx\/site\/wp-content\/uploads\/2015\/12\/ew-cover-1373-xmen_612x380-1.jpg?fit=640%2C397&ssl=1&resize=525%2C300 1.5x"},"classes":[]},{"id":9025,"url":"https:\/\/kalot.com.mx\/site\/2014\/01\/05\/x-men-dias-de-un-futuro-pasado-se-revelan-mas-detalles-de-la-trama\/","url_meta":{"origin":7179,"position":1},"title":"X-Men: D\u00edas de un futuro pasado, se revelan m\u00e1s detalles de la trama.","author":"Ivan Mendez","date":"5 enero, 2014","format":false,"excerpt":"Atenci\u00f3n fan\u00e1ticos de los mutantes m\u00e1s famosos de la historia del cine y que esperan con ansia la llegada del mes de mayo para ver una vez m\u00e1s a este escuadr\u00f3n entrar en batalla. Si no quieres enterarte de m\u00e1s de la trama te recomiendo que no sigas leyendo. Como\u2026","rel":"","context":"En &quot;Sin categor\u00eda&quot;","block_context":{"text":"Sin categor\u00eda","link":"https:\/\/kalot.com.mx\/site\/category\/sin-categoria\/"},"img":{"alt_text":"","src":"https:\/\/i0.wp.com\/kalot.com.mx\/site\/wp-content\/uploads\/2014\/01\/X-Men-Days-Of-Future-Past-Logo.jpg?fit=600%2C300&ssl=1&resize=350%2C200","width":350,"height":200,"srcset":"https:\/\/i0.wp.com\/kalot.com.mx\/site\/wp-content\/uploads\/2014\/01\/X-Men-Days-Of-Future-Past-Logo.jpg?fit=600%2C300&ssl=1&resize=350%2C200 1x, https:\/\/i0.wp.com\/kalot.com.mx\/site\/wp-content\/uploads\/2014\/01\/X-Men-Days-Of-Future-Past-Logo.jpg?fit=600%2C300&ssl=1&resize=525%2C300 1.5x"},"classes":[]},{"id":17874,"url":"https:\/\/kalot.com.mx\/site\/2014\/09\/02\/juguemos-adivinar-con-x-men-cinematic-universe\/","url_meta":{"origin":7179,"position":2},"title":"JUGUEMOS A ADIVINAR con: X-MEN CINEMATIC  UNIVERSE","author":"HM_MKT007","date":"2 septiembre, 2014","format":false,"excerpt":"Esta secci\u00f3n en lo personal me agrada mucho, porque es muy divertido hacer esto, IMAGINAR que pasar\u00e1, y en esta ocasi\u00f3n, hacemos un brinco dentro del mundo superheroe, porque estamos en el universo de MARVEL, pero dentro del CINEMATIC UNIVERSE, sabemos que que muchos personajes no est\u00e1n en propiedad de\u2026","rel":"","context":"Entrada similar ","block_context":{"text":"Entrada similar ","link":""},"img":{"alt_text":"","src":"https:\/\/i0.wp.com\/kalot.com.mx\/site\/wp-content\/uploads\/2014\/09\/imagen-99.jpg?fit=1022%2C451&ssl=1&resize=350%2C200","width":350,"height":200,"srcset":"https:\/\/i0.wp.com\/kalot.com.mx\/site\/wp-content\/uploads\/2014\/09\/imagen-99.jpg?fit=1022%2C451&ssl=1&resize=350%2C200 1x, https:\/\/i0.wp.com\/kalot.com.mx\/site\/wp-content\/uploads\/2014\/09\/imagen-99.jpg?fit=1022%2C451&ssl=1&resize=525%2C300 1.5x, https:\/\/i0.wp.com\/kalot.com.mx\/site\/wp-content\/uploads\/2014\/09\/imagen-99.jpg?fit=1022%2C451&ssl=1&resize=700%2C400 2x"},"classes":[]},{"id":14956,"url":"https:\/\/kalot.com.mx\/site\/2014\/04\/16\/trailer-final-para-x-men-days-future-past\/","url_meta":{"origin":7179,"position":3},"title":"Trailer final para X-Men: Days of Future Past","author":"Omar Herrera","date":"16 abril, 2014","format":false,"excerpt":"Inicia la cuenta regresiva hasta el 22 de mayo, fecha en que se estrenar\u00e1 en M\u00e9xico y alrededor del mundo la m\u00e1s reciente cinta de Bryan Singer y continuaci\u00f3n de la saga de mutantes m\u00e1s exitosa de Marvel, X-Men: Days of Future Past o X-Men: D\u00edas del Futuro Pasado para\u2026","rel":"","context":"Entrada similar ","block_context":{"text":"Entrada similar ","link":""},"img":{"alt_text":"","src":"https:\/\/i0.wp.com\/kalot.com.mx\/site\/wp-content\/uploads\/2014\/04\/poster-X-men-dias-del-futuro-pasado-660x375.jpg?fit=660%2C375&ssl=1&resize=350%2C200","width":350,"height":200,"srcset":"https:\/\/i0.wp.com\/kalot.com.mx\/site\/wp-content\/uploads\/2014\/04\/poster-X-men-dias-del-futuro-pasado-660x375.jpg?fit=660%2C375&ssl=1&resize=350%2C200 1x, https:\/\/i0.wp.com\/kalot.com.mx\/site\/wp-content\/uploads\/2014\/04\/poster-X-men-dias-del-futuro-pasado-660x375.jpg?fit=660%2C375&ssl=1&resize=525%2C300 1.5x"},"classes":[]},{"id":14730,"url":"https:\/\/kalot.com.mx\/site\/2014\/04\/10\/x-men-origenes-mistica\/","url_meta":{"origin":7179,"position":4},"title":"X-Men Or\u00edgenes: \u00bfM\u00edstica?","author":"Ivan Mendez","date":"10 abril, 2014","format":false,"excerpt":"Estamos a poco m\u00e1s de un mes de que llegue a las salas de todo el pa\u00eds una de las pel\u00edculas m\u00e1s esperadas por muchas personas: X-Men: D\u00edas de un futuro pasado, basado en una l\u00ednea argumental aclamada por la cr\u00edtica y los asiduos al c\u00f3mic, que cuenta la historia\u2026","rel":"","context":"Entrada similar ","block_context":{"text":"Entrada similar ","link":""},"img":{"alt_text":"","src":"https:\/\/i0.wp.com\/kalot.com.mx\/site\/wp-content\/uploads\/2014\/04\/Raven-Mystique-X-Men-Days-of-Future-Past-Wallpaper.jpg?fit=1200%2C750&ssl=1&resize=350%2C200","width":350,"height":200,"srcset":"https:\/\/i0.wp.com\/kalot.com.mx\/site\/wp-content\/uploads\/2014\/04\/Raven-Mystique-X-Men-Days-of-Future-Past-Wallpaper.jpg?fit=1200%2C750&ssl=1&resize=350%2C200 1x, https:\/\/i0.wp.com\/kalot.com.mx\/site\/wp-content\/uploads\/2014\/04\/Raven-Mystique-X-Men-Days-of-Future-Past-Wallpaper.jpg?fit=1200%2C750&ssl=1&resize=525%2C300 1.5x, https:\/\/i0.wp.com\/kalot.com.mx\/site\/wp-content\/uploads\/2014\/04\/Raven-Mystique-X-Men-Days-of-Future-Past-Wallpaper.jpg?fit=1200%2C750&ssl=1&resize=700%2C400 2x, https:\/\/i0.wp.com\/kalot.com.mx\/site\/wp-content\/uploads\/2014\/04\/Raven-Mystique-X-Men-Days-of-Future-Past-Wallpaper.jpg?fit=1200%2C750&ssl=1&resize=1050%2C600 3x"},"classes":[]},{"id":16351,"url":"https:\/\/kalot.com.mx\/site\/2014\/05\/23\/x-men-days-future-past-resena\/","url_meta":{"origin":7179,"position":5},"title":"X-Men: Days of Future Past | RESE\u00d1A","author":"Omar Herrera","date":"23 mayo, 2014","format":false,"excerpt":"Catorce a\u00f1os han pasado desde que se estren\u00f3 la primera entrega de una franquicia que revolucionar\u00eda y supondr\u00eda un antes y un despu\u00e9s dentro de las pel\u00edculas de superh\u00e9roes llega la s\u00e9ptima entrega de esta saga de mutantes que revisaremos a continuaci\u00f3n. X-Men (2000) representaba en aquel entonces un reto\u2026","rel":"","context":"Con 1 comentario","block_context":{"text":"Con 1 comentario","link":"https:\/\/kalot.com.mx\/site\/2014\/05\/23\/x-men-days-future-past-resena\/#comments"},"img":{"alt_text":"","src":"https:\/\/i0.wp.com\/kalot.com.mx\/site\/wp-content\/uploads\/2014\/05\/X-Men-Days-of-Future-Past-banner.jpg?fit=1200%2C546&ssl=1&resize=350%2C200","width":350,"height":200,"srcset":"https:\/\/i0.wp.com\/kalot.com.mx\/site\/wp-content\/uploads\/2014\/05\/X-Men-Days-of-Future-Past-banner.jpg?fit=1200%2C546&ssl=1&resize=350%2C200 1x, https:\/\/i0.wp.com\/kalot.com.mx\/site\/wp-content\/uploads\/2014\/05\/X-Men-Days-of-Future-Past-banner.jpg?fit=1200%2C546&ssl=1&resize=525%2C300 1.5x, https:\/\/i0.wp.com\/kalot.com.mx\/site\/wp-content\/uploads\/2014\/05\/X-Men-Days-of-Future-Past-banner.jpg?fit=1200%2C546&ssl=1&resize=700%2C400 2x, https:\/\/i0.wp.com\/kalot.com.mx\/site\/wp-content\/uploads\/2014\/05\/X-Men-Days-of-Future-Past-banner.jpg?fit=1200%2C546&ssl=1&resize=1050%2C600 3x"},"classes":[]}],"jetpack_sharing_enabled":true,"_links":{"self":[{"href":"https:\/\/kalot.com.mx\/site\/wp-json\/wp\/v2\/posts\/7179","targetHints":{"allow":["GET"]}}],"collection":[{"href":"https:\/\/kalot.com.mx\/site\/wp-json\/wp\/v2\/posts"}],"about":[{"href":"https:\/\/kalot.com.mx\/site\/wp-json\/wp\/v2\/types\/post"}],"author":[{"embeddable":true,"href":"https:\/\/kalot.com.mx\/site\/wp-json\/wp\/v2\/users\/18"}],"replies":[{"embeddable":true,"href":"https:\/\/kalot.com.mx\/site\/wp-json\/wp\/v2\/comments?post=7179"}],"version-history":[{"count":0,"href":"https:\/\/kalot.com.mx\/site\/wp-json\/wp\/v2\/posts\/7179\/revisions"}],"wp:featuredmedia":[{"embeddable":true,"href":"https:\/\/kalot.com.mx\/site\/wp-json\/wp\/v2\/media\/13999"}],"wp:attachment":[{"href":"https:\/\/kalot.com.mx\/site\/wp-json\/wp\/v2\/media?parent=7179"}],"wp:term":[{"taxonomy":"category","embeddable":true,"href":"https:\/\/kalot.com.mx\/site\/wp-json\/wp\/v2\/categories?post=7179"},{"taxonomy":"post_tag","embeddable":true,"href":"https:\/\/kalot.com.mx\/site\/wp-json\/wp\/v2\/tags?post=7179"}],"curies":[{"name":"wp","href":"https:\/\/api.w.org\/{rel}","templated":true}]}}