{"id":7139,"date":"2013-11-25T16:18:23","date_gmt":"2013-11-25T22:18:23","guid":{"rendered":"http:\/\/www.kalot.com.mx\/?p=7139"},"modified":"2013-11-25T16:45:33","modified_gmt":"2013-11-25T22:45:33","slug":"apple-compra-primesense-la-compania-detras-del-kinect","status":"publish","type":"post","link":"https:\/\/kalot.com.mx\/site\/2013\/11\/25\/apple-compra-primesense-la-compania-detras-del-kinect\/","title":{"rendered":"Apple compra PrimeSense, la compa\u00f1ia detr\u00e1s del Kinect"},"content":{"rendered":"<p style=\"text-align: justify\"><strong>Kristin Huguet un portavoz de Apple<\/strong>\u00a0ha confirmado esta informaci\u00f3n utilizando el texto modelo para este tipo de ocasiones:<\/p>\n<p style=\"text-align: justify\"><em>&#8220;Apple compra compa\u00f1\u00eda de tecnolog\u00eda m\u00e1s peque\u00f1as de vez en cuando, y por lo general no hablamos de nuestros prop\u00f3sitos o planes&#8221;.<\/em><\/p>\n<p style=\"text-align: justify\"><strong>Apple compra PrimeSense<\/strong>, startup israel\u00ed responsable del sensor 3D incluido en el Kinect\u00a0de Xbox. \u00a0Solo 360 millones de d\u00f3lares han hecho posible esta noticia.\u00a0Tras rumores y especulaciones que hablaban de este posible acuerdo, tal y como apuntaba un peri\u00f3dico de Israel \u00a0llego el esperado acuerdo entre ambas compa\u00f1\u00edas.<\/p>\n<p style=\"text-align: justify\">La pregunta es, <strong>\u00bfhasta donde llegara realmente el potencial de una tecnolog\u00eda como la de PrimeSense cuando la pones en las manos de aut\u00e9nticos genios como los hay entre las filas de Apple?<\/strong>, existen rumores que dicen que PrimeSense ha estado trabajando durante los \u00faltimos meses para incluir su tecnolog\u00eda en dispositivos m\u00f3viles, lo que podr\u00eda haber sido el punto perfecto para atraer toda la atenci\u00f3n de Apple sobre su compa\u00f1\u00eda, las posibilidades que podr\u00edan aparecer para dispositivos con iOS, y m\u00e1s teniendo en cuenta la incre\u00edble potencia de iPhone 5s.<\/p>\n<p style=\"text-align: justify\">A\u00fan as\u00ed se puede decir que la primera aplicaci\u00f3n que PrimeSense podr\u00eda darle a la tecnolog\u00eda detr\u00e1s de Kinect, estar\u00eda en rumores acerca de una\u00a0<strong>televisi\u00f3n de Apple<\/strong>\u00a0que lleva muchos meses dando vueltas y no acaba, y que a lo mejor tendr\u00e1 esto algo que ver con ese proyecto secreto\u00a0en el que ya llevan tiempo trabajando. O\u00a0<strong>\u00bfEstar\u00e1 relacionada la adquisici\u00f3n de PrimeSense con la posibilidad de ver una videoconsola con la manzana por logotipo?<\/strong><\/p>\n<p style=\"text-align: justify\">La compra de PrimeSense s\u00f3lo hace variar dichos rumores y seguramente en los pr\u00f3ximos meses o podr\u00eda ser que hasta el a\u00f1o 2014 veamos como Apple estar\u00e1 aprovechando esos 360 millones de d\u00f3lares invertidos en varios de los productos que a lo largo vallan presentando. Por suerte, y conociendo a Apple, no tendremos que esperar demasiado.<\/p>\n<p style=\"text-align: justify\"><a href=\"https:\/\/i0.wp.com\/www.kalot.com.mx\/wp-content\/uploads\/2013\/11\/Untitled-140-800x320-1.jpg\"><img data-recalc-dims=\"1\" fetchpriority=\"high\" decoding=\"async\" data-attachment-id=\"7153\" data-permalink=\"https:\/\/kalot.com.mx\/site\/2013\/11\/25\/apple-compra-primesense-la-compania-detras-del-kinect\/untitled-140-800x320-1\/\" data-orig-file=\"https:\/\/i0.wp.com\/kalot.com.mx\/site\/wp-content\/uploads\/2013\/11\/Untitled-140-800x320-1.jpg?fit=704%2C320&amp;ssl=1\" data-orig-size=\"704,320\" data-comments-opened=\"1\" data-image-meta=\"{&quot;aperture&quot;:&quot;0&quot;,&quot;credit&quot;:&quot;&quot;,&quot;camera&quot;:&quot;&quot;,&quot;caption&quot;:&quot;&quot;,&quot;created_timestamp&quot;:&quot;0&quot;,&quot;copyright&quot;:&quot;&quot;,&quot;focal_length&quot;:&quot;0&quot;,&quot;iso&quot;:&quot;0&quot;,&quot;shutter_speed&quot;:&quot;0&quot;,&quot;title&quot;:&quot;&quot;}\" data-image-title=\"Appk\" data-image-description=\"\" data-image-caption=\"\" data-large-file=\"https:\/\/i0.wp.com\/kalot.com.mx\/site\/wp-content\/uploads\/2013\/11\/Untitled-140-800x320-1.jpg?fit=704%2C320&amp;ssl=1\" class=\"aligncenter size-full wp-image-7153\" alt=\"Appk\" src=\"https:\/\/i0.wp.com\/www.kalot.com.mx\/wp-content\/uploads\/2013\/11\/Untitled-140-800x320-1.jpg?resize=704%2C320\" width=\"704\" height=\"320\" srcset=\"https:\/\/i0.wp.com\/kalot.com.mx\/site\/wp-content\/uploads\/2013\/11\/Untitled-140-800x320-1.jpg?w=704&amp;ssl=1 704w, https:\/\/i0.wp.com\/kalot.com.mx\/site\/wp-content\/uploads\/2013\/11\/Untitled-140-800x320-1.jpg?resize=300%2C136&amp;ssl=1 300w\" sizes=\"(max-width: 704px) 100vw, 704px\" \/><\/a><\/p>\n<p>kalochos \u00bf Ustedes que opinan les gustar\u00eda que la pr\u00f3xima novedad de Apple sea una televisi\u00f3n, consola o un nuevo dispositivo m\u00f3vil con esta tecnolog\u00eda ?<\/p>\n","protected":false},"excerpt":{"rendered":"Kristin Huguet un portavoz de Apple\u00a0ha confirmado esta informaci\u00f3n utilizando el texto modelo para este tipo de ocasiones:&hellip;\n","protected":false},"author":57,"featured_media":7146,"comment_status":"open","ping_status":"open","sticky":false,"template":"","format":"standard","meta":{"jetpack_post_was_ever_published":false,"_jetpack_newsletter_access":"","_jetpack_dont_email_post_to_subs":false,"_jetpack_newsletter_tier_id":0,"_jetpack_memberships_contains_paywalled_content":false,"_jetpack_memberships_contains_paid_content":false,"footnotes":"","jetpack_publicize_message":"","jetpack_publicize_feature_enabled":true,"jetpack_social_post_already_shared":true,"jetpack_social_options":{"image_generator_settings":{"template":"highway","default_image_id":0,"font":"","enabled":false},"version":2}},"categories":[],"tags":[],"class_list":{"0":"post-7139","1":"post","2":"type-post","3":"status-publish","4":"format-standard","5":"has-post-thumbnail","7":"cs-entry","8":"cs-video-wrap"},"yoast_head":"<!-- This site is optimized with the Yoast SEO plugin v27.4 - https:\/\/yoast.com\/product\/yoast-seo-wordpress\/ -->\n<title>Apple compra PrimeSense, la compa\u00f1ia detr\u00e1s del Kinect - Kalot<\/title>\n<meta name=\"description\" content=\"Kristin Huguet un portavoz de Apple\u00a0ha confirmado esta informaci\u00f3n utilizando el texto modelo para este tipo de ocasiones: &quot;Apple compra compa\u00f1\u00eda de\" \/>\n<meta name=\"robots\" content=\"index, follow, max-snippet:-1, max-image-preview:large, max-video-preview:-1\" \/>\n<link rel=\"canonical\" href=\"https:\/\/kalot.com.mx\/site\/2013\/11\/25\/apple-compra-primesense-la-compania-detras-del-kinect\/\" \/>\n<meta property=\"og:locale\" content=\"es_MX\" \/>\n<meta property=\"og:type\" content=\"article\" \/>\n<meta property=\"og:title\" content=\"Apple compra PrimeSense, la compa\u00f1ia detr\u00e1s del Kinect - Kalot\" \/>\n<meta property=\"og:description\" content=\"Kristin Huguet un portavoz de Apple\u00a0ha confirmado esta informaci\u00f3n utilizando el texto modelo para este tipo de ocasiones: &quot;Apple compra compa\u00f1\u00eda de\" \/>\n<meta property=\"og:url\" content=\"https:\/\/kalot.com.mx\/site\/2013\/11\/25\/apple-compra-primesense-la-compania-detras-del-kinect\/\" \/>\n<meta property=\"og:site_name\" content=\"Kalot\" \/>\n<meta property=\"article:publisher\" content=\"http:\/\/facebook.com\/mxkalot\" \/>\n<meta property=\"article:author\" content=\"https:\/\/www.facebook.com\/ceciMat\" \/>\n<meta property=\"article:published_time\" content=\"2013-11-25T22:18:23+00:00\" \/>\n<meta property=\"article:modified_time\" content=\"2013-11-25T22:45:33+00:00\" \/>\n<meta property=\"og:image\" content=\"https:\/\/i1.wp.com\/kalot.com.mx\/site\/wp-content\/uploads\/2013\/11\/appleprimesensek980.jpg?fit=980%2C550&ssl=1\" \/>\n\t<meta property=\"og:image:width\" content=\"980\" \/>\n\t<meta property=\"og:image:height\" content=\"550\" \/>\n\t<meta property=\"og:image:type\" content=\"image\/jpeg\" \/>\n<meta name=\"author\" content=\"Cecilia Mata\" \/>\n<meta name=\"twitter:card\" content=\"summary_large_image\" \/>\n<meta name=\"twitter:creator\" content=\"@Cecidc_Mat\" \/>\n<meta name=\"twitter:site\" content=\"@kalotmx\" \/>\n<meta name=\"twitter:label1\" content=\"Escrito por\" \/>\n\t<meta name=\"twitter:data1\" content=\"Cecilia Mata\" \/>\n\t<meta name=\"twitter:label2\" content=\"Tiempo de lectura\" \/>\n\t<meta name=\"twitter:data2\" content=\"2 minutos\" \/>\n<!-- \/ Yoast SEO plugin. -->","yoast_head_json":{"title":"Apple compra PrimeSense, la compa\u00f1ia detr\u00e1s del Kinect - Kalot","description":"Kristin Huguet un portavoz de Apple\u00a0ha confirmado esta informaci\u00f3n utilizando el texto modelo para este tipo de ocasiones: \"Apple compra compa\u00f1\u00eda de","robots":{"index":"index","follow":"follow","max-snippet":"max-snippet:-1","max-image-preview":"max-image-preview:large","max-video-preview":"max-video-preview:-1"},"canonical":"https:\/\/kalot.com.mx\/site\/2013\/11\/25\/apple-compra-primesense-la-compania-detras-del-kinect\/","og_locale":"es_MX","og_type":"article","og_title":"Apple compra PrimeSense, la compa\u00f1ia detr\u00e1s del Kinect - Kalot","og_description":"Kristin Huguet un portavoz de Apple\u00a0ha confirmado esta informaci\u00f3n utilizando el texto modelo para este tipo de ocasiones: \"Apple compra compa\u00f1\u00eda de","og_url":"https:\/\/kalot.com.mx\/site\/2013\/11\/25\/apple-compra-primesense-la-compania-detras-del-kinect\/","og_site_name":"Kalot","article_publisher":"http:\/\/facebook.com\/mxkalot","article_author":"https:\/\/www.facebook.com\/ceciMat","article_published_time":"2013-11-25T22:18:23+00:00","article_modified_time":"2013-11-25T22:45:33+00:00","og_image":[{"width":980,"height":550,"url":"https:\/\/i1.wp.com\/kalot.com.mx\/site\/wp-content\/uploads\/2013\/11\/appleprimesensek980.jpg?fit=980%2C550&ssl=1","type":"image\/jpeg"}],"author":"Cecilia Mata","twitter_card":"summary_large_image","twitter_creator":"@Cecidc_Mat","twitter_site":"@kalotmx","twitter_misc":{"Escrito por":"Cecilia Mata","Tiempo de lectura":"2 minutos"},"schema":{"@context":"https:\/\/schema.org","@graph":[{"@type":"Article","@id":"https:\/\/kalot.com.mx\/site\/2013\/11\/25\/apple-compra-primesense-la-compania-detras-del-kinect\/#article","isPartOf":{"@id":"https:\/\/kalot.com.mx\/site\/2013\/11\/25\/apple-compra-primesense-la-compania-detras-del-kinect\/"},"author":{"name":"Cecilia Mata","@id":"https:\/\/kalot.com.mx\/site\/#\/schema\/person\/451d1f280e69ef0abc9b72e87e137ccd"},"headline":"Apple compra PrimeSense, la compa\u00f1ia detr\u00e1s del Kinect","datePublished":"2013-11-25T22:18:23+00:00","dateModified":"2013-11-25T22:45:33+00:00","mainEntityOfPage":{"@id":"https:\/\/kalot.com.mx\/site\/2013\/11\/25\/apple-compra-primesense-la-compania-detras-del-kinect\/"},"wordCount":383,"commentCount":0,"publisher":{"@id":"https:\/\/kalot.com.mx\/site\/#organization"},"image":{"@id":"https:\/\/kalot.com.mx\/site\/2013\/11\/25\/apple-compra-primesense-la-compania-detras-del-kinect\/#primaryimage"},"thumbnailUrl":"https:\/\/i0.wp.com\/kalot.com.mx\/site\/wp-content\/uploads\/2013\/11\/appleprimesensek980.jpg?fit=980%2C550&ssl=1","inLanguage":"es","potentialAction":[{"@type":"CommentAction","name":"Comment","target":["https:\/\/kalot.com.mx\/site\/2013\/11\/25\/apple-compra-primesense-la-compania-detras-del-kinect\/#respond"]}]},{"@type":"WebPage","@id":"https:\/\/kalot.com.mx\/site\/2013\/11\/25\/apple-compra-primesense-la-compania-detras-del-kinect\/","url":"https:\/\/kalot.com.mx\/site\/2013\/11\/25\/apple-compra-primesense-la-compania-detras-del-kinect\/","name":"Apple compra PrimeSense, la compa\u00f1ia detr\u00e1s del Kinect - Kalot","isPartOf":{"@id":"https:\/\/kalot.com.mx\/site\/#website"},"primaryImageOfPage":{"@id":"https:\/\/kalot.com.mx\/site\/2013\/11\/25\/apple-compra-primesense-la-compania-detras-del-kinect\/#primaryimage"},"image":{"@id":"https:\/\/kalot.com.mx\/site\/2013\/11\/25\/apple-compra-primesense-la-compania-detras-del-kinect\/#primaryimage"},"thumbnailUrl":"https:\/\/i0.wp.com\/kalot.com.mx\/site\/wp-content\/uploads\/2013\/11\/appleprimesensek980.jpg?fit=980%2C550&ssl=1","datePublished":"2013-11-25T22:18:23+00:00","dateModified":"2013-11-25T22:45:33+00:00","description":"Kristin Huguet un portavoz de Apple\u00a0ha confirmado esta informaci\u00f3n utilizando el texto modelo para este tipo de ocasiones: \"Apple compra compa\u00f1\u00eda de","breadcrumb":{"@id":"https:\/\/kalot.com.mx\/site\/2013\/11\/25\/apple-compra-primesense-la-compania-detras-del-kinect\/#breadcrumb"},"inLanguage":"es","potentialAction":[{"@type":"ReadAction","target":["https:\/\/kalot.com.mx\/site\/2013\/11\/25\/apple-compra-primesense-la-compania-detras-del-kinect\/"]}]},{"@type":"ImageObject","inLanguage":"es","@id":"https:\/\/kalot.com.mx\/site\/2013\/11\/25\/apple-compra-primesense-la-compania-detras-del-kinect\/#primaryimage","url":"https:\/\/i0.wp.com\/kalot.com.mx\/site\/wp-content\/uploads\/2013\/11\/appleprimesensek980.jpg?fit=980%2C550&ssl=1","contentUrl":"https:\/\/i0.wp.com\/kalot.com.mx\/site\/wp-content\/uploads\/2013\/11\/appleprimesensek980.jpg?fit=980%2C550&ssl=1","width":980,"height":550},{"@type":"BreadcrumbList","@id":"https:\/\/kalot.com.mx\/site\/2013\/11\/25\/apple-compra-primesense-la-compania-detras-del-kinect\/#breadcrumb","itemListElement":[{"@type":"ListItem","position":1,"name":"Home","item":"https:\/\/kalot.com.mx\/site\/"},{"@type":"ListItem","position":2,"name":"Apple compra PrimeSense, la compa\u00f1ia detr\u00e1s del Kinect"}]},{"@type":"WebSite","@id":"https:\/\/kalot.com.mx\/site\/#website","url":"https:\/\/kalot.com.mx\/site\/","name":"Kalot","description":"Conoce Todo Sobre Todo","publisher":{"@id":"https:\/\/kalot.com.mx\/site\/#organization"},"potentialAction":[{"@type":"SearchAction","target":{"@type":"EntryPoint","urlTemplate":"https:\/\/kalot.com.mx\/site\/?s={search_term_string}"},"query-input":{"@type":"PropertyValueSpecification","valueRequired":true,"valueName":"search_term_string"}}],"inLanguage":"es"},{"@type":"Organization","@id":"https:\/\/kalot.com.mx\/site\/#organization","name":"Kalot","url":"https:\/\/kalot.com.mx\/site\/","logo":{"@type":"ImageObject","inLanguage":"es","@id":"https:\/\/kalot.com.mx\/site\/#\/schema\/logo\/image\/","url":"https:\/\/i0.wp.com\/kalot.com.mx\/site\/wp-content\/uploads\/2020\/04\/Kalot-logo-sin-tagline.png?fit=1707%2C1014&ssl=1","contentUrl":"https:\/\/i0.wp.com\/kalot.com.mx\/site\/wp-content\/uploads\/2020\/04\/Kalot-logo-sin-tagline.png?fit=1707%2C1014&ssl=1","width":1707,"height":1014,"caption":"Kalot"},"image":{"@id":"https:\/\/kalot.com.mx\/site\/#\/schema\/logo\/image\/"},"sameAs":["http:\/\/facebook.com\/mxkalot","https:\/\/x.com\/kalotmx","http:\/\/instagram.com\/kalotmx","http:\/\/pinterest.com\/jorgeerana\/kalot"]},{"@type":"Person","@id":"https:\/\/kalot.com.mx\/site\/#\/schema\/person\/451d1f280e69ef0abc9b72e87e137ccd","name":"Cecilia Mata","image":{"@type":"ImageObject","inLanguage":"es","@id":"https:\/\/secure.gravatar.com\/avatar\/d537382201aa9a7e5477a07abbac65d123036652265c4569e812aae85d7be2df?s=96&d=mm&r=g","url":"https:\/\/secure.gravatar.com\/avatar\/d537382201aa9a7e5477a07abbac65d123036652265c4569e812aae85d7be2df?s=96&d=mm&r=g","contentUrl":"https:\/\/secure.gravatar.com\/avatar\/d537382201aa9a7e5477a07abbac65d123036652265c4569e812aae85d7be2df?s=96&d=mm&r=g","caption":"Cecilia Mata"},"description":"Estudiante de Ingenier\u00eda industrial. Un toque de geek. Me agrada conocer y aprender cosas nuevas.","sameAs":["https:\/\/www.facebook.com\/ceciMat","https:\/\/x.com\/Cecidc_Mat"],"url":"https:\/\/kalot.com.mx\/site\/author\/cecilia\/"}]}},"jetpack_publicize_connections":[],"jetpack_featured_media_url":"https:\/\/i0.wp.com\/kalot.com.mx\/site\/wp-content\/uploads\/2013\/11\/appleprimesensek980.jpg?fit=980%2C550&ssl=1","jetpack_shortlink":"https:\/\/wp.me\/p6IHEI-1R9","jetpack-related-posts":[{"id":16385,"url":"https:\/\/kalot.com.mx\/site\/2014\/05\/26\/un-smartwatch-de-microsoft\/","url_meta":{"origin":7139,"position":0},"title":"\u00bfUn Smartwatch de Microsoft?","author":"Cecilia Mata","date":"26 mayo, 2014","format":false,"excerpt":"Microsoft puede estar detr\u00e1s de la tecnolog\u00eda wearable o de los gadgets de la tecnolog\u00eda vestible, al que querr\u00eda aportar su propio smartwatch. Un registro en la oficina de patentes estadounidense ha sacado los rumores acerca de un posible reloj inteligente de la marca Microsoft. Ya que en una solicitud,\u2026","rel":"","context":"Entrada similar ","block_context":{"text":"Entrada similar ","link":""},"img":{"alt_text":"","src":"https:\/\/i0.wp.com\/kalot.com.mx\/site\/wp-content\/uploads\/2014\/05\/Windows-Smartwatch.jpg?fit=950%2C534&ssl=1&resize=350%2C200","width":350,"height":200,"srcset":"https:\/\/i0.wp.com\/kalot.com.mx\/site\/wp-content\/uploads\/2014\/05\/Windows-Smartwatch.jpg?fit=950%2C534&ssl=1&resize=350%2C200 1x, https:\/\/i0.wp.com\/kalot.com.mx\/site\/wp-content\/uploads\/2014\/05\/Windows-Smartwatch.jpg?fit=950%2C534&ssl=1&resize=525%2C300 1.5x, https:\/\/i0.wp.com\/kalot.com.mx\/site\/wp-content\/uploads\/2014\/05\/Windows-Smartwatch.jpg?fit=950%2C534&ssl=1&resize=700%2C400 2x"},"classes":[]},{"id":251,"url":"https:\/\/kalot.com.mx\/site\/2013\/09\/02\/apple-suspende-vacaciones-para-sus-empleados-entre-15-y-28-de-septiembre-ya-viene-el-nuevo-iphone-2\/","url_meta":{"origin":7139,"position":1},"title":"Apple suspende vacaciones para sus empleados entre 15 y 28 de septiembre, ya viene el nuevo iPhone","author":"Jorge Era\u00f1a","date":"2 septiembre, 2013","format":false,"excerpt":"Despu\u00e9s de una larga espera, una muy fuerte ola de rumores, prototipos, conceptos y hasta \"evidencia\" f\u00edsica; por fin septiembre ser\u00e1 el mes esperado por la comunidad de los fanboys de Apple. Al parecer la compa\u00f1\u00eda de Cupertino ha decidido sugerir con car\u00e1cter obligatorio a sus empleados de Apple Care\u2026","rel":"","context":"Entrada similar ","block_context":{"text":"Entrada similar ","link":""},"img":{"alt_text":"","src":"https:\/\/i0.wp.com\/kalot.com.mx\/site\/wp-content\/uploads\/2013\/09\/20130902-094030.jpg?fit=640%2C385&ssl=1&resize=350%2C200","width":350,"height":200,"srcset":"https:\/\/i0.wp.com\/kalot.com.mx\/site\/wp-content\/uploads\/2013\/09\/20130902-094030.jpg?fit=640%2C385&ssl=1&resize=350%2C200 1x, https:\/\/i0.wp.com\/kalot.com.mx\/site\/wp-content\/uploads\/2013\/09\/20130902-094030.jpg?fit=640%2C385&ssl=1&resize=525%2C300 1.5x"},"classes":[]},{"id":3642,"url":"https:\/\/kalot.com.mx\/site\/2013\/10\/10\/el-legado-del-genio-de-la-manzana\/","url_meta":{"origin":7139,"position":2},"title":"El legado del genio de la manzana","author":"Pepe M\u00e9ndez","date":"10 octubre, 2013","format":false,"excerpt":"\u00bfUstedes saben que ha sido del legado del genio de la manzana? No les hablo de Newton, tampoco de aquel que invento el pie de manzana, hablo del genio innovador, aquel que hizo de una simple compa\u00f1\u00eda, la marca m\u00e1s poderosa de los \u00faltimos a\u00f1os, estoy hablando de Steve Jobs.\u2026","rel":"","context":"Entrada similar ","block_context":{"text":"Entrada similar ","link":""},"img":{"alt_text":"","src":"https:\/\/i0.wp.com\/kalot.com.mx\/site\/wp-content\/uploads\/2013\/10\/01_Steve-Jobs_full.jpg?fit=590%2C590&ssl=1&resize=350%2C200","width":350,"height":200,"srcset":"https:\/\/i0.wp.com\/kalot.com.mx\/site\/wp-content\/uploads\/2013\/10\/01_Steve-Jobs_full.jpg?fit=590%2C590&ssl=1&resize=350%2C200 1x, https:\/\/i0.wp.com\/kalot.com.mx\/site\/wp-content\/uploads\/2013\/10\/01_Steve-Jobs_full.jpg?fit=590%2C590&ssl=1&resize=525%2C300 1.5x"},"classes":[]},{"id":1111,"url":"https:\/\/kalot.com.mx\/site\/2013\/09\/09\/nissan-entra-al-mercado-de-los-relojes-inteligentes\/","url_meta":{"origin":7139,"position":3},"title":"NISSAN entra al mercado de los relojes inteligentes.","author":"Jorge Era\u00f1a","date":"9 septiembre, 2013","format":false,"excerpt":"La era de los smart phones ha tra\u00eddo consigo una ola de innovaciones tecnol\u00f3gicas tanto en hardware como software que permitan una mayor interactividad entre el usuario y el gadget en cuesti\u00f3n. Actualmente, las compa\u00f1\u00edas apuestan cada vez m\u00e1s por la tecnolog\u00eda portatil y han comenzado a lanzar los smart\u2026","rel":"","context":"En &quot;Sin categor\u00eda&quot;","block_context":{"text":"Sin categor\u00eda","link":"https:\/\/kalot.com.mx\/site\/category\/sin-categoria\/"},"img":{"alt_text":"","src":"https:\/\/i0.wp.com\/kalot.com.mx\/site\/wp-content\/uploads\/2013\/09\/Nissan-Logo.jpg?fit=600%2C600&ssl=1&resize=350%2C200","width":350,"height":200,"srcset":"https:\/\/i0.wp.com\/kalot.com.mx\/site\/wp-content\/uploads\/2013\/09\/Nissan-Logo.jpg?fit=600%2C600&ssl=1&resize=350%2C200 1x, https:\/\/i0.wp.com\/kalot.com.mx\/site\/wp-content\/uploads\/2013\/09\/Nissan-Logo.jpg?fit=600%2C600&ssl=1&resize=525%2C300 1.5x"},"classes":[]},{"id":17632,"url":"https:\/\/kalot.com.mx\/site\/2014\/08\/18\/iphone-6-para-septiembre\/","url_meta":{"origin":7139,"position":4},"title":"iPhone 6 para SEPTIEMBRE","author":"Cecilia Mata","date":"18 agosto, 2014","format":false,"excerpt":"La firma de cupertino despu\u00e9s de mostrarnos todas su novedades hacia sistemas operativos aplicaciones o nuevos dispositivo en la WWDC, nos dejaba con la intriga de si seria este el a\u00f1o de la presentaci\u00f3n del iPhone 6 y es que con tantas filtraciones y rumores de este dispositivo nos comemos\u2026","rel":"","context":"En &quot;Sin categor\u00eda&quot;","block_context":{"text":"Sin categor\u00eda","link":"https:\/\/kalot.com.mx\/site\/category\/sin-categoria\/"},"img":{"alt_text":"","src":"https:\/\/i0.wp.com\/kalot.com.mx\/site\/wp-content\/uploads\/2014\/08\/xdddd.jpg?fit=944%2C629&ssl=1&resize=350%2C200","width":350,"height":200,"srcset":"https:\/\/i0.wp.com\/kalot.com.mx\/site\/wp-content\/uploads\/2014\/08\/xdddd.jpg?fit=944%2C629&ssl=1&resize=350%2C200 1x, https:\/\/i0.wp.com\/kalot.com.mx\/site\/wp-content\/uploads\/2014\/08\/xdddd.jpg?fit=944%2C629&ssl=1&resize=525%2C300 1.5x, https:\/\/i0.wp.com\/kalot.com.mx\/site\/wp-content\/uploads\/2014\/08\/xdddd.jpg?fit=944%2C629&ssl=1&resize=700%2C400 2x"},"classes":[]},{"id":467,"url":"https:\/\/kalot.com.mx\/site\/2013\/09\/03\/confirmado-apple-ya-envio-las-invitaciones-para-el-evento-del-10-de-septiembre\/","url_meta":{"origin":7139,"position":5},"title":"Confirmado: Apple ya envi\u00f3 las invitaciones para el evento del 10 de septiembre","author":"Jorge Era\u00f1a","date":"3 septiembre, 2013","format":false,"excerpt":"En estos momentos, la mayor\u00eda de las esferas del entretenimiento, tecnolog\u00eda y medios de comunicaci\u00f3n han recibido la invitaci\u00f3n formal de parte de Apple, directamente desde Cupertino California. El evento se ha confirmado para el d\u00eda 10 de septiembre donde sorpresivamente la sede no ser\u00e1 la que suele utilizar Apple\u2026","rel":"","context":"Entrada similar ","block_context":{"text":"Entrada similar ","link":""},"img":{"alt_text":"","src":"https:\/\/i0.wp.com\/kalot.com.mx\/site\/wp-content\/uploads\/2013\/09\/evento-apple-iphone-5s-769x600.jpg?fit=769%2C600&ssl=1&resize=350%2C200","width":350,"height":200,"srcset":"https:\/\/i0.wp.com\/kalot.com.mx\/site\/wp-content\/uploads\/2013\/09\/evento-apple-iphone-5s-769x600.jpg?fit=769%2C600&ssl=1&resize=350%2C200 1x, https:\/\/i0.wp.com\/kalot.com.mx\/site\/wp-content\/uploads\/2013\/09\/evento-apple-iphone-5s-769x600.jpg?fit=769%2C600&ssl=1&resize=525%2C300 1.5x, https:\/\/i0.wp.com\/kalot.com.mx\/site\/wp-content\/uploads\/2013\/09\/evento-apple-iphone-5s-769x600.jpg?fit=769%2C600&ssl=1&resize=700%2C400 2x"},"classes":[]}],"jetpack_sharing_enabled":true,"_links":{"self":[{"href":"https:\/\/kalot.com.mx\/site\/wp-json\/wp\/v2\/posts\/7139","targetHints":{"allow":["GET"]}}],"collection":[{"href":"https:\/\/kalot.com.mx\/site\/wp-json\/wp\/v2\/posts"}],"about":[{"href":"https:\/\/kalot.com.mx\/site\/wp-json\/wp\/v2\/types\/post"}],"author":[{"embeddable":true,"href":"https:\/\/kalot.com.mx\/site\/wp-json\/wp\/v2\/users\/57"}],"replies":[{"embeddable":true,"href":"https:\/\/kalot.com.mx\/site\/wp-json\/wp\/v2\/comments?post=7139"}],"version-history":[{"count":0,"href":"https:\/\/kalot.com.mx\/site\/wp-json\/wp\/v2\/posts\/7139\/revisions"}],"wp:featuredmedia":[{"embeddable":true,"href":"https:\/\/kalot.com.mx\/site\/wp-json\/wp\/v2\/media\/7146"}],"wp:attachment":[{"href":"https:\/\/kalot.com.mx\/site\/wp-json\/wp\/v2\/media?parent=7139"}],"wp:term":[{"taxonomy":"category","embeddable":true,"href":"https:\/\/kalot.com.mx\/site\/wp-json\/wp\/v2\/categories?post=7139"},{"taxonomy":"post_tag","embeddable":true,"href":"https:\/\/kalot.com.mx\/site\/wp-json\/wp\/v2\/tags?post=7139"}],"curies":[{"name":"wp","href":"https:\/\/api.w.org\/{rel}","templated":true}]}}