{"id":7047,"date":"2013-11-24T20:20:48","date_gmt":"2013-11-25T02:20:48","guid":{"rendered":"http:\/\/www.kalot.com.mx\/?p=7047"},"modified":"2014-02-03T22:16:34","modified_gmt":"2014-02-04T04:16:34","slug":"katy-perry-y-jodi-nina-de-11-anos-con-autismo-cantan-en-dueto-firework","status":"publish","type":"post","link":"https:\/\/kalot.com.mx\/site\/2013\/11\/24\/katy-perry-y-jodi-nina-de-11-anos-con-autismo-cantan-en-dueto-firework\/","title":{"rendered":"Katy Perry y Jodi (ni\u00f1a de 11 a\u00f1os con autismo) cantan en dueto &#8220;Firework&#8221;"},"content":{"rendered":"<p><a href=\"https:\/\/i0.wp.com\/www.kalot.com.mx\/wp-content\/uploads\/2013\/11\/20131124-081044-p.m..jpg\"><img data-recalc-dims=\"1\" decoding=\"async\" src=\"https:\/\/i0.wp.com\/www.kalot.com.mx\/wp-content\/uploads\/2013\/11\/20131124-081044-p.m..jpg?w=1200\" alt=\"20131124-081044 p.m..jpg\" class=\"alignnone size-full\" \/><\/a><\/p>\n<p>por Ceci Cuevas<\/p>\n<p>En un evento muy especial llamado Night of too Many Stars: America Comes Together for Autism Programs. (Noche de Demasiadas Estrellas: America (EUA) se une a favor de programas que tratan el autismo) del show de TV Comedy Central y a cargo de Busboy Producciones de Jon Stewart; presentaron a Jodi DiPiazza quien es una ni\u00f1a de 11 a\u00f1os que vive con autismo desde casi los dos a\u00f1os de edad y utiliza la m\u00fasica para conectarse con el mundo. <\/p>\n<p>Para los pap\u00e1s de Jodi como para cualquier familia que tiene un peque\u00f1o con autismo, no ha sido nada f\u00e1cil, pues han tenido muchos obst\u00e1culos que sobrellevar, entender y aprender a vivir con el autismo de alguien que aman.<\/p>\n<p>En este v\u00eddeo que les dejo, pueden ver material pregrabado donde se ve a los pap\u00e1s de Jodi hablar un poco de lo que ha sido su experiencia.<\/p>\n<p>La mam\u00e1 de Jodi platica como desde peque\u00f1a todo lo que escuchaba de m\u00fasica en la radio o la televisi\u00f3n, Jodi iba directamente al teclado y lo reproduc\u00eda; menciona que ama la m\u00fasica y que este ha sido el medio de comunicaci\u00f3n y el medio por el cual Jodi se ha dado a conocer.<\/p>\n<p>El pap\u00e1 de Jodi menciona que ha dejado de lado la idea de pensar que su hija tiene limitaciones, pues ella misma ha demostrado todo lo contrario&#8230; pensando que desde muy chica no iba poder hablar, entender o siquiera cantar.<\/p>\n<p>As\u00ed como cualquier persona, los ni\u00f1os con autismo tambi\u00e9n tienen derecho a tener oportunidades para alcanzar su mayor potencial. Jodi tuvo la oportunidad el a\u00f1o pasado de cantar a dueto con una de sus cantantes favoritas, Katy Perry; una canci\u00f3n con mucho significado: Firework. <\/p>\n<p>La canci\u00f3n habla de lo importante que es ser \u00fanico, originales y que no podemos ser reemplazados. Que cada quien tenemos un fuego interno que debemos hacer estallar, dejar brillar nuestra esencia. Compara todo esto con ser algo similar a fuegos artificiales, volar a trav\u00e9s del cielo expres\u00e1ndonos en colores. Saber que puedes empoderarte siendo quien seas siempre y cuando creas en ti mismo.<\/p>\n<p>Al acabar la canci\u00f3n, Jodi se levanta con la emoci\u00f3n de cualquier ni\u00f1o de su edad a abrazar a su \u00eddolo. Mi parte favorita del video es cuando Jodi est\u00e1 cantando y se percata de los aplausos del p\u00fablico. Me impresiona como Jodi no necesita leer la letra de la canci\u00f3n ni la partitura.<\/p>\n<p>Al otro d\u00eda Katy Perry comparti\u00f3 en su cuenta de Twitter &#8220;Nunca olvidar\u00e9 la noche de ayer. Ha sido el momento m\u00e1s importante de lo que hasta ahora hago.&#8221;<\/p>\n<p>Aqui puedes ver el <a href=\"http:\/\/mashable.com\/2012\/10\/19\/katy-perry-firework-autism-jodi-dipiazza\/\">video<\/a>!<\/p>\n<p><em>El proyecto de Night of Too Many Stars ha beneficiado a distintos programas en todo EUA que apoyan a personas con autismo que necesitan servicios de calidad. En el a\u00f1o 2010 este proyecto junto con la organizaci\u00f3n New York Collaborates for Autism, dieron mas de $3.1 millones de d\u00f3lares a 41 programas diferentes en 13 estados. ~<a href=\"http:\/\/www.comedycentral.com\/shows\/night-of-too-many-stars\">fuente<\/a>~<\/em><\/p>\n<p><strong>4 cosas que no sab\u00edas de Katy Perry:<\/strong><\/p>\n<p>1. El color natural de su cabello.. ella es g\u00fcera no de pelo negro.<\/p>\n<p>2. Desde chica escuch\u00f3, cant\u00f3 y grab\u00f3 m\u00fasica religiosa&#8230; no la dejaban escuchar m\u00fasica pop.<\/p>\n<p>3. Sus influencias musicales han sido Freddie Mercury, Alanis Morissette y Madonna.<\/p>\n<p>4. As\u00ed como para este dueto con Jodi DiPiazza, a Katy Perry le gusta mucho la filantrop\u00eda, ha participado en varios proyectos para diferentes causas.<\/p>\n<p>Si eres fan de Katy Perry, te gusta apoyar a causas de filantrop\u00eda o te gust\u00f3 este post, comp\u00e1rtelo en tus redes sociales!<\/p>\n<p>Ceci Cuevas para Kalot M\u00e9xico.<\/p>\n<p><a href=\"https:\/\/i0.wp.com\/www.kalot.com.mx\/wp-content\/uploads\/2013\/11\/20131124-082021-p.m..jpg\"><img data-recalc-dims=\"1\" decoding=\"async\" src=\"https:\/\/i0.wp.com\/www.kalot.com.mx\/wp-content\/uploads\/2013\/11\/20131124-082021-p.m..jpg?w=1200\" alt=\"20131124-082021 p.m..jpg\" class=\"alignnone size-full\" \/><\/a><\/p>\n","protected":false},"excerpt":{"rendered":"por Ceci Cuevas En un evento muy especial llamado Night of too Many Stars: America Comes Together for&hellip;\n","protected":false},"author":42,"featured_media":7045,"comment_status":"open","ping_status":"open","sticky":false,"template":"","format":"standard","meta":{"jetpack_post_was_ever_published":false,"_jetpack_newsletter_access":"","_jetpack_dont_email_post_to_subs":false,"_jetpack_newsletter_tier_id":0,"_jetpack_memberships_contains_paywalled_content":false,"_jetpack_memberships_contains_paid_content":false,"footnotes":"","jetpack_publicize_message":"","jetpack_publicize_feature_enabled":true,"jetpack_social_post_already_shared":true,"jetpack_social_options":{"image_generator_settings":{"template":"highway","default_image_id":0,"font":"","enabled":false},"version":2}},"categories":[],"tags":[],"class_list":{"0":"post-7047","1":"post","2":"type-post","3":"status-publish","4":"format-standard","5":"has-post-thumbnail","7":"cs-entry","8":"cs-video-wrap"},"yoast_head":"<!-- This site is optimized with the Yoast SEO plugin v27.4 - https:\/\/yoast.com\/product\/yoast-seo-wordpress\/ -->\n<title>Katy Perry y Jodi (ni\u00f1a de 11 a\u00f1os con autismo) cantan en dueto &quot;Firework&quot; - Kalot<\/title>\n<meta name=\"description\" content=\"por Ceci Cuevas En un evento muy especial llamado Night of too Many Stars: America Comes Together for Autism Programs. (Noche de Demasiadas Estrellas:\" \/>\n<meta name=\"robots\" content=\"index, follow, max-snippet:-1, max-image-preview:large, max-video-preview:-1\" \/>\n<link rel=\"canonical\" href=\"https:\/\/kalot.com.mx\/site\/2013\/11\/24\/katy-perry-y-jodi-nina-de-11-anos-con-autismo-cantan-en-dueto-firework\/\" \/>\n<meta property=\"og:locale\" content=\"es_MX\" \/>\n<meta property=\"og:type\" content=\"article\" \/>\n<meta property=\"og:title\" content=\"Katy Perry y Jodi (ni\u00f1a de 11 a\u00f1os con autismo) cantan en dueto &quot;Firework&quot; - Kalot\" \/>\n<meta property=\"og:description\" content=\"por Ceci Cuevas En un evento muy especial llamado Night of too Many Stars: America Comes Together for Autism Programs. (Noche de Demasiadas Estrellas:\" \/>\n<meta property=\"og:url\" content=\"https:\/\/kalot.com.mx\/site\/2013\/11\/24\/katy-perry-y-jodi-nina-de-11-anos-con-autismo-cantan-en-dueto-firework\/\" \/>\n<meta property=\"og:site_name\" content=\"Kalot\" \/>\n<meta property=\"article:publisher\" content=\"http:\/\/facebook.com\/mxkalot\" \/>\n<meta property=\"article:author\" content=\"www.facebook.com\/ccnetworkmarketing\" \/>\n<meta property=\"article:published_time\" content=\"2013-11-25T02:20:48+00:00\" \/>\n<meta property=\"article:modified_time\" content=\"2014-02-04T04:16:34+00:00\" \/>\n<meta property=\"og:image\" content=\"https:\/\/i1.wp.com\/kalot.com.mx\/site\/wp-content\/uploads\/2013\/11\/20131124-081318-p.m..jpg?fit=600%2C400&ssl=1\" \/>\n\t<meta property=\"og:image:width\" content=\"600\" \/>\n\t<meta property=\"og:image:height\" content=\"400\" \/>\n\t<meta property=\"og:image:type\" content=\"image\/jpeg\" \/>\n<meta name=\"author\" content=\"Ceci Cuevas\" \/>\n<meta name=\"twitter:card\" content=\"summary_large_image\" \/>\n<meta name=\"twitter:creator\" content=\"@cecicue\" \/>\n<meta name=\"twitter:site\" content=\"@kalotmx\" \/>\n<meta name=\"twitter:label1\" content=\"Escrito por\" \/>\n\t<meta name=\"twitter:data1\" content=\"Ceci Cuevas\" \/>\n\t<meta name=\"twitter:label2\" content=\"Tiempo de lectura\" \/>\n\t<meta name=\"twitter:data2\" content=\"3 minutos\" \/>\n<!-- \/ Yoast SEO plugin. -->","yoast_head_json":{"title":"Katy Perry y Jodi (ni\u00f1a de 11 a\u00f1os con autismo) cantan en dueto \"Firework\" - Kalot","description":"por Ceci Cuevas En un evento muy especial llamado Night of too Many Stars: America Comes Together for Autism Programs. (Noche de Demasiadas Estrellas:","robots":{"index":"index","follow":"follow","max-snippet":"max-snippet:-1","max-image-preview":"max-image-preview:large","max-video-preview":"max-video-preview:-1"},"canonical":"https:\/\/kalot.com.mx\/site\/2013\/11\/24\/katy-perry-y-jodi-nina-de-11-anos-con-autismo-cantan-en-dueto-firework\/","og_locale":"es_MX","og_type":"article","og_title":"Katy Perry y Jodi (ni\u00f1a de 11 a\u00f1os con autismo) cantan en dueto \"Firework\" - Kalot","og_description":"por Ceci Cuevas En un evento muy especial llamado Night of too Many Stars: America Comes Together for Autism Programs. (Noche de Demasiadas Estrellas:","og_url":"https:\/\/kalot.com.mx\/site\/2013\/11\/24\/katy-perry-y-jodi-nina-de-11-anos-con-autismo-cantan-en-dueto-firework\/","og_site_name":"Kalot","article_publisher":"http:\/\/facebook.com\/mxkalot","article_author":"www.facebook.com\/ccnetworkmarketing","article_published_time":"2013-11-25T02:20:48+00:00","article_modified_time":"2014-02-04T04:16:34+00:00","og_image":[{"width":600,"height":400,"url":"https:\/\/i1.wp.com\/kalot.com.mx\/site\/wp-content\/uploads\/2013\/11\/20131124-081318-p.m..jpg?fit=600%2C400&ssl=1","type":"image\/jpeg"}],"author":"Ceci Cuevas","twitter_card":"summary_large_image","twitter_creator":"@cecicue","twitter_site":"@kalotmx","twitter_misc":{"Escrito por":"Ceci Cuevas","Tiempo de lectura":"3 minutos"},"schema":{"@context":"https:\/\/schema.org","@graph":[{"@type":"Article","@id":"https:\/\/kalot.com.mx\/site\/2013\/11\/24\/katy-perry-y-jodi-nina-de-11-anos-con-autismo-cantan-en-dueto-firework\/#article","isPartOf":{"@id":"https:\/\/kalot.com.mx\/site\/2013\/11\/24\/katy-perry-y-jodi-nina-de-11-anos-con-autismo-cantan-en-dueto-firework\/"},"author":{"name":"Ceci Cuevas","@id":"https:\/\/kalot.com.mx\/site\/#\/schema\/person\/5d7625a40d327534687b4ed7a14cc45f"},"headline":"Katy Perry y Jodi (ni\u00f1a de 11 a\u00f1os con autismo) cantan en dueto &#8220;Firework&#8221;","datePublished":"2013-11-25T02:20:48+00:00","dateModified":"2014-02-04T04:16:34+00:00","mainEntityOfPage":{"@id":"https:\/\/kalot.com.mx\/site\/2013\/11\/24\/katy-perry-y-jodi-nina-de-11-anos-con-autismo-cantan-en-dueto-firework\/"},"wordCount":644,"commentCount":0,"publisher":{"@id":"https:\/\/kalot.com.mx\/site\/#organization"},"image":{"@id":"https:\/\/kalot.com.mx\/site\/2013\/11\/24\/katy-perry-y-jodi-nina-de-11-anos-con-autismo-cantan-en-dueto-firework\/#primaryimage"},"thumbnailUrl":"https:\/\/i0.wp.com\/kalot.com.mx\/site\/wp-content\/uploads\/2013\/11\/20131124-081318-p.m..jpg?fit=600%2C400&ssl=1","inLanguage":"es","potentialAction":[{"@type":"CommentAction","name":"Comment","target":["https:\/\/kalot.com.mx\/site\/2013\/11\/24\/katy-perry-y-jodi-nina-de-11-anos-con-autismo-cantan-en-dueto-firework\/#respond"]}]},{"@type":"WebPage","@id":"https:\/\/kalot.com.mx\/site\/2013\/11\/24\/katy-perry-y-jodi-nina-de-11-anos-con-autismo-cantan-en-dueto-firework\/","url":"https:\/\/kalot.com.mx\/site\/2013\/11\/24\/katy-perry-y-jodi-nina-de-11-anos-con-autismo-cantan-en-dueto-firework\/","name":"Katy Perry y Jodi (ni\u00f1a de 11 a\u00f1os con autismo) cantan en dueto \"Firework\" - Kalot","isPartOf":{"@id":"https:\/\/kalot.com.mx\/site\/#website"},"primaryImageOfPage":{"@id":"https:\/\/kalot.com.mx\/site\/2013\/11\/24\/katy-perry-y-jodi-nina-de-11-anos-con-autismo-cantan-en-dueto-firework\/#primaryimage"},"image":{"@id":"https:\/\/kalot.com.mx\/site\/2013\/11\/24\/katy-perry-y-jodi-nina-de-11-anos-con-autismo-cantan-en-dueto-firework\/#primaryimage"},"thumbnailUrl":"https:\/\/i0.wp.com\/kalot.com.mx\/site\/wp-content\/uploads\/2013\/11\/20131124-081318-p.m..jpg?fit=600%2C400&ssl=1","datePublished":"2013-11-25T02:20:48+00:00","dateModified":"2014-02-04T04:16:34+00:00","description":"por Ceci Cuevas En un evento muy especial llamado Night of too Many Stars: America Comes Together for Autism Programs. (Noche de Demasiadas Estrellas:","breadcrumb":{"@id":"https:\/\/kalot.com.mx\/site\/2013\/11\/24\/katy-perry-y-jodi-nina-de-11-anos-con-autismo-cantan-en-dueto-firework\/#breadcrumb"},"inLanguage":"es","potentialAction":[{"@type":"ReadAction","target":["https:\/\/kalot.com.mx\/site\/2013\/11\/24\/katy-perry-y-jodi-nina-de-11-anos-con-autismo-cantan-en-dueto-firework\/"]}]},{"@type":"ImageObject","inLanguage":"es","@id":"https:\/\/kalot.com.mx\/site\/2013\/11\/24\/katy-perry-y-jodi-nina-de-11-anos-con-autismo-cantan-en-dueto-firework\/#primaryimage","url":"https:\/\/i0.wp.com\/kalot.com.mx\/site\/wp-content\/uploads\/2013\/11\/20131124-081318-p.m..jpg?fit=600%2C400&ssl=1","contentUrl":"https:\/\/i0.wp.com\/kalot.com.mx\/site\/wp-content\/uploads\/2013\/11\/20131124-081318-p.m..jpg?fit=600%2C400&ssl=1","width":600,"height":400},{"@type":"BreadcrumbList","@id":"https:\/\/kalot.com.mx\/site\/2013\/11\/24\/katy-perry-y-jodi-nina-de-11-anos-con-autismo-cantan-en-dueto-firework\/#breadcrumb","itemListElement":[{"@type":"ListItem","position":1,"name":"Home","item":"https:\/\/kalot.com.mx\/site\/"},{"@type":"ListItem","position":2,"name":"Katy Perry y Jodi (ni\u00f1a de 11 a\u00f1os con autismo) cantan en dueto &#8220;Firework&#8221;"}]},{"@type":"WebSite","@id":"https:\/\/kalot.com.mx\/site\/#website","url":"https:\/\/kalot.com.mx\/site\/","name":"Kalot","description":"Conoce Todo Sobre Todo","publisher":{"@id":"https:\/\/kalot.com.mx\/site\/#organization"},"potentialAction":[{"@type":"SearchAction","target":{"@type":"EntryPoint","urlTemplate":"https:\/\/kalot.com.mx\/site\/?s={search_term_string}"},"query-input":{"@type":"PropertyValueSpecification","valueRequired":true,"valueName":"search_term_string"}}],"inLanguage":"es"},{"@type":"Organization","@id":"https:\/\/kalot.com.mx\/site\/#organization","name":"Kalot","url":"https:\/\/kalot.com.mx\/site\/","logo":{"@type":"ImageObject","inLanguage":"es","@id":"https:\/\/kalot.com.mx\/site\/#\/schema\/logo\/image\/","url":"https:\/\/i0.wp.com\/kalot.com.mx\/site\/wp-content\/uploads\/2020\/04\/Kalot-logo-sin-tagline.png?fit=1707%2C1014&ssl=1","contentUrl":"https:\/\/i0.wp.com\/kalot.com.mx\/site\/wp-content\/uploads\/2020\/04\/Kalot-logo-sin-tagline.png?fit=1707%2C1014&ssl=1","width":1707,"height":1014,"caption":"Kalot"},"image":{"@id":"https:\/\/kalot.com.mx\/site\/#\/schema\/logo\/image\/"},"sameAs":["http:\/\/facebook.com\/mxkalot","https:\/\/x.com\/kalotmx","http:\/\/instagram.com\/kalotmx","http:\/\/pinterest.com\/jorgeerana\/kalot"]},{"@type":"Person","@id":"https:\/\/kalot.com.mx\/site\/#\/schema\/person\/5d7625a40d327534687b4ed7a14cc45f","name":"Ceci Cuevas","image":{"@type":"ImageObject","inLanguage":"es","@id":"https:\/\/secure.gravatar.com\/avatar\/eb67283f0955fdcbe348e756175633a09db0e985178f12294cc5a313011d7d77?s=96&d=mm&r=g","url":"https:\/\/secure.gravatar.com\/avatar\/eb67283f0955fdcbe348e756175633a09db0e985178f12294cc5a313011d7d77?s=96&d=mm&r=g","contentUrl":"https:\/\/secure.gravatar.com\/avatar\/eb67283f0955fdcbe348e756175633a09db0e985178f12294cc5a313011d7d77?s=96&d=mm&r=g","caption":"Ceci Cuevas"},"description":"Pasi\u00f3n por la vida, por los amigos. Amo la vida en Cancun! Desarrollo mi negocio por internet a trav\u00e9s de redes sociales. Pet lover. Activista ambiental. Lee mas de mi en www.CeciCuevas.com","sameAs":["http:\/\/www.cecicuevas.com","www.facebook.com\/ccnetworkmarketing","https:\/\/x.com\/cecicue"],"url":"https:\/\/kalot.com.mx\/site\/author\/ceci\/"}]}},"jetpack_publicize_connections":[],"jetpack_featured_media_url":"https:\/\/i0.wp.com\/kalot.com.mx\/site\/wp-content\/uploads\/2013\/11\/20131124-081318-p.m..jpg?fit=600%2C400&ssl=1","jetpack_shortlink":"https:\/\/wp.me\/p6IHEI-1PF","jetpack-related-posts":[{"id":7468,"url":"https:\/\/kalot.com.mx\/site\/2013\/12\/03\/teleton-y-su-sponsoring\/","url_meta":{"origin":7047,"position":0},"title":"Telet\u00f3n y su Sponsoring.","author":"Martha Navarro","date":"3 diciembre, 2013","format":false,"excerpt":"Que onda kalochos y kalochas, ya es martes y estamos a menos de un mes para que termine el a\u00f1o, y pues yo tray\u00e9ndoles m\u00e1s informaci\u00f3n para ustedes. Como es bien sabido desde hace 17 a\u00f1os (algunos eramos ni\u00f1os y otros no tanto), se decide crear una de las fundaciones\u2026","rel":"","context":"En &quot;Sin categor\u00eda&quot;","block_context":{"text":"Sin categor\u00eda","link":"https:\/\/kalot.com.mx\/site\/category\/sin-categoria\/"},"img":{"alt_text":"","src":"https:\/\/i0.wp.com\/kalot.com.mx\/site\/wp-content\/uploads\/2013\/12\/Logo-Teleton-2013.png?fit=876%2C1000&ssl=1&resize=350%2C200","width":350,"height":200,"srcset":"https:\/\/i0.wp.com\/kalot.com.mx\/site\/wp-content\/uploads\/2013\/12\/Logo-Teleton-2013.png?fit=876%2C1000&ssl=1&resize=350%2C200 1x, https:\/\/i0.wp.com\/kalot.com.mx\/site\/wp-content\/uploads\/2013\/12\/Logo-Teleton-2013.png?fit=876%2C1000&ssl=1&resize=525%2C300 1.5x, https:\/\/i0.wp.com\/kalot.com.mx\/site\/wp-content\/uploads\/2013\/12\/Logo-Teleton-2013.png?fit=876%2C1000&ssl=1&resize=700%2C400 2x"},"classes":[]},{"id":5724,"url":"https:\/\/kalot.com.mx\/site\/2013\/11\/06\/vintage-el-poder-de-lo-viejo\/","url_meta":{"origin":7047,"position":1},"title":"Vintage, el poder de lo viejo","author":"Adriana Baranda","date":"6 noviembre, 2013","format":false,"excerpt":"Vintage, escuchamos, cada vez m\u00e1s seguido, que lo vintage se est\u00e1 poniendo de moda, pero \u00bfqu\u00e9 es vintage? y \u00bfpor qu\u00e9 se est\u00e1 poniendo de moda? Vintage es un t\u00e9rmino que generalmente se aplica a la ropa, y gen\u00e9ricamente se refiere a prendas de segunda mano. Pero la idea no\u2026","rel":"","context":"Entrada similar ","block_context":{"text":"Entrada similar ","link":""},"img":{"alt_text":"","src":"https:\/\/i0.wp.com\/kalot.com.mx\/site\/wp-content\/uploads\/2013\/11\/20131105-223233.jpg?fit=531%2C615&ssl=1&resize=350%2C200","width":350,"height":200,"srcset":"https:\/\/i0.wp.com\/kalot.com.mx\/site\/wp-content\/uploads\/2013\/11\/20131105-223233.jpg?fit=531%2C615&ssl=1&resize=350%2C200 1x, https:\/\/i0.wp.com\/kalot.com.mx\/site\/wp-content\/uploads\/2013\/11\/20131105-223233.jpg?fit=531%2C615&ssl=1&resize=525%2C300 1.5x"},"classes":[]},{"id":5374,"url":"https:\/\/kalot.com.mx\/site\/2013\/10\/31\/el-maestro-del-terror-stephen-king-realiza-secuela-de-el-resplandor-doctorsleep-stephen-king\/","url_meta":{"origin":7047,"position":2},"title":"El maestro del terror Stephen King realiza secuela de &#8220;El Resplandor&#8221;   #DoctorSleep #Stephen #King","author":"Am\u00e9rica Vel\u00e1zquez","date":"31 octubre, 2013","format":false,"excerpt":"As\u00ed es, Stephen King, considerado el m\u00e1ximo exponente del terror, ha realizado la segunda parte de una de sus m\u00e1s famosas novelas, \u201cEl Resplandor\u201d, secuela anunciada desde 2009. Han pasado cuatro a\u00f1os desde que el rey del miedo Stephen King anunci\u00f3 que realizar\u00eda la secuela de \u201cEl Resplandor\u201d, tiempo que\u2026","rel":"","context":"Entrada similar ","block_context":{"text":"Entrada similar ","link":""},"img":{"alt_text":"","src":"https:\/\/i0.wp.com\/kalot.com.mx\/site\/wp-content\/uploads\/2013\/10\/Doctor_Sleep-KALOT.jpg?fit=610%2C484&ssl=1&resize=350%2C200","width":350,"height":200,"srcset":"https:\/\/i0.wp.com\/kalot.com.mx\/site\/wp-content\/uploads\/2013\/10\/Doctor_Sleep-KALOT.jpg?fit=610%2C484&ssl=1&resize=350%2C200 1x, https:\/\/i0.wp.com\/kalot.com.mx\/site\/wp-content\/uploads\/2013\/10\/Doctor_Sleep-KALOT.jpg?fit=610%2C484&ssl=1&resize=525%2C300 1.5x"},"classes":[]},{"id":3310,"url":"https:\/\/kalot.com.mx\/site\/2013\/10\/14\/el-tercer-piso-y-llegue-los-30s\/","url_meta":{"origin":7047,"position":3},"title":"El tercer piso \u00a1Y llegue a los 30s!","author":"Adriana Baranda","date":"14 octubre, 2013","format":false,"excerpt":"Desde que era ni\u00f1a el d\u00eda de mi cumplea\u00f1os me ha causado gran expectativa. Recuerdo hacer el conteo regresivo un par de d\u00edas antes y esperar con ansia el gran d\u00eda, cre\u00eda que ese d\u00eda me iba a sentir especial, diferente tambi\u00e9n por ser un a\u00f1o mas grande. Pero nada,\u2026","rel":"","context":"Entrada similar ","block_context":{"text":"Entrada similar ","link":""},"img":{"alt_text":"","src":"https:\/\/i0.wp.com\/kalot.com.mx\/site\/wp-content\/uploads\/2013\/10\/lon-028.jpg?fit=1200%2C900&ssl=1&resize=350%2C200","width":350,"height":200,"srcset":"https:\/\/i0.wp.com\/kalot.com.mx\/site\/wp-content\/uploads\/2013\/10\/lon-028.jpg?fit=1200%2C900&ssl=1&resize=350%2C200 1x, https:\/\/i0.wp.com\/kalot.com.mx\/site\/wp-content\/uploads\/2013\/10\/lon-028.jpg?fit=1200%2C900&ssl=1&resize=525%2C300 1.5x, https:\/\/i0.wp.com\/kalot.com.mx\/site\/wp-content\/uploads\/2013\/10\/lon-028.jpg?fit=1200%2C900&ssl=1&resize=700%2C400 2x, https:\/\/i0.wp.com\/kalot.com.mx\/site\/wp-content\/uploads\/2013\/10\/lon-028.jpg?fit=1200%2C900&ssl=1&resize=1050%2C600 3x"},"classes":[]},{"id":7205,"url":"https:\/\/kalot.com.mx\/site\/2013\/11\/26\/cosas-de-la-vida\/","url_meta":{"origin":7047,"position":4},"title":"Cosas de la vida.","author":"Mar\u00eda Alvarado","date":"26 noviembre, 2013","format":false,"excerpt":"\u00a1Hola mundo! Mi nombre es Elisa, nueva en el mundo de la escritura pero vieja amiga de las letras. En este primer post voy a presentarme. Tengo 19 a\u00f1os y muchos ya me han dicho que ya soy grande, pero de hecho hace poco conoc\u00ed a un se\u00f1or que me\u2026","rel":"","context":"Con 1 comentario","block_context":{"text":"Con 1 comentario","link":"https:\/\/kalot.com.mx\/site\/2013\/11\/26\/cosas-de-la-vida\/#comments"},"img":{"alt_text":"","src":"https:\/\/i0.wp.com\/kalot.com.mx\/site\/wp-content\/uploads\/2013\/11\/buscas-la-felicidad.jpg?fit=884%2C540&ssl=1&resize=350%2C200","width":350,"height":200,"srcset":"https:\/\/i0.wp.com\/kalot.com.mx\/site\/wp-content\/uploads\/2013\/11\/buscas-la-felicidad.jpg?fit=884%2C540&ssl=1&resize=350%2C200 1x, https:\/\/i0.wp.com\/kalot.com.mx\/site\/wp-content\/uploads\/2013\/11\/buscas-la-felicidad.jpg?fit=884%2C540&ssl=1&resize=525%2C300 1.5x, https:\/\/i0.wp.com\/kalot.com.mx\/site\/wp-content\/uploads\/2013\/11\/buscas-la-felicidad.jpg?fit=884%2C540&ssl=1&resize=700%2C400 2x"},"classes":[]},{"id":6010,"url":"https:\/\/kalot.com.mx\/site\/2013\/11\/07\/cocina-para-huevonas-en-dos-patadas\/","url_meta":{"origin":7047,"position":5},"title":"Cocina para huevonas: en dos patadas.","author":"Alba Gonz\u00e1lez","date":"7 noviembre, 2013","format":false,"excerpt":"Despu\u00e9s de muchos a\u00f1os viviendo con tus pap\u00e1s decides que ha llegado el momento de mudarte, irte a vivir sola; no sabes ni te gusta cocinar, es m\u00e1s, casi lo odias, y es que, no puedes creer que preparar una simple y triste pasta te lleve m\u00e1s de media hora\u2026","rel":"","context":"En &quot;Sin categor\u00eda&quot;","block_context":{"text":"Sin categor\u00eda","link":"https:\/\/kalot.com.mx\/site\/category\/sin-categoria\/"},"img":{"alt_text":"","src":"https:\/\/i0.wp.com\/kalot.com.mx\/site\/wp-content\/uploads\/2013\/11\/lazy-food-4.jpg?fit=480%2C524&ssl=1&resize=350%2C200","width":350,"height":200},"classes":[]}],"jetpack_sharing_enabled":true,"_links":{"self":[{"href":"https:\/\/kalot.com.mx\/site\/wp-json\/wp\/v2\/posts\/7047","targetHints":{"allow":["GET"]}}],"collection":[{"href":"https:\/\/kalot.com.mx\/site\/wp-json\/wp\/v2\/posts"}],"about":[{"href":"https:\/\/kalot.com.mx\/site\/wp-json\/wp\/v2\/types\/post"}],"author":[{"embeddable":true,"href":"https:\/\/kalot.com.mx\/site\/wp-json\/wp\/v2\/users\/42"}],"replies":[{"embeddable":true,"href":"https:\/\/kalot.com.mx\/site\/wp-json\/wp\/v2\/comments?post=7047"}],"version-history":[{"count":0,"href":"https:\/\/kalot.com.mx\/site\/wp-json\/wp\/v2\/posts\/7047\/revisions"}],"wp:featuredmedia":[{"embeddable":true,"href":"https:\/\/kalot.com.mx\/site\/wp-json\/wp\/v2\/media\/7045"}],"wp:attachment":[{"href":"https:\/\/kalot.com.mx\/site\/wp-json\/wp\/v2\/media?parent=7047"}],"wp:term":[{"taxonomy":"category","embeddable":true,"href":"https:\/\/kalot.com.mx\/site\/wp-json\/wp\/v2\/categories?post=7047"},{"taxonomy":"post_tag","embeddable":true,"href":"https:\/\/kalot.com.mx\/site\/wp-json\/wp\/v2\/tags?post=7047"}],"curies":[{"name":"wp","href":"https:\/\/api.w.org\/{rel}","templated":true}]}}