{"id":6868,"date":"2013-11-21T14:08:06","date_gmt":"2013-11-21T20:08:06","guid":{"rendered":"http:\/\/www.kalot.com.mx\/?p=6868"},"modified":"2013-11-21T14:24:56","modified_gmt":"2013-11-21T20:24:56","slug":"80s_y_90s","status":"publish","type":"post","link":"https:\/\/kalot.com.mx\/site\/2013\/11\/21\/80s_y_90s\/","title":{"rendered":"\u00a1Que vivan los 80&#8242; y los 90&#8217;s!"},"content":{"rendered":"<p>Que onda Kalochos y Kalochas pues hoy es d\u00eda de #ThrowbackThursday en Kalot, pues yo recordando las series de mi infancia y adolescencia hubo 2 que hicieron mi infancia y adolescencia una de las mejores: \u201cAlf el extraterrestre\u201d y \u201cSabrina: La bruja adolescente\u201d.<\/p>\n<p><strong>Alf el extraterrestre<\/strong><\/p>\n<p>Esta serie contaba la historia de la familia Tanner que encuentra a un extraterrestre que se estrella en la cochera de estos, sin saber que hacer deciden esconderlo hasta que pueda reparar su nave; le apodan A.L.F. (Alien Life Form), Forma de vida extraterrestre, cuando su nombre era Gordon Shumway, ven\u00eda del planeta Melmac, tiene 9 est\u00f3magos y su comida favorita son los gatos. Su frase que lo caracteriza \u201cNo hay problema\u201d.<\/p>\n<p>Me toc\u00f3 ver la retransmisi\u00f3n de esta serie que sin lugar a dudas en mi opini\u00f3n cada cosa que este extraterrestre se le ocurr\u00eda era ingeniosa y a la vez muy graciosa.<\/p>\n<p><span class=\"embed-youtube\" style=\"text-align:center; display: block;\"><iframe class=\"youtube-player\" width=\"1200\" height=\"675\" src=\"https:\/\/www.youtube.com\/embed\/QyGX38rkHQw?version=3&rel=1&showsearch=0&showinfo=1&iv_load_policy=1&fs=1&hl=es-MX&autohide=2&wmode=transparent\" allowfullscreen=\"true\" style=\"border:0;\" sandbox=\"allow-scripts allow-same-origin allow-popups allow-presentation allow-popups-to-escape-sandbox\"><\/iframe><\/span><\/p>\n<p><strong style=\"line-height: 1.5em\">Sabrina La bruja adolescente<\/strong><\/p>\n<p>Esta serie se basa en la vida de una adolescente de 16 a\u00f1os que vive con sus t\u00edas, vive su vida normal como cualquier adolescente de su edad, hasta que sus t\u00edas le revelan que son brujas y ella es mitad bruja, mitad mortal y que su gato Salem es un hombre que fue convertido en gato y que el armario donde guardan las toallas es el portal al otro reino (mundo de las brujas).<\/p>\n<p>Lo que siempre me encantaba de cada cap\u00edtulo es que siempre ven\u00eda con alguna moraleja o aprendizaje, adem\u00e1s de buen humor.<\/p>\n<p><span class=\"embed-youtube\" style=\"text-align:center; display: block;\"><iframe class=\"youtube-player\" width=\"1200\" height=\"675\" src=\"https:\/\/www.youtube.com\/embed\/YvRHdAtk0O0?version=3&rel=1&showsearch=0&showinfo=1&iv_load_policy=1&fs=1&hl=es-MX&autohide=2&wmode=transparent\" allowfullscreen=\"true\" style=\"border:0;\" sandbox=\"allow-scripts allow-same-origin allow-popups allow-presentation allow-popups-to-escape-sandbox\"><\/iframe><\/span><\/p>\n<p>Espero y les de la curiosidad de ver estas series si no las llegaron a ver, y si las vieron recuerden lo maravilloso que es ser de las generaciones ochenteras y noventeras, nos leemos en la siguiente.<\/p>\n<p>\u00a1Que vivan los 80\u2019s y 90\u2019s!<\/p>\n","protected":false},"excerpt":{"rendered":"Que onda Kalochos y Kalochas pues hoy es d\u00eda de #ThrowbackThursday en Kalot, pues yo recordando las series&hellip;\n","protected":false},"author":54,"featured_media":6899,"comment_status":"open","ping_status":"open","sticky":false,"template":"","format":"standard","meta":{"jetpack_post_was_ever_published":false,"_jetpack_newsletter_access":"","_jetpack_dont_email_post_to_subs":false,"_jetpack_newsletter_tier_id":0,"_jetpack_memberships_contains_paywalled_content":false,"_jetpack_memberships_contains_paid_content":false,"footnotes":"","jetpack_publicize_message":"","jetpack_publicize_feature_enabled":true,"jetpack_social_post_already_shared":true,"jetpack_social_options":{"image_generator_settings":{"template":"highway","default_image_id":0,"font":"","enabled":false},"version":2}},"categories":[],"tags":[],"class_list":{"0":"post-6868","1":"post","2":"type-post","3":"status-publish","4":"format-standard","5":"has-post-thumbnail","7":"cs-entry","8":"cs-video-wrap"},"yoast_head":"<!-- This site is optimized with the Yoast SEO plugin v27.5 - https:\/\/yoast.com\/product\/yoast-seo-wordpress\/ -->\n<title>\u00a1Que vivan los 80&#039; y los 90&#039;s! - Kalot<\/title>\n<meta name=\"description\" content=\"Que onda Kalochos y Kalochas pues hoy es d\u00eda de #ThrowbackThursday en Kalot, pues yo recordando las series de mi infancia y adolescencia hubo 2 que\" \/>\n<meta name=\"robots\" content=\"index, follow, max-snippet:-1, max-image-preview:large, max-video-preview:-1\" \/>\n<link rel=\"canonical\" href=\"https:\/\/kalot.com.mx\/site\/2013\/11\/21\/80s_y_90s\/\" \/>\n<meta property=\"og:locale\" content=\"es_MX\" \/>\n<meta property=\"og:type\" content=\"article\" \/>\n<meta property=\"og:title\" content=\"\u00a1Que vivan los 80&#039; y los 90&#039;s! - Kalot\" \/>\n<meta property=\"og:description\" content=\"Que onda Kalochos y Kalochas pues hoy es d\u00eda de #ThrowbackThursday en Kalot, pues yo recordando las series de mi infancia y adolescencia hubo 2 que\" \/>\n<meta property=\"og:url\" content=\"https:\/\/kalot.com.mx\/site\/2013\/11\/21\/80s_y_90s\/\" \/>\n<meta property=\"og:site_name\" content=\"Kalot\" \/>\n<meta property=\"article:publisher\" content=\"http:\/\/facebook.com\/mxkalot\" \/>\n<meta property=\"article:published_time\" content=\"2013-11-21T20:08:06+00:00\" \/>\n<meta property=\"article:modified_time\" content=\"2013-11-21T20:24:56+00:00\" \/>\n<meta property=\"og:image\" content=\"https:\/\/i2.wp.com\/kalot.com.mx\/site\/wp-content\/uploads\/2013\/11\/10-06-2011_01-54-30_welove90s.jpg?fit=565%2C565&ssl=1\" \/>\n\t<meta property=\"og:image:width\" content=\"565\" \/>\n\t<meta property=\"og:image:height\" content=\"565\" \/>\n\t<meta property=\"og:image:type\" content=\"image\/jpeg\" \/>\n<meta name=\"author\" content=\"Martha Navarro\" \/>\n<meta name=\"twitter:card\" content=\"summary_large_image\" \/>\n<meta name=\"twitter:creator\" content=\"@tita_navarro\" \/>\n<meta name=\"twitter:site\" content=\"@kalotmx\" \/>\n<meta name=\"twitter:label1\" content=\"Escrito por\" \/>\n\t<meta name=\"twitter:data1\" content=\"Martha Navarro\" \/>\n\t<meta name=\"twitter:label2\" content=\"Tiempo de lectura\" \/>\n\t<meta name=\"twitter:data2\" content=\"2 minutos\" \/>\n<!-- \/ Yoast SEO plugin. -->","yoast_head_json":{"title":"\u00a1Que vivan los 80' y los 90's! - Kalot","description":"Que onda Kalochos y Kalochas pues hoy es d\u00eda de #ThrowbackThursday en Kalot, pues yo recordando las series de mi infancia y adolescencia hubo 2 que","robots":{"index":"index","follow":"follow","max-snippet":"max-snippet:-1","max-image-preview":"max-image-preview:large","max-video-preview":"max-video-preview:-1"},"canonical":"https:\/\/kalot.com.mx\/site\/2013\/11\/21\/80s_y_90s\/","og_locale":"es_MX","og_type":"article","og_title":"\u00a1Que vivan los 80' y los 90's! - Kalot","og_description":"Que onda Kalochos y Kalochas pues hoy es d\u00eda de #ThrowbackThursday en Kalot, pues yo recordando las series de mi infancia y adolescencia hubo 2 que","og_url":"https:\/\/kalot.com.mx\/site\/2013\/11\/21\/80s_y_90s\/","og_site_name":"Kalot","article_publisher":"http:\/\/facebook.com\/mxkalot","article_published_time":"2013-11-21T20:08:06+00:00","article_modified_time":"2013-11-21T20:24:56+00:00","og_image":[{"width":565,"height":565,"url":"https:\/\/i2.wp.com\/kalot.com.mx\/site\/wp-content\/uploads\/2013\/11\/10-06-2011_01-54-30_welove90s.jpg?fit=565%2C565&ssl=1","type":"image\/jpeg"}],"author":"Martha Navarro","twitter_card":"summary_large_image","twitter_creator":"@tita_navarro","twitter_site":"@kalotmx","twitter_misc":{"Escrito por":"Martha Navarro","Tiempo de lectura":"2 minutos"},"schema":{"@context":"https:\/\/schema.org","@graph":[{"@type":"Article","@id":"https:\/\/kalot.com.mx\/site\/2013\/11\/21\/80s_y_90s\/#article","isPartOf":{"@id":"https:\/\/kalot.com.mx\/site\/2013\/11\/21\/80s_y_90s\/"},"author":{"name":"Martha Navarro","@id":"https:\/\/kalot.com.mx\/site\/#\/schema\/person\/4df774c66ba4530b94509db8a39c23d9"},"headline":"\u00a1Que vivan los 80&#8242; y los 90&#8217;s!","datePublished":"2013-11-21T20:08:06+00:00","dateModified":"2013-11-21T20:24:56+00:00","mainEntityOfPage":{"@id":"https:\/\/kalot.com.mx\/site\/2013\/11\/21\/80s_y_90s\/"},"wordCount":326,"commentCount":0,"publisher":{"@id":"https:\/\/kalot.com.mx\/site\/#organization"},"image":{"@id":"https:\/\/kalot.com.mx\/site\/2013\/11\/21\/80s_y_90s\/#primaryimage"},"thumbnailUrl":"https:\/\/i0.wp.com\/kalot.com.mx\/site\/wp-content\/uploads\/2013\/11\/10-06-2011_01-54-30_welove90s.jpg?fit=565%2C565&ssl=1","inLanguage":"es","potentialAction":[{"@type":"CommentAction","name":"Comment","target":["https:\/\/kalot.com.mx\/site\/2013\/11\/21\/80s_y_90s\/#respond"]}]},{"@type":"WebPage","@id":"https:\/\/kalot.com.mx\/site\/2013\/11\/21\/80s_y_90s\/","url":"https:\/\/kalot.com.mx\/site\/2013\/11\/21\/80s_y_90s\/","name":"\u00a1Que vivan los 80' y los 90's! - Kalot","isPartOf":{"@id":"https:\/\/kalot.com.mx\/site\/#website"},"primaryImageOfPage":{"@id":"https:\/\/kalot.com.mx\/site\/2013\/11\/21\/80s_y_90s\/#primaryimage"},"image":{"@id":"https:\/\/kalot.com.mx\/site\/2013\/11\/21\/80s_y_90s\/#primaryimage"},"thumbnailUrl":"https:\/\/i0.wp.com\/kalot.com.mx\/site\/wp-content\/uploads\/2013\/11\/10-06-2011_01-54-30_welove90s.jpg?fit=565%2C565&ssl=1","datePublished":"2013-11-21T20:08:06+00:00","dateModified":"2013-11-21T20:24:56+00:00","description":"Que onda Kalochos y Kalochas pues hoy es d\u00eda de #ThrowbackThursday en Kalot, pues yo recordando las series de mi infancia y adolescencia hubo 2 que","breadcrumb":{"@id":"https:\/\/kalot.com.mx\/site\/2013\/11\/21\/80s_y_90s\/#breadcrumb"},"inLanguage":"es","potentialAction":[{"@type":"ReadAction","target":["https:\/\/kalot.com.mx\/site\/2013\/11\/21\/80s_y_90s\/"]}]},{"@type":"ImageObject","inLanguage":"es","@id":"https:\/\/kalot.com.mx\/site\/2013\/11\/21\/80s_y_90s\/#primaryimage","url":"https:\/\/i0.wp.com\/kalot.com.mx\/site\/wp-content\/uploads\/2013\/11\/10-06-2011_01-54-30_welove90s.jpg?fit=565%2C565&ssl=1","contentUrl":"https:\/\/i0.wp.com\/kalot.com.mx\/site\/wp-content\/uploads\/2013\/11\/10-06-2011_01-54-30_welove90s.jpg?fit=565%2C565&ssl=1","width":565,"height":565},{"@type":"BreadcrumbList","@id":"https:\/\/kalot.com.mx\/site\/2013\/11\/21\/80s_y_90s\/#breadcrumb","itemListElement":[{"@type":"ListItem","position":1,"name":"Home","item":"https:\/\/kalot.com.mx\/site\/"},{"@type":"ListItem","position":2,"name":"\u00a1Que vivan los 80&#8242; y los 90&#8217;s!"}]},{"@type":"WebSite","@id":"https:\/\/kalot.com.mx\/site\/#website","url":"https:\/\/kalot.com.mx\/site\/","name":"Kalot","description":"Conoce Todo Sobre Todo","publisher":{"@id":"https:\/\/kalot.com.mx\/site\/#organization"},"potentialAction":[{"@type":"SearchAction","target":{"@type":"EntryPoint","urlTemplate":"https:\/\/kalot.com.mx\/site\/?s={search_term_string}"},"query-input":{"@type":"PropertyValueSpecification","valueRequired":true,"valueName":"search_term_string"}}],"inLanguage":"es"},{"@type":"Organization","@id":"https:\/\/kalot.com.mx\/site\/#organization","name":"Kalot","url":"https:\/\/kalot.com.mx\/site\/","logo":{"@type":"ImageObject","inLanguage":"es","@id":"https:\/\/kalot.com.mx\/site\/#\/schema\/logo\/image\/","url":"https:\/\/i0.wp.com\/kalot.com.mx\/site\/wp-content\/uploads\/2020\/04\/Kalot-logo-sin-tagline.png?fit=1707%2C1014&ssl=1","contentUrl":"https:\/\/i0.wp.com\/kalot.com.mx\/site\/wp-content\/uploads\/2020\/04\/Kalot-logo-sin-tagline.png?fit=1707%2C1014&ssl=1","width":1707,"height":1014,"caption":"Kalot"},"image":{"@id":"https:\/\/kalot.com.mx\/site\/#\/schema\/logo\/image\/"},"sameAs":["http:\/\/facebook.com\/mxkalot","https:\/\/x.com\/kalotmx","http:\/\/instagram.com\/kalotmx","http:\/\/pinterest.com\/jorgeerana\/kalot"]},{"@type":"Person","@id":"https:\/\/kalot.com.mx\/site\/#\/schema\/person\/4df774c66ba4530b94509db8a39c23d9","name":"Martha Navarro","image":{"@type":"ImageObject","inLanguage":"es","@id":"https:\/\/secure.gravatar.com\/avatar\/e3cb9711ca94ce6bc11debadc158f1d9275053fe378ae7408c8ea18ddad6a921?s=96&d=mm&r=g","url":"https:\/\/secure.gravatar.com\/avatar\/e3cb9711ca94ce6bc11debadc158f1d9275053fe378ae7408c8ea18ddad6a921?s=96&d=mm&r=g","contentUrl":"https:\/\/secure.gravatar.com\/avatar\/e3cb9711ca94ce6bc11debadc158f1d9275053fe378ae7408c8ea18ddad6a921?s=96&d=mm&r=g","caption":"Martha Navarro"},"description":"Ll\u00e1mame Tita. Orgullosamente de Jalisco, mujer libre, valiente y confiada. Todologa por afici\u00f3n, Mercad\u00f3loga de profesi\u00f3n y Humanista por convicci\u00f3n. Miembro de #MarketerosNocturnos y #MarketerasTequileras. \"En esta vida somos maestros y alumnos a la vez, a veces nos toca ense\u00f1ar y todo el tiempo nos toca aprender\" Amante de los libros, la m\u00fasica, Dios y mi pasi\u00f3n la Mercadotecnia.","sameAs":["https:\/\/x.com\/tita_navarro"],"url":"https:\/\/kalot.com.mx\/site\/author\/tita\/"}]}},"jetpack_publicize_connections":[],"jetpack_featured_media_url":"https:\/\/i0.wp.com\/kalot.com.mx\/site\/wp-content\/uploads\/2013\/11\/10-06-2011_01-54-30_welove90s.jpg?fit=565%2C565&ssl=1","jetpack_shortlink":"https:\/\/wp.me\/p6IHEI-1MM","jetpack-related-posts":[{"id":2510,"url":"https:\/\/kalot.com.mx\/site\/2013\/09\/27\/historychannel-y-su-apuesta-por-la-vida-extraterrestre\/","url_meta":{"origin":6868,"position":0},"title":"#HistoryChannel y su apuesta por la vida extraterrestre\u2026","author":"Misael Gallegos","date":"27 septiembre, 2013","format":false,"excerpt":"\u00bfCree en la vida extraterrestre? Yo soy de la generaci\u00f3n que vio de ni\u00f1o a Jaime Maussan en diferentes programas de televisi\u00f3n donde todos dudaban de \u00e9l, Adal Ramones se burlaba del trabajo del investigador mexicano y todos eran esc\u00e9pticos a\u00a0 la probabilidad de que existiera vida inteligente fuera de\u2026","rel":"","context":"Entrada similar ","block_context":{"text":"Entrada similar ","link":""},"img":{"alt_text":"","src":"https:\/\/i0.wp.com\/kalot.com.mx\/site\/wp-content\/uploads\/2013\/09\/afu-stargate-1.jpg?fit=500%2C375&ssl=1&resize=350%2C200","width":350,"height":200},"classes":[]},{"id":20249,"url":"https:\/\/kalot.com.mx\/site\/2015\/01\/29\/liam-hemsworth-cerca-de-independence-day-2\/","url_meta":{"origin":6868,"position":1},"title":"Liam Hemsworth cerca de Independence Day 2","author":"Ivan Mendez","date":"29 enero, 2015","format":false,"excerpt":"Liam Hemsworth, mejor conocido como baby Thor o Gale de los Juegos del Hambre, parece estar cerca de ser el sustituto de Will Smith en la muy atrasada secuela (casi 20 a\u00f1os) de Independence Day. Despu\u00e9s de que el propio Will no se pronunciara al respecto, por lo que se\u2026","rel":"","context":"Entrada similar ","block_context":{"text":"Entrada similar ","link":""},"img":{"alt_text":"","src":"https:\/\/i0.wp.com\/kalot.com.mx\/site\/wp-content\/uploads\/2015\/01\/1464665_740537819376163_3020231152769518127_n.jpg?fit=960%2C639&ssl=1&resize=350%2C200","width":350,"height":200,"srcset":"https:\/\/i0.wp.com\/kalot.com.mx\/site\/wp-content\/uploads\/2015\/01\/1464665_740537819376163_3020231152769518127_n.jpg?fit=960%2C639&ssl=1&resize=350%2C200 1x, https:\/\/i0.wp.com\/kalot.com.mx\/site\/wp-content\/uploads\/2015\/01\/1464665_740537819376163_3020231152769518127_n.jpg?fit=960%2C639&ssl=1&resize=525%2C300 1.5x, https:\/\/i0.wp.com\/kalot.com.mx\/site\/wp-content\/uploads\/2015\/01\/1464665_740537819376163_3020231152769518127_n.jpg?fit=960%2C639&ssl=1&resize=700%2C400 2x"},"classes":[]},{"id":8275,"url":"https:\/\/kalot.com.mx\/site\/2013\/12\/22\/galaxy-11-save-world\/","url_meta":{"origin":6868,"position":2},"title":"Galaxy 11, Futbol save the world","author":"Pepe M\u00e9ndez","date":"22 diciembre, 2013","format":false,"excerpt":"Hace unos d\u00edas sali\u00f3 a la luz una campa\u00f1a realizada por Samsung que dejo a muchas personas con la boca abierta y con las ansias de ver m\u00e1s de esta\u00a0 tan \u00e9pica acci\u00f3n promocionando sus productos Galaxy. La historia comienza cuando un d\u00eda com\u00fan y corriente, seres de otro planeta\u2026","rel":"","context":"Con 1 comentario","block_context":{"text":"Con 1 comentario","link":"https:\/\/kalot.com.mx\/site\/2013\/12\/22\/galaxy-11-save-world\/#comments"},"img":{"alt_text":"","src":"https:\/\/i0.wp.com\/kalot.com.mx\/site\/wp-content\/uploads\/2013\/12\/995310436.jpg?fit=630%2C446&ssl=1&resize=350%2C200","width":350,"height":200,"srcset":"https:\/\/i0.wp.com\/kalot.com.mx\/site\/wp-content\/uploads\/2013\/12\/995310436.jpg?fit=630%2C446&ssl=1&resize=350%2C200 1x, https:\/\/i0.wp.com\/kalot.com.mx\/site\/wp-content\/uploads\/2013\/12\/995310436.jpg?fit=630%2C446&ssl=1&resize=525%2C300 1.5x"},"classes":[]},{"id":4414,"url":"https:\/\/kalot.com.mx\/site\/2013\/10\/19\/top-5-drama-en-el-espacionew\/","url_meta":{"origin":6868,"position":3},"title":"Top 5: Drama en el espacio","author":"Omar Herrera","date":"19 octubre, 2013","format":false,"excerpt":"Con el lanzamiento de Gravity (2013) e Interstellar (2014) en a\u00f1os recientes, tal parece que se han vuelto a popularizar aquellas odiseas con trasfondo espacial por lo que\u00a0decidimos realizar un Top 5\u00a0de pel\u00edculas que tienen como escenario el espacio y que son tan inquietantes y terror\u00edficas que te har\u00e1n saltar\u2026","rel":"","context":"En &quot;Sin categor\u00eda&quot;","block_context":{"text":"Sin categor\u00eda","link":"https:\/\/kalot.com.mx\/site\/category\/sin-categoria\/"},"img":{"alt_text":"","src":"https:\/\/i0.wp.com\/kalot.com.mx\/site\/wp-content\/uploads\/2013\/10\/gravity_2013_sandra_bullock.jpg?fit=1200%2C676&ssl=1&resize=350%2C200","width":350,"height":200,"srcset":"https:\/\/i0.wp.com\/kalot.com.mx\/site\/wp-content\/uploads\/2013\/10\/gravity_2013_sandra_bullock.jpg?fit=1200%2C676&ssl=1&resize=350%2C200 1x, https:\/\/i0.wp.com\/kalot.com.mx\/site\/wp-content\/uploads\/2013\/10\/gravity_2013_sandra_bullock.jpg?fit=1200%2C676&ssl=1&resize=525%2C300 1.5x, https:\/\/i0.wp.com\/kalot.com.mx\/site\/wp-content\/uploads\/2013\/10\/gravity_2013_sandra_bullock.jpg?fit=1200%2C676&ssl=1&resize=700%2C400 2x, https:\/\/i0.wp.com\/kalot.com.mx\/site\/wp-content\/uploads\/2013\/10\/gravity_2013_sandra_bullock.jpg?fit=1200%2C676&ssl=1&resize=1050%2C600 3x"},"classes":[]},{"id":24635,"url":"https:\/\/kalot.com.mx\/site\/2015\/12\/26\/dinosaurios-la-mejor-serie-que-he-visto\/","url_meta":{"origin":6868,"position":4},"title":"\u201cDINOSAURIOS\u201d \u00a1La Mejor Serie Que he visto!","author":"Brenda Scissorhands","date":"26 diciembre, 2015","format":false,"excerpt":"\u00a0 \u00a0 \u00a0 \u00a0 \u00a0 \u00a0 Creo y espero que sea como creo, mucha gente sabr\u00eda de qui\u00e9n hablo al mencionar al nene consentido o esa serie llamada \u201cDinosaurios\u201d, famosa en su periodo de transmisi\u00f3n, y hasta la fecha muchos la recuerdan. \u00a1Y c\u00f3mo olvidar a semejante personaje! \u00a0 \u00a0\u2026","rel":"","context":"En &quot;Random Stuff&quot;","block_context":{"text":"Random Stuff","link":"https:\/\/kalot.com.mx\/site\/category\/random-stuff\/"},"img":{"alt_text":"","src":"https:\/\/i0.wp.com\/kalot.com.mx\/site\/wp-content\/uploads\/2015\/12\/rs_600x450-150612124825-071035ad71197e495d16065c68643629.jpg?fit=600%2C456&ssl=1&resize=350%2C200","width":350,"height":200,"srcset":"https:\/\/i0.wp.com\/kalot.com.mx\/site\/wp-content\/uploads\/2015\/12\/rs_600x450-150612124825-071035ad71197e495d16065c68643629.jpg?fit=600%2C456&ssl=1&resize=350%2C200 1x, https:\/\/i0.wp.com\/kalot.com.mx\/site\/wp-content\/uploads\/2015\/12\/rs_600x450-150612124825-071035ad71197e495d16065c68643629.jpg?fit=600%2C456&ssl=1&resize=525%2C300 1.5x"},"classes":[]},{"id":14523,"url":"https:\/\/kalot.com.mx\/site\/2014\/04\/06\/el-exorcista-una-pelicula-legendaria-y-digna-de-ver-elmanuelgamez\/","url_meta":{"origin":6868,"position":5},"title":"El Exorcista Una Pel\u00edcula Legendaria y Digna de Ver \u2013 (@ElManuelGamez)","author":"Manuel Gamez","date":"6 abril, 2014","format":false,"excerpt":"El Exorcista es una pel\u00edcula de terror, de esas que pueden ser tan perturbadoras al punto de llenar de miedo incluso al espectador m\u00e1s adicto a las pel\u00edculas de horror, algo que muchas pel\u00edculas actuales les gustar\u00eda tener, y a nosotros como cin\u00e9filos tambi\u00e9n, pero los tiempos cambian, algunas cosas\u2026","rel":"","context":"En &quot;Sin categor\u00eda&quot;","block_context":{"text":"Sin categor\u00eda","link":"https:\/\/kalot.com.mx\/site\/category\/sin-categoria\/"},"img":{"alt_text":"","src":"https:\/\/i0.wp.com\/kalot.com.mx\/site\/wp-content\/uploads\/2014\/04\/PORTADAE.jpg?fit=1200%2C750&ssl=1&resize=350%2C200","width":350,"height":200,"srcset":"https:\/\/i0.wp.com\/kalot.com.mx\/site\/wp-content\/uploads\/2014\/04\/PORTADAE.jpg?fit=1200%2C750&ssl=1&resize=350%2C200 1x, https:\/\/i0.wp.com\/kalot.com.mx\/site\/wp-content\/uploads\/2014\/04\/PORTADAE.jpg?fit=1200%2C750&ssl=1&resize=525%2C300 1.5x, https:\/\/i0.wp.com\/kalot.com.mx\/site\/wp-content\/uploads\/2014\/04\/PORTADAE.jpg?fit=1200%2C750&ssl=1&resize=700%2C400 2x, https:\/\/i0.wp.com\/kalot.com.mx\/site\/wp-content\/uploads\/2014\/04\/PORTADAE.jpg?fit=1200%2C750&ssl=1&resize=1050%2C600 3x"},"classes":[]}],"jetpack_sharing_enabled":true,"_links":{"self":[{"href":"https:\/\/kalot.com.mx\/site\/wp-json\/wp\/v2\/posts\/6868","targetHints":{"allow":["GET"]}}],"collection":[{"href":"https:\/\/kalot.com.mx\/site\/wp-json\/wp\/v2\/posts"}],"about":[{"href":"https:\/\/kalot.com.mx\/site\/wp-json\/wp\/v2\/types\/post"}],"author":[{"embeddable":true,"href":"https:\/\/kalot.com.mx\/site\/wp-json\/wp\/v2\/users\/54"}],"replies":[{"embeddable":true,"href":"https:\/\/kalot.com.mx\/site\/wp-json\/wp\/v2\/comments?post=6868"}],"version-history":[{"count":0,"href":"https:\/\/kalot.com.mx\/site\/wp-json\/wp\/v2\/posts\/6868\/revisions"}],"wp:featuredmedia":[{"embeddable":true,"href":"https:\/\/kalot.com.mx\/site\/wp-json\/wp\/v2\/media\/6899"}],"wp:attachment":[{"href":"https:\/\/kalot.com.mx\/site\/wp-json\/wp\/v2\/media?parent=6868"}],"wp:term":[{"taxonomy":"category","embeddable":true,"href":"https:\/\/kalot.com.mx\/site\/wp-json\/wp\/v2\/categories?post=6868"},{"taxonomy":"post_tag","embeddable":true,"href":"https:\/\/kalot.com.mx\/site\/wp-json\/wp\/v2\/tags?post=6868"}],"curies":[{"name":"wp","href":"https:\/\/api.w.org\/{rel}","templated":true}]}}