{"id":6504,"date":"2013-11-17T20:55:06","date_gmt":"2013-11-18T02:55:06","guid":{"rendered":"http:\/\/www.kalot.com.mx\/?p=6504"},"modified":"2013-11-17T20:55:06","modified_gmt":"2013-11-18T02:55:06","slug":"san-luis-potosi-traves-de-la-uaslp","status":"publish","type":"post","link":"https:\/\/kalot.com.mx\/site\/2013\/11\/17\/san-luis-potosi-traves-de-la-uaslp\/","title":{"rendered":"San Luis Potos\u00ed a trav\u00e9s de la UASLP #martesdemochilazo"},"content":{"rendered":"<p>Amigos, hoy es #martesdemochilazo. Y bueno, d\u00edganme nacionalista, regionalista, potosinista :), pero si, les voy a platicar nuevamente de San Luis Potos\u00ed.<\/p>\n<p>Hice rendir mi fin de semana y casi de rebote, acud\u00ed a ver la exposici\u00f3n de la Universidad Aut\u00f3noma de San Luis Potos\u00ed (UASLP) y su patrimonio, su patrimonio como universidad, su patrimonio en el desarrollo pol\u00edtico y social de esta ciudad y de este estado.<\/p>\n<p>La exhibici\u00f3n est\u00e1 en la Caja Real, el lugar donde en tiempos virreinales se guardaban los minerales -de oro y plata primordialmente- para despu\u00e9s ser transportados por el Camina de la Plata hasta Espa\u00f1a. As\u00ed qu\u00e9, el edificio, que ahora es custodiado por la UASLP, es por su s\u00f3lo un deleite. Una fachada en barroco sencillo, el interior de viejas casonas espa\u00f1olas (herencia \u00e1rabe de hecho) con un patio grande al centro que distribuye a las habitaciones, y unas escaleras que se ven gastadas presuntamente por la fuerza y peso que cargaban las mulas al subir el metal al segundo piso.<\/p>\n<p>El acervo expuesto consiste en objetos que son parte de la universidad, y la<br \/>\nExposici\u00f3n de diferentes etapas hist\u00f3ricas hasta llegar a la ahora UASLP, libros del siglo XVI, actas conmemorativas, fotos del antecesor universitario -Instituto Cient\u00edfico y Literario-, el acta de la universidad propiamente, m\u00e1s fotos y objetos utilizados antes y durante la expansi\u00f3n de la estructura universitaria. <\/p>\n<p>La UASLP reci\u00e9n cumpli\u00f3 90 a\u00f1os de haber obtenido su autonom\u00eda, la primera en M\u00e9xico. Y en efecto, ha sido y es un eje rector en la vida intelectual, pol\u00edtica, social y cultural de nuestro estado, del centro de M\u00e9xico s\u00ed se quiere.<\/p>\n<p>Yo en particular, no soy \u201chija\u201d de la UASLP, pero si que la disfruto \ud83d\ude42 La UASLP me ha ense\u00f1ado (o al menos ha intentado) 4 idiomas, literatura, historia potosina y hasta a catar vinos.<\/p>\n<p>As\u00ed qu\u00e9 la UASLP me enorgullece tanto como San Luis Potos\u00ed.<\/p>\n","protected":false},"excerpt":{"rendered":"Amigos, hoy es #martesdemochilazo. Y bueno, d\u00edganme nacionalista, regionalista, potosinista :), pero si, les voy a platicar nuevamente&hellip;\n","protected":false},"author":28,"featured_media":6593,"comment_status":"open","ping_status":"open","sticky":false,"template":"","format":"standard","meta":{"jetpack_post_was_ever_published":false,"_jetpack_newsletter_access":"","_jetpack_dont_email_post_to_subs":false,"_jetpack_newsletter_tier_id":0,"_jetpack_memberships_contains_paywalled_content":false,"_jetpack_memberships_contains_paid_content":false,"footnotes":"","jetpack_publicize_message":"","jetpack_publicize_feature_enabled":true,"jetpack_social_post_already_shared":true,"jetpack_social_options":{"image_generator_settings":{"template":"highway","default_image_id":0,"font":"","enabled":false},"version":2}},"categories":[],"tags":[],"class_list":{"0":"post-6504","1":"post","2":"type-post","3":"status-publish","4":"format-standard","5":"has-post-thumbnail","7":"cs-entry","8":"cs-video-wrap"},"yoast_head":"<!-- This site is optimized with the Yoast SEO plugin v27.5 - https:\/\/yoast.com\/product\/yoast-seo-wordpress\/ -->\n<title>San Luis Potos\u00ed a trav\u00e9s de la UASLP #martesdemochilazo - Kalot<\/title>\n<meta name=\"description\" content=\"Amigos, hoy es #martesdemochilazo. Y bueno, d\u00edganme nacionalista, regionalista, potosinista :), pero si, les voy a platicar nuevamente de San Luis Potos\u00ed.\" \/>\n<meta name=\"robots\" content=\"index, follow, max-snippet:-1, max-image-preview:large, max-video-preview:-1\" \/>\n<link rel=\"canonical\" href=\"https:\/\/kalot.com.mx\/site\/2013\/11\/17\/san-luis-potosi-traves-de-la-uaslp\/\" \/>\n<meta property=\"og:locale\" content=\"es_MX\" \/>\n<meta property=\"og:type\" content=\"article\" \/>\n<meta property=\"og:title\" content=\"San Luis Potos\u00ed a trav\u00e9s de la UASLP #martesdemochilazo - Kalot\" \/>\n<meta property=\"og:description\" content=\"Amigos, hoy es #martesdemochilazo. Y bueno, d\u00edganme nacionalista, regionalista, potosinista :), pero si, les voy a platicar nuevamente de San Luis Potos\u00ed.\" \/>\n<meta property=\"og:url\" content=\"https:\/\/kalot.com.mx\/site\/2013\/11\/17\/san-luis-potosi-traves-de-la-uaslp\/\" \/>\n<meta property=\"og:site_name\" content=\"Kalot\" \/>\n<meta property=\"article:publisher\" content=\"http:\/\/facebook.com\/mxkalot\" \/>\n<meta property=\"article:published_time\" content=\"2013-11-18T02:55:06+00:00\" \/>\n<meta property=\"og:image\" content=\"https:\/\/i1.wp.com\/kalot.com.mx\/site\/wp-content\/uploads\/2013\/11\/20131117-203546.jpg?fit=768%2C1024&ssl=1\" \/>\n\t<meta property=\"og:image:width\" content=\"768\" \/>\n\t<meta property=\"og:image:height\" content=\"1024\" \/>\n\t<meta property=\"og:image:type\" content=\"image\/jpeg\" \/>\n<meta name=\"author\" content=\"Adriana Baranda\" \/>\n<meta name=\"twitter:card\" content=\"summary_large_image\" \/>\n<meta name=\"twitter:creator\" content=\"@ninamonsivais\" \/>\n<meta name=\"twitter:site\" content=\"@kalotmx\" \/>\n<meta name=\"twitter:label1\" content=\"Escrito por\" \/>\n\t<meta name=\"twitter:data1\" content=\"Adriana Baranda\" \/>\n\t<meta name=\"twitter:label2\" content=\"Tiempo de lectura\" \/>\n\t<meta name=\"twitter:data2\" content=\"2 minutos\" \/>\n<!-- \/ Yoast SEO plugin. -->","yoast_head_json":{"title":"San Luis Potos\u00ed a trav\u00e9s de la UASLP #martesdemochilazo - Kalot","description":"Amigos, hoy es #martesdemochilazo. Y bueno, d\u00edganme nacionalista, regionalista, potosinista :), pero si, les voy a platicar nuevamente de San Luis Potos\u00ed.","robots":{"index":"index","follow":"follow","max-snippet":"max-snippet:-1","max-image-preview":"max-image-preview:large","max-video-preview":"max-video-preview:-1"},"canonical":"https:\/\/kalot.com.mx\/site\/2013\/11\/17\/san-luis-potosi-traves-de-la-uaslp\/","og_locale":"es_MX","og_type":"article","og_title":"San Luis Potos\u00ed a trav\u00e9s de la UASLP #martesdemochilazo - Kalot","og_description":"Amigos, hoy es #martesdemochilazo. Y bueno, d\u00edganme nacionalista, regionalista, potosinista :), pero si, les voy a platicar nuevamente de San Luis Potos\u00ed.","og_url":"https:\/\/kalot.com.mx\/site\/2013\/11\/17\/san-luis-potosi-traves-de-la-uaslp\/","og_site_name":"Kalot","article_publisher":"http:\/\/facebook.com\/mxkalot","article_published_time":"2013-11-18T02:55:06+00:00","og_image":[{"width":768,"height":1024,"url":"https:\/\/i1.wp.com\/kalot.com.mx\/site\/wp-content\/uploads\/2013\/11\/20131117-203546.jpg?fit=768%2C1024&ssl=1","type":"image\/jpeg"}],"author":"Adriana Baranda","twitter_card":"summary_large_image","twitter_creator":"@ninamonsivais","twitter_site":"@kalotmx","twitter_misc":{"Escrito por":"Adriana Baranda","Tiempo de lectura":"2 minutos"},"schema":{"@context":"https:\/\/schema.org","@graph":[{"@type":"Article","@id":"https:\/\/kalot.com.mx\/site\/2013\/11\/17\/san-luis-potosi-traves-de-la-uaslp\/#article","isPartOf":{"@id":"https:\/\/kalot.com.mx\/site\/2013\/11\/17\/san-luis-potosi-traves-de-la-uaslp\/"},"author":{"name":"Adriana Baranda","@id":"https:\/\/kalot.com.mx\/site\/#\/schema\/person\/50bd26831dd79b281498465bb24db139"},"headline":"San Luis Potos\u00ed a trav\u00e9s de la UASLP #martesdemochilazo","datePublished":"2013-11-18T02:55:06+00:00","mainEntityOfPage":{"@id":"https:\/\/kalot.com.mx\/site\/2013\/11\/17\/san-luis-potosi-traves-de-la-uaslp\/"},"wordCount":344,"commentCount":0,"publisher":{"@id":"https:\/\/kalot.com.mx\/site\/#organization"},"image":{"@id":"https:\/\/kalot.com.mx\/site\/2013\/11\/17\/san-luis-potosi-traves-de-la-uaslp\/#primaryimage"},"thumbnailUrl":"https:\/\/i0.wp.com\/kalot.com.mx\/site\/wp-content\/uploads\/2013\/11\/20131117-203546.jpg?fit=768%2C1024&ssl=1","inLanguage":"es","potentialAction":[{"@type":"CommentAction","name":"Comment","target":["https:\/\/kalot.com.mx\/site\/2013\/11\/17\/san-luis-potosi-traves-de-la-uaslp\/#respond"]}]},{"@type":"WebPage","@id":"https:\/\/kalot.com.mx\/site\/2013\/11\/17\/san-luis-potosi-traves-de-la-uaslp\/","url":"https:\/\/kalot.com.mx\/site\/2013\/11\/17\/san-luis-potosi-traves-de-la-uaslp\/","name":"San Luis Potos\u00ed a trav\u00e9s de la UASLP #martesdemochilazo - Kalot","isPartOf":{"@id":"https:\/\/kalot.com.mx\/site\/#website"},"primaryImageOfPage":{"@id":"https:\/\/kalot.com.mx\/site\/2013\/11\/17\/san-luis-potosi-traves-de-la-uaslp\/#primaryimage"},"image":{"@id":"https:\/\/kalot.com.mx\/site\/2013\/11\/17\/san-luis-potosi-traves-de-la-uaslp\/#primaryimage"},"thumbnailUrl":"https:\/\/i0.wp.com\/kalot.com.mx\/site\/wp-content\/uploads\/2013\/11\/20131117-203546.jpg?fit=768%2C1024&ssl=1","datePublished":"2013-11-18T02:55:06+00:00","description":"Amigos, hoy es #martesdemochilazo. Y bueno, d\u00edganme nacionalista, regionalista, potosinista :), pero si, les voy a platicar nuevamente de San Luis Potos\u00ed.","breadcrumb":{"@id":"https:\/\/kalot.com.mx\/site\/2013\/11\/17\/san-luis-potosi-traves-de-la-uaslp\/#breadcrumb"},"inLanguage":"es","potentialAction":[{"@type":"ReadAction","target":["https:\/\/kalot.com.mx\/site\/2013\/11\/17\/san-luis-potosi-traves-de-la-uaslp\/"]}]},{"@type":"ImageObject","inLanguage":"es","@id":"https:\/\/kalot.com.mx\/site\/2013\/11\/17\/san-luis-potosi-traves-de-la-uaslp\/#primaryimage","url":"https:\/\/i0.wp.com\/kalot.com.mx\/site\/wp-content\/uploads\/2013\/11\/20131117-203546.jpg?fit=768%2C1024&ssl=1","contentUrl":"https:\/\/i0.wp.com\/kalot.com.mx\/site\/wp-content\/uploads\/2013\/11\/20131117-203546.jpg?fit=768%2C1024&ssl=1","width":768,"height":1024},{"@type":"BreadcrumbList","@id":"https:\/\/kalot.com.mx\/site\/2013\/11\/17\/san-luis-potosi-traves-de-la-uaslp\/#breadcrumb","itemListElement":[{"@type":"ListItem","position":1,"name":"Home","item":"https:\/\/kalot.com.mx\/site\/"},{"@type":"ListItem","position":2,"name":"San Luis Potos\u00ed a trav\u00e9s de la UASLP #martesdemochilazo"}]},{"@type":"WebSite","@id":"https:\/\/kalot.com.mx\/site\/#website","url":"https:\/\/kalot.com.mx\/site\/","name":"Kalot","description":"Conoce Todo Sobre Todo","publisher":{"@id":"https:\/\/kalot.com.mx\/site\/#organization"},"potentialAction":[{"@type":"SearchAction","target":{"@type":"EntryPoint","urlTemplate":"https:\/\/kalot.com.mx\/site\/?s={search_term_string}"},"query-input":{"@type":"PropertyValueSpecification","valueRequired":true,"valueName":"search_term_string"}}],"inLanguage":"es"},{"@type":"Organization","@id":"https:\/\/kalot.com.mx\/site\/#organization","name":"Kalot","url":"https:\/\/kalot.com.mx\/site\/","logo":{"@type":"ImageObject","inLanguage":"es","@id":"https:\/\/kalot.com.mx\/site\/#\/schema\/logo\/image\/","url":"https:\/\/i0.wp.com\/kalot.com.mx\/site\/wp-content\/uploads\/2020\/04\/Kalot-logo-sin-tagline.png?fit=1707%2C1014&ssl=1","contentUrl":"https:\/\/i0.wp.com\/kalot.com.mx\/site\/wp-content\/uploads\/2020\/04\/Kalot-logo-sin-tagline.png?fit=1707%2C1014&ssl=1","width":1707,"height":1014,"caption":"Kalot"},"image":{"@id":"https:\/\/kalot.com.mx\/site\/#\/schema\/logo\/image\/"},"sameAs":["http:\/\/facebook.com\/mxkalot","https:\/\/x.com\/kalotmx","http:\/\/instagram.com\/kalotmx","http:\/\/pinterest.com\/jorgeerana\/kalot"]},{"@type":"Person","@id":"https:\/\/kalot.com.mx\/site\/#\/schema\/person\/50bd26831dd79b281498465bb24db139","name":"Adriana Baranda","image":{"@type":"ImageObject","inLanguage":"es","@id":"https:\/\/secure.gravatar.com\/avatar\/e6e520b0e3ee828ce53d00bdfb79115553fa526ea9a591549255876a460c1a05?s=96&d=mm&r=g","url":"https:\/\/secure.gravatar.com\/avatar\/e6e520b0e3ee828ce53d00bdfb79115553fa526ea9a591549255876a460c1a05?s=96&d=mm&r=g","contentUrl":"https:\/\/secure.gravatar.com\/avatar\/e6e520b0e3ee828ce53d00bdfb79115553fa526ea9a591549255876a460c1a05?s=96&d=mm&r=g","caption":"Adriana Baranda"},"description":"Soy Adriana Baranda, mejor conocida como Nina. Soy Licenciada en Relaciones Internacionales, y me encanta mi profesion, pero solo en la teoria, no en la practica; asi que soy el ente tripartito esquizofrenico detras de Laitue Hydroponics (lechugas hidroponicas) y me gusta leer, viajar y escribir.","sameAs":["https:\/\/x.com\/ninamonsivais"],"url":"https:\/\/kalot.com.mx\/site\/author\/nina\/"}]}},"jetpack_publicize_connections":[],"jetpack_featured_media_url":"https:\/\/i0.wp.com\/kalot.com.mx\/site\/wp-content\/uploads\/2013\/11\/20131117-203546.jpg?fit=768%2C1024&ssl=1","jetpack_shortlink":"https:\/\/wp.me\/p6IHEI-1GU","jetpack-related-posts":[{"id":5711,"url":"https:\/\/kalot.com.mx\/site\/2013\/11\/04\/dicen-serge\/","url_meta":{"origin":6504,"position":0},"title":"\u00a1Me dicen Serge!","author":"Serge Ruiz","date":"4 noviembre, 2013","format":false,"excerpt":"Hola Kalochos y Kalochas, es un gusto poder platicar con ustedes y honor que lean mis p\u00e1rrafos, que no son poes\u00edas, versos ni c\u00e1nticos gregorianos, pero son post hechos con mucha dedicaci\u00f3n, relevancia y m\u00e1s importante con mucho amor al arte para ustedes. Me llamo Sergio Adri\u00e1n Ruiz Cruz, para\u2026","rel":"","context":"Entrada similar ","block_context":{"text":"Entrada similar ","link":""},"img":{"alt_text":"","src":"https:\/\/i0.wp.com\/kalot.com.mx\/site\/wp-content\/uploads\/2013\/11\/1715_10201044171525845_1338246520_n-e1383548640641.jpg?fit=676%2C782&ssl=1&resize=350%2C200","width":350,"height":200,"srcset":"https:\/\/i0.wp.com\/kalot.com.mx\/site\/wp-content\/uploads\/2013\/11\/1715_10201044171525845_1338246520_n-e1383548640641.jpg?fit=676%2C782&ssl=1&resize=350%2C200 1x, https:\/\/i0.wp.com\/kalot.com.mx\/site\/wp-content\/uploads\/2013\/11\/1715_10201044171525845_1338246520_n-e1383548640641.jpg?fit=676%2C782&ssl=1&resize=525%2C300 1.5x"},"classes":[]},{"id":5719,"url":"https:\/\/kalot.com.mx\/site\/2013\/11\/04\/feliz-cumpleanos-491-san-luis-potosi\/","url_meta":{"origin":6504,"position":1},"title":"\u00a1Feliz Cumplea\u00f1os 421 San Luis Potos\u00ed!","author":"Adriana Baranda","date":"4 noviembre, 2013","format":false,"excerpt":"Pues ayer fue el cumplea\u00f1os de nuestra querida ciudad San Luis Potos\u00ed -donde muchos de nosotros Kalochos residimos y desde donde escribimos para todos ustedes- as\u00ed que de puro gusto les contar\u00e9 algo de esta hermosa ciudad. San Luis Potos\u00ed se encuentra en el centro de M\u00e9xico, es la capital\u2026","rel":"","context":"Entrada similar ","block_context":{"text":"Entrada similar ","link":""},"img":{"alt_text":"","src":"https:\/\/i0.wp.com\/kalot.com.mx\/site\/wp-content\/uploads\/2013\/11\/100_4572.jpg?fit=1000%2C750&ssl=1&resize=350%2C200","width":350,"height":200,"srcset":"https:\/\/i0.wp.com\/kalot.com.mx\/site\/wp-content\/uploads\/2013\/11\/100_4572.jpg?fit=1000%2C750&ssl=1&resize=350%2C200 1x, https:\/\/i0.wp.com\/kalot.com.mx\/site\/wp-content\/uploads\/2013\/11\/100_4572.jpg?fit=1000%2C750&ssl=1&resize=525%2C300 1.5x, https:\/\/i0.wp.com\/kalot.com.mx\/site\/wp-content\/uploads\/2013\/11\/100_4572.jpg?fit=1000%2C750&ssl=1&resize=700%2C400 2x"},"classes":[]},{"id":266,"url":"https:\/\/kalot.com.mx\/site\/2013\/09\/04\/art-everywhere\/","url_meta":{"origin":6504,"position":2},"title":"Art Everywhere!","author":"Gabriel Esparza","date":"4 septiembre, 2013","format":false,"excerpt":"La creencia de que el arte es una cosa bien seria y que no puede entenderse por la persona \"de a pie\", es una idea que es parte del pasado. El arte es divertido y es para todos. Eso es lo que nos ha demostrado el proyecto brit\u00e1nico Art Everywhere,\u2026","rel":"","context":"Con 2 comentarios","block_context":{"text":"Con 2 comentarios","link":"https:\/\/kalot.com.mx\/site\/2013\/09\/04\/art-everywhere\/#comments"},"img":{"alt_text":"","src":"https:\/\/i0.wp.com\/kalot.com.mx\/site\/wp-content\/uploads\/2013\/09\/art-everywhere-1.jpg?fit=700%2C525&ssl=1&resize=350%2C200","width":350,"height":200,"srcset":"https:\/\/i0.wp.com\/kalot.com.mx\/site\/wp-content\/uploads\/2013\/09\/art-everywhere-1.jpg?fit=700%2C525&ssl=1&resize=350%2C200 1x, https:\/\/i0.wp.com\/kalot.com.mx\/site\/wp-content\/uploads\/2013\/09\/art-everywhere-1.jpg?fit=700%2C525&ssl=1&resize=525%2C300 1.5x, https:\/\/i0.wp.com\/kalot.com.mx\/site\/wp-content\/uploads\/2013\/09\/art-everywhere-1.jpg?fit=700%2C525&ssl=1&resize=700%2C400 2x"},"classes":[]},{"id":4897,"url":"https:\/\/kalot.com.mx\/site\/2013\/10\/25\/8-9festival-internacional-de-cortometraje\/","url_meta":{"origin":6504,"position":3},"title":"8.9\tFestival Internacional de Cortometraje, el cine a las calles&#8230; Caminos de Plata. Por @nancitaflaquita","author":"Nancy Huerta","date":"25 octubre, 2013","format":false,"excerpt":"\u00a1Que tal Kalochos! Esta vez le hablar\u00e9 de un festival de cortometrajes, en el cu\u00e1l tambi\u00e9n ando de mitotera. El Festival Internacional de cortometraje, el cine a las calles, es un proyecto que pertenece y desarrolla ACAENCORTO Producciones, A.C. es una alternativa para la difusi\u00f3n, exhibici\u00f3n y divulgaci\u00f3n de trabajos\u2026","rel":"","context":"Entrada similar ","block_context":{"text":"Entrada similar ","link":""},"img":{"alt_text":"","src":"https:\/\/i0.wp.com\/kalot.com.mx\/site\/wp-content\/uploads\/2013\/10\/547583_651078858240561_1053527315_n.jpg?fit=960%2C355&ssl=1&resize=350%2C200","width":350,"height":200,"srcset":"https:\/\/i0.wp.com\/kalot.com.mx\/site\/wp-content\/uploads\/2013\/10\/547583_651078858240561_1053527315_n.jpg?fit=960%2C355&ssl=1&resize=350%2C200 1x, https:\/\/i0.wp.com\/kalot.com.mx\/site\/wp-content\/uploads\/2013\/10\/547583_651078858240561_1053527315_n.jpg?fit=960%2C355&ssl=1&resize=525%2C300 1.5x, https:\/\/i0.wp.com\/kalot.com.mx\/site\/wp-content\/uploads\/2013\/10\/547583_651078858240561_1053527315_n.jpg?fit=960%2C355&ssl=1&resize=700%2C400 2x"},"classes":[]},{"id":15152,"url":"https:\/\/kalot.com.mx\/site\/2014\/04\/21\/boletos-gratis-para-emporio-un-encuentro-con-las-capitales-del-marketing\/","url_meta":{"origin":6504,"position":4},"title":"Boletos gratis para Emporio: Un encuentro con las capitales del marketing","author":"Omar Herrera","date":"21 abril, 2014","format":false,"excerpt":"Desde hace 8 a\u00f1os la Universidad Polit\u00e9cnica de San Luis Potos\u00ed es sede de un evento que a\u00f1o con a\u00f1o se mejora y reinventa: El Foro Internacional de Mercadotecnia de la UPSLP, cuyo nombre para este a\u00f1o es \u201cEmporio: Un encuentro con las capitales del marketing\u201d. Este evento es el\u2026","rel":"","context":"Con 6 comentarios","block_context":{"text":"Con 6 comentarios","link":"https:\/\/kalot.com.mx\/site\/2014\/04\/21\/boletos-gratis-para-emporio-un-encuentro-con-las-capitales-del-marketing\/#comments"},"img":{"alt_text":"","src":"https:\/\/i0.wp.com\/kalot.com.mx\/site\/wp-content\/uploads\/2014\/04\/maxresdefault.jpg?fit=1200%2C675&ssl=1&resize=350%2C200","width":350,"height":200,"srcset":"https:\/\/i0.wp.com\/kalot.com.mx\/site\/wp-content\/uploads\/2014\/04\/maxresdefault.jpg?fit=1200%2C675&ssl=1&resize=350%2C200 1x, https:\/\/i0.wp.com\/kalot.com.mx\/site\/wp-content\/uploads\/2014\/04\/maxresdefault.jpg?fit=1200%2C675&ssl=1&resize=525%2C300 1.5x, https:\/\/i0.wp.com\/kalot.com.mx\/site\/wp-content\/uploads\/2014\/04\/maxresdefault.jpg?fit=1200%2C675&ssl=1&resize=700%2C400 2x, https:\/\/i0.wp.com\/kalot.com.mx\/site\/wp-content\/uploads\/2014\/04\/maxresdefault.jpg?fit=1200%2C675&ssl=1&resize=1050%2C600 3x"},"classes":[]},{"id":17906,"url":"https:\/\/kalot.com.mx\/site\/2016\/04\/26\/10-lugares-turisticos-de-san-luis-potosi-que-debes-visitar\/","url_meta":{"origin":6504,"position":5},"title":"10 lugares tur\u00edsticos de San Luis Potos\u00ed que debes visitar","author":"Jorge Era\u00f1a","date":"26 abril, 2016","format":false,"excerpt":"Lugares tur\u00edsticos de San Luis Potos\u00ed que debes visitar \u00bfCu\u00e1l te falta? Les compartimos 10 lugares tur\u00edsticos que creemos debes visitar si est\u00e1s en San Luis Potos\u00ed. \u00bfCu\u00e1l agregar\u00edas? \u00bfCu\u00e1l te falta? \u00bfCu\u00e1l es tu favorito? San Luis Potos\u00ed, es un hermoso lugar que tiene mucho que ofrecer pero a\u2026","rel":"","context":"En &quot;Viajes&quot;","block_context":{"text":"Viajes","link":"https:\/\/kalot.com.mx\/site\/category\/viajes\/"},"img":{"alt_text":"","src":"https:\/\/i0.wp.com\/kalot.com.mx\/site\/wp-content\/uploads\/2014\/09\/9671671071_b732e24513_z.jpg?fit=640%2C427&ssl=1&resize=350%2C200","width":350,"height":200,"srcset":"https:\/\/i0.wp.com\/kalot.com.mx\/site\/wp-content\/uploads\/2014\/09\/9671671071_b732e24513_z.jpg?fit=640%2C427&ssl=1&resize=350%2C200 1x, https:\/\/i0.wp.com\/kalot.com.mx\/site\/wp-content\/uploads\/2014\/09\/9671671071_b732e24513_z.jpg?fit=640%2C427&ssl=1&resize=525%2C300 1.5x"},"classes":[]}],"jetpack_sharing_enabled":true,"_links":{"self":[{"href":"https:\/\/kalot.com.mx\/site\/wp-json\/wp\/v2\/posts\/6504","targetHints":{"allow":["GET"]}}],"collection":[{"href":"https:\/\/kalot.com.mx\/site\/wp-json\/wp\/v2\/posts"}],"about":[{"href":"https:\/\/kalot.com.mx\/site\/wp-json\/wp\/v2\/types\/post"}],"author":[{"embeddable":true,"href":"https:\/\/kalot.com.mx\/site\/wp-json\/wp\/v2\/users\/28"}],"replies":[{"embeddable":true,"href":"https:\/\/kalot.com.mx\/site\/wp-json\/wp\/v2\/comments?post=6504"}],"version-history":[{"count":0,"href":"https:\/\/kalot.com.mx\/site\/wp-json\/wp\/v2\/posts\/6504\/revisions"}],"wp:featuredmedia":[{"embeddable":true,"href":"https:\/\/kalot.com.mx\/site\/wp-json\/wp\/v2\/media\/6593"}],"wp:attachment":[{"href":"https:\/\/kalot.com.mx\/site\/wp-json\/wp\/v2\/media?parent=6504"}],"wp:term":[{"taxonomy":"category","embeddable":true,"href":"https:\/\/kalot.com.mx\/site\/wp-json\/wp\/v2\/categories?post=6504"},{"taxonomy":"post_tag","embeddable":true,"href":"https:\/\/kalot.com.mx\/site\/wp-json\/wp\/v2\/tags?post=6504"}],"curies":[{"name":"wp","href":"https:\/\/api.w.org\/{rel}","templated":true}]}}