{"id":6449,"date":"2013-11-14T11:00:12","date_gmt":"2013-11-14T17:00:12","guid":{"rendered":"http:\/\/www.kalot.com.mx\/?p=6449"},"modified":"2017-12-20T15:53:27","modified_gmt":"2017-12-20T21:53:27","slug":"del-perdon-y-las-oportunidades","status":"publish","type":"post","link":"https:\/\/kalot.com.mx\/site\/2013\/11\/14\/del-perdon-y-las-oportunidades\/","title":{"rendered":"Del perd\u00f3n y las oportunidades"},"content":{"rendered":"<p style=\"text-align: justify\">Una de las principales caracter\u00edsticas de los seres humanos es la imperfecci\u00f3n; cometemos errores TODO el tiempo, experiencias de las cuales obtenemos lecciones de vida.<\/p>\n<p style=\"text-align: justify\">Equivocarse es parte de vivir.<\/p>\n<p style=\"text-align: justify\">Y lo que sucede es que a pesar de todos nuestros errores, la vida en s\u00ed nos perdona y nos brinda una nueva oportunidad cada d\u00eda; entonces, \u00bfPor qu\u00e9 no brind\u00e1rnosla nosotros tambi\u00e9n y brind\u00e1rsela a los dem\u00e1s?<\/p>\n<p style=\"text-align: justify\">Una vida sin errores ser\u00eda una vida ignorante, sin sentido&#8230; vac\u00eda. As\u00ed como es de humanos errar, tambi\u00e9n lo es el reconocer nuestros errores, aprender de ellos, y seguir adelante; igualmente es de humanos aceptar una disculpa y saber perdonar.<\/p>\n<p style=\"text-align: justify\">Todo este proceso forma parte del ciclo natural de los errores, y la vida siendo una rueda de la fortuna nos va a colocar en diferentes \u00e1ngulos, a veces lastimando a la gente, otras veces siendo lastimado, e incluso saliendo lastimados por nuestros propios errores. Seguir el proceso y completar el ciclo requiere de una fuerza y madurez sentimental que de manera emp\u00edrica vamos adquiriendo con el paso del tiempo.<\/p>\n<p style=\"text-align: justify\">Las consecuencias de\u00a0los errores se pueden ver a trav\u00e9s de dos perspectivas: Siendo el perjudicador o siendo el perjudicado.<\/p>\n<p style=\"text-align: justify\">Cuando somos los responsables del acto, nuestra respuesta instant\u00e1nea es el arrepentimiento.<\/p>\n<p style=\"text-align: justify\">El arrepentimiento como tal es obsoleto; cuando cometemos un error el sentimiento por el cual deseamos no haber hecho lo que hicimos se llama <b>culpa<\/b>. A trav\u00e9s de la culpa nos damos cuenta de que lo que hicimos estuvo mal.<\/p>\n<p style=\"text-align: justify\">Todos los errores se hacen <b>a conciencia<\/b>, ya que en el momento en el que los cometemos la decisi\u00f3n que tomamos fue voluntaria, e independientemente de las circunstancias fue lo que quer\u00edamos hacer.<\/p>\n<p style=\"text-align: justify\">Por lo tanto arrepentirnos solo entorpece el proceso de reivindicaci\u00f3n; Es l\u00f3gico y natural que sea nuestra primera reacci\u00f3n, pero es muy f\u00e1cil quedarse estancado\u00a0y eso\u00a0nos detiene de ser proactivos al respecto. Arrepentirnos nos <b>pre<\/b>ocupa en lugar de ocuparnos.<\/p>\n<p style=\"text-align: justify\">Aceptar nuestros errores es el primer paso del ciclo. Tenemos que liberarnos de la inmovilizaci\u00f3n que causa el arrepentimiento y\u00a0estar conscientes de que nos equivocamos. Despu\u00e9s viene la parte dif\u00edcil, pero la m\u00e1s importante, que es perdonarnos a nosotros mismos; nuestras acciones no solo benefician o perjudican a los dem\u00e1s, tambi\u00e9n nos afectan personalmente, y para poder pedir perd\u00f3n a los dem\u00e1s debemos de ser capaces de perdonarnos primero. Aceptando nuestras acciones y perdon\u00e1ndonos, dejamos ir nuestros errores y establecemos la paz y la armon\u00eda dentro de nosotros,\u00a0\u00a0lo que nos permite\u00a0brindar disculpas genuinas a los dem\u00e1s y esto aclara nuestro horizonte y de cierta forma nos saca del bache en el que nos metimos.<\/p>\n<p style=\"text-align: justify\">Pedir perd\u00f3n es la forma m\u00e1s pura de la humildad; es la capacidad de dejar a un lado las excusas y las m\u00e1scaras detr\u00e1s de las cuales escondemos nuestra verg\u00fcenza y nuestra culpa y mostrarnos al desnudo ante la persona a la que perjudicamos, demostr\u00e1ndole que no tenemos como reparar el da\u00f1o que hicimos, pero que lo que le podemos ofrecer de todo coraz\u00f3n es nuestra m\u00e1s sincera disculpa.<\/p>\n<p style=\"text-align: justify\">Pedir perd\u00f3n cuesta, porque conlleva dejar a un lado nuestro orgullo.<\/p>\n<p style=\"text-align: justify\">Y las personas a las que lastimamos en el camino con nuestros errores nos brindan una segunda oportunidad en el momento en el que perdonan nuestras acciones.<\/p>\n<p style=\"text-align: justify\"><a href=\"https:\/\/i0.wp.com\/www.kalot.com.mx\/wp-content\/uploads\/2013\/11\/rgret.jpg\"><img decoding=\"async\" data-attachment-id=\"6452\" data-permalink=\"https:\/\/kalot.com.mx\/site\/2013\/11\/14\/del-perdon-y-las-oportunidades\/rgret\/\" data-orig-file=\"https:\/\/i0.wp.com\/kalot.com.mx\/site\/wp-content\/uploads\/2013\/11\/rgret.jpg?fit=640%2C425&amp;ssl=1\" data-orig-size=\"640,425\" data-comments-opened=\"1\" data-image-meta=\"{&quot;aperture&quot;:&quot;0&quot;,&quot;credit&quot;:&quot;&quot;,&quot;camera&quot;:&quot;&quot;,&quot;caption&quot;:&quot;&quot;,&quot;created_timestamp&quot;:&quot;0&quot;,&quot;copyright&quot;:&quot;&quot;,&quot;focal_length&quot;:&quot;0&quot;,&quot;iso&quot;:&quot;0&quot;,&quot;shutter_speed&quot;:&quot;0&quot;,&quot;title&quot;:&quot;&quot;}\" data-image-title=\"rgret\" data-image-description=\"\" data-image-caption=\"\" data-large-file=\"https:\/\/i0.wp.com\/kalot.com.mx\/site\/wp-content\/uploads\/2013\/11\/rgret.jpg?fit=640%2C425&amp;ssl=1\" class=\"alignnone size-medium wp-image-6452\" alt=\"rgret\" src=\"https:\/\/i0.wp.com\/kalot.com.mx\/site\/wp-content\/uploads\/2013\/08\/Rss.png?fit=128%2C128&#038;ssl=1\" width=\"128\" height=\"128\" \/><\/a><\/p>\n<p style=\"text-align: justify\">Cuando somos los perjudicados, nos sentimos derrotados y heridos por las acciones de la otra persona, y tendemos a cerrar nuestras puertas y colocar candados para bloquear cualquier palabra o acci\u00f3n en respuesta que venga de la persona culpable.<\/p>\n<p style=\"text-align: justify\">La debilidad emocional es la barrera que nos ciega e impide seguir el ciclo de los errores, sobreponiendo la cabeza antes que al coraz\u00f3n mediante el constante deseo masoquista de recordar el suceso, abriendo la herida a cada momento y en cada acci\u00f3n relacionada o que realiza el sujeto en cuesti\u00f3n y ocasionando que nos aferremos a los errores de los dem\u00e1s de manera negativa, saliendo afectados no solo nosotros principalmente, tambi\u00e9n la otra persona y en general los que nos rodean.<\/p>\n<p style=\"text-align: justify\">El perd\u00f3n es uno de los valores m\u00e1s dif\u00edciles de adquirir, y es a\u00fan m\u00e1s dif\u00edcil de poner en pr\u00e1ctica. Perdonar va m\u00e1s all\u00e1 de recibir y aceptar una disculpa de la otra parte; es aceptar el hecho de que la otra persona tom\u00f3 la decisi\u00f3n de lastimarnos, haci\u00e9ndolo con o sin intenci\u00f3n, ser conscientes de que as\u00ed como lo hizo una vez lo puede hacer mil veces m\u00e1s, y aun as\u00ed dejar nuestro orgullo atr\u00e1s y poner el coraz\u00f3n primero para dejar que la persona siga compartiendo, aportando y formando parte de nuestra vida.<\/p>\n<p style=\"text-align: justify\">Perdonar no es una acci\u00f3n inmediata. Cada persona toma su tiempo, su espacio y su forma de perdonar, pero una vez que lo hace no hay vuelta atr\u00e1s. En el momento en el que perdonamos genuinamente a una persona por sus actos, le brindamos una nueva oportunidad.<\/p>\n<p style=\"text-align: justify\">Perdonando a los dem\u00e1s tambi\u00e9n nos brindamos una nueva oportunidad, ya que nos liberamos del apego de sentimientos negativos que generamos y nos permitimos seguir adelante.<\/p>\n<p style=\"text-align: justify\">Ante cada situaci\u00f3n en la que salimos lastimados, est\u00e1 dentro de nosotros el reaccionar de manera sensible, pero sensata. Es normal sentirse herido, y cada acci\u00f3n a trav\u00e9s de la cual nos lastiman es una cicatriz que nos marca tanto a nosotros como a la otra persona, pero el perd\u00f3n es la pomada que nos ayuda a cerrar la herida.<\/p>\n<p style=\"text-align: justify\">Las cicatrices forman parte de quienes somos, y nunca se desvanecen por completo, as\u00ed que no debemos de enfocarnos en tratar de desaparecerlas; es algo in\u00fatil. Debemos de aprender a vivir con ellas y a verlas no como el recordatorio del siniestro, sino como la representaci\u00f3n de la nueva oportunidad de vida que surgi\u00f3 de este.<\/p>\n<p style=\"text-align: justify\">Perdonar no es olvidar, es ser capaz de ver m\u00e1s all\u00e1 de los baches en el camino de la relaci\u00f3n y seguir andando, con cautela pero sin mirar atr\u00e1s.<\/p>\n<p style=\"text-align: justify\"><a href=\"https:\/\/i0.wp.com\/www.kalot.com.mx\/wp-content\/uploads\/2013\/11\/kalot-forgive.jpg\"><img decoding=\"async\" data-attachment-id=\"6453\" data-permalink=\"https:\/\/kalot.com.mx\/site\/2013\/11\/14\/del-perdon-y-las-oportunidades\/kalot-forgive\/\" data-orig-file=\"https:\/\/i0.wp.com\/kalot.com.mx\/site\/wp-content\/uploads\/2013\/11\/kalot-forgive.jpg?fit=604%2C445&amp;ssl=1\" data-orig-size=\"604,445\" data-comments-opened=\"1\" data-image-meta=\"{&quot;aperture&quot;:&quot;0&quot;,&quot;credit&quot;:&quot;&quot;,&quot;camera&quot;:&quot;&quot;,&quot;caption&quot;:&quot;&quot;,&quot;created_timestamp&quot;:&quot;0&quot;,&quot;copyright&quot;:&quot;&quot;,&quot;focal_length&quot;:&quot;0&quot;,&quot;iso&quot;:&quot;0&quot;,&quot;shutter_speed&quot;:&quot;0&quot;,&quot;title&quot;:&quot;&quot;}\" data-image-title=\"kalot forgive\" data-image-description=\"\" data-image-caption=\"\" data-large-file=\"https:\/\/i0.wp.com\/kalot.com.mx\/site\/wp-content\/uploads\/2013\/11\/kalot-forgive.jpg?fit=604%2C445&amp;ssl=1\" class=\"alignnone size-medium wp-image-6453\" alt=\"kalot forgive\" src=\"https:\/\/i0.wp.com\/kalot.com.mx\/site\/wp-content\/uploads\/2013\/08\/Rss.png?fit=128%2C128&#038;ssl=1\" width=\"128\" height=\"128\" \/><\/a><\/p>\n<p style=\"text-align: justify\">La rata dice:<\/p>\n<p style=\"text-align: justify\">No estamos exentos de salir lastimados o de lastimar a la gente mediante nuestras acciones, pero tampoco podemos limitar nuestra vida por miedo a cometer errores que lastimen a los dem\u00e1s, porque como todo en este mundo, los errores tambi\u00e9n nos traen beneficios, a veces m\u00e1s que los aciertos.<\/p>\n<p style=\"text-align: justify\">La clave es ser lo suficientemente fuertes para saber pedir perd\u00f3n y perdonar.<\/p>\n<p style=\"text-align: justify\">Cambio y fuera.<\/p>\n","protected":false},"excerpt":{"rendered":"Una de las principales caracter\u00edsticas de los seres humanos es la imperfecci\u00f3n; cometemos errores TODO el tiempo, experiencias&hellip;\n","protected":false},"author":26,"featured_media":6450,"comment_status":"open","ping_status":"open","sticky":false,"template":"","format":"standard","meta":{"jetpack_post_was_ever_published":false,"_jetpack_newsletter_access":"","_jetpack_dont_email_post_to_subs":false,"_jetpack_newsletter_tier_id":0,"_jetpack_memberships_contains_paywalled_content":false,"_jetpack_memberships_contains_paid_content":false,"footnotes":"","jetpack_publicize_message":"","jetpack_publicize_feature_enabled":true,"jetpack_social_post_already_shared":true,"jetpack_social_options":{"image_generator_settings":{"template":"highway","default_image_id":0,"font":"","enabled":false},"version":2}},"categories":[1],"tags":[],"class_list":{"0":"post-6449","1":"post","2":"type-post","3":"status-publish","4":"format-standard","5":"has-post-thumbnail","7":"category-sin-categoria","8":"cs-entry","9":"cs-video-wrap"},"yoast_head":"<!-- This site is optimized with the Yoast SEO plugin v27.5 - https:\/\/yoast.com\/product\/yoast-seo-wordpress\/ -->\n<title>Del perd\u00f3n y las oportunidades - Kalot<\/title>\n<meta name=\"description\" content=\"Una de las principales caracter\u00edsticas de los seres humanos es la imperfecci\u00f3n; cometemos errores TODO el tiempo, experiencias de las cuales obtenemos\" \/>\n<meta name=\"robots\" content=\"index, follow, max-snippet:-1, max-image-preview:large, max-video-preview:-1\" \/>\n<link rel=\"canonical\" href=\"https:\/\/kalot.com.mx\/site\/2013\/11\/14\/del-perdon-y-las-oportunidades\/\" \/>\n<meta property=\"og:locale\" content=\"es_MX\" \/>\n<meta property=\"og:type\" content=\"article\" \/>\n<meta property=\"og:title\" content=\"Del perd\u00f3n y las oportunidades - Kalot\" \/>\n<meta property=\"og:description\" content=\"Una de las principales caracter\u00edsticas de los seres humanos es la imperfecci\u00f3n; cometemos errores TODO el tiempo, experiencias de las cuales obtenemos\" \/>\n<meta property=\"og:url\" content=\"https:\/\/kalot.com.mx\/site\/2013\/11\/14\/del-perdon-y-las-oportunidades\/\" \/>\n<meta property=\"og:site_name\" content=\"Kalot\" \/>\n<meta property=\"article:publisher\" content=\"http:\/\/facebook.com\/mxkalot\" \/>\n<meta property=\"article:published_time\" content=\"2013-11-14T17:00:12+00:00\" \/>\n<meta property=\"article:modified_time\" content=\"2017-12-20T21:53:27+00:00\" \/>\n<meta property=\"og:image\" content=\"https:\/\/i1.wp.com\/kalot.com.mx\/site\/wp-content\/uploads\/2013\/11\/kalot-gato.jpg?fit=650%2C400&ssl=1\" \/>\n\t<meta property=\"og:image:width\" content=\"650\" \/>\n\t<meta property=\"og:image:height\" content=\"400\" \/>\n\t<meta property=\"og:image:type\" content=\"image\/jpeg\" \/>\n<meta name=\"author\" content=\"Fernanda S\u00e1nchez\" \/>\n<meta name=\"twitter:card\" content=\"summary_large_image\" \/>\n<meta name=\"twitter:creator\" content=\"@fer_ssm\" \/>\n<meta name=\"twitter:site\" content=\"@kalotmx\" \/>\n<meta name=\"twitter:label1\" content=\"Escrito por\" \/>\n\t<meta name=\"twitter:data1\" content=\"Fernanda S\u00e1nchez\" \/>\n\t<meta name=\"twitter:label2\" content=\"Tiempo de lectura\" \/>\n\t<meta name=\"twitter:data2\" content=\"6 minutos\" \/>\n<!-- \/ Yoast SEO plugin. -->","yoast_head_json":{"title":"Del perd\u00f3n y las oportunidades - Kalot","description":"Una de las principales caracter\u00edsticas de los seres humanos es la imperfecci\u00f3n; cometemos errores TODO el tiempo, experiencias de las cuales obtenemos","robots":{"index":"index","follow":"follow","max-snippet":"max-snippet:-1","max-image-preview":"max-image-preview:large","max-video-preview":"max-video-preview:-1"},"canonical":"https:\/\/kalot.com.mx\/site\/2013\/11\/14\/del-perdon-y-las-oportunidades\/","og_locale":"es_MX","og_type":"article","og_title":"Del perd\u00f3n y las oportunidades - Kalot","og_description":"Una de las principales caracter\u00edsticas de los seres humanos es la imperfecci\u00f3n; cometemos errores TODO el tiempo, experiencias de las cuales obtenemos","og_url":"https:\/\/kalot.com.mx\/site\/2013\/11\/14\/del-perdon-y-las-oportunidades\/","og_site_name":"Kalot","article_publisher":"http:\/\/facebook.com\/mxkalot","article_published_time":"2013-11-14T17:00:12+00:00","article_modified_time":"2017-12-20T21:53:27+00:00","og_image":[{"width":650,"height":400,"url":"https:\/\/i1.wp.com\/kalot.com.mx\/site\/wp-content\/uploads\/2013\/11\/kalot-gato.jpg?fit=650%2C400&ssl=1","type":"image\/jpeg"}],"author":"Fernanda S\u00e1nchez","twitter_card":"summary_large_image","twitter_creator":"@fer_ssm","twitter_site":"@kalotmx","twitter_misc":{"Escrito por":"Fernanda S\u00e1nchez","Tiempo de lectura":"6 minutos"},"schema":{"@context":"https:\/\/schema.org","@graph":[{"@type":"Article","@id":"https:\/\/kalot.com.mx\/site\/2013\/11\/14\/del-perdon-y-las-oportunidades\/#article","isPartOf":{"@id":"https:\/\/kalot.com.mx\/site\/2013\/11\/14\/del-perdon-y-las-oportunidades\/"},"author":{"name":"Fernanda S\u00e1nchez","@id":"https:\/\/kalot.com.mx\/site\/#\/schema\/person\/197a15ab8435e01dcf11e7cfe5ac7258"},"headline":"Del perd\u00f3n y las oportunidades","datePublished":"2013-11-14T17:00:12+00:00","dateModified":"2017-12-20T21:53:27+00:00","mainEntityOfPage":{"@id":"https:\/\/kalot.com.mx\/site\/2013\/11\/14\/del-perdon-y-las-oportunidades\/"},"wordCount":1134,"commentCount":0,"publisher":{"@id":"https:\/\/kalot.com.mx\/site\/#organization"},"image":{"@id":"https:\/\/kalot.com.mx\/site\/2013\/11\/14\/del-perdon-y-las-oportunidades\/#primaryimage"},"thumbnailUrl":"https:\/\/i0.wp.com\/kalot.com.mx\/site\/wp-content\/uploads\/2013\/11\/kalot-gato.jpg?fit=650%2C400&ssl=1","inLanguage":"es","potentialAction":[{"@type":"CommentAction","name":"Comment","target":["https:\/\/kalot.com.mx\/site\/2013\/11\/14\/del-perdon-y-las-oportunidades\/#respond"]}]},{"@type":"WebPage","@id":"https:\/\/kalot.com.mx\/site\/2013\/11\/14\/del-perdon-y-las-oportunidades\/","url":"https:\/\/kalot.com.mx\/site\/2013\/11\/14\/del-perdon-y-las-oportunidades\/","name":"Del perd\u00f3n y las oportunidades - Kalot","isPartOf":{"@id":"https:\/\/kalot.com.mx\/site\/#website"},"primaryImageOfPage":{"@id":"https:\/\/kalot.com.mx\/site\/2013\/11\/14\/del-perdon-y-las-oportunidades\/#primaryimage"},"image":{"@id":"https:\/\/kalot.com.mx\/site\/2013\/11\/14\/del-perdon-y-las-oportunidades\/#primaryimage"},"thumbnailUrl":"https:\/\/i0.wp.com\/kalot.com.mx\/site\/wp-content\/uploads\/2013\/11\/kalot-gato.jpg?fit=650%2C400&ssl=1","datePublished":"2013-11-14T17:00:12+00:00","dateModified":"2017-12-20T21:53:27+00:00","description":"Una de las principales caracter\u00edsticas de los seres humanos es la imperfecci\u00f3n; cometemos errores TODO el tiempo, experiencias de las cuales obtenemos","breadcrumb":{"@id":"https:\/\/kalot.com.mx\/site\/2013\/11\/14\/del-perdon-y-las-oportunidades\/#breadcrumb"},"inLanguage":"es","potentialAction":[{"@type":"ReadAction","target":["https:\/\/kalot.com.mx\/site\/2013\/11\/14\/del-perdon-y-las-oportunidades\/"]}]},{"@type":"ImageObject","inLanguage":"es","@id":"https:\/\/kalot.com.mx\/site\/2013\/11\/14\/del-perdon-y-las-oportunidades\/#primaryimage","url":"https:\/\/i0.wp.com\/kalot.com.mx\/site\/wp-content\/uploads\/2013\/11\/kalot-gato.jpg?fit=650%2C400&ssl=1","contentUrl":"https:\/\/i0.wp.com\/kalot.com.mx\/site\/wp-content\/uploads\/2013\/11\/kalot-gato.jpg?fit=650%2C400&ssl=1","width":650,"height":400},{"@type":"BreadcrumbList","@id":"https:\/\/kalot.com.mx\/site\/2013\/11\/14\/del-perdon-y-las-oportunidades\/#breadcrumb","itemListElement":[{"@type":"ListItem","position":1,"name":"Home","item":"https:\/\/kalot.com.mx\/site\/"},{"@type":"ListItem","position":2,"name":"Del perd\u00f3n y las oportunidades"}]},{"@type":"WebSite","@id":"https:\/\/kalot.com.mx\/site\/#website","url":"https:\/\/kalot.com.mx\/site\/","name":"Kalot","description":"Conoce Todo Sobre Todo","publisher":{"@id":"https:\/\/kalot.com.mx\/site\/#organization"},"potentialAction":[{"@type":"SearchAction","target":{"@type":"EntryPoint","urlTemplate":"https:\/\/kalot.com.mx\/site\/?s={search_term_string}"},"query-input":{"@type":"PropertyValueSpecification","valueRequired":true,"valueName":"search_term_string"}}],"inLanguage":"es"},{"@type":"Organization","@id":"https:\/\/kalot.com.mx\/site\/#organization","name":"Kalot","url":"https:\/\/kalot.com.mx\/site\/","logo":{"@type":"ImageObject","inLanguage":"es","@id":"https:\/\/kalot.com.mx\/site\/#\/schema\/logo\/image\/","url":"https:\/\/i0.wp.com\/kalot.com.mx\/site\/wp-content\/uploads\/2020\/04\/Kalot-logo-sin-tagline.png?fit=1707%2C1014&ssl=1","contentUrl":"https:\/\/i0.wp.com\/kalot.com.mx\/site\/wp-content\/uploads\/2020\/04\/Kalot-logo-sin-tagline.png?fit=1707%2C1014&ssl=1","width":1707,"height":1014,"caption":"Kalot"},"image":{"@id":"https:\/\/kalot.com.mx\/site\/#\/schema\/logo\/image\/"},"sameAs":["http:\/\/facebook.com\/mxkalot","https:\/\/x.com\/kalotmx","http:\/\/instagram.com\/kalotmx","http:\/\/pinterest.com\/jorgeerana\/kalot"]},{"@type":"Person","@id":"https:\/\/kalot.com.mx\/site\/#\/schema\/person\/197a15ab8435e01dcf11e7cfe5ac7258","name":"Fernanda S\u00e1nchez","image":{"@type":"ImageObject","inLanguage":"es","@id":"https:\/\/secure.gravatar.com\/avatar\/2ce17b9d3c1fd99e3718a164b16b51eacb5d80cb13712355c9052d3739993ea5?s=96&d=mm&r=g","url":"https:\/\/secure.gravatar.com\/avatar\/2ce17b9d3c1fd99e3718a164b16b51eacb5d80cb13712355c9052d3739993ea5?s=96&d=mm&r=g","contentUrl":"https:\/\/secure.gravatar.com\/avatar\/2ce17b9d3c1fd99e3718a164b16b51eacb5d80cb13712355c9052d3739993ea5?s=96&d=mm&r=g","caption":"Fernanda S\u00e1nchez"},"description":"Escritora en proceso, amante de la comida, apasionada de la lectura y famosa chorera. Rata mental dando vueltas a 1000 por hora. Moto: El que persevera, alcanza.","sameAs":["https:\/\/x.com\/@fer_ssm"],"url":"https:\/\/kalot.com.mx\/site\/author\/fer\/"}]}},"jetpack_publicize_connections":[],"jetpack_featured_media_url":"https:\/\/i0.wp.com\/kalot.com.mx\/site\/wp-content\/uploads\/2013\/11\/kalot-gato.jpg?fit=650%2C400&ssl=1","jetpack_shortlink":"https:\/\/wp.me\/p6IHEI-1G1","jetpack-related-posts":[{"id":8556,"url":"https:\/\/kalot.com.mx\/site\/2013\/12\/29\/el-ctrlz-deshacer\/","url_meta":{"origin":6449,"position":0},"title":"El CTRL+Z, deshacer&#8230;","author":"Saul Alonso","date":"29 diciembre, 2013","format":false,"excerpt":"En estos tiempos han surgido varias invenciones que han hecho la vida mucho mas c\u00f3moda para nuestra vida a diario, no solucionan grandes problemas, pero si algunas cosas. Uno de estos inventos es uno que lo hemos usado y mucho, al trabajar en la computadora, que hayamos hecho algo que\u2026","rel":"","context":"Entrada similar ","block_context":{"text":"Entrada similar ","link":""},"img":{"alt_text":"","src":"https:\/\/i0.wp.com\/kalot.com.mx\/site\/wp-content\/uploads\/2013\/12\/descarga3.jpg?fit=994%2C768&ssl=1&resize=350%2C200","width":350,"height":200,"srcset":"https:\/\/i0.wp.com\/kalot.com.mx\/site\/wp-content\/uploads\/2013\/12\/descarga3.jpg?fit=994%2C768&ssl=1&resize=350%2C200 1x, https:\/\/i0.wp.com\/kalot.com.mx\/site\/wp-content\/uploads\/2013\/12\/descarga3.jpg?fit=994%2C768&ssl=1&resize=525%2C300 1.5x, https:\/\/i0.wp.com\/kalot.com.mx\/site\/wp-content\/uploads\/2013\/12\/descarga3.jpg?fit=994%2C768&ssl=1&resize=700%2C400 2x"},"classes":[]},{"id":15868,"url":"https:\/\/kalot.com.mx\/site\/2014\/05\/08\/no-son-errores\/","url_meta":{"origin":6449,"position":1},"title":"No Son Errores.","author":"Mar\u00eda Alvarado","date":"8 mayo, 2014","format":false,"excerpt":"[dropcap size=small]N[\/dropcap]o s\u00e9 c\u00f3mo lo vean ustedes, pero yo soy una fiel partidaria de la idea de \u201ctodo pasa por algo\u201d. Experiencias, pruebas dif\u00edciles, momentos de insatisfacci\u00f3n personal, alegr\u00edas descomunales; son algunas de las cosas que nos pueden pasar a todos y cada uno de nosotros como personas pero m\u00e1s\u2026","rel":"","context":"Entrada similar ","block_context":{"text":"Entrada similar ","link":""},"img":{"alt_text":"","src":"https:\/\/i0.wp.com\/kalot.com.mx\/site\/wp-content\/uploads\/2014\/05\/for_big_mistakes_by_xspelax-d46a9y7.jpg?fit=900%2C600&ssl=1&resize=350%2C200","width":350,"height":200,"srcset":"https:\/\/i0.wp.com\/kalot.com.mx\/site\/wp-content\/uploads\/2014\/05\/for_big_mistakes_by_xspelax-d46a9y7.jpg?fit=900%2C600&ssl=1&resize=350%2C200 1x, https:\/\/i0.wp.com\/kalot.com.mx\/site\/wp-content\/uploads\/2014\/05\/for_big_mistakes_by_xspelax-d46a9y7.jpg?fit=900%2C600&ssl=1&resize=525%2C300 1.5x, https:\/\/i0.wp.com\/kalot.com.mx\/site\/wp-content\/uploads\/2014\/05\/for_big_mistakes_by_xspelax-d46a9y7.jpg?fit=900%2C600&ssl=1&resize=700%2C400 2x"},"classes":[]},{"id":22276,"url":"https:\/\/kalot.com.mx\/site\/2015\/07\/16\/no-permitas-que-te-corten-las-alas\/","url_meta":{"origin":6449,"position":2},"title":"No permitas que te corten las alas","author":"Fabiia Rivera","date":"16 julio, 2015","format":false,"excerpt":"Buen D\u00eda, mis queridos lectores de Kalot En la actualidad vivimos en la sociedad del miedo, tenemos miedo\u00a0 a los cambios, miedo a todo, nos encontramos en un momento de la historia dif\u00edcil y dura, en donde los problemas, luchas y dificultades de cada d\u00eda nos quedamos sin fuerzas para\u2026","rel":"","context":"Entrada similar ","block_context":{"text":"Entrada similar ","link":""},"img":{"alt_text":"","src":"https:\/\/i0.wp.com\/kalot.com.mx\/site\/wp-content\/uploads\/2015\/07\/alas.jpg?fit=453%2C604&ssl=1&resize=350%2C200","width":350,"height":200},"classes":[]},{"id":8552,"url":"https:\/\/kalot.com.mx\/site\/2013\/12\/29\/y-mis-deseos-para-fin-de-ano-son\/","url_meta":{"origin":6449,"position":3},"title":"Y mis deseos para fin de a\u00f1o son:","author":"Saul Alonso","date":"29 diciembre, 2013","format":false,"excerpt":"Kalochos y kalochas, para este fin de a\u00f1o siempre tenemos prop\u00f3sitos, de parte de un servidor y de todo el equipo Kalot les deseo a ustedes, nuestros fieles lectores, lo siguiente: Chavos, para este fin de a\u00f1o y principio del otro les deseo lo siguiente: -Te deseo primero que ames,\u2026","rel":"","context":"Entrada similar ","block_context":{"text":"Entrada similar ","link":""},"img":{"alt_text":"","src":"https:\/\/i0.wp.com\/kalot.com.mx\/site\/wp-content\/uploads\/2013\/12\/gfgfgfg.jpg?fit=1024%2C658&ssl=1&resize=350%2C200","width":350,"height":200,"srcset":"https:\/\/i0.wp.com\/kalot.com.mx\/site\/wp-content\/uploads\/2013\/12\/gfgfgfg.jpg?fit=1024%2C658&ssl=1&resize=350%2C200 1x, https:\/\/i0.wp.com\/kalot.com.mx\/site\/wp-content\/uploads\/2013\/12\/gfgfgfg.jpg?fit=1024%2C658&ssl=1&resize=525%2C300 1.5x, https:\/\/i0.wp.com\/kalot.com.mx\/site\/wp-content\/uploads\/2013\/12\/gfgfgfg.jpg?fit=1024%2C658&ssl=1&resize=700%2C400 2x"},"classes":[]},{"id":4252,"url":"https:\/\/kalot.com.mx\/site\/2013\/10\/17\/y-por-que\/","url_meta":{"origin":6449,"position":4},"title":"\u00bfY por qu\u00e9 no?","author":"Fernanda S\u00e1nchez","date":"17 octubre, 2013","format":false,"excerpt":"En mi vida hay un antes y un despu\u00e9s que est\u00e1 muy marcado: mi etapa de terapia con el psiquiatra. Cuando me sugirieron ir, lo primero que dije fue: \u201cNo estoy loca\u201d. Y no s\u00e9 si lo estaba, o si lo estoy ahora, pero me di la oportunidad. Y fue\u2026","rel":"","context":"Con 1 comentario","block_context":{"text":"Con 1 comentario","link":"https:\/\/kalot.com.mx\/site\/2013\/10\/17\/y-por-que\/#comments"},"img":{"alt_text":"","src":"https:\/\/i0.wp.com\/kalot.com.mx\/site\/wp-content\/uploads\/2013\/10\/bungee.jpg?fit=629%2C419&ssl=1&resize=350%2C200","width":350,"height":200,"srcset":"https:\/\/i0.wp.com\/kalot.com.mx\/site\/wp-content\/uploads\/2013\/10\/bungee.jpg?fit=629%2C419&ssl=1&resize=350%2C200 1x, https:\/\/i0.wp.com\/kalot.com.mx\/site\/wp-content\/uploads\/2013\/10\/bungee.jpg?fit=629%2C419&ssl=1&resize=525%2C300 1.5x"},"classes":[]},{"id":19342,"url":"https:\/\/kalot.com.mx\/site\/2014\/12\/01\/perdon\/","url_meta":{"origin":6449,"position":5},"title":"Perd\u00f3n.","author":"Mar\u00eda Alvarado","date":"1 diciembre, 2014","format":false,"excerpt":"\u00bfC\u00f3mo sabemos que hemos hecho da\u00f1o a las personas que m\u00e1s queremos? Esta es una pregunta que probablemente pensemos sea f\u00e1cil de contestar, la realidad como siempre es muy diferente a la pr\u00e1ctica; recientemente me toc\u00f3 vivir una temporada muy dif\u00edcil con mi familia y \u2013lo peor de todo- una\u2026","rel":"","context":"Entrada similar ","block_context":{"text":"Entrada similar ","link":""},"img":{"alt_text":"","src":"https:\/\/i0.wp.com\/kalot.com.mx\/site\/wp-content\/uploads\/2014\/12\/popart.jpg?fit=500%2C508&ssl=1&resize=350%2C200","width":350,"height":200},"classes":[]}],"jetpack_sharing_enabled":true,"_links":{"self":[{"href":"https:\/\/kalot.com.mx\/site\/wp-json\/wp\/v2\/posts\/6449","targetHints":{"allow":["GET"]}}],"collection":[{"href":"https:\/\/kalot.com.mx\/site\/wp-json\/wp\/v2\/posts"}],"about":[{"href":"https:\/\/kalot.com.mx\/site\/wp-json\/wp\/v2\/types\/post"}],"author":[{"embeddable":true,"href":"https:\/\/kalot.com.mx\/site\/wp-json\/wp\/v2\/users\/26"}],"replies":[{"embeddable":true,"href":"https:\/\/kalot.com.mx\/site\/wp-json\/wp\/v2\/comments?post=6449"}],"version-history":[{"count":1,"href":"https:\/\/kalot.com.mx\/site\/wp-json\/wp\/v2\/posts\/6449\/revisions"}],"predecessor-version":[{"id":27680,"href":"https:\/\/kalot.com.mx\/site\/wp-json\/wp\/v2\/posts\/6449\/revisions\/27680"}],"wp:featuredmedia":[{"embeddable":true,"href":"https:\/\/kalot.com.mx\/site\/wp-json\/wp\/v2\/media\/6450"}],"wp:attachment":[{"href":"https:\/\/kalot.com.mx\/site\/wp-json\/wp\/v2\/media?parent=6449"}],"wp:term":[{"taxonomy":"category","embeddable":true,"href":"https:\/\/kalot.com.mx\/site\/wp-json\/wp\/v2\/categories?post=6449"},{"taxonomy":"post_tag","embeddable":true,"href":"https:\/\/kalot.com.mx\/site\/wp-json\/wp\/v2\/tags?post=6449"}],"curies":[{"name":"wp","href":"https:\/\/api.w.org\/{rel}","templated":true}]}}