{"id":6387,"date":"2013-11-12T23:14:51","date_gmt":"2013-11-13T05:14:51","guid":{"rendered":"http:\/\/www.kalot.com.mx\/?p=6387"},"modified":"2017-12-20T15:53:24","modified_gmt":"2017-12-20T21:53:24","slug":"un-poco-de-mi-ciudad","status":"publish","type":"post","link":"https:\/\/kalot.com.mx\/site\/2013\/11\/12\/un-poco-de-mi-ciudad\/","title":{"rendered":"Un poco de mi ciudad&#8230; Ocotl\u00e1n"},"content":{"rendered":"<p><a href=\"https:\/\/i0.wp.com\/www.kalot.com.mx\/wp-content\/uploads\/2013\/11\/1460248_10200893613726632_647914647_n.jpg\"><img decoding=\"async\" data-attachment-id=\"6389\" data-permalink=\"https:\/\/kalot.com.mx\/site\/2013\/11\/12\/un-poco-de-mi-ciudad\/1460248_10200893613726632_647914647_n\/\" data-orig-file=\"https:\/\/i0.wp.com\/kalot.com.mx\/site\/wp-content\/uploads\/2013\/11\/1460248_10200893613726632_647914647_n.jpg?fit=960%2C716&amp;ssl=1\" data-orig-size=\"960,716\" data-comments-opened=\"1\" data-image-meta=\"{&quot;aperture&quot;:&quot;0&quot;,&quot;credit&quot;:&quot;&quot;,&quot;camera&quot;:&quot;&quot;,&quot;caption&quot;:&quot;&quot;,&quot;created_timestamp&quot;:&quot;0&quot;,&quot;copyright&quot;:&quot;&quot;,&quot;focal_length&quot;:&quot;0&quot;,&quot;iso&quot;:&quot;0&quot;,&quot;shutter_speed&quot;:&quot;0&quot;,&quot;title&quot;:&quot;&quot;}\" data-image-title=\"Centro Ocotl\u00e1n\" data-image-description=\"\" data-image-caption=\"\" data-large-file=\"https:\/\/i0.wp.com\/kalot.com.mx\/site\/wp-content\/uploads\/2013\/11\/1460248_10200893613726632_647914647_n.jpg?fit=960%2C716&amp;ssl=1\" class=\"size-medium wp-image-6389 aligncenter\" alt=\"Centro Ocotl\u00e1n\" src=\"https:\/\/i0.wp.com\/kalot.com.mx\/site\/wp-content\/uploads\/2013\/08\/Rss.png?fit=128%2C128&#038;ssl=1\" width=\"128\" height=\"128\" \/><\/a><\/p>\n<p>&nbsp;<\/p>\n<p>Que tal Kalochos aqu\u00ed escribiendo una nueva entrada a este mi blog, su blog; \u00faltimamente quienes no conocen mi ciudad me han preguntado de ella, bueno Ocotl\u00e1n, Jalisco ciudad en crecimiento con aproximadamente 100 mil habitantes, como atractivo es el turismo religioso, como principal Parroquia la de &#8220;El Se\u00f1or de la Misericordia&#8221;.<\/p>\n<p>En esa cuesti\u00f3n es de las pocas ciudades aprobadas por El Vaticano en lo que concierne a la aparici\u00f3n de Jesucristo en el cielo. Las fiestas en su honor se celebran del 20 de septiembre al 3 de Octubre, invitados todos.<\/p>\n<p>Tambi\u00e9n conocida como la capital del mueble, esta presenta dos exposiciones muebleras al a\u00f1o una por febrero y la otra en agosto, para atraer turistas y a la vez compren alg\u00fan mueble para su casa o para exhibirlo en la ciudad donde radiquen.<\/p>\n<p>La foto le doy el cr\u00e9dito a mi amigo <a href=\"https:\/\/www.facebook.com\/the.rampas?fref=ts\">Jorge Luis Alvarado<\/a>\u00a0esta foto es del centro de Ocotl\u00e1n en un atardecer; se nota una de las torres de la parroquia, el kiosco y a lo lejos casas y m\u00e1s casas.<\/p>\n<p>Es solo un poco de lo que es mi ciudad, quieren venir a conocerla con gusto les doy un peque\u00f1o recorrido.<\/p>\n<p>Kalochos es todo por hoy&#8230; nos leemos en la siguiente.<\/p>\n","protected":false},"excerpt":{"rendered":"&nbsp; Que tal Kalochos aqu\u00ed escribiendo una nueva entrada a este mi blog, su blog; \u00faltimamente quienes no&hellip;\n","protected":false},"author":54,"featured_media":6389,"comment_status":"open","ping_status":"open","sticky":false,"template":"","format":"standard","meta":{"jetpack_post_was_ever_published":false,"_jetpack_newsletter_access":"","_jetpack_dont_email_post_to_subs":false,"_jetpack_newsletter_tier_id":0,"_jetpack_memberships_contains_paywalled_content":false,"_jetpack_memberships_contains_paid_content":false,"footnotes":"","jetpack_publicize_message":"","jetpack_publicize_feature_enabled":true,"jetpack_social_post_already_shared":true,"jetpack_social_options":{"image_generator_settings":{"template":"highway","default_image_id":0,"font":"","enabled":false},"version":2}},"categories":[1],"tags":[],"class_list":{"0":"post-6387","1":"post","2":"type-post","3":"status-publish","4":"format-standard","5":"has-post-thumbnail","7":"category-sin-categoria","8":"cs-entry","9":"cs-video-wrap"},"yoast_head":"<!-- This site is optimized with the Yoast SEO plugin v27.5 - https:\/\/yoast.com\/product\/yoast-seo-wordpress\/ -->\n<title>Un poco de mi ciudad... Ocotl\u00e1n - Kalot<\/title>\n<meta name=\"description\" content=\"&nbsp; Que tal Kalochos aqu\u00ed escribiendo una nueva entrada a este mi blog, su blog; \u00faltimamente quienes no conocen mi ciudad me han preguntado de ella,\" \/>\n<meta name=\"robots\" content=\"index, follow, max-snippet:-1, max-image-preview:large, max-video-preview:-1\" \/>\n<link rel=\"canonical\" href=\"https:\/\/kalot.com.mx\/site\/2013\/11\/12\/un-poco-de-mi-ciudad\/\" \/>\n<meta property=\"og:locale\" content=\"es_MX\" \/>\n<meta property=\"og:type\" content=\"article\" \/>\n<meta property=\"og:title\" content=\"Un poco de mi ciudad... Ocotl\u00e1n - Kalot\" \/>\n<meta property=\"og:description\" content=\"&nbsp; Que tal Kalochos aqu\u00ed escribiendo una nueva entrada a este mi blog, su blog; \u00faltimamente quienes no conocen mi ciudad me han preguntado de ella,\" \/>\n<meta property=\"og:url\" content=\"https:\/\/kalot.com.mx\/site\/2013\/11\/12\/un-poco-de-mi-ciudad\/\" \/>\n<meta property=\"og:site_name\" content=\"Kalot\" \/>\n<meta property=\"article:publisher\" content=\"http:\/\/facebook.com\/mxkalot\" \/>\n<meta property=\"article:published_time\" content=\"2013-11-13T05:14:51+00:00\" \/>\n<meta property=\"article:modified_time\" content=\"2017-12-20T21:53:24+00:00\" \/>\n<meta property=\"og:image\" content=\"https:\/\/i0.wp.com\/kalot.com.mx\/site\/wp-content\/uploads\/2013\/11\/1460248_10200893613726632_647914647_n.jpg?fit=960%2C716&ssl=1\" \/>\n\t<meta property=\"og:image:width\" content=\"960\" \/>\n\t<meta property=\"og:image:height\" content=\"716\" \/>\n\t<meta property=\"og:image:type\" content=\"image\/jpeg\" \/>\n<meta name=\"author\" content=\"Martha Navarro\" \/>\n<meta name=\"twitter:card\" content=\"summary_large_image\" \/>\n<meta name=\"twitter:creator\" content=\"@tita_navarro\" \/>\n<meta name=\"twitter:site\" content=\"@kalotmx\" \/>\n<meta name=\"twitter:label1\" content=\"Escrito por\" \/>\n\t<meta name=\"twitter:data1\" content=\"Martha Navarro\" \/>\n\t<meta name=\"twitter:label2\" content=\"Tiempo de lectura\" \/>\n\t<meta name=\"twitter:data2\" content=\"1 minuto\" \/>\n<!-- \/ Yoast SEO plugin. -->","yoast_head_json":{"title":"Un poco de mi ciudad... Ocotl\u00e1n - Kalot","description":"&nbsp; Que tal Kalochos aqu\u00ed escribiendo una nueva entrada a este mi blog, su blog; \u00faltimamente quienes no conocen mi ciudad me han preguntado de ella,","robots":{"index":"index","follow":"follow","max-snippet":"max-snippet:-1","max-image-preview":"max-image-preview:large","max-video-preview":"max-video-preview:-1"},"canonical":"https:\/\/kalot.com.mx\/site\/2013\/11\/12\/un-poco-de-mi-ciudad\/","og_locale":"es_MX","og_type":"article","og_title":"Un poco de mi ciudad... Ocotl\u00e1n - Kalot","og_description":"&nbsp; Que tal Kalochos aqu\u00ed escribiendo una nueva entrada a este mi blog, su blog; \u00faltimamente quienes no conocen mi ciudad me han preguntado de ella,","og_url":"https:\/\/kalot.com.mx\/site\/2013\/11\/12\/un-poco-de-mi-ciudad\/","og_site_name":"Kalot","article_publisher":"http:\/\/facebook.com\/mxkalot","article_published_time":"2013-11-13T05:14:51+00:00","article_modified_time":"2017-12-20T21:53:24+00:00","og_image":[{"width":960,"height":716,"url":"https:\/\/i0.wp.com\/kalot.com.mx\/site\/wp-content\/uploads\/2013\/11\/1460248_10200893613726632_647914647_n.jpg?fit=960%2C716&ssl=1","type":"image\/jpeg"}],"author":"Martha Navarro","twitter_card":"summary_large_image","twitter_creator":"@tita_navarro","twitter_site":"@kalotmx","twitter_misc":{"Escrito por":"Martha Navarro","Tiempo de lectura":"1 minuto"},"schema":{"@context":"https:\/\/schema.org","@graph":[{"@type":"Article","@id":"https:\/\/kalot.com.mx\/site\/2013\/11\/12\/un-poco-de-mi-ciudad\/#article","isPartOf":{"@id":"https:\/\/kalot.com.mx\/site\/2013\/11\/12\/un-poco-de-mi-ciudad\/"},"author":{"name":"Martha Navarro","@id":"https:\/\/kalot.com.mx\/site\/#\/schema\/person\/4df774c66ba4530b94509db8a39c23d9"},"headline":"Un poco de mi ciudad&#8230; Ocotl\u00e1n","datePublished":"2013-11-13T05:14:51+00:00","dateModified":"2017-12-20T21:53:24+00:00","mainEntityOfPage":{"@id":"https:\/\/kalot.com.mx\/site\/2013\/11\/12\/un-poco-de-mi-ciudad\/"},"wordCount":224,"commentCount":0,"publisher":{"@id":"https:\/\/kalot.com.mx\/site\/#organization"},"image":{"@id":"https:\/\/kalot.com.mx\/site\/2013\/11\/12\/un-poco-de-mi-ciudad\/#primaryimage"},"thumbnailUrl":"https:\/\/i0.wp.com\/kalot.com.mx\/site\/wp-content\/uploads\/2013\/11\/1460248_10200893613726632_647914647_n.jpg?fit=960%2C716&ssl=1","inLanguage":"es","potentialAction":[{"@type":"CommentAction","name":"Comment","target":["https:\/\/kalot.com.mx\/site\/2013\/11\/12\/un-poco-de-mi-ciudad\/#respond"]}]},{"@type":"WebPage","@id":"https:\/\/kalot.com.mx\/site\/2013\/11\/12\/un-poco-de-mi-ciudad\/","url":"https:\/\/kalot.com.mx\/site\/2013\/11\/12\/un-poco-de-mi-ciudad\/","name":"Un poco de mi ciudad... Ocotl\u00e1n - Kalot","isPartOf":{"@id":"https:\/\/kalot.com.mx\/site\/#website"},"primaryImageOfPage":{"@id":"https:\/\/kalot.com.mx\/site\/2013\/11\/12\/un-poco-de-mi-ciudad\/#primaryimage"},"image":{"@id":"https:\/\/kalot.com.mx\/site\/2013\/11\/12\/un-poco-de-mi-ciudad\/#primaryimage"},"thumbnailUrl":"https:\/\/i0.wp.com\/kalot.com.mx\/site\/wp-content\/uploads\/2013\/11\/1460248_10200893613726632_647914647_n.jpg?fit=960%2C716&ssl=1","datePublished":"2013-11-13T05:14:51+00:00","dateModified":"2017-12-20T21:53:24+00:00","description":"&nbsp; Que tal Kalochos aqu\u00ed escribiendo una nueva entrada a este mi blog, su blog; \u00faltimamente quienes no conocen mi ciudad me han preguntado de ella,","breadcrumb":{"@id":"https:\/\/kalot.com.mx\/site\/2013\/11\/12\/un-poco-de-mi-ciudad\/#breadcrumb"},"inLanguage":"es","potentialAction":[{"@type":"ReadAction","target":["https:\/\/kalot.com.mx\/site\/2013\/11\/12\/un-poco-de-mi-ciudad\/"]}]},{"@type":"ImageObject","inLanguage":"es","@id":"https:\/\/kalot.com.mx\/site\/2013\/11\/12\/un-poco-de-mi-ciudad\/#primaryimage","url":"https:\/\/i0.wp.com\/kalot.com.mx\/site\/wp-content\/uploads\/2013\/11\/1460248_10200893613726632_647914647_n.jpg?fit=960%2C716&ssl=1","contentUrl":"https:\/\/i0.wp.com\/kalot.com.mx\/site\/wp-content\/uploads\/2013\/11\/1460248_10200893613726632_647914647_n.jpg?fit=960%2C716&ssl=1","width":960,"height":716},{"@type":"BreadcrumbList","@id":"https:\/\/kalot.com.mx\/site\/2013\/11\/12\/un-poco-de-mi-ciudad\/#breadcrumb","itemListElement":[{"@type":"ListItem","position":1,"name":"Home","item":"https:\/\/kalot.com.mx\/site\/"},{"@type":"ListItem","position":2,"name":"Un poco de mi ciudad&#8230; Ocotl\u00e1n"}]},{"@type":"WebSite","@id":"https:\/\/kalot.com.mx\/site\/#website","url":"https:\/\/kalot.com.mx\/site\/","name":"Kalot","description":"Conoce Todo Sobre Todo","publisher":{"@id":"https:\/\/kalot.com.mx\/site\/#organization"},"potentialAction":[{"@type":"SearchAction","target":{"@type":"EntryPoint","urlTemplate":"https:\/\/kalot.com.mx\/site\/?s={search_term_string}"},"query-input":{"@type":"PropertyValueSpecification","valueRequired":true,"valueName":"search_term_string"}}],"inLanguage":"es"},{"@type":"Organization","@id":"https:\/\/kalot.com.mx\/site\/#organization","name":"Kalot","url":"https:\/\/kalot.com.mx\/site\/","logo":{"@type":"ImageObject","inLanguage":"es","@id":"https:\/\/kalot.com.mx\/site\/#\/schema\/logo\/image\/","url":"https:\/\/i0.wp.com\/kalot.com.mx\/site\/wp-content\/uploads\/2020\/04\/Kalot-logo-sin-tagline.png?fit=1707%2C1014&ssl=1","contentUrl":"https:\/\/i0.wp.com\/kalot.com.mx\/site\/wp-content\/uploads\/2020\/04\/Kalot-logo-sin-tagline.png?fit=1707%2C1014&ssl=1","width":1707,"height":1014,"caption":"Kalot"},"image":{"@id":"https:\/\/kalot.com.mx\/site\/#\/schema\/logo\/image\/"},"sameAs":["http:\/\/facebook.com\/mxkalot","https:\/\/x.com\/kalotmx","http:\/\/instagram.com\/kalotmx","http:\/\/pinterest.com\/jorgeerana\/kalot"]},{"@type":"Person","@id":"https:\/\/kalot.com.mx\/site\/#\/schema\/person\/4df774c66ba4530b94509db8a39c23d9","name":"Martha Navarro","image":{"@type":"ImageObject","inLanguage":"es","@id":"https:\/\/secure.gravatar.com\/avatar\/e3cb9711ca94ce6bc11debadc158f1d9275053fe378ae7408c8ea18ddad6a921?s=96&d=mm&r=g","url":"https:\/\/secure.gravatar.com\/avatar\/e3cb9711ca94ce6bc11debadc158f1d9275053fe378ae7408c8ea18ddad6a921?s=96&d=mm&r=g","contentUrl":"https:\/\/secure.gravatar.com\/avatar\/e3cb9711ca94ce6bc11debadc158f1d9275053fe378ae7408c8ea18ddad6a921?s=96&d=mm&r=g","caption":"Martha Navarro"},"description":"Ll\u00e1mame Tita. Orgullosamente de Jalisco, mujer libre, valiente y confiada. Todologa por afici\u00f3n, Mercad\u00f3loga de profesi\u00f3n y Humanista por convicci\u00f3n. Miembro de #MarketerosNocturnos y #MarketerasTequileras. \"En esta vida somos maestros y alumnos a la vez, a veces nos toca ense\u00f1ar y todo el tiempo nos toca aprender\" Amante de los libros, la m\u00fasica, Dios y mi pasi\u00f3n la Mercadotecnia.","sameAs":["https:\/\/x.com\/tita_navarro"],"url":"https:\/\/kalot.com.mx\/site\/author\/tita\/"}]}},"jetpack_publicize_connections":[],"jetpack_featured_media_url":"https:\/\/i0.wp.com\/kalot.com.mx\/site\/wp-content\/uploads\/2013\/11\/1460248_10200893613726632_647914647_n.jpg?fit=960%2C716&ssl=1","jetpack_shortlink":"https:\/\/wp.me\/p6IHEI-1F1","jetpack-related-posts":[{"id":1322,"url":"https:\/\/kalot.com.mx\/site\/2013\/09\/11\/ciudad-intervenida\/","url_meta":{"origin":6387,"position":0},"title":"Ciudad Intervenida #mktcultural by @DulceMireles","author":"Dulce Mireles","date":"11 septiembre, 2013","format":false,"excerpt":"Ciudad Intervenida Voy a seguir necia con la idea que no existen diferentes mundos, solo hay UNO, o al menos solo hay uno que me interesa y es en el que vivo actualmente.\u00a0Entonces si tenemos la facilidad de unir \u00bfPor qu\u00e9 no unir marketing y arte? En t\u00e9rminos generales en\u2026","rel":"","context":"En &quot;Sin categor\u00eda&quot;","block_context":{"text":"Sin categor\u00eda","link":"https:\/\/kalot.com.mx\/site\/category\/sin-categoria\/"},"img":{"alt_text":"","src":"https:\/\/i0.wp.com\/kalot.com.mx\/site\/wp-content\/uploads\/2013\/09\/Ciudad-Intervenida.png?fit=480%2C723&ssl=1&resize=350%2C200","width":350,"height":200},"classes":[]},{"id":32019,"url":"https:\/\/kalot.com.mx\/site\/2020\/06\/24\/5-opciones-para-cambiar-tu-sala-este-2020\/","url_meta":{"origin":6387,"position":1},"title":"5 opciones para cambiar tu sala este 2020.","author":"Jorge Era\u00f1a","date":"24 junio, 2020","format":false,"excerpt":"Uno de los espacios m\u00e1s importantes para toda familia mexicana, claro despu\u00e9s de la cocina, es la sala, ya que es en este espacio en donde todos se re\u00fanen para platicar sobre su d\u00eda a d\u00eda. Si es que desde hace tiempo estabas planeando darle otra vista a tu hogar,\u2026","rel":"","context":"En &quot;Lifestyle&quot;","block_context":{"text":"Lifestyle","link":"https:\/\/kalot.com.mx\/site\/category\/lifestyle\/"},"img":{"alt_text":"","src":"https:\/\/i0.wp.com\/kalot.com.mx\/site\/wp-content\/uploads\/2020\/06\/living-room-2569325_1280.jpg?fit=1200%2C800&ssl=1&resize=350%2C200","width":350,"height":200,"srcset":"https:\/\/i0.wp.com\/kalot.com.mx\/site\/wp-content\/uploads\/2020\/06\/living-room-2569325_1280.jpg?fit=1200%2C800&ssl=1&resize=350%2C200 1x, https:\/\/i0.wp.com\/kalot.com.mx\/site\/wp-content\/uploads\/2020\/06\/living-room-2569325_1280.jpg?fit=1200%2C800&ssl=1&resize=525%2C300 1.5x, https:\/\/i0.wp.com\/kalot.com.mx\/site\/wp-content\/uploads\/2020\/06\/living-room-2569325_1280.jpg?fit=1200%2C800&ssl=1&resize=700%2C400 2x, https:\/\/i0.wp.com\/kalot.com.mx\/site\/wp-content\/uploads\/2020\/06\/living-room-2569325_1280.jpg?fit=1200%2C800&ssl=1&resize=1050%2C600 3x"},"classes":[]},{"id":16785,"url":"https:\/\/kalot.com.mx\/site\/2014\/06\/14\/janet-echelman-nos-dice-como-atrapar-el-cielo\/","url_meta":{"origin":6387,"position":2},"title":"Janet Echelman nos dice como atrapar el cielo.","author":"Gustavo Elizarrar\u00e1s","date":"14 junio, 2014","format":false,"excerpt":"Pocas cosas hay mejores que levantar la mirada y apreciar todos esos componentes que existen otorgadas por la naturaleza y las elaboradas por el hombre: un rayo, el arcoiris, los fuegos artificiales, los cometas y las redes. Aunque eh tenido la oportunidad de apreciar en mi ciudad el espectaculo de\u2026","rel":"","context":"Entrada similar ","block_context":{"text":"Entrada similar ","link":""},"img":{"alt_text":"","src":"https:\/\/i0.wp.com\/kalot.com.mx\/site\/wp-content\/uploads\/2014\/06\/01.jpeg?fit=750%2C500&ssl=1&resize=350%2C200","width":350,"height":200,"srcset":"https:\/\/i0.wp.com\/kalot.com.mx\/site\/wp-content\/uploads\/2014\/06\/01.jpeg?fit=750%2C500&ssl=1&resize=350%2C200 1x, https:\/\/i0.wp.com\/kalot.com.mx\/site\/wp-content\/uploads\/2014\/06\/01.jpeg?fit=750%2C500&ssl=1&resize=525%2C300 1.5x, https:\/\/i0.wp.com\/kalot.com.mx\/site\/wp-content\/uploads\/2014\/06\/01.jpeg?fit=750%2C500&ssl=1&resize=700%2C400 2x"},"classes":[]},{"id":553,"url":"https:\/\/kalot.com.mx\/site\/2013\/09\/04\/padawan\/","url_meta":{"origin":6387,"position":3},"title":"Padawan","author":"Omar Herrera","date":"4 septiembre, 2013","format":false,"excerpt":"Como todo lo que hago y al parecer se ha vuelto una costumbre: CASI llego tarde. Pero ayer fue un buen d\u00eda porque gracias a este blog me di cuenta de que hay gente de mi ciudad y de mi edad que comparte mis pasiones y hobbies en una manera\u2026","rel":"","context":"Con 7 comentarios","block_context":{"text":"Con 7 comentarios","link":"https:\/\/kalot.com.mx\/site\/2013\/09\/04\/padawan\/#comments"},"img":{"alt_text":"","src":"https:\/\/i0.wp.com\/kalot.com.mx\/site\/wp-content\/uploads\/2013\/09\/woody-allen-2.jpg?fit=873%2C1200&ssl=1&resize=350%2C200","width":350,"height":200,"srcset":"https:\/\/i0.wp.com\/kalot.com.mx\/site\/wp-content\/uploads\/2013\/09\/woody-allen-2.jpg?fit=873%2C1200&ssl=1&resize=350%2C200 1x, https:\/\/i0.wp.com\/kalot.com.mx\/site\/wp-content\/uploads\/2013\/09\/woody-allen-2.jpg?fit=873%2C1200&ssl=1&resize=525%2C300 1.5x, https:\/\/i0.wp.com\/kalot.com.mx\/site\/wp-content\/uploads\/2013\/09\/woody-allen-2.jpg?fit=873%2C1200&ssl=1&resize=700%2C400 2x"},"classes":[]},{"id":20658,"url":"https:\/\/kalot.com.mx\/site\/2015\/03\/09\/por-favor-dime-que-corro-como-una-nina\/","url_meta":{"origin":6387,"position":4},"title":"Por favor\u2026 Dime que corro como una ni\u00f1a.","author":"Fernanda Rocha","date":"9 marzo, 2015","format":false,"excerpt":"A prop\u00f3sito del pasado D\u00eda Internacional de la Mujer\u2026 El hecho de que exista una fecha especial para celebrar o conmemorar a una persona, acci\u00f3n, situaci\u00f3n o movimiento es una muestra de reconocimiento y al mismo tiempo de omisi\u00f3n, as\u00ed es, omisi\u00f3n durante los 354 d\u00edas restantes. El d\u00eda de\u2026","rel":"","context":"Entrada similar ","block_context":{"text":"Entrada similar ","link":""},"img":{"alt_text":"ni\u00f1a, mujer","src":"https:\/\/i0.wp.com\/kalot.com.mx\/site\/wp-content\/uploads\/2015\/03\/correr.jpg?fit=1200%2C801&ssl=1&resize=350%2C200","width":350,"height":200,"srcset":"https:\/\/i0.wp.com\/kalot.com.mx\/site\/wp-content\/uploads\/2015\/03\/correr.jpg?fit=1200%2C801&ssl=1&resize=350%2C200 1x, https:\/\/i0.wp.com\/kalot.com.mx\/site\/wp-content\/uploads\/2015\/03\/correr.jpg?fit=1200%2C801&ssl=1&resize=525%2C300 1.5x, https:\/\/i0.wp.com\/kalot.com.mx\/site\/wp-content\/uploads\/2015\/03\/correr.jpg?fit=1200%2C801&ssl=1&resize=700%2C400 2x, https:\/\/i0.wp.com\/kalot.com.mx\/site\/wp-content\/uploads\/2015\/03\/correr.jpg?fit=1200%2C801&ssl=1&resize=1050%2C600 3x"},"classes":[]},{"id":3100,"url":"https:\/\/kalot.com.mx\/site\/2013\/10\/08\/salome-oscar-wilde-en-mexico\/","url_meta":{"origin":6387,"position":5},"title":"Salome: Oscar Wilde en M\u00e9xico","author":"Adriana Baranda","date":"8 octubre, 2013","format":false,"excerpt":"Este fin de semana estuve de pata de perro por la Ciudad de M\u00e9xico. La Ciudad de M\u00e9xico representa para mi la dualidad felicidad-tristeza -y todo lo que queda en medio- de todo ser humano, me encanta y la odio al mismo tiempo, pero esa es otra historia. Estuve all\u00ed\u2026","rel":"","context":"Entrada similar ","block_context":{"text":"Entrada similar ","link":""},"img":{"alt_text":"","src":"https:\/\/i0.wp.com\/kalot.com.mx\/site\/wp-content\/uploads\/2013\/10\/Salome.jpg?fit=629%2C1000&ssl=1&resize=350%2C200","width":350,"height":200,"srcset":"https:\/\/i0.wp.com\/kalot.com.mx\/site\/wp-content\/uploads\/2013\/10\/Salome.jpg?fit=629%2C1000&ssl=1&resize=350%2C200 1x, https:\/\/i0.wp.com\/kalot.com.mx\/site\/wp-content\/uploads\/2013\/10\/Salome.jpg?fit=629%2C1000&ssl=1&resize=525%2C300 1.5x"},"classes":[]}],"jetpack_sharing_enabled":true,"_links":{"self":[{"href":"https:\/\/kalot.com.mx\/site\/wp-json\/wp\/v2\/posts\/6387","targetHints":{"allow":["GET"]}}],"collection":[{"href":"https:\/\/kalot.com.mx\/site\/wp-json\/wp\/v2\/posts"}],"about":[{"href":"https:\/\/kalot.com.mx\/site\/wp-json\/wp\/v2\/types\/post"}],"author":[{"embeddable":true,"href":"https:\/\/kalot.com.mx\/site\/wp-json\/wp\/v2\/users\/54"}],"replies":[{"embeddable":true,"href":"https:\/\/kalot.com.mx\/site\/wp-json\/wp\/v2\/comments?post=6387"}],"version-history":[{"count":1,"href":"https:\/\/kalot.com.mx\/site\/wp-json\/wp\/v2\/posts\/6387\/revisions"}],"predecessor-version":[{"id":27676,"href":"https:\/\/kalot.com.mx\/site\/wp-json\/wp\/v2\/posts\/6387\/revisions\/27676"}],"wp:featuredmedia":[{"embeddable":true,"href":"https:\/\/kalot.com.mx\/site\/wp-json\/wp\/v2\/media\/6389"}],"wp:attachment":[{"href":"https:\/\/kalot.com.mx\/site\/wp-json\/wp\/v2\/media?parent=6387"}],"wp:term":[{"taxonomy":"category","embeddable":true,"href":"https:\/\/kalot.com.mx\/site\/wp-json\/wp\/v2\/categories?post=6387"},{"taxonomy":"post_tag","embeddable":true,"href":"https:\/\/kalot.com.mx\/site\/wp-json\/wp\/v2\/tags?post=6387"}],"curies":[{"name":"wp","href":"https:\/\/api.w.org\/{rel}","templated":true}]}}