{"id":6365,"date":"2013-11-12T10:34:46","date_gmt":"2013-11-12T16:34:46","guid":{"rendered":"http:\/\/www.kalot.com.mx\/?p=6365"},"modified":"2013-11-12T10:34:46","modified_gmt":"2013-11-12T16:34:46","slug":"museo-dolores-olmedo-paraiso-en-medio-del-caos-martesdemochilazo","status":"publish","type":"post","link":"https:\/\/kalot.com.mx\/site\/2013\/11\/12\/museo-dolores-olmedo-paraiso-en-medio-del-caos-martesdemochilazo\/","title":{"rendered":"Museo Dolores Olmedo -Para\u00edso en medio del caos #Martesdemochilazo"},"content":{"rendered":"<p>Alguna vez les contaba de mi relaci\u00f3n amor-odio con la Ciudad M\u00e9xico. Pues hoy les hablar\u00e9 de amor, porque les contar\u00e9 de uno de mis lugares favoritos en la ciudad, el Museo Dolores Olmedo.<\/p>\n<p>El museo Dolores Olmedo se encuentra en Xochimilco, y como Xochimilco, en un pedacito de paz, tranquilidad, naturaleza y para\u00edso en medio de la ca\u00f3tica Ciudad de M\u00e9xico. En medio del tr\u00e1fico, ruido y contaminaci\u00f3n, el museo parece en medio del campo, s\u00f3lo que sin la vendimia, algarab\u00eda y muchas veces desorden que causamos los turistas.<\/p>\n<p>Se encuentra en el antiguo casco de una hacienda, que m\u00e1s tarde perteneci\u00f3 como casa a Dolores Olmedo. Una mexicana culta y amante de sus ra\u00edces que dedic\u00f3 buena parte de su dinero a comprar obras de arte y apoyar al arte mexicano en general. As\u00ed que hoy, el museo, es una muestra de su colecci\u00f3n y del amor que profesaba por su casa y la naturaleza.<\/p>\n<p>En medio de calles estrechas y llenas de autos por todos lados, los muros de piedra se destacan de otras construcciones recientes. Al entrar, un espacio amplio de verde te recibe, en \u00e9l, descansan pavorreales y juegan perros Xoloscuintles. Lo padrisimo es que, los pavos est\u00e1n tan acostumbrados a ver gente, que van de un lado a otro pasando al frente de ti sin inmutarse.<\/p>\n<p>As\u00ed que al interior de la casa, en los jardines se respira ox\u00edgeno, paz y mucha tranquilidad, adem\u00e1s de colorido. Si de plano ver las obras de arte -pintura y escultura- no es lo tuyo, no te preocupes. El museo tiene un caf\u00e9 en el jard\u00edn, con sillas al exterior, para sentarse y disfrutar del entorno con un caf\u00e9, un s\u00e1ndwich, y hasta comida corrida por la tarde.<\/p>\n<p>El museo sigue la tradici\u00f3n de Dolores Olmedo y su amor por M\u00e9xico, as\u00ed que todos los d\u00edas de semana hay actividades para ni\u00f1os o conciertos de marimba, huapango, etc, presentaciones de libros y m\u00e1s.<\/p>\n<p>Para llegar, por la linea dos del metro hasta Taxque\u00f1a y de ah\u00ed unas cuantas paradas m\u00e1s en el tren ligero. Si la Ciudad de M\u00e9xico los agobia, \u00e9ste es el lugar, y si les fascina, tambi\u00e9n \ud83d\ude42<\/p>\n","protected":false},"excerpt":{"rendered":"Alguna vez les contaba de mi relaci\u00f3n amor-odio con la Ciudad M\u00e9xico. Pues hoy les hablar\u00e9 de amor,&hellip;\n","protected":false},"author":28,"featured_media":6366,"comment_status":"open","ping_status":"open","sticky":false,"template":"","format":"standard","meta":{"jetpack_post_was_ever_published":false,"_jetpack_newsletter_access":"","_jetpack_dont_email_post_to_subs":false,"_jetpack_newsletter_tier_id":0,"_jetpack_memberships_contains_paywalled_content":false,"_jetpack_memberships_contains_paid_content":false,"footnotes":"","jetpack_publicize_message":"","jetpack_publicize_feature_enabled":true,"jetpack_social_post_already_shared":true,"jetpack_social_options":{"image_generator_settings":{"template":"highway","default_image_id":0,"font":"","enabled":false},"version":2}},"categories":[],"tags":[],"class_list":{"0":"post-6365","1":"post","2":"type-post","3":"status-publish","4":"format-standard","5":"has-post-thumbnail","7":"cs-entry","8":"cs-video-wrap"},"yoast_head":"<!-- This site is optimized with the Yoast SEO plugin v27.4 - https:\/\/yoast.com\/product\/yoast-seo-wordpress\/ -->\n<title>Museo Dolores Olmedo -Para\u00edso en medio del caos #Martesdemochilazo - Kalot<\/title>\n<meta name=\"description\" content=\"Alguna vez les contaba de mi relaci\u00f3n amor-odio con la Ciudad M\u00e9xico. Pues hoy les hablar\u00e9 de amor, porque les contar\u00e9 de uno de mis lugares favoritos en\" \/>\n<meta name=\"robots\" content=\"index, follow, max-snippet:-1, max-image-preview:large, max-video-preview:-1\" \/>\n<link rel=\"canonical\" href=\"https:\/\/kalot.com.mx\/site\/2013\/11\/12\/museo-dolores-olmedo-paraiso-en-medio-del-caos-martesdemochilazo\/\" \/>\n<meta property=\"og:locale\" content=\"es_MX\" \/>\n<meta property=\"og:type\" content=\"article\" \/>\n<meta property=\"og:title\" content=\"Museo Dolores Olmedo -Para\u00edso en medio del caos #Martesdemochilazo - Kalot\" \/>\n<meta property=\"og:description\" content=\"Alguna vez les contaba de mi relaci\u00f3n amor-odio con la Ciudad M\u00e9xico. Pues hoy les hablar\u00e9 de amor, porque les contar\u00e9 de uno de mis lugares favoritos en\" \/>\n<meta property=\"og:url\" content=\"https:\/\/kalot.com.mx\/site\/2013\/11\/12\/museo-dolores-olmedo-paraiso-en-medio-del-caos-martesdemochilazo\/\" \/>\n<meta property=\"og:site_name\" content=\"Kalot\" \/>\n<meta property=\"article:publisher\" content=\"http:\/\/facebook.com\/mxkalot\" \/>\n<meta property=\"article:published_time\" content=\"2013-11-12T16:34:46+00:00\" \/>\n<meta property=\"og:image\" content=\"https:\/\/i1.wp.com\/kalot.com.mx\/site\/wp-content\/uploads\/2013\/11\/100_4742.jpg?fit=1000%2C750&ssl=1\" \/>\n\t<meta property=\"og:image:width\" content=\"1000\" \/>\n\t<meta property=\"og:image:height\" content=\"750\" \/>\n\t<meta property=\"og:image:type\" content=\"image\/jpeg\" \/>\n<meta name=\"author\" content=\"Adriana Baranda\" \/>\n<meta name=\"twitter:card\" content=\"summary_large_image\" \/>\n<meta name=\"twitter:creator\" content=\"@ninamonsivais\" \/>\n<meta name=\"twitter:site\" content=\"@kalotmx\" \/>\n<meta name=\"twitter:label1\" content=\"Escrito por\" \/>\n\t<meta name=\"twitter:data1\" content=\"Adriana Baranda\" \/>\n\t<meta name=\"twitter:label2\" content=\"Tiempo de lectura\" \/>\n\t<meta name=\"twitter:data2\" content=\"2 minutos\" \/>\n<!-- \/ Yoast SEO plugin. -->","yoast_head_json":{"title":"Museo Dolores Olmedo -Para\u00edso en medio del caos #Martesdemochilazo - Kalot","description":"Alguna vez les contaba de mi relaci\u00f3n amor-odio con la Ciudad M\u00e9xico. Pues hoy les hablar\u00e9 de amor, porque les contar\u00e9 de uno de mis lugares favoritos en","robots":{"index":"index","follow":"follow","max-snippet":"max-snippet:-1","max-image-preview":"max-image-preview:large","max-video-preview":"max-video-preview:-1"},"canonical":"https:\/\/kalot.com.mx\/site\/2013\/11\/12\/museo-dolores-olmedo-paraiso-en-medio-del-caos-martesdemochilazo\/","og_locale":"es_MX","og_type":"article","og_title":"Museo Dolores Olmedo -Para\u00edso en medio del caos #Martesdemochilazo - Kalot","og_description":"Alguna vez les contaba de mi relaci\u00f3n amor-odio con la Ciudad M\u00e9xico. Pues hoy les hablar\u00e9 de amor, porque les contar\u00e9 de uno de mis lugares favoritos en","og_url":"https:\/\/kalot.com.mx\/site\/2013\/11\/12\/museo-dolores-olmedo-paraiso-en-medio-del-caos-martesdemochilazo\/","og_site_name":"Kalot","article_publisher":"http:\/\/facebook.com\/mxkalot","article_published_time":"2013-11-12T16:34:46+00:00","og_image":[{"width":1000,"height":750,"url":"https:\/\/i1.wp.com\/kalot.com.mx\/site\/wp-content\/uploads\/2013\/11\/100_4742.jpg?fit=1000%2C750&ssl=1","type":"image\/jpeg"}],"author":"Adriana Baranda","twitter_card":"summary_large_image","twitter_creator":"@ninamonsivais","twitter_site":"@kalotmx","twitter_misc":{"Escrito por":"Adriana Baranda","Tiempo de lectura":"2 minutos"},"schema":{"@context":"https:\/\/schema.org","@graph":[{"@type":"Article","@id":"https:\/\/kalot.com.mx\/site\/2013\/11\/12\/museo-dolores-olmedo-paraiso-en-medio-del-caos-martesdemochilazo\/#article","isPartOf":{"@id":"https:\/\/kalot.com.mx\/site\/2013\/11\/12\/museo-dolores-olmedo-paraiso-en-medio-del-caos-martesdemochilazo\/"},"author":{"name":"Adriana Baranda","@id":"https:\/\/kalot.com.mx\/site\/#\/schema\/person\/50bd26831dd79b281498465bb24db139"},"headline":"Museo Dolores Olmedo -Para\u00edso en medio del caos #Martesdemochilazo","datePublished":"2013-11-12T16:34:46+00:00","mainEntityOfPage":{"@id":"https:\/\/kalot.com.mx\/site\/2013\/11\/12\/museo-dolores-olmedo-paraiso-en-medio-del-caos-martesdemochilazo\/"},"wordCount":398,"commentCount":0,"publisher":{"@id":"https:\/\/kalot.com.mx\/site\/#organization"},"image":{"@id":"https:\/\/kalot.com.mx\/site\/2013\/11\/12\/museo-dolores-olmedo-paraiso-en-medio-del-caos-martesdemochilazo\/#primaryimage"},"thumbnailUrl":"https:\/\/i0.wp.com\/kalot.com.mx\/site\/wp-content\/uploads\/2013\/11\/100_4742.jpg?fit=1000%2C750&ssl=1","inLanguage":"es","potentialAction":[{"@type":"CommentAction","name":"Comment","target":["https:\/\/kalot.com.mx\/site\/2013\/11\/12\/museo-dolores-olmedo-paraiso-en-medio-del-caos-martesdemochilazo\/#respond"]}]},{"@type":"WebPage","@id":"https:\/\/kalot.com.mx\/site\/2013\/11\/12\/museo-dolores-olmedo-paraiso-en-medio-del-caos-martesdemochilazo\/","url":"https:\/\/kalot.com.mx\/site\/2013\/11\/12\/museo-dolores-olmedo-paraiso-en-medio-del-caos-martesdemochilazo\/","name":"Museo Dolores Olmedo -Para\u00edso en medio del caos #Martesdemochilazo - Kalot","isPartOf":{"@id":"https:\/\/kalot.com.mx\/site\/#website"},"primaryImageOfPage":{"@id":"https:\/\/kalot.com.mx\/site\/2013\/11\/12\/museo-dolores-olmedo-paraiso-en-medio-del-caos-martesdemochilazo\/#primaryimage"},"image":{"@id":"https:\/\/kalot.com.mx\/site\/2013\/11\/12\/museo-dolores-olmedo-paraiso-en-medio-del-caos-martesdemochilazo\/#primaryimage"},"thumbnailUrl":"https:\/\/i0.wp.com\/kalot.com.mx\/site\/wp-content\/uploads\/2013\/11\/100_4742.jpg?fit=1000%2C750&ssl=1","datePublished":"2013-11-12T16:34:46+00:00","description":"Alguna vez les contaba de mi relaci\u00f3n amor-odio con la Ciudad M\u00e9xico. Pues hoy les hablar\u00e9 de amor, porque les contar\u00e9 de uno de mis lugares favoritos en","breadcrumb":{"@id":"https:\/\/kalot.com.mx\/site\/2013\/11\/12\/museo-dolores-olmedo-paraiso-en-medio-del-caos-martesdemochilazo\/#breadcrumb"},"inLanguage":"es","potentialAction":[{"@type":"ReadAction","target":["https:\/\/kalot.com.mx\/site\/2013\/11\/12\/museo-dolores-olmedo-paraiso-en-medio-del-caos-martesdemochilazo\/"]}]},{"@type":"ImageObject","inLanguage":"es","@id":"https:\/\/kalot.com.mx\/site\/2013\/11\/12\/museo-dolores-olmedo-paraiso-en-medio-del-caos-martesdemochilazo\/#primaryimage","url":"https:\/\/i0.wp.com\/kalot.com.mx\/site\/wp-content\/uploads\/2013\/11\/100_4742.jpg?fit=1000%2C750&ssl=1","contentUrl":"https:\/\/i0.wp.com\/kalot.com.mx\/site\/wp-content\/uploads\/2013\/11\/100_4742.jpg?fit=1000%2C750&ssl=1","width":1000,"height":750,"caption":"Xochimilco, M\u00e9xico"},{"@type":"BreadcrumbList","@id":"https:\/\/kalot.com.mx\/site\/2013\/11\/12\/museo-dolores-olmedo-paraiso-en-medio-del-caos-martesdemochilazo\/#breadcrumb","itemListElement":[{"@type":"ListItem","position":1,"name":"Home","item":"https:\/\/kalot.com.mx\/site\/"},{"@type":"ListItem","position":2,"name":"Museo Dolores Olmedo -Para\u00edso en medio del caos #Martesdemochilazo"}]},{"@type":"WebSite","@id":"https:\/\/kalot.com.mx\/site\/#website","url":"https:\/\/kalot.com.mx\/site\/","name":"Kalot","description":"Conoce Todo Sobre Todo","publisher":{"@id":"https:\/\/kalot.com.mx\/site\/#organization"},"potentialAction":[{"@type":"SearchAction","target":{"@type":"EntryPoint","urlTemplate":"https:\/\/kalot.com.mx\/site\/?s={search_term_string}"},"query-input":{"@type":"PropertyValueSpecification","valueRequired":true,"valueName":"search_term_string"}}],"inLanguage":"es"},{"@type":"Organization","@id":"https:\/\/kalot.com.mx\/site\/#organization","name":"Kalot","url":"https:\/\/kalot.com.mx\/site\/","logo":{"@type":"ImageObject","inLanguage":"es","@id":"https:\/\/kalot.com.mx\/site\/#\/schema\/logo\/image\/","url":"https:\/\/i0.wp.com\/kalot.com.mx\/site\/wp-content\/uploads\/2020\/04\/Kalot-logo-sin-tagline.png?fit=1707%2C1014&ssl=1","contentUrl":"https:\/\/i0.wp.com\/kalot.com.mx\/site\/wp-content\/uploads\/2020\/04\/Kalot-logo-sin-tagline.png?fit=1707%2C1014&ssl=1","width":1707,"height":1014,"caption":"Kalot"},"image":{"@id":"https:\/\/kalot.com.mx\/site\/#\/schema\/logo\/image\/"},"sameAs":["http:\/\/facebook.com\/mxkalot","https:\/\/x.com\/kalotmx","http:\/\/instagram.com\/kalotmx","http:\/\/pinterest.com\/jorgeerana\/kalot"]},{"@type":"Person","@id":"https:\/\/kalot.com.mx\/site\/#\/schema\/person\/50bd26831dd79b281498465bb24db139","name":"Adriana Baranda","image":{"@type":"ImageObject","inLanguage":"es","@id":"https:\/\/secure.gravatar.com\/avatar\/e6e520b0e3ee828ce53d00bdfb79115553fa526ea9a591549255876a460c1a05?s=96&d=mm&r=g","url":"https:\/\/secure.gravatar.com\/avatar\/e6e520b0e3ee828ce53d00bdfb79115553fa526ea9a591549255876a460c1a05?s=96&d=mm&r=g","contentUrl":"https:\/\/secure.gravatar.com\/avatar\/e6e520b0e3ee828ce53d00bdfb79115553fa526ea9a591549255876a460c1a05?s=96&d=mm&r=g","caption":"Adriana Baranda"},"description":"Soy Adriana Baranda, mejor conocida como Nina. Soy Licenciada en Relaciones Internacionales, y me encanta mi profesion, pero solo en la teoria, no en la practica; asi que soy el ente tripartito esquizofrenico detras de Laitue Hydroponics (lechugas hidroponicas) y me gusta leer, viajar y escribir.","sameAs":["https:\/\/x.com\/ninamonsivais"],"url":"https:\/\/kalot.com.mx\/site\/author\/nina\/"}]}},"jetpack_publicize_connections":[],"jetpack_featured_media_url":"https:\/\/i0.wp.com\/kalot.com.mx\/site\/wp-content\/uploads\/2013\/11\/100_4742.jpg?fit=1000%2C750&ssl=1","jetpack_shortlink":"https:\/\/wp.me\/p6IHEI-1EF","jetpack-related-posts":[{"id":26637,"url":"https:\/\/kalot.com.mx\/site\/2016\/11\/10\/festival-internacional-las-luces-mexico-2016\/","url_meta":{"origin":6365,"position":0},"title":"Festival Internacional de las Luces M\u00e9xico 2016","author":"David S\u00e1nchez","date":"10 noviembre, 2016","format":false,"excerpt":"Vagando por los eventos culturales que se encuentran en el D.F. (la Ciudad de M\u00e9xico para Mancera) en los cuales relucen las exposiciones de MLK en el Museo de Memoria y Tolerancia; Anish Kapoor en el MUAC; Otto Dix en el Munal; Javier Senosiain, Agricultura Org\u00e1nica en el Museo Nacional\u2026","rel":"","context":"En &quot;Cultura&quot;","block_context":{"text":"Cultura","link":"https:\/\/kalot.com.mx\/site\/category\/cultura\/"},"img":{"alt_text":"","src":"https:\/\/i0.wp.com\/kalot.com.mx\/site\/wp-content\/uploads\/2016\/11\/1_Teresa-Mar%E2%80%93Paradiso.jpg?fit=750%2C500&ssl=1&resize=350%2C200","width":350,"height":200,"srcset":"https:\/\/i0.wp.com\/kalot.com.mx\/site\/wp-content\/uploads\/2016\/11\/1_Teresa-Mar%E2%80%93Paradiso.jpg?fit=750%2C500&ssl=1&resize=350%2C200 1x, https:\/\/i0.wp.com\/kalot.com.mx\/site\/wp-content\/uploads\/2016\/11\/1_Teresa-Mar%E2%80%93Paradiso.jpg?fit=750%2C500&ssl=1&resize=525%2C300 1.5x, https:\/\/i0.wp.com\/kalot.com.mx\/site\/wp-content\/uploads\/2016\/11\/1_Teresa-Mar%E2%80%93Paradiso.jpg?fit=750%2C500&ssl=1&resize=700%2C400 2x"},"classes":[]},{"id":25625,"url":"https:\/\/kalot.com.mx\/site\/2016\/06\/30\/osiris-puerto-arte-experimental\/","url_meta":{"origin":6365,"position":1},"title":"Osiris Puerto. Arte Experimental    Transformando el Mundo, Concepto y Expresi\u00f3n","author":"Ang\u00e9lica Pozos","date":"30 junio, 2016","format":false,"excerpt":"\u201cEl arte es pensamiento materializado\u201d. Es la cita de Rafael Bosch, que acompa\u00f1a a Osiris Puerto, quien a sus 35 a\u00f1os de edad ya cuenta con una amplia experiencia en el gremio del arte desde 1988. Pr\u00f3ximo a titularse como Licenciado en Arte y Patrimonio Cultural en la Universidad Aut\u00f3noma\u2026","rel":"","context":"En &quot;Cultura&quot;","block_context":{"text":"Cultura","link":"https:\/\/kalot.com.mx\/site\/category\/cultura\/"},"img":{"alt_text":"","src":"https:\/\/i0.wp.com\/kalot.com.mx\/site\/wp-content\/uploads\/2016\/06\/224196_2011391967035_5480872_n.jpg?fit=720%2C458&ssl=1&resize=350%2C200","width":350,"height":200,"srcset":"https:\/\/i0.wp.com\/kalot.com.mx\/site\/wp-content\/uploads\/2016\/06\/224196_2011391967035_5480872_n.jpg?fit=720%2C458&ssl=1&resize=350%2C200 1x, https:\/\/i0.wp.com\/kalot.com.mx\/site\/wp-content\/uploads\/2016\/06\/224196_2011391967035_5480872_n.jpg?fit=720%2C458&ssl=1&resize=525%2C300 1.5x, https:\/\/i0.wp.com\/kalot.com.mx\/site\/wp-content\/uploads\/2016\/06\/224196_2011391967035_5480872_n.jpg?fit=720%2C458&ssl=1&resize=700%2C400 2x"},"classes":[]},{"id":17231,"url":"https:\/\/kalot.com.mx\/site\/2014\/07\/11\/la-obsesion-infinita-de-yayoi-kusama\/","url_meta":{"origin":6365,"position":2},"title":"La obsesi\u00f3n infinita de Yayoi Kusama.","author":"Gustavo Elizarrar\u00e1s","date":"11 julio, 2014","format":false,"excerpt":"Este 25 de Septiembre tendremos una de las exposici\u00f3nes de arte contemporaneo m\u00e1s importantes del a\u00f1o, Yayoi Kusama nos trae la obra \"Obesesi\u00f3n Infinita\" con m\u00e1s de 100 piezas creadas dentre 1949 y 2013 y podremos apreciarla en el museo Tamayo de Arte Contemporaneo, en la ciudad de M\u00e9xico. La\u2026","rel":"","context":"En &quot;Sin categor\u00eda&quot;","block_context":{"text":"Sin categor\u00eda","link":"https:\/\/kalot.com.mx\/site\/category\/sin-categoria\/"},"img":{"alt_text":"","src":"https:\/\/i0.wp.com\/kalot.com.mx\/site\/wp-content\/uploads\/2014\/07\/kusama-ALTERNOPOLIS-3.jpg?fit=750%2C499&ssl=1&resize=350%2C200","width":350,"height":200,"srcset":"https:\/\/i0.wp.com\/kalot.com.mx\/site\/wp-content\/uploads\/2014\/07\/kusama-ALTERNOPOLIS-3.jpg?fit=750%2C499&ssl=1&resize=350%2C200 1x, https:\/\/i0.wp.com\/kalot.com.mx\/site\/wp-content\/uploads\/2014\/07\/kusama-ALTERNOPOLIS-3.jpg?fit=750%2C499&ssl=1&resize=525%2C300 1.5x, https:\/\/i0.wp.com\/kalot.com.mx\/site\/wp-content\/uploads\/2014\/07\/kusama-ALTERNOPOLIS-3.jpg?fit=750%2C499&ssl=1&resize=700%2C400 2x"},"classes":[]},{"id":30702,"url":"https:\/\/kalot.com.mx\/site\/2018\/11\/27\/museo\/","url_meta":{"origin":6365,"position":3},"title":"Museo","author":"Aldo L\u00f3pez","date":"27 noviembre, 2018","format":false,"excerpt":"Gran parte de la premiada Museo posee una belleza visual y una banda sonora profunda e impactante. Trama ubicada en una \u00e9poca que marc\u00f3 al pa\u00eds de M\u00e9xico (1985) nos cuenta la historia de dos j\u00f3venes: Juan Nu\u00f1ez (Gael Garc\u00eda Bernal) y Benjam\u00edn Wilson (Leonardo Ortizgris) quienes llevan varios a\u00f1os\u2026","rel":"","context":"En &quot;Cine&quot;","block_context":{"text":"Cine","link":"https:\/\/kalot.com.mx\/site\/category\/cine\/"},"img":{"alt_text":"","src":"https:\/\/i0.wp.com\/kalot.com.mx\/site\/wp-content\/uploads\/2018\/11\/Museo_Alonso_Ruizpalacios.jpg?fit=752%2C432&ssl=1&resize=350%2C200","width":350,"height":200,"srcset":"https:\/\/i0.wp.com\/kalot.com.mx\/site\/wp-content\/uploads\/2018\/11\/Museo_Alonso_Ruizpalacios.jpg?fit=752%2C432&ssl=1&resize=350%2C200 1x, https:\/\/i0.wp.com\/kalot.com.mx\/site\/wp-content\/uploads\/2018\/11\/Museo_Alonso_Ruizpalacios.jpg?fit=752%2C432&ssl=1&resize=525%2C300 1.5x, https:\/\/i0.wp.com\/kalot.com.mx\/site\/wp-content\/uploads\/2018\/11\/Museo_Alonso_Ruizpalacios.jpg?fit=752%2C432&ssl=1&resize=700%2C400 2x"},"classes":[]},{"id":4062,"url":"https:\/\/kalot.com.mx\/site\/2013\/10\/15\/el-museo-de-las-relaciones-rotas-una-alternativa-viable-para-sobrellevar-una-ruptura-3\/","url_meta":{"origin":6365,"position":4},"title":"El Museo de las Relaciones Rotas, una alternativa viable para sobrellevar una ruptura","author":"Fernanda S\u00e1nchez","date":"15 octubre, 2013","format":false,"excerpt":"Despu\u00e9s de una ruptura, no solo nos hundimos en la depresi\u00f3n y la melancol\u00eda, encontramos en cualquier objeto, cualquier canci\u00f3n, cualquier lugar, algo que nos recuerde a esa persona. Muchas veces, lidiar con estas situaciones resulta casi imposible, y por m\u00e1s que las personas externas nos den consejos de superaci\u00f3n,\u2026","rel":"","context":"Entrada similar ","block_context":{"text":"Entrada similar ","link":""},"img":{"alt_text":"","src":"https:\/\/i0.wp.com\/kalot.com.mx\/site\/wp-content\/uploads\/2013\/10\/broken-glass.jpg?fit=618%2C300&ssl=1&resize=350%2C200","width":350,"height":200,"srcset":"https:\/\/i0.wp.com\/kalot.com.mx\/site\/wp-content\/uploads\/2013\/10\/broken-glass.jpg?fit=618%2C300&ssl=1&resize=350%2C200 1x, https:\/\/i0.wp.com\/kalot.com.mx\/site\/wp-content\/uploads\/2013\/10\/broken-glass.jpg?fit=618%2C300&ssl=1&resize=525%2C300 1.5x"},"classes":[]},{"id":988,"url":"https:\/\/kalot.com.mx\/site\/2013\/09\/07\/viernes-de-pate-y-laberinto\/","url_meta":{"origin":6365,"position":5},"title":"Viernes de Pat\u00e9 y Laberinto","author":"Galore","date":"7 septiembre, 2013","format":false,"excerpt":"El Museo Laberinto es el \u00fanico museo de ciencia y tecnolog\u00eda en el estado de San Luis Potosi, inaugurado el 4 de septiembre de 2008 por el gobernador en turno, Marcelo de los Santos, con una arquitectura \u00fanica en el estado, dise\u00f1o aportaci\u00f3n de Ricardo Legorreta, quien se baso en\u2026","rel":"","context":"En &quot;Sin categor\u00eda&quot;","block_context":{"text":"Sin categor\u00eda","link":"https:\/\/kalot.com.mx\/site\/category\/sin-categoria\/"},"img":{"alt_text":"","src":"https:\/\/i0.wp.com\/kalot.com.mx\/site\/wp-content\/uploads\/2013\/09\/Captura-de-pantalla-2013-09-07-a-las-20.49.01.png?fit=717%2C232&ssl=1&resize=350%2C200","width":350,"height":200,"srcset":"https:\/\/i0.wp.com\/kalot.com.mx\/site\/wp-content\/uploads\/2013\/09\/Captura-de-pantalla-2013-09-07-a-las-20.49.01.png?fit=717%2C232&ssl=1&resize=350%2C200 1x, https:\/\/i0.wp.com\/kalot.com.mx\/site\/wp-content\/uploads\/2013\/09\/Captura-de-pantalla-2013-09-07-a-las-20.49.01.png?fit=717%2C232&ssl=1&resize=525%2C300 1.5x, https:\/\/i0.wp.com\/kalot.com.mx\/site\/wp-content\/uploads\/2013\/09\/Captura-de-pantalla-2013-09-07-a-las-20.49.01.png?fit=717%2C232&ssl=1&resize=700%2C400 2x"},"classes":[]}],"jetpack_sharing_enabled":true,"_links":{"self":[{"href":"https:\/\/kalot.com.mx\/site\/wp-json\/wp\/v2\/posts\/6365","targetHints":{"allow":["GET"]}}],"collection":[{"href":"https:\/\/kalot.com.mx\/site\/wp-json\/wp\/v2\/posts"}],"about":[{"href":"https:\/\/kalot.com.mx\/site\/wp-json\/wp\/v2\/types\/post"}],"author":[{"embeddable":true,"href":"https:\/\/kalot.com.mx\/site\/wp-json\/wp\/v2\/users\/28"}],"replies":[{"embeddable":true,"href":"https:\/\/kalot.com.mx\/site\/wp-json\/wp\/v2\/comments?post=6365"}],"version-history":[{"count":0,"href":"https:\/\/kalot.com.mx\/site\/wp-json\/wp\/v2\/posts\/6365\/revisions"}],"wp:featuredmedia":[{"embeddable":true,"href":"https:\/\/kalot.com.mx\/site\/wp-json\/wp\/v2\/media\/6366"}],"wp:attachment":[{"href":"https:\/\/kalot.com.mx\/site\/wp-json\/wp\/v2\/media?parent=6365"}],"wp:term":[{"taxonomy":"category","embeddable":true,"href":"https:\/\/kalot.com.mx\/site\/wp-json\/wp\/v2\/categories?post=6365"},{"taxonomy":"post_tag","embeddable":true,"href":"https:\/\/kalot.com.mx\/site\/wp-json\/wp\/v2\/tags?post=6365"}],"curies":[{"name":"wp","href":"https:\/\/api.w.org\/{rel}","templated":true}]}}