{"id":6233,"date":"2013-11-10T19:38:40","date_gmt":"2013-11-11T01:38:40","guid":{"rendered":"http:\/\/www.kalot.com.mx\/?p=6233"},"modified":"2014-02-03T22:17:37","modified_gmt":"2014-02-04T04:17:37","slug":"el-chicle-imagen-negativa-o-positiva","status":"publish","type":"post","link":"https:\/\/kalot.com.mx\/site\/2013\/11\/10\/el-chicle-imagen-negativa-o-positiva\/","title":{"rendered":"El chicle, imagen negativa o positiva??"},"content":{"rendered":"<p><a href=\"https:\/\/i0.wp.com\/www.kalot.com.mx\/wp-content\/uploads\/2013\/11\/20131110-072650-p.m..jpg\"><img data-recalc-dims=\"1\" decoding=\"async\" src=\"https:\/\/i0.wp.com\/www.kalot.com.mx\/wp-content\/uploads\/2013\/11\/20131110-072650-p.m..jpg?w=1200\" alt=\"20131110-072650 p.m..jpg\" class=\"alignnone size-full\" \/><\/a><\/p>\n<p>por Ceci Cuevas<\/p>\n<p>Yo nunca he comprado un paquete de chicles, casi no los consumo. Me gustan los que vienen en cubos solo por la forma, por el simple dise\u00f1o. No soy alguien que har\u00eda promoci\u00f3n a una marca de chicles ni que invitara a alguien a comprarlos.<br \/>\nComo la mayor\u00eda de las cosas, es algo que aprend\u00ed en casa, desde chica me dijeron que masticar chicle no es bien visto. Costumbre de mis pap\u00e1s y de sus pap\u00e1s (supongo) y como tal, la informaci\u00f3n se va pasando de generaci\u00f3n a generaci\u00f3n HASTA QUE el paradigma se rompe con alguna vivencia. En realidad masticar o mascar chicle, como le quieras decir, puede ser mal visto o bien visto dependiendo del contexto en donde lo veas. <\/p>\n<p>Este experimento hecho en el MACBA Museo de Arte Contempor\u00e1neo de Buenos Aires (Argentina) el mes pasado me pareci\u00f3 GENIAL.<br \/>\nTe dejo el link <a href=\"http:\/\/www.adlatina.com\/publicidad\/\u201ccasi-id\u00e9nticos\u201d-el-caso-completo-de-del-campo-ss-para-beldent-infinit\">AQUI<\/a> para que veas el video antes de seguir leyendo.<\/p>\n<p>No me hab\u00eda dado cuenta de la imagen que tenemos de las personas que mastican chicle, y este experimento me gust\u00f3 por el hecho de que podemos cambiar la manera de ver las cosas simplemente dando una perspectiva diferente.<\/p>\n<p>Supongo que la marca de chicles Beldent Infinit tiene un buen punto. Aunque tampoco me imagino a un gerente de un restaurante muy elegante  masticando chicle y resolviendo el problema de un cliente en su mesa, quiz\u00e1s el gerente sea muy alivianado y puede que fuera de su trabajo sea una persona sociable y le guste masticar chicle para ir por unos drinks a un bar con sus amigos.<br \/>\nRepito, depende del contexto, cierto? <\/p>\n<p>No quiere decir que con esto ahora voy a comprar chicles, solamente como dije al principio, depende en que contexto te encuentras est\u00e1 bien o mal visto.<\/p>\n<p>Qu\u00e9 opinas de este experimento?<\/p>\n","protected":false},"excerpt":{"rendered":"por Ceci Cuevas Yo nunca he comprado un paquete de chicles, casi no los consumo. Me gustan los&hellip;\n","protected":false},"author":42,"featured_media":6232,"comment_status":"open","ping_status":"open","sticky":false,"template":"","format":"standard","meta":{"jetpack_post_was_ever_published":false,"_jetpack_newsletter_access":"","_jetpack_dont_email_post_to_subs":false,"_jetpack_newsletter_tier_id":0,"_jetpack_memberships_contains_paywalled_content":false,"_jetpack_memberships_contains_paid_content":false,"footnotes":"","jetpack_publicize_message":"","jetpack_publicize_feature_enabled":true,"jetpack_social_post_already_shared":true,"jetpack_social_options":{"image_generator_settings":{"template":"highway","default_image_id":0,"font":"","enabled":false},"version":2}},"categories":[],"tags":[],"class_list":{"0":"post-6233","1":"post","2":"type-post","3":"status-publish","4":"format-standard","5":"has-post-thumbnail","7":"cs-entry","8":"cs-video-wrap"},"yoast_head":"<!-- This site is optimized with the Yoast SEO plugin v27.5 - https:\/\/yoast.com\/product\/yoast-seo-wordpress\/ -->\n<title>El chicle, imagen negativa o positiva?? - Kalot<\/title>\n<meta name=\"description\" content=\"por Ceci Cuevas Yo nunca he comprado un paquete de chicles, casi no los consumo. Me gustan los que vienen en cubos solo por la forma, por el simple\" \/>\n<meta name=\"robots\" content=\"index, follow, max-snippet:-1, max-image-preview:large, max-video-preview:-1\" \/>\n<link rel=\"canonical\" href=\"https:\/\/kalot.com.mx\/site\/2013\/11\/10\/el-chicle-imagen-negativa-o-positiva\/\" \/>\n<meta property=\"og:locale\" content=\"es_MX\" \/>\n<meta property=\"og:type\" content=\"article\" \/>\n<meta property=\"og:title\" content=\"El chicle, imagen negativa o positiva?? - Kalot\" \/>\n<meta property=\"og:description\" content=\"por Ceci Cuevas Yo nunca he comprado un paquete de chicles, casi no los consumo. Me gustan los que vienen en cubos solo por la forma, por el simple\" \/>\n<meta property=\"og:url\" content=\"https:\/\/kalot.com.mx\/site\/2013\/11\/10\/el-chicle-imagen-negativa-o-positiva\/\" \/>\n<meta property=\"og:site_name\" content=\"Kalot\" \/>\n<meta property=\"article:publisher\" content=\"http:\/\/facebook.com\/mxkalot\" \/>\n<meta property=\"article:author\" content=\"www.facebook.com\/ccnetworkmarketing\" \/>\n<meta property=\"article:published_time\" content=\"2013-11-11T01:38:40+00:00\" \/>\n<meta property=\"article:modified_time\" content=\"2014-02-04T04:17:37+00:00\" \/>\n<meta property=\"og:image\" content=\"https:\/\/i0.wp.com\/kalot.com.mx\/site\/wp-content\/uploads\/2013\/11\/20131110-072807-p.m..jpg?fit=1371%2C860&ssl=1\" \/>\n\t<meta property=\"og:image:width\" content=\"1371\" \/>\n\t<meta property=\"og:image:height\" content=\"860\" \/>\n\t<meta property=\"og:image:type\" content=\"image\/jpeg\" \/>\n<meta name=\"author\" content=\"Ceci Cuevas\" \/>\n<meta name=\"twitter:card\" content=\"summary_large_image\" \/>\n<meta name=\"twitter:creator\" content=\"@cecicue\" \/>\n<meta name=\"twitter:site\" content=\"@kalotmx\" \/>\n<meta name=\"twitter:label1\" content=\"Escrito por\" \/>\n\t<meta name=\"twitter:data1\" content=\"Ceci Cuevas\" \/>\n\t<meta name=\"twitter:label2\" content=\"Tiempo de lectura\" \/>\n\t<meta name=\"twitter:data2\" content=\"2 minutos\" \/>\n<!-- \/ Yoast SEO plugin. -->","yoast_head_json":{"title":"El chicle, imagen negativa o positiva?? - Kalot","description":"por Ceci Cuevas Yo nunca he comprado un paquete de chicles, casi no los consumo. Me gustan los que vienen en cubos solo por la forma, por el simple","robots":{"index":"index","follow":"follow","max-snippet":"max-snippet:-1","max-image-preview":"max-image-preview:large","max-video-preview":"max-video-preview:-1"},"canonical":"https:\/\/kalot.com.mx\/site\/2013\/11\/10\/el-chicle-imagen-negativa-o-positiva\/","og_locale":"es_MX","og_type":"article","og_title":"El chicle, imagen negativa o positiva?? - Kalot","og_description":"por Ceci Cuevas Yo nunca he comprado un paquete de chicles, casi no los consumo. Me gustan los que vienen en cubos solo por la forma, por el simple","og_url":"https:\/\/kalot.com.mx\/site\/2013\/11\/10\/el-chicle-imagen-negativa-o-positiva\/","og_site_name":"Kalot","article_publisher":"http:\/\/facebook.com\/mxkalot","article_author":"www.facebook.com\/ccnetworkmarketing","article_published_time":"2013-11-11T01:38:40+00:00","article_modified_time":"2014-02-04T04:17:37+00:00","og_image":[{"width":1371,"height":860,"url":"https:\/\/i0.wp.com\/kalot.com.mx\/site\/wp-content\/uploads\/2013\/11\/20131110-072807-p.m..jpg?fit=1371%2C860&ssl=1","type":"image\/jpeg"}],"author":"Ceci Cuevas","twitter_card":"summary_large_image","twitter_creator":"@cecicue","twitter_site":"@kalotmx","twitter_misc":{"Escrito por":"Ceci Cuevas","Tiempo de lectura":"2 minutos"},"schema":{"@context":"https:\/\/schema.org","@graph":[{"@type":"Article","@id":"https:\/\/kalot.com.mx\/site\/2013\/11\/10\/el-chicle-imagen-negativa-o-positiva\/#article","isPartOf":{"@id":"https:\/\/kalot.com.mx\/site\/2013\/11\/10\/el-chicle-imagen-negativa-o-positiva\/"},"author":{"name":"Ceci Cuevas","@id":"https:\/\/kalot.com.mx\/site\/#\/schema\/person\/5d7625a40d327534687b4ed7a14cc45f"},"headline":"El chicle, imagen negativa o positiva??","datePublished":"2013-11-11T01:38:40+00:00","dateModified":"2014-02-04T04:17:37+00:00","mainEntityOfPage":{"@id":"https:\/\/kalot.com.mx\/site\/2013\/11\/10\/el-chicle-imagen-negativa-o-positiva\/"},"wordCount":322,"commentCount":4,"publisher":{"@id":"https:\/\/kalot.com.mx\/site\/#organization"},"image":{"@id":"https:\/\/kalot.com.mx\/site\/2013\/11\/10\/el-chicle-imagen-negativa-o-positiva\/#primaryimage"},"thumbnailUrl":"https:\/\/i0.wp.com\/kalot.com.mx\/site\/wp-content\/uploads\/2013\/11\/20131110-072807-p.m..jpg?fit=1371%2C860&ssl=1","inLanguage":"es","potentialAction":[{"@type":"CommentAction","name":"Comment","target":["https:\/\/kalot.com.mx\/site\/2013\/11\/10\/el-chicle-imagen-negativa-o-positiva\/#respond"]}]},{"@type":"WebPage","@id":"https:\/\/kalot.com.mx\/site\/2013\/11\/10\/el-chicle-imagen-negativa-o-positiva\/","url":"https:\/\/kalot.com.mx\/site\/2013\/11\/10\/el-chicle-imagen-negativa-o-positiva\/","name":"El chicle, imagen negativa o positiva?? - Kalot","isPartOf":{"@id":"https:\/\/kalot.com.mx\/site\/#website"},"primaryImageOfPage":{"@id":"https:\/\/kalot.com.mx\/site\/2013\/11\/10\/el-chicle-imagen-negativa-o-positiva\/#primaryimage"},"image":{"@id":"https:\/\/kalot.com.mx\/site\/2013\/11\/10\/el-chicle-imagen-negativa-o-positiva\/#primaryimage"},"thumbnailUrl":"https:\/\/i0.wp.com\/kalot.com.mx\/site\/wp-content\/uploads\/2013\/11\/20131110-072807-p.m..jpg?fit=1371%2C860&ssl=1","datePublished":"2013-11-11T01:38:40+00:00","dateModified":"2014-02-04T04:17:37+00:00","description":"por Ceci Cuevas Yo nunca he comprado un paquete de chicles, casi no los consumo. Me gustan los que vienen en cubos solo por la forma, por el simple","breadcrumb":{"@id":"https:\/\/kalot.com.mx\/site\/2013\/11\/10\/el-chicle-imagen-negativa-o-positiva\/#breadcrumb"},"inLanguage":"es","potentialAction":[{"@type":"ReadAction","target":["https:\/\/kalot.com.mx\/site\/2013\/11\/10\/el-chicle-imagen-negativa-o-positiva\/"]}]},{"@type":"ImageObject","inLanguage":"es","@id":"https:\/\/kalot.com.mx\/site\/2013\/11\/10\/el-chicle-imagen-negativa-o-positiva\/#primaryimage","url":"https:\/\/i0.wp.com\/kalot.com.mx\/site\/wp-content\/uploads\/2013\/11\/20131110-072807-p.m..jpg?fit=1371%2C860&ssl=1","contentUrl":"https:\/\/i0.wp.com\/kalot.com.mx\/site\/wp-content\/uploads\/2013\/11\/20131110-072807-p.m..jpg?fit=1371%2C860&ssl=1","width":1371,"height":860},{"@type":"BreadcrumbList","@id":"https:\/\/kalot.com.mx\/site\/2013\/11\/10\/el-chicle-imagen-negativa-o-positiva\/#breadcrumb","itemListElement":[{"@type":"ListItem","position":1,"name":"Home","item":"https:\/\/kalot.com.mx\/site\/"},{"@type":"ListItem","position":2,"name":"El chicle, imagen negativa o positiva??"}]},{"@type":"WebSite","@id":"https:\/\/kalot.com.mx\/site\/#website","url":"https:\/\/kalot.com.mx\/site\/","name":"Kalot","description":"Conoce Todo Sobre Todo","publisher":{"@id":"https:\/\/kalot.com.mx\/site\/#organization"},"potentialAction":[{"@type":"SearchAction","target":{"@type":"EntryPoint","urlTemplate":"https:\/\/kalot.com.mx\/site\/?s={search_term_string}"},"query-input":{"@type":"PropertyValueSpecification","valueRequired":true,"valueName":"search_term_string"}}],"inLanguage":"es"},{"@type":"Organization","@id":"https:\/\/kalot.com.mx\/site\/#organization","name":"Kalot","url":"https:\/\/kalot.com.mx\/site\/","logo":{"@type":"ImageObject","inLanguage":"es","@id":"https:\/\/kalot.com.mx\/site\/#\/schema\/logo\/image\/","url":"https:\/\/i0.wp.com\/kalot.com.mx\/site\/wp-content\/uploads\/2020\/04\/Kalot-logo-sin-tagline.png?fit=1707%2C1014&ssl=1","contentUrl":"https:\/\/i0.wp.com\/kalot.com.mx\/site\/wp-content\/uploads\/2020\/04\/Kalot-logo-sin-tagline.png?fit=1707%2C1014&ssl=1","width":1707,"height":1014,"caption":"Kalot"},"image":{"@id":"https:\/\/kalot.com.mx\/site\/#\/schema\/logo\/image\/"},"sameAs":["http:\/\/facebook.com\/mxkalot","https:\/\/x.com\/kalotmx","http:\/\/instagram.com\/kalotmx","http:\/\/pinterest.com\/jorgeerana\/kalot"]},{"@type":"Person","@id":"https:\/\/kalot.com.mx\/site\/#\/schema\/person\/5d7625a40d327534687b4ed7a14cc45f","name":"Ceci Cuevas","image":{"@type":"ImageObject","inLanguage":"es","@id":"https:\/\/secure.gravatar.com\/avatar\/eb67283f0955fdcbe348e756175633a09db0e985178f12294cc5a313011d7d77?s=96&d=mm&r=g","url":"https:\/\/secure.gravatar.com\/avatar\/eb67283f0955fdcbe348e756175633a09db0e985178f12294cc5a313011d7d77?s=96&d=mm&r=g","contentUrl":"https:\/\/secure.gravatar.com\/avatar\/eb67283f0955fdcbe348e756175633a09db0e985178f12294cc5a313011d7d77?s=96&d=mm&r=g","caption":"Ceci Cuevas"},"description":"Pasi\u00f3n por la vida, por los amigos. Amo la vida en Cancun! Desarrollo mi negocio por internet a trav\u00e9s de redes sociales. Pet lover. Activista ambiental. Lee mas de mi en www.CeciCuevas.com","sameAs":["http:\/\/www.cecicuevas.com","www.facebook.com\/ccnetworkmarketing","https:\/\/x.com\/cecicue"],"url":"https:\/\/kalot.com.mx\/site\/author\/ceci\/"}]}},"jetpack_publicize_connections":[],"jetpack_featured_media_url":"https:\/\/i0.wp.com\/kalot.com.mx\/site\/wp-content\/uploads\/2013\/11\/20131110-072807-p.m..jpg?fit=1371%2C860&ssl=1","jetpack_shortlink":"https:\/\/wp.me\/p6IHEI-1Cx","jetpack-related-posts":[{"id":20216,"url":"https:\/\/kalot.com.mx\/site\/2015\/01\/28\/chicle-para-el-mal-aliento-ortografico\/","url_meta":{"origin":6233,"position":0},"title":"Chicle para el mal aliento ortogr\u00e1fico","author":"Fernando Benitez","date":"28 enero, 2015","format":false,"excerpt":"Tener mala ortograf\u00eda es como tener mal aliento, todos se dan cuenta,menos t\u00fa, pero no te quieren decir nada por pena, as\u00ed que la mejor manera para \"ayudarte\" es ofreciendo un chicle sin tener que decirte nada directamente. Es por eso que este es un chicle ortogr\u00e1fico, peque\u00f1ito pero de\u2026","rel":"","context":"En &quot;Sin categor\u00eda&quot;","block_context":{"text":"Sin categor\u00eda","link":"https:\/\/kalot.com.mx\/site\/category\/sin-categoria\/"},"img":{"alt_text":"","src":"https:\/\/i0.wp.com\/kalot.com.mx\/site\/wp-content\/uploads\/2015\/01\/yahoo2.jpg?fit=580%2C386&ssl=1&resize=350%2C200","width":350,"height":200,"srcset":"https:\/\/i0.wp.com\/kalot.com.mx\/site\/wp-content\/uploads\/2015\/01\/yahoo2.jpg?fit=580%2C386&ssl=1&resize=350%2C200 1x, https:\/\/i0.wp.com\/kalot.com.mx\/site\/wp-content\/uploads\/2015\/01\/yahoo2.jpg?fit=580%2C386&ssl=1&resize=525%2C300 1.5x"},"classes":[]},{"id":517,"url":"https:\/\/kalot.com.mx\/site\/2013\/09\/04\/estimado-denver-no-te-vayas-al-recreo\/","url_meta":{"origin":6233,"position":1},"title":"Estimado D\u00ebnver, no te vayas al recreo.","author":"Dulce Mireles","date":"4 septiembre, 2013","format":false,"excerpt":"Cuando vi el siguiente tuit, sent\u00ed como si me hubieran cortado por mensaje. Comunicado oficial: D\u00ebnver ha decidido tomarse un receso, Mari y Milk seguir\u00e1n por separados sus caminos. Milk como l\u00edder del proyecto seguir\u00e1 en la \u201cindustria\u201d musical pero con nuevos proyectos, as\u00ed que nuestras \u00faltimas fechas en vivo\u2026","rel":"","context":"Con 2 comentarios","block_context":{"text":"Con 2 comentarios","link":"https:\/\/kalot.com.mx\/site\/2013\/09\/04\/estimado-denver-no-te-vayas-al-recreo\/#comments"},"img":{"alt_text":"","src":"https:\/\/i0.wp.com\/kalot.com.mx\/site\/wp-content\/uploads\/2013\/09\/denver.jpg?fit=400%2C300&ssl=1&resize=350%2C200","width":350,"height":200},"classes":[]},{"id":7992,"url":"https:\/\/kalot.com.mx\/site\/2013\/12\/18\/first-world-problems\/","url_meta":{"origin":6233,"position":2},"title":"First World Problems?","author":"Ceci Cuevas","date":"18 diciembre, 2013","format":false,"excerpt":"por Ceci Cuevas Lo que a veces puede parecer el problema m\u00e1s grave en tu vida... mira este video. Odio cuando el cargador de mi tel\u00e9fono no alcanza a llegar a la cama #FirstWorldProblems Odio cuando voy al ba\u00f1o y se me olvida mi celular #FirstWorldProblems Odio el olor de\u2026","rel":"","context":"Con 1 comentario","block_context":{"text":"Con 1 comentario","link":"https:\/\/kalot.com.mx\/site\/2013\/12\/18\/first-world-problems\/#comments"},"img":{"alt_text":"","src":"https:\/\/i0.wp.com\/kalot.com.mx\/site\/wp-content\/uploads\/2013\/12\/20131218-012726-a.m..jpg?fit=1000%2C1000&ssl=1&resize=350%2C200","width":350,"height":200,"srcset":"https:\/\/i0.wp.com\/kalot.com.mx\/site\/wp-content\/uploads\/2013\/12\/20131218-012726-a.m..jpg?fit=1000%2C1000&ssl=1&resize=350%2C200 1x, https:\/\/i0.wp.com\/kalot.com.mx\/site\/wp-content\/uploads\/2013\/12\/20131218-012726-a.m..jpg?fit=1000%2C1000&ssl=1&resize=525%2C300 1.5x, https:\/\/i0.wp.com\/kalot.com.mx\/site\/wp-content\/uploads\/2013\/12\/20131218-012726-a.m..jpg?fit=1000%2C1000&ssl=1&resize=700%2C400 2x"},"classes":[]},{"id":2752,"url":"https:\/\/kalot.com.mx\/site\/2013\/10\/01\/sin-confines-alekzvillela\/","url_meta":{"origin":6233,"position":3},"title":"Sin Confines&#8230; @alekzvillela","author":"Alejandro Villela","date":"1 octubre, 2013","format":false,"excerpt":"\u00a0 \u00a0 \u00a0 \u00a0\u00bfLes ha pasado que les interesa dar su opini\u00f3n respecto a cualquier tema por m\u00e1s mundano que \u00e9ste sea y 140 caracteres no les son suficientes? \u00bfHan llegado a pensar que tal vez esos di\u00e1logos internos que no compartimos le pueden ser de utilidad o de simple\u2026","rel":"","context":"En &quot;Sin categor\u00eda&quot;","block_context":{"text":"Sin categor\u00eda","link":"https:\/\/kalot.com.mx\/site\/category\/sin-categoria\/"},"img":{"alt_text":"","src":"https:\/\/i0.wp.com\/kalot.com.mx\/site\/wp-content\/uploads\/2013\/10\/Unlimited.jpg?fit=480%2C640&ssl=1&resize=350%2C200","width":350,"height":200},"classes":[]},{"id":11780,"url":"https:\/\/kalot.com.mx\/site\/2014\/02\/15\/recomendaciones-nutricionales\/","url_meta":{"origin":6233,"position":4},"title":"RECOMENDACIONES NUTRICIONALES","author":"Memo Manzano","date":"15 febrero, 2014","format":false,"excerpt":"Si tu dieta se compone de hamburguesas con queso, papas fritas, pizzas doble queso, barras de chocolate y tarros de cerveza, es probable que te sientas preocupado (y con raz\u00f3n) por estar en riesgo de sufrir problemas de salud. Todo mundo sabe que una dieta equilibrada, baja en grasas saturadas\u2026","rel":"","context":"Con 2 comentarios","block_context":{"text":"Con 2 comentarios","link":"https:\/\/kalot.com.mx\/site\/2014\/02\/15\/recomendaciones-nutricionales\/#comments"},"img":{"alt_text":"","src":"https:\/\/i0.wp.com\/kalot.com.mx\/site\/wp-content\/uploads\/2014\/02\/3425848359_d38f9153b7.jpg?fit=500%2C440&ssl=1&resize=350%2C200","width":350,"height":200},"classes":[]},{"id":6172,"url":"https:\/\/kalot.com.mx\/site\/2013\/11\/10\/porque-las-chulas-tambien-lloramos\/","url_meta":{"origin":6233,"position":5},"title":"Porque las chulas tambi\u00e9n lloramos&#8230;","author":"Sandy Rodr\u00edguez","date":"10 noviembre, 2013","format":false,"excerpt":"Que ondaaaa kalochos, esta vez hablare sobre la perdida, la perdida de un ser al que amas, esa persona que era tu todo y ahora es nada, simplemente un recuerdo, que tal vez te dio tus mejores d\u00edas y experiencias pero ahora solo quedaron cenizas y esas cenizas hay que\u2026","rel":"","context":"En &quot;Sin categor\u00eda&quot;","block_context":{"text":"Sin categor\u00eda","link":"https:\/\/kalot.com.mx\/site\/category\/sin-categoria\/"},"img":{"alt_text":"","src":"https:\/\/i0.wp.com\/kalot.com.mx\/site\/wp-content\/uploads\/2013\/11\/1454649_10152065691843816_479229022_n.jpg?fit=497%2C330&ssl=1&resize=350%2C200","width":350,"height":200},"classes":[]}],"jetpack_sharing_enabled":true,"_links":{"self":[{"href":"https:\/\/kalot.com.mx\/site\/wp-json\/wp\/v2\/posts\/6233","targetHints":{"allow":["GET"]}}],"collection":[{"href":"https:\/\/kalot.com.mx\/site\/wp-json\/wp\/v2\/posts"}],"about":[{"href":"https:\/\/kalot.com.mx\/site\/wp-json\/wp\/v2\/types\/post"}],"author":[{"embeddable":true,"href":"https:\/\/kalot.com.mx\/site\/wp-json\/wp\/v2\/users\/42"}],"replies":[{"embeddable":true,"href":"https:\/\/kalot.com.mx\/site\/wp-json\/wp\/v2\/comments?post=6233"}],"version-history":[{"count":0,"href":"https:\/\/kalot.com.mx\/site\/wp-json\/wp\/v2\/posts\/6233\/revisions"}],"wp:featuredmedia":[{"embeddable":true,"href":"https:\/\/kalot.com.mx\/site\/wp-json\/wp\/v2\/media\/6232"}],"wp:attachment":[{"href":"https:\/\/kalot.com.mx\/site\/wp-json\/wp\/v2\/media?parent=6233"}],"wp:term":[{"taxonomy":"category","embeddable":true,"href":"https:\/\/kalot.com.mx\/site\/wp-json\/wp\/v2\/categories?post=6233"},{"taxonomy":"post_tag","embeddable":true,"href":"https:\/\/kalot.com.mx\/site\/wp-json\/wp\/v2\/tags?post=6233"}],"curies":[{"name":"wp","href":"https:\/\/api.w.org\/{rel}","templated":true}]}}