{"id":6184,"date":"2013-11-10T18:57:42","date_gmt":"2013-11-11T00:57:42","guid":{"rendered":"http:\/\/www.kalot.com.mx\/?p=6184"},"modified":"2017-12-20T15:53:20","modified_gmt":"2017-12-20T21:53:20","slug":"el-branding-en-los-super-heroes","status":"publish","type":"post","link":"https:\/\/kalot.com.mx\/site\/2013\/11\/10\/el-branding-en-los-super-heroes\/","title":{"rendered":"Las S\u00fapermarcas"},"content":{"rendered":"<p>La afici\u00f3n y admiraci\u00f3n por los S\u00faperh\u00e9roes han estado presente durante varias generaciones y es sorprendente como su imagen esta en nuestro inconsciente desde peque\u00f1os y el trabajo que se ha hecho y que posiblemente estemos ante unos de los trabajos pioneros de este t\u00f3pico, el Branding personal.<\/p>\n<p>Son sencillas y grandiosas marcas personales, creadas a partir de una identidad secreta, y que como parte de un complemento se desarrollaron trajes y armas con la misma linea de imagen y que como todo tienen que evolucionar, aun que es dif\u00edcil que estas marcas mueran, durante el pasar del tiempo se ha buscado la manera de adaptarse a los nuevos estilos de vida del consumidor.<\/p>\n<p>A los 3 a\u00f1os de edad aproximadamente un ni\u00f1o reconoce el isotipo de un Superh\u00e9roe, y es interesante \u00a0por que a partir de aqu\u00ed, esa figura y colores nunca ser\u00e1n borradas de la mente de la persona.<\/p>\n<p>Pero&#8230; \u00bfQue hay detr\u00e1s de estas S\u00fapermarcas personales?<\/p>\n<p><strong>Superman<\/strong><\/p>\n<p><a href=\"https:\/\/i0.wp.com\/www.kalot.com.mx\/wp-content\/uploads\/2013\/11\/logotipos_superheroes-02.jpg\"><img data-recalc-dims=\"1\" fetchpriority=\"high\" decoding=\"async\" data-attachment-id=\"6199\" data-permalink=\"https:\/\/kalot.com.mx\/site\/2013\/11\/10\/el-branding-en-los-super-heroes\/logotipos_superheroes-02\/\" data-orig-file=\"https:\/\/i0.wp.com\/kalot.com.mx\/site\/wp-content\/uploads\/2013\/11\/logotipos_superheroes-02.jpg?fit=590%2C431&amp;ssl=1\" data-orig-size=\"590,431\" data-comments-opened=\"1\" data-image-meta=\"{&quot;aperture&quot;:&quot;0&quot;,&quot;credit&quot;:&quot;&quot;,&quot;camera&quot;:&quot;&quot;,&quot;caption&quot;:&quot;&quot;,&quot;created_timestamp&quot;:&quot;0&quot;,&quot;copyright&quot;:&quot;&quot;,&quot;focal_length&quot;:&quot;0&quot;,&quot;iso&quot;:&quot;0&quot;,&quot;shutter_speed&quot;:&quot;0&quot;,&quot;title&quot;:&quot;&quot;}\" data-image-title=\"Superman \" data-image-description=\"\" data-image-caption=\"\" data-large-file=\"https:\/\/i0.wp.com\/kalot.com.mx\/site\/wp-content\/uploads\/2013\/11\/logotipos_superheroes-02.jpg?fit=590%2C431&amp;ssl=1\" class=\"alignnone  wp-image-6199\" alt=\"Superman \" src=\"https:\/\/i0.wp.com\/www.kalot.com.mx\/wp-content\/uploads\/2013\/11\/logotipos_superheroes-02-300x219.jpg?resize=600%2C400\" width=\"600\" height=\"400\" srcset=\"https:\/\/i0.wp.com\/kalot.com.mx\/site\/wp-content\/uploads\/2013\/11\/logotipos_superheroes-02.jpg?resize=300%2C200&amp;ssl=1 300w, https:\/\/i0.wp.com\/kalot.com.mx\/site\/wp-content\/uploads\/2013\/11\/logotipos_superheroes-02.jpg?resize=360%2C240&amp;ssl=1 360w\" sizes=\"(max-width: 600px) 100vw, 600px\" \/><\/a><\/p>\n<p>Este Isotipo es uno de los mas reconocidos por la cultura grafica, principalmente trasmite fuerza por su forma de tipo diamante y que este mineral es el mas fuerte del mundo, aun que si lo observamos con detenimiento, esta un poco deformado para tomar la figura de un torso humano y que es colocado, resalta la musculatura del hombre. La letra &#8220;S&#8221; l\u00f3gicamente podr\u00edamos atribuirlo al nombre del personaje , pero no se sabe con certeza si tambi\u00e9n podr\u00eda referirse al apellido de sus creadores\u00a0Siegel y Shuster.<\/p>\n<p>Aqu\u00ed una evoluci\u00f3n de este Isotipo.<\/p>\n<p><a href=\"https:\/\/i0.wp.com\/www.kalot.com.mx\/wp-content\/uploads\/2013\/11\/logotipos_superheroes-03.jpg\"><img data-recalc-dims=\"1\" decoding=\"async\" data-attachment-id=\"6198\" data-permalink=\"https:\/\/kalot.com.mx\/site\/2013\/11\/10\/el-branding-en-los-super-heroes\/logotipos_superheroes-03\/\" data-orig-file=\"https:\/\/i0.wp.com\/kalot.com.mx\/site\/wp-content\/uploads\/2013\/11\/logotipos_superheroes-03.jpg?fit=587%2C196&amp;ssl=1\" data-orig-size=\"587,196\" data-comments-opened=\"1\" data-image-meta=\"{&quot;aperture&quot;:&quot;0&quot;,&quot;credit&quot;:&quot;&quot;,&quot;camera&quot;:&quot;&quot;,&quot;caption&quot;:&quot;&quot;,&quot;created_timestamp&quot;:&quot;0&quot;,&quot;copyright&quot;:&quot;&quot;,&quot;focal_length&quot;:&quot;0&quot;,&quot;iso&quot;:&quot;0&quot;,&quot;shutter_speed&quot;:&quot;0&quot;,&quot;title&quot;:&quot;&quot;}\" data-image-title=\"Evoluci\u00f3n 1\" data-image-description=\"\" data-image-caption=\"\" data-large-file=\"https:\/\/i0.wp.com\/kalot.com.mx\/site\/wp-content\/uploads\/2013\/11\/logotipos_superheroes-03.jpg?fit=587%2C196&amp;ssl=1\" class=\"alignnone  wp-image-6198\" alt=\"Evoluci\u00f3n 1\" src=\"https:\/\/i0.wp.com\/www.kalot.com.mx\/wp-content\/uploads\/2013\/11\/logotipos_superheroes-03-300x100.jpg?resize=600%2C150\" width=\"600\" height=\"150\" \/><\/a><\/p>\n<p><strong>Batman<\/strong><\/p>\n<p><strong>\u00a0<\/strong><a href=\"https:\/\/i0.wp.com\/www.kalot.com.mx\/wp-content\/uploads\/2013\/11\/batman.jpg\"><img data-recalc-dims=\"1\" decoding=\"async\" data-attachment-id=\"6209\" data-permalink=\"https:\/\/kalot.com.mx\/site\/2013\/11\/10\/el-branding-en-los-super-heroes\/batman\/\" data-orig-file=\"https:\/\/i0.wp.com\/kalot.com.mx\/site\/wp-content\/uploads\/2013\/11\/batman.jpg?fit=590%2C431&amp;ssl=1\" data-orig-size=\"590,431\" data-comments-opened=\"1\" data-image-meta=\"{&quot;aperture&quot;:&quot;0&quot;,&quot;credit&quot;:&quot;&quot;,&quot;camera&quot;:&quot;&quot;,&quot;caption&quot;:&quot;&quot;,&quot;created_timestamp&quot;:&quot;0&quot;,&quot;copyright&quot;:&quot;&quot;,&quot;focal_length&quot;:&quot;0&quot;,&quot;iso&quot;:&quot;0&quot;,&quot;shutter_speed&quot;:&quot;0&quot;,&quot;title&quot;:&quot;&quot;}\" data-image-title=\"batman\" data-image-description=\"\" data-image-caption=\"\" data-large-file=\"https:\/\/i0.wp.com\/kalot.com.mx\/site\/wp-content\/uploads\/2013\/11\/batman.jpg?fit=590%2C431&amp;ssl=1\" class=\"alignnone  wp-image-6209\" alt=\"batman\" src=\"https:\/\/i0.wp.com\/www.kalot.com.mx\/wp-content\/uploads\/2013\/11\/batman-300x219.jpg?resize=600%2C400\" width=\"600\" height=\"400\" srcset=\"https:\/\/i0.wp.com\/kalot.com.mx\/site\/wp-content\/uploads\/2013\/11\/batman.jpg?resize=300%2C200&amp;ssl=1 300w, https:\/\/i0.wp.com\/kalot.com.mx\/site\/wp-content\/uploads\/2013\/11\/batman.jpg?resize=360%2C240&amp;ssl=1 360w\" sizes=\"(max-width: 600px) 100vw, 600px\" \/><\/a><\/p>\n<p>Este personaje representa uno de los h\u00e9roes m\u00edticos de la historia creado \u00a0por Bob Kane y Bill Finger, quienes lo crearon con el fin de que \u00a0protegiera al mundo de la obscuridad. Esta figura es representada por un murci\u00e9lago negro sobre un fondo gris, y despu\u00e9s se le a\u00f1adi\u00f3 un ovalo amarillo con la justificaci\u00f3n de hacerlo mas contempor\u00e1neo y despu\u00e9s en el atuendo dicha marca amarilla fungir\u00eda como un blanco f\u00e1cil, ya que esa parte de la vestimenta ser\u00eda a prueba de balas.<\/p>\n<p>El paso de los a\u00f1os por los Isotipos de Batman<\/p>\n<p><a href=\"https:\/\/i0.wp.com\/www.kalot.com.mx\/wp-content\/uploads\/2013\/11\/logotipos_superheroes-05.jpg\"><img data-recalc-dims=\"1\" loading=\"lazy\" decoding=\"async\" data-attachment-id=\"6212\" data-permalink=\"https:\/\/kalot.com.mx\/site\/2013\/11\/10\/el-branding-en-los-super-heroes\/logotipos_superheroes-05\/\" data-orig-file=\"https:\/\/i0.wp.com\/kalot.com.mx\/site\/wp-content\/uploads\/2013\/11\/logotipos_superheroes-05.jpg?fit=587%2C292&amp;ssl=1\" data-orig-size=\"587,292\" data-comments-opened=\"1\" data-image-meta=\"{&quot;aperture&quot;:&quot;0&quot;,&quot;credit&quot;:&quot;&quot;,&quot;camera&quot;:&quot;&quot;,&quot;caption&quot;:&quot;&quot;,&quot;created_timestamp&quot;:&quot;0&quot;,&quot;copyright&quot;:&quot;&quot;,&quot;focal_length&quot;:&quot;0&quot;,&quot;iso&quot;:&quot;0&quot;,&quot;shutter_speed&quot;:&quot;0&quot;,&quot;title&quot;:&quot;&quot;}\" data-image-title=\"logotipos_superheroes-05\" data-image-description=\"\" data-image-caption=\"\" data-large-file=\"https:\/\/i0.wp.com\/kalot.com.mx\/site\/wp-content\/uploads\/2013\/11\/logotipos_superheroes-05.jpg?fit=587%2C292&amp;ssl=1\" class=\"alignnone  wp-image-6212\" alt=\"logotipos_superheroes-05\" src=\"https:\/\/i0.wp.com\/www.kalot.com.mx\/wp-content\/uploads\/2013\/11\/logotipos_superheroes-05-300x149.jpg?resize=600%2C180\" width=\"600\" height=\"180\" \/><\/a><\/p>\n<p><strong>\u00a0Flash<\/strong><\/p>\n<p><a href=\"https:\/\/i0.wp.com\/www.kalot.com.mx\/wp-content\/uploads\/2013\/11\/logotipos_superheroes-06.jpg\"><img data-recalc-dims=\"1\" loading=\"lazy\" decoding=\"async\" data-attachment-id=\"6213\" data-permalink=\"https:\/\/kalot.com.mx\/site\/2013\/11\/10\/el-branding-en-los-super-heroes\/logotipos_superheroes-06\/\" data-orig-file=\"https:\/\/i0.wp.com\/kalot.com.mx\/site\/wp-content\/uploads\/2013\/11\/logotipos_superheroes-06.jpg?fit=590%2C431&amp;ssl=1\" data-orig-size=\"590,431\" data-comments-opened=\"1\" data-image-meta=\"{&quot;aperture&quot;:&quot;0&quot;,&quot;credit&quot;:&quot;&quot;,&quot;camera&quot;:&quot;&quot;,&quot;caption&quot;:&quot;&quot;,&quot;created_timestamp&quot;:&quot;0&quot;,&quot;copyright&quot;:&quot;&quot;,&quot;focal_length&quot;:&quot;0&quot;,&quot;iso&quot;:&quot;0&quot;,&quot;shutter_speed&quot;:&quot;0&quot;,&quot;title&quot;:&quot;&quot;}\" data-image-title=\"logotipos_superheroes-06\" data-image-description=\"\" data-image-caption=\"\" data-large-file=\"https:\/\/i0.wp.com\/kalot.com.mx\/site\/wp-content\/uploads\/2013\/11\/logotipos_superheroes-06.jpg?fit=590%2C431&amp;ssl=1\" class=\"alignnone  wp-image-6213\" alt=\"logotipos_superheroes-06\" src=\"https:\/\/i0.wp.com\/www.kalot.com.mx\/wp-content\/uploads\/2013\/11\/logotipos_superheroes-06-300x219.jpg?resize=600%2C400\" width=\"600\" height=\"400\" srcset=\"https:\/\/i0.wp.com\/kalot.com.mx\/site\/wp-content\/uploads\/2013\/11\/logotipos_superheroes-06.jpg?resize=300%2C200&amp;ssl=1 300w, https:\/\/i0.wp.com\/kalot.com.mx\/site\/wp-content\/uploads\/2013\/11\/logotipos_superheroes-06.jpg?resize=360%2C240&amp;ssl=1 360w\" sizes=\"(max-width: 600px) 100vw, 600px\" \/><\/a><\/p>\n<p>Este Superheroe el &#8220;Corredor Escarlata&#8221;\u00a0hace uso de los tonos en rojo y blanco para su identidad y hace referencia a un rel\u00e1mpago con la figura de su Isotipo, por la velocidad que lo caracteriza.<\/p>\n<p><strong>Wonder Woman<\/strong><\/p>\n<p><a href=\"https:\/\/i0.wp.com\/www.kalot.com.mx\/wp-content\/uploads\/2013\/11\/logotipos_superheroes-08.jpg\"><img data-recalc-dims=\"1\" loading=\"lazy\" decoding=\"async\" data-attachment-id=\"6222\" data-permalink=\"https:\/\/kalot.com.mx\/site\/2013\/11\/10\/el-branding-en-los-super-heroes\/logotipos_superheroes-08\/\" data-orig-file=\"https:\/\/i0.wp.com\/kalot.com.mx\/site\/wp-content\/uploads\/2013\/11\/logotipos_superheroes-08.jpg?fit=590%2C431&amp;ssl=1\" data-orig-size=\"590,431\" data-comments-opened=\"1\" data-image-meta=\"{&quot;aperture&quot;:&quot;0&quot;,&quot;credit&quot;:&quot;&quot;,&quot;camera&quot;:&quot;&quot;,&quot;caption&quot;:&quot;&quot;,&quot;created_timestamp&quot;:&quot;0&quot;,&quot;copyright&quot;:&quot;&quot;,&quot;focal_length&quot;:&quot;0&quot;,&quot;iso&quot;:&quot;0&quot;,&quot;shutter_speed&quot;:&quot;0&quot;,&quot;title&quot;:&quot;&quot;}\" data-image-title=\"Wonder woman\" data-image-description=\"\" data-image-caption=\"\" data-large-file=\"https:\/\/i0.wp.com\/kalot.com.mx\/site\/wp-content\/uploads\/2013\/11\/logotipos_superheroes-08.jpg?fit=590%2C431&amp;ssl=1\" class=\"alignnone  wp-image-6222\" alt=\"Wonder woman\" src=\"https:\/\/i0.wp.com\/www.kalot.com.mx\/wp-content\/uploads\/2013\/11\/logotipos_superheroes-08-300x219.jpg?resize=600%2C400\" width=\"600\" height=\"400\" srcset=\"https:\/\/i0.wp.com\/kalot.com.mx\/site\/wp-content\/uploads\/2013\/11\/logotipos_superheroes-08.jpg?resize=300%2C200&amp;ssl=1 300w, https:\/\/i0.wp.com\/kalot.com.mx\/site\/wp-content\/uploads\/2013\/11\/logotipos_superheroes-08.jpg?resize=360%2C240&amp;ssl=1 360w\" sizes=\"(max-width: 600px) 100vw, 600px\" \/><\/a><\/p>\n<p>Este Isotipo esta conformado por dos &#8220;W&#8221; entrelazadas por el nombre de la S\u00faperH\u00e9roe \u00a0pero ademas forman las alas extendidas de un ave, puesto que es uno de los atributos de la mujer, &#8220;Volar&#8221;.<\/p>\n<p>&nbsp;<\/p>\n<p>Dichas im\u00e1genes han perdurado a lo largo de nuestra vida y que claro tambi\u00e9n han surgido otros personajes los cuales portan su identidad pero hacemos un \u00e9nfasis en estos, puesto que se consideran los pionero en lanzar su branding personal con un \u00e9xito rotundo y convertirse en un top of mind .<\/p>\n<p>\u00a1Nos seguir leyendo!<\/p>\n<p><strong>\u00a0<\/strong><\/p>\n<p>&nbsp;<\/p>\n","protected":false},"excerpt":{"rendered":"La afici\u00f3n y admiraci\u00f3n por los S\u00faperh\u00e9roes han estado presente durante varias generaciones y es sorprendente como su&hellip;\n","protected":false},"author":55,"featured_media":6224,"comment_status":"open","ping_status":"open","sticky":false,"template":"","format":"standard","meta":{"jetpack_post_was_ever_published":false,"_jetpack_newsletter_access":"","_jetpack_dont_email_post_to_subs":false,"_jetpack_newsletter_tier_id":0,"_jetpack_memberships_contains_paywalled_content":false,"_jetpack_memberships_contains_paid_content":false,"footnotes":"","jetpack_publicize_message":"La S\u00fapermarcas  #Marketing #Branding V\u00eda:Luis Castillo","jetpack_publicize_feature_enabled":true,"jetpack_social_post_already_shared":true,"jetpack_social_options":{"image_generator_settings":{"template":"highway","default_image_id":0,"font":"","enabled":false},"version":2}},"categories":[1],"tags":[],"class_list":{"0":"post-6184","1":"post","2":"type-post","3":"status-publish","4":"format-standard","5":"has-post-thumbnail","7":"category-sin-categoria","8":"cs-entry","9":"cs-video-wrap"},"yoast_head":"<!-- This site is optimized with the Yoast SEO plugin v27.4 - https:\/\/yoast.com\/product\/yoast-seo-wordpress\/ -->\n<title>Las S\u00fapermarcas - Kalot<\/title>\n<meta name=\"description\" content=\"La afici\u00f3n y admiraci\u00f3n por los S\u00faperh\u00e9roes han estado presente durante varias generaciones y es sorprendente como su imagen esta en nuestro inconsciente\" \/>\n<meta name=\"robots\" content=\"index, follow, max-snippet:-1, max-image-preview:large, max-video-preview:-1\" \/>\n<link rel=\"canonical\" href=\"https:\/\/kalot.com.mx\/site\/2013\/11\/10\/el-branding-en-los-super-heroes\/\" \/>\n<meta property=\"og:locale\" content=\"es_MX\" \/>\n<meta property=\"og:type\" content=\"article\" \/>\n<meta property=\"og:title\" content=\"Las S\u00fapermarcas - Kalot\" \/>\n<meta property=\"og:description\" content=\"La afici\u00f3n y admiraci\u00f3n por los S\u00faperh\u00e9roes han estado presente durante varias generaciones y es sorprendente como su imagen esta en nuestro inconsciente\" \/>\n<meta property=\"og:url\" content=\"https:\/\/kalot.com.mx\/site\/2013\/11\/10\/el-branding-en-los-super-heroes\/\" \/>\n<meta property=\"og:site_name\" content=\"Kalot\" \/>\n<meta property=\"article:publisher\" content=\"http:\/\/facebook.com\/mxkalot\" \/>\n<meta property=\"article:author\" content=\"www.facebook.com\/jorgeerana\" \/>\n<meta property=\"article:published_time\" content=\"2013-11-11T00:57:42+00:00\" \/>\n<meta property=\"article:modified_time\" content=\"2017-12-20T21:53:20+00:00\" \/>\n<meta property=\"og:image\" content=\"https:\/\/i0.wp.com\/kalot.com.mx\/site\/wp-content\/uploads\/2013\/11\/marcas.jpg?fit=590%2C431&ssl=1\" \/>\n\t<meta property=\"og:image:width\" content=\"590\" \/>\n\t<meta property=\"og:image:height\" content=\"431\" \/>\n\t<meta property=\"og:image:type\" content=\"image\/jpeg\" \/>\n<meta name=\"author\" content=\"Jorge Era\u00f1a\" \/>\n<meta name=\"twitter:card\" content=\"summary_large_image\" \/>\n<meta name=\"twitter:creator\" content=\"@jorge_erana\" \/>\n<meta name=\"twitter:site\" content=\"@kalotmx\" \/>\n<meta name=\"twitter:label1\" content=\"Escrito por\" \/>\n\t<meta name=\"twitter:data1\" content=\"Jorge Era\u00f1a\" \/>\n\t<meta name=\"twitter:label2\" content=\"Tiempo de lectura\" \/>\n\t<meta name=\"twitter:data2\" content=\"3 minutos\" \/>\n<!-- \/ Yoast SEO plugin. -->","yoast_head_json":{"title":"Las S\u00fapermarcas - Kalot","description":"La afici\u00f3n y admiraci\u00f3n por los S\u00faperh\u00e9roes han estado presente durante varias generaciones y es sorprendente como su imagen esta en nuestro inconsciente","robots":{"index":"index","follow":"follow","max-snippet":"max-snippet:-1","max-image-preview":"max-image-preview:large","max-video-preview":"max-video-preview:-1"},"canonical":"https:\/\/kalot.com.mx\/site\/2013\/11\/10\/el-branding-en-los-super-heroes\/","og_locale":"es_MX","og_type":"article","og_title":"Las S\u00fapermarcas - Kalot","og_description":"La afici\u00f3n y admiraci\u00f3n por los S\u00faperh\u00e9roes han estado presente durante varias generaciones y es sorprendente como su imagen esta en nuestro inconsciente","og_url":"https:\/\/kalot.com.mx\/site\/2013\/11\/10\/el-branding-en-los-super-heroes\/","og_site_name":"Kalot","article_publisher":"http:\/\/facebook.com\/mxkalot","article_author":"www.facebook.com\/jorgeerana","article_published_time":"2013-11-11T00:57:42+00:00","article_modified_time":"2017-12-20T21:53:20+00:00","og_image":[{"width":590,"height":431,"url":"https:\/\/i0.wp.com\/kalot.com.mx\/site\/wp-content\/uploads\/2013\/11\/marcas.jpg?fit=590%2C431&ssl=1","type":"image\/jpeg"}],"author":"Jorge Era\u00f1a","twitter_card":"summary_large_image","twitter_creator":"@jorge_erana","twitter_site":"@kalotmx","twitter_misc":{"Escrito por":"Jorge Era\u00f1a","Tiempo de lectura":"3 minutos"},"schema":{"@context":"https:\/\/schema.org","@graph":[{"@type":"Article","@id":"https:\/\/kalot.com.mx\/site\/2013\/11\/10\/el-branding-en-los-super-heroes\/#article","isPartOf":{"@id":"https:\/\/kalot.com.mx\/site\/2013\/11\/10\/el-branding-en-los-super-heroes\/"},"author":{"name":"Jorge Era\u00f1a","@id":"https:\/\/kalot.com.mx\/site\/#\/schema\/person\/bd1e41caf7850a0040158a27aad39446"},"headline":"Las S\u00fapermarcas","datePublished":"2013-11-11T00:57:42+00:00","dateModified":"2017-12-20T21:53:20+00:00","mainEntityOfPage":{"@id":"https:\/\/kalot.com.mx\/site\/2013\/11\/10\/el-branding-en-los-super-heroes\/"},"wordCount":513,"commentCount":0,"publisher":{"@id":"https:\/\/kalot.com.mx\/site\/#organization"},"image":{"@id":"https:\/\/kalot.com.mx\/site\/2013\/11\/10\/el-branding-en-los-super-heroes\/#primaryimage"},"thumbnailUrl":"https:\/\/i0.wp.com\/kalot.com.mx\/site\/wp-content\/uploads\/2013\/11\/marcas.jpg?fit=590%2C431&ssl=1","inLanguage":"es","potentialAction":[{"@type":"CommentAction","name":"Comment","target":["https:\/\/kalot.com.mx\/site\/2013\/11\/10\/el-branding-en-los-super-heroes\/#respond"]}]},{"@type":"WebPage","@id":"https:\/\/kalot.com.mx\/site\/2013\/11\/10\/el-branding-en-los-super-heroes\/","url":"https:\/\/kalot.com.mx\/site\/2013\/11\/10\/el-branding-en-los-super-heroes\/","name":"Las S\u00fapermarcas - Kalot","isPartOf":{"@id":"https:\/\/kalot.com.mx\/site\/#website"},"primaryImageOfPage":{"@id":"https:\/\/kalot.com.mx\/site\/2013\/11\/10\/el-branding-en-los-super-heroes\/#primaryimage"},"image":{"@id":"https:\/\/kalot.com.mx\/site\/2013\/11\/10\/el-branding-en-los-super-heroes\/#primaryimage"},"thumbnailUrl":"https:\/\/i0.wp.com\/kalot.com.mx\/site\/wp-content\/uploads\/2013\/11\/marcas.jpg?fit=590%2C431&ssl=1","datePublished":"2013-11-11T00:57:42+00:00","dateModified":"2017-12-20T21:53:20+00:00","description":"La afici\u00f3n y admiraci\u00f3n por los S\u00faperh\u00e9roes han estado presente durante varias generaciones y es sorprendente como su imagen esta en nuestro inconsciente","breadcrumb":{"@id":"https:\/\/kalot.com.mx\/site\/2013\/11\/10\/el-branding-en-los-super-heroes\/#breadcrumb"},"inLanguage":"es","potentialAction":[{"@type":"ReadAction","target":["https:\/\/kalot.com.mx\/site\/2013\/11\/10\/el-branding-en-los-super-heroes\/"]}]},{"@type":"ImageObject","inLanguage":"es","@id":"https:\/\/kalot.com.mx\/site\/2013\/11\/10\/el-branding-en-los-super-heroes\/#primaryimage","url":"https:\/\/i0.wp.com\/kalot.com.mx\/site\/wp-content\/uploads\/2013\/11\/marcas.jpg?fit=590%2C431&ssl=1","contentUrl":"https:\/\/i0.wp.com\/kalot.com.mx\/site\/wp-content\/uploads\/2013\/11\/marcas.jpg?fit=590%2C431&ssl=1","width":590,"height":431},{"@type":"BreadcrumbList","@id":"https:\/\/kalot.com.mx\/site\/2013\/11\/10\/el-branding-en-los-super-heroes\/#breadcrumb","itemListElement":[{"@type":"ListItem","position":1,"name":"Home","item":"https:\/\/kalot.com.mx\/site\/"},{"@type":"ListItem","position":2,"name":"Las S\u00fapermarcas"}]},{"@type":"WebSite","@id":"https:\/\/kalot.com.mx\/site\/#website","url":"https:\/\/kalot.com.mx\/site\/","name":"Kalot","description":"Conoce Todo Sobre Todo","publisher":{"@id":"https:\/\/kalot.com.mx\/site\/#organization"},"potentialAction":[{"@type":"SearchAction","target":{"@type":"EntryPoint","urlTemplate":"https:\/\/kalot.com.mx\/site\/?s={search_term_string}"},"query-input":{"@type":"PropertyValueSpecification","valueRequired":true,"valueName":"search_term_string"}}],"inLanguage":"es"},{"@type":"Organization","@id":"https:\/\/kalot.com.mx\/site\/#organization","name":"Kalot","url":"https:\/\/kalot.com.mx\/site\/","logo":{"@type":"ImageObject","inLanguage":"es","@id":"https:\/\/kalot.com.mx\/site\/#\/schema\/logo\/image\/","url":"https:\/\/i0.wp.com\/kalot.com.mx\/site\/wp-content\/uploads\/2020\/04\/Kalot-logo-sin-tagline.png?fit=1707%2C1014&ssl=1","contentUrl":"https:\/\/i0.wp.com\/kalot.com.mx\/site\/wp-content\/uploads\/2020\/04\/Kalot-logo-sin-tagline.png?fit=1707%2C1014&ssl=1","width":1707,"height":1014,"caption":"Kalot"},"image":{"@id":"https:\/\/kalot.com.mx\/site\/#\/schema\/logo\/image\/"},"sameAs":["http:\/\/facebook.com\/mxkalot","https:\/\/x.com\/kalotmx","http:\/\/instagram.com\/kalotmx","http:\/\/pinterest.com\/jorgeerana\/kalot"]},{"@type":"Person","@id":"https:\/\/kalot.com.mx\/site\/#\/schema\/person\/bd1e41caf7850a0040158a27aad39446","name":"Jorge Era\u00f1a","image":{"@type":"ImageObject","inLanguage":"es","@id":"https:\/\/secure.gravatar.com\/avatar\/6dfa672d4a58771167fa9cda3a4e494af4c6a23e015399b1bed8e34c71f0a781?s=96&d=mm&r=g","url":"https:\/\/secure.gravatar.com\/avatar\/6dfa672d4a58771167fa9cda3a4e494af4c6a23e015399b1bed8e34c71f0a781?s=96&d=mm&r=g","contentUrl":"https:\/\/secure.gravatar.com\/avatar\/6dfa672d4a58771167fa9cda3a4e494af4c6a23e015399b1bed8e34c71f0a781?s=96&d=mm&r=g","caption":"Jorge Era\u00f1a"},"description":"Fundador de @KalotMx Mercad\u00f3logo, amante de la tecnolog\u00eda, #Geekazo, #socialmedia, #MarketingDigital, tv-shows, movies y de la vida. Jorge Erana","sameAs":["http:\/\/www.kalot.com.mx","www.facebook.com\/jorgeerana","https:\/\/x.com\/jorge_erana"],"url":"https:\/\/kalot.com.mx\/site\/author\/jorge-erana\/"}]}},"jetpack_publicize_connections":[],"jetpack_featured_media_url":"https:\/\/i0.wp.com\/kalot.com.mx\/site\/wp-content\/uploads\/2013\/11\/marcas.jpg?fit=590%2C431&ssl=1","jetpack_shortlink":"https:\/\/wp.me\/p6IHEI-1BK","jetpack-related-posts":[{"id":17121,"url":"https:\/\/kalot.com.mx\/site\/2014\/07\/02\/google-crea-doodle-sobre-clavado-de-robben\/","url_meta":{"origin":6184,"position":0},"title":"Doodle sobre clavado de Robben","author":"Rudy Marin","date":"2 julio, 2014","format":false,"excerpt":"A 4 d\u00edas de la tr\u00e1gica derrota de M\u00e9xico Vs Holanda en el mundial de f\u00fatbol de Brasil 2014, a los mexicanos nos ha costado dar vuelta a la hoja, es imposible no sentirse as\u00ed: Sin embargo, gracias a las redes sociales hemos visto cantidad de memes que nos ayudan\u2026","rel":"","context":"En &quot;Sin categor\u00eda&quot;","block_context":{"text":"Sin categor\u00eda","link":"https:\/\/kalot.com.mx\/site\/category\/sin-categoria\/"},"img":{"alt_text":"","src":"https:\/\/i0.wp.com\/kalot.com.mx\/site\/wp-content\/uploads\/2014\/07\/penal-robben.jpg?fit=624%2C351&ssl=1&resize=350%2C200","width":350,"height":200,"srcset":"https:\/\/i0.wp.com\/kalot.com.mx\/site\/wp-content\/uploads\/2014\/07\/penal-robben.jpg?fit=624%2C351&ssl=1&resize=350%2C200 1x, https:\/\/i0.wp.com\/kalot.com.mx\/site\/wp-content\/uploads\/2014\/07\/penal-robben.jpg?fit=624%2C351&ssl=1&resize=525%2C300 1.5x"},"classes":[]},{"id":4782,"url":"https:\/\/kalot.com.mx\/site\/2013\/10\/24\/y-las-marcas-dicen-love-love-lovemarks\/","url_meta":{"origin":6184,"position":1},"title":"&#8230;Y las marcas dicen: LOVE ME, LOVE ME #lovemarks","author":"Galore","date":"24 octubre, 2013","format":false,"excerpt":"Una marca es mas que los productos, servicios o su logotipo, o al menos es lo que como mercadologos buscamos comunicar, hoy en d\u00eda el \u00e9xito de una marca no se centra en la calidad de los productos, la relaci\u00f3n costo-beneficio o la experiencia o tradici\u00f3n de la misma, lascosas\u2026","rel":"","context":"Entrada similar ","block_context":{"text":"Entrada similar ","link":""},"img":{"alt_text":"","src":"https:\/\/i0.wp.com\/kalot.com.mx\/site\/wp-content\/uploads\/2013\/10\/d0881-Heart_800x600.jpg?fit=1180%2C885&ssl=1&resize=350%2C200","width":350,"height":200,"srcset":"https:\/\/i0.wp.com\/kalot.com.mx\/site\/wp-content\/uploads\/2013\/10\/d0881-Heart_800x600.jpg?fit=1180%2C885&ssl=1&resize=350%2C200 1x, https:\/\/i0.wp.com\/kalot.com.mx\/site\/wp-content\/uploads\/2013\/10\/d0881-Heart_800x600.jpg?fit=1180%2C885&ssl=1&resize=525%2C300 1.5x, https:\/\/i0.wp.com\/kalot.com.mx\/site\/wp-content\/uploads\/2013\/10\/d0881-Heart_800x600.jpg?fit=1180%2C885&ssl=1&resize=700%2C400 2x, https:\/\/i0.wp.com\/kalot.com.mx\/site\/wp-content\/uploads\/2013\/10\/d0881-Heart_800x600.jpg?fit=1180%2C885&ssl=1&resize=1050%2C600 3x"},"classes":[]},{"id":2420,"url":"https:\/\/kalot.com.mx\/site\/2013\/09\/26\/marcas-y-figuras-publicas-solidarias\/","url_meta":{"origin":6184,"position":2},"title":"\u00bfMarcas y figuras p\u00fablicas solidarias?","author":"Nancy Huerta","date":"26 septiembre, 2013","format":false,"excerpt":"\u00a0 \u00bfC\u00f3mo andan comunidad Kalochera? Pues resulta que \u00faltimamente el clima no nos ha tratado muy bien, y esto es en casi toda la rep\u00fablica, desafortunadamente se han presentado muchas contingencias y desastres que han afectado a much\u00edsimas personas, es muy triste ver como la est\u00e1n pasando nuestros vecinos de\u2026","rel":"","context":"Entrada similar ","block_context":{"text":"Entrada similar ","link":""},"img":{"alt_text":"","src":"https:\/\/i0.wp.com\/www.bluefocusmarketing.com\/blog\/wp-content\/uploads\/2011\/09\/Globe_Hands_Blue_Focus_Marketing.jpg?resize=350%2C200","width":350,"height":200,"srcset":"https:\/\/i0.wp.com\/www.bluefocusmarketing.com\/blog\/wp-content\/uploads\/2011\/09\/Globe_Hands_Blue_Focus_Marketing.jpg?resize=350%2C200 1x, https:\/\/i0.wp.com\/www.bluefocusmarketing.com\/blog\/wp-content\/uploads\/2011\/09\/Globe_Hands_Blue_Focus_Marketing.jpg?resize=525%2C300 1.5x, https:\/\/i0.wp.com\/www.bluefocusmarketing.com\/blog\/wp-content\/uploads\/2011\/09\/Globe_Hands_Blue_Focus_Marketing.jpg?resize=700%2C400 2x"},"classes":[]},{"id":4995,"url":"https:\/\/kalot.com.mx\/site\/2013\/10\/27\/todo-va-mas-alla-de-lo-que-vemos-el-lenguaje-oculto-de-las-marcas\/","url_meta":{"origin":6184,"position":3},"title":"Todo va mas all\u00e1 de lo que vemos\u2026 El lenguaje oculto de las marcas.","author":"Saul Alonso","date":"27 octubre, 2013","format":false,"excerpt":"Como la mayor\u00eda sabemos, las marcas son aquellos signos distintivos que indican que ciertos bienes o servicios han sido producidos o proporcionados por una persona o empresa, las cuales, pueden ser reconocidas en un \u00e1mbito local, regional, nacional o mundial. Podemos decir que desde hace tiempo estas ya exist\u00edan, en\u2026","rel":"","context":"En &quot;Sin categor\u00eda&quot;","block_context":{"text":"Sin categor\u00eda","link":"https:\/\/kalot.com.mx\/site\/category\/sin-categoria\/"},"img":{"alt_text":"","src":"https:\/\/i0.wp.com\/kalot.com.mx\/site\/wp-content\/uploads\/2013\/10\/608.jpg?fit=640%2C480&ssl=1&resize=350%2C200","width":350,"height":200,"srcset":"https:\/\/i0.wp.com\/kalot.com.mx\/site\/wp-content\/uploads\/2013\/10\/608.jpg?fit=640%2C480&ssl=1&resize=350%2C200 1x, https:\/\/i0.wp.com\/kalot.com.mx\/site\/wp-content\/uploads\/2013\/10\/608.jpg?fit=640%2C480&ssl=1&resize=525%2C300 1.5x"},"classes":[]},{"id":2742,"url":"https:\/\/kalot.com.mx\/site\/2013\/09\/30\/messi-vs-cristiano-una-rivalidad-entre-marcas\/","url_meta":{"origin":6184,"position":4},"title":"Messi vs Cristiano, una rivalidad entre marcas.","author":"Pepe M\u00e9ndez","date":"30 septiembre, 2013","format":false,"excerpt":"Los jugadores Lionel Messi, futbolista del Barcelona, y Cristiano Ronaldo, futbolista del Real Madrid, son por muchas personas considerados como los mejores jugadores de f\u00fatbol en el mundo y son ellos los protagonistas de una batalla no solo por ser parte de equipos rivales, sino por ser las im\u00e1genes de\u2026","rel":"","context":"Entrada similar ","block_context":{"text":"Entrada similar ","link":""},"img":{"alt_text":"","src":"https:\/\/i0.wp.com\/kalot.com.mx\/site\/wp-content\/uploads\/2013\/09\/ronaldo_messi_800_811830.jpg?fit=800%2C600&ssl=1&resize=350%2C200","width":350,"height":200,"srcset":"https:\/\/i0.wp.com\/kalot.com.mx\/site\/wp-content\/uploads\/2013\/09\/ronaldo_messi_800_811830.jpg?fit=800%2C600&ssl=1&resize=350%2C200 1x, https:\/\/i0.wp.com\/kalot.com.mx\/site\/wp-content\/uploads\/2013\/09\/ronaldo_messi_800_811830.jpg?fit=800%2C600&ssl=1&resize=525%2C300 1.5x, https:\/\/i0.wp.com\/kalot.com.mx\/site\/wp-content\/uploads\/2013\/09\/ronaldo_messi_800_811830.jpg?fit=800%2C600&ssl=1&resize=700%2C400 2x"},"classes":[]},{"id":13241,"url":"https:\/\/kalot.com.mx\/site\/2014\/03\/11\/primer-contrato-publicitario-de-instagram\/","url_meta":{"origin":6184,"position":5},"title":"Primer contrato publicitario de Instagram","author":"Samuel Arriaga","date":"11 marzo, 2014","format":false,"excerpt":"La red social de fotograf\u00eda m\u00f3vil\u00a0Instagram, propiedad de Facebook, acaba de firmar su primer contrato con una agencia de publicidad, y lo ha hecho por un a\u00f1o y por una inversi\u00f3n prevista de 100 millones de d\u00f3lares. As\u00ed lo asegura la\u00a0publicaci\u00f3n especializada \u00abAdAge\u00bb, que cita a dos fuentes cercanas a\u2026","rel":"","context":"Entrada similar ","block_context":{"text":"Entrada similar ","link":""},"img":{"alt_text":"","src":"https:\/\/i0.wp.com\/kalot.com.mx\/site\/wp-content\/uploads\/2014\/03\/instagram1.jpg?fit=1200%2C761&ssl=1&resize=350%2C200","width":350,"height":200,"srcset":"https:\/\/i0.wp.com\/kalot.com.mx\/site\/wp-content\/uploads\/2014\/03\/instagram1.jpg?fit=1200%2C761&ssl=1&resize=350%2C200 1x, https:\/\/i0.wp.com\/kalot.com.mx\/site\/wp-content\/uploads\/2014\/03\/instagram1.jpg?fit=1200%2C761&ssl=1&resize=525%2C300 1.5x, https:\/\/i0.wp.com\/kalot.com.mx\/site\/wp-content\/uploads\/2014\/03\/instagram1.jpg?fit=1200%2C761&ssl=1&resize=700%2C400 2x, https:\/\/i0.wp.com\/kalot.com.mx\/site\/wp-content\/uploads\/2014\/03\/instagram1.jpg?fit=1200%2C761&ssl=1&resize=1050%2C600 3x"},"classes":[]}],"jetpack_sharing_enabled":true,"_links":{"self":[{"href":"https:\/\/kalot.com.mx\/site\/wp-json\/wp\/v2\/posts\/6184","targetHints":{"allow":["GET"]}}],"collection":[{"href":"https:\/\/kalot.com.mx\/site\/wp-json\/wp\/v2\/posts"}],"about":[{"href":"https:\/\/kalot.com.mx\/site\/wp-json\/wp\/v2\/types\/post"}],"author":[{"embeddable":true,"href":"https:\/\/kalot.com.mx\/site\/wp-json\/wp\/v2\/users\/55"}],"replies":[{"embeddable":true,"href":"https:\/\/kalot.com.mx\/site\/wp-json\/wp\/v2\/comments?post=6184"}],"version-history":[{"count":1,"href":"https:\/\/kalot.com.mx\/site\/wp-json\/wp\/v2\/posts\/6184\/revisions"}],"predecessor-version":[{"id":27670,"href":"https:\/\/kalot.com.mx\/site\/wp-json\/wp\/v2\/posts\/6184\/revisions\/27670"}],"wp:featuredmedia":[{"embeddable":true,"href":"https:\/\/kalot.com.mx\/site\/wp-json\/wp\/v2\/media\/6224"}],"wp:attachment":[{"href":"https:\/\/kalot.com.mx\/site\/wp-json\/wp\/v2\/media?parent=6184"}],"wp:term":[{"taxonomy":"category","embeddable":true,"href":"https:\/\/kalot.com.mx\/site\/wp-json\/wp\/v2\/categories?post=6184"},{"taxonomy":"post_tag","embeddable":true,"href":"https:\/\/kalot.com.mx\/site\/wp-json\/wp\/v2\/tags?post=6184"}],"curies":[{"name":"wp","href":"https:\/\/api.w.org\/{rel}","templated":true}]}}