{"id":6158,"date":"2013-11-10T01:26:24","date_gmt":"2013-11-10T07:26:24","guid":{"rendered":"http:\/\/www.kalot.com.mx\/?p=6158"},"modified":"2017-12-20T15:53:19","modified_gmt":"2017-12-20T21:53:19","slug":"amor-en-tiempos-de-redes-sociales","status":"publish","type":"post","link":"https:\/\/kalot.com.mx\/site\/2013\/11\/10\/amor-en-tiempos-de-redes-sociales\/","title":{"rendered":"Amor en tiempos de redes sociales"},"content":{"rendered":"<p><a href=\"https:\/\/i0.wp.com\/www.kalot.com.mx\/wp-content\/uploads\/2013\/11\/images.jpg\"><img decoding=\"async\" data-attachment-id=\"6159\" data-permalink=\"https:\/\/kalot.com.mx\/site\/2013\/11\/10\/amor-en-tiempos-de-redes-sociales\/images-21\/\" data-orig-file=\"https:\/\/i0.wp.com\/kalot.com.mx\/site\/wp-content\/uploads\/2013\/11\/images.jpg?fit=286%2C176&amp;ssl=1\" data-orig-size=\"286,176\" data-comments-opened=\"1\" data-image-meta=\"{&quot;aperture&quot;:&quot;0&quot;,&quot;credit&quot;:&quot;&quot;,&quot;camera&quot;:&quot;&quot;,&quot;caption&quot;:&quot;&quot;,&quot;created_timestamp&quot;:&quot;0&quot;,&quot;copyright&quot;:&quot;&quot;,&quot;focal_length&quot;:&quot;0&quot;,&quot;iso&quot;:&quot;0&quot;,&quot;shutter_speed&quot;:&quot;0&quot;,&quot;title&quot;:&quot;&quot;}\" data-image-title=\"amor_1\" data-image-description=\"\" data-image-caption=\"\" data-large-file=\"https:\/\/i0.wp.com\/kalot.com.mx\/site\/wp-content\/uploads\/2013\/11\/images.jpg?fit=286%2C176&amp;ssl=1\" class=\"alignnone size-full wp-image-6159\" alt=\"amor_1\" src=\"https:\/\/i0.wp.com\/kalot.com.mx\/site\/wp-content\/uploads\/2013\/08\/Rss.png?fit=128%2C128&#038;ssl=1\" width=\"128\" height=\"128\" \/><\/a><\/p>\n<p>&nbsp;<\/p>\n<p>Y hay d\u00edas donde no s\u00e9 si o es la edad o ser\u00e1 que todo cambia demasiado r\u00e1pido, pero a mi parecer esto del amor se viene en decadencia, ya no sabes si te enamoras de lo que te dicen o de la persona que te lo dice.<\/p>\n<p>Tal vez ya no recordamos mucho de la vida sin las redes sociales, pero creo que eran buenos tiempos donde ve\u00edas de frente a la cara y pod\u00edas percatarte si de verdad hab\u00eda amor en esa persona.<\/p>\n<p>Hoy las redes sociales acortan distancias e incluso te dejan conocer de cierta forma a esa persona que te gusta, que te hace sentir bonito, pero donde queda la conquista, la caballerosidad, la coqueter\u00eda que nos lleva a buscar enamorarnos del otro.<\/p>\n<p><a href=\"https:\/\/i0.wp.com\/www.kalot.com.mx\/wp-content\/uploads\/2013\/11\/amor_en_tiempos_de_facebook.jpg\"><img decoding=\"async\" data-attachment-id=\"6160\" data-permalink=\"https:\/\/kalot.com.mx\/site\/2013\/11\/10\/amor-en-tiempos-de-redes-sociales\/amor_en_tiempos_de_facebook\/\" data-orig-file=\"https:\/\/i0.wp.com\/kalot.com.mx\/site\/wp-content\/uploads\/2013\/11\/amor_en_tiempos_de_facebook.jpg?fit=300%2C225&amp;ssl=1\" data-orig-size=\"300,225\" data-comments-opened=\"1\" data-image-meta=\"{&quot;aperture&quot;:&quot;0&quot;,&quot;credit&quot;:&quot;&quot;,&quot;camera&quot;:&quot;&quot;,&quot;caption&quot;:&quot;&quot;,&quot;created_timestamp&quot;:&quot;0&quot;,&quot;copyright&quot;:&quot;&quot;,&quot;focal_length&quot;:&quot;0&quot;,&quot;iso&quot;:&quot;0&quot;,&quot;shutter_speed&quot;:&quot;0&quot;,&quot;title&quot;:&quot;&quot;}\" data-image-title=\"amor_en_tiempos_de_facebook\" data-image-description=\"\" data-image-caption=\"&lt;p&gt;amor en tiempos de redes sociales&lt;\/p&gt;\n\" data-large-file=\"https:\/\/i0.wp.com\/kalot.com.mx\/site\/wp-content\/uploads\/2013\/11\/amor_en_tiempos_de_facebook.jpg?fit=300%2C225&amp;ssl=1\" class=\"size-full wp-image-6160\" alt=\"amor en tiempos de redes sociales\" src=\"https:\/\/i0.wp.com\/kalot.com.mx\/site\/wp-content\/uploads\/2013\/08\/Rss.png?fit=128%2C128&#038;ssl=1\" width=\"128\" height=\"128\" \/><\/a><\/p>\n<p>Ahora con las redes puedes presumir abiertamente si tu pareja es amorosa o no, dado si te escribe mucho o poco en el TL de tu red social, en lugar de darte una carta o de mandarte flores a tu casa o de esos peque\u00f1os detalles, un te quiero al o\u00eddo, etc.<\/p>\n<p>Ahora sino te escribe, sino le da like a lo que le publicas te enojas o viceversa \u00a0tambi\u00e9n el otro reacciona de igual forma, la pregunta es, \u00bfnos hacemos dependientes de usar todo el tiempo las redes o regresamos a lo simple?.<\/p>\n<p>En mi opini\u00f3n me gusta m\u00e1s los detalles hechos y que se entregan de forma personal, aunque por otro lado las redes hacen que llegue cuando uno quiere; ustedes que opinan.<\/p>\n<p>Les deseo sigan disfrutando su fin de semana.<\/p>\n","protected":false},"excerpt":{"rendered":"&nbsp; Y hay d\u00edas donde no s\u00e9 si o es la edad o ser\u00e1 que todo cambia demasiado&hellip;\n","protected":false},"author":54,"featured_media":6161,"comment_status":"open","ping_status":"open","sticky":false,"template":"","format":"standard","meta":{"jetpack_post_was_ever_published":false,"_jetpack_newsletter_access":"","_jetpack_dont_email_post_to_subs":false,"_jetpack_newsletter_tier_id":0,"_jetpack_memberships_contains_paywalled_content":false,"_jetpack_memberships_contains_paid_content":false,"footnotes":"","jetpack_publicize_message":"","jetpack_publicize_feature_enabled":true,"jetpack_social_post_already_shared":true,"jetpack_social_options":{"image_generator_settings":{"template":"highway","default_image_id":0,"font":"","enabled":false},"version":2}},"categories":[1],"tags":[],"class_list":{"0":"post-6158","1":"post","2":"type-post","3":"status-publish","4":"format-standard","5":"has-post-thumbnail","7":"category-sin-categoria","8":"cs-entry","9":"cs-video-wrap"},"yoast_head":"<!-- This site is optimized with the Yoast SEO plugin v27.4 - https:\/\/yoast.com\/product\/yoast-seo-wordpress\/ -->\n<title>Amor en tiempos de redes sociales - Kalot<\/title>\n<meta name=\"description\" content=\"&nbsp; Y hay d\u00edas donde no s\u00e9 si o es la edad o ser\u00e1 que todo cambia demasiado r\u00e1pido, pero a mi parecer esto del amor se viene en decadencia, ya no sabes\" \/>\n<meta name=\"robots\" content=\"index, follow, max-snippet:-1, max-image-preview:large, max-video-preview:-1\" \/>\n<link rel=\"canonical\" href=\"https:\/\/kalot.com.mx\/site\/2013\/11\/10\/amor-en-tiempos-de-redes-sociales\/\" \/>\n<meta property=\"og:locale\" content=\"es_MX\" \/>\n<meta property=\"og:type\" content=\"article\" \/>\n<meta property=\"og:title\" content=\"Amor en tiempos de redes sociales - Kalot\" \/>\n<meta property=\"og:description\" content=\"&nbsp; Y hay d\u00edas donde no s\u00e9 si o es la edad o ser\u00e1 que todo cambia demasiado r\u00e1pido, pero a mi parecer esto del amor se viene en decadencia, ya no sabes\" \/>\n<meta property=\"og:url\" content=\"https:\/\/kalot.com.mx\/site\/2013\/11\/10\/amor-en-tiempos-de-redes-sociales\/\" \/>\n<meta property=\"og:site_name\" content=\"Kalot\" \/>\n<meta property=\"article:publisher\" content=\"http:\/\/facebook.com\/mxkalot\" \/>\n<meta property=\"article:published_time\" content=\"2013-11-10T07:26:24+00:00\" \/>\n<meta property=\"article:modified_time\" content=\"2017-12-20T21:53:19+00:00\" \/>\n<meta property=\"og:image\" content=\"https:\/\/i0.wp.com\/kalot.com.mx\/site\/wp-content\/uploads\/2013\/11\/amorvirtual.jpg?fit=500%2C370&ssl=1\" \/>\n\t<meta property=\"og:image:width\" content=\"500\" \/>\n\t<meta property=\"og:image:height\" content=\"370\" \/>\n\t<meta property=\"og:image:type\" content=\"image\/jpeg\" \/>\n<meta name=\"author\" content=\"Martha Navarro\" \/>\n<meta name=\"twitter:card\" content=\"summary_large_image\" \/>\n<meta name=\"twitter:creator\" content=\"@tita_navarro\" \/>\n<meta name=\"twitter:site\" content=\"@kalotmx\" \/>\n<meta name=\"twitter:label1\" content=\"Escrito por\" \/>\n\t<meta name=\"twitter:data1\" content=\"Martha Navarro\" \/>\n\t<meta name=\"twitter:label2\" content=\"Tiempo de lectura\" \/>\n\t<meta name=\"twitter:data2\" content=\"1 minuto\" \/>\n<!-- \/ Yoast SEO plugin. -->","yoast_head_json":{"title":"Amor en tiempos de redes sociales - Kalot","description":"&nbsp; Y hay d\u00edas donde no s\u00e9 si o es la edad o ser\u00e1 que todo cambia demasiado r\u00e1pido, pero a mi parecer esto del amor se viene en decadencia, ya no sabes","robots":{"index":"index","follow":"follow","max-snippet":"max-snippet:-1","max-image-preview":"max-image-preview:large","max-video-preview":"max-video-preview:-1"},"canonical":"https:\/\/kalot.com.mx\/site\/2013\/11\/10\/amor-en-tiempos-de-redes-sociales\/","og_locale":"es_MX","og_type":"article","og_title":"Amor en tiempos de redes sociales - Kalot","og_description":"&nbsp; Y hay d\u00edas donde no s\u00e9 si o es la edad o ser\u00e1 que todo cambia demasiado r\u00e1pido, pero a mi parecer esto del amor se viene en decadencia, ya no sabes","og_url":"https:\/\/kalot.com.mx\/site\/2013\/11\/10\/amor-en-tiempos-de-redes-sociales\/","og_site_name":"Kalot","article_publisher":"http:\/\/facebook.com\/mxkalot","article_published_time":"2013-11-10T07:26:24+00:00","article_modified_time":"2017-12-20T21:53:19+00:00","og_image":[{"width":500,"height":370,"url":"https:\/\/i0.wp.com\/kalot.com.mx\/site\/wp-content\/uploads\/2013\/11\/amorvirtual.jpg?fit=500%2C370&ssl=1","type":"image\/jpeg"}],"author":"Martha Navarro","twitter_card":"summary_large_image","twitter_creator":"@tita_navarro","twitter_site":"@kalotmx","twitter_misc":{"Escrito por":"Martha Navarro","Tiempo de lectura":"1 minuto"},"schema":{"@context":"https:\/\/schema.org","@graph":[{"@type":"Article","@id":"https:\/\/kalot.com.mx\/site\/2013\/11\/10\/amor-en-tiempos-de-redes-sociales\/#article","isPartOf":{"@id":"https:\/\/kalot.com.mx\/site\/2013\/11\/10\/amor-en-tiempos-de-redes-sociales\/"},"author":{"name":"Martha Navarro","@id":"https:\/\/kalot.com.mx\/site\/#\/schema\/person\/4df774c66ba4530b94509db8a39c23d9"},"headline":"Amor en tiempos de redes sociales","datePublished":"2013-11-10T07:26:24+00:00","dateModified":"2017-12-20T21:53:19+00:00","mainEntityOfPage":{"@id":"https:\/\/kalot.com.mx\/site\/2013\/11\/10\/amor-en-tiempos-de-redes-sociales\/"},"wordCount":278,"commentCount":1,"publisher":{"@id":"https:\/\/kalot.com.mx\/site\/#organization"},"image":{"@id":"https:\/\/kalot.com.mx\/site\/2013\/11\/10\/amor-en-tiempos-de-redes-sociales\/#primaryimage"},"thumbnailUrl":"https:\/\/i0.wp.com\/kalot.com.mx\/site\/wp-content\/uploads\/2013\/11\/amorvirtual.jpg?fit=500%2C370&ssl=1","inLanguage":"es","potentialAction":[{"@type":"CommentAction","name":"Comment","target":["https:\/\/kalot.com.mx\/site\/2013\/11\/10\/amor-en-tiempos-de-redes-sociales\/#respond"]}]},{"@type":"WebPage","@id":"https:\/\/kalot.com.mx\/site\/2013\/11\/10\/amor-en-tiempos-de-redes-sociales\/","url":"https:\/\/kalot.com.mx\/site\/2013\/11\/10\/amor-en-tiempos-de-redes-sociales\/","name":"Amor en tiempos de redes sociales - Kalot","isPartOf":{"@id":"https:\/\/kalot.com.mx\/site\/#website"},"primaryImageOfPage":{"@id":"https:\/\/kalot.com.mx\/site\/2013\/11\/10\/amor-en-tiempos-de-redes-sociales\/#primaryimage"},"image":{"@id":"https:\/\/kalot.com.mx\/site\/2013\/11\/10\/amor-en-tiempos-de-redes-sociales\/#primaryimage"},"thumbnailUrl":"https:\/\/i0.wp.com\/kalot.com.mx\/site\/wp-content\/uploads\/2013\/11\/amorvirtual.jpg?fit=500%2C370&ssl=1","datePublished":"2013-11-10T07:26:24+00:00","dateModified":"2017-12-20T21:53:19+00:00","description":"&nbsp; Y hay d\u00edas donde no s\u00e9 si o es la edad o ser\u00e1 que todo cambia demasiado r\u00e1pido, pero a mi parecer esto del amor se viene en decadencia, ya no sabes","breadcrumb":{"@id":"https:\/\/kalot.com.mx\/site\/2013\/11\/10\/amor-en-tiempos-de-redes-sociales\/#breadcrumb"},"inLanguage":"es","potentialAction":[{"@type":"ReadAction","target":["https:\/\/kalot.com.mx\/site\/2013\/11\/10\/amor-en-tiempos-de-redes-sociales\/"]}]},{"@type":"ImageObject","inLanguage":"es","@id":"https:\/\/kalot.com.mx\/site\/2013\/11\/10\/amor-en-tiempos-de-redes-sociales\/#primaryimage","url":"https:\/\/i0.wp.com\/kalot.com.mx\/site\/wp-content\/uploads\/2013\/11\/amorvirtual.jpg?fit=500%2C370&ssl=1","contentUrl":"https:\/\/i0.wp.com\/kalot.com.mx\/site\/wp-content\/uploads\/2013\/11\/amorvirtual.jpg?fit=500%2C370&ssl=1","width":500,"height":370},{"@type":"BreadcrumbList","@id":"https:\/\/kalot.com.mx\/site\/2013\/11\/10\/amor-en-tiempos-de-redes-sociales\/#breadcrumb","itemListElement":[{"@type":"ListItem","position":1,"name":"Home","item":"https:\/\/kalot.com.mx\/site\/"},{"@type":"ListItem","position":2,"name":"Amor en tiempos de redes sociales"}]},{"@type":"WebSite","@id":"https:\/\/kalot.com.mx\/site\/#website","url":"https:\/\/kalot.com.mx\/site\/","name":"Kalot","description":"Conoce Todo Sobre Todo","publisher":{"@id":"https:\/\/kalot.com.mx\/site\/#organization"},"potentialAction":[{"@type":"SearchAction","target":{"@type":"EntryPoint","urlTemplate":"https:\/\/kalot.com.mx\/site\/?s={search_term_string}"},"query-input":{"@type":"PropertyValueSpecification","valueRequired":true,"valueName":"search_term_string"}}],"inLanguage":"es"},{"@type":"Organization","@id":"https:\/\/kalot.com.mx\/site\/#organization","name":"Kalot","url":"https:\/\/kalot.com.mx\/site\/","logo":{"@type":"ImageObject","inLanguage":"es","@id":"https:\/\/kalot.com.mx\/site\/#\/schema\/logo\/image\/","url":"https:\/\/i0.wp.com\/kalot.com.mx\/site\/wp-content\/uploads\/2020\/04\/Kalot-logo-sin-tagline.png?fit=1707%2C1014&ssl=1","contentUrl":"https:\/\/i0.wp.com\/kalot.com.mx\/site\/wp-content\/uploads\/2020\/04\/Kalot-logo-sin-tagline.png?fit=1707%2C1014&ssl=1","width":1707,"height":1014,"caption":"Kalot"},"image":{"@id":"https:\/\/kalot.com.mx\/site\/#\/schema\/logo\/image\/"},"sameAs":["http:\/\/facebook.com\/mxkalot","https:\/\/x.com\/kalotmx","http:\/\/instagram.com\/kalotmx","http:\/\/pinterest.com\/jorgeerana\/kalot"]},{"@type":"Person","@id":"https:\/\/kalot.com.mx\/site\/#\/schema\/person\/4df774c66ba4530b94509db8a39c23d9","name":"Martha Navarro","image":{"@type":"ImageObject","inLanguage":"es","@id":"https:\/\/secure.gravatar.com\/avatar\/e3cb9711ca94ce6bc11debadc158f1d9275053fe378ae7408c8ea18ddad6a921?s=96&d=mm&r=g","url":"https:\/\/secure.gravatar.com\/avatar\/e3cb9711ca94ce6bc11debadc158f1d9275053fe378ae7408c8ea18ddad6a921?s=96&d=mm&r=g","contentUrl":"https:\/\/secure.gravatar.com\/avatar\/e3cb9711ca94ce6bc11debadc158f1d9275053fe378ae7408c8ea18ddad6a921?s=96&d=mm&r=g","caption":"Martha Navarro"},"description":"Ll\u00e1mame Tita. Orgullosamente de Jalisco, mujer libre, valiente y confiada. Todologa por afici\u00f3n, Mercad\u00f3loga de profesi\u00f3n y Humanista por convicci\u00f3n. Miembro de #MarketerosNocturnos y #MarketerasTequileras. \"En esta vida somos maestros y alumnos a la vez, a veces nos toca ense\u00f1ar y todo el tiempo nos toca aprender\" Amante de los libros, la m\u00fasica, Dios y mi pasi\u00f3n la Mercadotecnia.","sameAs":["https:\/\/x.com\/tita_navarro"],"url":"https:\/\/kalot.com.mx\/site\/author\/tita\/"}]}},"jetpack_publicize_connections":[],"jetpack_featured_media_url":"https:\/\/i0.wp.com\/kalot.com.mx\/site\/wp-content\/uploads\/2013\/11\/amorvirtual.jpg?fit=500%2C370&ssl=1","jetpack_shortlink":"https:\/\/wp.me\/p6IHEI-1Bk","jetpack-related-posts":[{"id":5840,"url":"https:\/\/kalot.com.mx\/site\/2013\/11\/06\/el-amor-en-los-tiempos-del-stalkeo-por-tania_aguirre\/","url_meta":{"origin":6158,"position":0},"title":"El amor en los tiempos del stalker por: @Tania_Aguirre","author":"Tania Aguirre","date":"6 noviembre, 2013","format":false,"excerpt":"Post madrugador inspirado en historias reales (el amigo del primo de un amigo, o algo as\u00ed) El amor hab\u00eda\u00a0 existido desde el principio de los tiempos, las personas \u201cse conoc\u00edan\u201d se enamoraban y finalmente se casaban hasta vivir felices por siempre\u2026 o algo parecido. Gracias a las redes sociales, la\u2026","rel":"","context":"Con 2 comentarios","block_context":{"text":"Con 2 comentarios","link":"https:\/\/kalot.com.mx\/site\/2013\/11\/06\/el-amor-en-los-tiempos-del-stalkeo-por-tania_aguirre\/#comments"},"img":{"alt_text":"facebook_stalking_trend","src":"https:\/\/i0.wp.com\/www.kalot.com.mx\/wp-content\/uploads\/2013\/11\/facebook_stalking_trend-300x216.jpg?resize=350%2C200","width":350,"height":200},"classes":[]},{"id":6973,"url":"https:\/\/kalot.com.mx\/site\/2013\/11\/23\/aprender-decir-adios-tu\/","url_meta":{"origin":6158,"position":1},"title":"Aprender a decir adios #T\u00fa","author":"Karenina Gonzalez","date":"23 noviembre, 2013","format":false,"excerpt":"\u00bfCu\u00e1ntos hemos conocido a personas, que el d\u00eda de hoy ya no sabemos de ellas? Aquellos que jur\u00e1bamos que eran nuestros mejores amig@s, que \u00edbamos a contar con ellos hasta la muerte... o peor aquellos a los que llam\u00e1bamos el \"amor de mi vida\". De repente, las cosas cambian y\u2026","rel":"","context":"En &quot;Sin categor\u00eda&quot;","block_context":{"text":"Sin categor\u00eda","link":"https:\/\/kalot.com.mx\/site\/category\/sin-categoria\/"},"img":{"alt_text":"Aprende a decir adios","src":"https:\/\/i0.wp.com\/kalot.com.mx\/site\/wp-content\/uploads\/2013\/11\/decir-adios.jpg?fit=600%2C450&ssl=1&resize=350%2C200","width":350,"height":200,"srcset":"https:\/\/i0.wp.com\/kalot.com.mx\/site\/wp-content\/uploads\/2013\/11\/decir-adios.jpg?fit=600%2C450&ssl=1&resize=350%2C200 1x, https:\/\/i0.wp.com\/kalot.com.mx\/site\/wp-content\/uploads\/2013\/11\/decir-adios.jpg?fit=600%2C450&ssl=1&resize=525%2C300 1.5x"},"classes":[]},{"id":24795,"url":"https:\/\/kalot.com.mx\/site\/2016\/01\/21\/la-confianza-la-cosa-rara-que-amamos\/","url_meta":{"origin":6158,"position":2},"title":"&#8220;La confianza&#8221; la cosa rara que amamos","author":"Fabiia Rivera","date":"21 enero, 2016","format":false,"excerpt":"Mis queridos kaloteros, excelente semana llena de \u00e9xitos, ten\u00eda mucho sin escribir, por lo que he visto m\u00e1s que nada muchas cosas en este inicio de a\u00f1o, un 2016 con grandes cambios y con malas noticias pero, no nos concentremos en eso ahorita. Dicen por ah\u00ed que la confianza es\u2026","rel":"","context":"En &quot;Reflexi\u00f3n&quot;","block_context":{"text":"Reflexi\u00f3n","link":"https:\/\/kalot.com.mx\/site\/category\/reflexion\/"},"img":{"alt_text":"","src":"https:\/\/i0.wp.com\/kalot.com.mx\/site\/wp-content\/uploads\/2016\/01\/amor-de-ni%C3%B1os.jpg?fit=500%2C333&ssl=1&resize=350%2C200","width":350,"height":200},"classes":[]},{"id":11912,"url":"https:\/\/kalot.com.mx\/site\/2014\/02\/17\/encuentra-lo-que-amas-y-deja-que-te-mate\/","url_meta":{"origin":6158,"position":3},"title":"&#8220;Encuentra lo que amas y deja que te mate.&#8221;","author":"#YoSoyElOtro","date":"17 febrero, 2014","format":false,"excerpt":"Y a proposito de 14 de Febrero no debemos olvidar el verdadero valor de lo que la gente hace o deja de hacer por lo que cree que es \u201camor\u201d.\u00a0 Nos topamos todos los d\u00edas sin importar donde a alguien que nos trata de cuestionar lo que hacemos bien o\u2026","rel":"","context":"En &quot;Sin categor\u00eda&quot;","block_context":{"text":"Sin categor\u00eda","link":"https:\/\/kalot.com.mx\/site\/category\/sin-categoria\/"},"img":{"alt_text":"","src":"https:\/\/i0.wp.com\/kalot.com.mx\/site\/wp-content\/uploads\/2014\/02\/IMG_2102.jpg?fit=400%2C400&ssl=1&resize=350%2C200","width":350,"height":200},"classes":[]},{"id":6166,"url":"https:\/\/kalot.com.mx\/site\/2013\/11\/10\/amor-propio-tu\/","url_meta":{"origin":6158,"position":4},"title":"\u00bfCu\u00e1l amor es m\u00e1s importante? #T\u00fa por @KareGo22","author":"Karenina Gonzalez","date":"10 noviembre, 2013","format":false,"excerpt":"Y es que la vida y el amor van de la mano, y los mexicanos somos muy amorosos. Queremos demostrar nuestro cari\u00f1o a diestra y siniestra... pero... \u00bfQu\u00e9 pasa cuando viene el rechazo? Pff.. son d\u00edas de una tristeza y un vac\u00edo enorme, no me dejar\u00e1n mentir... y es que\u2026","rel":"","context":"En &quot;Sin categor\u00eda&quot;","block_context":{"text":"Sin categor\u00eda","link":"https:\/\/kalot.com.mx\/site\/category\/sin-categoria\/"},"img":{"alt_text":"\u00bfCu\u00e1l es el amor m\u00e1s impotante? #T\u00fa","src":"https:\/\/i0.wp.com\/kalot.com.mx\/site\/wp-content\/uploads\/2013\/11\/iloveme.jpg?fit=500%2C462&ssl=1&resize=350%2C200","width":350,"height":200},"classes":[]},{"id":5834,"url":"https:\/\/kalot.com.mx\/site\/2013\/11\/06\/haz-un-plan-de-social-media-facil-y-practico\/","url_meta":{"origin":6158,"position":5},"title":"\u00a1Haz un plan de social media f\u00e1cil y pr\u00e1ctico! por @tania_aguirre","author":"Tania Aguirre","date":"6 noviembre, 2013","format":false,"excerpt":"La planeaci\u00f3n es un eje clave para el \u00e9xito en cualquier contexto y las redes sociales no son la excepci\u00f3n. Hoy en d\u00eda muchas personas quieren dedicarse al Social Media Management (Manejo de la identidad de la empresa en las redes sociales) \u00a0y lamentablemente no realizan una planeaci\u00f3n oportuna.Si pagaras\u2026","rel":"","context":"Entrada similar ","block_context":{"text":"Entrada similar ","link":""},"img":{"alt_text":"","src":"https:\/\/i0.wp.com\/kalot.com.mx\/site\/wp-content\/uploads\/2013\/11\/content-marketing-guide.jpg?fit=500%2C470&ssl=1&resize=350%2C200","width":350,"height":200},"classes":[]}],"jetpack_sharing_enabled":true,"_links":{"self":[{"href":"https:\/\/kalot.com.mx\/site\/wp-json\/wp\/v2\/posts\/6158","targetHints":{"allow":["GET"]}}],"collection":[{"href":"https:\/\/kalot.com.mx\/site\/wp-json\/wp\/v2\/posts"}],"about":[{"href":"https:\/\/kalot.com.mx\/site\/wp-json\/wp\/v2\/types\/post"}],"author":[{"embeddable":true,"href":"https:\/\/kalot.com.mx\/site\/wp-json\/wp\/v2\/users\/54"}],"replies":[{"embeddable":true,"href":"https:\/\/kalot.com.mx\/site\/wp-json\/wp\/v2\/comments?post=6158"}],"version-history":[{"count":1,"href":"https:\/\/kalot.com.mx\/site\/wp-json\/wp\/v2\/posts\/6158\/revisions"}],"predecessor-version":[{"id":27667,"href":"https:\/\/kalot.com.mx\/site\/wp-json\/wp\/v2\/posts\/6158\/revisions\/27667"}],"wp:featuredmedia":[{"embeddable":true,"href":"https:\/\/kalot.com.mx\/site\/wp-json\/wp\/v2\/media\/6161"}],"wp:attachment":[{"href":"https:\/\/kalot.com.mx\/site\/wp-json\/wp\/v2\/media?parent=6158"}],"wp:term":[{"taxonomy":"category","embeddable":true,"href":"https:\/\/kalot.com.mx\/site\/wp-json\/wp\/v2\/categories?post=6158"},{"taxonomy":"post_tag","embeddable":true,"href":"https:\/\/kalot.com.mx\/site\/wp-json\/wp\/v2\/tags?post=6158"}],"curies":[{"name":"wp","href":"https:\/\/api.w.org\/{rel}","templated":true}]}}