{"id":6151,"date":"2013-11-09T23:41:04","date_gmt":"2013-11-10T05:41:04","guid":{"rendered":"http:\/\/www.kalot.com.mx\/?p=6151"},"modified":"2013-11-09T23:41:04","modified_gmt":"2013-11-10T05:41:04","slug":"adios-manita-de-like-el-reemplazo-del-icono-de-facebook","status":"publish","type":"post","link":"https:\/\/kalot.com.mx\/site\/2013\/11\/09\/adios-manita-de-like-el-reemplazo-del-icono-de-facebook\/","title":{"rendered":"Adi\u00f3s manita de &#8220;like&#8221;. El reemplazo del \u00edcono de Facebook"},"content":{"rendered":"<p style=\"text-align: justify\">Para muchos que iniciamos hace poco o hace mucho a usar esta popular red social, tenemos muy presente el famos\u00edsimo \u00edcono de \u201cla manita con el pulgar hacia arriba\u201d, para dar a entender que algo nos agrada; adem\u00e1s, este s\u00edmbolo lo podemos ver en otros sitios fuera de la red social, como sitios de videos, de noticias, de pel\u00edculas, o simplemente de aquello que nos gusta. Pues bien, se acaba de dar a conocer que la red social Facebook reemplazar\u00e1 este s\u00edmbolo iconogr\u00e1fico.<\/p>\n<p style=\"text-align: justify\">No se ha dado a conocer, la verdadera raz\u00f3n del porqu\u00e9 este cambio tan repentino (si consideramos que Facebook hace cambios de la noche a la ma\u00f1ana); se ha rumorado que se debe al mal uso que se le ha dado a este s\u00edmbolo, como el dise\u00f1o y manejo manipulado del \u00edcono con otro tipo de se\u00f1ales (como Britney-se\u00f1al), pero no es nada confirmado.<\/p>\n<p style=\"text-align: justify\">Lo que es un hecho es que, de cierta forma, este s\u00edmbolo ha formado parte de la historia de la red social, con el que se identifica la gente y que, de cierta forma, se encuentra anclado en la mente de los usuarios.<\/p>\n<p style=\"text-align: justify\">Para sustituir a este \u00edcono, se ha rumorado que los nuevos botones con las leyendas \u201clike, compartir contenidos\u201d y dem\u00e1s acciones que podemos hacer con una publicaci\u00f3n, contendr\u00e1 las mimas leyendas mencionados, pero en lugar de tener la manita, estar\u00e1n acompa\u00f1ados de la famosa \u201cF\u201d de la red social.<\/p>\n<p style=\"text-align: justify\">M\u00e1s el cambio no es tan dr\u00e1stico como se escucha. Este \u00edcono aparecer\u00e1 a\u00fan junto al contador que indica cuantas veces el bot\u00f3n \u201clike\u201d ha sido pulsado. Los nuevo \u00edconos se mostrar\u00e1n pr\u00f3ximamente.<\/p>\n<p style=\"text-align: justify\">As\u00ed que mis estimados lectores, ahora que ya saben que pronto habr\u00e1 nuevamente cambios en nuestras redes sociales, aunque, en opini\u00f3n de un servidor, no creo que sea buena idea, dado la importancia ic\u00f3nica que ha tenido. Pero tambi\u00e9n, como dicen los expertos en imagen corporativa, la mentalidad del consumidor evoluciona, y a la vez, la imagen del producto o servicio debe refrescarse. Esperemos que lo que se haga, sea, ante todo, para bien de los usuarios.<\/p>\n<p style=\"text-align: justify\">See ya.<\/p>\n","protected":false},"excerpt":{"rendered":"Para muchos que iniciamos hace poco o hace mucho a usar esta popular red social, tenemos muy presente&hellip;\n","protected":false},"author":25,"featured_media":6152,"comment_status":"open","ping_status":"open","sticky":false,"template":"","format":"standard","meta":{"jetpack_post_was_ever_published":false,"_jetpack_newsletter_access":"","_jetpack_dont_email_post_to_subs":false,"_jetpack_newsletter_tier_id":0,"_jetpack_memberships_contains_paywalled_content":false,"_jetpack_memberships_contains_paid_content":false,"footnotes":"","jetpack_publicize_message":"","jetpack_publicize_feature_enabled":true,"jetpack_social_post_already_shared":true,"jetpack_social_options":{"image_generator_settings":{"template":"highway","default_image_id":0,"font":"","enabled":false},"version":2}},"categories":[],"tags":[],"class_list":{"0":"post-6151","1":"post","2":"type-post","3":"status-publish","4":"format-standard","5":"has-post-thumbnail","7":"cs-entry","8":"cs-video-wrap"},"yoast_head":"<!-- This site is optimized with the Yoast SEO plugin v27.4 - https:\/\/yoast.com\/product\/yoast-seo-wordpress\/ -->\n<title>Adi\u00f3s manita de &quot;like&quot;. El reemplazo del \u00edcono de Facebook  - Kalot<\/title>\n<meta name=\"description\" content=\"Para muchos que iniciamos hace poco o hace mucho a usar esta popular red social, tenemos muy presente el famos\u00edsimo \u00edcono de \u201cla manita con el pulgar\" \/>\n<meta name=\"robots\" content=\"index, follow, max-snippet:-1, max-image-preview:large, max-video-preview:-1\" \/>\n<link rel=\"canonical\" href=\"https:\/\/kalot.com.mx\/site\/2013\/11\/09\/adios-manita-de-like-el-reemplazo-del-icono-de-facebook\/\" \/>\n<meta property=\"og:locale\" content=\"es_MX\" \/>\n<meta property=\"og:type\" content=\"article\" \/>\n<meta property=\"og:title\" content=\"Adi\u00f3s manita de &quot;like&quot;. El reemplazo del \u00edcono de Facebook  - Kalot\" \/>\n<meta property=\"og:description\" content=\"Para muchos que iniciamos hace poco o hace mucho a usar esta popular red social, tenemos muy presente el famos\u00edsimo \u00edcono de \u201cla manita con el pulgar\" \/>\n<meta property=\"og:url\" content=\"https:\/\/kalot.com.mx\/site\/2013\/11\/09\/adios-manita-de-like-el-reemplazo-del-icono-de-facebook\/\" \/>\n<meta property=\"og:site_name\" content=\"Kalot\" \/>\n<meta property=\"article:publisher\" content=\"http:\/\/facebook.com\/mxkalot\" \/>\n<meta property=\"article:published_time\" content=\"2013-11-10T05:41:04+00:00\" \/>\n<meta property=\"og:image\" content=\"https:\/\/i2.wp.com\/kalot.com.mx\/site\/wp-content\/uploads\/2013\/11\/desenho_hands__183432.jpg?fit=640%2C480&ssl=1\" \/>\n\t<meta property=\"og:image:width\" content=\"640\" \/>\n\t<meta property=\"og:image:height\" content=\"480\" \/>\n\t<meta property=\"og:image:type\" content=\"image\/jpeg\" \/>\n<meta name=\"author\" content=\"Saul Alonso\" \/>\n<meta name=\"twitter:card\" content=\"summary_large_image\" \/>\n<meta name=\"twitter:creator\" content=\"@kalotmx\" \/>\n<meta name=\"twitter:site\" content=\"@kalotmx\" \/>\n<meta name=\"twitter:label1\" content=\"Escrito por\" \/>\n\t<meta name=\"twitter:data1\" content=\"Saul Alonso\" \/>\n\t<meta name=\"twitter:label2\" content=\"Tiempo de lectura\" \/>\n\t<meta name=\"twitter:data2\" content=\"2 minutos\" \/>\n<!-- \/ Yoast SEO plugin. -->","yoast_head_json":{"title":"Adi\u00f3s manita de \"like\". El reemplazo del \u00edcono de Facebook  - Kalot","description":"Para muchos que iniciamos hace poco o hace mucho a usar esta popular red social, tenemos muy presente el famos\u00edsimo \u00edcono de \u201cla manita con el pulgar","robots":{"index":"index","follow":"follow","max-snippet":"max-snippet:-1","max-image-preview":"max-image-preview:large","max-video-preview":"max-video-preview:-1"},"canonical":"https:\/\/kalot.com.mx\/site\/2013\/11\/09\/adios-manita-de-like-el-reemplazo-del-icono-de-facebook\/","og_locale":"es_MX","og_type":"article","og_title":"Adi\u00f3s manita de \"like\". El reemplazo del \u00edcono de Facebook  - Kalot","og_description":"Para muchos que iniciamos hace poco o hace mucho a usar esta popular red social, tenemos muy presente el famos\u00edsimo \u00edcono de \u201cla manita con el pulgar","og_url":"https:\/\/kalot.com.mx\/site\/2013\/11\/09\/adios-manita-de-like-el-reemplazo-del-icono-de-facebook\/","og_site_name":"Kalot","article_publisher":"http:\/\/facebook.com\/mxkalot","article_published_time":"2013-11-10T05:41:04+00:00","og_image":[{"width":640,"height":480,"url":"https:\/\/i2.wp.com\/kalot.com.mx\/site\/wp-content\/uploads\/2013\/11\/desenho_hands__183432.jpg?fit=640%2C480&ssl=1","type":"image\/jpeg"}],"author":"Saul Alonso","twitter_card":"summary_large_image","twitter_creator":"@kalotmx","twitter_site":"@kalotmx","twitter_misc":{"Escrito por":"Saul Alonso","Tiempo de lectura":"2 minutos"},"schema":{"@context":"https:\/\/schema.org","@graph":[{"@type":"Article","@id":"https:\/\/kalot.com.mx\/site\/2013\/11\/09\/adios-manita-de-like-el-reemplazo-del-icono-de-facebook\/#article","isPartOf":{"@id":"https:\/\/kalot.com.mx\/site\/2013\/11\/09\/adios-manita-de-like-el-reemplazo-del-icono-de-facebook\/"},"author":{"name":"Saul Alonso","@id":"https:\/\/kalot.com.mx\/site\/#\/schema\/person\/0af7e4a35e97d3b642a1427204342da1"},"headline":"Adi\u00f3s manita de &#8220;like&#8221;. El reemplazo del \u00edcono de Facebook","datePublished":"2013-11-10T05:41:04+00:00","mainEntityOfPage":{"@id":"https:\/\/kalot.com.mx\/site\/2013\/11\/09\/adios-manita-de-like-el-reemplazo-del-icono-de-facebook\/"},"wordCount":388,"commentCount":0,"publisher":{"@id":"https:\/\/kalot.com.mx\/site\/#organization"},"image":{"@id":"https:\/\/kalot.com.mx\/site\/2013\/11\/09\/adios-manita-de-like-el-reemplazo-del-icono-de-facebook\/#primaryimage"},"thumbnailUrl":"https:\/\/i0.wp.com\/kalot.com.mx\/site\/wp-content\/uploads\/2013\/11\/desenho_hands__183432.jpg?fit=640%2C480&ssl=1","inLanguage":"es","potentialAction":[{"@type":"CommentAction","name":"Comment","target":["https:\/\/kalot.com.mx\/site\/2013\/11\/09\/adios-manita-de-like-el-reemplazo-del-icono-de-facebook\/#respond"]}]},{"@type":"WebPage","@id":"https:\/\/kalot.com.mx\/site\/2013\/11\/09\/adios-manita-de-like-el-reemplazo-del-icono-de-facebook\/","url":"https:\/\/kalot.com.mx\/site\/2013\/11\/09\/adios-manita-de-like-el-reemplazo-del-icono-de-facebook\/","name":"Adi\u00f3s manita de \"like\". El reemplazo del \u00edcono de Facebook - Kalot","isPartOf":{"@id":"https:\/\/kalot.com.mx\/site\/#website"},"primaryImageOfPage":{"@id":"https:\/\/kalot.com.mx\/site\/2013\/11\/09\/adios-manita-de-like-el-reemplazo-del-icono-de-facebook\/#primaryimage"},"image":{"@id":"https:\/\/kalot.com.mx\/site\/2013\/11\/09\/adios-manita-de-like-el-reemplazo-del-icono-de-facebook\/#primaryimage"},"thumbnailUrl":"https:\/\/i0.wp.com\/kalot.com.mx\/site\/wp-content\/uploads\/2013\/11\/desenho_hands__183432.jpg?fit=640%2C480&ssl=1","datePublished":"2013-11-10T05:41:04+00:00","description":"Para muchos que iniciamos hace poco o hace mucho a usar esta popular red social, tenemos muy presente el famos\u00edsimo \u00edcono de \u201cla manita con el pulgar","breadcrumb":{"@id":"https:\/\/kalot.com.mx\/site\/2013\/11\/09\/adios-manita-de-like-el-reemplazo-del-icono-de-facebook\/#breadcrumb"},"inLanguage":"es","potentialAction":[{"@type":"ReadAction","target":["https:\/\/kalot.com.mx\/site\/2013\/11\/09\/adios-manita-de-like-el-reemplazo-del-icono-de-facebook\/"]}]},{"@type":"ImageObject","inLanguage":"es","@id":"https:\/\/kalot.com.mx\/site\/2013\/11\/09\/adios-manita-de-like-el-reemplazo-del-icono-de-facebook\/#primaryimage","url":"https:\/\/i0.wp.com\/kalot.com.mx\/site\/wp-content\/uploads\/2013\/11\/desenho_hands__183432.jpg?fit=640%2C480&ssl=1","contentUrl":"https:\/\/i0.wp.com\/kalot.com.mx\/site\/wp-content\/uploads\/2013\/11\/desenho_hands__183432.jpg?fit=640%2C480&ssl=1","width":640,"height":480},{"@type":"BreadcrumbList","@id":"https:\/\/kalot.com.mx\/site\/2013\/11\/09\/adios-manita-de-like-el-reemplazo-del-icono-de-facebook\/#breadcrumb","itemListElement":[{"@type":"ListItem","position":1,"name":"Home","item":"https:\/\/kalot.com.mx\/site\/"},{"@type":"ListItem","position":2,"name":"Adi\u00f3s manita de &#8220;like&#8221;. El reemplazo del \u00edcono de Facebook"}]},{"@type":"WebSite","@id":"https:\/\/kalot.com.mx\/site\/#website","url":"https:\/\/kalot.com.mx\/site\/","name":"Kalot","description":"Conoce Todo Sobre Todo","publisher":{"@id":"https:\/\/kalot.com.mx\/site\/#organization"},"potentialAction":[{"@type":"SearchAction","target":{"@type":"EntryPoint","urlTemplate":"https:\/\/kalot.com.mx\/site\/?s={search_term_string}"},"query-input":{"@type":"PropertyValueSpecification","valueRequired":true,"valueName":"search_term_string"}}],"inLanguage":"es"},{"@type":"Organization","@id":"https:\/\/kalot.com.mx\/site\/#organization","name":"Kalot","url":"https:\/\/kalot.com.mx\/site\/","logo":{"@type":"ImageObject","inLanguage":"es","@id":"https:\/\/kalot.com.mx\/site\/#\/schema\/logo\/image\/","url":"https:\/\/i0.wp.com\/kalot.com.mx\/site\/wp-content\/uploads\/2020\/04\/Kalot-logo-sin-tagline.png?fit=1707%2C1014&ssl=1","contentUrl":"https:\/\/i0.wp.com\/kalot.com.mx\/site\/wp-content\/uploads\/2020\/04\/Kalot-logo-sin-tagline.png?fit=1707%2C1014&ssl=1","width":1707,"height":1014,"caption":"Kalot"},"image":{"@id":"https:\/\/kalot.com.mx\/site\/#\/schema\/logo\/image\/"},"sameAs":["http:\/\/facebook.com\/mxkalot","https:\/\/x.com\/kalotmx","http:\/\/instagram.com\/kalotmx","http:\/\/pinterest.com\/jorgeerana\/kalot"]},{"@type":"Person","@id":"https:\/\/kalot.com.mx\/site\/#\/schema\/person\/0af7e4a35e97d3b642a1427204342da1","name":"Saul Alonso","image":{"@type":"ImageObject","inLanguage":"es","@id":"https:\/\/secure.gravatar.com\/avatar\/567d81852bbebfd1de3d0230b17b0030cb90aacd14e0f6c3e0d25e45c92e3109?s=96&d=mm&r=g","url":"https:\/\/secure.gravatar.com\/avatar\/567d81852bbebfd1de3d0230b17b0030cb90aacd14e0f6c3e0d25e45c92e3109?s=96&d=mm&r=g","contentUrl":"https:\/\/secure.gravatar.com\/avatar\/567d81852bbebfd1de3d0230b17b0030cb90aacd14e0f6c3e0d25e45c92e3109?s=96&d=mm&r=g","caption":"Saul Alonso"},"description":"Licenciado en Administraci\u00f3n por parte de la Universidad Polit\u00e9cnica de San Luis Potos\u00ed. Trabaja en la Direcci\u00f3n de Control en Grupo Bimbo. Galardonado por la Fundaci\u00f3n Trayectoria de \u00c9xito en el certamen \"Medalla Estudiantes Ejemplares\" en su edici\u00f3n 2013. Amante de la lectura y escritura. En proceso de redacci\u00f3n del libro \"Crossed Destinies\".","url":"https:\/\/kalot.com.mx\/site\/author\/saul\/"}]}},"jetpack_publicize_connections":[],"jetpack_featured_media_url":"https:\/\/i0.wp.com\/kalot.com.mx\/site\/wp-content\/uploads\/2013\/11\/desenho_hands__183432.jpg?fit=640%2C480&ssl=1","jetpack_shortlink":"https:\/\/wp.me\/p6IHEI-1Bd","jetpack-related-posts":[{"id":15503,"url":"https:\/\/kalot.com.mx\/site\/2014\/04\/28\/y-si-cambiamos-la-senaletica-para-discapacitados\/","url_meta":{"origin":6151,"position":0},"title":"\u00bfY si cambiamos la se\u00f1aletica para &#8220;discapacitados&#8221;?","author":"Dulce Mireles","date":"28 abril, 2014","format":false,"excerpt":"Hola amigos de Kalot, primero muchas gracias por leer. Continuamente\u00a0le ponemos muchas ganas para mejorar d\u00eda con d\u00eda, incluso he rescatado una nueva filosof\u00eda de la que ya les hab\u00eda hablado antes: \"Hacer is the new decir\"\u00a0agregando a esto la frase: \"Deja que tu trabajo hable por ti\" Aclarado esto,\u2026","rel":"","context":"En &quot;Sin categor\u00eda&quot;","block_context":{"text":"Sin categor\u00eda","link":"https:\/\/kalot.com.mx\/site\/category\/sin-categoria\/"},"img":{"alt_text":"","src":"https:\/\/i0.wp.com\/kalot.com.mx\/site\/wp-content\/uploads\/2014\/04\/4110879_orig.jpg?fit=1100%2C533&ssl=1&resize=350%2C200","width":350,"height":200,"srcset":"https:\/\/i0.wp.com\/kalot.com.mx\/site\/wp-content\/uploads\/2014\/04\/4110879_orig.jpg?fit=1100%2C533&ssl=1&resize=350%2C200 1x, https:\/\/i0.wp.com\/kalot.com.mx\/site\/wp-content\/uploads\/2014\/04\/4110879_orig.jpg?fit=1100%2C533&ssl=1&resize=525%2C300 1.5x, https:\/\/i0.wp.com\/kalot.com.mx\/site\/wp-content\/uploads\/2014\/04\/4110879_orig.jpg?fit=1100%2C533&ssl=1&resize=700%2C400 2x, https:\/\/i0.wp.com\/kalot.com.mx\/site\/wp-content\/uploads\/2014\/04\/4110879_orig.jpg?fit=1100%2C533&ssl=1&resize=1050%2C600 3x"},"classes":[]},{"id":11103,"url":"https:\/\/kalot.com.mx\/site\/2014\/02\/04\/10-cosas-que-cambio-facebook-en-nuestras-vidas\/","url_meta":{"origin":6151,"position":1},"title":"10 cosas que cambio Facebook en nuestras vidas","author":"Samuel Arriaga","date":"4 febrero, 2014","format":false,"excerpt":"4 de febrero del 2004 naci\u00f3 la red social mas importante de la actualidad, una red que cambio todos los \u00e1mbitos de nuestra vida, 10 a\u00f1os de grandes cambios, aqu\u00ed te en listo 10 aspectos que cambio en nuestra vida: 1-La amistad: Messenger y el correo electr\u00f3nico eran los preferidos\u2026","rel":"","context":"Entrada similar ","block_context":{"text":"Entrada similar ","link":""},"img":{"alt_text":"","src":"https:\/\/i0.wp.com\/kalot.com.mx\/site\/wp-content\/uploads\/2014\/02\/10-a%C3%B1os-de-Facebook-Como-hemos-cambiado.jpg?fit=840%2C480&ssl=1&resize=350%2C200","width":350,"height":200,"srcset":"https:\/\/i0.wp.com\/kalot.com.mx\/site\/wp-content\/uploads\/2014\/02\/10-a%C3%B1os-de-Facebook-Como-hemos-cambiado.jpg?fit=840%2C480&ssl=1&resize=350%2C200 1x, https:\/\/i0.wp.com\/kalot.com.mx\/site\/wp-content\/uploads\/2014\/02\/10-a%C3%B1os-de-Facebook-Como-hemos-cambiado.jpg?fit=840%2C480&ssl=1&resize=525%2C300 1.5x, https:\/\/i0.wp.com\/kalot.com.mx\/site\/wp-content\/uploads\/2014\/02\/10-a%C3%B1os-de-Facebook-Como-hemos-cambiado.jpg?fit=840%2C480&ssl=1&resize=700%2C400 2x"},"classes":[]},{"id":22109,"url":"https:\/\/kalot.com.mx\/site\/2015\/07\/06\/the-beatles-simbolo-de-amistad-entre-gran-bretana-y-mexico\/","url_meta":{"origin":6151,"position":2},"title":"The Beatles. S\u00edmbolo de amistad entre Gran Breta\u00f1a y M\u00e9xico","author":"Brenda A","date":"6 julio, 2015","format":false,"excerpt":"El grupo \u00edcono ha sido nombrado el s\u00edmbolo de amistad entre Gran Breta\u00f1a y M\u00e9xico. Para homenajear a los de Liverpool hay una muestra en el museo Soumaya, y adivinen qu\u00e9, es gratis. Podr\u00e1n visitar\u00a0la memorabilia, tomada de coleccionistas, que da ejemplo de la beatlemania en el mundo.\u00a0Se incluyen afiches,\u2026","rel":"","context":"Entrada similar ","block_context":{"text":"Entrada similar ","link":""},"img":{"alt_text":"","src":"https:\/\/i0.wp.com\/kalot.com.mx\/site\/wp-content\/uploads\/2015\/07\/image.jpg?fit=896%2C1200&ssl=1&resize=350%2C200","width":350,"height":200,"srcset":"https:\/\/i0.wp.com\/kalot.com.mx\/site\/wp-content\/uploads\/2015\/07\/image.jpg?fit=896%2C1200&ssl=1&resize=350%2C200 1x, https:\/\/i0.wp.com\/kalot.com.mx\/site\/wp-content\/uploads\/2015\/07\/image.jpg?fit=896%2C1200&ssl=1&resize=525%2C300 1.5x, https:\/\/i0.wp.com\/kalot.com.mx\/site\/wp-content\/uploads\/2015\/07\/image.jpg?fit=896%2C1200&ssl=1&resize=700%2C400 2x"},"classes":[]},{"id":7257,"url":"https:\/\/kalot.com.mx\/site\/2013\/11\/28\/autolike-empresarial\/","url_meta":{"origin":6151,"position":3},"title":"Autolike empresarial","author":"Benjamin Lara","date":"28 noviembre, 2013","format":false,"excerpt":"Bienvenidos nuevamente kalochos, esta vez vengo a platicarles sobre algo muy curioso que ocurre en Facebook, la m\u00e1xima red social actualmente, que una de sus opciones es el bot\u00f3n de like\/me gusta\/manita arriba o como les guste llamarlo, para expresar valga la redundancia que nos gusta algo, que estamos de\u2026","rel":"","context":"Entrada similar ","block_context":{"text":"Entrada similar ","link":""},"img":{"alt_text":"","src":"https:\/\/i0.wp.com\/kalot.com.mx\/site\/wp-content\/uploads\/2013\/11\/1379478_620761457959231_686629688_n.jpg?fit=720%2C673&ssl=1&resize=350%2C200","width":350,"height":200,"srcset":"https:\/\/i0.wp.com\/kalot.com.mx\/site\/wp-content\/uploads\/2013\/11\/1379478_620761457959231_686629688_n.jpg?fit=720%2C673&ssl=1&resize=350%2C200 1x, https:\/\/i0.wp.com\/kalot.com.mx\/site\/wp-content\/uploads\/2013\/11\/1379478_620761457959231_686629688_n.jpg?fit=720%2C673&ssl=1&resize=525%2C300 1.5x, https:\/\/i0.wp.com\/kalot.com.mx\/site\/wp-content\/uploads\/2013\/11\/1379478_620761457959231_686629688_n.jpg?fit=720%2C673&ssl=1&resize=700%2C400 2x"},"classes":[]},{"id":7970,"url":"https:\/\/kalot.com.mx\/site\/2013\/12\/17\/no-me-gusta-facebook\/","url_meta":{"origin":6151,"position":4},"title":"Por fin podr\u00e1s decir &#8220;No me gusta&#8221; en Facebook","author":"Jorge Era\u00f1a","date":"17 diciembre, 2013","format":false,"excerpt":"De seguro siempre has deseado poderle decir a esa persona un \"No me gusta\" en Facebook en alg\u00fan estado, alguna fotograf\u00eda, video o cualquier publicaci\u00f3n que realizan en la famosa red social, \u00bfpues qu\u00e9 crees? todav\u00eda no podr\u00e1s hacerlo ya que los nuevos botones de \"No me gusta\" solo est\u00e1n\u2026","rel":"","context":"En &quot;Sin categor\u00eda&quot;","block_context":{"text":"Sin categor\u00eda","link":"https:\/\/kalot.com.mx\/site\/category\/sin-categoria\/"},"img":{"alt_text":"","src":"https:\/\/i0.wp.com\/kalot.com.mx\/site\/wp-content\/uploads\/2013\/12\/2013-12-17-14.56.05.png?fit=563%2C1000&ssl=1&resize=350%2C200","width":350,"height":200,"srcset":"https:\/\/i0.wp.com\/kalot.com.mx\/site\/wp-content\/uploads\/2013\/12\/2013-12-17-14.56.05.png?fit=563%2C1000&ssl=1&resize=350%2C200 1x, https:\/\/i0.wp.com\/kalot.com.mx\/site\/wp-content\/uploads\/2013\/12\/2013-12-17-14.56.05.png?fit=563%2C1000&ssl=1&resize=525%2C300 1.5x"},"classes":[]},{"id":26156,"url":"https:\/\/kalot.com.mx\/site\/2016\/09\/13\/app-store-messages-ios10\/","url_meta":{"origin":6151,"position":5},"title":"App Store para Messages de #iOS10","author":"Amauri Leija","date":"13 septiembre, 2016","format":false,"excerpt":"Conoce lo nuevo de\u00a0Mensajes A tan solo poco tiempo del lanzamiento oficial de iOS 10, Apple ha decidido dar luz verde a la App Store de Mensajes. Aplicaci\u00f3n oficial de mensajer\u00eda instant\u00e1nea de dispositivos Apple, a\u00f1adiendo todos los beneficios que nos brindar\u00e1 como son\u00a0extensiones,\u00a0utilidades, juegos, y stickers (como los de\u2026","rel":"","context":"En &quot;Novedades&quot;","block_context":{"text":"Novedades","link":"https:\/\/kalot.com.mx\/site\/category\/novedades\/"},"img":{"alt_text":"","src":"https:\/\/i0.wp.com\/kalot.com.mx\/site\/wp-content\/uploads\/2016\/09\/asset-1-2.png?fit=744%2C305&ssl=1&resize=350%2C200","width":350,"height":200,"srcset":"https:\/\/i0.wp.com\/kalot.com.mx\/site\/wp-content\/uploads\/2016\/09\/asset-1-2.png?fit=744%2C305&ssl=1&resize=350%2C200 1x, https:\/\/i0.wp.com\/kalot.com.mx\/site\/wp-content\/uploads\/2016\/09\/asset-1-2.png?fit=744%2C305&ssl=1&resize=525%2C300 1.5x, https:\/\/i0.wp.com\/kalot.com.mx\/site\/wp-content\/uploads\/2016\/09\/asset-1-2.png?fit=744%2C305&ssl=1&resize=700%2C400 2x"},"classes":[]}],"jetpack_sharing_enabled":true,"_links":{"self":[{"href":"https:\/\/kalot.com.mx\/site\/wp-json\/wp\/v2\/posts\/6151","targetHints":{"allow":["GET"]}}],"collection":[{"href":"https:\/\/kalot.com.mx\/site\/wp-json\/wp\/v2\/posts"}],"about":[{"href":"https:\/\/kalot.com.mx\/site\/wp-json\/wp\/v2\/types\/post"}],"author":[{"embeddable":true,"href":"https:\/\/kalot.com.mx\/site\/wp-json\/wp\/v2\/users\/25"}],"replies":[{"embeddable":true,"href":"https:\/\/kalot.com.mx\/site\/wp-json\/wp\/v2\/comments?post=6151"}],"version-history":[{"count":0,"href":"https:\/\/kalot.com.mx\/site\/wp-json\/wp\/v2\/posts\/6151\/revisions"}],"wp:featuredmedia":[{"embeddable":true,"href":"https:\/\/kalot.com.mx\/site\/wp-json\/wp\/v2\/media\/6152"}],"wp:attachment":[{"href":"https:\/\/kalot.com.mx\/site\/wp-json\/wp\/v2\/media?parent=6151"}],"wp:term":[{"taxonomy":"category","embeddable":true,"href":"https:\/\/kalot.com.mx\/site\/wp-json\/wp\/v2\/categories?post=6151"},{"taxonomy":"post_tag","embeddable":true,"href":"https:\/\/kalot.com.mx\/site\/wp-json\/wp\/v2\/tags?post=6151"}],"curies":[{"name":"wp","href":"https:\/\/api.w.org\/{rel}","templated":true}]}}