{"id":614,"date":"2013-09-04T22:40:51","date_gmt":"2013-09-05T03:40:51","guid":{"rendered":"http:\/\/www.kalot.com.mx\/?p=614"},"modified":"2017-12-20T15:53:16","modified_gmt":"2017-12-20T21:53:16","slug":"las-joyas-de-la-corona-de-samsung-y-sony","status":"publish","type":"post","link":"https:\/\/kalot.com.mx\/site\/2013\/09\/04\/las-joyas-de-la-corona-de-samsung-y-sony\/","title":{"rendered":"Las joyas de la corona de Samsung y Sony"},"content":{"rendered":"<p><a href=\"https:\/\/i0.wp.com\/www.kalot.com.mx\/wp-content\/uploads\/2013\/09\/smartphones-1763510w645.jpg\"><img decoding=\"async\" data-attachment-id=\"618\" data-permalink=\"https:\/\/kalot.com.mx\/site\/2013\/09\/04\/las-joyas-de-la-corona-de-samsung-y-sony\/smartphones-1763510w645\/\" data-orig-file=\"https:\/\/i0.wp.com\/kalot.com.mx\/site\/wp-content\/uploads\/2013\/09\/smartphones-1763510w645.jpg?fit=645%2C430&amp;ssl=1\" data-orig-size=\"645,430\" data-comments-opened=\"1\" data-image-meta=\"{&quot;aperture&quot;:&quot;0&quot;,&quot;credit&quot;:&quot;&quot;,&quot;camera&quot;:&quot;&quot;,&quot;caption&quot;:&quot;&quot;,&quot;created_timestamp&quot;:&quot;0&quot;,&quot;copyright&quot;:&quot;&quot;,&quot;focal_length&quot;:&quot;0&quot;,&quot;iso&quot;:&quot;0&quot;,&quot;shutter_speed&quot;:&quot;0&quot;,&quot;title&quot;:&quot;&quot;}\" data-image-title=\"smartphones-1763510w645\" data-image-description=\"\" data-image-caption=\"\" data-large-file=\"https:\/\/i0.wp.com\/kalot.com.mx\/site\/wp-content\/uploads\/2013\/09\/smartphones-1763510w645.jpg?fit=645%2C430&amp;ssl=1\" class=\"alignnone size-medium wp-image-618\" alt=\"smartphones-1763510w645\" src=\"https:\/\/i0.wp.com\/kalot.com.mx\/site\/wp-content\/uploads\/2013\/08\/Rss.png?fit=128%2C128&#038;ssl=1\" width=\"128\" height=\"128\" \/><\/a><\/p>\n<p>El nuevo Galaxy Note 3 fue presentado el d\u00eda de hoy en Berl\u00edn; tiene una nueva pantalla de 5,7 pulgadas, 3 GB de RAM, grabaci\u00f3n en 4K e incluye en nuevo reloj inteligente; el Galaxy Gear.<\/p>\n<p>El Galaxy Note 3 vendr\u00e1 en 3 colores<\/p>\n<p>El nuevo phablet de Samsung saldr\u00e1 a la venta a fines de septiembre y principios de octubre en todo el mundo, de momento se desconoce el precio que pueda alcanzar el dispositivo. El Samsung Galaxy Note 3 tiene una pantalla de 5,7 pulgadas Super AMOLED, Full HD, es .2 pulgadas mas grande que su predecesor el Note 2, aunque no variando mucho el tama\u00f1o.<\/p>\n<p>El Galaxy Note 3 cuenta con 3 GB de RAM, y existen dos versiones de procesardor, ya sea un Qualcomm Snapdragon 800 de cuatro n\u00facleos a 2,2 GHz con LTE, o la versi\u00f3n de 8 n\u00facleos a 1,9 GHz sin LTE. Adem\u00e1s de soporte para LTE, el equipo cuenta con 3G, Wi-Fi , radio FM, NFC, Bluetooth 4, 32 o 64 GB de almacenamiento interno, ranura microSD, salida MHL y una bater\u00eda de 3200 mAh, el Galaxy Note 3 usa Android 4.3<\/p>\n<p>La c\u00e1mara del dispositivo es de 13 mp, y es capaz de grabar video en Full HD y tambi\u00e9n en calidad 4K, es decir, Ultra Alta Definici\u00f3n.<\/p>\n<p>&nbsp;<\/p>\n<p><a href=\"https:\/\/i0.wp.com\/www.kalot.com.mx\/wp-content\/uploads\/2013\/09\/sony-xperia-z1-resistente-al-agua.jpg\"><img decoding=\"async\" data-attachment-id=\"619\" data-permalink=\"https:\/\/kalot.com.mx\/site\/2013\/09\/04\/las-joyas-de-la-corona-de-samsung-y-sony\/sony-xperia-z1-resistente-al-agua\/\" data-orig-file=\"https:\/\/i0.wp.com\/kalot.com.mx\/site\/wp-content\/uploads\/2013\/09\/sony-xperia-z1-resistente-al-agua.jpg?fit=640%2C360&amp;ssl=1\" data-orig-size=\"640,360\" data-comments-opened=\"1\" data-image-meta=\"{&quot;aperture&quot;:&quot;0&quot;,&quot;credit&quot;:&quot;&quot;,&quot;camera&quot;:&quot;&quot;,&quot;caption&quot;:&quot;&quot;,&quot;created_timestamp&quot;:&quot;0&quot;,&quot;copyright&quot;:&quot;&quot;,&quot;focal_length&quot;:&quot;0&quot;,&quot;iso&quot;:&quot;0&quot;,&quot;shutter_speed&quot;:&quot;0&quot;,&quot;title&quot;:&quot;&quot;}\" data-image-title=\"sony-xperia-z1-resistente-al-agua\" data-image-description=\"\" data-image-caption=\"\" data-large-file=\"https:\/\/i0.wp.com\/kalot.com.mx\/site\/wp-content\/uploads\/2013\/09\/sony-xperia-z1-resistente-al-agua.jpg?fit=640%2C360&amp;ssl=1\" class=\"alignnone size-medium wp-image-619\" alt=\"sony-xperia-z1-resistente-al-agua\" src=\"https:\/\/i0.wp.com\/kalot.com.mx\/site\/wp-content\/uploads\/2013\/08\/Rss.png?fit=128%2C128&#038;ssl=1\" width=\"128\" height=\"128\" \/><\/a><\/p>\n<p>Por otro lado, Kazuo Hirai, CEO de Sony, se develo la nueva linea de la compa\u00f1\u00eda japonesa.<\/p>\n<p>El Xperia Z1 fue presentado por Hirai, un dispositivo a prueba de agua y construido en aluminio, sin embargo una de las cosas que mas llamo la atencion de los asistentes fue la c\u00e1mara de 20,7 megapixeles, la segunda mayor hasta ahora, despu\u00e9s del Nokia Lumia 1020 de 41 megapixeles.<\/p>\n<p>5 pulgadas es el tama\u00f1o del nuevo Xperia Z1, cuenta con un procesador Qualcomm Snapdragon 800 de cuatro n\u00facleos a 2,2 GHz,\u00a0 2 GB de RAM, bater\u00eda de 3000 mAh, cuenta con NFC y conectividad LTE, 3G, Wi-Fi, GPS y Bluetooth, 16 GB de almacenamiento interno y ranura microSD y la versi\u00f3n de Android es la 4.2<\/p>\n<p style=\"text-align: left\">En los pasados d\u00edas se hab\u00eda tocado el tema acerca de lentes que se podr\u00edan instalar en el dispositivo, dando as\u00ed oportunidad de crear una c\u00e1mara semi profesional, estos rumores terminaron siendo ciertos.<\/p>\n<p>As\u00ed como fue presentado el nuevo Galaxy Gear, Sony dio a conocer que el Smartwatch 2 estar\u00e1 disponible a finales del presente mes.<\/p>\n<p>Si bien el IFA estuvo lleno de eventos que marcaron una nueva era en los gadgets y tanto Samsung como Sony presentaron dos dispositivos insignia, solo queda esperar al 10 de Septiembre y ver si tambi\u00e9n los rumores acerca de la compa\u00f1\u00eda de Cupertino son ciertos, de momento solo queda disfrutar y evaluar los dos nuevos juguetes que fueron presentados el d\u00eda de hoy.<\/p>\n<p>&nbsp;<\/p>\n","protected":false},"excerpt":{"rendered":"El nuevo Galaxy Note 3 fue presentado el d\u00eda de hoy en Berl\u00edn; tiene una nueva pantalla de&hellip;\n","protected":false},"author":9,"featured_media":617,"comment_status":"open","ping_status":"open","sticky":false,"template":"","format":"standard","meta":{"jetpack_post_was_ever_published":false,"_jetpack_newsletter_access":"","_jetpack_dont_email_post_to_subs":false,"_jetpack_newsletter_tier_id":0,"_jetpack_memberships_contains_paywalled_content":false,"_jetpack_memberships_contains_paid_content":false,"footnotes":"","jetpack_publicize_message":"","jetpack_publicize_feature_enabled":true,"jetpack_social_post_already_shared":true,"jetpack_social_options":{"image_generator_settings":{"template":"highway","default_image_id":0,"font":"","enabled":false},"version":2}},"categories":[1],"tags":[],"class_list":{"0":"post-614","1":"post","2":"type-post","3":"status-publish","4":"format-standard","5":"has-post-thumbnail","7":"category-sin-categoria","8":"cs-entry","9":"cs-video-wrap"},"yoast_head":"<!-- This site is optimized with the Yoast SEO plugin v27.4 - https:\/\/yoast.com\/product\/yoast-seo-wordpress\/ -->\n<title>Las joyas de la corona de Samsung y Sony - Kalot<\/title>\n<meta name=\"description\" content=\"El nuevo Galaxy Note 3 fue presentado el d\u00eda de hoy en Berl\u00edn; tiene una nueva pantalla de 5,7 pulgadas, 3 GB de RAM, grabaci\u00f3n en 4K e incluye en nuevo\" \/>\n<meta name=\"robots\" content=\"index, follow, max-snippet:-1, max-image-preview:large, max-video-preview:-1\" \/>\n<link rel=\"canonical\" href=\"https:\/\/kalot.com.mx\/site\/2013\/09\/04\/las-joyas-de-la-corona-de-samsung-y-sony\/\" \/>\n<meta property=\"og:locale\" content=\"es_MX\" \/>\n<meta property=\"og:type\" content=\"article\" \/>\n<meta property=\"og:title\" content=\"Las joyas de la corona de Samsung y Sony - Kalot\" \/>\n<meta property=\"og:description\" content=\"El nuevo Galaxy Note 3 fue presentado el d\u00eda de hoy en Berl\u00edn; tiene una nueva pantalla de 5,7 pulgadas, 3 GB de RAM, grabaci\u00f3n en 4K e incluye en nuevo\" \/>\n<meta property=\"og:url\" content=\"https:\/\/kalot.com.mx\/site\/2013\/09\/04\/las-joyas-de-la-corona-de-samsung-y-sony\/\" \/>\n<meta property=\"og:site_name\" content=\"Kalot\" \/>\n<meta property=\"article:publisher\" content=\"http:\/\/facebook.com\/mxkalot\" \/>\n<meta property=\"article:published_time\" content=\"2013-09-05T03:40:51+00:00\" \/>\n<meta property=\"article:modified_time\" content=\"2017-12-20T21:53:16+00:00\" \/>\n<meta property=\"og:image\" content=\"https:\/\/i2.wp.com\/kalot.com.mx\/site\/wp-content\/uploads\/2013\/09\/IFA-Berlin.jpg?fit=560%2C373&ssl=1\" \/>\n\t<meta property=\"og:image:width\" content=\"560\" \/>\n\t<meta property=\"og:image:height\" content=\"373\" \/>\n\t<meta property=\"og:image:type\" content=\"image\/jpeg\" \/>\n<meta name=\"author\" content=\"Galore\" \/>\n<meta name=\"twitter:card\" content=\"summary_large_image\" \/>\n<meta name=\"twitter:creator\" content=\"@kalotmx\" \/>\n<meta name=\"twitter:site\" content=\"@kalotmx\" \/>\n<meta name=\"twitter:label1\" content=\"Escrito por\" \/>\n\t<meta name=\"twitter:data1\" content=\"Galore\" \/>\n\t<meta name=\"twitter:label2\" content=\"Tiempo de lectura\" \/>\n\t<meta name=\"twitter:data2\" content=\"2 minutos\" \/>\n<!-- \/ Yoast SEO plugin. -->","yoast_head_json":{"title":"Las joyas de la corona de Samsung y Sony - Kalot","description":"El nuevo Galaxy Note 3 fue presentado el d\u00eda de hoy en Berl\u00edn; tiene una nueva pantalla de 5,7 pulgadas, 3 GB de RAM, grabaci\u00f3n en 4K e incluye en nuevo","robots":{"index":"index","follow":"follow","max-snippet":"max-snippet:-1","max-image-preview":"max-image-preview:large","max-video-preview":"max-video-preview:-1"},"canonical":"https:\/\/kalot.com.mx\/site\/2013\/09\/04\/las-joyas-de-la-corona-de-samsung-y-sony\/","og_locale":"es_MX","og_type":"article","og_title":"Las joyas de la corona de Samsung y Sony - Kalot","og_description":"El nuevo Galaxy Note 3 fue presentado el d\u00eda de hoy en Berl\u00edn; tiene una nueva pantalla de 5,7 pulgadas, 3 GB de RAM, grabaci\u00f3n en 4K e incluye en nuevo","og_url":"https:\/\/kalot.com.mx\/site\/2013\/09\/04\/las-joyas-de-la-corona-de-samsung-y-sony\/","og_site_name":"Kalot","article_publisher":"http:\/\/facebook.com\/mxkalot","article_published_time":"2013-09-05T03:40:51+00:00","article_modified_time":"2017-12-20T21:53:16+00:00","og_image":[{"width":560,"height":373,"url":"https:\/\/i2.wp.com\/kalot.com.mx\/site\/wp-content\/uploads\/2013\/09\/IFA-Berlin.jpg?fit=560%2C373&ssl=1","type":"image\/jpeg"}],"author":"Galore","twitter_card":"summary_large_image","twitter_creator":"@kalotmx","twitter_site":"@kalotmx","twitter_misc":{"Escrito por":"Galore","Tiempo de lectura":"2 minutos"},"schema":{"@context":"https:\/\/schema.org","@graph":[{"@type":"Article","@id":"https:\/\/kalot.com.mx\/site\/2013\/09\/04\/las-joyas-de-la-corona-de-samsung-y-sony\/#article","isPartOf":{"@id":"https:\/\/kalot.com.mx\/site\/2013\/09\/04\/las-joyas-de-la-corona-de-samsung-y-sony\/"},"author":{"name":"Galore","@id":"https:\/\/kalot.com.mx\/site\/#\/schema\/person\/d9eb4d11619c4a3874e2889a2f8cd03d"},"headline":"Las joyas de la corona de Samsung y Sony","datePublished":"2013-09-05T03:40:51+00:00","dateModified":"2017-12-20T21:53:16+00:00","mainEntityOfPage":{"@id":"https:\/\/kalot.com.mx\/site\/2013\/09\/04\/las-joyas-de-la-corona-de-samsung-y-sony\/"},"wordCount":463,"commentCount":0,"publisher":{"@id":"https:\/\/kalot.com.mx\/site\/#organization"},"image":{"@id":"https:\/\/kalot.com.mx\/site\/2013\/09\/04\/las-joyas-de-la-corona-de-samsung-y-sony\/#primaryimage"},"thumbnailUrl":"https:\/\/i0.wp.com\/kalot.com.mx\/site\/wp-content\/uploads\/2013\/09\/IFA-Berlin.jpg?fit=560%2C373&ssl=1","inLanguage":"es","potentialAction":[{"@type":"CommentAction","name":"Comment","target":["https:\/\/kalot.com.mx\/site\/2013\/09\/04\/las-joyas-de-la-corona-de-samsung-y-sony\/#respond"]}]},{"@type":"WebPage","@id":"https:\/\/kalot.com.mx\/site\/2013\/09\/04\/las-joyas-de-la-corona-de-samsung-y-sony\/","url":"https:\/\/kalot.com.mx\/site\/2013\/09\/04\/las-joyas-de-la-corona-de-samsung-y-sony\/","name":"Las joyas de la corona de Samsung y Sony - Kalot","isPartOf":{"@id":"https:\/\/kalot.com.mx\/site\/#website"},"primaryImageOfPage":{"@id":"https:\/\/kalot.com.mx\/site\/2013\/09\/04\/las-joyas-de-la-corona-de-samsung-y-sony\/#primaryimage"},"image":{"@id":"https:\/\/kalot.com.mx\/site\/2013\/09\/04\/las-joyas-de-la-corona-de-samsung-y-sony\/#primaryimage"},"thumbnailUrl":"https:\/\/i0.wp.com\/kalot.com.mx\/site\/wp-content\/uploads\/2013\/09\/IFA-Berlin.jpg?fit=560%2C373&ssl=1","datePublished":"2013-09-05T03:40:51+00:00","dateModified":"2017-12-20T21:53:16+00:00","description":"El nuevo Galaxy Note 3 fue presentado el d\u00eda de hoy en Berl\u00edn; tiene una nueva pantalla de 5,7 pulgadas, 3 GB de RAM, grabaci\u00f3n en 4K e incluye en nuevo","breadcrumb":{"@id":"https:\/\/kalot.com.mx\/site\/2013\/09\/04\/las-joyas-de-la-corona-de-samsung-y-sony\/#breadcrumb"},"inLanguage":"es","potentialAction":[{"@type":"ReadAction","target":["https:\/\/kalot.com.mx\/site\/2013\/09\/04\/las-joyas-de-la-corona-de-samsung-y-sony\/"]}]},{"@type":"ImageObject","inLanguage":"es","@id":"https:\/\/kalot.com.mx\/site\/2013\/09\/04\/las-joyas-de-la-corona-de-samsung-y-sony\/#primaryimage","url":"https:\/\/i0.wp.com\/kalot.com.mx\/site\/wp-content\/uploads\/2013\/09\/IFA-Berlin.jpg?fit=560%2C373&ssl=1","contentUrl":"https:\/\/i0.wp.com\/kalot.com.mx\/site\/wp-content\/uploads\/2013\/09\/IFA-Berlin.jpg?fit=560%2C373&ssl=1","width":560,"height":373},{"@type":"BreadcrumbList","@id":"https:\/\/kalot.com.mx\/site\/2013\/09\/04\/las-joyas-de-la-corona-de-samsung-y-sony\/#breadcrumb","itemListElement":[{"@type":"ListItem","position":1,"name":"Home","item":"https:\/\/kalot.com.mx\/site\/"},{"@type":"ListItem","position":2,"name":"Las joyas de la corona de Samsung y Sony"}]},{"@type":"WebSite","@id":"https:\/\/kalot.com.mx\/site\/#website","url":"https:\/\/kalot.com.mx\/site\/","name":"Kalot","description":"Conoce Todo Sobre Todo","publisher":{"@id":"https:\/\/kalot.com.mx\/site\/#organization"},"potentialAction":[{"@type":"SearchAction","target":{"@type":"EntryPoint","urlTemplate":"https:\/\/kalot.com.mx\/site\/?s={search_term_string}"},"query-input":{"@type":"PropertyValueSpecification","valueRequired":true,"valueName":"search_term_string"}}],"inLanguage":"es"},{"@type":"Organization","@id":"https:\/\/kalot.com.mx\/site\/#organization","name":"Kalot","url":"https:\/\/kalot.com.mx\/site\/","logo":{"@type":"ImageObject","inLanguage":"es","@id":"https:\/\/kalot.com.mx\/site\/#\/schema\/logo\/image\/","url":"https:\/\/i0.wp.com\/kalot.com.mx\/site\/wp-content\/uploads\/2020\/04\/Kalot-logo-sin-tagline.png?fit=1707%2C1014&ssl=1","contentUrl":"https:\/\/i0.wp.com\/kalot.com.mx\/site\/wp-content\/uploads\/2020\/04\/Kalot-logo-sin-tagline.png?fit=1707%2C1014&ssl=1","width":1707,"height":1014,"caption":"Kalot"},"image":{"@id":"https:\/\/kalot.com.mx\/site\/#\/schema\/logo\/image\/"},"sameAs":["http:\/\/facebook.com\/mxkalot","https:\/\/x.com\/kalotmx","http:\/\/instagram.com\/kalotmx","http:\/\/pinterest.com\/jorgeerana\/kalot"]},{"@type":"Person","@id":"https:\/\/kalot.com.mx\/site\/#\/schema\/person\/d9eb4d11619c4a3874e2889a2f8cd03d","name":"Galore","image":{"@type":"ImageObject","inLanguage":"es","@id":"https:\/\/secure.gravatar.com\/avatar\/de669dd2391398f3a7effe59d85250c78212f7ed8f9d1477b7742c991d05c2a9?s=96&d=mm&r=g","url":"https:\/\/secure.gravatar.com\/avatar\/de669dd2391398f3a7effe59d85250c78212f7ed8f9d1477b7742c991d05c2a9?s=96&d=mm&r=g","contentUrl":"https:\/\/secure.gravatar.com\/avatar\/de669dd2391398f3a7effe59d85250c78212f7ed8f9d1477b7742c991d05c2a9?s=96&d=mm&r=g","caption":"Galore"},"description":"Marketero, linebacker, editor, xboxero, guia y aprendiz. Every journey begins with one single step.","url":"https:\/\/kalot.com.mx\/site\/author\/galore\/"}]}},"jetpack_publicize_connections":[],"jetpack_featured_media_url":"https:\/\/i0.wp.com\/kalot.com.mx\/site\/wp-content\/uploads\/2013\/09\/IFA-Berlin.jpg?fit=560%2C373&ssl=1","jetpack_shortlink":"https:\/\/wp.me\/p6IHEI-9U","jetpack-related-posts":[{"id":20603,"url":"https:\/\/kalot.com.mx\/site\/2015\/03\/02\/llega-el-samsung-galaxy-s6\/","url_meta":{"origin":614,"position":0},"title":"Llega el Samsung Galaxy S6","author":"Chris Banks","date":"2 marzo, 2015","format":false,"excerpt":"Es a simple vista un dispositivo memorable y que corrige de forma brillante todas las deficiencias empezando por la est\u00e9tica del anterior S5. Est\u00e9 S6 cuenta con un chasis unibody que le da consistencia y el pl\u00e1stico ha sido sustituido por materiales m\u00e1s nobles y vistosos para los usuarios. El\u2026","rel":"","context":"Entrada similar ","block_context":{"text":"Entrada similar ","link":""},"img":{"alt_text":"","src":"https:\/\/i0.wp.com\/kalot.com.mx\/site\/wp-content\/uploads\/2015\/03\/Screen-Shot-2015-03-02-at-11.05.41-AM.png?fit=700%2C457&ssl=1&resize=350%2C200","width":350,"height":200,"srcset":"https:\/\/i0.wp.com\/kalot.com.mx\/site\/wp-content\/uploads\/2015\/03\/Screen-Shot-2015-03-02-at-11.05.41-AM.png?fit=700%2C457&ssl=1&resize=350%2C200 1x, https:\/\/i0.wp.com\/kalot.com.mx\/site\/wp-content\/uploads\/2015\/03\/Screen-Shot-2015-03-02-at-11.05.41-AM.png?fit=700%2C457&ssl=1&resize=525%2C300 1.5x, https:\/\/i0.wp.com\/kalot.com.mx\/site\/wp-content\/uploads\/2015\/03\/Screen-Shot-2015-03-02-at-11.05.41-AM.png?fit=700%2C457&ssl=1&resize=700%2C400 2x"},"classes":[]},{"id":17882,"url":"https:\/\/kalot.com.mx\/site\/2014\/09\/03\/samsung-en-ifa-2014\/","url_meta":{"origin":614,"position":1},"title":"Samsung en IFA 2014","author":"Cecilia Mata","date":"3 septiembre, 2014","format":false,"excerpt":"Samsung es una de las grandes compa\u00f1\u00edas que acuden a la feria tecnol\u00f3gica IFA, que se celebra del 5 al 10 de septiembre en Berl\u00edn (Alemania). Aunque durante d\u00edas de la feria se lleva a cabo presentaciones ante las firmas escogidas que mostrar\u00e1n en sus respectivas presentaciones sus nuevos dispositivos.\u2026","rel":"","context":"En &quot;Sin categor\u00eda&quot;","block_context":{"text":"Sin categor\u00eda","link":"https:\/\/kalot.com.mx\/site\/category\/sin-categoria\/"},"img":{"alt_text":"","src":"https:\/\/i0.wp.com\/kalot.com.mx\/site\/wp-content\/uploads\/2014\/09\/Samsung_IFA_Berlin_2008-660x350.jpg?fit=660%2C350&ssl=1&resize=350%2C200","width":350,"height":200,"srcset":"https:\/\/i0.wp.com\/kalot.com.mx\/site\/wp-content\/uploads\/2014\/09\/Samsung_IFA_Berlin_2008-660x350.jpg?fit=660%2C350&ssl=1&resize=350%2C200 1x, https:\/\/i0.wp.com\/kalot.com.mx\/site\/wp-content\/uploads\/2014\/09\/Samsung_IFA_Berlin_2008-660x350.jpg?fit=660%2C350&ssl=1&resize=525%2C300 1.5x"},"classes":[]},{"id":582,"url":"https:\/\/kalot.com.mx\/site\/2013\/09\/04\/lanzamiento-del-reloj-inteligente-de-samsung-con-ustedes-el-galaxy-gear\/","url_meta":{"origin":614,"position":2},"title":"Lanzamiento del reloj inteligente de Samsung; con ustedes el Galaxy Gear","author":"Jorge Era\u00f1a","date":"4 septiembre, 2013","format":false,"excerpt":"\u00a0 Samsung por fin present\u00f3 su reloj inteligente en su conferencia titulada #UNPACKED realizada en el IFA 2013.\u00a0Cabe mencionar que el nuevo gadget presentado por los coreanos ser\u00e1 el compa\u00f1ero ideal para emparejar con el Galaxy Note 3. Despu\u00e9s de una gran corriente de rumores relacionados con el iWatch que\u2026","rel":"","context":"Entrada similar ","block_context":{"text":"Entrada similar ","link":""},"img":{"alt_text":"","src":"https:\/\/i0.wp.com\/kalot.com.mx\/site\/wp-content\/uploads\/2013\/09\/82f3019c158d11e3ab3b22000a9f14cb_7.jpg?fit=612%2C612&ssl=1&resize=350%2C200","width":350,"height":200,"srcset":"https:\/\/i0.wp.com\/kalot.com.mx\/site\/wp-content\/uploads\/2013\/09\/82f3019c158d11e3ab3b22000a9f14cb_7.jpg?fit=612%2C612&ssl=1&resize=350%2C200 1x, https:\/\/i0.wp.com\/kalot.com.mx\/site\/wp-content\/uploads\/2013\/09\/82f3019c158d11e3ab3b22000a9f14cb_7.jpg?fit=612%2C612&ssl=1&resize=525%2C300 1.5x"},"classes":[]},{"id":9228,"url":"https:\/\/kalot.com.mx\/site\/2014\/01\/08\/las-sorpresas-de-la-ces-2014\/","url_meta":{"origin":614,"position":3},"title":"Las sorpresas de la CES 2014 @intlCES","author":"Cecilia Mata","date":"8 enero, 2014","format":false,"excerpt":"La feria m\u00e1s importante del mundo del sector de la electr\u00f3nica, en la que este a\u00f1o participan m\u00e1s de 3.000 expositores y hay m\u00e1s de 20.000 productos nuevos, se exhiben a los 152.000 comerciantes de tecnolog\u00eda que asisten a la CES 2014, que empez\u00f3 este martes 7 de enero en\u2026","rel":"","context":"En &quot;Sin categor\u00eda&quot;","block_context":{"text":"Sin categor\u00eda","link":"https:\/\/kalot.com.mx\/site\/category\/sin-categoria\/"},"img":{"alt_text":"","src":"https:\/\/i0.wp.com\/kalot.com.mx\/site\/wp-content\/uploads\/2014\/01\/CES2014_GooglePlus_Box.jpg?fit=1000%2C562&ssl=1&resize=350%2C200","width":350,"height":200,"srcset":"https:\/\/i0.wp.com\/kalot.com.mx\/site\/wp-content\/uploads\/2014\/01\/CES2014_GooglePlus_Box.jpg?fit=1000%2C562&ssl=1&resize=350%2C200 1x, https:\/\/i0.wp.com\/kalot.com.mx\/site\/wp-content\/uploads\/2014\/01\/CES2014_GooglePlus_Box.jpg?fit=1000%2C562&ssl=1&resize=525%2C300 1.5x, https:\/\/i0.wp.com\/kalot.com.mx\/site\/wp-content\/uploads\/2014\/01\/CES2014_GooglePlus_Box.jpg?fit=1000%2C562&ssl=1&resize=700%2C400 2x"},"classes":[]},{"id":9305,"url":"https:\/\/kalot.com.mx\/site\/2014\/01\/10\/lg-g-flex-que-buenas-curvas\/","url_meta":{"origin":614,"position":4},"title":"LG G-Flex, que buenas curvas.","author":"Gustavo Elizarrar\u00e1s","date":"10 enero, 2014","format":false,"excerpt":"Durante el Consumer Electronics Show (CES) LG Electronics\u00a0ha anunciado la comercializaci\u00f3n de su nuevo Smartphone G Flex, un dispositivo curvo y flexible que se adapta mejor a la fisonom\u00eda del rostro humano. La pantalla del G Flex es una OLED curvada de 6 pulgadas y resoluci\u00f3n 720p. La curvatura es\u2026","rel":"","context":"Entrada similar ","block_context":{"text":"Entrada similar ","link":""},"img":{"alt_text":"","src":"https:\/\/i0.wp.com\/kalot.com.mx\/site\/wp-content\/uploads\/2014\/01\/Lg-flex.jpg?fit=640%2C384&ssl=1&resize=350%2C200","width":350,"height":200,"srcset":"https:\/\/i0.wp.com\/kalot.com.mx\/site\/wp-content\/uploads\/2014\/01\/Lg-flex.jpg?fit=640%2C384&ssl=1&resize=350%2C200 1x, https:\/\/i0.wp.com\/kalot.com.mx\/site\/wp-content\/uploads\/2014\/01\/Lg-flex.jpg?fit=640%2C384&ssl=1&resize=525%2C300 1.5x"},"classes":[]},{"id":19891,"url":"https:\/\/kalot.com.mx\/site\/2015\/01\/06\/alcatel-llega-con-todo-en-el-2015\/","url_meta":{"origin":614,"position":5},"title":"ALCATEL llega con todo en el 2015","author":"HM_MKT007","date":"6 enero, 2015","format":false,"excerpt":"No es secreto de nadie, que en M\u00e9xico, y gran parte de Am\u00e9rica Latina una de las marcas que m\u00e1s a crecido en el \u00faltimo par de a\u00f1os, no es SAMSUNG, ni SONY, ni LG, y ni si quiera APPLE, sino la marca francesa, ALCATEL, por sus amplios cat\u00e1logos de\u2026","rel":"","context":"Entrada similar ","block_context":{"text":"Entrada similar ","link":""},"img":{"alt_text":"","src":"https:\/\/i0.wp.com\/kalot.com.mx\/site\/wp-content\/uploads\/2015\/01\/LjQkwHCOHTUpHXL4.jpeg?fit=1200%2C900&ssl=1&resize=350%2C200","width":350,"height":200,"srcset":"https:\/\/i0.wp.com\/kalot.com.mx\/site\/wp-content\/uploads\/2015\/01\/LjQkwHCOHTUpHXL4.jpeg?fit=1200%2C900&ssl=1&resize=350%2C200 1x, https:\/\/i0.wp.com\/kalot.com.mx\/site\/wp-content\/uploads\/2015\/01\/LjQkwHCOHTUpHXL4.jpeg?fit=1200%2C900&ssl=1&resize=525%2C300 1.5x, https:\/\/i0.wp.com\/kalot.com.mx\/site\/wp-content\/uploads\/2015\/01\/LjQkwHCOHTUpHXL4.jpeg?fit=1200%2C900&ssl=1&resize=700%2C400 2x, https:\/\/i0.wp.com\/kalot.com.mx\/site\/wp-content\/uploads\/2015\/01\/LjQkwHCOHTUpHXL4.jpeg?fit=1200%2C900&ssl=1&resize=1050%2C600 3x"},"classes":[]}],"jetpack_sharing_enabled":true,"_links":{"self":[{"href":"https:\/\/kalot.com.mx\/site\/wp-json\/wp\/v2\/posts\/614","targetHints":{"allow":["GET"]}}],"collection":[{"href":"https:\/\/kalot.com.mx\/site\/wp-json\/wp\/v2\/posts"}],"about":[{"href":"https:\/\/kalot.com.mx\/site\/wp-json\/wp\/v2\/types\/post"}],"author":[{"embeddable":true,"href":"https:\/\/kalot.com.mx\/site\/wp-json\/wp\/v2\/users\/9"}],"replies":[{"embeddable":true,"href":"https:\/\/kalot.com.mx\/site\/wp-json\/wp\/v2\/comments?post=614"}],"version-history":[{"count":1,"href":"https:\/\/kalot.com.mx\/site\/wp-json\/wp\/v2\/posts\/614\/revisions"}],"predecessor-version":[{"id":27658,"href":"https:\/\/kalot.com.mx\/site\/wp-json\/wp\/v2\/posts\/614\/revisions\/27658"}],"wp:featuredmedia":[{"embeddable":true,"href":"https:\/\/kalot.com.mx\/site\/wp-json\/wp\/v2\/media\/617"}],"wp:attachment":[{"href":"https:\/\/kalot.com.mx\/site\/wp-json\/wp\/v2\/media?parent=614"}],"wp:term":[{"taxonomy":"category","embeddable":true,"href":"https:\/\/kalot.com.mx\/site\/wp-json\/wp\/v2\/categories?post=614"},{"taxonomy":"post_tag","embeddable":true,"href":"https:\/\/kalot.com.mx\/site\/wp-json\/wp\/v2\/tags?post=614"}],"curies":[{"name":"wp","href":"https:\/\/api.w.org\/{rel}","templated":true}]}}