{"id":6125,"date":"2013-11-09T15:11:45","date_gmt":"2013-11-09T21:11:45","guid":{"rendered":"http:\/\/www.kalot.com.mx\/?p=6125"},"modified":"2013-11-09T15:13:12","modified_gmt":"2013-11-09T21:13:12","slug":"hhh-fest","status":"publish","type":"post","link":"https:\/\/kalot.com.mx\/site\/2013\/11\/09\/hhh-fest\/","title":{"rendered":"The HHH Fest"},"content":{"rendered":"<p><img data-recalc-dims=\"1\" height=\"416\" width=\"555\" decoding=\"async\" alt=\"\" src=\"https:\/\/i0.wp.com\/www.rmx.com.mx\/wp-content\/uploads\/2013\/10\/HHHFEST-555x416.jpg?resize=555%2C416\" \/><\/p>\n<p><strong>La fiesta de los DJ\u00b4s comienza por fin en M\u00e9xico<\/strong><\/p>\n<p><strong>La m\u00fasica electr\u00f3nica ha aumentado sus niveles de tendencia en los \u00faltimos a\u00f1os, no solo en el mundo, sino tambi\u00e9n en M\u00e9xico y es que con tan grandes exponentes visitando cada vez m\u00e1s seguido el pa\u00eds, la calidad de los fans de este g\u00e9nero los ha llevado a traer a la capital mexicana el primer festival de DJ\u00b4s en la Rep\u00fablica Mexicana. Nos referimos a <a title=\"HHH Fest\" href=\"https:\/\/www.facebook.com\/pages\/HHH-Producer\/50909976750\" target=\"_blank\">The HHH Fest<\/a>. <\/strong><\/p>\n<p>Este mismo s\u00e1bado 9 de noviembre se llevar\u00e1 a cabo el HHH Fest en la Arena Ciudad de M\u00e9xico en el DF. Dicho evento ser\u00e1 estelarizado con las participaciones de DJ\u00b4s mundiales tales como: Fedde Legrand, Pal Oakenfold, Cedric Gervais y\u00a0ATB\u00a0adem\u00e1s de la bellas Nathia Kate y Suzie del Vecchio para deleitar al p\u00fablico masculino.<\/p>\n<p>Si ya est\u00e1n por el Ciudad de M\u00e9xico y no tienen plan para hoy, la recomendaci\u00f3n es disfrutar de este evento que estar\u00e1 lleno de luces, m\u00fasica y excelente ambiente electr\u00f3nico. A\u00fan pueden obtener sus boletos para hoy aprovechar un 30% de descuento al presentar este cup\u00f3n de <a title=\"FB MC\" href=\"https:\/\/www.facebook.com\/MasterCardMexico?fref=ts\" target=\"_blank\">MasterCard<\/a>\u00a0en las taquillas de la Arena.<\/p>\n<p><img data-recalc-dims=\"1\" decoding=\"async\" alt=\"\" src=\"https:\/\/i0.wp.com\/fbcdn-sphotos-g-a.akamaihd.net\/hphotos-ak-prn1\/1002023_589488624433802_212069273_n.jpg?w=1200&#038;ssl=1\" \/><\/p>\n<p>Y para darles una probada de lo que podr\u00e1n escuchar les dejamos este\u00a0<a href=\"http:\/\/www.youtube.com\/watch?v=X4AEyo1FFJc\">Playlist de la hermosa Nathia Kate<\/a><\/p>\n<p>Por cierto un servidor estar\u00e1 por all\u00e1, as\u00ed que si quieren saludar o tomarse un par de cervezas pueden contactarme a trav\u00e9s de mis redes sociales:<\/p>\n<ul>\n<li><a title=\"FB\" href=\"https:\/\/www.facebook.com\/roman.yeah\" target=\"_blank\">Facebook<\/a><\/li>\n<li><a title=\"TW\" href=\"https:\/\/twitter.com\/RomanYeah\" target=\"_blank\">Twitter<\/a><\/li>\n<li><a title=\"Insta\" href=\"http:\/\/instagram.com\/romanyeah\" target=\"_blank\">Instagram<\/a><\/li>\n<\/ul>\n","protected":false},"excerpt":{"rendered":"La fiesta de los DJ\u00b4s comienza por fin en M\u00e9xico La m\u00fasica electr\u00f3nica ha aumentado sus niveles de&hellip;\n","protected":false},"author":39,"featured_media":6128,"comment_status":"open","ping_status":"open","sticky":false,"template":"","format":"standard","meta":{"jetpack_post_was_ever_published":false,"_jetpack_newsletter_access":"","_jetpack_dont_email_post_to_subs":false,"_jetpack_newsletter_tier_id":0,"_jetpack_memberships_contains_paywalled_content":false,"_jetpack_memberships_contains_paid_content":false,"footnotes":"","jetpack_publicize_message":"","jetpack_publicize_feature_enabled":true,"jetpack_social_post_already_shared":true,"jetpack_social_options":{"image_generator_settings":{"template":"highway","default_image_id":0,"font":"","enabled":false},"version":2}},"categories":[],"tags":[],"class_list":{"0":"post-6125","1":"post","2":"type-post","3":"status-publish","4":"format-standard","5":"has-post-thumbnail","7":"cs-entry","8":"cs-video-wrap"},"yoast_head":"<!-- This site is optimized with the Yoast SEO plugin v27.4 - https:\/\/yoast.com\/product\/yoast-seo-wordpress\/ -->\n<title>The HHH Fest - Kalot<\/title>\n<meta name=\"description\" content=\"La fiesta de los DJ\u00b4s comienza por fin en M\u00e9xico La m\u00fasica electr\u00f3nica ha aumentado sus niveles de tendencia en los \u00faltimos a\u00f1os, no solo en el mundo,\" \/>\n<meta name=\"robots\" content=\"index, follow, max-snippet:-1, max-image-preview:large, max-video-preview:-1\" \/>\n<link rel=\"canonical\" href=\"https:\/\/kalot.com.mx\/site\/2013\/11\/09\/hhh-fest\/\" \/>\n<meta property=\"og:locale\" content=\"es_MX\" \/>\n<meta property=\"og:type\" content=\"article\" \/>\n<meta property=\"og:title\" content=\"The HHH Fest - Kalot\" \/>\n<meta property=\"og:description\" content=\"La fiesta de los DJ\u00b4s comienza por fin en M\u00e9xico La m\u00fasica electr\u00f3nica ha aumentado sus niveles de tendencia en los \u00faltimos a\u00f1os, no solo en el mundo,\" \/>\n<meta property=\"og:url\" content=\"https:\/\/kalot.com.mx\/site\/2013\/11\/09\/hhh-fest\/\" \/>\n<meta property=\"og:site_name\" content=\"Kalot\" \/>\n<meta property=\"article:publisher\" content=\"http:\/\/facebook.com\/mxkalot\" \/>\n<meta property=\"article:author\" content=\"https:\/\/www.facebook.com\/roman.yeah\" \/>\n<meta property=\"article:published_time\" content=\"2013-11-09T21:11:45+00:00\" \/>\n<meta property=\"article:modified_time\" content=\"2013-11-09T21:13:12+00:00\" \/>\n<meta property=\"og:image\" content=\"https:\/\/i2.wp.com\/kalot.com.mx\/site\/wp-content\/uploads\/2013\/11\/hhh.jpg?fit=555%2C416&ssl=1\" \/>\n\t<meta property=\"og:image:width\" content=\"555\" \/>\n\t<meta property=\"og:image:height\" content=\"416\" \/>\n\t<meta property=\"og:image:type\" content=\"image\/jpeg\" \/>\n<meta name=\"author\" content=\"Rom\u00e1n Salgado\" \/>\n<meta name=\"twitter:card\" content=\"summary_large_image\" \/>\n<meta name=\"twitter:creator\" content=\"@RomanYeah\" \/>\n<meta name=\"twitter:site\" content=\"@kalotmx\" \/>\n<meta name=\"twitter:label1\" content=\"Escrito por\" \/>\n\t<meta name=\"twitter:data1\" content=\"Rom\u00e1n Salgado\" \/>\n\t<meta name=\"twitter:label2\" content=\"Tiempo de lectura\" \/>\n\t<meta name=\"twitter:data2\" content=\"1 minuto\" \/>\n<!-- \/ Yoast SEO plugin. -->","yoast_head_json":{"title":"The HHH Fest - Kalot","description":"La fiesta de los DJ\u00b4s comienza por fin en M\u00e9xico La m\u00fasica electr\u00f3nica ha aumentado sus niveles de tendencia en los \u00faltimos a\u00f1os, no solo en el mundo,","robots":{"index":"index","follow":"follow","max-snippet":"max-snippet:-1","max-image-preview":"max-image-preview:large","max-video-preview":"max-video-preview:-1"},"canonical":"https:\/\/kalot.com.mx\/site\/2013\/11\/09\/hhh-fest\/","og_locale":"es_MX","og_type":"article","og_title":"The HHH Fest - Kalot","og_description":"La fiesta de los DJ\u00b4s comienza por fin en M\u00e9xico La m\u00fasica electr\u00f3nica ha aumentado sus niveles de tendencia en los \u00faltimos a\u00f1os, no solo en el mundo,","og_url":"https:\/\/kalot.com.mx\/site\/2013\/11\/09\/hhh-fest\/","og_site_name":"Kalot","article_publisher":"http:\/\/facebook.com\/mxkalot","article_author":"https:\/\/www.facebook.com\/roman.yeah","article_published_time":"2013-11-09T21:11:45+00:00","article_modified_time":"2013-11-09T21:13:12+00:00","og_image":[{"width":555,"height":416,"url":"https:\/\/i2.wp.com\/kalot.com.mx\/site\/wp-content\/uploads\/2013\/11\/hhh.jpg?fit=555%2C416&ssl=1","type":"image\/jpeg"}],"author":"Rom\u00e1n Salgado","twitter_card":"summary_large_image","twitter_creator":"@RomanYeah","twitter_site":"@kalotmx","twitter_misc":{"Escrito por":"Rom\u00e1n Salgado","Tiempo de lectura":"1 minuto"},"schema":{"@context":"https:\/\/schema.org","@graph":[{"@type":"Article","@id":"https:\/\/kalot.com.mx\/site\/2013\/11\/09\/hhh-fest\/#article","isPartOf":{"@id":"https:\/\/kalot.com.mx\/site\/2013\/11\/09\/hhh-fest\/"},"author":{"name":"Rom\u00e1n Salgado","@id":"https:\/\/kalot.com.mx\/site\/#\/schema\/person\/a983c70d55dd89958c0d12d8eacf6d45"},"headline":"The HHH Fest","datePublished":"2013-11-09T21:11:45+00:00","dateModified":"2013-11-09T21:13:12+00:00","mainEntityOfPage":{"@id":"https:\/\/kalot.com.mx\/site\/2013\/11\/09\/hhh-fest\/"},"wordCount":265,"commentCount":0,"publisher":{"@id":"https:\/\/kalot.com.mx\/site\/#organization"},"image":{"@id":"https:\/\/kalot.com.mx\/site\/2013\/11\/09\/hhh-fest\/#primaryimage"},"thumbnailUrl":"https:\/\/i0.wp.com\/kalot.com.mx\/site\/wp-content\/uploads\/2013\/11\/hhh.jpg?fit=555%2C416&ssl=1","inLanguage":"es","potentialAction":[{"@type":"CommentAction","name":"Comment","target":["https:\/\/kalot.com.mx\/site\/2013\/11\/09\/hhh-fest\/#respond"]}]},{"@type":"WebPage","@id":"https:\/\/kalot.com.mx\/site\/2013\/11\/09\/hhh-fest\/","url":"https:\/\/kalot.com.mx\/site\/2013\/11\/09\/hhh-fest\/","name":"The HHH Fest - Kalot","isPartOf":{"@id":"https:\/\/kalot.com.mx\/site\/#website"},"primaryImageOfPage":{"@id":"https:\/\/kalot.com.mx\/site\/2013\/11\/09\/hhh-fest\/#primaryimage"},"image":{"@id":"https:\/\/kalot.com.mx\/site\/2013\/11\/09\/hhh-fest\/#primaryimage"},"thumbnailUrl":"https:\/\/i0.wp.com\/kalot.com.mx\/site\/wp-content\/uploads\/2013\/11\/hhh.jpg?fit=555%2C416&ssl=1","datePublished":"2013-11-09T21:11:45+00:00","dateModified":"2013-11-09T21:13:12+00:00","description":"La fiesta de los DJ\u00b4s comienza por fin en M\u00e9xico La m\u00fasica electr\u00f3nica ha aumentado sus niveles de tendencia en los \u00faltimos a\u00f1os, no solo en el mundo,","breadcrumb":{"@id":"https:\/\/kalot.com.mx\/site\/2013\/11\/09\/hhh-fest\/#breadcrumb"},"inLanguage":"es","potentialAction":[{"@type":"ReadAction","target":["https:\/\/kalot.com.mx\/site\/2013\/11\/09\/hhh-fest\/"]}]},{"@type":"ImageObject","inLanguage":"es","@id":"https:\/\/kalot.com.mx\/site\/2013\/11\/09\/hhh-fest\/#primaryimage","url":"https:\/\/i0.wp.com\/kalot.com.mx\/site\/wp-content\/uploads\/2013\/11\/hhh.jpg?fit=555%2C416&ssl=1","contentUrl":"https:\/\/i0.wp.com\/kalot.com.mx\/site\/wp-content\/uploads\/2013\/11\/hhh.jpg?fit=555%2C416&ssl=1","width":555,"height":416},{"@type":"BreadcrumbList","@id":"https:\/\/kalot.com.mx\/site\/2013\/11\/09\/hhh-fest\/#breadcrumb","itemListElement":[{"@type":"ListItem","position":1,"name":"Home","item":"https:\/\/kalot.com.mx\/site\/"},{"@type":"ListItem","position":2,"name":"The HHH Fest"}]},{"@type":"WebSite","@id":"https:\/\/kalot.com.mx\/site\/#website","url":"https:\/\/kalot.com.mx\/site\/","name":"Kalot","description":"Conoce Todo Sobre Todo","publisher":{"@id":"https:\/\/kalot.com.mx\/site\/#organization"},"potentialAction":[{"@type":"SearchAction","target":{"@type":"EntryPoint","urlTemplate":"https:\/\/kalot.com.mx\/site\/?s={search_term_string}"},"query-input":{"@type":"PropertyValueSpecification","valueRequired":true,"valueName":"search_term_string"}}],"inLanguage":"es"},{"@type":"Organization","@id":"https:\/\/kalot.com.mx\/site\/#organization","name":"Kalot","url":"https:\/\/kalot.com.mx\/site\/","logo":{"@type":"ImageObject","inLanguage":"es","@id":"https:\/\/kalot.com.mx\/site\/#\/schema\/logo\/image\/","url":"https:\/\/i0.wp.com\/kalot.com.mx\/site\/wp-content\/uploads\/2020\/04\/Kalot-logo-sin-tagline.png?fit=1707%2C1014&ssl=1","contentUrl":"https:\/\/i0.wp.com\/kalot.com.mx\/site\/wp-content\/uploads\/2020\/04\/Kalot-logo-sin-tagline.png?fit=1707%2C1014&ssl=1","width":1707,"height":1014,"caption":"Kalot"},"image":{"@id":"https:\/\/kalot.com.mx\/site\/#\/schema\/logo\/image\/"},"sameAs":["http:\/\/facebook.com\/mxkalot","https:\/\/x.com\/kalotmx","http:\/\/instagram.com\/kalotmx","http:\/\/pinterest.com\/jorgeerana\/kalot"]},{"@type":"Person","@id":"https:\/\/kalot.com.mx\/site\/#\/schema\/person\/a983c70d55dd89958c0d12d8eacf6d45","name":"Rom\u00e1n Salgado","image":{"@type":"ImageObject","inLanguage":"es","@id":"https:\/\/secure.gravatar.com\/avatar\/c4f0fd869ed7f91716a8f15965fc28c034d41f2d0fd899fedc2f2e4f0e0e0f88?s=96&d=mm&r=g","url":"https:\/\/secure.gravatar.com\/avatar\/c4f0fd869ed7f91716a8f15965fc28c034d41f2d0fd899fedc2f2e4f0e0e0f88?s=96&d=mm&r=g","contentUrl":"https:\/\/secure.gravatar.com\/avatar\/c4f0fd869ed7f91716a8f15965fc28c034d41f2d0fd899fedc2f2e4f0e0e0f88?s=96&d=mm&r=g","caption":"Rom\u00e1n Salgado"},"description":"Lic. en Mercadotecnia. Social Media Manager - Community Manager Futbolero, Divertido, Irreverente, Cool, Geek, Amante de la tecnolog\u00eda, Sociable por convicci\u00f3n, Ir\u00f3nico y mucho m\u00e1s.","sameAs":["http:\/\/www.priceless.com","https:\/\/www.facebook.com\/roman.yeah","https:\/\/x.com\/RomanYeah"],"url":"https:\/\/kalot.com.mx\/site\/author\/roman\/"}]}},"jetpack_publicize_connections":[],"jetpack_featured_media_url":"https:\/\/i0.wp.com\/kalot.com.mx\/site\/wp-content\/uploads\/2013\/11\/hhh.jpg?fit=555%2C416&ssl=1","jetpack_shortlink":"https:\/\/wp.me\/p6IHEI-1AN","jetpack-related-posts":[{"id":14121,"url":"https:\/\/kalot.com.mx\/site\/2014\/03\/28\/lacoste-la-mexicana\/","url_meta":{"origin":6125,"position":0},"title":"Lacoste a la mexicana","author":"Ivan Mendez","date":"28 marzo, 2014","format":false,"excerpt":"La marca francesa con motivo de su 80 aniversario lanzo una convocatoria a 21 dise\u00f1adores mexicanos para que crearan lo que estar\u00eda en las mejores tiendas del pa\u00eds. De este concurso y con una dupla integrada por Francisco Salda\u00f1a y V\u00edctor hernal que juntos dise\u00f1aron la colecci\u00f3n Malafacha que finalmente\u2026","rel":"","context":"Entrada similar ","block_context":{"text":"Entrada similar ","link":""},"img":{"alt_text":"","src":"https:\/\/i0.wp.com\/kalot.com.mx\/site\/wp-content\/uploads\/2014\/03\/lacoste_y_compra_moda_nacional__763680464_1200x795.gif?fit=1200%2C795&ssl=1&resize=350%2C200","width":350,"height":200,"srcset":"https:\/\/i0.wp.com\/kalot.com.mx\/site\/wp-content\/uploads\/2014\/03\/lacoste_y_compra_moda_nacional__763680464_1200x795.gif?fit=1200%2C795&ssl=1&resize=350%2C200 1x, https:\/\/i0.wp.com\/kalot.com.mx\/site\/wp-content\/uploads\/2014\/03\/lacoste_y_compra_moda_nacional__763680464_1200x795.gif?fit=1200%2C795&ssl=1&resize=525%2C300 1.5x, https:\/\/i0.wp.com\/kalot.com.mx\/site\/wp-content\/uploads\/2014\/03\/lacoste_y_compra_moda_nacional__763680464_1200x795.gif?fit=1200%2C795&ssl=1&resize=700%2C400 2x, https:\/\/i0.wp.com\/kalot.com.mx\/site\/wp-content\/uploads\/2014\/03\/lacoste_y_compra_moda_nacional__763680464_1200x795.gif?fit=1200%2C795&ssl=1&resize=1050%2C600 3x"},"classes":[]},{"id":31874,"url":"https:\/\/kalot.com.mx\/site\/2020\/04\/07\/el-ano-de-la-peste-la-pelicula-mexicana-de-ciencia-ficcion-que-predijo-la-epidemia-del-2020\/","url_meta":{"origin":6125,"position":1},"title":"\u201cEl a\u00f1o de la peste\u201d, la pel\u00edcula mexicana de ciencia ficci\u00f3n que \u00bfpredijo? la epidemia del 2020.","author":"Omar Herrera","date":"7 abril, 2020","format":false,"excerpt":"En un M\u00e9xico dist\u00f3pico con est\u00e9tica de finales de los 70\u2019s una enfermedad neum\u00f3nica ha cobrado sus v\u00edctimas en la poblaci\u00f3n. Dos epidemi\u00f3logos son c\u00f3mplices de un amplio encubrimiento gubernamental y manipulaci\u00f3n de los medios respecto a la cantidad de muertes ocasionadas por la peste desatada y con consecuencias internacionales.\u2026","rel":"","context":"En &quot;Cine&quot;","block_context":{"text":"Cine","link":"https:\/\/kalot.com.mx\/site\/category\/cine\/"},"img":{"alt_text":"","src":"https:\/\/i0.wp.com\/kalot.com.mx\/site\/wp-content\/uploads\/2020\/04\/Captura-de-Pantalla-2020-04-07-a-las-17.18.12.png?fit=1200%2C495&ssl=1&resize=350%2C200","width":350,"height":200,"srcset":"https:\/\/i0.wp.com\/kalot.com.mx\/site\/wp-content\/uploads\/2020\/04\/Captura-de-Pantalla-2020-04-07-a-las-17.18.12.png?fit=1200%2C495&ssl=1&resize=350%2C200 1x, https:\/\/i0.wp.com\/kalot.com.mx\/site\/wp-content\/uploads\/2020\/04\/Captura-de-Pantalla-2020-04-07-a-las-17.18.12.png?fit=1200%2C495&ssl=1&resize=525%2C300 1.5x, https:\/\/i0.wp.com\/kalot.com.mx\/site\/wp-content\/uploads\/2020\/04\/Captura-de-Pantalla-2020-04-07-a-las-17.18.12.png?fit=1200%2C495&ssl=1&resize=700%2C400 2x, https:\/\/i0.wp.com\/kalot.com.mx\/site\/wp-content\/uploads\/2020\/04\/Captura-de-Pantalla-2020-04-07-a-las-17.18.12.png?fit=1200%2C495&ssl=1&resize=1050%2C600 3x"},"classes":[]},{"id":13196,"url":"https:\/\/kalot.com.mx\/site\/2014\/03\/10\/lunes-electronico\/","url_meta":{"origin":6125,"position":2},"title":"Lunes electr\u00f3nico!","author":"David S\u00e1nchez","date":"10 marzo, 2014","format":false,"excerpt":"Se nos acab\u00f3 el fin de semana, cada vez siento que dura menos nuestro descanso de s\u00e1bado y domingo. Pero ya que le queda y como dice mi padre \"A perseguir la chuleta\". El \u00fanico consuelo que nos queda de motivaci\u00f3n para este lunes, es que el s\u00e1bado es el\u2026","rel":"","context":"Entrada similar ","block_context":{"text":"Entrada similar ","link":""},"img":{"alt_text":"","src":"https:\/\/i0.wp.com\/kalot.com.mx\/site\/wp-content\/uploads\/2014\/03\/not_EDC.jpg?fit=600%2C300&ssl=1&resize=350%2C200","width":350,"height":200,"srcset":"https:\/\/i0.wp.com\/kalot.com.mx\/site\/wp-content\/uploads\/2014\/03\/not_EDC.jpg?fit=600%2C300&ssl=1&resize=350%2C200 1x, https:\/\/i0.wp.com\/kalot.com.mx\/site\/wp-content\/uploads\/2014\/03\/not_EDC.jpg?fit=600%2C300&ssl=1&resize=525%2C300 1.5x"},"classes":[]},{"id":20430,"url":"https:\/\/kalot.com.mx\/site\/2015\/02\/25\/pal-norte-fest-2015\/","url_meta":{"origin":6125,"position":3},"title":"Pa&#8217;l Norte Fest 2015","author":"David S\u00e1nchez","date":"25 febrero, 2015","format":false,"excerpt":"A\u00f1o nuevo, festival nuevo. As\u00ed es, este a\u00f1o que acaba de comenzar, parece tener muchas sorpresas para los amantes de la m\u00fasica en general, ya sea que te guste la m\u00fasica electr\u00f3nica, el rock, el indie y hasta el metal, este a\u00f1o pinta para estar plagado de buenos conciertos y\u2026","rel":"","context":"Entrada similar ","block_context":{"text":"Entrada similar ","link":""},"img":{"alt_text":"","src":"https:\/\/i0.wp.com\/kalot.com.mx\/site\/wp-content\/uploads\/2015\/02\/palnorte11.jpg?fit=1200%2C456&ssl=1&resize=350%2C200","width":350,"height":200,"srcset":"https:\/\/i0.wp.com\/kalot.com.mx\/site\/wp-content\/uploads\/2015\/02\/palnorte11.jpg?fit=1200%2C456&ssl=1&resize=350%2C200 1x, https:\/\/i0.wp.com\/kalot.com.mx\/site\/wp-content\/uploads\/2015\/02\/palnorte11.jpg?fit=1200%2C456&ssl=1&resize=525%2C300 1.5x, https:\/\/i0.wp.com\/kalot.com.mx\/site\/wp-content\/uploads\/2015\/02\/palnorte11.jpg?fit=1200%2C456&ssl=1&resize=700%2C400 2x, https:\/\/i0.wp.com\/kalot.com.mx\/site\/wp-content\/uploads\/2015\/02\/palnorte11.jpg?fit=1200%2C456&ssl=1&resize=1050%2C600 3x"},"classes":[]},{"id":10748,"url":"https:\/\/kalot.com.mx\/site\/2014\/01\/30\/y-si-mexico-hubiese-ido-al-mundial\/","url_meta":{"origin":6125,"position":4},"title":"\u00bfY si M\u00e9xico no hubiese ido al mundial?","author":"Martha Navarro","date":"30 enero, 2014","format":false,"excerpt":"Que onda kalochos y kalochas, ya casi estamos en fin de semana y como es bien sabido por los futboleros de hueso colorado la selecci\u00f3n mexicana jug\u00f3 ayer ante su similar de Corea del Sur ganando con ventaja amplia 4-0 pero que ser\u00eda si M\u00e9xico, \u00bfNo hubiera ido al mundial?\u2026","rel":"","context":"En &quot;Sin categor\u00eda&quot;","block_context":{"text":"Sin categor\u00eda","link":"https:\/\/kalot.com.mx\/site\/category\/sin-categoria\/"},"img":{"alt_text":"","src":"https:\/\/i0.wp.com\/kalot.com.mx\/site\/wp-content\/uploads\/2014\/01\/seleccion-mexicana.png?fit=500%2C500&ssl=1&resize=350%2C200","width":350,"height":200},"classes":[]},{"id":4855,"url":"https:\/\/kalot.com.mx\/site\/2013\/10\/24\/emprendedor-cambia-el-cafe-por-la-cerveza\/","url_meta":{"origin":6125,"position":5},"title":"Emprendedor cambia el caf\u00e9 por la cerveza","author":"Samuel Arriaga","date":"24 octubre, 2013","format":false,"excerpt":"Amigos Kaloch@s les traigo la historia de Felipe Medina un gran emprendedor que decidi\u00f3 refugiarse \u00a0en el alcohol. Cuando concluyo la carrera de Administraci\u00f3n de Empresas en la ciudad de M\u00e9xico se dio a la tarea de buscar empleo, pidi\u00f3 trabajo como es com\u00fan en los j\u00f3venes que terminan su\u2026","rel":"","context":"Con 2 comentarios","block_context":{"text":"Con 2 comentarios","link":"https:\/\/kalot.com.mx\/site\/2013\/10\/24\/emprendedor-cambia-el-cafe-por-la-cerveza\/#comments"},"img":{"alt_text":"","src":"https:\/\/i0.wp.com\/kalot.com.mx\/site\/wp-content\/uploads\/2013\/10\/the-beer.jpg?fit=800%2C450&ssl=1&resize=350%2C200","width":350,"height":200,"srcset":"https:\/\/i0.wp.com\/kalot.com.mx\/site\/wp-content\/uploads\/2013\/10\/the-beer.jpg?fit=800%2C450&ssl=1&resize=350%2C200 1x, https:\/\/i0.wp.com\/kalot.com.mx\/site\/wp-content\/uploads\/2013\/10\/the-beer.jpg?fit=800%2C450&ssl=1&resize=525%2C300 1.5x, https:\/\/i0.wp.com\/kalot.com.mx\/site\/wp-content\/uploads\/2013\/10\/the-beer.jpg?fit=800%2C450&ssl=1&resize=700%2C400 2x"},"classes":[]}],"jetpack_sharing_enabled":true,"_links":{"self":[{"href":"https:\/\/kalot.com.mx\/site\/wp-json\/wp\/v2\/posts\/6125","targetHints":{"allow":["GET"]}}],"collection":[{"href":"https:\/\/kalot.com.mx\/site\/wp-json\/wp\/v2\/posts"}],"about":[{"href":"https:\/\/kalot.com.mx\/site\/wp-json\/wp\/v2\/types\/post"}],"author":[{"embeddable":true,"href":"https:\/\/kalot.com.mx\/site\/wp-json\/wp\/v2\/users\/39"}],"replies":[{"embeddable":true,"href":"https:\/\/kalot.com.mx\/site\/wp-json\/wp\/v2\/comments?post=6125"}],"version-history":[{"count":0,"href":"https:\/\/kalot.com.mx\/site\/wp-json\/wp\/v2\/posts\/6125\/revisions"}],"wp:featuredmedia":[{"embeddable":true,"href":"https:\/\/kalot.com.mx\/site\/wp-json\/wp\/v2\/media\/6128"}],"wp:attachment":[{"href":"https:\/\/kalot.com.mx\/site\/wp-json\/wp\/v2\/media?parent=6125"}],"wp:term":[{"taxonomy":"category","embeddable":true,"href":"https:\/\/kalot.com.mx\/site\/wp-json\/wp\/v2\/categories?post=6125"},{"taxonomy":"post_tag","embeddable":true,"href":"https:\/\/kalot.com.mx\/site\/wp-json\/wp\/v2\/tags?post=6125"}],"curies":[{"name":"wp","href":"https:\/\/api.w.org\/{rel}","templated":true}]}}