{"id":6082,"date":"2013-11-09T14:22:53","date_gmt":"2013-11-09T20:22:53","guid":{"rendered":"http:\/\/www.kalot.com.mx\/?p=6082"},"modified":"2013-11-09T19:57:53","modified_gmt":"2013-11-10T01:57:53","slug":"purge-resena","status":"publish","type":"post","link":"https:\/\/kalot.com.mx\/site\/2013\/11\/09\/purge-resena\/","title":{"rendered":"&#8220;The Purge&#8221; Rese\u00f1a."},"content":{"rendered":"<p style=\"text-align: justify\">Esta semana se estren\u00f3 en M\u00e9xico la cinta <strong>The Purge\u00a0<\/strong>y aqu\u00ed con el titulo de<strong> La noche de la expiaci\u00f3n.\u00a0<\/strong>\u00a0Donde \u00a0James DeMonaco\u00a0nos presenta una sociedad futura en el 2022 y Estados Unidos ha vuelto a la fortaleza econ\u00f3mica y la paz interna. El desempleo est\u00e1 en el 1%. La pobreza casi ha sido eliminada . La delincuencia es casi desconocida , salvo en un solo d\u00eda del a\u00f1o, que los nuevos fundadores han establecido para que todos puedan expresar su odio latente y la intolerancia sin consecuencias, excepto a los funcionarios p\u00fablicos selectos , por supuesto. El resto de Estados Unidos puede &#8220;purificar sus almas &#8221; a trav\u00e9s de 12 horas de caos , el asesinato y la anarqu\u00eda conocida como La Purga.<\/p>\n<p style=\"text-align: justify\">B\u00e1sicamente , se trata de una pel\u00edcula en la que los ricos masacran a los pobres con el fin de acabar con el desempleo y la pobreza, y la esperanza de que los pobres no hacen masacre primero. \u00a0 La verdadera diversi\u00f3n sale cuando comienza la purga y \u00a0James \u00a0bloquea la casa, su hijo Charlie Sandin deja entrar una v\u00edctima de purga sin hogar pidiendo ayuda, lo que desagrada a toda una pandilla de purgadores ricos y desquiciados. As\u00ed que comienza la expiaci\u00f3n para los Sandin con los j\u00f3venes dementes afuera de la residencia.<\/p>\n<p style=\"text-align: justify\">Esas brechas de la pel\u00edcula \u00a0son las que la hacen m\u00e1s interesante, ya que otros \u00a0se lanzan con la hipocres\u00eda de las zonas residenciales, la xenofobia o el instinto de supervivencia.<\/p>\n<p style=\"text-align: justify\">Ayer fui a ver esta pel\u00edcula a y a mi si me dejo pensando aunque no sea un terror total hay un suspenso grande a mi parecer.<\/p>\n<p style=\"text-align: justify\">En cuanto al plano t\u00e9cnico se aprovechan algunos de los recursos cl\u00e1sicos para generar tensi\u00f3n: las videoc\u00e1maras, la oscuridad, la ruptura del aislamiento protector, las armas \u00a0y por supuesto los individuos que est\u00e1n dispuestos a llegar hasta el final y las partes de violencia con m\u00fasica cl\u00e1sica.<\/p>\n<p style=\"text-align: justify\">The purge tiene violencia gr\u00e1fica , incluyendo una breve escena de la tortura, un mont\u00f3n de sangre, y algunas malas palabras . No es para los ni\u00f1os o cualquier otra persona con un cerebro bien.<\/p>\n<p style=\"text-align: justify\">No sera el thriller del a\u00f1o, posiblemente en su ejecuci\u00f3n es poco brillante y poco novedoso, pero despierta reflexiones de lo m\u00e1s interesantes y solo por eso ya merece que la vean a pesar de sus inconsistencias, \u00a0sobre todo en la forma en que se muestran las relaciones entre los personajes y sus idas y venidas por una casa que obviamente no es segura.<\/p>\n<p style=\"text-align: justify\">En lo personal no me decepciono, recomiendo que la vean y no salgan con ideas malas despu\u00e9s de esto.<\/p>\n<p><span class=\"embed-youtube\" style=\"text-align:center; display: block;\"><iframe class=\"youtube-player\" width=\"1200\" height=\"675\" src=\"https:\/\/www.youtube.com\/embed\/69YJMqxKSfI?version=3&#038;rel=1&#038;showsearch=0&#038;showinfo=1&#038;iv_load_policy=1&#038;fs=1&#038;hl=es-MX&#038;autohide=2&#038;wmode=transparent\" allowfullscreen=\"true\" style=\"border:0;\" sandbox=\"allow-scripts allow-same-origin allow-popups allow-presentation allow-popups-to-escape-sandbox\"><\/iframe><\/span><\/p>\n","protected":false},"excerpt":{"rendered":"Esta semana se estren\u00f3 en M\u00e9xico la cinta The Purge\u00a0y aqu\u00ed con el titulo de La noche de&hellip;\n","protected":false},"author":40,"featured_media":6123,"comment_status":"open","ping_status":"open","sticky":false,"template":"","format":"standard","meta":{"jetpack_post_was_ever_published":false,"_jetpack_newsletter_access":"","_jetpack_dont_email_post_to_subs":false,"_jetpack_newsletter_tier_id":0,"_jetpack_memberships_contains_paywalled_content":false,"_jetpack_memberships_contains_paid_content":false,"footnotes":"","jetpack_publicize_message":"\"The Purge\" Rese\u00f1a. http:\/\/wp.me\/p3RC3h-1A6","jetpack_publicize_feature_enabled":true,"jetpack_social_post_already_shared":true,"jetpack_social_options":{"image_generator_settings":{"template":"highway","default_image_id":0,"font":"","enabled":false},"version":2}},"categories":[],"tags":[],"class_list":{"0":"post-6082","1":"post","2":"type-post","3":"status-publish","4":"format-standard","5":"has-post-thumbnail","7":"cs-entry","8":"cs-video-wrap"},"yoast_head":"<!-- This site is optimized with the Yoast SEO plugin v27.5 - https:\/\/yoast.com\/product\/yoast-seo-wordpress\/ -->\n<title>&quot;The Purge&quot; Rese\u00f1a. - Kalot<\/title>\n<meta name=\"description\" content=\"Esta semana se estren\u00f3 en M\u00e9xico la cinta The Purge\u00a0y aqu\u00ed con el titulo de La noche de la expiaci\u00f3n.\u00a0\u00a0Donde \u00a0James DeMonaco\u00a0nos presenta una sociedad\" \/>\n<meta name=\"robots\" content=\"index, follow, max-snippet:-1, max-image-preview:large, max-video-preview:-1\" \/>\n<link rel=\"canonical\" href=\"https:\/\/kalot.com.mx\/site\/2013\/11\/09\/purge-resena\/\" \/>\n<meta property=\"og:locale\" content=\"es_MX\" \/>\n<meta property=\"og:type\" content=\"article\" \/>\n<meta property=\"og:title\" content=\"&quot;The Purge&quot; Rese\u00f1a. - Kalot\" \/>\n<meta property=\"og:description\" content=\"Esta semana se estren\u00f3 en M\u00e9xico la cinta The Purge\u00a0y aqu\u00ed con el titulo de La noche de la expiaci\u00f3n.\u00a0\u00a0Donde \u00a0James DeMonaco\u00a0nos presenta una sociedad\" \/>\n<meta property=\"og:url\" content=\"https:\/\/kalot.com.mx\/site\/2013\/11\/09\/purge-resena\/\" \/>\n<meta property=\"og:site_name\" content=\"Kalot\" \/>\n<meta property=\"article:publisher\" content=\"http:\/\/facebook.com\/mxkalot\" \/>\n<meta property=\"article:author\" content=\"https:\/\/www.facebook.com\/cristomars\" \/>\n<meta property=\"article:published_time\" content=\"2013-11-09T20:22:53+00:00\" \/>\n<meta property=\"article:modified_time\" content=\"2013-11-10T01:57:53+00:00\" \/>\n<meta property=\"og:image\" content=\"https:\/\/i0.wp.com\/kalot.com.mx\/site\/wp-content\/uploads\/2013\/11\/20131109-142237.jpg?fit=658%2C370&ssl=1\" \/>\n\t<meta property=\"og:image:width\" content=\"658\" \/>\n\t<meta property=\"og:image:height\" content=\"370\" \/>\n\t<meta property=\"og:image:type\" content=\"image\/jpeg\" \/>\n<meta name=\"author\" content=\"Cristo Mars\" \/>\n<meta name=\"twitter:card\" content=\"summary_large_image\" \/>\n<meta name=\"twitter:creator\" content=\"@CristoMars\" \/>\n<meta name=\"twitter:site\" content=\"@kalotmx\" \/>\n<meta name=\"twitter:label1\" content=\"Escrito por\" \/>\n\t<meta name=\"twitter:data1\" content=\"Cristo Mars\" \/>\n\t<meta name=\"twitter:label2\" content=\"Tiempo de lectura\" \/>\n\t<meta name=\"twitter:data2\" content=\"2 minutos\" \/>\n<!-- \/ Yoast SEO plugin. -->","yoast_head_json":{"title":"\"The Purge\" Rese\u00f1a. - Kalot","description":"Esta semana se estren\u00f3 en M\u00e9xico la cinta The Purge\u00a0y aqu\u00ed con el titulo de La noche de la expiaci\u00f3n.\u00a0\u00a0Donde \u00a0James DeMonaco\u00a0nos presenta una sociedad","robots":{"index":"index","follow":"follow","max-snippet":"max-snippet:-1","max-image-preview":"max-image-preview:large","max-video-preview":"max-video-preview:-1"},"canonical":"https:\/\/kalot.com.mx\/site\/2013\/11\/09\/purge-resena\/","og_locale":"es_MX","og_type":"article","og_title":"\"The Purge\" Rese\u00f1a. - Kalot","og_description":"Esta semana se estren\u00f3 en M\u00e9xico la cinta The Purge\u00a0y aqu\u00ed con el titulo de La noche de la expiaci\u00f3n.\u00a0\u00a0Donde \u00a0James DeMonaco\u00a0nos presenta una sociedad","og_url":"https:\/\/kalot.com.mx\/site\/2013\/11\/09\/purge-resena\/","og_site_name":"Kalot","article_publisher":"http:\/\/facebook.com\/mxkalot","article_author":"https:\/\/www.facebook.com\/cristomars","article_published_time":"2013-11-09T20:22:53+00:00","article_modified_time":"2013-11-10T01:57:53+00:00","og_image":[{"width":658,"height":370,"url":"https:\/\/i0.wp.com\/kalot.com.mx\/site\/wp-content\/uploads\/2013\/11\/20131109-142237.jpg?fit=658%2C370&ssl=1","type":"image\/jpeg"}],"author":"Cristo Mars","twitter_card":"summary_large_image","twitter_creator":"@CristoMars","twitter_site":"@kalotmx","twitter_misc":{"Escrito por":"Cristo Mars","Tiempo de lectura":"2 minutos"},"schema":{"@context":"https:\/\/schema.org","@graph":[{"@type":"Article","@id":"https:\/\/kalot.com.mx\/site\/2013\/11\/09\/purge-resena\/#article","isPartOf":{"@id":"https:\/\/kalot.com.mx\/site\/2013\/11\/09\/purge-resena\/"},"author":{"name":"Cristo Mars","@id":"https:\/\/kalot.com.mx\/site\/#\/schema\/person\/afb0978b4b6d2922cffe70d186da77b5"},"headline":"&#8220;The Purge&#8221; Rese\u00f1a.","datePublished":"2013-11-09T20:22:53+00:00","dateModified":"2013-11-10T01:57:53+00:00","mainEntityOfPage":{"@id":"https:\/\/kalot.com.mx\/site\/2013\/11\/09\/purge-resena\/"},"wordCount":474,"commentCount":1,"publisher":{"@id":"https:\/\/kalot.com.mx\/site\/#organization"},"image":{"@id":"https:\/\/kalot.com.mx\/site\/2013\/11\/09\/purge-resena\/#primaryimage"},"thumbnailUrl":"https:\/\/i0.wp.com\/kalot.com.mx\/site\/wp-content\/uploads\/2013\/11\/20131109-142237.jpg?fit=658%2C370&ssl=1","inLanguage":"es","potentialAction":[{"@type":"CommentAction","name":"Comment","target":["https:\/\/kalot.com.mx\/site\/2013\/11\/09\/purge-resena\/#respond"]}]},{"@type":"WebPage","@id":"https:\/\/kalot.com.mx\/site\/2013\/11\/09\/purge-resena\/","url":"https:\/\/kalot.com.mx\/site\/2013\/11\/09\/purge-resena\/","name":"\"The Purge\" Rese\u00f1a. - Kalot","isPartOf":{"@id":"https:\/\/kalot.com.mx\/site\/#website"},"primaryImageOfPage":{"@id":"https:\/\/kalot.com.mx\/site\/2013\/11\/09\/purge-resena\/#primaryimage"},"image":{"@id":"https:\/\/kalot.com.mx\/site\/2013\/11\/09\/purge-resena\/#primaryimage"},"thumbnailUrl":"https:\/\/i0.wp.com\/kalot.com.mx\/site\/wp-content\/uploads\/2013\/11\/20131109-142237.jpg?fit=658%2C370&ssl=1","datePublished":"2013-11-09T20:22:53+00:00","dateModified":"2013-11-10T01:57:53+00:00","description":"Esta semana se estren\u00f3 en M\u00e9xico la cinta The Purge\u00a0y aqu\u00ed con el titulo de La noche de la expiaci\u00f3n.\u00a0\u00a0Donde \u00a0James DeMonaco\u00a0nos presenta una sociedad","breadcrumb":{"@id":"https:\/\/kalot.com.mx\/site\/2013\/11\/09\/purge-resena\/#breadcrumb"},"inLanguage":"es","potentialAction":[{"@type":"ReadAction","target":["https:\/\/kalot.com.mx\/site\/2013\/11\/09\/purge-resena\/"]}]},{"@type":"ImageObject","inLanguage":"es","@id":"https:\/\/kalot.com.mx\/site\/2013\/11\/09\/purge-resena\/#primaryimage","url":"https:\/\/i0.wp.com\/kalot.com.mx\/site\/wp-content\/uploads\/2013\/11\/20131109-142237.jpg?fit=658%2C370&ssl=1","contentUrl":"https:\/\/i0.wp.com\/kalot.com.mx\/site\/wp-content\/uploads\/2013\/11\/20131109-142237.jpg?fit=658%2C370&ssl=1","width":658,"height":370},{"@type":"BreadcrumbList","@id":"https:\/\/kalot.com.mx\/site\/2013\/11\/09\/purge-resena\/#breadcrumb","itemListElement":[{"@type":"ListItem","position":1,"name":"Home","item":"https:\/\/kalot.com.mx\/site\/"},{"@type":"ListItem","position":2,"name":"&#8220;The Purge&#8221; Rese\u00f1a."}]},{"@type":"WebSite","@id":"https:\/\/kalot.com.mx\/site\/#website","url":"https:\/\/kalot.com.mx\/site\/","name":"Kalot","description":"Conoce Todo Sobre Todo","publisher":{"@id":"https:\/\/kalot.com.mx\/site\/#organization"},"potentialAction":[{"@type":"SearchAction","target":{"@type":"EntryPoint","urlTemplate":"https:\/\/kalot.com.mx\/site\/?s={search_term_string}"},"query-input":{"@type":"PropertyValueSpecification","valueRequired":true,"valueName":"search_term_string"}}],"inLanguage":"es"},{"@type":"Organization","@id":"https:\/\/kalot.com.mx\/site\/#organization","name":"Kalot","url":"https:\/\/kalot.com.mx\/site\/","logo":{"@type":"ImageObject","inLanguage":"es","@id":"https:\/\/kalot.com.mx\/site\/#\/schema\/logo\/image\/","url":"https:\/\/i0.wp.com\/kalot.com.mx\/site\/wp-content\/uploads\/2020\/04\/Kalot-logo-sin-tagline.png?fit=1707%2C1014&ssl=1","contentUrl":"https:\/\/i0.wp.com\/kalot.com.mx\/site\/wp-content\/uploads\/2020\/04\/Kalot-logo-sin-tagline.png?fit=1707%2C1014&ssl=1","width":1707,"height":1014,"caption":"Kalot"},"image":{"@id":"https:\/\/kalot.com.mx\/site\/#\/schema\/logo\/image\/"},"sameAs":["http:\/\/facebook.com\/mxkalot","https:\/\/x.com\/kalotmx","http:\/\/instagram.com\/kalotmx","http:\/\/pinterest.com\/jorgeerana\/kalot"]},{"@type":"Person","@id":"https:\/\/kalot.com.mx\/site\/#\/schema\/person\/afb0978b4b6d2922cffe70d186da77b5","name":"Cristo Mars","image":{"@type":"ImageObject","inLanguage":"es","@id":"https:\/\/secure.gravatar.com\/avatar\/3fa0dc6693540a149e140becf3e6a1fa1104c2278852c564c424dd0304fdcfd5?s=96&d=mm&r=g","url":"https:\/\/secure.gravatar.com\/avatar\/3fa0dc6693540a149e140becf3e6a1fa1104c2278852c564c424dd0304fdcfd5?s=96&d=mm&r=g","contentUrl":"https:\/\/secure.gravatar.com\/avatar\/3fa0dc6693540a149e140becf3e6a1fa1104c2278852c564c424dd0304fdcfd5?s=96&d=mm&r=g","caption":"Cristo Mars"},"description":"Guitarrista amante de la m\u00fasica y adicto a las galletas. Estudiante de ingenier\u00eda en Audio y producci\u00f3n.","sameAs":["http:\/\/www.soundcloud.com\/cristomars","https:\/\/www.facebook.com\/cristomars","https:\/\/x.com\/CristoMars"],"url":"https:\/\/kalot.com.mx\/site\/author\/cristo\/"}]}},"jetpack_publicize_connections":[],"jetpack_featured_media_url":"https:\/\/i0.wp.com\/kalot.com.mx\/site\/wp-content\/uploads\/2013\/11\/20131109-142237.jpg?fit=658%2C370&ssl=1","jetpack_shortlink":"https:\/\/wp.me\/p6IHEI-1A6","jetpack-related-posts":[{"id":12777,"url":"https:\/\/kalot.com.mx\/site\/2014\/03\/01\/primer-trailer-the-purge-anarchy\/","url_meta":{"origin":6082,"position":0},"title":"Primer trailer de The Purge: Anarchy","author":"Carlos Ru\u00edz Mtz","date":"1 marzo, 2014","format":false,"excerpt":"El a\u00f1o pasado se estren\u00f3 una pel\u00edcula de terror suspenso bastante interesante, The Purge, que si bien no es una obra maestra en su g\u00e9nero, plantea una trama bastante original e interesante: \u00bfQu\u00e9 pasar\u00eda si todos pudi\u00e9ramos hacer cualquier cosa que se nos plazca durante 24 horas al a\u00f1o? \u00bfQu\u00e9\u2026","rel":"","context":"Entrada similar ","block_context":{"text":"Entrada similar ","link":""},"img":{"alt_text":"","src":"https:\/\/i0.wp.com\/kalot.com.mx\/site\/wp-content\/uploads\/2014\/03\/The-Purge-Anarchy-Trailer-News-We-Live-Film.jpg?fit=1200%2C675&ssl=1&resize=350%2C200","width":350,"height":200,"srcset":"https:\/\/i0.wp.com\/kalot.com.mx\/site\/wp-content\/uploads\/2014\/03\/The-Purge-Anarchy-Trailer-News-We-Live-Film.jpg?fit=1200%2C675&ssl=1&resize=350%2C200 1x, https:\/\/i0.wp.com\/kalot.com.mx\/site\/wp-content\/uploads\/2014\/03\/The-Purge-Anarchy-Trailer-News-We-Live-Film.jpg?fit=1200%2C675&ssl=1&resize=525%2C300 1.5x, https:\/\/i0.wp.com\/kalot.com.mx\/site\/wp-content\/uploads\/2014\/03\/The-Purge-Anarchy-Trailer-News-We-Live-Film.jpg?fit=1200%2C675&ssl=1&resize=700%2C400 2x, https:\/\/i0.wp.com\/kalot.com.mx\/site\/wp-content\/uploads\/2014\/03\/The-Purge-Anarchy-Trailer-News-We-Live-Film.jpg?fit=1200%2C675&ssl=1&resize=1050%2C600 3x"},"classes":[]},{"id":26984,"url":"https:\/\/kalot.com.mx\/site\/2017\/02\/22\/mejor-enemigo-todos\/","url_meta":{"origin":6082,"position":1},"title":"El mejor enemigo de todos","author":"Doctor Caligari","date":"22 febrero, 2017","format":false,"excerpt":"Uno de los temas m\u00e1s explorados no solo en el cine, sino tambi\u00e9n en el arte (y en la vida misma) es el de la familia. Ya lo dec\u00eda Michael Corleone (Al Pacino): \u201cToda mi vida he luchado por proteger a mi familia\u201d. Enemigo de todos [T\u00edtulo original: Hell or\u2026","rel":"","context":"En &quot;Cine&quot;","block_context":{"text":"Cine","link":"https:\/\/kalot.com.mx\/site\/category\/cine\/"},"img":{"alt_text":"","src":"https:\/\/i0.wp.com\/kalot.com.mx\/site\/wp-content\/uploads\/2017\/02\/Hell-Or-High-Water.jpeg?fit=645%2C350&ssl=1&resize=350%2C200","width":350,"height":200,"srcset":"https:\/\/i0.wp.com\/kalot.com.mx\/site\/wp-content\/uploads\/2017\/02\/Hell-Or-High-Water.jpeg?fit=645%2C350&ssl=1&resize=350%2C200 1x, https:\/\/i0.wp.com\/kalot.com.mx\/site\/wp-content\/uploads\/2017\/02\/Hell-Or-High-Water.jpeg?fit=645%2C350&ssl=1&resize=525%2C300 1.5x"},"classes":[]},{"id":3382,"url":"https:\/\/kalot.com.mx\/site\/2013\/10\/08\/chucky-regresa-la-senda-del-terror-tras-20-anos-de-ausencia\/","url_meta":{"origin":6082,"position":2},"title":"Chucky regresa a la senda del terror tras 20 a\u00f1os de ausencia","author":"Juan P\u00e9rez","date":"8 octubre, 2013","format":false,"excerpt":"Hoy\u00a0 fue el \"Release\" del DVD y Blu-Ray en Estados Unidos. Don Mancini creador de uno de los personajes m\u00e1s ic\u00f3nicos del cine del terror trae de vuelta el legado del horror tras 20 a\u00f1os de ausencia en el g\u00e9nero con una entrega que se brinc\u00f3 los cines y llego\u2026","rel":"","context":"Entrada similar ","block_context":{"text":"Entrada similar ","link":""},"img":{"alt_text":"","src":"https:\/\/i0.wp.com\/kalot.com.mx\/site\/wp-content\/uploads\/2013\/10\/Curse-of-Chucky-theatrical-poster-watermarked.jpg?fit=936%2C1200&ssl=1&resize=350%2C200","width":350,"height":200,"srcset":"https:\/\/i0.wp.com\/kalot.com.mx\/site\/wp-content\/uploads\/2013\/10\/Curse-of-Chucky-theatrical-poster-watermarked.jpg?fit=936%2C1200&ssl=1&resize=350%2C200 1x, https:\/\/i0.wp.com\/kalot.com.mx\/site\/wp-content\/uploads\/2013\/10\/Curse-of-Chucky-theatrical-poster-watermarked.jpg?fit=936%2C1200&ssl=1&resize=525%2C300 1.5x, https:\/\/i0.wp.com\/kalot.com.mx\/site\/wp-content\/uploads\/2013\/10\/Curse-of-Chucky-theatrical-poster-watermarked.jpg?fit=936%2C1200&ssl=1&resize=700%2C400 2x"},"classes":[]},{"id":11234,"url":"https:\/\/kalot.com.mx\/site\/2014\/02\/06\/los-mejores-efectos-especiales-del-cine-video\/","url_meta":{"origin":6082,"position":3},"title":"Los Mejores Efectos Especiales del Cine [V\u00eddeo]","author":"Carlos Ru\u00edz Mtz","date":"6 febrero, 2014","format":false,"excerpt":"Una categor\u00eda en los premios de la Academia, (u Oscares para los amigos) que siempre me ha fascinado es la de Mejores Efectos Visuales. Y es que, \u00bfqu\u00e9 ser\u00eda de grandes producciones como Jurassic Park, The Terminator o Alien sin sus efectos especiales? Los efectos especiales es tambi\u00e9n una clara\u2026","rel":"","context":"Entrada similar ","block_context":{"text":"Entrada similar ","link":""},"img":{"alt_text":"","src":"https:\/\/i0.wp.com\/kalot.com.mx\/site\/wp-content\/uploads\/2014\/02\/oscar-efectos-visuales.jpg?fit=642%2C366&ssl=1&resize=350%2C200","width":350,"height":200,"srcset":"https:\/\/i0.wp.com\/kalot.com.mx\/site\/wp-content\/uploads\/2014\/02\/oscar-efectos-visuales.jpg?fit=642%2C366&ssl=1&resize=350%2C200 1x, https:\/\/i0.wp.com\/kalot.com.mx\/site\/wp-content\/uploads\/2014\/02\/oscar-efectos-visuales.jpg?fit=642%2C366&ssl=1&resize=525%2C300 1.5x"},"classes":[]},{"id":9453,"url":"https:\/\/kalot.com.mx\/site\/2014\/01\/12\/las-personas-mas-admiradas-del-mundo-segun-times\/","url_meta":{"origin":6082,"position":4},"title":"Las personas mas admiradas del mundo, seg\u00fan The Times","author":"Pepe M\u00e9ndez","date":"12 enero, 2014","format":false,"excerpt":"En el mundo existen muchas personas a las que se les considera que son \u201cadmiradas\u201d por sus logros, sus acciones, su filosof\u00eda y otras caracter\u00edsticas que hacen resaltar a estas personas, pero se han preguntado, \u00bfQui\u00e9n es la persona mas admirada del mundo?, el diario ingles The Times nos da\u2026","rel":"","context":"Entrada similar ","block_context":{"text":"Entrada similar ","link":""},"img":{"alt_text":"","src":"https:\/\/i0.wp.com\/kalot.com.mx\/site\/wp-content\/uploads\/2014\/01\/Bill-Gates.jpg?fit=531%2C411&ssl=1&resize=350%2C200","width":350,"height":200,"srcset":"https:\/\/i0.wp.com\/kalot.com.mx\/site\/wp-content\/uploads\/2014\/01\/Bill-Gates.jpg?fit=531%2C411&ssl=1&resize=350%2C200 1x, https:\/\/i0.wp.com\/kalot.com.mx\/site\/wp-content\/uploads\/2014\/01\/Bill-Gates.jpg?fit=531%2C411&ssl=1&resize=525%2C300 1.5x"},"classes":[]},{"id":9292,"url":"https:\/\/kalot.com.mx\/site\/2014\/01\/10\/los-juegos-del-hambre-en-llamas-se-convierte-en-la-pelicula-mas-taquillera-del-2013-en-estados-unidos\/","url_meta":{"origin":6082,"position":5},"title":"Los juegos del hambre: En Llamas se convierte en la pel\u00edcula m\u00e1s taquillera del 2013 en Estados Unidos.","author":"Ivan Mendez","date":"10 enero, 2014","format":false,"excerpt":"El 22 de noviembre ya parece lejano, ese d\u00eda en que se estren\u00f3 a nivel mundial la segunda parte de la trilog\u00eda de los juegos del hambre sin embargo sus triunfos siguen alcanz\u00e1ndonos aun este joven a\u00f1o. En los recientes a\u00f1os y despu\u00e9s de la saga Harry Potter se han\u2026","rel":"","context":"Entrada similar ","block_context":{"text":"Entrada similar ","link":""},"img":{"alt_text":"","src":"https:\/\/i0.wp.com\/kalot.com.mx\/site\/wp-content\/uploads\/2014\/01\/The-Hunger-Games-Catching-Fire-soundtrack-608x608.jpg?fit=608%2C608&ssl=1&resize=350%2C200","width":350,"height":200,"srcset":"https:\/\/i0.wp.com\/kalot.com.mx\/site\/wp-content\/uploads\/2014\/01\/The-Hunger-Games-Catching-Fire-soundtrack-608x608.jpg?fit=608%2C608&ssl=1&resize=350%2C200 1x, https:\/\/i0.wp.com\/kalot.com.mx\/site\/wp-content\/uploads\/2014\/01\/The-Hunger-Games-Catching-Fire-soundtrack-608x608.jpg?fit=608%2C608&ssl=1&resize=525%2C300 1.5x"},"classes":[]}],"jetpack_sharing_enabled":true,"_links":{"self":[{"href":"https:\/\/kalot.com.mx\/site\/wp-json\/wp\/v2\/posts\/6082","targetHints":{"allow":["GET"]}}],"collection":[{"href":"https:\/\/kalot.com.mx\/site\/wp-json\/wp\/v2\/posts"}],"about":[{"href":"https:\/\/kalot.com.mx\/site\/wp-json\/wp\/v2\/types\/post"}],"author":[{"embeddable":true,"href":"https:\/\/kalot.com.mx\/site\/wp-json\/wp\/v2\/users\/40"}],"replies":[{"embeddable":true,"href":"https:\/\/kalot.com.mx\/site\/wp-json\/wp\/v2\/comments?post=6082"}],"version-history":[{"count":0,"href":"https:\/\/kalot.com.mx\/site\/wp-json\/wp\/v2\/posts\/6082\/revisions"}],"wp:featuredmedia":[{"embeddable":true,"href":"https:\/\/kalot.com.mx\/site\/wp-json\/wp\/v2\/media\/6123"}],"wp:attachment":[{"href":"https:\/\/kalot.com.mx\/site\/wp-json\/wp\/v2\/media?parent=6082"}],"wp:term":[{"taxonomy":"category","embeddable":true,"href":"https:\/\/kalot.com.mx\/site\/wp-json\/wp\/v2\/categories?post=6082"},{"taxonomy":"post_tag","embeddable":true,"href":"https:\/\/kalot.com.mx\/site\/wp-json\/wp\/v2\/tags?post=6082"}],"curies":[{"name":"wp","href":"https:\/\/api.w.org\/{rel}","templated":true}]}}