{"id":5912,"date":"2013-11-13T14:38:14","date_gmt":"2013-11-13T20:38:14","guid":{"rendered":"http:\/\/www.kalot.com.mx\/?p=5912"},"modified":"2013-11-13T14:42:26","modified_gmt":"2013-11-13T20:42:26","slug":"el-marketing-tiene-quien-le-escriba","status":"publish","type":"post","link":"https:\/\/kalot.com.mx\/site\/2013\/11\/13\/el-marketing-tiene-quien-le-escriba\/","title":{"rendered":"El Marketing no tiene quien le escriba"},"content":{"rendered":"<p style=\"text-align: justify;\">\u00daltimamente he estado pensando mucho en lo que refiere a mi carrera y es lo que ha llegado a mi como inspiraci\u00f3n para hacer este post acerca de lo que considero que envuelve actualmente al <strong>Marketing<\/strong> pero no al momento de ser aplicado sino por lo menos en las universidades donde se imparte esta carrera. Esta entrada es meramente una opini\u00f3n personal acerca del <strong>Mkt<\/strong> y su desarrollo desde sus ra\u00edces de aprendizaje.<\/p>\n<p style=\"text-align: justify;\">El <strong>Marketing<\/strong> es mi mayor amor en la actualidad, hace poco comentaba con unos estudiantes de preparatoria lo emocionante que es hacer mercadotecnia y todas las bondades y beneficios que te brinda como comprador y como vendedor de equis n\u00fameros de marcas y productos.<\/p>\n<p style=\"text-align: justify;\">Te has preguntado, \u00bfpor qu\u00e9 compras algo? \u00bfqu\u00e9 te motiv\u00f3 a comprarlo? \u00bfen qu\u00e9 momento decidiste comprarlo?. Pues todas estas preguntas trate de explicarlas a los estudiantes que fueron a la feria de carreras de Universidad Polit\u00e9cnica. Para mi sorpresa muchos de los asistentes se mostraron interesados con lo que les compart\u00eda y preguntaban y preguntaban acerca de qu\u00e9 pod\u00edan hacer, de qu\u00e9 iban a trabajar y muchas cosas m\u00e1s. Debo de confesar que fue una experiencia inexplicable el vender y ofrecer de lo que yo voy a comer, y que al final dec\u00edan algunos asistentes &#8211; &#8220;Si voy a vender como t\u00fa, me gusta la carrera&#8221;- .<\/p>\n<p style=\"text-align: justify;\">Es muy placentero el compartir todo esto que les menciono, pero no es el tema principal de mi post; lo principal es expresar mi punto de vista hacia lo que conocemos como Marketing o Mercadotecnia seg\u00fan su preferencia porque me ha estado haciendo mucho ruido algunas de las incongruencias que he visto en mi carrera y que al d\u00eda de hoy, siguen inconclusas.<\/p>\n<p style=\"text-align: justify;\">Como hemos observado existe una gran cantidad de informaci\u00f3n en Internet, ahora todos somos expertos en algo y tenemos el conocimiento y las herramientas para argumentarlo, pero qu\u00e9 pasa cuando una carrera como la nuestra est\u00e1 en contra de las mismas ventas. Considero como una incongruencia que estudiantes de MKT no tengamos el criterio que debemos tener, tal parece que estamos casados con un segmento, un mercado meta o un simple nicho de mercado. \u00bfA qu\u00e9 me refiero con esto? hablo de una necesidad de fomentar la diversidad y la creaci\u00f3n de una mentalidad que la mayor\u00eda no podemos generar sin un peque\u00f1o impulso de parte de una imagen importante o un l\u00edder de opini\u00f3n que en este caso podr\u00edan ser los profesores.<\/p>\n<p style=\"text-align: justify;\">Hablo de una necesidad que he visto en varios estudiantes de Mkt, por ejemplo, he notado a trav\u00e9s de observaci\u00f3n que la mayor\u00eda considera o siente que al salir de la carrera ofrecer\u00e1 sus servicios solamente al segmento al que pertenece ya sea NSE, zona geogr\u00e1fica, demograf\u00eda, etc. Al hablar de esto me refiero a que escucho cr\u00edticas en los estudiantes a estrategias de mercado, producto, precio y dem\u00e1s que por no pertenecer al segmento propio lo consideramos como una basura, pero en realidad creo que no nos hacemos la pregunta correcta.<\/p>\n<p style=\"text-align: justify;\">\u00bfQu\u00e9 tan seguido observas lo que sucede a tu alrededor? \u00bfConvives a detalle o a trav\u00e9s de observaci\u00f3n las estrategias que realizan las marcas en diferentes segmentos\/nichos\/targets? \u00bfC\u00f3mo act\u00faas ante estas estrategias?<\/p>\n<p style=\"text-align: justify;\">Estas son algunas de las preguntas que estoy tratando de contestar para saber que el d\u00eda de ma\u00f1ana, en el mercado laboral no siempre le vender\u00e9 a gente de mi edad, de mi colonia o de mi mismo sexo; tenemos que estar consientes de lo que pasa all\u00e1 afuera, m\u00e1s all\u00e1 de tu nariz. Bien nos lo han comentado varios profesores a lo largo de la carrera, tenemos que conocer de todo, viajar, interactuar con la gente todo tipo de gente pero realmente \u00bfcu\u00e1ntos de nosotros lo estamos haciendo?<\/p>\n<p style=\"text-align: justify;\">Es complicado el intentar llevar la bandera del ejemplo y no ser congruente pero creo que es b\u00e1sico el que nosotros los mercad\u00f3logos (as) empecemos a ver un poco m\u00e1s all\u00e1 de lo que nos ense\u00f1an en la escuela. Conocer lo que los ni\u00f1os y ni\u00f1as de menos de 13 a\u00f1os est\u00e1n buscando y ver qu\u00e9 podemos ofrecerles as\u00ed como sentarnos con nuestros padres y ver lo que est\u00e1n pidiendo a gritos y nadie se los ha ofrecido; platicar con los abuelos, ver qu\u00e9 requieren los beb\u00e9s, escuchar a los adolescentes y esto es solo hablando de una cuesti\u00f3n de generaciones y edades. Existen muchos grupos o nichos que est\u00e1n all\u00ed afuera buscando qu\u00e9 comprar, probablemente la lista de b\u00fasqueda sea enorme y nunca podamos terminarla pero no lo sabremos sino empezamos desde HOY.<\/p>\n<p style=\"text-align: justify;\">Salgan de sus casas, de sus computadoras, celulares y dem\u00e1s y empecemos a conocer lo que M\u00e9xico quiere, lo que USA quiere y despu\u00e9s lo que el mundo entero requiere. No nos quedemos con una simple idea ni creamos que todos ganan y gastan lo mismo que nosotros, hay dinero en el mundo y lo sabemos; ahora solo hay que darle algo a la gente para comprar.<\/p>\n<p style=\"text-align: justify;\">Sugerencias para estudiantes y profesionales de <strong>MKT<\/strong>:<\/p>\n<ul style=\"text-align: justify;\">\n<li>Implementar programas pr\u00e1cticos y en diferentes segmentos no solo los del profesor ni los del alumno<\/li>\n<li>Informaci\u00f3n m\u00e1s actual y relevante<\/li>\n<li>Bibliograf\u00eda reciente y casos de \u00e9xito nacionales e internacionales<\/li>\n<li>Internet y su uso \u00f3ptimo aplicado a nuestra carrera<\/li>\n<li>CONOCER<\/li>\n<li>Preguntar, cuestionar y realizar hip\u00f3tesis<\/li>\n<li>Sobre todo SUGERIR y mejorar cada d\u00eda<\/li>\n<\/ul>\n<p style=\"text-align: justify;\">Como les mencion\u00e9 en la parte superior esto es una opini\u00f3n personal y no aplica para todos los estudiantes ni todas las universidades, espero sus opiniones y ojal\u00e1 encuentren productivo este post<\/p>\n<p style=\"text-align: justify;\">S\u00edganme en <strong>Twitter @jorge_erana<\/strong><\/p>\n","protected":false},"excerpt":{"rendered":"\u00daltimamente he estado pensando mucho en lo que refiere a mi carrera y es lo que ha llegado&hellip;\n","protected":false},"author":1,"featured_media":5913,"comment_status":"open","ping_status":"open","sticky":false,"template":"","format":"standard","meta":{"jetpack_post_was_ever_published":false,"_jetpack_newsletter_access":"","_jetpack_dont_email_post_to_subs":false,"_jetpack_newsletter_tier_id":0,"_jetpack_memberships_contains_paywalled_content":false,"_jetpack_memberships_contains_paid_content":false,"footnotes":"","jetpack_publicize_message":"","jetpack_publicize_feature_enabled":true,"jetpack_social_post_already_shared":true,"jetpack_social_options":{"image_generator_settings":{"template":"highway","default_image_id":0,"font":"","enabled":false},"version":2}},"categories":[],"tags":[],"class_list":{"0":"post-5912","1":"post","2":"type-post","3":"status-publish","4":"format-standard","5":"has-post-thumbnail","7":"cs-entry","8":"cs-video-wrap"},"yoast_head":"<!-- This site is optimized with the Yoast SEO plugin v27.4 - https:\/\/yoast.com\/product\/yoast-seo-wordpress\/ -->\n<title>El Marketing no tiene quien le escriba - Kalot<\/title>\n<meta name=\"description\" content=\"marketing\" \/>\n<meta name=\"robots\" content=\"index, follow, max-snippet:-1, max-image-preview:large, max-video-preview:-1\" \/>\n<link rel=\"canonical\" href=\"https:\/\/kalot.com.mx\/site\/2013\/11\/13\/el-marketing-tiene-quien-le-escriba\/\" \/>\n<meta property=\"og:locale\" content=\"es_MX\" \/>\n<meta property=\"og:type\" content=\"article\" \/>\n<meta property=\"og:title\" content=\"El Marketing no tiene quien le escriba - Kalot\" \/>\n<meta property=\"og:description\" content=\"marketing\" \/>\n<meta property=\"og:url\" content=\"https:\/\/kalot.com.mx\/site\/2013\/11\/13\/el-marketing-tiene-quien-le-escriba\/\" \/>\n<meta property=\"og:site_name\" content=\"Kalot\" \/>\n<meta property=\"article:publisher\" content=\"http:\/\/facebook.com\/mxkalot\" \/>\n<meta property=\"article:author\" content=\"http:\/\/www.facebook.com\/jorgeerana\" \/>\n<meta property=\"article:published_time\" content=\"2013-11-13T20:38:14+00:00\" \/>\n<meta property=\"article:modified_time\" content=\"2013-11-13T20:42:26+00:00\" \/>\n<meta property=\"og:image\" content=\"https:\/\/i1.wp.com\/kalot.com.mx\/site\/wp-content\/uploads\/2013\/11\/marketingCloud.jpg?fit=1000%2C661&ssl=1\" \/>\n\t<meta property=\"og:image:width\" content=\"1000\" \/>\n\t<meta property=\"og:image:height\" content=\"661\" \/>\n\t<meta property=\"og:image:type\" content=\"image\/jpeg\" \/>\n<meta name=\"author\" content=\"Jorge Era\u00f1a\" \/>\n<meta name=\"twitter:card\" content=\"summary_large_image\" \/>\n<meta name=\"twitter:creator\" content=\"@jorge_erana\" \/>\n<meta name=\"twitter:site\" content=\"@kalotmx\" \/>\n<meta name=\"twitter:label1\" content=\"Escrito por\" \/>\n\t<meta name=\"twitter:data1\" content=\"Jorge Era\u00f1a\" \/>\n\t<meta name=\"twitter:label2\" content=\"Tiempo de lectura\" \/>\n\t<meta name=\"twitter:data2\" content=\"5 minutos\" \/>\n<!-- \/ Yoast SEO plugin. -->","yoast_head_json":{"title":"El Marketing no tiene quien le escriba - Kalot","description":"marketing","robots":{"index":"index","follow":"follow","max-snippet":"max-snippet:-1","max-image-preview":"max-image-preview:large","max-video-preview":"max-video-preview:-1"},"canonical":"https:\/\/kalot.com.mx\/site\/2013\/11\/13\/el-marketing-tiene-quien-le-escriba\/","og_locale":"es_MX","og_type":"article","og_title":"El Marketing no tiene quien le escriba - Kalot","og_description":"marketing","og_url":"https:\/\/kalot.com.mx\/site\/2013\/11\/13\/el-marketing-tiene-quien-le-escriba\/","og_site_name":"Kalot","article_publisher":"http:\/\/facebook.com\/mxkalot","article_author":"http:\/\/www.facebook.com\/jorgeerana","article_published_time":"2013-11-13T20:38:14+00:00","article_modified_time":"2013-11-13T20:42:26+00:00","og_image":[{"width":1000,"height":661,"url":"https:\/\/i1.wp.com\/kalot.com.mx\/site\/wp-content\/uploads\/2013\/11\/marketingCloud.jpg?fit=1000%2C661&ssl=1","type":"image\/jpeg"}],"author":"Jorge Era\u00f1a","twitter_card":"summary_large_image","twitter_creator":"@jorge_erana","twitter_site":"@kalotmx","twitter_misc":{"Escrito por":"Jorge Era\u00f1a","Tiempo de lectura":"5 minutos"},"schema":{"@context":"https:\/\/schema.org","@graph":[{"@type":"Article","@id":"https:\/\/kalot.com.mx\/site\/2013\/11\/13\/el-marketing-tiene-quien-le-escriba\/#article","isPartOf":{"@id":"https:\/\/kalot.com.mx\/site\/2013\/11\/13\/el-marketing-tiene-quien-le-escriba\/"},"author":{"name":"Jorge Era\u00f1a","@id":"https:\/\/kalot.com.mx\/site\/#\/schema\/person\/439e32b5ce86d9bc80cf42ab58e1c6e0"},"headline":"El Marketing no tiene quien le escriba","datePublished":"2013-11-13T20:38:14+00:00","dateModified":"2013-11-13T20:42:26+00:00","mainEntityOfPage":{"@id":"https:\/\/kalot.com.mx\/site\/2013\/11\/13\/el-marketing-tiene-quien-le-escriba\/"},"wordCount":986,"commentCount":0,"publisher":{"@id":"https:\/\/kalot.com.mx\/site\/#organization"},"image":{"@id":"https:\/\/kalot.com.mx\/site\/2013\/11\/13\/el-marketing-tiene-quien-le-escriba\/#primaryimage"},"thumbnailUrl":"https:\/\/i0.wp.com\/kalot.com.mx\/site\/wp-content\/uploads\/2013\/11\/marketingCloud.jpg?fit=1000%2C661&ssl=1","inLanguage":"es","potentialAction":[{"@type":"CommentAction","name":"Comment","target":["https:\/\/kalot.com.mx\/site\/2013\/11\/13\/el-marketing-tiene-quien-le-escriba\/#respond"]}]},{"@type":"WebPage","@id":"https:\/\/kalot.com.mx\/site\/2013\/11\/13\/el-marketing-tiene-quien-le-escriba\/","url":"https:\/\/kalot.com.mx\/site\/2013\/11\/13\/el-marketing-tiene-quien-le-escriba\/","name":"El Marketing no tiene quien le escriba - Kalot","isPartOf":{"@id":"https:\/\/kalot.com.mx\/site\/#website"},"primaryImageOfPage":{"@id":"https:\/\/kalot.com.mx\/site\/2013\/11\/13\/el-marketing-tiene-quien-le-escriba\/#primaryimage"},"image":{"@id":"https:\/\/kalot.com.mx\/site\/2013\/11\/13\/el-marketing-tiene-quien-le-escriba\/#primaryimage"},"thumbnailUrl":"https:\/\/i0.wp.com\/kalot.com.mx\/site\/wp-content\/uploads\/2013\/11\/marketingCloud.jpg?fit=1000%2C661&ssl=1","datePublished":"2013-11-13T20:38:14+00:00","dateModified":"2013-11-13T20:42:26+00:00","description":"marketing","breadcrumb":{"@id":"https:\/\/kalot.com.mx\/site\/2013\/11\/13\/el-marketing-tiene-quien-le-escriba\/#breadcrumb"},"inLanguage":"es","potentialAction":[{"@type":"ReadAction","target":["https:\/\/kalot.com.mx\/site\/2013\/11\/13\/el-marketing-tiene-quien-le-escriba\/"]}]},{"@type":"ImageObject","inLanguage":"es","@id":"https:\/\/kalot.com.mx\/site\/2013\/11\/13\/el-marketing-tiene-quien-le-escriba\/#primaryimage","url":"https:\/\/i0.wp.com\/kalot.com.mx\/site\/wp-content\/uploads\/2013\/11\/marketingCloud.jpg?fit=1000%2C661&ssl=1","contentUrl":"https:\/\/i0.wp.com\/kalot.com.mx\/site\/wp-content\/uploads\/2013\/11\/marketingCloud.jpg?fit=1000%2C661&ssl=1","width":1000,"height":661},{"@type":"BreadcrumbList","@id":"https:\/\/kalot.com.mx\/site\/2013\/11\/13\/el-marketing-tiene-quien-le-escriba\/#breadcrumb","itemListElement":[{"@type":"ListItem","position":1,"name":"Home","item":"https:\/\/kalot.com.mx\/site\/"},{"@type":"ListItem","position":2,"name":"El Marketing no tiene quien le escriba"}]},{"@type":"WebSite","@id":"https:\/\/kalot.com.mx\/site\/#website","url":"https:\/\/kalot.com.mx\/site\/","name":"Kalot","description":"Conoce Todo Sobre Todo","publisher":{"@id":"https:\/\/kalot.com.mx\/site\/#organization"},"potentialAction":[{"@type":"SearchAction","target":{"@type":"EntryPoint","urlTemplate":"https:\/\/kalot.com.mx\/site\/?s={search_term_string}"},"query-input":{"@type":"PropertyValueSpecification","valueRequired":true,"valueName":"search_term_string"}}],"inLanguage":"es"},{"@type":"Organization","@id":"https:\/\/kalot.com.mx\/site\/#organization","name":"Kalot","url":"https:\/\/kalot.com.mx\/site\/","logo":{"@type":"ImageObject","inLanguage":"es","@id":"https:\/\/kalot.com.mx\/site\/#\/schema\/logo\/image\/","url":"https:\/\/i0.wp.com\/kalot.com.mx\/site\/wp-content\/uploads\/2020\/04\/Kalot-logo-sin-tagline.png?fit=1707%2C1014&ssl=1","contentUrl":"https:\/\/i0.wp.com\/kalot.com.mx\/site\/wp-content\/uploads\/2020\/04\/Kalot-logo-sin-tagline.png?fit=1707%2C1014&ssl=1","width":1707,"height":1014,"caption":"Kalot"},"image":{"@id":"https:\/\/kalot.com.mx\/site\/#\/schema\/logo\/image\/"},"sameAs":["http:\/\/facebook.com\/mxkalot","https:\/\/x.com\/kalotmx","http:\/\/instagram.com\/kalotmx","http:\/\/pinterest.com\/jorgeerana\/kalot"]},{"@type":"Person","@id":"https:\/\/kalot.com.mx\/site\/#\/schema\/person\/439e32b5ce86d9bc80cf42ab58e1c6e0","name":"Jorge Era\u00f1a","image":{"@type":"ImageObject","inLanguage":"es","@id":"https:\/\/secure.gravatar.com\/avatar\/212c04a1057d7abed0b82aaef6a7ff59168e10f70fcde39376c565ea83c43a85?s=96&d=mm&r=g","url":"https:\/\/secure.gravatar.com\/avatar\/212c04a1057d7abed0b82aaef6a7ff59168e10f70fcde39376c565ea83c43a85?s=96&d=mm&r=g","contentUrl":"https:\/\/secure.gravatar.com\/avatar\/212c04a1057d7abed0b82aaef6a7ff59168e10f70fcde39376c565ea83c43a85?s=96&d=mm&r=g","caption":"Jorge Era\u00f1a"},"description":"Fundador de @KalotMx Mercad\u00f3logo, amante de la tecnolog\u00eda, #Geekazo, #socialmedia, #MarketingDigital, tv-shows, movies y de la vida. Admin","sameAs":["http:\/\/www.kalot.com.mx","http:\/\/www.facebook.com\/jorgeerana","https:\/\/x.com\/jorge_erana"],"url":"https:\/\/kalot.com.mx\/site\/author\/admin\/"}]}},"jetpack_publicize_connections":[],"jetpack_featured_media_url":"https:\/\/i0.wp.com\/kalot.com.mx\/site\/wp-content\/uploads\/2013\/11\/marketingCloud.jpg?fit=1000%2C661&ssl=1","jetpack_shortlink":"https:\/\/wp.me\/p6IHEI-1xm","jetpack-related-posts":[{"id":9690,"url":"https:\/\/kalot.com.mx\/site\/2014\/01\/18\/se-que-estudiar-mis-tips-y-experiencia-para-encontrar-tu-carrera-ideal\/","url_meta":{"origin":5912,"position":0},"title":"\u00a1No se qu\u00e9 estudiar! (Mis tips y experiencia para encontrar tu carrera ideal &lt;3)","author":"Tania Aguirre","date":"18 enero, 2014","format":false,"excerpt":"Existen personas que desde que tienen uso de raz\u00f3n saben que \u201cser de grandes\u201d\u2026 y otras (c\u00f3mo yo y probablemente t\u00fa que estas leyendo esto) que simplemente no decidimos. A veces no sabemos si estudiar lo mismo que pap\u00e1 y mam\u00e1, lo que la t\u00eda que te cae bien (porque\u2026","rel":"","context":"Entrada similar ","block_context":{"text":"Entrada similar ","link":""},"img":{"alt_text":"descarga (1)","src":"https:\/\/i0.wp.com\/alumnosut.org\/portal\/wp-content\/uploads\/2014\/01\/descarga-11-300x164.jpg?resize=350%2C200","width":350,"height":200},"classes":[]},{"id":16742,"url":"https:\/\/kalot.com.mx\/site\/2014\/06\/13\/trayectoria-de-exito\/","url_meta":{"origin":5912,"position":1},"title":"Fundaci\u00f3n Trayectoria de \u00c9xito A.C.","author":"Andrea Debo","date":"13 junio, 2014","format":false,"excerpt":"\"Ninguno estaremos bien, en tanto no estemos bien todos.\" \"\u00c9ste Apotegma descorre el velo para asumir que solamente el Bien Com\u00fan puede prometernos una Sociedad de Bienestar y es ese Bien Com\u00fan o compartido, que ata\u00f1e e implica a la Comunidad toda, la m\u00e1s digna y fundamental aspiraci\u00f3n para vivir,\u2026","rel":"","context":"Entrada similar ","block_context":{"text":"Entrada similar ","link":""},"img":{"alt_text":"","src":"https:\/\/i0.wp.com\/kalot.com.mx\/site\/wp-content\/uploads\/2014\/06\/medalla.jpg?fit=960%2C720&ssl=1&resize=350%2C200","width":350,"height":200,"srcset":"https:\/\/i0.wp.com\/kalot.com.mx\/site\/wp-content\/uploads\/2014\/06\/medalla.jpg?fit=960%2C720&ssl=1&resize=350%2C200 1x, https:\/\/i0.wp.com\/kalot.com.mx\/site\/wp-content\/uploads\/2014\/06\/medalla.jpg?fit=960%2C720&ssl=1&resize=525%2C300 1.5x, https:\/\/i0.wp.com\/kalot.com.mx\/site\/wp-content\/uploads\/2014\/06\/medalla.jpg?fit=960%2C720&ssl=1&resize=700%2C400 2x"},"classes":[]},{"id":1745,"url":"https:\/\/kalot.com.mx\/site\/2013\/09\/16\/aprendices-fuera-de-linea-nueva-tendencia-en-marketing\/","url_meta":{"origin":5912,"position":2},"title":"Aprendices fuera de l\u00ednea. \u00bfNueva tendencia en #Marketing?","author":"Jorge Era\u00f1a","date":"16 septiembre, 2013","format":false,"excerpt":"http:\/\/youtu.be\/cdnoqCViqUo Primero que nada no se tratar\u00e1 ningun SPOILER en \u00e9sta rese\u00f1a, es meramente informativa y con opini\u00f3n\u00a0 Como ya lo pudieron ver, el trailer presentado en la parte posterior del art\u00edculo habla de una pel\u00edcula que personalmente ten\u00eda ya un buen rato esperando. El d\u00eda de ayer por fin\u2026","rel":"","context":"Entrada similar ","block_context":{"text":"Entrada similar ","link":""},"img":{"alt_text":"","src":"https:\/\/i0.wp.com\/kalot.com.mx\/site\/wp-content\/uploads\/2013\/09\/large.jpg?fit=614%2C383&ssl=1&resize=350%2C200","width":350,"height":200,"srcset":"https:\/\/i0.wp.com\/kalot.com.mx\/site\/wp-content\/uploads\/2013\/09\/large.jpg?fit=614%2C383&ssl=1&resize=350%2C200 1x, https:\/\/i0.wp.com\/kalot.com.mx\/site\/wp-content\/uploads\/2013\/09\/large.jpg?fit=614%2C383&ssl=1&resize=525%2C300 1.5x"},"classes":[]},{"id":7231,"url":"https:\/\/kalot.com.mx\/site\/2013\/11\/27\/oscar-busca-trabajo\/","url_meta":{"origin":5912,"position":3},"title":"Oscar busca trabajo","author":"Ilse Canela","date":"27 noviembre, 2013","format":false,"excerpt":"Resulta que me ha llegado ese terrible momento en que por cuestiones escolares, debo dejar de ser freelance para ser parte de la comunidad \u201cGodinez\u201d, la verdad es que no me molesta, me agrada trabajar de ambas maneras. El \u00fanico detalle es encontrar una empresa que\u00a0 recuerde que los estudiantes\u2026","rel":"","context":"Entrada similar ","block_context":{"text":"Entrada similar ","link":""},"img":{"alt_text":"","src":"https:\/\/i0.wp.com\/kalot.com.mx\/site\/wp-content\/uploads\/2013\/11\/Oscar-busca-trabajo.jpg?fit=1000%2C356&ssl=1&resize=350%2C200","width":350,"height":200,"srcset":"https:\/\/i0.wp.com\/kalot.com.mx\/site\/wp-content\/uploads\/2013\/11\/Oscar-busca-trabajo.jpg?fit=1000%2C356&ssl=1&resize=350%2C200 1x, https:\/\/i0.wp.com\/kalot.com.mx\/site\/wp-content\/uploads\/2013\/11\/Oscar-busca-trabajo.jpg?fit=1000%2C356&ssl=1&resize=525%2C300 1.5x, https:\/\/i0.wp.com\/kalot.com.mx\/site\/wp-content\/uploads\/2013\/11\/Oscar-busca-trabajo.jpg?fit=1000%2C356&ssl=1&resize=700%2C400 2x"},"classes":[]},{"id":11338,"url":"https:\/\/kalot.com.mx\/site\/2014\/02\/09\/de-estudiante-empleado-y-de-empleado-emprendedor\/","url_meta":{"origin":5912,"position":4},"title":"De estudiante a empleado, y de empleado a emprendedor.","author":"Rudy Marin","date":"9 febrero, 2014","format":false,"excerpt":"Desde muy peque\u00f1os solemos empezar a formar nuestras propias concepciones de la vida, y a partir de ellos, es com\u00fan que vayamos formando nuestros sue\u00f1os. Por ejemplo, es muy com\u00fan que teniendo 5 a\u00f1os de vida querr\u00e1mos ser un doctor o un bombero, o cualquier otra profesi\u00f3n. Conforme vamos avanzando\u2026","rel":"","context":"Con 3 comentarios","block_context":{"text":"Con 3 comentarios","link":"https:\/\/kalot.com.mx\/site\/2014\/02\/09\/de-estudiante-empleado-y-de-empleado-emprendedor\/#comments"},"img":{"alt_text":"","src":"https:\/\/i0.wp.com\/kalot.com.mx\/site\/wp-content\/uploads\/2014\/02\/estudiante-emprendedor-kalot.jpg?fit=470%2C352&ssl=1&resize=350%2C200","width":350,"height":200},"classes":[]},{"id":32161,"url":"https:\/\/kalot.com.mx\/site\/2021\/08\/30\/resena-echo-show-5\/","url_meta":{"origin":5912,"position":5},"title":"Mi Experiencia con Echo Show 5, el mejor complemento para tu mesita de noche","author":"Jorge Era\u00f1a","date":"30 agosto, 2021","format":false,"excerpt":"\u00daltimamente he estado probando varios dispositivos de Amazon y esta vez me toc\u00f3 tener algunas semanas un Echo Show 5 de 2da generaci\u00f3n y esta fue mi experiencia tras unas largas jornadas de uso intensivo. Lo primero que debes saber as\u00ed como te lo cont\u00e9 en mis otras rese\u00f1as de\u2026","rel":"","context":"En &quot;#MiExperienciaCon&quot;","block_context":{"text":"#MiExperienciaCon","link":"https:\/\/kalot.com.mx\/site\/category\/miexperienciacon\/"},"img":{"alt_text":"rese\u00f1a echo show 5 mexico","src":"https:\/\/i0.wp.com\/kalot.com.mx\/site\/wp-content\/uploads\/2021\/08\/resena-echo-show-5-scaled.jpeg?fit=1200%2C900&ssl=1&resize=350%2C200","width":350,"height":200,"srcset":"https:\/\/i0.wp.com\/kalot.com.mx\/site\/wp-content\/uploads\/2021\/08\/resena-echo-show-5-scaled.jpeg?fit=1200%2C900&ssl=1&resize=350%2C200 1x, https:\/\/i0.wp.com\/kalot.com.mx\/site\/wp-content\/uploads\/2021\/08\/resena-echo-show-5-scaled.jpeg?fit=1200%2C900&ssl=1&resize=525%2C300 1.5x, https:\/\/i0.wp.com\/kalot.com.mx\/site\/wp-content\/uploads\/2021\/08\/resena-echo-show-5-scaled.jpeg?fit=1200%2C900&ssl=1&resize=700%2C400 2x, https:\/\/i0.wp.com\/kalot.com.mx\/site\/wp-content\/uploads\/2021\/08\/resena-echo-show-5-scaled.jpeg?fit=1200%2C900&ssl=1&resize=1050%2C600 3x"},"classes":[]}],"jetpack_sharing_enabled":true,"_links":{"self":[{"href":"https:\/\/kalot.com.mx\/site\/wp-json\/wp\/v2\/posts\/5912","targetHints":{"allow":["GET"]}}],"collection":[{"href":"https:\/\/kalot.com.mx\/site\/wp-json\/wp\/v2\/posts"}],"about":[{"href":"https:\/\/kalot.com.mx\/site\/wp-json\/wp\/v2\/types\/post"}],"author":[{"embeddable":true,"href":"https:\/\/kalot.com.mx\/site\/wp-json\/wp\/v2\/users\/1"}],"replies":[{"embeddable":true,"href":"https:\/\/kalot.com.mx\/site\/wp-json\/wp\/v2\/comments?post=5912"}],"version-history":[{"count":0,"href":"https:\/\/kalot.com.mx\/site\/wp-json\/wp\/v2\/posts\/5912\/revisions"}],"wp:featuredmedia":[{"embeddable":true,"href":"https:\/\/kalot.com.mx\/site\/wp-json\/wp\/v2\/media\/5913"}],"wp:attachment":[{"href":"https:\/\/kalot.com.mx\/site\/wp-json\/wp\/v2\/media?parent=5912"}],"wp:term":[{"taxonomy":"category","embeddable":true,"href":"https:\/\/kalot.com.mx\/site\/wp-json\/wp\/v2\/categories?post=5912"},{"taxonomy":"post_tag","embeddable":true,"href":"https:\/\/kalot.com.mx\/site\/wp-json\/wp\/v2\/tags?post=5912"}],"curies":[{"name":"wp","href":"https:\/\/api.w.org\/{rel}","templated":true}]}}