{"id":5746,"date":"2013-11-04T22:16:04","date_gmt":"2013-11-05T04:16:04","guid":{"rendered":"http:\/\/www.kalot.com.mx\/?p=5746"},"modified":"2013-11-04T22:16:04","modified_gmt":"2013-11-05T04:16:04","slug":"este-mes-afeites-tu-bigote-hay-una-buena-razon-movemberes","status":"publish","type":"post","link":"https:\/\/kalot.com.mx\/site\/2013\/11\/04\/este-mes-afeites-tu-bigote-hay-una-buena-razon-movemberes\/","title":{"rendered":"Este mes no afeites tu BIGOTE, hay una buena raz\u00f3n @MovemberES"},"content":{"rendered":"<p><b>\u00a0<\/b><\/p>\n<p style=\"text-align: justify\">Hace un rato en nuestras redes llego a nosotros la fiebre y el apoyo hacia MOVEMBER, \u00bfDe que se trata? \u00bfPor qu\u00e9 un bigote en el logotipo de Kalot? Sencillo, esta es una acci\u00f3n que desde hace algunos a\u00f1os lleva implement\u00e1ndose por todo el mundo, en donde los hombres dejan crecer su famoso y pol\u00e9mico bigote, ya que de esta manera re\u00fanen fondos para combatir enfermedades del los hombres como el c\u00e1ncer de pr\u00f3stata o de test\u00edculos, puesto que es una problem\u00e1tica de la sociedad que ha ido en aumento y que as\u00ed como el mes pasado destaco por el cuidado y preocupaci\u00f3n por de la mujer y el c\u00e1ncer de mama, hoy el mundo se preocupa por la salud del masculino.<\/p>\n<p style=\"text-align: justify\">Este movimiento social en a\u00f1o pasado recaudo alrededor del mundo mas de 113 millones de d\u00f3lares logrando conmover y concientizar a nuestro planeta ayudando a financiar mas de 570 proyectos. Parte de esta gran campa\u00f1a involucra a j\u00f3venes los cuales son denominados <b><i>Mo-Bro<\/i><\/b> y ret\u00e1ndolos a dejarse el bigote por un mes completo, cambiando su aspecto para partir\u00a0 de un\u00a0Insight\u00a0del cual las personas suelen preguntar \u00a0a quienes se dejan el bigote cual es el motivo, ellos responder\u00e1n contando la historia del movimiento y se tomara el tema sobre estas cuestiones que ata\u00f1en a la sociedad y casi no son tomadas en cuenta, convirtiendo a los Mo-Bro en anuncios parlantes. \u00a0MOVEMBER como lo dice en su sitio web es responsable del crecimiento de miles de mostachos en el mundo.<\/p>\n<p style=\"text-align: justify\">Los programas, dirigidos por Movember Foundation, est\u00e1n enfocados a la concientizaci\u00f3n y la educaci\u00f3n, la vida durante y despu\u00e9s del c\u00e1ncer, la salud mental y la vida m\u00e1s all\u00e1 de la enfermedad,\u00a0 as\u00ed como a la investigaci\u00f3n para conseguir el objetivo de dejar una huella imborrable en la cara de la salud masculina.<\/p>\n<p style=\"text-align: justify\">Por esta causa todos en Kalot somos bigotones y hasta nuestro logo.<\/p>\n<p style=\"text-align: justify\">\u00a1\u00danete y se un Mo-Bro!<\/p>\n<p>&nbsp;<\/p>\n<p><span class=\"embed-youtube\" style=\"text-align:center; display: block;\"><iframe class=\"youtube-player\" width=\"1200\" height=\"675\" src=\"https:\/\/www.youtube.com\/embed\/xa_zOYxV84A?version=3&#038;rel=1&#038;showsearch=0&#038;showinfo=1&#038;iv_load_policy=1&#038;fs=1&#038;hl=es-MX&#038;autohide=2&#038;wmode=transparent\" allowfullscreen=\"true\" style=\"border:0;\" sandbox=\"allow-scripts allow-same-origin allow-popups allow-presentation allow-popups-to-escape-sandbox\"><\/iframe><\/span><\/p>\n","protected":false},"excerpt":{"rendered":"\u00a0 Hace un rato en nuestras redes llego a nosotros la fiebre y el apoyo hacia MOVEMBER, \u00bfDe&hellip;\n","protected":false},"author":55,"featured_media":5750,"comment_status":"open","ping_status":"open","sticky":false,"template":"","format":"standard","meta":{"jetpack_post_was_ever_published":false,"_jetpack_newsletter_access":"","_jetpack_dont_email_post_to_subs":false,"_jetpack_newsletter_tier_id":0,"_jetpack_memberships_contains_paywalled_content":false,"_jetpack_memberships_contains_paid_content":false,"footnotes":"","jetpack_publicize_message":"Este mes no afeites tu BIGOTE, hay una buena raz\u00f3n @MovemberES #MarketingSocial  V\u00eda:LuisCastillo","jetpack_publicize_feature_enabled":true,"jetpack_social_post_already_shared":true,"jetpack_social_options":{"image_generator_settings":{"template":"highway","default_image_id":0,"font":"","enabled":false},"version":2}},"categories":[],"tags":[],"class_list":{"0":"post-5746","1":"post","2":"type-post","3":"status-publish","4":"format-standard","5":"has-post-thumbnail","7":"cs-entry","8":"cs-video-wrap"},"yoast_head":"<!-- This site is optimized with the Yoast SEO plugin v27.4 - https:\/\/yoast.com\/product\/yoast-seo-wordpress\/ -->\n<title>Este mes no afeites tu BIGOTE, hay una buena raz\u00f3n @MovemberES - Kalot<\/title>\n<meta name=\"description\" content=\"\u00a0 Hace un rato en nuestras redes llego a nosotros la fiebre y el apoyo hacia MOVEMBER, \u00bfDe que se trata? \u00bfPor qu\u00e9 un bigote en el logotipo de Kalot?\" \/>\n<meta name=\"robots\" content=\"index, follow, max-snippet:-1, max-image-preview:large, max-video-preview:-1\" \/>\n<link rel=\"canonical\" href=\"https:\/\/kalot.com.mx\/site\/2013\/11\/04\/este-mes-afeites-tu-bigote-hay-una-buena-razon-movemberes\/\" \/>\n<meta property=\"og:locale\" content=\"es_MX\" \/>\n<meta property=\"og:type\" content=\"article\" \/>\n<meta property=\"og:title\" content=\"Este mes no afeites tu BIGOTE, hay una buena raz\u00f3n @MovemberES - Kalot\" \/>\n<meta property=\"og:description\" content=\"\u00a0 Hace un rato en nuestras redes llego a nosotros la fiebre y el apoyo hacia MOVEMBER, \u00bfDe que se trata? \u00bfPor qu\u00e9 un bigote en el logotipo de Kalot?\" \/>\n<meta property=\"og:url\" content=\"https:\/\/kalot.com.mx\/site\/2013\/11\/04\/este-mes-afeites-tu-bigote-hay-una-buena-razon-movemberes\/\" \/>\n<meta property=\"og:site_name\" content=\"Kalot\" \/>\n<meta property=\"article:publisher\" content=\"http:\/\/facebook.com\/mxkalot\" \/>\n<meta property=\"article:author\" content=\"www.facebook.com\/jorgeerana\" \/>\n<meta property=\"article:published_time\" content=\"2013-11-05T04:16:04+00:00\" \/>\n<meta property=\"og:image\" content=\"https:\/\/i2.wp.com\/kalot.com.mx\/site\/wp-content\/uploads\/2013\/11\/movember-portada.jpg?fit=850%2C550&ssl=1\" \/>\n\t<meta property=\"og:image:width\" content=\"850\" \/>\n\t<meta property=\"og:image:height\" content=\"550\" \/>\n\t<meta property=\"og:image:type\" content=\"image\/jpeg\" \/>\n<meta name=\"author\" content=\"Jorge Era\u00f1a\" \/>\n<meta name=\"twitter:card\" content=\"summary_large_image\" \/>\n<meta name=\"twitter:creator\" content=\"@jorge_erana\" \/>\n<meta name=\"twitter:site\" content=\"@kalotmx\" \/>\n<meta name=\"twitter:label1\" content=\"Escrito por\" \/>\n\t<meta name=\"twitter:data1\" content=\"Jorge Era\u00f1a\" \/>\n\t<meta name=\"twitter:label2\" content=\"Tiempo de lectura\" \/>\n\t<meta name=\"twitter:data2\" content=\"2 minutos\" \/>\n<!-- \/ Yoast SEO plugin. -->","yoast_head_json":{"title":"Este mes no afeites tu BIGOTE, hay una buena raz\u00f3n @MovemberES - Kalot","description":"\u00a0 Hace un rato en nuestras redes llego a nosotros la fiebre y el apoyo hacia MOVEMBER, \u00bfDe que se trata? \u00bfPor qu\u00e9 un bigote en el logotipo de Kalot?","robots":{"index":"index","follow":"follow","max-snippet":"max-snippet:-1","max-image-preview":"max-image-preview:large","max-video-preview":"max-video-preview:-1"},"canonical":"https:\/\/kalot.com.mx\/site\/2013\/11\/04\/este-mes-afeites-tu-bigote-hay-una-buena-razon-movemberes\/","og_locale":"es_MX","og_type":"article","og_title":"Este mes no afeites tu BIGOTE, hay una buena raz\u00f3n @MovemberES - Kalot","og_description":"\u00a0 Hace un rato en nuestras redes llego a nosotros la fiebre y el apoyo hacia MOVEMBER, \u00bfDe que se trata? \u00bfPor qu\u00e9 un bigote en el logotipo de Kalot?","og_url":"https:\/\/kalot.com.mx\/site\/2013\/11\/04\/este-mes-afeites-tu-bigote-hay-una-buena-razon-movemberes\/","og_site_name":"Kalot","article_publisher":"http:\/\/facebook.com\/mxkalot","article_author":"www.facebook.com\/jorgeerana","article_published_time":"2013-11-05T04:16:04+00:00","og_image":[{"width":850,"height":550,"url":"https:\/\/i2.wp.com\/kalot.com.mx\/site\/wp-content\/uploads\/2013\/11\/movember-portada.jpg?fit=850%2C550&ssl=1","type":"image\/jpeg"}],"author":"Jorge Era\u00f1a","twitter_card":"summary_large_image","twitter_creator":"@jorge_erana","twitter_site":"@kalotmx","twitter_misc":{"Escrito por":"Jorge Era\u00f1a","Tiempo de lectura":"2 minutos"},"schema":{"@context":"https:\/\/schema.org","@graph":[{"@type":"Article","@id":"https:\/\/kalot.com.mx\/site\/2013\/11\/04\/este-mes-afeites-tu-bigote-hay-una-buena-razon-movemberes\/#article","isPartOf":{"@id":"https:\/\/kalot.com.mx\/site\/2013\/11\/04\/este-mes-afeites-tu-bigote-hay-una-buena-razon-movemberes\/"},"author":{"name":"Jorge Era\u00f1a","@id":"https:\/\/kalot.com.mx\/site\/#\/schema\/person\/bd1e41caf7850a0040158a27aad39446"},"headline":"Este mes no afeites tu BIGOTE, hay una buena raz\u00f3n @MovemberES","datePublished":"2013-11-05T04:16:04+00:00","mainEntityOfPage":{"@id":"https:\/\/kalot.com.mx\/site\/2013\/11\/04\/este-mes-afeites-tu-bigote-hay-una-buena-razon-movemberes\/"},"wordCount":367,"commentCount":0,"publisher":{"@id":"https:\/\/kalot.com.mx\/site\/#organization"},"image":{"@id":"https:\/\/kalot.com.mx\/site\/2013\/11\/04\/este-mes-afeites-tu-bigote-hay-una-buena-razon-movemberes\/#primaryimage"},"thumbnailUrl":"https:\/\/i0.wp.com\/kalot.com.mx\/site\/wp-content\/uploads\/2013\/11\/movember-portada.jpg?fit=850%2C550&ssl=1","inLanguage":"es","potentialAction":[{"@type":"CommentAction","name":"Comment","target":["https:\/\/kalot.com.mx\/site\/2013\/11\/04\/este-mes-afeites-tu-bigote-hay-una-buena-razon-movemberes\/#respond"]}]},{"@type":"WebPage","@id":"https:\/\/kalot.com.mx\/site\/2013\/11\/04\/este-mes-afeites-tu-bigote-hay-una-buena-razon-movemberes\/","url":"https:\/\/kalot.com.mx\/site\/2013\/11\/04\/este-mes-afeites-tu-bigote-hay-una-buena-razon-movemberes\/","name":"Este mes no afeites tu BIGOTE, hay una buena raz\u00f3n @MovemberES - Kalot","isPartOf":{"@id":"https:\/\/kalot.com.mx\/site\/#website"},"primaryImageOfPage":{"@id":"https:\/\/kalot.com.mx\/site\/2013\/11\/04\/este-mes-afeites-tu-bigote-hay-una-buena-razon-movemberes\/#primaryimage"},"image":{"@id":"https:\/\/kalot.com.mx\/site\/2013\/11\/04\/este-mes-afeites-tu-bigote-hay-una-buena-razon-movemberes\/#primaryimage"},"thumbnailUrl":"https:\/\/i0.wp.com\/kalot.com.mx\/site\/wp-content\/uploads\/2013\/11\/movember-portada.jpg?fit=850%2C550&ssl=1","datePublished":"2013-11-05T04:16:04+00:00","description":"\u00a0 Hace un rato en nuestras redes llego a nosotros la fiebre y el apoyo hacia MOVEMBER, \u00bfDe que se trata? \u00bfPor qu\u00e9 un bigote en el logotipo de Kalot?","breadcrumb":{"@id":"https:\/\/kalot.com.mx\/site\/2013\/11\/04\/este-mes-afeites-tu-bigote-hay-una-buena-razon-movemberes\/#breadcrumb"},"inLanguage":"es","potentialAction":[{"@type":"ReadAction","target":["https:\/\/kalot.com.mx\/site\/2013\/11\/04\/este-mes-afeites-tu-bigote-hay-una-buena-razon-movemberes\/"]}]},{"@type":"ImageObject","inLanguage":"es","@id":"https:\/\/kalot.com.mx\/site\/2013\/11\/04\/este-mes-afeites-tu-bigote-hay-una-buena-razon-movemberes\/#primaryimage","url":"https:\/\/i0.wp.com\/kalot.com.mx\/site\/wp-content\/uploads\/2013\/11\/movember-portada.jpg?fit=850%2C550&ssl=1","contentUrl":"https:\/\/i0.wp.com\/kalot.com.mx\/site\/wp-content\/uploads\/2013\/11\/movember-portada.jpg?fit=850%2C550&ssl=1","width":850,"height":550},{"@type":"BreadcrumbList","@id":"https:\/\/kalot.com.mx\/site\/2013\/11\/04\/este-mes-afeites-tu-bigote-hay-una-buena-razon-movemberes\/#breadcrumb","itemListElement":[{"@type":"ListItem","position":1,"name":"Home","item":"https:\/\/kalot.com.mx\/site\/"},{"@type":"ListItem","position":2,"name":"Este mes no afeites tu BIGOTE, hay una buena raz\u00f3n @MovemberES"}]},{"@type":"WebSite","@id":"https:\/\/kalot.com.mx\/site\/#website","url":"https:\/\/kalot.com.mx\/site\/","name":"Kalot","description":"Conoce Todo Sobre Todo","publisher":{"@id":"https:\/\/kalot.com.mx\/site\/#organization"},"potentialAction":[{"@type":"SearchAction","target":{"@type":"EntryPoint","urlTemplate":"https:\/\/kalot.com.mx\/site\/?s={search_term_string}"},"query-input":{"@type":"PropertyValueSpecification","valueRequired":true,"valueName":"search_term_string"}}],"inLanguage":"es"},{"@type":"Organization","@id":"https:\/\/kalot.com.mx\/site\/#organization","name":"Kalot","url":"https:\/\/kalot.com.mx\/site\/","logo":{"@type":"ImageObject","inLanguage":"es","@id":"https:\/\/kalot.com.mx\/site\/#\/schema\/logo\/image\/","url":"https:\/\/i0.wp.com\/kalot.com.mx\/site\/wp-content\/uploads\/2020\/04\/Kalot-logo-sin-tagline.png?fit=1707%2C1014&ssl=1","contentUrl":"https:\/\/i0.wp.com\/kalot.com.mx\/site\/wp-content\/uploads\/2020\/04\/Kalot-logo-sin-tagline.png?fit=1707%2C1014&ssl=1","width":1707,"height":1014,"caption":"Kalot"},"image":{"@id":"https:\/\/kalot.com.mx\/site\/#\/schema\/logo\/image\/"},"sameAs":["http:\/\/facebook.com\/mxkalot","https:\/\/x.com\/kalotmx","http:\/\/instagram.com\/kalotmx","http:\/\/pinterest.com\/jorgeerana\/kalot"]},{"@type":"Person","@id":"https:\/\/kalot.com.mx\/site\/#\/schema\/person\/bd1e41caf7850a0040158a27aad39446","name":"Jorge Era\u00f1a","image":{"@type":"ImageObject","inLanguage":"es","@id":"https:\/\/secure.gravatar.com\/avatar\/6dfa672d4a58771167fa9cda3a4e494af4c6a23e015399b1bed8e34c71f0a781?s=96&d=mm&r=g","url":"https:\/\/secure.gravatar.com\/avatar\/6dfa672d4a58771167fa9cda3a4e494af4c6a23e015399b1bed8e34c71f0a781?s=96&d=mm&r=g","contentUrl":"https:\/\/secure.gravatar.com\/avatar\/6dfa672d4a58771167fa9cda3a4e494af4c6a23e015399b1bed8e34c71f0a781?s=96&d=mm&r=g","caption":"Jorge Era\u00f1a"},"description":"Fundador de @KalotMx Mercad\u00f3logo, amante de la tecnolog\u00eda, #Geekazo, #socialmedia, #MarketingDigital, tv-shows, movies y de la vida. Jorge Erana","sameAs":["http:\/\/www.kalot.com.mx","www.facebook.com\/jorgeerana","https:\/\/x.com\/jorge_erana"],"url":"https:\/\/kalot.com.mx\/site\/author\/jorge-erana\/"}]}},"jetpack_publicize_connections":[],"jetpack_featured_media_url":"https:\/\/i0.wp.com\/kalot.com.mx\/site\/wp-content\/uploads\/2013\/11\/movember-portada.jpg?fit=850%2C550&ssl=1","jetpack_shortlink":"https:\/\/wp.me\/p6IHEI-1uG","jetpack-related-posts":[{"id":7645,"url":"https:\/\/kalot.com.mx\/site\/2013\/12\/08\/los-beneficios-de-la-barba\/","url_meta":{"origin":5746,"position":0},"title":"Los beneficios de la barba.","author":"Ivan Mendez","date":"8 diciembre, 2013","format":false,"excerpt":"En estos tiempos (cuantas veces oigo decir esto) en que en el mundo occidental los roles de g\u00e9nero se difuminan hasta casi perderse, la forma de vestir no es la excepci\u00f3n y es que si asomamos la cabeza por la ventana podremos constatar esto por nosotros mismos, ya todo es\u2026","rel":"","context":"Entrada similar ","block_context":{"text":"Entrada similar ","link":""},"img":{"alt_text":"","src":"https:\/\/i0.wp.com\/kalot.com.mx\/site\/wp-content\/uploads\/2013\/12\/tumblr_mgllesMMyo1r0o6tko1_1280.jpg?fit=1000%2C666&ssl=1&resize=350%2C200","width":350,"height":200,"srcset":"https:\/\/i0.wp.com\/kalot.com.mx\/site\/wp-content\/uploads\/2013\/12\/tumblr_mgllesMMyo1r0o6tko1_1280.jpg?fit=1000%2C666&ssl=1&resize=350%2C200 1x, https:\/\/i0.wp.com\/kalot.com.mx\/site\/wp-content\/uploads\/2013\/12\/tumblr_mgllesMMyo1r0o6tko1_1280.jpg?fit=1000%2C666&ssl=1&resize=525%2C300 1.5x, https:\/\/i0.wp.com\/kalot.com.mx\/site\/wp-content\/uploads\/2013\/12\/tumblr_mgllesMMyo1r0o6tko1_1280.jpg?fit=1000%2C666&ssl=1&resize=700%2C400 2x"},"classes":[]},{"id":13330,"url":"https:\/\/kalot.com.mx\/site\/2014\/03\/13\/quisiera-ser-grande\/","url_meta":{"origin":5746,"position":1},"title":"Quisiera ser grande.","author":"Mar\u00eda Alvarado","date":"13 marzo, 2014","format":false,"excerpt":"[dropcap size=small]U[\/dropcap]no de los casos m\u00e1s comunes entre las personas es el querer vivir a destiempo, de ni\u00f1os queremos ser grandes y de grandes queremos ser ni\u00f1os, nunca estamos conformes con lo que queremos ser o lo que somos y esto nos causa muchos conflictos durante nuestras vidas. Pel\u00edculas como\u2026","rel":"","context":"En &quot;Sin categor\u00eda&quot;","block_context":{"text":"Sin categor\u00eda","link":"https:\/\/kalot.com.mx\/site\/category\/sin-categoria\/"},"img":{"alt_text":"","src":"https:\/\/i0.wp.com\/kalot.com.mx\/site\/wp-content\/uploads\/2014\/03\/shutterstock_394660451-scaled.jpg?fit=1200%2C803&ssl=1&resize=350%2C200","width":350,"height":200,"srcset":"https:\/\/i0.wp.com\/kalot.com.mx\/site\/wp-content\/uploads\/2014\/03\/shutterstock_394660451-scaled.jpg?fit=1200%2C803&ssl=1&resize=350%2C200 1x, https:\/\/i0.wp.com\/kalot.com.mx\/site\/wp-content\/uploads\/2014\/03\/shutterstock_394660451-scaled.jpg?fit=1200%2C803&ssl=1&resize=525%2C300 1.5x, https:\/\/i0.wp.com\/kalot.com.mx\/site\/wp-content\/uploads\/2014\/03\/shutterstock_394660451-scaled.jpg?fit=1200%2C803&ssl=1&resize=700%2C400 2x, https:\/\/i0.wp.com\/kalot.com.mx\/site\/wp-content\/uploads\/2014\/03\/shutterstock_394660451-scaled.jpg?fit=1200%2C803&ssl=1&resize=1050%2C600 3x"},"classes":[]},{"id":10181,"url":"https:\/\/kalot.com.mx\/site\/2014\/01\/24\/3-libros-que-tienen-leyendo-todo-el-mundo\/","url_meta":{"origin":5746,"position":2},"title":"3 Libros que tienen leyendo a todo el mundo","author":"Beto Mart\u00ednez","date":"24 enero, 2014","format":false,"excerpt":"La Selecci\u00f3n Si te gustaron Los Juegos del hambre, lo m\u00e1s probable es que te gustar\u00e1 La Selecci\u00f3n de Kiera Cass. De entrada La Selecci\u00f3n es una trilog\u00eda conformada por la primer novela del mismo nombre, La Elite y The one, tal vez pensaremos m\u00e1s de lo mismo, hablando de\u2026","rel":"","context":"En &quot;Sin categor\u00eda&quot;","block_context":{"text":"Sin categor\u00eda","link":"https:\/\/kalot.com.mx\/site\/category\/sin-categoria\/"},"img":{"alt_text":"","src":"https:\/\/i0.wp.com\/kalot.com.mx\/site\/wp-content\/uploads\/2014\/01\/selection-cvr-2.jpg?fit=843%2C571&ssl=1&resize=350%2C200","width":350,"height":200,"srcset":"https:\/\/i0.wp.com\/kalot.com.mx\/site\/wp-content\/uploads\/2014\/01\/selection-cvr-2.jpg?fit=843%2C571&ssl=1&resize=350%2C200 1x, https:\/\/i0.wp.com\/kalot.com.mx\/site\/wp-content\/uploads\/2014\/01\/selection-cvr-2.jpg?fit=843%2C571&ssl=1&resize=525%2C300 1.5x, https:\/\/i0.wp.com\/kalot.com.mx\/site\/wp-content\/uploads\/2014\/01\/selection-cvr-2.jpg?fit=843%2C571&ssl=1&resize=700%2C400 2x"},"classes":[]},{"id":18327,"url":"https:\/\/kalot.com.mx\/site\/2014\/09\/25\/quien-sera-la-nueva-tormenta\/","url_meta":{"origin":5746,"position":3},"title":"\u00bfQui\u00e9n ser\u00e1 la nueva Tormenta?","author":"Ivan Mendez","date":"25 septiembre, 2014","format":false,"excerpt":"Hace ya poco m\u00e1s de cuatro meses que pudimos ver la cinta de \"X-Men: D\u00edas del futuro pasado\" en todas las salas de nuestro pa\u00eds y el resto del mundo. La pel\u00edcula tuvo una respuesta excelente tanto de los cr\u00edticos como de aun m\u00e1s importante: la audiencia. El largometraje logr\u00f3\u2026","rel":"","context":"Entrada similar ","block_context":{"text":"Entrada similar ","link":""},"img":{"alt_text":"","src":"https:\/\/i0.wp.com\/kalot.com.mx\/site\/wp-content\/uploads\/2014\/09\/Storm-of-the-X-Men.jpg?fit=1200%2C750&ssl=1&resize=350%2C200","width":350,"height":200,"srcset":"https:\/\/i0.wp.com\/kalot.com.mx\/site\/wp-content\/uploads\/2014\/09\/Storm-of-the-X-Men.jpg?fit=1200%2C750&ssl=1&resize=350%2C200 1x, https:\/\/i0.wp.com\/kalot.com.mx\/site\/wp-content\/uploads\/2014\/09\/Storm-of-the-X-Men.jpg?fit=1200%2C750&ssl=1&resize=525%2C300 1.5x, https:\/\/i0.wp.com\/kalot.com.mx\/site\/wp-content\/uploads\/2014\/09\/Storm-of-the-X-Men.jpg?fit=1200%2C750&ssl=1&resize=700%2C400 2x, https:\/\/i0.wp.com\/kalot.com.mx\/site\/wp-content\/uploads\/2014\/09\/Storm-of-the-X-Men.jpg?fit=1200%2C750&ssl=1&resize=1050%2C600 3x"},"classes":[]},{"id":23229,"url":"https:\/\/kalot.com.mx\/site\/2015\/09\/02\/la-vida-y-la-muerte\/","url_meta":{"origin":5746,"position":4},"title":"La Vida y la Muerte","author":"Fabiia Rivera","date":"2 septiembre, 2015","format":false,"excerpt":"Hola mis queridos kaloteros, buen inicio de semana hoy es un d\u00eda muy especial como todos y cada uno de ellos,\u00a0 m\u00e1s hoy porque es lunes y m\u00e1s porque ya es el \u00faltimo d\u00eda del mes de agosto, y les quiero compartir un art\u00edculo de lo cual en estos d\u00edas\u2026","rel":"","context":"Entrada similar ","block_context":{"text":"Entrada similar ","link":""},"img":{"alt_text":"","src":"https:\/\/i0.wp.com\/kalot.com.mx\/site\/wp-content\/uploads\/2015\/09\/vida-vs-muerte-620x350.jpg?fit=620%2C350&ssl=1&resize=350%2C200","width":350,"height":200,"srcset":"https:\/\/i0.wp.com\/kalot.com.mx\/site\/wp-content\/uploads\/2015\/09\/vida-vs-muerte-620x350.jpg?fit=620%2C350&ssl=1&resize=350%2C200 1x, https:\/\/i0.wp.com\/kalot.com.mx\/site\/wp-content\/uploads\/2015\/09\/vida-vs-muerte-620x350.jpg?fit=620%2C350&ssl=1&resize=525%2C300 1.5x"},"classes":[]},{"id":7266,"url":"https:\/\/kalot.com.mx\/site\/2013\/11\/28\/laves-tus-jeans\/","url_meta":{"origin":5746,"position":5},"title":"\u00a1NO LAVES TUS JEANS!","author":"Ivan Mendez","date":"28 noviembre, 2013","format":false,"excerpt":"Los pantalones de mezclilla son nuestro uniforme de las masas, eso lo sabemos todos, existen un sinf\u00edn de variedades y hasta hace no tanto el color no variaba mucho, el t\u00edpico azul y tal vez un caf\u00e9 o negro, pero \u00faltimamente tanto en hombres como en mujeres est\u00e1 de moda\u2026","rel":"","context":"Entrada similar ","block_context":{"text":"Entrada similar ","link":""},"img":{"alt_text":"","src":"https:\/\/i0.wp.com\/kalot.com.mx\/site\/wp-content\/uploads\/2013\/11\/tangodeal.com-Refocus-Men-Gents-Jeans-Slim-Fit-Lycra-TD-100257-387.jpg?fit=500%2C500&ssl=1&resize=350%2C200","width":350,"height":200},"classes":[]}],"jetpack_sharing_enabled":true,"_links":{"self":[{"href":"https:\/\/kalot.com.mx\/site\/wp-json\/wp\/v2\/posts\/5746","targetHints":{"allow":["GET"]}}],"collection":[{"href":"https:\/\/kalot.com.mx\/site\/wp-json\/wp\/v2\/posts"}],"about":[{"href":"https:\/\/kalot.com.mx\/site\/wp-json\/wp\/v2\/types\/post"}],"author":[{"embeddable":true,"href":"https:\/\/kalot.com.mx\/site\/wp-json\/wp\/v2\/users\/55"}],"replies":[{"embeddable":true,"href":"https:\/\/kalot.com.mx\/site\/wp-json\/wp\/v2\/comments?post=5746"}],"version-history":[{"count":0,"href":"https:\/\/kalot.com.mx\/site\/wp-json\/wp\/v2\/posts\/5746\/revisions"}],"wp:featuredmedia":[{"embeddable":true,"href":"https:\/\/kalot.com.mx\/site\/wp-json\/wp\/v2\/media\/5750"}],"wp:attachment":[{"href":"https:\/\/kalot.com.mx\/site\/wp-json\/wp\/v2\/media?parent=5746"}],"wp:term":[{"taxonomy":"category","embeddable":true,"href":"https:\/\/kalot.com.mx\/site\/wp-json\/wp\/v2\/categories?post=5746"},{"taxonomy":"post_tag","embeddable":true,"href":"https:\/\/kalot.com.mx\/site\/wp-json\/wp\/v2\/tags?post=5746"}],"curies":[{"name":"wp","href":"https:\/\/api.w.org\/{rel}","templated":true}]}}