{"id":5670,"date":"2013-11-03T22:49:50","date_gmt":"2013-11-04T04:49:50","guid":{"rendered":"http:\/\/www.kalot.com.mx\/?p=5670"},"modified":"2013-11-03T22:49:50","modified_gmt":"2013-11-04T04:49:50","slug":"miedo-al-hablar-en-publico-sigue-estos-buenos-consejos","status":"publish","type":"post","link":"https:\/\/kalot.com.mx\/site\/2013\/11\/03\/miedo-al-hablar-en-publico-sigue-estos-buenos-consejos\/","title":{"rendered":"\u00bfMiedo al hablar en p\u00fablico? Sigue estos buenos consejos."},"content":{"rendered":"<p style=\"text-align: justify\">\u00bfA qui\u00e9n no le ha dado miedo hablar frente a un auditorio? Todos tenemos el miedo de hacerlo, y a veces, en cuanto es m\u00e1s fundamental hacerlo (c\u00f3mo una exposici\u00f3n de examen final, o frente a importantes autoridades y jefes) el miedo es a\u00fan peor. Pero como una persona decidida a emprender, se tiene que superar este miedo, dado que, para presentar el proyecto y convencer a los inversionistas, se tendr\u00e1 que hacer de la forma m\u00e1s efectiva posible.<\/p>\n<p style=\"text-align: justify\">Es un hecho que hacerlo ser\u00e1 dif\u00edcil, pero simplemente es practicar constantemente. Recuerden que, para que una actividad se convierta en un h\u00e1bito, bastan solamente 21 d\u00edas de contin\u00faa pr\u00e1ctica. Y para que no se te hagan eternos, te presentamos algunas ideas de como hablar, expresar y convencer a un auditorio, sin importar el tama\u00f1o del mismo.<\/p>\n<p style=\"text-align: justify\" align=\"LEFT\"><strong>1. Expr\u00e9sate con sencillez<\/strong><\/p>\n<p style=\"text-align: justify\" align=\"LEFT\"><strong><\/strong>Usa o emplea palabras de f\u00e1cil entendimiento, y que resuman de forma clara y comprensible lo que quieres decir. Para ello, debes de saber realmente lo que quieres expresar; de lo contrario, no sabr\u00e1s ni siquiera como encontrar lo m\u00e1s relevante del proyecto.<\/p>\n<p style=\"text-align: justify\"><strong>\u00a02. Organ\u00edzate<\/strong><br \/>\nEs decir, como vas a comenzar, que ser\u00e1 lo que le sigue y con que aspecto vas a terminar. Se hace alusi\u00f3n nuevamente a lo que querr\u00e1s manejar como ideas principales.<\/p>\n<p>A veces, algunas formas de iniciar tu presentaci\u00f3n es con la conclusi\u00f3n, y de all\u00ed, comenzar a deshilar todo el camino para poder llegar nuevamente a esta frase; con esto ya sabes a donde llegar\u00e1s, solo te faltar\u00e1 identificar la ruta a seguir.<\/p>\n<p style=\"text-align: justify\"><strong>3. S\u00e9 breve<\/strong><\/p>\n<p style=\"text-align: justify\" align=\"LEFT\">Es decir, no realices discursos largos, aburridos, pero sobre todo, sin nada en concreto. Trata de que el tiempo estimado de la presentaci\u00f3n sea de 12 a 15 minutos. Inclusive puedes emplear palabras clave o ilustraciones en alusi\u00f3n a lo que hablar\u00e1s durante tu presentaci\u00f3n.<\/p>\n<p style=\"text-align: justify\" align=\"LEFT\"><strong>4. S\u00e9 sincero<\/strong><\/p>\n<p style=\"text-align: justify\">Es decir, s\u00e9 t\u00fa mismo. El intentar ser alguien que no eres, adem\u00e1s de no convencer al p\u00fablico objetivo, te tachar\u00e1n de deshonesto y falso. Relata an\u00e9cdotas que te hayan pasado, y que vayan relacionadas con el tema. El hecho de ser sincero permite transmitir las emociones de lo que hablas, despertando a su vez el inter\u00e9s. Si es un trabajo o proyecto en equipo, trata de usar palabras incluyentes, como &#8220;nosotros, nuestro, pensamos, queremos&#8230;&#8221;; si hablas \u00fanicamente en singular (yo, quiero, mi, pienso&#8230;&#8221;), puedes dar la impresi\u00f3n de que s\u00f3lo una persona tiene total conocimiento de lo que se est\u00e1 hablando en la presentaci\u00f3n.<\/p>\n<p style=\"text-align: justify\" align=\"LEFT\"><strong>5. Adu\u00e9\u00f1ate de la situaci\u00f3n<\/strong><br \/>\nSiempre sonr\u00ede ante el auditorio, agradece la presencia, espera un breve momento y luego comienza con tu presentaci\u00f3n. Esto permitir\u00e1 establecer una relaci\u00f3n temprana con el p\u00fablico que te est\u00e1 observando. Como consejo adicional, empieza el tema cuando captes la atenci\u00f3n de todos (por esto el agradecimiento inicial), de forma que ellos estar\u00e1n atentos a tu discurso, y m\u00e1s si fomentas la participaci\u00f3n con preguntas, comentarios, opiniones y dem\u00e1s. Esto les har\u00e1 comprender que les est\u00e1s hablando y estar\u00e1n atentos al tema.<\/p>\n<p style=\"text-align: justify\" align=\"LEFT\">As\u00ed mismo, establece contacto visual con tu p\u00fablico. Selecciona 3 vistas diferentes: Derecha, Izquierda y Central, siempre trata de mirar en estos tres lugares, primero uno, luego otro y luego otro, en el orden que desees, pero siempre observa a tu auditorio.<\/p>\n<p style=\"text-align: justify\" align=\"LEFT\"><strong>6. No leas, habla<\/strong><\/p>\n<p style=\"text-align: justify\" align=\"LEFT\">Es muy com\u00fan que, de acuerdo a la informaci\u00f3n que plasmamos en nuestros apoyos (diapositivas, rotafolios, pizarrones), simplemente nos pongamos a leer. Esto se percibe como carencia de conocimiento del tema, y por lo tanto, aburrido ante un auditorio. Como se mencion\u00f3 anteriormente, habla, usa palabras clave en tu apoyo, pero s\u00e9 t\u00fa quien &#8220;desenvuelva&#8221; esa palabra clave, habla directamente y de forma espont\u00e1nea, tal vez no sea tan sofisticada como en los t\u00e9rminos planteados inicialmente, pero es la mejor manera de demostrar que conoces del tema y que puedes transmitirlo.<\/p>\n<p style=\"text-align: justify\" align=\"LEFT\"><strong>7. Rel\u00e1jate<\/strong><br \/>\nEs la clave de todo; cuando estamos nervioso, se nos olvida como respirar, tartamudeamos, creamos silencios largos o con onomatopeyas sin sentido. En este caso, recuerda que nadie sabe m\u00e1s que t\u00fa del tema, y que si te cuestionan, deber\u00e1s aclarar las dudas lo mejor posible. Respira largo y profundo para calmarte, y si es permitido, lleva un vaso con agua en caso de que la garganta se seque. Demuestra seguridad ante lo que est\u00e1s diciendo, puedes practicar hablando frente a un espejo o con tus familiares y amigos cercanos, esto te relajar\u00e1.<\/p>\n<p style=\"text-align: justify\" align=\"LEFT\">Mis estimados lectores, pongamos en pr\u00e1ctica estos consejos. Tal vez algunos tengan otras metodolog\u00edas, pero, en opini\u00f3n personal, estos son los m\u00e1s b\u00e1sicos para poder hablar en p\u00fablico y explayarte sin miedo. Esperemos que les haya gustado.<\/p>\n<p style=\"text-align: justify\" align=\"LEFT\">See ya.<\/p>\n<p style=\"text-align: justify\" align=\"LEFT\">Para saber m\u00e1s: <a title=\"7 tips para hablar en p\u00fablico\" href=\"http:\/\/www.soyentrepreneur.com\/4734-7-consejos-para-hablar-en-publico.html\" target=\"_blank\">SoyEntrepreneur<\/a><\/p>\n<p style=\"text-align: justify\" align=\"LEFT\">\n","protected":false},"excerpt":{"rendered":"\u00bfA qui\u00e9n no le ha dado miedo hablar frente a un auditorio? Todos tenemos el miedo de hacerlo,&hellip;\n","protected":false},"author":25,"featured_media":5677,"comment_status":"open","ping_status":"open","sticky":false,"template":"","format":"standard","meta":{"jetpack_post_was_ever_published":false,"_jetpack_newsletter_access":"","_jetpack_dont_email_post_to_subs":false,"_jetpack_newsletter_tier_id":0,"_jetpack_memberships_contains_paywalled_content":false,"_jetpack_memberships_contains_paid_content":false,"footnotes":"","jetpack_publicize_message":"","jetpack_publicize_feature_enabled":true,"jetpack_social_post_already_shared":true,"jetpack_social_options":{"image_generator_settings":{"template":"highway","default_image_id":0,"font":"","enabled":false},"version":2}},"categories":[],"tags":[],"class_list":{"0":"post-5670","1":"post","2":"type-post","3":"status-publish","4":"format-standard","5":"has-post-thumbnail","7":"cs-entry","8":"cs-video-wrap"},"yoast_head":"<!-- This site is optimized with the Yoast SEO plugin v27.5 - https:\/\/yoast.com\/product\/yoast-seo-wordpress\/ -->\n<title>\u00bfMiedo al hablar en p\u00fablico? Sigue estos buenos consejos. - Kalot<\/title>\n<meta name=\"description\" content=\"\u00bfA qui\u00e9n no le ha dado miedo hablar frente a un auditorio? Todos tenemos el miedo de hacerlo, y a veces, en cuanto es m\u00e1s fundamental hacerlo (c\u00f3mo una\" \/>\n<meta name=\"robots\" content=\"index, follow, max-snippet:-1, max-image-preview:large, max-video-preview:-1\" \/>\n<link rel=\"canonical\" href=\"https:\/\/kalot.com.mx\/site\/2013\/11\/03\/miedo-al-hablar-en-publico-sigue-estos-buenos-consejos\/\" \/>\n<meta property=\"og:locale\" content=\"es_MX\" \/>\n<meta property=\"og:type\" content=\"article\" \/>\n<meta property=\"og:title\" content=\"\u00bfMiedo al hablar en p\u00fablico? Sigue estos buenos consejos. - Kalot\" \/>\n<meta property=\"og:description\" content=\"\u00bfA qui\u00e9n no le ha dado miedo hablar frente a un auditorio? Todos tenemos el miedo de hacerlo, y a veces, en cuanto es m\u00e1s fundamental hacerlo (c\u00f3mo una\" \/>\n<meta property=\"og:url\" content=\"https:\/\/kalot.com.mx\/site\/2013\/11\/03\/miedo-al-hablar-en-publico-sigue-estos-buenos-consejos\/\" \/>\n<meta property=\"og:site_name\" content=\"Kalot\" \/>\n<meta property=\"article:publisher\" content=\"http:\/\/facebook.com\/mxkalot\" \/>\n<meta property=\"article:published_time\" content=\"2013-11-04T04:49:50+00:00\" \/>\n<meta property=\"og:image\" content=\"https:\/\/i0.wp.com\/kalot.com.mx\/site\/wp-content\/uploads\/2013\/11\/hablar_publico_0213.jpg?fit=800%2C600&ssl=1\" \/>\n\t<meta property=\"og:image:width\" content=\"800\" \/>\n\t<meta property=\"og:image:height\" content=\"600\" \/>\n\t<meta property=\"og:image:type\" content=\"image\/jpeg\" \/>\n<meta name=\"author\" content=\"Saul Alonso\" \/>\n<meta name=\"twitter:card\" content=\"summary_large_image\" \/>\n<meta name=\"twitter:creator\" content=\"@kalotmx\" \/>\n<meta name=\"twitter:site\" content=\"@kalotmx\" \/>\n<meta name=\"twitter:label1\" content=\"Escrito por\" \/>\n\t<meta name=\"twitter:data1\" content=\"Saul Alonso\" \/>\n\t<meta name=\"twitter:label2\" content=\"Tiempo de lectura\" \/>\n\t<meta name=\"twitter:data2\" content=\"4 minutos\" \/>\n<!-- \/ Yoast SEO plugin. -->","yoast_head_json":{"title":"\u00bfMiedo al hablar en p\u00fablico? Sigue estos buenos consejos. - Kalot","description":"\u00bfA qui\u00e9n no le ha dado miedo hablar frente a un auditorio? Todos tenemos el miedo de hacerlo, y a veces, en cuanto es m\u00e1s fundamental hacerlo (c\u00f3mo una","robots":{"index":"index","follow":"follow","max-snippet":"max-snippet:-1","max-image-preview":"max-image-preview:large","max-video-preview":"max-video-preview:-1"},"canonical":"https:\/\/kalot.com.mx\/site\/2013\/11\/03\/miedo-al-hablar-en-publico-sigue-estos-buenos-consejos\/","og_locale":"es_MX","og_type":"article","og_title":"\u00bfMiedo al hablar en p\u00fablico? Sigue estos buenos consejos. - Kalot","og_description":"\u00bfA qui\u00e9n no le ha dado miedo hablar frente a un auditorio? Todos tenemos el miedo de hacerlo, y a veces, en cuanto es m\u00e1s fundamental hacerlo (c\u00f3mo una","og_url":"https:\/\/kalot.com.mx\/site\/2013\/11\/03\/miedo-al-hablar-en-publico-sigue-estos-buenos-consejos\/","og_site_name":"Kalot","article_publisher":"http:\/\/facebook.com\/mxkalot","article_published_time":"2013-11-04T04:49:50+00:00","og_image":[{"width":800,"height":600,"url":"https:\/\/i0.wp.com\/kalot.com.mx\/site\/wp-content\/uploads\/2013\/11\/hablar_publico_0213.jpg?fit=800%2C600&ssl=1","type":"image\/jpeg"}],"author":"Saul Alonso","twitter_card":"summary_large_image","twitter_creator":"@kalotmx","twitter_site":"@kalotmx","twitter_misc":{"Escrito por":"Saul Alonso","Tiempo de lectura":"4 minutos"},"schema":{"@context":"https:\/\/schema.org","@graph":[{"@type":"Article","@id":"https:\/\/kalot.com.mx\/site\/2013\/11\/03\/miedo-al-hablar-en-publico-sigue-estos-buenos-consejos\/#article","isPartOf":{"@id":"https:\/\/kalot.com.mx\/site\/2013\/11\/03\/miedo-al-hablar-en-publico-sigue-estos-buenos-consejos\/"},"author":{"name":"Saul Alonso","@id":"https:\/\/kalot.com.mx\/site\/#\/schema\/person\/0af7e4a35e97d3b642a1427204342da1"},"headline":"\u00bfMiedo al hablar en p\u00fablico? Sigue estos buenos consejos.","datePublished":"2013-11-04T04:49:50+00:00","mainEntityOfPage":{"@id":"https:\/\/kalot.com.mx\/site\/2013\/11\/03\/miedo-al-hablar-en-publico-sigue-estos-buenos-consejos\/"},"wordCount":839,"commentCount":0,"publisher":{"@id":"https:\/\/kalot.com.mx\/site\/#organization"},"image":{"@id":"https:\/\/kalot.com.mx\/site\/2013\/11\/03\/miedo-al-hablar-en-publico-sigue-estos-buenos-consejos\/#primaryimage"},"thumbnailUrl":"https:\/\/i0.wp.com\/kalot.com.mx\/site\/wp-content\/uploads\/2013\/11\/hablar_publico_0213.jpg?fit=800%2C600&ssl=1","inLanguage":"es","potentialAction":[{"@type":"CommentAction","name":"Comment","target":["https:\/\/kalot.com.mx\/site\/2013\/11\/03\/miedo-al-hablar-en-publico-sigue-estos-buenos-consejos\/#respond"]}]},{"@type":"WebPage","@id":"https:\/\/kalot.com.mx\/site\/2013\/11\/03\/miedo-al-hablar-en-publico-sigue-estos-buenos-consejos\/","url":"https:\/\/kalot.com.mx\/site\/2013\/11\/03\/miedo-al-hablar-en-publico-sigue-estos-buenos-consejos\/","name":"\u00bfMiedo al hablar en p\u00fablico? Sigue estos buenos consejos. - Kalot","isPartOf":{"@id":"https:\/\/kalot.com.mx\/site\/#website"},"primaryImageOfPage":{"@id":"https:\/\/kalot.com.mx\/site\/2013\/11\/03\/miedo-al-hablar-en-publico-sigue-estos-buenos-consejos\/#primaryimage"},"image":{"@id":"https:\/\/kalot.com.mx\/site\/2013\/11\/03\/miedo-al-hablar-en-publico-sigue-estos-buenos-consejos\/#primaryimage"},"thumbnailUrl":"https:\/\/i0.wp.com\/kalot.com.mx\/site\/wp-content\/uploads\/2013\/11\/hablar_publico_0213.jpg?fit=800%2C600&ssl=1","datePublished":"2013-11-04T04:49:50+00:00","description":"\u00bfA qui\u00e9n no le ha dado miedo hablar frente a un auditorio? Todos tenemos el miedo de hacerlo, y a veces, en cuanto es m\u00e1s fundamental hacerlo (c\u00f3mo una","breadcrumb":{"@id":"https:\/\/kalot.com.mx\/site\/2013\/11\/03\/miedo-al-hablar-en-publico-sigue-estos-buenos-consejos\/#breadcrumb"},"inLanguage":"es","potentialAction":[{"@type":"ReadAction","target":["https:\/\/kalot.com.mx\/site\/2013\/11\/03\/miedo-al-hablar-en-publico-sigue-estos-buenos-consejos\/"]}]},{"@type":"ImageObject","inLanguage":"es","@id":"https:\/\/kalot.com.mx\/site\/2013\/11\/03\/miedo-al-hablar-en-publico-sigue-estos-buenos-consejos\/#primaryimage","url":"https:\/\/i0.wp.com\/kalot.com.mx\/site\/wp-content\/uploads\/2013\/11\/hablar_publico_0213.jpg?fit=800%2C600&ssl=1","contentUrl":"https:\/\/i0.wp.com\/kalot.com.mx\/site\/wp-content\/uploads\/2013\/11\/hablar_publico_0213.jpg?fit=800%2C600&ssl=1","width":800,"height":600},{"@type":"BreadcrumbList","@id":"https:\/\/kalot.com.mx\/site\/2013\/11\/03\/miedo-al-hablar-en-publico-sigue-estos-buenos-consejos\/#breadcrumb","itemListElement":[{"@type":"ListItem","position":1,"name":"Home","item":"https:\/\/kalot.com.mx\/site\/"},{"@type":"ListItem","position":2,"name":"\u00bfMiedo al hablar en p\u00fablico? Sigue estos buenos consejos."}]},{"@type":"WebSite","@id":"https:\/\/kalot.com.mx\/site\/#website","url":"https:\/\/kalot.com.mx\/site\/","name":"Kalot","description":"Conoce Todo Sobre Todo","publisher":{"@id":"https:\/\/kalot.com.mx\/site\/#organization"},"potentialAction":[{"@type":"SearchAction","target":{"@type":"EntryPoint","urlTemplate":"https:\/\/kalot.com.mx\/site\/?s={search_term_string}"},"query-input":{"@type":"PropertyValueSpecification","valueRequired":true,"valueName":"search_term_string"}}],"inLanguage":"es"},{"@type":"Organization","@id":"https:\/\/kalot.com.mx\/site\/#organization","name":"Kalot","url":"https:\/\/kalot.com.mx\/site\/","logo":{"@type":"ImageObject","inLanguage":"es","@id":"https:\/\/kalot.com.mx\/site\/#\/schema\/logo\/image\/","url":"https:\/\/i0.wp.com\/kalot.com.mx\/site\/wp-content\/uploads\/2020\/04\/Kalot-logo-sin-tagline.png?fit=1707%2C1014&ssl=1","contentUrl":"https:\/\/i0.wp.com\/kalot.com.mx\/site\/wp-content\/uploads\/2020\/04\/Kalot-logo-sin-tagline.png?fit=1707%2C1014&ssl=1","width":1707,"height":1014,"caption":"Kalot"},"image":{"@id":"https:\/\/kalot.com.mx\/site\/#\/schema\/logo\/image\/"},"sameAs":["http:\/\/facebook.com\/mxkalot","https:\/\/x.com\/kalotmx","http:\/\/instagram.com\/kalotmx","http:\/\/pinterest.com\/jorgeerana\/kalot"]},{"@type":"Person","@id":"https:\/\/kalot.com.mx\/site\/#\/schema\/person\/0af7e4a35e97d3b642a1427204342da1","name":"Saul Alonso","image":{"@type":"ImageObject","inLanguage":"es","@id":"https:\/\/secure.gravatar.com\/avatar\/567d81852bbebfd1de3d0230b17b0030cb90aacd14e0f6c3e0d25e45c92e3109?s=96&d=mm&r=g","url":"https:\/\/secure.gravatar.com\/avatar\/567d81852bbebfd1de3d0230b17b0030cb90aacd14e0f6c3e0d25e45c92e3109?s=96&d=mm&r=g","contentUrl":"https:\/\/secure.gravatar.com\/avatar\/567d81852bbebfd1de3d0230b17b0030cb90aacd14e0f6c3e0d25e45c92e3109?s=96&d=mm&r=g","caption":"Saul Alonso"},"description":"Licenciado en Administraci\u00f3n por parte de la Universidad Polit\u00e9cnica de San Luis Potos\u00ed. Trabaja en la Direcci\u00f3n de Control en Grupo Bimbo. Galardonado por la Fundaci\u00f3n Trayectoria de \u00c9xito en el certamen \"Medalla Estudiantes Ejemplares\" en su edici\u00f3n 2013. Amante de la lectura y escritura. En proceso de redacci\u00f3n del libro \"Crossed Destinies\".","url":"https:\/\/kalot.com.mx\/site\/author\/saul\/"}]}},"jetpack_publicize_connections":[],"jetpack_featured_media_url":"https:\/\/i0.wp.com\/kalot.com.mx\/site\/wp-content\/uploads\/2013\/11\/hablar_publico_0213.jpg?fit=800%2C600&ssl=1","jetpack_shortlink":"https:\/\/wp.me\/p6IHEI-1ts","jetpack-related-posts":[{"id":23057,"url":"https:\/\/kalot.com.mx\/site\/2015\/08\/20\/miedo-al-miedo\/","url_meta":{"origin":5670,"position":0},"title":"Miedo al Miedo","author":"Fabiia Rivera","date":"20 agosto, 2015","format":false,"excerpt":"Hola, mis queridos lectores, como el d\u00eda de hoy es especial ya que lejos de sentirnos estresados en realidad quiero relajarlos, y como hace mucho quer\u00eda hablar de este tema, quer\u00eda encontrar el momento perfecto para hablarlo y como buena editora se los voy a decir. El miedo es la\u2026","rel":"","context":"En &quot;Sin categor\u00eda&quot;","block_context":{"text":"Sin categor\u00eda","link":"https:\/\/kalot.com.mx\/site\/category\/sin-categoria\/"},"img":{"alt_text":"","src":"https:\/\/i0.wp.com\/kalot.com.mx\/site\/wp-content\/uploads\/2015\/08\/miedo-al-miedo.jpg?fit=1024%2C768&ssl=1&resize=350%2C200","width":350,"height":200,"srcset":"https:\/\/i0.wp.com\/kalot.com.mx\/site\/wp-content\/uploads\/2015\/08\/miedo-al-miedo.jpg?fit=1024%2C768&ssl=1&resize=350%2C200 1x, https:\/\/i0.wp.com\/kalot.com.mx\/site\/wp-content\/uploads\/2015\/08\/miedo-al-miedo.jpg?fit=1024%2C768&ssl=1&resize=525%2C300 1.5x, https:\/\/i0.wp.com\/kalot.com.mx\/site\/wp-content\/uploads\/2015\/08\/miedo-al-miedo.jpg?fit=1024%2C768&ssl=1&resize=700%2C400 2x"},"classes":[]},{"id":17610,"url":"https:\/\/kalot.com.mx\/site\/2014\/08\/13\/dawn-miedo-proporcionado-por-ps4\/","url_meta":{"origin":5670,"position":1},"title":"UNTIL DAWN, miedo proporcionado por PS4","author":"HM_MKT007","date":"13 agosto, 2014","format":false,"excerpt":"Tenemos muchas cosas que destacar, este GAMESCOM, quiz\u00e1 no a lucido mucho por anuncios imponentes o tan impactantes como los que se dieron en a\u00f1os pasados, o incluso como los del E3, pero realmente a dado unas novedades de impacto, o comprobando cosas que se esperaban, como la XBOX Blanca,\u2026","rel":"","context":"Entrada similar ","block_context":{"text":"Entrada similar ","link":""},"img":{"alt_text":"","src":"https:\/\/i0.wp.com\/kalot.com.mx\/site\/wp-content\/uploads\/2014\/08\/until-dawn-su-ps4-alla-gamescom-2014.jpg?fit=930%2C523&ssl=1&resize=350%2C200","width":350,"height":200,"srcset":"https:\/\/i0.wp.com\/kalot.com.mx\/site\/wp-content\/uploads\/2014\/08\/until-dawn-su-ps4-alla-gamescom-2014.jpg?fit=930%2C523&ssl=1&resize=350%2C200 1x, https:\/\/i0.wp.com\/kalot.com.mx\/site\/wp-content\/uploads\/2014\/08\/until-dawn-su-ps4-alla-gamescom-2014.jpg?fit=930%2C523&ssl=1&resize=525%2C300 1.5x, https:\/\/i0.wp.com\/kalot.com.mx\/site\/wp-content\/uploads\/2014\/08\/until-dawn-su-ps4-alla-gamescom-2014.jpg?fit=930%2C523&ssl=1&resize=700%2C400 2x"},"classes":[]},{"id":18003,"url":"https:\/\/kalot.com.mx\/site\/2014\/09\/08\/impresiones-de-project-p-t-el-corazon-de-silent-hills\/","url_meta":{"origin":5670,"position":2},"title":"IMPRESIONES DE PROJECT P.T. &#8211; EL CORAZON DE SILENT HILLS","author":"HM_MKT007","date":"8 septiembre, 2014","format":false,"excerpt":"Hace poco, el buen Guillermo del Toro, hizo una fuerte entrada al mundo de los videojuegos, entro junto con HIDEO KOJIMA, si, el creador de METAL GEAR SOLID, para traer de nuevo a la vida la saga SILENT HILL, pero esta vez bajo un tono realmente atractivo, y un nuevo\u2026","rel":"","context":"Entrada similar ","block_context":{"text":"Entrada similar ","link":""},"img":{"alt_text":"","src":"https:\/\/i0.wp.com\/kalot.com.mx\/site\/wp-content\/uploads\/2014\/09\/P_T__20140815170332.0.jpg?fit=1200%2C675&ssl=1&resize=350%2C200","width":350,"height":200,"srcset":"https:\/\/i0.wp.com\/kalot.com.mx\/site\/wp-content\/uploads\/2014\/09\/P_T__20140815170332.0.jpg?fit=1200%2C675&ssl=1&resize=350%2C200 1x, https:\/\/i0.wp.com\/kalot.com.mx\/site\/wp-content\/uploads\/2014\/09\/P_T__20140815170332.0.jpg?fit=1200%2C675&ssl=1&resize=525%2C300 1.5x, https:\/\/i0.wp.com\/kalot.com.mx\/site\/wp-content\/uploads\/2014\/09\/P_T__20140815170332.0.jpg?fit=1200%2C675&ssl=1&resize=700%2C400 2x, https:\/\/i0.wp.com\/kalot.com.mx\/site\/wp-content\/uploads\/2014\/09\/P_T__20140815170332.0.jpg?fit=1200%2C675&ssl=1&resize=1050%2C600 3x"},"classes":[]},{"id":22256,"url":"https:\/\/kalot.com.mx\/site\/2015\/07\/14\/por-que-es-bueno-llorar\/","url_meta":{"origin":5670,"position":3},"title":"Por qu\u00e9 es bueno llorar","author":"Brenda A","date":"14 julio, 2015","format":false,"excerpt":"Es muy com\u00fan escuchar a los padres decir a sus hijos \"un hombre no llora\", \" una ni\u00f1a se ve fea llorando\" o \"s\u00e9 fuerte, no llores\", entonces, al crecer, nos manifestamos condicionados por lo que nos han ense\u00f1ado, que, por lo general, es reprimirnos. As\u00ed, hemos dado un significado\u2026","rel":"","context":"Entrada similar ","block_context":{"text":"Entrada similar ","link":""},"img":{"alt_text":"","src":"https:\/\/i0.wp.com\/kalot.com.mx\/site\/wp-content\/uploads\/2015\/07\/image6.jpg?fit=480%2C360&ssl=1&resize=350%2C200","width":350,"height":200},"classes":[]},{"id":23769,"url":"https:\/\/kalot.com.mx\/site\/2015\/10\/06\/ya-llego-el-mes-del-miedo-y-nos-encanta\/","url_meta":{"origin":5670,"position":4},"title":"Ya llego el mes del miedo, y nos encanta.","author":"HM_MKT007","date":"6 octubre, 2015","format":false,"excerpt":"Ya empez\u00f3 el mes que m\u00e1s aterra a la mayor\u00eda, pero estoy seguro que al igual que yo es de los m\u00e1s queridos, disfrutados, y amados de todo el a\u00f1o, y no lo ocultes, amas tanto octubre, que no lo puedes ocultar, es la verdad y lo sabes. En el\u2026","rel":"","context":"En &quot;Cine&quot;","block_context":{"text":"Cine","link":"https:\/\/kalot.com.mx\/site\/category\/cine\/"},"img":{"alt_text":"","src":"https:\/\/i0.wp.com\/kalot.com.mx\/site\/wp-content\/uploads\/2015\/10\/fantasma1.jpg?fit=543%2C325&ssl=1&resize=350%2C200","width":350,"height":200,"srcset":"https:\/\/i0.wp.com\/kalot.com.mx\/site\/wp-content\/uploads\/2015\/10\/fantasma1.jpg?fit=543%2C325&ssl=1&resize=350%2C200 1x, https:\/\/i0.wp.com\/kalot.com.mx\/site\/wp-content\/uploads\/2015\/10\/fantasma1.jpg?fit=543%2C325&ssl=1&resize=525%2C300 1.5x"},"classes":[]},{"id":517,"url":"https:\/\/kalot.com.mx\/site\/2013\/09\/04\/estimado-denver-no-te-vayas-al-recreo\/","url_meta":{"origin":5670,"position":5},"title":"Estimado D\u00ebnver, no te vayas al recreo.","author":"Dulce Mireles","date":"4 septiembre, 2013","format":false,"excerpt":"Cuando vi el siguiente tuit, sent\u00ed como si me hubieran cortado por mensaje. Comunicado oficial: D\u00ebnver ha decidido tomarse un receso, Mari y Milk seguir\u00e1n por separados sus caminos. Milk como l\u00edder del proyecto seguir\u00e1 en la \u201cindustria\u201d musical pero con nuevos proyectos, as\u00ed que nuestras \u00faltimas fechas en vivo\u2026","rel":"","context":"Con 2 comentarios","block_context":{"text":"Con 2 comentarios","link":"https:\/\/kalot.com.mx\/site\/2013\/09\/04\/estimado-denver-no-te-vayas-al-recreo\/#comments"},"img":{"alt_text":"","src":"https:\/\/i0.wp.com\/kalot.com.mx\/site\/wp-content\/uploads\/2013\/09\/denver.jpg?fit=400%2C300&ssl=1&resize=350%2C200","width":350,"height":200},"classes":[]}],"jetpack_sharing_enabled":true,"_links":{"self":[{"href":"https:\/\/kalot.com.mx\/site\/wp-json\/wp\/v2\/posts\/5670","targetHints":{"allow":["GET"]}}],"collection":[{"href":"https:\/\/kalot.com.mx\/site\/wp-json\/wp\/v2\/posts"}],"about":[{"href":"https:\/\/kalot.com.mx\/site\/wp-json\/wp\/v2\/types\/post"}],"author":[{"embeddable":true,"href":"https:\/\/kalot.com.mx\/site\/wp-json\/wp\/v2\/users\/25"}],"replies":[{"embeddable":true,"href":"https:\/\/kalot.com.mx\/site\/wp-json\/wp\/v2\/comments?post=5670"}],"version-history":[{"count":0,"href":"https:\/\/kalot.com.mx\/site\/wp-json\/wp\/v2\/posts\/5670\/revisions"}],"wp:featuredmedia":[{"embeddable":true,"href":"https:\/\/kalot.com.mx\/site\/wp-json\/wp\/v2\/media\/5677"}],"wp:attachment":[{"href":"https:\/\/kalot.com.mx\/site\/wp-json\/wp\/v2\/media?parent=5670"}],"wp:term":[{"taxonomy":"category","embeddable":true,"href":"https:\/\/kalot.com.mx\/site\/wp-json\/wp\/v2\/categories?post=5670"},{"taxonomy":"post_tag","embeddable":true,"href":"https:\/\/kalot.com.mx\/site\/wp-json\/wp\/v2\/tags?post=5670"}],"curies":[{"name":"wp","href":"https:\/\/api.w.org\/{rel}","templated":true}]}}